{"id":2744,"date":"2023-10-09T09:53:06","date_gmt":"2023-10-09T13:53:06","guid":{"rendered":"https:\/\/www.manaus.am.gov.br\/semtepi\/sem-categoria\/prefeitura-de-manaus-oferta-139-vagas-gratuitas-para-cursos-de-capacitacao-profissional\/"},"modified":"2023-10-09T10:47:12","modified_gmt":"2023-10-09T14:47:12","slug":"prefeitura-de-manaus-oferta-139-vagas-gratuitas-para-cursos-de-capacitacao-profissional","status":"publish","type":"post","link":"https:\/\/www.manaus.am.gov.br\/semtepi\/qualificacao\/prefeitura-de-manaus-oferta-139-vagas-gratuitas-para-cursos-de-capacitacao-profissional\/","title":{"rendered":"<strong>Prefeitura de Manaus oferta 139 vagas gratuitas para cursos de capacita\u00e7\u00e3o profissional<\/strong>"},"content":{"rendered":"\n<p>A Prefeitura de Manaus, por meio da Secretaria Municipal do Trabalho, Empreendedorismo e Inova\u00e7\u00e3o (Semtepi), em parceria com o Servi\u00e7o Nacional de Aprendizagem Industrial (Senai), lan\u00e7a, nesta segunda-feira, 9\/10, um novo edital com 139 vagas gratuitas para cursos de capacita\u00e7\u00e3o profissional, que fazem parte dos projetos \u201cQualificar \u00e9 o Caminho Certo para Empregar\u201d e \u201cEmpreender\u201d.&nbsp;As capacita\u00e7\u00f5es oferecidas abrangem diversas \u00e1reas, como Controladores l\u00f3gicos program\u00e1veis, Rotinas cont\u00e1beis, Manuten\u00e7\u00e3o de refrigeradores residenciais e Power Bi.<\/p>\n\n\n\n<p>\u201cO conhecimento adquirido nestes cursos n\u00e3o apenas abre portas, mas tamb\u00e9m se revela uma ferramenta poderosa para construir um futuro s\u00f3lido e pr\u00f3spero. Este \u00e9 o momento prop\u00edcio para agarrar essa oportunidade e trilhar o caminho certo em dire\u00e7\u00e3o a uma carreira de sucesso, contribuindo assim para o desenvolvimento da sociedade\u201d, destacou Radyr J\u00fanior, titular da Semtepi.<\/p>\n\n\n\n<p>Para participar, os interessados devem ler o edital na \u00edntegra e realizar a pr\u00e9-inscri\u00e7\u00e3o por meio do link (<a href=\"https:\/\/forms.gle\/1hksbsxuvDixgL696\" target=\"_blank\" rel=\"noreferrer noopener\">https:\/\/forms.gle\/1hksbsxuvDixgL696<\/a>). Vale ressaltar que a inscri\u00e7\u00e3o n\u00e3o garante automaticamente a participa\u00e7\u00e3o no curso de escolha, uma vez que haver\u00e1 um processo seletivo detalhado no edital. O resultado dos selecionados ser\u00e1 divulgado nesta ter\u00e7a-feira, 10\/10.<\/p>\n\n\n\n<p>Os cursos presenciais acontecer\u00e3o de 18\/10 a 21\/11, nos per\u00edodos vespertino (15h \u00e0s 18h) e noturno (18h \u00e0s 21h), na unidade da escola Senai Ant\u00f4nio Sim\u00f5es, localizada na avenida Rodrigo Ot\u00e1vio, n\u00ba 2394, Distrito Industrial I, zona Sul. Al\u00e9m disso, os participantes selecionados ter\u00e3o a vantagem adicional de acesso a cursos de Ensino a Dist\u00e2ncia (EAD), ampliando ainda mais suas oportunidades de aprendizado e capacita\u00e7\u00e3o.<\/p>\n\n\n\n<p><strong><a href=\"https:\/\/www.manaus.am.gov.br\/semtepi\/wp-content\/uploads\/sites\/20\/2023\/10\/EDITAL-012.2023.pdf\">Confira o novo e<\/a><a href=\"https:\/\/www.manaus.am.gov.br\/semtepi\/wp-content\/uploads\/sites\/20\/2023\/10\/EDITAL-012.2023-1.pdf\">dital dos cursos de capacita\u00e7\u00e3o profissional<\/a><\/strong><\/p>\n\n\n\n<p>&#8212; &#8212; &#8212;<\/p>\n\n\n\n<p><strong>Texto e foto <\/strong>\u2013 Divulga\u00e7\u00e3o \/ Semtepi<\/p>\n","protected":false},"excerpt":{"rendered":"","protected":false},"author":39,"featured_media":2746,"comment_status":"closed","ping_status":"closed","sticky":false,"template":"","format":"standard","meta":{"footnotes":""},"categories":[82],"tags":[642,643,644,645,622,8,646,9],"acf":[],"yoast_head":"<!-- This site is optimized with the Yoast SEO plugin v23.0 - https:\/\/yoast.com\/wordpress\/plugins\/seo\/ -->\n<title>Prefeitura de Manaus oferta 139 vagas gratuitas para cursos de capacita\u00e7\u00e3o profissional<\/title>\n<meta name=\"description\" content=\"As capacita\u00e7\u00f5es oferecidas abrangem diversas \u00e1reas, como Controladores l\u00f3gicos program\u00e1veis, Rotinas cont\u00e1beis, Manuten\u00e7\u00e3o de refrigeradores residenciais e Power Bi.\" \/>\n<meta name=\"robots\" content=\"noindex, follow\" \/>\n<meta property=\"og:locale\" content=\"pt_BR\" \/>\n<meta property=\"og:type\" content=\"article\" \/>\n<meta property=\"og:title\" content=\"Prefeitura de Manaus oferta 139 vagas gratuitas para cursos de capacita\u00e7\u00e3o profissional\" \/>\n<meta property=\"og:description\" content=\"As capacita\u00e7\u00f5es oferecidas abrangem diversas \u00e1reas, como Controladores l\u00f3gicos program\u00e1veis, Rotinas cont\u00e1beis, Manuten\u00e7\u00e3o de refrigeradores residenciais e Power Bi.\" \/>\n<meta property=\"og:url\" content=\"https:\/\/www.manaus.am.gov.br\/semtepi\/qualificacao\/prefeitura-de-manaus-oferta-139-vagas-gratuitas-para-cursos-de-capacitacao-profissional\/\" \/>\n<meta property=\"og:site_name\" content=\"SEMTEPI\" \/>\n<meta property=\"article:published_time\" content=\"2023-10-09T13:53:06+00:00\" \/>\n<meta property=\"article:modified_time\" content=\"2023-10-09T14:47:12+00:00\" \/>\n<meta property=\"og:image\" content=\"https:\/\/www.manaus.am.gov.br\/semtepi\/wp-content\/uploads\/sites\/20\/2023\/10\/Curso-Qualificacao-2.jpeg\" \/>\n\t<meta property=\"og:image:width\" content=\"1600\" \/>\n\t<meta property=\"og:image:height\" content=\"1200\" \/>\n\t<meta property=\"og:image:type\" content=\"image\/jpeg\" \/>\n<meta name=\"author\" content=\"Bruna Greco\" \/>\n<meta name=\"twitter:card\" content=\"summary_large_image\" \/>\n<meta name=\"twitter:label1\" content=\"Written by\" \/>\n\t<meta name=\"twitter:data1\" content=\"Bruna Greco\" \/>\n\t<meta name=\"twitter:label2\" content=\"Est. reading time\" \/>\n\t<meta name=\"twitter:data2\" content=\"2 minutos\" \/>\n<script type=\"application\/ld+json\" class=\"yoast-schema-graph\">{\"@context\":\"https:\/\/schema.org\",\"@graph\":[{\"@type\":\"Article\",\"@id\":\"https:\/\/www.manaus.am.gov.br\/semtepi\/qualificacao\/prefeitura-de-manaus-oferta-139-vagas-gratuitas-para-cursos-de-capacitacao-profissional\/#article\",\"isPartOf\":{\"@id\":\"https:\/\/www.manaus.am.gov.br\/semtepi\/qualificacao\/prefeitura-de-manaus-oferta-139-vagas-gratuitas-para-cursos-de-capacitacao-profissional\/\"},\"author\":{\"name\":\"Bruna Greco\",\"@id\":\"https:\/\/www.manaus.am.gov.br\/semtepi\/#\/schema\/person\/05d223aea2bf115f9883a6ff3683d81b\"},\"headline\":\"Prefeitura de Manaus oferta 139 vagas gratuitas para cursos de capacita\u00e7\u00e3o profissional\",\"datePublished\":\"2023-10-09T13:53:06+00:00\",\"dateModified\":\"2023-10-09T14:47:12+00:00\",\"mainEntityOfPage\":{\"@id\":\"https:\/\/www.manaus.am.gov.br\/semtepi\/qualificacao\/prefeitura-de-manaus-oferta-139-vagas-gratuitas-para-cursos-de-capacitacao-profissional\/\"},\"wordCount\":307,\"publisher\":{\"@id\":\"https:\/\/www.manaus.am.gov.br\/semtepi\/#organization\"},\"image\":{\"@id\":\"https:\/\/www.manaus.am.gov.br\/semtepi\/qualificacao\/prefeitura-de-manaus-oferta-139-vagas-gratuitas-para-cursos-de-capacitacao-profissional\/#primaryimage\"},\"thumbnailUrl\":\"https:\/\/www.manaus.am.gov.br\/semtepi\/wp-content\/uploads\/sites\/20\/2023\/10\/Curso-Qualificacao-2.jpeg\",\"keywords\":[\"139 vagas gratuitas\",\"cursos de capacita\u00e7\u00e3o profissional\",\"de 18\/10 a 21\/11\",\"gest\u00e3o do prefeito David Almeida\",\"novo edital\",\"prefeitura de manaus\",\"projetos \u201cQualificar \u00e9 o Caminho Certo para Empregar\u201d e \u201cEmpreender\u201d\",\"Semtepi\"],\"articleSection\":[\"Qualifica\u00e7\u00e3o\"],\"inLanguage\":\"pt-BR\"},{\"@type\":\"WebPage\",\"@id\":\"https:\/\/www.manaus.am.gov.br\/semtepi\/qualificacao\/prefeitura-de-manaus-oferta-139-vagas-gratuitas-para-cursos-de-capacitacao-profissional\/\",\"url\":\"https:\/\/www.manaus.am.gov.br\/semtepi\/qualificacao\/prefeitura-de-manaus-oferta-139-vagas-gratuitas-para-cursos-de-capacitacao-profissional\/\",\"name\":\"Prefeitura de Manaus oferta 139 vagas gratuitas para cursos de capacita\u00e7\u00e3o profissional\",\"isPartOf\":{\"@id\":\"https:\/\/www.manaus.am.gov.br\/semtepi\/#website\"},\"primaryImageOfPage\":{\"@id\":\"https:\/\/www.manaus.am.gov.br\/semtepi\/qualificacao\/prefeitura-de-manaus-oferta-139-vagas-gratuitas-para-cursos-de-capacitacao-profissional\/#primaryimage\"},\"image\":{\"@id\":\"https:\/\/www.manaus.am.gov.br\/semtepi\/qualificacao\/prefeitura-de-manaus-oferta-139-vagas-gratuitas-para-cursos-de-capacitacao-profissional\/#primaryimage\"},\"thumbnailUrl\":\"https:\/\/www.manaus.am.gov.br\/semtepi\/wp-content\/uploads\/sites\/20\/2023\/10\/Curso-Qualificacao-2.jpeg\",\"datePublished\":\"2023-10-09T13:53:06+00:00\",\"dateModified\":\"2023-10-09T14:47:12+00:00\",\"description\":\"As capacita\u00e7\u00f5es oferecidas abrangem diversas \u00e1reas, como Controladores l\u00f3gicos program\u00e1veis, Rotinas cont\u00e1beis, Manuten\u00e7\u00e3o de refrigeradores residenciais e Power Bi.\",\"breadcrumb\":{\"@id\":\"https:\/\/www.manaus.am.gov.br\/semtepi\/qualificacao\/prefeitura-de-manaus-oferta-139-vagas-gratuitas-para-cursos-de-capacitacao-profissional\/#breadcrumb\"},\"inLanguage\":\"pt-BR\",\"potentialAction\":[{\"@type\":\"ReadAction\",\"target\":[\"https:\/\/www.manaus.am.gov.br\/semtepi\/qualificacao\/prefeitura-de-manaus-oferta-139-vagas-gratuitas-para-cursos-de-capacitacao-profissional\/\"]}]},{\"@type\":\"ImageObject\",\"inLanguage\":\"pt-BR\",\"@id\":\"https:\/\/www.manaus.am.gov.br\/semtepi\/qualificacao\/prefeitura-de-manaus-oferta-139-vagas-gratuitas-para-cursos-de-capacitacao-profissional\/#primaryimage\",\"url\":\"https:\/\/www.manaus.am.gov.br\/semtepi\/wp-content\/uploads\/sites\/20\/2023\/10\/Curso-Qualificacao-2.jpeg\",\"contentUrl\":\"https:\/\/www.manaus.am.gov.br\/semtepi\/wp-content\/uploads\/sites\/20\/2023\/10\/Curso-Qualificacao-2.jpeg\",\"width\":1600,\"height\":1200},{\"@type\":\"BreadcrumbList\",\"@id\":\"https:\/\/www.manaus.am.gov.br\/semtepi\/qualificacao\/prefeitura-de-manaus-oferta-139-vagas-gratuitas-para-cursos-de-capacitacao-profissional\/#breadcrumb\",\"itemListElement\":[{\"@type\":\"ListItem\",\"position\":1,\"name\":\"Home\",\"item\":\"https:\/\/www.manaus.am.gov.br\/semtepi\/\"},{\"@type\":\"ListItem\",\"position\":2,\"name\":\"Prefeitura de Manaus oferta 139 vagas gratuitas para cursos de capacita\u00e7\u00e3o profissional\"}]},{\"@type\":\"WebSite\",\"@id\":\"https:\/\/www.manaus.am.gov.br\/semtepi\/#website\",\"url\":\"https:\/\/www.manaus.am.gov.br\/semtepi\/\",\"name\":\"SEMTEPI\",\"description\":\"Prefeitura de Manaus\",\"publisher\":{\"@id\":\"https:\/\/www.manaus.am.gov.br\/semtepi\/#organization\"},\"alternateName\":\"Secretaria Municipal do Trabalho, Empreendedorismo e Inova\u00e7\u00e3o\",\"potentialAction\":[{\"@type\":\"SearchAction\",\"target\":{\"@type\":\"EntryPoint\",\"urlTemplate\":\"https:\/\/www.manaus.am.gov.br\/semtepi\/?s={search_term_string}\"},\"query-input\":\"required name=search_term_string\"}],\"inLanguage\":\"pt-BR\"},{\"@type\":\"Organization\",\"@id\":\"https:\/\/www.manaus.am.gov.br\/semtepi\/#organization\",\"name\":\"Prefeitura Municipal de Manaus\",\"alternateName\":\"Prefeitura de Manaus\",\"url\":\"https:\/\/www.manaus.am.gov.br\/semtepi\/\",\"logo\":{\"@type\":\"ImageObject\",\"inLanguage\":\"pt-BR\",\"@id\":\"https:\/\/www.manaus.am.gov.br\/semtepi\/#\/schema\/logo\/image\/\",\"url\":\"https:\/\/www.manaus.am.gov.br\/semtepi\/wp-content\/uploads\/sites\/20\/2024\/07\/favicon.png\",\"contentUrl\":\"https:\/\/www.manaus.am.gov.br\/semtepi\/wp-content\/uploads\/sites\/20\/2024\/07\/favicon.png\",\"width\":300,\"height\":300,\"caption\":\"Prefeitura Municipal de Manaus\"},\"image\":{\"@id\":\"https:\/\/www.manaus.am.gov.br\/semtepi\/#\/schema\/logo\/image\/\"}},{\"@type\":\"Person\",\"@id\":\"https:\/\/www.manaus.am.gov.br\/semtepi\/#\/schema\/person\/05d223aea2bf115f9883a6ff3683d81b\",\"name\":\"Bruna Greco\",\"image\":{\"@type\":\"ImageObject\",\"inLanguage\":\"pt-BR\",\"@id\":\"https:\/\/www.manaus.am.gov.br\/semtepi\/#\/schema\/person\/image\/\",\"url\":\"https:\/\/secure.gravatar.com\/avatar\/9c877d1a6adc2a055330e5c09a8653ce?s=96&d=mm&r=g\",\"contentUrl\":\"https:\/\/secure.gravatar.com\/avatar\/9c877d1a6adc2a055330e5c09a8653ce?s=96&d=mm&r=g\",\"caption\":\"Bruna Greco\"}}]}<\/script>\n<!-- \/ Yoast SEO plugin. -->","yoast_head_json":{"title":"Prefeitura de Manaus oferta 139 vagas gratuitas para cursos de capacita\u00e7\u00e3o profissional","description":"As capacita\u00e7\u00f5es oferecidas abrangem diversas \u00e1reas, como Controladores l\u00f3gicos program\u00e1veis, Rotinas cont\u00e1beis, Manuten\u00e7\u00e3o de refrigeradores residenciais e Power Bi.","robots":{"index":"noindex","follow":"follow"},"og_locale":"pt_BR","og_type":"article","og_title":"Prefeitura de Manaus oferta 139 vagas gratuitas para cursos de capacita\u00e7\u00e3o profissional","og_description":"As capacita\u00e7\u00f5es oferecidas abrangem diversas \u00e1reas, como Controladores l\u00f3gicos program\u00e1veis, Rotinas cont\u00e1beis, Manuten\u00e7\u00e3o de refrigeradores residenciais e Power Bi.","og_url":"https:\/\/www.manaus.am.gov.br\/semtepi\/qualificacao\/prefeitura-de-manaus-oferta-139-vagas-gratuitas-para-cursos-de-capacitacao-profissional\/","og_site_name":"SEMTEPI","article_published_time":"2023-10-09T13:53:06+00:00","article_modified_time":"2023-10-09T14:47:12+00:00","og_image":[{"width":1600,"height":1200,"url":"https:\/\/www.manaus.am.gov.br\/semtepi\/wp-content\/uploads\/sites\/20\/2023\/10\/Curso-Qualificacao-2.jpeg","type":"image\/jpeg"}],"author":"Bruna Greco","twitter_card":"summary_large_image","twitter_misc":{"Written by":"Bruna Greco","Est. reading time":"2 minutos"},"schema":{"@context":"https:\/\/schema.org","@graph":[{"@type":"Article","@id":"https:\/\/www.manaus.am.gov.br\/semtepi\/qualificacao\/prefeitura-de-manaus-oferta-139-vagas-gratuitas-para-cursos-de-capacitacao-profissional\/#article","isPartOf":{"@id":"https:\/\/www.manaus.am.gov.br\/semtepi\/qualificacao\/prefeitura-de-manaus-oferta-139-vagas-gratuitas-para-cursos-de-capacitacao-profissional\/"},"author":{"name":"Bruna Greco","@id":"https:\/\/www.manaus.am.gov.br\/semtepi\/#\/schema\/person\/05d223aea2bf115f9883a6ff3683d81b"},"headline":"Prefeitura de Manaus oferta 139 vagas gratuitas para cursos de capacita\u00e7\u00e3o profissional","datePublished":"2023-10-09T13:53:06+00:00","dateModified":"2023-10-09T14:47:12+00:00","mainEntityOfPage":{"@id":"https:\/\/www.manaus.am.gov.br\/semtepi\/qualificacao\/prefeitura-de-manaus-oferta-139-vagas-gratuitas-para-cursos-de-capacitacao-profissional\/"},"wordCount":307,"publisher":{"@id":"https:\/\/www.manaus.am.gov.br\/semtepi\/#organization"},"image":{"@id":"https:\/\/www.manaus.am.gov.br\/semtepi\/qualificacao\/prefeitura-de-manaus-oferta-139-vagas-gratuitas-para-cursos-de-capacitacao-profissional\/#primaryimage"},"thumbnailUrl":"https:\/\/www.manaus.am.gov.br\/semtepi\/wp-content\/uploads\/sites\/20\/2023\/10\/Curso-Qualificacao-2.jpeg","keywords":["139 vagas gratuitas","cursos de capacita\u00e7\u00e3o profissional","de 18\/10 a 21\/11","gest\u00e3o do prefeito David Almeida","novo edital","prefeitura de manaus","projetos \u201cQualificar \u00e9 o Caminho Certo para Empregar\u201d e \u201cEmpreender\u201d","Semtepi"],"articleSection":["Qualifica\u00e7\u00e3o"],"inLanguage":"pt-BR"},{"@type":"WebPage","@id":"https:\/\/www.manaus.am.gov.br\/semtepi\/qualificacao\/prefeitura-de-manaus-oferta-139-vagas-gratuitas-para-cursos-de-capacitacao-profissional\/","url":"https:\/\/www.manaus.am.gov.br\/semtepi\/qualificacao\/prefeitura-de-manaus-oferta-139-vagas-gratuitas-para-cursos-de-capacitacao-profissional\/","name":"Prefeitura de Manaus oferta 139 vagas gratuitas para cursos de capacita\u00e7\u00e3o profissional","isPartOf":{"@id":"https:\/\/www.manaus.am.gov.br\/semtepi\/#website"},"primaryImageOfPage":{"@id":"https:\/\/www.manaus.am.gov.br\/semtepi\/qualificacao\/prefeitura-de-manaus-oferta-139-vagas-gratuitas-para-cursos-de-capacitacao-profissional\/#primaryimage"},"image":{"@id":"https:\/\/www.manaus.am.gov.br\/semtepi\/qualificacao\/prefeitura-de-manaus-oferta-139-vagas-gratuitas-para-cursos-de-capacitacao-profissional\/#primaryimage"},"thumbnailUrl":"https:\/\/www.manaus.am.gov.br\/semtepi\/wp-content\/uploads\/sites\/20\/2023\/10\/Curso-Qualificacao-2.jpeg","datePublished":"2023-10-09T13:53:06+00:00","dateModified":"2023-10-09T14:47:12+00:00","description":"As capacita\u00e7\u00f5es oferecidas abrangem diversas \u00e1reas, como Controladores l\u00f3gicos program\u00e1veis, Rotinas cont\u00e1beis, Manuten\u00e7\u00e3o de refrigeradores residenciais e Power Bi.","breadcrumb":{"@id":"https:\/\/www.manaus.am.gov.br\/semtepi\/qualificacao\/prefeitura-de-manaus-oferta-139-vagas-gratuitas-para-cursos-de-capacitacao-profissional\/#breadcrumb"},"inLanguage":"pt-BR","potentialAction":[{"@type":"ReadAction","target":["https:\/\/www.manaus.am.gov.br\/semtepi\/qualificacao\/prefeitura-de-manaus-oferta-139-vagas-gratuitas-para-cursos-de-capacitacao-profissional\/"]}]},{"@type":"ImageObject","inLanguage":"pt-BR","@id":"https:\/\/www.manaus.am.gov.br\/semtepi\/qualificacao\/prefeitura-de-manaus-oferta-139-vagas-gratuitas-para-cursos-de-capacitacao-profissional\/#primaryimage","url":"https:\/\/www.manaus.am.gov.br\/semtepi\/wp-content\/uploads\/sites\/20\/2023\/10\/Curso-Qualificacao-2.jpeg","contentUrl":"https:\/\/www.manaus.am.gov.br\/semtepi\/wp-content\/uploads\/sites\/20\/2023\/10\/Curso-Qualificacao-2.jpeg","width":1600,"height":1200},{"@type":"BreadcrumbList","@id":"https:\/\/www.manaus.am.gov.br\/semtepi\/qualificacao\/prefeitura-de-manaus-oferta-139-vagas-gratuitas-para-cursos-de-capacitacao-profissional\/#breadcrumb","itemListElement":[{"@type":"ListItem","position":1,"name":"Home","item":"https:\/\/www.manaus.am.gov.br\/semtepi\/"},{"@type":"ListItem","position":2,"name":"Prefeitura de Manaus oferta 139 vagas gratuitas para cursos de capacita\u00e7\u00e3o profissional"}]},{"@type":"WebSite","@id":"https:\/\/www.manaus.am.gov.br\/semtepi\/#website","url":"https:\/\/www.manaus.am.gov.br\/semtepi\/","name":"SEMTEPI","description":"Prefeitura de Manaus","publisher":{"@id":"https:\/\/www.manaus.am.gov.br\/semtepi\/#organization"},"alternateName":"Secretaria Municipal do Trabalho, Empreendedorismo e Inova\u00e7\u00e3o","potentialAction":[{"@type":"SearchAction","target":{"@type":"EntryPoint","urlTemplate":"https:\/\/www.manaus.am.gov.br\/semtepi\/?s={search_term_string}"},"query-input":"required name=search_term_string"}],"inLanguage":"pt-BR"},{"@type":"Organization","@id":"https:\/\/www.manaus.am.gov.br\/semtepi\/#organization","name":"Prefeitura Municipal de Manaus","alternateName":"Prefeitura de Manaus","url":"https:\/\/www.manaus.am.gov.br\/semtepi\/","logo":{"@type":"ImageObject","inLanguage":"pt-BR","@id":"https:\/\/www.manaus.am.gov.br\/semtepi\/#\/schema\/logo\/image\/","url":"https:\/\/www.manaus.am.gov.br\/semtepi\/wp-content\/uploads\/sites\/20\/2024\/07\/favicon.png","contentUrl":"https:\/\/www.manaus.am.gov.br\/semtepi\/wp-content\/uploads\/sites\/20\/2024\/07\/favicon.png","width":300,"height":300,"caption":"Prefeitura Municipal de Manaus"},"image":{"@id":"https:\/\/www.manaus.am.gov.br\/semtepi\/#\/schema\/logo\/image\/"}},{"@type":"Person","@id":"https:\/\/www.manaus.am.gov.br\/semtepi\/#\/schema\/person\/05d223aea2bf115f9883a6ff3683d81b","name":"Bruna Greco","image":{"@type":"ImageObject","inLanguage":"pt-BR","@id":"https:\/\/www.manaus.am.gov.br\/semtepi\/#\/schema\/person\/image\/","url":"https:\/\/secure.gravatar.com\/avatar\/9c877d1a6adc2a055330e5c09a8653ce?s=96&d=mm&r=g","contentUrl":"https:\/\/secure.gravatar.com\/avatar\/9c877d1a6adc2a055330e5c09a8653ce?s=96&d=mm&r=g","caption":"Bruna Greco"}}]}},"_links":{"self":[{"href":"https:\/\/www.manaus.am.gov.br\/semtepi\/wp-json\/wp\/v2\/posts\/2744"}],"collection":[{"href":"https:\/\/www.manaus.am.gov.br\/semtepi\/wp-json\/wp\/v2\/posts"}],"about":[{"href":"https:\/\/www.manaus.am.gov.br\/semtepi\/wp-json\/wp\/v2\/types\/post"}],"author":[{"embeddable":true,"href":"https:\/\/www.manaus.am.gov.br\/semtepi\/wp-json\/wp\/v2\/users\/39"}],"replies":[{"embeddable":true,"href":"https:\/\/www.manaus.am.gov.br\/semtepi\/wp-json\/wp\/v2\/comments?post=2744"}],"version-history":[{"count":7,"href":"https:\/\/www.manaus.am.gov.br\/semtepi\/wp-json\/wp\/v2\/posts\/2744\/revisions"}],"predecessor-version":[{"id":2754,"href":"https:\/\/www.manaus.am.gov.br\/semtepi\/wp-json\/wp\/v2\/posts\/2744\/revisions\/2754"}],"wp:featuredmedia":[{"embeddable":true,"href":"https:\/\/www.manaus.am.gov.br\/semtepi\/wp-json\/wp\/v2\/media\/2746"}],"wp:attachment":[{"href":"https:\/\/www.manaus.am.gov.br\/semtepi\/wp-json\/wp\/v2\/media?parent=2744"}],"wp:term":[{"taxonomy":"category","embeddable":true,"href":"https:\/\/www.manaus.am.gov.br\/semtepi\/wp-json\/wp\/v2\/categories?post=2744"},{"taxonomy":"post_tag","embeddable":true,"href":"https:\/\/www.manaus.am.gov.br\/semtepi\/wp-json\/wp\/v2\/tags?post=2744"}],"curies":[{"name":"wp","href":"https:\/\/api.w.org\/{rel}","templated":true}]}}