{"id":2731,"date":"2023-10-05T15:05:01","date_gmt":"2023-10-05T19:05:01","guid":{"rendered":"https:\/\/www.manaus.am.gov.br\/semtepi\/sem-categoria\/sine-manaus-oferta-340-vagas-de-emprego-nesta-sexta-feira-6-10\/"},"modified":"2023-10-05T15:05:01","modified_gmt":"2023-10-05T19:05:01","slug":"sine-manaus-oferta-340-vagas-de-emprego-nesta-sexta-feira-6-10","status":"publish","type":"post","link":"https:\/\/www.manaus.am.gov.br\/semtepi\/oportunidade\/sine-manaus-oferta-340-vagas-de-emprego-nesta-sexta-feira-6-10\/","title":{"rendered":"<strong>Sine Manaus oferta 340 vagas de emprego nesta sexta-feira, 6\/10<\/strong>"},"content":{"rendered":"\n<p>A Prefeitura de Manaus, por meio do Sine Manaus, oferta 340 vagas de emprego em v\u00e1rias \u00e1reas de atua\u00e7\u00e3o, nesta sexta-feira, 6\/10,&nbsp;das 8h \u00e0s 16h. O candidato precisa validar a Carteira Digital e Previd\u00eancia Social (CTPS) no aplicativo \u201cCarteira de Trabalho Digital\u201d ou acessar o site&nbsp;<a href=\"http:\/\/gov.br\/trabalho\" target=\"_blank\" rel=\"noreferrer noopener\">http:\/\/gov.br\/trabalho<\/a>&nbsp;e, para concorrer \u00e0s vagas, deve acessar o site&nbsp;<a href=\"http:\/\/empregabrasil.mte.gov.br\/\" target=\"_blank\" rel=\"noreferrer noopener\">http:\/\/empregabrasil.mte.gov.br<\/a>, para fazer a solicita\u00e7\u00e3o de cadastro.<\/p>\n\n\n\n<p>Para participar da pr\u00e9-sele\u00e7\u00e3o e concorrer a uma das vagas dispon\u00edveis, ou receber orienta\u00e7\u00e3o de cadastro, Carteira de Trabalho Digital e seguro-desemprego, os candidatos devem comparecer a um dos postos do Sine Manaus: na avenida Constantino Nery, n\u00ba 1.272, bairro S\u00e3o Geraldo, zona Centro-Sul; ou no shopping Phelippe Daou, na avenida Camapu\u00e3, n\u00ba 2.939, bairro Cidade de Deus, zona Leste.<\/p>\n\n\n\n<p>A Semtepi informa que o atendimento no posto do shopping Phelippe Daou foi reduzido em virtude de reforma no espa\u00e7o, e orienta os cidad\u00e3os a comparecerem, preferencialmente, ao posto da avenida Constantino Nery.<\/p>\n\n\n\n<p>Os interessados devem estar munidos do comprovante de vacina\u00e7\u00e3o (Covid-19), curr\u00edculo e documentos pessoais (RG, CPF, PIS, CTPS, comprovante de escolaridade e resid\u00eancia). N\u00e3o \u00e9 necess\u00e1rio apresentar c\u00f3pias, somente os documentos originais.<\/p>\n\n\n\n<p><strong>Vagas Novas \u2013 21<\/strong><\/p>\n\n\n\n<p><strong>1 vaga \u2013 Auxiliar Administrativo \u2013 vaga exclusiva para Pessoa com Defici\u00eancia (PcD)<\/strong><\/p>\n\n\n\n<p>Escolaridade \u2013 ensino m\u00e9dio completo;<\/p>\n\n\n\n<p>Experi\u00eancia \u2013 seis meses na Carteira de Trabalho;<\/p>\n\n\n\n<p>Atividades \u2013 garantir suporte administrativo e operacional \u00e0s demais \u00e1reas da empresa, com atendimento telef\u00f4nico, organiza\u00e7\u00e3o de arquivos, envio de documentos, gest\u00e3o de planilhas, entre outros.<\/p>\n\n\n\n<p>Dispon\u00edvel at\u00e9 6\/10\/2023 ou encerramento da vaga.<\/p>\n\n\n\n<p><strong>1 vaga \u2013 Vigia \u2013 vaga exclusiva para Pessoa com Defici\u00eancia (PcD)<\/strong><\/p>\n\n\n\n<p>Escolaridade \u2013 ensino m\u00e9dio completo;<\/p>\n\n\n\n<p>Experi\u00eancia \u2013 seis meses na Carteira de Trabalho;<\/p>\n\n\n\n<p>Requisitos obrigat\u00f3rios \u2013 ter cursos de forma\u00e7\u00e3o, como Agente de Portaria ou Vigilante atualizados;<\/p>\n\n\n\n<p>Atividades \u2013 exercer vigil\u00e2ncia nas entidades, rondando suas depend\u00eancias e observando a entrada e sa\u00edda de pessoas ou bens, para evitar roubos, atos de viol\u00eancia e outras infra\u00e7\u00f5es \u00e0 ordem e \u00e0 seguran\u00e7a.&nbsp;&nbsp;&nbsp;&nbsp;&nbsp;&nbsp;&nbsp;&nbsp;&nbsp;&nbsp;&nbsp;&nbsp;&nbsp;&nbsp;&nbsp;&nbsp;&nbsp;&nbsp;&nbsp;&nbsp;&nbsp;&nbsp;&nbsp;&nbsp;&nbsp;&nbsp;&nbsp;&nbsp;&nbsp;&nbsp;&nbsp;&nbsp;&nbsp;&nbsp;&nbsp;&nbsp;&nbsp;&nbsp;&nbsp;&nbsp;&nbsp;&nbsp;&nbsp;&nbsp;&nbsp;&nbsp;&nbsp;&nbsp;&nbsp;&nbsp;&nbsp;&nbsp;&nbsp;&nbsp;&nbsp;&nbsp;&nbsp;&nbsp;&nbsp;&nbsp;&nbsp;&nbsp;&nbsp; &nbsp;<\/p>\n\n\n\n<p>Dispon\u00edvel at\u00e9 6\/10\/2023 ou encerramento da vaga.<\/p>\n\n\n\n<p><strong>1 vaga \u2013 Auxiliar de Limpeza \u2013 vaga exclusiva para Pessoa com Defici\u00eancia (PcD)<\/strong><\/p>\n\n\n\n<p>Escolaridade &#8211; ensino fundamental completo;<\/p>\n\n\n\n<p>Experi\u00eancia \u2013 seis meses na Carteira de Trabalho;<\/p>\n\n\n\n<p>Atividades \u2013 varrer, aspirar, lavar e secar pisos, remover p\u00f3 e sujeiras de superf\u00edcies, limpar banheiros e sanit\u00e1rios, retirar o lixo e manter a organiza\u00e7\u00e3o dos ambientes.&nbsp;&nbsp;&nbsp;&nbsp;&nbsp;&nbsp;&nbsp;&nbsp;&nbsp;&nbsp;&nbsp;&nbsp;&nbsp;&nbsp;&nbsp;&nbsp;&nbsp;&nbsp;&nbsp;&nbsp;&nbsp;&nbsp;&nbsp;&nbsp;&nbsp;&nbsp;&nbsp;&nbsp;&nbsp;&nbsp;&nbsp;&nbsp;&nbsp;&nbsp;&nbsp;&nbsp;&nbsp;&nbsp;&nbsp;&nbsp;&nbsp;&nbsp;&nbsp;&nbsp;&nbsp;&nbsp;&nbsp;&nbsp;&nbsp;&nbsp;&nbsp;<\/p>\n\n\n\n<p>Dispon\u00edvel at\u00e9 6\/10\/2023 ou encerramento da vaga.<\/p>\n\n\n\n<p><strong>1 vaga \u2013 Auxiliar T\u00e9cnico Eletr\u00f4nico<\/strong><\/p>\n\n\n\n<p>Escolaridade \u2013 ensino t\u00e9cnico completo ou incompleto em eletr\u00f4nica;<\/p>\n\n\n\n<p>Experi\u00eancia \u2013 seis meses na Carteira de Trabalho;<\/p>\n\n\n\n<p>Requisitos obrigat\u00f3rios \u2013 ter cursos de NR-10 e NR-35, conhecimento em solda e el\u00e9trica b\u00e1sica; ter Carteira Nacional de Habilita\u00e7\u00e3o categoria \u201cA\u201d dentro do prazo de validade;<\/p>\n\n\n\n<p>Atividades \u2013 realizar atividades simples na \u00e1rea de Eletr\u00f4nica; dar suporte \u00e0s \u00e1reas que exigem conhecimentos b\u00e1sicos Eletr\u00f4nicos, como Eletromec\u00e2nica e Automa\u00e7\u00e3o, trabalhando sob a supervis\u00e3o de um T\u00e9cnico ou Engenheiro Eletr\u00f4nico.<\/p>\n\n\n\n<p>Dispon\u00edvel at\u00e9 6\/10\/2023 ou encerramento da vaga.<\/p>\n\n\n\n<p><strong>1 vaga \u2013 Barista<\/strong><\/p>\n\n\n\n<p>Escolaridade \u2013 ensino superior incompleto;<\/p>\n\n\n\n<p>Experi\u00eancia \u2013 seis meses na Carteira de Trabalho;<\/p>\n\n\n\n<p>Atividades \u2013 apresentar o card\u00e1pio de bebidas aos clientes; fazer recomenda\u00e7\u00f5es conforme as prefer\u00eancias dos clientes; fazer vendas de itens especiais associados; anotar pedidos.<\/p>\n\n\n\n<p>Dispon\u00edvel at\u00e9 6\/10\/2023 ou encerramento da vaga.<\/p>\n\n\n\n<p><strong>5 vagas \u2013 Repositor de Mercadorias \u2013 vagas exclusivas para Pessoas com Defici\u00eancia (PcD)<\/strong><\/p>\n\n\n\n<p>Escolaridade \u2013 ensino fundamental completo;<\/p>\n\n\n\n<p>Experi\u00eancia \u2013 n\u00e3o \u00e9 necess\u00e1rio;<\/p>\n\n\n\n<p>Atividades \u2013 conduzir clientes at\u00e9 a mercadoria desejada; fracionar, contar, pesar e embalar mercadorias; checar lista de mercadorias em promo\u00e7\u00e3o para planejamento de exposi\u00e7\u00f5es semanais; verificar a necessidade de abastecimento dos produtos promocionais na entrada da loja; realizar o abastecimento das g\u00f4ndolas e manter os produtos frenteados; verificar altera\u00e7\u00f5es de pre\u00e7o na lista de produtos di\u00e1rias e manter local de trabalho limpo e organizado.<\/p>\n\n\n\n<p>Dispon\u00edvel at\u00e9 6\/10\/2023 ou encerramento da vaga.<\/p>\n\n\n\n<p><strong>2 vagas \u2013 Mec\u00e2nico Industrial<\/strong><\/p>\n\n\n\n<p>Escolaridade \u2013 ensino m\u00e9dio completo;<\/p>\n\n\n\n<p>Experi\u00eancia \u2013 registrada na Carteira de Trabalho;<\/p>\n\n\n\n<p>Atividades \u2013 realizar manuten\u00e7\u00e3o corretiva e preventiva em sistemas hidr\u00e1ulicos e pneum\u00e1ticos, desmontando, montando, recuperando ou substituindo pe\u00e7as e m\u00e1quinas.<\/p>\n\n\n\n<p>Dispon\u00edvel at\u00e9 6\/10\/2023 ou encerramento da vaga.<\/p>\n\n\n\n<p><strong>2 vagas \u2013 Ajudante de Mec\u00e2nico Industrial<\/strong><\/p>\n\n\n\n<p>Escolaridade \u2013 ensino m\u00e9dio completo;<\/p>\n\n\n\n<p>Experi\u00eancia \u2013 registrada na Carteira de Trabalho;<\/p>\n\n\n\n<p>Atividades \u2013 auxiliar na manuten\u00e7\u00e3o corretiva e preventiva em sistemas hidr\u00e1ulicos e pneum\u00e1ticos.<\/p>\n\n\n\n<p>Dispon\u00edvel at\u00e9 6\/10\/2023 ou encerramento da vaga.<\/p>\n\n\n\n<p><strong>2 vagas \u2013 Eletricista Industrial<\/strong><\/p>\n\n\n\n<p>Escolaridade \u2013 ensino m\u00e9dio completo;<\/p>\n\n\n\n<p>Experi\u00eancia \u2013 registrada na Carteira de Trabalho;<\/p>\n\n\n\n<p>Atividades \u2013 realizar manuten\u00e7\u00e3o el\u00e9trica preventiva e corretiva em motores, m\u00e1quinas, equipamentos e instala\u00e7\u00f5es industriais, entre outras atividades correlatas.<\/p>\n\n\n\n<p>Dispon\u00edvel at\u00e9 6\/10\/2023 ou encerramento da vaga.<\/p>\n\n\n\n<p><strong>1 vaga \u2013 Estoquista<\/strong><\/p>\n\n\n\n<p>Escolaridade \u2013 ensino m\u00e9dio completo;<\/p>\n\n\n\n<p>Experi\u00eancia \u2013 registrada na Carteira de Trabalho;<\/p>\n\n\n\n<p>Requisitos obrigat\u00f3rios \u2013 ter experi\u00eancia no ramo do com\u00e9rcio;<\/p>\n\n\n\n<p>Atividades \u2013 respons\u00e1vel por fazer a gest\u00e3o do estoque, receber mercadorias e conhecer a localiza\u00e7\u00e3o de cada produto.<\/p>\n\n\n\n<p>Dispon\u00edvel at\u00e9 6\/10\/2023 ou encerramento da vaga.<\/p>\n\n\n\n<p><strong>1 vaga \u2013 Art\u00edfice de Manuten\u00e7\u00e3o<\/strong><\/p>\n\n\n\n<p>Escolaridade \u2013 ensino m\u00e9dio completo;<\/p>\n\n\n\n<p>Experi\u00eancia \u2013 seis meses na Carteira de Trabalho;<\/p>\n\n\n\n<p>Requisitos obrigat\u00f3rios \u2013 ter cursos de NR-10 ou NR-35 atualizados;<\/p>\n\n\n\n<p>Atividades \u2013 identificar instala\u00e7\u00f5es hidrossanit\u00e1rias, esgoto a v\u00e1cuo e aquecedores a g\u00e1s; executar instala\u00e7\u00f5es hidrossanit\u00e1rias e de esgoto a v\u00e1cuo em PVC, CPVC, cobre e ferro, e de bombas do sistema hidrossanit\u00e1rias e esgoto a v\u00e1cuo; montar, instalar e reparar circuitos el\u00e9tricos de baixa tens\u00e3o em geral; consertar motores de bombas; avaliar e instalar equipamentos el\u00e9tricos; realizar manuten\u00e7\u00e3o preventiva em subesta\u00e7\u00f5es de m\u00e9dia tens\u00e3o; realizar testes para identificar e localizar defeitos na instala\u00e7\u00e3o e no funcionamento dos equipamentos; realizar inspe\u00e7\u00f5es rotineiras com elabora\u00e7\u00e3o de relat\u00f3rios; realizar outras atribui\u00e7\u00f5es inerentes \u00e0 fun\u00e7\u00e3o.<\/p>\n\n\n\n<p>Dispon\u00edvel at\u00e9 6\/10\/2023 ou encerramento da vaga.<\/p>\n\n\n\n<p><strong>1 vaga \u2013 Almoxarife<\/strong><\/p>\n\n\n\n<p>Escolaridade \u2013 ensino m\u00e9dio completo;<\/p>\n\n\n\n<p>Experi\u00eancia \u2013 seis meses na Carteira de Trabalho;<\/p>\n\n\n\n<p>Atividades \u2013 recepcionar, conferir e armazenar produtos e materiais em almoxarifados, armaz\u00e9ns, silos e dep\u00f3sitos; fazer os lan\u00e7amentos da movimenta\u00e7\u00e3o de entradas e sa\u00eddas e controlar os estoques; distribuir produtos e materiais a serem expedidos; organizar o almoxarifado para facilitar a movimenta\u00e7\u00e3o dos itens armazenados.<\/p>\n\n\n\n<p>Dispon\u00edvel at\u00e9 6\/10\/2023 ou encerramento da vaga.<\/p>\n\n\n\n<p><strong>1 vaga \u2013 Atendente de Pista<\/strong><\/p>\n\n\n\n<p>Escolaridade \u2013 ensino m\u00e9dio completo;<\/p>\n\n\n\n<p>Experi\u00eancia \u2013 registrada na Carteira de Trabalho;<\/p>\n\n\n\n<p>Requisitos obrigat\u00f3rios \u2013 ter Carteira Nacional de Habilita\u00e7\u00e3o categorias \u201cB\u201d ou \u201cD\u201d dentro do prazo de validade; ter curso de ingl\u00eas avan\u00e7ado;<\/p>\n\n\n\n<p>Atividades \u2013 recepcionar clientes, tripula\u00e7\u00e3o e demais visitantes no balc\u00e3o de atendimento, hangar e aeronave, encaminhando-os para a sala vip; controlar os hor\u00e1rios de pousos e decolagens; gerir informa\u00e7\u00f5es sobre voos e passageiros; desej\u00e1vel estar cursando ensino superior.<\/p>\n\n\n\n<p>Dispon\u00edvel at\u00e9 6\/10\/2023 ou encerramento da vaga.<\/p>\n\n\n\n<p><strong>1 vaga \u2013 Auxiliar de Pista<\/strong><\/p>\n\n\n\n<p>Escolaridade \u2013 ensino m\u00e9dio completo;<\/p>\n\n\n\n<p>Experi\u00eancia \u2013 registrada na Carteira de Trabalho;<\/p>\n\n\n\n<p>Requisitos obrigat\u00f3rios \u2013 ter experi\u00eancia com manobra de equipamentos pesados e Carteira Nacional de Habilita\u00e7\u00e3o categorias \u201cD\u201d ou \u201cE\u201d dentro do prazo de validade;<\/p>\n\n\n\n<p>Atividades \u2013 realizar movimenta\u00e7\u00e3o de aeronaves em solo (reboque e pushback); receber, sinalizar e balizar aeronaves, com aux\u00edlio de raquete e lanterna; auxiliar no atendimento a passageiros e tripulantes.<\/p>\n\n\n\n<p>Dispon\u00edvel at\u00e9 6\/10\/2023 ou encerramento da vaga.<\/p>\n\n\n\n<p><strong>Vagas no Com\u00e9rcio \u2013 116<\/strong><\/p>\n\n\n\n<p><strong>40 vagas \u2013 Vendedor Interno<\/strong><\/p>\n\n\n\n<p>Escolaridade \u2013 ensino m\u00e9dio completo;<\/p>\n\n\n\n<p>Experi\u00eancia \u2013 seis meses na Carteira de Trabalho;<\/p>\n\n\n\n<p>Requisitos obrigat\u00f3rios \u2013 ter curso de Inform\u00e1tica b\u00e1sica;<\/p>\n\n\n\n<p>Atividades \u2013 respons\u00e1vel por qualificar poss\u00edveis clientes e vender produtos e servi\u00e7os.<\/p>\n\n\n\n<p>Dispon\u00edvel at\u00e9 6\/10\/2023 ou encerramento da vaga.<\/p>\n\n\n\n<p><strong>25 vagas \u2013 Repositor de Mercadorias<\/strong><\/p>\n\n\n\n<p>Escolaridade \u2013 ensino m\u00e9dio completo;<\/p>\n\n\n\n<p>Experi\u00eancia \u2013 seis meses na Carteira de Trabalho;<\/p>\n\n\n\n<p>Requisitos obrigat\u00f3rios \u2013 ter curso de Inform\u00e1tica b\u00e1sica;<\/p>\n\n\n\n<p>Atividades \u2013 organizar, repor, conservar e precifica os produtos de um estabelecimento.<\/p>\n\n\n\n<p>Dispon\u00edvel at\u00e9 6\/10\/2023 ou encerramento da vaga.<\/p>\n\n\n\n<p><strong>10 vagas \u2013 Vendedor de Com\u00e9rcio Varejista<\/strong><\/p>\n\n\n\n<p>Escolaridade \u2013 ensino m\u00e9dio completo;<\/p>\n\n\n\n<p>Experi\u00eancia \u2013 tr\u00eas meses na Carteira de Trabalho;<\/p>\n\n\n\n<p>Requisitos obrigat\u00f3rios \u2013 ter disponibilidade de hor\u00e1rio; experi\u00eancia na \u00e1rea de vendas de varejo e atacado e com atendimento ao cliente;<\/p>\n\n\n\n<p>Atividades \u2013 recepcionar clientes na entrada da loja; ajudar clientes na escolha dos produtos e informar sobre pre\u00e7os e ofertas especiais; identificar as necessidades do cliente e recomendar produtos; garantir a apresenta\u00e7\u00e3o adequada dos produtos nas prateleiras.<\/p>\n\n\n\n<p>Dispon\u00edvel at\u00e9 6\/10\/2023 ou encerramento da vaga.<\/p>\n\n\n\n<p><strong>5 vagas \u2013 Fiscal de Loja<\/strong><\/p>\n\n\n\n<p>Escolaridade \u2013 ensino m\u00e9dio completo;<\/p>\n\n\n\n<p>Experi\u00eancia \u2013 tr\u00eas meses na Carteira de Trabalho;<\/p>\n\n\n\n<p>Requisitos obrigat\u00f3rios \u2013 ter curso de Fiscal de Loja, disponibilidade de hor\u00e1rio e experi\u00eancia no com\u00e9rcio;<\/p>\n\n\n\n<p>Atividades \u2013 fiscalizar a entrada e sa\u00edda de clientes, funcion\u00e1rios e mercadorias em lojas; identificar movimentos de pessoas suspeitas. fiscalizar e cumprir as normas de seguran\u00e7a e procedimentos da loja.<\/p>\n\n\n\n<p>Dispon\u00edvel at\u00e9 6\/10\/2023 ou encerramento da vaga.<\/p>\n\n\n\n<p><strong>3 vagas \u2013 Auxiliar T\u00e9cnico de Refrigera\u00e7\u00e3o<\/strong><\/p>\n\n\n\n<p>Escolaridade \u2013 ensino t\u00e9cnico em refrigera\u00e7\u00e3o completo;<\/p>\n\n\n\n<p>Experi\u00eancia \u2013 seis meses na Carteira de Trabalho;<\/p>\n\n\n\n<p>Requisitos obrigat\u00f3rios \u2013 ter experi\u00eancia em manuten\u00e7\u00e3o em geral de ar-condicionado e bebedouros industriais;<\/p>\n\n\n\n<p>Atividades \u2013 auxiliar na instala\u00e7\u00e3o, manuten\u00e7\u00e3o preventiva e corretiva de sistemas de refrigera\u00e7\u00e3o e ventila\u00e7\u00e3o; montar tubula\u00e7\u00f5es, avaliar o dimensionamento de locais para instala\u00e7\u00e3o de equipamento e realizar testes finais nos equipamentos.<\/p>\n\n\n\n<p>Dispon\u00edvel at\u00e9 6\/10\/2023 ou encerramento da vaga.<\/p>\n\n\n\n<p><strong>5 vagas \u2013 Auxiliar de Cozinha<\/strong><\/p>\n\n\n\n<p>Escolaridade \u2013 ensino m\u00e9dio completo;<\/p>\n\n\n\n<p>Experi\u00eancia \u2013 seis meses na Carteira de Trabalho;<\/p>\n\n\n\n<p>Atividades \u2013 atuar na prepara\u00e7\u00e3o de alimentos, limpeza e conserva\u00e7\u00e3o das depend\u00eancias do restaurante, lanchonete e equipamentos; auxiliar no preparo de refei\u00e7\u00f5es, sobremesas e lanches; manter a ordem e a limpeza da cozinha, realizando a coleta e a lavagem das bandejas e talheres.<\/p>\n\n\n\n<p>Dispon\u00edvel at\u00e9 6\/10\/2023 ou encerramento da vaga.<\/p>\n\n\n\n<p><strong>1 vaga \u2013 Coordenador de Restaurante<\/strong><\/p>\n\n\n\n<p>Escolaridade \u2013 ensino m\u00e9dio completo;<\/p>\n\n\n\n<p>Experi\u00eancia \u2013 seis meses na Carteira de Trabalho;<\/p>\n\n\n\n<p>Requisitos obrigat\u00f3rios \u2013 ter disponibilidade de hor\u00e1rio;<\/p>\n\n\n\n<p>Atividades \u2013 coordenar os funcion\u00e1rios na elabora\u00e7\u00e3o de refei\u00e7\u00f5es; administrar e controlar a reposi\u00e7\u00e3o e abastecimento de alimentos; acompanhar os recursos financeiros do restaurante.<\/p>\n\n\n\n<p>Dispon\u00edvel at\u00e9 6\/10\/2023 ou encerramento da vaga.<\/p>\n\n\n\n<p><strong>20 vagas \u2013 Operador de Caixa<\/strong><\/p>\n\n\n\n<p>Escolaridade \u2013 ensino m\u00e9dio completo;<\/p>\n\n\n\n<p>Experi\u00eancia \u2013 tr\u00eas meses na Carteira de Trabalho;<\/p>\n\n\n\n<p>Requisitos obrigat\u00f3rios \u2013 ter curso de Inform\u00e1tica b\u00e1sica;<\/p>\n\n\n\n<p>Atividades \u2013 prestar atendimento ao cliente; fazer abertura e fechamento de caixa, processar e receber pagamentos e emitir notas fiscais.<\/p>\n\n\n\n<p>Dispon\u00edvel at\u00e9 6\/10\/2023 ou encerramento da vaga.<\/p>\n\n\n\n<p><strong>6 vagas \u2013 Gar\u00e7om<\/strong><\/p>\n\n\n\n<p>Escolaridade \u2013 ensino m\u00e9dio completo;<\/p>\n\n\n\n<p>Experi\u00eancia \u2013 seis meses na Carteira de Trabalho;<\/p>\n\n\n\n<p>Atividades \u2013 servir alimentos e bebidas aos clientes; recolher travessas, talheres e outros recipientes desocupados, encaminhando para lavagem e secagem; preparar a mesa de refei\u00e7\u00f5es, dispondo em ordem pratos, copos, talheres e guardanapos.<\/p>\n\n\n\n<p>Dispon\u00edvel at\u00e9 6\/10\/2023 ou encerramento da vaga.<\/p>\n\n\n\n<p><strong>1 vaga \u2013 Vendedor do Com\u00e9rcio Varejista<\/strong><\/p>\n\n\n\n<p>Escolaridade \u2013 ensino m\u00e9dio completo;<\/p>\n\n\n\n<p>Experi\u00eancia \u2013 seis meses na Carteira de Trabalho;<\/p>\n\n\n\n<p>Requisitos obrigat\u00f3rios \u2013 ter experi\u00eancia na \u00e1rea de vendas no com\u00e9rcio de motocicletas; residir pr\u00f3ximo aos bairros Cidade Nova ou Nova Cidade;<\/p>\n\n\n\n<p>Atividades \u2013 organizar a loja, auxiliar na venda de produtos e no controle de estoque, entre outras atividades correlatas.<\/p>\n\n\n\n<p>Dispon\u00edvel at\u00e9 6\/10\/2023 ou encerramento da vaga.<\/p>\n\n\n\n<p><strong>Vagas na Ind\u00fastria \u2013 151<\/strong><\/p>\n\n\n\n<p><strong>1 vaga \u2013 T\u00e9cnico em Panifica\u00e7\u00e3o Jr<\/strong><\/p>\n\n\n\n<p>Escolaridade \u2013 ensino t\u00e9cnico em panifica\u00e7\u00e3o completo;<\/p>\n\n\n\n<p>Experi\u00eancia \u2013 seis meses na Carteira de Trabalho;<\/p>\n\n\n\n<p>Atividades \u2013 realizar diariamente diversos tipos de massas de panifica\u00e7\u00e3o para a elabora\u00e7\u00e3o de produtos; verificar as condi\u00e7\u00f5es do produto, a partir de testes e par\u00e2metros de processo, registrando as informa\u00e7\u00f5es em planilhas; assistir na aplica\u00e7\u00e3o de mat\u00e9rias-primas para aprova\u00e7\u00e3o de produtos; coletar amostras de farinhas para teste.<\/p>\n\n\n\n<p>Dispon\u00edvel at\u00e9 6\/10\/2023 ou encerramento da vaga.<\/p>\n\n\n\n<p><strong>150 vagas \u2013 Auxiliar Operacional<\/strong><\/p>\n\n\n\n<p>Escolaridade \u2013 ensino m\u00e9dio completo;<\/p>\n\n\n\n<p>Experi\u00eancia \u2013 n\u00e3o \u00e9 necess\u00e1rio;<\/p>\n\n\n\n<p>Requisitos obrigat\u00f3rios \u2013 vaga direcionada a candidatos que buscam novos desafios, com atua\u00e7\u00e3o na cidade de V\u00e1rzea Grande (MT);<\/p>\n\n\n\n<p>Atividades \u2013 respons\u00e1vel por executar atividades operacionais em setores de apoio ou produ\u00e7\u00e3o de frios, visando garantir a manuten\u00e7\u00e3o, organiza\u00e7\u00e3o, limpeza ou opera\u00e7\u00e3o de atividades na unidade.<\/p>\n\n\n\n<p>Dispon\u00edvel at\u00e9 6\/10\/2023 ou encerramento da vaga.<\/p>\n\n\n\n<p><strong>Vagas em Servi\u00e7os \u2013 38<\/strong><\/p>\n\n\n\n<p><strong>5 vagas \u2013 Operador de Betoneira<\/strong><\/p>\n\n\n\n<p>Escolaridade \u2013 ensino fundamental incompleto;<\/p>\n\n\n\n<p>Experi\u00eancia \u2013 registrada na Carteira de Trabalho;<\/p>\n\n\n\n<p>Atividades \u2013 programar produ\u00e7\u00e3o e fornecimento de concreto e misturar seus agregados; preparar o ambiente, equipamentos de trabalho e insumos do concreto; descarregar e bombear o concreto.<\/p>\n\n\n\n<p>Dispon\u00edvel at\u00e9 6\/10\/2023 ou encerramento da vaga.<\/p>\n\n\n\n<p><strong>6 vagas \u2013 Motorista de \u00d4nibus Especial<\/strong><\/p>\n\n\n\n<p>Escolaridade \u2013 ensino fundamental completo;<\/p>\n\n\n\n<p>Experi\u00eancia \u2013 tr\u00eas meses na Carteira de Trabalho;<\/p>\n\n\n\n<p>Requisitos obrigat\u00f3rios \u2013 ter Carteira Nacional de Habilita\u00e7\u00e3o categoria \u201cD\u201d remunerada, curso de TCP e Dire\u00e7\u00e3o Preventiva atualizado;<\/p>\n\n\n\n<p>Atividades \u2013 transportar ve\u00edculos com cargas ou pessoas, para itiner\u00e1rios definidos, podendo ser tamb\u00e9m o respons\u00e1vel por elaborar as rotas de transporte; vaga estendida para Pessoa com Defici\u00eancia (PcD).<\/p>\n\n\n\n<p>Dispon\u00edvel at\u00e9 6\/10\/2023 ou encerramento da vaga.<\/p>\n\n\n\n<p><strong>1 vaga \u2013 T\u00e9cnico de Desenvolvimento de Software&nbsp;<\/strong><\/p>\n\n\n\n<p>Escolaridade \u2013 ensino t\u00e9cnico completo em inform\u00e1tica ou mecatr\u00f4nica;<\/p>\n\n\n\n<p>Experi\u00eancia \u2013 seis meses na Carteira de Trabalho;<\/p>\n\n\n\n<p>Atividades \u2013 atuar auxiliando no desenvolvimento, constru\u00e7\u00e3o, implanta\u00e7\u00e3o e manuten\u00e7\u00e3o de sistemas de processamento de dados, gerando logicamente as aplica\u00e7\u00f5es informatizadas, estabelecendo o fluxo e os procedimentos necess\u00e1rios para a transforma\u00e7\u00e3o dos dados de entrada no processo requerido pelo usu\u00e1rio e software utilizado, de maneira eficiente, segura e de acordo com os objetivos estabelecidos.<\/p>\n\n\n\n<p>Dispon\u00edvel at\u00e9 6\/10\/2023 ou encerramento da vaga.<\/p>\n\n\n\n<p><strong>1 vaga \u2013 Chapeiro de Lanchonete<\/strong><\/p>\n\n\n\n<p>Escolaridade \u2013 ensino m\u00e9dio completo;<\/p>\n\n\n\n<p>Experi\u00eancia \u2013 seis meses na Carteira de Trabalho;<\/p>\n\n\n\n<p>Requisitos obrigat\u00f3rios \u2013 ter disponibilidade de hor\u00e1rio;<\/p>\n\n\n\n<p>Atividades \u2013 respons\u00e1vel por operar e manusear a chapa; organizar e auxiliar nos cuidados do ambiente e chapa, entre outras atividades correlatas.<\/p>\n\n\n\n<p>Dispon\u00edvel at\u00e9 6\/10\/2023 ou encerramento da vaga.<\/p>\n\n\n\n<p><strong>1 vaga \u2013 Auxiliar de Departamento Pessoal<\/strong><\/p>\n\n\n\n<p>Escolaridade \u2013 ensino Superior cursando administra\u00e7\u00e3o ou \u00e1reas afins;<\/p>\n\n\n\n<p>Experi\u00eancia \u2013 seis meses na Carteira de Trabalho;<\/p>\n\n\n\n<p>Requisitos obrigat\u00f3rios \u2013 auxiliar no fechamento de folha, rescis\u00e3o e encargos, entre outras atividades correlatas;<\/p>\n\n\n\n<p>Atividades \u2013 auxiliar no fechamento de folha, rescis\u00e3o e encargos, entre outras atividades correlatas.<\/p>\n\n\n\n<p>Dispon\u00edvel at\u00e9 6\/10\/2023 ou encerramento da vaga.<\/p>\n\n\n\n<p><strong>1 vaga \u2013 Digitador<\/strong><\/p>\n\n\n\n<p>Escolaridade \u2013 ensino superior em marketing completo;<\/p>\n\n\n\n<p>Experi\u00eancia \u2013 seis meses na Carteira de Trabalho;<\/p>\n\n\n\n<p>Atividades \u2013 transcrever informa\u00e7\u00f5es de documentos f\u00edsicos ou digitais para um sistema computacional, garantindo precis\u00e3o e agilidade no processo.<\/p>\n\n\n\n<p>Dispon\u00edvel at\u00e9 6\/10\/2023 ou encerramento da vaga.<\/p>\n\n\n\n<p><strong>1 vaga \u2013 Motorista Carreteiro<\/strong><\/p>\n\n\n\n<p>Escolaridade \u2013 ensino m\u00e9dio completo;<\/p>\n\n\n\n<p>Experi\u00eancia \u2013 registrada na Carteira de Trabalho;<\/p>\n\n\n\n<p>Requisitos obrigat\u00f3rios \u2013 ter Carteira Nacional de Habilita\u00e7\u00e3o categoria \u201cAE\u201d dentro do prazo de validade; ter cursos de MOPP e Dire\u00e7\u00e3o Defensiva; ter no\u00e7\u00f5es b\u00e1sicas em Mec\u00e2nica;<\/p>\n\n\n\n<p>Atividades \u2013 transportar produtos acabados e mat\u00e9rias-primas para f\u00e1bricas ou centros de varejo e distribui\u00e7\u00e3o; inspecionar ve\u00edculos quanto a itens mec\u00e2nicos e problemas de seguran\u00e7a; realizar manuten\u00e7\u00e3o preventiva; planejar rotas e cumprir os hor\u00e1rios de entrega.<\/p>\n\n\n\n<p>Dispon\u00edvel at\u00e9 6\/10\/2023 ou encerramento da vaga.<\/p>\n\n\n\n<p><strong>1 vaga \u2013 Coordenador de Opera\u00e7\u00f5es<\/strong><\/p>\n\n\n\n<p>Escolaridade \u2013 ensino superior completo em gest\u00e3o de pessoas ou \u00e1reas correlatas;<\/p>\n\n\n\n<p>Experi\u00eancia \u2013 registrada na Carteira de Trabalho;<\/p>\n\n\n\n<p>Requisitos obrigat\u00f3rios \u2013 ter experi\u00eancia em gest\u00e3o de pessoas e contrato, disponibilidade para viagens e trabalho sob escala 12&#215;8;<\/p>\n\n\n\n<p>Atividades \u2013 efetuar o planejamento, controle e execu\u00e7\u00e3o dos servi\u00e7os de opera\u00e7\u00f5es; elaborar planos de a\u00e7\u00e3o para alcance de metas em indicadores de desempenho da opera\u00e7\u00e3o; supervisionar equipes e monitorar o desempenho dos colaboradores das \u00e1reas de controle da opera\u00e7\u00e3o; auxiliar a dire\u00e7\u00e3o de opera\u00e7\u00f5es na tomada de decis\u00f5es; supervisionar frotas e equipes de motoristas, cobradores e pessoal de planejamento operacional.<\/p>\n\n\n\n<p>Dispon\u00edvel at\u00e9 6\/10\/2023 ou encerramento da vaga.<\/p>\n\n\n\n<p><strong>1 vaga \u2013 Agente de Manuten\u00e7\u00e3o<\/strong><\/p>\n\n\n\n<p>Escolaridade \u2013 ensino fundamental completo;<\/p>\n\n\n\n<p>Experi\u00eancia \u2013 registrada na Carteira de Trabalho;<\/p>\n\n\n\n<p>Requisitos obrigat\u00f3rios \u2013 ter experi\u00eancia com instala\u00e7\u00f5es de c\u00e2meras em ve\u00edculos e sensor de r\u00e9, disponibilidade para viagens e trabalho sob escala 12&#215;8;<\/p>\n\n\n\n<p>Atividades \u2013 executar servi\u00e7os de manuten\u00e7\u00e3o el\u00e9trica, mec\u00e2nica, hidr\u00e1ulica, carpintaria e alvenaria, substituindo, trocando, limpando, reparando e instalando pe\u00e7as, componentes e equipamentos, entre outras atividades correlatas.<\/p>\n\n\n\n<p>Dispon\u00edvel at\u00e9 6\/10\/2023 ou encerramento da vaga.<\/p>\n\n\n\n<p><strong>1 vaga \u2013 Auxiliar de Limpeza<\/strong><\/p>\n\n\n\n<p>Escolaridade \u2013 ensino fundamental completo;<\/p>\n\n\n\n<p>Experi\u00eancia \u2013 seis meses na Carteira de Trabalho;<\/p>\n\n\n\n<p>Requisitos obrigat\u00f3rios \u2013 residir na zona Oeste de Manaus (bairros Santo Agostinho, Nova Esperan\u00e7a, Compensa, Santo Ant\u00f4nio, S\u00e3o Jorge, L\u00edrio do Vale, Gl\u00f3ria, L\u00edrio do Vale, Ponta Negra, S\u00e3o Raimundo e Gl\u00f3ria);<\/p>\n\n\n\n<p>Atividades \u2013 fazer a limpeza das depend\u00eancias da empresa; aspirar detritos, limpar ou lavar vidros e janelas, remover o lixo das lixeiras, higienizar os banheiros e repor materiais de limpeza.<\/p>\n\n\n\n<p>Dispon\u00edvel at\u00e9 6\/10\/2023 ou encerramento da vaga.<\/p>\n\n\n\n<p><strong>1 vaga \u2013 T\u00e9cnico em Seguran\u00e7a do Trabalho<\/strong><\/p>\n\n\n\n<p>Escolaridade \u2013 ensino t\u00e9cnico em seguran\u00e7a do trabalho completo;<\/p>\n\n\n\n<p>Experi\u00eancia \u2013 registrada na Carteira de Trabalho;<\/p>\n\n\n\n<p>Atividades \u2013 investigar acidentes; selecionar metodologia para investiga\u00e7\u00e3o de acidentes; analisar causas de acidentes; propor recomenda\u00e7\u00f5es t\u00e9cnicas e verificar sua efic\u00e1cia.<\/p>\n\n\n\n<p>Dispon\u00edvel at\u00e9 6\/10\/2023 ou encerramento da vaga.<\/p>\n\n\n\n<p><strong>3 vagas \u2013 Pedreiro<\/strong><\/p>\n\n\n\n<p>Escolaridade \u2013 ensino m\u00e9dio completo;<\/p>\n\n\n\n<p>Experi\u00eancia \u2013 registrada na Carteira de Trabalho;<\/p>\n\n\n\n<p>Atividades \u2013 fazer concretagem de piso, reparo em cal\u00e7ada, revestimento em cer\u00e2mica, entre outras atividades correlatas \u00e0 fun\u00e7\u00e3o.<\/p>\n\n\n\n<p>Dispon\u00edvel at\u00e9 6\/10\/2023 ou encerramento da vaga.<a><\/a><\/p>\n\n\n\n<p><strong>1 vaga \u2013 Barista<\/strong><\/p>\n\n\n\n<p>Escolaridade \u2013 ensino superior incompleto;<\/p>\n\n\n\n<p>Experi\u00eancia \u2013 seis meses na Carteira de Trabalho;<\/p>\n\n\n\n<p>Atividades \u2013 apresentar o card\u00e1pio de bebidas aos clientes; fazer recomenda\u00e7\u00f5es conforme as prefer\u00eancias dos clientes; fazer vendas de itens especiais associados; anotar pedidos.<\/p>\n\n\n\n<p>Dispon\u00edvel at\u00e9 6\/10\/2023 ou encerramento da vaga.<a><\/a><\/p>\n\n\n\n<p><strong>1 vaga \u2013 Auxiliar de Refrigera\u00e7\u00e3o<\/strong><\/p>\n\n\n\n<p>Escolaridade \u2013 ensino m\u00e9dio completo;<\/p>\n\n\n\n<p>Experi\u00eancia \u2013 tr\u00eas meses na Carteira de Trabalho;<\/p>\n\n\n\n<p>Atividades \u2013 auxiliar na instala\u00e7\u00e3o, manuten\u00e7\u00e3o preventiva e corretiva de sistemas de refrigera\u00e7\u00e3o e ventila\u00e7\u00e3o.<\/p>\n\n\n\n<p>Dispon\u00edvel at\u00e9 6\/10\/2023 ou encerramento da vaga.<\/p>\n\n\n\n<p><strong>2 vagas \u2013 Auxiliar de Topografia<\/strong><\/p>\n\n\n\n<p>Escolaridade \u2013 ensino fundamental completo;<\/p>\n\n\n\n<p>Experi\u00eancia \u2013 seis meses na Carteira de Trabalho;<\/p>\n\n\n\n<p>Atividades \u2013 realizar levantamentos e executar trabalhos topogr\u00e1ficos; efetuar o reconhecimento b\u00e1sico da \u00e1rea programada para elaborar tra\u00e7ados t\u00e9cnicos; executar trabalhos topogr\u00e1ficos relativos a balizamento, coloca\u00e7\u00e3o de estacas, refer\u00eancias de n\u00edvel e outros.<\/p>\n\n\n\n<p>Dispon\u00edvel at\u00e9 6\/10\/2023 ou encerramento da vaga.<\/p>\n\n\n\n<p><strong>1 vaga \u2013 Operador de Telemarketing Ativo<\/strong><\/p>\n\n\n\n<p>Escolaridade \u2013 ensino m\u00e9dio completo;<\/p>\n\n\n\n<p>Experi\u00eancia \u2013 seis meses na Carteira de Trabalho;<\/p>\n\n\n\n<p>Requisitos obrigat\u00f3rios \u2013 ter trabalhado em \u00e1reas de vendas e ser de telemarketing ativo;<\/p>\n\n\n\n<p>Atividades \u2013 realizar contato com clientes para vender produtos e servi\u00e7os; estabelecer um contato de relacionamento com clientes; desej\u00e1vel ter trabalhado em distribuidoras de g\u00eanero aliment\u00edcio, materiais de expediente, papelaria ou produtos de limpeza.<\/p>\n\n\n\n<p>Dispon\u00edvel at\u00e9 6\/10\/2023 ou encerramento da vaga.<\/p>\n\n\n\n<p><strong>2 vagas \u2013 Vendedor Interno<\/strong><\/p>\n\n\n\n<p>Escolaridade \u2013 ensino m\u00e9dio completo;<\/p>\n\n\n\n<p>Experi\u00eancia \u2013 seis meses na Carteira de Trabalho;<\/p>\n\n\n\n<p>Requisitos obrigat\u00f3rios \u2013 residir na zona Leste de Manaus; ter experi\u00eancia em atendimento e vendas;<\/p>\n\n\n\n<p>Atividades \u2013 realizar atendimento a clientes; negociar pre\u00e7os, prazos, condi\u00e7\u00f5es de pagamento e descontos da venda; orientar quanto \u00e0s especifica\u00e7\u00f5es dos produtos e servi\u00e7os; controlar os pedidos dos clientes, a qualidade dos produtos e o prazo de entrega estabelecido.<\/p>\n\n\n\n<p>Dispon\u00edvel at\u00e9 6\/10\/2023 ou encerramento da vaga.<\/p>\n\n\n\n<p><strong>3 vagas \u2013 Vendedor Externo<\/strong><\/p>\n\n\n\n<p>Escolaridade \u2013 ensino m\u00e9dio completo;<\/p>\n\n\n\n<p>Experi\u00eancia \u2013 seis meses na Carteira de Trabalho;<\/p>\n\n\n\n<p>Requisitos obrigat\u00f3rios \u2013 residir na zona Leste de Manaus; ter experi\u00eancia em atendimento e vendas;<\/p>\n\n\n\n<p>Atividades \u2013 realizar atendimento a clientes; negociar pre\u00e7os, prazos, condi\u00e7\u00f5es de pagamento e descontos da venda; orientar quanto \u00e0s especifica\u00e7\u00f5es dos produtos e servi\u00e7os; controlar os pedidos dos clientes, a qualidade dos produtos e o prazo de entrega estabelecido.<\/p>\n\n\n\n<p>Dispon\u00edvel at\u00e9 6\/10\/2023 ou encerramento da vaga.<\/p>\n\n\n\n<p><strong>1 vaga \u2013 Operador de Pavimentadora<\/strong><\/p>\n\n\n\n<p>Escolaridade \u2013 ensino fundamental completo;<\/p>\n\n\n\n<p>Experi\u00eancia \u2013 registrada na Carteira de Trabalho;<\/p>\n\n\n\n<p>Requisitos obrigat\u00f3rios \u2013 ter disponibilidade para trabalhar no munic\u00edpio de Eirunep\u00e9 (AM);<\/p>\n\n\n\n<p>Atividades \u2013 realizar manuten\u00e7\u00e3o b\u00e1sica de m\u00e1quinas pesadas; operar m\u00e1quinas; remover solo e material org\u00e2nico bota-fora; drenar solos e executar constru\u00e7\u00e3o de aterros.<\/p>\n\n\n\n<p>Dispon\u00edvel at\u00e9 6\/10\/2023 ou encerramento da vaga.<\/p>\n\n\n\n<p><strong>1 vaga \u2013 Agente de Portaria<\/strong><\/p>\n\n\n\n<p>Escolaridade \u2013 ensino m\u00e9dio completo;<\/p>\n\n\n\n<p>Experi\u00eancia \u2013 n\u00e3o \u00e9 necess\u00e1rio;<\/p>\n\n\n\n<p>Requisitos obrigat\u00f3rios \u2013 residir nos bairros Coroado, Aleixo ou Japiim; ter curso de Agente de Portaria atualizado;<\/p>\n\n\n\n<p>Atividades \u2013 zelar pela guarda do patrim\u00f4nio e exercer a vigil\u00e2ncia de f\u00e1bricas, armaz\u00e9ns, resid\u00eancias, estacionamentos, edif\u00edcios p\u00fablicos, privados e outros estabelecimentos, percorrendo-os sistematicamente e inspecionando suas depend\u00eancias, para evitar inc\u00eandios, roubos, entrada de pessoas estranhas e outras anormalidades; controlar fluxo de pessoas, identificando, orientando e encaminhando para os lugares desejados; escoltar pessoas e mercadorias; fazer manuten\u00e7\u00f5es simples nos locais de trabalho.<\/p>\n\n\n\n<p>Dispon\u00edvel at\u00e9 6\/10\/2023 ou encerramento da vaga.<\/p>\n\n\n\n<p><strong>2 vagas \u2013 Motorista de Caminh\u00e3o<\/strong><\/p>\n\n\n\n<p>Escolaridade \u2013 ensino m\u00e9dio completo;<\/p>\n\n\n\n<p>Experi\u00eancia \u2013 seis meses na Carteira de Trabalho;<\/p>\n\n\n\n<p>Requisitos obrigat\u00f3rios \u2013 ter Carteira Nacional de Habilita\u00e7\u00e3o \u201cD\u201d dentro do prazo de validade; residir nas proximidades ou na zona Leste de Manaus; ter curso de MOPP;<\/p>\n\n\n\n<p>Atividades \u2013 transportar, coletar e entregar cargas em geral; guinchar, destombar e remover ve\u00edculos avariados e prestar socorro mec\u00e2nico; movimentar cargas volumosas e pesadas; operar equipamentos; realizar inspe\u00e7\u00f5es e reparar ve\u00edculos; vistoriar e verificar documenta\u00e7\u00e3o de ve\u00edculos e cargas; definir rotas e assegurar a regularidade do transporte; as atividades devem ser desenvolvidas em conformidade com normas e procedimentos t\u00e9cnicos e de seguran\u00e7a.<\/p>\n\n\n\n<p>Dispon\u00edvel at\u00e9 6\/10\/2023 ou encerramento da vaga.<\/p>\n\n\n\n<p><strong>1 vaga \u2013 Designer Gr\u00e1fico<\/strong><\/p>\n\n\n\n<p>Escolaridade &#8211; ensino m\u00e9dio completo;<\/p>\n\n\n\n<p>Experi\u00eancia \u2013 n\u00e3o \u00e9 necess\u00e1rio;<\/p>\n\n\n\n<p>Requisitos obrigat\u00f3rios \u2013 ter cursos na \u00e1rea;<\/p>\n\n\n\n<p>Atividades \u2013 criar projetos de comunica\u00e7\u00e3o visual (materiais online e offline, p\u00e1ginas de internet, an\u00fancios, outdoors e panfletos); preferencialmente residir pr\u00f3ximo ao bairro Zumbi dos Palmares.<\/p>\n\n\n\n<p>Dispon\u00edvel at\u00e9 6\/10\/2023 ou encerramento da vaga.<\/p>\n\n\n\n<p><strong>Vagas Exclusivas para Pessoas com Defici\u00eancia (PcD) \u2013 14<\/strong><\/p>\n\n\n\n<p><strong>14 vagas \u2013 Repositor de Mercadorias \u2013 vagas exclusivas para Pessoas com Defici\u00eancia (PcD)<\/strong><\/p>\n\n\n\n<p>Escolaridade \u2013 ensino m\u00e9dio completo;<\/p>\n\n\n\n<p>Experi\u00eancia \u2013 n\u00e3o \u00e9 necess\u00e1rio;<\/p>\n\n\n\n<p>Atividades \u2013 organizar, repor, conservar e precificar os produtos; controlar os n\u00edveis de estoque, solicitando a compra dos materiais necess\u00e1rios.<\/p>\n\n\n\n<p>Dispon\u00edvel at\u00e9 6\/10\/2023 ou encerramento da vaga.<\/p>\n\n\n\n<p>&#8212; &#8212; &#8212;<\/p>\n\n\n\n<p><strong>Texto \u2013&nbsp;<\/strong>Divulga\u00e7\u00e3o \/ Semtepi<\/p>\n\n\n\n<p><strong>Fotos \u2013&nbsp;<\/strong>Arquivo \/ Semcom<\/p>\n\n\n\n<p><strong>Dispon\u00edveis em \u2013&nbsp;<\/strong><a href=\"https:\/\/flic.kr\/s\/aHBqjzGRm9\">https:\/\/flic.kr\/s\/aHBqjzGRm9<\/a><\/p>\n\n\n\n<p>&#8212;&#8211;<\/p>\n\n\n\n<p><\/p>\n","protected":false},"excerpt":{"rendered":"","protected":false},"author":23,"featured_media":2732,"comment_status":"closed","ping_status":"closed","sticky":false,"template":"","format":"standard","meta":{"footnotes":""},"categories":[5],"tags":[7,8,9,10],"acf":[],"yoast_head":"<!-- This site is optimized with the Yoast SEO plugin v23.0 - https:\/\/yoast.com\/wordpress\/plugins\/seo\/ -->\n<title>Sine Manaus oferta 340 vagas de emprego nesta sexta-feira, 6\/10<\/title>\n<meta name=\"description\" content=\"A Prefeitura de Manaus, por meio do Sine Manaus, oferta 340 vagas de emprego em v\u00e1rias \u00e1reas de atua\u00e7\u00e3o, nesta sexta-feira, 6\/10,\u00a0das 8h \u00e0s 16h. O candidato precisa validar a Carteira Digital e Previd\u00eancia Social (CTPS) no aplicativo \u201cCarteira de Trabalho Digital\u201d ou acessar o site\u00a0http:\/\/gov.br\/trabalho\u00a0e, para concorrer \u00e0s vagas, deve acessar o site\u00a0http:\/\/empregabrasil.mte.gov.br, para fazer a solicita\u00e7\u00e3o de cadastro.\" \/>\n<meta name=\"robots\" content=\"noindex, follow\" \/>\n<meta property=\"og:locale\" content=\"pt_BR\" \/>\n<meta property=\"og:type\" content=\"article\" \/>\n<meta property=\"og:title\" content=\"Sine Manaus oferta 340 vagas de emprego nesta sexta-feira, 6\/10\" \/>\n<meta property=\"og:description\" content=\"A Prefeitura de Manaus, por meio do Sine Manaus, oferta 340 vagas de emprego em v\u00e1rias \u00e1reas de atua\u00e7\u00e3o, nesta sexta-feira, 6\/10,\u00a0das 8h \u00e0s 16h. O candidato precisa validar a Carteira Digital e Previd\u00eancia Social (CTPS) no aplicativo \u201cCarteira de Trabalho Digital\u201d ou acessar o site\u00a0http:\/\/gov.br\/trabalho\u00a0e, para concorrer \u00e0s vagas, deve acessar o site\u00a0http:\/\/empregabrasil.mte.gov.br, para fazer a solicita\u00e7\u00e3o de cadastro.\" \/>\n<meta property=\"og:url\" content=\"https:\/\/www.manaus.am.gov.br\/semtepi\/oportunidade\/sine-manaus-oferta-340-vagas-de-emprego-nesta-sexta-feira-6-10\/\" \/>\n<meta property=\"og:site_name\" content=\"SEMTEPI\" \/>\n<meta property=\"article:published_time\" content=\"2023-10-05T19:05:01+00:00\" \/>\n<meta property=\"og:image\" content=\"https:\/\/www.manaus.am.gov.br\/semtepi\/wp-content\/uploads\/sites\/20\/2023\/10\/51956762468_6d51756b79_c.jpg\" \/>\n\t<meta property=\"og:image:width\" content=\"799\" \/>\n\t<meta property=\"og:image:height\" content=\"533\" \/>\n\t<meta property=\"og:image:type\" content=\"image\/jpeg\" \/>\n<meta name=\"author\" content=\"Adriana Costa\" \/>\n<meta name=\"twitter:card\" content=\"summary_large_image\" \/>\n<meta name=\"twitter:label1\" content=\"Written by\" \/>\n\t<meta name=\"twitter:data1\" content=\"Adriana Costa\" \/>\n\t<meta name=\"twitter:label2\" content=\"Est. reading time\" \/>\n\t<meta name=\"twitter:data2\" content=\"19 minutos\" \/>\n<script type=\"application\/ld+json\" class=\"yoast-schema-graph\">{\"@context\":\"https:\/\/schema.org\",\"@graph\":[{\"@type\":\"Article\",\"@id\":\"https:\/\/www.manaus.am.gov.br\/semtepi\/oportunidade\/sine-manaus-oferta-340-vagas-de-emprego-nesta-sexta-feira-6-10\/#article\",\"isPartOf\":{\"@id\":\"https:\/\/www.manaus.am.gov.br\/semtepi\/oportunidade\/sine-manaus-oferta-340-vagas-de-emprego-nesta-sexta-feira-6-10\/\"},\"author\":{\"name\":\"Adriana Costa\",\"@id\":\"https:\/\/www.manaus.am.gov.br\/semtepi\/#\/schema\/person\/4e49f4e267757a06ca072ec61b2b9968\"},\"headline\":\"Sine Manaus oferta 340 vagas de emprego nesta sexta-feira, 6\/10\",\"datePublished\":\"2023-10-05T19:05:01+00:00\",\"dateModified\":\"2023-10-05T19:05:01+00:00\",\"mainEntityOfPage\":{\"@id\":\"https:\/\/www.manaus.am.gov.br\/semtepi\/oportunidade\/sine-manaus-oferta-340-vagas-de-emprego-nesta-sexta-feira-6-10\/\"},\"wordCount\":3864,\"publisher\":{\"@id\":\"https:\/\/www.manaus.am.gov.br\/semtepi\/#organization\"},\"image\":{\"@id\":\"https:\/\/www.manaus.am.gov.br\/semtepi\/oportunidade\/sine-manaus-oferta-340-vagas-de-emprego-nesta-sexta-feira-6-10\/#primaryimage\"},\"thumbnailUrl\":\"https:\/\/www.manaus.am.gov.br\/semtepi\/wp-content\/uploads\/sites\/20\/2023\/10\/51956762468_6d51756b79_c.jpg\",\"keywords\":[\"oportunidade\",\"prefeitura de manaus\",\"Semtepi\",\"sine manaus\"],\"articleSection\":[\"Oportunidade\"],\"inLanguage\":\"pt-BR\"},{\"@type\":\"WebPage\",\"@id\":\"https:\/\/www.manaus.am.gov.br\/semtepi\/oportunidade\/sine-manaus-oferta-340-vagas-de-emprego-nesta-sexta-feira-6-10\/\",\"url\":\"https:\/\/www.manaus.am.gov.br\/semtepi\/oportunidade\/sine-manaus-oferta-340-vagas-de-emprego-nesta-sexta-feira-6-10\/\",\"name\":\"Sine Manaus oferta 340 vagas de emprego nesta sexta-feira, 6\/10\",\"isPartOf\":{\"@id\":\"https:\/\/www.manaus.am.gov.br\/semtepi\/#website\"},\"primaryImageOfPage\":{\"@id\":\"https:\/\/www.manaus.am.gov.br\/semtepi\/oportunidade\/sine-manaus-oferta-340-vagas-de-emprego-nesta-sexta-feira-6-10\/#primaryimage\"},\"image\":{\"@id\":\"https:\/\/www.manaus.am.gov.br\/semtepi\/oportunidade\/sine-manaus-oferta-340-vagas-de-emprego-nesta-sexta-feira-6-10\/#primaryimage\"},\"thumbnailUrl\":\"https:\/\/www.manaus.am.gov.br\/semtepi\/wp-content\/uploads\/sites\/20\/2023\/10\/51956762468_6d51756b79_c.jpg\",\"datePublished\":\"2023-10-05T19:05:01+00:00\",\"dateModified\":\"2023-10-05T19:05:01+00:00\",\"description\":\"A Prefeitura de Manaus, por meio do Sine Manaus, oferta 340 vagas de emprego em v\u00e1rias \u00e1reas de atua\u00e7\u00e3o, nesta sexta-feira, 6\/10,\u00a0das 8h \u00e0s 16h. O candidato precisa validar a Carteira Digital e Previd\u00eancia Social (CTPS) no aplicativo \u201cCarteira de Trabalho Digital\u201d ou acessar o site\u00a0http:\/\/gov.br\/trabalho\u00a0e, para concorrer \u00e0s vagas, deve acessar o site\u00a0http:\/\/empregabrasil.mte.gov.br, para fazer a solicita\u00e7\u00e3o de cadastro.\",\"breadcrumb\":{\"@id\":\"https:\/\/www.manaus.am.gov.br\/semtepi\/oportunidade\/sine-manaus-oferta-340-vagas-de-emprego-nesta-sexta-feira-6-10\/#breadcrumb\"},\"inLanguage\":\"pt-BR\",\"potentialAction\":[{\"@type\":\"ReadAction\",\"target\":[\"https:\/\/www.manaus.am.gov.br\/semtepi\/oportunidade\/sine-manaus-oferta-340-vagas-de-emprego-nesta-sexta-feira-6-10\/\"]}]},{\"@type\":\"ImageObject\",\"inLanguage\":\"pt-BR\",\"@id\":\"https:\/\/www.manaus.am.gov.br\/semtepi\/oportunidade\/sine-manaus-oferta-340-vagas-de-emprego-nesta-sexta-feira-6-10\/#primaryimage\",\"url\":\"https:\/\/www.manaus.am.gov.br\/semtepi\/wp-content\/uploads\/sites\/20\/2023\/10\/51956762468_6d51756b79_c.jpg\",\"contentUrl\":\"https:\/\/www.manaus.am.gov.br\/semtepi\/wp-content\/uploads\/sites\/20\/2023\/10\/51956762468_6d51756b79_c.jpg\",\"width\":799,\"height\":533},{\"@type\":\"BreadcrumbList\",\"@id\":\"https:\/\/www.manaus.am.gov.br\/semtepi\/oportunidade\/sine-manaus-oferta-340-vagas-de-emprego-nesta-sexta-feira-6-10\/#breadcrumb\",\"itemListElement\":[{\"@type\":\"ListItem\",\"position\":1,\"name\":\"Home\",\"item\":\"https:\/\/www.manaus.am.gov.br\/semtepi\/\"},{\"@type\":\"ListItem\",\"position\":2,\"name\":\"&lt;strong&gt;Sine Manaus oferta 340 vagas de emprego nesta sexta-feira, 6\/10&lt;\/strong&gt;\"}]},{\"@type\":\"WebSite\",\"@id\":\"https:\/\/www.manaus.am.gov.br\/semtepi\/#website\",\"url\":\"https:\/\/www.manaus.am.gov.br\/semtepi\/\",\"name\":\"SEMTEPI\",\"description\":\"Prefeitura de Manaus\",\"publisher\":{\"@id\":\"https:\/\/www.manaus.am.gov.br\/semtepi\/#organization\"},\"alternateName\":\"Secretaria Municipal do Trabalho, Empreendedorismo e Inova\u00e7\u00e3o\",\"potentialAction\":[{\"@type\":\"SearchAction\",\"target\":{\"@type\":\"EntryPoint\",\"urlTemplate\":\"https:\/\/www.manaus.am.gov.br\/semtepi\/?s={search_term_string}\"},\"query-input\":\"required name=search_term_string\"}],\"inLanguage\":\"pt-BR\"},{\"@type\":\"Organization\",\"@id\":\"https:\/\/www.manaus.am.gov.br\/semtepi\/#organization\",\"name\":\"Prefeitura Municipal de Manaus\",\"alternateName\":\"Prefeitura de Manaus\",\"url\":\"https:\/\/www.manaus.am.gov.br\/semtepi\/\",\"logo\":{\"@type\":\"ImageObject\",\"inLanguage\":\"pt-BR\",\"@id\":\"https:\/\/www.manaus.am.gov.br\/semtepi\/#\/schema\/logo\/image\/\",\"url\":\"https:\/\/www.manaus.am.gov.br\/semtepi\/wp-content\/uploads\/sites\/20\/2024\/07\/favicon.png\",\"contentUrl\":\"https:\/\/www.manaus.am.gov.br\/semtepi\/wp-content\/uploads\/sites\/20\/2024\/07\/favicon.png\",\"width\":300,\"height\":300,\"caption\":\"Prefeitura Municipal de Manaus\"},\"image\":{\"@id\":\"https:\/\/www.manaus.am.gov.br\/semtepi\/#\/schema\/logo\/image\/\"}},{\"@type\":\"Person\",\"@id\":\"https:\/\/www.manaus.am.gov.br\/semtepi\/#\/schema\/person\/4e49f4e267757a06ca072ec61b2b9968\",\"name\":\"Adriana Costa\",\"image\":{\"@type\":\"ImageObject\",\"inLanguage\":\"pt-BR\",\"@id\":\"https:\/\/www.manaus.am.gov.br\/semtepi\/#\/schema\/person\/image\/\",\"url\":\"https:\/\/secure.gravatar.com\/avatar\/576258617ef7194f718179e766d57bd4?s=96&d=mm&r=g\",\"contentUrl\":\"https:\/\/secure.gravatar.com\/avatar\/576258617ef7194f718179e766d57bd4?s=96&d=mm&r=g\",\"caption\":\"Adriana Costa\"}}]}<\/script>\n<!-- \/ Yoast SEO plugin. -->","yoast_head_json":{"title":"Sine Manaus oferta 340 vagas de emprego nesta sexta-feira, 6\/10","description":"A Prefeitura de Manaus, por meio do Sine Manaus, oferta 340 vagas de emprego em v\u00e1rias \u00e1reas de atua\u00e7\u00e3o, nesta sexta-feira, 6\/10,\u00a0das 8h \u00e0s 16h. O candidato precisa validar a Carteira Digital e Previd\u00eancia Social (CTPS) no aplicativo \u201cCarteira de Trabalho Digital\u201d ou acessar o site\u00a0http:\/\/gov.br\/trabalho\u00a0e, para concorrer \u00e0s vagas, deve acessar o site\u00a0http:\/\/empregabrasil.mte.gov.br, para fazer a solicita\u00e7\u00e3o de cadastro.","robots":{"index":"noindex","follow":"follow"},"og_locale":"pt_BR","og_type":"article","og_title":"Sine Manaus oferta 340 vagas de emprego nesta sexta-feira, 6\/10","og_description":"A Prefeitura de Manaus, por meio do Sine Manaus, oferta 340 vagas de emprego em v\u00e1rias \u00e1reas de atua\u00e7\u00e3o, nesta sexta-feira, 6\/10,\u00a0das 8h \u00e0s 16h. O candidato precisa validar a Carteira Digital e Previd\u00eancia Social (CTPS) no aplicativo \u201cCarteira de Trabalho Digital\u201d ou acessar o site\u00a0http:\/\/gov.br\/trabalho\u00a0e, para concorrer \u00e0s vagas, deve acessar o site\u00a0http:\/\/empregabrasil.mte.gov.br, para fazer a solicita\u00e7\u00e3o de cadastro.","og_url":"https:\/\/www.manaus.am.gov.br\/semtepi\/oportunidade\/sine-manaus-oferta-340-vagas-de-emprego-nesta-sexta-feira-6-10\/","og_site_name":"SEMTEPI","article_published_time":"2023-10-05T19:05:01+00:00","og_image":[{"width":799,"height":533,"url":"https:\/\/www.manaus.am.gov.br\/semtepi\/wp-content\/uploads\/sites\/20\/2023\/10\/51956762468_6d51756b79_c.jpg","type":"image\/jpeg"}],"author":"Adriana Costa","twitter_card":"summary_large_image","twitter_misc":{"Written by":"Adriana Costa","Est. reading time":"19 minutos"},"schema":{"@context":"https:\/\/schema.org","@graph":[{"@type":"Article","@id":"https:\/\/www.manaus.am.gov.br\/semtepi\/oportunidade\/sine-manaus-oferta-340-vagas-de-emprego-nesta-sexta-feira-6-10\/#article","isPartOf":{"@id":"https:\/\/www.manaus.am.gov.br\/semtepi\/oportunidade\/sine-manaus-oferta-340-vagas-de-emprego-nesta-sexta-feira-6-10\/"},"author":{"name":"Adriana Costa","@id":"https:\/\/www.manaus.am.gov.br\/semtepi\/#\/schema\/person\/4e49f4e267757a06ca072ec61b2b9968"},"headline":"Sine Manaus oferta 340 vagas de emprego nesta sexta-feira, 6\/10","datePublished":"2023-10-05T19:05:01+00:00","dateModified":"2023-10-05T19:05:01+00:00","mainEntityOfPage":{"@id":"https:\/\/www.manaus.am.gov.br\/semtepi\/oportunidade\/sine-manaus-oferta-340-vagas-de-emprego-nesta-sexta-feira-6-10\/"},"wordCount":3864,"publisher":{"@id":"https:\/\/www.manaus.am.gov.br\/semtepi\/#organization"},"image":{"@id":"https:\/\/www.manaus.am.gov.br\/semtepi\/oportunidade\/sine-manaus-oferta-340-vagas-de-emprego-nesta-sexta-feira-6-10\/#primaryimage"},"thumbnailUrl":"https:\/\/www.manaus.am.gov.br\/semtepi\/wp-content\/uploads\/sites\/20\/2023\/10\/51956762468_6d51756b79_c.jpg","keywords":["oportunidade","prefeitura de manaus","Semtepi","sine manaus"],"articleSection":["Oportunidade"],"inLanguage":"pt-BR"},{"@type":"WebPage","@id":"https:\/\/www.manaus.am.gov.br\/semtepi\/oportunidade\/sine-manaus-oferta-340-vagas-de-emprego-nesta-sexta-feira-6-10\/","url":"https:\/\/www.manaus.am.gov.br\/semtepi\/oportunidade\/sine-manaus-oferta-340-vagas-de-emprego-nesta-sexta-feira-6-10\/","name":"Sine Manaus oferta 340 vagas de emprego nesta sexta-feira, 6\/10","isPartOf":{"@id":"https:\/\/www.manaus.am.gov.br\/semtepi\/#website"},"primaryImageOfPage":{"@id":"https:\/\/www.manaus.am.gov.br\/semtepi\/oportunidade\/sine-manaus-oferta-340-vagas-de-emprego-nesta-sexta-feira-6-10\/#primaryimage"},"image":{"@id":"https:\/\/www.manaus.am.gov.br\/semtepi\/oportunidade\/sine-manaus-oferta-340-vagas-de-emprego-nesta-sexta-feira-6-10\/#primaryimage"},"thumbnailUrl":"https:\/\/www.manaus.am.gov.br\/semtepi\/wp-content\/uploads\/sites\/20\/2023\/10\/51956762468_6d51756b79_c.jpg","datePublished":"2023-10-05T19:05:01+00:00","dateModified":"2023-10-05T19:05:01+00:00","description":"A Prefeitura de Manaus, por meio do Sine Manaus, oferta 340 vagas de emprego em v\u00e1rias \u00e1reas de atua\u00e7\u00e3o, nesta sexta-feira, 6\/10,\u00a0das 8h \u00e0s 16h. O candidato precisa validar a Carteira Digital e Previd\u00eancia Social (CTPS) no aplicativo \u201cCarteira de Trabalho Digital\u201d ou acessar o site\u00a0http:\/\/gov.br\/trabalho\u00a0e, para concorrer \u00e0s vagas, deve acessar o site\u00a0http:\/\/empregabrasil.mte.gov.br, para fazer a solicita\u00e7\u00e3o de cadastro.","breadcrumb":{"@id":"https:\/\/www.manaus.am.gov.br\/semtepi\/oportunidade\/sine-manaus-oferta-340-vagas-de-emprego-nesta-sexta-feira-6-10\/#breadcrumb"},"inLanguage":"pt-BR","potentialAction":[{"@type":"ReadAction","target":["https:\/\/www.manaus.am.gov.br\/semtepi\/oportunidade\/sine-manaus-oferta-340-vagas-de-emprego-nesta-sexta-feira-6-10\/"]}]},{"@type":"ImageObject","inLanguage":"pt-BR","@id":"https:\/\/www.manaus.am.gov.br\/semtepi\/oportunidade\/sine-manaus-oferta-340-vagas-de-emprego-nesta-sexta-feira-6-10\/#primaryimage","url":"https:\/\/www.manaus.am.gov.br\/semtepi\/wp-content\/uploads\/sites\/20\/2023\/10\/51956762468_6d51756b79_c.jpg","contentUrl":"https:\/\/www.manaus.am.gov.br\/semtepi\/wp-content\/uploads\/sites\/20\/2023\/10\/51956762468_6d51756b79_c.jpg","width":799,"height":533},{"@type":"BreadcrumbList","@id":"https:\/\/www.manaus.am.gov.br\/semtepi\/oportunidade\/sine-manaus-oferta-340-vagas-de-emprego-nesta-sexta-feira-6-10\/#breadcrumb","itemListElement":[{"@type":"ListItem","position":1,"name":"Home","item":"https:\/\/www.manaus.am.gov.br\/semtepi\/"},{"@type":"ListItem","position":2,"name":"&lt;strong&gt;Sine Manaus oferta 340 vagas de emprego nesta sexta-feira, 6\/10&lt;\/strong&gt;"}]},{"@type":"WebSite","@id":"https:\/\/www.manaus.am.gov.br\/semtepi\/#website","url":"https:\/\/www.manaus.am.gov.br\/semtepi\/","name":"SEMTEPI","description":"Prefeitura de Manaus","publisher":{"@id":"https:\/\/www.manaus.am.gov.br\/semtepi\/#organization"},"alternateName":"Secretaria Municipal do Trabalho, Empreendedorismo e Inova\u00e7\u00e3o","potentialAction":[{"@type":"SearchAction","target":{"@type":"EntryPoint","urlTemplate":"https:\/\/www.manaus.am.gov.br\/semtepi\/?s={search_term_string}"},"query-input":"required name=search_term_string"}],"inLanguage":"pt-BR"},{"@type":"Organization","@id":"https:\/\/www.manaus.am.gov.br\/semtepi\/#organization","name":"Prefeitura Municipal de Manaus","alternateName":"Prefeitura de Manaus","url":"https:\/\/www.manaus.am.gov.br\/semtepi\/","logo":{"@type":"ImageObject","inLanguage":"pt-BR","@id":"https:\/\/www.manaus.am.gov.br\/semtepi\/#\/schema\/logo\/image\/","url":"https:\/\/www.manaus.am.gov.br\/semtepi\/wp-content\/uploads\/sites\/20\/2024\/07\/favicon.png","contentUrl":"https:\/\/www.manaus.am.gov.br\/semtepi\/wp-content\/uploads\/sites\/20\/2024\/07\/favicon.png","width":300,"height":300,"caption":"Prefeitura Municipal de Manaus"},"image":{"@id":"https:\/\/www.manaus.am.gov.br\/semtepi\/#\/schema\/logo\/image\/"}},{"@type":"Person","@id":"https:\/\/www.manaus.am.gov.br\/semtepi\/#\/schema\/person\/4e49f4e267757a06ca072ec61b2b9968","name":"Adriana Costa","image":{"@type":"ImageObject","inLanguage":"pt-BR","@id":"https:\/\/www.manaus.am.gov.br\/semtepi\/#\/schema\/person\/image\/","url":"https:\/\/secure.gravatar.com\/avatar\/576258617ef7194f718179e766d57bd4?s=96&d=mm&r=g","contentUrl":"https:\/\/secure.gravatar.com\/avatar\/576258617ef7194f718179e766d57bd4?s=96&d=mm&r=g","caption":"Adriana Costa"}}]}},"_links":{"self":[{"href":"https:\/\/www.manaus.am.gov.br\/semtepi\/wp-json\/wp\/v2\/posts\/2731"}],"collection":[{"href":"https:\/\/www.manaus.am.gov.br\/semtepi\/wp-json\/wp\/v2\/posts"}],"about":[{"href":"https:\/\/www.manaus.am.gov.br\/semtepi\/wp-json\/wp\/v2\/types\/post"}],"author":[{"embeddable":true,"href":"https:\/\/www.manaus.am.gov.br\/semtepi\/wp-json\/wp\/v2\/users\/23"}],"replies":[{"embeddable":true,"href":"https:\/\/www.manaus.am.gov.br\/semtepi\/wp-json\/wp\/v2\/comments?post=2731"}],"version-history":[{"count":0,"href":"https:\/\/www.manaus.am.gov.br\/semtepi\/wp-json\/wp\/v2\/posts\/2731\/revisions"}],"wp:featuredmedia":[{"embeddable":true,"href":"https:\/\/www.manaus.am.gov.br\/semtepi\/wp-json\/wp\/v2\/media\/2732"}],"wp:attachment":[{"href":"https:\/\/www.manaus.am.gov.br\/semtepi\/wp-json\/wp\/v2\/media?parent=2731"}],"wp:term":[{"taxonomy":"category","embeddable":true,"href":"https:\/\/www.manaus.am.gov.br\/semtepi\/wp-json\/wp\/v2\/categories?post=2731"},{"taxonomy":"post_tag","embeddable":true,"href":"https:\/\/www.manaus.am.gov.br\/semtepi\/wp-json\/wp\/v2\/tags?post=2731"}],"curies":[{"name":"wp","href":"https:\/\/api.w.org\/{rel}","templated":true}]}}