{"id":2719,"date":"2023-10-03T14:24:57","date_gmt":"2023-10-03T18:24:57","guid":{"rendered":"https:\/\/www.manaus.am.gov.br\/semtepi\/sem-categoria\/prefeitura-de-manaus-divulga-lista-de-selecionados-em-cursos-de-qualificacao-profissional-2\/"},"modified":"2023-10-03T14:24:57","modified_gmt":"2023-10-03T18:24:57","slug":"prefeitura-de-manaus-divulga-lista-de-selecionados-em-cursos-de-qualificacao-profissional-2","status":"publish","type":"post","link":"https:\/\/www.manaus.am.gov.br\/semtepi\/selecao\/prefeitura-de-manaus-divulga-lista-de-selecionados-em-cursos-de-qualificacao-profissional-2\/","title":{"rendered":"<strong>Prefeitura de Manaus divulga lista de selecionados em cursos de qualifica\u00e7\u00e3o profissional<\/strong>"},"content":{"rendered":"\n<p>A Prefeitura de Manaus, por meio da Secretaria Municipal do Trabalho, Empreendedorismo e Inova\u00e7\u00e3o (Semtepi), em parceria com o Servi\u00e7o Nacional de Aprendizagem Industrial (Senai), divulga nesta ter\u00e7a-feira, 3\/10, a lista completa de selecionados em cursos de qualifica\u00e7\u00e3o profissional, dos projetos \u201cQualificar \u00e9 o Caminho Certo para Empregar\u201d e \u201cQualificar \u00e9 o Caminho Certo para Empreender\u201d.&nbsp;Foram ofertadas 105 vagas para os cursos de Excel avan\u00e7ado, Tecnologia da Constru\u00e7\u00e3o a Seco, Manuten\u00e7\u00e3o Abrigada, Fechamento e Polariza\u00e7\u00e3o de Motor e Dimensionamento de Carga T\u00e9rmica para Refrigera\u00e7\u00e3o.<\/p>\n\n\n\n<p>\u201cOs cursos oferecidos abrangem uma variedade de \u00e1reas, demonstrando a diversidade de oportunidades que os jovens podem explorar. Por meio dessas capacita\u00e7\u00f5es, os participantes ir\u00e3o adquirir habilidades valiosas que n\u00e3o apenas os tornar\u00e3o mais competitivos no mercado de trabalho, mas tamb\u00e9m contribuir\u00e3o para o crescimento econ\u00f4mico e social da comunidade em geral\u201d, destacou o secret\u00e1rio da Semtepi, Radyr J\u00fanior.<\/p>\n\n\n\n<p>Os cursos ser\u00e3o realizados presencialmente no per\u00edodo de 5\/10 a 16\/11, nos turnos matutino (10h30 \u00e0s 13h30), vespertino (14h \u00e0s 17h) e noturno (18h \u00e0s 22h), em duas unidades da escola Senai Ant\u00f4nio Sim\u00f5es, localizadas nos bairros Crespo e Distrito Industrial I. Al\u00e9m dos cursos presenciais, os participantes selecionados ter\u00e3o a vantagem adicional de acesso a cursos de Ensino a Dist\u00e2ncia (EAD), ampliando ainda mais suas oportunidades de aprendizado e capacita\u00e7\u00e3o.<\/p>\n\n\n\n<p><strong><a href=\"https:\/\/www.manaus.am.gov.br\/semtepi\/wp-content\/uploads\/sites\/20\/2023\/10\/Selecionados-Edital-011.23.pdf\">Confira a lista de selecionados<\/a><\/strong><\/p>\n\n\n\n<p>&#8212; &#8212; &#8212;<\/p>\n\n\n\n<p><strong>Texto e foto \u2013<\/strong>\u00a0Divulga\u00e7\u00e3o \/ Semtepi<\/p>\n","protected":false},"excerpt":{"rendered":"","protected":false},"author":39,"featured_media":2721,"comment_status":"closed","ping_status":"closed","sticky":false,"template":"","format":"standard","meta":{"footnotes":""},"categories":[326],"tags":[624,625,77,8,623,9],"acf":[],"yoast_head":"<!-- This site is optimized with the Yoast SEO plugin v23.0 - https:\/\/yoast.com\/wordpress\/plugins\/seo\/ -->\n<title>Prefeitura de Manaus divulga lista de selecionados em cursos de qualifica\u00e7\u00e3o profissional<\/title>\n<meta name=\"description\" content=\"A Prefeitura de Manaus, por meio da Secretaria Municipal do Trabalho, Empreendedorismo e Inova\u00e7\u00e3o (Semtepi), em parceria com o Servi\u00e7o Nacional de Aprendizagem Industrial (Senai), divulga nesta ter\u00e7a-feira, 3\/10, a lista completa de selecionados em cursos de qualifica\u00e7\u00e3o profissional, dos projetos \u201cQualificar \u00e9 o Caminho Certo para Empregar\u201d e \u201cQualificar \u00e9 o Caminho Certo para Empreender\u201d.\" \/>\n<meta name=\"robots\" content=\"noindex, follow\" \/>\n<meta property=\"og:locale\" content=\"pt_BR\" \/>\n<meta property=\"og:type\" content=\"article\" \/>\n<meta property=\"og:title\" content=\"Prefeitura de Manaus divulga lista de selecionados em cursos de qualifica\u00e7\u00e3o profissional\" \/>\n<meta property=\"og:description\" content=\"A Prefeitura de Manaus, por meio da Secretaria Municipal do Trabalho, Empreendedorismo e Inova\u00e7\u00e3o (Semtepi), em parceria com o Servi\u00e7o Nacional de Aprendizagem Industrial (Senai), divulga nesta ter\u00e7a-feira, 3\/10, a lista completa de selecionados em cursos de qualifica\u00e7\u00e3o profissional, dos projetos \u201cQualificar \u00e9 o Caminho Certo para Empregar\u201d e \u201cQualificar \u00e9 o Caminho Certo para Empreender\u201d.\" \/>\n<meta property=\"og:url\" content=\"https:\/\/www.manaus.am.gov.br\/semtepi\/selecao\/prefeitura-de-manaus-divulga-lista-de-selecionados-em-cursos-de-qualificacao-profissional-2\/\" \/>\n<meta property=\"og:site_name\" content=\"SEMTEPI\" \/>\n<meta property=\"article:published_time\" content=\"2023-10-03T18:24:57+00:00\" \/>\n<meta property=\"og:image\" content=\"https:\/\/www.manaus.am.gov.br\/semtepi\/wp-content\/uploads\/sites\/20\/2023\/10\/Curso-Qualificacao-3.jpeg\" \/>\n\t<meta property=\"og:image:width\" content=\"1600\" \/>\n\t<meta property=\"og:image:height\" content=\"1200\" \/>\n\t<meta property=\"og:image:type\" content=\"image\/jpeg\" \/>\n<meta name=\"author\" content=\"Bruna Greco\" \/>\n<meta name=\"twitter:card\" content=\"summary_large_image\" \/>\n<meta name=\"twitter:label1\" content=\"Written by\" \/>\n\t<meta name=\"twitter:data1\" content=\"Bruna Greco\" \/>\n\t<meta name=\"twitter:label2\" content=\"Est. reading time\" \/>\n\t<meta name=\"twitter:data2\" content=\"2 minutos\" \/>\n<script type=\"application\/ld+json\" class=\"yoast-schema-graph\">{\"@context\":\"https:\/\/schema.org\",\"@graph\":[{\"@type\":\"Article\",\"@id\":\"https:\/\/www.manaus.am.gov.br\/semtepi\/selecao\/prefeitura-de-manaus-divulga-lista-de-selecionados-em-cursos-de-qualificacao-profissional-2\/#article\",\"isPartOf\":{\"@id\":\"https:\/\/www.manaus.am.gov.br\/semtepi\/selecao\/prefeitura-de-manaus-divulga-lista-de-selecionados-em-cursos-de-qualificacao-profissional-2\/\"},\"author\":{\"name\":\"Bruna Greco\",\"@id\":\"https:\/\/www.manaus.am.gov.br\/semtepi\/#\/schema\/person\/05d223aea2bf115f9883a6ff3683d81b\"},\"headline\":\"Prefeitura de Manaus divulga lista de selecionados em cursos de qualifica\u00e7\u00e3o profissional\",\"datePublished\":\"2023-10-03T18:24:57+00:00\",\"dateModified\":\"2023-10-03T18:24:57+00:00\",\"mainEntityOfPage\":{\"@id\":\"https:\/\/www.manaus.am.gov.br\/semtepi\/selecao\/prefeitura-de-manaus-divulga-lista-de-selecionados-em-cursos-de-qualificacao-profissional-2\/\"},\"wordCount\":264,\"publisher\":{\"@id\":\"https:\/\/www.manaus.am.gov.br\/semtepi\/#organization\"},\"image\":{\"@id\":\"https:\/\/www.manaus.am.gov.br\/semtepi\/selecao\/prefeitura-de-manaus-divulga-lista-de-selecionados-em-cursos-de-qualificacao-profissional-2\/#primaryimage\"},\"thumbnailUrl\":\"https:\/\/www.manaus.am.gov.br\/semtepi\/wp-content\/uploads\/sites\/20\/2023\/10\/Curso-Qualificacao-3.jpeg\",\"keywords\":[\"105 vagas para os cursos\",\"cursos de qualifica\u00e7\u00e3o profissional\",\"lista de selecionados\",\"prefeitura de manaus\",\"projetos \u201cQualificar \u00e9 o Caminho Certo para Empregar\u201d e \u201cQualificar \u00e9 o Caminho Certo para Empreender\u201d\",\"Semtepi\"],\"articleSection\":[\"Sele\u00e7\u00e3o\"],\"inLanguage\":\"pt-BR\"},{\"@type\":\"WebPage\",\"@id\":\"https:\/\/www.manaus.am.gov.br\/semtepi\/selecao\/prefeitura-de-manaus-divulga-lista-de-selecionados-em-cursos-de-qualificacao-profissional-2\/\",\"url\":\"https:\/\/www.manaus.am.gov.br\/semtepi\/selecao\/prefeitura-de-manaus-divulga-lista-de-selecionados-em-cursos-de-qualificacao-profissional-2\/\",\"name\":\"Prefeitura de Manaus divulga lista de selecionados em cursos de qualifica\u00e7\u00e3o profissional\",\"isPartOf\":{\"@id\":\"https:\/\/www.manaus.am.gov.br\/semtepi\/#website\"},\"primaryImageOfPage\":{\"@id\":\"https:\/\/www.manaus.am.gov.br\/semtepi\/selecao\/prefeitura-de-manaus-divulga-lista-de-selecionados-em-cursos-de-qualificacao-profissional-2\/#primaryimage\"},\"image\":{\"@id\":\"https:\/\/www.manaus.am.gov.br\/semtepi\/selecao\/prefeitura-de-manaus-divulga-lista-de-selecionados-em-cursos-de-qualificacao-profissional-2\/#primaryimage\"},\"thumbnailUrl\":\"https:\/\/www.manaus.am.gov.br\/semtepi\/wp-content\/uploads\/sites\/20\/2023\/10\/Curso-Qualificacao-3.jpeg\",\"datePublished\":\"2023-10-03T18:24:57+00:00\",\"dateModified\":\"2023-10-03T18:24:57+00:00\",\"description\":\"A Prefeitura de Manaus, por meio da Secretaria Municipal do Trabalho, Empreendedorismo e Inova\u00e7\u00e3o (Semtepi), em parceria com o Servi\u00e7o Nacional de Aprendizagem Industrial (Senai), divulga nesta ter\u00e7a-feira, 3\/10, a lista completa de selecionados em cursos de qualifica\u00e7\u00e3o profissional, dos projetos \u201cQualificar \u00e9 o Caminho Certo para Empregar\u201d e \u201cQualificar \u00e9 o Caminho Certo para Empreender\u201d.\",\"breadcrumb\":{\"@id\":\"https:\/\/www.manaus.am.gov.br\/semtepi\/selecao\/prefeitura-de-manaus-divulga-lista-de-selecionados-em-cursos-de-qualificacao-profissional-2\/#breadcrumb\"},\"inLanguage\":\"pt-BR\",\"potentialAction\":[{\"@type\":\"ReadAction\",\"target\":[\"https:\/\/www.manaus.am.gov.br\/semtepi\/selecao\/prefeitura-de-manaus-divulga-lista-de-selecionados-em-cursos-de-qualificacao-profissional-2\/\"]}]},{\"@type\":\"ImageObject\",\"inLanguage\":\"pt-BR\",\"@id\":\"https:\/\/www.manaus.am.gov.br\/semtepi\/selecao\/prefeitura-de-manaus-divulga-lista-de-selecionados-em-cursos-de-qualificacao-profissional-2\/#primaryimage\",\"url\":\"https:\/\/www.manaus.am.gov.br\/semtepi\/wp-content\/uploads\/sites\/20\/2023\/10\/Curso-Qualificacao-3.jpeg\",\"contentUrl\":\"https:\/\/www.manaus.am.gov.br\/semtepi\/wp-content\/uploads\/sites\/20\/2023\/10\/Curso-Qualificacao-3.jpeg\",\"width\":1600,\"height\":1200},{\"@type\":\"BreadcrumbList\",\"@id\":\"https:\/\/www.manaus.am.gov.br\/semtepi\/selecao\/prefeitura-de-manaus-divulga-lista-de-selecionados-em-cursos-de-qualificacao-profissional-2\/#breadcrumb\",\"itemListElement\":[{\"@type\":\"ListItem\",\"position\":1,\"name\":\"Home\",\"item\":\"https:\/\/www.manaus.am.gov.br\/semtepi\/\"},{\"@type\":\"ListItem\",\"position\":2,\"name\":\"Prefeitura de Manaus divulga lista de selecionados em cursos de qualifica\u00e7\u00e3o profissional\"}]},{\"@type\":\"WebSite\",\"@id\":\"https:\/\/www.manaus.am.gov.br\/semtepi\/#website\",\"url\":\"https:\/\/www.manaus.am.gov.br\/semtepi\/\",\"name\":\"SEMTEPI\",\"description\":\"Prefeitura de Manaus\",\"publisher\":{\"@id\":\"https:\/\/www.manaus.am.gov.br\/semtepi\/#organization\"},\"alternateName\":\"Secretaria Municipal do Trabalho, Empreendedorismo e Inova\u00e7\u00e3o\",\"potentialAction\":[{\"@type\":\"SearchAction\",\"target\":{\"@type\":\"EntryPoint\",\"urlTemplate\":\"https:\/\/www.manaus.am.gov.br\/semtepi\/?s={search_term_string}\"},\"query-input\":\"required name=search_term_string\"}],\"inLanguage\":\"pt-BR\"},{\"@type\":\"Organization\",\"@id\":\"https:\/\/www.manaus.am.gov.br\/semtepi\/#organization\",\"name\":\"Prefeitura Municipal de Manaus\",\"alternateName\":\"Prefeitura de Manaus\",\"url\":\"https:\/\/www.manaus.am.gov.br\/semtepi\/\",\"logo\":{\"@type\":\"ImageObject\",\"inLanguage\":\"pt-BR\",\"@id\":\"https:\/\/www.manaus.am.gov.br\/semtepi\/#\/schema\/logo\/image\/\",\"url\":\"https:\/\/www.manaus.am.gov.br\/semtepi\/wp-content\/uploads\/sites\/20\/2024\/07\/favicon.png\",\"contentUrl\":\"https:\/\/www.manaus.am.gov.br\/semtepi\/wp-content\/uploads\/sites\/20\/2024\/07\/favicon.png\",\"width\":300,\"height\":300,\"caption\":\"Prefeitura Municipal de Manaus\"},\"image\":{\"@id\":\"https:\/\/www.manaus.am.gov.br\/semtepi\/#\/schema\/logo\/image\/\"}},{\"@type\":\"Person\",\"@id\":\"https:\/\/www.manaus.am.gov.br\/semtepi\/#\/schema\/person\/05d223aea2bf115f9883a6ff3683d81b\",\"name\":\"Bruna Greco\",\"image\":{\"@type\":\"ImageObject\",\"inLanguage\":\"pt-BR\",\"@id\":\"https:\/\/www.manaus.am.gov.br\/semtepi\/#\/schema\/person\/image\/\",\"url\":\"https:\/\/secure.gravatar.com\/avatar\/9c877d1a6adc2a055330e5c09a8653ce?s=96&d=mm&r=g\",\"contentUrl\":\"https:\/\/secure.gravatar.com\/avatar\/9c877d1a6adc2a055330e5c09a8653ce?s=96&d=mm&r=g\",\"caption\":\"Bruna Greco\"}}]}<\/script>\n<!-- \/ Yoast SEO plugin. -->","yoast_head_json":{"title":"Prefeitura de Manaus divulga lista de selecionados em cursos de qualifica\u00e7\u00e3o profissional","description":"A Prefeitura de Manaus, por meio da Secretaria Municipal do Trabalho, Empreendedorismo e Inova\u00e7\u00e3o (Semtepi), em parceria com o Servi\u00e7o Nacional de Aprendizagem Industrial (Senai), divulga nesta ter\u00e7a-feira, 3\/10, a lista completa de selecionados em cursos de qualifica\u00e7\u00e3o profissional, dos projetos \u201cQualificar \u00e9 o Caminho Certo para Empregar\u201d e \u201cQualificar \u00e9 o Caminho Certo para Empreender\u201d.","robots":{"index":"noindex","follow":"follow"},"og_locale":"pt_BR","og_type":"article","og_title":"Prefeitura de Manaus divulga lista de selecionados em cursos de qualifica\u00e7\u00e3o profissional","og_description":"A Prefeitura de Manaus, por meio da Secretaria Municipal do Trabalho, Empreendedorismo e Inova\u00e7\u00e3o (Semtepi), em parceria com o Servi\u00e7o Nacional de Aprendizagem Industrial (Senai), divulga nesta ter\u00e7a-feira, 3\/10, a lista completa de selecionados em cursos de qualifica\u00e7\u00e3o profissional, dos projetos \u201cQualificar \u00e9 o Caminho Certo para Empregar\u201d e \u201cQualificar \u00e9 o Caminho Certo para Empreender\u201d.","og_url":"https:\/\/www.manaus.am.gov.br\/semtepi\/selecao\/prefeitura-de-manaus-divulga-lista-de-selecionados-em-cursos-de-qualificacao-profissional-2\/","og_site_name":"SEMTEPI","article_published_time":"2023-10-03T18:24:57+00:00","og_image":[{"width":1600,"height":1200,"url":"https:\/\/www.manaus.am.gov.br\/semtepi\/wp-content\/uploads\/sites\/20\/2023\/10\/Curso-Qualificacao-3.jpeg","type":"image\/jpeg"}],"author":"Bruna Greco","twitter_card":"summary_large_image","twitter_misc":{"Written by":"Bruna Greco","Est. reading time":"2 minutos"},"schema":{"@context":"https:\/\/schema.org","@graph":[{"@type":"Article","@id":"https:\/\/www.manaus.am.gov.br\/semtepi\/selecao\/prefeitura-de-manaus-divulga-lista-de-selecionados-em-cursos-de-qualificacao-profissional-2\/#article","isPartOf":{"@id":"https:\/\/www.manaus.am.gov.br\/semtepi\/selecao\/prefeitura-de-manaus-divulga-lista-de-selecionados-em-cursos-de-qualificacao-profissional-2\/"},"author":{"name":"Bruna Greco","@id":"https:\/\/www.manaus.am.gov.br\/semtepi\/#\/schema\/person\/05d223aea2bf115f9883a6ff3683d81b"},"headline":"Prefeitura de Manaus divulga lista de selecionados em cursos de qualifica\u00e7\u00e3o profissional","datePublished":"2023-10-03T18:24:57+00:00","dateModified":"2023-10-03T18:24:57+00:00","mainEntityOfPage":{"@id":"https:\/\/www.manaus.am.gov.br\/semtepi\/selecao\/prefeitura-de-manaus-divulga-lista-de-selecionados-em-cursos-de-qualificacao-profissional-2\/"},"wordCount":264,"publisher":{"@id":"https:\/\/www.manaus.am.gov.br\/semtepi\/#organization"},"image":{"@id":"https:\/\/www.manaus.am.gov.br\/semtepi\/selecao\/prefeitura-de-manaus-divulga-lista-de-selecionados-em-cursos-de-qualificacao-profissional-2\/#primaryimage"},"thumbnailUrl":"https:\/\/www.manaus.am.gov.br\/semtepi\/wp-content\/uploads\/sites\/20\/2023\/10\/Curso-Qualificacao-3.jpeg","keywords":["105 vagas para os cursos","cursos de qualifica\u00e7\u00e3o profissional","lista de selecionados","prefeitura de manaus","projetos \u201cQualificar \u00e9 o Caminho Certo para Empregar\u201d e \u201cQualificar \u00e9 o Caminho Certo para Empreender\u201d","Semtepi"],"articleSection":["Sele\u00e7\u00e3o"],"inLanguage":"pt-BR"},{"@type":"WebPage","@id":"https:\/\/www.manaus.am.gov.br\/semtepi\/selecao\/prefeitura-de-manaus-divulga-lista-de-selecionados-em-cursos-de-qualificacao-profissional-2\/","url":"https:\/\/www.manaus.am.gov.br\/semtepi\/selecao\/prefeitura-de-manaus-divulga-lista-de-selecionados-em-cursos-de-qualificacao-profissional-2\/","name":"Prefeitura de Manaus divulga lista de selecionados em cursos de qualifica\u00e7\u00e3o profissional","isPartOf":{"@id":"https:\/\/www.manaus.am.gov.br\/semtepi\/#website"},"primaryImageOfPage":{"@id":"https:\/\/www.manaus.am.gov.br\/semtepi\/selecao\/prefeitura-de-manaus-divulga-lista-de-selecionados-em-cursos-de-qualificacao-profissional-2\/#primaryimage"},"image":{"@id":"https:\/\/www.manaus.am.gov.br\/semtepi\/selecao\/prefeitura-de-manaus-divulga-lista-de-selecionados-em-cursos-de-qualificacao-profissional-2\/#primaryimage"},"thumbnailUrl":"https:\/\/www.manaus.am.gov.br\/semtepi\/wp-content\/uploads\/sites\/20\/2023\/10\/Curso-Qualificacao-3.jpeg","datePublished":"2023-10-03T18:24:57+00:00","dateModified":"2023-10-03T18:24:57+00:00","description":"A Prefeitura de Manaus, por meio da Secretaria Municipal do Trabalho, Empreendedorismo e Inova\u00e7\u00e3o (Semtepi), em parceria com o Servi\u00e7o Nacional de Aprendizagem Industrial (Senai), divulga nesta ter\u00e7a-feira, 3\/10, a lista completa de selecionados em cursos de qualifica\u00e7\u00e3o profissional, dos projetos \u201cQualificar \u00e9 o Caminho Certo para Empregar\u201d e \u201cQualificar \u00e9 o Caminho Certo para Empreender\u201d.","breadcrumb":{"@id":"https:\/\/www.manaus.am.gov.br\/semtepi\/selecao\/prefeitura-de-manaus-divulga-lista-de-selecionados-em-cursos-de-qualificacao-profissional-2\/#breadcrumb"},"inLanguage":"pt-BR","potentialAction":[{"@type":"ReadAction","target":["https:\/\/www.manaus.am.gov.br\/semtepi\/selecao\/prefeitura-de-manaus-divulga-lista-de-selecionados-em-cursos-de-qualificacao-profissional-2\/"]}]},{"@type":"ImageObject","inLanguage":"pt-BR","@id":"https:\/\/www.manaus.am.gov.br\/semtepi\/selecao\/prefeitura-de-manaus-divulga-lista-de-selecionados-em-cursos-de-qualificacao-profissional-2\/#primaryimage","url":"https:\/\/www.manaus.am.gov.br\/semtepi\/wp-content\/uploads\/sites\/20\/2023\/10\/Curso-Qualificacao-3.jpeg","contentUrl":"https:\/\/www.manaus.am.gov.br\/semtepi\/wp-content\/uploads\/sites\/20\/2023\/10\/Curso-Qualificacao-3.jpeg","width":1600,"height":1200},{"@type":"BreadcrumbList","@id":"https:\/\/www.manaus.am.gov.br\/semtepi\/selecao\/prefeitura-de-manaus-divulga-lista-de-selecionados-em-cursos-de-qualificacao-profissional-2\/#breadcrumb","itemListElement":[{"@type":"ListItem","position":1,"name":"Home","item":"https:\/\/www.manaus.am.gov.br\/semtepi\/"},{"@type":"ListItem","position":2,"name":"Prefeitura de Manaus divulga lista de selecionados em cursos de qualifica\u00e7\u00e3o profissional"}]},{"@type":"WebSite","@id":"https:\/\/www.manaus.am.gov.br\/semtepi\/#website","url":"https:\/\/www.manaus.am.gov.br\/semtepi\/","name":"SEMTEPI","description":"Prefeitura de Manaus","publisher":{"@id":"https:\/\/www.manaus.am.gov.br\/semtepi\/#organization"},"alternateName":"Secretaria Municipal do Trabalho, Empreendedorismo e Inova\u00e7\u00e3o","potentialAction":[{"@type":"SearchAction","target":{"@type":"EntryPoint","urlTemplate":"https:\/\/www.manaus.am.gov.br\/semtepi\/?s={search_term_string}"},"query-input":"required name=search_term_string"}],"inLanguage":"pt-BR"},{"@type":"Organization","@id":"https:\/\/www.manaus.am.gov.br\/semtepi\/#organization","name":"Prefeitura Municipal de Manaus","alternateName":"Prefeitura de Manaus","url":"https:\/\/www.manaus.am.gov.br\/semtepi\/","logo":{"@type":"ImageObject","inLanguage":"pt-BR","@id":"https:\/\/www.manaus.am.gov.br\/semtepi\/#\/schema\/logo\/image\/","url":"https:\/\/www.manaus.am.gov.br\/semtepi\/wp-content\/uploads\/sites\/20\/2024\/07\/favicon.png","contentUrl":"https:\/\/www.manaus.am.gov.br\/semtepi\/wp-content\/uploads\/sites\/20\/2024\/07\/favicon.png","width":300,"height":300,"caption":"Prefeitura Municipal de Manaus"},"image":{"@id":"https:\/\/www.manaus.am.gov.br\/semtepi\/#\/schema\/logo\/image\/"}},{"@type":"Person","@id":"https:\/\/www.manaus.am.gov.br\/semtepi\/#\/schema\/person\/05d223aea2bf115f9883a6ff3683d81b","name":"Bruna Greco","image":{"@type":"ImageObject","inLanguage":"pt-BR","@id":"https:\/\/www.manaus.am.gov.br\/semtepi\/#\/schema\/person\/image\/","url":"https:\/\/secure.gravatar.com\/avatar\/9c877d1a6adc2a055330e5c09a8653ce?s=96&d=mm&r=g","contentUrl":"https:\/\/secure.gravatar.com\/avatar\/9c877d1a6adc2a055330e5c09a8653ce?s=96&d=mm&r=g","caption":"Bruna Greco"}}]}},"_links":{"self":[{"href":"https:\/\/www.manaus.am.gov.br\/semtepi\/wp-json\/wp\/v2\/posts\/2719"}],"collection":[{"href":"https:\/\/www.manaus.am.gov.br\/semtepi\/wp-json\/wp\/v2\/posts"}],"about":[{"href":"https:\/\/www.manaus.am.gov.br\/semtepi\/wp-json\/wp\/v2\/types\/post"}],"author":[{"embeddable":true,"href":"https:\/\/www.manaus.am.gov.br\/semtepi\/wp-json\/wp\/v2\/users\/39"}],"replies":[{"embeddable":true,"href":"https:\/\/www.manaus.am.gov.br\/semtepi\/wp-json\/wp\/v2\/comments?post=2719"}],"version-history":[{"count":1,"href":"https:\/\/www.manaus.am.gov.br\/semtepi\/wp-json\/wp\/v2\/posts\/2719\/revisions"}],"predecessor-version":[{"id":2722,"href":"https:\/\/www.manaus.am.gov.br\/semtepi\/wp-json\/wp\/v2\/posts\/2719\/revisions\/2722"}],"wp:featuredmedia":[{"embeddable":true,"href":"https:\/\/www.manaus.am.gov.br\/semtepi\/wp-json\/wp\/v2\/media\/2721"}],"wp:attachment":[{"href":"https:\/\/www.manaus.am.gov.br\/semtepi\/wp-json\/wp\/v2\/media?parent=2719"}],"wp:term":[{"taxonomy":"category","embeddable":true,"href":"https:\/\/www.manaus.am.gov.br\/semtepi\/wp-json\/wp\/v2\/categories?post=2719"},{"taxonomy":"post_tag","embeddable":true,"href":"https:\/\/www.manaus.am.gov.br\/semtepi\/wp-json\/wp\/v2\/tags?post=2719"}],"curies":[{"name":"wp","href":"https:\/\/api.w.org\/{rel}","templated":true}]}}