{"id":2718,"date":"2023-10-02T15:09:10","date_gmt":"2023-10-02T19:09:10","guid":{"rendered":"https:\/\/www.manaus.am.gov.br\/semtepi\/sem-categoria\/sine-manaus-oferta-667-vagas-de-emprego-nesta-terca-feira-3-10\/"},"modified":"2023-10-02T15:09:11","modified_gmt":"2023-10-02T19:09:11","slug":"sine-manaus-oferta-667-vagas-de-emprego-nesta-terca-feira-3-10","status":"publish","type":"post","link":"https:\/\/www.manaus.am.gov.br\/semtepi\/oportunidade\/sine-manaus-oferta-667-vagas-de-emprego-nesta-terca-feira-3-10\/","title":{"rendered":"<strong>Sine Manaus oferta 667 vagas de emprego nesta ter\u00e7a-feira, 3\/10<\/strong>"},"content":{"rendered":"\n<p>A Prefeitura de Manaus, por meio do Sine Manaus, oferta 667 vagas de emprego em v\u00e1rias \u00e1reas de atua\u00e7\u00e3o, nesta ter\u00e7a-feira, 3\/10,&nbsp;de 8h \u00e0s 16h. O candidato precisa validar a Carteira Digital e Previd\u00eancia Social (CTPS), no aplicativo \u201cCarteira de Trabalho Digital\u201d, ou acessar o site&nbsp;<a href=\"http:\/\/gov.br\/trabalho\" target=\"_blank\" rel=\"noreferrer noopener\">http:\/\/gov.br\/trabalho<\/a>&nbsp;e, para concorrer \u00e0s vagas, deve acessar o site&nbsp;<a href=\"http:\/\/empregabrasil.mte.gov.br\/\" target=\"_blank\" rel=\"noreferrer noopener\">http:\/\/empregabrasil.mte.gov.br<\/a>, para fazer a solicita\u00e7\u00e3o de cadastro.<\/p>\n\n\n\n<p>Para participar da pr\u00e9-sele\u00e7\u00e3o e concorrer a uma das vagas dispon\u00edveis, ou receber orienta\u00e7\u00e3o de cadastro, Carteira de Trabalho Digital e seguro-desemprego, os candidatos devem comparecer a um dos postos do Sine Manaus: na avenida Constantino Nery, n\u00ba 1.272, bairro S\u00e3o Geraldo, zona Centro-Sul; ou no shopping Phelippe Daou, na avenida Camapu\u00e3, n\u00ba 2.939, bairro Cidade de Deus, zona Leste.<\/p>\n\n\n\n<p>A Semtepi informa que o atendimento no posto do shopping Phelippe Daou foi reduzido em virtude de reforma no espa\u00e7o, e orienta os cidad\u00e3os a comparecerem, preferencialmente, ao posto da avenida Constantino Nery.<\/p>\n\n\n\n<p>Os interessados devem estar munidos do comprovante de vacina\u00e7\u00e3o (Covid-19), curr\u00edculo e documentos pessoais (RG, CPF, PIS, CTPS, comprovante de escolaridade e resid\u00eancia). N\u00e3o \u00e9 necess\u00e1rio apresentar c\u00f3pias, somente os documentos originais.<\/p>\n\n\n\n<p><strong>Vagas Novas \u2013 39<\/strong><\/p>\n\n\n\n<p><strong>3 vagas \u2013 Lavador de Ve\u00edculos<\/strong><\/p>\n\n\n\n<p>Escolaridade \u2013 ensino m\u00e9dio completo;<\/p>\n\n\n\n<p>Experi\u00eancia \u2013 n\u00e3o \u00e9 necess\u00e1rio;<\/p>\n\n\n\n<p>Requisitos obrigat\u00f3rios \u2013 ter disponibilidade de hor\u00e1rio;<\/p>\n\n\n\n<p>Atividades \u2013 limpar e enxugar externa e internamente autom\u00f3veis; atuar com polimento e cristaliza\u00e7\u00e3o de pintura, entre outras fun\u00e7\u00f5es.<\/p>\n\n\n\n<p>Dispon\u00edvel at\u00e9 3\/10\/2023 ou encerramento da vaga.<\/p>\n\n\n\n<p><strong>10 vagas \u2013 Auxiliar de Produ\u00e7\u00e3o \u2013 vagas exclusivas para Pessoas com Defici\u00eancia (PcD)<\/strong><\/p>\n\n\n\n<p>Escolaridade \u2013 ensino m\u00e9dio completo;<\/p>\n\n\n\n<p>Experi\u00eancia \u2013 seis meses na Carteira de Trabalho;<\/p>\n\n\n\n<p>Atividades \u2013 preparar materiais para alimenta\u00e7\u00e3o de linhas de produ\u00e7\u00e3o; organizar a \u00e1rea de servi\u00e7o; abastecer linhas de produ\u00e7\u00e3o; alimentar m\u00e1quinas e separar materiais para reaproveitamento.&nbsp;&nbsp;&nbsp;&nbsp;&nbsp;&nbsp;&nbsp;&nbsp;&nbsp;&nbsp;&nbsp;&nbsp;&nbsp;&nbsp;&nbsp;&nbsp;&nbsp;&nbsp;&nbsp;&nbsp;&nbsp;&nbsp;&nbsp;&nbsp;&nbsp;&nbsp;&nbsp;&nbsp;&nbsp;&nbsp;&nbsp;&nbsp;&nbsp;&nbsp;&nbsp;&nbsp;&nbsp;&nbsp;&nbsp;&nbsp;&nbsp;&nbsp;&nbsp;&nbsp;&nbsp;&nbsp;&nbsp;&nbsp;&nbsp;&nbsp;&nbsp;&nbsp;&nbsp;&nbsp;&nbsp;&nbsp;&nbsp;&nbsp;&nbsp;&nbsp;&nbsp;&nbsp;&nbsp;&nbsp;&nbsp;&nbsp;&nbsp;&nbsp;&nbsp;<\/p>\n\n\n\n<p>Dispon\u00edvel at\u00e9 3\/10\/2023 ou encerramento da vaga.<\/p>\n\n\n\n<p><strong>3 vagas \u2013 Auxiliar de Limpeza<\/strong><\/p>\n\n\n\n<p>Escolaridade \u2013 ensino fundamental completo;<\/p>\n\n\n\n<p>Experi\u00eancia \u2013 seis meses na Carteira de Trabalho;<\/p>\n\n\n\n<p>Atividades \u2013 limpar e conservar banheiros e demais ambientes internos e externos, executando limpeza \u00famida e seca; realizar coleta de lixo comum e recicl\u00e1vel; limpar portas e janelas de vidro, paredes e teto; cuidar dos vasos de plantas internas; varrer ambientes externos, coletando folhas secas e buscando contribuir para manter o ambiente agrad\u00e1vel; limpar cozinhas, \u00e1rea de servi\u00e7o, garagens, p\u00e1tios, assoalhos, m\u00f3veis, carpetes e tapetes, abastecendo os ambientes com materiais; executar outras tarefas relacionadas \u00e0 \u00e1rea.<\/p>\n\n\n\n<p>Dispon\u00edvel at\u00e9 3\/10\/2023 ou encerramento da vaga.<\/p>\n\n\n\n<p><strong>1 vaga \u2013 Eletricista Auxiliar \u2013 vaga exclusiva para Pessoa com Defici\u00eancia (PcD)<\/strong><\/p>\n\n\n\n<p>Escolaridade \u2013 ensino m\u00e9dio completo;<\/p>\n\n\n\n<p>Experi\u00eancia \u2013 seis meses na Carteira de Trabalho;<\/p>\n\n\n\n<p>Atividades \u2013 planejar servi\u00e7os el\u00e9tricos, realizar instala\u00e7\u00e3o de distribui\u00e7\u00e3o de alta e baixa tens\u00e3o; montar e reparar instala\u00e7\u00f5es el\u00e9tricas e equipamentos auxiliares em resid\u00eancias, estabelecimentos industriais, comerciais e de servi\u00e7os; instalar e reparar equipamentos de ilumina\u00e7\u00e3o de cen\u00e1rios ou palcos.&nbsp;&nbsp;&nbsp;&nbsp;&nbsp;&nbsp;&nbsp;&nbsp;&nbsp;&nbsp;&nbsp;&nbsp;&nbsp;&nbsp;&nbsp;&nbsp;&nbsp;&nbsp;&nbsp;&nbsp;&nbsp;&nbsp;&nbsp;&nbsp;&nbsp;&nbsp;&nbsp;&nbsp;&nbsp;&nbsp;&nbsp;&nbsp;&nbsp;&nbsp;&nbsp;&nbsp;&nbsp;&nbsp;&nbsp;&nbsp;&nbsp;&nbsp;&nbsp;&nbsp;&nbsp;&nbsp;&nbsp;&nbsp;&nbsp;&nbsp;&nbsp;&nbsp;&nbsp;&nbsp;&nbsp;&nbsp;&nbsp;&nbsp;&nbsp;&nbsp;&nbsp;&nbsp;&nbsp;&nbsp;&nbsp;&nbsp;&nbsp;<\/p>\n\n\n\n<p>Dispon\u00edvel at\u00e9 3\/10\/2023 ou encerramento da vaga.<\/p>\n\n\n\n<p><strong>30 vagas \u2013 Soldador<\/strong><\/p>\n\n\n\n<p>Escolaridade \u2013 ensino fundamental completo;<\/p>\n\n\n\n<p>Experi\u00eancia \u2013 seis meses na Carteira de Trabalho;<\/p>\n\n\n\n<p>Requisitos obrigat\u00f3rios \u2013 ter experi\u00eancia com MIG, MAG e Eletrodo;<\/p>\n\n\n\n<p>Atividades \u2013 unir e cortar pe\u00e7as de ligas met\u00e1licas usando processos de soldagem e corte, tais como eletrodo revestido, TIG, MIG, MAG, oxig\u00e1s, arco submerso, brasagem e plasma; preparar equipamentos, acess\u00f3rios, consum\u00edveis de soldagem, corte e pe\u00e7as a serem soldadas; aplicar estritas normas de seguran\u00e7a, organiza\u00e7\u00e3o do local de trabalho e meio ambiente.<\/p>\n\n\n\n<p>Dispon\u00edvel at\u00e9 3\/10\/2023 ou encerramento da vaga.<\/p>\n\n\n\n<p><strong>20 vagas \u2013 Soldador (Manual)<\/strong><\/p>\n\n\n\n<p>Escolaridade \u2013 ensino fundamental completo;<\/p>\n\n\n\n<p>Experi\u00eancia \u2013 seis meses na Carteira de Trabalho;<\/p>\n\n\n\n<p>Requisitos obrigat\u00f3rios \u2013 ter experi\u00eancia com MIG, MAG e Eletrodo;<\/p>\n\n\n\n<p>Atividades \u2013 unir e cortar pe\u00e7as de ligas met\u00e1licas usando processos de soldagem e corte, tais como eletrodo revestido, TIG, MIG, MAG, oxig\u00e1s, arco submerso, brasagem e plasma; preparar equipamentos, acess\u00f3rios, consum\u00edveis de soldagem, corte e pe\u00e7as a serem soldadas; aplicar estritas normas de seguran\u00e7a, organiza\u00e7\u00e3o do local de trabalho e meio ambiente.<\/p>\n\n\n\n<p>Dispon\u00edvel at\u00e9 3\/10\/2023 ou encerramento da vaga.<\/p>\n\n\n\n<p><strong>22 vagas \u2013 Montador Naval<\/strong><\/p>\n\n\n\n<p>Escolaridade \u2013 ensino fundamental completo;<\/p>\n\n\n\n<p>Experi\u00eancia \u2013 seis meses na Carteira de Trabalho;<\/p>\n\n\n\n<p>Atividades \u2013 confeccionar gabaritos e modelos de pe\u00e7as de estruturas met\u00e1licas diversas, incluindo embarca\u00e7\u00f5es; preparar pe\u00e7as da estrutura; montar, instalar e recuperar estruturas met\u00e1licas; realizar manuten\u00e7\u00e3o produtiva de m\u00e1quinas e equipamentos; organizar o local de trabalho, conforme normas e procedimentos t\u00e9cnicos, de qualidade, seguran\u00e7a e preserva\u00e7\u00e3o do meio ambiente.<\/p>\n\n\n\n<p>Dispon\u00edvel at\u00e9 3\/10\/2023 ou encerramento da vaga.<\/p>\n\n\n\n<p><strong>2 vagas \u2013 Vendedor Interno<\/strong><\/p>\n\n\n\n<p>Escolaridade \u2013 ensino m\u00e9dio completo;<\/p>\n\n\n\n<p>Experi\u00eancia \u2013 seis meses na Carteira de Trabalho;<\/p>\n\n\n\n<p>Requisitos obrigat\u00f3rios \u2013 ter curso de Inform\u00e1tica b\u00e1sica;<\/p>\n\n\n\n<p>Atividades \u2013 vender mercadorias em estabelecimentos do com\u00e9rcio varejista ou atacadista, auxiliando os clientes na escolha; registrar entrada e sa\u00edda de mercadorias; promover a venda de mercadorias e demonstrar seu funcionamento; informar sobre as qualidades e vantagens dos produtos; expor mercadorias de forma atrativa, em pontos estrat\u00e9gicos de vendas; prestar servi\u00e7os aos clientes, como troca de mercadorias, abastecimento de ve\u00edculos e outros servi\u00e7os correlatos; fazer invent\u00e1rio de mercadorias para reposi\u00e7\u00e3o; elaborar relat\u00f3rios de vendas, promo\u00e7\u00f5es, demonstra\u00e7\u00f5es e pesquisa de pre\u00e7os.<\/p>\n\n\n\n<p>Dispon\u00edvel at\u00e9 3\/10\/2023 ou encerramento da vaga.<\/p>\n\n\n\n<p><strong>3 vagas \u2013 Auxiliar de Limpeza<\/strong><\/p>\n\n\n\n<p>Escolaridade \u2013 ensino fundamental completo;<\/p>\n\n\n\n<p>Experi\u00eancia \u2013 seis meses na Carteira de Trabalho;<\/p>\n\n\n\n<p>Requisitos obrigat\u00f3rios \u2013 ter cursos de NR-35 e NR-20;<\/p>\n\n\n\n<p>Atividades \u2013 limpar e conservar banheiros e demais ambientes internos e externos, executando limpeza \u00famida e seca; realizar coleta de lixo comum e recicl\u00e1vel; limpar portas e janelas de vidro, paredes e teto; cuidar dos vasos de plantas internas; varrer ambientes externos, coletando folhas secas e buscando contribuir para manter o ambiente agrad\u00e1vel; limpar cozinhas, \u00e1rea de servi\u00e7o, garagens, p\u00e1tios, assoalhos, m\u00f3veis, carpetes e tapetes, abastecendo os ambientes com materiais; executar outras tarefas relacionadas \u00e0 \u00e1rea.<\/p>\n\n\n\n<p>Dispon\u00edvel at\u00e9 3\/10\/2023 ou encerramento da vaga.<\/p>\n\n\n\n<p><strong>2 vagas \u2013 Nutricionista<\/strong><\/p>\n\n\n\n<p>Escolaridade \u2013 ensino superior em nutri\u00e7\u00e3o completo;<\/p>\n\n\n\n<p>Experi\u00eancia \u2013 registrada na Carteira de Trabalho;<\/p>\n\n\n\n<p>Requisitos obrigat\u00f3rios \u2013 ter CRN ativo, Carteira Nacional de Habilita\u00e7\u00e3o categoria \u201cB\u201d dentro do prazo de validade;<\/p>\n\n\n\n<p>Atividades \u2013 realizar gest\u00e3o de equipe e produ\u00e7\u00e3o de refei\u00e7\u00f5es coletivas em alta demanda; desej\u00e1vel ter ve\u00edculo pr\u00f3prio.<\/p>\n\n\n\n<p>Dispon\u00edvel at\u00e9 3\/10\/2023 ou encerramento da vaga.<\/p>\n\n\n\n<p><strong>10 vagas \u2013 Auxiliar de Servi\u00e7os Gerais<\/strong><\/p>\n\n\n\n<p>Escolaridade \u2013 ensino fundamental completo;<\/p>\n\n\n\n<p>Experi\u00eancia \u2013 seis meses na Carteira de Trabalho;<\/p>\n\n\n\n<p>Requisitos obrigat\u00f3rios \u2013 ter carteira de vacina\u00e7\u00e3o atualizada;<\/p>\n\n\n\n<p>Atividades \u2013 varrer, passar pano, lavar pisos e paredes, coletar e destinar lixo, lavar panelas e utens\u00edlios de cozinha.<\/p>\n\n\n\n<p>Dispon\u00edvel at\u00e9 3\/10\/2023 ou encerramento da vaga.<\/p>\n\n\n\n<p><strong>5 vagas \u2013 Auxiliar de Estoque<\/strong><\/p>\n\n\n\n<p>Escolaridade \u2013 ensino m\u00e9dio completo;<\/p>\n\n\n\n<p>Experi\u00eancia \u2013 registrada na Carteira de Trabalho;<\/p>\n\n\n\n<p>Requisitos obrigat\u00f3rios \u2013 ter curso de Inform\u00e1tica b\u00e1sica e experi\u00eancia com controle de estoque de prote\u00ednas, enlatados e fardos;<\/p>\n\n\n\n<p>Atividades \u2013 realizar confer\u00eancia, organiza\u00e7\u00e3o e controle de estoque de alimentos perec\u00edveis e n\u00e3o perec\u00edveis.<\/p>\n\n\n\n<p>Dispon\u00edvel at\u00e9 3\/10\/2023 ou encerramento da vaga.<\/p>\n\n\n\n<p><strong>20 vagas \u2013 Operador de Caixa<\/strong><\/p>\n\n\n\n<p>Escolaridade \u2013 ensino m\u00e9dio completo;<\/p>\n\n\n\n<p>Experi\u00eancia \u2013 tr\u00eas meses na Carteira de Trabalho;<\/p>\n\n\n\n<p>Requisitos obrigat\u00f3rios \u2013 ter curso de Inform\u00e1tica b\u00e1sica;<\/p>\n\n\n\n<p>Atividades \u2013 prestar atendimento ao cliente; fazer abertura e fechamento de caixa, processar e receber pagamentos e emitir notas fiscais.<\/p>\n\n\n\n<p>Dispon\u00edvel at\u00e9 3\/10\/2023 ou encerramento da vaga.<\/p>\n\n\n\n<p><strong>5 vagas \u2013 Atendente de Peixaria<\/strong><\/p>\n\n\n\n<p>Escolaridade \u2013 ensino m\u00e9dio completo;<\/p>\n\n\n\n<p>Experi\u00eancia \u2013 primeiro emprego;<\/p>\n\n\n\n<p>Atividades \u2013 prestar atendimento ao cliente, entregar card\u00e1pios, anotar pedidos e organizar o sal\u00e3o.<\/p>\n\n\n\n<p>Dispon\u00edvel at\u00e9 3\/10\/2023 ou encerramento da vaga.<\/p>\n\n\n\n<p><strong>3 vagas \u2013 Auxiliar de Cozinha<\/strong><\/p>\n\n\n\n<p>Escolaridade \u2013 ensino m\u00e9dio completo;<\/p>\n\n\n\n<p>Experi\u00eancia \u2013 primeiro emprego;<\/p>\n\n\n\n<p>Atividades \u2013 atuar na prepara\u00e7\u00e3o de alimentos, limpeza e conserva\u00e7\u00e3o das depend\u00eancias do restaurante, lanchonete e equipamentos; auxiliar no preparo de refei\u00e7\u00f5es, sobremesas e lanches; manter a ordem e a limpeza da cozinha, realizando a coleta e a lavagem das bandejas, talheres e demais materiais.<\/p>\n\n\n\n<p>Dispon\u00edvel at\u00e9 3\/10\/2023 ou encerramento da vaga.<\/p>\n\n\n\n<p><strong>Vagas no Com\u00e9rcio \u2013 95<\/strong><\/p>\n\n\n\n<p><strong>40 vagas \u2013 Vendedor Interno<\/strong><\/p>\n\n\n\n<p>Escolaridade \u2013 ensino m\u00e9dio completo;<\/p>\n\n\n\n<p>Experi\u00eancia \u2013 seis meses na Carteira de Trabalho;<\/p>\n\n\n\n<p>Requisitos obrigat\u00f3rios \u2013 ter curso de Inform\u00e1tica b\u00e1sica;<\/p>\n\n\n\n<p>Atividades \u2013 respons\u00e1vel por qualificar poss\u00edveis clientes e vender produtos e servi\u00e7os.<\/p>\n\n\n\n<p>Dispon\u00edvel at\u00e9 3\/10\/2023 ou encerramento da vaga.<\/p>\n\n\n\n<p><strong>25 vagas \u2013 Repositor de Mercadorias<\/strong><\/p>\n\n\n\n<p>Escolaridade \u2013 ensino m\u00e9dio completo;<\/p>\n\n\n\n<p>Experi\u00eancia \u2013 seis meses na Carteira de Trabalho;<\/p>\n\n\n\n<p>Requisitos obrigat\u00f3rios \u2013 ter curso de Inform\u00e1tica b\u00e1sica;<\/p>\n\n\n\n<p>Atividades \u2013 organizar, repor, conservar e precifica os produtos de um estabelecimento.<\/p>\n\n\n\n<p>Dispon\u00edvel at\u00e9 3\/10\/2023 ou encerramento da vaga.<\/p>\n\n\n\n<p><strong>10 vagas \u2013 Vendedor de Com\u00e9rcio Varejista<\/strong><\/p>\n\n\n\n<p>Escolaridade \u2013 ensino m\u00e9dio completo;<\/p>\n\n\n\n<p>Experi\u00eancia \u2013 tr\u00eas meses na Carteira de Trabalho;<\/p>\n\n\n\n<p>Requisitos obrigat\u00f3rios \u2013 ter disponibilidade de hor\u00e1rio; experi\u00eancia na \u00e1rea de vendas de varejo e atacado e com atendimento ao cliente;<\/p>\n\n\n\n<p>Atividades \u2013 recepcionar clientes na entrada da loja; ajudar clientes na escolha dos produtos e informar sobre pre\u00e7os e ofertas especiais; identificar as necessidades do cliente e recomendar produtos; garantir a apresenta\u00e7\u00e3o adequada dos produtos nas prateleiras.<\/p>\n\n\n\n<p>Dispon\u00edvel at\u00e9 3\/10\/2023 ou encerramento da vaga.<\/p>\n\n\n\n<p><strong>5 vagas \u2013 Fiscal de Loja<\/strong><\/p>\n\n\n\n<p>Escolaridade \u2013 ensino m\u00e9dio completo;<\/p>\n\n\n\n<p>Experi\u00eancia \u2013 tr\u00eas meses na Carteira de Trabalho;<\/p>\n\n\n\n<p>Requisitos obrigat\u00f3rios \u2013 ter curso de Fiscal de Loja, disponibilidade de hor\u00e1rio e experi\u00eancia no com\u00e9rcio;<\/p>\n\n\n\n<p>Atividades \u2013 fiscalizar a entrada e sa\u00edda de clientes, funcion\u00e1rios e mercadorias em lojas; identificar movimentos de pessoas suspeitas. fiscalizar e cumprir as normas de seguran\u00e7a e procedimentos da loja.<\/p>\n\n\n\n<p>Dispon\u00edvel at\u00e9 3\/10\/2023 ou encerramento da vaga.<\/p>\n\n\n\n<p><strong>3 vagas \u2013 Auxiliar T\u00e9cnico de Refrigera\u00e7\u00e3o<\/strong><\/p>\n\n\n\n<p>Escolaridade \u2013 ensino t\u00e9cnico em refrigera\u00e7\u00e3o completo;<\/p>\n\n\n\n<p>Experi\u00eancia \u2013 seis meses na Carteira de Trabalho;<\/p>\n\n\n\n<p>Requisitos obrigat\u00f3rios \u2013 ter experi\u00eancia em manuten\u00e7\u00e3o em geral de ar-condicionado e bebedouros industriais;<\/p>\n\n\n\n<p>Atividades \u2013 auxiliar na instala\u00e7\u00e3o, manuten\u00e7\u00e3o preventiva e corretiva de sistemas de refrigera\u00e7\u00e3o e ventila\u00e7\u00e3o; montar tubula\u00e7\u00f5es, avaliar o dimensionamento de locais para instala\u00e7\u00e3o de equipamento e realizar testes finais nos equipamentos.<\/p>\n\n\n\n<p>Dispon\u00edvel at\u00e9 3\/10\/2023 ou encerramento da vaga.<\/p>\n\n\n\n<p><strong>5 vagas \u2013 Auxiliar de Cozinha<\/strong><\/p>\n\n\n\n<p>Escolaridade \u2013 ensino m\u00e9dio completo;<\/p>\n\n\n\n<p>Experi\u00eancia \u2013 seis meses na Carteira de Trabalho;<\/p>\n\n\n\n<p>Atividades \u2013 atuar na prepara\u00e7\u00e3o de alimentos, limpeza e conserva\u00e7\u00e3o das depend\u00eancias do restaurante, lanchonete e equipamentos; auxiliar no preparo de refei\u00e7\u00f5es, sobremesas e lanches; manter a ordem e a limpeza da cozinha, realizando a coleta e a lavagem das bandejas e talheres.<\/p>\n\n\n\n<p>Dispon\u00edvel at\u00e9 3\/10\/2023 ou encerramento da vaga.<\/p>\n\n\n\n<p><strong>6 vagas \u2013 Atendente de Lanchonete<\/strong><\/p>\n\n\n\n<p>Escolaridade \u2013 ensino m\u00e9dio completo;<\/p>\n\n\n\n<p>Experi\u00eancia \u2013 seis meses na Carteira de Trabalho;<\/p>\n\n\n\n<p>Atividades \u2013 realizar atendimento ao p\u00fablico no balc\u00e3o e nas mesas, anotando pedidos, solicitando o preparo dos alimentos junto \u00e0 cozinha, acertando comandas, efetuando o recebimento de valores, organizando o estoque, repondo produtos em prateleiras e higienizando utens\u00edlios.<\/p>\n\n\n\n<p>Dispon\u00edvel at\u00e9 3\/10\/2023 ou encerramento da vaga.<\/p>\n\n\n\n<p><strong>1 vaga \u2013 Coordenador de Restaurante<\/strong><\/p>\n\n\n\n<p>Escolaridade \u2013 ensino m\u00e9dio completo;<\/p>\n\n\n\n<p>Experi\u00eancia \u2013 seis meses na Carteira de Trabalho;<\/p>\n\n\n\n<p>Requisitos obrigat\u00f3rios \u2013 ter disponibilidade de hor\u00e1rio;<\/p>\n\n\n\n<p>Atividades \u2013 coordenar os funcion\u00e1rios na elabora\u00e7\u00e3o de refei\u00e7\u00f5es; administrar e controlar a reposi\u00e7\u00e3o e abastecimento de alimentos; acompanhar os recursos financeiros do restaurante.<\/p>\n\n\n\n<p>Dispon\u00edvel at\u00e9 3\/10\/2023 ou encerramento da vaga.<\/p>\n\n\n\n<p><strong>Vagas na Ind\u00fastria \u2013 368<\/strong><\/p>\n\n\n\n<p><strong>1 vaga \u2013 T\u00e9cnico em Panifica\u00e7\u00e3o Jr<\/strong><\/p>\n\n\n\n<p>Escolaridade \u2013 ensino t\u00e9cnico em panifica\u00e7\u00e3o completo;<\/p>\n\n\n\n<p>Experi\u00eancia \u2013 seis meses na Carteira de Trabalho;<\/p>\n\n\n\n<p>Atividades \u2013 realizar diariamente diversos tipos de massas de panifica\u00e7\u00e3o para a elabora\u00e7\u00e3o de produtos; verificar as condi\u00e7\u00f5es do produto, a partir de testes e par\u00e2metros de processo, registrando as informa\u00e7\u00f5es em planilhas; assistir na aplica\u00e7\u00e3o de mat\u00e9rias-primas para aprova\u00e7\u00e3o de produtos; coletar amostras de farinhas para teste.<\/p>\n\n\n\n<p>Dispon\u00edvel at\u00e9 3\/10\/2023 ou encerramento da vaga.<\/p>\n\n\n\n<p><strong>5 vagas \u2013 Servente de Obras<\/strong><\/p>\n\n\n\n<p>Escolaridade \u2013 ensino fundamental completo;<\/p>\n\n\n\n<p>Experi\u00eancia \u2013 seis meses na Carteira de Trabalho;<\/p>\n\n\n\n<p>Atividades \u2013 preparar e transportar materiais, ferramentas, aparelhos e demais pe\u00e7as, limpando e arrumando de acordo com instru\u00e7\u00f5es; auxiliar o oficial ou encarregado.<\/p>\n\n\n\n<p>Dispon\u00edvel at\u00e9 3\/10\/2023 ou encerramento da vaga.<\/p>\n\n\n\n<p><strong>5 vagas \u2013 Auxiliar de Expedi\u00e7\u00e3o<\/strong><\/p>\n\n\n\n<p>Escolaridade \u2013 ensino m\u00e9dio completo;<\/p>\n\n\n\n<p>Experi\u00eancia \u2013 seis meses na Carteira de Trabalho;<\/p>\n\n\n\n<p>Requisitos obrigat\u00f3rios \u2013 ter experi\u00eancia em ind\u00fastria de ferro;<\/p>\n\n\n\n<p>Atividades \u2013 realizar separa\u00e7\u00e3o de materiais; dar apoio na carga e descarga nos ve\u00edculos de transporte; abastecer mercadorias no caminh\u00e3o.<\/p>\n\n\n\n<p>Dispon\u00edvel at\u00e9 3\/10\/2023 ou encerramento da vaga.<\/p>\n\n\n\n<p><strong>200 vagas \u2013 Operador de Produ\u00e7\u00e3o<\/strong><\/p>\n\n\n\n<p>Escolaridade \u2013 ensino fundamental incompleto;<\/p>\n\n\n\n<p>Experi\u00eancia \u2013 n\u00e3o \u00e9 necess\u00e1rio;<\/p>\n\n\n\n<p>Requisitos obrigat\u00f3rios \u2013 vaga direcionada a candidatos que buscam novos desafios, com atua\u00e7\u00e3o na cidade de Lucas do Rio Verde (MT);<\/p>\n\n\n\n<p>Atividades \u2013 prestar aux\u00edlio na produ\u00e7\u00e3o de embutidos (salsicha, linguicinha, bolonha e calabresa).<\/p>\n\n\n\n<p>Dispon\u00edvel at\u00e9 3\/10\/2023 ou encerramento da vaga.<\/p>\n\n\n\n<p><strong>150 vagas \u2013 Auxiliar Operacional<\/strong><\/p>\n\n\n\n<p>Escolaridade \u2013 ensino m\u00e9dio completo;<\/p>\n\n\n\n<p>Experi\u00eancia \u2013 n\u00e3o \u00e9 necess\u00e1rio;<\/p>\n\n\n\n<p>Requisitos obrigat\u00f3rios \u2013 vaga direcionada a candidatos que buscam novos desafios, com atua\u00e7\u00e3o na cidade de V\u00e1rzea Grande (MT);<\/p>\n\n\n\n<p>Atividades \u2013 respons\u00e1vel por executar atividades operacionais em setores de apoio ou produ\u00e7\u00e3o de frios, visando garantir a manuten\u00e7\u00e3o, organiza\u00e7\u00e3o, limpeza ou opera\u00e7\u00e3o de atividades na unidade.<\/p>\n\n\n\n<p>Dispon\u00edvel at\u00e9 3\/10\/2023 ou encerramento da vaga.<\/p>\n\n\n\n<p><strong>3 vagas \u2013 T\u00e9cnico em Seguran\u00e7a do Trabalho<\/strong><\/p>\n\n\n\n<p>Escolaridade \u2013 ensino t\u00e9cnico em seguran\u00e7a do trabalho completo;<\/p>\n\n\n\n<p>Experi\u00eancia \u2013 seis meses na Carteira de Trabalho;<\/p>\n\n\n\n<p>Atividades \u2013 realizar inspe\u00e7\u00e3o de seguran\u00e7a diretamente no canteiro de obra e recomendar medidas de preven\u00e7\u00e3o e controle, entre outras atividades correlatas.<\/p>\n\n\n\n<p>Dispon\u00edvel at\u00e9 3\/10\/2023 ou encerramento da vaga.<\/p>\n\n\n\n<p><strong>3 vagas \u2013 T\u00e9cnico de Edifica\u00e7\u00f5es<\/strong><\/p>\n\n\n\n<p>Escolaridade \u2013 ensino t\u00e9cnico em edifica\u00e7\u00f5es completo;<\/p>\n\n\n\n<p>Experi\u00eancia \u2013 seis meses na Carteira de Trabalho;<\/p>\n\n\n\n<p>Atividades \u2013 desenvolver e legalizar projetos de edifica\u00e7\u00f5es sob supervis\u00e3o do engenheiro civil; planejar a execu\u00e7\u00e3o, or\u00e7ar e providenciar suprimentos; supervisionar a execu\u00e7\u00e3o de obras e servi\u00e7os; treinar m\u00e3o-de-obra e realizar o controle tecnol\u00f3gico de materiais e solo.<\/p>\n\n\n\n<p>Dispon\u00edvel at\u00e9 3\/10\/2023 ou encerramento da vaga.<\/p>\n\n\n\n<p><strong>1 vaga \u2013 Serralheiro Industrial<\/strong><\/p>\n\n\n\n<p>Escolaridade \u2013 ensino m\u00e9dio completo;<\/p>\n\n\n\n<p>Experi\u00eancia \u2013 seis meses na Carteira de Trabalho;<\/p>\n\n\n\n<p>Requisitos obrigat\u00f3rios \u2013 ter pr\u00e1tica no manuseio de Esmeril, serra e demais equipamentos, curso de NR-35, conhecimento em leitura e interpreta\u00e7\u00e3o de desenhos t\u00e9cnicos mec\u00e2nicos e experi\u00eancia com serralheria industrial, solda e estruturas;&nbsp;<\/p>\n\n\n\n<p>Atividades \u2013 confeccionar, reparar e instalar pe\u00e7as e elementos diversos em chapas de metal, como a\u00e7o, ferro galvanizado, cobre, estanho, lat\u00e3o, alum\u00ednio e zinco; realizar outras atividades inerentes \u00e0 fun\u00e7\u00e3o.<\/p>\n\n\n\n<p>Dispon\u00edvel at\u00e9 3\/10\/2023 ou encerramento da vaga.<\/p>\n\n\n\n<p><strong>Vagas em Servi\u00e7os \u2013 43<\/strong><\/p>\n\n\n\n<p><strong>1 vaga \u2013 Motorista<\/strong><\/p>\n\n\n\n<p>Escolaridade \u2013 ensino m\u00e9dio completo;<\/p>\n\n\n\n<p>Experi\u00eancia \u2013 registrada na Carteira de Trabalho;<\/p>\n\n\n\n<p>Requisitos obrigat\u00f3rios \u2013 ter Carteira Nacional de Habilita\u00e7\u00e3o categoria \u201cAB\u201d dentro do prazo de validade;<\/p>\n\n\n\n<p>Atividades \u2013 dirigir e manobrar ve\u00edculos; transportar pessoas, cargas ou valores; realizar verifica\u00e7\u00f5es e manuten\u00e7\u00f5es b\u00e1sicas do ve\u00edculo.<\/p>\n\n\n\n<p>Dispon\u00edvel at\u00e9 3\/10\/2023 ou encerramento da vaga.<\/p>\n\n\n\n<p><strong>5 vagas \u2013 Operador de Betoneira<\/strong><\/p>\n\n\n\n<p>Escolaridade \u2013 ensino fundamental incompleto;<\/p>\n\n\n\n<p>Experi\u00eancia \u2013 registrada na Carteira de Trabalho;<\/p>\n\n\n\n<p>Atividades \u2013 programar produ\u00e7\u00e3o e fornecimento de concreto e misturar seus agregados; preparar o ambiente, equipamentos de trabalho e insumos do concreto; descarregar e bombear o concreto.<\/p>\n\n\n\n<p>Dispon\u00edvel at\u00e9 3\/10\/2023 ou encerramento da vaga.<\/p>\n\n\n\n<p><strong>6 vagas \u2013 Motorista de \u00d4nibus Especial<\/strong><\/p>\n\n\n\n<p>Escolaridade \u2013 ensino fundamental completo;<\/p>\n\n\n\n<p>Experi\u00eancia \u2013 tr\u00eas meses na Carteira de Trabalho;<\/p>\n\n\n\n<p>Requisitos obrigat\u00f3rios \u2013 ter Carteira Nacional de Habilita\u00e7\u00e3o categoria \u201cD\u201d remunerada, curso de TCP e Dire\u00e7\u00e3o Preventiva atualizado;<\/p>\n\n\n\n<p>Atividades \u2013 transportar ve\u00edculos com cargas ou pessoas, para itiner\u00e1rios definidos, podendo ser tamb\u00e9m o respons\u00e1vel por elaborar as rotas de transporte; vaga estendida para Pessoa com Defici\u00eancia (PcD).<\/p>\n\n\n\n<p>Dispon\u00edvel at\u00e9 3\/10\/2023 ou encerramento da vaga.<\/p>\n\n\n\n<p><strong>1 vaga \u2013 T\u00e9cnico de Desenvolvimento de Software&nbsp;<\/strong><\/p>\n\n\n\n<p>Escolaridade \u2013 ensino t\u00e9cnico completo em inform\u00e1tica ou mecatr\u00f4nica;<\/p>\n\n\n\n<p>Experi\u00eancia \u2013 seis meses na Carteira de Trabalho;<\/p>\n\n\n\n<p>Atividades \u2013 atuar auxiliando no desenvolvimento, constru\u00e7\u00e3o, implanta\u00e7\u00e3o e manuten\u00e7\u00e3o de sistemas de processamento de dados, gerando logicamente as aplica\u00e7\u00f5es informatizadas, estabelecendo o fluxo e os procedimentos necess\u00e1rios para a transforma\u00e7\u00e3o dos dados de entrada no processo requerido pelo usu\u00e1rio e software utilizado, de maneira eficiente, segura e de acordo com os objetivos estabelecidos.<\/p>\n\n\n\n<p>Dispon\u00edvel at\u00e9 3\/10\/2023 ou encerramento da vaga.<\/p>\n\n\n\n<p><strong>3 vagas \u2013 Carregador<\/strong><\/p>\n\n\n\n<p>Escolaridade \u2013 ensino fundamental completo;<\/p>\n\n\n\n<p>Experi\u00eancia \u2013 seis meses na Carteira de Trabalho;<\/p>\n\n\n\n<p>Atividades \u2013 preparar cargas e descargas de mercadorias; movimentar mercadorias em transportes; coletar e entregar encomendas; receber e solicitar informa\u00e7\u00f5es, autoriza\u00e7\u00f5es e orienta\u00e7\u00f5es de transporte, embarque e desembarque de mercadorias.<\/p>\n\n\n\n<p>Dispon\u00edvel at\u00e9 3\/10\/2023 ou encerramento da vaga.<\/p>\n\n\n\n<p><strong>1 vaga \u2013 Chapeiro de Lanchonete<\/strong><\/p>\n\n\n\n<p>Escolaridade \u2013 ensino m\u00e9dio completo;<\/p>\n\n\n\n<p>Experi\u00eancia \u2013 seis meses na Carteira de Trabalho;<\/p>\n\n\n\n<p>Requisitos obrigat\u00f3rios \u2013 ter disponibilidade de hor\u00e1rio;<\/p>\n\n\n\n<p>Atividades \u2013 respons\u00e1vel por operar e manusear a chapa; organizar e auxiliar nos cuidados do ambiente e chapa, entre outras atividades correlatas.<\/p>\n\n\n\n<p>Dispon\u00edvel at\u00e9 3\/10\/2023 ou encerramento da vaga.<\/p>\n\n\n\n<p><strong>20 vagas \u2013 Ajudante de Obras<\/strong><\/p>\n\n\n\n<p>Escolaridade \u2013 ensino fundamental completo;<\/p>\n\n\n\n<p>Experi\u00eancia \u2013 tr\u00eas meses na Carteira de Trabalho;<\/p>\n\n\n\n<p>Atividades \u2013 executar tarefas manuais simples para auxiliar na edifica\u00e7\u00e3o e reforma de constru\u00e7\u00e3o civil.<\/p>\n\n\n\n<p>Dispon\u00edvel at\u00e9 3\/10\/2023 ou encerramento da vaga.<\/p>\n\n\n\n<p><strong>1 vaga \u2013 Digitador<\/strong><\/p>\n\n\n\n<p>Escolaridade \u2013 ensino superior em marketing completo;<\/p>\n\n\n\n<p>Experi\u00eancia \u2013 seis meses na Carteira de Trabalho;<\/p>\n\n\n\n<p>Atividades \u2013 transcrever informa\u00e7\u00f5es de documentos f\u00edsicos ou digitais para um sistema computacional, garantindo precis\u00e3o e agilidade no processo.<\/p>\n\n\n\n<p>Dispon\u00edvel at\u00e9 3\/10\/2023 ou encerramento da vaga.<\/p>\n\n\n\n<p><strong>1 vaga \u2013 Motorista Carreteiro<\/strong><\/p>\n\n\n\n<p>Escolaridade \u2013 ensino m\u00e9dio completo;<\/p>\n\n\n\n<p>Experi\u00eancia \u2013 registrada na Carteira de Trabalho;<\/p>\n\n\n\n<p>Requisitos obrigat\u00f3rios \u2013 ter Carteira Nacional de Habilita\u00e7\u00e3o categoria \u201cAE\u201d dentro do prazo de validade, cursos de Mopp e dire\u00e7\u00e3o defensiva e no\u00e7\u00f5es b\u00e1sicas em Mec\u00e2nica;<\/p>\n\n\n\n<p>Atividades \u2013 transportar produtos acabados e mat\u00e9rias-primas para f\u00e1bricas ou centros de varejo e distribui\u00e7\u00e3o; inspecionar ve\u00edculos quanto a itens mec\u00e2nicos e problemas de seguran\u00e7a; realizar manuten\u00e7\u00e3o preventiva; planejar rotas e cumprir os hor\u00e1rios de entrega.<\/p>\n\n\n\n<p>Dispon\u00edvel at\u00e9 3\/10\/2023 ou encerramento da vaga.<\/p>\n\n\n\n<p><strong>2 vagas \u2013 Motorista Carreteiro<\/strong><\/p>\n\n\n\n<p>Escolaridade \u2013 ensino fundamental completo;<\/p>\n\n\n\n<p>Experi\u00eancia \u2013 seis meses na Carteira de Trabalho;<\/p>\n\n\n\n<p>Requisitos obrigat\u00f3rios \u2013 Carteira Nacional de Habilita\u00e7\u00e3o categoria &#8220;E&#8221; dentro do prazo de validade;<\/p>\n\n\n\n<p>Atividades \u2013 transportar materiais e produtos para diversos itiner\u00e1rios; laborar relat\u00f3rios de viagens e rotas; efetuar a presta\u00e7\u00e3o de contas das despesas realizadas com o ve\u00edculo; zelar pela conserva\u00e7\u00e3o e seguran\u00e7a dos ve\u00edculos, providenciando limpeza, ajustes e pequenos reparos.<\/p>\n\n\n\n<p>Dispon\u00edvel at\u00e9 3\/10\/2023 ou encerramento da vaga.<\/p>\n\n\n\n<p><strong>1 vaga \u2013 Coordenador de Opera\u00e7\u00f5es<\/strong><\/p>\n\n\n\n<p>Escolaridade \u2013 ensino superior completo em gest\u00e3o de pessoas ou \u00e1reas correlatas;<\/p>\n\n\n\n<p>Experi\u00eancia \u2013 registrada na Carteira de Trabalho;<\/p>\n\n\n\n<p>Requisitos obrigat\u00f3rios \u2013 ter experi\u00eancia em gest\u00e3o de pessoas e contrato, disponibilidade para viagens e trabalho sob escala 12&#215;8;<\/p>\n\n\n\n<p>Atividades \u2013 efetuar o planejamento, controle e execu\u00e7\u00e3o dos servi\u00e7os de opera\u00e7\u00f5es; elaborar planos de a\u00e7\u00e3o para alcance de metas em indicadores de desempenho da opera\u00e7\u00e3o; supervisionar equipes e monitorar o desempenho dos colaboradores das \u00e1reas de controle da opera\u00e7\u00e3o; auxiliar a dire\u00e7\u00e3o de opera\u00e7\u00f5es na tomada de decis\u00f5es; supervisionar frotas e equipes de motoristas, cobradores e pessoal de planejamento operacional.<\/p>\n\n\n\n<p>Dispon\u00edvel at\u00e9 3\/10\/2023 ou encerramento da vaga.<\/p>\n\n\n\n<p><strong>1 vaga \u2013 Agente de Manuten\u00e7\u00e3o<\/strong><\/p>\n\n\n\n<p>Escolaridade \u2013 ensino fundamental completo;<\/p>\n\n\n\n<p>Experi\u00eancia \u2013 registrada na Carteira de Trabalho;<\/p>\n\n\n\n<p>Requisitos obrigat\u00f3rios \u2013 ter experi\u00eancia com instala\u00e7\u00f5es de c\u00e2meras em ve\u00edculos e sensor de r\u00e9, disponibilidade para viagens e trabalho sob escala 12&#215;8;<\/p>\n\n\n\n<p>Atividades \u2013 executar servi\u00e7os de manuten\u00e7\u00e3o el\u00e9trica, mec\u00e2nica, hidr\u00e1ulica, carpintaria e alvenaria, substituindo, trocando, limpando, reparando e instalando pe\u00e7as, componentes e equipamentos, entre outras atividades correlatas.<\/p>\n\n\n\n<p>Dispon\u00edvel at\u00e9 3\/10\/2023 ou encerramento da vaga.<\/p>\n\n\n\n<p><strong>Vagas Exclusivas para Pessoas com Defici\u00eancia (PcD) \u2013 22<\/strong><\/p>\n\n\n\n<p><strong>14 vagas \u2013 Repositor de Mercadorias \u2013 vagas exclusivas para Pessoas com Defici\u00eancia (PcD)<\/strong><\/p>\n\n\n\n<p>Escolaridade \u2013 ensino m\u00e9dio completo;<\/p>\n\n\n\n<p>Experi\u00eancia \u2013 n\u00e3o \u00e9 necess\u00e1rio;<\/p>\n\n\n\n<p>Atividades \u2013 organizar, repor, conservar e precificar os produtos; controlar os n\u00edveis de estoque, solicitando a compra dos materiais necess\u00e1rios.<\/p>\n\n\n\n<p>Dispon\u00edvel at\u00e9 3\/10\/2023 ou encerramento da vaga.<\/p>\n\n\n\n<p><strong>3 vagas \u2013 Auxiliar de Produ\u00e7\u00e3o \u2013 vagas exclusivas para Pessoas com Defici\u00eancia (PcD)<\/strong><\/p>\n\n\n\n<p>Escolaridade \u2013 ensino m\u00e9dio completo;<\/p>\n\n\n\n<p>Experi\u00eancia \u2013 n\u00e3o \u00e9 necess\u00e1rio;<\/p>\n\n\n\n<p>Requisitos obrigat\u00f3rios \u2013 residir nos bairros Santa Etelvina, Tarum\u00e3, Novo Israel, Viver Melhor ou Terra Nova; ter laudo atualizado;<\/p>\n\n\n\n<p>Atividades \u2013 atuar no processo final da elabora\u00e7\u00e3o de produtos.&nbsp;&nbsp;&nbsp;&nbsp;&nbsp;&nbsp;&nbsp;&nbsp;&nbsp;&nbsp;&nbsp;&nbsp;&nbsp;&nbsp;&nbsp;&nbsp;&nbsp;&nbsp;&nbsp;&nbsp;&nbsp;&nbsp;&nbsp;&nbsp;&nbsp;&nbsp;&nbsp;&nbsp;&nbsp;&nbsp;&nbsp;&nbsp;&nbsp;&nbsp;&nbsp;&nbsp;&nbsp;&nbsp;&nbsp;&nbsp;&nbsp;&nbsp;&nbsp;&nbsp;&nbsp;&nbsp;&nbsp; &nbsp;&nbsp;&nbsp;&nbsp;&nbsp;&nbsp;&nbsp;&nbsp;&nbsp;&nbsp;&nbsp;&nbsp;&nbsp;&nbsp;&nbsp;&nbsp;&nbsp;&nbsp;&nbsp;&nbsp;&nbsp;&nbsp;<\/p>\n\n\n\n<p>Dispon\u00edvel at\u00e9 3\/10\/2023 ou encerramento da vaga.<\/p>\n\n\n\n<p><strong>5 vagas \u2013 Repositor de Mercadorias \u2013 vagas exclusivas para Pessoas com Defici\u00eancia (PcD)<\/strong><\/p>\n\n\n\n<p>Escolaridade \u2013 ensino fundamental completo;<\/p>\n\n\n\n<p>Experi\u00eancia \u2013 n\u00e3o \u00e9 necess\u00e1rio;<\/p>\n\n\n\n<p>Atividades \u2013 conduzir clientes at\u00e9 a mercadoria desejada; fracionar, contar, pesar e embalar mercadorias; checar lista de mercadorias em promo\u00e7\u00e3o para planejamento de exposi\u00e7\u00f5es semanais; verificar a necessidade de abastecimento dos produtos promocionais na entrada da loja; realizar o abastecimento das g\u00f4ndolas e manter os produtos frenteados; verificar altera\u00e7\u00f5es de pre\u00e7o na lista de produtos di\u00e1rias e manter local de trabalho limpo e organizado.<\/p>\n\n\n\n<p>Dispon\u00edvel at\u00e9 3\/10\/2023 ou encerramento da vaga.<\/p>\n\n\n\n<p>&#8212; &#8212; &#8212;<\/p>\n\n\n\n<p><strong>Texto \u2013&nbsp;<\/strong>Divulga\u00e7\u00e3o \/ Semtepi<\/p>\n\n\n\n<p><strong>Fotos \u2013&nbsp;<\/strong>Arquivo \/ Semcom<\/p>\n\n\n\n<p><strong>Dispon\u00edveis em \u2013&nbsp;<\/strong><a href=\"https:\/\/flic.kr\/s\/aHBqjzGRm9\">https:\/\/flic.kr\/s\/aHBqjzGRm9<\/a><\/p>\n\n\n\n<p>SEMTEPI&nbsp;&#8211; Secretaria Municipal do Trabalho, Empreendedorismo e Inova\u00e7\u00e3o<\/p>\n\n\n\n<p>Assessora Respons\u00e1vel: Luiza Maria &#8211; (92) &#8211; 98842-7260<\/p>\n\n\n\n<p>E-mail:&nbsp;<a href=\"mailto:comunicacao.semtepi@gmail.com\" target=\"_blank\" rel=\"noreferrer noopener\">comunicacao.semtepi@gmail.com<\/a><\/p>\n\n\n\n<p><\/p>\n","protected":false},"excerpt":{"rendered":"","protected":false},"author":23,"featured_media":203,"comment_status":"closed","ping_status":"closed","sticky":false,"template":"","format":"standard","meta":{"footnotes":""},"categories":[5],"tags":[68,8,529,65],"acf":[],"yoast_head":"<!-- This site is optimized with the Yoast SEO plugin v23.0 - https:\/\/yoast.com\/wordpress\/plugins\/seo\/ -->\n<title>Sine Manaus oferta 667 vagas de emprego nesta ter\u00e7a-feira, 3\/10 - SEMTEPI<\/title>\n<meta name=\"robots\" content=\"noindex, follow\" \/>\n<meta property=\"og:locale\" content=\"pt_BR\" \/>\n<meta property=\"og:type\" content=\"article\" \/>\n<meta property=\"og:title\" content=\"Sine Manaus oferta 667 vagas de emprego nesta ter\u00e7a-feira, 3\/10 - SEMTEPI\" \/>\n<meta property=\"og:url\" content=\"https:\/\/www.manaus.am.gov.br\/semtepi\/oportunidade\/sine-manaus-oferta-667-vagas-de-emprego-nesta-terca-feira-3-10\/\" \/>\n<meta property=\"og:site_name\" content=\"SEMTEPI\" \/>\n<meta property=\"article:published_time\" content=\"2023-10-02T19:09:10+00:00\" \/>\n<meta property=\"article:modified_time\" content=\"2023-10-02T19:09:11+00:00\" \/>\n<meta property=\"og:image\" content=\"https:\/\/www.manaus.am.gov.br\/semtepi\/wp-content\/uploads\/sites\/20\/2023\/04\/Sine-Manaus-oferta-129-vagas-de-emprego-nesta-quinta-feira.jpg\" \/>\n\t<meta property=\"og:image:width\" content=\"2048\" \/>\n\t<meta property=\"og:image:height\" content=\"1365\" \/>\n\t<meta property=\"og:image:type\" content=\"image\/jpeg\" \/>\n<meta name=\"author\" content=\"Adriana Costa\" \/>\n<meta name=\"twitter:card\" content=\"summary_large_image\" \/>\n<meta name=\"twitter:label1\" content=\"Written by\" \/>\n\t<meta name=\"twitter:data1\" content=\"Adriana Costa\" \/>\n\t<meta name=\"twitter:label2\" content=\"Est. reading time\" \/>\n\t<meta name=\"twitter:data2\" content=\"18 minutos\" \/>\n<script type=\"application\/ld+json\" class=\"yoast-schema-graph\">{\"@context\":\"https:\/\/schema.org\",\"@graph\":[{\"@type\":\"Article\",\"@id\":\"https:\/\/www.manaus.am.gov.br\/semtepi\/oportunidade\/sine-manaus-oferta-667-vagas-de-emprego-nesta-terca-feira-3-10\/#article\",\"isPartOf\":{\"@id\":\"https:\/\/www.manaus.am.gov.br\/semtepi\/oportunidade\/sine-manaus-oferta-667-vagas-de-emprego-nesta-terca-feira-3-10\/\"},\"author\":{\"name\":\"Adriana Costa\",\"@id\":\"https:\/\/www.manaus.am.gov.br\/semtepi\/#\/schema\/person\/4e49f4e267757a06ca072ec61b2b9968\"},\"headline\":\"Sine Manaus oferta 667 vagas de emprego nesta ter\u00e7a-feira, 3\/10\",\"datePublished\":\"2023-10-02T19:09:10+00:00\",\"dateModified\":\"2023-10-02T19:09:11+00:00\",\"mainEntityOfPage\":{\"@id\":\"https:\/\/www.manaus.am.gov.br\/semtepi\/oportunidade\/sine-manaus-oferta-667-vagas-de-emprego-nesta-terca-feira-3-10\/\"},\"wordCount\":3770,\"publisher\":{\"@id\":\"https:\/\/www.manaus.am.gov.br\/semtepi\/#organization\"},\"image\":{\"@id\":\"https:\/\/www.manaus.am.gov.br\/semtepi\/oportunidade\/sine-manaus-oferta-667-vagas-de-emprego-nesta-terca-feira-3-10\/#primaryimage\"},\"thumbnailUrl\":\"https:\/\/www.manaus.am.gov.br\/semtepi\/wp-content\/uploads\/sites\/20\/2023\/04\/Sine-Manaus-oferta-129-vagas-de-emprego-nesta-quinta-feira.jpg\",\"keywords\":[\"oportunidades\",\"prefeitura de manaus\",\"sine\",\"vagas de emprego\"],\"articleSection\":[\"Oportunidade\"],\"inLanguage\":\"pt-BR\"},{\"@type\":\"WebPage\",\"@id\":\"https:\/\/www.manaus.am.gov.br\/semtepi\/oportunidade\/sine-manaus-oferta-667-vagas-de-emprego-nesta-terca-feira-3-10\/\",\"url\":\"https:\/\/www.manaus.am.gov.br\/semtepi\/oportunidade\/sine-manaus-oferta-667-vagas-de-emprego-nesta-terca-feira-3-10\/\",\"name\":\"Sine Manaus oferta 667 vagas de emprego nesta ter\u00e7a-feira, 3\/10 - SEMTEPI\",\"isPartOf\":{\"@id\":\"https:\/\/www.manaus.am.gov.br\/semtepi\/#website\"},\"primaryImageOfPage\":{\"@id\":\"https:\/\/www.manaus.am.gov.br\/semtepi\/oportunidade\/sine-manaus-oferta-667-vagas-de-emprego-nesta-terca-feira-3-10\/#primaryimage\"},\"image\":{\"@id\":\"https:\/\/www.manaus.am.gov.br\/semtepi\/oportunidade\/sine-manaus-oferta-667-vagas-de-emprego-nesta-terca-feira-3-10\/#primaryimage\"},\"thumbnailUrl\":\"https:\/\/www.manaus.am.gov.br\/semtepi\/wp-content\/uploads\/sites\/20\/2023\/04\/Sine-Manaus-oferta-129-vagas-de-emprego-nesta-quinta-feira.jpg\",\"datePublished\":\"2023-10-02T19:09:10+00:00\",\"dateModified\":\"2023-10-02T19:09:11+00:00\",\"breadcrumb\":{\"@id\":\"https:\/\/www.manaus.am.gov.br\/semtepi\/oportunidade\/sine-manaus-oferta-667-vagas-de-emprego-nesta-terca-feira-3-10\/#breadcrumb\"},\"inLanguage\":\"pt-BR\",\"potentialAction\":[{\"@type\":\"ReadAction\",\"target\":[\"https:\/\/www.manaus.am.gov.br\/semtepi\/oportunidade\/sine-manaus-oferta-667-vagas-de-emprego-nesta-terca-feira-3-10\/\"]}]},{\"@type\":\"ImageObject\",\"inLanguage\":\"pt-BR\",\"@id\":\"https:\/\/www.manaus.am.gov.br\/semtepi\/oportunidade\/sine-manaus-oferta-667-vagas-de-emprego-nesta-terca-feira-3-10\/#primaryimage\",\"url\":\"https:\/\/www.manaus.am.gov.br\/semtepi\/wp-content\/uploads\/sites\/20\/2023\/04\/Sine-Manaus-oferta-129-vagas-de-emprego-nesta-quinta-feira.jpg\",\"contentUrl\":\"https:\/\/www.manaus.am.gov.br\/semtepi\/wp-content\/uploads\/sites\/20\/2023\/04\/Sine-Manaus-oferta-129-vagas-de-emprego-nesta-quinta-feira.jpg\",\"width\":2048,\"height\":1365},{\"@type\":\"BreadcrumbList\",\"@id\":\"https:\/\/www.manaus.am.gov.br\/semtepi\/oportunidade\/sine-manaus-oferta-667-vagas-de-emprego-nesta-terca-feira-3-10\/#breadcrumb\",\"itemListElement\":[{\"@type\":\"ListItem\",\"position\":1,\"name\":\"Home\",\"item\":\"https:\/\/www.manaus.am.gov.br\/semtepi\/\"},{\"@type\":\"ListItem\",\"position\":2,\"name\":\"Sine Manaus oferta 667 vagas de emprego nesta ter\u00e7a-feira, 3\/10\"}]},{\"@type\":\"WebSite\",\"@id\":\"https:\/\/www.manaus.am.gov.br\/semtepi\/#website\",\"url\":\"https:\/\/www.manaus.am.gov.br\/semtepi\/\",\"name\":\"SEMTEPI\",\"description\":\"Prefeitura de Manaus\",\"publisher\":{\"@id\":\"https:\/\/www.manaus.am.gov.br\/semtepi\/#organization\"},\"alternateName\":\"Secretaria Municipal do Trabalho, Empreendedorismo e Inova\u00e7\u00e3o\",\"potentialAction\":[{\"@type\":\"SearchAction\",\"target\":{\"@type\":\"EntryPoint\",\"urlTemplate\":\"https:\/\/www.manaus.am.gov.br\/semtepi\/?s={search_term_string}\"},\"query-input\":\"required name=search_term_string\"}],\"inLanguage\":\"pt-BR\"},{\"@type\":\"Organization\",\"@id\":\"https:\/\/www.manaus.am.gov.br\/semtepi\/#organization\",\"name\":\"Prefeitura Municipal de Manaus\",\"alternateName\":\"Prefeitura de Manaus\",\"url\":\"https:\/\/www.manaus.am.gov.br\/semtepi\/\",\"logo\":{\"@type\":\"ImageObject\",\"inLanguage\":\"pt-BR\",\"@id\":\"https:\/\/www.manaus.am.gov.br\/semtepi\/#\/schema\/logo\/image\/\",\"url\":\"https:\/\/www.manaus.am.gov.br\/semtepi\/wp-content\/uploads\/sites\/20\/2024\/07\/favicon.png\",\"contentUrl\":\"https:\/\/www.manaus.am.gov.br\/semtepi\/wp-content\/uploads\/sites\/20\/2024\/07\/favicon.png\",\"width\":300,\"height\":300,\"caption\":\"Prefeitura Municipal de Manaus\"},\"image\":{\"@id\":\"https:\/\/www.manaus.am.gov.br\/semtepi\/#\/schema\/logo\/image\/\"}},{\"@type\":\"Person\",\"@id\":\"https:\/\/www.manaus.am.gov.br\/semtepi\/#\/schema\/person\/4e49f4e267757a06ca072ec61b2b9968\",\"name\":\"Adriana Costa\",\"image\":{\"@type\":\"ImageObject\",\"inLanguage\":\"pt-BR\",\"@id\":\"https:\/\/www.manaus.am.gov.br\/semtepi\/#\/schema\/person\/image\/\",\"url\":\"https:\/\/secure.gravatar.com\/avatar\/576258617ef7194f718179e766d57bd4?s=96&d=mm&r=g\",\"contentUrl\":\"https:\/\/secure.gravatar.com\/avatar\/576258617ef7194f718179e766d57bd4?s=96&d=mm&r=g\",\"caption\":\"Adriana Costa\"}}]}<\/script>\n<!-- \/ Yoast SEO plugin. -->","yoast_head_json":{"title":"Sine Manaus oferta 667 vagas de emprego nesta ter\u00e7a-feira, 3\/10 - SEMTEPI","robots":{"index":"noindex","follow":"follow"},"og_locale":"pt_BR","og_type":"article","og_title":"Sine Manaus oferta 667 vagas de emprego nesta ter\u00e7a-feira, 3\/10 - SEMTEPI","og_url":"https:\/\/www.manaus.am.gov.br\/semtepi\/oportunidade\/sine-manaus-oferta-667-vagas-de-emprego-nesta-terca-feira-3-10\/","og_site_name":"SEMTEPI","article_published_time":"2023-10-02T19:09:10+00:00","article_modified_time":"2023-10-02T19:09:11+00:00","og_image":[{"width":2048,"height":1365,"url":"https:\/\/www.manaus.am.gov.br\/semtepi\/wp-content\/uploads\/sites\/20\/2023\/04\/Sine-Manaus-oferta-129-vagas-de-emprego-nesta-quinta-feira.jpg","type":"image\/jpeg"}],"author":"Adriana Costa","twitter_card":"summary_large_image","twitter_misc":{"Written by":"Adriana Costa","Est. reading time":"18 minutos"},"schema":{"@context":"https:\/\/schema.org","@graph":[{"@type":"Article","@id":"https:\/\/www.manaus.am.gov.br\/semtepi\/oportunidade\/sine-manaus-oferta-667-vagas-de-emprego-nesta-terca-feira-3-10\/#article","isPartOf":{"@id":"https:\/\/www.manaus.am.gov.br\/semtepi\/oportunidade\/sine-manaus-oferta-667-vagas-de-emprego-nesta-terca-feira-3-10\/"},"author":{"name":"Adriana Costa","@id":"https:\/\/www.manaus.am.gov.br\/semtepi\/#\/schema\/person\/4e49f4e267757a06ca072ec61b2b9968"},"headline":"Sine Manaus oferta 667 vagas de emprego nesta ter\u00e7a-feira, 3\/10","datePublished":"2023-10-02T19:09:10+00:00","dateModified":"2023-10-02T19:09:11+00:00","mainEntityOfPage":{"@id":"https:\/\/www.manaus.am.gov.br\/semtepi\/oportunidade\/sine-manaus-oferta-667-vagas-de-emprego-nesta-terca-feira-3-10\/"},"wordCount":3770,"publisher":{"@id":"https:\/\/www.manaus.am.gov.br\/semtepi\/#organization"},"image":{"@id":"https:\/\/www.manaus.am.gov.br\/semtepi\/oportunidade\/sine-manaus-oferta-667-vagas-de-emprego-nesta-terca-feira-3-10\/#primaryimage"},"thumbnailUrl":"https:\/\/www.manaus.am.gov.br\/semtepi\/wp-content\/uploads\/sites\/20\/2023\/04\/Sine-Manaus-oferta-129-vagas-de-emprego-nesta-quinta-feira.jpg","keywords":["oportunidades","prefeitura de manaus","sine","vagas de emprego"],"articleSection":["Oportunidade"],"inLanguage":"pt-BR"},{"@type":"WebPage","@id":"https:\/\/www.manaus.am.gov.br\/semtepi\/oportunidade\/sine-manaus-oferta-667-vagas-de-emprego-nesta-terca-feira-3-10\/","url":"https:\/\/www.manaus.am.gov.br\/semtepi\/oportunidade\/sine-manaus-oferta-667-vagas-de-emprego-nesta-terca-feira-3-10\/","name":"Sine Manaus oferta 667 vagas de emprego nesta ter\u00e7a-feira, 3\/10 - SEMTEPI","isPartOf":{"@id":"https:\/\/www.manaus.am.gov.br\/semtepi\/#website"},"primaryImageOfPage":{"@id":"https:\/\/www.manaus.am.gov.br\/semtepi\/oportunidade\/sine-manaus-oferta-667-vagas-de-emprego-nesta-terca-feira-3-10\/#primaryimage"},"image":{"@id":"https:\/\/www.manaus.am.gov.br\/semtepi\/oportunidade\/sine-manaus-oferta-667-vagas-de-emprego-nesta-terca-feira-3-10\/#primaryimage"},"thumbnailUrl":"https:\/\/www.manaus.am.gov.br\/semtepi\/wp-content\/uploads\/sites\/20\/2023\/04\/Sine-Manaus-oferta-129-vagas-de-emprego-nesta-quinta-feira.jpg","datePublished":"2023-10-02T19:09:10+00:00","dateModified":"2023-10-02T19:09:11+00:00","breadcrumb":{"@id":"https:\/\/www.manaus.am.gov.br\/semtepi\/oportunidade\/sine-manaus-oferta-667-vagas-de-emprego-nesta-terca-feira-3-10\/#breadcrumb"},"inLanguage":"pt-BR","potentialAction":[{"@type":"ReadAction","target":["https:\/\/www.manaus.am.gov.br\/semtepi\/oportunidade\/sine-manaus-oferta-667-vagas-de-emprego-nesta-terca-feira-3-10\/"]}]},{"@type":"ImageObject","inLanguage":"pt-BR","@id":"https:\/\/www.manaus.am.gov.br\/semtepi\/oportunidade\/sine-manaus-oferta-667-vagas-de-emprego-nesta-terca-feira-3-10\/#primaryimage","url":"https:\/\/www.manaus.am.gov.br\/semtepi\/wp-content\/uploads\/sites\/20\/2023\/04\/Sine-Manaus-oferta-129-vagas-de-emprego-nesta-quinta-feira.jpg","contentUrl":"https:\/\/www.manaus.am.gov.br\/semtepi\/wp-content\/uploads\/sites\/20\/2023\/04\/Sine-Manaus-oferta-129-vagas-de-emprego-nesta-quinta-feira.jpg","width":2048,"height":1365},{"@type":"BreadcrumbList","@id":"https:\/\/www.manaus.am.gov.br\/semtepi\/oportunidade\/sine-manaus-oferta-667-vagas-de-emprego-nesta-terca-feira-3-10\/#breadcrumb","itemListElement":[{"@type":"ListItem","position":1,"name":"Home","item":"https:\/\/www.manaus.am.gov.br\/semtepi\/"},{"@type":"ListItem","position":2,"name":"Sine Manaus oferta 667 vagas de emprego nesta ter\u00e7a-feira, 3\/10"}]},{"@type":"WebSite","@id":"https:\/\/www.manaus.am.gov.br\/semtepi\/#website","url":"https:\/\/www.manaus.am.gov.br\/semtepi\/","name":"SEMTEPI","description":"Prefeitura de Manaus","publisher":{"@id":"https:\/\/www.manaus.am.gov.br\/semtepi\/#organization"},"alternateName":"Secretaria Municipal do Trabalho, Empreendedorismo e Inova\u00e7\u00e3o","potentialAction":[{"@type":"SearchAction","target":{"@type":"EntryPoint","urlTemplate":"https:\/\/www.manaus.am.gov.br\/semtepi\/?s={search_term_string}"},"query-input":"required name=search_term_string"}],"inLanguage":"pt-BR"},{"@type":"Organization","@id":"https:\/\/www.manaus.am.gov.br\/semtepi\/#organization","name":"Prefeitura Municipal de Manaus","alternateName":"Prefeitura de Manaus","url":"https:\/\/www.manaus.am.gov.br\/semtepi\/","logo":{"@type":"ImageObject","inLanguage":"pt-BR","@id":"https:\/\/www.manaus.am.gov.br\/semtepi\/#\/schema\/logo\/image\/","url":"https:\/\/www.manaus.am.gov.br\/semtepi\/wp-content\/uploads\/sites\/20\/2024\/07\/favicon.png","contentUrl":"https:\/\/www.manaus.am.gov.br\/semtepi\/wp-content\/uploads\/sites\/20\/2024\/07\/favicon.png","width":300,"height":300,"caption":"Prefeitura Municipal de Manaus"},"image":{"@id":"https:\/\/www.manaus.am.gov.br\/semtepi\/#\/schema\/logo\/image\/"}},{"@type":"Person","@id":"https:\/\/www.manaus.am.gov.br\/semtepi\/#\/schema\/person\/4e49f4e267757a06ca072ec61b2b9968","name":"Adriana Costa","image":{"@type":"ImageObject","inLanguage":"pt-BR","@id":"https:\/\/www.manaus.am.gov.br\/semtepi\/#\/schema\/person\/image\/","url":"https:\/\/secure.gravatar.com\/avatar\/576258617ef7194f718179e766d57bd4?s=96&d=mm&r=g","contentUrl":"https:\/\/secure.gravatar.com\/avatar\/576258617ef7194f718179e766d57bd4?s=96&d=mm&r=g","caption":"Adriana Costa"}}]}},"_links":{"self":[{"href":"https:\/\/www.manaus.am.gov.br\/semtepi\/wp-json\/wp\/v2\/posts\/2718"}],"collection":[{"href":"https:\/\/www.manaus.am.gov.br\/semtepi\/wp-json\/wp\/v2\/posts"}],"about":[{"href":"https:\/\/www.manaus.am.gov.br\/semtepi\/wp-json\/wp\/v2\/types\/post"}],"author":[{"embeddable":true,"href":"https:\/\/www.manaus.am.gov.br\/semtepi\/wp-json\/wp\/v2\/users\/23"}],"replies":[{"embeddable":true,"href":"https:\/\/www.manaus.am.gov.br\/semtepi\/wp-json\/wp\/v2\/comments?post=2718"}],"version-history":[{"count":0,"href":"https:\/\/www.manaus.am.gov.br\/semtepi\/wp-json\/wp\/v2\/posts\/2718\/revisions"}],"wp:featuredmedia":[{"embeddable":true,"href":"https:\/\/www.manaus.am.gov.br\/semtepi\/wp-json\/wp\/v2\/media\/203"}],"wp:attachment":[{"href":"https:\/\/www.manaus.am.gov.br\/semtepi\/wp-json\/wp\/v2\/media?parent=2718"}],"wp:term":[{"taxonomy":"category","embeddable":true,"href":"https:\/\/www.manaus.am.gov.br\/semtepi\/wp-json\/wp\/v2\/categories?post=2718"},{"taxonomy":"post_tag","embeddable":true,"href":"https:\/\/www.manaus.am.gov.br\/semtepi\/wp-json\/wp\/v2\/tags?post=2718"}],"curies":[{"name":"wp","href":"https:\/\/api.w.org\/{rel}","templated":true}]}}