{"id":2712,"date":"2023-10-02T12:33:05","date_gmt":"2023-10-02T16:33:05","guid":{"rendered":"https:\/\/www.manaus.am.gov.br\/semtepi\/sem-categoria\/prefeitura-de-manaus-oferta-105-vagas-gratuitas-para-cursos-de-qualificacao-profissional\/"},"modified":"2023-10-02T12:45:11","modified_gmt":"2023-10-02T16:45:11","slug":"prefeitura-de-manaus-oferta-105-vagas-gratuitas-para-cursos-de-qualificacao-profissional","status":"publish","type":"post","link":"https:\/\/www.manaus.am.gov.br\/semtepi\/qualificacao\/prefeitura-de-manaus-oferta-105-vagas-gratuitas-para-cursos-de-qualificacao-profissional\/","title":{"rendered":"<strong>Prefeitura de Manaus oferta 105 vagas gratuitas para cursos de qualifica\u00e7\u00e3o profissional<\/strong>"},"content":{"rendered":"\n<p>A Prefeitura de Manaus, por meio da Secretaria Municipal do Trabalho, Empreendedorismo e Inova\u00e7\u00e3o (Semtepi), em parceria com o Servi\u00e7o Nacional de Aprendizagem Industrial (Senai), lan\u00e7a, nesta segunda-feira, 2\/10, um novo edital com 105 vagas gratuitas para cursos de qualifica\u00e7\u00e3o profissional, voltado para jovens que tenham a partir de 16 anos e empreendedores maiores de 18 anos, residentes em Manaus.<\/p>\n\n\n\n<p>Os cursos fazem parte dos projetos \u201cQualificar \u00e9 o Caminho Certo para Empregar\u201d e \u201cQualificar \u00e9 o Caminho Certo para Empreender\u201d, cuja miss\u00e3o \u00e9 disseminar e promover pol\u00edticas p\u00fablicas voltadas \u00e0 gera\u00e7\u00e3o de emprego, renda, desenvolvimento social e econ\u00f4mico ao p\u00fablico em geral. Entre as capacita\u00e7\u00f5es ofertadas est\u00e3o: Excel avan\u00e7ado, Tecnologia da Constru\u00e7\u00e3o a Seco, Manuten\u00e7\u00e3o Abrigada, Fechamento e Polariza\u00e7\u00e3o de Motor e Dimensionamento de Carga T\u00e9rmica para Refrigera\u00e7\u00e3o.<\/p>\n\n\n\n<p>\u201cA import\u00e2ncia desses cursos de qualifica\u00e7\u00e3o profissional vai al\u00e9m das habilidades t\u00e9cnicas adquiridas. Eles representam um compromisso com o desenvolvimento de uma for\u00e7a de trabalho capacitada, capaz de impulsionar a economia local. Al\u00e9m disso, oferecem uma chance \u00fanica para os jovens se prepararem para um futuro mais promissor, cheio de oportunidades de emprego e crescimento pessoal\u201d, frisou o titular da Semtepi, Radyr J\u00fanior.<\/p>\n\n\n\n<p>Os interessados devem ler integralmente o edital e realizar a pr\u00e9-inscri\u00e7\u00e3o por meio do link (<a href=\"https:\/\/forms.gle\/WUYpB7noWRN4bWTL7\" target=\"_blank\" rel=\"noreferrer noopener\">https:\/\/forms.gle\/WUYpB7noWRN4bWTL7<\/a>). A realiza\u00e7\u00e3o da inscri\u00e7\u00e3o n\u00e3o garante ao candidato a participa\u00e7\u00e3o no curso escolhido, pois haver\u00e1 um processo seletivo conforme descrito no edital. O resultado dos selecionados ser\u00e1 divulgado nesta ter\u00e7a-feira, 3\/10.<\/p>\n\n\n\n<p>Os cursos ser\u00e3o realizados presencialmente no per\u00edodo de 5\/10 a 16\/11, nos turnos matutino (10h30 \u00e0 13h30), vespertino (14h \u00e0 17h) e noturno (18h \u00e0 22h), em duas unidades da escola Senai Ant\u00f4nio Sim\u00f5es, localizadas nos bairros Crespo e Distrito Industrial I. Al\u00e9m dos cursos presenciais, os participantes selecionados ter\u00e3o a vantagem adicional de acesso a cursos de Ensino a Dist\u00e2ncia (EAD), ampliando ainda mais suas oportunidades de aprendizado e capacita\u00e7\u00e3o.<\/p>\n\n\n\n<p><strong><a href=\"https:\/\/www.manaus.am.gov.br\/semtepi\/wp-content\/uploads\/sites\/20\/2023\/10\/EDITAL-011.2023.pdf\">Confira o edital de sele\u00e7\u00e3o<\/a><\/strong><\/p>\n\n\n\n<p>&#8212; &#8212; &#8212;<\/p>\n\n\n\n<p><strong>Texto e Foto \u2013<\/strong>&nbsp;Divulga\u00e7\u00e3o \/ Semtepi<\/p>\n","protected":false},"excerpt":{"rendered":"","protected":false},"author":39,"featured_media":2716,"comment_status":"closed","ping_status":"closed","sticky":false,"template":"","format":"standard","meta":{"footnotes":""},"categories":[82],"tags":[621,622,8,623,118,9],"acf":[],"yoast_head":"<!-- This site is optimized with the Yoast SEO plugin v23.0 - https:\/\/yoast.com\/wordpress\/plugins\/seo\/ -->\n<title>Prefeitura de Manaus oferta 105 vagas gratuitas para cursos de qualifica\u00e7\u00e3o profissional<\/title>\n<meta name=\"description\" content=\"A Prefeitura de Manaus, por meio da Secretaria Municipal do Trabalho, Empreendedorismo e Inova\u00e7\u00e3o (Semtepi), em parceria com o Servi\u00e7o Nacional de Aprendizagem Industrial (Senai), lan\u00e7a, nesta segunda-feira, 2\/10, um novo edital com 105 vagas gratuitas para cursos de qualifica\u00e7\u00e3o profissional, voltado para jovens que tenham a partir de 16 anos e empreendedores maiores de 18 anos, residentes em Manaus.\" \/>\n<meta name=\"robots\" content=\"noindex, follow\" \/>\n<meta property=\"og:locale\" content=\"pt_BR\" \/>\n<meta property=\"og:type\" content=\"article\" \/>\n<meta property=\"og:title\" content=\"Prefeitura de Manaus oferta 105 vagas gratuitas para cursos de qualifica\u00e7\u00e3o profissional\" \/>\n<meta property=\"og:description\" content=\"A Prefeitura de Manaus, por meio da Secretaria Municipal do Trabalho, Empreendedorismo e Inova\u00e7\u00e3o (Semtepi), em parceria com o Servi\u00e7o Nacional de Aprendizagem Industrial (Senai), lan\u00e7a, nesta segunda-feira, 2\/10, um novo edital com 105 vagas gratuitas para cursos de qualifica\u00e7\u00e3o profissional, voltado para jovens que tenham a partir de 16 anos e empreendedores maiores de 18 anos, residentes em Manaus.\" \/>\n<meta property=\"og:url\" content=\"https:\/\/www.manaus.am.gov.br\/semtepi\/qualificacao\/prefeitura-de-manaus-oferta-105-vagas-gratuitas-para-cursos-de-qualificacao-profissional\/\" \/>\n<meta property=\"og:site_name\" content=\"SEMTEPI\" \/>\n<meta property=\"article:published_time\" content=\"2023-10-02T16:33:05+00:00\" \/>\n<meta property=\"article:modified_time\" content=\"2023-10-02T16:45:11+00:00\" \/>\n<meta property=\"og:image\" content=\"https:\/\/www.manaus.am.gov.br\/semtepi\/wp-content\/uploads\/sites\/20\/2023\/10\/Curso-Qualificacao.jpeg\" \/>\n\t<meta property=\"og:image:width\" content=\"1600\" \/>\n\t<meta property=\"og:image:height\" content=\"1200\" \/>\n\t<meta property=\"og:image:type\" content=\"image\/jpeg\" \/>\n<meta name=\"author\" content=\"Bruna Greco\" \/>\n<meta name=\"twitter:card\" content=\"summary_large_image\" \/>\n<meta name=\"twitter:label1\" content=\"Written by\" \/>\n\t<meta name=\"twitter:data1\" content=\"Bruna Greco\" \/>\n\t<meta name=\"twitter:label2\" content=\"Est. reading time\" \/>\n\t<meta name=\"twitter:data2\" content=\"2 minutos\" \/>\n<script type=\"application\/ld+json\" class=\"yoast-schema-graph\">{\"@context\":\"https:\/\/schema.org\",\"@graph\":[{\"@type\":\"Article\",\"@id\":\"https:\/\/www.manaus.am.gov.br\/semtepi\/qualificacao\/prefeitura-de-manaus-oferta-105-vagas-gratuitas-para-cursos-de-qualificacao-profissional\/#article\",\"isPartOf\":{\"@id\":\"https:\/\/www.manaus.am.gov.br\/semtepi\/qualificacao\/prefeitura-de-manaus-oferta-105-vagas-gratuitas-para-cursos-de-qualificacao-profissional\/\"},\"author\":{\"name\":\"Bruna Greco\",\"@id\":\"https:\/\/www.manaus.am.gov.br\/semtepi\/#\/schema\/person\/05d223aea2bf115f9883a6ff3683d81b\"},\"headline\":\"Prefeitura de Manaus oferta 105 vagas gratuitas para cursos de qualifica\u00e7\u00e3o profissional\",\"datePublished\":\"2023-10-02T16:33:05+00:00\",\"dateModified\":\"2023-10-02T16:45:11+00:00\",\"mainEntityOfPage\":{\"@id\":\"https:\/\/www.manaus.am.gov.br\/semtepi\/qualificacao\/prefeitura-de-manaus-oferta-105-vagas-gratuitas-para-cursos-de-qualificacao-profissional\/\"},\"wordCount\":369,\"publisher\":{\"@id\":\"https:\/\/www.manaus.am.gov.br\/semtepi\/#organization\"},\"image\":{\"@id\":\"https:\/\/www.manaus.am.gov.br\/semtepi\/qualificacao\/prefeitura-de-manaus-oferta-105-vagas-gratuitas-para-cursos-de-qualificacao-profissional\/#primaryimage\"},\"thumbnailUrl\":\"https:\/\/www.manaus.am.gov.br\/semtepi\/wp-content\/uploads\/sites\/20\/2023\/10\/Curso-Qualificacao.jpeg\",\"keywords\":[\"105 vagas gratuitas\",\"novo edital\",\"prefeitura de manaus\",\"projetos \u201cQualificar \u00e9 o Caminho Certo para Empregar\u201d e \u201cQualificar \u00e9 o Caminho Certo para Empreender\u201d\",\"qualifica\u00e7\u00e3o\",\"Semtepi\"],\"articleSection\":[\"Qualifica\u00e7\u00e3o\"],\"inLanguage\":\"pt-BR\"},{\"@type\":\"WebPage\",\"@id\":\"https:\/\/www.manaus.am.gov.br\/semtepi\/qualificacao\/prefeitura-de-manaus-oferta-105-vagas-gratuitas-para-cursos-de-qualificacao-profissional\/\",\"url\":\"https:\/\/www.manaus.am.gov.br\/semtepi\/qualificacao\/prefeitura-de-manaus-oferta-105-vagas-gratuitas-para-cursos-de-qualificacao-profissional\/\",\"name\":\"Prefeitura de Manaus oferta 105 vagas gratuitas para cursos de qualifica\u00e7\u00e3o profissional\",\"isPartOf\":{\"@id\":\"https:\/\/www.manaus.am.gov.br\/semtepi\/#website\"},\"primaryImageOfPage\":{\"@id\":\"https:\/\/www.manaus.am.gov.br\/semtepi\/qualificacao\/prefeitura-de-manaus-oferta-105-vagas-gratuitas-para-cursos-de-qualificacao-profissional\/#primaryimage\"},\"image\":{\"@id\":\"https:\/\/www.manaus.am.gov.br\/semtepi\/qualificacao\/prefeitura-de-manaus-oferta-105-vagas-gratuitas-para-cursos-de-qualificacao-profissional\/#primaryimage\"},\"thumbnailUrl\":\"https:\/\/www.manaus.am.gov.br\/semtepi\/wp-content\/uploads\/sites\/20\/2023\/10\/Curso-Qualificacao.jpeg\",\"datePublished\":\"2023-10-02T16:33:05+00:00\",\"dateModified\":\"2023-10-02T16:45:11+00:00\",\"description\":\"A Prefeitura de Manaus, por meio da Secretaria Municipal do Trabalho, Empreendedorismo e Inova\u00e7\u00e3o (Semtepi), em parceria com o Servi\u00e7o Nacional de Aprendizagem Industrial (Senai), lan\u00e7a, nesta segunda-feira, 2\/10, um novo edital com 105 vagas gratuitas para cursos de qualifica\u00e7\u00e3o profissional, voltado para jovens que tenham a partir de 16 anos e empreendedores maiores de 18 anos, residentes em Manaus.\",\"breadcrumb\":{\"@id\":\"https:\/\/www.manaus.am.gov.br\/semtepi\/qualificacao\/prefeitura-de-manaus-oferta-105-vagas-gratuitas-para-cursos-de-qualificacao-profissional\/#breadcrumb\"},\"inLanguage\":\"pt-BR\",\"potentialAction\":[{\"@type\":\"ReadAction\",\"target\":[\"https:\/\/www.manaus.am.gov.br\/semtepi\/qualificacao\/prefeitura-de-manaus-oferta-105-vagas-gratuitas-para-cursos-de-qualificacao-profissional\/\"]}]},{\"@type\":\"ImageObject\",\"inLanguage\":\"pt-BR\",\"@id\":\"https:\/\/www.manaus.am.gov.br\/semtepi\/qualificacao\/prefeitura-de-manaus-oferta-105-vagas-gratuitas-para-cursos-de-qualificacao-profissional\/#primaryimage\",\"url\":\"https:\/\/www.manaus.am.gov.br\/semtepi\/wp-content\/uploads\/sites\/20\/2023\/10\/Curso-Qualificacao.jpeg\",\"contentUrl\":\"https:\/\/www.manaus.am.gov.br\/semtepi\/wp-content\/uploads\/sites\/20\/2023\/10\/Curso-Qualificacao.jpeg\",\"width\":1600,\"height\":1200},{\"@type\":\"BreadcrumbList\",\"@id\":\"https:\/\/www.manaus.am.gov.br\/semtepi\/qualificacao\/prefeitura-de-manaus-oferta-105-vagas-gratuitas-para-cursos-de-qualificacao-profissional\/#breadcrumb\",\"itemListElement\":[{\"@type\":\"ListItem\",\"position\":1,\"name\":\"Home\",\"item\":\"https:\/\/www.manaus.am.gov.br\/semtepi\/\"},{\"@type\":\"ListItem\",\"position\":2,\"name\":\"Prefeitura de Manaus oferta 105 vagas gratuitas para cursos de qualifica\u00e7\u00e3o profissional\"}]},{\"@type\":\"WebSite\",\"@id\":\"https:\/\/www.manaus.am.gov.br\/semtepi\/#website\",\"url\":\"https:\/\/www.manaus.am.gov.br\/semtepi\/\",\"name\":\"SEMTEPI\",\"description\":\"Prefeitura de Manaus\",\"publisher\":{\"@id\":\"https:\/\/www.manaus.am.gov.br\/semtepi\/#organization\"},\"alternateName\":\"Secretaria Municipal do Trabalho, Empreendedorismo e Inova\u00e7\u00e3o\",\"potentialAction\":[{\"@type\":\"SearchAction\",\"target\":{\"@type\":\"EntryPoint\",\"urlTemplate\":\"https:\/\/www.manaus.am.gov.br\/semtepi\/?s={search_term_string}\"},\"query-input\":\"required name=search_term_string\"}],\"inLanguage\":\"pt-BR\"},{\"@type\":\"Organization\",\"@id\":\"https:\/\/www.manaus.am.gov.br\/semtepi\/#organization\",\"name\":\"Prefeitura Municipal de Manaus\",\"alternateName\":\"Prefeitura de Manaus\",\"url\":\"https:\/\/www.manaus.am.gov.br\/semtepi\/\",\"logo\":{\"@type\":\"ImageObject\",\"inLanguage\":\"pt-BR\",\"@id\":\"https:\/\/www.manaus.am.gov.br\/semtepi\/#\/schema\/logo\/image\/\",\"url\":\"https:\/\/www.manaus.am.gov.br\/semtepi\/wp-content\/uploads\/sites\/20\/2024\/07\/favicon.png\",\"contentUrl\":\"https:\/\/www.manaus.am.gov.br\/semtepi\/wp-content\/uploads\/sites\/20\/2024\/07\/favicon.png\",\"width\":300,\"height\":300,\"caption\":\"Prefeitura Municipal de Manaus\"},\"image\":{\"@id\":\"https:\/\/www.manaus.am.gov.br\/semtepi\/#\/schema\/logo\/image\/\"}},{\"@type\":\"Person\",\"@id\":\"https:\/\/www.manaus.am.gov.br\/semtepi\/#\/schema\/person\/05d223aea2bf115f9883a6ff3683d81b\",\"name\":\"Bruna Greco\",\"image\":{\"@type\":\"ImageObject\",\"inLanguage\":\"pt-BR\",\"@id\":\"https:\/\/www.manaus.am.gov.br\/semtepi\/#\/schema\/person\/image\/\",\"url\":\"https:\/\/secure.gravatar.com\/avatar\/9c877d1a6adc2a055330e5c09a8653ce?s=96&d=mm&r=g\",\"contentUrl\":\"https:\/\/secure.gravatar.com\/avatar\/9c877d1a6adc2a055330e5c09a8653ce?s=96&d=mm&r=g\",\"caption\":\"Bruna Greco\"}}]}<\/script>\n<!-- \/ Yoast SEO plugin. -->","yoast_head_json":{"title":"Prefeitura de Manaus oferta 105 vagas gratuitas para cursos de qualifica\u00e7\u00e3o profissional","description":"A Prefeitura de Manaus, por meio da Secretaria Municipal do Trabalho, Empreendedorismo e Inova\u00e7\u00e3o (Semtepi), em parceria com o Servi\u00e7o Nacional de Aprendizagem Industrial (Senai), lan\u00e7a, nesta segunda-feira, 2\/10, um novo edital com 105 vagas gratuitas para cursos de qualifica\u00e7\u00e3o profissional, voltado para jovens que tenham a partir de 16 anos e empreendedores maiores de 18 anos, residentes em Manaus.","robots":{"index":"noindex","follow":"follow"},"og_locale":"pt_BR","og_type":"article","og_title":"Prefeitura de Manaus oferta 105 vagas gratuitas para cursos de qualifica\u00e7\u00e3o profissional","og_description":"A Prefeitura de Manaus, por meio da Secretaria Municipal do Trabalho, Empreendedorismo e Inova\u00e7\u00e3o (Semtepi), em parceria com o Servi\u00e7o Nacional de Aprendizagem Industrial (Senai), lan\u00e7a, nesta segunda-feira, 2\/10, um novo edital com 105 vagas gratuitas para cursos de qualifica\u00e7\u00e3o profissional, voltado para jovens que tenham a partir de 16 anos e empreendedores maiores de 18 anos, residentes em Manaus.","og_url":"https:\/\/www.manaus.am.gov.br\/semtepi\/qualificacao\/prefeitura-de-manaus-oferta-105-vagas-gratuitas-para-cursos-de-qualificacao-profissional\/","og_site_name":"SEMTEPI","article_published_time":"2023-10-02T16:33:05+00:00","article_modified_time":"2023-10-02T16:45:11+00:00","og_image":[{"width":1600,"height":1200,"url":"https:\/\/www.manaus.am.gov.br\/semtepi\/wp-content\/uploads\/sites\/20\/2023\/10\/Curso-Qualificacao.jpeg","type":"image\/jpeg"}],"author":"Bruna Greco","twitter_card":"summary_large_image","twitter_misc":{"Written by":"Bruna Greco","Est. reading time":"2 minutos"},"schema":{"@context":"https:\/\/schema.org","@graph":[{"@type":"Article","@id":"https:\/\/www.manaus.am.gov.br\/semtepi\/qualificacao\/prefeitura-de-manaus-oferta-105-vagas-gratuitas-para-cursos-de-qualificacao-profissional\/#article","isPartOf":{"@id":"https:\/\/www.manaus.am.gov.br\/semtepi\/qualificacao\/prefeitura-de-manaus-oferta-105-vagas-gratuitas-para-cursos-de-qualificacao-profissional\/"},"author":{"name":"Bruna Greco","@id":"https:\/\/www.manaus.am.gov.br\/semtepi\/#\/schema\/person\/05d223aea2bf115f9883a6ff3683d81b"},"headline":"Prefeitura de Manaus oferta 105 vagas gratuitas para cursos de qualifica\u00e7\u00e3o profissional","datePublished":"2023-10-02T16:33:05+00:00","dateModified":"2023-10-02T16:45:11+00:00","mainEntityOfPage":{"@id":"https:\/\/www.manaus.am.gov.br\/semtepi\/qualificacao\/prefeitura-de-manaus-oferta-105-vagas-gratuitas-para-cursos-de-qualificacao-profissional\/"},"wordCount":369,"publisher":{"@id":"https:\/\/www.manaus.am.gov.br\/semtepi\/#organization"},"image":{"@id":"https:\/\/www.manaus.am.gov.br\/semtepi\/qualificacao\/prefeitura-de-manaus-oferta-105-vagas-gratuitas-para-cursos-de-qualificacao-profissional\/#primaryimage"},"thumbnailUrl":"https:\/\/www.manaus.am.gov.br\/semtepi\/wp-content\/uploads\/sites\/20\/2023\/10\/Curso-Qualificacao.jpeg","keywords":["105 vagas gratuitas","novo edital","prefeitura de manaus","projetos \u201cQualificar \u00e9 o Caminho Certo para Empregar\u201d e \u201cQualificar \u00e9 o Caminho Certo para Empreender\u201d","qualifica\u00e7\u00e3o","Semtepi"],"articleSection":["Qualifica\u00e7\u00e3o"],"inLanguage":"pt-BR"},{"@type":"WebPage","@id":"https:\/\/www.manaus.am.gov.br\/semtepi\/qualificacao\/prefeitura-de-manaus-oferta-105-vagas-gratuitas-para-cursos-de-qualificacao-profissional\/","url":"https:\/\/www.manaus.am.gov.br\/semtepi\/qualificacao\/prefeitura-de-manaus-oferta-105-vagas-gratuitas-para-cursos-de-qualificacao-profissional\/","name":"Prefeitura de Manaus oferta 105 vagas gratuitas para cursos de qualifica\u00e7\u00e3o profissional","isPartOf":{"@id":"https:\/\/www.manaus.am.gov.br\/semtepi\/#website"},"primaryImageOfPage":{"@id":"https:\/\/www.manaus.am.gov.br\/semtepi\/qualificacao\/prefeitura-de-manaus-oferta-105-vagas-gratuitas-para-cursos-de-qualificacao-profissional\/#primaryimage"},"image":{"@id":"https:\/\/www.manaus.am.gov.br\/semtepi\/qualificacao\/prefeitura-de-manaus-oferta-105-vagas-gratuitas-para-cursos-de-qualificacao-profissional\/#primaryimage"},"thumbnailUrl":"https:\/\/www.manaus.am.gov.br\/semtepi\/wp-content\/uploads\/sites\/20\/2023\/10\/Curso-Qualificacao.jpeg","datePublished":"2023-10-02T16:33:05+00:00","dateModified":"2023-10-02T16:45:11+00:00","description":"A Prefeitura de Manaus, por meio da Secretaria Municipal do Trabalho, Empreendedorismo e Inova\u00e7\u00e3o (Semtepi), em parceria com o Servi\u00e7o Nacional de Aprendizagem Industrial (Senai), lan\u00e7a, nesta segunda-feira, 2\/10, um novo edital com 105 vagas gratuitas para cursos de qualifica\u00e7\u00e3o profissional, voltado para jovens que tenham a partir de 16 anos e empreendedores maiores de 18 anos, residentes em Manaus.","breadcrumb":{"@id":"https:\/\/www.manaus.am.gov.br\/semtepi\/qualificacao\/prefeitura-de-manaus-oferta-105-vagas-gratuitas-para-cursos-de-qualificacao-profissional\/#breadcrumb"},"inLanguage":"pt-BR","potentialAction":[{"@type":"ReadAction","target":["https:\/\/www.manaus.am.gov.br\/semtepi\/qualificacao\/prefeitura-de-manaus-oferta-105-vagas-gratuitas-para-cursos-de-qualificacao-profissional\/"]}]},{"@type":"ImageObject","inLanguage":"pt-BR","@id":"https:\/\/www.manaus.am.gov.br\/semtepi\/qualificacao\/prefeitura-de-manaus-oferta-105-vagas-gratuitas-para-cursos-de-qualificacao-profissional\/#primaryimage","url":"https:\/\/www.manaus.am.gov.br\/semtepi\/wp-content\/uploads\/sites\/20\/2023\/10\/Curso-Qualificacao.jpeg","contentUrl":"https:\/\/www.manaus.am.gov.br\/semtepi\/wp-content\/uploads\/sites\/20\/2023\/10\/Curso-Qualificacao.jpeg","width":1600,"height":1200},{"@type":"BreadcrumbList","@id":"https:\/\/www.manaus.am.gov.br\/semtepi\/qualificacao\/prefeitura-de-manaus-oferta-105-vagas-gratuitas-para-cursos-de-qualificacao-profissional\/#breadcrumb","itemListElement":[{"@type":"ListItem","position":1,"name":"Home","item":"https:\/\/www.manaus.am.gov.br\/semtepi\/"},{"@type":"ListItem","position":2,"name":"Prefeitura de Manaus oferta 105 vagas gratuitas para cursos de qualifica\u00e7\u00e3o profissional"}]},{"@type":"WebSite","@id":"https:\/\/www.manaus.am.gov.br\/semtepi\/#website","url":"https:\/\/www.manaus.am.gov.br\/semtepi\/","name":"SEMTEPI","description":"Prefeitura de Manaus","publisher":{"@id":"https:\/\/www.manaus.am.gov.br\/semtepi\/#organization"},"alternateName":"Secretaria Municipal do Trabalho, Empreendedorismo e Inova\u00e7\u00e3o","potentialAction":[{"@type":"SearchAction","target":{"@type":"EntryPoint","urlTemplate":"https:\/\/www.manaus.am.gov.br\/semtepi\/?s={search_term_string}"},"query-input":"required name=search_term_string"}],"inLanguage":"pt-BR"},{"@type":"Organization","@id":"https:\/\/www.manaus.am.gov.br\/semtepi\/#organization","name":"Prefeitura Municipal de Manaus","alternateName":"Prefeitura de Manaus","url":"https:\/\/www.manaus.am.gov.br\/semtepi\/","logo":{"@type":"ImageObject","inLanguage":"pt-BR","@id":"https:\/\/www.manaus.am.gov.br\/semtepi\/#\/schema\/logo\/image\/","url":"https:\/\/www.manaus.am.gov.br\/semtepi\/wp-content\/uploads\/sites\/20\/2024\/07\/favicon.png","contentUrl":"https:\/\/www.manaus.am.gov.br\/semtepi\/wp-content\/uploads\/sites\/20\/2024\/07\/favicon.png","width":300,"height":300,"caption":"Prefeitura Municipal de Manaus"},"image":{"@id":"https:\/\/www.manaus.am.gov.br\/semtepi\/#\/schema\/logo\/image\/"}},{"@type":"Person","@id":"https:\/\/www.manaus.am.gov.br\/semtepi\/#\/schema\/person\/05d223aea2bf115f9883a6ff3683d81b","name":"Bruna Greco","image":{"@type":"ImageObject","inLanguage":"pt-BR","@id":"https:\/\/www.manaus.am.gov.br\/semtepi\/#\/schema\/person\/image\/","url":"https:\/\/secure.gravatar.com\/avatar\/9c877d1a6adc2a055330e5c09a8653ce?s=96&d=mm&r=g","contentUrl":"https:\/\/secure.gravatar.com\/avatar\/9c877d1a6adc2a055330e5c09a8653ce?s=96&d=mm&r=g","caption":"Bruna Greco"}}]}},"_links":{"self":[{"href":"https:\/\/www.manaus.am.gov.br\/semtepi\/wp-json\/wp\/v2\/posts\/2712"}],"collection":[{"href":"https:\/\/www.manaus.am.gov.br\/semtepi\/wp-json\/wp\/v2\/posts"}],"about":[{"href":"https:\/\/www.manaus.am.gov.br\/semtepi\/wp-json\/wp\/v2\/types\/post"}],"author":[{"embeddable":true,"href":"https:\/\/www.manaus.am.gov.br\/semtepi\/wp-json\/wp\/v2\/users\/39"}],"replies":[{"embeddable":true,"href":"https:\/\/www.manaus.am.gov.br\/semtepi\/wp-json\/wp\/v2\/comments?post=2712"}],"version-history":[{"count":3,"href":"https:\/\/www.manaus.am.gov.br\/semtepi\/wp-json\/wp\/v2\/posts\/2712\/revisions"}],"predecessor-version":[{"id":2717,"href":"https:\/\/www.manaus.am.gov.br\/semtepi\/wp-json\/wp\/v2\/posts\/2712\/revisions\/2717"}],"wp:featuredmedia":[{"embeddable":true,"href":"https:\/\/www.manaus.am.gov.br\/semtepi\/wp-json\/wp\/v2\/media\/2716"}],"wp:attachment":[{"href":"https:\/\/www.manaus.am.gov.br\/semtepi\/wp-json\/wp\/v2\/media?parent=2712"}],"wp:term":[{"taxonomy":"category","embeddable":true,"href":"https:\/\/www.manaus.am.gov.br\/semtepi\/wp-json\/wp\/v2\/categories?post=2712"},{"taxonomy":"post_tag","embeddable":true,"href":"https:\/\/www.manaus.am.gov.br\/semtepi\/wp-json\/wp\/v2\/tags?post=2712"}],"curies":[{"name":"wp","href":"https:\/\/api.w.org\/{rel}","templated":true}]}}