{"id":2690,"date":"2023-09-27T15:55:24","date_gmt":"2023-09-27T19:55:24","guid":{"rendered":"https:\/\/www.manaus.am.gov.br\/semtepi\/sem-categoria\/prefeitura-de-manaus-oferta-24-vagas-para-curso-de-informatica-basica\/"},"modified":"2023-09-27T15:55:25","modified_gmt":"2023-09-27T19:55:25","slug":"prefeitura-de-manaus-oferta-24-vagas-para-curso-de-informatica-basica","status":"publish","type":"post","link":"https:\/\/www.manaus.am.gov.br\/semtepi\/inscricoes\/prefeitura-de-manaus-oferta-24-vagas-para-curso-de-informatica-basica\/","title":{"rendered":"<strong>Prefeitura de Manaus oferta 24 vagas para curso de Inform\u00e1tica B\u00e1sica<\/strong>"},"content":{"rendered":"\n<p>A Prefeitura de Manaus, por meio da Secretaria Municipal do Trabalho, Empreendedorismo e Inova\u00e7\u00e3o (Semtepi), em parceria com o Senac Amazonas, oferta, nesta quarta-feira, 27\/9, 24 vagas gratuitas para curso de inform\u00e1tica b\u00e1sica, que faz parte do projeto \u201cQualificar \u00e9 o Caminho Certo para Empreender\u201d.<\/p>\n\n\n\n<p>Os interessados em participar devem ter a partir de 14 anos e ensino fundamental completo. As inscri\u00e7\u00f5es devem ser realizadas pelo link&nbsp;<a href=\"https:\/\/forms.gle\/bQzWqAdoa9WUiSku8\" target=\"_blank\" rel=\"noreferrer noopener\">https:\/\/forms.gle\/bQzWqAdoa9WUiSku8<\/a>. A lista de selecionados ser\u00e1 divulgada nesta sexta-feira, 29\/9.<\/p>\n\n\n\n<p>\u201cEssa \u00e9 uma oportunidade valiosa para quem deseja aprender no\u00e7\u00f5es fundamentais de inform\u00e1tica, que podem fazer toda a diferen\u00e7a na vida pessoal e profissional\u201d, destacou o secret\u00e1rio da Semtepi, Radyr J\u00fanior.<\/p>\n\n\n\n<p>O curso ser\u00e1 realizado presencialmente no per\u00edodo de 2 a 30\/10, nos turnos matutino, das 8h \u00e0s 12h, e vespertino, das 13h \u00e0s 17h, no Centro de Conviv\u00eancia da Fam\u00edlia e do Idoso Prefeito Jos\u00e9 Fernandes, localizado na&nbsp;<a href=\"https:\/\/www.google.com\/maps\/search\/rua+Barreirinha,+n%C2%B0+14,+Quadra%0D%0A45?entry=gmail&amp;source=g\" target=\"_blank\" rel=\"noreferrer noopener\">rua Barreirinha, n\u00b0 14, quadra 45<\/a>, bairro S\u00e3o Jos\u00e9 Oper\u00e1rio, zona Leste.<\/p>\n\n\n\n<p>&#8212; &#8212; &#8212;<\/p>\n\n\n\n<p><strong>Texto e foto \u2013 <\/strong>Divulga\u00e7\u00e3o \/ Semtepi<\/p>\n","protected":false},"excerpt":{"rendered":"","protected":false},"author":39,"featured_media":2691,"comment_status":"closed","ping_status":"closed","sticky":false,"template":"","format":"standard","meta":{"footnotes":""},"categories":[97],"tags":[614,615,116,8,9,386],"acf":[],"yoast_head":"<!-- This site is optimized with the Yoast SEO plugin v23.0 - https:\/\/yoast.com\/wordpress\/plugins\/seo\/ -->\n<title>Prefeitura de Manaus oferta 24 vagas para curso de Inform\u00e1tica B\u00e1sica<\/title>\n<meta name=\"description\" content=\"Os interessados em participar devem ter a partir de 14 anos e ensino fundamental completo. As inscri\u00e7\u00f5es devem ser realizadas pelo link\u00a0https:\/\/forms.gle\/bQzWqAdoa9WUiSku8. A lista de selecionados ser\u00e1 divulgada nesta sexta-feira, 29\/9.\" \/>\n<meta name=\"robots\" content=\"noindex, follow\" \/>\n<meta property=\"og:locale\" content=\"pt_BR\" \/>\n<meta property=\"og:type\" content=\"article\" \/>\n<meta property=\"og:title\" content=\"Prefeitura de Manaus oferta 24 vagas para curso de Inform\u00e1tica B\u00e1sica\" \/>\n<meta property=\"og:description\" content=\"Os interessados em participar devem ter a partir de 14 anos e ensino fundamental completo. As inscri\u00e7\u00f5es devem ser realizadas pelo link\u00a0https:\/\/forms.gle\/bQzWqAdoa9WUiSku8. A lista de selecionados ser\u00e1 divulgada nesta sexta-feira, 29\/9.\" \/>\n<meta property=\"og:url\" content=\"https:\/\/www.manaus.am.gov.br\/semtepi\/inscricoes\/prefeitura-de-manaus-oferta-24-vagas-para-curso-de-informatica-basica\/\" \/>\n<meta property=\"og:site_name\" content=\"SEMTEPI\" \/>\n<meta property=\"article:published_time\" content=\"2023-09-27T19:55:24+00:00\" \/>\n<meta property=\"article:modified_time\" content=\"2023-09-27T19:55:25+00:00\" \/>\n<meta property=\"og:image\" content=\"https:\/\/www.manaus.am.gov.br\/semtepi\/wp-content\/uploads\/sites\/20\/2023\/09\/Programacao-2.jpeg\" \/>\n\t<meta property=\"og:image:width\" content=\"1600\" \/>\n\t<meta property=\"og:image:height\" content=\"1200\" \/>\n\t<meta property=\"og:image:type\" content=\"image\/jpeg\" \/>\n<meta name=\"author\" content=\"Bruna Greco\" \/>\n<meta name=\"twitter:card\" content=\"summary_large_image\" \/>\n<meta name=\"twitter:label1\" content=\"Written by\" \/>\n\t<meta name=\"twitter:data1\" content=\"Bruna Greco\" \/>\n\t<meta name=\"twitter:label2\" content=\"Est. reading time\" \/>\n\t<meta name=\"twitter:data2\" content=\"1 minuto\" \/>\n<script type=\"application\/ld+json\" class=\"yoast-schema-graph\">{\"@context\":\"https:\/\/schema.org\",\"@graph\":[{\"@type\":\"Article\",\"@id\":\"https:\/\/www.manaus.am.gov.br\/semtepi\/inscricoes\/prefeitura-de-manaus-oferta-24-vagas-para-curso-de-informatica-basica\/#article\",\"isPartOf\":{\"@id\":\"https:\/\/www.manaus.am.gov.br\/semtepi\/inscricoes\/prefeitura-de-manaus-oferta-24-vagas-para-curso-de-informatica-basica\/\"},\"author\":{\"name\":\"Bruna Greco\",\"@id\":\"https:\/\/www.manaus.am.gov.br\/semtepi\/#\/schema\/person\/05d223aea2bf115f9883a6ff3683d81b\"},\"headline\":\"Prefeitura de Manaus oferta 24 vagas para curso de Inform\u00e1tica B\u00e1sica\",\"datePublished\":\"2023-09-27T19:55:24+00:00\",\"dateModified\":\"2023-09-27T19:55:25+00:00\",\"mainEntityOfPage\":{\"@id\":\"https:\/\/www.manaus.am.gov.br\/semtepi\/inscricoes\/prefeitura-de-manaus-oferta-24-vagas-para-curso-de-informatica-basica\/\"},\"wordCount\":189,\"publisher\":{\"@id\":\"https:\/\/www.manaus.am.gov.br\/semtepi\/#organization\"},\"image\":{\"@id\":\"https:\/\/www.manaus.am.gov.br\/semtepi\/inscricoes\/prefeitura-de-manaus-oferta-24-vagas-para-curso-de-informatica-basica\/#primaryimage\"},\"thumbnailUrl\":\"https:\/\/www.manaus.am.gov.br\/semtepi\/wp-content\/uploads\/sites\/20\/2023\/09\/Programacao-2.jpeg\",\"keywords\":[\"24 vagas\",\"curso de inform\u00e1tica b\u00e1sica\",\"inscri\u00e7\u00f5es\",\"prefeitura de manaus\",\"Semtepi\",\"zona leste\"],\"articleSection\":[\"Inscri\u00e7\u00f5es\"],\"inLanguage\":\"pt-BR\"},{\"@type\":\"WebPage\",\"@id\":\"https:\/\/www.manaus.am.gov.br\/semtepi\/inscricoes\/prefeitura-de-manaus-oferta-24-vagas-para-curso-de-informatica-basica\/\",\"url\":\"https:\/\/www.manaus.am.gov.br\/semtepi\/inscricoes\/prefeitura-de-manaus-oferta-24-vagas-para-curso-de-informatica-basica\/\",\"name\":\"Prefeitura de Manaus oferta 24 vagas para curso de Inform\u00e1tica B\u00e1sica\",\"isPartOf\":{\"@id\":\"https:\/\/www.manaus.am.gov.br\/semtepi\/#website\"},\"primaryImageOfPage\":{\"@id\":\"https:\/\/www.manaus.am.gov.br\/semtepi\/inscricoes\/prefeitura-de-manaus-oferta-24-vagas-para-curso-de-informatica-basica\/#primaryimage\"},\"image\":{\"@id\":\"https:\/\/www.manaus.am.gov.br\/semtepi\/inscricoes\/prefeitura-de-manaus-oferta-24-vagas-para-curso-de-informatica-basica\/#primaryimage\"},\"thumbnailUrl\":\"https:\/\/www.manaus.am.gov.br\/semtepi\/wp-content\/uploads\/sites\/20\/2023\/09\/Programacao-2.jpeg\",\"datePublished\":\"2023-09-27T19:55:24+00:00\",\"dateModified\":\"2023-09-27T19:55:25+00:00\",\"description\":\"Os interessados em participar devem ter a partir de 14 anos e ensino fundamental completo. As inscri\u00e7\u00f5es devem ser realizadas pelo link\u00a0https:\/\/forms.gle\/bQzWqAdoa9WUiSku8. A lista de selecionados ser\u00e1 divulgada nesta sexta-feira, 29\/9.\",\"breadcrumb\":{\"@id\":\"https:\/\/www.manaus.am.gov.br\/semtepi\/inscricoes\/prefeitura-de-manaus-oferta-24-vagas-para-curso-de-informatica-basica\/#breadcrumb\"},\"inLanguage\":\"pt-BR\",\"potentialAction\":[{\"@type\":\"ReadAction\",\"target\":[\"https:\/\/www.manaus.am.gov.br\/semtepi\/inscricoes\/prefeitura-de-manaus-oferta-24-vagas-para-curso-de-informatica-basica\/\"]}]},{\"@type\":\"ImageObject\",\"inLanguage\":\"pt-BR\",\"@id\":\"https:\/\/www.manaus.am.gov.br\/semtepi\/inscricoes\/prefeitura-de-manaus-oferta-24-vagas-para-curso-de-informatica-basica\/#primaryimage\",\"url\":\"https:\/\/www.manaus.am.gov.br\/semtepi\/wp-content\/uploads\/sites\/20\/2023\/09\/Programacao-2.jpeg\",\"contentUrl\":\"https:\/\/www.manaus.am.gov.br\/semtepi\/wp-content\/uploads\/sites\/20\/2023\/09\/Programacao-2.jpeg\",\"width\":1600,\"height\":1200},{\"@type\":\"BreadcrumbList\",\"@id\":\"https:\/\/www.manaus.am.gov.br\/semtepi\/inscricoes\/prefeitura-de-manaus-oferta-24-vagas-para-curso-de-informatica-basica\/#breadcrumb\",\"itemListElement\":[{\"@type\":\"ListItem\",\"position\":1,\"name\":\"Home\",\"item\":\"https:\/\/www.manaus.am.gov.br\/semtepi\/\"},{\"@type\":\"ListItem\",\"position\":2,\"name\":\"Prefeitura de Manaus oferta 24 vagas para curso de Inform\u00e1tica B\u00e1sica\"}]},{\"@type\":\"WebSite\",\"@id\":\"https:\/\/www.manaus.am.gov.br\/semtepi\/#website\",\"url\":\"https:\/\/www.manaus.am.gov.br\/semtepi\/\",\"name\":\"SEMTEPI\",\"description\":\"Prefeitura de Manaus\",\"publisher\":{\"@id\":\"https:\/\/www.manaus.am.gov.br\/semtepi\/#organization\"},\"alternateName\":\"Secretaria Municipal do Trabalho, Empreendedorismo e Inova\u00e7\u00e3o\",\"potentialAction\":[{\"@type\":\"SearchAction\",\"target\":{\"@type\":\"EntryPoint\",\"urlTemplate\":\"https:\/\/www.manaus.am.gov.br\/semtepi\/?s={search_term_string}\"},\"query-input\":\"required name=search_term_string\"}],\"inLanguage\":\"pt-BR\"},{\"@type\":\"Organization\",\"@id\":\"https:\/\/www.manaus.am.gov.br\/semtepi\/#organization\",\"name\":\"Prefeitura Municipal de Manaus\",\"alternateName\":\"Prefeitura de Manaus\",\"url\":\"https:\/\/www.manaus.am.gov.br\/semtepi\/\",\"logo\":{\"@type\":\"ImageObject\",\"inLanguage\":\"pt-BR\",\"@id\":\"https:\/\/www.manaus.am.gov.br\/semtepi\/#\/schema\/logo\/image\/\",\"url\":\"https:\/\/www.manaus.am.gov.br\/semtepi\/wp-content\/uploads\/sites\/20\/2024\/07\/favicon.png\",\"contentUrl\":\"https:\/\/www.manaus.am.gov.br\/semtepi\/wp-content\/uploads\/sites\/20\/2024\/07\/favicon.png\",\"width\":300,\"height\":300,\"caption\":\"Prefeitura Municipal de Manaus\"},\"image\":{\"@id\":\"https:\/\/www.manaus.am.gov.br\/semtepi\/#\/schema\/logo\/image\/\"}},{\"@type\":\"Person\",\"@id\":\"https:\/\/www.manaus.am.gov.br\/semtepi\/#\/schema\/person\/05d223aea2bf115f9883a6ff3683d81b\",\"name\":\"Bruna Greco\",\"image\":{\"@type\":\"ImageObject\",\"inLanguage\":\"pt-BR\",\"@id\":\"https:\/\/www.manaus.am.gov.br\/semtepi\/#\/schema\/person\/image\/\",\"url\":\"https:\/\/secure.gravatar.com\/avatar\/9c877d1a6adc2a055330e5c09a8653ce?s=96&d=mm&r=g\",\"contentUrl\":\"https:\/\/secure.gravatar.com\/avatar\/9c877d1a6adc2a055330e5c09a8653ce?s=96&d=mm&r=g\",\"caption\":\"Bruna Greco\"}}]}<\/script>\n<!-- \/ Yoast SEO plugin. -->","yoast_head_json":{"title":"Prefeitura de Manaus oferta 24 vagas para curso de Inform\u00e1tica B\u00e1sica","description":"Os interessados em participar devem ter a partir de 14 anos e ensino fundamental completo. As inscri\u00e7\u00f5es devem ser realizadas pelo link\u00a0https:\/\/forms.gle\/bQzWqAdoa9WUiSku8. A lista de selecionados ser\u00e1 divulgada nesta sexta-feira, 29\/9.","robots":{"index":"noindex","follow":"follow"},"og_locale":"pt_BR","og_type":"article","og_title":"Prefeitura de Manaus oferta 24 vagas para curso de Inform\u00e1tica B\u00e1sica","og_description":"Os interessados em participar devem ter a partir de 14 anos e ensino fundamental completo. As inscri\u00e7\u00f5es devem ser realizadas pelo link\u00a0https:\/\/forms.gle\/bQzWqAdoa9WUiSku8. A lista de selecionados ser\u00e1 divulgada nesta sexta-feira, 29\/9.","og_url":"https:\/\/www.manaus.am.gov.br\/semtepi\/inscricoes\/prefeitura-de-manaus-oferta-24-vagas-para-curso-de-informatica-basica\/","og_site_name":"SEMTEPI","article_published_time":"2023-09-27T19:55:24+00:00","article_modified_time":"2023-09-27T19:55:25+00:00","og_image":[{"width":1600,"height":1200,"url":"https:\/\/www.manaus.am.gov.br\/semtepi\/wp-content\/uploads\/sites\/20\/2023\/09\/Programacao-2.jpeg","type":"image\/jpeg"}],"author":"Bruna Greco","twitter_card":"summary_large_image","twitter_misc":{"Written by":"Bruna Greco","Est. reading time":"1 minuto"},"schema":{"@context":"https:\/\/schema.org","@graph":[{"@type":"Article","@id":"https:\/\/www.manaus.am.gov.br\/semtepi\/inscricoes\/prefeitura-de-manaus-oferta-24-vagas-para-curso-de-informatica-basica\/#article","isPartOf":{"@id":"https:\/\/www.manaus.am.gov.br\/semtepi\/inscricoes\/prefeitura-de-manaus-oferta-24-vagas-para-curso-de-informatica-basica\/"},"author":{"name":"Bruna Greco","@id":"https:\/\/www.manaus.am.gov.br\/semtepi\/#\/schema\/person\/05d223aea2bf115f9883a6ff3683d81b"},"headline":"Prefeitura de Manaus oferta 24 vagas para curso de Inform\u00e1tica B\u00e1sica","datePublished":"2023-09-27T19:55:24+00:00","dateModified":"2023-09-27T19:55:25+00:00","mainEntityOfPage":{"@id":"https:\/\/www.manaus.am.gov.br\/semtepi\/inscricoes\/prefeitura-de-manaus-oferta-24-vagas-para-curso-de-informatica-basica\/"},"wordCount":189,"publisher":{"@id":"https:\/\/www.manaus.am.gov.br\/semtepi\/#organization"},"image":{"@id":"https:\/\/www.manaus.am.gov.br\/semtepi\/inscricoes\/prefeitura-de-manaus-oferta-24-vagas-para-curso-de-informatica-basica\/#primaryimage"},"thumbnailUrl":"https:\/\/www.manaus.am.gov.br\/semtepi\/wp-content\/uploads\/sites\/20\/2023\/09\/Programacao-2.jpeg","keywords":["24 vagas","curso de inform\u00e1tica b\u00e1sica","inscri\u00e7\u00f5es","prefeitura de manaus","Semtepi","zona leste"],"articleSection":["Inscri\u00e7\u00f5es"],"inLanguage":"pt-BR"},{"@type":"WebPage","@id":"https:\/\/www.manaus.am.gov.br\/semtepi\/inscricoes\/prefeitura-de-manaus-oferta-24-vagas-para-curso-de-informatica-basica\/","url":"https:\/\/www.manaus.am.gov.br\/semtepi\/inscricoes\/prefeitura-de-manaus-oferta-24-vagas-para-curso-de-informatica-basica\/","name":"Prefeitura de Manaus oferta 24 vagas para curso de Inform\u00e1tica B\u00e1sica","isPartOf":{"@id":"https:\/\/www.manaus.am.gov.br\/semtepi\/#website"},"primaryImageOfPage":{"@id":"https:\/\/www.manaus.am.gov.br\/semtepi\/inscricoes\/prefeitura-de-manaus-oferta-24-vagas-para-curso-de-informatica-basica\/#primaryimage"},"image":{"@id":"https:\/\/www.manaus.am.gov.br\/semtepi\/inscricoes\/prefeitura-de-manaus-oferta-24-vagas-para-curso-de-informatica-basica\/#primaryimage"},"thumbnailUrl":"https:\/\/www.manaus.am.gov.br\/semtepi\/wp-content\/uploads\/sites\/20\/2023\/09\/Programacao-2.jpeg","datePublished":"2023-09-27T19:55:24+00:00","dateModified":"2023-09-27T19:55:25+00:00","description":"Os interessados em participar devem ter a partir de 14 anos e ensino fundamental completo. As inscri\u00e7\u00f5es devem ser realizadas pelo link\u00a0https:\/\/forms.gle\/bQzWqAdoa9WUiSku8. A lista de selecionados ser\u00e1 divulgada nesta sexta-feira, 29\/9.","breadcrumb":{"@id":"https:\/\/www.manaus.am.gov.br\/semtepi\/inscricoes\/prefeitura-de-manaus-oferta-24-vagas-para-curso-de-informatica-basica\/#breadcrumb"},"inLanguage":"pt-BR","potentialAction":[{"@type":"ReadAction","target":["https:\/\/www.manaus.am.gov.br\/semtepi\/inscricoes\/prefeitura-de-manaus-oferta-24-vagas-para-curso-de-informatica-basica\/"]}]},{"@type":"ImageObject","inLanguage":"pt-BR","@id":"https:\/\/www.manaus.am.gov.br\/semtepi\/inscricoes\/prefeitura-de-manaus-oferta-24-vagas-para-curso-de-informatica-basica\/#primaryimage","url":"https:\/\/www.manaus.am.gov.br\/semtepi\/wp-content\/uploads\/sites\/20\/2023\/09\/Programacao-2.jpeg","contentUrl":"https:\/\/www.manaus.am.gov.br\/semtepi\/wp-content\/uploads\/sites\/20\/2023\/09\/Programacao-2.jpeg","width":1600,"height":1200},{"@type":"BreadcrumbList","@id":"https:\/\/www.manaus.am.gov.br\/semtepi\/inscricoes\/prefeitura-de-manaus-oferta-24-vagas-para-curso-de-informatica-basica\/#breadcrumb","itemListElement":[{"@type":"ListItem","position":1,"name":"Home","item":"https:\/\/www.manaus.am.gov.br\/semtepi\/"},{"@type":"ListItem","position":2,"name":"Prefeitura de Manaus oferta 24 vagas para curso de Inform\u00e1tica B\u00e1sica"}]},{"@type":"WebSite","@id":"https:\/\/www.manaus.am.gov.br\/semtepi\/#website","url":"https:\/\/www.manaus.am.gov.br\/semtepi\/","name":"SEMTEPI","description":"Prefeitura de Manaus","publisher":{"@id":"https:\/\/www.manaus.am.gov.br\/semtepi\/#organization"},"alternateName":"Secretaria Municipal do Trabalho, Empreendedorismo e Inova\u00e7\u00e3o","potentialAction":[{"@type":"SearchAction","target":{"@type":"EntryPoint","urlTemplate":"https:\/\/www.manaus.am.gov.br\/semtepi\/?s={search_term_string}"},"query-input":"required name=search_term_string"}],"inLanguage":"pt-BR"},{"@type":"Organization","@id":"https:\/\/www.manaus.am.gov.br\/semtepi\/#organization","name":"Prefeitura Municipal de Manaus","alternateName":"Prefeitura de Manaus","url":"https:\/\/www.manaus.am.gov.br\/semtepi\/","logo":{"@type":"ImageObject","inLanguage":"pt-BR","@id":"https:\/\/www.manaus.am.gov.br\/semtepi\/#\/schema\/logo\/image\/","url":"https:\/\/www.manaus.am.gov.br\/semtepi\/wp-content\/uploads\/sites\/20\/2024\/07\/favicon.png","contentUrl":"https:\/\/www.manaus.am.gov.br\/semtepi\/wp-content\/uploads\/sites\/20\/2024\/07\/favicon.png","width":300,"height":300,"caption":"Prefeitura Municipal de Manaus"},"image":{"@id":"https:\/\/www.manaus.am.gov.br\/semtepi\/#\/schema\/logo\/image\/"}},{"@type":"Person","@id":"https:\/\/www.manaus.am.gov.br\/semtepi\/#\/schema\/person\/05d223aea2bf115f9883a6ff3683d81b","name":"Bruna Greco","image":{"@type":"ImageObject","inLanguage":"pt-BR","@id":"https:\/\/www.manaus.am.gov.br\/semtepi\/#\/schema\/person\/image\/","url":"https:\/\/secure.gravatar.com\/avatar\/9c877d1a6adc2a055330e5c09a8653ce?s=96&d=mm&r=g","contentUrl":"https:\/\/secure.gravatar.com\/avatar\/9c877d1a6adc2a055330e5c09a8653ce?s=96&d=mm&r=g","caption":"Bruna Greco"}}]}},"_links":{"self":[{"href":"https:\/\/www.manaus.am.gov.br\/semtepi\/wp-json\/wp\/v2\/posts\/2690"}],"collection":[{"href":"https:\/\/www.manaus.am.gov.br\/semtepi\/wp-json\/wp\/v2\/posts"}],"about":[{"href":"https:\/\/www.manaus.am.gov.br\/semtepi\/wp-json\/wp\/v2\/types\/post"}],"author":[{"embeddable":true,"href":"https:\/\/www.manaus.am.gov.br\/semtepi\/wp-json\/wp\/v2\/users\/39"}],"replies":[{"embeddable":true,"href":"https:\/\/www.manaus.am.gov.br\/semtepi\/wp-json\/wp\/v2\/comments?post=2690"}],"version-history":[{"count":0,"href":"https:\/\/www.manaus.am.gov.br\/semtepi\/wp-json\/wp\/v2\/posts\/2690\/revisions"}],"wp:featuredmedia":[{"embeddable":true,"href":"https:\/\/www.manaus.am.gov.br\/semtepi\/wp-json\/wp\/v2\/media\/2691"}],"wp:attachment":[{"href":"https:\/\/www.manaus.am.gov.br\/semtepi\/wp-json\/wp\/v2\/media?parent=2690"}],"wp:term":[{"taxonomy":"category","embeddable":true,"href":"https:\/\/www.manaus.am.gov.br\/semtepi\/wp-json\/wp\/v2\/categories?post=2690"},{"taxonomy":"post_tag","embeddable":true,"href":"https:\/\/www.manaus.am.gov.br\/semtepi\/wp-json\/wp\/v2\/tags?post=2690"}],"curies":[{"name":"wp","href":"https:\/\/api.w.org\/{rel}","templated":true}]}}