{"id":2688,"date":"2023-09-27T15:12:39","date_gmt":"2023-09-27T19:12:39","guid":{"rendered":"https:\/\/www.manaus.am.gov.br\/semtepi\/sem-categoria\/prefeitura-de-manaus-promove-2a-edicao-da-semtepi-itinerante-no-viver-melhor\/"},"modified":"2023-09-27T15:12:41","modified_gmt":"2023-09-27T19:12:41","slug":"prefeitura-de-manaus-promove-2a-edicao-da-semtepi-itinerante-no-viver-melhor","status":"publish","type":"post","link":"https:\/\/www.manaus.am.gov.br\/semtepi\/servicos\/prefeitura-de-manaus-promove-2a-edicao-da-semtepi-itinerante-no-viver-melhor\/","title":{"rendered":"<strong>Prefeitura de Manaus promove 2\u00aa edi\u00e7\u00e3o da \u2018Semtepi Itinerante\u2019 no Viver Melhor<\/strong>"},"content":{"rendered":"\n<p>A Prefeitura de Manaus, por meio da Secretaria Municipal do Trabalho, Empreendedorismo e Inova\u00e7\u00e3o (Semtepi), deu in\u00edcio, na manh\u00e3 desta quarta-feira, 27\/9, \u00e0s atividades da a\u00e7\u00e3o &#8220;Semtepi Itinerante&#8221;, voltada aos moradores do Residencial Viver Melhor 2, localizado no bairro Lago Azul, zona Norte da capital.<\/p>\n\n\n\n<p>Com a van itinerante estrategicamente posicionada na avenida da Conquista, a iniciativa tem como objetivo aproximar os servi\u00e7os da secretaria das comunidades locais, especialmente aquelas que enfrentam desafios log\u00edsticos ao tentar acessar os recursos oferecidos pela prefeitura.<\/p>\n\n\n\n<p>&#8220;\u00c9 com grande satisfa\u00e7\u00e3o que testemunhamos o impacto positivo da a\u00e7\u00e3o itinerante. Estamos aliviando as barreiras de acesso aos servi\u00e7os da prefeitura, proporcionando oportunidades de empregabilidade e qualifica\u00e7\u00e3o profissional a nossa comunidade, aproximando o setor p\u00fablico da popula\u00e7\u00e3o&#8221;, destacou o titular da Semtepi, Radyr J\u00fanior.<\/p>\n\n\n\n<p>Dentre as a\u00e7\u00f5es que foram executadas na manh\u00e3 do primeiro dia de evento, est\u00e3o os atendimentos do Sine Manaus para cadastro e encaminhamento para vagas de emprego; cursos de Treinamento B\u00e1sico Operacional (TBO); Norma Regulamentadora (NR 12); e Frentista.<\/p>\n\n\n\n<p>Na oferta de vagas, o Sine Manaus atendeu mais de cem pessoas e encaminhou mais de 30 trabalhadores para o mercado de trabalho.<\/p>\n\n\n\n<p>Para o morador Reison Souza, a expectativa \u00e9 de poder se empregar o mais r\u00e1pido poss\u00edvel. Desempregado h\u00e1 tr\u00eas meses, o jovem se v\u00ea motivado para recome\u00e7ar a partir da carta de encaminhamento recebida durante o atendimento do Sine.<\/p>\n\n\n\n<p>&#8220;Na a\u00e7\u00e3o passada, eu n\u00e3o pude estar presente, e quando eu soube que estaria aqui novamente, n\u00e3o pensei duas vezes e vim em busca do meu emprego. Essa iniciativa est\u00e1 com um \u00f3timo desempenho, ajudando muitas pessoas que est\u00e3o desempregadas em Manaus e gerando oportunidades de trabalho&#8221;, comentou.<\/p>\n\n\n\n<p>De acordo com a participante do curso de TBO, Maria Vit\u00f3ria Lima, que tamb\u00e9m \u00e9 residente do conjunto Viver Melhor 2 desde sua inaugura\u00e7\u00e3o, a oportunidade vale a pena para quem deseja entrar pela primeira vez no mercado de trabalho.<\/p>\n\n\n\n<p>&#8220;Estou realizando o curso pela primeira vez, na busca pelo primeiro emprego. No come\u00e7o, fiquei nervosa, mas a professora foi bem paciente, aprendi muito e essa a\u00e7\u00e3o, com certeza, vai ajudar os moradores do Viver Melhor. Agrade\u00e7o \u00e0 Prefeitura de Manaus e ao instituto UniSaber Mais&#8221;, disse a moradora.<\/p>\n\n\n\n<p><strong>&#8212; &#8212; &#8212;<\/strong><\/p>\n\n\n\n<p><strong>Texto \u2013&nbsp;<\/strong>Fabiane Monteiro \/ Semtepi<\/p>\n\n\n\n<p><strong>Fotos \u2013&nbsp;<\/strong>Jo\u00e3o Viana\/Semcom<\/p>\n\n\n\n<p><strong>Dispon\u00edveis em &#8211;&nbsp;<\/strong><a href=\"https:\/\/flic.kr\/s\/aHBqjAWp7F\" target=\"_blank\" rel=\"noreferrer noopener\">https:\/\/flic.kr\/s\/aHBqjAWp7F<\/a><\/p>\n\n\n\n<p><\/p>\n","protected":false},"excerpt":{"rendered":"","protected":false},"author":23,"featured_media":2689,"comment_status":"closed","ping_status":"closed","sticky":false,"template":"","format":"standard","meta":{"footnotes":""},"categories":[29],"tags":[513,8,9,41,45,610],"acf":[],"yoast_head":"<!-- This site is optimized with the Yoast SEO plugin v23.0 - https:\/\/yoast.com\/wordpress\/plugins\/seo\/ -->\n<title>Prefeitura de Manaus promove 2\u00aa edi\u00e7\u00e3o da \u2018Semtepi Itinerante\u2019 no Viver Melhor<\/title>\n<meta name=\"description\" content=\"A Prefeitura de Manaus, por meio da Secretaria Municipal do Trabalho, Empreendedorismo e Inova\u00e7\u00e3o (Semtepi), deu in\u00edcio, na manh\u00e3 desta quarta-feira, 27\/9, \u00e0s atividades da a\u00e7\u00e3o &quot;Semtepi Itinerante&quot;, voltada aos moradores do Residencial Viver Melhor 2, localizado no bairro Lago Azul, zona Norte da capital.\" \/>\n<meta name=\"robots\" content=\"noindex, follow\" \/>\n<meta property=\"og:locale\" content=\"pt_BR\" \/>\n<meta property=\"og:type\" content=\"article\" \/>\n<meta property=\"og:title\" content=\"Prefeitura de Manaus promove 2\u00aa edi\u00e7\u00e3o da \u2018Semtepi Itinerante\u2019 no Viver Melhor\" \/>\n<meta property=\"og:description\" content=\"A Prefeitura de Manaus, por meio da Secretaria Municipal do Trabalho, Empreendedorismo e Inova\u00e7\u00e3o (Semtepi), deu in\u00edcio, na manh\u00e3 desta quarta-feira, 27\/9, \u00e0s atividades da a\u00e7\u00e3o &quot;Semtepi Itinerante&quot;, voltada aos moradores do Residencial Viver Melhor 2, localizado no bairro Lago Azul, zona Norte da capital.\" \/>\n<meta property=\"og:url\" content=\"https:\/\/www.manaus.am.gov.br\/semtepi\/servicos\/prefeitura-de-manaus-promove-2a-edicao-da-semtepi-itinerante-no-viver-melhor\/\" \/>\n<meta property=\"og:site_name\" content=\"SEMTEPI\" \/>\n<meta property=\"article:published_time\" content=\"2023-09-27T19:12:39+00:00\" \/>\n<meta property=\"article:modified_time\" content=\"2023-09-27T19:12:41+00:00\" \/>\n<meta property=\"og:image\" content=\"https:\/\/www.manaus.am.gov.br\/semtepi\/wp-content\/uploads\/sites\/20\/2023\/09\/53217753531_ee25886e6c_c.jpg\" \/>\n\t<meta property=\"og:image:width\" content=\"799\" \/>\n\t<meta property=\"og:image:height\" content=\"533\" \/>\n\t<meta property=\"og:image:type\" content=\"image\/jpeg\" \/>\n<meta name=\"author\" content=\"Adriana Costa\" \/>\n<meta name=\"twitter:card\" content=\"summary_large_image\" \/>\n<meta name=\"twitter:label1\" content=\"Written by\" \/>\n\t<meta name=\"twitter:data1\" content=\"Adriana Costa\" \/>\n\t<meta name=\"twitter:label2\" content=\"Est. reading time\" \/>\n\t<meta name=\"twitter:data2\" content=\"3 minutos\" \/>\n<script type=\"application\/ld+json\" class=\"yoast-schema-graph\">{\"@context\":\"https:\/\/schema.org\",\"@graph\":[{\"@type\":\"Article\",\"@id\":\"https:\/\/www.manaus.am.gov.br\/semtepi\/servicos\/prefeitura-de-manaus-promove-2a-edicao-da-semtepi-itinerante-no-viver-melhor\/#article\",\"isPartOf\":{\"@id\":\"https:\/\/www.manaus.am.gov.br\/semtepi\/servicos\/prefeitura-de-manaus-promove-2a-edicao-da-semtepi-itinerante-no-viver-melhor\/\"},\"author\":{\"name\":\"Adriana Costa\",\"@id\":\"https:\/\/www.manaus.am.gov.br\/semtepi\/#\/schema\/person\/4e49f4e267757a06ca072ec61b2b9968\"},\"headline\":\"Prefeitura de Manaus promove 2\u00aa edi\u00e7\u00e3o da \u2018Semtepi Itinerante\u2019 no Viver Melhor\",\"datePublished\":\"2023-09-27T19:12:39+00:00\",\"dateModified\":\"2023-09-27T19:12:41+00:00\",\"mainEntityOfPage\":{\"@id\":\"https:\/\/www.manaus.am.gov.br\/semtepi\/servicos\/prefeitura-de-manaus-promove-2a-edicao-da-semtepi-itinerante-no-viver-melhor\/\"},\"wordCount\":422,\"publisher\":{\"@id\":\"https:\/\/www.manaus.am.gov.br\/semtepi\/#organization\"},\"image\":{\"@id\":\"https:\/\/www.manaus.am.gov.br\/semtepi\/servicos\/prefeitura-de-manaus-promove-2a-edicao-da-semtepi-itinerante-no-viver-melhor\/#primaryimage\"},\"thumbnailUrl\":\"https:\/\/www.manaus.am.gov.br\/semtepi\/wp-content\/uploads\/sites\/20\/2023\/09\/53217753531_ee25886e6c_c.jpg\",\"keywords\":[\"lago azul\",\"prefeitura de manaus\",\"Semtepi\",\"semtepi itinerante\",\"servi\u00e7os\",\"viver melhor\"],\"articleSection\":[\"Servi\u00e7os\"],\"inLanguage\":\"pt-BR\"},{\"@type\":\"WebPage\",\"@id\":\"https:\/\/www.manaus.am.gov.br\/semtepi\/servicos\/prefeitura-de-manaus-promove-2a-edicao-da-semtepi-itinerante-no-viver-melhor\/\",\"url\":\"https:\/\/www.manaus.am.gov.br\/semtepi\/servicos\/prefeitura-de-manaus-promove-2a-edicao-da-semtepi-itinerante-no-viver-melhor\/\",\"name\":\"Prefeitura de Manaus promove 2\u00aa edi\u00e7\u00e3o da \u2018Semtepi Itinerante\u2019 no Viver Melhor\",\"isPartOf\":{\"@id\":\"https:\/\/www.manaus.am.gov.br\/semtepi\/#website\"},\"primaryImageOfPage\":{\"@id\":\"https:\/\/www.manaus.am.gov.br\/semtepi\/servicos\/prefeitura-de-manaus-promove-2a-edicao-da-semtepi-itinerante-no-viver-melhor\/#primaryimage\"},\"image\":{\"@id\":\"https:\/\/www.manaus.am.gov.br\/semtepi\/servicos\/prefeitura-de-manaus-promove-2a-edicao-da-semtepi-itinerante-no-viver-melhor\/#primaryimage\"},\"thumbnailUrl\":\"https:\/\/www.manaus.am.gov.br\/semtepi\/wp-content\/uploads\/sites\/20\/2023\/09\/53217753531_ee25886e6c_c.jpg\",\"datePublished\":\"2023-09-27T19:12:39+00:00\",\"dateModified\":\"2023-09-27T19:12:41+00:00\",\"description\":\"A Prefeitura de Manaus, por meio da Secretaria Municipal do Trabalho, Empreendedorismo e Inova\u00e7\u00e3o (Semtepi), deu in\u00edcio, na manh\u00e3 desta quarta-feira, 27\/9, \u00e0s atividades da a\u00e7\u00e3o \\\"Semtepi Itinerante\\\", voltada aos moradores do Residencial Viver Melhor 2, localizado no bairro Lago Azul, zona Norte da capital.\",\"breadcrumb\":{\"@id\":\"https:\/\/www.manaus.am.gov.br\/semtepi\/servicos\/prefeitura-de-manaus-promove-2a-edicao-da-semtepi-itinerante-no-viver-melhor\/#breadcrumb\"},\"inLanguage\":\"pt-BR\",\"potentialAction\":[{\"@type\":\"ReadAction\",\"target\":[\"https:\/\/www.manaus.am.gov.br\/semtepi\/servicos\/prefeitura-de-manaus-promove-2a-edicao-da-semtepi-itinerante-no-viver-melhor\/\"]}]},{\"@type\":\"ImageObject\",\"inLanguage\":\"pt-BR\",\"@id\":\"https:\/\/www.manaus.am.gov.br\/semtepi\/servicos\/prefeitura-de-manaus-promove-2a-edicao-da-semtepi-itinerante-no-viver-melhor\/#primaryimage\",\"url\":\"https:\/\/www.manaus.am.gov.br\/semtepi\/wp-content\/uploads\/sites\/20\/2023\/09\/53217753531_ee25886e6c_c.jpg\",\"contentUrl\":\"https:\/\/www.manaus.am.gov.br\/semtepi\/wp-content\/uploads\/sites\/20\/2023\/09\/53217753531_ee25886e6c_c.jpg\",\"width\":799,\"height\":533},{\"@type\":\"BreadcrumbList\",\"@id\":\"https:\/\/www.manaus.am.gov.br\/semtepi\/servicos\/prefeitura-de-manaus-promove-2a-edicao-da-semtepi-itinerante-no-viver-melhor\/#breadcrumb\",\"itemListElement\":[{\"@type\":\"ListItem\",\"position\":1,\"name\":\"Home\",\"item\":\"https:\/\/www.manaus.am.gov.br\/semtepi\/\"},{\"@type\":\"ListItem\",\"position\":2,\"name\":\"Prefeitura de Manaus promove 2\u00aa edi\u00e7\u00e3o da \u2018Semtepi Itinerante\u2019 no Viver Melhor\"}]},{\"@type\":\"WebSite\",\"@id\":\"https:\/\/www.manaus.am.gov.br\/semtepi\/#website\",\"url\":\"https:\/\/www.manaus.am.gov.br\/semtepi\/\",\"name\":\"SEMTEPI\",\"description\":\"Prefeitura de Manaus\",\"publisher\":{\"@id\":\"https:\/\/www.manaus.am.gov.br\/semtepi\/#organization\"},\"alternateName\":\"Secretaria Municipal do Trabalho, Empreendedorismo e Inova\u00e7\u00e3o\",\"potentialAction\":[{\"@type\":\"SearchAction\",\"target\":{\"@type\":\"EntryPoint\",\"urlTemplate\":\"https:\/\/www.manaus.am.gov.br\/semtepi\/?s={search_term_string}\"},\"query-input\":\"required name=search_term_string\"}],\"inLanguage\":\"pt-BR\"},{\"@type\":\"Organization\",\"@id\":\"https:\/\/www.manaus.am.gov.br\/semtepi\/#organization\",\"name\":\"Prefeitura Municipal de Manaus\",\"alternateName\":\"Prefeitura de Manaus\",\"url\":\"https:\/\/www.manaus.am.gov.br\/semtepi\/\",\"logo\":{\"@type\":\"ImageObject\",\"inLanguage\":\"pt-BR\",\"@id\":\"https:\/\/www.manaus.am.gov.br\/semtepi\/#\/schema\/logo\/image\/\",\"url\":\"https:\/\/www.manaus.am.gov.br\/semtepi\/wp-content\/uploads\/sites\/20\/2024\/07\/favicon.png\",\"contentUrl\":\"https:\/\/www.manaus.am.gov.br\/semtepi\/wp-content\/uploads\/sites\/20\/2024\/07\/favicon.png\",\"width\":300,\"height\":300,\"caption\":\"Prefeitura Municipal de Manaus\"},\"image\":{\"@id\":\"https:\/\/www.manaus.am.gov.br\/semtepi\/#\/schema\/logo\/image\/\"}},{\"@type\":\"Person\",\"@id\":\"https:\/\/www.manaus.am.gov.br\/semtepi\/#\/schema\/person\/4e49f4e267757a06ca072ec61b2b9968\",\"name\":\"Adriana Costa\",\"image\":{\"@type\":\"ImageObject\",\"inLanguage\":\"pt-BR\",\"@id\":\"https:\/\/www.manaus.am.gov.br\/semtepi\/#\/schema\/person\/image\/\",\"url\":\"https:\/\/secure.gravatar.com\/avatar\/576258617ef7194f718179e766d57bd4?s=96&d=mm&r=g\",\"contentUrl\":\"https:\/\/secure.gravatar.com\/avatar\/576258617ef7194f718179e766d57bd4?s=96&d=mm&r=g\",\"caption\":\"Adriana Costa\"}}]}<\/script>\n<!-- \/ Yoast SEO plugin. -->","yoast_head_json":{"title":"Prefeitura de Manaus promove 2\u00aa edi\u00e7\u00e3o da \u2018Semtepi Itinerante\u2019 no Viver Melhor","description":"A Prefeitura de Manaus, por meio da Secretaria Municipal do Trabalho, Empreendedorismo e Inova\u00e7\u00e3o (Semtepi), deu in\u00edcio, na manh\u00e3 desta quarta-feira, 27\/9, \u00e0s atividades da a\u00e7\u00e3o \"Semtepi Itinerante\", voltada aos moradores do Residencial Viver Melhor 2, localizado no bairro Lago Azul, zona Norte da capital.","robots":{"index":"noindex","follow":"follow"},"og_locale":"pt_BR","og_type":"article","og_title":"Prefeitura de Manaus promove 2\u00aa edi\u00e7\u00e3o da \u2018Semtepi Itinerante\u2019 no Viver Melhor","og_description":"A Prefeitura de Manaus, por meio da Secretaria Municipal do Trabalho, Empreendedorismo e Inova\u00e7\u00e3o (Semtepi), deu in\u00edcio, na manh\u00e3 desta quarta-feira, 27\/9, \u00e0s atividades da a\u00e7\u00e3o \"Semtepi Itinerante\", voltada aos moradores do Residencial Viver Melhor 2, localizado no bairro Lago Azul, zona Norte da capital.","og_url":"https:\/\/www.manaus.am.gov.br\/semtepi\/servicos\/prefeitura-de-manaus-promove-2a-edicao-da-semtepi-itinerante-no-viver-melhor\/","og_site_name":"SEMTEPI","article_published_time":"2023-09-27T19:12:39+00:00","article_modified_time":"2023-09-27T19:12:41+00:00","og_image":[{"width":799,"height":533,"url":"https:\/\/www.manaus.am.gov.br\/semtepi\/wp-content\/uploads\/sites\/20\/2023\/09\/53217753531_ee25886e6c_c.jpg","type":"image\/jpeg"}],"author":"Adriana Costa","twitter_card":"summary_large_image","twitter_misc":{"Written by":"Adriana Costa","Est. reading time":"3 minutos"},"schema":{"@context":"https:\/\/schema.org","@graph":[{"@type":"Article","@id":"https:\/\/www.manaus.am.gov.br\/semtepi\/servicos\/prefeitura-de-manaus-promove-2a-edicao-da-semtepi-itinerante-no-viver-melhor\/#article","isPartOf":{"@id":"https:\/\/www.manaus.am.gov.br\/semtepi\/servicos\/prefeitura-de-manaus-promove-2a-edicao-da-semtepi-itinerante-no-viver-melhor\/"},"author":{"name":"Adriana Costa","@id":"https:\/\/www.manaus.am.gov.br\/semtepi\/#\/schema\/person\/4e49f4e267757a06ca072ec61b2b9968"},"headline":"Prefeitura de Manaus promove 2\u00aa edi\u00e7\u00e3o da \u2018Semtepi Itinerante\u2019 no Viver Melhor","datePublished":"2023-09-27T19:12:39+00:00","dateModified":"2023-09-27T19:12:41+00:00","mainEntityOfPage":{"@id":"https:\/\/www.manaus.am.gov.br\/semtepi\/servicos\/prefeitura-de-manaus-promove-2a-edicao-da-semtepi-itinerante-no-viver-melhor\/"},"wordCount":422,"publisher":{"@id":"https:\/\/www.manaus.am.gov.br\/semtepi\/#organization"},"image":{"@id":"https:\/\/www.manaus.am.gov.br\/semtepi\/servicos\/prefeitura-de-manaus-promove-2a-edicao-da-semtepi-itinerante-no-viver-melhor\/#primaryimage"},"thumbnailUrl":"https:\/\/www.manaus.am.gov.br\/semtepi\/wp-content\/uploads\/sites\/20\/2023\/09\/53217753531_ee25886e6c_c.jpg","keywords":["lago azul","prefeitura de manaus","Semtepi","semtepi itinerante","servi\u00e7os","viver melhor"],"articleSection":["Servi\u00e7os"],"inLanguage":"pt-BR"},{"@type":"WebPage","@id":"https:\/\/www.manaus.am.gov.br\/semtepi\/servicos\/prefeitura-de-manaus-promove-2a-edicao-da-semtepi-itinerante-no-viver-melhor\/","url":"https:\/\/www.manaus.am.gov.br\/semtepi\/servicos\/prefeitura-de-manaus-promove-2a-edicao-da-semtepi-itinerante-no-viver-melhor\/","name":"Prefeitura de Manaus promove 2\u00aa edi\u00e7\u00e3o da \u2018Semtepi Itinerante\u2019 no Viver Melhor","isPartOf":{"@id":"https:\/\/www.manaus.am.gov.br\/semtepi\/#website"},"primaryImageOfPage":{"@id":"https:\/\/www.manaus.am.gov.br\/semtepi\/servicos\/prefeitura-de-manaus-promove-2a-edicao-da-semtepi-itinerante-no-viver-melhor\/#primaryimage"},"image":{"@id":"https:\/\/www.manaus.am.gov.br\/semtepi\/servicos\/prefeitura-de-manaus-promove-2a-edicao-da-semtepi-itinerante-no-viver-melhor\/#primaryimage"},"thumbnailUrl":"https:\/\/www.manaus.am.gov.br\/semtepi\/wp-content\/uploads\/sites\/20\/2023\/09\/53217753531_ee25886e6c_c.jpg","datePublished":"2023-09-27T19:12:39+00:00","dateModified":"2023-09-27T19:12:41+00:00","description":"A Prefeitura de Manaus, por meio da Secretaria Municipal do Trabalho, Empreendedorismo e Inova\u00e7\u00e3o (Semtepi), deu in\u00edcio, na manh\u00e3 desta quarta-feira, 27\/9, \u00e0s atividades da a\u00e7\u00e3o \"Semtepi Itinerante\", voltada aos moradores do Residencial Viver Melhor 2, localizado no bairro Lago Azul, zona Norte da capital.","breadcrumb":{"@id":"https:\/\/www.manaus.am.gov.br\/semtepi\/servicos\/prefeitura-de-manaus-promove-2a-edicao-da-semtepi-itinerante-no-viver-melhor\/#breadcrumb"},"inLanguage":"pt-BR","potentialAction":[{"@type":"ReadAction","target":["https:\/\/www.manaus.am.gov.br\/semtepi\/servicos\/prefeitura-de-manaus-promove-2a-edicao-da-semtepi-itinerante-no-viver-melhor\/"]}]},{"@type":"ImageObject","inLanguage":"pt-BR","@id":"https:\/\/www.manaus.am.gov.br\/semtepi\/servicos\/prefeitura-de-manaus-promove-2a-edicao-da-semtepi-itinerante-no-viver-melhor\/#primaryimage","url":"https:\/\/www.manaus.am.gov.br\/semtepi\/wp-content\/uploads\/sites\/20\/2023\/09\/53217753531_ee25886e6c_c.jpg","contentUrl":"https:\/\/www.manaus.am.gov.br\/semtepi\/wp-content\/uploads\/sites\/20\/2023\/09\/53217753531_ee25886e6c_c.jpg","width":799,"height":533},{"@type":"BreadcrumbList","@id":"https:\/\/www.manaus.am.gov.br\/semtepi\/servicos\/prefeitura-de-manaus-promove-2a-edicao-da-semtepi-itinerante-no-viver-melhor\/#breadcrumb","itemListElement":[{"@type":"ListItem","position":1,"name":"Home","item":"https:\/\/www.manaus.am.gov.br\/semtepi\/"},{"@type":"ListItem","position":2,"name":"Prefeitura de Manaus promove 2\u00aa edi\u00e7\u00e3o da \u2018Semtepi Itinerante\u2019 no Viver Melhor"}]},{"@type":"WebSite","@id":"https:\/\/www.manaus.am.gov.br\/semtepi\/#website","url":"https:\/\/www.manaus.am.gov.br\/semtepi\/","name":"SEMTEPI","description":"Prefeitura de Manaus","publisher":{"@id":"https:\/\/www.manaus.am.gov.br\/semtepi\/#organization"},"alternateName":"Secretaria Municipal do Trabalho, Empreendedorismo e Inova\u00e7\u00e3o","potentialAction":[{"@type":"SearchAction","target":{"@type":"EntryPoint","urlTemplate":"https:\/\/www.manaus.am.gov.br\/semtepi\/?s={search_term_string}"},"query-input":"required name=search_term_string"}],"inLanguage":"pt-BR"},{"@type":"Organization","@id":"https:\/\/www.manaus.am.gov.br\/semtepi\/#organization","name":"Prefeitura Municipal de Manaus","alternateName":"Prefeitura de Manaus","url":"https:\/\/www.manaus.am.gov.br\/semtepi\/","logo":{"@type":"ImageObject","inLanguage":"pt-BR","@id":"https:\/\/www.manaus.am.gov.br\/semtepi\/#\/schema\/logo\/image\/","url":"https:\/\/www.manaus.am.gov.br\/semtepi\/wp-content\/uploads\/sites\/20\/2024\/07\/favicon.png","contentUrl":"https:\/\/www.manaus.am.gov.br\/semtepi\/wp-content\/uploads\/sites\/20\/2024\/07\/favicon.png","width":300,"height":300,"caption":"Prefeitura Municipal de Manaus"},"image":{"@id":"https:\/\/www.manaus.am.gov.br\/semtepi\/#\/schema\/logo\/image\/"}},{"@type":"Person","@id":"https:\/\/www.manaus.am.gov.br\/semtepi\/#\/schema\/person\/4e49f4e267757a06ca072ec61b2b9968","name":"Adriana Costa","image":{"@type":"ImageObject","inLanguage":"pt-BR","@id":"https:\/\/www.manaus.am.gov.br\/semtepi\/#\/schema\/person\/image\/","url":"https:\/\/secure.gravatar.com\/avatar\/576258617ef7194f718179e766d57bd4?s=96&d=mm&r=g","contentUrl":"https:\/\/secure.gravatar.com\/avatar\/576258617ef7194f718179e766d57bd4?s=96&d=mm&r=g","caption":"Adriana Costa"}}]}},"_links":{"self":[{"href":"https:\/\/www.manaus.am.gov.br\/semtepi\/wp-json\/wp\/v2\/posts\/2688"}],"collection":[{"href":"https:\/\/www.manaus.am.gov.br\/semtepi\/wp-json\/wp\/v2\/posts"}],"about":[{"href":"https:\/\/www.manaus.am.gov.br\/semtepi\/wp-json\/wp\/v2\/types\/post"}],"author":[{"embeddable":true,"href":"https:\/\/www.manaus.am.gov.br\/semtepi\/wp-json\/wp\/v2\/users\/23"}],"replies":[{"embeddable":true,"href":"https:\/\/www.manaus.am.gov.br\/semtepi\/wp-json\/wp\/v2\/comments?post=2688"}],"version-history":[{"count":0,"href":"https:\/\/www.manaus.am.gov.br\/semtepi\/wp-json\/wp\/v2\/posts\/2688\/revisions"}],"wp:featuredmedia":[{"embeddable":true,"href":"https:\/\/www.manaus.am.gov.br\/semtepi\/wp-json\/wp\/v2\/media\/2689"}],"wp:attachment":[{"href":"https:\/\/www.manaus.am.gov.br\/semtepi\/wp-json\/wp\/v2\/media?parent=2688"}],"wp:term":[{"taxonomy":"category","embeddable":true,"href":"https:\/\/www.manaus.am.gov.br\/semtepi\/wp-json\/wp\/v2\/categories?post=2688"},{"taxonomy":"post_tag","embeddable":true,"href":"https:\/\/www.manaus.am.gov.br\/semtepi\/wp-json\/wp\/v2\/tags?post=2688"}],"curies":[{"name":"wp","href":"https:\/\/api.w.org\/{rel}","templated":true}]}}