{"id":2664,"date":"2023-09-26T16:15:00","date_gmt":"2023-09-26T20:15:00","guid":{"rendered":"https:\/\/www.manaus.am.gov.br\/semtepi\/sem-categoria\/prefeitura-divulga-selecionados-em-cursos-profissionalizantes-da-acao-semtepi-itinerante\/"},"modified":"2023-09-26T16:23:41","modified_gmt":"2023-09-26T20:23:41","slug":"prefeitura-divulga-selecionados-em-cursos-profissionalizantes-da-acao-semtepi-itinerante","status":"publish","type":"post","link":"https:\/\/www.manaus.am.gov.br\/semtepi\/qualificacao\/prefeitura-divulga-selecionados-em-cursos-profissionalizantes-da-acao-semtepi-itinerante\/","title":{"rendered":"<strong>Prefeitura divulga selecionados em cursos profissionalizantes da a\u00e7\u00e3o \u2018Semtepi Itinerante\u2019<\/strong>"},"content":{"rendered":"\n<p>A Prefeitura de Manaus, por meio da Secretaria Municipal do Trabalho, Empreendedorismo e Inova\u00e7\u00e3o (Semtepi), divulga, nesta ter\u00e7a-feira, 26\/9, a lista de participantes selecionados para os cursos e oficinas, que ser\u00e3o realizados durante a a\u00e7\u00e3o \u201cSemtepi Itinerante\u201d, nos dias 27, 28 e 29\/9, no conjunto Viver Melhor, no bairro Lago Azul, na zona Norte da capital.<\/p>\n\n\n\n<p>\u201cA Prefeitura de Manaus segue empenhada em levar servi\u00e7os essenciais diretamente \u00e0 popula\u00e7\u00e3o. A partir das 8h, os moradores ter\u00e3o acesso gratuito a uma variedade de servi\u00e7os, incluindo cursos e oficinas que s\u00e3o essenciais para quem deseja se inserir no mercado de trabalho\u201d, destacou o titular da Semtepi, Radyr J\u00fanior.<\/p>\n\n\n\n<p>Al\u00e9m dos cursos profissionalizantes, a popula\u00e7\u00e3o tamb\u00e9m ter\u00e1 acesso gratuito aos servi\u00e7os do Sine Manaus (cadastro, vagas de emprego e orienta\u00e7\u00e3o para CTPS e seguro-desemprego), e do Sinetram (emiss\u00e3o de cart\u00f5es Passa F\u00e1cil e vale-transporte); al\u00e9m de campeonatos de Free Fire e Fifa, aulas de dan\u00e7a e apresenta\u00e7\u00f5es musicais. A programa\u00e7\u00e3o inicia \u00e0s 8h e segue at\u00e9 as 22h, nos tr\u00eas dias de evento.<\/p>\n\n\n\n<p><strong>Cronograma de Cursos e Oficinas<\/strong><\/p>\n\n\n\n<p><a><strong>27\/9<\/strong><\/a><\/p>\n\n\n\n<p>8h \u00e0s 12h &#8211; Curso de TBO<\/p>\n\n\n\n<p>8h \u00e0s 12h &#8211; Curso de NR 12<\/p>\n\n\n\n<p>8h \u00e0s 12h &#8211; Curso de Frentista<\/p>\n\n\n\n<p>13h \u00e0s 16h &#8211; Oficina de Design com Celular<\/p>\n\n\n\n<p>14h \u00e0s 16h &#8211; Oficina de Rob\u00f3tica<\/p>\n\n\n\n<p>14h \u00e0s 16h &#8211; Oficina de Pilotagem de Drone<\/p>\n\n\n\n<p><strong>28\/9<\/strong><\/p>\n\n\n\n<p>8h \u00e0s 12h &#8211; Curso de TBO<\/p>\n\n\n\n<p>8h \u00e0s 12h &#8211; Curso de NR 12<\/p>\n\n\n\n<p>8h \u00e0s 12h &#8211; Curso de Frentista<\/p>\n\n\n\n<p>13h \u00e0s 16h &#8211; Curso de Marketing Digital<\/p>\n\n\n\n<p>13h \u00e0s 16h &#8211; Oficina Empreender na \u00c1rea da Beleza<\/p>\n\n\n\n<p>14h \u00e0s 16h &#8211; Oficina de Rob\u00f3tica<\/p>\n\n\n\n<p>14h \u00e0s 16h &#8211; Oficina de Pilotagem de Drone<\/p>\n\n\n\n<p><strong>29\/9<\/strong><\/p>\n\n\n\n<p>8h \u00e0s 12h &#8211; Curso de TBO<\/p>\n\n\n\n<p>8h \u00e0s 12h &#8211; Curso de NR 12<\/p>\n\n\n\n<p>8h \u00e0s 12h &#8211; Curso de Frentista<\/p>\n\n\n\n<p><\/p>\n\n\n\n<p><strong>Confira as listas de selecionados:<\/strong><\/p>\n\n\n\n<p><strong><a href=\"https:\/\/www.manaus.am.gov.br\/semtepi\/wp-content\/uploads\/sites\/20\/2023\/09\/LISTA-DE-SELECIONADOS-COMO-EMPREENDER-NO-SEGUIMENTO-DA-BELEZA.pdf\">Como empreender no seguimento de beleza<\/a><\/strong><\/p>\n\n\n\n<p><strong><a href=\"https:\/\/www.manaus.am.gov.br\/semtepi\/wp-content\/uploads\/sites\/20\/2023\/09\/LISTA-DE-SELECIONADOS-DESIGN-GRAFICO-COM-O-CELULAR.pdf\">Design gr\u00e1fico com celular<\/a><\/strong><\/p>\n\n\n\n<p><strong><a href=\"https:\/\/www.manaus.am.gov.br\/semtepi\/wp-content\/uploads\/sites\/20\/2023\/09\/LISTA-DE-SELECIONADOS-MARKETING-DIGITAL.pdf\">Marketing Digital<\/a><\/strong><\/p>\n\n\n\n<p><strong><a href=\"https:\/\/www.manaus.am.gov.br\/semtepi\/wp-content\/uploads\/sites\/20\/2023\/09\/LISTA-DE-SELECIONADOS-ROBOTICA.pdf\">Rob\u00f3tica<\/a><\/strong><\/p>\n\n\n\n<p><strong><a href=\"https:\/\/www.manaus.am.gov.br\/semtepi\/wp-content\/uploads\/sites\/20\/2023\/09\/LISTA-DE-SELECIONADOS-DRONE.pdf\">Drone<\/a><\/strong><\/p>\n\n\n\n<p><strong><a href=\"https:\/\/www.manaus.am.gov.br\/semtepi\/wp-content\/uploads\/sites\/20\/2023\/09\/LISTA-SELECIONADOS-FRENTISTA.pdf\">Frentista<\/a><\/strong><\/p>\n\n\n\n<p><strong><a href=\"https:\/\/www.manaus.am.gov.br\/semtepi\/wp-content\/uploads\/sites\/20\/2023\/09\/LISTA-SELECIONADOS-NR12.pdf\">NR12<\/a><\/strong><\/p>\n\n\n\n<p><strong><a href=\"https:\/\/www.manaus.am.gov.br\/semtepi\/wp-content\/uploads\/sites\/20\/2023\/09\/LISTA-SELECIONADOS-TBO.pdf\">TBO<\/a><\/strong><\/p>\n\n\n\n<p>&#8212; &#8212; &#8212;<\/p>\n\n\n\n<p><strong>Texto \u2013 <\/strong>Divulga\u00e7\u00e3o \/ Semtepi<\/p>\n\n\n\n<p><strong>Fotos \u2013&nbsp;<\/strong>Arquivo \/ Semcom<\/p>\n\n\n\n<p><strong>Dispon\u00edveis em &#8211; <\/strong><a href=\"https:\/\/flic.kr\/s\/aHBqjArZt7\">https:\/\/flic.kr\/s\/aHBqjArZt7<\/a><\/p>\n","protected":false},"excerpt":{"rendered":"","protected":false},"author":39,"featured_media":2665,"comment_status":"closed","ping_status":"closed","sticky":false,"template":"","format":"standard","meta":{"footnotes":""},"categories":[82],"tags":[611,612,613,8,9],"acf":[],"yoast_head":"<!-- This site is optimized with the Yoast SEO plugin v23.0 - https:\/\/yoast.com\/wordpress\/plugins\/seo\/ -->\n<title>Prefeitura divulga selecionados em cursos profissionalizantes da a\u00e7\u00e3o \u2018Semtepi Itinerante\u2019<\/title>\n<meta name=\"description\" content=\"A Prefeitura de Manaus, por meio da Secretaria Municipal do Trabalho, Empreendedorismo e Inova\u00e7\u00e3o (Semtepi), divulga, nesta ter\u00e7a-feira, 26\/9, a lista de participantes selecionados para os cursos e oficinas, que ser\u00e3o realizados durante a a\u00e7\u00e3o \u201cSemtepi Itinerante\u201d, nos dias 27, 28 e 29\/9, no conjunto Viver Melhor, no bairro Lago Azul, na zona Norte da capital.\" \/>\n<meta name=\"robots\" content=\"noindex, follow\" \/>\n<meta property=\"og:locale\" content=\"pt_BR\" \/>\n<meta property=\"og:type\" content=\"article\" \/>\n<meta property=\"og:title\" content=\"Prefeitura divulga selecionados em cursos profissionalizantes da a\u00e7\u00e3o \u2018Semtepi Itinerante\u2019\" \/>\n<meta property=\"og:description\" content=\"A Prefeitura de Manaus, por meio da Secretaria Municipal do Trabalho, Empreendedorismo e Inova\u00e7\u00e3o (Semtepi), divulga, nesta ter\u00e7a-feira, 26\/9, a lista de participantes selecionados para os cursos e oficinas, que ser\u00e3o realizados durante a a\u00e7\u00e3o \u201cSemtepi Itinerante\u201d, nos dias 27, 28 e 29\/9, no conjunto Viver Melhor, no bairro Lago Azul, na zona Norte da capital.\" \/>\n<meta property=\"og:url\" content=\"https:\/\/www.manaus.am.gov.br\/semtepi\/qualificacao\/prefeitura-divulga-selecionados-em-cursos-profissionalizantes-da-acao-semtepi-itinerante\/\" \/>\n<meta property=\"og:site_name\" content=\"SEMTEPI\" \/>\n<meta property=\"article:published_time\" content=\"2023-09-26T20:15:00+00:00\" \/>\n<meta property=\"article:modified_time\" content=\"2023-09-26T20:23:41+00:00\" \/>\n<meta property=\"og:image\" content=\"https:\/\/www.manaus.am.gov.br\/semtepi\/wp-content\/uploads\/sites\/20\/2023\/09\/52687079430_258173a722_k.jpg\" \/>\n\t<meta property=\"og:image:width\" content=\"2048\" \/>\n\t<meta property=\"og:image:height\" content=\"1365\" \/>\n\t<meta property=\"og:image:type\" content=\"image\/jpeg\" \/>\n<meta name=\"author\" content=\"Bruna Greco\" \/>\n<meta name=\"twitter:card\" content=\"summary_large_image\" \/>\n<meta name=\"twitter:label1\" content=\"Written by\" \/>\n\t<meta name=\"twitter:data1\" content=\"Bruna Greco\" \/>\n\t<meta name=\"twitter:label2\" content=\"Est. reading time\" \/>\n\t<meta name=\"twitter:data2\" content=\"2 minutos\" \/>\n<script type=\"application\/ld+json\" class=\"yoast-schema-graph\">{\"@context\":\"https:\/\/schema.org\",\"@graph\":[{\"@type\":\"Article\",\"@id\":\"https:\/\/www.manaus.am.gov.br\/semtepi\/qualificacao\/prefeitura-divulga-selecionados-em-cursos-profissionalizantes-da-acao-semtepi-itinerante\/#article\",\"isPartOf\":{\"@id\":\"https:\/\/www.manaus.am.gov.br\/semtepi\/qualificacao\/prefeitura-divulga-selecionados-em-cursos-profissionalizantes-da-acao-semtepi-itinerante\/\"},\"author\":{\"name\":\"Bruna Greco\",\"@id\":\"https:\/\/www.manaus.am.gov.br\/semtepi\/#\/schema\/person\/05d223aea2bf115f9883a6ff3683d81b\"},\"headline\":\"Prefeitura divulga selecionados em cursos profissionalizantes da a\u00e7\u00e3o \u2018Semtepi Itinerante\u2019\",\"datePublished\":\"2023-09-26T20:15:00+00:00\",\"dateModified\":\"2023-09-26T20:23:41+00:00\",\"mainEntityOfPage\":{\"@id\":\"https:\/\/www.manaus.am.gov.br\/semtepi\/qualificacao\/prefeitura-divulga-selecionados-em-cursos-profissionalizantes-da-acao-semtepi-itinerante\/\"},\"wordCount\":372,\"publisher\":{\"@id\":\"https:\/\/www.manaus.am.gov.br\/semtepi\/#organization\"},\"image\":{\"@id\":\"https:\/\/www.manaus.am.gov.br\/semtepi\/qualificacao\/prefeitura-divulga-selecionados-em-cursos-profissionalizantes-da-acao-semtepi-itinerante\/#primaryimage\"},\"thumbnailUrl\":\"https:\/\/www.manaus.am.gov.br\/semtepi\/wp-content\/uploads\/sites\/20\/2023\/09\/52687079430_258173a722_k.jpg\",\"keywords\":[\"a\u00e7\u00e3o \u2018Semtepi Itinerante\u2019\",\"Cronograma de Cursos e Oficinas\",\"cursos profissionalizantes\",\"prefeitura de manaus\",\"Semtepi\"],\"articleSection\":[\"Qualifica\u00e7\u00e3o\"],\"inLanguage\":\"pt-BR\"},{\"@type\":\"WebPage\",\"@id\":\"https:\/\/www.manaus.am.gov.br\/semtepi\/qualificacao\/prefeitura-divulga-selecionados-em-cursos-profissionalizantes-da-acao-semtepi-itinerante\/\",\"url\":\"https:\/\/www.manaus.am.gov.br\/semtepi\/qualificacao\/prefeitura-divulga-selecionados-em-cursos-profissionalizantes-da-acao-semtepi-itinerante\/\",\"name\":\"Prefeitura divulga selecionados em cursos profissionalizantes da a\u00e7\u00e3o \u2018Semtepi Itinerante\u2019\",\"isPartOf\":{\"@id\":\"https:\/\/www.manaus.am.gov.br\/semtepi\/#website\"},\"primaryImageOfPage\":{\"@id\":\"https:\/\/www.manaus.am.gov.br\/semtepi\/qualificacao\/prefeitura-divulga-selecionados-em-cursos-profissionalizantes-da-acao-semtepi-itinerante\/#primaryimage\"},\"image\":{\"@id\":\"https:\/\/www.manaus.am.gov.br\/semtepi\/qualificacao\/prefeitura-divulga-selecionados-em-cursos-profissionalizantes-da-acao-semtepi-itinerante\/#primaryimage\"},\"thumbnailUrl\":\"https:\/\/www.manaus.am.gov.br\/semtepi\/wp-content\/uploads\/sites\/20\/2023\/09\/52687079430_258173a722_k.jpg\",\"datePublished\":\"2023-09-26T20:15:00+00:00\",\"dateModified\":\"2023-09-26T20:23:41+00:00\",\"description\":\"A Prefeitura de Manaus, por meio da Secretaria Municipal do Trabalho, Empreendedorismo e Inova\u00e7\u00e3o (Semtepi), divulga, nesta ter\u00e7a-feira, 26\/9, a lista de participantes selecionados para os cursos e oficinas, que ser\u00e3o realizados durante a a\u00e7\u00e3o \u201cSemtepi Itinerante\u201d, nos dias 27, 28 e 29\/9, no conjunto Viver Melhor, no bairro Lago Azul, na zona Norte da capital.\",\"breadcrumb\":{\"@id\":\"https:\/\/www.manaus.am.gov.br\/semtepi\/qualificacao\/prefeitura-divulga-selecionados-em-cursos-profissionalizantes-da-acao-semtepi-itinerante\/#breadcrumb\"},\"inLanguage\":\"pt-BR\",\"potentialAction\":[{\"@type\":\"ReadAction\",\"target\":[\"https:\/\/www.manaus.am.gov.br\/semtepi\/qualificacao\/prefeitura-divulga-selecionados-em-cursos-profissionalizantes-da-acao-semtepi-itinerante\/\"]}]},{\"@type\":\"ImageObject\",\"inLanguage\":\"pt-BR\",\"@id\":\"https:\/\/www.manaus.am.gov.br\/semtepi\/qualificacao\/prefeitura-divulga-selecionados-em-cursos-profissionalizantes-da-acao-semtepi-itinerante\/#primaryimage\",\"url\":\"https:\/\/www.manaus.am.gov.br\/semtepi\/wp-content\/uploads\/sites\/20\/2023\/09\/52687079430_258173a722_k.jpg\",\"contentUrl\":\"https:\/\/www.manaus.am.gov.br\/semtepi\/wp-content\/uploads\/sites\/20\/2023\/09\/52687079430_258173a722_k.jpg\",\"width\":2048,\"height\":1365},{\"@type\":\"BreadcrumbList\",\"@id\":\"https:\/\/www.manaus.am.gov.br\/semtepi\/qualificacao\/prefeitura-divulga-selecionados-em-cursos-profissionalizantes-da-acao-semtepi-itinerante\/#breadcrumb\",\"itemListElement\":[{\"@type\":\"ListItem\",\"position\":1,\"name\":\"Home\",\"item\":\"https:\/\/www.manaus.am.gov.br\/semtepi\/\"},{\"@type\":\"ListItem\",\"position\":2,\"name\":\"Prefeitura divulga selecionados em cursos profissionalizantes da a\u00e7\u00e3o \u2018Semtepi Itinerante\u2019\"}]},{\"@type\":\"WebSite\",\"@id\":\"https:\/\/www.manaus.am.gov.br\/semtepi\/#website\",\"url\":\"https:\/\/www.manaus.am.gov.br\/semtepi\/\",\"name\":\"SEMTEPI\",\"description\":\"Prefeitura de Manaus\",\"publisher\":{\"@id\":\"https:\/\/www.manaus.am.gov.br\/semtepi\/#organization\"},\"alternateName\":\"Secretaria Municipal do Trabalho, Empreendedorismo e Inova\u00e7\u00e3o\",\"potentialAction\":[{\"@type\":\"SearchAction\",\"target\":{\"@type\":\"EntryPoint\",\"urlTemplate\":\"https:\/\/www.manaus.am.gov.br\/semtepi\/?s={search_term_string}\"},\"query-input\":\"required name=search_term_string\"}],\"inLanguage\":\"pt-BR\"},{\"@type\":\"Organization\",\"@id\":\"https:\/\/www.manaus.am.gov.br\/semtepi\/#organization\",\"name\":\"Prefeitura Municipal de Manaus\",\"alternateName\":\"Prefeitura de Manaus\",\"url\":\"https:\/\/www.manaus.am.gov.br\/semtepi\/\",\"logo\":{\"@type\":\"ImageObject\",\"inLanguage\":\"pt-BR\",\"@id\":\"https:\/\/www.manaus.am.gov.br\/semtepi\/#\/schema\/logo\/image\/\",\"url\":\"https:\/\/www.manaus.am.gov.br\/semtepi\/wp-content\/uploads\/sites\/20\/2024\/07\/favicon.png\",\"contentUrl\":\"https:\/\/www.manaus.am.gov.br\/semtepi\/wp-content\/uploads\/sites\/20\/2024\/07\/favicon.png\",\"width\":300,\"height\":300,\"caption\":\"Prefeitura Municipal de Manaus\"},\"image\":{\"@id\":\"https:\/\/www.manaus.am.gov.br\/semtepi\/#\/schema\/logo\/image\/\"}},{\"@type\":\"Person\",\"@id\":\"https:\/\/www.manaus.am.gov.br\/semtepi\/#\/schema\/person\/05d223aea2bf115f9883a6ff3683d81b\",\"name\":\"Bruna Greco\",\"image\":{\"@type\":\"ImageObject\",\"inLanguage\":\"pt-BR\",\"@id\":\"https:\/\/www.manaus.am.gov.br\/semtepi\/#\/schema\/person\/image\/\",\"url\":\"https:\/\/secure.gravatar.com\/avatar\/9c877d1a6adc2a055330e5c09a8653ce?s=96&d=mm&r=g\",\"contentUrl\":\"https:\/\/secure.gravatar.com\/avatar\/9c877d1a6adc2a055330e5c09a8653ce?s=96&d=mm&r=g\",\"caption\":\"Bruna Greco\"}}]}<\/script>\n<!-- \/ Yoast SEO plugin. -->","yoast_head_json":{"title":"Prefeitura divulga selecionados em cursos profissionalizantes da a\u00e7\u00e3o \u2018Semtepi Itinerante\u2019","description":"A Prefeitura de Manaus, por meio da Secretaria Municipal do Trabalho, Empreendedorismo e Inova\u00e7\u00e3o (Semtepi), divulga, nesta ter\u00e7a-feira, 26\/9, a lista de participantes selecionados para os cursos e oficinas, que ser\u00e3o realizados durante a a\u00e7\u00e3o \u201cSemtepi Itinerante\u201d, nos dias 27, 28 e 29\/9, no conjunto Viver Melhor, no bairro Lago Azul, na zona Norte da capital.","robots":{"index":"noindex","follow":"follow"},"og_locale":"pt_BR","og_type":"article","og_title":"Prefeitura divulga selecionados em cursos profissionalizantes da a\u00e7\u00e3o \u2018Semtepi Itinerante\u2019","og_description":"A Prefeitura de Manaus, por meio da Secretaria Municipal do Trabalho, Empreendedorismo e Inova\u00e7\u00e3o (Semtepi), divulga, nesta ter\u00e7a-feira, 26\/9, a lista de participantes selecionados para os cursos e oficinas, que ser\u00e3o realizados durante a a\u00e7\u00e3o \u201cSemtepi Itinerante\u201d, nos dias 27, 28 e 29\/9, no conjunto Viver Melhor, no bairro Lago Azul, na zona Norte da capital.","og_url":"https:\/\/www.manaus.am.gov.br\/semtepi\/qualificacao\/prefeitura-divulga-selecionados-em-cursos-profissionalizantes-da-acao-semtepi-itinerante\/","og_site_name":"SEMTEPI","article_published_time":"2023-09-26T20:15:00+00:00","article_modified_time":"2023-09-26T20:23:41+00:00","og_image":[{"width":2048,"height":1365,"url":"https:\/\/www.manaus.am.gov.br\/semtepi\/wp-content\/uploads\/sites\/20\/2023\/09\/52687079430_258173a722_k.jpg","type":"image\/jpeg"}],"author":"Bruna Greco","twitter_card":"summary_large_image","twitter_misc":{"Written by":"Bruna Greco","Est. reading time":"2 minutos"},"schema":{"@context":"https:\/\/schema.org","@graph":[{"@type":"Article","@id":"https:\/\/www.manaus.am.gov.br\/semtepi\/qualificacao\/prefeitura-divulga-selecionados-em-cursos-profissionalizantes-da-acao-semtepi-itinerante\/#article","isPartOf":{"@id":"https:\/\/www.manaus.am.gov.br\/semtepi\/qualificacao\/prefeitura-divulga-selecionados-em-cursos-profissionalizantes-da-acao-semtepi-itinerante\/"},"author":{"name":"Bruna Greco","@id":"https:\/\/www.manaus.am.gov.br\/semtepi\/#\/schema\/person\/05d223aea2bf115f9883a6ff3683d81b"},"headline":"Prefeitura divulga selecionados em cursos profissionalizantes da a\u00e7\u00e3o \u2018Semtepi Itinerante\u2019","datePublished":"2023-09-26T20:15:00+00:00","dateModified":"2023-09-26T20:23:41+00:00","mainEntityOfPage":{"@id":"https:\/\/www.manaus.am.gov.br\/semtepi\/qualificacao\/prefeitura-divulga-selecionados-em-cursos-profissionalizantes-da-acao-semtepi-itinerante\/"},"wordCount":372,"publisher":{"@id":"https:\/\/www.manaus.am.gov.br\/semtepi\/#organization"},"image":{"@id":"https:\/\/www.manaus.am.gov.br\/semtepi\/qualificacao\/prefeitura-divulga-selecionados-em-cursos-profissionalizantes-da-acao-semtepi-itinerante\/#primaryimage"},"thumbnailUrl":"https:\/\/www.manaus.am.gov.br\/semtepi\/wp-content\/uploads\/sites\/20\/2023\/09\/52687079430_258173a722_k.jpg","keywords":["a\u00e7\u00e3o \u2018Semtepi Itinerante\u2019","Cronograma de Cursos e Oficinas","cursos profissionalizantes","prefeitura de manaus","Semtepi"],"articleSection":["Qualifica\u00e7\u00e3o"],"inLanguage":"pt-BR"},{"@type":"WebPage","@id":"https:\/\/www.manaus.am.gov.br\/semtepi\/qualificacao\/prefeitura-divulga-selecionados-em-cursos-profissionalizantes-da-acao-semtepi-itinerante\/","url":"https:\/\/www.manaus.am.gov.br\/semtepi\/qualificacao\/prefeitura-divulga-selecionados-em-cursos-profissionalizantes-da-acao-semtepi-itinerante\/","name":"Prefeitura divulga selecionados em cursos profissionalizantes da a\u00e7\u00e3o \u2018Semtepi Itinerante\u2019","isPartOf":{"@id":"https:\/\/www.manaus.am.gov.br\/semtepi\/#website"},"primaryImageOfPage":{"@id":"https:\/\/www.manaus.am.gov.br\/semtepi\/qualificacao\/prefeitura-divulga-selecionados-em-cursos-profissionalizantes-da-acao-semtepi-itinerante\/#primaryimage"},"image":{"@id":"https:\/\/www.manaus.am.gov.br\/semtepi\/qualificacao\/prefeitura-divulga-selecionados-em-cursos-profissionalizantes-da-acao-semtepi-itinerante\/#primaryimage"},"thumbnailUrl":"https:\/\/www.manaus.am.gov.br\/semtepi\/wp-content\/uploads\/sites\/20\/2023\/09\/52687079430_258173a722_k.jpg","datePublished":"2023-09-26T20:15:00+00:00","dateModified":"2023-09-26T20:23:41+00:00","description":"A Prefeitura de Manaus, por meio da Secretaria Municipal do Trabalho, Empreendedorismo e Inova\u00e7\u00e3o (Semtepi), divulga, nesta ter\u00e7a-feira, 26\/9, a lista de participantes selecionados para os cursos e oficinas, que ser\u00e3o realizados durante a a\u00e7\u00e3o \u201cSemtepi Itinerante\u201d, nos dias 27, 28 e 29\/9, no conjunto Viver Melhor, no bairro Lago Azul, na zona Norte da capital.","breadcrumb":{"@id":"https:\/\/www.manaus.am.gov.br\/semtepi\/qualificacao\/prefeitura-divulga-selecionados-em-cursos-profissionalizantes-da-acao-semtepi-itinerante\/#breadcrumb"},"inLanguage":"pt-BR","potentialAction":[{"@type":"ReadAction","target":["https:\/\/www.manaus.am.gov.br\/semtepi\/qualificacao\/prefeitura-divulga-selecionados-em-cursos-profissionalizantes-da-acao-semtepi-itinerante\/"]}]},{"@type":"ImageObject","inLanguage":"pt-BR","@id":"https:\/\/www.manaus.am.gov.br\/semtepi\/qualificacao\/prefeitura-divulga-selecionados-em-cursos-profissionalizantes-da-acao-semtepi-itinerante\/#primaryimage","url":"https:\/\/www.manaus.am.gov.br\/semtepi\/wp-content\/uploads\/sites\/20\/2023\/09\/52687079430_258173a722_k.jpg","contentUrl":"https:\/\/www.manaus.am.gov.br\/semtepi\/wp-content\/uploads\/sites\/20\/2023\/09\/52687079430_258173a722_k.jpg","width":2048,"height":1365},{"@type":"BreadcrumbList","@id":"https:\/\/www.manaus.am.gov.br\/semtepi\/qualificacao\/prefeitura-divulga-selecionados-em-cursos-profissionalizantes-da-acao-semtepi-itinerante\/#breadcrumb","itemListElement":[{"@type":"ListItem","position":1,"name":"Home","item":"https:\/\/www.manaus.am.gov.br\/semtepi\/"},{"@type":"ListItem","position":2,"name":"Prefeitura divulga selecionados em cursos profissionalizantes da a\u00e7\u00e3o \u2018Semtepi Itinerante\u2019"}]},{"@type":"WebSite","@id":"https:\/\/www.manaus.am.gov.br\/semtepi\/#website","url":"https:\/\/www.manaus.am.gov.br\/semtepi\/","name":"SEMTEPI","description":"Prefeitura de Manaus","publisher":{"@id":"https:\/\/www.manaus.am.gov.br\/semtepi\/#organization"},"alternateName":"Secretaria Municipal do Trabalho, Empreendedorismo e Inova\u00e7\u00e3o","potentialAction":[{"@type":"SearchAction","target":{"@type":"EntryPoint","urlTemplate":"https:\/\/www.manaus.am.gov.br\/semtepi\/?s={search_term_string}"},"query-input":"required name=search_term_string"}],"inLanguage":"pt-BR"},{"@type":"Organization","@id":"https:\/\/www.manaus.am.gov.br\/semtepi\/#organization","name":"Prefeitura Municipal de Manaus","alternateName":"Prefeitura de Manaus","url":"https:\/\/www.manaus.am.gov.br\/semtepi\/","logo":{"@type":"ImageObject","inLanguage":"pt-BR","@id":"https:\/\/www.manaus.am.gov.br\/semtepi\/#\/schema\/logo\/image\/","url":"https:\/\/www.manaus.am.gov.br\/semtepi\/wp-content\/uploads\/sites\/20\/2024\/07\/favicon.png","contentUrl":"https:\/\/www.manaus.am.gov.br\/semtepi\/wp-content\/uploads\/sites\/20\/2024\/07\/favicon.png","width":300,"height":300,"caption":"Prefeitura Municipal de Manaus"},"image":{"@id":"https:\/\/www.manaus.am.gov.br\/semtepi\/#\/schema\/logo\/image\/"}},{"@type":"Person","@id":"https:\/\/www.manaus.am.gov.br\/semtepi\/#\/schema\/person\/05d223aea2bf115f9883a6ff3683d81b","name":"Bruna Greco","image":{"@type":"ImageObject","inLanguage":"pt-BR","@id":"https:\/\/www.manaus.am.gov.br\/semtepi\/#\/schema\/person\/image\/","url":"https:\/\/secure.gravatar.com\/avatar\/9c877d1a6adc2a055330e5c09a8653ce?s=96&d=mm&r=g","contentUrl":"https:\/\/secure.gravatar.com\/avatar\/9c877d1a6adc2a055330e5c09a8653ce?s=96&d=mm&r=g","caption":"Bruna Greco"}}]}},"_links":{"self":[{"href":"https:\/\/www.manaus.am.gov.br\/semtepi\/wp-json\/wp\/v2\/posts\/2664"}],"collection":[{"href":"https:\/\/www.manaus.am.gov.br\/semtepi\/wp-json\/wp\/v2\/posts"}],"about":[{"href":"https:\/\/www.manaus.am.gov.br\/semtepi\/wp-json\/wp\/v2\/types\/post"}],"author":[{"embeddable":true,"href":"https:\/\/www.manaus.am.gov.br\/semtepi\/wp-json\/wp\/v2\/users\/39"}],"replies":[{"embeddable":true,"href":"https:\/\/www.manaus.am.gov.br\/semtepi\/wp-json\/wp\/v2\/comments?post=2664"}],"version-history":[{"count":4,"href":"https:\/\/www.manaus.am.gov.br\/semtepi\/wp-json\/wp\/v2\/posts\/2664\/revisions"}],"predecessor-version":[{"id":2677,"href":"https:\/\/www.manaus.am.gov.br\/semtepi\/wp-json\/wp\/v2\/posts\/2664\/revisions\/2677"}],"wp:featuredmedia":[{"embeddable":true,"href":"https:\/\/www.manaus.am.gov.br\/semtepi\/wp-json\/wp\/v2\/media\/2665"}],"wp:attachment":[{"href":"https:\/\/www.manaus.am.gov.br\/semtepi\/wp-json\/wp\/v2\/media?parent=2664"}],"wp:term":[{"taxonomy":"category","embeddable":true,"href":"https:\/\/www.manaus.am.gov.br\/semtepi\/wp-json\/wp\/v2\/categories?post=2664"},{"taxonomy":"post_tag","embeddable":true,"href":"https:\/\/www.manaus.am.gov.br\/semtepi\/wp-json\/wp\/v2\/tags?post=2664"}],"curies":[{"name":"wp","href":"https:\/\/api.w.org\/{rel}","templated":true}]}}