{"id":2660,"date":"2023-09-26T11:27:57","date_gmt":"2023-09-26T15:27:57","guid":{"rendered":"https:\/\/www.manaus.am.gov.br\/semtepi\/sem-categoria\/prefeitura-de-manaus-realiza-tres-dias-de-acao-itinerante-no-conjunto-viver-melhor\/"},"modified":"2023-09-26T11:27:57","modified_gmt":"2023-09-26T15:27:57","slug":"prefeitura-de-manaus-realiza-tres-dias-de-acao-itinerante-no-conjunto-viver-melhor","status":"publish","type":"post","link":"https:\/\/www.manaus.am.gov.br\/semtepi\/servicos\/prefeitura-de-manaus-realiza-tres-dias-de-acao-itinerante-no-conjunto-viver-melhor\/","title":{"rendered":"<strong>Prefeitura de Manaus realiza tr\u00eas dias de a\u00e7\u00e3o itinerante no conjunto Viver Melhor<\/strong>"},"content":{"rendered":"\n<p>A Prefeitura de Manaus, por meio da Secretaria Municipal do Trabalho, Empreendedorismo e Inova\u00e7\u00e3o (Semtepi), realiza, de quarta a sexta-feira, 27, 28 e 29\/9, a a\u00e7\u00e3o de servi\u00e7os itinerantes no conjunto Viver Melhor, bairro Lago Azul, na zona Norte de Manaus. No local, a popula\u00e7\u00e3o ter\u00e1 acesso gratuito a vagas de emprego, qualifica\u00e7\u00e3o profissional, \u201caul\u00e3o\u201d de ritmos, shows e mais.<\/p>\n\n\n\n<p>O atendimento come\u00e7a a partir das 8h, com os servi\u00e7os do Sine Manaus, carreta do Sinetram, emiss\u00e3o de cart\u00f5es Passa F\u00e1cil e vale-transporte. Al\u00e9m disso, ser\u00e3o realizados cursos e oficinas profissionalizantes, como: Treinamento B\u00e1sico Operacional (TBO); Norma Regulamentadora (NR-12); Frentista; Designer Gr\u00e1fico com o Celular; Marketing Digital; Pilotagem de Drone e Empreendedorismo.<\/p>\n\n\n\n<p>\u201cEstamos promovendo mais uma a\u00e7\u00e3o itinerante no Viver Melhor, agora mais completa com tr\u00eas dias de atendimentos. A ideia \u00e9 levar os servi\u00e7os da Prefeitura de Manaus para mais perto da popula\u00e7\u00e3o\u201d, afirmou o titular da Semtepi, Radyr J\u00fanior.<\/p>\n\n\n\n<p>Tamb\u00e9m ser\u00e3o promovidos campeonatos de Free Fire e Fifa, com premia\u00e7\u00f5es. Para participar dos cursos e oficinas, \u00e9 necess\u00e1rio se inscrever, previamente, no site&nbsp;<a href=\"https:\/\/linktr.ee\/servicoitinerante\" target=\"_blank\" rel=\"noreferrer noopener\">https:\/\/linktr.ee\/servicoitinerante<\/a>,&nbsp;e selecionar a atividade.<\/p>\n\n\n\n<p><strong>Aul\u00e3o de ritmos e shows<\/strong><\/p>\n\n\n\n<p>Nos tr\u00eas dias, a partir das 17h30, ser\u00e1 realizado o \u201caul\u00e3o\u201d de ritmos para a popula\u00e7\u00e3o. Na sequ\u00eancia, artistas amazonenses se apresentam no circuito de shows, que segue at\u00e9 as 22h.<\/p>\n\n\n\n<p><strong>Confira a programa\u00e7\u00e3o:<\/strong><\/p>\n\n\n\n<p><strong>Quarta-feira (27\/9)<\/strong><\/p>\n\n\n\n<p><strong>19h30&nbsp;<\/strong>\u2013 DJ Gospel<\/p>\n\n\n\n<p><strong>20h30 \u2013&nbsp;<\/strong>Nelson Vit e banda<\/p>\n\n\n\n<p><strong>Quinta-feira (28\/9)<\/strong><\/p>\n\n\n\n<p><strong>19h30&nbsp;<\/strong>\u2013 Marcos Lima<\/p>\n\n\n\n<p><strong>20h30 \u2013&nbsp;<\/strong>Mikael e banda<\/p>\n\n\n\n<p><strong>Sexta-feira (29\/9)<\/strong><\/p>\n\n\n\n<p><strong>19h30&nbsp;<\/strong>\u2013 DJ Camilo Cruz<\/p>\n\n\n\n<p><strong>20h30 \u2013&nbsp;<\/strong>Maykinho e Feras do Forr\u00f3<\/p>\n\n\n\n<p>&#8212; &#8212; &#8212;<\/p>\n\n\n\n<p><strong>Texto &#8211;&nbsp;<\/strong>Luiza Maria \/ Semtepi<\/p>\n\n\n\n<p><strong>Fotos \u2013&nbsp;<\/strong>Arquivo\/Semcom<\/p>\n\n\n\n<p><strong>Dispon\u00edveis em<\/strong>&nbsp;&#8211;&nbsp;<a href=\"https:\/\/flic.kr\/s\/aHBqjArZt7\" target=\"_blank\" rel=\"noreferrer noopener\">https:\/\/flic.kr\/s\/aHBqjArZt7<\/a><\/p>\n\n\n\n<p><\/p>\n","protected":false},"excerpt":{"rendered":"","protected":false},"author":23,"featured_media":2661,"comment_status":"closed","ping_status":"closed","sticky":false,"template":"","format":"standard","meta":{"footnotes":""},"categories":[29],"tags":[594,513,8,9,610],"acf":[],"yoast_head":"<!-- This site is optimized with the Yoast SEO plugin v23.0 - https:\/\/yoast.com\/wordpress\/plugins\/seo\/ -->\n<title>Prefeitura de Manaus realiza tr\u00eas dias de a\u00e7\u00e3o itinerante no conjunto Viver Melhor<\/title>\n<meta name=\"description\" content=\"A Prefeitura de Manaus, por meio da Secretaria Municipal do Trabalho, Empreendedorismo e Inova\u00e7\u00e3o (Semtepi), realiza, de quarta a sexta-feira, 27, 28 e 29\/9, a a\u00e7\u00e3o de servi\u00e7os itinerantes no conjunto Viver Melhor, bairro Lago Azul, na zona Norte de Manaus. No local, a popula\u00e7\u00e3o ter\u00e1 acesso gratuito a vagas de emprego, qualifica\u00e7\u00e3o profissional, \u201caul\u00e3o\u201d de ritmos, shows e mais.\" \/>\n<meta name=\"robots\" content=\"noindex, follow\" \/>\n<meta property=\"og:locale\" content=\"pt_BR\" \/>\n<meta property=\"og:type\" content=\"article\" \/>\n<meta property=\"og:title\" content=\"Prefeitura de Manaus realiza tr\u00eas dias de a\u00e7\u00e3o itinerante no conjunto Viver Melhor\" \/>\n<meta property=\"og:description\" content=\"A Prefeitura de Manaus, por meio da Secretaria Municipal do Trabalho, Empreendedorismo e Inova\u00e7\u00e3o (Semtepi), realiza, de quarta a sexta-feira, 27, 28 e 29\/9, a a\u00e7\u00e3o de servi\u00e7os itinerantes no conjunto Viver Melhor, bairro Lago Azul, na zona Norte de Manaus. No local, a popula\u00e7\u00e3o ter\u00e1 acesso gratuito a vagas de emprego, qualifica\u00e7\u00e3o profissional, \u201caul\u00e3o\u201d de ritmos, shows e mais.\" \/>\n<meta property=\"og:url\" content=\"https:\/\/www.manaus.am.gov.br\/semtepi\/servicos\/prefeitura-de-manaus-realiza-tres-dias-de-acao-itinerante-no-conjunto-viver-melhor\/\" \/>\n<meta property=\"og:site_name\" content=\"SEMTEPI\" \/>\n<meta property=\"article:published_time\" content=\"2023-09-26T15:27:57+00:00\" \/>\n<meta property=\"og:image\" content=\"https:\/\/www.manaus.am.gov.br\/semtepi\/wp-content\/uploads\/sites\/20\/2023\/09\/52686138062_d762379d8a_c.jpg\" \/>\n\t<meta property=\"og:image:width\" content=\"799\" \/>\n\t<meta property=\"og:image:height\" content=\"533\" \/>\n\t<meta property=\"og:image:type\" content=\"image\/jpeg\" \/>\n<meta name=\"author\" content=\"Adriana Costa\" \/>\n<meta name=\"twitter:card\" content=\"summary_large_image\" \/>\n<meta name=\"twitter:label1\" content=\"Written by\" \/>\n\t<meta name=\"twitter:data1\" content=\"Adriana Costa\" \/>\n\t<meta name=\"twitter:label2\" content=\"Est. reading time\" \/>\n\t<meta name=\"twitter:data2\" content=\"2 minutos\" \/>\n<script type=\"application\/ld+json\" class=\"yoast-schema-graph\">{\"@context\":\"https:\/\/schema.org\",\"@graph\":[{\"@type\":\"Article\",\"@id\":\"https:\/\/www.manaus.am.gov.br\/semtepi\/servicos\/prefeitura-de-manaus-realiza-tres-dias-de-acao-itinerante-no-conjunto-viver-melhor\/#article\",\"isPartOf\":{\"@id\":\"https:\/\/www.manaus.am.gov.br\/semtepi\/servicos\/prefeitura-de-manaus-realiza-tres-dias-de-acao-itinerante-no-conjunto-viver-melhor\/\"},\"author\":{\"name\":\"Adriana Costa\",\"@id\":\"https:\/\/www.manaus.am.gov.br\/semtepi\/#\/schema\/person\/4e49f4e267757a06ca072ec61b2b9968\"},\"headline\":\"Prefeitura de Manaus realiza tr\u00eas dias de a\u00e7\u00e3o itinerante no conjunto Viver Melhor\",\"datePublished\":\"2023-09-26T15:27:57+00:00\",\"dateModified\":\"2023-09-26T15:27:57+00:00\",\"mainEntityOfPage\":{\"@id\":\"https:\/\/www.manaus.am.gov.br\/semtepi\/servicos\/prefeitura-de-manaus-realiza-tres-dias-de-acao-itinerante-no-conjunto-viver-melhor\/\"},\"wordCount\":322,\"publisher\":{\"@id\":\"https:\/\/www.manaus.am.gov.br\/semtepi\/#organization\"},\"image\":{\"@id\":\"https:\/\/www.manaus.am.gov.br\/semtepi\/servicos\/prefeitura-de-manaus-realiza-tres-dias-de-acao-itinerante-no-conjunto-viver-melhor\/#primaryimage\"},\"thumbnailUrl\":\"https:\/\/www.manaus.am.gov.br\/semtepi\/wp-content\/uploads\/sites\/20\/2023\/09\/52686138062_d762379d8a_c.jpg\",\"keywords\":[\"A\u00e7\u00e3o Itinerante\",\"lago azul\",\"prefeitura de manaus\",\"Semtepi\",\"viver melhor\"],\"articleSection\":[\"Servi\u00e7os\"],\"inLanguage\":\"pt-BR\"},{\"@type\":\"WebPage\",\"@id\":\"https:\/\/www.manaus.am.gov.br\/semtepi\/servicos\/prefeitura-de-manaus-realiza-tres-dias-de-acao-itinerante-no-conjunto-viver-melhor\/\",\"url\":\"https:\/\/www.manaus.am.gov.br\/semtepi\/servicos\/prefeitura-de-manaus-realiza-tres-dias-de-acao-itinerante-no-conjunto-viver-melhor\/\",\"name\":\"Prefeitura de Manaus realiza tr\u00eas dias de a\u00e7\u00e3o itinerante no conjunto Viver Melhor\",\"isPartOf\":{\"@id\":\"https:\/\/www.manaus.am.gov.br\/semtepi\/#website\"},\"primaryImageOfPage\":{\"@id\":\"https:\/\/www.manaus.am.gov.br\/semtepi\/servicos\/prefeitura-de-manaus-realiza-tres-dias-de-acao-itinerante-no-conjunto-viver-melhor\/#primaryimage\"},\"image\":{\"@id\":\"https:\/\/www.manaus.am.gov.br\/semtepi\/servicos\/prefeitura-de-manaus-realiza-tres-dias-de-acao-itinerante-no-conjunto-viver-melhor\/#primaryimage\"},\"thumbnailUrl\":\"https:\/\/www.manaus.am.gov.br\/semtepi\/wp-content\/uploads\/sites\/20\/2023\/09\/52686138062_d762379d8a_c.jpg\",\"datePublished\":\"2023-09-26T15:27:57+00:00\",\"dateModified\":\"2023-09-26T15:27:57+00:00\",\"description\":\"A Prefeitura de Manaus, por meio da Secretaria Municipal do Trabalho, Empreendedorismo e Inova\u00e7\u00e3o (Semtepi), realiza, de quarta a sexta-feira, 27, 28 e 29\/9, a a\u00e7\u00e3o de servi\u00e7os itinerantes no conjunto Viver Melhor, bairro Lago Azul, na zona Norte de Manaus. No local, a popula\u00e7\u00e3o ter\u00e1 acesso gratuito a vagas de emprego, qualifica\u00e7\u00e3o profissional, \u201caul\u00e3o\u201d de ritmos, shows e mais.\",\"breadcrumb\":{\"@id\":\"https:\/\/www.manaus.am.gov.br\/semtepi\/servicos\/prefeitura-de-manaus-realiza-tres-dias-de-acao-itinerante-no-conjunto-viver-melhor\/#breadcrumb\"},\"inLanguage\":\"pt-BR\",\"potentialAction\":[{\"@type\":\"ReadAction\",\"target\":[\"https:\/\/www.manaus.am.gov.br\/semtepi\/servicos\/prefeitura-de-manaus-realiza-tres-dias-de-acao-itinerante-no-conjunto-viver-melhor\/\"]}]},{\"@type\":\"ImageObject\",\"inLanguage\":\"pt-BR\",\"@id\":\"https:\/\/www.manaus.am.gov.br\/semtepi\/servicos\/prefeitura-de-manaus-realiza-tres-dias-de-acao-itinerante-no-conjunto-viver-melhor\/#primaryimage\",\"url\":\"https:\/\/www.manaus.am.gov.br\/semtepi\/wp-content\/uploads\/sites\/20\/2023\/09\/52686138062_d762379d8a_c.jpg\",\"contentUrl\":\"https:\/\/www.manaus.am.gov.br\/semtepi\/wp-content\/uploads\/sites\/20\/2023\/09\/52686138062_d762379d8a_c.jpg\",\"width\":799,\"height\":533},{\"@type\":\"BreadcrumbList\",\"@id\":\"https:\/\/www.manaus.am.gov.br\/semtepi\/servicos\/prefeitura-de-manaus-realiza-tres-dias-de-acao-itinerante-no-conjunto-viver-melhor\/#breadcrumb\",\"itemListElement\":[{\"@type\":\"ListItem\",\"position\":1,\"name\":\"Home\",\"item\":\"https:\/\/www.manaus.am.gov.br\/semtepi\/\"},{\"@type\":\"ListItem\",\"position\":2,\"name\":\"Prefeitura de Manaus realiza tr\u00eas dias de a\u00e7\u00e3o itinerante no conjunto Viver Melhor\"}]},{\"@type\":\"WebSite\",\"@id\":\"https:\/\/www.manaus.am.gov.br\/semtepi\/#website\",\"url\":\"https:\/\/www.manaus.am.gov.br\/semtepi\/\",\"name\":\"SEMTEPI\",\"description\":\"Prefeitura de Manaus\",\"publisher\":{\"@id\":\"https:\/\/www.manaus.am.gov.br\/semtepi\/#organization\"},\"alternateName\":\"Secretaria Municipal do Trabalho, Empreendedorismo e Inova\u00e7\u00e3o\",\"potentialAction\":[{\"@type\":\"SearchAction\",\"target\":{\"@type\":\"EntryPoint\",\"urlTemplate\":\"https:\/\/www.manaus.am.gov.br\/semtepi\/?s={search_term_string}\"},\"query-input\":\"required name=search_term_string\"}],\"inLanguage\":\"pt-BR\"},{\"@type\":\"Organization\",\"@id\":\"https:\/\/www.manaus.am.gov.br\/semtepi\/#organization\",\"name\":\"Prefeitura Municipal de Manaus\",\"alternateName\":\"Prefeitura de Manaus\",\"url\":\"https:\/\/www.manaus.am.gov.br\/semtepi\/\",\"logo\":{\"@type\":\"ImageObject\",\"inLanguage\":\"pt-BR\",\"@id\":\"https:\/\/www.manaus.am.gov.br\/semtepi\/#\/schema\/logo\/image\/\",\"url\":\"https:\/\/www.manaus.am.gov.br\/semtepi\/wp-content\/uploads\/sites\/20\/2024\/07\/favicon.png\",\"contentUrl\":\"https:\/\/www.manaus.am.gov.br\/semtepi\/wp-content\/uploads\/sites\/20\/2024\/07\/favicon.png\",\"width\":300,\"height\":300,\"caption\":\"Prefeitura Municipal de Manaus\"},\"image\":{\"@id\":\"https:\/\/www.manaus.am.gov.br\/semtepi\/#\/schema\/logo\/image\/\"}},{\"@type\":\"Person\",\"@id\":\"https:\/\/www.manaus.am.gov.br\/semtepi\/#\/schema\/person\/4e49f4e267757a06ca072ec61b2b9968\",\"name\":\"Adriana Costa\",\"image\":{\"@type\":\"ImageObject\",\"inLanguage\":\"pt-BR\",\"@id\":\"https:\/\/www.manaus.am.gov.br\/semtepi\/#\/schema\/person\/image\/\",\"url\":\"https:\/\/secure.gravatar.com\/avatar\/576258617ef7194f718179e766d57bd4?s=96&d=mm&r=g\",\"contentUrl\":\"https:\/\/secure.gravatar.com\/avatar\/576258617ef7194f718179e766d57bd4?s=96&d=mm&r=g\",\"caption\":\"Adriana Costa\"}}]}<\/script>\n<!-- \/ Yoast SEO plugin. -->","yoast_head_json":{"title":"Prefeitura de Manaus realiza tr\u00eas dias de a\u00e7\u00e3o itinerante no conjunto Viver Melhor","description":"A Prefeitura de Manaus, por meio da Secretaria Municipal do Trabalho, Empreendedorismo e Inova\u00e7\u00e3o (Semtepi), realiza, de quarta a sexta-feira, 27, 28 e 29\/9, a a\u00e7\u00e3o de servi\u00e7os itinerantes no conjunto Viver Melhor, bairro Lago Azul, na zona Norte de Manaus. No local, a popula\u00e7\u00e3o ter\u00e1 acesso gratuito a vagas de emprego, qualifica\u00e7\u00e3o profissional, \u201caul\u00e3o\u201d de ritmos, shows e mais.","robots":{"index":"noindex","follow":"follow"},"og_locale":"pt_BR","og_type":"article","og_title":"Prefeitura de Manaus realiza tr\u00eas dias de a\u00e7\u00e3o itinerante no conjunto Viver Melhor","og_description":"A Prefeitura de Manaus, por meio da Secretaria Municipal do Trabalho, Empreendedorismo e Inova\u00e7\u00e3o (Semtepi), realiza, de quarta a sexta-feira, 27, 28 e 29\/9, a a\u00e7\u00e3o de servi\u00e7os itinerantes no conjunto Viver Melhor, bairro Lago Azul, na zona Norte de Manaus. No local, a popula\u00e7\u00e3o ter\u00e1 acesso gratuito a vagas de emprego, qualifica\u00e7\u00e3o profissional, \u201caul\u00e3o\u201d de ritmos, shows e mais.","og_url":"https:\/\/www.manaus.am.gov.br\/semtepi\/servicos\/prefeitura-de-manaus-realiza-tres-dias-de-acao-itinerante-no-conjunto-viver-melhor\/","og_site_name":"SEMTEPI","article_published_time":"2023-09-26T15:27:57+00:00","og_image":[{"width":799,"height":533,"url":"https:\/\/www.manaus.am.gov.br\/semtepi\/wp-content\/uploads\/sites\/20\/2023\/09\/52686138062_d762379d8a_c.jpg","type":"image\/jpeg"}],"author":"Adriana Costa","twitter_card":"summary_large_image","twitter_misc":{"Written by":"Adriana Costa","Est. reading time":"2 minutos"},"schema":{"@context":"https:\/\/schema.org","@graph":[{"@type":"Article","@id":"https:\/\/www.manaus.am.gov.br\/semtepi\/servicos\/prefeitura-de-manaus-realiza-tres-dias-de-acao-itinerante-no-conjunto-viver-melhor\/#article","isPartOf":{"@id":"https:\/\/www.manaus.am.gov.br\/semtepi\/servicos\/prefeitura-de-manaus-realiza-tres-dias-de-acao-itinerante-no-conjunto-viver-melhor\/"},"author":{"name":"Adriana Costa","@id":"https:\/\/www.manaus.am.gov.br\/semtepi\/#\/schema\/person\/4e49f4e267757a06ca072ec61b2b9968"},"headline":"Prefeitura de Manaus realiza tr\u00eas dias de a\u00e7\u00e3o itinerante no conjunto Viver Melhor","datePublished":"2023-09-26T15:27:57+00:00","dateModified":"2023-09-26T15:27:57+00:00","mainEntityOfPage":{"@id":"https:\/\/www.manaus.am.gov.br\/semtepi\/servicos\/prefeitura-de-manaus-realiza-tres-dias-de-acao-itinerante-no-conjunto-viver-melhor\/"},"wordCount":322,"publisher":{"@id":"https:\/\/www.manaus.am.gov.br\/semtepi\/#organization"},"image":{"@id":"https:\/\/www.manaus.am.gov.br\/semtepi\/servicos\/prefeitura-de-manaus-realiza-tres-dias-de-acao-itinerante-no-conjunto-viver-melhor\/#primaryimage"},"thumbnailUrl":"https:\/\/www.manaus.am.gov.br\/semtepi\/wp-content\/uploads\/sites\/20\/2023\/09\/52686138062_d762379d8a_c.jpg","keywords":["A\u00e7\u00e3o Itinerante","lago azul","prefeitura de manaus","Semtepi","viver melhor"],"articleSection":["Servi\u00e7os"],"inLanguage":"pt-BR"},{"@type":"WebPage","@id":"https:\/\/www.manaus.am.gov.br\/semtepi\/servicos\/prefeitura-de-manaus-realiza-tres-dias-de-acao-itinerante-no-conjunto-viver-melhor\/","url":"https:\/\/www.manaus.am.gov.br\/semtepi\/servicos\/prefeitura-de-manaus-realiza-tres-dias-de-acao-itinerante-no-conjunto-viver-melhor\/","name":"Prefeitura de Manaus realiza tr\u00eas dias de a\u00e7\u00e3o itinerante no conjunto Viver Melhor","isPartOf":{"@id":"https:\/\/www.manaus.am.gov.br\/semtepi\/#website"},"primaryImageOfPage":{"@id":"https:\/\/www.manaus.am.gov.br\/semtepi\/servicos\/prefeitura-de-manaus-realiza-tres-dias-de-acao-itinerante-no-conjunto-viver-melhor\/#primaryimage"},"image":{"@id":"https:\/\/www.manaus.am.gov.br\/semtepi\/servicos\/prefeitura-de-manaus-realiza-tres-dias-de-acao-itinerante-no-conjunto-viver-melhor\/#primaryimage"},"thumbnailUrl":"https:\/\/www.manaus.am.gov.br\/semtepi\/wp-content\/uploads\/sites\/20\/2023\/09\/52686138062_d762379d8a_c.jpg","datePublished":"2023-09-26T15:27:57+00:00","dateModified":"2023-09-26T15:27:57+00:00","description":"A Prefeitura de Manaus, por meio da Secretaria Municipal do Trabalho, Empreendedorismo e Inova\u00e7\u00e3o (Semtepi), realiza, de quarta a sexta-feira, 27, 28 e 29\/9, a a\u00e7\u00e3o de servi\u00e7os itinerantes no conjunto Viver Melhor, bairro Lago Azul, na zona Norte de Manaus. No local, a popula\u00e7\u00e3o ter\u00e1 acesso gratuito a vagas de emprego, qualifica\u00e7\u00e3o profissional, \u201caul\u00e3o\u201d de ritmos, shows e mais.","breadcrumb":{"@id":"https:\/\/www.manaus.am.gov.br\/semtepi\/servicos\/prefeitura-de-manaus-realiza-tres-dias-de-acao-itinerante-no-conjunto-viver-melhor\/#breadcrumb"},"inLanguage":"pt-BR","potentialAction":[{"@type":"ReadAction","target":["https:\/\/www.manaus.am.gov.br\/semtepi\/servicos\/prefeitura-de-manaus-realiza-tres-dias-de-acao-itinerante-no-conjunto-viver-melhor\/"]}]},{"@type":"ImageObject","inLanguage":"pt-BR","@id":"https:\/\/www.manaus.am.gov.br\/semtepi\/servicos\/prefeitura-de-manaus-realiza-tres-dias-de-acao-itinerante-no-conjunto-viver-melhor\/#primaryimage","url":"https:\/\/www.manaus.am.gov.br\/semtepi\/wp-content\/uploads\/sites\/20\/2023\/09\/52686138062_d762379d8a_c.jpg","contentUrl":"https:\/\/www.manaus.am.gov.br\/semtepi\/wp-content\/uploads\/sites\/20\/2023\/09\/52686138062_d762379d8a_c.jpg","width":799,"height":533},{"@type":"BreadcrumbList","@id":"https:\/\/www.manaus.am.gov.br\/semtepi\/servicos\/prefeitura-de-manaus-realiza-tres-dias-de-acao-itinerante-no-conjunto-viver-melhor\/#breadcrumb","itemListElement":[{"@type":"ListItem","position":1,"name":"Home","item":"https:\/\/www.manaus.am.gov.br\/semtepi\/"},{"@type":"ListItem","position":2,"name":"Prefeitura de Manaus realiza tr\u00eas dias de a\u00e7\u00e3o itinerante no conjunto Viver Melhor"}]},{"@type":"WebSite","@id":"https:\/\/www.manaus.am.gov.br\/semtepi\/#website","url":"https:\/\/www.manaus.am.gov.br\/semtepi\/","name":"SEMTEPI","description":"Prefeitura de Manaus","publisher":{"@id":"https:\/\/www.manaus.am.gov.br\/semtepi\/#organization"},"alternateName":"Secretaria Municipal do Trabalho, Empreendedorismo e Inova\u00e7\u00e3o","potentialAction":[{"@type":"SearchAction","target":{"@type":"EntryPoint","urlTemplate":"https:\/\/www.manaus.am.gov.br\/semtepi\/?s={search_term_string}"},"query-input":"required name=search_term_string"}],"inLanguage":"pt-BR"},{"@type":"Organization","@id":"https:\/\/www.manaus.am.gov.br\/semtepi\/#organization","name":"Prefeitura Municipal de Manaus","alternateName":"Prefeitura de Manaus","url":"https:\/\/www.manaus.am.gov.br\/semtepi\/","logo":{"@type":"ImageObject","inLanguage":"pt-BR","@id":"https:\/\/www.manaus.am.gov.br\/semtepi\/#\/schema\/logo\/image\/","url":"https:\/\/www.manaus.am.gov.br\/semtepi\/wp-content\/uploads\/sites\/20\/2024\/07\/favicon.png","contentUrl":"https:\/\/www.manaus.am.gov.br\/semtepi\/wp-content\/uploads\/sites\/20\/2024\/07\/favicon.png","width":300,"height":300,"caption":"Prefeitura Municipal de Manaus"},"image":{"@id":"https:\/\/www.manaus.am.gov.br\/semtepi\/#\/schema\/logo\/image\/"}},{"@type":"Person","@id":"https:\/\/www.manaus.am.gov.br\/semtepi\/#\/schema\/person\/4e49f4e267757a06ca072ec61b2b9968","name":"Adriana Costa","image":{"@type":"ImageObject","inLanguage":"pt-BR","@id":"https:\/\/www.manaus.am.gov.br\/semtepi\/#\/schema\/person\/image\/","url":"https:\/\/secure.gravatar.com\/avatar\/576258617ef7194f718179e766d57bd4?s=96&d=mm&r=g","contentUrl":"https:\/\/secure.gravatar.com\/avatar\/576258617ef7194f718179e766d57bd4?s=96&d=mm&r=g","caption":"Adriana Costa"}}]}},"_links":{"self":[{"href":"https:\/\/www.manaus.am.gov.br\/semtepi\/wp-json\/wp\/v2\/posts\/2660"}],"collection":[{"href":"https:\/\/www.manaus.am.gov.br\/semtepi\/wp-json\/wp\/v2\/posts"}],"about":[{"href":"https:\/\/www.manaus.am.gov.br\/semtepi\/wp-json\/wp\/v2\/types\/post"}],"author":[{"embeddable":true,"href":"https:\/\/www.manaus.am.gov.br\/semtepi\/wp-json\/wp\/v2\/users\/23"}],"replies":[{"embeddable":true,"href":"https:\/\/www.manaus.am.gov.br\/semtepi\/wp-json\/wp\/v2\/comments?post=2660"}],"version-history":[{"count":0,"href":"https:\/\/www.manaus.am.gov.br\/semtepi\/wp-json\/wp\/v2\/posts\/2660\/revisions"}],"wp:featuredmedia":[{"embeddable":true,"href":"https:\/\/www.manaus.am.gov.br\/semtepi\/wp-json\/wp\/v2\/media\/2661"}],"wp:attachment":[{"href":"https:\/\/www.manaus.am.gov.br\/semtepi\/wp-json\/wp\/v2\/media?parent=2660"}],"wp:term":[{"taxonomy":"category","embeddable":true,"href":"https:\/\/www.manaus.am.gov.br\/semtepi\/wp-json\/wp\/v2\/categories?post=2660"},{"taxonomy":"post_tag","embeddable":true,"href":"https:\/\/www.manaus.am.gov.br\/semtepi\/wp-json\/wp\/v2\/tags?post=2660"}],"curies":[{"name":"wp","href":"https:\/\/api.w.org\/{rel}","templated":true}]}}