{"id":2649,"date":"2023-09-22T18:25:43","date_gmt":"2023-09-22T22:25:43","guid":{"rendered":"https:\/\/www.manaus.am.gov.br\/semtepi\/sem-categoria\/prefeitura-de-manaus-monta-dois-teloes-para-jogo-entre-flamengo-e-sao-paulo-na-ponta-negra\/"},"modified":"2023-09-22T18:30:15","modified_gmt":"2023-09-22T22:30:15","slug":"prefeitura-de-manaus-monta-dois-teloes-para-jogo-entre-flamengo-e-sao-paulo-na-ponta-negra","status":"publish","type":"post","link":"https:\/\/www.manaus.am.gov.br\/semtepi\/noticia-lazer\/prefeitura-de-manaus-monta-dois-teloes-para-jogo-entre-flamengo-e-sao-paulo-na-ponta-negra\/","title":{"rendered":"<strong>Prefeitura de Manaus monta dois tel\u00f5es para jogo entre Flamengo e S\u00e3o Paulo na Ponta Negra<\/strong>"},"content":{"rendered":"\n<p>A Prefeitura de Manaus, por meio da Secretaria Municipal do Trabalho, Empreendedorismo e Inova\u00e7\u00e3o (Semtepi), vai transmitir ao vivo, neste domingo, 24\/9, a partir das 14h30, a final da Copa do Brasil, entre os times Flamengo e S\u00e3o Paulo, em dois tel\u00f5es que ser\u00e3o montados no complexo tur\u00edstico Ponta Negra, zona Oeste. Um deles ser\u00e1 na Casa de Praia Zezinho Corr\u00eaa e o outro no anfiteatro.<\/p>\n\n\n\n<p>O tel\u00e3o de 8 metros ser\u00e1 instalado no anfiteatro da Ponta Negra, com vis\u00e3o panor\u00e2mica para a praia. J\u00e1 o segundo tel\u00e3o ficar\u00e1 dispon\u00edvel no palco Murilo Rayol da Casa de Praia Zezinho Corr\u00eaa. A entrada \u00e9 liberada para todos os espa\u00e7os.<\/p>\n\n\n\n<p>\u201cEsta \u00e9 mais uma a\u00e7\u00e3o da prefeitura para fortalecer o uso dos espa\u00e7os p\u00fablicos e o v\u00ednculo da iniciativa p\u00fablica com a popula\u00e7\u00e3o. Esperamos que todos se juntem neste domingo para torcer pelo seu time\u201d, destaca o secret\u00e1rio da Semtepi, Radyr J\u00fanior.<\/p>\n\n\n\n<p>Ap\u00f3s o evento, os manauaras poder\u00e3o aproveitar a noite com as toadas de boi-bumb\u00e1 na voz dos cantores Alciro Neto e Fabiano Neves, e suas respectivas bandas.<\/p>\n\n\n\n<p>&#8212; &#8212; &#8212;<\/p>\n\n\n\n<p><strong>Texto \u2013&nbsp;<\/strong>Fabiane Monteiro \/ Semtepi<\/p>\n\n\n\n<p><strong>Fotos* \u2013 <\/strong>Semcom \/ Arquivo<\/p>\n\n\n\n<p>Dispon\u00edveis em &#8211; <a href=\"https:\/\/flic.kr\/p\/2oAvmCG\">https:\/\/flic.kr\/p\/2oAvmCG<\/a> e <a href=\"https:\/\/flic.kr\/p\/2oyLUWH\">https:\/\/flic.kr\/p\/2oyLUWH<\/a><\/p>\n","protected":false},"excerpt":{"rendered":"","protected":false},"author":31,"featured_media":2650,"comment_status":"closed","ping_status":"closed","sticky":false,"template":"","format":"standard","meta":{"footnotes":""},"categories":[601],"tags":[602,603,178,604,605,606],"acf":[],"yoast_head":"<!-- This site is optimized with the Yoast SEO plugin v23.0 - https:\/\/yoast.com\/wordpress\/plugins\/seo\/ -->\n<title>Prefeitura de Manaus monta dois tel\u00f5es para jogo entre Flamengo e S\u00e3o Paulo na Ponta Negra - SEMTEPI<\/title>\n<meta name=\"robots\" content=\"noindex, follow\" \/>\n<meta property=\"og:locale\" content=\"pt_BR\" \/>\n<meta property=\"og:type\" content=\"article\" \/>\n<meta property=\"og:title\" content=\"Prefeitura de Manaus monta dois tel\u00f5es para jogo entre Flamengo e S\u00e3o Paulo na Ponta Negra - SEMTEPI\" \/>\n<meta property=\"og:url\" content=\"https:\/\/www.manaus.am.gov.br\/semtepi\/noticia-lazer\/prefeitura-de-manaus-monta-dois-teloes-para-jogo-entre-flamengo-e-sao-paulo-na-ponta-negra\/\" \/>\n<meta property=\"og:site_name\" content=\"SEMTEPI\" \/>\n<meta property=\"article:published_time\" content=\"2023-09-22T22:25:43+00:00\" \/>\n<meta property=\"article:modified_time\" content=\"2023-09-22T22:30:15+00:00\" \/>\n<meta property=\"og:image\" content=\"https:\/\/www.manaus.am.gov.br\/semtepi\/wp-content\/uploads\/sites\/20\/2023\/09\/52899029960_c5963a2315_c.jpg\" \/>\n\t<meta property=\"og:image:width\" content=\"800\" \/>\n\t<meta property=\"og:image:height\" content=\"450\" \/>\n\t<meta property=\"og:image:type\" content=\"image\/jpeg\" \/>\n<meta name=\"author\" content=\"Renata Felix\" \/>\n<meta name=\"twitter:card\" content=\"summary_large_image\" \/>\n<meta name=\"twitter:label1\" content=\"Written by\" \/>\n\t<meta name=\"twitter:data1\" content=\"Renata Felix\" \/>\n\t<meta name=\"twitter:label2\" content=\"Est. reading time\" \/>\n\t<meta name=\"twitter:data2\" content=\"2 minutos\" \/>\n<script type=\"application\/ld+json\" class=\"yoast-schema-graph\">{\"@context\":\"https:\/\/schema.org\",\"@graph\":[{\"@type\":\"Article\",\"@id\":\"https:\/\/www.manaus.am.gov.br\/semtepi\/noticia-lazer\/prefeitura-de-manaus-monta-dois-teloes-para-jogo-entre-flamengo-e-sao-paulo-na-ponta-negra\/#article\",\"isPartOf\":{\"@id\":\"https:\/\/www.manaus.am.gov.br\/semtepi\/noticia-lazer\/prefeitura-de-manaus-monta-dois-teloes-para-jogo-entre-flamengo-e-sao-paulo-na-ponta-negra\/\"},\"author\":{\"name\":\"Renata Felix\",\"@id\":\"https:\/\/www.manaus.am.gov.br\/semtepi\/#\/schema\/person\/4eea2a8f78dc853097abb026f728aa06\"},\"headline\":\"Prefeitura de Manaus monta dois tel\u00f5es para jogo entre Flamengo e S\u00e3o Paulo na Ponta Negra\",\"datePublished\":\"2023-09-22T22:25:43+00:00\",\"dateModified\":\"2023-09-22T22:30:15+00:00\",\"mainEntityOfPage\":{\"@id\":\"https:\/\/www.manaus.am.gov.br\/semtepi\/noticia-lazer\/prefeitura-de-manaus-monta-dois-teloes-para-jogo-entre-flamengo-e-sao-paulo-na-ponta-negra\/\"},\"wordCount\":240,\"publisher\":{\"@id\":\"https:\/\/www.manaus.am.gov.br\/semtepi\/#organization\"},\"image\":{\"@id\":\"https:\/\/www.manaus.am.gov.br\/semtepi\/noticia-lazer\/prefeitura-de-manaus-monta-dois-teloes-para-jogo-entre-flamengo-e-sao-paulo-na-ponta-negra\/#primaryimage\"},\"thumbnailUrl\":\"https:\/\/www.manaus.am.gov.br\/semtepi\/wp-content\/uploads\/sites\/20\/2023\/09\/52899029960_c5963a2315_c.jpg\",\"keywords\":[\"copa do brasil\",\"Flamengo\",\"ponta negra\",\"S\u00e3o Paulo\",\"tel\u00f5es\",\"torcidas\"],\"articleSection\":[\"Lazer\"],\"inLanguage\":\"pt-BR\"},{\"@type\":\"WebPage\",\"@id\":\"https:\/\/www.manaus.am.gov.br\/semtepi\/noticia-lazer\/prefeitura-de-manaus-monta-dois-teloes-para-jogo-entre-flamengo-e-sao-paulo-na-ponta-negra\/\",\"url\":\"https:\/\/www.manaus.am.gov.br\/semtepi\/noticia-lazer\/prefeitura-de-manaus-monta-dois-teloes-para-jogo-entre-flamengo-e-sao-paulo-na-ponta-negra\/\",\"name\":\"Prefeitura de Manaus monta dois tel\u00f5es para jogo entre Flamengo e S\u00e3o Paulo na Ponta Negra - SEMTEPI\",\"isPartOf\":{\"@id\":\"https:\/\/www.manaus.am.gov.br\/semtepi\/#website\"},\"primaryImageOfPage\":{\"@id\":\"https:\/\/www.manaus.am.gov.br\/semtepi\/noticia-lazer\/prefeitura-de-manaus-monta-dois-teloes-para-jogo-entre-flamengo-e-sao-paulo-na-ponta-negra\/#primaryimage\"},\"image\":{\"@id\":\"https:\/\/www.manaus.am.gov.br\/semtepi\/noticia-lazer\/prefeitura-de-manaus-monta-dois-teloes-para-jogo-entre-flamengo-e-sao-paulo-na-ponta-negra\/#primaryimage\"},\"thumbnailUrl\":\"https:\/\/www.manaus.am.gov.br\/semtepi\/wp-content\/uploads\/sites\/20\/2023\/09\/52899029960_c5963a2315_c.jpg\",\"datePublished\":\"2023-09-22T22:25:43+00:00\",\"dateModified\":\"2023-09-22T22:30:15+00:00\",\"breadcrumb\":{\"@id\":\"https:\/\/www.manaus.am.gov.br\/semtepi\/noticia-lazer\/prefeitura-de-manaus-monta-dois-teloes-para-jogo-entre-flamengo-e-sao-paulo-na-ponta-negra\/#breadcrumb\"},\"inLanguage\":\"pt-BR\",\"potentialAction\":[{\"@type\":\"ReadAction\",\"target\":[\"https:\/\/www.manaus.am.gov.br\/semtepi\/noticia-lazer\/prefeitura-de-manaus-monta-dois-teloes-para-jogo-entre-flamengo-e-sao-paulo-na-ponta-negra\/\"]}]},{\"@type\":\"ImageObject\",\"inLanguage\":\"pt-BR\",\"@id\":\"https:\/\/www.manaus.am.gov.br\/semtepi\/noticia-lazer\/prefeitura-de-manaus-monta-dois-teloes-para-jogo-entre-flamengo-e-sao-paulo-na-ponta-negra\/#primaryimage\",\"url\":\"https:\/\/www.manaus.am.gov.br\/semtepi\/wp-content\/uploads\/sites\/20\/2023\/09\/52899029960_c5963a2315_c.jpg\",\"contentUrl\":\"https:\/\/www.manaus.am.gov.br\/semtepi\/wp-content\/uploads\/sites\/20\/2023\/09\/52899029960_c5963a2315_c.jpg\",\"width\":800,\"height\":450},{\"@type\":\"BreadcrumbList\",\"@id\":\"https:\/\/www.manaus.am.gov.br\/semtepi\/noticia-lazer\/prefeitura-de-manaus-monta-dois-teloes-para-jogo-entre-flamengo-e-sao-paulo-na-ponta-negra\/#breadcrumb\",\"itemListElement\":[{\"@type\":\"ListItem\",\"position\":1,\"name\":\"Home\",\"item\":\"https:\/\/www.manaus.am.gov.br\/semtepi\/\"},{\"@type\":\"ListItem\",\"position\":2,\"name\":\"Prefeitura de Manaus monta dois tel\u00f5es para jogo entre Flamengo e S\u00e3o Paulo na Ponta Negra\"}]},{\"@type\":\"WebSite\",\"@id\":\"https:\/\/www.manaus.am.gov.br\/semtepi\/#website\",\"url\":\"https:\/\/www.manaus.am.gov.br\/semtepi\/\",\"name\":\"SEMTEPI\",\"description\":\"Prefeitura de Manaus\",\"publisher\":{\"@id\":\"https:\/\/www.manaus.am.gov.br\/semtepi\/#organization\"},\"alternateName\":\"Secretaria Municipal do Trabalho, Empreendedorismo e Inova\u00e7\u00e3o\",\"potentialAction\":[{\"@type\":\"SearchAction\",\"target\":{\"@type\":\"EntryPoint\",\"urlTemplate\":\"https:\/\/www.manaus.am.gov.br\/semtepi\/?s={search_term_string}\"},\"query-input\":\"required name=search_term_string\"}],\"inLanguage\":\"pt-BR\"},{\"@type\":\"Organization\",\"@id\":\"https:\/\/www.manaus.am.gov.br\/semtepi\/#organization\",\"name\":\"Prefeitura Municipal de Manaus\",\"alternateName\":\"Prefeitura de Manaus\",\"url\":\"https:\/\/www.manaus.am.gov.br\/semtepi\/\",\"logo\":{\"@type\":\"ImageObject\",\"inLanguage\":\"pt-BR\",\"@id\":\"https:\/\/www.manaus.am.gov.br\/semtepi\/#\/schema\/logo\/image\/\",\"url\":\"https:\/\/www.manaus.am.gov.br\/semtepi\/wp-content\/uploads\/sites\/20\/2024\/07\/favicon.png\",\"contentUrl\":\"https:\/\/www.manaus.am.gov.br\/semtepi\/wp-content\/uploads\/sites\/20\/2024\/07\/favicon.png\",\"width\":300,\"height\":300,\"caption\":\"Prefeitura Municipal de Manaus\"},\"image\":{\"@id\":\"https:\/\/www.manaus.am.gov.br\/semtepi\/#\/schema\/logo\/image\/\"}},{\"@type\":\"Person\",\"@id\":\"https:\/\/www.manaus.am.gov.br\/semtepi\/#\/schema\/person\/4eea2a8f78dc853097abb026f728aa06\",\"name\":\"Renata Felix\",\"image\":{\"@type\":\"ImageObject\",\"inLanguage\":\"pt-BR\",\"@id\":\"https:\/\/www.manaus.am.gov.br\/semtepi\/#\/schema\/person\/image\/\",\"url\":\"https:\/\/secure.gravatar.com\/avatar\/3c196cf9d3b837b24c8edb2c50fd8f29?s=96&d=mm&r=g\",\"contentUrl\":\"https:\/\/secure.gravatar.com\/avatar\/3c196cf9d3b837b24c8edb2c50fd8f29?s=96&d=mm&r=g\",\"caption\":\"Renata Felix\"}}]}<\/script>\n<!-- \/ Yoast SEO plugin. -->","yoast_head_json":{"title":"Prefeitura de Manaus monta dois tel\u00f5es para jogo entre Flamengo e S\u00e3o Paulo na Ponta Negra - SEMTEPI","robots":{"index":"noindex","follow":"follow"},"og_locale":"pt_BR","og_type":"article","og_title":"Prefeitura de Manaus monta dois tel\u00f5es para jogo entre Flamengo e S\u00e3o Paulo na Ponta Negra - SEMTEPI","og_url":"https:\/\/www.manaus.am.gov.br\/semtepi\/noticia-lazer\/prefeitura-de-manaus-monta-dois-teloes-para-jogo-entre-flamengo-e-sao-paulo-na-ponta-negra\/","og_site_name":"SEMTEPI","article_published_time":"2023-09-22T22:25:43+00:00","article_modified_time":"2023-09-22T22:30:15+00:00","og_image":[{"width":800,"height":450,"url":"https:\/\/www.manaus.am.gov.br\/semtepi\/wp-content\/uploads\/sites\/20\/2023\/09\/52899029960_c5963a2315_c.jpg","type":"image\/jpeg"}],"author":"Renata Felix","twitter_card":"summary_large_image","twitter_misc":{"Written by":"Renata Felix","Est. reading time":"2 minutos"},"schema":{"@context":"https:\/\/schema.org","@graph":[{"@type":"Article","@id":"https:\/\/www.manaus.am.gov.br\/semtepi\/noticia-lazer\/prefeitura-de-manaus-monta-dois-teloes-para-jogo-entre-flamengo-e-sao-paulo-na-ponta-negra\/#article","isPartOf":{"@id":"https:\/\/www.manaus.am.gov.br\/semtepi\/noticia-lazer\/prefeitura-de-manaus-monta-dois-teloes-para-jogo-entre-flamengo-e-sao-paulo-na-ponta-negra\/"},"author":{"name":"Renata Felix","@id":"https:\/\/www.manaus.am.gov.br\/semtepi\/#\/schema\/person\/4eea2a8f78dc853097abb026f728aa06"},"headline":"Prefeitura de Manaus monta dois tel\u00f5es para jogo entre Flamengo e S\u00e3o Paulo na Ponta Negra","datePublished":"2023-09-22T22:25:43+00:00","dateModified":"2023-09-22T22:30:15+00:00","mainEntityOfPage":{"@id":"https:\/\/www.manaus.am.gov.br\/semtepi\/noticia-lazer\/prefeitura-de-manaus-monta-dois-teloes-para-jogo-entre-flamengo-e-sao-paulo-na-ponta-negra\/"},"wordCount":240,"publisher":{"@id":"https:\/\/www.manaus.am.gov.br\/semtepi\/#organization"},"image":{"@id":"https:\/\/www.manaus.am.gov.br\/semtepi\/noticia-lazer\/prefeitura-de-manaus-monta-dois-teloes-para-jogo-entre-flamengo-e-sao-paulo-na-ponta-negra\/#primaryimage"},"thumbnailUrl":"https:\/\/www.manaus.am.gov.br\/semtepi\/wp-content\/uploads\/sites\/20\/2023\/09\/52899029960_c5963a2315_c.jpg","keywords":["copa do brasil","Flamengo","ponta negra","S\u00e3o Paulo","tel\u00f5es","torcidas"],"articleSection":["Lazer"],"inLanguage":"pt-BR"},{"@type":"WebPage","@id":"https:\/\/www.manaus.am.gov.br\/semtepi\/noticia-lazer\/prefeitura-de-manaus-monta-dois-teloes-para-jogo-entre-flamengo-e-sao-paulo-na-ponta-negra\/","url":"https:\/\/www.manaus.am.gov.br\/semtepi\/noticia-lazer\/prefeitura-de-manaus-monta-dois-teloes-para-jogo-entre-flamengo-e-sao-paulo-na-ponta-negra\/","name":"Prefeitura de Manaus monta dois tel\u00f5es para jogo entre Flamengo e S\u00e3o Paulo na Ponta Negra - SEMTEPI","isPartOf":{"@id":"https:\/\/www.manaus.am.gov.br\/semtepi\/#website"},"primaryImageOfPage":{"@id":"https:\/\/www.manaus.am.gov.br\/semtepi\/noticia-lazer\/prefeitura-de-manaus-monta-dois-teloes-para-jogo-entre-flamengo-e-sao-paulo-na-ponta-negra\/#primaryimage"},"image":{"@id":"https:\/\/www.manaus.am.gov.br\/semtepi\/noticia-lazer\/prefeitura-de-manaus-monta-dois-teloes-para-jogo-entre-flamengo-e-sao-paulo-na-ponta-negra\/#primaryimage"},"thumbnailUrl":"https:\/\/www.manaus.am.gov.br\/semtepi\/wp-content\/uploads\/sites\/20\/2023\/09\/52899029960_c5963a2315_c.jpg","datePublished":"2023-09-22T22:25:43+00:00","dateModified":"2023-09-22T22:30:15+00:00","breadcrumb":{"@id":"https:\/\/www.manaus.am.gov.br\/semtepi\/noticia-lazer\/prefeitura-de-manaus-monta-dois-teloes-para-jogo-entre-flamengo-e-sao-paulo-na-ponta-negra\/#breadcrumb"},"inLanguage":"pt-BR","potentialAction":[{"@type":"ReadAction","target":["https:\/\/www.manaus.am.gov.br\/semtepi\/noticia-lazer\/prefeitura-de-manaus-monta-dois-teloes-para-jogo-entre-flamengo-e-sao-paulo-na-ponta-negra\/"]}]},{"@type":"ImageObject","inLanguage":"pt-BR","@id":"https:\/\/www.manaus.am.gov.br\/semtepi\/noticia-lazer\/prefeitura-de-manaus-monta-dois-teloes-para-jogo-entre-flamengo-e-sao-paulo-na-ponta-negra\/#primaryimage","url":"https:\/\/www.manaus.am.gov.br\/semtepi\/wp-content\/uploads\/sites\/20\/2023\/09\/52899029960_c5963a2315_c.jpg","contentUrl":"https:\/\/www.manaus.am.gov.br\/semtepi\/wp-content\/uploads\/sites\/20\/2023\/09\/52899029960_c5963a2315_c.jpg","width":800,"height":450},{"@type":"BreadcrumbList","@id":"https:\/\/www.manaus.am.gov.br\/semtepi\/noticia-lazer\/prefeitura-de-manaus-monta-dois-teloes-para-jogo-entre-flamengo-e-sao-paulo-na-ponta-negra\/#breadcrumb","itemListElement":[{"@type":"ListItem","position":1,"name":"Home","item":"https:\/\/www.manaus.am.gov.br\/semtepi\/"},{"@type":"ListItem","position":2,"name":"Prefeitura de Manaus monta dois tel\u00f5es para jogo entre Flamengo e S\u00e3o Paulo na Ponta Negra"}]},{"@type":"WebSite","@id":"https:\/\/www.manaus.am.gov.br\/semtepi\/#website","url":"https:\/\/www.manaus.am.gov.br\/semtepi\/","name":"SEMTEPI","description":"Prefeitura de Manaus","publisher":{"@id":"https:\/\/www.manaus.am.gov.br\/semtepi\/#organization"},"alternateName":"Secretaria Municipal do Trabalho, Empreendedorismo e Inova\u00e7\u00e3o","potentialAction":[{"@type":"SearchAction","target":{"@type":"EntryPoint","urlTemplate":"https:\/\/www.manaus.am.gov.br\/semtepi\/?s={search_term_string}"},"query-input":"required name=search_term_string"}],"inLanguage":"pt-BR"},{"@type":"Organization","@id":"https:\/\/www.manaus.am.gov.br\/semtepi\/#organization","name":"Prefeitura Municipal de Manaus","alternateName":"Prefeitura de Manaus","url":"https:\/\/www.manaus.am.gov.br\/semtepi\/","logo":{"@type":"ImageObject","inLanguage":"pt-BR","@id":"https:\/\/www.manaus.am.gov.br\/semtepi\/#\/schema\/logo\/image\/","url":"https:\/\/www.manaus.am.gov.br\/semtepi\/wp-content\/uploads\/sites\/20\/2024\/07\/favicon.png","contentUrl":"https:\/\/www.manaus.am.gov.br\/semtepi\/wp-content\/uploads\/sites\/20\/2024\/07\/favicon.png","width":300,"height":300,"caption":"Prefeitura Municipal de Manaus"},"image":{"@id":"https:\/\/www.manaus.am.gov.br\/semtepi\/#\/schema\/logo\/image\/"}},{"@type":"Person","@id":"https:\/\/www.manaus.am.gov.br\/semtepi\/#\/schema\/person\/4eea2a8f78dc853097abb026f728aa06","name":"Renata Felix","image":{"@type":"ImageObject","inLanguage":"pt-BR","@id":"https:\/\/www.manaus.am.gov.br\/semtepi\/#\/schema\/person\/image\/","url":"https:\/\/secure.gravatar.com\/avatar\/3c196cf9d3b837b24c8edb2c50fd8f29?s=96&d=mm&r=g","contentUrl":"https:\/\/secure.gravatar.com\/avatar\/3c196cf9d3b837b24c8edb2c50fd8f29?s=96&d=mm&r=g","caption":"Renata Felix"}}]}},"_links":{"self":[{"href":"https:\/\/www.manaus.am.gov.br\/semtepi\/wp-json\/wp\/v2\/posts\/2649"}],"collection":[{"href":"https:\/\/www.manaus.am.gov.br\/semtepi\/wp-json\/wp\/v2\/posts"}],"about":[{"href":"https:\/\/www.manaus.am.gov.br\/semtepi\/wp-json\/wp\/v2\/types\/post"}],"author":[{"embeddable":true,"href":"https:\/\/www.manaus.am.gov.br\/semtepi\/wp-json\/wp\/v2\/users\/31"}],"replies":[{"embeddable":true,"href":"https:\/\/www.manaus.am.gov.br\/semtepi\/wp-json\/wp\/v2\/comments?post=2649"}],"version-history":[{"count":1,"href":"https:\/\/www.manaus.am.gov.br\/semtepi\/wp-json\/wp\/v2\/posts\/2649\/revisions"}],"predecessor-version":[{"id":2651,"href":"https:\/\/www.manaus.am.gov.br\/semtepi\/wp-json\/wp\/v2\/posts\/2649\/revisions\/2651"}],"wp:featuredmedia":[{"embeddable":true,"href":"https:\/\/www.manaus.am.gov.br\/semtepi\/wp-json\/wp\/v2\/media\/2650"}],"wp:attachment":[{"href":"https:\/\/www.manaus.am.gov.br\/semtepi\/wp-json\/wp\/v2\/media?parent=2649"}],"wp:term":[{"taxonomy":"category","embeddable":true,"href":"https:\/\/www.manaus.am.gov.br\/semtepi\/wp-json\/wp\/v2\/categories?post=2649"},{"taxonomy":"post_tag","embeddable":true,"href":"https:\/\/www.manaus.am.gov.br\/semtepi\/wp-json\/wp\/v2\/tags?post=2649"}],"curies":[{"name":"wp","href":"https:\/\/api.w.org\/{rel}","templated":true}]}}