{"id":2642,"date":"2023-09-22T12:34:55","date_gmt":"2023-09-22T16:34:55","guid":{"rendered":"https:\/\/www.manaus.am.gov.br\/semtepi\/sem-categoria\/grupo-de-pagode-soweto-e-atracao-nacional-da-casa-de-praia-zezinho-correa-neste-fim-de-semana\/"},"modified":"2023-09-22T12:38:59","modified_gmt":"2023-09-22T16:38:59","slug":"grupo-de-pagode-soweto-e-atracao-nacional-da-casa-de-praia-zezinho-correa-neste-fim-de-semana","status":"publish","type":"post","link":"https:\/\/www.manaus.am.gov.br\/semtepi\/programacao\/grupo-de-pagode-soweto-e-atracao-nacional-da-casa-de-praia-zezinho-correa-neste-fim-de-semana\/","title":{"rendered":"<strong>Grupo de pagode Soweto \u00e9 atra\u00e7\u00e3o nacional da Casa de Praia Zezinho Corr\u00eaa neste fim de semana\u00a0<\/strong>"},"content":{"rendered":"\n<p>A Casa de Praia Zezinho Corr\u00eaa est\u00e1 com uma programa\u00e7\u00e3o especial preparada para este fim de semana, com destaque para a apresenta\u00e7\u00e3o do grupo de pagode Soweto, atra\u00e7\u00e3o nacional que promete agitar o p\u00fablico.&nbsp;Os shows come\u00e7am a partir das 18h, e o acesso \u00e9 gratuito para toda a popula\u00e7\u00e3o. O espa\u00e7o, situado no complexo tur\u00edstico Ponta Negra, zona Oeste da capital, \u00e9 administrado pela Prefeitura de Manaus, por meio da Secretaria Municipal do Trabalho, Empreendedorismo e Inova\u00e7\u00e3o (Semtepi).&nbsp;<\/p>\n\n\n\n<p>\u201cEssa programa\u00e7\u00e3o promete um fim de semana repleto de m\u00fasica, divers\u00e3o e entretenimento para toda a fam\u00edlia manauara, destacando a riqueza da cultura e da m\u00fasica brasileira em uma localiza\u00e7\u00e3o paradis\u00edaca \u00e0 beira da praia. \u00c9 uma oportunidade \u00fanica para os moradores de Manaus desfrutarem de um programa variado e acess\u00edvel\u201d, salienta o titular da Semtepi, Radyr J\u00fanior.<\/p>\n\n\n\n<p>Ao ar livre, nesta sexta-feira, 22\/9, o espa\u00e7o vai receber as bandas \u201cEssence\u201d e \u201cOfficial 80\u201d, dando in\u00edcio ao fim de semana com muito rock cl\u00e1ssico dos anos 80 at\u00e9 os mais contempor\u00e2neos. O acesso aos shows \u00e9 gratuito para toda a popula\u00e7\u00e3o.<\/p>\n\n\n\n<p>J\u00e1 no s\u00e1bado, 23\/9, o grupo Soweto, vindo diretamente do Rio de Janeiro, vai apresentar os grandes sucessos da banda, como \u201cFarol das Estrelas\u201d, \u201cTempo de Aprender\u201d, \u201cRef\u00e9m do cora\u00e7\u00e3o\u201d e muito mais. Em seguida, a banda S\u00f4 Vibe entra no palco para dar continuidade \u00e0s apresenta\u00e7\u00f5es do dia.<\/p>\n\n\n\n<p>No domingo, 24\/9, os manauaras poder\u00e3o aproveitar a noite com as toadas de boi-bumb\u00e1 na voz dos cantores Alciro Neto e Fabiano Neves, com suas respectivas bandas. Ainda como parte da programa\u00e7\u00e3o de domingo, a Casa de Praia tamb\u00e9m ser\u00e1 ponto de encontro dos torcedores das na\u00e7\u00f5es rubro-negra e tricolor, para assistir \u00e0 final da Copa do Brasil, com a segunda disputa entre Flamengo x S\u00e3o Paulo. O tel\u00e3o estar\u00e1 dispon\u00edvel a partir das 14h30.<\/p>\n\n\n\n<p>Com 1.650 metros quadrados, a Casa de Praia \u00e9 um espa\u00e7o multiuso para lazer, turismo, neg\u00f3cios, artesanato e gastronomia, comportando restaurantes, lanchonetes, \u00e1reas de conviv\u00eancia, playgrounds, palco e banheiros.<\/p>\n\n\n\n<p>&#8212; &#8212; &#8212;<\/p>\n\n\n\n<p><strong>Texto \u2013 <\/strong>Fabiane Monteiro \/ Semtepi<\/p>\n\n\n\n<p><strong>Foto \u2013&nbsp;<\/strong>Jo\u00e3o Viana \/ Semcom<\/p>\n","protected":false},"excerpt":{"rendered":"","protected":false},"author":39,"featured_media":2643,"comment_status":"closed","ping_status":"closed","sticky":false,"template":"","format":"standard","meta":{"footnotes":""},"categories":[209],"tags":[598,212,599,8,9],"acf":[],"yoast_head":"<!-- This site is optimized with the Yoast SEO plugin v23.0 - https:\/\/yoast.com\/wordpress\/plugins\/seo\/ -->\n<title>Grupo de pagode Soweto \u00e9 atra\u00e7\u00e3o nacional da Casa de Praia Zezinho Corr\u00eaa neste fim de semana<\/title>\n<meta name=\"description\" content=\"A Casa de Praia Zezinho Corr\u00eaa est\u00e1 com uma programa\u00e7\u00e3o especial preparada para este fim de semana, com destaque para a apresenta\u00e7\u00e3o do grupo de pagode Soweto, atra\u00e7\u00e3o nacional que promete agitar o p\u00fablico.\u00a0\" \/>\n<meta name=\"robots\" content=\"noindex, follow\" \/>\n<meta property=\"og:locale\" content=\"pt_BR\" \/>\n<meta property=\"og:type\" content=\"article\" \/>\n<meta property=\"og:title\" content=\"Grupo de pagode Soweto \u00e9 atra\u00e7\u00e3o nacional da Casa de Praia Zezinho Corr\u00eaa neste fim de semana\" \/>\n<meta property=\"og:description\" content=\"A Casa de Praia Zezinho Corr\u00eaa est\u00e1 com uma programa\u00e7\u00e3o especial preparada para este fim de semana, com destaque para a apresenta\u00e7\u00e3o do grupo de pagode Soweto, atra\u00e7\u00e3o nacional que promete agitar o p\u00fablico.\u00a0\" \/>\n<meta property=\"og:url\" content=\"https:\/\/www.manaus.am.gov.br\/semtepi\/programacao\/grupo-de-pagode-soweto-e-atracao-nacional-da-casa-de-praia-zezinho-correa-neste-fim-de-semana\/\" \/>\n<meta property=\"og:site_name\" content=\"SEMTEPI\" \/>\n<meta property=\"article:published_time\" content=\"2023-09-22T16:34:55+00:00\" \/>\n<meta property=\"article:modified_time\" content=\"2023-09-22T16:38:59+00:00\" \/>\n<meta property=\"og:image\" content=\"https:\/\/www.manaus.am.gov.br\/semtepi\/wp-content\/uploads\/sites\/20\/2023\/09\/52879553015_df6782c77f_b.jpg\" \/>\n\t<meta property=\"og:image:width\" content=\"1000\" \/>\n\t<meta property=\"og:image:height\" content=\"667\" \/>\n\t<meta property=\"og:image:type\" content=\"image\/jpeg\" \/>\n<meta name=\"author\" content=\"Bruna Greco\" \/>\n<meta name=\"twitter:card\" content=\"summary_large_image\" \/>\n<meta name=\"twitter:label1\" content=\"Written by\" \/>\n\t<meta name=\"twitter:data1\" content=\"Bruna Greco\" \/>\n\t<meta name=\"twitter:label2\" content=\"Est. reading time\" \/>\n\t<meta name=\"twitter:data2\" content=\"2 minutos\" \/>\n<script type=\"application\/ld+json\" class=\"yoast-schema-graph\">{\"@context\":\"https:\/\/schema.org\",\"@graph\":[{\"@type\":\"Article\",\"@id\":\"https:\/\/www.manaus.am.gov.br\/semtepi\/programacao\/grupo-de-pagode-soweto-e-atracao-nacional-da-casa-de-praia-zezinho-correa-neste-fim-de-semana\/#article\",\"isPartOf\":{\"@id\":\"https:\/\/www.manaus.am.gov.br\/semtepi\/programacao\/grupo-de-pagode-soweto-e-atracao-nacional-da-casa-de-praia-zezinho-correa-neste-fim-de-semana\/\"},\"author\":{\"name\":\"Bruna Greco\",\"@id\":\"https:\/\/www.manaus.am.gov.br\/semtepi\/#\/schema\/person\/05d223aea2bf115f9883a6ff3683d81b\"},\"headline\":\"Grupo de pagode Soweto \u00e9 atra\u00e7\u00e3o nacional da Casa de Praia Zezinho Corr\u00eaa neste fim de semana\u00a0\",\"datePublished\":\"2023-09-22T16:34:55+00:00\",\"dateModified\":\"2023-09-22T16:38:59+00:00\",\"mainEntityOfPage\":{\"@id\":\"https:\/\/www.manaus.am.gov.br\/semtepi\/programacao\/grupo-de-pagode-soweto-e-atracao-nacional-da-casa-de-praia-zezinho-correa-neste-fim-de-semana\/\"},\"wordCount\":391,\"publisher\":{\"@id\":\"https:\/\/www.manaus.am.gov.br\/semtepi\/#organization\"},\"image\":{\"@id\":\"https:\/\/www.manaus.am.gov.br\/semtepi\/programacao\/grupo-de-pagode-soweto-e-atracao-nacional-da-casa-de-praia-zezinho-correa-neste-fim-de-semana\/#primaryimage\"},\"thumbnailUrl\":\"https:\/\/www.manaus.am.gov.br\/semtepi\/wp-content\/uploads\/sites\/20\/2023\/09\/52879553015_df6782c77f_b.jpg\",\"keywords\":[\"atra\u00e7\u00e3o nacional\",\"Casa de Praia Zezinho Corr\u00eaa\",\"Grupo de pagode Soweto\",\"prefeitura de manaus\",\"Semtepi\"],\"articleSection\":[\"Programa\u00e7\u00e3o\"],\"inLanguage\":\"pt-BR\"},{\"@type\":\"WebPage\",\"@id\":\"https:\/\/www.manaus.am.gov.br\/semtepi\/programacao\/grupo-de-pagode-soweto-e-atracao-nacional-da-casa-de-praia-zezinho-correa-neste-fim-de-semana\/\",\"url\":\"https:\/\/www.manaus.am.gov.br\/semtepi\/programacao\/grupo-de-pagode-soweto-e-atracao-nacional-da-casa-de-praia-zezinho-correa-neste-fim-de-semana\/\",\"name\":\"Grupo de pagode Soweto \u00e9 atra\u00e7\u00e3o nacional da Casa de Praia Zezinho Corr\u00eaa neste fim de semana\",\"isPartOf\":{\"@id\":\"https:\/\/www.manaus.am.gov.br\/semtepi\/#website\"},\"primaryImageOfPage\":{\"@id\":\"https:\/\/www.manaus.am.gov.br\/semtepi\/programacao\/grupo-de-pagode-soweto-e-atracao-nacional-da-casa-de-praia-zezinho-correa-neste-fim-de-semana\/#primaryimage\"},\"image\":{\"@id\":\"https:\/\/www.manaus.am.gov.br\/semtepi\/programacao\/grupo-de-pagode-soweto-e-atracao-nacional-da-casa-de-praia-zezinho-correa-neste-fim-de-semana\/#primaryimage\"},\"thumbnailUrl\":\"https:\/\/www.manaus.am.gov.br\/semtepi\/wp-content\/uploads\/sites\/20\/2023\/09\/52879553015_df6782c77f_b.jpg\",\"datePublished\":\"2023-09-22T16:34:55+00:00\",\"dateModified\":\"2023-09-22T16:38:59+00:00\",\"description\":\"A Casa de Praia Zezinho Corr\u00eaa est\u00e1 com uma programa\u00e7\u00e3o especial preparada para este fim de semana, com destaque para a apresenta\u00e7\u00e3o do grupo de pagode Soweto, atra\u00e7\u00e3o nacional que promete agitar o p\u00fablico.\u00a0\",\"breadcrumb\":{\"@id\":\"https:\/\/www.manaus.am.gov.br\/semtepi\/programacao\/grupo-de-pagode-soweto-e-atracao-nacional-da-casa-de-praia-zezinho-correa-neste-fim-de-semana\/#breadcrumb\"},\"inLanguage\":\"pt-BR\",\"potentialAction\":[{\"@type\":\"ReadAction\",\"target\":[\"https:\/\/www.manaus.am.gov.br\/semtepi\/programacao\/grupo-de-pagode-soweto-e-atracao-nacional-da-casa-de-praia-zezinho-correa-neste-fim-de-semana\/\"]}]},{\"@type\":\"ImageObject\",\"inLanguage\":\"pt-BR\",\"@id\":\"https:\/\/www.manaus.am.gov.br\/semtepi\/programacao\/grupo-de-pagode-soweto-e-atracao-nacional-da-casa-de-praia-zezinho-correa-neste-fim-de-semana\/#primaryimage\",\"url\":\"https:\/\/www.manaus.am.gov.br\/semtepi\/wp-content\/uploads\/sites\/20\/2023\/09\/52879553015_df6782c77f_b.jpg\",\"contentUrl\":\"https:\/\/www.manaus.am.gov.br\/semtepi\/wp-content\/uploads\/sites\/20\/2023\/09\/52879553015_df6782c77f_b.jpg\",\"width\":1000,\"height\":667},{\"@type\":\"BreadcrumbList\",\"@id\":\"https:\/\/www.manaus.am.gov.br\/semtepi\/programacao\/grupo-de-pagode-soweto-e-atracao-nacional-da-casa-de-praia-zezinho-correa-neste-fim-de-semana\/#breadcrumb\",\"itemListElement\":[{\"@type\":\"ListItem\",\"position\":1,\"name\":\"Home\",\"item\":\"https:\/\/www.manaus.am.gov.br\/semtepi\/\"},{\"@type\":\"ListItem\",\"position\":2,\"name\":\"Grupo de pagode Soweto \u00e9 atra\u00e7\u00e3o nacional da Casa de Praia Zezinho Corr\u00eaa neste fim de semana\u00a0\"}]},{\"@type\":\"WebSite\",\"@id\":\"https:\/\/www.manaus.am.gov.br\/semtepi\/#website\",\"url\":\"https:\/\/www.manaus.am.gov.br\/semtepi\/\",\"name\":\"SEMTEPI\",\"description\":\"Prefeitura de Manaus\",\"publisher\":{\"@id\":\"https:\/\/www.manaus.am.gov.br\/semtepi\/#organization\"},\"alternateName\":\"Secretaria Municipal do Trabalho, Empreendedorismo e Inova\u00e7\u00e3o\",\"potentialAction\":[{\"@type\":\"SearchAction\",\"target\":{\"@type\":\"EntryPoint\",\"urlTemplate\":\"https:\/\/www.manaus.am.gov.br\/semtepi\/?s={search_term_string}\"},\"query-input\":\"required name=search_term_string\"}],\"inLanguage\":\"pt-BR\"},{\"@type\":\"Organization\",\"@id\":\"https:\/\/www.manaus.am.gov.br\/semtepi\/#organization\",\"name\":\"Prefeitura Municipal de Manaus\",\"alternateName\":\"Prefeitura de Manaus\",\"url\":\"https:\/\/www.manaus.am.gov.br\/semtepi\/\",\"logo\":{\"@type\":\"ImageObject\",\"inLanguage\":\"pt-BR\",\"@id\":\"https:\/\/www.manaus.am.gov.br\/semtepi\/#\/schema\/logo\/image\/\",\"url\":\"https:\/\/www.manaus.am.gov.br\/semtepi\/wp-content\/uploads\/sites\/20\/2024\/07\/favicon.png\",\"contentUrl\":\"https:\/\/www.manaus.am.gov.br\/semtepi\/wp-content\/uploads\/sites\/20\/2024\/07\/favicon.png\",\"width\":300,\"height\":300,\"caption\":\"Prefeitura Municipal de Manaus\"},\"image\":{\"@id\":\"https:\/\/www.manaus.am.gov.br\/semtepi\/#\/schema\/logo\/image\/\"}},{\"@type\":\"Person\",\"@id\":\"https:\/\/www.manaus.am.gov.br\/semtepi\/#\/schema\/person\/05d223aea2bf115f9883a6ff3683d81b\",\"name\":\"Bruna Greco\",\"image\":{\"@type\":\"ImageObject\",\"inLanguage\":\"pt-BR\",\"@id\":\"https:\/\/www.manaus.am.gov.br\/semtepi\/#\/schema\/person\/image\/\",\"url\":\"https:\/\/secure.gravatar.com\/avatar\/9c877d1a6adc2a055330e5c09a8653ce?s=96&d=mm&r=g\",\"contentUrl\":\"https:\/\/secure.gravatar.com\/avatar\/9c877d1a6adc2a055330e5c09a8653ce?s=96&d=mm&r=g\",\"caption\":\"Bruna Greco\"}}]}<\/script>\n<!-- \/ Yoast SEO plugin. -->","yoast_head_json":{"title":"Grupo de pagode Soweto \u00e9 atra\u00e7\u00e3o nacional da Casa de Praia Zezinho Corr\u00eaa neste fim de semana","description":"A Casa de Praia Zezinho Corr\u00eaa est\u00e1 com uma programa\u00e7\u00e3o especial preparada para este fim de semana, com destaque para a apresenta\u00e7\u00e3o do grupo de pagode Soweto, atra\u00e7\u00e3o nacional que promete agitar o p\u00fablico.\u00a0","robots":{"index":"noindex","follow":"follow"},"og_locale":"pt_BR","og_type":"article","og_title":"Grupo de pagode Soweto \u00e9 atra\u00e7\u00e3o nacional da Casa de Praia Zezinho Corr\u00eaa neste fim de semana","og_description":"A Casa de Praia Zezinho Corr\u00eaa est\u00e1 com uma programa\u00e7\u00e3o especial preparada para este fim de semana, com destaque para a apresenta\u00e7\u00e3o do grupo de pagode Soweto, atra\u00e7\u00e3o nacional que promete agitar o p\u00fablico.\u00a0","og_url":"https:\/\/www.manaus.am.gov.br\/semtepi\/programacao\/grupo-de-pagode-soweto-e-atracao-nacional-da-casa-de-praia-zezinho-correa-neste-fim-de-semana\/","og_site_name":"SEMTEPI","article_published_time":"2023-09-22T16:34:55+00:00","article_modified_time":"2023-09-22T16:38:59+00:00","og_image":[{"width":1000,"height":667,"url":"https:\/\/www.manaus.am.gov.br\/semtepi\/wp-content\/uploads\/sites\/20\/2023\/09\/52879553015_df6782c77f_b.jpg","type":"image\/jpeg"}],"author":"Bruna Greco","twitter_card":"summary_large_image","twitter_misc":{"Written by":"Bruna Greco","Est. reading time":"2 minutos"},"schema":{"@context":"https:\/\/schema.org","@graph":[{"@type":"Article","@id":"https:\/\/www.manaus.am.gov.br\/semtepi\/programacao\/grupo-de-pagode-soweto-e-atracao-nacional-da-casa-de-praia-zezinho-correa-neste-fim-de-semana\/#article","isPartOf":{"@id":"https:\/\/www.manaus.am.gov.br\/semtepi\/programacao\/grupo-de-pagode-soweto-e-atracao-nacional-da-casa-de-praia-zezinho-correa-neste-fim-de-semana\/"},"author":{"name":"Bruna Greco","@id":"https:\/\/www.manaus.am.gov.br\/semtepi\/#\/schema\/person\/05d223aea2bf115f9883a6ff3683d81b"},"headline":"Grupo de pagode Soweto \u00e9 atra\u00e7\u00e3o nacional da Casa de Praia Zezinho Corr\u00eaa neste fim de semana\u00a0","datePublished":"2023-09-22T16:34:55+00:00","dateModified":"2023-09-22T16:38:59+00:00","mainEntityOfPage":{"@id":"https:\/\/www.manaus.am.gov.br\/semtepi\/programacao\/grupo-de-pagode-soweto-e-atracao-nacional-da-casa-de-praia-zezinho-correa-neste-fim-de-semana\/"},"wordCount":391,"publisher":{"@id":"https:\/\/www.manaus.am.gov.br\/semtepi\/#organization"},"image":{"@id":"https:\/\/www.manaus.am.gov.br\/semtepi\/programacao\/grupo-de-pagode-soweto-e-atracao-nacional-da-casa-de-praia-zezinho-correa-neste-fim-de-semana\/#primaryimage"},"thumbnailUrl":"https:\/\/www.manaus.am.gov.br\/semtepi\/wp-content\/uploads\/sites\/20\/2023\/09\/52879553015_df6782c77f_b.jpg","keywords":["atra\u00e7\u00e3o nacional","Casa de Praia Zezinho Corr\u00eaa","Grupo de pagode Soweto","prefeitura de manaus","Semtepi"],"articleSection":["Programa\u00e7\u00e3o"],"inLanguage":"pt-BR"},{"@type":"WebPage","@id":"https:\/\/www.manaus.am.gov.br\/semtepi\/programacao\/grupo-de-pagode-soweto-e-atracao-nacional-da-casa-de-praia-zezinho-correa-neste-fim-de-semana\/","url":"https:\/\/www.manaus.am.gov.br\/semtepi\/programacao\/grupo-de-pagode-soweto-e-atracao-nacional-da-casa-de-praia-zezinho-correa-neste-fim-de-semana\/","name":"Grupo de pagode Soweto \u00e9 atra\u00e7\u00e3o nacional da Casa de Praia Zezinho Corr\u00eaa neste fim de semana","isPartOf":{"@id":"https:\/\/www.manaus.am.gov.br\/semtepi\/#website"},"primaryImageOfPage":{"@id":"https:\/\/www.manaus.am.gov.br\/semtepi\/programacao\/grupo-de-pagode-soweto-e-atracao-nacional-da-casa-de-praia-zezinho-correa-neste-fim-de-semana\/#primaryimage"},"image":{"@id":"https:\/\/www.manaus.am.gov.br\/semtepi\/programacao\/grupo-de-pagode-soweto-e-atracao-nacional-da-casa-de-praia-zezinho-correa-neste-fim-de-semana\/#primaryimage"},"thumbnailUrl":"https:\/\/www.manaus.am.gov.br\/semtepi\/wp-content\/uploads\/sites\/20\/2023\/09\/52879553015_df6782c77f_b.jpg","datePublished":"2023-09-22T16:34:55+00:00","dateModified":"2023-09-22T16:38:59+00:00","description":"A Casa de Praia Zezinho Corr\u00eaa est\u00e1 com uma programa\u00e7\u00e3o especial preparada para este fim de semana, com destaque para a apresenta\u00e7\u00e3o do grupo de pagode Soweto, atra\u00e7\u00e3o nacional que promete agitar o p\u00fablico.\u00a0","breadcrumb":{"@id":"https:\/\/www.manaus.am.gov.br\/semtepi\/programacao\/grupo-de-pagode-soweto-e-atracao-nacional-da-casa-de-praia-zezinho-correa-neste-fim-de-semana\/#breadcrumb"},"inLanguage":"pt-BR","potentialAction":[{"@type":"ReadAction","target":["https:\/\/www.manaus.am.gov.br\/semtepi\/programacao\/grupo-de-pagode-soweto-e-atracao-nacional-da-casa-de-praia-zezinho-correa-neste-fim-de-semana\/"]}]},{"@type":"ImageObject","inLanguage":"pt-BR","@id":"https:\/\/www.manaus.am.gov.br\/semtepi\/programacao\/grupo-de-pagode-soweto-e-atracao-nacional-da-casa-de-praia-zezinho-correa-neste-fim-de-semana\/#primaryimage","url":"https:\/\/www.manaus.am.gov.br\/semtepi\/wp-content\/uploads\/sites\/20\/2023\/09\/52879553015_df6782c77f_b.jpg","contentUrl":"https:\/\/www.manaus.am.gov.br\/semtepi\/wp-content\/uploads\/sites\/20\/2023\/09\/52879553015_df6782c77f_b.jpg","width":1000,"height":667},{"@type":"BreadcrumbList","@id":"https:\/\/www.manaus.am.gov.br\/semtepi\/programacao\/grupo-de-pagode-soweto-e-atracao-nacional-da-casa-de-praia-zezinho-correa-neste-fim-de-semana\/#breadcrumb","itemListElement":[{"@type":"ListItem","position":1,"name":"Home","item":"https:\/\/www.manaus.am.gov.br\/semtepi\/"},{"@type":"ListItem","position":2,"name":"Grupo de pagode Soweto \u00e9 atra\u00e7\u00e3o nacional da Casa de Praia Zezinho Corr\u00eaa neste fim de semana\u00a0"}]},{"@type":"WebSite","@id":"https:\/\/www.manaus.am.gov.br\/semtepi\/#website","url":"https:\/\/www.manaus.am.gov.br\/semtepi\/","name":"SEMTEPI","description":"Prefeitura de Manaus","publisher":{"@id":"https:\/\/www.manaus.am.gov.br\/semtepi\/#organization"},"alternateName":"Secretaria Municipal do Trabalho, Empreendedorismo e Inova\u00e7\u00e3o","potentialAction":[{"@type":"SearchAction","target":{"@type":"EntryPoint","urlTemplate":"https:\/\/www.manaus.am.gov.br\/semtepi\/?s={search_term_string}"},"query-input":"required name=search_term_string"}],"inLanguage":"pt-BR"},{"@type":"Organization","@id":"https:\/\/www.manaus.am.gov.br\/semtepi\/#organization","name":"Prefeitura Municipal de Manaus","alternateName":"Prefeitura de Manaus","url":"https:\/\/www.manaus.am.gov.br\/semtepi\/","logo":{"@type":"ImageObject","inLanguage":"pt-BR","@id":"https:\/\/www.manaus.am.gov.br\/semtepi\/#\/schema\/logo\/image\/","url":"https:\/\/www.manaus.am.gov.br\/semtepi\/wp-content\/uploads\/sites\/20\/2024\/07\/favicon.png","contentUrl":"https:\/\/www.manaus.am.gov.br\/semtepi\/wp-content\/uploads\/sites\/20\/2024\/07\/favicon.png","width":300,"height":300,"caption":"Prefeitura Municipal de Manaus"},"image":{"@id":"https:\/\/www.manaus.am.gov.br\/semtepi\/#\/schema\/logo\/image\/"}},{"@type":"Person","@id":"https:\/\/www.manaus.am.gov.br\/semtepi\/#\/schema\/person\/05d223aea2bf115f9883a6ff3683d81b","name":"Bruna Greco","image":{"@type":"ImageObject","inLanguage":"pt-BR","@id":"https:\/\/www.manaus.am.gov.br\/semtepi\/#\/schema\/person\/image\/","url":"https:\/\/secure.gravatar.com\/avatar\/9c877d1a6adc2a055330e5c09a8653ce?s=96&d=mm&r=g","contentUrl":"https:\/\/secure.gravatar.com\/avatar\/9c877d1a6adc2a055330e5c09a8653ce?s=96&d=mm&r=g","caption":"Bruna Greco"}}]}},"_links":{"self":[{"href":"https:\/\/www.manaus.am.gov.br\/semtepi\/wp-json\/wp\/v2\/posts\/2642"}],"collection":[{"href":"https:\/\/www.manaus.am.gov.br\/semtepi\/wp-json\/wp\/v2\/posts"}],"about":[{"href":"https:\/\/www.manaus.am.gov.br\/semtepi\/wp-json\/wp\/v2\/types\/post"}],"author":[{"embeddable":true,"href":"https:\/\/www.manaus.am.gov.br\/semtepi\/wp-json\/wp\/v2\/users\/39"}],"replies":[{"embeddable":true,"href":"https:\/\/www.manaus.am.gov.br\/semtepi\/wp-json\/wp\/v2\/comments?post=2642"}],"version-history":[{"count":1,"href":"https:\/\/www.manaus.am.gov.br\/semtepi\/wp-json\/wp\/v2\/posts\/2642\/revisions"}],"predecessor-version":[{"id":2644,"href":"https:\/\/www.manaus.am.gov.br\/semtepi\/wp-json\/wp\/v2\/posts\/2642\/revisions\/2644"}],"wp:featuredmedia":[{"embeddable":true,"href":"https:\/\/www.manaus.am.gov.br\/semtepi\/wp-json\/wp\/v2\/media\/2643"}],"wp:attachment":[{"href":"https:\/\/www.manaus.am.gov.br\/semtepi\/wp-json\/wp\/v2\/media?parent=2642"}],"wp:term":[{"taxonomy":"category","embeddable":true,"href":"https:\/\/www.manaus.am.gov.br\/semtepi\/wp-json\/wp\/v2\/categories?post=2642"},{"taxonomy":"post_tag","embeddable":true,"href":"https:\/\/www.manaus.am.gov.br\/semtepi\/wp-json\/wp\/v2\/tags?post=2642"}],"curies":[{"name":"wp","href":"https:\/\/api.w.org\/{rel}","templated":true}]}}