{"id":2639,"date":"2023-09-22T10:24:16","date_gmt":"2023-09-22T14:24:16","guid":{"rendered":"https:\/\/www.manaus.am.gov.br\/semtepi\/sem-categoria\/inscricoes-para-o-programa-english-manaus-encerram-nesta-sexta-feira-22-9\/"},"modified":"2023-09-22T10:29:44","modified_gmt":"2023-09-22T14:29:44","slug":"inscricoes-para-o-programa-english-manaus-encerram-nesta-sexta-feira-22-9","status":"publish","type":"post","link":"https:\/\/www.manaus.am.gov.br\/semtepi\/qualificacao\/inscricoes-para-o-programa-english-manaus-encerram-nesta-sexta-feira-22-9\/","title":{"rendered":"<strong>Inscri\u00e7\u00f5es para o programa \u2018English Manaus\u2019 encerram nesta sexta-feira, 22\/9<\/strong>"},"content":{"rendered":"\n<p>As inscri\u00e7\u00f5es para o programa \u201cEnglish Manaus\u201d encerram nesta sexta-feira, 22\/9. O curso \u00e9 realizado pela Prefeitura de Manaus, por meio da Secretaria Municipal do Trabalho, Empreendedorismo e Inova\u00e7\u00e3o (Semtepi), e vai beneficiar mil empreendedores da capital, com curso de ingl\u00eas adaptado para neg\u00f3cios.<\/p>\n\n\n\n<p>Executado pela Federa\u00e7\u00e3o Amazonense de E-Sports (Faesp), o curso \u00e9 realizado de forma on-line, com tr\u00eas encontros presenciais durante os quatro m\u00f3dulos. Com uma plataforma exclusiva e simplificada, o participante ter\u00e1 acesso a mais de 40 aulas, entre estudo dos verbos, n\u00fameros, pronomes, horas, locais de trabalho e sauda\u00e7\u00f5es na l\u00edngua estrangeira.<\/p>\n\n\n\n<p>\u201cO English Manaus \u00e9 um programa pensado 100% para o empreendedor. A ideia \u00e9 que ele aprimore o atendimento com turistas e amplie o horizonte dos neg\u00f3cios. Al\u00e9m disso, as aulas s\u00e3o flex\u00edveis, adequando a rotina de cada participante\u201d, afirmou o titular da Semtepi, Radyr J\u00fanior.<\/p>\n\n\n\n<p>A inscri\u00e7\u00e3o \u00e9 on-line, por meio do link&nbsp;<a href=\"https:\/\/englishmanaus.com.br\/registro\/\" target=\"_blank\" rel=\"noreferrer noopener\">https:\/\/englishmanaus.com.br\/registro\/<\/a>&nbsp;. A lista de selecionados estar\u00e1 dispon\u00edvel na pr\u00f3xima ter\u00e7a-feira, 26\/9. A partir da confirma\u00e7\u00e3o, os participantes j\u00e1 poder\u00e3o iniciar as aulas.<\/p>\n\n\n\n<p>&nbsp;&#8212; &#8212; &#8212;<\/p>\n\n\n\n<p><strong>Texto \u2013&nbsp;<\/strong>Luiza Maria \/ Semtepi<\/p>\n\n\n\n<p><strong>Fotos \u2013&nbsp;<\/strong>Cl\u00f3vis Miranda\/Semcom<\/p>\n\n\n\n<p><strong>Dispon\u00edveis em &#8211;&nbsp;<\/strong><a href=\"https:\/\/flic.kr\/s\/aHBqjAy4HP\" target=\"_blank\" rel=\"noreferrer noopener\">https:\/\/flic.kr\/s\/aHBqjAy4HP<\/a><\/p>\n","protected":false},"excerpt":{"rendered":"","protected":false},"author":23,"featured_media":2640,"comment_status":"closed","ping_status":"closed","sticky":false,"template":"","format":"standard","meta":{"footnotes":""},"categories":[82],"tags":[597,109,8,239,9],"acf":[],"yoast_head":"<!-- This site is optimized with the Yoast SEO plugin v23.0 - https:\/\/yoast.com\/wordpress\/plugins\/seo\/ -->\n<title>Inscri\u00e7\u00f5es para o programa \u2018English Manaus\u2019 encerram nesta sexta-feira, 22\/9<\/title>\n<meta name=\"description\" content=\"As inscri\u00e7\u00f5es para o programa \u201cEnglish Manaus\u201d encerram nesta sexta-feira, 22\/9. O curso \u00e9 realizado pela Prefeitura de Manaus, por meio da Secretaria Municipal do Trabalho, Empreendedorismo e Inova\u00e7\u00e3o (Semtepi), e vai beneficiar mil empreendedores da capital, com curso de ingl\u00eas adaptado para neg\u00f3cios.\" \/>\n<meta name=\"robots\" content=\"noindex, follow\" \/>\n<meta property=\"og:locale\" content=\"pt_BR\" \/>\n<meta property=\"og:type\" content=\"article\" \/>\n<meta property=\"og:title\" content=\"Inscri\u00e7\u00f5es para o programa \u2018English Manaus\u2019 encerram nesta sexta-feira, 22\/9\" \/>\n<meta property=\"og:description\" content=\"As inscri\u00e7\u00f5es para o programa \u201cEnglish Manaus\u201d encerram nesta sexta-feira, 22\/9. O curso \u00e9 realizado pela Prefeitura de Manaus, por meio da Secretaria Municipal do Trabalho, Empreendedorismo e Inova\u00e7\u00e3o (Semtepi), e vai beneficiar mil empreendedores da capital, com curso de ingl\u00eas adaptado para neg\u00f3cios.\" \/>\n<meta property=\"og:url\" content=\"https:\/\/www.manaus.am.gov.br\/semtepi\/qualificacao\/inscricoes-para-o-programa-english-manaus-encerram-nesta-sexta-feira-22-9\/\" \/>\n<meta property=\"og:site_name\" content=\"SEMTEPI\" \/>\n<meta property=\"article:published_time\" content=\"2023-09-22T14:24:16+00:00\" \/>\n<meta property=\"article:modified_time\" content=\"2023-09-22T14:29:44+00:00\" \/>\n<meta property=\"og:image\" content=\"https:\/\/www.manaus.am.gov.br\/semtepi\/wp-content\/uploads\/sites\/20\/2023\/09\/52784464468_76f19780b3_c.jpg\" \/>\n\t<meta property=\"og:image:width\" content=\"799\" \/>\n\t<meta property=\"og:image:height\" content=\"533\" \/>\n\t<meta property=\"og:image:type\" content=\"image\/jpeg\" \/>\n<meta name=\"author\" content=\"Adriana Costa\" \/>\n<meta name=\"twitter:card\" content=\"summary_large_image\" \/>\n<meta name=\"twitter:label1\" content=\"Written by\" \/>\n\t<meta name=\"twitter:data1\" content=\"Adriana Costa\" \/>\n\t<meta name=\"twitter:label2\" content=\"Est. reading time\" \/>\n\t<meta name=\"twitter:data2\" content=\"2 minutos\" \/>\n<script type=\"application\/ld+json\" class=\"yoast-schema-graph\">{\"@context\":\"https:\/\/schema.org\",\"@graph\":[{\"@type\":\"Article\",\"@id\":\"https:\/\/www.manaus.am.gov.br\/semtepi\/qualificacao\/inscricoes-para-o-programa-english-manaus-encerram-nesta-sexta-feira-22-9\/#article\",\"isPartOf\":{\"@id\":\"https:\/\/www.manaus.am.gov.br\/semtepi\/qualificacao\/inscricoes-para-o-programa-english-manaus-encerram-nesta-sexta-feira-22-9\/\"},\"author\":{\"name\":\"Adriana Costa\",\"@id\":\"https:\/\/www.manaus.am.gov.br\/semtepi\/#\/schema\/person\/4e49f4e267757a06ca072ec61b2b9968\"},\"headline\":\"Inscri\u00e7\u00f5es para o programa \u2018English Manaus\u2019 encerram nesta sexta-feira, 22\/9\",\"datePublished\":\"2023-09-22T14:24:16+00:00\",\"dateModified\":\"2023-09-22T14:29:44+00:00\",\"mainEntityOfPage\":{\"@id\":\"https:\/\/www.manaus.am.gov.br\/semtepi\/qualificacao\/inscricoes-para-o-programa-english-manaus-encerram-nesta-sexta-feira-22-9\/\"},\"wordCount\":226,\"publisher\":{\"@id\":\"https:\/\/www.manaus.am.gov.br\/semtepi\/#organization\"},\"image\":{\"@id\":\"https:\/\/www.manaus.am.gov.br\/semtepi\/qualificacao\/inscricoes-para-o-programa-english-manaus-encerram-nesta-sexta-feira-22-9\/#primaryimage\"},\"thumbnailUrl\":\"https:\/\/www.manaus.am.gov.br\/semtepi\/wp-content\/uploads\/sites\/20\/2023\/09\/52784464468_76f19780b3_c.jpg\",\"keywords\":[\"encerramento\",\"inscri\u00e7\u00e3o\",\"prefeitura de manaus\",\"programa English Manaus\",\"Semtepi\"],\"articleSection\":[\"Qualifica\u00e7\u00e3o\"],\"inLanguage\":\"pt-BR\"},{\"@type\":\"WebPage\",\"@id\":\"https:\/\/www.manaus.am.gov.br\/semtepi\/qualificacao\/inscricoes-para-o-programa-english-manaus-encerram-nesta-sexta-feira-22-9\/\",\"url\":\"https:\/\/www.manaus.am.gov.br\/semtepi\/qualificacao\/inscricoes-para-o-programa-english-manaus-encerram-nesta-sexta-feira-22-9\/\",\"name\":\"Inscri\u00e7\u00f5es para o programa \u2018English Manaus\u2019 encerram nesta sexta-feira, 22\/9\",\"isPartOf\":{\"@id\":\"https:\/\/www.manaus.am.gov.br\/semtepi\/#website\"},\"primaryImageOfPage\":{\"@id\":\"https:\/\/www.manaus.am.gov.br\/semtepi\/qualificacao\/inscricoes-para-o-programa-english-manaus-encerram-nesta-sexta-feira-22-9\/#primaryimage\"},\"image\":{\"@id\":\"https:\/\/www.manaus.am.gov.br\/semtepi\/qualificacao\/inscricoes-para-o-programa-english-manaus-encerram-nesta-sexta-feira-22-9\/#primaryimage\"},\"thumbnailUrl\":\"https:\/\/www.manaus.am.gov.br\/semtepi\/wp-content\/uploads\/sites\/20\/2023\/09\/52784464468_76f19780b3_c.jpg\",\"datePublished\":\"2023-09-22T14:24:16+00:00\",\"dateModified\":\"2023-09-22T14:29:44+00:00\",\"description\":\"As inscri\u00e7\u00f5es para o programa \u201cEnglish Manaus\u201d encerram nesta sexta-feira, 22\/9. O curso \u00e9 realizado pela Prefeitura de Manaus, por meio da Secretaria Municipal do Trabalho, Empreendedorismo e Inova\u00e7\u00e3o (Semtepi), e vai beneficiar mil empreendedores da capital, com curso de ingl\u00eas adaptado para neg\u00f3cios.\",\"breadcrumb\":{\"@id\":\"https:\/\/www.manaus.am.gov.br\/semtepi\/qualificacao\/inscricoes-para-o-programa-english-manaus-encerram-nesta-sexta-feira-22-9\/#breadcrumb\"},\"inLanguage\":\"pt-BR\",\"potentialAction\":[{\"@type\":\"ReadAction\",\"target\":[\"https:\/\/www.manaus.am.gov.br\/semtepi\/qualificacao\/inscricoes-para-o-programa-english-manaus-encerram-nesta-sexta-feira-22-9\/\"]}]},{\"@type\":\"ImageObject\",\"inLanguage\":\"pt-BR\",\"@id\":\"https:\/\/www.manaus.am.gov.br\/semtepi\/qualificacao\/inscricoes-para-o-programa-english-manaus-encerram-nesta-sexta-feira-22-9\/#primaryimage\",\"url\":\"https:\/\/www.manaus.am.gov.br\/semtepi\/wp-content\/uploads\/sites\/20\/2023\/09\/52784464468_76f19780b3_c.jpg\",\"contentUrl\":\"https:\/\/www.manaus.am.gov.br\/semtepi\/wp-content\/uploads\/sites\/20\/2023\/09\/52784464468_76f19780b3_c.jpg\",\"width\":799,\"height\":533},{\"@type\":\"BreadcrumbList\",\"@id\":\"https:\/\/www.manaus.am.gov.br\/semtepi\/qualificacao\/inscricoes-para-o-programa-english-manaus-encerram-nesta-sexta-feira-22-9\/#breadcrumb\",\"itemListElement\":[{\"@type\":\"ListItem\",\"position\":1,\"name\":\"Home\",\"item\":\"https:\/\/www.manaus.am.gov.br\/semtepi\/\"},{\"@type\":\"ListItem\",\"position\":2,\"name\":\"Inscri\u00e7\u00f5es para o programa \u2018English Manaus\u2019 encerram nesta sexta-feira, 22\/9\"}]},{\"@type\":\"WebSite\",\"@id\":\"https:\/\/www.manaus.am.gov.br\/semtepi\/#website\",\"url\":\"https:\/\/www.manaus.am.gov.br\/semtepi\/\",\"name\":\"SEMTEPI\",\"description\":\"Prefeitura de Manaus\",\"publisher\":{\"@id\":\"https:\/\/www.manaus.am.gov.br\/semtepi\/#organization\"},\"alternateName\":\"Secretaria Municipal do Trabalho, Empreendedorismo e Inova\u00e7\u00e3o\",\"potentialAction\":[{\"@type\":\"SearchAction\",\"target\":{\"@type\":\"EntryPoint\",\"urlTemplate\":\"https:\/\/www.manaus.am.gov.br\/semtepi\/?s={search_term_string}\"},\"query-input\":\"required name=search_term_string\"}],\"inLanguage\":\"pt-BR\"},{\"@type\":\"Organization\",\"@id\":\"https:\/\/www.manaus.am.gov.br\/semtepi\/#organization\",\"name\":\"Prefeitura Municipal de Manaus\",\"alternateName\":\"Prefeitura de Manaus\",\"url\":\"https:\/\/www.manaus.am.gov.br\/semtepi\/\",\"logo\":{\"@type\":\"ImageObject\",\"inLanguage\":\"pt-BR\",\"@id\":\"https:\/\/www.manaus.am.gov.br\/semtepi\/#\/schema\/logo\/image\/\",\"url\":\"https:\/\/www.manaus.am.gov.br\/semtepi\/wp-content\/uploads\/sites\/20\/2024\/07\/favicon.png\",\"contentUrl\":\"https:\/\/www.manaus.am.gov.br\/semtepi\/wp-content\/uploads\/sites\/20\/2024\/07\/favicon.png\",\"width\":300,\"height\":300,\"caption\":\"Prefeitura Municipal de Manaus\"},\"image\":{\"@id\":\"https:\/\/www.manaus.am.gov.br\/semtepi\/#\/schema\/logo\/image\/\"}},{\"@type\":\"Person\",\"@id\":\"https:\/\/www.manaus.am.gov.br\/semtepi\/#\/schema\/person\/4e49f4e267757a06ca072ec61b2b9968\",\"name\":\"Adriana Costa\",\"image\":{\"@type\":\"ImageObject\",\"inLanguage\":\"pt-BR\",\"@id\":\"https:\/\/www.manaus.am.gov.br\/semtepi\/#\/schema\/person\/image\/\",\"url\":\"https:\/\/secure.gravatar.com\/avatar\/576258617ef7194f718179e766d57bd4?s=96&d=mm&r=g\",\"contentUrl\":\"https:\/\/secure.gravatar.com\/avatar\/576258617ef7194f718179e766d57bd4?s=96&d=mm&r=g\",\"caption\":\"Adriana Costa\"}}]}<\/script>\n<!-- \/ Yoast SEO plugin. -->","yoast_head_json":{"title":"Inscri\u00e7\u00f5es para o programa \u2018English Manaus\u2019 encerram nesta sexta-feira, 22\/9","description":"As inscri\u00e7\u00f5es para o programa \u201cEnglish Manaus\u201d encerram nesta sexta-feira, 22\/9. O curso \u00e9 realizado pela Prefeitura de Manaus, por meio da Secretaria Municipal do Trabalho, Empreendedorismo e Inova\u00e7\u00e3o (Semtepi), e vai beneficiar mil empreendedores da capital, com curso de ingl\u00eas adaptado para neg\u00f3cios.","robots":{"index":"noindex","follow":"follow"},"og_locale":"pt_BR","og_type":"article","og_title":"Inscri\u00e7\u00f5es para o programa \u2018English Manaus\u2019 encerram nesta sexta-feira, 22\/9","og_description":"As inscri\u00e7\u00f5es para o programa \u201cEnglish Manaus\u201d encerram nesta sexta-feira, 22\/9. O curso \u00e9 realizado pela Prefeitura de Manaus, por meio da Secretaria Municipal do Trabalho, Empreendedorismo e Inova\u00e7\u00e3o (Semtepi), e vai beneficiar mil empreendedores da capital, com curso de ingl\u00eas adaptado para neg\u00f3cios.","og_url":"https:\/\/www.manaus.am.gov.br\/semtepi\/qualificacao\/inscricoes-para-o-programa-english-manaus-encerram-nesta-sexta-feira-22-9\/","og_site_name":"SEMTEPI","article_published_time":"2023-09-22T14:24:16+00:00","article_modified_time":"2023-09-22T14:29:44+00:00","og_image":[{"width":799,"height":533,"url":"https:\/\/www.manaus.am.gov.br\/semtepi\/wp-content\/uploads\/sites\/20\/2023\/09\/52784464468_76f19780b3_c.jpg","type":"image\/jpeg"}],"author":"Adriana Costa","twitter_card":"summary_large_image","twitter_misc":{"Written by":"Adriana Costa","Est. reading time":"2 minutos"},"schema":{"@context":"https:\/\/schema.org","@graph":[{"@type":"Article","@id":"https:\/\/www.manaus.am.gov.br\/semtepi\/qualificacao\/inscricoes-para-o-programa-english-manaus-encerram-nesta-sexta-feira-22-9\/#article","isPartOf":{"@id":"https:\/\/www.manaus.am.gov.br\/semtepi\/qualificacao\/inscricoes-para-o-programa-english-manaus-encerram-nesta-sexta-feira-22-9\/"},"author":{"name":"Adriana Costa","@id":"https:\/\/www.manaus.am.gov.br\/semtepi\/#\/schema\/person\/4e49f4e267757a06ca072ec61b2b9968"},"headline":"Inscri\u00e7\u00f5es para o programa \u2018English Manaus\u2019 encerram nesta sexta-feira, 22\/9","datePublished":"2023-09-22T14:24:16+00:00","dateModified":"2023-09-22T14:29:44+00:00","mainEntityOfPage":{"@id":"https:\/\/www.manaus.am.gov.br\/semtepi\/qualificacao\/inscricoes-para-o-programa-english-manaus-encerram-nesta-sexta-feira-22-9\/"},"wordCount":226,"publisher":{"@id":"https:\/\/www.manaus.am.gov.br\/semtepi\/#organization"},"image":{"@id":"https:\/\/www.manaus.am.gov.br\/semtepi\/qualificacao\/inscricoes-para-o-programa-english-manaus-encerram-nesta-sexta-feira-22-9\/#primaryimage"},"thumbnailUrl":"https:\/\/www.manaus.am.gov.br\/semtepi\/wp-content\/uploads\/sites\/20\/2023\/09\/52784464468_76f19780b3_c.jpg","keywords":["encerramento","inscri\u00e7\u00e3o","prefeitura de manaus","programa English Manaus","Semtepi"],"articleSection":["Qualifica\u00e7\u00e3o"],"inLanguage":"pt-BR"},{"@type":"WebPage","@id":"https:\/\/www.manaus.am.gov.br\/semtepi\/qualificacao\/inscricoes-para-o-programa-english-manaus-encerram-nesta-sexta-feira-22-9\/","url":"https:\/\/www.manaus.am.gov.br\/semtepi\/qualificacao\/inscricoes-para-o-programa-english-manaus-encerram-nesta-sexta-feira-22-9\/","name":"Inscri\u00e7\u00f5es para o programa \u2018English Manaus\u2019 encerram nesta sexta-feira, 22\/9","isPartOf":{"@id":"https:\/\/www.manaus.am.gov.br\/semtepi\/#website"},"primaryImageOfPage":{"@id":"https:\/\/www.manaus.am.gov.br\/semtepi\/qualificacao\/inscricoes-para-o-programa-english-manaus-encerram-nesta-sexta-feira-22-9\/#primaryimage"},"image":{"@id":"https:\/\/www.manaus.am.gov.br\/semtepi\/qualificacao\/inscricoes-para-o-programa-english-manaus-encerram-nesta-sexta-feira-22-9\/#primaryimage"},"thumbnailUrl":"https:\/\/www.manaus.am.gov.br\/semtepi\/wp-content\/uploads\/sites\/20\/2023\/09\/52784464468_76f19780b3_c.jpg","datePublished":"2023-09-22T14:24:16+00:00","dateModified":"2023-09-22T14:29:44+00:00","description":"As inscri\u00e7\u00f5es para o programa \u201cEnglish Manaus\u201d encerram nesta sexta-feira, 22\/9. O curso \u00e9 realizado pela Prefeitura de Manaus, por meio da Secretaria Municipal do Trabalho, Empreendedorismo e Inova\u00e7\u00e3o (Semtepi), e vai beneficiar mil empreendedores da capital, com curso de ingl\u00eas adaptado para neg\u00f3cios.","breadcrumb":{"@id":"https:\/\/www.manaus.am.gov.br\/semtepi\/qualificacao\/inscricoes-para-o-programa-english-manaus-encerram-nesta-sexta-feira-22-9\/#breadcrumb"},"inLanguage":"pt-BR","potentialAction":[{"@type":"ReadAction","target":["https:\/\/www.manaus.am.gov.br\/semtepi\/qualificacao\/inscricoes-para-o-programa-english-manaus-encerram-nesta-sexta-feira-22-9\/"]}]},{"@type":"ImageObject","inLanguage":"pt-BR","@id":"https:\/\/www.manaus.am.gov.br\/semtepi\/qualificacao\/inscricoes-para-o-programa-english-manaus-encerram-nesta-sexta-feira-22-9\/#primaryimage","url":"https:\/\/www.manaus.am.gov.br\/semtepi\/wp-content\/uploads\/sites\/20\/2023\/09\/52784464468_76f19780b3_c.jpg","contentUrl":"https:\/\/www.manaus.am.gov.br\/semtepi\/wp-content\/uploads\/sites\/20\/2023\/09\/52784464468_76f19780b3_c.jpg","width":799,"height":533},{"@type":"BreadcrumbList","@id":"https:\/\/www.manaus.am.gov.br\/semtepi\/qualificacao\/inscricoes-para-o-programa-english-manaus-encerram-nesta-sexta-feira-22-9\/#breadcrumb","itemListElement":[{"@type":"ListItem","position":1,"name":"Home","item":"https:\/\/www.manaus.am.gov.br\/semtepi\/"},{"@type":"ListItem","position":2,"name":"Inscri\u00e7\u00f5es para o programa \u2018English Manaus\u2019 encerram nesta sexta-feira, 22\/9"}]},{"@type":"WebSite","@id":"https:\/\/www.manaus.am.gov.br\/semtepi\/#website","url":"https:\/\/www.manaus.am.gov.br\/semtepi\/","name":"SEMTEPI","description":"Prefeitura de Manaus","publisher":{"@id":"https:\/\/www.manaus.am.gov.br\/semtepi\/#organization"},"alternateName":"Secretaria Municipal do Trabalho, Empreendedorismo e Inova\u00e7\u00e3o","potentialAction":[{"@type":"SearchAction","target":{"@type":"EntryPoint","urlTemplate":"https:\/\/www.manaus.am.gov.br\/semtepi\/?s={search_term_string}"},"query-input":"required name=search_term_string"}],"inLanguage":"pt-BR"},{"@type":"Organization","@id":"https:\/\/www.manaus.am.gov.br\/semtepi\/#organization","name":"Prefeitura Municipal de Manaus","alternateName":"Prefeitura de Manaus","url":"https:\/\/www.manaus.am.gov.br\/semtepi\/","logo":{"@type":"ImageObject","inLanguage":"pt-BR","@id":"https:\/\/www.manaus.am.gov.br\/semtepi\/#\/schema\/logo\/image\/","url":"https:\/\/www.manaus.am.gov.br\/semtepi\/wp-content\/uploads\/sites\/20\/2024\/07\/favicon.png","contentUrl":"https:\/\/www.manaus.am.gov.br\/semtepi\/wp-content\/uploads\/sites\/20\/2024\/07\/favicon.png","width":300,"height":300,"caption":"Prefeitura Municipal de Manaus"},"image":{"@id":"https:\/\/www.manaus.am.gov.br\/semtepi\/#\/schema\/logo\/image\/"}},{"@type":"Person","@id":"https:\/\/www.manaus.am.gov.br\/semtepi\/#\/schema\/person\/4e49f4e267757a06ca072ec61b2b9968","name":"Adriana Costa","image":{"@type":"ImageObject","inLanguage":"pt-BR","@id":"https:\/\/www.manaus.am.gov.br\/semtepi\/#\/schema\/person\/image\/","url":"https:\/\/secure.gravatar.com\/avatar\/576258617ef7194f718179e766d57bd4?s=96&d=mm&r=g","contentUrl":"https:\/\/secure.gravatar.com\/avatar\/576258617ef7194f718179e766d57bd4?s=96&d=mm&r=g","caption":"Adriana Costa"}}]}},"_links":{"self":[{"href":"https:\/\/www.manaus.am.gov.br\/semtepi\/wp-json\/wp\/v2\/posts\/2639"}],"collection":[{"href":"https:\/\/www.manaus.am.gov.br\/semtepi\/wp-json\/wp\/v2\/posts"}],"about":[{"href":"https:\/\/www.manaus.am.gov.br\/semtepi\/wp-json\/wp\/v2\/types\/post"}],"author":[{"embeddable":true,"href":"https:\/\/www.manaus.am.gov.br\/semtepi\/wp-json\/wp\/v2\/users\/23"}],"replies":[{"embeddable":true,"href":"https:\/\/www.manaus.am.gov.br\/semtepi\/wp-json\/wp\/v2\/comments?post=2639"}],"version-history":[{"count":1,"href":"https:\/\/www.manaus.am.gov.br\/semtepi\/wp-json\/wp\/v2\/posts\/2639\/revisions"}],"predecessor-version":[{"id":2641,"href":"https:\/\/www.manaus.am.gov.br\/semtepi\/wp-json\/wp\/v2\/posts\/2639\/revisions\/2641"}],"wp:featuredmedia":[{"embeddable":true,"href":"https:\/\/www.manaus.am.gov.br\/semtepi\/wp-json\/wp\/v2\/media\/2640"}],"wp:attachment":[{"href":"https:\/\/www.manaus.am.gov.br\/semtepi\/wp-json\/wp\/v2\/media?parent=2639"}],"wp:term":[{"taxonomy":"category","embeddable":true,"href":"https:\/\/www.manaus.am.gov.br\/semtepi\/wp-json\/wp\/v2\/categories?post=2639"},{"taxonomy":"post_tag","embeddable":true,"href":"https:\/\/www.manaus.am.gov.br\/semtepi\/wp-json\/wp\/v2\/tags?post=2639"}],"curies":[{"name":"wp","href":"https:\/\/api.w.org\/{rel}","templated":true}]}}