{"id":2635,"date":"2023-09-21T14:49:07","date_gmt":"2023-09-21T18:49:07","guid":{"rendered":"https:\/\/www.manaus.am.gov.br\/semtepi\/sem-categoria\/prefeitura-de-manaus-promove-acao-itinerante-em-tres-zonas-da-cidade\/"},"modified":"2023-09-21T14:49:08","modified_gmt":"2023-09-21T18:49:08","slug":"prefeitura-de-manaus-promove-acao-itinerante-em-tres-zonas-da-cidade","status":"publish","type":"post","link":"https:\/\/www.manaus.am.gov.br\/semtepi\/servicos\/prefeitura-de-manaus-promove-acao-itinerante-em-tres-zonas-da-cidade\/","title":{"rendered":"<strong>Prefeitura de Manaus promove a\u00e7\u00e3o itinerante em tr\u00eas zonas da cidade<\/strong>"},"content":{"rendered":"\n<p>A Prefeitura de Manaus, por meio da Secretaria Municipal do Trabalho, Empreendedorismo e Inova\u00e7\u00e3o (Semtepi), promover\u00e1, nesta sexta-feira e s\u00e1bado, 22 e 23\/9, quatro a\u00e7\u00f5es itinerantes, que fazem parte do programa \u201cSine nos Bairros\u201d, nos bairros Col\u00f4nia Ant\u00f4nio Aleixo, zona Leste; Tarum\u00e3, Centro-Oeste; Cidade Nova e Alfredo Nascimento, ambos na zona Norte.<\/p>\n\n\n\n<p>O Sine Manaus estar\u00e1 presente nas tr\u00eas zonas da cidade, levando at\u00e9 a popula\u00e7\u00e3o servi\u00e7os gratuitos, como orienta\u00e7\u00e3o para cadastro, Carteira de Trabalho e Previd\u00eancia Social (CTPS Digital) e seguro-desemprego, al\u00e9m de diversas vagas de emprego. Somente no primeiro semestre do ano, foram mais de 4 mil oportunidades ofertadas.<\/p>\n\n\n\n<p>\u201c\u00c9 importante destacar que, no primeiro semestre deste ano, conseguimos disponibilizar mais de 4 mil oportunidades de emprego para a popula\u00e7\u00e3o de Manaus. E nosso compromisso \u00e9 continuar trabalhando, incansavelmente, para aumentar esse n\u00famero e melhorar a vida dos cidad\u00e3os\u201d, frisou o diretor do Sine Manaus, F\u00e1bio Ara\u00fajo.<\/p>\n\n\n\n<p>Nesta sexta-feira, 22\/9, das 8h \u00e0s 12h, a programa\u00e7\u00e3o vai atender os moradores do bairro Col\u00f4nia Ant\u00f4nio Aleixo, na Associa\u00e7\u00e3o Esp\u00edrita Jesus Gon\u00e7alves, localizada na rua Nova Rep\u00fablica, n\u00ba 99, zona Leste da capital.<\/p>\n\n\n\n<p>No s\u00e1bado, 23\/9, tr\u00eas pontos da cidade receber\u00e3o as atividades itinerantes: iniciando das 8h \u00e0s 16h, na escola municipal Santa Rosa 2, localizada na rua Rio Purus, bairro Tarum\u00e3, na zona Centro-Oeste de Manaus; de 8h \u00e0s 12h, na Igreja Evang\u00e9lica Assembleia de Deus no Amazonas (Ieadam), situada na avenida C, n\u00ba 167, bairro Cidade Nova, zona Norte; e das 8h \u00e0s 13h, o Sine nos Bairros estar\u00e1 na escola municipal Aureo Nonato, avenida Marcos Cavalcante, rua 6, bairro Alfredo Nascimento, zona Norte.<\/p>\n\n\n\n<p>&#8212; &#8212; &#8212;<\/p>\n\n\n\n<p><strong>Texto \u2013&nbsp;<\/strong>Fabiane Monteiro \/ Semtepi<\/p>\n\n\n\n<p><strong>Fotos \u2013&nbsp;<\/strong>Divulga\u00e7\u00e3o \/ Semtepi<\/p>\n","protected":false},"excerpt":{"rendered":"","protected":false},"author":23,"featured_media":2636,"comment_status":"closed","ping_status":"closed","sticky":false,"template":"","format":"standard","meta":{"footnotes":""},"categories":[29],"tags":[594,8,9,417],"acf":[],"yoast_head":"<!-- This site is optimized with the Yoast SEO plugin v23.0 - https:\/\/yoast.com\/wordpress\/plugins\/seo\/ -->\n<title>Prefeitura de Manaus promove a\u00e7\u00e3o itinerante em tr\u00eas zonas da cidade<\/title>\n<meta name=\"description\" content=\"A Prefeitura de Manaus, por meio da Secretaria Municipal do Trabalho, Empreendedorismo e Inova\u00e7\u00e3o (Semtepi), promover\u00e1, nesta sexta-feira e s\u00e1bado, 22 e 23\/9, quatro a\u00e7\u00f5es itinerantes, que fazem parte do programa \u201cSine nos Bairros\u201d, nos bairros Col\u00f4nia Ant\u00f4nio Aleixo, zona Leste; Tarum\u00e3, Centro-Oeste; Cidade Nova e Alfredo Nascimento, ambos na zona Norte.\" \/>\n<meta name=\"robots\" content=\"noindex, follow\" \/>\n<meta property=\"og:locale\" content=\"pt_BR\" \/>\n<meta property=\"og:type\" content=\"article\" \/>\n<meta property=\"og:title\" content=\"Prefeitura de Manaus promove a\u00e7\u00e3o itinerante em tr\u00eas zonas da cidade\" \/>\n<meta property=\"og:description\" content=\"A Prefeitura de Manaus, por meio da Secretaria Municipal do Trabalho, Empreendedorismo e Inova\u00e7\u00e3o (Semtepi), promover\u00e1, nesta sexta-feira e s\u00e1bado, 22 e 23\/9, quatro a\u00e7\u00f5es itinerantes, que fazem parte do programa \u201cSine nos Bairros\u201d, nos bairros Col\u00f4nia Ant\u00f4nio Aleixo, zona Leste; Tarum\u00e3, Centro-Oeste; Cidade Nova e Alfredo Nascimento, ambos na zona Norte.\" \/>\n<meta property=\"og:url\" content=\"https:\/\/www.manaus.am.gov.br\/semtepi\/servicos\/prefeitura-de-manaus-promove-acao-itinerante-em-tres-zonas-da-cidade\/\" \/>\n<meta property=\"og:site_name\" content=\"SEMTEPI\" \/>\n<meta property=\"article:published_time\" content=\"2023-09-21T18:49:07+00:00\" \/>\n<meta property=\"article:modified_time\" content=\"2023-09-21T18:49:08+00:00\" \/>\n<meta property=\"og:image\" content=\"https:\/\/www.manaus.am.gov.br\/semtepi\/wp-content\/uploads\/sites\/20\/2023\/09\/Sine-nos-Bairros-2.jpg\" \/>\n\t<meta property=\"og:image:width\" content=\"4032\" \/>\n\t<meta property=\"og:image:height\" content=\"3024\" \/>\n\t<meta property=\"og:image:type\" content=\"image\/jpeg\" \/>\n<meta name=\"author\" content=\"Adriana Costa\" \/>\n<meta name=\"twitter:card\" content=\"summary_large_image\" \/>\n<meta name=\"twitter:label1\" content=\"Written by\" \/>\n\t<meta name=\"twitter:data1\" content=\"Adriana Costa\" \/>\n\t<meta name=\"twitter:label2\" content=\"Est. reading time\" \/>\n\t<meta name=\"twitter:data2\" content=\"2 minutos\" \/>\n<script type=\"application\/ld+json\" class=\"yoast-schema-graph\">{\"@context\":\"https:\/\/schema.org\",\"@graph\":[{\"@type\":\"Article\",\"@id\":\"https:\/\/www.manaus.am.gov.br\/semtepi\/servicos\/prefeitura-de-manaus-promove-acao-itinerante-em-tres-zonas-da-cidade\/#article\",\"isPartOf\":{\"@id\":\"https:\/\/www.manaus.am.gov.br\/semtepi\/servicos\/prefeitura-de-manaus-promove-acao-itinerante-em-tres-zonas-da-cidade\/\"},\"author\":{\"name\":\"Adriana Costa\",\"@id\":\"https:\/\/www.manaus.am.gov.br\/semtepi\/#\/schema\/person\/4e49f4e267757a06ca072ec61b2b9968\"},\"headline\":\"Prefeitura de Manaus promove a\u00e7\u00e3o itinerante em tr\u00eas zonas da cidade\",\"datePublished\":\"2023-09-21T18:49:07+00:00\",\"dateModified\":\"2023-09-21T18:49:08+00:00\",\"mainEntityOfPage\":{\"@id\":\"https:\/\/www.manaus.am.gov.br\/semtepi\/servicos\/prefeitura-de-manaus-promove-acao-itinerante-em-tres-zonas-da-cidade\/\"},\"wordCount\":307,\"publisher\":{\"@id\":\"https:\/\/www.manaus.am.gov.br\/semtepi\/#organization\"},\"image\":{\"@id\":\"https:\/\/www.manaus.am.gov.br\/semtepi\/servicos\/prefeitura-de-manaus-promove-acao-itinerante-em-tres-zonas-da-cidade\/#primaryimage\"},\"thumbnailUrl\":\"https:\/\/www.manaus.am.gov.br\/semtepi\/wp-content\/uploads\/sites\/20\/2023\/09\/Sine-nos-Bairros-2.jpg\",\"keywords\":[\"A\u00e7\u00e3o Itinerante\",\"prefeitura de manaus\",\"Semtepi\",\"Sine nos Bairros\"],\"articleSection\":[\"Servi\u00e7os\"],\"inLanguage\":\"pt-BR\"},{\"@type\":\"WebPage\",\"@id\":\"https:\/\/www.manaus.am.gov.br\/semtepi\/servicos\/prefeitura-de-manaus-promove-acao-itinerante-em-tres-zonas-da-cidade\/\",\"url\":\"https:\/\/www.manaus.am.gov.br\/semtepi\/servicos\/prefeitura-de-manaus-promove-acao-itinerante-em-tres-zonas-da-cidade\/\",\"name\":\"Prefeitura de Manaus promove a\u00e7\u00e3o itinerante em tr\u00eas zonas da cidade\",\"isPartOf\":{\"@id\":\"https:\/\/www.manaus.am.gov.br\/semtepi\/#website\"},\"primaryImageOfPage\":{\"@id\":\"https:\/\/www.manaus.am.gov.br\/semtepi\/servicos\/prefeitura-de-manaus-promove-acao-itinerante-em-tres-zonas-da-cidade\/#primaryimage\"},\"image\":{\"@id\":\"https:\/\/www.manaus.am.gov.br\/semtepi\/servicos\/prefeitura-de-manaus-promove-acao-itinerante-em-tres-zonas-da-cidade\/#primaryimage\"},\"thumbnailUrl\":\"https:\/\/www.manaus.am.gov.br\/semtepi\/wp-content\/uploads\/sites\/20\/2023\/09\/Sine-nos-Bairros-2.jpg\",\"datePublished\":\"2023-09-21T18:49:07+00:00\",\"dateModified\":\"2023-09-21T18:49:08+00:00\",\"description\":\"A Prefeitura de Manaus, por meio da Secretaria Municipal do Trabalho, Empreendedorismo e Inova\u00e7\u00e3o (Semtepi), promover\u00e1, nesta sexta-feira e s\u00e1bado, 22 e 23\/9, quatro a\u00e7\u00f5es itinerantes, que fazem parte do programa \u201cSine nos Bairros\u201d, nos bairros Col\u00f4nia Ant\u00f4nio Aleixo, zona Leste; Tarum\u00e3, Centro-Oeste; Cidade Nova e Alfredo Nascimento, ambos na zona Norte.\",\"breadcrumb\":{\"@id\":\"https:\/\/www.manaus.am.gov.br\/semtepi\/servicos\/prefeitura-de-manaus-promove-acao-itinerante-em-tres-zonas-da-cidade\/#breadcrumb\"},\"inLanguage\":\"pt-BR\",\"potentialAction\":[{\"@type\":\"ReadAction\",\"target\":[\"https:\/\/www.manaus.am.gov.br\/semtepi\/servicos\/prefeitura-de-manaus-promove-acao-itinerante-em-tres-zonas-da-cidade\/\"]}]},{\"@type\":\"ImageObject\",\"inLanguage\":\"pt-BR\",\"@id\":\"https:\/\/www.manaus.am.gov.br\/semtepi\/servicos\/prefeitura-de-manaus-promove-acao-itinerante-em-tres-zonas-da-cidade\/#primaryimage\",\"url\":\"https:\/\/www.manaus.am.gov.br\/semtepi\/wp-content\/uploads\/sites\/20\/2023\/09\/Sine-nos-Bairros-2.jpg\",\"contentUrl\":\"https:\/\/www.manaus.am.gov.br\/semtepi\/wp-content\/uploads\/sites\/20\/2023\/09\/Sine-nos-Bairros-2.jpg\",\"width\":4032,\"height\":3024},{\"@type\":\"BreadcrumbList\",\"@id\":\"https:\/\/www.manaus.am.gov.br\/semtepi\/servicos\/prefeitura-de-manaus-promove-acao-itinerante-em-tres-zonas-da-cidade\/#breadcrumb\",\"itemListElement\":[{\"@type\":\"ListItem\",\"position\":1,\"name\":\"Home\",\"item\":\"https:\/\/www.manaus.am.gov.br\/semtepi\/\"},{\"@type\":\"ListItem\",\"position\":2,\"name\":\"Prefeitura de Manaus promove a\u00e7\u00e3o itinerante em tr\u00eas zonas da cidade\"}]},{\"@type\":\"WebSite\",\"@id\":\"https:\/\/www.manaus.am.gov.br\/semtepi\/#website\",\"url\":\"https:\/\/www.manaus.am.gov.br\/semtepi\/\",\"name\":\"SEMTEPI\",\"description\":\"Prefeitura de Manaus\",\"publisher\":{\"@id\":\"https:\/\/www.manaus.am.gov.br\/semtepi\/#organization\"},\"alternateName\":\"Secretaria Municipal do Trabalho, Empreendedorismo e Inova\u00e7\u00e3o\",\"potentialAction\":[{\"@type\":\"SearchAction\",\"target\":{\"@type\":\"EntryPoint\",\"urlTemplate\":\"https:\/\/www.manaus.am.gov.br\/semtepi\/?s={search_term_string}\"},\"query-input\":\"required name=search_term_string\"}],\"inLanguage\":\"pt-BR\"},{\"@type\":\"Organization\",\"@id\":\"https:\/\/www.manaus.am.gov.br\/semtepi\/#organization\",\"name\":\"Prefeitura Municipal de Manaus\",\"alternateName\":\"Prefeitura de Manaus\",\"url\":\"https:\/\/www.manaus.am.gov.br\/semtepi\/\",\"logo\":{\"@type\":\"ImageObject\",\"inLanguage\":\"pt-BR\",\"@id\":\"https:\/\/www.manaus.am.gov.br\/semtepi\/#\/schema\/logo\/image\/\",\"url\":\"https:\/\/www.manaus.am.gov.br\/semtepi\/wp-content\/uploads\/sites\/20\/2024\/07\/favicon.png\",\"contentUrl\":\"https:\/\/www.manaus.am.gov.br\/semtepi\/wp-content\/uploads\/sites\/20\/2024\/07\/favicon.png\",\"width\":300,\"height\":300,\"caption\":\"Prefeitura Municipal de Manaus\"},\"image\":{\"@id\":\"https:\/\/www.manaus.am.gov.br\/semtepi\/#\/schema\/logo\/image\/\"}},{\"@type\":\"Person\",\"@id\":\"https:\/\/www.manaus.am.gov.br\/semtepi\/#\/schema\/person\/4e49f4e267757a06ca072ec61b2b9968\",\"name\":\"Adriana Costa\",\"image\":{\"@type\":\"ImageObject\",\"inLanguage\":\"pt-BR\",\"@id\":\"https:\/\/www.manaus.am.gov.br\/semtepi\/#\/schema\/person\/image\/\",\"url\":\"https:\/\/secure.gravatar.com\/avatar\/576258617ef7194f718179e766d57bd4?s=96&d=mm&r=g\",\"contentUrl\":\"https:\/\/secure.gravatar.com\/avatar\/576258617ef7194f718179e766d57bd4?s=96&d=mm&r=g\",\"caption\":\"Adriana Costa\"}}]}<\/script>\n<!-- \/ Yoast SEO plugin. -->","yoast_head_json":{"title":"Prefeitura de Manaus promove a\u00e7\u00e3o itinerante em tr\u00eas zonas da cidade","description":"A Prefeitura de Manaus, por meio da Secretaria Municipal do Trabalho, Empreendedorismo e Inova\u00e7\u00e3o (Semtepi), promover\u00e1, nesta sexta-feira e s\u00e1bado, 22 e 23\/9, quatro a\u00e7\u00f5es itinerantes, que fazem parte do programa \u201cSine nos Bairros\u201d, nos bairros Col\u00f4nia Ant\u00f4nio Aleixo, zona Leste; Tarum\u00e3, Centro-Oeste; Cidade Nova e Alfredo Nascimento, ambos na zona Norte.","robots":{"index":"noindex","follow":"follow"},"og_locale":"pt_BR","og_type":"article","og_title":"Prefeitura de Manaus promove a\u00e7\u00e3o itinerante em tr\u00eas zonas da cidade","og_description":"A Prefeitura de Manaus, por meio da Secretaria Municipal do Trabalho, Empreendedorismo e Inova\u00e7\u00e3o (Semtepi), promover\u00e1, nesta sexta-feira e s\u00e1bado, 22 e 23\/9, quatro a\u00e7\u00f5es itinerantes, que fazem parte do programa \u201cSine nos Bairros\u201d, nos bairros Col\u00f4nia Ant\u00f4nio Aleixo, zona Leste; Tarum\u00e3, Centro-Oeste; Cidade Nova e Alfredo Nascimento, ambos na zona Norte.","og_url":"https:\/\/www.manaus.am.gov.br\/semtepi\/servicos\/prefeitura-de-manaus-promove-acao-itinerante-em-tres-zonas-da-cidade\/","og_site_name":"SEMTEPI","article_published_time":"2023-09-21T18:49:07+00:00","article_modified_time":"2023-09-21T18:49:08+00:00","og_image":[{"width":4032,"height":3024,"url":"https:\/\/www.manaus.am.gov.br\/semtepi\/wp-content\/uploads\/sites\/20\/2023\/09\/Sine-nos-Bairros-2.jpg","type":"image\/jpeg"}],"author":"Adriana Costa","twitter_card":"summary_large_image","twitter_misc":{"Written by":"Adriana Costa","Est. reading time":"2 minutos"},"schema":{"@context":"https:\/\/schema.org","@graph":[{"@type":"Article","@id":"https:\/\/www.manaus.am.gov.br\/semtepi\/servicos\/prefeitura-de-manaus-promove-acao-itinerante-em-tres-zonas-da-cidade\/#article","isPartOf":{"@id":"https:\/\/www.manaus.am.gov.br\/semtepi\/servicos\/prefeitura-de-manaus-promove-acao-itinerante-em-tres-zonas-da-cidade\/"},"author":{"name":"Adriana Costa","@id":"https:\/\/www.manaus.am.gov.br\/semtepi\/#\/schema\/person\/4e49f4e267757a06ca072ec61b2b9968"},"headline":"Prefeitura de Manaus promove a\u00e7\u00e3o itinerante em tr\u00eas zonas da cidade","datePublished":"2023-09-21T18:49:07+00:00","dateModified":"2023-09-21T18:49:08+00:00","mainEntityOfPage":{"@id":"https:\/\/www.manaus.am.gov.br\/semtepi\/servicos\/prefeitura-de-manaus-promove-acao-itinerante-em-tres-zonas-da-cidade\/"},"wordCount":307,"publisher":{"@id":"https:\/\/www.manaus.am.gov.br\/semtepi\/#organization"},"image":{"@id":"https:\/\/www.manaus.am.gov.br\/semtepi\/servicos\/prefeitura-de-manaus-promove-acao-itinerante-em-tres-zonas-da-cidade\/#primaryimage"},"thumbnailUrl":"https:\/\/www.manaus.am.gov.br\/semtepi\/wp-content\/uploads\/sites\/20\/2023\/09\/Sine-nos-Bairros-2.jpg","keywords":["A\u00e7\u00e3o Itinerante","prefeitura de manaus","Semtepi","Sine nos Bairros"],"articleSection":["Servi\u00e7os"],"inLanguage":"pt-BR"},{"@type":"WebPage","@id":"https:\/\/www.manaus.am.gov.br\/semtepi\/servicos\/prefeitura-de-manaus-promove-acao-itinerante-em-tres-zonas-da-cidade\/","url":"https:\/\/www.manaus.am.gov.br\/semtepi\/servicos\/prefeitura-de-manaus-promove-acao-itinerante-em-tres-zonas-da-cidade\/","name":"Prefeitura de Manaus promove a\u00e7\u00e3o itinerante em tr\u00eas zonas da cidade","isPartOf":{"@id":"https:\/\/www.manaus.am.gov.br\/semtepi\/#website"},"primaryImageOfPage":{"@id":"https:\/\/www.manaus.am.gov.br\/semtepi\/servicos\/prefeitura-de-manaus-promove-acao-itinerante-em-tres-zonas-da-cidade\/#primaryimage"},"image":{"@id":"https:\/\/www.manaus.am.gov.br\/semtepi\/servicos\/prefeitura-de-manaus-promove-acao-itinerante-em-tres-zonas-da-cidade\/#primaryimage"},"thumbnailUrl":"https:\/\/www.manaus.am.gov.br\/semtepi\/wp-content\/uploads\/sites\/20\/2023\/09\/Sine-nos-Bairros-2.jpg","datePublished":"2023-09-21T18:49:07+00:00","dateModified":"2023-09-21T18:49:08+00:00","description":"A Prefeitura de Manaus, por meio da Secretaria Municipal do Trabalho, Empreendedorismo e Inova\u00e7\u00e3o (Semtepi), promover\u00e1, nesta sexta-feira e s\u00e1bado, 22 e 23\/9, quatro a\u00e7\u00f5es itinerantes, que fazem parte do programa \u201cSine nos Bairros\u201d, nos bairros Col\u00f4nia Ant\u00f4nio Aleixo, zona Leste; Tarum\u00e3, Centro-Oeste; Cidade Nova e Alfredo Nascimento, ambos na zona Norte.","breadcrumb":{"@id":"https:\/\/www.manaus.am.gov.br\/semtepi\/servicos\/prefeitura-de-manaus-promove-acao-itinerante-em-tres-zonas-da-cidade\/#breadcrumb"},"inLanguage":"pt-BR","potentialAction":[{"@type":"ReadAction","target":["https:\/\/www.manaus.am.gov.br\/semtepi\/servicos\/prefeitura-de-manaus-promove-acao-itinerante-em-tres-zonas-da-cidade\/"]}]},{"@type":"ImageObject","inLanguage":"pt-BR","@id":"https:\/\/www.manaus.am.gov.br\/semtepi\/servicos\/prefeitura-de-manaus-promove-acao-itinerante-em-tres-zonas-da-cidade\/#primaryimage","url":"https:\/\/www.manaus.am.gov.br\/semtepi\/wp-content\/uploads\/sites\/20\/2023\/09\/Sine-nos-Bairros-2.jpg","contentUrl":"https:\/\/www.manaus.am.gov.br\/semtepi\/wp-content\/uploads\/sites\/20\/2023\/09\/Sine-nos-Bairros-2.jpg","width":4032,"height":3024},{"@type":"BreadcrumbList","@id":"https:\/\/www.manaus.am.gov.br\/semtepi\/servicos\/prefeitura-de-manaus-promove-acao-itinerante-em-tres-zonas-da-cidade\/#breadcrumb","itemListElement":[{"@type":"ListItem","position":1,"name":"Home","item":"https:\/\/www.manaus.am.gov.br\/semtepi\/"},{"@type":"ListItem","position":2,"name":"Prefeitura de Manaus promove a\u00e7\u00e3o itinerante em tr\u00eas zonas da cidade"}]},{"@type":"WebSite","@id":"https:\/\/www.manaus.am.gov.br\/semtepi\/#website","url":"https:\/\/www.manaus.am.gov.br\/semtepi\/","name":"SEMTEPI","description":"Prefeitura de Manaus","publisher":{"@id":"https:\/\/www.manaus.am.gov.br\/semtepi\/#organization"},"alternateName":"Secretaria Municipal do Trabalho, Empreendedorismo e Inova\u00e7\u00e3o","potentialAction":[{"@type":"SearchAction","target":{"@type":"EntryPoint","urlTemplate":"https:\/\/www.manaus.am.gov.br\/semtepi\/?s={search_term_string}"},"query-input":"required name=search_term_string"}],"inLanguage":"pt-BR"},{"@type":"Organization","@id":"https:\/\/www.manaus.am.gov.br\/semtepi\/#organization","name":"Prefeitura Municipal de Manaus","alternateName":"Prefeitura de Manaus","url":"https:\/\/www.manaus.am.gov.br\/semtepi\/","logo":{"@type":"ImageObject","inLanguage":"pt-BR","@id":"https:\/\/www.manaus.am.gov.br\/semtepi\/#\/schema\/logo\/image\/","url":"https:\/\/www.manaus.am.gov.br\/semtepi\/wp-content\/uploads\/sites\/20\/2024\/07\/favicon.png","contentUrl":"https:\/\/www.manaus.am.gov.br\/semtepi\/wp-content\/uploads\/sites\/20\/2024\/07\/favicon.png","width":300,"height":300,"caption":"Prefeitura Municipal de Manaus"},"image":{"@id":"https:\/\/www.manaus.am.gov.br\/semtepi\/#\/schema\/logo\/image\/"}},{"@type":"Person","@id":"https:\/\/www.manaus.am.gov.br\/semtepi\/#\/schema\/person\/4e49f4e267757a06ca072ec61b2b9968","name":"Adriana Costa","image":{"@type":"ImageObject","inLanguage":"pt-BR","@id":"https:\/\/www.manaus.am.gov.br\/semtepi\/#\/schema\/person\/image\/","url":"https:\/\/secure.gravatar.com\/avatar\/576258617ef7194f718179e766d57bd4?s=96&d=mm&r=g","contentUrl":"https:\/\/secure.gravatar.com\/avatar\/576258617ef7194f718179e766d57bd4?s=96&d=mm&r=g","caption":"Adriana Costa"}}]}},"_links":{"self":[{"href":"https:\/\/www.manaus.am.gov.br\/semtepi\/wp-json\/wp\/v2\/posts\/2635"}],"collection":[{"href":"https:\/\/www.manaus.am.gov.br\/semtepi\/wp-json\/wp\/v2\/posts"}],"about":[{"href":"https:\/\/www.manaus.am.gov.br\/semtepi\/wp-json\/wp\/v2\/types\/post"}],"author":[{"embeddable":true,"href":"https:\/\/www.manaus.am.gov.br\/semtepi\/wp-json\/wp\/v2\/users\/23"}],"replies":[{"embeddable":true,"href":"https:\/\/www.manaus.am.gov.br\/semtepi\/wp-json\/wp\/v2\/comments?post=2635"}],"version-history":[{"count":0,"href":"https:\/\/www.manaus.am.gov.br\/semtepi\/wp-json\/wp\/v2\/posts\/2635\/revisions"}],"wp:featuredmedia":[{"embeddable":true,"href":"https:\/\/www.manaus.am.gov.br\/semtepi\/wp-json\/wp\/v2\/media\/2636"}],"wp:attachment":[{"href":"https:\/\/www.manaus.am.gov.br\/semtepi\/wp-json\/wp\/v2\/media?parent=2635"}],"wp:term":[{"taxonomy":"category","embeddable":true,"href":"https:\/\/www.manaus.am.gov.br\/semtepi\/wp-json\/wp\/v2\/categories?post=2635"},{"taxonomy":"post_tag","embeddable":true,"href":"https:\/\/www.manaus.am.gov.br\/semtepi\/wp-json\/wp\/v2\/tags?post=2635"}],"curies":[{"name":"wp","href":"https:\/\/api.w.org\/{rel}","templated":true}]}}