{"id":2631,"date":"2023-09-20T15:56:23","date_gmt":"2023-09-20T19:56:23","guid":{"rendered":"https:\/\/www.manaus.am.gov.br\/semtepi\/sem-categoria\/sine-manaus-oferta-460-vagas-de-emprego-nesta-quinta-feira-21-9\/"},"modified":"2023-09-21T11:33:43","modified_gmt":"2023-09-21T15:33:43","slug":"sine-manaus-oferta-460-vagas-de-emprego-nesta-quinta-feira-21-9","status":"publish","type":"post","link":"https:\/\/www.manaus.am.gov.br\/semtepi\/oportunidade\/sine-manaus-oferta-460-vagas-de-emprego-nesta-quinta-feira-21-9\/","title":{"rendered":"<strong>Sine Manaus oferta 460 vagas de emprego nesta quinta-feira, 21\/9<\/strong>"},"content":{"rendered":"\n<p>A Prefeitura de Manaus, por meio do Sine Manaus, oferta 460 vagas de emprego em v\u00e1rias \u00e1reas de atua\u00e7\u00e3o, nesta quinta-feira, 21\/9,&nbsp;de 8h \u00e0s 16h. O candidato precisa validar a Carteira Digital e Previd\u00eancia Social (CTPS) no aplicativo \u201cCarteira de Trabalho Digital\u201d ou acessar o site&nbsp;<a href=\"http:\/\/gov.br\/trabalho\" target=\"_blank\" rel=\"noreferrer noopener\">http:\/\/gov.br\/trabalho<\/a>&nbsp;e para concorrer \u00e0s vagas, deve acessar o site&nbsp;<a href=\"http:\/\/empregabrasil.mte.gov.br\/\" target=\"_blank\" rel=\"noreferrer noopener\">http:\/\/empregabrasil.mte.gov.br<\/a>&nbsp;para fazer a solicita\u00e7\u00e3o de cadastro.<\/p>\n\n\n\n<p>Para participar da pr\u00e9-sele\u00e7\u00e3o e concorrer a uma das vagas dispon\u00edveis, ou receber orienta\u00e7\u00e3o de cadastro, Carteira de Trabalho Digital e seguro-desemprego, os candidatos devem comparecer a um dos postos do Sine Manaus: na avenida Constantino Nery, n\u00ba 1.272, bairro S\u00e3o Geraldo, zona Centro-Sul; ou no shopping Phelippe Daou, na avenida Camapu\u00e3, n\u00ba 2.939, bairro Cidade de Deus, zona Leste.<\/p>\n\n\n\n<p>A Semtepi informa que o atendimento no posto do shopping Phelippe Daou foi reduzido em virtude de reforma no espa\u00e7o, e orienta os cidad\u00e3os a comparecerem, preferencialmente, ao posto da avenida Constantino Nery.<\/p>\n\n\n\n<p>Os interessados devem estar munidos do comprovante de vacina\u00e7\u00e3o (Covid-19), curr\u00edculo e documentos pessoais (RG, CPF, PIS, CTPS, comprovante de escolaridade e resid\u00eancia). N\u00e3o \u00e9 necess\u00e1rio apresentar c\u00f3pias, somente os documentos originais.<\/p>\n\n\n\n<p><strong>Vagas Novas \u2013 21<\/strong><\/p>\n\n\n\n<p><strong>1 vaga \u2013 Auxiliar de Expedi\u00e7\u00e3o<\/strong><\/p>\n\n\n\n<p>Escolaridade \u2013 ensino m\u00e9dio completo;<\/p>\n\n\n\n<p>Experi\u00eancia \u2013 seis meses na Carteira de Trabalho;<\/p>\n\n\n\n<p>Requisitos obrigat\u00f3rios \u2013 residir nas proximidades do bairro Educandos;<\/p>\n\n\n\n<p>Atividades \u2013 realizar separa\u00e7\u00e3o de materiais; entregar, conferir, organizar e contar mercadorias.<\/p>\n\n\n\n<p>Dispon\u00edvel at\u00e9 21\/9\/2023 ou encerramento da vaga.<\/p>\n\n\n\n<p><strong>4 vagas \u2013 Pedreiro<\/strong><\/p>\n\n\n\n<p>Escolaridade \u2013 ensino fundamental completo;<\/p>\n\n\n\n<p>Experi\u00eancia \u2013 seis meses na Carteira de Trabalho;<\/p>\n\n\n\n<p>Atividades \u2013 realizar montagem, forma, arma\u00e7\u00e3o e concreto vibrado.<\/p>\n\n\n\n<p>Dispon\u00edvel at\u00e9 21\/9\/2023 ou encerramento da vaga.<\/p>\n\n\n\n<p><strong>2 vagas \u2013 Armador de Ferragens<\/strong><\/p>\n\n\n\n<p>Escolaridade \u2013 ensino m\u00e9dio completo;<\/p>\n\n\n\n<p>Experi\u00eancia \u2013 seis meses na Carteira de Trabalho;<\/p>\n\n\n\n<p>Atividades \u2013 realizar montagem e aplica\u00e7\u00e3o de arma\u00e7\u00f5es de funda\u00e7\u00f5es, pilares e vigas, entre outras atividades correlatas.<\/p>\n\n\n\n<p>Dispon\u00edvel at\u00e9 21\/9\/2023 ou encerramento da vaga.<\/p>\n\n\n\n<p><strong>4 vagas \u2013 Bombeiro Hidr\u00e1ulico<\/strong><\/p>\n\n\n\n<p>Escolaridade \u2013 ensino fundamental completo;<\/p>\n\n\n\n<p>Experi\u00eancia \u2013 seis meses na Carteira de Trabalho;<\/p>\n\n\n\n<p>Requisitos obrigat\u00f3rios \u2013 ter experi\u00eancia em rede de esgoto;<\/p>\n\n\n\n<p>Atividades \u2013 operacionalizar projetos de instala\u00e7\u00f5es de tubula\u00e7\u00f5es, definir tra\u00e7ados e dimensionar tubula\u00e7\u00f5es; especificar, quantificar e inspecionar materiais; preparar locais para instala\u00e7\u00f5es, realizar pr\u00e9-montagem e instalar tubula\u00e7\u00f5es.<\/p>\n\n\n\n<p>Dispon\u00edvel at\u00e9 21\/9\/2023 ou encerramento da vaga.<\/p>\n\n\n\n<p><strong>1 vaga \u2013 Auxiliar de Faturamento<\/strong><\/p>\n\n\n\n<p>Escolaridade \u2013 ensino m\u00e9dio completo;<\/p>\n\n\n\n<p>Experi\u00eancia \u2013 n\u00e3o \u00e9 necess\u00e1rio;<\/p>\n\n\n\n<p>Requisitos obrigat\u00f3rios \u2013 ter experi\u00eancia em planilha Excel;<\/p>\n\n\n\n<p>Atividades \u2013 atuar em diversos processos relacionados \u00e0 emiss\u00e3o de notas fiscais e controle de recebimentos da empresa; realizar confer\u00eancia de pedidos, elabora\u00e7\u00e3o de documentos fiscais e controle de contas a receber.<\/p>\n\n\n\n<p>Dispon\u00edvel at\u00e9 21\/9\/2023 ou encerramento da vaga.<\/p>\n\n\n\n<p><strong>2 vagas \u2013 A\u00e7ougueiro<\/strong><\/p>\n\n\n\n<p>Escolaridade \u2013 ensino fundamental completo;<\/p>\n\n\n\n<p>Experi\u00eancia \u2013 seis meses na Carteira de Trabalho;<\/p>\n\n\n\n<p>Atividades \u2013 realizar atividades relacionadas ao recebimento de animais abatidos, sua desossa, prepara\u00e7\u00e3o e conserva\u00e7\u00e3o para a utiliza\u00e7\u00e3o; realizar a desossa e limpeza de carnes vermelhas e brancas, cortes normais e especiais.<\/p>\n\n\n\n<p>Dispon\u00edvel at\u00e9 21\/9\/2023 ou encerramento da vaga.<\/p>\n\n\n\n<p><strong>2 vagas \u2013 Marceneiro<\/strong><\/p>\n\n\n\n<p>Escolaridade \u2013 ensino fundamental completo;<\/p>\n\n\n\n<p>Experi\u00eancia \u2013 seis meses na Carteira de Trabalho;<\/p>\n\n\n\n<p>Requisitos obrigat\u00f3rios \u2013 residir nos bairros Tarum\u00e3, Novo Israel ou Santa Etelvina;<\/p>\n\n\n\n<p>Atividades \u2013 confeccionar e reparar m\u00f3veis e pe\u00e7as e dar-lhes o acabamento requerido, utilizando equipamento adequado e guiando-se por desenhos e especifica\u00e7\u00f5es; analisar a pe\u00e7a a ser fabricada, consultando os desenhos, modelos, especifica\u00e7\u00f5es ou outras instru\u00e7\u00f5es.<\/p>\n\n\n\n<p>Dispon\u00edvel at\u00e9 21\/9\/2023 ou encerramento da vaga.<\/p>\n\n\n\n<p><strong>1 vaga \u2013 Jardineiro<\/strong><\/p>\n\n\n\n<p>Escolaridade \u2013 ensino fundamental completo;<\/p>\n\n\n\n<p>Experi\u00eancia \u2013 seis meses na Carteira de Trabalho;<\/p>\n\n\n\n<p>Atividades \u2013 realizar servi\u00e7os de jardinagem, como poda, plantio, adubagem, conserva\u00e7\u00e3o e limpeza de ambientes externos, em condom\u00ednios industriais, residenciais e comerciais.<\/p>\n\n\n\n<p>Dispon\u00edvel at\u00e9 21\/9\/2023 ou encerramento da vaga.<\/p>\n\n\n\n<p><strong>1 vaga \u2013 Art\u00edfice de Manuten\u00e7\u00e3o<\/strong><\/p>\n\n\n\n<p>Escolaridade \u2013 ensino fundamental completo;<\/p>\n\n\n\n<p>Experi\u00eancia \u2013 seis meses na Carteira de Trabalho;<\/p>\n\n\n\n<p>Requisitos obrigat\u00f3rios \u2013 ter cursos de NR-10 e NR-35 atualizados;<\/p>\n\n\n\n<p>Atividades \u2013 identificar instala\u00e7\u00f5es hidro sanit\u00e1rias, esgoto a v\u00e1cuo e aquecedores a g\u00e1s; executar instala\u00e7\u00f5es hidrossanit\u00e1rias e de esgoto a v\u00e1cuo em PVC, CPVC, cobre e ferro, e de bombas do sistema hidro sanit\u00e1rio e esgoto a v\u00e1cuo; montar, instalar e reparar circuitos el\u00e9tricos de baixa tens\u00e3o em geral; consertar motores de bombas; avaliar e instalar equipamentos el\u00e9tricos; realizar manuten\u00e7\u00e3o preventiva em subesta\u00e7\u00f5es de m\u00e9dia tens\u00e3o; realizar testes para identificar e localizar defeitos na instala\u00e7\u00e3o e no funcionamento dos equipamentos; realizar inspe\u00e7\u00f5es rotineiras com elabora\u00e7\u00e3o de relat\u00f3rios; realizar outras atribui\u00e7\u00f5es inerentes \u00e0 fun\u00e7\u00e3o; desej\u00e1vel ter conhecimento em el\u00e9trica, hidr\u00e1ulica e alvenaria.<\/p>\n\n\n\n<p>Dispon\u00edvel at\u00e9 21\/9\/2023 ou encerramento da vaga.<\/p>\n\n\n\n<p><strong>1 vaga \u2013 Auxiliar Administrativo<\/strong><\/p>\n\n\n\n<p>Escolaridade \u2013 ensino m\u00e9dio completo;<\/p>\n\n\n\n<p>Experi\u00eancia \u2013 seis meses na Carteira de Trabalho;<\/p>\n\n\n\n<p>Requisitos obrigat\u00f3rios \u2013 ter experi\u00eancia com recebimento de notas fiscais e curso de Inform\u00e1tica b\u00e1sica;<\/p>\n\n\n\n<p>Atividades \u2013 executar servi\u00e7os de apoio nas \u00e1reas de recursos humanos, administra\u00e7\u00e3o, finan\u00e7as e log\u00edstica; atender fornecedores e clientes; fornecer e receber informa\u00e7\u00f5es sobre produtos e servi\u00e7os; gerenciar documentos variados, cumprindo todo o procedimento necess\u00e1rio; preparar relat\u00f3rios e planilhas; executar servi\u00e7os gerais de escrit\u00f3rios.<\/p>\n\n\n\n<p>Dispon\u00edvel at\u00e9 21\/9\/2023 ou encerramento da vaga.<\/p>\n\n\n\n<p><strong>1 vaga \u2013 Recepcionista<\/strong><\/p>\n\n\n\n<p>Escolaridade \u2013 ensino m\u00e9dio completo;<\/p>\n\n\n\n<p>Experi\u00eancia \u2013 seis meses na Carteira de Trabalho;<\/p>\n\n\n\n<p>Atividades \u2013 receber clientes na entrada; prestar informa\u00e7\u00f5es aos clientes sobre os servi\u00e7os por telefone, e-mail ou presencialmente.<\/p>\n\n\n\n<p>Dispon\u00edvel at\u00e9 21\/9\/2023 ou encerramento da vaga.<\/p>\n\n\n\n<p><strong>1 vaga \u2013 Esteticista<\/strong><\/p>\n\n\n\n<p>Escolaridade \u2013 ensino m\u00e9dio completo;<\/p>\n\n\n\n<p>Experi\u00eancia \u2013 seis meses na Carteira de Trabalho;<\/p>\n\n\n\n<p>Atividades \u2013 atuar no tratamento de embelezamento corporal, facial e capilar, como limpeza de pele, hidrata\u00e7\u00e3o, massagens, drenagem linf\u00e1tica e aplica\u00e7\u00e3o de cosm\u00e9ticos.<\/p>\n\n\n\n<p>Dispon\u00edvel at\u00e9 21\/9\/2023 ou encerramento da vaga.<\/p>\n\n\n\n<p><strong>Vagas no Com\u00e9rcio \u2013 119<\/strong><\/p>\n\n\n\n<p><strong>2 vagas \u2013 Gerente de Loja<\/strong><\/p>\n\n\n\n<p>Escolaridade \u2013 ensino m\u00e9dio completo ou superior completo ou cursando;<\/p>\n\n\n\n<p>Experi\u00eancia \u2013 seis meses na Carteira de Trabalho;<\/p>\n\n\n\n<p>Requisitos obrigat\u00f3rios \u2013 ter disponibilidade de hor\u00e1rio e conhecimento b\u00e1sico em maquiagem\/cosm\u00e9ticos;<\/p>\n\n\n\n<p>Atividades \u2013 atuar na gest\u00e3o de pessoas, vendas e metas, abertura e fechamento de loja e caixa, e recrutamento e sele\u00e7\u00e3o de colaboradores; desej\u00e1vel ter conhecimento em planilha Excel.<\/p>\n\n\n\n<p>Dispon\u00edvel at\u00e9 21\/9\/2023 ou encerramento da vaga.<\/p>\n\n\n\n<p><strong>1 vaga \u2013 Auxiliar de Compras<\/strong><\/p>\n\n\n\n<p>Escolaridade \u2013 ensino m\u00e9dio completo;<\/p>\n\n\n\n<p>Experi\u00eancia \u2013 seis meses na Carteira de Trabalho;<\/p>\n\n\n\n<p>Atividades \u2013 executar servi\u00e7os de apoio nas \u00e1reas de administra\u00e7\u00e3o, compras e log\u00edstica; atender fornecedores e clientes, fornecendo e recebendo informa\u00e7\u00f5es sobre produtos e servi\u00e7os; gerenciar documentos variados, cumprindo todo o procedimento necess\u00e1rio referente aos mesmos; atuar na \u00e1rea de capta\u00e7\u00e3o de recursos, planejando e implementando estrat\u00e9gias de capta\u00e7\u00e3o e contato com doadores e parceiros.<\/p>\n\n\n\n<p>Dispon\u00edvel at\u00e9 21\/9\/2023 ou encerramento da vaga.<\/p>\n\n\n\n<p><strong>1 vaga \u2013 Repositor de Mercadorias<\/strong><\/p>\n\n\n\n<p>Escolaridade \u2013 ensino m\u00e9dio completo;<\/p>\n\n\n\n<p>Experi\u00eancia \u2013 seis meses na Carteira de Trabalho;<\/p>\n\n\n\n<p>Requisitos obrigat\u00f3rios \u2013 residir nas proximidades do bairro L\u00edrio do Vale e adjac\u00eancias;<\/p>\n\n\n\n<p>Atividades \u2013 realizar organiza\u00e7\u00e3o e layout de produtos; verificar validade de produtos; entre outras atividades.<\/p>\n\n\n\n<p>Dispon\u00edvel at\u00e9 21\/9\/2023 ou encerramento da vaga.<\/p>\n\n\n\n<p><strong>20 vagas \u2013 Operador de Caixa<\/strong><\/p>\n\n\n\n<p>Escolaridade &#8211; ensino m\u00e9dio completo;<\/p>\n\n\n\n<p>Experi\u00eancia \u2013 seis meses na Carteira de Trabalho;<\/p>\n\n\n\n<p>Requisitos obrigat\u00f3rios \u2013 ter curso de Inform\u00e1tica b\u00e1sica;<\/p>\n\n\n\n<p>Atividades \u2013 prestar atendimento ao cliente; fazer abertura e fechamento de caixa, processar e receber pagamentos e emitir notas fiscais.<\/p>\n\n\n\n<p>Dispon\u00edvel at\u00e9 21\/9\/2023 ou encerramento da vaga.<\/p>\n\n\n\n<p><strong>40 vagas \u2013 Vendedor Interno<\/strong><\/p>\n\n\n\n<p>Escolaridade \u2013 ensino m\u00e9dio completo;<\/p>\n\n\n\n<p>Experi\u00eancia \u2013 seis meses na Carteira de Trabalho;<\/p>\n\n\n\n<p>Requisitos obrigat\u00f3rios \u2013 ter curso de Inform\u00e1tica b\u00e1sica; saber trabalhar em equipe; ter habilidade com redes sociais; ter iniciativa e intelig\u00eancia emocional; ser \u00e1gil, organizado e comunicativo.<\/p>\n\n\n\n<p>Dispon\u00edvel at\u00e9 21\/9\/2023 ou encerramento da vaga.<\/p>\n\n\n\n<p><strong>25 vagas \u2013 Repositor de Mercadorias<\/strong><\/p>\n\n\n\n<p>Escolaridade \u2013 ensino m\u00e9dio completo;<\/p>\n\n\n\n<p>Experi\u00eancia \u2013 seis meses na Carteira de Trabalho;<\/p>\n\n\n\n<p>Requisitos obrigat\u00f3rios \u2013 ter curso de Inform\u00e1tica b\u00e1sica; saber trabalhar em equipe; ter iniciativa, intelig\u00eancia emocional e senso de urg\u00eancia; ser \u00e1gil e organizado.<\/p>\n\n\n\n<p>Dispon\u00edvel at\u00e9 21\/9\/2023 ou encerramento da vaga.<\/p>\n\n\n\n<p><strong>1 vaga \u2013 Auxiliar de Departamento Pessoal<\/strong><\/p>\n\n\n\n<p>Escolaridade \u2013 ensino superior completo em administra\u00e7\u00e3o ou \u00e1reas afins;<\/p>\n\n\n\n<p>Experi\u00eancia \u2013 seis meses na Carteira de Trabalho;<\/p>\n\n\n\n<p>Atividades \u2013 atuar como um suporte ao setor, realizando tarefas mais operacionais e burocr\u00e1ticas, como escanear e tramitar documentos de admiss\u00e3o e demiss\u00e3o, realizar homologa\u00e7\u00f5es e preencher dados em planilhas.<\/p>\n\n\n\n<p>Dispon\u00edvel at\u00e9 21\/9\/2023 ou encerramento da vaga.<\/p>\n\n\n\n<p><strong>10 vagas \u2013 Vendedor de Com\u00e9rcio Varejista<\/strong><\/p>\n\n\n\n<p>Escolaridade \u2013 ensino m\u00e9dio completo;<\/p>\n\n\n\n<p>Experi\u00eancia \u2013 tr\u00eas meses na Carteira de Trabalho;<\/p>\n\n\n\n<p>Requisitos obrigat\u00f3rios \u2013 ter disponibilidade de hor\u00e1rio; experi\u00eancia na \u00e1rea de vendas de varejo e atacado e com atendimento ao cliente;<\/p>\n\n\n\n<p>Atividades \u2013 recepcionar clientes na entrada da loja; ajudar clientes na escolha dos produtos e informar sobre pre\u00e7os e ofertas especiais; identificar as necessidades do cliente e recomendar produtos; garantir a apresenta\u00e7\u00e3o adequada dos produtos nas prateleiras.<\/p>\n\n\n\n<p>Dispon\u00edvel at\u00e9 21\/9\/2023 ou encerramento da vaga.<\/p>\n\n\n\n<p><strong>5 vagas \u2013 Fiscal de Loja<\/strong><\/p>\n\n\n\n<p>Escolaridade \u2013 ensino m\u00e9dio completo;<\/p>\n\n\n\n<p>Experi\u00eancia \u2013 seis meses na Carteira de Trabalho;<\/p>\n\n\n\n<p>Atividades \u2013 monitorar loja; dar suporte aos demais colaboradores e no atendimento ao cliente; fiscalizar a entrada e sa\u00edda de funcion\u00e1rios e clientes da loja; participar de auditorias no recebimento de mercadorias dos fornecedores; realizar revis\u00e3o das mercadorias enviadas para descarte; desej\u00e1vel ter cursos de Fiscal de Loja e Atendimento ao Cliente.<\/p>\n\n\n\n<p>Dispon\u00edvel at\u00e9 21\/9\/2023 ou encerramento da vaga.<\/p>\n\n\n\n<p><strong>1 vaga \u2013 Auxiliar de Estoque<\/strong><\/p>\n\n\n\n<p>Escolaridade \u2013 ensino m\u00e9dio completo;<\/p>\n\n\n\n<p>Experi\u00eancia \u2013 seis meses na Carteira de Trabalho;<\/p>\n\n\n\n<p>Atividades \u2013 prestar aux\u00edlio em v\u00e1rios fluxos existentes no estoque, desde o recebimento de mercadorias at\u00e9 a expedi\u00e7\u00e3o para atender a pedidos; receber mercadorias e realizar a confer\u00eancia dos lotes para verificar se a entrega est\u00e1 correta.<\/p>\n\n\n\n<p>Dispon\u00edvel at\u00e9 21\/9\/2023 ou encerramento da vaga.<\/p>\n\n\n\n<p><strong>1 vaga \u2013 Motorista de Caminh\u00e3o<\/strong><\/p>\n\n\n\n<p>Escolaridade \u2013 ensino fundamental completo;<\/p>\n\n\n\n<p>Experi\u00eancia \u2013 seis meses na Carteira de Trabalho;<\/p>\n\n\n\n<p>Requisitos obrigat\u00f3rios \u2013 ter Carteira Nacional de Habilita\u00e7\u00e3o categoria \u201cD\u201d dentro do prazo de validade;<\/p>\n\n\n\n<p>Atividades \u2013 dirigir e manobrar ve\u00edculos; transportar pessoas, cargas ou valores; realizar verifica\u00e7\u00f5es e manuten\u00e7\u00f5es b\u00e1sicas do ve\u00edculo.<\/p>\n\n\n\n<p>Dispon\u00edvel at\u00e9 21\/9\/2023 ou encerramento da vaga.<\/p>\n\n\n\n<p><strong>5 vagas \u2013 Fiscal de Loja<\/strong><\/p>\n\n\n\n<p>Escolaridade \u2013 ensino m\u00e9dio completo;<\/p>\n\n\n\n<p>Experi\u00eancia \u2013 tr\u00eas meses na Carteira de Trabalho;<\/p>\n\n\n\n<p>Requisitos obrigat\u00f3rios \u2013 ter curso de Fiscal de Loja, disponibilidade de hor\u00e1rio e experi\u00eancia no com\u00e9rcio;<\/p>\n\n\n\n<p>Atividades \u2013 fiscalizar a entrada e sa\u00edda de clientes, funcion\u00e1rios e mercadorias em lojas; identificar movimentos de pessoas suspeitas. fiscalizar e cumprir as normas de seguran\u00e7a e procedimentos da loja.<\/p>\n\n\n\n<p>Dispon\u00edvel at\u00e9 21\/9\/2023 ou encerramento da vaga.<\/p>\n\n\n\n<p><strong>1 vaga \u2013 Costureiro<\/strong><\/p>\n\n\n\n<p>Escolaridade \u2013 ensino m\u00e9dio completo;<\/p>\n\n\n\n<p>Experi\u00eancia \u2013 seis meses na Carteira de Trabalho;<\/p>\n\n\n\n<p>Atividades \u2013 organizar o local de trabalho; preparar m\u00e1quinas e amostras de costura; operar m\u00e1quinas de costura na montagem em s\u00e9rie de pe\u00e7as do vestu\u00e1rio, em conformidade com normas e procedimentos t\u00e9cnicos de qualidade, seguran\u00e7a, meio ambiente e sa\u00fade.<\/p>\n\n\n\n<p>Dispon\u00edvel at\u00e9 21\/9\/2023 ou encerramento da vaga.<\/p>\n\n\n\n<p><strong>1 vaga \u2013 Vendedor Externo<\/strong><\/p>\n\n\n\n<p>Escolaridade \u2013 ensino m\u00e9dio completo;<\/p>\n\n\n\n<p>Experi\u00eancia \u2013 registrada na Carteira de Trabalho;<\/p>\n\n\n\n<p>Atividades \u2013 mapear oportunidades de neg\u00f3cios; elaborar e apresentar propostas comerciais; organizar pedidos e acompanhar entrega de produtos; negociar pre\u00e7os e prazos, redigir contratos e realizar visitas de p\u00f3s-venda.<\/p>\n\n\n\n<p>Dispon\u00edvel at\u00e9 21\/9\/2023 ou encerramento da vaga.<\/p>\n\n\n\n<p><strong>1 vaga \u2013 Vendedor Interno&nbsp;<\/strong><\/p>\n\n\n\n<p>Escolaridade \u2013 ensino m\u00e9dio completo;<\/p>\n\n\n\n<p>Experi\u00eancia \u2013 seis meses na Carteira de Trabalho;<\/p>\n\n\n\n<p>Atividades \u2013 realizar atendimento a clientes; negociar pre\u00e7os, prazos, condi\u00e7\u00f5es de pagamento e descontos da venda; orientar quanto \u00e0s especifica\u00e7\u00f5es dos produtos e servi\u00e7os; controlar os pedidos dos clientes, a qualidade dos produtos e o prazo de entrega estabelecido.<\/p>\n\n\n\n<p>Dispon\u00edvel at\u00e9 21\/9\/2023 ou encerramento da vaga.<\/p>\n\n\n\n<p><strong>1 vaga \u2013 Analista Administrativo<\/strong><\/p>\n\n\n\n<p>Escolaridade \u2013 ensino superior completo ou cursando os \u00faltimos per\u00edodos de administra\u00e7\u00e3o, economia, marketing ou comunica\u00e7\u00e3o;<\/p>\n\n\n\n<p>Experi\u00eancia \u2013 registrada na Carteira de Trabalho;<\/p>\n\n\n\n<p>Requisitos obrigat\u00f3rios \u2013 ter curso de Inform\u00e1tica avan\u00e7ada com experi\u00eancia e pr\u00e1tica em planilha (Excel), habilidade em atendimento e negocia\u00e7\u00e3o com fornecedores;<\/p>\n\n\n\n<p>Atividades \u2013 prospectar, pesquisar e levantar informa\u00e7\u00f5es sobre clientes em potencial; acompanhar a atua\u00e7\u00e3o da concorr\u00eancia; participar de reuni\u00f5es do segmento; trabalhar em conjunto com as \u00e1reas de atendimento ao cliente e suporte t\u00e9cnico; supervisionar metas e indicadores de desempenho; elaborar propostas comerciais e relat\u00f3rios mensais com os resultados da \u00e1rea; detectar expectativas e necessidades; estabelecer estrat\u00e9gias e a\u00e7\u00f5es para cada cliente em potencial; supervisionar e coordenar contas e oportunidades de venda de novos produtos e servi\u00e7os; sugerir melhorias dos servi\u00e7os de atendimento a clientes; negociar e gerenciar renova\u00e7\u00f5es contratuais.<\/p>\n\n\n\n<p>Dispon\u00edvel at\u00e9 21\/9\/2023 ou encerramento da vaga.<\/p>\n\n\n\n<p><strong>3 vagas \u2013 Auxiliar T\u00e9cnico de Refrigera\u00e7\u00e3o<\/strong><\/p>\n\n\n\n<p>Escolaridade \u2013 ensino t\u00e9cnico em refrigera\u00e7\u00e3o completo;<\/p>\n\n\n\n<p>Experi\u00eancia \u2013 seis meses na Carteira de Trabalho;<\/p>\n\n\n\n<p>Requisitos obrigat\u00f3rios \u2013 ter experi\u00eancia em manuten\u00e7\u00e3o em geral de ar-condicionado e bebedouros industriais;<\/p>\n\n\n\n<p>Atividades \u2013 auxiliar na instala\u00e7\u00e3o, manuten\u00e7\u00e3o preventiva e corretiva de sistemas de refrigera\u00e7\u00e3o e ventila\u00e7\u00e3o; montar tubula\u00e7\u00f5es, avaliar o dimensionamento de locais para instala\u00e7\u00e3o de equipamento e realizar testes finais nos equipamentos.<\/p>\n\n\n\n<p>Dispon\u00edvel at\u00e9 21\/9\/2023 ou encerramento da vaga.<\/p>\n\n\n\n<p><strong>Vagas na Ind\u00fastria \u2013 102<\/strong><\/p>\n\n\n\n<p><strong>2 vagas \u2013 Auxiliar de Contabilidade<\/strong><\/p>\n\n\n\n<p>Escolaridade \u2013 ensino superior em contabilidade completo;<\/p>\n\n\n\n<p>Experi\u00eancia \u2013 seis meses na Carteira de Trabalho;<\/p>\n\n\n\n<p>Requisitos obrigat\u00f3rios \u2013 residir nos bairros Lago Azul, Tarum\u00e3, Manoa, Nova Cidade, Monte das Oliveiras, Col\u00f4nia Terra Nova, Santa Etelvina, Uni\u00e3o da Vit\u00f3ria ou Jo\u00e3o Paulo;<\/p>\n\n\n\n<p>Atividades \u2013 prestar assist\u00eancia cont\u00e1bil e administrativa ao departamento de contabilidade; digitar com precis\u00e3o e preparar e manter documentos e registros cont\u00e1beis; preparar dep\u00f3sitos banc\u00e1rios, lan\u00e7amentos cont\u00e1beis e demonstrativos.<\/p>\n\n\n\n<p>Dispon\u00edvel at\u00e9 21\/9\/2023 ou encerramento da vaga.<\/p>\n\n\n\n<p><strong>100 vagas \u2013 Auxiliar Operacional<\/strong><\/p>\n\n\n\n<p>Escolaridade \u2013 ensino m\u00e9dio completo;<\/p>\n\n\n\n<p>Experi\u00eancia \u2013 n\u00e3o \u00e9 necess\u00e1rio;<\/p>\n\n\n\n<p>Requisitos obrigat\u00f3rios \u2013 vaga direcionada a candidatos que buscam novos desafios, com atua\u00e7\u00e3o na cidade de V\u00e1rzea Grande (MT);<\/p>\n\n\n\n<p>Atividades \u2013 respons\u00e1vel por executar atividades operacionais em setores de apoio ou produ\u00e7\u00e3o de frios, visando garantir a manuten\u00e7\u00e3o, organiza\u00e7\u00e3o, limpeza ou opera\u00e7\u00e3o de atividades na unidade.<\/p>\n\n\n\n<p>Dispon\u00edvel at\u00e9 21\/9\/2023 ou encerramento da vaga.<\/p>\n\n\n\n<p><strong>Vagas em Servi\u00e7os \u2013 197<\/strong><\/p>\n\n\n\n<p><strong>1 vaga \u2013 Motorista Carreteiro<\/strong><\/p>\n\n\n\n<p>Escolaridade \u2013 ensino m\u00e9dio completo;<\/p>\n\n\n\n<p>Experi\u00eancia \u2013 registrada na Carteira de Trabalho;<\/p>\n\n\n\n<p>Requisitos obrigat\u00f3rios \u2013 ter Carteira Nacional de Habilita\u00e7\u00e3o categoria \u201cAE\u201d; cursos de Mopp e dire\u00e7\u00e3o defensiva; no\u00e7\u00f5es b\u00e1sicas em mec\u00e2nica;<\/p>\n\n\n\n<p>Atividades \u2013 transportar produtos acabados e mat\u00e9rias-primas para f\u00e1bricas ou centros de varejo e distribui\u00e7\u00e3o; inspecionar ve\u00edculos quanto a itens mec\u00e2nicos e problemas de seguran\u00e7a e realizar a manuten\u00e7\u00e3o preventiva; planejar rotas e cumprir os hor\u00e1rios de entrega.<\/p>\n\n\n\n<p>Dispon\u00edvel at\u00e9 21\/9\/2023 ou encerramento da vaga.<\/p>\n\n\n\n<p><strong>3 vagas \u2013 Mec\u00e2nico de Refrigera\u00e7\u00e3o<\/strong><\/p>\n\n\n\n<p>Escolaridade \u2013 ensino m\u00e9dio completo;<\/p>\n\n\n\n<p>Experi\u00eancia \u2013 seis meses na Carteira de Trabalho;<\/p>\n\n\n\n<p>Atividades \u2013 montar, instalar e colocar em funcionamento equipamentos de refrigera\u00e7\u00e3o e ar-condicionado residencial e comercial, realizando an\u00e1lises, ajustes de performance, detectando e corrigindo falhas de origem el\u00e9trica e mec\u00e2nica, entre outras atividades correlatas.<\/p>\n\n\n\n<p>Dispon\u00edvel at\u00e9 21\/9\/2023 ou encerramento da vaga.<\/p>\n\n\n\n<p><strong>4 vagas \u2013 Motorista de \u00d4nibus<\/strong><\/p>\n\n\n\n<p>Escolaridade \u2013 ensino fundamental completo;<\/p>\n\n\n\n<p>Experi\u00eancia \u2013 registrada na Carteira de Trabalho;<\/p>\n\n\n\n<p>Requisitos obrigat\u00f3rios \u2013 ter Carteira Nacional de Habilita\u00e7\u00e3o categoria \u201cD\u201d ou \u201cE\u201d dentro do prazo de validade, curso de Transporte de Passageiros (atualizado), disponibilidade para viagens e trabalho em regime de escala 12&#215;8;<\/p>\n\n\n\n<p>Atividades \u2013 realizar transporte de passageiros.<\/p>\n\n\n\n<p>Dispon\u00edvel at\u00e9 21\/9\/2023 ou encerramento da vaga.<\/p>\n\n\n\n<p><strong>1 vaga \u2013 Borracheiro<\/strong><\/p>\n\n\n\n<p>Escolaridade \u2013 ensino m\u00e9dio completo;<\/p>\n\n\n\n<p>Experi\u00eancia \u2013 seis meses na Carteira de Trabalho;<\/p>\n\n\n\n<p>Requisitos obrigat\u00f3rios \u2013 ter cursos na \u00e1rea de manuten\u00e7\u00e3o;<\/p>\n\n\n\n<p>Atividades \u2013 executar servi\u00e7os de troca, reposi\u00e7\u00e3o, conserto, montagem e desmontagem de pneus, c\u00e2maras e assemelhados que a fun\u00e7\u00e3o recomendar e lhe for determinado pela chefia; realizar lubrifica\u00e7\u00e3o de ve\u00edculos e equipamentos.<\/p>\n\n\n\n<p>Dispon\u00edvel at\u00e9 21\/9\/2023 ou encerramento da vaga.<\/p>\n\n\n\n<p><strong>1 vaga \u2013 Mec\u00e2nico L\u00edder<\/strong><\/p>\n\n\n\n<p>Escolaridade \u2013 ensino t\u00e9cnico em manuten\u00e7\u00e3o completo;<\/p>\n\n\n\n<p>Experi\u00eancia \u2013 seis meses na Carteira de Trabalho;<\/p>\n\n\n\n<p>Requisitos obrigat\u00f3rios \u2013 ter cursos extensivos na \u00e1rea de manuten\u00e7\u00e3o de ve\u00edculos;<\/p>\n\n\n\n<p>Atividades \u2013 liderar equipe nas rotinas de manuten\u00e7\u00e3o, montagem e instala\u00e7\u00e3o de m\u00e1quinas, componentes e equipamentos; ter cursos de Inform\u00e1tica b\u00e1sica e NR-12 ser\u00e1 um diferencial.<\/p>\n\n\n\n<p>Dispon\u00edvel at\u00e9 21\/9\/2023 ou encerramento da vaga.<\/p>\n\n\n\n<p><strong>50 vagas \u2013 Pintor de Obras<\/strong><\/p>\n\n\n\n<p>Escolaridade \u2013 ensino fundamental incompleto;<\/p>\n\n\n\n<p>Experi\u00eancia \u2013 seis meses na Carteira de Trabalho ou experi\u00eancia avulsa;<\/p>\n\n\n\n<p>Atividades \u2013 fazer revestimentos em paredes, pisos, muros e outras partes de constru\u00e7\u00f5es com ladrilhos, pastilhas, cer\u00e2micas ou material similar.<\/p>\n\n\n\n<p>Dispon\u00edvel at\u00e9 21\/9\/2023 ou encerramento da vaga.<\/p>\n\n\n\n<p><strong>50 vagas \u2013 Azulejista<\/strong><\/p>\n\n\n\n<p>Escolaridade \u2013 ensino fundamental completo;<\/p>\n\n\n\n<p>Experi\u00eancia \u2013 seis meses na Carteira de Trabalho ou experi\u00eancia avulsa;<\/p>\n\n\n\n<p>Atividades \u2013 planejar o trabalho e preparar o local de trabalho; estabelecer os pontos de refer\u00eancia dos revestimentos e executar revestimentos em paredes, pavimentos, muros e outras partes de edifica\u00e7\u00f5es com ladrilhos, pastilhas, m\u00e1rmores, granitos, ard\u00f3sia ou material similar, tacos e t\u00e1buas de madeira; fazer polimento e lustrar revestimentos.<\/p>\n\n\n\n<p>Dispon\u00edvel at\u00e9 21\/9\/2023 ou encerramento da vaga.<\/p>\n\n\n\n<p><strong>30 vagas \u2013 Pedreiro<\/strong><\/p>\n\n\n\n<p>Escolaridade \u2013 ensino fundamental incompleto;<\/p>\n\n\n\n<p>Experi\u00eancia \u2013 seis meses na Carteira de Trabalho ou experi\u00eancia avulsa;<\/p>\n\n\n\n<p>Atividades \u2013 organizar e preparar o local de trabalho na obra; construir funda\u00e7\u00f5es e estruturas de alvenaria, aplicar revestimentos e contrapisos.<\/p>\n\n\n\n<p>Dispon\u00edvel at\u00e9 21\/9\/2023 ou encerramento da vaga.<\/p>\n\n\n\n<p><strong>3 vagas \u2013 Frentista<\/strong><\/p>\n\n\n\n<p>Escolaridade \u2013 ensino fundamental completo;<\/p>\n\n\n\n<p>Experi\u00eancia \u2013 seis meses na Carteira de Trabalho;<\/p>\n\n\n\n<p>Requisitos obrigat\u00f3rios \u2013 ter experi\u00eancia com abastecimento fluvial; \u00e9 necess\u00e1rio que o candidato saiba nadar;<\/p>\n\n\n\n<p>Atividades \u2013 abastecer ve\u00edculos; prestar atendimento a clientes; auxiliar com o pagamento dos servi\u00e7os prestados; ajudar na limpeza e manuten\u00e7\u00e3o de ve\u00edculos.<\/p>\n\n\n\n<p>Dispon\u00edvel at\u00e9 21\/9\/2023 ou encerramento da vaga.<\/p>\n\n\n\n<p><strong>1 vaga \u2013 Oficial de Manuten\u00e7\u00e3o<\/strong><\/p>\n\n\n\n<p>Escolaridade \u2013 ensino m\u00e9dio completo;<\/p>\n\n\n\n<p>Experi\u00eancia \u2013 seis meses na Carteira de Trabalho;<\/p>\n\n\n\n<p>Requisitos obrigat\u00f3rios \u2013 ter cursos de NR-10 e NR-35 atualizados; experi\u00eancia em manuten\u00e7\u00e3o predial, como telhado (instala\u00e7\u00e3o e corre\u00e7\u00e3o), hidr\u00e1ulica (instala\u00e7\u00e3o e manuten\u00e7\u00e3o corretiva), alvenaria, assentamento de cer\u00e2micas e pintura (lixamento e pintura em geral);<\/p>\n\n\n\n<p>Atividades \u2013 cuidar da manuten\u00e7\u00e3o, limpeza, e conserva\u00e7\u00e3o do local de trabalho; guardar e controlar todo o material, aparelhos e equipamentos sob sua responsabilidade; auxiliar na conserva\u00e7\u00e3o de edifica\u00e7\u00f5es e equipamentos em geral.<\/p>\n\n\n\n<p>Dispon\u00edvel at\u00e9 21\/9\/2023 ou encerramento da vaga.<\/p>\n\n\n\n<p><strong>40 vagas \u2013 Armador de Estrutura de Concreto<\/strong><\/p>\n\n\n\n<p>Escolaridade \u2013 ensino fundamental completo;<\/p>\n\n\n\n<p>Experi\u00eancia \u2013 seis meses na Carteira de Trabalho;<\/p>\n\n\n\n<p>Requisitos obrigat\u00f3rios \u2013 ter experi\u00eancia em arma\u00e7\u00e3o de estruturas de concreto armado; ter disponibilidade para viagens;<\/p>\n\n\n\n<p>Atividades \u2013 preparar a confec\u00e7\u00e3o de arma\u00e7\u00f5es e estruturas de concreto e de corpos de prova; cortar e dobrar ferragens de lajes; montar e aplicar arma\u00e7\u00f5es de funda\u00e7\u00f5es, pilares e vigas; moldar corpos de prova.<\/p>\n\n\n\n<p>Dispon\u00edvel at\u00e9 21\/9\/2023 ou encerramento da vaga.<\/p>\n\n\n\n<p><strong>5 vagas \u2013 Encarregado de Obras<\/strong><\/p>\n\n\n\n<p>Escolaridade \u2013 ensino m\u00e9dio completo;<\/p>\n\n\n\n<p>Experi\u00eancia \u2013 seis meses na Carteira de Trabalho;<\/p>\n\n\n\n<p>Requisitos obrigat\u00f3rios \u2013 ter experi\u00eancia em arma\u00e7\u00e3o de estruturas de concreto armado; ter disponibilidade para viagens;<\/p>\n\n\n\n<p>Atividades \u2013 supervisionar equipes de trabalhadores da constru\u00e7\u00e3o civil que atuar\u00e3o em usinas de concreto, canteiros de obras civis e ferrovias; elaborar documenta\u00e7\u00e3o t\u00e9cnica e controlar os recursos produtivos da obra (arranjos f\u00edsicos, equipamentos, materiais, insumos e equipes de trabalho); controlar padr\u00f5es produtivos da obra, tais como inspe\u00e7\u00e3o da qualidade dos materiais e insumos utilizados, orienta\u00e7\u00e3o sobre especifica\u00e7\u00e3o, fluxo, movimenta\u00e7\u00e3o dos materiais e medidas de seguran\u00e7a dos locais e equipamentos da obra; administrar o cronograma da obra.<\/p>\n\n\n\n<p>Dispon\u00edvel at\u00e9 21\/9\/2023 ou encerramento da vaga.<\/p>\n\n\n\n<p><strong>1 vaga \u2013 T\u00e9cnico em Seguran\u00e7a do Trabalho<\/strong><\/p>\n\n\n\n<p>Escolaridade \u2013 ensino t\u00e9cnico em seguran\u00e7a do trabalho completo;<\/p>\n\n\n\n<p>Experi\u00eancia \u2013 registrada na Carteira de Trabalho;<\/p>\n\n\n\n<p>Requisitos obrigat\u00f3rios \u2013 ter disponibilidade para viagens caso seja necess\u00e1rio;<\/p>\n\n\n\n<p>Atividades \u2013 analisar a aplica\u00e7\u00e3o de tecnologia e avaliar impacto da ado\u00e7\u00e3o; estabelecer procedimentos seguros e saud\u00e1veis; inspecionar implanta\u00e7\u00e3o; estabelecer formas de controle dos riscos associados; emitir parecer sobre equipamentos, m\u00e1quinas e processos.<\/p>\n\n\n\n<p>Dispon\u00edvel at\u00e9 21\/9\/2023 ou encerramento da vaga.<\/p>\n\n\n\n<p><strong>1 vaga \u2013 Soldador<\/strong><\/p>\n\n\n\n<p>Escolaridade \u2013 ensino m\u00e9dio completo;<\/p>\n\n\n\n<p>Experi\u00eancia \u2013 registrada na Carteira de Trabalho;<\/p>\n\n\n\n<p>Atividades \u2013 unir e cortar pe\u00e7as de ligas met\u00e1licas usando processos de soldagem; preparar equipamentos, acess\u00f3rios, consum\u00edveis de soldagem e corte e pe\u00e7as a serem soldadas.<\/p>\n\n\n\n<p>Dispon\u00edvel at\u00e9 21\/9\/2023 ou encerramento da vaga.<\/p>\n\n\n\n<p><strong>2 vagas \u2013 Pintor de Obras<\/strong><\/p>\n\n\n\n<p>Escolaridade \u2013 ensino m\u00e9dio completo;<\/p>\n\n\n\n<p>Experi\u00eancia \u2013 registrada na Carteira de Trabalho;<\/p>\n\n\n\n<p>Requisitos obrigat\u00f3rios \u2013 ter curso de Inform\u00e1tica b\u00e1sica;<\/p>\n\n\n\n<p>Atividades \u2013 realizar pintura residencial, em apartamentos e pr\u00e9dios; fazer texturas em paredes e pinturas decorativas em m\u00f3veis e paredes; aplicar verniz em portas e janelas de madeira; realizar outros servi\u00e7os relacionados a revestimentos de paredes, tetos, madeiras e outras superf\u00edcies.<\/p>\n\n\n\n<p>Dispon\u00edvel at\u00e9 21\/9\/2023 ou encerramento da vaga.<\/p>\n\n\n\n<p><strong>1 vaga \u2013 Motorista<\/strong><\/p>\n\n\n\n<p>Escolaridade \u2013 ensino m\u00e9dio completo;<\/p>\n\n\n\n<p>Experi\u00eancia \u2013 registrada na Carteira de Trabalho;<\/p>\n\n\n\n<p>Requisitos obrigat\u00f3rios \u2013 ter Carteira Nacional de Habilita\u00e7\u00e3o categoria \u201cAB\u201d dentro do prazo de validade;<\/p>\n\n\n\n<p>Atividades \u2013 dirigir e manobrar ve\u00edculos; transportar pessoas, cargas ou valores; realizar verifica\u00e7\u00f5es e manuten\u00e7\u00f5es b\u00e1sicas do ve\u00edculo.<\/p>\n\n\n\n<p>Dispon\u00edvel at\u00e9 21\/9\/2023 ou encerramento da vaga.<\/p>\n\n\n\n<p><strong>1 vaga \u2013 Eletricista de Instala\u00e7\u00f5es<\/strong><\/p>\n\n\n\n<p>Escolaridade \u2013 ensino m\u00e9dio completo;<\/p>\n\n\n\n<p>Experi\u00eancia \u2013 seis meses na Carteira de Trabalho;<\/p>\n\n\n\n<p>Requisitos obrigat\u00f3rios \u2013 ter habilidade para montagem de Infraestrutura El\u00e9trica (eletrocalha, eletroduto e leitos); certificados de Eletricista Industrial, NR-10 e NR-12 atualizados;<\/p>\n\n\n\n<p>Atividades \u2013 montar, ajustar, instalar, manter e reparar aparelhos e equipamentos el\u00e9tricos.<\/p>\n\n\n\n<p>Dispon\u00edvel at\u00e9 21\/9\/2023 ou encerramento da vaga.<\/p>\n\n\n\n<p><strong>1 vaga \u2013 Eletricista de Rede<\/strong><\/p>\n\n\n\n<p>Escolaridade \u2013 ensino m\u00e9dio completo;<\/p>\n\n\n\n<p>Experi\u00eancia \u2013 seis meses na Carteira de Trabalho;<\/p>\n\n\n\n<p>Requisitos obrigat\u00f3rios \u2013 ter habilidade em montagem de quadro geral, distribui\u00e7\u00e3o e comando, certificados de Eletricista Industrial, NR-10 e NR-12 atualizados;<\/p>\n\n\n\n<p>Atividades \u2013 montar, ajustar, instalar, manter e reparar aparelhos e equipamentos el\u00e9tricos.<\/p>\n\n\n\n<p>Dispon\u00edvel at\u00e9 21\/9\/2023 ou encerramento da vaga.<\/p>\n\n\n\n<p><strong>1 vaga \u2013 Analista de Material<\/strong><\/p>\n\n\n\n<p>Escolaridade \u2013 ensino superior completo em administra\u00e7\u00e3o, log\u00edstica ou \u00e1reas afins;<\/p>\n\n\n\n<p>Experi\u00eancia \u2013 registrada na Carteira de Trabalho;<\/p>\n\n\n\n<p>Atividades \u2013 analisar processos de compras, armazenagem e movimenta\u00e7\u00e3o de materiais; participar na cria\u00e7\u00e3o de m\u00e9todos e processos e no controle da \u00e1rea de Suprimentos, definindo a\u00e7\u00f5es para redu\u00e7\u00e3o de custos.<\/p>\n\n\n\n<p>Dispon\u00edvel at\u00e9 21\/9\/2023 ou encerramento da vaga.<\/p>\n\n\n\n<p><strong>Vagas Exclusivas para Pessoas com Defici\u00eancia (PcD) \u2013 21<\/strong><\/p>\n\n\n\n<p><strong>14 vagas \u2013 Repositor de Mercadorias \u2013 vagas exclusivas para Pessoas com Defici\u00eancia (PcD)<\/strong><\/p>\n\n\n\n<p>Escolaridade \u2013 ensino m\u00e9dio completo;<\/p>\n\n\n\n<p>Experi\u00eancia \u2013 n\u00e3o \u00e9 necess\u00e1rio;<\/p>\n\n\n\n<p>Atividades \u2013 organizar, repor, conservar e precificar os produtos; controlar os n\u00edveis de estoque, solicitando a compra dos materiais necess\u00e1rios.<\/p>\n\n\n\n<p>Dispon\u00edvel at\u00e9 21\/9\/2023 ou encerramento da vaga.<\/p>\n\n\n\n<p><strong>5 vagas \u2013 Repositor de Mercadorias \u2013 vagas exclusivas para Pessoas com Defici\u00eancia (PcD)<\/strong><\/p>\n\n\n\n<p>Escolaridade \u2013 ensino fundamental completo;<\/p>\n\n\n\n<p>Experi\u00eancia \u2013 n\u00e3o \u00e9 necess\u00e1rio;<\/p>\n\n\n\n<p>Atividades \u2013 conduzir clientes at\u00e9 a mercadoria desejada; fracionar, contar, pesar e embalar mercadorias; checar lista de mercadorias em promo\u00e7\u00e3o para planejamento de exposi\u00e7\u00f5es semanais; verificar a necessidade de abastecimento dos produtos promocionais na entrada da loja; realizar o abastecimento das g\u00f4ndolas e manter os produtos frenteados; verificar altera\u00e7\u00f5es de pre\u00e7o na lista de produtos di\u00e1rias e manter local de trabalho limpo e organizado.<\/p>\n\n\n\n<p>Dispon\u00edvel at\u00e9 21\/9\/2023 ou encerramento da vaga.<\/p>\n\n\n\n<p><strong>1 vaga \u2013 Assistente de Vendas \u2013 vaga exclusiva para Pessoa com Defici\u00eancia (PcD)<\/strong><\/p>\n\n\n\n<p>Escolaridade \u2013 ensino m\u00e9dio completo;<\/p>\n\n\n\n<p>Experi\u00eancia \u2013 seis meses na Carteira de Trabalho;<\/p>\n\n\n\n<p>Atividades \u2013 receber e conferir produtos e mercadorias; realizar atendimento a clientes, entre outras atividades correlatas.<\/p>\n\n\n\n<p>Dispon\u00edvel at\u00e9 21\/9\/2023 ou encerramento da vaga.<\/p>\n\n\n\n<p><strong>1 vaga \u2013 Auxiliar Administrativo \u2013 vaga exclusiva para Pessoa com Defici\u00eancia (PcD)<\/strong><\/p>\n\n\n\n<p>Escolaridade \u2013 ensino m\u00e9dio completo;<\/p>\n\n\n\n<p>Experi\u00eancia \u2013 seis meses na Carteira de Trabalho;<\/p>\n\n\n\n<p>Atividades \u2013 executar presta\u00e7\u00e3o de contas e organiza\u00e7\u00e3o de documentos, entre outras atividades correlatas.<\/p>\n\n\n\n<p>Dispon\u00edvel at\u00e9 21\/9\/2023 ou encerramento da vaga.<\/p>\n\n\n\n<p>&#8212; &#8212; &#8212;<\/p>\n\n\n\n<p><strong>Texto \u2013&nbsp;<\/strong>Divulga\u00e7\u00e3o \/ Semtepi<\/p>\n\n\n\n<p><strong>Fotos \u2013&nbsp;<\/strong>Arquivo \/ Semcom<\/p>\n\n\n\n<p><\/p>\n","protected":false},"excerpt":{"rendered":"","protected":false},"author":31,"featured_media":2450,"comment_status":"closed","ping_status":"closed","sticky":false,"template":"","format":"standard","meta":{"footnotes":""},"categories":[5],"tags":[592,11,7,10,12],"acf":[],"yoast_head":"<!-- This site is optimized with the Yoast SEO plugin v23.0 - https:\/\/yoast.com\/wordpress\/plugins\/seo\/ -->\n<title>Sine Manaus oferta 460 vagas de emprego nesta quinta-feira, 21\/9 - SEMTEPI<\/title>\n<meta name=\"robots\" content=\"noindex, follow\" \/>\n<meta property=\"og:locale\" content=\"pt_BR\" \/>\n<meta property=\"og:type\" content=\"article\" \/>\n<meta property=\"og:title\" content=\"Sine Manaus oferta 460 vagas de emprego nesta quinta-feira, 21\/9 - SEMTEPI\" \/>\n<meta property=\"og:url\" content=\"https:\/\/www.manaus.am.gov.br\/semtepi\/oportunidade\/sine-manaus-oferta-460-vagas-de-emprego-nesta-quinta-feira-21-9\/\" \/>\n<meta property=\"og:site_name\" content=\"SEMTEPI\" \/>\n<meta property=\"article:published_time\" content=\"2023-09-20T19:56:23+00:00\" \/>\n<meta property=\"article:modified_time\" content=\"2023-09-21T15:33:43+00:00\" \/>\n<meta property=\"og:image\" content=\"https:\/\/www.manaus.am.gov.br\/semtepi\/wp-content\/uploads\/sites\/20\/2023\/08\/Sine-Manaus-oferta-184-vagas-de-emprego-nesta-segunda-feira-148-1024x683.jpg\" \/>\n\t<meta property=\"og:image:width\" content=\"1024\" \/>\n\t<meta property=\"og:image:height\" content=\"683\" \/>\n\t<meta property=\"og:image:type\" content=\"image\/jpeg\" \/>\n<meta name=\"author\" content=\"Renata Felix\" \/>\n<meta name=\"twitter:card\" content=\"summary_large_image\" \/>\n<meta name=\"twitter:label1\" content=\"Written by\" \/>\n\t<meta name=\"twitter:data1\" content=\"Renata Felix\" \/>\n\t<meta name=\"twitter:label2\" content=\"Est. reading time\" \/>\n\t<meta name=\"twitter:data2\" content=\"20 minutos\" \/>\n<script type=\"application\/ld+json\" class=\"yoast-schema-graph\">{\"@context\":\"https:\/\/schema.org\",\"@graph\":[{\"@type\":\"Article\",\"@id\":\"https:\/\/www.manaus.am.gov.br\/semtepi\/oportunidade\/sine-manaus-oferta-460-vagas-de-emprego-nesta-quinta-feira-21-9\/#article\",\"isPartOf\":{\"@id\":\"https:\/\/www.manaus.am.gov.br\/semtepi\/oportunidade\/sine-manaus-oferta-460-vagas-de-emprego-nesta-quinta-feira-21-9\/\"},\"author\":{\"name\":\"Renata Felix\",\"@id\":\"https:\/\/www.manaus.am.gov.br\/semtepi\/#\/schema\/person\/4eea2a8f78dc853097abb026f728aa06\"},\"headline\":\"Sine Manaus oferta 460 vagas de emprego nesta quinta-feira, 21\/9\",\"datePublished\":\"2023-09-20T19:56:23+00:00\",\"dateModified\":\"2023-09-21T15:33:43+00:00\",\"mainEntityOfPage\":{\"@id\":\"https:\/\/www.manaus.am.gov.br\/semtepi\/oportunidade\/sine-manaus-oferta-460-vagas-de-emprego-nesta-quinta-feira-21-9\/\"},\"wordCount\":4022,\"publisher\":{\"@id\":\"https:\/\/www.manaus.am.gov.br\/semtepi\/#organization\"},\"image\":{\"@id\":\"https:\/\/www.manaus.am.gov.br\/semtepi\/oportunidade\/sine-manaus-oferta-460-vagas-de-emprego-nesta-quinta-feira-21-9\/#primaryimage\"},\"thumbnailUrl\":\"https:\/\/www.manaus.am.gov.br\/semtepi\/wp-content\/uploads\/sites\/20\/2023\/08\/Sine-Manaus-oferta-184-vagas-de-emprego-nesta-segunda-feira-148.jpg\",\"keywords\":[\"21\/9\",\"emprego\",\"oportunidade\",\"sine manaus\",\"vagas\"],\"articleSection\":[\"Oportunidade\"],\"inLanguage\":\"pt-BR\"},{\"@type\":\"WebPage\",\"@id\":\"https:\/\/www.manaus.am.gov.br\/semtepi\/oportunidade\/sine-manaus-oferta-460-vagas-de-emprego-nesta-quinta-feira-21-9\/\",\"url\":\"https:\/\/www.manaus.am.gov.br\/semtepi\/oportunidade\/sine-manaus-oferta-460-vagas-de-emprego-nesta-quinta-feira-21-9\/\",\"name\":\"Sine Manaus oferta 460 vagas de emprego nesta quinta-feira, 21\/9 - SEMTEPI\",\"isPartOf\":{\"@id\":\"https:\/\/www.manaus.am.gov.br\/semtepi\/#website\"},\"primaryImageOfPage\":{\"@id\":\"https:\/\/www.manaus.am.gov.br\/semtepi\/oportunidade\/sine-manaus-oferta-460-vagas-de-emprego-nesta-quinta-feira-21-9\/#primaryimage\"},\"image\":{\"@id\":\"https:\/\/www.manaus.am.gov.br\/semtepi\/oportunidade\/sine-manaus-oferta-460-vagas-de-emprego-nesta-quinta-feira-21-9\/#primaryimage\"},\"thumbnailUrl\":\"https:\/\/www.manaus.am.gov.br\/semtepi\/wp-content\/uploads\/sites\/20\/2023\/08\/Sine-Manaus-oferta-184-vagas-de-emprego-nesta-segunda-feira-148.jpg\",\"datePublished\":\"2023-09-20T19:56:23+00:00\",\"dateModified\":\"2023-09-21T15:33:43+00:00\",\"breadcrumb\":{\"@id\":\"https:\/\/www.manaus.am.gov.br\/semtepi\/oportunidade\/sine-manaus-oferta-460-vagas-de-emprego-nesta-quinta-feira-21-9\/#breadcrumb\"},\"inLanguage\":\"pt-BR\",\"potentialAction\":[{\"@type\":\"ReadAction\",\"target\":[\"https:\/\/www.manaus.am.gov.br\/semtepi\/oportunidade\/sine-manaus-oferta-460-vagas-de-emprego-nesta-quinta-feira-21-9\/\"]}]},{\"@type\":\"ImageObject\",\"inLanguage\":\"pt-BR\",\"@id\":\"https:\/\/www.manaus.am.gov.br\/semtepi\/oportunidade\/sine-manaus-oferta-460-vagas-de-emprego-nesta-quinta-feira-21-9\/#primaryimage\",\"url\":\"https:\/\/www.manaus.am.gov.br\/semtepi\/wp-content\/uploads\/sites\/20\/2023\/08\/Sine-Manaus-oferta-184-vagas-de-emprego-nesta-segunda-feira-148.jpg\",\"contentUrl\":\"https:\/\/www.manaus.am.gov.br\/semtepi\/wp-content\/uploads\/sites\/20\/2023\/08\/Sine-Manaus-oferta-184-vagas-de-emprego-nesta-segunda-feira-148.jpg\",\"width\":5760,\"height\":3840},{\"@type\":\"BreadcrumbList\",\"@id\":\"https:\/\/www.manaus.am.gov.br\/semtepi\/oportunidade\/sine-manaus-oferta-460-vagas-de-emprego-nesta-quinta-feira-21-9\/#breadcrumb\",\"itemListElement\":[{\"@type\":\"ListItem\",\"position\":1,\"name\":\"Home\",\"item\":\"https:\/\/www.manaus.am.gov.br\/semtepi\/\"},{\"@type\":\"ListItem\",\"position\":2,\"name\":\"Sine Manaus oferta 460 vagas de emprego nesta quinta-feira, 21\/9\"}]},{\"@type\":\"WebSite\",\"@id\":\"https:\/\/www.manaus.am.gov.br\/semtepi\/#website\",\"url\":\"https:\/\/www.manaus.am.gov.br\/semtepi\/\",\"name\":\"SEMTEPI\",\"description\":\"Prefeitura de Manaus\",\"publisher\":{\"@id\":\"https:\/\/www.manaus.am.gov.br\/semtepi\/#organization\"},\"alternateName\":\"Secretaria Municipal do Trabalho, Empreendedorismo e Inova\u00e7\u00e3o\",\"potentialAction\":[{\"@type\":\"SearchAction\",\"target\":{\"@type\":\"EntryPoint\",\"urlTemplate\":\"https:\/\/www.manaus.am.gov.br\/semtepi\/?s={search_term_string}\"},\"query-input\":\"required name=search_term_string\"}],\"inLanguage\":\"pt-BR\"},{\"@type\":\"Organization\",\"@id\":\"https:\/\/www.manaus.am.gov.br\/semtepi\/#organization\",\"name\":\"Prefeitura Municipal de Manaus\",\"alternateName\":\"Prefeitura de Manaus\",\"url\":\"https:\/\/www.manaus.am.gov.br\/semtepi\/\",\"logo\":{\"@type\":\"ImageObject\",\"inLanguage\":\"pt-BR\",\"@id\":\"https:\/\/www.manaus.am.gov.br\/semtepi\/#\/schema\/logo\/image\/\",\"url\":\"https:\/\/www.manaus.am.gov.br\/semtepi\/wp-content\/uploads\/sites\/20\/2024\/07\/favicon.png\",\"contentUrl\":\"https:\/\/www.manaus.am.gov.br\/semtepi\/wp-content\/uploads\/sites\/20\/2024\/07\/favicon.png\",\"width\":300,\"height\":300,\"caption\":\"Prefeitura Municipal de Manaus\"},\"image\":{\"@id\":\"https:\/\/www.manaus.am.gov.br\/semtepi\/#\/schema\/logo\/image\/\"}},{\"@type\":\"Person\",\"@id\":\"https:\/\/www.manaus.am.gov.br\/semtepi\/#\/schema\/person\/4eea2a8f78dc853097abb026f728aa06\",\"name\":\"Renata Felix\",\"image\":{\"@type\":\"ImageObject\",\"inLanguage\":\"pt-BR\",\"@id\":\"https:\/\/www.manaus.am.gov.br\/semtepi\/#\/schema\/person\/image\/\",\"url\":\"https:\/\/secure.gravatar.com\/avatar\/3c196cf9d3b837b24c8edb2c50fd8f29?s=96&d=mm&r=g\",\"contentUrl\":\"https:\/\/secure.gravatar.com\/avatar\/3c196cf9d3b837b24c8edb2c50fd8f29?s=96&d=mm&r=g\",\"caption\":\"Renata Felix\"}}]}<\/script>\n<!-- \/ Yoast SEO plugin. -->","yoast_head_json":{"title":"Sine Manaus oferta 460 vagas de emprego nesta quinta-feira, 21\/9 - SEMTEPI","robots":{"index":"noindex","follow":"follow"},"og_locale":"pt_BR","og_type":"article","og_title":"Sine Manaus oferta 460 vagas de emprego nesta quinta-feira, 21\/9 - SEMTEPI","og_url":"https:\/\/www.manaus.am.gov.br\/semtepi\/oportunidade\/sine-manaus-oferta-460-vagas-de-emprego-nesta-quinta-feira-21-9\/","og_site_name":"SEMTEPI","article_published_time":"2023-09-20T19:56:23+00:00","article_modified_time":"2023-09-21T15:33:43+00:00","og_image":[{"width":1024,"height":683,"url":"https:\/\/www.manaus.am.gov.br\/semtepi\/wp-content\/uploads\/sites\/20\/2023\/08\/Sine-Manaus-oferta-184-vagas-de-emprego-nesta-segunda-feira-148-1024x683.jpg","type":"image\/jpeg"}],"author":"Renata Felix","twitter_card":"summary_large_image","twitter_misc":{"Written by":"Renata Felix","Est. reading time":"20 minutos"},"schema":{"@context":"https:\/\/schema.org","@graph":[{"@type":"Article","@id":"https:\/\/www.manaus.am.gov.br\/semtepi\/oportunidade\/sine-manaus-oferta-460-vagas-de-emprego-nesta-quinta-feira-21-9\/#article","isPartOf":{"@id":"https:\/\/www.manaus.am.gov.br\/semtepi\/oportunidade\/sine-manaus-oferta-460-vagas-de-emprego-nesta-quinta-feira-21-9\/"},"author":{"name":"Renata Felix","@id":"https:\/\/www.manaus.am.gov.br\/semtepi\/#\/schema\/person\/4eea2a8f78dc853097abb026f728aa06"},"headline":"Sine Manaus oferta 460 vagas de emprego nesta quinta-feira, 21\/9","datePublished":"2023-09-20T19:56:23+00:00","dateModified":"2023-09-21T15:33:43+00:00","mainEntityOfPage":{"@id":"https:\/\/www.manaus.am.gov.br\/semtepi\/oportunidade\/sine-manaus-oferta-460-vagas-de-emprego-nesta-quinta-feira-21-9\/"},"wordCount":4022,"publisher":{"@id":"https:\/\/www.manaus.am.gov.br\/semtepi\/#organization"},"image":{"@id":"https:\/\/www.manaus.am.gov.br\/semtepi\/oportunidade\/sine-manaus-oferta-460-vagas-de-emprego-nesta-quinta-feira-21-9\/#primaryimage"},"thumbnailUrl":"https:\/\/www.manaus.am.gov.br\/semtepi\/wp-content\/uploads\/sites\/20\/2023\/08\/Sine-Manaus-oferta-184-vagas-de-emprego-nesta-segunda-feira-148.jpg","keywords":["21\/9","emprego","oportunidade","sine manaus","vagas"],"articleSection":["Oportunidade"],"inLanguage":"pt-BR"},{"@type":"WebPage","@id":"https:\/\/www.manaus.am.gov.br\/semtepi\/oportunidade\/sine-manaus-oferta-460-vagas-de-emprego-nesta-quinta-feira-21-9\/","url":"https:\/\/www.manaus.am.gov.br\/semtepi\/oportunidade\/sine-manaus-oferta-460-vagas-de-emprego-nesta-quinta-feira-21-9\/","name":"Sine Manaus oferta 460 vagas de emprego nesta quinta-feira, 21\/9 - SEMTEPI","isPartOf":{"@id":"https:\/\/www.manaus.am.gov.br\/semtepi\/#website"},"primaryImageOfPage":{"@id":"https:\/\/www.manaus.am.gov.br\/semtepi\/oportunidade\/sine-manaus-oferta-460-vagas-de-emprego-nesta-quinta-feira-21-9\/#primaryimage"},"image":{"@id":"https:\/\/www.manaus.am.gov.br\/semtepi\/oportunidade\/sine-manaus-oferta-460-vagas-de-emprego-nesta-quinta-feira-21-9\/#primaryimage"},"thumbnailUrl":"https:\/\/www.manaus.am.gov.br\/semtepi\/wp-content\/uploads\/sites\/20\/2023\/08\/Sine-Manaus-oferta-184-vagas-de-emprego-nesta-segunda-feira-148.jpg","datePublished":"2023-09-20T19:56:23+00:00","dateModified":"2023-09-21T15:33:43+00:00","breadcrumb":{"@id":"https:\/\/www.manaus.am.gov.br\/semtepi\/oportunidade\/sine-manaus-oferta-460-vagas-de-emprego-nesta-quinta-feira-21-9\/#breadcrumb"},"inLanguage":"pt-BR","potentialAction":[{"@type":"ReadAction","target":["https:\/\/www.manaus.am.gov.br\/semtepi\/oportunidade\/sine-manaus-oferta-460-vagas-de-emprego-nesta-quinta-feira-21-9\/"]}]},{"@type":"ImageObject","inLanguage":"pt-BR","@id":"https:\/\/www.manaus.am.gov.br\/semtepi\/oportunidade\/sine-manaus-oferta-460-vagas-de-emprego-nesta-quinta-feira-21-9\/#primaryimage","url":"https:\/\/www.manaus.am.gov.br\/semtepi\/wp-content\/uploads\/sites\/20\/2023\/08\/Sine-Manaus-oferta-184-vagas-de-emprego-nesta-segunda-feira-148.jpg","contentUrl":"https:\/\/www.manaus.am.gov.br\/semtepi\/wp-content\/uploads\/sites\/20\/2023\/08\/Sine-Manaus-oferta-184-vagas-de-emprego-nesta-segunda-feira-148.jpg","width":5760,"height":3840},{"@type":"BreadcrumbList","@id":"https:\/\/www.manaus.am.gov.br\/semtepi\/oportunidade\/sine-manaus-oferta-460-vagas-de-emprego-nesta-quinta-feira-21-9\/#breadcrumb","itemListElement":[{"@type":"ListItem","position":1,"name":"Home","item":"https:\/\/www.manaus.am.gov.br\/semtepi\/"},{"@type":"ListItem","position":2,"name":"Sine Manaus oferta 460 vagas de emprego nesta quinta-feira, 21\/9"}]},{"@type":"WebSite","@id":"https:\/\/www.manaus.am.gov.br\/semtepi\/#website","url":"https:\/\/www.manaus.am.gov.br\/semtepi\/","name":"SEMTEPI","description":"Prefeitura de Manaus","publisher":{"@id":"https:\/\/www.manaus.am.gov.br\/semtepi\/#organization"},"alternateName":"Secretaria Municipal do Trabalho, Empreendedorismo e Inova\u00e7\u00e3o","potentialAction":[{"@type":"SearchAction","target":{"@type":"EntryPoint","urlTemplate":"https:\/\/www.manaus.am.gov.br\/semtepi\/?s={search_term_string}"},"query-input":"required name=search_term_string"}],"inLanguage":"pt-BR"},{"@type":"Organization","@id":"https:\/\/www.manaus.am.gov.br\/semtepi\/#organization","name":"Prefeitura Municipal de Manaus","alternateName":"Prefeitura de Manaus","url":"https:\/\/www.manaus.am.gov.br\/semtepi\/","logo":{"@type":"ImageObject","inLanguage":"pt-BR","@id":"https:\/\/www.manaus.am.gov.br\/semtepi\/#\/schema\/logo\/image\/","url":"https:\/\/www.manaus.am.gov.br\/semtepi\/wp-content\/uploads\/sites\/20\/2024\/07\/favicon.png","contentUrl":"https:\/\/www.manaus.am.gov.br\/semtepi\/wp-content\/uploads\/sites\/20\/2024\/07\/favicon.png","width":300,"height":300,"caption":"Prefeitura Municipal de Manaus"},"image":{"@id":"https:\/\/www.manaus.am.gov.br\/semtepi\/#\/schema\/logo\/image\/"}},{"@type":"Person","@id":"https:\/\/www.manaus.am.gov.br\/semtepi\/#\/schema\/person\/4eea2a8f78dc853097abb026f728aa06","name":"Renata Felix","image":{"@type":"ImageObject","inLanguage":"pt-BR","@id":"https:\/\/www.manaus.am.gov.br\/semtepi\/#\/schema\/person\/image\/","url":"https:\/\/secure.gravatar.com\/avatar\/3c196cf9d3b837b24c8edb2c50fd8f29?s=96&d=mm&r=g","contentUrl":"https:\/\/secure.gravatar.com\/avatar\/3c196cf9d3b837b24c8edb2c50fd8f29?s=96&d=mm&r=g","caption":"Renata Felix"}}]}},"_links":{"self":[{"href":"https:\/\/www.manaus.am.gov.br\/semtepi\/wp-json\/wp\/v2\/posts\/2631"}],"collection":[{"href":"https:\/\/www.manaus.am.gov.br\/semtepi\/wp-json\/wp\/v2\/posts"}],"about":[{"href":"https:\/\/www.manaus.am.gov.br\/semtepi\/wp-json\/wp\/v2\/types\/post"}],"author":[{"embeddable":true,"href":"https:\/\/www.manaus.am.gov.br\/semtepi\/wp-json\/wp\/v2\/users\/31"}],"replies":[{"embeddable":true,"href":"https:\/\/www.manaus.am.gov.br\/semtepi\/wp-json\/wp\/v2\/comments?post=2631"}],"version-history":[{"count":1,"href":"https:\/\/www.manaus.am.gov.br\/semtepi\/wp-json\/wp\/v2\/posts\/2631\/revisions"}],"predecessor-version":[{"id":2634,"href":"https:\/\/www.manaus.am.gov.br\/semtepi\/wp-json\/wp\/v2\/posts\/2631\/revisions\/2634"}],"wp:featuredmedia":[{"embeddable":true,"href":"https:\/\/www.manaus.am.gov.br\/semtepi\/wp-json\/wp\/v2\/media\/2450"}],"wp:attachment":[{"href":"https:\/\/www.manaus.am.gov.br\/semtepi\/wp-json\/wp\/v2\/media?parent=2631"}],"wp:term":[{"taxonomy":"category","embeddable":true,"href":"https:\/\/www.manaus.am.gov.br\/semtepi\/wp-json\/wp\/v2\/categories?post=2631"},{"taxonomy":"post_tag","embeddable":true,"href":"https:\/\/www.manaus.am.gov.br\/semtepi\/wp-json\/wp\/v2\/tags?post=2631"}],"curies":[{"name":"wp","href":"https:\/\/api.w.org\/{rel}","templated":true}]}}