{"id":2627,"date":"2023-09-19T17:11:33","date_gmt":"2023-09-19T21:11:33","guid":{"rendered":"https:\/\/www.manaus.am.gov.br\/semtepi\/sem-categoria\/prefeitura-de-manaus-leva-servicos-da-semtepi-para-o-encontro-nacional-da-mulher-contabilista\/"},"modified":"2023-09-19T17:11:35","modified_gmt":"2023-09-19T21:11:35","slug":"prefeitura-de-manaus-leva-servicos-da-semtepi-para-o-encontro-nacional-da-mulher-contabilista","status":"publish","type":"post","link":"https:\/\/www.manaus.am.gov.br\/semtepi\/parceria\/prefeitura-de-manaus-leva-servicos-da-semtepi-para-o-encontro-nacional-da-mulher-contabilista\/","title":{"rendered":"<strong>Prefeitura de Manaus leva servi\u00e7os da Semtepi para o \u2018Encontro Nacional da Mulher Contabilista\u2019<\/strong>"},"content":{"rendered":"\n<p>A Prefeitura de Manaus, por meio da Secretaria Municipal do Trabalho, Empreendedorismo e Inova\u00e7\u00e3o (Semtepi), vai participar, nos dias 20, 21 e 22\/9, do 12\u00b0 Encontro Nacional da Mulher Contabilista, que acontece no Centro de Conven\u00e7\u00f5es do Amazonas &nbsp;Vasco Vasques, localizado na&nbsp;<a href=\"https:\/\/www.google.com\/maps\/search\/avenida+Constantino+Nery,+n%C2%BA+5.001,+bairro+Flores?entry=gmail&amp;source=g\" target=\"_blank\" rel=\"noreferrer noopener\">avenida Constantino Nery, n\u00ba 5.001, bairro Flores<\/a>, zona Centro-Sul.<\/p>\n\n\n\n<p>Com dura\u00e7\u00e3o de tr\u00eas dias, o evento \u00e9 promovido pela Funda\u00e7\u00e3o Brasileira de Contabilidade (FBC) e tem por objetivo reunir especialistas na \u00e1rea cont\u00e1bil e promover discuss\u00f5es significativas sobre t\u00f3picos cruciais no campo da contabilidade e gest\u00e3o empresarial, com um enfoque direcionado para o p\u00fablico feminino.<\/p>\n\n\n\n<p>\u201c\u00c9 de grande relev\u00e2ncia a participa\u00e7\u00e3o em eventos como este, que proporcionam um ambiente prop\u00edcio para estabelecer conex\u00f5es e explorar oportunidades. Neles, \u00e9 poss\u00edvel reunir profissionais de destaque que compartilham conhecimentos e discutem temas cruciais relacionados \u00e0 contabilidade no contexto empreendedor. Dado que nossos servi\u00e7os tamb\u00e9m est\u00e3o diretamente alinhados com esse enfoque, estamos comprometidos em estar presente, oferecendo um ponto de atendimento dedicado a fornecer orienta\u00e7\u00f5es valiosas \u00e0 comunidade\u201d, ressaltou o titular da Semtepi, Radyr J\u00fanior.<\/p>\n\n\n\n<p>No decorrer do evento, a Semtepi marcar\u00e1 presen\u00e7a com um ponto de atendimento, oferecendo orienta\u00e7\u00f5es sobre servi\u00e7os disponibilizados pelo Sine Manaus, abrangendo a prospec\u00e7\u00e3o de parcerias e vagas de emprego, atrav\u00e9s da Intermedia\u00e7\u00e3o de M\u00e3o-de-obra (IMO); e informa\u00e7\u00f5es sobre cursos e atividades gratuitas voltadas \u00e0 qualifica\u00e7\u00e3o profissional.<\/p>\n\n\n\n<p>Al\u00e9m das iniciativas mencionadas, a feira de economia solid\u00e1ria e criativa contar\u00e1 com a participa\u00e7\u00e3o de 11 empreendedores selecionados para apresentar uma variada gama de produtos feitos \u00e0 m\u00e3o.<\/p>\n\n\n\n<p>A sele\u00e7\u00e3o inclui uma diversidade de itens, desde biojoias e artesanato ind\u00edgena at\u00e9 bombons artesanais, plantas e diversos outros produtos, todos com o objetivo principal de proporcionar uma fonte de renda aos expositores.<\/p>\n\n\n\n<p>&#8212; &#8212; &#8212;&nbsp;<\/p>\n\n\n\n<p><strong>Texto \u2013&nbsp;<\/strong>Fabiane Monteiro \/ Semtepi<\/p>\n\n\n\n<p><strong>Fotos<\/strong>&nbsp;\u2013 Semcom \/ Arquivo<\/p>\n\n\n\n<p>Dispon\u00edveis em &#8211; <a href=\"https:\/\/flic.kr\/p\/2oXLjUK\">https:\/\/flic.kr\/p\/2oXLjUK<\/a> e <a href=\"https:\/\/flic.kr\/p\/2oXKgG6\">https:\/\/flic.kr\/p\/2oXKgG6<\/a><\/p>\n","protected":false},"excerpt":{"rendered":"","protected":false},"author":31,"featured_media":2628,"comment_status":"closed","ping_status":"closed","sticky":false,"template":"","format":"standard","meta":{"footnotes":""},"categories":[589],"tags":[590,557,45,10],"acf":[],"yoast_head":"<!-- This site is optimized with the Yoast SEO plugin v23.0 - https:\/\/yoast.com\/wordpress\/plugins\/seo\/ -->\n<title>Prefeitura de Manaus leva servi\u00e7os da Semtepi para o \u2018Encontro Nacional da Mulher Contabilista\u2019 - SEMTEPI<\/title>\n<meta name=\"robots\" content=\"noindex, follow\" \/>\n<meta property=\"og:locale\" content=\"pt_BR\" \/>\n<meta property=\"og:type\" content=\"article\" \/>\n<meta property=\"og:title\" content=\"Prefeitura de Manaus leva servi\u00e7os da Semtepi para o \u2018Encontro Nacional da Mulher Contabilista\u2019 - SEMTEPI\" \/>\n<meta property=\"og:url\" content=\"https:\/\/www.manaus.am.gov.br\/semtepi\/parceria\/prefeitura-de-manaus-leva-servicos-da-semtepi-para-o-encontro-nacional-da-mulher-contabilista\/\" \/>\n<meta property=\"og:site_name\" content=\"SEMTEPI\" \/>\n<meta property=\"article:published_time\" content=\"2023-09-19T21:11:33+00:00\" \/>\n<meta property=\"article:modified_time\" content=\"2023-09-19T21:11:35+00:00\" \/>\n<meta property=\"og:image\" content=\"https:\/\/www.manaus.am.gov.br\/semtepi\/wp-content\/uploads\/sites\/20\/2023\/09\/53139391321_1a1c451cab_c.jpg\" \/>\n\t<meta property=\"og:image:width\" content=\"799\" \/>\n\t<meta property=\"og:image:height\" content=\"533\" \/>\n\t<meta property=\"og:image:type\" content=\"image\/jpeg\" \/>\n<meta name=\"author\" content=\"Renata Felix\" \/>\n<meta name=\"twitter:card\" content=\"summary_large_image\" \/>\n<meta name=\"twitter:label1\" content=\"Written by\" \/>\n\t<meta name=\"twitter:data1\" content=\"Renata Felix\" \/>\n\t<meta name=\"twitter:label2\" content=\"Est. reading time\" \/>\n\t<meta name=\"twitter:data2\" content=\"2 minutos\" \/>\n<script type=\"application\/ld+json\" class=\"yoast-schema-graph\">{\"@context\":\"https:\/\/schema.org\",\"@graph\":[{\"@type\":\"Article\",\"@id\":\"https:\/\/www.manaus.am.gov.br\/semtepi\/parceria\/prefeitura-de-manaus-leva-servicos-da-semtepi-para-o-encontro-nacional-da-mulher-contabilista\/#article\",\"isPartOf\":{\"@id\":\"https:\/\/www.manaus.am.gov.br\/semtepi\/parceria\/prefeitura-de-manaus-leva-servicos-da-semtepi-para-o-encontro-nacional-da-mulher-contabilista\/\"},\"author\":{\"name\":\"Renata Felix\",\"@id\":\"https:\/\/www.manaus.am.gov.br\/semtepi\/#\/schema\/person\/4eea2a8f78dc853097abb026f728aa06\"},\"headline\":\"Prefeitura de Manaus leva servi\u00e7os da Semtepi para o \u2018Encontro Nacional da Mulher Contabilista\u2019\",\"datePublished\":\"2023-09-19T21:11:33+00:00\",\"dateModified\":\"2023-09-19T21:11:35+00:00\",\"mainEntityOfPage\":{\"@id\":\"https:\/\/www.manaus.am.gov.br\/semtepi\/parceria\/prefeitura-de-manaus-leva-servicos-da-semtepi-para-o-encontro-nacional-da-mulher-contabilista\/\"},\"wordCount\":349,\"publisher\":{\"@id\":\"https:\/\/www.manaus.am.gov.br\/semtepi\/#organization\"},\"image\":{\"@id\":\"https:\/\/www.manaus.am.gov.br\/semtepi\/parceria\/prefeitura-de-manaus-leva-servicos-da-semtepi-para-o-encontro-nacional-da-mulher-contabilista\/#primaryimage\"},\"thumbnailUrl\":\"https:\/\/www.manaus.am.gov.br\/semtepi\/wp-content\/uploads\/sites\/20\/2023\/09\/53139391321_1a1c451cab_c.jpg\",\"keywords\":[\"12\u00b0 Encontro Nacional da Mulher Contabilista\",\"feira de economia solid\u00e1ria e criativa\",\"servi\u00e7os\",\"sine manaus\"],\"articleSection\":[\"Parceria\"],\"inLanguage\":\"pt-BR\"},{\"@type\":\"WebPage\",\"@id\":\"https:\/\/www.manaus.am.gov.br\/semtepi\/parceria\/prefeitura-de-manaus-leva-servicos-da-semtepi-para-o-encontro-nacional-da-mulher-contabilista\/\",\"url\":\"https:\/\/www.manaus.am.gov.br\/semtepi\/parceria\/prefeitura-de-manaus-leva-servicos-da-semtepi-para-o-encontro-nacional-da-mulher-contabilista\/\",\"name\":\"Prefeitura de Manaus leva servi\u00e7os da Semtepi para o \u2018Encontro Nacional da Mulher Contabilista\u2019 - SEMTEPI\",\"isPartOf\":{\"@id\":\"https:\/\/www.manaus.am.gov.br\/semtepi\/#website\"},\"primaryImageOfPage\":{\"@id\":\"https:\/\/www.manaus.am.gov.br\/semtepi\/parceria\/prefeitura-de-manaus-leva-servicos-da-semtepi-para-o-encontro-nacional-da-mulher-contabilista\/#primaryimage\"},\"image\":{\"@id\":\"https:\/\/www.manaus.am.gov.br\/semtepi\/parceria\/prefeitura-de-manaus-leva-servicos-da-semtepi-para-o-encontro-nacional-da-mulher-contabilista\/#primaryimage\"},\"thumbnailUrl\":\"https:\/\/www.manaus.am.gov.br\/semtepi\/wp-content\/uploads\/sites\/20\/2023\/09\/53139391321_1a1c451cab_c.jpg\",\"datePublished\":\"2023-09-19T21:11:33+00:00\",\"dateModified\":\"2023-09-19T21:11:35+00:00\",\"breadcrumb\":{\"@id\":\"https:\/\/www.manaus.am.gov.br\/semtepi\/parceria\/prefeitura-de-manaus-leva-servicos-da-semtepi-para-o-encontro-nacional-da-mulher-contabilista\/#breadcrumb\"},\"inLanguage\":\"pt-BR\",\"potentialAction\":[{\"@type\":\"ReadAction\",\"target\":[\"https:\/\/www.manaus.am.gov.br\/semtepi\/parceria\/prefeitura-de-manaus-leva-servicos-da-semtepi-para-o-encontro-nacional-da-mulher-contabilista\/\"]}]},{\"@type\":\"ImageObject\",\"inLanguage\":\"pt-BR\",\"@id\":\"https:\/\/www.manaus.am.gov.br\/semtepi\/parceria\/prefeitura-de-manaus-leva-servicos-da-semtepi-para-o-encontro-nacional-da-mulher-contabilista\/#primaryimage\",\"url\":\"https:\/\/www.manaus.am.gov.br\/semtepi\/wp-content\/uploads\/sites\/20\/2023\/09\/53139391321_1a1c451cab_c.jpg\",\"contentUrl\":\"https:\/\/www.manaus.am.gov.br\/semtepi\/wp-content\/uploads\/sites\/20\/2023\/09\/53139391321_1a1c451cab_c.jpg\",\"width\":799,\"height\":533},{\"@type\":\"BreadcrumbList\",\"@id\":\"https:\/\/www.manaus.am.gov.br\/semtepi\/parceria\/prefeitura-de-manaus-leva-servicos-da-semtepi-para-o-encontro-nacional-da-mulher-contabilista\/#breadcrumb\",\"itemListElement\":[{\"@type\":\"ListItem\",\"position\":1,\"name\":\"Home\",\"item\":\"https:\/\/www.manaus.am.gov.br\/semtepi\/\"},{\"@type\":\"ListItem\",\"position\":2,\"name\":\"Prefeitura de Manaus leva servi\u00e7os da Semtepi para o \u2018Encontro Nacional da Mulher Contabilista\u2019\"}]},{\"@type\":\"WebSite\",\"@id\":\"https:\/\/www.manaus.am.gov.br\/semtepi\/#website\",\"url\":\"https:\/\/www.manaus.am.gov.br\/semtepi\/\",\"name\":\"SEMTEPI\",\"description\":\"Prefeitura de Manaus\",\"publisher\":{\"@id\":\"https:\/\/www.manaus.am.gov.br\/semtepi\/#organization\"},\"alternateName\":\"Secretaria Municipal do Trabalho, Empreendedorismo e Inova\u00e7\u00e3o\",\"potentialAction\":[{\"@type\":\"SearchAction\",\"target\":{\"@type\":\"EntryPoint\",\"urlTemplate\":\"https:\/\/www.manaus.am.gov.br\/semtepi\/?s={search_term_string}\"},\"query-input\":\"required name=search_term_string\"}],\"inLanguage\":\"pt-BR\"},{\"@type\":\"Organization\",\"@id\":\"https:\/\/www.manaus.am.gov.br\/semtepi\/#organization\",\"name\":\"Prefeitura Municipal de Manaus\",\"alternateName\":\"Prefeitura de Manaus\",\"url\":\"https:\/\/www.manaus.am.gov.br\/semtepi\/\",\"logo\":{\"@type\":\"ImageObject\",\"inLanguage\":\"pt-BR\",\"@id\":\"https:\/\/www.manaus.am.gov.br\/semtepi\/#\/schema\/logo\/image\/\",\"url\":\"https:\/\/www.manaus.am.gov.br\/semtepi\/wp-content\/uploads\/sites\/20\/2024\/07\/favicon.png\",\"contentUrl\":\"https:\/\/www.manaus.am.gov.br\/semtepi\/wp-content\/uploads\/sites\/20\/2024\/07\/favicon.png\",\"width\":300,\"height\":300,\"caption\":\"Prefeitura Municipal de Manaus\"},\"image\":{\"@id\":\"https:\/\/www.manaus.am.gov.br\/semtepi\/#\/schema\/logo\/image\/\"}},{\"@type\":\"Person\",\"@id\":\"https:\/\/www.manaus.am.gov.br\/semtepi\/#\/schema\/person\/4eea2a8f78dc853097abb026f728aa06\",\"name\":\"Renata Felix\",\"image\":{\"@type\":\"ImageObject\",\"inLanguage\":\"pt-BR\",\"@id\":\"https:\/\/www.manaus.am.gov.br\/semtepi\/#\/schema\/person\/image\/\",\"url\":\"https:\/\/secure.gravatar.com\/avatar\/3c196cf9d3b837b24c8edb2c50fd8f29?s=96&d=mm&r=g\",\"contentUrl\":\"https:\/\/secure.gravatar.com\/avatar\/3c196cf9d3b837b24c8edb2c50fd8f29?s=96&d=mm&r=g\",\"caption\":\"Renata Felix\"}}]}<\/script>\n<!-- \/ Yoast SEO plugin. -->","yoast_head_json":{"title":"Prefeitura de Manaus leva servi\u00e7os da Semtepi para o \u2018Encontro Nacional da Mulher Contabilista\u2019 - SEMTEPI","robots":{"index":"noindex","follow":"follow"},"og_locale":"pt_BR","og_type":"article","og_title":"Prefeitura de Manaus leva servi\u00e7os da Semtepi para o \u2018Encontro Nacional da Mulher Contabilista\u2019 - SEMTEPI","og_url":"https:\/\/www.manaus.am.gov.br\/semtepi\/parceria\/prefeitura-de-manaus-leva-servicos-da-semtepi-para-o-encontro-nacional-da-mulher-contabilista\/","og_site_name":"SEMTEPI","article_published_time":"2023-09-19T21:11:33+00:00","article_modified_time":"2023-09-19T21:11:35+00:00","og_image":[{"width":799,"height":533,"url":"https:\/\/www.manaus.am.gov.br\/semtepi\/wp-content\/uploads\/sites\/20\/2023\/09\/53139391321_1a1c451cab_c.jpg","type":"image\/jpeg"}],"author":"Renata Felix","twitter_card":"summary_large_image","twitter_misc":{"Written by":"Renata Felix","Est. reading time":"2 minutos"},"schema":{"@context":"https:\/\/schema.org","@graph":[{"@type":"Article","@id":"https:\/\/www.manaus.am.gov.br\/semtepi\/parceria\/prefeitura-de-manaus-leva-servicos-da-semtepi-para-o-encontro-nacional-da-mulher-contabilista\/#article","isPartOf":{"@id":"https:\/\/www.manaus.am.gov.br\/semtepi\/parceria\/prefeitura-de-manaus-leva-servicos-da-semtepi-para-o-encontro-nacional-da-mulher-contabilista\/"},"author":{"name":"Renata Felix","@id":"https:\/\/www.manaus.am.gov.br\/semtepi\/#\/schema\/person\/4eea2a8f78dc853097abb026f728aa06"},"headline":"Prefeitura de Manaus leva servi\u00e7os da Semtepi para o \u2018Encontro Nacional da Mulher Contabilista\u2019","datePublished":"2023-09-19T21:11:33+00:00","dateModified":"2023-09-19T21:11:35+00:00","mainEntityOfPage":{"@id":"https:\/\/www.manaus.am.gov.br\/semtepi\/parceria\/prefeitura-de-manaus-leva-servicos-da-semtepi-para-o-encontro-nacional-da-mulher-contabilista\/"},"wordCount":349,"publisher":{"@id":"https:\/\/www.manaus.am.gov.br\/semtepi\/#organization"},"image":{"@id":"https:\/\/www.manaus.am.gov.br\/semtepi\/parceria\/prefeitura-de-manaus-leva-servicos-da-semtepi-para-o-encontro-nacional-da-mulher-contabilista\/#primaryimage"},"thumbnailUrl":"https:\/\/www.manaus.am.gov.br\/semtepi\/wp-content\/uploads\/sites\/20\/2023\/09\/53139391321_1a1c451cab_c.jpg","keywords":["12\u00b0 Encontro Nacional da Mulher Contabilista","feira de economia solid\u00e1ria e criativa","servi\u00e7os","sine manaus"],"articleSection":["Parceria"],"inLanguage":"pt-BR"},{"@type":"WebPage","@id":"https:\/\/www.manaus.am.gov.br\/semtepi\/parceria\/prefeitura-de-manaus-leva-servicos-da-semtepi-para-o-encontro-nacional-da-mulher-contabilista\/","url":"https:\/\/www.manaus.am.gov.br\/semtepi\/parceria\/prefeitura-de-manaus-leva-servicos-da-semtepi-para-o-encontro-nacional-da-mulher-contabilista\/","name":"Prefeitura de Manaus leva servi\u00e7os da Semtepi para o \u2018Encontro Nacional da Mulher Contabilista\u2019 - SEMTEPI","isPartOf":{"@id":"https:\/\/www.manaus.am.gov.br\/semtepi\/#website"},"primaryImageOfPage":{"@id":"https:\/\/www.manaus.am.gov.br\/semtepi\/parceria\/prefeitura-de-manaus-leva-servicos-da-semtepi-para-o-encontro-nacional-da-mulher-contabilista\/#primaryimage"},"image":{"@id":"https:\/\/www.manaus.am.gov.br\/semtepi\/parceria\/prefeitura-de-manaus-leva-servicos-da-semtepi-para-o-encontro-nacional-da-mulher-contabilista\/#primaryimage"},"thumbnailUrl":"https:\/\/www.manaus.am.gov.br\/semtepi\/wp-content\/uploads\/sites\/20\/2023\/09\/53139391321_1a1c451cab_c.jpg","datePublished":"2023-09-19T21:11:33+00:00","dateModified":"2023-09-19T21:11:35+00:00","breadcrumb":{"@id":"https:\/\/www.manaus.am.gov.br\/semtepi\/parceria\/prefeitura-de-manaus-leva-servicos-da-semtepi-para-o-encontro-nacional-da-mulher-contabilista\/#breadcrumb"},"inLanguage":"pt-BR","potentialAction":[{"@type":"ReadAction","target":["https:\/\/www.manaus.am.gov.br\/semtepi\/parceria\/prefeitura-de-manaus-leva-servicos-da-semtepi-para-o-encontro-nacional-da-mulher-contabilista\/"]}]},{"@type":"ImageObject","inLanguage":"pt-BR","@id":"https:\/\/www.manaus.am.gov.br\/semtepi\/parceria\/prefeitura-de-manaus-leva-servicos-da-semtepi-para-o-encontro-nacional-da-mulher-contabilista\/#primaryimage","url":"https:\/\/www.manaus.am.gov.br\/semtepi\/wp-content\/uploads\/sites\/20\/2023\/09\/53139391321_1a1c451cab_c.jpg","contentUrl":"https:\/\/www.manaus.am.gov.br\/semtepi\/wp-content\/uploads\/sites\/20\/2023\/09\/53139391321_1a1c451cab_c.jpg","width":799,"height":533},{"@type":"BreadcrumbList","@id":"https:\/\/www.manaus.am.gov.br\/semtepi\/parceria\/prefeitura-de-manaus-leva-servicos-da-semtepi-para-o-encontro-nacional-da-mulher-contabilista\/#breadcrumb","itemListElement":[{"@type":"ListItem","position":1,"name":"Home","item":"https:\/\/www.manaus.am.gov.br\/semtepi\/"},{"@type":"ListItem","position":2,"name":"Prefeitura de Manaus leva servi\u00e7os da Semtepi para o \u2018Encontro Nacional da Mulher Contabilista\u2019"}]},{"@type":"WebSite","@id":"https:\/\/www.manaus.am.gov.br\/semtepi\/#website","url":"https:\/\/www.manaus.am.gov.br\/semtepi\/","name":"SEMTEPI","description":"Prefeitura de Manaus","publisher":{"@id":"https:\/\/www.manaus.am.gov.br\/semtepi\/#organization"},"alternateName":"Secretaria Municipal do Trabalho, Empreendedorismo e Inova\u00e7\u00e3o","potentialAction":[{"@type":"SearchAction","target":{"@type":"EntryPoint","urlTemplate":"https:\/\/www.manaus.am.gov.br\/semtepi\/?s={search_term_string}"},"query-input":"required name=search_term_string"}],"inLanguage":"pt-BR"},{"@type":"Organization","@id":"https:\/\/www.manaus.am.gov.br\/semtepi\/#organization","name":"Prefeitura Municipal de Manaus","alternateName":"Prefeitura de Manaus","url":"https:\/\/www.manaus.am.gov.br\/semtepi\/","logo":{"@type":"ImageObject","inLanguage":"pt-BR","@id":"https:\/\/www.manaus.am.gov.br\/semtepi\/#\/schema\/logo\/image\/","url":"https:\/\/www.manaus.am.gov.br\/semtepi\/wp-content\/uploads\/sites\/20\/2024\/07\/favicon.png","contentUrl":"https:\/\/www.manaus.am.gov.br\/semtepi\/wp-content\/uploads\/sites\/20\/2024\/07\/favicon.png","width":300,"height":300,"caption":"Prefeitura Municipal de Manaus"},"image":{"@id":"https:\/\/www.manaus.am.gov.br\/semtepi\/#\/schema\/logo\/image\/"}},{"@type":"Person","@id":"https:\/\/www.manaus.am.gov.br\/semtepi\/#\/schema\/person\/4eea2a8f78dc853097abb026f728aa06","name":"Renata Felix","image":{"@type":"ImageObject","inLanguage":"pt-BR","@id":"https:\/\/www.manaus.am.gov.br\/semtepi\/#\/schema\/person\/image\/","url":"https:\/\/secure.gravatar.com\/avatar\/3c196cf9d3b837b24c8edb2c50fd8f29?s=96&d=mm&r=g","contentUrl":"https:\/\/secure.gravatar.com\/avatar\/3c196cf9d3b837b24c8edb2c50fd8f29?s=96&d=mm&r=g","caption":"Renata Felix"}}]}},"_links":{"self":[{"href":"https:\/\/www.manaus.am.gov.br\/semtepi\/wp-json\/wp\/v2\/posts\/2627"}],"collection":[{"href":"https:\/\/www.manaus.am.gov.br\/semtepi\/wp-json\/wp\/v2\/posts"}],"about":[{"href":"https:\/\/www.manaus.am.gov.br\/semtepi\/wp-json\/wp\/v2\/types\/post"}],"author":[{"embeddable":true,"href":"https:\/\/www.manaus.am.gov.br\/semtepi\/wp-json\/wp\/v2\/users\/31"}],"replies":[{"embeddable":true,"href":"https:\/\/www.manaus.am.gov.br\/semtepi\/wp-json\/wp\/v2\/comments?post=2627"}],"version-history":[{"count":0,"href":"https:\/\/www.manaus.am.gov.br\/semtepi\/wp-json\/wp\/v2\/posts\/2627\/revisions"}],"wp:featuredmedia":[{"embeddable":true,"href":"https:\/\/www.manaus.am.gov.br\/semtepi\/wp-json\/wp\/v2\/media\/2628"}],"wp:attachment":[{"href":"https:\/\/www.manaus.am.gov.br\/semtepi\/wp-json\/wp\/v2\/media?parent=2627"}],"wp:term":[{"taxonomy":"category","embeddable":true,"href":"https:\/\/www.manaus.am.gov.br\/semtepi\/wp-json\/wp\/v2\/categories?post=2627"},{"taxonomy":"post_tag","embeddable":true,"href":"https:\/\/www.manaus.am.gov.br\/semtepi\/wp-json\/wp\/v2\/tags?post=2627"}],"curies":[{"name":"wp","href":"https:\/\/api.w.org\/{rel}","templated":true}]}}