{"id":2622,"date":"2023-09-19T12:29:49","date_gmt":"2023-09-19T16:29:49","guid":{"rendered":"https:\/\/www.manaus.am.gov.br\/semtepi\/sem-categoria\/prefeitura-de-manaus-participa-do-evento-de-tecnologia-amazonia-innovation-day\/"},"modified":"2023-09-19T14:03:51","modified_gmt":"2023-09-19T18:03:51","slug":"prefeitura-de-manaus-participa-do-evento-de-tecnologia-amazonia-innovation-day","status":"publish","type":"post","link":"https:\/\/www.manaus.am.gov.br\/semtepi\/inscricoes\/prefeitura-de-manaus-participa-do-evento-de-tecnologia-amazonia-innovation-day\/","title":{"rendered":"<strong>Prefeitura de Manaus participa do evento de tecnologia \u2018Amaz\u00f4nia\u00a0Innovation\u00a0Day\u2019<\/strong>"},"content":{"rendered":"\n<p>A Prefeitura de Manaus, por meio da Secretaria Municipal do Trabalho, Empreendedorismo e Inova\u00e7\u00e3o (Semtepi), participar\u00e1, no dia 28\/9, a partir das 14h, da primeira edi\u00e7\u00e3o do \u201cAmaz\u00f4nia Innovation Day\u201d, no Casar\u00e3o da Inova\u00e7\u00e3o Cassina, localizado na rua Bernardo Ramos, n\u00ba 290, Centro, zona Sul. O evento j\u00e1 est\u00e1 com inscri\u00e7\u00f5es abertas pelo link:&nbsp;<a href=\"https:\/\/bitly.ws\/V867\" target=\"_blank\" rel=\"noreferrer noopener\">https:\/\/bitly.ws\/V867<\/a>.<\/p>\n\n\n\n<p>Promovido pela Amaz\u00f4nia Venture Builder, em colabora\u00e7\u00e3o com o grupo FCJ, o objetivo do evento \u00e9 fortalecer a rede de inova\u00e7\u00e3o da regi\u00e3o, criando um ambiente prop\u00edcio para a colabora\u00e7\u00e3o direta entre startups e grandes corpora\u00e7\u00f5es. Essa iniciativa tem como meta impulsionar parcerias estrat\u00e9gicas e identificar oportunidades de neg\u00f3cios que possam contribuir de forma substancial para o crescimento econ\u00f4mico da \u00e1rea.<\/p>\n\n\n\n<p>\u201cO Amaz\u00f4nia Innovation Day \u00e9 um evento importante para a nossa cultura empreendedora e ecossistema de inova\u00e7\u00e3o. Ao longo desta gest\u00e3o, recebemos in\u00fameros eventos como este, que agregam ainda mais conhecimento sobre as \u00e1reas e o reconhecimento de que Manaus \u00e9 a capital que mais se movimenta sobre os eixos de empreendedorismo e inova\u00e7\u00e3o\u201d, destaca o secret\u00e1rio da Semtepi, Radyr J\u00fanior.<\/p>\n\n\n\n<p>Durante o evento, v\u00e3o acontecer debates e rodas de conversas sobre as principais tend\u00eancias em inova\u00e7\u00e3o corporativa, conceitua\u00e7\u00f5es, vantagens e desvantagens do campo de estudo, networking, al\u00e9m dos&nbsp;<em>cases<\/em>&nbsp;de sucesso que ser\u00e3o apresentados pelas startups.<\/p>\n\n\n\n<p>Representando a Semtepi, o secret\u00e1rio Radyr J\u00fanior participar\u00e1 do painel \u201cEcossistema de Inova\u00e7\u00e3o da Amaz\u00f4nia\u201d, ao lado do diretor de expans\u00e3o da FCJ Venture Builder, Marcos Knosel; do CEO da FCJ Venture Builder, Paulo Justino; do CEO da Amaz\u00f4nia Venture Builder, Bruno Alencar; do coordenador da InBiota, incubadora de bioneg\u00f3cios e tecnologias da Amaz\u00f4nia, Carlos Filipe; e do secret\u00e1rio-executivo na Secretaria Executiva de Ci\u00eancia, Tecnologia e Inova\u00e7\u00e3o, Jeibi Medeiros.<\/p>\n\n\n\n<p>Contando com uma competi\u00e7\u00e3o entre startups, que garante premia\u00e7\u00e3o de 1\u00ba, 2\u00ba e 3\u00ba lugares aos participantes, o evento tamb\u00e9m ser\u00e1 transmitido ao vivo pelo canal da FCJ Venture Builder no YouTube, a partir das 15h (hor\u00e1rio de Bras\u00edlia).<\/p>\n\n\n\n<p>&#8212; &#8212; &#8212;<\/p>\n\n\n\n<p><strong>Texto \u2013 <\/strong>Fabiane Monteiro \/ Semtepi<\/p>\n\n\n\n<p><strong>Fotos \u2013&nbsp;<\/strong>Arquivo \/ Semcom<\/p>\n\n\n\n<p><strong>Dispon\u00edveis em &#8211; <\/strong><a href=\"https:\/\/flic.kr\/s\/aHsmVMDLvk\">https:\/\/flic.kr\/s\/aHsmVMDLvk<\/a><\/p>\n","protected":false},"excerpt":{"rendered":"","protected":false},"author":39,"featured_media":2623,"comment_status":"closed","ping_status":"closed","sticky":false,"template":"","format":"standard","meta":{"footnotes":""},"categories":[97],"tags":[583,584,585,586,8,587,9],"acf":[],"yoast_head":"<!-- This site is optimized with the Yoast SEO plugin v23.0 - https:\/\/yoast.com\/wordpress\/plugins\/seo\/ -->\n<title>Prefeitura de Manaus participa do evento de tecnologia \u2018Amaz\u00f4nia Innovation Day\u2019<\/title>\n<meta name=\"description\" content=\"A Prefeitura de Manaus, por meio da Secretaria Municipal do Trabalho, Empreendedorismo e Inova\u00e7\u00e3o (Semtepi), participar\u00e1, no dia 28\/9, a partir das 14h, da primeira edi\u00e7\u00e3o do \u201cAmaz\u00f4nia Innovation Day\u201d, no Casar\u00e3o da Inova\u00e7\u00e3o Cassina, localizado na rua Bernardo Ramos, n\u00ba 290, Centro, zona Sul. O evento j\u00e1 est\u00e1 com inscri\u00e7\u00f5es abertas pelo link:\u00a0https:\/\/bitly.ws\/V867.\" \/>\n<meta name=\"robots\" content=\"noindex, follow\" \/>\n<meta property=\"og:locale\" content=\"pt_BR\" \/>\n<meta property=\"og:type\" content=\"article\" \/>\n<meta property=\"og:title\" content=\"Prefeitura de Manaus participa do evento de tecnologia \u2018Amaz\u00f4nia Innovation Day\u2019\" \/>\n<meta property=\"og:description\" content=\"A Prefeitura de Manaus, por meio da Secretaria Municipal do Trabalho, Empreendedorismo e Inova\u00e7\u00e3o (Semtepi), participar\u00e1, no dia 28\/9, a partir das 14h, da primeira edi\u00e7\u00e3o do \u201cAmaz\u00f4nia Innovation Day\u201d, no Casar\u00e3o da Inova\u00e7\u00e3o Cassina, localizado na rua Bernardo Ramos, n\u00ba 290, Centro, zona Sul. O evento j\u00e1 est\u00e1 com inscri\u00e7\u00f5es abertas pelo link:\u00a0https:\/\/bitly.ws\/V867.\" \/>\n<meta property=\"og:url\" content=\"https:\/\/www.manaus.am.gov.br\/semtepi\/inscricoes\/prefeitura-de-manaus-participa-do-evento-de-tecnologia-amazonia-innovation-day\/\" \/>\n<meta property=\"og:site_name\" content=\"SEMTEPI\" \/>\n<meta property=\"article:published_time\" content=\"2023-09-19T16:29:49+00:00\" \/>\n<meta property=\"article:modified_time\" content=\"2023-09-19T18:03:51+00:00\" \/>\n<meta property=\"og:image\" content=\"https:\/\/www.manaus.am.gov.br\/semtepi\/wp-content\/uploads\/sites\/20\/2023\/09\/Casarao-da-Inovacao-Cassina-1.jpg\" \/>\n\t<meta property=\"og:image:width\" content=\"2048\" \/>\n\t<meta property=\"og:image:height\" content=\"1365\" \/>\n\t<meta property=\"og:image:type\" content=\"image\/jpeg\" \/>\n<meta name=\"author\" content=\"Bruna Greco\" \/>\n<meta name=\"twitter:card\" content=\"summary_large_image\" \/>\n<meta name=\"twitter:label1\" content=\"Written by\" \/>\n\t<meta name=\"twitter:data1\" content=\"Bruna Greco\" \/>\n\t<meta name=\"twitter:label2\" content=\"Est. reading time\" \/>\n\t<meta name=\"twitter:data2\" content=\"2 minutos\" \/>\n<script type=\"application\/ld+json\" class=\"yoast-schema-graph\">{\"@context\":\"https:\/\/schema.org\",\"@graph\":[{\"@type\":\"Article\",\"@id\":\"https:\/\/www.manaus.am.gov.br\/semtepi\/inscricoes\/prefeitura-de-manaus-participa-do-evento-de-tecnologia-amazonia-innovation-day\/#article\",\"isPartOf\":{\"@id\":\"https:\/\/www.manaus.am.gov.br\/semtepi\/inscricoes\/prefeitura-de-manaus-participa-do-evento-de-tecnologia-amazonia-innovation-day\/\"},\"author\":{\"name\":\"Bruna Greco\",\"@id\":\"https:\/\/www.manaus.am.gov.br\/semtepi\/#\/schema\/person\/05d223aea2bf115f9883a6ff3683d81b\"},\"headline\":\"Prefeitura de Manaus participa do evento de tecnologia \u2018Amaz\u00f4nia\u00a0Innovation\u00a0Day\u2019\",\"datePublished\":\"2023-09-19T16:29:49+00:00\",\"dateModified\":\"2023-09-19T18:03:51+00:00\",\"mainEntityOfPage\":{\"@id\":\"https:\/\/www.manaus.am.gov.br\/semtepi\/inscricoes\/prefeitura-de-manaus-participa-do-evento-de-tecnologia-amazonia-innovation-day\/\"},\"wordCount\":396,\"publisher\":{\"@id\":\"https:\/\/www.manaus.am.gov.br\/semtepi\/#organization\"},\"image\":{\"@id\":\"https:\/\/www.manaus.am.gov.br\/semtepi\/inscricoes\/prefeitura-de-manaus-participa-do-evento-de-tecnologia-amazonia-innovation-day\/#primaryimage\"},\"thumbnailUrl\":\"https:\/\/www.manaus.am.gov.br\/semtepi\/wp-content\/uploads\/sites\/20\/2023\/09\/Casarao-da-Inovacao-Cassina-1.jpg\",\"keywords\":[\"\u2018Amaz\u00f4nia\u00a0Innovation\u00a0Day\u2019\",\"competi\u00e7\u00e3o entre startups\",\"evento de tecnologia\",\"painel \u201cEcossistema de Inova\u00e7\u00e3o da Amaz\u00f4nia\u201d\",\"prefeitura de manaus\",\"Promovido pela Amaz\u00f4nia Venture Builder\",\"Semtepi\"],\"articleSection\":[\"Inscri\u00e7\u00f5es\"],\"inLanguage\":\"pt-BR\"},{\"@type\":\"WebPage\",\"@id\":\"https:\/\/www.manaus.am.gov.br\/semtepi\/inscricoes\/prefeitura-de-manaus-participa-do-evento-de-tecnologia-amazonia-innovation-day\/\",\"url\":\"https:\/\/www.manaus.am.gov.br\/semtepi\/inscricoes\/prefeitura-de-manaus-participa-do-evento-de-tecnologia-amazonia-innovation-day\/\",\"name\":\"Prefeitura de Manaus participa do evento de tecnologia \u2018Amaz\u00f4nia Innovation Day\u2019\",\"isPartOf\":{\"@id\":\"https:\/\/www.manaus.am.gov.br\/semtepi\/#website\"},\"primaryImageOfPage\":{\"@id\":\"https:\/\/www.manaus.am.gov.br\/semtepi\/inscricoes\/prefeitura-de-manaus-participa-do-evento-de-tecnologia-amazonia-innovation-day\/#primaryimage\"},\"image\":{\"@id\":\"https:\/\/www.manaus.am.gov.br\/semtepi\/inscricoes\/prefeitura-de-manaus-participa-do-evento-de-tecnologia-amazonia-innovation-day\/#primaryimage\"},\"thumbnailUrl\":\"https:\/\/www.manaus.am.gov.br\/semtepi\/wp-content\/uploads\/sites\/20\/2023\/09\/Casarao-da-Inovacao-Cassina-1.jpg\",\"datePublished\":\"2023-09-19T16:29:49+00:00\",\"dateModified\":\"2023-09-19T18:03:51+00:00\",\"description\":\"A Prefeitura de Manaus, por meio da Secretaria Municipal do Trabalho, Empreendedorismo e Inova\u00e7\u00e3o (Semtepi), participar\u00e1, no dia 28\/9, a partir das 14h, da primeira edi\u00e7\u00e3o do \u201cAmaz\u00f4nia Innovation Day\u201d, no Casar\u00e3o da Inova\u00e7\u00e3o Cassina, localizado na rua Bernardo Ramos, n\u00ba 290, Centro, zona Sul. O evento j\u00e1 est\u00e1 com inscri\u00e7\u00f5es abertas pelo link:\u00a0https:\/\/bitly.ws\/V867.\",\"breadcrumb\":{\"@id\":\"https:\/\/www.manaus.am.gov.br\/semtepi\/inscricoes\/prefeitura-de-manaus-participa-do-evento-de-tecnologia-amazonia-innovation-day\/#breadcrumb\"},\"inLanguage\":\"pt-BR\",\"potentialAction\":[{\"@type\":\"ReadAction\",\"target\":[\"https:\/\/www.manaus.am.gov.br\/semtepi\/inscricoes\/prefeitura-de-manaus-participa-do-evento-de-tecnologia-amazonia-innovation-day\/\"]}]},{\"@type\":\"ImageObject\",\"inLanguage\":\"pt-BR\",\"@id\":\"https:\/\/www.manaus.am.gov.br\/semtepi\/inscricoes\/prefeitura-de-manaus-participa-do-evento-de-tecnologia-amazonia-innovation-day\/#primaryimage\",\"url\":\"https:\/\/www.manaus.am.gov.br\/semtepi\/wp-content\/uploads\/sites\/20\/2023\/09\/Casarao-da-Inovacao-Cassina-1.jpg\",\"contentUrl\":\"https:\/\/www.manaus.am.gov.br\/semtepi\/wp-content\/uploads\/sites\/20\/2023\/09\/Casarao-da-Inovacao-Cassina-1.jpg\",\"width\":2048,\"height\":1365},{\"@type\":\"BreadcrumbList\",\"@id\":\"https:\/\/www.manaus.am.gov.br\/semtepi\/inscricoes\/prefeitura-de-manaus-participa-do-evento-de-tecnologia-amazonia-innovation-day\/#breadcrumb\",\"itemListElement\":[{\"@type\":\"ListItem\",\"position\":1,\"name\":\"Home\",\"item\":\"https:\/\/www.manaus.am.gov.br\/semtepi\/\"},{\"@type\":\"ListItem\",\"position\":2,\"name\":\"Prefeitura de Manaus participa do evento de tecnologia \u2018Amaz\u00f4nia\u00a0Innovation\u00a0Day\u2019\"}]},{\"@type\":\"WebSite\",\"@id\":\"https:\/\/www.manaus.am.gov.br\/semtepi\/#website\",\"url\":\"https:\/\/www.manaus.am.gov.br\/semtepi\/\",\"name\":\"SEMTEPI\",\"description\":\"Prefeitura de Manaus\",\"publisher\":{\"@id\":\"https:\/\/www.manaus.am.gov.br\/semtepi\/#organization\"},\"alternateName\":\"Secretaria Municipal do Trabalho, Empreendedorismo e Inova\u00e7\u00e3o\",\"potentialAction\":[{\"@type\":\"SearchAction\",\"target\":{\"@type\":\"EntryPoint\",\"urlTemplate\":\"https:\/\/www.manaus.am.gov.br\/semtepi\/?s={search_term_string}\"},\"query-input\":\"required name=search_term_string\"}],\"inLanguage\":\"pt-BR\"},{\"@type\":\"Organization\",\"@id\":\"https:\/\/www.manaus.am.gov.br\/semtepi\/#organization\",\"name\":\"Prefeitura Municipal de Manaus\",\"alternateName\":\"Prefeitura de Manaus\",\"url\":\"https:\/\/www.manaus.am.gov.br\/semtepi\/\",\"logo\":{\"@type\":\"ImageObject\",\"inLanguage\":\"pt-BR\",\"@id\":\"https:\/\/www.manaus.am.gov.br\/semtepi\/#\/schema\/logo\/image\/\",\"url\":\"https:\/\/www.manaus.am.gov.br\/semtepi\/wp-content\/uploads\/sites\/20\/2024\/07\/favicon.png\",\"contentUrl\":\"https:\/\/www.manaus.am.gov.br\/semtepi\/wp-content\/uploads\/sites\/20\/2024\/07\/favicon.png\",\"width\":300,\"height\":300,\"caption\":\"Prefeitura Municipal de Manaus\"},\"image\":{\"@id\":\"https:\/\/www.manaus.am.gov.br\/semtepi\/#\/schema\/logo\/image\/\"}},{\"@type\":\"Person\",\"@id\":\"https:\/\/www.manaus.am.gov.br\/semtepi\/#\/schema\/person\/05d223aea2bf115f9883a6ff3683d81b\",\"name\":\"Bruna Greco\",\"image\":{\"@type\":\"ImageObject\",\"inLanguage\":\"pt-BR\",\"@id\":\"https:\/\/www.manaus.am.gov.br\/semtepi\/#\/schema\/person\/image\/\",\"url\":\"https:\/\/secure.gravatar.com\/avatar\/9c877d1a6adc2a055330e5c09a8653ce?s=96&d=mm&r=g\",\"contentUrl\":\"https:\/\/secure.gravatar.com\/avatar\/9c877d1a6adc2a055330e5c09a8653ce?s=96&d=mm&r=g\",\"caption\":\"Bruna Greco\"}}]}<\/script>\n<!-- \/ Yoast SEO plugin. -->","yoast_head_json":{"title":"Prefeitura de Manaus participa do evento de tecnologia \u2018Amaz\u00f4nia Innovation Day\u2019","description":"A Prefeitura de Manaus, por meio da Secretaria Municipal do Trabalho, Empreendedorismo e Inova\u00e7\u00e3o (Semtepi), participar\u00e1, no dia 28\/9, a partir das 14h, da primeira edi\u00e7\u00e3o do \u201cAmaz\u00f4nia Innovation Day\u201d, no Casar\u00e3o da Inova\u00e7\u00e3o Cassina, localizado na rua Bernardo Ramos, n\u00ba 290, Centro, zona Sul. O evento j\u00e1 est\u00e1 com inscri\u00e7\u00f5es abertas pelo link:\u00a0https:\/\/bitly.ws\/V867.","robots":{"index":"noindex","follow":"follow"},"og_locale":"pt_BR","og_type":"article","og_title":"Prefeitura de Manaus participa do evento de tecnologia \u2018Amaz\u00f4nia Innovation Day\u2019","og_description":"A Prefeitura de Manaus, por meio da Secretaria Municipal do Trabalho, Empreendedorismo e Inova\u00e7\u00e3o (Semtepi), participar\u00e1, no dia 28\/9, a partir das 14h, da primeira edi\u00e7\u00e3o do \u201cAmaz\u00f4nia Innovation Day\u201d, no Casar\u00e3o da Inova\u00e7\u00e3o Cassina, localizado na rua Bernardo Ramos, n\u00ba 290, Centro, zona Sul. O evento j\u00e1 est\u00e1 com inscri\u00e7\u00f5es abertas pelo link:\u00a0https:\/\/bitly.ws\/V867.","og_url":"https:\/\/www.manaus.am.gov.br\/semtepi\/inscricoes\/prefeitura-de-manaus-participa-do-evento-de-tecnologia-amazonia-innovation-day\/","og_site_name":"SEMTEPI","article_published_time":"2023-09-19T16:29:49+00:00","article_modified_time":"2023-09-19T18:03:51+00:00","og_image":[{"width":2048,"height":1365,"url":"https:\/\/www.manaus.am.gov.br\/semtepi\/wp-content\/uploads\/sites\/20\/2023\/09\/Casarao-da-Inovacao-Cassina-1.jpg","type":"image\/jpeg"}],"author":"Bruna Greco","twitter_card":"summary_large_image","twitter_misc":{"Written by":"Bruna Greco","Est. reading time":"2 minutos"},"schema":{"@context":"https:\/\/schema.org","@graph":[{"@type":"Article","@id":"https:\/\/www.manaus.am.gov.br\/semtepi\/inscricoes\/prefeitura-de-manaus-participa-do-evento-de-tecnologia-amazonia-innovation-day\/#article","isPartOf":{"@id":"https:\/\/www.manaus.am.gov.br\/semtepi\/inscricoes\/prefeitura-de-manaus-participa-do-evento-de-tecnologia-amazonia-innovation-day\/"},"author":{"name":"Bruna Greco","@id":"https:\/\/www.manaus.am.gov.br\/semtepi\/#\/schema\/person\/05d223aea2bf115f9883a6ff3683d81b"},"headline":"Prefeitura de Manaus participa do evento de tecnologia \u2018Amaz\u00f4nia\u00a0Innovation\u00a0Day\u2019","datePublished":"2023-09-19T16:29:49+00:00","dateModified":"2023-09-19T18:03:51+00:00","mainEntityOfPage":{"@id":"https:\/\/www.manaus.am.gov.br\/semtepi\/inscricoes\/prefeitura-de-manaus-participa-do-evento-de-tecnologia-amazonia-innovation-day\/"},"wordCount":396,"publisher":{"@id":"https:\/\/www.manaus.am.gov.br\/semtepi\/#organization"},"image":{"@id":"https:\/\/www.manaus.am.gov.br\/semtepi\/inscricoes\/prefeitura-de-manaus-participa-do-evento-de-tecnologia-amazonia-innovation-day\/#primaryimage"},"thumbnailUrl":"https:\/\/www.manaus.am.gov.br\/semtepi\/wp-content\/uploads\/sites\/20\/2023\/09\/Casarao-da-Inovacao-Cassina-1.jpg","keywords":["\u2018Amaz\u00f4nia\u00a0Innovation\u00a0Day\u2019","competi\u00e7\u00e3o entre startups","evento de tecnologia","painel \u201cEcossistema de Inova\u00e7\u00e3o da Amaz\u00f4nia\u201d","prefeitura de manaus","Promovido pela Amaz\u00f4nia Venture Builder","Semtepi"],"articleSection":["Inscri\u00e7\u00f5es"],"inLanguage":"pt-BR"},{"@type":"WebPage","@id":"https:\/\/www.manaus.am.gov.br\/semtepi\/inscricoes\/prefeitura-de-manaus-participa-do-evento-de-tecnologia-amazonia-innovation-day\/","url":"https:\/\/www.manaus.am.gov.br\/semtepi\/inscricoes\/prefeitura-de-manaus-participa-do-evento-de-tecnologia-amazonia-innovation-day\/","name":"Prefeitura de Manaus participa do evento de tecnologia \u2018Amaz\u00f4nia Innovation Day\u2019","isPartOf":{"@id":"https:\/\/www.manaus.am.gov.br\/semtepi\/#website"},"primaryImageOfPage":{"@id":"https:\/\/www.manaus.am.gov.br\/semtepi\/inscricoes\/prefeitura-de-manaus-participa-do-evento-de-tecnologia-amazonia-innovation-day\/#primaryimage"},"image":{"@id":"https:\/\/www.manaus.am.gov.br\/semtepi\/inscricoes\/prefeitura-de-manaus-participa-do-evento-de-tecnologia-amazonia-innovation-day\/#primaryimage"},"thumbnailUrl":"https:\/\/www.manaus.am.gov.br\/semtepi\/wp-content\/uploads\/sites\/20\/2023\/09\/Casarao-da-Inovacao-Cassina-1.jpg","datePublished":"2023-09-19T16:29:49+00:00","dateModified":"2023-09-19T18:03:51+00:00","description":"A Prefeitura de Manaus, por meio da Secretaria Municipal do Trabalho, Empreendedorismo e Inova\u00e7\u00e3o (Semtepi), participar\u00e1, no dia 28\/9, a partir das 14h, da primeira edi\u00e7\u00e3o do \u201cAmaz\u00f4nia Innovation Day\u201d, no Casar\u00e3o da Inova\u00e7\u00e3o Cassina, localizado na rua Bernardo Ramos, n\u00ba 290, Centro, zona Sul. O evento j\u00e1 est\u00e1 com inscri\u00e7\u00f5es abertas pelo link:\u00a0https:\/\/bitly.ws\/V867.","breadcrumb":{"@id":"https:\/\/www.manaus.am.gov.br\/semtepi\/inscricoes\/prefeitura-de-manaus-participa-do-evento-de-tecnologia-amazonia-innovation-day\/#breadcrumb"},"inLanguage":"pt-BR","potentialAction":[{"@type":"ReadAction","target":["https:\/\/www.manaus.am.gov.br\/semtepi\/inscricoes\/prefeitura-de-manaus-participa-do-evento-de-tecnologia-amazonia-innovation-day\/"]}]},{"@type":"ImageObject","inLanguage":"pt-BR","@id":"https:\/\/www.manaus.am.gov.br\/semtepi\/inscricoes\/prefeitura-de-manaus-participa-do-evento-de-tecnologia-amazonia-innovation-day\/#primaryimage","url":"https:\/\/www.manaus.am.gov.br\/semtepi\/wp-content\/uploads\/sites\/20\/2023\/09\/Casarao-da-Inovacao-Cassina-1.jpg","contentUrl":"https:\/\/www.manaus.am.gov.br\/semtepi\/wp-content\/uploads\/sites\/20\/2023\/09\/Casarao-da-Inovacao-Cassina-1.jpg","width":2048,"height":1365},{"@type":"BreadcrumbList","@id":"https:\/\/www.manaus.am.gov.br\/semtepi\/inscricoes\/prefeitura-de-manaus-participa-do-evento-de-tecnologia-amazonia-innovation-day\/#breadcrumb","itemListElement":[{"@type":"ListItem","position":1,"name":"Home","item":"https:\/\/www.manaus.am.gov.br\/semtepi\/"},{"@type":"ListItem","position":2,"name":"Prefeitura de Manaus participa do evento de tecnologia \u2018Amaz\u00f4nia\u00a0Innovation\u00a0Day\u2019"}]},{"@type":"WebSite","@id":"https:\/\/www.manaus.am.gov.br\/semtepi\/#website","url":"https:\/\/www.manaus.am.gov.br\/semtepi\/","name":"SEMTEPI","description":"Prefeitura de Manaus","publisher":{"@id":"https:\/\/www.manaus.am.gov.br\/semtepi\/#organization"},"alternateName":"Secretaria Municipal do Trabalho, Empreendedorismo e Inova\u00e7\u00e3o","potentialAction":[{"@type":"SearchAction","target":{"@type":"EntryPoint","urlTemplate":"https:\/\/www.manaus.am.gov.br\/semtepi\/?s={search_term_string}"},"query-input":"required name=search_term_string"}],"inLanguage":"pt-BR"},{"@type":"Organization","@id":"https:\/\/www.manaus.am.gov.br\/semtepi\/#organization","name":"Prefeitura Municipal de Manaus","alternateName":"Prefeitura de Manaus","url":"https:\/\/www.manaus.am.gov.br\/semtepi\/","logo":{"@type":"ImageObject","inLanguage":"pt-BR","@id":"https:\/\/www.manaus.am.gov.br\/semtepi\/#\/schema\/logo\/image\/","url":"https:\/\/www.manaus.am.gov.br\/semtepi\/wp-content\/uploads\/sites\/20\/2024\/07\/favicon.png","contentUrl":"https:\/\/www.manaus.am.gov.br\/semtepi\/wp-content\/uploads\/sites\/20\/2024\/07\/favicon.png","width":300,"height":300,"caption":"Prefeitura Municipal de Manaus"},"image":{"@id":"https:\/\/www.manaus.am.gov.br\/semtepi\/#\/schema\/logo\/image\/"}},{"@type":"Person","@id":"https:\/\/www.manaus.am.gov.br\/semtepi\/#\/schema\/person\/05d223aea2bf115f9883a6ff3683d81b","name":"Bruna Greco","image":{"@type":"ImageObject","inLanguage":"pt-BR","@id":"https:\/\/www.manaus.am.gov.br\/semtepi\/#\/schema\/person\/image\/","url":"https:\/\/secure.gravatar.com\/avatar\/9c877d1a6adc2a055330e5c09a8653ce?s=96&d=mm&r=g","contentUrl":"https:\/\/secure.gravatar.com\/avatar\/9c877d1a6adc2a055330e5c09a8653ce?s=96&d=mm&r=g","caption":"Bruna Greco"}}]}},"_links":{"self":[{"href":"https:\/\/www.manaus.am.gov.br\/semtepi\/wp-json\/wp\/v2\/posts\/2622"}],"collection":[{"href":"https:\/\/www.manaus.am.gov.br\/semtepi\/wp-json\/wp\/v2\/posts"}],"about":[{"href":"https:\/\/www.manaus.am.gov.br\/semtepi\/wp-json\/wp\/v2\/types\/post"}],"author":[{"embeddable":true,"href":"https:\/\/www.manaus.am.gov.br\/semtepi\/wp-json\/wp\/v2\/users\/39"}],"replies":[{"embeddable":true,"href":"https:\/\/www.manaus.am.gov.br\/semtepi\/wp-json\/wp\/v2\/comments?post=2622"}],"version-history":[{"count":1,"href":"https:\/\/www.manaus.am.gov.br\/semtepi\/wp-json\/wp\/v2\/posts\/2622\/revisions"}],"predecessor-version":[{"id":2624,"href":"https:\/\/www.manaus.am.gov.br\/semtepi\/wp-json\/wp\/v2\/posts\/2622\/revisions\/2624"}],"wp:featuredmedia":[{"embeddable":true,"href":"https:\/\/www.manaus.am.gov.br\/semtepi\/wp-json\/wp\/v2\/media\/2623"}],"wp:attachment":[{"href":"https:\/\/www.manaus.am.gov.br\/semtepi\/wp-json\/wp\/v2\/media?parent=2622"}],"wp:term":[{"taxonomy":"category","embeddable":true,"href":"https:\/\/www.manaus.am.gov.br\/semtepi\/wp-json\/wp\/v2\/categories?post=2622"},{"taxonomy":"post_tag","embeddable":true,"href":"https:\/\/www.manaus.am.gov.br\/semtepi\/wp-json\/wp\/v2\/tags?post=2622"}],"curies":[{"name":"wp","href":"https:\/\/api.w.org\/{rel}","templated":true}]}}