{"id":2614,"date":"2023-09-18T15:23:02","date_gmt":"2023-09-18T19:23:02","guid":{"rendered":"https:\/\/www.manaus.am.gov.br\/semtepi\/sem-categoria\/prefeitura-de-manaus-encerra-curso-formacao-c-level-com-mais-de-100-participantes-certificados\/"},"modified":"2023-09-18T15:29:13","modified_gmt":"2023-09-18T19:29:13","slug":"prefeitura-de-manaus-encerra-curso-formacao-c-level-com-mais-de-100-participantes-certificados","status":"publish","type":"post","link":"https:\/\/www.manaus.am.gov.br\/semtepi\/qualificacao\/prefeitura-de-manaus-encerra-curso-formacao-c-level-com-mais-de-100-participantes-certificados\/","title":{"rendered":"<strong>Prefeitura de Manaus encerra curso \u2018Forma\u00e7\u00e3o C-Level\u2019 com mais de 100 participantes certificados<\/strong>"},"content":{"rendered":"\n<p>A Prefeitura de Manaus, por meio da Secretaria Municipal do Trabalho, Empreendedorismo e Inova\u00e7\u00e3o (Semtepi) e do Fundo Municipal de Empreendedorismo e Inova\u00e7\u00e3o (Fumipeq), encerrou, no \u00faltimo s\u00e1bado, 16\/9, o curso \u201cForma\u00e7\u00e3o C-Level\u201d, com 114 participantes certificados, no Casar\u00e3o da Inova\u00e7\u00e3o Cassina, no centro hist\u00f3rico da capital.<\/p>\n\n\n\n<p>Desenvolvido para qualificar, preparar e capacitar lideran\u00e7as de startups, empreendedores e pessoas interessadas em abrir o pr\u00f3prio neg\u00f3cio nas \u00e1reas de tecnologia e inova\u00e7\u00e3o, o curso teve por objetivo formar trabalhadores que possam se destacar no mercado de trabalho, encerrando com tr\u00eas turmas formadas e 80% de participa\u00e7\u00e3o dos alunos.<\/p>\n\n\n\n<p>\u201cEncerramos o curso \u201cForma\u00e7\u00e3o C-Level\u201d, que foi cuidadosamente desenvolvido com o prop\u00f3sito de formar profissionais capazes de se destacar no competitivo e atual mercado de trabalho. O programa \u00e9 um exemplo concreto de como o poder p\u00fablico est\u00e1 investindo na forma\u00e7\u00e3o de talentos e no fortalecimento do ecossistema de startups e inova\u00e7\u00e3o\u201d, destacou o titular da Semtepi, Radyr J\u00fanior.<\/p>\n\n\n\n<p>Como parte do edital \u201cMais Inova\u00e7\u00e3o\u201d e executado pelo Instituto Creathus e Innovation Studio, o curso educacional surgiu de um termo utilizado no mundo corporativo para designar os executivos de alto escal\u00e3o de uma organiza\u00e7\u00e3o. Esses executivos s\u00e3o respons\u00e1veis por tomar decis\u00f5es estrat\u00e9gicas e liderar a empresa em n\u00edvel executivo.<\/p>\n\n\n\n<p>Durante as aulas, os alunos participaram de tr\u00eas m\u00f3dulos, intitulados: \u201cFundamentos de um novo mercado: A nova economia e mercado\u201d; \u201cA Transforma\u00e7\u00e3o dos mercados atrav\u00e9s da tecnologia: A nova maneira de inovar\u201d; e \u201cO novo padr\u00e3o de lideran\u00e7a e gest\u00e3o: O novo contexto de gest\u00e3o\u201d.<\/p>\n\n\n\n<p>De acordo com a analista de sistemas, engenheira de software e docente de Tecnologia e Inova\u00e7\u00e3o, Roneuane Grazielle, a atividade foi importante para evoluir suas habilidades como profissional.<\/p>\n\n\n\n<p>\u201cA forma\u00e7\u00e3o C-Level \u00e9 um impulso \u00e0 seguran\u00e7a que temos para compreender as necessidades de inova\u00e7\u00e3o em nossa regi\u00e3o, especialmente no contexto econ\u00f4mico, gera\u00e7\u00e3o de empregos e aumento da renda. Como docente, espero atrair empreendedores inovadores para nossa ind\u00fastria e com\u00e9rcio em breve. Reconhe\u00e7o que essa conquista se deve \u00e0 excelente estrat\u00e9gia da equipe da Semtepi e ao apoio do prefeito David Almeida. Portanto, devemos continuar colaborando para impulsionar a economia em nosso estado e munic\u00edpios\u201d, descreveu a aluna.<\/p>\n\n\n\n<p>&#8212; &#8212; &#8212;<\/p>\n\n\n\n<p><strong>Texto \u2013<\/strong> Fabiane Monteiro \/ Semtepi<\/p>\n\n\n\n<p><strong>Foto \u2013 <\/strong>Divulga\u00e7\u00e3o \/ Semtepi<\/p>\n","protected":false},"excerpt":{"rendered":"","protected":false},"author":39,"featured_media":2615,"comment_status":"closed","ping_status":"closed","sticky":false,"template":"","format":"standard","meta":{"footnotes":""},"categories":[82],"tags":[578,579,503,364,8,9],"acf":[],"yoast_head":"<!-- This site is optimized with the Yoast SEO plugin v23.0 - https:\/\/yoast.com\/wordpress\/plugins\/seo\/ -->\n<title>Prefeitura de Manaus encerra curso \u2018Forma\u00e7\u00e3o C-Level\u2019 com mais de 100 participantes certificados<\/title>\n<meta name=\"description\" content=\"A Prefeitura de Manaus, por meio da Secretaria Municipal do Trabalho, Empreendedorismo e Inova\u00e7\u00e3o (Semtepi) e do Fundo Municipal de Empreendedorismo e Inova\u00e7\u00e3o (Fumipeq), encerrou, no \u00faltimo s\u00e1bado, 16\/9, o curso \u201cForma\u00e7\u00e3o C-Level\u201d, com 114 participantes certificados, no Casar\u00e3o da Inova\u00e7\u00e3o Cassina, no centro hist\u00f3rico da capital.\" \/>\n<meta name=\"robots\" content=\"noindex, follow\" \/>\n<meta property=\"og:locale\" content=\"pt_BR\" \/>\n<meta property=\"og:type\" content=\"article\" \/>\n<meta property=\"og:title\" content=\"Prefeitura de Manaus encerra curso \u2018Forma\u00e7\u00e3o C-Level\u2019 com mais de 100 participantes certificados\" \/>\n<meta property=\"og:description\" content=\"A Prefeitura de Manaus, por meio da Secretaria Municipal do Trabalho, Empreendedorismo e Inova\u00e7\u00e3o (Semtepi) e do Fundo Municipal de Empreendedorismo e Inova\u00e7\u00e3o (Fumipeq), encerrou, no \u00faltimo s\u00e1bado, 16\/9, o curso \u201cForma\u00e7\u00e3o C-Level\u201d, com 114 participantes certificados, no Casar\u00e3o da Inova\u00e7\u00e3o Cassina, no centro hist\u00f3rico da capital.\" \/>\n<meta property=\"og:url\" content=\"https:\/\/www.manaus.am.gov.br\/semtepi\/qualificacao\/prefeitura-de-manaus-encerra-curso-formacao-c-level-com-mais-de-100-participantes-certificados\/\" \/>\n<meta property=\"og:site_name\" content=\"SEMTEPI\" \/>\n<meta property=\"article:published_time\" content=\"2023-09-18T19:23:02+00:00\" \/>\n<meta property=\"article:modified_time\" content=\"2023-09-18T19:29:13+00:00\" \/>\n<meta property=\"og:image\" content=\"https:\/\/www.manaus.am.gov.br\/semtepi\/wp-content\/uploads\/sites\/20\/2023\/09\/Formacao-C-Level-1.jpeg\" \/>\n\t<meta property=\"og:image:width\" content=\"1600\" \/>\n\t<meta property=\"og:image:height\" content=\"1200\" \/>\n\t<meta property=\"og:image:type\" content=\"image\/jpeg\" \/>\n<meta name=\"author\" content=\"Bruna Greco\" \/>\n<meta name=\"twitter:card\" content=\"summary_large_image\" \/>\n<meta name=\"twitter:label1\" content=\"Written by\" \/>\n\t<meta name=\"twitter:data1\" content=\"Bruna Greco\" \/>\n\t<meta name=\"twitter:label2\" content=\"Est. reading time\" \/>\n\t<meta name=\"twitter:data2\" content=\"3 minutos\" \/>\n<script type=\"application\/ld+json\" class=\"yoast-schema-graph\">{\"@context\":\"https:\/\/schema.org\",\"@graph\":[{\"@type\":\"Article\",\"@id\":\"https:\/\/www.manaus.am.gov.br\/semtepi\/qualificacao\/prefeitura-de-manaus-encerra-curso-formacao-c-level-com-mais-de-100-participantes-certificados\/#article\",\"isPartOf\":{\"@id\":\"https:\/\/www.manaus.am.gov.br\/semtepi\/qualificacao\/prefeitura-de-manaus-encerra-curso-formacao-c-level-com-mais-de-100-participantes-certificados\/\"},\"author\":{\"name\":\"Bruna Greco\",\"@id\":\"https:\/\/www.manaus.am.gov.br\/semtepi\/#\/schema\/person\/05d223aea2bf115f9883a6ff3683d81b\"},\"headline\":\"Prefeitura de Manaus encerra curso \u2018Forma\u00e7\u00e3o C-Level\u2019 com mais de 100 participantes certificados\",\"datePublished\":\"2023-09-18T19:23:02+00:00\",\"dateModified\":\"2023-09-18T19:29:13+00:00\",\"mainEntityOfPage\":{\"@id\":\"https:\/\/www.manaus.am.gov.br\/semtepi\/qualificacao\/prefeitura-de-manaus-encerra-curso-formacao-c-level-com-mais-de-100-participantes-certificados\/\"},\"wordCount\":422,\"publisher\":{\"@id\":\"https:\/\/www.manaus.am.gov.br\/semtepi\/#organization\"},\"image\":{\"@id\":\"https:\/\/www.manaus.am.gov.br\/semtepi\/qualificacao\/prefeitura-de-manaus-encerra-curso-formacao-c-level-com-mais-de-100-participantes-certificados\/#primaryimage\"},\"thumbnailUrl\":\"https:\/\/www.manaus.am.gov.br\/semtepi\/wp-content\/uploads\/sites\/20\/2023\/09\/Formacao-C-Level-1.jpeg\",\"keywords\":[\"114 participantes certificados\",\"curso \u2018Forma\u00e7\u00e3o C-Level\u2019\",\"edital &quot;Mais Inova\u00e7\u00e3o&quot;\",\"Fundo Municipal de Empreendedorismo e Inova\u00e7\u00e3o (Fumipeq)\",\"prefeitura de manaus\",\"Semtepi\"],\"articleSection\":[\"Qualifica\u00e7\u00e3o\"],\"inLanguage\":\"pt-BR\"},{\"@type\":\"WebPage\",\"@id\":\"https:\/\/www.manaus.am.gov.br\/semtepi\/qualificacao\/prefeitura-de-manaus-encerra-curso-formacao-c-level-com-mais-de-100-participantes-certificados\/\",\"url\":\"https:\/\/www.manaus.am.gov.br\/semtepi\/qualificacao\/prefeitura-de-manaus-encerra-curso-formacao-c-level-com-mais-de-100-participantes-certificados\/\",\"name\":\"Prefeitura de Manaus encerra curso \u2018Forma\u00e7\u00e3o C-Level\u2019 com mais de 100 participantes certificados\",\"isPartOf\":{\"@id\":\"https:\/\/www.manaus.am.gov.br\/semtepi\/#website\"},\"primaryImageOfPage\":{\"@id\":\"https:\/\/www.manaus.am.gov.br\/semtepi\/qualificacao\/prefeitura-de-manaus-encerra-curso-formacao-c-level-com-mais-de-100-participantes-certificados\/#primaryimage\"},\"image\":{\"@id\":\"https:\/\/www.manaus.am.gov.br\/semtepi\/qualificacao\/prefeitura-de-manaus-encerra-curso-formacao-c-level-com-mais-de-100-participantes-certificados\/#primaryimage\"},\"thumbnailUrl\":\"https:\/\/www.manaus.am.gov.br\/semtepi\/wp-content\/uploads\/sites\/20\/2023\/09\/Formacao-C-Level-1.jpeg\",\"datePublished\":\"2023-09-18T19:23:02+00:00\",\"dateModified\":\"2023-09-18T19:29:13+00:00\",\"description\":\"A Prefeitura de Manaus, por meio da Secretaria Municipal do Trabalho, Empreendedorismo e Inova\u00e7\u00e3o (Semtepi) e do Fundo Municipal de Empreendedorismo e Inova\u00e7\u00e3o (Fumipeq), encerrou, no \u00faltimo s\u00e1bado, 16\/9, o curso \u201cForma\u00e7\u00e3o C-Level\u201d, com 114 participantes certificados, no Casar\u00e3o da Inova\u00e7\u00e3o Cassina, no centro hist\u00f3rico da capital.\",\"breadcrumb\":{\"@id\":\"https:\/\/www.manaus.am.gov.br\/semtepi\/qualificacao\/prefeitura-de-manaus-encerra-curso-formacao-c-level-com-mais-de-100-participantes-certificados\/#breadcrumb\"},\"inLanguage\":\"pt-BR\",\"potentialAction\":[{\"@type\":\"ReadAction\",\"target\":[\"https:\/\/www.manaus.am.gov.br\/semtepi\/qualificacao\/prefeitura-de-manaus-encerra-curso-formacao-c-level-com-mais-de-100-participantes-certificados\/\"]}]},{\"@type\":\"ImageObject\",\"inLanguage\":\"pt-BR\",\"@id\":\"https:\/\/www.manaus.am.gov.br\/semtepi\/qualificacao\/prefeitura-de-manaus-encerra-curso-formacao-c-level-com-mais-de-100-participantes-certificados\/#primaryimage\",\"url\":\"https:\/\/www.manaus.am.gov.br\/semtepi\/wp-content\/uploads\/sites\/20\/2023\/09\/Formacao-C-Level-1.jpeg\",\"contentUrl\":\"https:\/\/www.manaus.am.gov.br\/semtepi\/wp-content\/uploads\/sites\/20\/2023\/09\/Formacao-C-Level-1.jpeg\",\"width\":1600,\"height\":1200},{\"@type\":\"BreadcrumbList\",\"@id\":\"https:\/\/www.manaus.am.gov.br\/semtepi\/qualificacao\/prefeitura-de-manaus-encerra-curso-formacao-c-level-com-mais-de-100-participantes-certificados\/#breadcrumb\",\"itemListElement\":[{\"@type\":\"ListItem\",\"position\":1,\"name\":\"Home\",\"item\":\"https:\/\/www.manaus.am.gov.br\/semtepi\/\"},{\"@type\":\"ListItem\",\"position\":2,\"name\":\"Prefeitura de Manaus encerra curso \u2018Forma\u00e7\u00e3o C-Level\u2019 com mais de 100 participantes certificados\"}]},{\"@type\":\"WebSite\",\"@id\":\"https:\/\/www.manaus.am.gov.br\/semtepi\/#website\",\"url\":\"https:\/\/www.manaus.am.gov.br\/semtepi\/\",\"name\":\"SEMTEPI\",\"description\":\"Prefeitura de Manaus\",\"publisher\":{\"@id\":\"https:\/\/www.manaus.am.gov.br\/semtepi\/#organization\"},\"alternateName\":\"Secretaria Municipal do Trabalho, Empreendedorismo e Inova\u00e7\u00e3o\",\"potentialAction\":[{\"@type\":\"SearchAction\",\"target\":{\"@type\":\"EntryPoint\",\"urlTemplate\":\"https:\/\/www.manaus.am.gov.br\/semtepi\/?s={search_term_string}\"},\"query-input\":\"required name=search_term_string\"}],\"inLanguage\":\"pt-BR\"},{\"@type\":\"Organization\",\"@id\":\"https:\/\/www.manaus.am.gov.br\/semtepi\/#organization\",\"name\":\"Prefeitura Municipal de Manaus\",\"alternateName\":\"Prefeitura de Manaus\",\"url\":\"https:\/\/www.manaus.am.gov.br\/semtepi\/\",\"logo\":{\"@type\":\"ImageObject\",\"inLanguage\":\"pt-BR\",\"@id\":\"https:\/\/www.manaus.am.gov.br\/semtepi\/#\/schema\/logo\/image\/\",\"url\":\"https:\/\/www.manaus.am.gov.br\/semtepi\/wp-content\/uploads\/sites\/20\/2024\/07\/favicon.png\",\"contentUrl\":\"https:\/\/www.manaus.am.gov.br\/semtepi\/wp-content\/uploads\/sites\/20\/2024\/07\/favicon.png\",\"width\":300,\"height\":300,\"caption\":\"Prefeitura Municipal de Manaus\"},\"image\":{\"@id\":\"https:\/\/www.manaus.am.gov.br\/semtepi\/#\/schema\/logo\/image\/\"}},{\"@type\":\"Person\",\"@id\":\"https:\/\/www.manaus.am.gov.br\/semtepi\/#\/schema\/person\/05d223aea2bf115f9883a6ff3683d81b\",\"name\":\"Bruna Greco\",\"image\":{\"@type\":\"ImageObject\",\"inLanguage\":\"pt-BR\",\"@id\":\"https:\/\/www.manaus.am.gov.br\/semtepi\/#\/schema\/person\/image\/\",\"url\":\"https:\/\/secure.gravatar.com\/avatar\/9c877d1a6adc2a055330e5c09a8653ce?s=96&d=mm&r=g\",\"contentUrl\":\"https:\/\/secure.gravatar.com\/avatar\/9c877d1a6adc2a055330e5c09a8653ce?s=96&d=mm&r=g\",\"caption\":\"Bruna Greco\"}}]}<\/script>\n<!-- \/ Yoast SEO plugin. -->","yoast_head_json":{"title":"Prefeitura de Manaus encerra curso \u2018Forma\u00e7\u00e3o C-Level\u2019 com mais de 100 participantes certificados","description":"A Prefeitura de Manaus, por meio da Secretaria Municipal do Trabalho, Empreendedorismo e Inova\u00e7\u00e3o (Semtepi) e do Fundo Municipal de Empreendedorismo e Inova\u00e7\u00e3o (Fumipeq), encerrou, no \u00faltimo s\u00e1bado, 16\/9, o curso \u201cForma\u00e7\u00e3o C-Level\u201d, com 114 participantes certificados, no Casar\u00e3o da Inova\u00e7\u00e3o Cassina, no centro hist\u00f3rico da capital.","robots":{"index":"noindex","follow":"follow"},"og_locale":"pt_BR","og_type":"article","og_title":"Prefeitura de Manaus encerra curso \u2018Forma\u00e7\u00e3o C-Level\u2019 com mais de 100 participantes certificados","og_description":"A Prefeitura de Manaus, por meio da Secretaria Municipal do Trabalho, Empreendedorismo e Inova\u00e7\u00e3o (Semtepi) e do Fundo Municipal de Empreendedorismo e Inova\u00e7\u00e3o (Fumipeq), encerrou, no \u00faltimo s\u00e1bado, 16\/9, o curso \u201cForma\u00e7\u00e3o C-Level\u201d, com 114 participantes certificados, no Casar\u00e3o da Inova\u00e7\u00e3o Cassina, no centro hist\u00f3rico da capital.","og_url":"https:\/\/www.manaus.am.gov.br\/semtepi\/qualificacao\/prefeitura-de-manaus-encerra-curso-formacao-c-level-com-mais-de-100-participantes-certificados\/","og_site_name":"SEMTEPI","article_published_time":"2023-09-18T19:23:02+00:00","article_modified_time":"2023-09-18T19:29:13+00:00","og_image":[{"width":1600,"height":1200,"url":"https:\/\/www.manaus.am.gov.br\/semtepi\/wp-content\/uploads\/sites\/20\/2023\/09\/Formacao-C-Level-1.jpeg","type":"image\/jpeg"}],"author":"Bruna Greco","twitter_card":"summary_large_image","twitter_misc":{"Written by":"Bruna Greco","Est. reading time":"3 minutos"},"schema":{"@context":"https:\/\/schema.org","@graph":[{"@type":"Article","@id":"https:\/\/www.manaus.am.gov.br\/semtepi\/qualificacao\/prefeitura-de-manaus-encerra-curso-formacao-c-level-com-mais-de-100-participantes-certificados\/#article","isPartOf":{"@id":"https:\/\/www.manaus.am.gov.br\/semtepi\/qualificacao\/prefeitura-de-manaus-encerra-curso-formacao-c-level-com-mais-de-100-participantes-certificados\/"},"author":{"name":"Bruna Greco","@id":"https:\/\/www.manaus.am.gov.br\/semtepi\/#\/schema\/person\/05d223aea2bf115f9883a6ff3683d81b"},"headline":"Prefeitura de Manaus encerra curso \u2018Forma\u00e7\u00e3o C-Level\u2019 com mais de 100 participantes certificados","datePublished":"2023-09-18T19:23:02+00:00","dateModified":"2023-09-18T19:29:13+00:00","mainEntityOfPage":{"@id":"https:\/\/www.manaus.am.gov.br\/semtepi\/qualificacao\/prefeitura-de-manaus-encerra-curso-formacao-c-level-com-mais-de-100-participantes-certificados\/"},"wordCount":422,"publisher":{"@id":"https:\/\/www.manaus.am.gov.br\/semtepi\/#organization"},"image":{"@id":"https:\/\/www.manaus.am.gov.br\/semtepi\/qualificacao\/prefeitura-de-manaus-encerra-curso-formacao-c-level-com-mais-de-100-participantes-certificados\/#primaryimage"},"thumbnailUrl":"https:\/\/www.manaus.am.gov.br\/semtepi\/wp-content\/uploads\/sites\/20\/2023\/09\/Formacao-C-Level-1.jpeg","keywords":["114 participantes certificados","curso \u2018Forma\u00e7\u00e3o C-Level\u2019","edital &quot;Mais Inova\u00e7\u00e3o&quot;","Fundo Municipal de Empreendedorismo e Inova\u00e7\u00e3o (Fumipeq)","prefeitura de manaus","Semtepi"],"articleSection":["Qualifica\u00e7\u00e3o"],"inLanguage":"pt-BR"},{"@type":"WebPage","@id":"https:\/\/www.manaus.am.gov.br\/semtepi\/qualificacao\/prefeitura-de-manaus-encerra-curso-formacao-c-level-com-mais-de-100-participantes-certificados\/","url":"https:\/\/www.manaus.am.gov.br\/semtepi\/qualificacao\/prefeitura-de-manaus-encerra-curso-formacao-c-level-com-mais-de-100-participantes-certificados\/","name":"Prefeitura de Manaus encerra curso \u2018Forma\u00e7\u00e3o C-Level\u2019 com mais de 100 participantes certificados","isPartOf":{"@id":"https:\/\/www.manaus.am.gov.br\/semtepi\/#website"},"primaryImageOfPage":{"@id":"https:\/\/www.manaus.am.gov.br\/semtepi\/qualificacao\/prefeitura-de-manaus-encerra-curso-formacao-c-level-com-mais-de-100-participantes-certificados\/#primaryimage"},"image":{"@id":"https:\/\/www.manaus.am.gov.br\/semtepi\/qualificacao\/prefeitura-de-manaus-encerra-curso-formacao-c-level-com-mais-de-100-participantes-certificados\/#primaryimage"},"thumbnailUrl":"https:\/\/www.manaus.am.gov.br\/semtepi\/wp-content\/uploads\/sites\/20\/2023\/09\/Formacao-C-Level-1.jpeg","datePublished":"2023-09-18T19:23:02+00:00","dateModified":"2023-09-18T19:29:13+00:00","description":"A Prefeitura de Manaus, por meio da Secretaria Municipal do Trabalho, Empreendedorismo e Inova\u00e7\u00e3o (Semtepi) e do Fundo Municipal de Empreendedorismo e Inova\u00e7\u00e3o (Fumipeq), encerrou, no \u00faltimo s\u00e1bado, 16\/9, o curso \u201cForma\u00e7\u00e3o C-Level\u201d, com 114 participantes certificados, no Casar\u00e3o da Inova\u00e7\u00e3o Cassina, no centro hist\u00f3rico da capital.","breadcrumb":{"@id":"https:\/\/www.manaus.am.gov.br\/semtepi\/qualificacao\/prefeitura-de-manaus-encerra-curso-formacao-c-level-com-mais-de-100-participantes-certificados\/#breadcrumb"},"inLanguage":"pt-BR","potentialAction":[{"@type":"ReadAction","target":["https:\/\/www.manaus.am.gov.br\/semtepi\/qualificacao\/prefeitura-de-manaus-encerra-curso-formacao-c-level-com-mais-de-100-participantes-certificados\/"]}]},{"@type":"ImageObject","inLanguage":"pt-BR","@id":"https:\/\/www.manaus.am.gov.br\/semtepi\/qualificacao\/prefeitura-de-manaus-encerra-curso-formacao-c-level-com-mais-de-100-participantes-certificados\/#primaryimage","url":"https:\/\/www.manaus.am.gov.br\/semtepi\/wp-content\/uploads\/sites\/20\/2023\/09\/Formacao-C-Level-1.jpeg","contentUrl":"https:\/\/www.manaus.am.gov.br\/semtepi\/wp-content\/uploads\/sites\/20\/2023\/09\/Formacao-C-Level-1.jpeg","width":1600,"height":1200},{"@type":"BreadcrumbList","@id":"https:\/\/www.manaus.am.gov.br\/semtepi\/qualificacao\/prefeitura-de-manaus-encerra-curso-formacao-c-level-com-mais-de-100-participantes-certificados\/#breadcrumb","itemListElement":[{"@type":"ListItem","position":1,"name":"Home","item":"https:\/\/www.manaus.am.gov.br\/semtepi\/"},{"@type":"ListItem","position":2,"name":"Prefeitura de Manaus encerra curso \u2018Forma\u00e7\u00e3o C-Level\u2019 com mais de 100 participantes certificados"}]},{"@type":"WebSite","@id":"https:\/\/www.manaus.am.gov.br\/semtepi\/#website","url":"https:\/\/www.manaus.am.gov.br\/semtepi\/","name":"SEMTEPI","description":"Prefeitura de Manaus","publisher":{"@id":"https:\/\/www.manaus.am.gov.br\/semtepi\/#organization"},"alternateName":"Secretaria Municipal do Trabalho, Empreendedorismo e Inova\u00e7\u00e3o","potentialAction":[{"@type":"SearchAction","target":{"@type":"EntryPoint","urlTemplate":"https:\/\/www.manaus.am.gov.br\/semtepi\/?s={search_term_string}"},"query-input":"required name=search_term_string"}],"inLanguage":"pt-BR"},{"@type":"Organization","@id":"https:\/\/www.manaus.am.gov.br\/semtepi\/#organization","name":"Prefeitura Municipal de Manaus","alternateName":"Prefeitura de Manaus","url":"https:\/\/www.manaus.am.gov.br\/semtepi\/","logo":{"@type":"ImageObject","inLanguage":"pt-BR","@id":"https:\/\/www.manaus.am.gov.br\/semtepi\/#\/schema\/logo\/image\/","url":"https:\/\/www.manaus.am.gov.br\/semtepi\/wp-content\/uploads\/sites\/20\/2024\/07\/favicon.png","contentUrl":"https:\/\/www.manaus.am.gov.br\/semtepi\/wp-content\/uploads\/sites\/20\/2024\/07\/favicon.png","width":300,"height":300,"caption":"Prefeitura Municipal de Manaus"},"image":{"@id":"https:\/\/www.manaus.am.gov.br\/semtepi\/#\/schema\/logo\/image\/"}},{"@type":"Person","@id":"https:\/\/www.manaus.am.gov.br\/semtepi\/#\/schema\/person\/05d223aea2bf115f9883a6ff3683d81b","name":"Bruna Greco","image":{"@type":"ImageObject","inLanguage":"pt-BR","@id":"https:\/\/www.manaus.am.gov.br\/semtepi\/#\/schema\/person\/image\/","url":"https:\/\/secure.gravatar.com\/avatar\/9c877d1a6adc2a055330e5c09a8653ce?s=96&d=mm&r=g","contentUrl":"https:\/\/secure.gravatar.com\/avatar\/9c877d1a6adc2a055330e5c09a8653ce?s=96&d=mm&r=g","caption":"Bruna Greco"}}]}},"_links":{"self":[{"href":"https:\/\/www.manaus.am.gov.br\/semtepi\/wp-json\/wp\/v2\/posts\/2614"}],"collection":[{"href":"https:\/\/www.manaus.am.gov.br\/semtepi\/wp-json\/wp\/v2\/posts"}],"about":[{"href":"https:\/\/www.manaus.am.gov.br\/semtepi\/wp-json\/wp\/v2\/types\/post"}],"author":[{"embeddable":true,"href":"https:\/\/www.manaus.am.gov.br\/semtepi\/wp-json\/wp\/v2\/users\/39"}],"replies":[{"embeddable":true,"href":"https:\/\/www.manaus.am.gov.br\/semtepi\/wp-json\/wp\/v2\/comments?post=2614"}],"version-history":[{"count":1,"href":"https:\/\/www.manaus.am.gov.br\/semtepi\/wp-json\/wp\/v2\/posts\/2614\/revisions"}],"predecessor-version":[{"id":2616,"href":"https:\/\/www.manaus.am.gov.br\/semtepi\/wp-json\/wp\/v2\/posts\/2614\/revisions\/2616"}],"wp:featuredmedia":[{"embeddable":true,"href":"https:\/\/www.manaus.am.gov.br\/semtepi\/wp-json\/wp\/v2\/media\/2615"}],"wp:attachment":[{"href":"https:\/\/www.manaus.am.gov.br\/semtepi\/wp-json\/wp\/v2\/media?parent=2614"}],"wp:term":[{"taxonomy":"category","embeddable":true,"href":"https:\/\/www.manaus.am.gov.br\/semtepi\/wp-json\/wp\/v2\/categories?post=2614"},{"taxonomy":"post_tag","embeddable":true,"href":"https:\/\/www.manaus.am.gov.br\/semtepi\/wp-json\/wp\/v2\/tags?post=2614"}],"curies":[{"name":"wp","href":"https:\/\/api.w.org\/{rel}","templated":true}]}}