{"id":2612,"date":"2023-09-17T09:28:11","date_gmt":"2023-09-17T13:28:11","guid":{"rendered":"https:\/\/www.manaus.am.gov.br\/semtepi\/sem-categoria\/sine-manaus-segunda-18-9\/"},"modified":"2023-09-17T09:28:12","modified_gmt":"2023-09-17T13:28:12","slug":"sine-manaus-segunda-18-9","status":"publish","type":"post","link":"https:\/\/www.manaus.am.gov.br\/semtepi\/oportunidade\/sine-manaus-segunda-18-9\/","title":{"rendered":"<strong>Sine Manaus oferta 526 vagas de emprego nesta segunda-feira, 18\/9<\/strong>"},"content":{"rendered":"\n<p>A Prefeitura de Manaus, por meio do Sine Manaus, oferta 526 vagas de emprego em v\u00e1rias \u00e1reas de atua\u00e7\u00e3o, nesta segunda-feira, 18\/9,&nbsp;de 8h \u00e0s 16h. O candidato precisa validar a Carteira Digital e Previd\u00eancia Social (CTPS) no aplicativo \u201cCarteira de Trabalho Digital\u201d ou acessar o site&nbsp;<a href=\"http:\/\/gov.br\/trabalho\" target=\"_blank\" rel=\"noreferrer noopener\">http:\/\/gov.br\/trabalho<\/a>&nbsp;e para concorrer \u00e0s vagas, deve acessar o site&nbsp;<a href=\"http:\/\/empregabrasil.mte.gov.br\/\" target=\"_blank\" rel=\"noreferrer noopener\">http:\/\/empregabrasil.mte.gov.br<\/a>&nbsp;para fazer a solicita\u00e7\u00e3o de cadastro.<\/p>\n\n\n\n<p>Para participar da pr\u00e9-sele\u00e7\u00e3o e concorrer a uma das vagas dispon\u00edveis, ou receber orienta\u00e7\u00e3o de cadastro, Carteira de Trabalho Digital e seguro-desemprego, os candidatos devem comparecer a um dos postos do Sine Manaus: na avenida Constantino Nery, n\u00ba 1.272, bairro S\u00e3o Geraldo, zona Centro-Sul; ou no shopping Phelippe Daou, na avenida Camapu\u00e3, n\u00ba 2.939, bairro Cidade de Deus, zona Leste.<\/p>\n\n\n\n<p>A Semtepi informa que o atendimento no posto do shopping Phelippe Daou foi reduzido em virtude de reforma no espa\u00e7o, e orienta os cidad\u00e3os a comparecerem, preferencialmente, ao posto da avenida Constantino Nery.<\/p>\n\n\n\n<p>Os interessados devem estar munidos do comprovante de vacina\u00e7\u00e3o (Covid-19), curr\u00edculo e documentos pessoais (RG, CPF, PIS, CTPS, comprovante de escolaridade e resid\u00eancia). N\u00e3o \u00e9 necess\u00e1rio apresentar c\u00f3pias, somente os documentos originais.<\/p>\n\n\n\n<p><strong>Vagas Novas \u2013 147<\/strong><\/p>\n\n\n\n<p><strong>1 vaga \u2013 Operador de Extrusora<\/strong><\/p>\n\n\n\n<p>Escolaridade \u2013 ensino m\u00e9dio completo;<\/p>\n\n\n\n<p>Experi\u00eancia \u2013 seis meses na Carteira de Trabalho;<\/p>\n\n\n\n<p>Requisitos obrigat\u00f3rios \u2013 ter curso de Operador de Extrusora atualizado;<\/p>\n\n\n\n<p>Atividades \u2013 operar m\u00e1quina extrusora; fazer o alinhamento dos materiais; organizar a mat\u00e9ria prima; repor os insumos necess\u00e1rios para o processo; controlar a qualidade dos produtos.<\/p>\n\n\n\n<p>Dispon\u00edvel at\u00e9 18\/09\/2023 ou encerramento da vaga.<\/p>\n\n\n\n<p><strong>1 vaga \u2013 Operador de Empilhadeira<\/strong><\/p>\n\n\n\n<p>Escolaridade \u2013 ensino m\u00e9dio completo;<\/p>\n\n\n\n<p>Experi\u00eancia \u2013 seis meses na Carteira de Trabalho;<\/p>\n\n\n\n<p>Requisitos obrigat\u00f3rios \u2013 ter curso de Operador de Empilhadeira atualizado;<\/p>\n\n\n\n<p>Atividades \u2013 preparar e movimentar carga; organizar carga, interpretar simbologia das embalagens, armazenar de acordo com o prazo de validade do produto, identificar caracter\u00edsticas da carga para transporte, armazenar e separar carga n\u00e3o-conforme; realizar manuten\u00e7\u00f5es previstas em equipamentos para movimenta\u00e7\u00e3o de cargas; trabalhar seguindo normas de seguran\u00e7a, higiene, qualidade e prote\u00e7\u00e3o ao meio ambiente.<\/p>\n\n\n\n<p>Dispon\u00edvel at\u00e9 18\/09\/2023 ou encerramento da vaga.<\/p>\n\n\n\n<p><strong>1 vaga \u2013 Mec\u00e2nico de Manuten\u00e7\u00e3o Industrial<\/strong><\/p>\n\n\n\n<p>Escolaridade \u2013 ensino t\u00e9cnico em mec\u00e2nica completo;<\/p>\n\n\n\n<p>Experi\u00eancia \u2013 seis meses na Carteira de Trabalho;<\/p>\n\n\n\n<p>Requisitos obrigat\u00f3rios \u2013 ter curso de Operador de Extrusora atualizado;<\/p>\n\n\n\n<p>Atividades \u2013 realizar a manuten\u00e7\u00e3o mec\u00e2nica, preventiva e corretiva de m\u00e1quinas e equipamentos; executar a lubrifica\u00e7\u00e3o nos equipamentos; realizar inspe\u00e7\u00f5es peri\u00f3dicas nos equipamentos; verificar o estado de conserva\u00e7\u00e3o dos componentes mec\u00e2nicos, hidr\u00e1ulicos, pneum\u00e1ticos e sistema de lubrifica\u00e7\u00e3o.<\/p>\n\n\n\n<p>Dispon\u00edvel at\u00e9 18\/09\/2023 ou encerramento da vaga.<\/p>\n\n\n\n<p><strong>20 vagas \u2013 Operador de Caixa<\/strong><\/p>\n\n\n\n<p>Escolaridade \u2013 ensino m\u00e9dio completo;<\/p>\n\n\n\n<p>Experi\u00eancia \u2013 seis meses na Carteira de Trabalho;<\/p>\n\n\n\n<p>Requisitos obrigat\u00f3rios \u2013 ter curso de Inform\u00e1tica b\u00e1sica;<\/p>\n\n\n\n<p>Atividades \u2013 receber valores de vendas de produtos e servi\u00e7os; controlar numer\u00e1rios e valores; atender o p\u00fablico na recep\u00e7\u00e3o; prestar informa\u00e7\u00f5es ao p\u00fablico, sobre itiner\u00e1rios, hor\u00e1rios, pre\u00e7os, locais, dura\u00e7\u00e3o de espet\u00e1culos, promo\u00e7\u00f5es e outros; preencher formul\u00e1rios e relat\u00f3rios administrativos.<\/p>\n\n\n\n<p>Dispon\u00edvel at\u00e9 18\/09\/2023 ou encerramento da vaga.<\/p>\n\n\n\n<p><strong>20 vagas \u2013 A\u00e7ougueiro<\/strong><\/p>\n\n\n\n<p>Escolaridade \u2013 ensino fundamental completo;<\/p>\n\n\n\n<p>Experi\u00eancia \u2013 primeiro emprego ou seis meses na Carteira de Trabalho;<\/p>\n\n\n\n<p>Atividades \u2013 abater bovinos e aves; controlar a temperatura e velocidade de m\u00e1quinas; preparar e limpar carca\u00e7as e v\u00edsceras de animais; preparar carnes para comercializa\u00e7\u00e3o; realizar tratamentos especiais em carnes, salgando, secando, prensando e adicionando conservantes; acondicionar carnes em embalagens individuais, manualmente ou com o aux\u00edlio de m\u00e1quinas de embalagem a v\u00e1cuo; trabalhar em conformidade com normas e procedimentos t\u00e9cnicos e de qualidade, seguran\u00e7a, higiene, sa\u00fade e preserva\u00e7\u00e3o ambiental.<\/p>\n\n\n\n<p>Dispon\u00edvel at\u00e9 18\/09\/2023 ou encerramento da vaga.<\/p>\n\n\n\n<p><strong>20 vagas \u2013 Peixeiro<\/strong><\/p>\n\n\n\n<p>Escolaridade \u2013 ensino fundamental completo;<\/p>\n\n\n\n<p>Experi\u00eancia \u2013 primeiro emprego ou seis meses na Carteira de Trabalho;<\/p>\n\n\n\n<p>Atividades \u2013 respons\u00e1vel pelo armazenamento e limpeza de pescados e frutos do mar de modo geral; realizar demais atividades inerentes \u00e0 fun\u00e7\u00e3o.<\/p>\n\n\n\n<p>Dispon\u00edvel at\u00e9 18\/09\/2023 ou encerramento da vaga.<\/p>\n\n\n\n<p><strong>20 vagas \u2013 Repositor de Mercadorias<\/strong><\/p>\n\n\n\n<p>Escolaridade \u2013 ensino fundamental completo;<\/p>\n\n\n\n<p>Experi\u00eancia \u2013 primeiro emprego ou seis meses na Carteira de Trabalho;<\/p>\n\n\n\n<p>Atividades \u2013 repor e arrumar mercadorias em prateleiras; organizar e abastecer as g\u00f4ndolas de produtos; prestar atendimento aos clientes, indicando a posi\u00e7\u00e3o das mercadorias; selecionar os locais mais adequados para expor os produtos.<\/p>\n\n\n\n<p>Dispon\u00edvel at\u00e9 18\/09\/2023 ou encerramento da vaga.<\/p>\n\n\n\n<p><strong>20 vagas \u2013 Auxiliar de Limpeza<\/strong><\/p>\n\n\n\n<p>Escolaridade \u2013 ensino fundamental completo;<\/p>\n\n\n\n<p>Experi\u00eancia \u2013 primeiro emprego (carteira branca) ou seis meses na Carteira de Trabalho;<\/p>\n\n\n\n<p>Atividades \u2013 limpar e conservar banheiros e demais ambientes internos e externos, executando limpeza \u00famida e seca; realizar coleta de lixo comum e recicl\u00e1vel; limpar portas e janelas de vidro, paredes e teto; cuidar dos vasos de plantas internas; varrer ambientes externos, coletando folhas secas e buscando contribuir para manter o ambiente agrad\u00e1vel; limpar cozinhas, \u00e1rea de servi\u00e7o, garagens, p\u00e1tios, assoalhos, m\u00f3veis, carpetes e tapetes, abastecendo os ambientes com materiais; executar outras tarefas relacionadas \u00e0 \u00e1rea.<\/p>\n\n\n\n<p>Dispon\u00edvel at\u00e9 18\/09\/2023 ou encerramento da vaga.<\/p>\n\n\n\n<p><strong>15 vagas \u2013 Repositor de Mercadorias \u2013 vagas exclusivas para Pessoas com Defici\u00eancia (PcD)<\/strong><\/p>\n\n\n\n<p>Escolaridade \u2013 ensino fundamental completo;<\/p>\n\n\n\n<p>Experi\u00eancia \u2013 n\u00e3o \u00e9 necess\u00e1rio;<\/p>\n\n\n\n<p>Atividades \u2013 repor e arrumar mercadorias em prateleiras; organizar e abastecer as g\u00f4ndolas de produtos; prestar atendimento aos clientes, indicando a posi\u00e7\u00e3o das mercadorias; selecionar os locais mais adequados para expor os produtos.<\/p>\n\n\n\n<p>Dispon\u00edvel at\u00e9 18\/09\/2023 ou encerramento da vaga.<\/p>\n\n\n\n<p><strong>15 vagas \u2013 Auxiliar de Limpeza \u2013 vagas exclusivas para Pessoas com Defici\u00eancia (PcD)<\/strong><\/p>\n\n\n\n<p>Escolaridade \u2013 ensino fundamental completo;<\/p>\n\n\n\n<p>Experi\u00eancia \u2013 n\u00e3o \u00e9 necess\u00e1rio;<\/p>\n\n\n\n<p>Atividades \u2013 limpar e conservar banheiros e demais ambientes internos e externos, executando limpeza \u00famida e seca; realizar coleta de lixo comum e recicl\u00e1vel; limpar portas e janelas de vidro, paredes e teto; cuidar dos vasos de plantas internas; varrer ambientes externos, coletando folhas secas e buscando contribuir para manter o ambiente agrad\u00e1vel; limpar cozinhas, \u00e1rea de servi\u00e7o, garagens, p\u00e1tios, assoalhos, m\u00f3veis, carpetes e tapetes, abastecendo os ambientes com materiais; executar outras tarefas relacionadas \u00e0 \u00e1rea.<\/p>\n\n\n\n<p>Dispon\u00edvel at\u00e9 18\/09\/2023 ou encerramento da vaga.<\/p>\n\n\n\n<p><strong>3 vagas \u2013 Frentista<\/strong><\/p>\n\n\n\n<p>Escolaridade \u2013 ensino fundamental completo;<\/p>\n\n\n\n<p>Experi\u00eancia \u2013 seis meses na Carteira de Trabalho;<\/p>\n\n\n\n<p>Requisitos obrigat\u00f3rios \u2013 ter experi\u00eancia com abastecimento fluvial; \u00e9 necess\u00e1rio que o candidato saiba nadar;<\/p>\n\n\n\n<p>Atividades \u2013 abastecer ve\u00edculos; prestar atendimento a clientes; auxiliar com o pagamento dos servi\u00e7os prestados; ajudar na limpeza e manuten\u00e7\u00e3o de ve\u00edculos.<\/p>\n\n\n\n<p>Dispon\u00edvel at\u00e9 18\/09\/2023 ou encerramento da vaga.<\/p>\n\n\n\n<p><strong>10 vagas \u2013 Vendedor de Com\u00e9rcio Varejista<\/strong><\/p>\n\n\n\n<p>Escolaridade \u2013 ensino m\u00e9dio completo;<\/p>\n\n\n\n<p>Experi\u00eancia \u2013 tr\u00eas meses na Carteira de Trabalho;<\/p>\n\n\n\n<p>Requisitos obrigat\u00f3rios \u2013 ter disponibilidade de hor\u00e1rio; experi\u00eancia na \u00e1rea de vendas de varejo e atacado e com atendimento ao cliente;<\/p>\n\n\n\n<p>Atividades \u2013 recepcionar clientes na entrada da loja; ajudar clientes na escolha dos produtos e informar sobre pre\u00e7os e ofertas especiais; identificar as necessidades do cliente e recomendar produtos; garantir a apresenta\u00e7\u00e3o adequada dos produtos nas prateleiras.<\/p>\n\n\n\n<p>Dispon\u00edvel at\u00e9 18\/09\/2023 ou encerramento da vaga.<\/p>\n\n\n\n<p><strong>1 vaga \u2013 Oficial de Manuten\u00e7\u00e3o<\/strong><\/p>\n\n\n\n<p>Escolaridade \u2013 ensino m\u00e9dio completo;<\/p>\n\n\n\n<p>Experi\u00eancia \u2013 seis meses na Carteira de Trabalho;<\/p>\n\n\n\n<p>Requisitos obrigat\u00f3rios \u2013 ter cursos de NR-10 e NR-35 atualizados; experi\u00eancia em manuten\u00e7\u00e3o predial, como telhado (instala\u00e7\u00e3o e corre\u00e7\u00e3o), hidr\u00e1ulica (instala\u00e7\u00e3o e manuten\u00e7\u00e3o corretiva), alvenaria, assentamento de cer\u00e2micas e pintura (lixamento e pintura em geral);<\/p>\n\n\n\n<p>Atividades \u2013 cuidar da manuten\u00e7\u00e3o, limpeza, e conserva\u00e7\u00e3o do local de trabalho; guardar e controlar todo o material, aparelhos e equipamentos sob sua responsabilidade; auxiliar na conserva\u00e7\u00e3o de edifica\u00e7\u00f5es e equipamentos em geral.<\/p>\n\n\n\n<p>Dispon\u00edvel at\u00e9 18\/09\/2023 ou encerramento da vaga.<\/p>\n\n\n\n<p><strong>Vagas no Com\u00e9rcio \u2013 100<\/strong><\/p>\n\n\n\n<p><strong>1 vaga \u2013 Consultor de Vendas<\/strong><\/p>\n\n\n\n<p>Escolaridade \u2013 ensino m\u00e9dio completo;<\/p>\n\n\n\n<p>Experi\u00eancia \u2013 seis meses na Carteira de Trabalho;<\/p>\n\n\n\n<p>Requisitos obrigat\u00f3rios \u2013 ter Carteira Nacional Habilita\u00e7\u00e3o categoria \u201cB\u201d dentro do prazo de validade;<\/p>\n\n\n\n<p>Atividades \u2013 respons\u00e1vel pelas estrat\u00e9gias de vendas; entender as necessidades dos clientes e oferecer as melhores solu\u00e7\u00f5es, para aumentar os resultados da equipe de vendas; ter tido experi\u00eancia com vendas de pneus ser\u00e1 um diferencial.<\/p>\n\n\n\n<p>Dispon\u00edvel at\u00e9 18\/09\/2023 ou encerramento da vaga.<\/p>\n\n\n\n<p><strong>2 vagas \u2013 Gerente de Loja<\/strong><\/p>\n\n\n\n<p>Escolaridade \u2013 ensino m\u00e9dio completo ou superior completo ou cursando;<\/p>\n\n\n\n<p>Experi\u00eancia \u2013 seis meses na Carteira de Trabalho;<\/p>\n\n\n\n<p>Requisitos obrigat\u00f3rios \u2013 ter disponibilidade de hor\u00e1rio e conhecimento b\u00e1sico em maquiagem\/cosm\u00e9ticos;<\/p>\n\n\n\n<p>Atividades \u2013 atuar na gest\u00e3o de pessoas, vendas e metas, abertura e fechamento de loja e caixa, e recrutamento e sele\u00e7\u00e3o de colaboradores; desej\u00e1vel ter conhecimento em planilha Excel.<\/p>\n\n\n\n<p>Dispon\u00edvel at\u00e9 18\/09\/2023 ou encerramento da vaga.<\/p>\n\n\n\n<p><strong>6 vagas \u2013 Vendedor Externo<\/strong><\/p>\n\n\n\n<p>Escolaridade \u2013 ensino m\u00e9dio completo;<\/p>\n\n\n\n<p>Experi\u00eancia \u2013 seis meses na Carteira de Trabalho ou declara\u00e7\u00e3o;<\/p>\n\n\n\n<p>Atividades \u2013 realizar atendimento a clientes; negociar pre\u00e7o, prazo e condi\u00e7\u00f5es de pagamento; orientar quanto \u00e0s especifica\u00e7\u00f5es dos produtos e servi\u00e7os; controlar os pedidos dos clientes, a qualidade dos produtos e o prazo de entrega estabelecido.<\/p>\n\n\n\n<p>Dispon\u00edvel at\u00e9 18\/09\/2023 ou encerramento da vaga.<\/p>\n\n\n\n<p><strong>1 vaga \u2013 Auxiliar de Compras<\/strong><\/p>\n\n\n\n<p>Escolaridade \u2013 ensino m\u00e9dio completo;<\/p>\n\n\n\n<p>Experi\u00eancia \u2013 seis meses na Carteira de Trabalho;<\/p>\n\n\n\n<p>Atividades \u2013 executar servi\u00e7os de apoio nas \u00e1reas de administra\u00e7\u00e3o, compras e log\u00edstica; atender fornecedores e clientes, fornecendo e recebendo informa\u00e7\u00f5es sobre produtos e servi\u00e7os; gerenciar documentos variados, cumprindo todo o procedimento necess\u00e1rio referente aos mesmos; atuar na \u00e1rea de capta\u00e7\u00e3o de recursos, planejando e implementando estrat\u00e9gias de capta\u00e7\u00e3o e contato com doadores e parceiros.<\/p>\n\n\n\n<p>Dispon\u00edvel at\u00e9 18\/09\/2023 ou encerramento da vaga.<\/p>\n\n\n\n<p><strong>1 vaga \u2013 Motorista Carreteiro<\/strong><\/p>\n\n\n\n<p>Escolaridade \u2013 ensino m\u00e9dio completo;<\/p>\n\n\n\n<p>Experi\u00eancia \u2013 registrada na Carteira de Trabalho;<\/p>\n\n\n\n<p>Requisitos obrigat\u00f3rios \u2013 ter Carteira Nacional de Habilita\u00e7\u00e3o categoria \u201cE\u201d dentro do prazo de validade; ter curso de Dire\u00e7\u00e3o defensiva e no\u00e7\u00f5es b\u00e1sicas em mec\u00e2nica;<\/p>\n\n\n\n<p>Atividades \u2013 transportar, coletar e entregar cargas; realizar verifica\u00e7\u00f5es e manuten\u00e7\u00f5es b\u00e1sicas do ve\u00edculo.<\/p>\n\n\n\n<p>Dispon\u00edvel at\u00e9 18\/09\/2023 ou encerramento da vaga.<\/p>\n\n\n\n<p><strong>1 vaga \u2013 Auxiliar de Limpeza<\/strong><\/p>\n\n\n\n<p>Escolaridade \u2013 ensino m\u00e9dio completo;<\/p>\n\n\n\n<p>Experi\u00eancia \u2013 registrada na Carteira de Trabalho;<\/p>\n\n\n\n<p>Requisitos obrigat\u00f3rios \u2013 residir na zona Leste de Manaus e ter disponibilidade de hor\u00e1rio;<\/p>\n\n\n\n<p>Atividades \u2013 realizar servi\u00e7os de limpeza em geral e pequenos consertos.<\/p>\n\n\n\n<p>Dispon\u00edvel at\u00e9 18\/09\/2023 ou encerramento da vaga.<\/p>\n\n\n\n<p><strong>1 vaga \u2013 Repositor de Mercadorias<\/strong><\/p>\n\n\n\n<p>Escolaridade \u2013 ensino m\u00e9dio completo;<\/p>\n\n\n\n<p>Experi\u00eancia \u2013 seis meses na Carteira de Trabalho;<\/p>\n\n\n\n<p>Requisitos obrigat\u00f3rios \u2013 ter disponibilidade de hor\u00e1rio, agilidade e ser organizado;<\/p>\n\n\n\n<p>Atividades \u2013 repor e arrumar as mercadorias nas prateleiras; organizar e abastecer as g\u00f4ndolas de produtos; realizar atendimento ao cliente, indicando a posi\u00e7\u00e3o das mercadorias.<\/p>\n\n\n\n<p>Dispon\u00edvel at\u00e9 18\/09\/2023 ou encerramento da vaga.<\/p>\n\n\n\n<p><strong>20 vagas \u2013 Operador de Caixa<\/strong><\/p>\n\n\n\n<p>Escolaridade &#8211; ensino m\u00e9dio completo;<\/p>\n\n\n\n<p>Experi\u00eancia \u2013 seis meses na Carteira de Trabalho;<\/p>\n\n\n\n<p>Requisitos obrigat\u00f3rios \u2013 ter curso de Inform\u00e1tica b\u00e1sica;<\/p>\n\n\n\n<p>Atividades \u2013 prestar atendimento ao cliente; fazer abertura e fechamento de caixa, processar e receber pagamentos e emitir notas fiscais.<\/p>\n\n\n\n<p>Dispon\u00edvel at\u00e9 18\/09\/2023 ou encerramento da vaga.<\/p>\n\n\n\n<p><strong>40 vagas \u2013 Vendedor Interno<\/strong><\/p>\n\n\n\n<p>Escolaridade \u2013 ensino m\u00e9dio completo;<\/p>\n\n\n\n<p>Experi\u00eancia \u2013 seis meses na Carteira de Trabalho;<\/p>\n\n\n\n<p>Requisitos obrigat\u00f3rios \u2013 ter curso de Inform\u00e1tica b\u00e1sica; saber trabalhar em equipe; ter habilidade com redes sociais; ter iniciativa e intelig\u00eancia emocional; ser \u00e1gil, organizado e comunicativo.<\/p>\n\n\n\n<p>Dispon\u00edvel at\u00e9 18\/09\/2023 ou encerramento da vaga.<\/p>\n\n\n\n<p><strong>25 vagas \u2013 Repositor de Mercadorias<\/strong><\/p>\n\n\n\n<p>Escolaridade \u2013 ensino m\u00e9dio completo;<\/p>\n\n\n\n<p>Experi\u00eancia \u2013 seis meses na Carteira de Trabalho;<\/p>\n\n\n\n<p>Requisitos obrigat\u00f3rios \u2013 ter curso de Inform\u00e1tica b\u00e1sica; saber trabalhar em equipe; ter iniciativa, intelig\u00eancia emocional e senso de urg\u00eancia; ser \u00e1gil e organizado.<\/p>\n\n\n\n<p>Dispon\u00edvel at\u00e9 18\/09\/2023 ou encerramento da vaga.<\/p>\n\n\n\n<p><strong>1 vaga \u2013 Repositor de Mercadorias<\/strong><\/p>\n\n\n\n<p>Escolaridade \u2013 ensino m\u00e9dio completo;<\/p>\n\n\n\n<p>Experi\u00eancia \u2013 seis meses na Carteira de Trabalho;<\/p>\n\n\n\n<p>Requisitos obrigat\u00f3rios \u2013 residir nas proximidades do bairro L\u00edrio do Vale e adjac\u00eancias;<\/p>\n\n\n\n<p>Atividades \u2013 realizar organiza\u00e7\u00e3o e layout de produtos; verificar validade de produtos; entre outras atividades.<\/p>\n\n\n\n<p>Dispon\u00edvel at\u00e9 18\/09\/2023 ou encerramento da vaga.<\/p>\n\n\n\n<p><strong>1 vaga \u2013 Auxiliar de Departamento Pessoal<\/strong><\/p>\n\n\n\n<p>Escolaridade \u2013 ensino superior completo em administra\u00e7\u00e3o ou \u00e1reas afins;<\/p>\n\n\n\n<p>Experi\u00eancia \u2013 seis meses na Carteira de Trabalho;<\/p>\n\n\n\n<p>Atividades \u2013 atuar como um suporte ao setor, realizando tarefas mais operacionais e burocr\u00e1ticas, como escanear e tramitar documentos de admiss\u00e3o e demiss\u00e3o, realizar homologa\u00e7\u00f5es e preencher dados em planilhas.<\/p>\n\n\n\n<p>Dispon\u00edvel at\u00e9 18\/09\/2023 ou encerramento da vaga.<\/p>\n\n\n\n<p><strong>Vagas na Ind\u00fastria \u2013 107<\/strong><\/p>\n\n\n\n<p><strong>2 vagas \u2013 Auxiliar Cont\u00e1bil<\/strong><\/p>\n\n\n\n<p>Escolaridade \u2013 ensino superior em contabilidade completo;<\/p>\n\n\n\n<p>Experi\u00eancia \u2013 seis meses na Carteira de Trabalho;<\/p>\n\n\n\n<p>Requisitos obrigat\u00f3rios \u2013 residir nos bairros Lago Azul, Tarum\u00e3, Manoa, Nova Cidade, Monte das Oliveiras, Col\u00f4nia Terra Nova, Santa Etelvina, Uni\u00e3o da Vit\u00f3ria ou Jo\u00e3o Paulo;<\/p>\n\n\n\n<p>Atividades \u2013 prestar assist\u00eancia cont\u00e1bil e administrativa ao departamento de contabilidade; digitar com precis\u00e3o e preparar e manter documentos e registros cont\u00e1beis; preparar dep\u00f3sitos banc\u00e1rios, lan\u00e7amentos cont\u00e1beis e demonstrativos.<\/p>\n\n\n\n<p>Dispon\u00edvel at\u00e9 18\/09\/2023 ou encerramento da vaga.<\/p>\n\n\n\n<p><strong>100 vagas \u2013 Auxiliar Operacional<\/strong><\/p>\n\n\n\n<p>Escolaridade \u2013 ensino m\u00e9dio completo;<\/p>\n\n\n\n<p>Experi\u00eancia \u2013 n\u00e3o \u00e9 necess\u00e1rio;<\/p>\n\n\n\n<p>Requisitos obrigat\u00f3rios \u2013 vaga direcionada a candidatos que buscam novos desafios, com atua\u00e7\u00e3o na cidade de V\u00e1rzea Grande (MT);<\/p>\n\n\n\n<p>Atividades \u2013 respons\u00e1vel por executar atividades operacionais em setores de apoio ou produ\u00e7\u00e3o de frios, visando garantir a manuten\u00e7\u00e3o, organiza\u00e7\u00e3o, limpeza ou opera\u00e7\u00e3o de atividades na unidade.<\/p>\n\n\n\n<p>Dispon\u00edvel at\u00e9 18\/09\/2023 ou encerramento da vaga.<\/p>\n\n\n\n<p><strong>3 vagas \u2013 Lavador de Lavanderia<\/strong><\/p>\n\n\n\n<p>Escolaridade \u2013 ensino m\u00e9dio completo;<\/p>\n\n\n\n<p>Experi\u00eancia \u2013 seis meses na Carteira de Trabalho;<\/p>\n\n\n\n<p>Atividades \u2013 selecionar pe\u00e7as de vestu\u00e1rio, roupas de cama, mesa, materiais esportivos e outros para a lavagem, realizando uma separa\u00e7\u00e3o baseada no tipo, cor e composi\u00e7\u00e3o do tecido, visando assegurar o tratamento adequado e minimizar o risco de manchas ou deforma\u00e7\u00f5es durante o processo de lavagem.<\/p>\n\n\n\n<p>Dispon\u00edvel at\u00e9 18\/09\/2023 ou encerramento da vaga.<\/p>\n\n\n\n<p><strong>2 vagas \u2013 Auxiliar de Lavanderia<\/strong><\/p>\n\n\n\n<p>Escolaridade \u2013 ensino m\u00e9dio completo;<\/p>\n\n\n\n<p>Experi\u00eancia \u2013 seis meses na Carteira de Trabalho;<\/p>\n\n\n\n<p>Atividades \u2013 executar lavagem de roupas em geral, separando de acordo com o tipo de material e grau de sujeira; identificar, pesar, regular e operar m\u00e1quinas lavadoras e secadoras, observando a qualidade da lavagem; separar as roupas limpas e encaminhar para a rouparia.<\/p>\n\n\n\n<p>Dispon\u00edvel at\u00e9 18\/09\/2023 ou encerramento da vaga.<\/p>\n\n\n\n<p><strong>Vagas em Servi\u00e7os \u2013 155<\/strong><\/p>\n\n\n\n<p><strong>1 vaga \u2013 Auxiliar de Departamento Pessoal<\/strong><\/p>\n\n\n\n<p>Escolaridade \u2013 ensino superior completo em administra\u00e7\u00e3o, log\u00edstica ou \u00e1reas afins;<\/p>\n\n\n\n<p>Experi\u00eancia \u2013 registrada na Carteira de Trabalho;<\/p>\n\n\n\n<p>Atividades \u2013 auxiliar no fechamento de folha, rescis\u00e3o e encargos, entre outras atividades correlatas.<\/p>\n\n\n\n<p>Dispon\u00edvel at\u00e9 18\/09\/2023 ou encerramento da vaga.<\/p>\n\n\n\n<p><strong>1 vaga \u2013 T\u00e9cnico em Seguran\u00e7a do Trabalho<\/strong><\/p>\n\n\n\n<p>Escolaridade \u2013 ensino t\u00e9cnico completo em seguran\u00e7a do trabalho;<\/p>\n\n\n\n<p>Experi\u00eancia \u2013 seis meses na Carteira de Trabalho;<\/p>\n\n\n\n<p>Atividades \u2013 analisar a aplica\u00e7\u00e3o de tecnologia e avaliar impacto da ado\u00e7\u00e3o; estabelecer procedimentos seguros e saud\u00e1veis; inspecionar implanta\u00e7\u00e3o; estabelecer formas de controle dos riscos associados; emitir parecer sobre equipamentos, m\u00e1quinas e processos.<\/p>\n\n\n\n<p>Dispon\u00edvel at\u00e9 18\/09\/2023 ou encerramento da vaga.<\/p>\n\n\n\n<p><strong>1 vaga \u2013 Assistente de Controladoria<\/strong><\/p>\n\n\n\n<p>Escolaridade \u2013 ensino superior cursando administra\u00e7\u00e3o, gest\u00e3o de processos ou \u00e1reas afins;<\/p>\n\n\n\n<p>Experi\u00eancia \u2013 seis meses na Carteira de Trabalho;<\/p>\n\n\n\n<p>Requisitos obrigat\u00f3rios \u2013 ter curso de planilha Excel avan\u00e7ado;<\/p>\n\n\n\n<p>Atividades \u2013 realizar levantamento, relat\u00f3rios e planilhas de processos; auxiliar no controle de processos.<\/p>\n\n\n\n<p>Dispon\u00edvel at\u00e9 18\/09\/2023 ou encerramento da vaga.<\/p>\n\n\n\n<p><strong>2 vagas \u2013 Controlador de Manuten\u00e7\u00e3o<\/strong><\/p>\n\n\n\n<p>Escolaridade \u2013 ensino superior cursando administra\u00e7\u00e3o, log\u00edstica ou \u00e1reas afins;<\/p>\n\n\n\n<p>Experi\u00eancia \u2013 registrada na Carteira de Trabalho;<\/p>\n\n\n\n<p>Requisitos obrigat\u00f3rios \u2013 ter curso de planilha Excel avan\u00e7ado;<\/p>\n\n\n\n<p>Atividades \u2013 controlar \u00e1rea operacional da manuten\u00e7\u00e3o da frota de ve\u00edculos e realizar relat\u00f3rios e planilhas para a diretoria; monitorar GPS de ve\u00edculos e realizar relat\u00f3rios para a diretoria.<\/p>\n\n\n\n<p>Dispon\u00edvel at\u00e9 18\/09\/2023 ou encerramento da vaga.<\/p>\n\n\n\n<p><strong>1 vaga \u2013 Auxiliar de Tr\u00e1fego<\/strong><\/p>\n\n\n\n<p>Escolaridade \u2013 ensino superior cursando administra\u00e7\u00e3o, log\u00edstica ou \u00e1reas afins;<\/p>\n\n\n\n<p>Experi\u00eancia \u2013 seis meses na Carteira de Trabalho;<\/p>\n\n\n\n<p>Requisitos obrigat\u00f3rios \u2013 ter curso de planilha Excel avan\u00e7ado;<\/p>\n\n\n\n<p>Atividades \u2013 montar o processo de avarias de ve\u00edculos da frota e de terceiros; montar relat\u00f3rios e gr\u00e1ficos para a ger\u00eancia.<\/p>\n\n\n\n<p>Dispon\u00edvel at\u00e9 18\/09\/2023 ou encerramento da vaga.<\/p>\n\n\n\n<p><strong>2 vagas \u2013 Vistoriador Veicular<\/strong><\/p>\n\n\n\n<p>Escolaridade \u2013 ensino m\u00e9dio completo;<\/p>\n\n\n\n<p>Experi\u00eancia \u2013 seis meses na Carteira de Trabalho;<\/p>\n\n\n\n<p>Atividades \u2013 vistoriar ve\u00edculos da frota e realizar relat\u00f3rios para a ger\u00eancia; montar o processo de avarias de ve\u00edculos da frota e de terceiros; montar relat\u00f3rios e gr\u00e1ficos para a ger\u00eancia.<\/p>\n\n\n\n<p>Dispon\u00edvel at\u00e9 18\/09\/2023 ou encerramento da vaga.<\/p>\n\n\n\n<p><strong>1 vaga \u2013 Motorista Carreteiro<\/strong><\/p>\n\n\n\n<p>Escolaridade \u2013 ensino m\u00e9dio completo;<\/p>\n\n\n\n<p>Experi\u00eancia \u2013 registrada na Carteira de Trabalho;<\/p>\n\n\n\n<p>Requisitos obrigat\u00f3rios \u2013 ter Carteira Nacional de Habilita\u00e7\u00e3o categoria \u201cAE\u201d; cursos de Mopp e dire\u00e7\u00e3o defensiva; no\u00e7\u00f5es b\u00e1sicas em mec\u00e2nica;<\/p>\n\n\n\n<p>Atividades \u2013 transportar produtos acabados e mat\u00e9rias-primas para f\u00e1bricas ou centros de varejo e distribui\u00e7\u00e3o; inspecionar ve\u00edculos quanto a itens mec\u00e2nicos e problemas de seguran\u00e7a e realizar a manuten\u00e7\u00e3o preventiva; planejar rotas e cumprir os hor\u00e1rios de entrega.<\/p>\n\n\n\n<p>Dispon\u00edvel at\u00e9 18\/09\/2023 ou encerramento da vaga.<\/p>\n\n\n\n<p><strong>3 vagas \u2013 Mec\u00e2nico de Refrigera\u00e7\u00e3o<\/strong><\/p>\n\n\n\n<p>Escolaridade \u2013 ensino m\u00e9dio completo;<\/p>\n\n\n\n<p>Experi\u00eancia \u2013 seis meses na Carteira de Trabalho;<\/p>\n\n\n\n<p>Atividades \u2013 montar, instalar e colocar em funcionamento equipamentos de refrigera\u00e7\u00e3o e ar-condicionado residencial e comercial, realizando an\u00e1lises, ajustes de performance, detectando e corrigindo falhas de origem el\u00e9trica e mec\u00e2nica, entre outras atividades correlatas.<\/p>\n\n\n\n<p>Dispon\u00edvel at\u00e9 18\/09\/2023 ou encerramento da vaga.<\/p>\n\n\n\n<p><strong>4 vagas \u2013 Motorista de \u00d4nibus<\/strong><\/p>\n\n\n\n<p>Escolaridade \u2013 ensino fundamental completo;<\/p>\n\n\n\n<p>Experi\u00eancia \u2013 registrada na Carteira de Trabalho;<\/p>\n\n\n\n<p>Requisitos obrigat\u00f3rios \u2013 ter Carteira Nacional de Habilita\u00e7\u00e3o categoria \u201cD\u201d ou \u201cE\u201d dentro do prazo de validade, curso de Transporte de Passageiros (atualizado), disponibilidade para viagens e trabalho em regime de escala 12&#215;8;<\/p>\n\n\n\n<p>Atividades \u2013 realizar transporte de passageiros.<\/p>\n\n\n\n<p>Dispon\u00edvel at\u00e9 18\/09\/2023 ou encerramento da vaga.<\/p>\n\n\n\n<p><strong>1 vaga \u2013 Borracheiro<\/strong><\/p>\n\n\n\n<p>Escolaridade \u2013 ensino m\u00e9dio completo;<\/p>\n\n\n\n<p>Experi\u00eancia \u2013 seis meses na Carteira de Trabalho;<\/p>\n\n\n\n<p>Requisitos obrigat\u00f3rios \u2013 ter cursos na \u00e1rea de manuten\u00e7\u00e3o;<\/p>\n\n\n\n<p>Atividades \u2013 executar servi\u00e7os de troca, reposi\u00e7\u00e3o, conserto, montagem e desmontagem de pneus, c\u00e2maras e assemelhados que a fun\u00e7\u00e3o recomendar e lhe for determinado pela chefia; realizar lubrifica\u00e7\u00e3o de ve\u00edculos e equipamentos.<\/p>\n\n\n\n<p>Dispon\u00edvel at\u00e9 18\/09\/2023 ou encerramento da vaga.<\/p>\n\n\n\n<p><strong>1 vaga \u2013 Mec\u00e2nico L\u00edder<\/strong><\/p>\n\n\n\n<p>Escolaridade \u2013 ensino t\u00e9cnico em manuten\u00e7\u00e3o completo;<\/p>\n\n\n\n<p>Experi\u00eancia \u2013 seis meses na Carteira de Trabalho;<\/p>\n\n\n\n<p>Requisitos obrigat\u00f3rios \u2013 ter cursos extensivos na \u00e1rea de manuten\u00e7\u00e3o de ve\u00edculos;<\/p>\n\n\n\n<p>Atividades \u2013 liderar equipe nas rotinas de manuten\u00e7\u00e3o, montagem e instala\u00e7\u00e3o de m\u00e1quinas, componentes e equipamentos; ter cursos de Inform\u00e1tica b\u00e1sica e NR-12 ser\u00e1 um diferencial.<\/p>\n\n\n\n<p>Dispon\u00edvel at\u00e9 18\/09\/2023 ou encerramento da vaga.<\/p>\n\n\n\n<p><strong>50 vagas \u2013 Pintor de Obras<\/strong><\/p>\n\n\n\n<p>Escolaridade \u2013 ensino fundamental incompleto;<\/p>\n\n\n\n<p>Experi\u00eancia \u2013 seis meses na Carteira de Trabalho ou experi\u00eancia avulsa;<\/p>\n\n\n\n<p>Atividades \u2013 fazer revestimentos em paredes, pisos, muros e outras partes de constru\u00e7\u00f5es com ladrilhos, pastilhas, cer\u00e2micas ou material similar.<\/p>\n\n\n\n<p>Dispon\u00edvel at\u00e9 18\/09\/2023 ou encerramento da vaga.<\/p>\n\n\n\n<p><strong>50 vagas \u2013 Azulejista<\/strong><\/p>\n\n\n\n<p>Escolaridade \u2013 ensino fundamental completo;<\/p>\n\n\n\n<p>Experi\u00eancia \u2013 seis meses na Carteira de Trabalho ou experi\u00eancia avulsa;<\/p>\n\n\n\n<p>Atividades \u2013 planejar o trabalho e preparar o local de trabalho; estabelecer os pontos de refer\u00eancia dos revestimentos e executar revestimentos em paredes, pavimentos, muros e outras partes de edifica\u00e7\u00f5es com ladrilhos, pastilhas, m\u00e1rmores, granitos, ard\u00f3sia ou material similar, tacos e t\u00e1buas de madeira; fazer polimento e lustrar revestimentos.<\/p>\n\n\n\n<p>Dispon\u00edvel at\u00e9 18\/09\/2023 ou encerramento da vaga.<\/p>\n\n\n\n<p><strong>30 vagas \u2013 Pedreiro<\/strong><\/p>\n\n\n\n<p>Escolaridade \u2013 ensino fundamental incompleto;<\/p>\n\n\n\n<p>Experi\u00eancia \u2013 seis meses na Carteira de Trabalho ou experi\u00eancia avulsa;<\/p>\n\n\n\n<p>Atividades \u2013 organizar e preparar o local de trabalho na obra; construir funda\u00e7\u00f5es e estruturas de alvenaria, aplicar revestimentos e contrapisos.<\/p>\n\n\n\n<p>Dispon\u00edvel at\u00e9 18\/09\/2023 ou encerramento da vaga.<\/p>\n\n\n\n<p><strong>5 vagas \u2013 Eletricista<\/strong><\/p>\n\n\n\n<p>Escolaridade \u2013 ensino m\u00e9dio incompleto;<\/p>\n\n\n\n<p>Experi\u00eancia \u2013 seis meses na Carteira de Trabalho ou experi\u00eancia avulsa;<\/p>\n\n\n\n<p>Atividades \u2013 planejar servi\u00e7os el\u00e9tricos e realizar instala\u00e7\u00e3o de distribui\u00e7\u00e3o de alta e baixa tens\u00e3o; montar e reparar instala\u00e7\u00f5es el\u00e9tricas e equipamentos auxiliares em resid\u00eancias, estabelecimentos industriais, comerciais e de servi\u00e7os; instalar e reparar equipamentos de ilumina\u00e7\u00e3o de cen\u00e1rios ou palcos.<\/p>\n\n\n\n<p>Dispon\u00edvel at\u00e9 18\/09\/2023 ou encerramento da vaga.<\/p>\n\n\n\n<p><strong>1 vaga \u2013 Auxiliar de Limpeza<\/strong><\/p>\n\n\n\n<p>Escolaridade \u2013 ensino m\u00e9dio completo;<\/p>\n\n\n\n<p>Experi\u00eancia \u2013 seis meses na Carteira de Trabalho;<\/p>\n\n\n\n<p>Requisitos obrigat\u00f3rios \u2013 residir na zona Leste de Manaus;<\/p>\n\n\n\n<p>Atividades \u2013 executar servi\u00e7os de limpeza de pr\u00e9dios, p\u00e1tios, escrit\u00f3rios, instala\u00e7\u00f5es e salas de aula.<\/p>\n\n\n\n<p>Dispon\u00edvel at\u00e9 18\/09\/2023 ou encerramento da vaga.<\/p>\n\n\n\n<p><strong>1 vaga \u2013 Engenheiro J\u00fanior<\/strong><\/p>\n\n\n\n<p>Escolaridade \u2013 ensino superior em engenharia civil completo;<\/p>\n\n\n\n<p>Experi\u00eancia \u2013 seis meses na Carteira de Trabalho;<\/p>\n\n\n\n<p>Requisitos obrigat\u00f3rios \u2013 ter experi\u00eancia com Leitura de Projetos e Planilha Or\u00e7ament\u00e1ria;<\/p>\n\n\n\n<p>Atividades \u2013 desenvolver projetos de engenharia civil; executar obras; planejar, or\u00e7ar e contratar empreendimentos; coordenar a opera\u00e7\u00e3o e manuten\u00e7\u00e3o; controlar a qualidade dos suprimentos e servi\u00e7os comprados e executados; elaborar normas e documenta\u00e7\u00e3o t\u00e9cnica; prestar consultorias.<\/p>\n\n\n\n<p>Dispon\u00edvel at\u00e9 18\/09\/2023 ou encerramento da vaga.<\/p>\n\n\n\n<p><strong>Vagas Exclusivas para Pessoas com Defici\u00eancia (PcD) \u2013 17<\/strong><\/p>\n\n\n\n<p><strong>14 vagas \u2013 Repositor de Mercadorias \u2013 vagas exclusivas para Pessoas com Defici\u00eancia (PcD)<\/strong><\/p>\n\n\n\n<p>Escolaridade \u2013 ensino m\u00e9dio completo;<\/p>\n\n\n\n<p>Experi\u00eancia \u2013 n\u00e3o \u00e9 necess\u00e1rio;<\/p>\n\n\n\n<p>Atividades \u2013 organizar, repor, conservar e precificar os produtos; controlar os n\u00edveis de estoque, solicitando a compra dos materiais necess\u00e1rios.<\/p>\n\n\n\n<p>Dispon\u00edvel at\u00e9 18\/09\/2023 ou encerramento da vaga.<\/p>\n\n\n\n<p><strong>3 vagas \u2013 Auxiliar de Dep\u00f3sito ou Fiel de Dep\u00f3sito \u2013 vagas exclusivas para Pessoas com Defici\u00eancia (PcD)<\/strong><\/p>\n\n\n\n<p>Escolaridade \u2013 ensino m\u00e9dio completo;<\/p>\n\n\n\n<p>Experi\u00eancia \u2013 n\u00e3o \u00e9 necess\u00e1rio;<\/p>\n\n\n\n<p>Atividades \u2013 controlar o estoque dos produtos ou materiais; localizar os lotes a expedir, emitir notas fiscais, conferir as encomendas e o material a expedir.<\/p>\n\n\n\n<p>Dispon\u00edvel at\u00e9 18\/09\/2023 ou encerramento da vaga.<\/p>\n\n\n\n<p><strong>&#8212; &#8212; &#8212;<\/strong><\/p>\n\n\n\n<p><strong>Texto \u2013&nbsp;<\/strong>Divulga\u00e7\u00e3o \/ Semtepi<\/p>\n\n\n\n<p><strong>Foto \u2013\u00a0<\/strong>Arquivo \/ Semcom<\/p>\n\n\n\n<p><strong>Dispon\u00edvel em \u2013\u00a0<\/strong>https:\/\/flic.kr\/p\/2naeZks<\/p>\n","protected":false},"excerpt":{"rendered":"","protected":false},"author":25,"featured_media":2613,"comment_status":"closed","ping_status":"closed","sticky":false,"template":"","format":"standard","meta":{"footnotes":""},"categories":[5],"tags":[250,9,19,10],"acf":[],"yoast_head":"<!-- This site is optimized with the Yoast SEO plugin v23.0 - https:\/\/yoast.com\/wordpress\/plugins\/seo\/ -->\n<title>Sine Manaus oferta 526 vagas de emprego nesta segunda-feira, 18\/9<\/title>\n<meta name=\"description\" content=\"A Prefeitura de Manaus, por meio do Sine Manaus, oferta 526 vagas de emprego em v\u00e1rias \u00e1reas de atua\u00e7\u00e3o, nesta segunda-feira, 18\/9,\u00a0de 8h \u00e0s 16h\" \/>\n<meta name=\"robots\" content=\"noindex, follow\" \/>\n<meta property=\"og:locale\" content=\"pt_BR\" \/>\n<meta property=\"og:type\" content=\"article\" \/>\n<meta property=\"og:title\" content=\"Sine Manaus oferta 526 vagas de emprego nesta segunda-feira, 18\/9\" \/>\n<meta property=\"og:description\" content=\"A Prefeitura de Manaus, por meio do Sine Manaus, oferta 526 vagas de emprego em v\u00e1rias \u00e1reas de atua\u00e7\u00e3o, nesta segunda-feira, 18\/9,\u00a0de 8h \u00e0s 16h\" \/>\n<meta property=\"og:url\" content=\"https:\/\/www.manaus.am.gov.br\/semtepi\/oportunidade\/sine-manaus-segunda-18-9\/\" \/>\n<meta property=\"og:site_name\" content=\"SEMTEPI\" \/>\n<meta property=\"article:published_time\" content=\"2023-09-17T13:28:11+00:00\" \/>\n<meta property=\"article:modified_time\" content=\"2023-09-17T13:28:12+00:00\" \/>\n<meta property=\"og:image\" content=\"https:\/\/www.manaus.am.gov.br\/semtepi\/wp-content\/uploads\/sites\/20\/2023\/09\/51956762468_6d51756b79_c.jpg\" \/>\n\t<meta property=\"og:image:width\" content=\"799\" \/>\n\t<meta property=\"og:image:height\" content=\"533\" \/>\n\t<meta property=\"og:image:type\" content=\"image\/jpeg\" \/>\n<meta name=\"author\" content=\"Maur\u00edcio Freire\" \/>\n<meta name=\"twitter:card\" content=\"summary_large_image\" \/>\n<meta name=\"twitter:label1\" content=\"Written by\" \/>\n\t<meta name=\"twitter:data1\" content=\"Maur\u00edcio Freire\" \/>\n\t<meta name=\"twitter:label2\" content=\"Est. reading time\" \/>\n\t<meta name=\"twitter:data2\" content=\"18 minutos\" \/>\n<script type=\"application\/ld+json\" class=\"yoast-schema-graph\">{\"@context\":\"https:\/\/schema.org\",\"@graph\":[{\"@type\":\"Article\",\"@id\":\"https:\/\/www.manaus.am.gov.br\/semtepi\/oportunidade\/sine-manaus-segunda-18-9\/#article\",\"isPartOf\":{\"@id\":\"https:\/\/www.manaus.am.gov.br\/semtepi\/oportunidade\/sine-manaus-segunda-18-9\/\"},\"author\":{\"name\":\"Maur\u00edcio Freire\",\"@id\":\"https:\/\/www.manaus.am.gov.br\/semtepi\/#\/schema\/person\/587989a23a463cde5618e6a028977a9a\"},\"headline\":\"Sine Manaus oferta 526 vagas de emprego nesta segunda-feira, 18\/9\",\"datePublished\":\"2023-09-17T13:28:11+00:00\",\"dateModified\":\"2023-09-17T13:28:12+00:00\",\"mainEntityOfPage\":{\"@id\":\"https:\/\/www.manaus.am.gov.br\/semtepi\/oportunidade\/sine-manaus-segunda-18-9\/\"},\"wordCount\":3618,\"publisher\":{\"@id\":\"https:\/\/www.manaus.am.gov.br\/semtepi\/#organization\"},\"image\":{\"@id\":\"https:\/\/www.manaus.am.gov.br\/semtepi\/oportunidade\/sine-manaus-segunda-18-9\/#primaryimage\"},\"thumbnailUrl\":\"https:\/\/www.manaus.am.gov.br\/semtepi\/wp-content\/uploads\/sites\/20\/2023\/09\/51956762468_6d51756b79_c.jpg\",\"keywords\":[\"Empregos\",\"Semtepi\",\"shopping phelippe daou\",\"sine manaus\"],\"articleSection\":[\"Oportunidade\"],\"inLanguage\":\"pt-BR\"},{\"@type\":\"WebPage\",\"@id\":\"https:\/\/www.manaus.am.gov.br\/semtepi\/oportunidade\/sine-manaus-segunda-18-9\/\",\"url\":\"https:\/\/www.manaus.am.gov.br\/semtepi\/oportunidade\/sine-manaus-segunda-18-9\/\",\"name\":\"Sine Manaus oferta 526 vagas de emprego nesta segunda-feira, 18\/9\",\"isPartOf\":{\"@id\":\"https:\/\/www.manaus.am.gov.br\/semtepi\/#website\"},\"primaryImageOfPage\":{\"@id\":\"https:\/\/www.manaus.am.gov.br\/semtepi\/oportunidade\/sine-manaus-segunda-18-9\/#primaryimage\"},\"image\":{\"@id\":\"https:\/\/www.manaus.am.gov.br\/semtepi\/oportunidade\/sine-manaus-segunda-18-9\/#primaryimage\"},\"thumbnailUrl\":\"https:\/\/www.manaus.am.gov.br\/semtepi\/wp-content\/uploads\/sites\/20\/2023\/09\/51956762468_6d51756b79_c.jpg\",\"datePublished\":\"2023-09-17T13:28:11+00:00\",\"dateModified\":\"2023-09-17T13:28:12+00:00\",\"description\":\"A Prefeitura de Manaus, por meio do Sine Manaus, oferta 526 vagas de emprego em v\u00e1rias \u00e1reas de atua\u00e7\u00e3o, nesta segunda-feira, 18\/9,\u00a0de 8h \u00e0s 16h\",\"breadcrumb\":{\"@id\":\"https:\/\/www.manaus.am.gov.br\/semtepi\/oportunidade\/sine-manaus-segunda-18-9\/#breadcrumb\"},\"inLanguage\":\"pt-BR\",\"potentialAction\":[{\"@type\":\"ReadAction\",\"target\":[\"https:\/\/www.manaus.am.gov.br\/semtepi\/oportunidade\/sine-manaus-segunda-18-9\/\"]}]},{\"@type\":\"ImageObject\",\"inLanguage\":\"pt-BR\",\"@id\":\"https:\/\/www.manaus.am.gov.br\/semtepi\/oportunidade\/sine-manaus-segunda-18-9\/#primaryimage\",\"url\":\"https:\/\/www.manaus.am.gov.br\/semtepi\/wp-content\/uploads\/sites\/20\/2023\/09\/51956762468_6d51756b79_c.jpg\",\"contentUrl\":\"https:\/\/www.manaus.am.gov.br\/semtepi\/wp-content\/uploads\/sites\/20\/2023\/09\/51956762468_6d51756b79_c.jpg\",\"width\":799,\"height\":533},{\"@type\":\"BreadcrumbList\",\"@id\":\"https:\/\/www.manaus.am.gov.br\/semtepi\/oportunidade\/sine-manaus-segunda-18-9\/#breadcrumb\",\"itemListElement\":[{\"@type\":\"ListItem\",\"position\":1,\"name\":\"Home\",\"item\":\"https:\/\/www.manaus.am.gov.br\/semtepi\/\"},{\"@type\":\"ListItem\",\"position\":2,\"name\":\"Sine Manaus oferta 526 vagas de emprego nesta segunda-feira, 18\/9\"}]},{\"@type\":\"WebSite\",\"@id\":\"https:\/\/www.manaus.am.gov.br\/semtepi\/#website\",\"url\":\"https:\/\/www.manaus.am.gov.br\/semtepi\/\",\"name\":\"SEMTEPI\",\"description\":\"Prefeitura de Manaus\",\"publisher\":{\"@id\":\"https:\/\/www.manaus.am.gov.br\/semtepi\/#organization\"},\"alternateName\":\"Secretaria Municipal do Trabalho, Empreendedorismo e Inova\u00e7\u00e3o\",\"potentialAction\":[{\"@type\":\"SearchAction\",\"target\":{\"@type\":\"EntryPoint\",\"urlTemplate\":\"https:\/\/www.manaus.am.gov.br\/semtepi\/?s={search_term_string}\"},\"query-input\":\"required name=search_term_string\"}],\"inLanguage\":\"pt-BR\"},{\"@type\":\"Organization\",\"@id\":\"https:\/\/www.manaus.am.gov.br\/semtepi\/#organization\",\"name\":\"Prefeitura Municipal de Manaus\",\"alternateName\":\"Prefeitura de Manaus\",\"url\":\"https:\/\/www.manaus.am.gov.br\/semtepi\/\",\"logo\":{\"@type\":\"ImageObject\",\"inLanguage\":\"pt-BR\",\"@id\":\"https:\/\/www.manaus.am.gov.br\/semtepi\/#\/schema\/logo\/image\/\",\"url\":\"https:\/\/www.manaus.am.gov.br\/semtepi\/wp-content\/uploads\/sites\/20\/2024\/07\/favicon.png\",\"contentUrl\":\"https:\/\/www.manaus.am.gov.br\/semtepi\/wp-content\/uploads\/sites\/20\/2024\/07\/favicon.png\",\"width\":300,\"height\":300,\"caption\":\"Prefeitura Municipal de Manaus\"},\"image\":{\"@id\":\"https:\/\/www.manaus.am.gov.br\/semtepi\/#\/schema\/logo\/image\/\"}},{\"@type\":\"Person\",\"@id\":\"https:\/\/www.manaus.am.gov.br\/semtepi\/#\/schema\/person\/587989a23a463cde5618e6a028977a9a\",\"name\":\"Maur\u00edcio Freire\",\"image\":{\"@type\":\"ImageObject\",\"inLanguage\":\"pt-BR\",\"@id\":\"https:\/\/www.manaus.am.gov.br\/semtepi\/#\/schema\/person\/image\/\",\"url\":\"https:\/\/secure.gravatar.com\/avatar\/dc1481799a1f75c733ac3b2634cd6749?s=96&d=mm&r=g\",\"contentUrl\":\"https:\/\/secure.gravatar.com\/avatar\/dc1481799a1f75c733ac3b2634cd6749?s=96&d=mm&r=g\",\"caption\":\"Maur\u00edcio Freire\"}}]}<\/script>\n<!-- \/ Yoast SEO plugin. -->","yoast_head_json":{"title":"Sine Manaus oferta 526 vagas de emprego nesta segunda-feira, 18\/9","description":"A Prefeitura de Manaus, por meio do Sine Manaus, oferta 526 vagas de emprego em v\u00e1rias \u00e1reas de atua\u00e7\u00e3o, nesta segunda-feira, 18\/9,\u00a0de 8h \u00e0s 16h","robots":{"index":"noindex","follow":"follow"},"og_locale":"pt_BR","og_type":"article","og_title":"Sine Manaus oferta 526 vagas de emprego nesta segunda-feira, 18\/9","og_description":"A Prefeitura de Manaus, por meio do Sine Manaus, oferta 526 vagas de emprego em v\u00e1rias \u00e1reas de atua\u00e7\u00e3o, nesta segunda-feira, 18\/9,\u00a0de 8h \u00e0s 16h","og_url":"https:\/\/www.manaus.am.gov.br\/semtepi\/oportunidade\/sine-manaus-segunda-18-9\/","og_site_name":"SEMTEPI","article_published_time":"2023-09-17T13:28:11+00:00","article_modified_time":"2023-09-17T13:28:12+00:00","og_image":[{"width":799,"height":533,"url":"https:\/\/www.manaus.am.gov.br\/semtepi\/wp-content\/uploads\/sites\/20\/2023\/09\/51956762468_6d51756b79_c.jpg","type":"image\/jpeg"}],"author":"Maur\u00edcio Freire","twitter_card":"summary_large_image","twitter_misc":{"Written by":"Maur\u00edcio Freire","Est. reading time":"18 minutos"},"schema":{"@context":"https:\/\/schema.org","@graph":[{"@type":"Article","@id":"https:\/\/www.manaus.am.gov.br\/semtepi\/oportunidade\/sine-manaus-segunda-18-9\/#article","isPartOf":{"@id":"https:\/\/www.manaus.am.gov.br\/semtepi\/oportunidade\/sine-manaus-segunda-18-9\/"},"author":{"name":"Maur\u00edcio Freire","@id":"https:\/\/www.manaus.am.gov.br\/semtepi\/#\/schema\/person\/587989a23a463cde5618e6a028977a9a"},"headline":"Sine Manaus oferta 526 vagas de emprego nesta segunda-feira, 18\/9","datePublished":"2023-09-17T13:28:11+00:00","dateModified":"2023-09-17T13:28:12+00:00","mainEntityOfPage":{"@id":"https:\/\/www.manaus.am.gov.br\/semtepi\/oportunidade\/sine-manaus-segunda-18-9\/"},"wordCount":3618,"publisher":{"@id":"https:\/\/www.manaus.am.gov.br\/semtepi\/#organization"},"image":{"@id":"https:\/\/www.manaus.am.gov.br\/semtepi\/oportunidade\/sine-manaus-segunda-18-9\/#primaryimage"},"thumbnailUrl":"https:\/\/www.manaus.am.gov.br\/semtepi\/wp-content\/uploads\/sites\/20\/2023\/09\/51956762468_6d51756b79_c.jpg","keywords":["Empregos","Semtepi","shopping phelippe daou","sine manaus"],"articleSection":["Oportunidade"],"inLanguage":"pt-BR"},{"@type":"WebPage","@id":"https:\/\/www.manaus.am.gov.br\/semtepi\/oportunidade\/sine-manaus-segunda-18-9\/","url":"https:\/\/www.manaus.am.gov.br\/semtepi\/oportunidade\/sine-manaus-segunda-18-9\/","name":"Sine Manaus oferta 526 vagas de emprego nesta segunda-feira, 18\/9","isPartOf":{"@id":"https:\/\/www.manaus.am.gov.br\/semtepi\/#website"},"primaryImageOfPage":{"@id":"https:\/\/www.manaus.am.gov.br\/semtepi\/oportunidade\/sine-manaus-segunda-18-9\/#primaryimage"},"image":{"@id":"https:\/\/www.manaus.am.gov.br\/semtepi\/oportunidade\/sine-manaus-segunda-18-9\/#primaryimage"},"thumbnailUrl":"https:\/\/www.manaus.am.gov.br\/semtepi\/wp-content\/uploads\/sites\/20\/2023\/09\/51956762468_6d51756b79_c.jpg","datePublished":"2023-09-17T13:28:11+00:00","dateModified":"2023-09-17T13:28:12+00:00","description":"A Prefeitura de Manaus, por meio do Sine Manaus, oferta 526 vagas de emprego em v\u00e1rias \u00e1reas de atua\u00e7\u00e3o, nesta segunda-feira, 18\/9,\u00a0de 8h \u00e0s 16h","breadcrumb":{"@id":"https:\/\/www.manaus.am.gov.br\/semtepi\/oportunidade\/sine-manaus-segunda-18-9\/#breadcrumb"},"inLanguage":"pt-BR","potentialAction":[{"@type":"ReadAction","target":["https:\/\/www.manaus.am.gov.br\/semtepi\/oportunidade\/sine-manaus-segunda-18-9\/"]}]},{"@type":"ImageObject","inLanguage":"pt-BR","@id":"https:\/\/www.manaus.am.gov.br\/semtepi\/oportunidade\/sine-manaus-segunda-18-9\/#primaryimage","url":"https:\/\/www.manaus.am.gov.br\/semtepi\/wp-content\/uploads\/sites\/20\/2023\/09\/51956762468_6d51756b79_c.jpg","contentUrl":"https:\/\/www.manaus.am.gov.br\/semtepi\/wp-content\/uploads\/sites\/20\/2023\/09\/51956762468_6d51756b79_c.jpg","width":799,"height":533},{"@type":"BreadcrumbList","@id":"https:\/\/www.manaus.am.gov.br\/semtepi\/oportunidade\/sine-manaus-segunda-18-9\/#breadcrumb","itemListElement":[{"@type":"ListItem","position":1,"name":"Home","item":"https:\/\/www.manaus.am.gov.br\/semtepi\/"},{"@type":"ListItem","position":2,"name":"Sine Manaus oferta 526 vagas de emprego nesta segunda-feira, 18\/9"}]},{"@type":"WebSite","@id":"https:\/\/www.manaus.am.gov.br\/semtepi\/#website","url":"https:\/\/www.manaus.am.gov.br\/semtepi\/","name":"SEMTEPI","description":"Prefeitura de Manaus","publisher":{"@id":"https:\/\/www.manaus.am.gov.br\/semtepi\/#organization"},"alternateName":"Secretaria Municipal do Trabalho, Empreendedorismo e Inova\u00e7\u00e3o","potentialAction":[{"@type":"SearchAction","target":{"@type":"EntryPoint","urlTemplate":"https:\/\/www.manaus.am.gov.br\/semtepi\/?s={search_term_string}"},"query-input":"required name=search_term_string"}],"inLanguage":"pt-BR"},{"@type":"Organization","@id":"https:\/\/www.manaus.am.gov.br\/semtepi\/#organization","name":"Prefeitura Municipal de Manaus","alternateName":"Prefeitura de Manaus","url":"https:\/\/www.manaus.am.gov.br\/semtepi\/","logo":{"@type":"ImageObject","inLanguage":"pt-BR","@id":"https:\/\/www.manaus.am.gov.br\/semtepi\/#\/schema\/logo\/image\/","url":"https:\/\/www.manaus.am.gov.br\/semtepi\/wp-content\/uploads\/sites\/20\/2024\/07\/favicon.png","contentUrl":"https:\/\/www.manaus.am.gov.br\/semtepi\/wp-content\/uploads\/sites\/20\/2024\/07\/favicon.png","width":300,"height":300,"caption":"Prefeitura Municipal de Manaus"},"image":{"@id":"https:\/\/www.manaus.am.gov.br\/semtepi\/#\/schema\/logo\/image\/"}},{"@type":"Person","@id":"https:\/\/www.manaus.am.gov.br\/semtepi\/#\/schema\/person\/587989a23a463cde5618e6a028977a9a","name":"Maur\u00edcio Freire","image":{"@type":"ImageObject","inLanguage":"pt-BR","@id":"https:\/\/www.manaus.am.gov.br\/semtepi\/#\/schema\/person\/image\/","url":"https:\/\/secure.gravatar.com\/avatar\/dc1481799a1f75c733ac3b2634cd6749?s=96&d=mm&r=g","contentUrl":"https:\/\/secure.gravatar.com\/avatar\/dc1481799a1f75c733ac3b2634cd6749?s=96&d=mm&r=g","caption":"Maur\u00edcio Freire"}}]}},"_links":{"self":[{"href":"https:\/\/www.manaus.am.gov.br\/semtepi\/wp-json\/wp\/v2\/posts\/2612"}],"collection":[{"href":"https:\/\/www.manaus.am.gov.br\/semtepi\/wp-json\/wp\/v2\/posts"}],"about":[{"href":"https:\/\/www.manaus.am.gov.br\/semtepi\/wp-json\/wp\/v2\/types\/post"}],"author":[{"embeddable":true,"href":"https:\/\/www.manaus.am.gov.br\/semtepi\/wp-json\/wp\/v2\/users\/25"}],"replies":[{"embeddable":true,"href":"https:\/\/www.manaus.am.gov.br\/semtepi\/wp-json\/wp\/v2\/comments?post=2612"}],"version-history":[{"count":0,"href":"https:\/\/www.manaus.am.gov.br\/semtepi\/wp-json\/wp\/v2\/posts\/2612\/revisions"}],"wp:featuredmedia":[{"embeddable":true,"href":"https:\/\/www.manaus.am.gov.br\/semtepi\/wp-json\/wp\/v2\/media\/2613"}],"wp:attachment":[{"href":"https:\/\/www.manaus.am.gov.br\/semtepi\/wp-json\/wp\/v2\/media?parent=2612"}],"wp:term":[{"taxonomy":"category","embeddable":true,"href":"https:\/\/www.manaus.am.gov.br\/semtepi\/wp-json\/wp\/v2\/categories?post=2612"},{"taxonomy":"post_tag","embeddable":true,"href":"https:\/\/www.manaus.am.gov.br\/semtepi\/wp-json\/wp\/v2\/tags?post=2612"}],"curies":[{"name":"wp","href":"https:\/\/api.w.org\/{rel}","templated":true}]}}