{"id":2607,"date":"2023-09-15T16:21:46","date_gmt":"2023-09-15T20:21:46","guid":{"rendered":"https:\/\/www.manaus.am.gov.br\/semtepi\/sem-categoria\/prefeitura-de-manaus-divulga-lista-de-selecionados-em-curso-de-programacao-basica\/"},"modified":"2023-09-15T16:21:46","modified_gmt":"2023-09-15T20:21:46","slug":"prefeitura-de-manaus-divulga-lista-de-selecionados-em-curso-de-programacao-basica","status":"publish","type":"post","link":"https:\/\/www.manaus.am.gov.br\/semtepi\/qualificacao\/prefeitura-de-manaus-divulga-lista-de-selecionados-em-curso-de-programacao-basica\/","title":{"rendered":"<strong>Prefeitura de Manaus divulga lista de selecionados em curso de programa\u00e7\u00e3o b\u00e1sica<\/strong>"},"content":{"rendered":"\n<p>A Prefeitura de Manaus, por meio da Secretaria Municipal do Trabalho, Empreendedorismo e Inova\u00e7\u00e3o (Semtepi), divulga, nesta sexta-feira, 15\/9, a lista de participantes selecionados para compor a quarta e quinta turma do curso b\u00e1sico de Programa\u00e7\u00e3o e Desenvolvimento de Software, que faz parte do edital \u201cMais Inova\u00e7\u00e3o\u201d e vai beneficiar 80 alunos.<\/p>\n\n\n\n<p>Executado pela Federa\u00e7\u00e3o Amazonense de E-Sports (Faesp), a fase atual do programa est\u00e1 dividida em duas turmas de 40 alunos, com carga hor\u00e1ria de 80h cada. Al\u00e9m da metodologia aplicada e desenvolvida para programa\u00e7\u00e3o, os alunos tamb\u00e9m receber\u00e3o lanche e vale transporte para todos os dias de aulas.<\/p>\n\n\n\n<p>\u201cRecebemos um n\u00famero impressionante de inscri\u00e7\u00f5es, o que demonstra o comprometimento da popula\u00e7\u00e3o com a aprendizagem e o desenvolvimento de habilidades digitais. Este \u00e9 o primeiro passo em uma jornada inovadora em dire\u00e7\u00e3o ao dom\u00ednio da programa\u00e7\u00e3o que possui um mercado grande e pronto para ser explorado\u201d, destacou o secret\u00e1rio-executivo do Comit\u00ea de Cr\u00e9dito Municipal\/Fumipeq, Geison Assis.<\/p>\n\n\n\n<p>Com a proposta de ofertar oportunidade de capacita\u00e7\u00e3o inovadora e contribuir com conhecimento te\u00f3rico e pr\u00e1tico da \u00e1rea, o curso vai ministrar sobre a linguagem das m\u00e1quinas e a arte de transformar ideias em c\u00f3digo funcional. Por meio de projetos pr\u00e1ticos e desafios estimulantes, os participantes ganhar\u00e3o confian\u00e7a nas habilidades e estar\u00e3o preparados para enfrentar os desafios do mundo digital.<\/p>\n\n\n\n<p>As aulas ser\u00e3o realizadas presencialmente de 18\/9 a 13\/10, no per\u00edodo diurno, de 13h \u00e0s 17h, e no per\u00edodo noturno, de 18h10 \u00e0s 22h10, na sede do Centro Universit\u00e1rio do Norte (Uninorte), na unidade 22, na avenida Djalma Batista, zona Centro-Sul.<\/p>\n\n\n\n<p><strong><a href=\"https:\/\/www.manaus.am.gov.br\/semtepi\/wp-content\/uploads\/sites\/20\/2023\/09\/TURMAS-4-E-5-PROGRAMACAO.pdf\">Confira a lista de selecionados<\/a><\/strong><\/p>\n\n\n\n<p><strong>&#8212; &#8212; &#8212;<\/strong><\/p>\n\n\n\n<p><strong>Texto \u2013 <\/strong>Fabiane Monteiro \/ Semtepi<\/p>\n\n\n\n<p><strong>Foto \u2013 <\/strong>Divulga\u00e7\u00e3o \/ Semtepi<\/p>\n","protected":false},"excerpt":{"rendered":"","protected":false},"author":39,"featured_media":2608,"comment_status":"closed","ping_status":"closed","sticky":false,"template":"","format":"standard","meta":{"footnotes":""},"categories":[82],"tags":[577,399,400,77,8,9],"acf":[],"yoast_head":"<!-- This site is optimized with the Yoast SEO plugin v23.0 - https:\/\/yoast.com\/wordpress\/plugins\/seo\/ -->\n<title>Prefeitura de Manaus divulga lista de selecionados em curso de programa\u00e7\u00e3o b\u00e1sica<\/title>\n<meta name=\"description\" content=\"A Prefeitura de Manaus, por meio da Secretaria Municipal do Trabalho, Empreendedorismo e Inova\u00e7\u00e3o (Semtepi), divulga, nesta sexta-feira, 15\/9, a lista de participantes selecionados para compor a quarta e quinta turma do curso b\u00e1sico de Programa\u00e7\u00e3o e Desenvolvimento de Software, que faz parte do edital \u201cMais Inova\u00e7\u00e3o\u201d e vai beneficiar 80 alunos.\" \/>\n<meta name=\"robots\" content=\"noindex, follow\" \/>\n<meta property=\"og:locale\" content=\"pt_BR\" \/>\n<meta property=\"og:type\" content=\"article\" \/>\n<meta property=\"og:title\" content=\"Prefeitura de Manaus divulga lista de selecionados em curso de programa\u00e7\u00e3o b\u00e1sica\" \/>\n<meta property=\"og:description\" content=\"A Prefeitura de Manaus, por meio da Secretaria Municipal do Trabalho, Empreendedorismo e Inova\u00e7\u00e3o (Semtepi), divulga, nesta sexta-feira, 15\/9, a lista de participantes selecionados para compor a quarta e quinta turma do curso b\u00e1sico de Programa\u00e7\u00e3o e Desenvolvimento de Software, que faz parte do edital \u201cMais Inova\u00e7\u00e3o\u201d e vai beneficiar 80 alunos.\" \/>\n<meta property=\"og:url\" content=\"https:\/\/www.manaus.am.gov.br\/semtepi\/qualificacao\/prefeitura-de-manaus-divulga-lista-de-selecionados-em-curso-de-programacao-basica\/\" \/>\n<meta property=\"og:site_name\" content=\"SEMTEPI\" \/>\n<meta property=\"article:published_time\" content=\"2023-09-15T20:21:46+00:00\" \/>\n<meta property=\"og:image\" content=\"https:\/\/www.manaus.am.gov.br\/semtepi\/wp-content\/uploads\/sites\/20\/2023\/09\/Programacao-1.jpeg\" \/>\n\t<meta property=\"og:image:width\" content=\"1600\" \/>\n\t<meta property=\"og:image:height\" content=\"1200\" \/>\n\t<meta property=\"og:image:type\" content=\"image\/jpeg\" \/>\n<meta name=\"author\" content=\"Bruna Greco\" \/>\n<meta name=\"twitter:card\" content=\"summary_large_image\" \/>\n<meta name=\"twitter:label1\" content=\"Written by\" \/>\n\t<meta name=\"twitter:data1\" content=\"Bruna Greco\" \/>\n\t<meta name=\"twitter:label2\" content=\"Est. reading time\" \/>\n\t<meta name=\"twitter:data2\" content=\"2 minutos\" \/>\n<script type=\"application\/ld+json\" class=\"yoast-schema-graph\">{\"@context\":\"https:\/\/schema.org\",\"@graph\":[{\"@type\":\"Article\",\"@id\":\"https:\/\/www.manaus.am.gov.br\/semtepi\/qualificacao\/prefeitura-de-manaus-divulga-lista-de-selecionados-em-curso-de-programacao-basica\/#article\",\"isPartOf\":{\"@id\":\"https:\/\/www.manaus.am.gov.br\/semtepi\/qualificacao\/prefeitura-de-manaus-divulga-lista-de-selecionados-em-curso-de-programacao-basica\/\"},\"author\":{\"name\":\"Bruna Greco\",\"@id\":\"https:\/\/www.manaus.am.gov.br\/semtepi\/#\/schema\/person\/05d223aea2bf115f9883a6ff3683d81b\"},\"headline\":\"Prefeitura de Manaus divulga lista de selecionados em curso de programa\u00e7\u00e3o b\u00e1sica\",\"datePublished\":\"2023-09-15T20:21:46+00:00\",\"dateModified\":\"2023-09-15T20:21:46+00:00\",\"mainEntityOfPage\":{\"@id\":\"https:\/\/www.manaus.am.gov.br\/semtepi\/qualificacao\/prefeitura-de-manaus-divulga-lista-de-selecionados-em-curso-de-programacao-basica\/\"},\"wordCount\":313,\"publisher\":{\"@id\":\"https:\/\/www.manaus.am.gov.br\/semtepi\/#organization\"},\"image\":{\"@id\":\"https:\/\/www.manaus.am.gov.br\/semtepi\/qualificacao\/prefeitura-de-manaus-divulga-lista-de-selecionados-em-curso-de-programacao-basica\/#primaryimage\"},\"thumbnailUrl\":\"https:\/\/www.manaus.am.gov.br\/semtepi\/wp-content\/uploads\/sites\/20\/2023\/09\/Programacao-1.jpeg\",\"keywords\":[\"curso b\u00e1sico de Programa\u00e7\u00e3o e Desenvolvimento de Software\",\"edital \u201cMais Inova\u00e7\u00e3o\u201d\",\"executado pela Federa\u00e7\u00e3o Amazonense de E-Sports (Faesp)\",\"lista de selecionados\",\"prefeitura de manaus\",\"Semtepi\"],\"articleSection\":[\"Qualifica\u00e7\u00e3o\"],\"inLanguage\":\"pt-BR\"},{\"@type\":\"WebPage\",\"@id\":\"https:\/\/www.manaus.am.gov.br\/semtepi\/qualificacao\/prefeitura-de-manaus-divulga-lista-de-selecionados-em-curso-de-programacao-basica\/\",\"url\":\"https:\/\/www.manaus.am.gov.br\/semtepi\/qualificacao\/prefeitura-de-manaus-divulga-lista-de-selecionados-em-curso-de-programacao-basica\/\",\"name\":\"Prefeitura de Manaus divulga lista de selecionados em curso de programa\u00e7\u00e3o b\u00e1sica\",\"isPartOf\":{\"@id\":\"https:\/\/www.manaus.am.gov.br\/semtepi\/#website\"},\"primaryImageOfPage\":{\"@id\":\"https:\/\/www.manaus.am.gov.br\/semtepi\/qualificacao\/prefeitura-de-manaus-divulga-lista-de-selecionados-em-curso-de-programacao-basica\/#primaryimage\"},\"image\":{\"@id\":\"https:\/\/www.manaus.am.gov.br\/semtepi\/qualificacao\/prefeitura-de-manaus-divulga-lista-de-selecionados-em-curso-de-programacao-basica\/#primaryimage\"},\"thumbnailUrl\":\"https:\/\/www.manaus.am.gov.br\/semtepi\/wp-content\/uploads\/sites\/20\/2023\/09\/Programacao-1.jpeg\",\"datePublished\":\"2023-09-15T20:21:46+00:00\",\"dateModified\":\"2023-09-15T20:21:46+00:00\",\"description\":\"A Prefeitura de Manaus, por meio da Secretaria Municipal do Trabalho, Empreendedorismo e Inova\u00e7\u00e3o (Semtepi), divulga, nesta sexta-feira, 15\/9, a lista de participantes selecionados para compor a quarta e quinta turma do curso b\u00e1sico de Programa\u00e7\u00e3o e Desenvolvimento de Software, que faz parte do edital \u201cMais Inova\u00e7\u00e3o\u201d e vai beneficiar 80 alunos.\",\"breadcrumb\":{\"@id\":\"https:\/\/www.manaus.am.gov.br\/semtepi\/qualificacao\/prefeitura-de-manaus-divulga-lista-de-selecionados-em-curso-de-programacao-basica\/#breadcrumb\"},\"inLanguage\":\"pt-BR\",\"potentialAction\":[{\"@type\":\"ReadAction\",\"target\":[\"https:\/\/www.manaus.am.gov.br\/semtepi\/qualificacao\/prefeitura-de-manaus-divulga-lista-de-selecionados-em-curso-de-programacao-basica\/\"]}]},{\"@type\":\"ImageObject\",\"inLanguage\":\"pt-BR\",\"@id\":\"https:\/\/www.manaus.am.gov.br\/semtepi\/qualificacao\/prefeitura-de-manaus-divulga-lista-de-selecionados-em-curso-de-programacao-basica\/#primaryimage\",\"url\":\"https:\/\/www.manaus.am.gov.br\/semtepi\/wp-content\/uploads\/sites\/20\/2023\/09\/Programacao-1.jpeg\",\"contentUrl\":\"https:\/\/www.manaus.am.gov.br\/semtepi\/wp-content\/uploads\/sites\/20\/2023\/09\/Programacao-1.jpeg\",\"width\":1600,\"height\":1200},{\"@type\":\"BreadcrumbList\",\"@id\":\"https:\/\/www.manaus.am.gov.br\/semtepi\/qualificacao\/prefeitura-de-manaus-divulga-lista-de-selecionados-em-curso-de-programacao-basica\/#breadcrumb\",\"itemListElement\":[{\"@type\":\"ListItem\",\"position\":1,\"name\":\"Home\",\"item\":\"https:\/\/www.manaus.am.gov.br\/semtepi\/\"},{\"@type\":\"ListItem\",\"position\":2,\"name\":\"Prefeitura de Manaus divulga lista de selecionados em curso de programa\u00e7\u00e3o b\u00e1sica\"}]},{\"@type\":\"WebSite\",\"@id\":\"https:\/\/www.manaus.am.gov.br\/semtepi\/#website\",\"url\":\"https:\/\/www.manaus.am.gov.br\/semtepi\/\",\"name\":\"SEMTEPI\",\"description\":\"Prefeitura de Manaus\",\"publisher\":{\"@id\":\"https:\/\/www.manaus.am.gov.br\/semtepi\/#organization\"},\"alternateName\":\"Secretaria Municipal do Trabalho, Empreendedorismo e Inova\u00e7\u00e3o\",\"potentialAction\":[{\"@type\":\"SearchAction\",\"target\":{\"@type\":\"EntryPoint\",\"urlTemplate\":\"https:\/\/www.manaus.am.gov.br\/semtepi\/?s={search_term_string}\"},\"query-input\":\"required name=search_term_string\"}],\"inLanguage\":\"pt-BR\"},{\"@type\":\"Organization\",\"@id\":\"https:\/\/www.manaus.am.gov.br\/semtepi\/#organization\",\"name\":\"Prefeitura Municipal de Manaus\",\"alternateName\":\"Prefeitura de Manaus\",\"url\":\"https:\/\/www.manaus.am.gov.br\/semtepi\/\",\"logo\":{\"@type\":\"ImageObject\",\"inLanguage\":\"pt-BR\",\"@id\":\"https:\/\/www.manaus.am.gov.br\/semtepi\/#\/schema\/logo\/image\/\",\"url\":\"https:\/\/www.manaus.am.gov.br\/semtepi\/wp-content\/uploads\/sites\/20\/2024\/07\/favicon.png\",\"contentUrl\":\"https:\/\/www.manaus.am.gov.br\/semtepi\/wp-content\/uploads\/sites\/20\/2024\/07\/favicon.png\",\"width\":300,\"height\":300,\"caption\":\"Prefeitura Municipal de Manaus\"},\"image\":{\"@id\":\"https:\/\/www.manaus.am.gov.br\/semtepi\/#\/schema\/logo\/image\/\"}},{\"@type\":\"Person\",\"@id\":\"https:\/\/www.manaus.am.gov.br\/semtepi\/#\/schema\/person\/05d223aea2bf115f9883a6ff3683d81b\",\"name\":\"Bruna Greco\",\"image\":{\"@type\":\"ImageObject\",\"inLanguage\":\"pt-BR\",\"@id\":\"https:\/\/www.manaus.am.gov.br\/semtepi\/#\/schema\/person\/image\/\",\"url\":\"https:\/\/secure.gravatar.com\/avatar\/9c877d1a6adc2a055330e5c09a8653ce?s=96&d=mm&r=g\",\"contentUrl\":\"https:\/\/secure.gravatar.com\/avatar\/9c877d1a6adc2a055330e5c09a8653ce?s=96&d=mm&r=g\",\"caption\":\"Bruna Greco\"}}]}<\/script>\n<!-- \/ Yoast SEO plugin. -->","yoast_head_json":{"title":"Prefeitura de Manaus divulga lista de selecionados em curso de programa\u00e7\u00e3o b\u00e1sica","description":"A Prefeitura de Manaus, por meio da Secretaria Municipal do Trabalho, Empreendedorismo e Inova\u00e7\u00e3o (Semtepi), divulga, nesta sexta-feira, 15\/9, a lista de participantes selecionados para compor a quarta e quinta turma do curso b\u00e1sico de Programa\u00e7\u00e3o e Desenvolvimento de Software, que faz parte do edital \u201cMais Inova\u00e7\u00e3o\u201d e vai beneficiar 80 alunos.","robots":{"index":"noindex","follow":"follow"},"og_locale":"pt_BR","og_type":"article","og_title":"Prefeitura de Manaus divulga lista de selecionados em curso de programa\u00e7\u00e3o b\u00e1sica","og_description":"A Prefeitura de Manaus, por meio da Secretaria Municipal do Trabalho, Empreendedorismo e Inova\u00e7\u00e3o (Semtepi), divulga, nesta sexta-feira, 15\/9, a lista de participantes selecionados para compor a quarta e quinta turma do curso b\u00e1sico de Programa\u00e7\u00e3o e Desenvolvimento de Software, que faz parte do edital \u201cMais Inova\u00e7\u00e3o\u201d e vai beneficiar 80 alunos.","og_url":"https:\/\/www.manaus.am.gov.br\/semtepi\/qualificacao\/prefeitura-de-manaus-divulga-lista-de-selecionados-em-curso-de-programacao-basica\/","og_site_name":"SEMTEPI","article_published_time":"2023-09-15T20:21:46+00:00","og_image":[{"width":1600,"height":1200,"url":"https:\/\/www.manaus.am.gov.br\/semtepi\/wp-content\/uploads\/sites\/20\/2023\/09\/Programacao-1.jpeg","type":"image\/jpeg"}],"author":"Bruna Greco","twitter_card":"summary_large_image","twitter_misc":{"Written by":"Bruna Greco","Est. reading time":"2 minutos"},"schema":{"@context":"https:\/\/schema.org","@graph":[{"@type":"Article","@id":"https:\/\/www.manaus.am.gov.br\/semtepi\/qualificacao\/prefeitura-de-manaus-divulga-lista-de-selecionados-em-curso-de-programacao-basica\/#article","isPartOf":{"@id":"https:\/\/www.manaus.am.gov.br\/semtepi\/qualificacao\/prefeitura-de-manaus-divulga-lista-de-selecionados-em-curso-de-programacao-basica\/"},"author":{"name":"Bruna Greco","@id":"https:\/\/www.manaus.am.gov.br\/semtepi\/#\/schema\/person\/05d223aea2bf115f9883a6ff3683d81b"},"headline":"Prefeitura de Manaus divulga lista de selecionados em curso de programa\u00e7\u00e3o b\u00e1sica","datePublished":"2023-09-15T20:21:46+00:00","dateModified":"2023-09-15T20:21:46+00:00","mainEntityOfPage":{"@id":"https:\/\/www.manaus.am.gov.br\/semtepi\/qualificacao\/prefeitura-de-manaus-divulga-lista-de-selecionados-em-curso-de-programacao-basica\/"},"wordCount":313,"publisher":{"@id":"https:\/\/www.manaus.am.gov.br\/semtepi\/#organization"},"image":{"@id":"https:\/\/www.manaus.am.gov.br\/semtepi\/qualificacao\/prefeitura-de-manaus-divulga-lista-de-selecionados-em-curso-de-programacao-basica\/#primaryimage"},"thumbnailUrl":"https:\/\/www.manaus.am.gov.br\/semtepi\/wp-content\/uploads\/sites\/20\/2023\/09\/Programacao-1.jpeg","keywords":["curso b\u00e1sico de Programa\u00e7\u00e3o e Desenvolvimento de Software","edital \u201cMais Inova\u00e7\u00e3o\u201d","executado pela Federa\u00e7\u00e3o Amazonense de E-Sports (Faesp)","lista de selecionados","prefeitura de manaus","Semtepi"],"articleSection":["Qualifica\u00e7\u00e3o"],"inLanguage":"pt-BR"},{"@type":"WebPage","@id":"https:\/\/www.manaus.am.gov.br\/semtepi\/qualificacao\/prefeitura-de-manaus-divulga-lista-de-selecionados-em-curso-de-programacao-basica\/","url":"https:\/\/www.manaus.am.gov.br\/semtepi\/qualificacao\/prefeitura-de-manaus-divulga-lista-de-selecionados-em-curso-de-programacao-basica\/","name":"Prefeitura de Manaus divulga lista de selecionados em curso de programa\u00e7\u00e3o b\u00e1sica","isPartOf":{"@id":"https:\/\/www.manaus.am.gov.br\/semtepi\/#website"},"primaryImageOfPage":{"@id":"https:\/\/www.manaus.am.gov.br\/semtepi\/qualificacao\/prefeitura-de-manaus-divulga-lista-de-selecionados-em-curso-de-programacao-basica\/#primaryimage"},"image":{"@id":"https:\/\/www.manaus.am.gov.br\/semtepi\/qualificacao\/prefeitura-de-manaus-divulga-lista-de-selecionados-em-curso-de-programacao-basica\/#primaryimage"},"thumbnailUrl":"https:\/\/www.manaus.am.gov.br\/semtepi\/wp-content\/uploads\/sites\/20\/2023\/09\/Programacao-1.jpeg","datePublished":"2023-09-15T20:21:46+00:00","dateModified":"2023-09-15T20:21:46+00:00","description":"A Prefeitura de Manaus, por meio da Secretaria Municipal do Trabalho, Empreendedorismo e Inova\u00e7\u00e3o (Semtepi), divulga, nesta sexta-feira, 15\/9, a lista de participantes selecionados para compor a quarta e quinta turma do curso b\u00e1sico de Programa\u00e7\u00e3o e Desenvolvimento de Software, que faz parte do edital \u201cMais Inova\u00e7\u00e3o\u201d e vai beneficiar 80 alunos.","breadcrumb":{"@id":"https:\/\/www.manaus.am.gov.br\/semtepi\/qualificacao\/prefeitura-de-manaus-divulga-lista-de-selecionados-em-curso-de-programacao-basica\/#breadcrumb"},"inLanguage":"pt-BR","potentialAction":[{"@type":"ReadAction","target":["https:\/\/www.manaus.am.gov.br\/semtepi\/qualificacao\/prefeitura-de-manaus-divulga-lista-de-selecionados-em-curso-de-programacao-basica\/"]}]},{"@type":"ImageObject","inLanguage":"pt-BR","@id":"https:\/\/www.manaus.am.gov.br\/semtepi\/qualificacao\/prefeitura-de-manaus-divulga-lista-de-selecionados-em-curso-de-programacao-basica\/#primaryimage","url":"https:\/\/www.manaus.am.gov.br\/semtepi\/wp-content\/uploads\/sites\/20\/2023\/09\/Programacao-1.jpeg","contentUrl":"https:\/\/www.manaus.am.gov.br\/semtepi\/wp-content\/uploads\/sites\/20\/2023\/09\/Programacao-1.jpeg","width":1600,"height":1200},{"@type":"BreadcrumbList","@id":"https:\/\/www.manaus.am.gov.br\/semtepi\/qualificacao\/prefeitura-de-manaus-divulga-lista-de-selecionados-em-curso-de-programacao-basica\/#breadcrumb","itemListElement":[{"@type":"ListItem","position":1,"name":"Home","item":"https:\/\/www.manaus.am.gov.br\/semtepi\/"},{"@type":"ListItem","position":2,"name":"Prefeitura de Manaus divulga lista de selecionados em curso de programa\u00e7\u00e3o b\u00e1sica"}]},{"@type":"WebSite","@id":"https:\/\/www.manaus.am.gov.br\/semtepi\/#website","url":"https:\/\/www.manaus.am.gov.br\/semtepi\/","name":"SEMTEPI","description":"Prefeitura de Manaus","publisher":{"@id":"https:\/\/www.manaus.am.gov.br\/semtepi\/#organization"},"alternateName":"Secretaria Municipal do Trabalho, Empreendedorismo e Inova\u00e7\u00e3o","potentialAction":[{"@type":"SearchAction","target":{"@type":"EntryPoint","urlTemplate":"https:\/\/www.manaus.am.gov.br\/semtepi\/?s={search_term_string}"},"query-input":"required name=search_term_string"}],"inLanguage":"pt-BR"},{"@type":"Organization","@id":"https:\/\/www.manaus.am.gov.br\/semtepi\/#organization","name":"Prefeitura Municipal de Manaus","alternateName":"Prefeitura de Manaus","url":"https:\/\/www.manaus.am.gov.br\/semtepi\/","logo":{"@type":"ImageObject","inLanguage":"pt-BR","@id":"https:\/\/www.manaus.am.gov.br\/semtepi\/#\/schema\/logo\/image\/","url":"https:\/\/www.manaus.am.gov.br\/semtepi\/wp-content\/uploads\/sites\/20\/2024\/07\/favicon.png","contentUrl":"https:\/\/www.manaus.am.gov.br\/semtepi\/wp-content\/uploads\/sites\/20\/2024\/07\/favicon.png","width":300,"height":300,"caption":"Prefeitura Municipal de Manaus"},"image":{"@id":"https:\/\/www.manaus.am.gov.br\/semtepi\/#\/schema\/logo\/image\/"}},{"@type":"Person","@id":"https:\/\/www.manaus.am.gov.br\/semtepi\/#\/schema\/person\/05d223aea2bf115f9883a6ff3683d81b","name":"Bruna Greco","image":{"@type":"ImageObject","inLanguage":"pt-BR","@id":"https:\/\/www.manaus.am.gov.br\/semtepi\/#\/schema\/person\/image\/","url":"https:\/\/secure.gravatar.com\/avatar\/9c877d1a6adc2a055330e5c09a8653ce?s=96&d=mm&r=g","contentUrl":"https:\/\/secure.gravatar.com\/avatar\/9c877d1a6adc2a055330e5c09a8653ce?s=96&d=mm&r=g","caption":"Bruna Greco"}}]}},"_links":{"self":[{"href":"https:\/\/www.manaus.am.gov.br\/semtepi\/wp-json\/wp\/v2\/posts\/2607"}],"collection":[{"href":"https:\/\/www.manaus.am.gov.br\/semtepi\/wp-json\/wp\/v2\/posts"}],"about":[{"href":"https:\/\/www.manaus.am.gov.br\/semtepi\/wp-json\/wp\/v2\/types\/post"}],"author":[{"embeddable":true,"href":"https:\/\/www.manaus.am.gov.br\/semtepi\/wp-json\/wp\/v2\/users\/39"}],"replies":[{"embeddable":true,"href":"https:\/\/www.manaus.am.gov.br\/semtepi\/wp-json\/wp\/v2\/comments?post=2607"}],"version-history":[{"count":1,"href":"https:\/\/www.manaus.am.gov.br\/semtepi\/wp-json\/wp\/v2\/posts\/2607\/revisions"}],"predecessor-version":[{"id":2611,"href":"https:\/\/www.manaus.am.gov.br\/semtepi\/wp-json\/wp\/v2\/posts\/2607\/revisions\/2611"}],"wp:featuredmedia":[{"embeddable":true,"href":"https:\/\/www.manaus.am.gov.br\/semtepi\/wp-json\/wp\/v2\/media\/2608"}],"wp:attachment":[{"href":"https:\/\/www.manaus.am.gov.br\/semtepi\/wp-json\/wp\/v2\/media?parent=2607"}],"wp:term":[{"taxonomy":"category","embeddable":true,"href":"https:\/\/www.manaus.am.gov.br\/semtepi\/wp-json\/wp\/v2\/categories?post=2607"},{"taxonomy":"post_tag","embeddable":true,"href":"https:\/\/www.manaus.am.gov.br\/semtepi\/wp-json\/wp\/v2\/tags?post=2607"}],"curies":[{"name":"wp","href":"https:\/\/api.w.org\/{rel}","templated":true}]}}