{"id":2605,"date":"2023-09-15T14:13:35","date_gmt":"2023-09-15T18:13:35","guid":{"rendered":"https:\/\/www.manaus.am.gov.br\/semtepi\/sem-categoria\/feira-de-economia-solidaria-e-criativa-fatura-mais-de-r-10-mil-no-festival\/"},"modified":"2023-09-15T14:13:35","modified_gmt":"2023-09-15T18:13:35","slug":"feira-de-economia-solidaria-e-criativa-fatura-mais-de-r-10-mil-no-festival","status":"publish","type":"post","link":"https:\/\/www.manaus.am.gov.br\/semtepi\/sou-manaus\/feira-de-economia-solidaria-e-criativa-fatura-mais-de-r-10-mil-no-festival\/","title":{"rendered":"<strong>Feira de Economia Solid\u00e1ria e Criativa fatura mais de R$ 10 mil no festival<\/strong>"},"content":{"rendered":"\n<p>Buscando melhorar as condi\u00e7\u00f5es e estrat\u00e9gias de neg\u00f3cios dos empreendedores, a Prefeitura de Manaus, por meio da Secretaria Municipal do Trabalho, Empreendedorismo e Inova\u00e7\u00e3o (Semtepi), registrou a marca de R$ 10.203,50 em faturamento na Feira de Economia Solid\u00e1ria e Criativa, que aconteceu nos dias 5, 6 e 7\/9, durante o #SouManaus Passo a Pa\u00e7o 2023, organizado pela Funda\u00e7\u00e3o Municipal de Cultura, Turismo e Eventos (Manauscult).<\/p>\n\n\n\n<p>Com o objetivo de dar visibilidade aos empreendedores locais, a exposi\u00e7\u00e3o disponibilizou 126 oportunidades, abrangendo diversos segmentos, e por meio de um sorteio, beneficiou 42 empreendedores em 14 barracas, por dia. O evento permitiu que eles apresentassem e divulgassem seus produtos exclusivos, que v\u00e3o desde artigos feitos \u00e0 m\u00e3o com materiais reciclados, madeira, casca de \u00e1rvore, sementes e fibras da floresta, at\u00e9 objetos feitos com resina.<\/p>\n\n\n\n<p>\u201cAo realizarmos essa feira, estamos contribuindo para fortalecer nossa economia local, promovendo a cultura da nossa regi\u00e3o, a partir do empreendedorismo, e garantindo que as hist\u00f3rias dos empreendedores permane\u00e7am em nossa cidade. Essa feira \u00e9 um verdadeiro testemunho do esp\u00edrito empreendedor, da criatividade e do compromisso de nossa secretaria em promover um ambiente mais justo e sustent\u00e1vel\u201d, afirmou o secret\u00e1rio-executivo do Comit\u00ea de Cr\u00e9dito Municipal\/Fumipeq, Geison Assis.<\/p>\n\n\n\n<p>No total, s\u00e3o mais de 1.300 empreendedores cadastrados na secretaria.&nbsp;Segundo a empreendedora Edilce da Cruz, que tamb\u00e9m \u00e9 estreante no #SouManaus Passo a Pa\u00e7o 2023, a feira de economia criativa \u00e9 um grande exemplo de que a atual gest\u00e3o se preocupa com os empreendedores manauaras. Para ela, o ambiente de neg\u00f3cios criado no evento, permitiu o grande sucesso de suas vendas.<\/p>\n\n\n\n<p>&#8220;Essa \u00e9 a minha primeira vez participando do #SouManaus Passo a Pa\u00e7o. Fui selecionada para o evento, que considero um divisor de \u00e1guas para meu empreendimento. Estou muito feliz por conseguir vender meus artigos e satisfeita com o resultado das minhas vendas. A contribui\u00e7\u00e3o da Semtepi para o sucesso do meu neg\u00f3cio foi fundamental, pois eles me incentivaram por meio de oportunidades e cursos de aperfei\u00e7oamento&#8221;, destacou a empreendedora.<\/p>\n\n\n\n<p>&#8212; &#8212; &#8212;<\/p>\n\n\n\n<p><strong>Texto \u2013&nbsp;<\/strong>Fabiane Monteiro \/ Semtepi<\/p>\n\n\n\n<p><strong>Fotos \u2013&nbsp;<\/strong>M\u00e1rcio Melo\/Semcom,Ant\u00f4nio Pereira\/Semcom e Thelson Souza\/Semcom<\/p>\n\n\n\n<p><strong>Dispon\u00edveis em &#8211;&nbsp;<\/strong><a href=\"https:\/\/flic.kr\/s\/aHBqjATDDL\" target=\"_blank\" rel=\"noreferrer noopener\">https:\/\/flic.kr\/s\/aHBqjATDDL<\/a>&nbsp;e&nbsp;<a href=\"https:\/\/flic.kr\/s\/aHBqjATRJz\" target=\"_blank\" rel=\"noreferrer noopener\">https:\/\/flic.kr\/s\/aHBqjATRJz<\/a><\/p>\n","protected":false},"excerpt":{"rendered":"","protected":false},"author":23,"featured_media":2606,"comment_status":"closed","ping_status":"closed","sticky":false,"template":"","format":"standard","meta":{"footnotes":""},"categories":[554],"tags":[575,576,8,9],"acf":[],"yoast_head":"<!-- This site is optimized with the Yoast SEO plugin v23.0 - https:\/\/yoast.com\/wordpress\/plugins\/seo\/ -->\n<title>Feira de Economia Solid\u00e1ria e Criativa fatura mais de R$ 10 mil no festival - SEMTEPI<\/title>\n<meta name=\"robots\" content=\"noindex, follow\" \/>\n<meta property=\"og:locale\" content=\"pt_BR\" \/>\n<meta property=\"og:type\" content=\"article\" \/>\n<meta property=\"og:title\" content=\"Feira de Economia Solid\u00e1ria e Criativa fatura mais de R$ 10 mil no festival - SEMTEPI\" \/>\n<meta property=\"og:url\" content=\"https:\/\/www.manaus.am.gov.br\/semtepi\/sou-manaus\/feira-de-economia-solidaria-e-criativa-fatura-mais-de-r-10-mil-no-festival\/\" \/>\n<meta property=\"og:site_name\" content=\"SEMTEPI\" \/>\n<meta property=\"article:published_time\" content=\"2023-09-15T18:13:35+00:00\" \/>\n<meta property=\"og:image\" content=\"https:\/\/www.manaus.am.gov.br\/semtepi\/wp-content\/uploads\/sites\/20\/2023\/09\/53169150692_111a2b5f2f_c.jpg\" \/>\n\t<meta property=\"og:image:width\" content=\"799\" \/>\n\t<meta property=\"og:image:height\" content=\"533\" \/>\n\t<meta property=\"og:image:type\" content=\"image\/jpeg\" \/>\n<meta name=\"author\" content=\"Adriana Costa\" \/>\n<meta name=\"twitter:card\" content=\"summary_large_image\" \/>\n<meta name=\"twitter:label1\" content=\"Written by\" \/>\n\t<meta name=\"twitter:data1\" content=\"Adriana Costa\" \/>\n\t<meta name=\"twitter:label2\" content=\"Est. reading time\" \/>\n\t<meta name=\"twitter:data2\" content=\"2 minutos\" \/>\n<script type=\"application\/ld+json\" class=\"yoast-schema-graph\">{\"@context\":\"https:\/\/schema.org\",\"@graph\":[{\"@type\":\"Article\",\"@id\":\"https:\/\/www.manaus.am.gov.br\/semtepi\/sou-manaus\/feira-de-economia-solidaria-e-criativa-fatura-mais-de-r-10-mil-no-festival\/#article\",\"isPartOf\":{\"@id\":\"https:\/\/www.manaus.am.gov.br\/semtepi\/sou-manaus\/feira-de-economia-solidaria-e-criativa-fatura-mais-de-r-10-mil-no-festival\/\"},\"author\":{\"name\":\"Adriana Costa\",\"@id\":\"https:\/\/www.manaus.am.gov.br\/semtepi\/#\/schema\/person\/4e49f4e267757a06ca072ec61b2b9968\"},\"headline\":\"Feira de Economia Solid\u00e1ria e Criativa fatura mais de R$ 10 mil no festival\",\"datePublished\":\"2023-09-15T18:13:35+00:00\",\"dateModified\":\"2023-09-15T18:13:35+00:00\",\"mainEntityOfPage\":{\"@id\":\"https:\/\/www.manaus.am.gov.br\/semtepi\/sou-manaus\/feira-de-economia-solidaria-e-criativa-fatura-mais-de-r-10-mil-no-festival\/\"},\"wordCount\":396,\"publisher\":{\"@id\":\"https:\/\/www.manaus.am.gov.br\/semtepi\/#organization\"},\"image\":{\"@id\":\"https:\/\/www.manaus.am.gov.br\/semtepi\/sou-manaus\/feira-de-economia-solidaria-e-criativa-fatura-mais-de-r-10-mil-no-festival\/#primaryimage\"},\"thumbnailUrl\":\"https:\/\/www.manaus.am.gov.br\/semtepi\/wp-content\/uploads\/sites\/20\/2023\/09\/53169150692_111a2b5f2f_c.jpg\",\"keywords\":[\"#SouManaus\",\"Feira de Economia Criativa e Solid\u00e1ria\",\"prefeitura de manaus\",\"Semtepi\"],\"articleSection\":[\"#SouManaus\"],\"inLanguage\":\"pt-BR\"},{\"@type\":\"WebPage\",\"@id\":\"https:\/\/www.manaus.am.gov.br\/semtepi\/sou-manaus\/feira-de-economia-solidaria-e-criativa-fatura-mais-de-r-10-mil-no-festival\/\",\"url\":\"https:\/\/www.manaus.am.gov.br\/semtepi\/sou-manaus\/feira-de-economia-solidaria-e-criativa-fatura-mais-de-r-10-mil-no-festival\/\",\"name\":\"Feira de Economia Solid\u00e1ria e Criativa fatura mais de R$ 10 mil no festival - SEMTEPI\",\"isPartOf\":{\"@id\":\"https:\/\/www.manaus.am.gov.br\/semtepi\/#website\"},\"primaryImageOfPage\":{\"@id\":\"https:\/\/www.manaus.am.gov.br\/semtepi\/sou-manaus\/feira-de-economia-solidaria-e-criativa-fatura-mais-de-r-10-mil-no-festival\/#primaryimage\"},\"image\":{\"@id\":\"https:\/\/www.manaus.am.gov.br\/semtepi\/sou-manaus\/feira-de-economia-solidaria-e-criativa-fatura-mais-de-r-10-mil-no-festival\/#primaryimage\"},\"thumbnailUrl\":\"https:\/\/www.manaus.am.gov.br\/semtepi\/wp-content\/uploads\/sites\/20\/2023\/09\/53169150692_111a2b5f2f_c.jpg\",\"datePublished\":\"2023-09-15T18:13:35+00:00\",\"dateModified\":\"2023-09-15T18:13:35+00:00\",\"breadcrumb\":{\"@id\":\"https:\/\/www.manaus.am.gov.br\/semtepi\/sou-manaus\/feira-de-economia-solidaria-e-criativa-fatura-mais-de-r-10-mil-no-festival\/#breadcrumb\"},\"inLanguage\":\"pt-BR\",\"potentialAction\":[{\"@type\":\"ReadAction\",\"target\":[\"https:\/\/www.manaus.am.gov.br\/semtepi\/sou-manaus\/feira-de-economia-solidaria-e-criativa-fatura-mais-de-r-10-mil-no-festival\/\"]}]},{\"@type\":\"ImageObject\",\"inLanguage\":\"pt-BR\",\"@id\":\"https:\/\/www.manaus.am.gov.br\/semtepi\/sou-manaus\/feira-de-economia-solidaria-e-criativa-fatura-mais-de-r-10-mil-no-festival\/#primaryimage\",\"url\":\"https:\/\/www.manaus.am.gov.br\/semtepi\/wp-content\/uploads\/sites\/20\/2023\/09\/53169150692_111a2b5f2f_c.jpg\",\"contentUrl\":\"https:\/\/www.manaus.am.gov.br\/semtepi\/wp-content\/uploads\/sites\/20\/2023\/09\/53169150692_111a2b5f2f_c.jpg\",\"width\":799,\"height\":533},{\"@type\":\"BreadcrumbList\",\"@id\":\"https:\/\/www.manaus.am.gov.br\/semtepi\/sou-manaus\/feira-de-economia-solidaria-e-criativa-fatura-mais-de-r-10-mil-no-festival\/#breadcrumb\",\"itemListElement\":[{\"@type\":\"ListItem\",\"position\":1,\"name\":\"Home\",\"item\":\"https:\/\/www.manaus.am.gov.br\/semtepi\/\"},{\"@type\":\"ListItem\",\"position\":2,\"name\":\"Feira de Economia Solid\u00e1ria e Criativa fatura mais de R$ 10 mil no festival\"}]},{\"@type\":\"WebSite\",\"@id\":\"https:\/\/www.manaus.am.gov.br\/semtepi\/#website\",\"url\":\"https:\/\/www.manaus.am.gov.br\/semtepi\/\",\"name\":\"SEMTEPI\",\"description\":\"Prefeitura de Manaus\",\"publisher\":{\"@id\":\"https:\/\/www.manaus.am.gov.br\/semtepi\/#organization\"},\"alternateName\":\"Secretaria Municipal do Trabalho, Empreendedorismo e Inova\u00e7\u00e3o\",\"potentialAction\":[{\"@type\":\"SearchAction\",\"target\":{\"@type\":\"EntryPoint\",\"urlTemplate\":\"https:\/\/www.manaus.am.gov.br\/semtepi\/?s={search_term_string}\"},\"query-input\":\"required name=search_term_string\"}],\"inLanguage\":\"pt-BR\"},{\"@type\":\"Organization\",\"@id\":\"https:\/\/www.manaus.am.gov.br\/semtepi\/#organization\",\"name\":\"Prefeitura Municipal de Manaus\",\"alternateName\":\"Prefeitura de Manaus\",\"url\":\"https:\/\/www.manaus.am.gov.br\/semtepi\/\",\"logo\":{\"@type\":\"ImageObject\",\"inLanguage\":\"pt-BR\",\"@id\":\"https:\/\/www.manaus.am.gov.br\/semtepi\/#\/schema\/logo\/image\/\",\"url\":\"https:\/\/www.manaus.am.gov.br\/semtepi\/wp-content\/uploads\/sites\/20\/2024\/07\/favicon.png\",\"contentUrl\":\"https:\/\/www.manaus.am.gov.br\/semtepi\/wp-content\/uploads\/sites\/20\/2024\/07\/favicon.png\",\"width\":300,\"height\":300,\"caption\":\"Prefeitura Municipal de Manaus\"},\"image\":{\"@id\":\"https:\/\/www.manaus.am.gov.br\/semtepi\/#\/schema\/logo\/image\/\"}},{\"@type\":\"Person\",\"@id\":\"https:\/\/www.manaus.am.gov.br\/semtepi\/#\/schema\/person\/4e49f4e267757a06ca072ec61b2b9968\",\"name\":\"Adriana Costa\",\"image\":{\"@type\":\"ImageObject\",\"inLanguage\":\"pt-BR\",\"@id\":\"https:\/\/www.manaus.am.gov.br\/semtepi\/#\/schema\/person\/image\/\",\"url\":\"https:\/\/secure.gravatar.com\/avatar\/576258617ef7194f718179e766d57bd4?s=96&d=mm&r=g\",\"contentUrl\":\"https:\/\/secure.gravatar.com\/avatar\/576258617ef7194f718179e766d57bd4?s=96&d=mm&r=g\",\"caption\":\"Adriana Costa\"}}]}<\/script>\n<!-- \/ Yoast SEO plugin. -->","yoast_head_json":{"title":"Feira de Economia Solid\u00e1ria e Criativa fatura mais de R$ 10 mil no festival - SEMTEPI","robots":{"index":"noindex","follow":"follow"},"og_locale":"pt_BR","og_type":"article","og_title":"Feira de Economia Solid\u00e1ria e Criativa fatura mais de R$ 10 mil no festival - SEMTEPI","og_url":"https:\/\/www.manaus.am.gov.br\/semtepi\/sou-manaus\/feira-de-economia-solidaria-e-criativa-fatura-mais-de-r-10-mil-no-festival\/","og_site_name":"SEMTEPI","article_published_time":"2023-09-15T18:13:35+00:00","og_image":[{"width":799,"height":533,"url":"https:\/\/www.manaus.am.gov.br\/semtepi\/wp-content\/uploads\/sites\/20\/2023\/09\/53169150692_111a2b5f2f_c.jpg","type":"image\/jpeg"}],"author":"Adriana Costa","twitter_card":"summary_large_image","twitter_misc":{"Written by":"Adriana Costa","Est. reading time":"2 minutos"},"schema":{"@context":"https:\/\/schema.org","@graph":[{"@type":"Article","@id":"https:\/\/www.manaus.am.gov.br\/semtepi\/sou-manaus\/feira-de-economia-solidaria-e-criativa-fatura-mais-de-r-10-mil-no-festival\/#article","isPartOf":{"@id":"https:\/\/www.manaus.am.gov.br\/semtepi\/sou-manaus\/feira-de-economia-solidaria-e-criativa-fatura-mais-de-r-10-mil-no-festival\/"},"author":{"name":"Adriana Costa","@id":"https:\/\/www.manaus.am.gov.br\/semtepi\/#\/schema\/person\/4e49f4e267757a06ca072ec61b2b9968"},"headline":"Feira de Economia Solid\u00e1ria e Criativa fatura mais de R$ 10 mil no festival","datePublished":"2023-09-15T18:13:35+00:00","dateModified":"2023-09-15T18:13:35+00:00","mainEntityOfPage":{"@id":"https:\/\/www.manaus.am.gov.br\/semtepi\/sou-manaus\/feira-de-economia-solidaria-e-criativa-fatura-mais-de-r-10-mil-no-festival\/"},"wordCount":396,"publisher":{"@id":"https:\/\/www.manaus.am.gov.br\/semtepi\/#organization"},"image":{"@id":"https:\/\/www.manaus.am.gov.br\/semtepi\/sou-manaus\/feira-de-economia-solidaria-e-criativa-fatura-mais-de-r-10-mil-no-festival\/#primaryimage"},"thumbnailUrl":"https:\/\/www.manaus.am.gov.br\/semtepi\/wp-content\/uploads\/sites\/20\/2023\/09\/53169150692_111a2b5f2f_c.jpg","keywords":["#SouManaus","Feira de Economia Criativa e Solid\u00e1ria","prefeitura de manaus","Semtepi"],"articleSection":["#SouManaus"],"inLanguage":"pt-BR"},{"@type":"WebPage","@id":"https:\/\/www.manaus.am.gov.br\/semtepi\/sou-manaus\/feira-de-economia-solidaria-e-criativa-fatura-mais-de-r-10-mil-no-festival\/","url":"https:\/\/www.manaus.am.gov.br\/semtepi\/sou-manaus\/feira-de-economia-solidaria-e-criativa-fatura-mais-de-r-10-mil-no-festival\/","name":"Feira de Economia Solid\u00e1ria e Criativa fatura mais de R$ 10 mil no festival - SEMTEPI","isPartOf":{"@id":"https:\/\/www.manaus.am.gov.br\/semtepi\/#website"},"primaryImageOfPage":{"@id":"https:\/\/www.manaus.am.gov.br\/semtepi\/sou-manaus\/feira-de-economia-solidaria-e-criativa-fatura-mais-de-r-10-mil-no-festival\/#primaryimage"},"image":{"@id":"https:\/\/www.manaus.am.gov.br\/semtepi\/sou-manaus\/feira-de-economia-solidaria-e-criativa-fatura-mais-de-r-10-mil-no-festival\/#primaryimage"},"thumbnailUrl":"https:\/\/www.manaus.am.gov.br\/semtepi\/wp-content\/uploads\/sites\/20\/2023\/09\/53169150692_111a2b5f2f_c.jpg","datePublished":"2023-09-15T18:13:35+00:00","dateModified":"2023-09-15T18:13:35+00:00","breadcrumb":{"@id":"https:\/\/www.manaus.am.gov.br\/semtepi\/sou-manaus\/feira-de-economia-solidaria-e-criativa-fatura-mais-de-r-10-mil-no-festival\/#breadcrumb"},"inLanguage":"pt-BR","potentialAction":[{"@type":"ReadAction","target":["https:\/\/www.manaus.am.gov.br\/semtepi\/sou-manaus\/feira-de-economia-solidaria-e-criativa-fatura-mais-de-r-10-mil-no-festival\/"]}]},{"@type":"ImageObject","inLanguage":"pt-BR","@id":"https:\/\/www.manaus.am.gov.br\/semtepi\/sou-manaus\/feira-de-economia-solidaria-e-criativa-fatura-mais-de-r-10-mil-no-festival\/#primaryimage","url":"https:\/\/www.manaus.am.gov.br\/semtepi\/wp-content\/uploads\/sites\/20\/2023\/09\/53169150692_111a2b5f2f_c.jpg","contentUrl":"https:\/\/www.manaus.am.gov.br\/semtepi\/wp-content\/uploads\/sites\/20\/2023\/09\/53169150692_111a2b5f2f_c.jpg","width":799,"height":533},{"@type":"BreadcrumbList","@id":"https:\/\/www.manaus.am.gov.br\/semtepi\/sou-manaus\/feira-de-economia-solidaria-e-criativa-fatura-mais-de-r-10-mil-no-festival\/#breadcrumb","itemListElement":[{"@type":"ListItem","position":1,"name":"Home","item":"https:\/\/www.manaus.am.gov.br\/semtepi\/"},{"@type":"ListItem","position":2,"name":"Feira de Economia Solid\u00e1ria e Criativa fatura mais de R$ 10 mil no festival"}]},{"@type":"WebSite","@id":"https:\/\/www.manaus.am.gov.br\/semtepi\/#website","url":"https:\/\/www.manaus.am.gov.br\/semtepi\/","name":"SEMTEPI","description":"Prefeitura de Manaus","publisher":{"@id":"https:\/\/www.manaus.am.gov.br\/semtepi\/#organization"},"alternateName":"Secretaria Municipal do Trabalho, Empreendedorismo e Inova\u00e7\u00e3o","potentialAction":[{"@type":"SearchAction","target":{"@type":"EntryPoint","urlTemplate":"https:\/\/www.manaus.am.gov.br\/semtepi\/?s={search_term_string}"},"query-input":"required name=search_term_string"}],"inLanguage":"pt-BR"},{"@type":"Organization","@id":"https:\/\/www.manaus.am.gov.br\/semtepi\/#organization","name":"Prefeitura Municipal de Manaus","alternateName":"Prefeitura de Manaus","url":"https:\/\/www.manaus.am.gov.br\/semtepi\/","logo":{"@type":"ImageObject","inLanguage":"pt-BR","@id":"https:\/\/www.manaus.am.gov.br\/semtepi\/#\/schema\/logo\/image\/","url":"https:\/\/www.manaus.am.gov.br\/semtepi\/wp-content\/uploads\/sites\/20\/2024\/07\/favicon.png","contentUrl":"https:\/\/www.manaus.am.gov.br\/semtepi\/wp-content\/uploads\/sites\/20\/2024\/07\/favicon.png","width":300,"height":300,"caption":"Prefeitura Municipal de Manaus"},"image":{"@id":"https:\/\/www.manaus.am.gov.br\/semtepi\/#\/schema\/logo\/image\/"}},{"@type":"Person","@id":"https:\/\/www.manaus.am.gov.br\/semtepi\/#\/schema\/person\/4e49f4e267757a06ca072ec61b2b9968","name":"Adriana Costa","image":{"@type":"ImageObject","inLanguage":"pt-BR","@id":"https:\/\/www.manaus.am.gov.br\/semtepi\/#\/schema\/person\/image\/","url":"https:\/\/secure.gravatar.com\/avatar\/576258617ef7194f718179e766d57bd4?s=96&d=mm&r=g","contentUrl":"https:\/\/secure.gravatar.com\/avatar\/576258617ef7194f718179e766d57bd4?s=96&d=mm&r=g","caption":"Adriana Costa"}}]}},"_links":{"self":[{"href":"https:\/\/www.manaus.am.gov.br\/semtepi\/wp-json\/wp\/v2\/posts\/2605"}],"collection":[{"href":"https:\/\/www.manaus.am.gov.br\/semtepi\/wp-json\/wp\/v2\/posts"}],"about":[{"href":"https:\/\/www.manaus.am.gov.br\/semtepi\/wp-json\/wp\/v2\/types\/post"}],"author":[{"embeddable":true,"href":"https:\/\/www.manaus.am.gov.br\/semtepi\/wp-json\/wp\/v2\/users\/23"}],"replies":[{"embeddable":true,"href":"https:\/\/www.manaus.am.gov.br\/semtepi\/wp-json\/wp\/v2\/comments?post=2605"}],"version-history":[{"count":0,"href":"https:\/\/www.manaus.am.gov.br\/semtepi\/wp-json\/wp\/v2\/posts\/2605\/revisions"}],"wp:featuredmedia":[{"embeddable":true,"href":"https:\/\/www.manaus.am.gov.br\/semtepi\/wp-json\/wp\/v2\/media\/2606"}],"wp:attachment":[{"href":"https:\/\/www.manaus.am.gov.br\/semtepi\/wp-json\/wp\/v2\/media?parent=2605"}],"wp:term":[{"taxonomy":"category","embeddable":true,"href":"https:\/\/www.manaus.am.gov.br\/semtepi\/wp-json\/wp\/v2\/categories?post=2605"},{"taxonomy":"post_tag","embeddable":true,"href":"https:\/\/www.manaus.am.gov.br\/semtepi\/wp-json\/wp\/v2\/tags?post=2605"}],"curies":[{"name":"wp","href":"https:\/\/api.w.org\/{rel}","templated":true}]}}