{"id":2592,"date":"2023-09-12T16:24:42","date_gmt":"2023-09-12T20:24:42","guid":{"rendered":"https:\/\/www.manaus.am.gov.br\/semtepi\/sem-categoria\/sine-manaus-oferta-339-vagas-de-emprego-nesta-quarta-feira-13-9\/"},"modified":"2023-09-12T16:24:43","modified_gmt":"2023-09-12T20:24:43","slug":"sine-manaus-oferta-339-vagas-de-emprego-nesta-quarta-feira-13-9","status":"publish","type":"post","link":"https:\/\/www.manaus.am.gov.br\/semtepi\/oportunidade\/sine-manaus-oferta-339-vagas-de-emprego-nesta-quarta-feira-13-9\/","title":{"rendered":"<strong>Sine Manaus oferta 339 vagas de emprego nesta quarta-feira, 13\/9<\/strong>"},"content":{"rendered":"\n<p>A Prefeitura de Manaus, por meio do Sine Manaus, oferta 339 vagas de emprego em v\u00e1rias \u00e1reas de atua\u00e7\u00e3o, nesta quarta-feira, 13\/9,&nbsp;de 8h \u00e0s 16h. O candidato precisa validar a Carteira Digital e Previd\u00eancia Social (CTPS) no aplicativo \u201cCarteira de Trabalho Digital\u201d ou acessar o site&nbsp;<a href=\"http:\/\/gov.br\/trabalho\" target=\"_blank\" rel=\"noreferrer noopener\">http:\/\/gov.br\/trabalho<\/a>&nbsp;e para concorrer \u00e0s vagas, deve acessar o site&nbsp;<a href=\"http:\/\/empregabrasil.mte.gov.br\/\" target=\"_blank\" rel=\"noreferrer noopener\">http:\/\/empregabrasil.mte.gov.br<\/a>&nbsp;para fazer a solicita\u00e7\u00e3o de cadastro.<\/p>\n\n\n\n<p>Para participar da pr\u00e9-sele\u00e7\u00e3o e concorrer a uma das vagas dispon\u00edveis, ou receber orienta\u00e7\u00e3o de cadastro, Carteira de Trabalho Digital e seguro-desemprego, os candidatos devem comparecer a um dos postos do Sine Manaus: na avenida Constantino Nery, n\u00ba 1.272, bairro S\u00e3o Geraldo, zona Centro-Sul; ou no shopping Phelippe Daou, na avenida Camapu\u00e3, n\u00ba 2.939, bairro Cidade de Deus, zona Leste.<\/p>\n\n\n\n<p>A Semtepi informa que o atendimento no posto do shopping Phelippe Daou foi reduzido em virtude de reforma no espa\u00e7o, e orienta os cidad\u00e3os a comparecerem, preferencialmente, ao posto da avenida Constantino Nery.<\/p>\n\n\n\n<p>Os interessados devem estar munidos do comprovante de vacina\u00e7\u00e3o (Covid-19), curr\u00edculo e documentos pessoais (RG, CPF, PIS, CTPS, comprovante de escolaridade e resid\u00eancia). N\u00e3o \u00e9 necess\u00e1rio apresentar c\u00f3pias, somente os documentos originais.<\/p>\n\n\n\n<p><strong>Vagas Novas \u2013 97<\/strong><\/p>\n\n\n\n<p><strong>3 vagas \u2013 Mec\u00e2nico de Refrigera\u00e7\u00e3o<\/strong><\/p>\n\n\n\n<p>Escolaridade \u2013 ensino m\u00e9dio completo;<\/p>\n\n\n\n<p>Experi\u00eancia \u2013 seis meses na Carteira de Trabalho;<\/p>\n\n\n\n<p>Atividades \u2013 montar, instalar e colocar em funcionamento equipamentos de refrigera\u00e7\u00e3o e ar condicionado residencial e comercial, realizando an\u00e1lises, ajustes de performance, detectando e corrigindo falhas de origem el\u00e9trica e mec\u00e2nica, entre outras atividades correlatas.<\/p>\n\n\n\n<p>Dispon\u00edvel at\u00e9 13\/09\/2023 ou encerramento da vaga.<\/p>\n\n\n\n<p><strong>1 vaga \u2013 Vendedor Interno<\/strong><\/p>\n\n\n\n<p>Escolaridade \u2013 ensino m\u00e9dio completo;<\/p>\n\n\n\n<p>Experi\u00eancia \u2013 seis meses na Carteira de Trabalho;<\/p>\n\n\n\n<p>Requisitos obrigat\u00f3rios \u2013 residir preferencialmente no bairro Parque 10 ou adjac\u00eancias;<\/p>\n\n\n\n<p>Atividades \u2013 realizar atendimento ao cliente online e presencial, prospec\u00e7\u00e3o de novos clientes e rotinas administrativas em geral.<\/p>\n\n\n\n<p>Dispon\u00edvel at\u00e9 13\/09\/2023 ou encerramento da vaga.<\/p>\n\n\n\n<p><strong>1 vaga \u2013 Auxiliar de Produ\u00e7\u00e3o<\/strong><\/p>\n\n\n\n<p>Escolaridade \u2013 ensino m\u00e9dio completo;<\/p>\n\n\n\n<p>Experi\u00eancia \u2013 seis meses na Carteira de Trabalho;<\/p>\n\n\n\n<p>Requisitos obrigat\u00f3rios \u2013 residir preferencialmente no bairro Parque 10 ou adjac\u00eancias;<\/p>\n\n\n\n<p>Atividades \u2013 fazer rebobinagem de etiquetas, auxiliar nas entregas (quando for solicitado) e no processo de produ\u00e7\u00e3o de bobinas.<\/p>\n\n\n\n<p>Dispon\u00edvel at\u00e9 13\/09\/2023 ou encerramento da vaga.<\/p>\n\n\n\n<p><strong>1 vaga \u2013 Instalador de Purificadores de \u00c1gua<\/strong><\/p>\n\n\n\n<p>Escolaridade \u2013 ensino m\u00e9dio completo;<\/p>\n\n\n\n<p>Experi\u00eancia \u2013 n\u00e3o \u00e9 necess\u00e1rio;<\/p>\n\n\n\n<p>Requisitos obrigat\u00f3rios \u2013 ter Carteira Nacional de Habilita\u00e7\u00e3o categoria \u201cAB\u201d dentro do prazo de validade;<\/p>\n\n\n\n<p>Atividades \u2013 prestar atendimento ao cliente, manuten\u00e7\u00e3o de aparelhos e instala\u00e7\u00e3o de purificadores.<\/p>\n\n\n\n<p>Dispon\u00edvel at\u00e9 13\/09\/2023 ou encerramento da vaga.<\/p>\n\n\n\n<p><strong>5 vagas \u2013 Auxiliar de Limpeza<\/strong><\/p>\n\n\n\n<p>Escolaridade \u2013 ensino m\u00e9dio completo;<\/p>\n\n\n\n<p>Experi\u00eancia \u2013 seis meses na Carteira de Trabalho;<\/p>\n\n\n\n<p>Atividades \u2013 realizar trabalho de limpeza e conserva\u00e7\u00e3o em geral nas depend\u00eancias internas e externas da unidade.<\/p>\n\n\n\n<p>Dispon\u00edvel at\u00e9 13\/09\/2023 ou encerramento da vaga.<\/p>\n\n\n\n<p><strong>4 vagas \u2013 Motorista de \u00d4nibus<\/strong><\/p>\n\n\n\n<p>Escolaridade \u2013 ensino fundamental completo;<\/p>\n\n\n\n<p>Experi\u00eancia \u2013 registrada na Carteira de Trabalho;<\/p>\n\n\n\n<p>Requisitos obrigat\u00f3rios \u2013 ter Carteira Nacional de Habilita\u00e7\u00e3o categoria \u201cD\u201d ou \u201cE\u201d dentro do prazo de validade, curso de Transporte de Passageiros (atualizado), disponibilidade para viagens e trabalho em regime de escala 12&#215;8;<\/p>\n\n\n\n<p>Atividades \u2013 realizar transporte de passageiros.<\/p>\n\n\n\n<p>Dispon\u00edvel at\u00e9 13\/09\/2023 ou encerramento da vaga.<\/p>\n\n\n\n<p><strong>1 vaga \u2013 Almoxarife<\/strong><\/p>\n\n\n\n<p>Escolaridade \u2013 ensino m\u00e9dio completo;<\/p>\n\n\n\n<p>Experi\u00eancia \u2013 seis meses na Carteira de Trabalho;<\/p>\n\n\n\n<p>Requisitos obrigat\u00f3rios \u2013 ter disponibilidade para viagens;<\/p>\n\n\n\n<p>Atividades \u2013 organizar o almoxarifado; realizar recebimento, estocagem, distribui\u00e7\u00e3o, registro e invent\u00e1rio de mat\u00e9rias-primas e mercadorias.<\/p>\n\n\n\n<p>Dispon\u00edvel at\u00e9 13\/09\/2023 ou encerramento da vaga.<\/p>\n\n\n\n<p><strong>1 vaga \u2013 T\u00e9cnico Ambiental<\/strong><\/p>\n\n\n\n<p>Escolaridade \u2013 ensino t\u00e9cnico em Meio Ambiente ou Florestal completo;<\/p>\n\n\n\n<p>Experi\u00eancia \u2013 n\u00e3o \u00e9 necess\u00e1rio;<\/p>\n\n\n\n<p>Requisitos obrigat\u00f3rios \u2013 ter Carteira Nacional de Habilita\u00e7\u00e3o categoria \u201cB\u201d dentro do prazo de validade;<\/p>\n\n\n\n<p>Atividades \u2013 supervisionar e executar atividades florestais, desde a constru\u00e7\u00e3o de viveiros florestais e infraestrutura, produ\u00e7\u00e3o de mudas e colheita florestal at\u00e9 o manejo de florestas nativas e comerciais; inventariar florestas e planejar atividades florestais; elaborar documentos t\u00e9cnicos; administrar unidades de conserva\u00e7\u00e3o e de produ\u00e7\u00e3o, atuando na preserva\u00e7\u00e3o e conserva\u00e7\u00e3o ambiental; fiscalizar e monitorar fauna e flora; ministrar treinamentos e participar de pesquisas.<\/p>\n\n\n\n<p>Dispon\u00edvel at\u00e9 13\/09\/2023 ou encerramento da vaga.<\/p>\n\n\n\n<p><strong>1 vaga \u2013 T\u00e9cnico em Seguran\u00e7a do Trabalho<\/strong><\/p>\n\n\n\n<p>Escolaridade \u2013 ensino t\u00e9cnico em seguran\u00e7a do trabalho completo;<\/p>\n\n\n\n<p>Experi\u00eancia \u2013 n\u00e3o \u00e9 necess\u00e1rio;<\/p>\n\n\n\n<p>Requisitos obrigat\u00f3rios \u2013 ter Carteira Nacional de Habilita\u00e7\u00e3o categoria \u201cB\u201d dentro do prazo de validade;<\/p>\n\n\n\n<p>Atividades \u2013 participar da elabora\u00e7\u00e3o e implementar pol\u00edtica de sa\u00fade e seguran\u00e7a no trabalho (SST); realizar auditoria, acompanhamento e avalia\u00e7\u00e3o na \u00e1rea; identificar vari\u00e1veis de controle de doen\u00e7as, acidentes, qualidade de vida e meio ambiente; desenvolver a\u00e7\u00f5es educativas na \u00e1rea de sa\u00fade e seguran\u00e7a no trabalho; participar de per\u00edcias e fiscaliza\u00e7\u00f5es e integrar processos de negocia\u00e7\u00e3o; participar da ado\u00e7\u00e3o de tecnologias e processos de trabalho; gerenciar documenta\u00e7\u00e3o de SST; investigar, analisar acidentes e recomendar medidas de preven\u00e7\u00e3o e controle.<\/p>\n\n\n\n<p>Dispon\u00edvel at\u00e9 13\/09\/2023 ou encerramento da vaga.<\/p>\n\n\n\n<p><strong>1 vaga \u2013 Atendente de Telemarketing<\/strong><\/p>\n\n\n\n<p>Escolaridade \u2013 ensino m\u00e9dio completo;<\/p>\n\n\n\n<p>Experi\u00eancia \u2013 seis meses na Carteira de Trabalho;<\/p>\n\n\n\n<p>Atividades \u2013 atender usu\u00e1rios, oferecer servi\u00e7os e produtos, prestar servi\u00e7os t\u00e9cnicos especializados, realizar pesquisas, fazer servi\u00e7os de cobran\u00e7a e cadastramento de clientes, sempre via teleatendimento, seguindo roteiros e scripts planejados e controlados para captar, reter ou recuperar clientes.<\/p>\n\n\n\n<p>Dispon\u00edvel at\u00e9 13\/09\/2023 ou encerramento da vaga.<\/p>\n\n\n\n<p><strong>1 vaga \u2013 Assistente de Engenharia Mec\u00e2nica Jr.<\/strong><\/p>\n\n\n\n<p>Escolaridade \u2013 ensino m\u00e9dio completo;<\/p>\n\n\n\n<p>Experi\u00eancia \u2013 seis meses na Carteira de Trabalho;<\/p>\n\n\n\n<p>Requisitos Obrigat\u00f3rios \u2013 ter experi\u00eancia em refrigera\u00e7\u00e3o e curso de Inform\u00e1tica b\u00e1sica;<\/p>\n\n\n\n<p>Atividades \u2013 elaborar projetos de sistemas eletromec\u00e2nicos; montar e instalar m\u00e1quinas e equipamentos; planejar e realizar manuten\u00e7\u00e3o; desenvolver processos de fabrica\u00e7\u00e3o e montagem; elaborar documenta\u00e7\u00e3o; realizar compras e vendas t\u00e9cnicas e cumprir normas e procedimentos de seguran\u00e7a no trabalho e preserva\u00e7\u00e3o ambiental.<\/p>\n\n\n\n<p>Dispon\u00edvel at\u00e9 13\/09\/2023 ou encerramento da vaga.<\/p>\n\n\n\n<p><strong>5 vagas &#8211; Fiscal de Loja<\/strong><\/p>\n\n\n\n<p>Escolaridade \u2013 ensino m\u00e9dio completo;<\/p>\n\n\n\n<p>Experi\u00eancia \u2013 tr\u00eas meses na Carteira de Trabalho;<\/p>\n\n\n\n<p>Requisitos obrigat\u00f3rios \u2013 ter curso de Fiscal de Loja;<\/p>\n\n\n\n<p>Atividades \u2013 fiscalizar a entrada e sa\u00edda de clientes, funcion\u00e1rios e mercadorias em lojas; identificar movimentos de pessoas suspeitas; fiscalizar e cumprir as normas de seguran\u00e7a e procedimentos da loja.<\/p>\n\n\n\n<p>Dispon\u00edvel at\u00e9 13\/09\/2023 ou encerramento da vaga.<\/p>\n\n\n\n<p><strong>1 vaga \u2013 Motorista de Caminh\u00e3o<\/strong><\/p>\n\n\n\n<p>Escolaridade \u2013 ensino m\u00e9dio completo;<\/p>\n\n\n\n<p>Experi\u00eancia \u2013 registrada na Carteira de Trabalho;<\/p>\n\n\n\n<p>Requisitos obrigat\u00f3rios \u2013 ter Carteira Nacional de Habilita\u00e7\u00e3o categoria \u201cE\u201d dentro do prazo de validade; ter curso de Dire\u00e7\u00e3o defensiva e no\u00e7\u00f5es b\u00e1sicas em mec\u00e2nica;<\/p>\n\n\n\n<p>Atividades \u2013 transportar, coletar e entregar cargas; realizar verifica\u00e7\u00f5es e manuten\u00e7\u00f5es b\u00e1sicas do ve\u00edculo.<\/p>\n\n\n\n<p>Dispon\u00edvel at\u00e9 13\/09\/2023 ou encerramento da vaga.<\/p>\n\n\n\n<p><strong>1 vaga \u2013 Telemarketing<\/strong><\/p>\n\n\n\n<p>Escolaridade \u2013 ensino m\u00e9dio completo;<\/p>\n\n\n\n<p>Experi\u00eancia \u2013 seis meses na Carteira de Trabalho;<\/p>\n\n\n\n<p>Requisitos obrigat\u00f3rios \u2013 ter ve\u00edculo pr\u00f3prio;<\/p>\n\n\n\n<p>Atividades \u2013 promover produtos, servi\u00e7os ou realizar vendas diretas atrav\u00e9s do telefone; seguir roteiros pr\u00e9-definidos para apresentar ofertas, responder a perguntas dos clientes e superar obje\u00e7\u00f5es.<\/p>\n\n\n\n<p>Dispon\u00edvel at\u00e9 13\/09\/2023 ou encerramento da vaga.<\/p>\n\n\n\n<p><strong>40 vagas \u2013 Azulejista&nbsp;<\/strong><\/p>\n\n\n\n<p>Escolaridade \u2013 ensino fundamental completo;<\/p>\n\n\n\n<p>Experi\u00eancia \u2013 tr\u00eas meses na Carteira de Trabalho;<\/p>\n\n\n\n<p>Atividades \u2013 fazer revestimentos em paredes, pisos, muros e outras partes de constru\u00e7\u00f5es, com ladrilhos, pastilhas, cer\u00e2micas ou material similar.<\/p>\n\n\n\n<p>Dispon\u00edvel at\u00e9 13\/09\/2023 ou encerramento da vaga.<\/p>\n\n\n\n<p><strong>28 vagas \u2013 Pintor de Fachada<\/strong><\/p>\n\n\n\n<p>Escolaridade \u2013 ensino fundamental completo;<\/p>\n\n\n\n<p>Experi\u00eancia \u2013 tr\u00eas meses na Carteira de Trabalho;<\/p>\n\n\n\n<p>Requisitos obrigat\u00f3rios \u2013 ter curso de NR-35;<\/p>\n\n\n\n<p>Atividades \u2013 reverter o processo de degrada\u00e7\u00e3o patrimonial e preservar a estrutura do edif\u00edcio; realizar servi\u00e7o de recupera\u00e7\u00e3o ou pintura da fachada; resolver problemas que se encontram nas laterais, parte frontal e fundos do pr\u00e9dio.<\/p>\n\n\n\n<p>Dispon\u00edvel at\u00e9 13\/09\/2023 ou encerramento da vaga.<\/p>\n\n\n\n<p><strong>2 vagas \u2013 Assistente Administrativo<\/strong><\/p>\n\n\n\n<p>Escolaridade \u2013 ensino m\u00e9dio completo;<\/p>\n\n\n\n<p>Experi\u00eancia \u2013 seis meses na Carteira de Trabalho;<\/p>\n\n\n\n<p>Requisitos obrigat\u00f3rios \u2013 ter curso de Inform\u00e1tica avan\u00e7ada;<\/p>\n\n\n\n<p>Atividades \u2013 gerenciar documentos, realizar controles financeiros, dar suporte ao setor de recursos humanos, entre outras atividades; auxiliar outros profissionais da empresa em suas tarefas di\u00e1rias.<\/p>\n\n\n\n<p>Dispon\u00edvel at\u00e9 13\/09\/2023 ou encerramento da vaga.<\/p>\n\n\n\n<p><strong>Vagas no Com\u00e9rcio \u2013 36<\/strong><\/p>\n\n\n\n<p><strong>1 vaga \u2013 Consultor de Vendas<\/strong><\/p>\n\n\n\n<p>Escolaridade \u2013 ensino m\u00e9dio completo;<\/p>\n\n\n\n<p>Experi\u00eancia \u2013 seis meses na Carteira de Trabalho;<\/p>\n\n\n\n<p>Requisitos obrigat\u00f3rios \u2013 ter Carteira Nacional Habilita\u00e7\u00e3o categoria \u201cB\u201d dentro do prazo de validade;<\/p>\n\n\n\n<p>Atividades \u2013 respons\u00e1vel pelas estrat\u00e9gias de vendas; entender as necessidades dos clientes e oferecer as melhores solu\u00e7\u00f5es, para aumentar os resultados da equipe de vendas; ter tido experi\u00eancia com vendas de pneus ser\u00e1 um diferencial.<\/p>\n\n\n\n<p>Dispon\u00edvel at\u00e9 13\/09\/2023 ou encerramento da vaga.<\/p>\n\n\n\n<p><strong>2 vagas \u2013 Gerente de Loja<\/strong><\/p>\n\n\n\n<p>Escolaridade \u2013 ensino m\u00e9dio completo ou superior completo ou cursando;<\/p>\n\n\n\n<p>Experi\u00eancia \u2013 seis meses na Carteira de Trabalho;<\/p>\n\n\n\n<p>Requisitos obrigat\u00f3rios \u2013 ter disponibilidade de hor\u00e1rio e conhecimento b\u00e1sico em maquiagem\/cosm\u00e9ticos;<\/p>\n\n\n\n<p>Atividades \u2013 atuar na gest\u00e3o de pessoas, vendas e metas, abertura e fechamento de loja e caixa, e recrutamento e sele\u00e7\u00e3o de colaboradores; desej\u00e1vel ter conhecimento em planilha Excel.<\/p>\n\n\n\n<p>Dispon\u00edvel at\u00e9 13\/09\/2023 ou encerramento da vaga.<\/p>\n\n\n\n<p><strong>1 vaga \u2013 Vendedor Externo<\/strong><\/p>\n\n\n\n<p>Escolaridade \u2013 ensino m\u00e9dio completo;<\/p>\n\n\n\n<p>Experi\u00eancia \u2013 seis meses na Carteira de Trabalho;<\/p>\n\n\n\n<p>Requisitos obrigat\u00f3rios \u2013 ter conhecimento b\u00e1sico em Inform\u00e1tica e familiaridade com tecnologia e telecomunica\u00e7\u00f5es;<\/p>\n\n\n\n<p>Atividades \u2013 realizar atendimento e prospec\u00e7\u00e3o de clientes PME (Pequenas e M\u00e9dias Empresas), venda de produtos e servi\u00e7os de telefonia com foco no atingimento de metas mensais; utilizar software de vendas e atuar de acordo com as diretrizes da empresa e operadora; ter experi\u00eancia em vendas e atendimento ao cliente corporativo ser\u00e1 um diferencial.<\/p>\n\n\n\n<p>Dispon\u00edvel at\u00e9 13\/09\/2023 ou encerramento da vaga.<\/p>\n\n\n\n<p><strong>6 vagas \u2013 Vendedor Externo<\/strong><\/p>\n\n\n\n<p>Escolaridade \u2013 ensino m\u00e9dio completo;<\/p>\n\n\n\n<p>Experi\u00eancia \u2013 seis meses na Carteira de Trabalho ou declara\u00e7\u00e3o;<\/p>\n\n\n\n<p>Atividades \u2013 realizar atendimento a clientes; negociar pre\u00e7o, prazo e condi\u00e7\u00f5es de pagamento; orientar quanto \u00e0s especifica\u00e7\u00f5es dos produtos e servi\u00e7os; controlar os pedidos dos clientes, a qualidade dos produtos e o prazo de entrega estabelecido.<\/p>\n\n\n\n<p>Dispon\u00edvel at\u00e9 13\/09\/2023 ou encerramento da vaga.<\/p>\n\n\n\n<p><strong>1 vaga \u2013 Auxiliar de Compras<\/strong><\/p>\n\n\n\n<p>Escolaridade \u2013 ensino m\u00e9dio completo;<\/p>\n\n\n\n<p>Experi\u00eancia \u2013 seis meses na Carteira de Trabalho;<\/p>\n\n\n\n<p>Atividades \u2013 executar servi\u00e7os de apoio nas \u00e1reas de administra\u00e7\u00e3o, compras e log\u00edstica; atender fornecedores e clientes, fornecendo e recebendo informa\u00e7\u00f5es sobre produtos e servi\u00e7os; gerenciar documentos variados, cumprindo todo o procedimento necess\u00e1rio referente aos mesmos; atuar na \u00e1rea de capta\u00e7\u00e3o de recursos, planejando e implementando estrat\u00e9gias de capta\u00e7\u00e3o e contato com doadores e parceiros.<\/p>\n\n\n\n<p>Dispon\u00edvel at\u00e9 13\/09\/2023 ou encerramento da vaga.<\/p>\n\n\n\n<p><strong>1 vaga \u2013 Analista Comercial (Gerente Comercial)<\/strong><\/p>\n\n\n\n<p>Escolaridade \u2013 ensino superior completo em administra\u00e7\u00e3o ou \u00e1reas afins;<\/p>\n\n\n\n<p>Experi\u00eancia \u2013 registrada na Carteira de Trabalho;<\/p>\n\n\n\n<p>Requisitos obrigat\u00f3rios \u2013 ter conhecimento em Dashboard, Power Bi, Excel avan\u00e7ado e Target;<\/p>\n\n\n\n<p>Atividades \u2013 elaborar planos estrat\u00e9gicos nas \u00e1reas de comercializa\u00e7\u00e3o, marketing e comunica\u00e7\u00e3o para empresas agroindustriais, industriais, de comercializa\u00e7\u00e3o e servi\u00e7os em geral.<\/p>\n\n\n\n<p>Dispon\u00edvel at\u00e9 13\/09\/2023 ou encerramento da vaga.<\/p>\n\n\n\n<p><strong>5 vagas \u2013 Auxiliar de Peixaria (Peixeiro Com\u00e9rcio Varejista)<\/strong><\/p>\n\n\n\n<p>Escolaridade \u2013 ensino fundamental completo;<\/p>\n\n\n\n<p>Experi\u00eancia \u2013 seis meses na Carteira de Trabalho;<\/p>\n\n\n\n<p>Requisitos obrigat\u00f3rios \u2013 ter disponibilidade de hor\u00e1rio;<\/p>\n\n\n\n<p>Atividades \u2013 tratar peixes; realizar cortes de peixes e retirar espinhas; prestar atendimento ao cliente e dar orienta\u00e7\u00f5es sobre os peixes.<\/p>\n\n\n\n<p>Dispon\u00edvel at\u00e9 13\/09\/2023 ou encerramento da vaga.<\/p>\n\n\n\n<p><strong>5 vagas \u2013 Fiscal de Loja<\/strong><\/p>\n\n\n\n<p>Escolaridade \u2013 ensino m\u00e9dio completo;<\/p>\n\n\n\n<p>Experi\u00eancia \u2013 seis meses na Carteira de Trabalho;<\/p>\n\n\n\n<p>Atividades \u2013 monitorar loja; dar suporte aos demais colaboradores; prestar atendimento ao cliente; fiscalizar a entrada e sa\u00edda de funcion\u00e1rios e clientes da loja; realizar auditorias no recebimento de mercadorias dos fornecedores; fazer revis\u00e3o das mercadorias que s\u00e3o mandadas para o descarte; desej\u00e1vel ter cursos de Fiscal de Loja e Atendimento ao Cliente.<\/p>\n\n\n\n<p>Dispon\u00edvel at\u00e9 13\/09\/2023 ou encerramento da vaga.<\/p>\n\n\n\n<p><strong>4 vagas \u2013 Ajudante de Padeiro<\/strong><\/p>\n\n\n\n<p>Escolaridade \u2013 ensino m\u00e9dio completo;<\/p>\n\n\n\n<p>Experi\u00eancia \u2013 seis meses na Carteira de Trabalho;<\/p>\n\n\n\n<p>Atividades \u2013 atuar no aux\u00edlio e preparo de p\u00e3es; separar ingredientes; manipular massas; manter a ordem, a organiza\u00e7\u00e3o e a limpeza geral da cozinha; auxiliar no processamento dos alimentos; atualizar e verificar o estoque dos alimentos e montagens dos recheios e decora\u00e7\u00e3o.<\/p>\n\n\n\n<p>Dispon\u00edvel at\u00e9 13\/09\/2023 ou encerramento da vaga.<\/p>\n\n\n\n<p><strong>1 vaga \u2013 Faturista<\/strong><\/p>\n\n\n\n<p>Escolaridade \u2013 ensino m\u00e9dio completo;<\/p>\n\n\n\n<p>Experi\u00eancia \u2013 seis meses na Carteira de Trabalho;<\/p>\n\n\n\n<p>Requisitos obrigat\u00f3rios \u2013 residir no bairro Tarum\u00e3-A\u00e7u, proximidades ou ter ve\u00edculo pr\u00f3prio;<\/p>\n\n\n\n<p>Atividades \u2013 organizar documentos e efetuar sua classifica\u00e7\u00e3o cont\u00e1bil; gerar lan\u00e7amentos cont\u00e1beis, auxiliar na apura\u00e7\u00e3o dos impostos, conciliar contas e preenchimento de guias de recolhimento e de solicita\u00e7\u00f5es, junto a \u00f3rg\u00e3os do governo; emitir notas de venda e transfer\u00eancia, entre outras; realizar o arquivo de documentos.<\/p>\n\n\n\n<p>Dispon\u00edvel at\u00e9 13\/09\/2023 ou encerramento da vaga.<\/p>\n\n\n\n<p><strong>1 vaga \u2013 Pintor Predial<\/strong><\/p>\n\n\n\n<p>Escolaridade \u2013 ensino m\u00e9dio completo;<\/p>\n\n\n\n<p>Experi\u00eancia \u2013 registrada na Carteira de Trabalho;<\/p>\n\n\n\n<p>Requisitos obrigat\u00f3rios \u2013 ter curso de NR-35 atualizado;<\/p>\n\n\n\n<p>Atividades \u2013 respons\u00e1vel por preparar as superf\u00edcies de edif\u00edcios, constru\u00e7\u00f5es met\u00e1licas, ve\u00edculos e produtos de madeira, metal e tecidos, ou outras superf\u00edcies e aplicar sobre elas camadas de tintas ou produtos similares.<\/p>\n\n\n\n<p>Dispon\u00edvel at\u00e9 13\/09\/2023 ou encerramento da vaga.<\/p>\n\n\n\n<p><strong>5 vagas \u2013 Atendente de Lanchonete<\/strong><\/p>\n\n\n\n<p>Escolaridade \u2013 ensino m\u00e9dio completo;<\/p>\n\n\n\n<p>Experi\u00eancia \u2013 primeiro emprego;<\/p>\n\n\n\n<p>Requisitos obrigat\u00f3rios \u2013 ter disponibilidade de hor\u00e1rio;<\/p>\n\n\n\n<p>Atividades \u2013 realizar atendimento ao p\u00fablico no balc\u00e3o e nas mesas, anotando pedidos, solicitando o preparo dos alimentos junto \u00e0 cozinha, acertando comandas, efetuando o recebimento de valores, organizando o estoque, repondo produtos em prateleiras e higienizando utens\u00edlios.<\/p>\n\n\n\n<p>Dispon\u00edvel at\u00e9 13\/09\/2023 ou encerramento da vaga.<\/p>\n\n\n\n<p><strong>3 vagas \u2013 Coordenador de Restaurante<\/strong><\/p>\n\n\n\n<p>Escolaridade \u2013 ensino m\u00e9dio completo;<\/p>\n\n\n\n<p>Experi\u00eancia \u2013 seis meses na Carteira de Trabalho;<\/p>\n\n\n\n<p>Atividades \u2013 coordenar os funcion\u00e1rios na elabora\u00e7\u00e3o de refei\u00e7\u00f5es; administrar e controlar a reposi\u00e7\u00e3o e abastecimento de alimentos; acompanhar os recursos financeiros do restaurante.<\/p>\n\n\n\n<p>Dispon\u00edvel at\u00e9 13\/09\/2023 ou encerramento da vaga.<\/p>\n\n\n\n<p><strong>Vagas na Ind\u00fastria \u2013 155<\/strong><\/p>\n\n\n\n<p><strong>2 vagas \u2013 Auxiliar Cont\u00e1bil<\/strong><\/p>\n\n\n\n<p>Escolaridade \u2013 ensino superior em contabilidade completo;<\/p>\n\n\n\n<p>Experi\u00eancia \u2013 seis meses na Carteira de Trabalho;<\/p>\n\n\n\n<p>Requisitos obrigat\u00f3rios \u2013 residir nos bairros Lago Azul, Tarum\u00e3, Manoa, Nova Cidade, Monte das Oliveiras, Col\u00f4nia Terra Nova, Santa Etelvina, Uni\u00e3o da Vit\u00f3ria ou Jo\u00e3o Paulo;<\/p>\n\n\n\n<p>Atividades \u2013 prestar assist\u00eancia cont\u00e1bil e administrativa ao departamento de contabilidade; digitar com precis\u00e3o e preparar e manter documentos e registros cont\u00e1beis; preparar dep\u00f3sitos banc\u00e1rios, lan\u00e7amentos cont\u00e1beis e demonstrativos.<\/p>\n\n\n\n<p>Dispon\u00edvel at\u00e9 13\/09\/2023 ou encerramento da vaga.<\/p>\n\n\n\n<p><a><\/a><strong>10 vagas \u2013 Vendedor Externo (Com\u00e9rcio)<\/strong><\/p>\n\n\n\n<p>Escolaridade \u2013 ensino m\u00e9dio completo;<\/p>\n\n\n\n<p>Experi\u00eancia \u2013 n\u00e3o \u00e9 necess\u00e1rio;<\/p>\n\n\n\n<p>Requisitos obrigat\u00f3rios \u2013 ter Carteira Nacional de Habilita\u00e7\u00e3o categoria \u201cA\u201d e moto pr\u00f3pria;<\/p>\n\n\n\n<p>Atividades \u2013 realizar atendimento a clientes; negociar pre\u00e7o, prazo e condi\u00e7\u00f5es de pagamento; orientar quanto \u00e0s especifica\u00e7\u00f5es dos produtos e servi\u00e7os da implementa\u00e7\u00e3o de energia solar; controlar os pedidos dos clientes, a qualidade dos produtos e o prazo de entrega estabelecido.<\/p>\n\n\n\n<p>Dispon\u00edvel at\u00e9 13\/09\/2023 ou encerramento da vaga.<\/p>\n\n\n\n<p><strong>5 vagas \u2013 Pedreiro<\/strong><\/p>\n\n\n\n<p>Escolaridade \u2013 ensino fundamental completo;<\/p>\n\n\n\n<p>Experi\u00eancia \u2013 seis meses na Carteira de Trabalho;<\/p>\n\n\n\n<p>Requisitos obrigat\u00f3rios \u2013 ter experi\u00eancia com Constru\u00e7\u00e3o Civil;<\/p>\n\n\n\n<p>Atividades \u2013 construir alicerces, levantar paredes, muros e constru\u00e7\u00f5es similares; rebocar estruturas constru\u00eddas; realizar trabalhos de manuten\u00e7\u00e3o corretiva de pr\u00e9dios, cal\u00e7adas e estruturas semelhantes; armar e desmontar andaimes para execu\u00e7\u00e3o das obras.<\/p>\n\n\n\n<p>Dispon\u00edvel at\u00e9 13\/09\/2023 ou encerramento da vaga.<\/p>\n\n\n\n<p><strong>20 vagas \u2013 Servente de Obras<\/strong><\/p>\n\n\n\n<p>Escolaridade \u2013 ensino fundamental completo;<\/p>\n\n\n\n<p>Experi\u00eancia \u2013 seis meses na Carteira de Trabalho;<\/p>\n\n\n\n<p>Requisitos obrigat\u00f3rios \u2013 ter experi\u00eancia com Constru\u00e7\u00e3o Civil;<\/p>\n\n\n\n<p>Atividades \u2013 preparar e transportar materiais, ferramentas, aparelhos e demais pe\u00e7as, limpando e arrumando de acordo com instru\u00e7\u00f5es; auxiliar o oficial ou encarregado, em conjunto ou sozinho para levar a bom termo a execu\u00e7\u00e3o de suas tarefas; zelar pela conserva\u00e7\u00e3o dos locais onde est\u00e3o sendo realizados os servi\u00e7os.<\/p>\n\n\n\n<p>Dispon\u00edvel at\u00e9 13\/09\/2023 ou encerramento da vaga.<\/p>\n\n\n\n<p><strong>5 vagas \u2013 Carpinteiro<\/strong><\/p>\n\n\n\n<p>Escolaridade \u2013 ensino fundamental completo;<\/p>\n\n\n\n<p>Experi\u00eancia \u2013 seis meses na Carteira de Trabalho;<\/p>\n\n\n\n<p>Requisitos obrigat\u00f3rios \u2013 ter experi\u00eancia com Constru\u00e7\u00e3o Civil;<\/p>\n\n\n\n<p>Atividades \u2013 instalar e ajustar esquadrias de madeira e outras pe\u00e7as, como janelas, portas, escadas, rodap\u00e9s, divis\u00f3rias, forros e guardi\u00e7\u00f5es; construir formas de madeira para concretagem; reparar elementos de madeira, substituindo pe\u00e7as desajustadas ou deterioradas.<\/p>\n\n\n\n<p>Dispon\u00edvel at\u00e9 13\/09\/2023 ou encerramento da vaga.<\/p>\n\n\n\n<p><strong>7 vagas \u2013 Ajudante de Motorista<\/strong><\/p>\n\n\n\n<p>Escolaridade \u2013 ensino m\u00e9dio completo;<\/p>\n\n\n\n<p>Experi\u00eancia \u2013 seis meses na Carteira de Trabalho;<\/p>\n\n\n\n<p>Atividades \u2013 preparar cargas e descargas de mercadorias; movimentar mercadorias em transportes; coletar e entregar encomendas; receber e solicitar informa\u00e7\u00f5es, autoriza\u00e7\u00f5es e orienta\u00e7\u00f5es de transporte, embarque e desembarque de mercadorias.<\/p>\n\n\n\n<p>Dispon\u00edvel at\u00e9 13\/09\/2023 ou encerramento da vaga.<\/p>\n\n\n\n<p><strong>3 vagas \u2013 Carregador<\/strong><\/p>\n\n\n\n<p>Escolaridade \u2013 ensino m\u00e9dio completo;<\/p>\n\n\n\n<p>Experi\u00eancia \u2013 seis meses na Carteira de Trabalho;<\/p>\n\n\n\n<p>Atividades \u2013 preparar cargas e descargas de mercadorias para embarque; movimentar e fixar mercadorias; entregar e coletar encomendas; manusear cargas especiais; preparar embalagens; operar equipamentos de carga e descarga.<\/p>\n\n\n\n<p>Dispon\u00edvel at\u00e9 13\/09\/2023 ou encerramento da vaga.<\/p>\n\n\n\n<p><strong>1 vaga \u2013 Conferente<\/strong><\/p>\n\n\n\n<p>Escolaridade \u2013 ensino m\u00e9dio completo;<\/p>\n\n\n\n<p>Experi\u00eancia \u2013 seis meses na Carteira de Trabalho;<\/p>\n\n\n\n<p>Atividades \u2013 verificar, receber, separar e embalar produtos e materiais dentro do estoque; conferir as mercadorias e documenta\u00e7\u00f5es que ser\u00e3o carregadas ou descarregadas; realizar apoio a levantamento e controle de FIFO quando necess\u00e1rio; ajudar como apoio ao carregador, quando necess\u00e1rio.<\/p>\n\n\n\n<p>Dispon\u00edvel at\u00e9 13\/09\/2023 ou encerramento da vaga.<\/p>\n\n\n\n<p><strong>2 vagas \u2013 Operador de Televendas<\/strong><\/p>\n\n\n\n<p>Escolaridade \u2013 ensino m\u00e9dio completo;<\/p>\n\n\n\n<p>Experi\u00eancia \u2013 seis meses na Carteira de Trabalho;<\/p>\n\n\n\n<p>Atividades \u2013 participar de todas as etapas de negocia\u00e7\u00e3o, como apresenta\u00e7\u00e3o da empresa, exposi\u00e7\u00e3o dos produtos ofertados e fechamento do neg\u00f3cio; realizar vendas por telefone.<\/p>\n\n\n\n<p>Dispon\u00edvel at\u00e9 13\/09\/2023 ou encerramento da vaga.<\/p>\n\n\n\n<p><strong>100 vagas \u2013 Auxiliar Operacional<\/strong><\/p>\n\n\n\n<p>Escolaridade \u2013 ensino m\u00e9dio completo;<\/p>\n\n\n\n<p>Experi\u00eancia \u2013 n\u00e3o \u00e9 necess\u00e1rio;<\/p>\n\n\n\n<p>Requisitos obrigat\u00f3rios \u2013 vaga direcionada a candidatos que buscam novos desafios, com atua\u00e7\u00e3o na cidade de V\u00e1rzea Grande (MT);<\/p>\n\n\n\n<p>Atividades \u2013 respons\u00e1vel por executar atividades operacionais em setores de apoio ou produ\u00e7\u00e3o de frios, visando garantir a manuten\u00e7\u00e3o, organiza\u00e7\u00e3o, limpeza ou opera\u00e7\u00e3o de atividades na unidade.<\/p>\n\n\n\n<p>Dispon\u00edvel at\u00e9 13\/09\/2023 ou encerramento da vaga.<\/p>\n\n\n\n<p><strong>Vagas em Servi\u00e7os \u2013 50<\/strong><\/p>\n\n\n\n<p><strong>1 vaga \u2013 Analista de Material&nbsp;&nbsp;<\/strong><\/p>\n\n\n\n<p>Escolaridade \u2013 ensino superior completo em administra\u00e7\u00e3o, log\u00edstica ou \u00e1reas afins;<\/p>\n\n\n\n<p>Experi\u00eancia \u2013 registrada na Carteira de Trabalho;<\/p>\n\n\n\n<p>Atividades \u2013 analisar processos de compras, armazenagem e movimenta\u00e7\u00e3o de materiais; participar da cria\u00e7\u00e3o de m\u00e9todos e processos e no controle da \u00e1rea de Suprimentos, definindo a\u00e7\u00f5es para redu\u00e7\u00e3o de custos.<\/p>\n\n\n\n<p>Dispon\u00edvel at\u00e9 13\/09\/2023 ou encerramento da vaga.<\/p>\n\n\n\n<p><strong>1 vaga \u2013 Auxiliar de Departamento Pessoal<\/strong><\/p>\n\n\n\n<p>Escolaridade \u2013 ensino superior completo em administra\u00e7\u00e3o, log\u00edstica ou \u00e1reas afins;<\/p>\n\n\n\n<p>Experi\u00eancia \u2013 registrada na Carteira de Trabalho;<\/p>\n\n\n\n<p>Atividades \u2013 auxiliar no fechamento de folha, rescis\u00e3o e encargos, entre outras atividades correlatas.<\/p>\n\n\n\n<p>Dispon\u00edvel at\u00e9 13\/09\/2023 ou encerramento da vaga.<\/p>\n\n\n\n<p><strong>1 vaga \u2013 T\u00e9cnico em Seguran\u00e7a do Trabalho<\/strong><\/p>\n\n\n\n<p>Escolaridade \u2013 ensino t\u00e9cnico completo em seguran\u00e7a do trabalho;<\/p>\n\n\n\n<p>Experi\u00eancia \u2013 seis meses na Carteira de Trabalho;<\/p>\n\n\n\n<p>Atividades \u2013 analisar a aplica\u00e7\u00e3o de tecnologia e avaliar impacto da ado\u00e7\u00e3o; estabelecer procedimentos seguros e saud\u00e1veis; inspecionar implanta\u00e7\u00e3o; estabelecer formas de controle dos riscos associados; emitir parecer sobre equipamentos, m\u00e1quinas e processos.<\/p>\n\n\n\n<p>Dispon\u00edvel at\u00e9 13\/09\/2023 ou encerramento da vaga.<\/p>\n\n\n\n<p><strong>3 vagas \u2013 Operador de Empilhadeira<\/strong><\/p>\n\n\n\n<p>Escolaridade \u2013 ensino m\u00e9dio completo;<\/p>\n\n\n\n<p>Experi\u00eancia \u2013 registrada na Carteira de Trabalho;<\/p>\n\n\n\n<p>Requisitos obrigat\u00f3rios \u2013 ter curso de NR-11;<\/p>\n\n\n\n<p>Atividades \u2013 respons\u00e1vel por manusear, transportar, movimentar e armazenar cargas, materiais e produtos preestabelecidos pela empresa, por meio da condu\u00e7\u00e3o de empilhadeira; zelar pelas boas condi\u00e7\u00f5es do transporte, garantindo seu uso com seguran\u00e7a; desej\u00e1vel ter conhecimento b\u00e1sico em inform\u00e1tica e planilha Excel.<\/p>\n\n\n\n<p>Dispon\u00edvel at\u00e9 13\/09\/2023 ou encerramento da vaga.<\/p>\n\n\n\n<p><strong>1 vaga \u2013 Assistente de Controladoria<\/strong><\/p>\n\n\n\n<p>Escolaridade \u2013 ensino superior cursando administra\u00e7\u00e3o, gest\u00e3o de processos ou \u00e1reas afins;<\/p>\n\n\n\n<p>Experi\u00eancia \u2013 seis meses na Carteira de Trabalho;<\/p>\n\n\n\n<p>Requisitos obrigat\u00f3rios \u2013 ter curso de planilha Excel avan\u00e7ado;<\/p>\n\n\n\n<p>Atividades \u2013 realizar levantamento, relat\u00f3rios e planilhas de processos; auxiliar no controle de processos.<\/p>\n\n\n\n<p>Dispon\u00edvel at\u00e9 13\/09\/2023 ou encerramento da vaga.<\/p>\n\n\n\n<p><strong>2 vagas \u2013 Controlador de Manuten\u00e7\u00e3o<\/strong><\/p>\n\n\n\n<p>Escolaridade \u2013 ensino superior cursando administra\u00e7\u00e3o, log\u00edstica ou \u00e1reas afins;<\/p>\n\n\n\n<p>Experi\u00eancia \u2013 registrada na Carteira de Trabalho;<\/p>\n\n\n\n<p>Requisitos obrigat\u00f3rios \u2013 ter curso de planilha Excel avan\u00e7ado;<\/p>\n\n\n\n<p>Atividades \u2013 controlar \u00e1rea operacional da manuten\u00e7\u00e3o da frota de ve\u00edculos e realizar relat\u00f3rios e planilhas para a diretoria; monitorar GPS de ve\u00edculos e realizar relat\u00f3rios para a diretoria.<\/p>\n\n\n\n<p>Dispon\u00edvel at\u00e9 13\/09\/2023 ou encerramento da vaga.<\/p>\n\n\n\n<p><strong>1 vaga \u2013 Auxiliar de Tr\u00e1fego<\/strong><\/p>\n\n\n\n<p>Escolaridade \u2013 ensino superior cursando administra\u00e7\u00e3o, log\u00edstica ou \u00e1reas afins;<\/p>\n\n\n\n<p>Experi\u00eancia \u2013 seis meses na Carteira de Trabalho;<\/p>\n\n\n\n<p>Requisitos obrigat\u00f3rios \u2013 ter curso de planilha Excel avan\u00e7ado;<\/p>\n\n\n\n<p>Atividades \u2013 montar o processo de avarias de ve\u00edculos da frota e de terceiros; montar relat\u00f3rios e gr\u00e1ficos para a ger\u00eancia.<\/p>\n\n\n\n<p>Dispon\u00edvel at\u00e9 13\/09\/2023 ou encerramento da vaga.<\/p>\n\n\n\n<p><strong>2 vagas \u2013 Vistoriador Veicular<\/strong><\/p>\n\n\n\n<p>Escolaridade \u2013 ensino m\u00e9dio completo;<\/p>\n\n\n\n<p>Experi\u00eancia \u2013 seis meses na Carteira de Trabalho;<\/p>\n\n\n\n<p>Atividades \u2013 vistoriar ve\u00edculos da frota e realizar relat\u00f3rios para a ger\u00eancia; montar o processo de avarias de ve\u00edculos da frota e de terceiros; montar relat\u00f3rios e gr\u00e1ficos para a ger\u00eancia.<\/p>\n\n\n\n<p>Dispon\u00edvel at\u00e9 13\/09\/2023 ou encerramento da vaga.<\/p>\n\n\n\n<p><strong>1 vaga \u2013 Motorista Carreteiro<\/strong><\/p>\n\n\n\n<p>Escolaridade \u2013 ensino m\u00e9dio completo;<\/p>\n\n\n\n<p>Experi\u00eancia \u2013 registrada na Carteira de Trabalho;<\/p>\n\n\n\n<p>Requisitos obrigat\u00f3rios \u2013 ter Carteira Nacional de Habilita\u00e7\u00e3o categoria \u201cAE\u201d; cursos de Mopp e dire\u00e7\u00e3o defensiva; no\u00e7\u00f5es b\u00e1sicas em mec\u00e2nica;<\/p>\n\n\n\n<p>Atividades \u2013 transportar produtos acabados e mat\u00e9rias-primas para f\u00e1bricas ou centros de varejo e distribui\u00e7\u00e3o; inspecionar ve\u00edculos quanto a itens mec\u00e2nicos e problemas de seguran\u00e7a e realizar a manuten\u00e7\u00e3o preventiva; planejar rotas e cumprir os hor\u00e1rios de entrega.<\/p>\n\n\n\n<p>Dispon\u00edvel at\u00e9 13\/09\/2023 ou encerramento da vaga.<\/p>\n\n\n\n<p><strong>20 vagas \u2013 Servente de Obras<\/strong><\/p>\n\n\n\n<p>Escolaridade \u2013 ensino fundamental completo;<\/p>\n\n\n\n<p>Experi\u00eancia \u2013 seis meses na Carteira de Trabalho;<\/p>\n\n\n\n<p>Atividades \u2013 preparar e transportar materiais, ferramentas, aparelhos e demais pe\u00e7as, limpando e arrumando de acordo com instru\u00e7\u00f5es; zelar pela conserva\u00e7\u00e3o dos locais onde est\u00e3o sendo realizados os servi\u00e7os.<\/p>\n\n\n\n<p>Dispon\u00edvel at\u00e9 13\/09\/2023 ou encerramento da vaga.<\/p>\n\n\n\n<p><strong>10 vagas \u2013 Pedreiro de Fachada<\/strong><\/p>\n\n\n\n<p>Escolaridade &#8211; ensino fundamental completo;<\/p>\n\n\n\n<p>Experi\u00eancia \u2013 seis meses na Carteira de Trabalho;<\/p>\n\n\n\n<p>Atividades \u2013 executar trabalhos em alvenaria, concreto e outros materiais, guiando-se por desenhos, esquemas e especifica\u00e7\u00f5es, utilizando processos e instrumentos pertinentes ao of\u00edcio para construir, reformar ou reparar pr\u00e9dios e obras similares; verificar as caracter\u00edsticas das obras, examinando plantas e especifica\u00e7\u00f5es t\u00e9cnicas.<\/p>\n\n\n\n<p>Dispon\u00edvel at\u00e9 13\/09\/2023 ou encerramento da vaga.<\/p>\n\n\n\n<p><strong>7 vagas \u2013 Carpinteiro<\/strong><\/p>\n\n\n\n<p>Escolaridade \u2013 ensino fundamental completo;<\/p>\n\n\n\n<p>Experi\u00eancia \u2013 seis meses na Carteira de Trabalho;<\/p>\n\n\n\n<p>Atividades \u2013 efetuar trabalhos de carpintaria, cortando, armando, instalando e reparando pe\u00e7as de madeira, utilizando ferramentas manuais e mec\u00e2nicas.<\/p>\n\n\n\n<p>Dispon\u00edvel at\u00e9 13\/09\/2023 ou encerramento da vaga.<\/p>\n\n\n\n<p><strong>Vagas Exclusivas para Pessoas com Defici\u00eancia (PcD) \u2013 1<\/strong><\/p>\n\n\n\n<p><strong>1 vaga \u2013 Ajudante de Motorista \u2013 vaga exclusiva para Pessoa com Defici\u00eancia (PcD)<\/strong><\/p>\n\n\n\n<p>Escolaridade \u2013 ensino m\u00e9dio completo;<\/p>\n\n\n\n<p>Experi\u00eancia \u2013 seis meses na Carteira de Trabalho;<\/p>\n\n\n\n<p>Atividades \u2013 preparar cargas e descargas de mercadorias; movimentar mercadorias em caminh\u00f5es, entregar e coletar encomendas; reparar embalagens danificadas e controlar a qualidade dos servi\u00e7os prestados; operar equipamentos de carga e descarga; estabelecer comunica\u00e7\u00e3o, emitindo, recebendo e verificando mensagens, notificando e solicitando informa\u00e7\u00f5es, autoriza\u00e7\u00f5es e orienta\u00e7\u00f5es de transporte, embarque e desembarque de mercadorias.<\/p>\n\n\n\n<p>Dispon\u00edvel at\u00e9 13\/09\/2023 ou encerramento da vaga.<\/p>\n\n\n\n<p>&#8212; &#8212; &#8212;<\/p>\n\n\n\n<p><strong>Texto \u2013&nbsp;<\/strong>Divulga\u00e7\u00e3o \/ Semtepi<\/p>\n\n\n\n<p><strong>Fotos \u2013&nbsp;<\/strong>Arquivo \/ Semcom<\/p>\n\n\n\n<p><strong>Dispon\u00edveis em \u2013&nbsp;<\/strong><a href=\"https:\/\/flic.kr\/s\/aHBqjzGRm9\">https:\/\/flic.kr\/s\/aHBqjzGRm9<\/a><\/p>\n","protected":false},"excerpt":{"rendered":"","protected":false},"author":39,"featured_media":2593,"comment_status":"closed","ping_status":"closed","sticky":false,"template":"","format":"standard","meta":{"footnotes":""},"categories":[5],"tags":[565,7,8,9,10],"acf":[],"yoast_head":"<!-- This site is optimized with the Yoast SEO plugin v23.0 - https:\/\/yoast.com\/wordpress\/plugins\/seo\/ -->\n<title>Sine Manaus oferta 339 vagas de emprego nesta quarta-feira, 13\/9<\/title>\n<meta name=\"description\" content=\"A Prefeitura de Manaus, por meio do Sine Manaus, oferta 339 vagas de emprego em v\u00e1rias \u00e1reas de atua\u00e7\u00e3o, nesta quarta-feira, 13\/9,\u00a0de 8h \u00e0s 16h.\" \/>\n<meta name=\"robots\" content=\"noindex, follow\" \/>\n<meta property=\"og:locale\" content=\"pt_BR\" \/>\n<meta property=\"og:type\" content=\"article\" \/>\n<meta property=\"og:title\" content=\"Sine Manaus oferta 339 vagas de emprego nesta quarta-feira, 13\/9\" \/>\n<meta property=\"og:description\" content=\"A Prefeitura de Manaus, por meio do Sine Manaus, oferta 339 vagas de emprego em v\u00e1rias \u00e1reas de atua\u00e7\u00e3o, nesta quarta-feira, 13\/9,\u00a0de 8h \u00e0s 16h.\" \/>\n<meta property=\"og:url\" content=\"https:\/\/www.manaus.am.gov.br\/semtepi\/oportunidade\/sine-manaus-oferta-339-vagas-de-emprego-nesta-quarta-feira-13-9\/\" \/>\n<meta property=\"og:site_name\" content=\"SEMTEPI\" \/>\n<meta property=\"article:published_time\" content=\"2023-09-12T20:24:42+00:00\" \/>\n<meta property=\"article:modified_time\" content=\"2023-09-12T20:24:43+00:00\" \/>\n<meta property=\"og:image\" content=\"https:\/\/www.manaus.am.gov.br\/semtepi\/wp-content\/uploads\/sites\/20\/2023\/09\/Oportunidade.jpg\" \/>\n\t<meta property=\"og:image:width\" content=\"2048\" \/>\n\t<meta property=\"og:image:height\" content=\"1410\" \/>\n\t<meta property=\"og:image:type\" content=\"image\/jpeg\" \/>\n<meta name=\"author\" content=\"Bruna Greco\" \/>\n<meta name=\"twitter:card\" content=\"summary_large_image\" \/>\n<meta name=\"twitter:label1\" content=\"Written by\" \/>\n\t<meta name=\"twitter:data1\" content=\"Bruna Greco\" \/>\n\t<meta name=\"twitter:label2\" content=\"Est. reading time\" \/>\n\t<meta name=\"twitter:data2\" content=\"20 minutos\" \/>\n<script type=\"application\/ld+json\" class=\"yoast-schema-graph\">{\"@context\":\"https:\/\/schema.org\",\"@graph\":[{\"@type\":\"Article\",\"@id\":\"https:\/\/www.manaus.am.gov.br\/semtepi\/oportunidade\/sine-manaus-oferta-339-vagas-de-emprego-nesta-quarta-feira-13-9\/#article\",\"isPartOf\":{\"@id\":\"https:\/\/www.manaus.am.gov.br\/semtepi\/oportunidade\/sine-manaus-oferta-339-vagas-de-emprego-nesta-quarta-feira-13-9\/\"},\"author\":{\"name\":\"Bruna Greco\",\"@id\":\"https:\/\/www.manaus.am.gov.br\/semtepi\/#\/schema\/person\/05d223aea2bf115f9883a6ff3683d81b\"},\"headline\":\"Sine Manaus oferta 339 vagas de emprego nesta quarta-feira, 13\/9\",\"datePublished\":\"2023-09-12T20:24:42+00:00\",\"dateModified\":\"2023-09-12T20:24:43+00:00\",\"mainEntityOfPage\":{\"@id\":\"https:\/\/www.manaus.am.gov.br\/semtepi\/oportunidade\/sine-manaus-oferta-339-vagas-de-emprego-nesta-quarta-feira-13-9\/\"},\"wordCount\":3933,\"publisher\":{\"@id\":\"https:\/\/www.manaus.am.gov.br\/semtepi\/#organization\"},\"image\":{\"@id\":\"https:\/\/www.manaus.am.gov.br\/semtepi\/oportunidade\/sine-manaus-oferta-339-vagas-de-emprego-nesta-quarta-feira-13-9\/#primaryimage\"},\"thumbnailUrl\":\"https:\/\/www.manaus.am.gov.br\/semtepi\/wp-content\/uploads\/sites\/20\/2023\/09\/Oportunidade.jpg\",\"keywords\":[\"339 vagas de emprego\",\"oportunidade\",\"prefeitura de manaus\",\"Semtepi\",\"sine manaus\"],\"articleSection\":[\"Oportunidade\"],\"inLanguage\":\"pt-BR\"},{\"@type\":\"WebPage\",\"@id\":\"https:\/\/www.manaus.am.gov.br\/semtepi\/oportunidade\/sine-manaus-oferta-339-vagas-de-emprego-nesta-quarta-feira-13-9\/\",\"url\":\"https:\/\/www.manaus.am.gov.br\/semtepi\/oportunidade\/sine-manaus-oferta-339-vagas-de-emprego-nesta-quarta-feira-13-9\/\",\"name\":\"Sine Manaus oferta 339 vagas de emprego nesta quarta-feira, 13\/9\",\"isPartOf\":{\"@id\":\"https:\/\/www.manaus.am.gov.br\/semtepi\/#website\"},\"primaryImageOfPage\":{\"@id\":\"https:\/\/www.manaus.am.gov.br\/semtepi\/oportunidade\/sine-manaus-oferta-339-vagas-de-emprego-nesta-quarta-feira-13-9\/#primaryimage\"},\"image\":{\"@id\":\"https:\/\/www.manaus.am.gov.br\/semtepi\/oportunidade\/sine-manaus-oferta-339-vagas-de-emprego-nesta-quarta-feira-13-9\/#primaryimage\"},\"thumbnailUrl\":\"https:\/\/www.manaus.am.gov.br\/semtepi\/wp-content\/uploads\/sites\/20\/2023\/09\/Oportunidade.jpg\",\"datePublished\":\"2023-09-12T20:24:42+00:00\",\"dateModified\":\"2023-09-12T20:24:43+00:00\",\"description\":\"A Prefeitura de Manaus, por meio do Sine Manaus, oferta 339 vagas de emprego em v\u00e1rias \u00e1reas de atua\u00e7\u00e3o, nesta quarta-feira, 13\/9,\u00a0de 8h \u00e0s 16h.\",\"breadcrumb\":{\"@id\":\"https:\/\/www.manaus.am.gov.br\/semtepi\/oportunidade\/sine-manaus-oferta-339-vagas-de-emprego-nesta-quarta-feira-13-9\/#breadcrumb\"},\"inLanguage\":\"pt-BR\",\"potentialAction\":[{\"@type\":\"ReadAction\",\"target\":[\"https:\/\/www.manaus.am.gov.br\/semtepi\/oportunidade\/sine-manaus-oferta-339-vagas-de-emprego-nesta-quarta-feira-13-9\/\"]}]},{\"@type\":\"ImageObject\",\"inLanguage\":\"pt-BR\",\"@id\":\"https:\/\/www.manaus.am.gov.br\/semtepi\/oportunidade\/sine-manaus-oferta-339-vagas-de-emprego-nesta-quarta-feira-13-9\/#primaryimage\",\"url\":\"https:\/\/www.manaus.am.gov.br\/semtepi\/wp-content\/uploads\/sites\/20\/2023\/09\/Oportunidade.jpg\",\"contentUrl\":\"https:\/\/www.manaus.am.gov.br\/semtepi\/wp-content\/uploads\/sites\/20\/2023\/09\/Oportunidade.jpg\",\"width\":2048,\"height\":1410},{\"@type\":\"BreadcrumbList\",\"@id\":\"https:\/\/www.manaus.am.gov.br\/semtepi\/oportunidade\/sine-manaus-oferta-339-vagas-de-emprego-nesta-quarta-feira-13-9\/#breadcrumb\",\"itemListElement\":[{\"@type\":\"ListItem\",\"position\":1,\"name\":\"Home\",\"item\":\"https:\/\/www.manaus.am.gov.br\/semtepi\/\"},{\"@type\":\"ListItem\",\"position\":2,\"name\":\"Sine Manaus oferta 339 vagas de emprego nesta quarta-feira, 13\/9\"}]},{\"@type\":\"WebSite\",\"@id\":\"https:\/\/www.manaus.am.gov.br\/semtepi\/#website\",\"url\":\"https:\/\/www.manaus.am.gov.br\/semtepi\/\",\"name\":\"SEMTEPI\",\"description\":\"Prefeitura de Manaus\",\"publisher\":{\"@id\":\"https:\/\/www.manaus.am.gov.br\/semtepi\/#organization\"},\"alternateName\":\"Secretaria Municipal do Trabalho, Empreendedorismo e Inova\u00e7\u00e3o\",\"potentialAction\":[{\"@type\":\"SearchAction\",\"target\":{\"@type\":\"EntryPoint\",\"urlTemplate\":\"https:\/\/www.manaus.am.gov.br\/semtepi\/?s={search_term_string}\"},\"query-input\":\"required name=search_term_string\"}],\"inLanguage\":\"pt-BR\"},{\"@type\":\"Organization\",\"@id\":\"https:\/\/www.manaus.am.gov.br\/semtepi\/#organization\",\"name\":\"Prefeitura Municipal de Manaus\",\"alternateName\":\"Prefeitura de Manaus\",\"url\":\"https:\/\/www.manaus.am.gov.br\/semtepi\/\",\"logo\":{\"@type\":\"ImageObject\",\"inLanguage\":\"pt-BR\",\"@id\":\"https:\/\/www.manaus.am.gov.br\/semtepi\/#\/schema\/logo\/image\/\",\"url\":\"https:\/\/www.manaus.am.gov.br\/semtepi\/wp-content\/uploads\/sites\/20\/2024\/07\/favicon.png\",\"contentUrl\":\"https:\/\/www.manaus.am.gov.br\/semtepi\/wp-content\/uploads\/sites\/20\/2024\/07\/favicon.png\",\"width\":300,\"height\":300,\"caption\":\"Prefeitura Municipal de Manaus\"},\"image\":{\"@id\":\"https:\/\/www.manaus.am.gov.br\/semtepi\/#\/schema\/logo\/image\/\"}},{\"@type\":\"Person\",\"@id\":\"https:\/\/www.manaus.am.gov.br\/semtepi\/#\/schema\/person\/05d223aea2bf115f9883a6ff3683d81b\",\"name\":\"Bruna Greco\",\"image\":{\"@type\":\"ImageObject\",\"inLanguage\":\"pt-BR\",\"@id\":\"https:\/\/www.manaus.am.gov.br\/semtepi\/#\/schema\/person\/image\/\",\"url\":\"https:\/\/secure.gravatar.com\/avatar\/9c877d1a6adc2a055330e5c09a8653ce?s=96&d=mm&r=g\",\"contentUrl\":\"https:\/\/secure.gravatar.com\/avatar\/9c877d1a6adc2a055330e5c09a8653ce?s=96&d=mm&r=g\",\"caption\":\"Bruna Greco\"}}]}<\/script>\n<!-- \/ Yoast SEO plugin. -->","yoast_head_json":{"title":"Sine Manaus oferta 339 vagas de emprego nesta quarta-feira, 13\/9","description":"A Prefeitura de Manaus, por meio do Sine Manaus, oferta 339 vagas de emprego em v\u00e1rias \u00e1reas de atua\u00e7\u00e3o, nesta quarta-feira, 13\/9,\u00a0de 8h \u00e0s 16h.","robots":{"index":"noindex","follow":"follow"},"og_locale":"pt_BR","og_type":"article","og_title":"Sine Manaus oferta 339 vagas de emprego nesta quarta-feira, 13\/9","og_description":"A Prefeitura de Manaus, por meio do Sine Manaus, oferta 339 vagas de emprego em v\u00e1rias \u00e1reas de atua\u00e7\u00e3o, nesta quarta-feira, 13\/9,\u00a0de 8h \u00e0s 16h.","og_url":"https:\/\/www.manaus.am.gov.br\/semtepi\/oportunidade\/sine-manaus-oferta-339-vagas-de-emprego-nesta-quarta-feira-13-9\/","og_site_name":"SEMTEPI","article_published_time":"2023-09-12T20:24:42+00:00","article_modified_time":"2023-09-12T20:24:43+00:00","og_image":[{"width":2048,"height":1410,"url":"https:\/\/www.manaus.am.gov.br\/semtepi\/wp-content\/uploads\/sites\/20\/2023\/09\/Oportunidade.jpg","type":"image\/jpeg"}],"author":"Bruna Greco","twitter_card":"summary_large_image","twitter_misc":{"Written by":"Bruna Greco","Est. reading time":"20 minutos"},"schema":{"@context":"https:\/\/schema.org","@graph":[{"@type":"Article","@id":"https:\/\/www.manaus.am.gov.br\/semtepi\/oportunidade\/sine-manaus-oferta-339-vagas-de-emprego-nesta-quarta-feira-13-9\/#article","isPartOf":{"@id":"https:\/\/www.manaus.am.gov.br\/semtepi\/oportunidade\/sine-manaus-oferta-339-vagas-de-emprego-nesta-quarta-feira-13-9\/"},"author":{"name":"Bruna Greco","@id":"https:\/\/www.manaus.am.gov.br\/semtepi\/#\/schema\/person\/05d223aea2bf115f9883a6ff3683d81b"},"headline":"Sine Manaus oferta 339 vagas de emprego nesta quarta-feira, 13\/9","datePublished":"2023-09-12T20:24:42+00:00","dateModified":"2023-09-12T20:24:43+00:00","mainEntityOfPage":{"@id":"https:\/\/www.manaus.am.gov.br\/semtepi\/oportunidade\/sine-manaus-oferta-339-vagas-de-emprego-nesta-quarta-feira-13-9\/"},"wordCount":3933,"publisher":{"@id":"https:\/\/www.manaus.am.gov.br\/semtepi\/#organization"},"image":{"@id":"https:\/\/www.manaus.am.gov.br\/semtepi\/oportunidade\/sine-manaus-oferta-339-vagas-de-emprego-nesta-quarta-feira-13-9\/#primaryimage"},"thumbnailUrl":"https:\/\/www.manaus.am.gov.br\/semtepi\/wp-content\/uploads\/sites\/20\/2023\/09\/Oportunidade.jpg","keywords":["339 vagas de emprego","oportunidade","prefeitura de manaus","Semtepi","sine manaus"],"articleSection":["Oportunidade"],"inLanguage":"pt-BR"},{"@type":"WebPage","@id":"https:\/\/www.manaus.am.gov.br\/semtepi\/oportunidade\/sine-manaus-oferta-339-vagas-de-emprego-nesta-quarta-feira-13-9\/","url":"https:\/\/www.manaus.am.gov.br\/semtepi\/oportunidade\/sine-manaus-oferta-339-vagas-de-emprego-nesta-quarta-feira-13-9\/","name":"Sine Manaus oferta 339 vagas de emprego nesta quarta-feira, 13\/9","isPartOf":{"@id":"https:\/\/www.manaus.am.gov.br\/semtepi\/#website"},"primaryImageOfPage":{"@id":"https:\/\/www.manaus.am.gov.br\/semtepi\/oportunidade\/sine-manaus-oferta-339-vagas-de-emprego-nesta-quarta-feira-13-9\/#primaryimage"},"image":{"@id":"https:\/\/www.manaus.am.gov.br\/semtepi\/oportunidade\/sine-manaus-oferta-339-vagas-de-emprego-nesta-quarta-feira-13-9\/#primaryimage"},"thumbnailUrl":"https:\/\/www.manaus.am.gov.br\/semtepi\/wp-content\/uploads\/sites\/20\/2023\/09\/Oportunidade.jpg","datePublished":"2023-09-12T20:24:42+00:00","dateModified":"2023-09-12T20:24:43+00:00","description":"A Prefeitura de Manaus, por meio do Sine Manaus, oferta 339 vagas de emprego em v\u00e1rias \u00e1reas de atua\u00e7\u00e3o, nesta quarta-feira, 13\/9,\u00a0de 8h \u00e0s 16h.","breadcrumb":{"@id":"https:\/\/www.manaus.am.gov.br\/semtepi\/oportunidade\/sine-manaus-oferta-339-vagas-de-emprego-nesta-quarta-feira-13-9\/#breadcrumb"},"inLanguage":"pt-BR","potentialAction":[{"@type":"ReadAction","target":["https:\/\/www.manaus.am.gov.br\/semtepi\/oportunidade\/sine-manaus-oferta-339-vagas-de-emprego-nesta-quarta-feira-13-9\/"]}]},{"@type":"ImageObject","inLanguage":"pt-BR","@id":"https:\/\/www.manaus.am.gov.br\/semtepi\/oportunidade\/sine-manaus-oferta-339-vagas-de-emprego-nesta-quarta-feira-13-9\/#primaryimage","url":"https:\/\/www.manaus.am.gov.br\/semtepi\/wp-content\/uploads\/sites\/20\/2023\/09\/Oportunidade.jpg","contentUrl":"https:\/\/www.manaus.am.gov.br\/semtepi\/wp-content\/uploads\/sites\/20\/2023\/09\/Oportunidade.jpg","width":2048,"height":1410},{"@type":"BreadcrumbList","@id":"https:\/\/www.manaus.am.gov.br\/semtepi\/oportunidade\/sine-manaus-oferta-339-vagas-de-emprego-nesta-quarta-feira-13-9\/#breadcrumb","itemListElement":[{"@type":"ListItem","position":1,"name":"Home","item":"https:\/\/www.manaus.am.gov.br\/semtepi\/"},{"@type":"ListItem","position":2,"name":"Sine Manaus oferta 339 vagas de emprego nesta quarta-feira, 13\/9"}]},{"@type":"WebSite","@id":"https:\/\/www.manaus.am.gov.br\/semtepi\/#website","url":"https:\/\/www.manaus.am.gov.br\/semtepi\/","name":"SEMTEPI","description":"Prefeitura de Manaus","publisher":{"@id":"https:\/\/www.manaus.am.gov.br\/semtepi\/#organization"},"alternateName":"Secretaria Municipal do Trabalho, Empreendedorismo e Inova\u00e7\u00e3o","potentialAction":[{"@type":"SearchAction","target":{"@type":"EntryPoint","urlTemplate":"https:\/\/www.manaus.am.gov.br\/semtepi\/?s={search_term_string}"},"query-input":"required name=search_term_string"}],"inLanguage":"pt-BR"},{"@type":"Organization","@id":"https:\/\/www.manaus.am.gov.br\/semtepi\/#organization","name":"Prefeitura Municipal de Manaus","alternateName":"Prefeitura de Manaus","url":"https:\/\/www.manaus.am.gov.br\/semtepi\/","logo":{"@type":"ImageObject","inLanguage":"pt-BR","@id":"https:\/\/www.manaus.am.gov.br\/semtepi\/#\/schema\/logo\/image\/","url":"https:\/\/www.manaus.am.gov.br\/semtepi\/wp-content\/uploads\/sites\/20\/2024\/07\/favicon.png","contentUrl":"https:\/\/www.manaus.am.gov.br\/semtepi\/wp-content\/uploads\/sites\/20\/2024\/07\/favicon.png","width":300,"height":300,"caption":"Prefeitura Municipal de Manaus"},"image":{"@id":"https:\/\/www.manaus.am.gov.br\/semtepi\/#\/schema\/logo\/image\/"}},{"@type":"Person","@id":"https:\/\/www.manaus.am.gov.br\/semtepi\/#\/schema\/person\/05d223aea2bf115f9883a6ff3683d81b","name":"Bruna Greco","image":{"@type":"ImageObject","inLanguage":"pt-BR","@id":"https:\/\/www.manaus.am.gov.br\/semtepi\/#\/schema\/person\/image\/","url":"https:\/\/secure.gravatar.com\/avatar\/9c877d1a6adc2a055330e5c09a8653ce?s=96&d=mm&r=g","contentUrl":"https:\/\/secure.gravatar.com\/avatar\/9c877d1a6adc2a055330e5c09a8653ce?s=96&d=mm&r=g","caption":"Bruna Greco"}}]}},"_links":{"self":[{"href":"https:\/\/www.manaus.am.gov.br\/semtepi\/wp-json\/wp\/v2\/posts\/2592"}],"collection":[{"href":"https:\/\/www.manaus.am.gov.br\/semtepi\/wp-json\/wp\/v2\/posts"}],"about":[{"href":"https:\/\/www.manaus.am.gov.br\/semtepi\/wp-json\/wp\/v2\/types\/post"}],"author":[{"embeddable":true,"href":"https:\/\/www.manaus.am.gov.br\/semtepi\/wp-json\/wp\/v2\/users\/39"}],"replies":[{"embeddable":true,"href":"https:\/\/www.manaus.am.gov.br\/semtepi\/wp-json\/wp\/v2\/comments?post=2592"}],"version-history":[{"count":0,"href":"https:\/\/www.manaus.am.gov.br\/semtepi\/wp-json\/wp\/v2\/posts\/2592\/revisions"}],"wp:featuredmedia":[{"embeddable":true,"href":"https:\/\/www.manaus.am.gov.br\/semtepi\/wp-json\/wp\/v2\/media\/2593"}],"wp:attachment":[{"href":"https:\/\/www.manaus.am.gov.br\/semtepi\/wp-json\/wp\/v2\/media?parent=2592"}],"wp:term":[{"taxonomy":"category","embeddable":true,"href":"https:\/\/www.manaus.am.gov.br\/semtepi\/wp-json\/wp\/v2\/categories?post=2592"},{"taxonomy":"post_tag","embeddable":true,"href":"https:\/\/www.manaus.am.gov.br\/semtepi\/wp-json\/wp\/v2\/tags?post=2592"}],"curies":[{"name":"wp","href":"https:\/\/api.w.org\/{rel}","templated":true}]}}