{"id":2570,"date":"2023-09-07T11:58:56","date_gmt":"2023-09-07T15:58:56","guid":{"rendered":"https:\/\/www.manaus.am.gov.br\/semtepi\/sem-categoria\/brechos-e-moda-circular-movimentam-negocios-e-sustentabilidade-no-soumanaus-passo-a-paco-2023\/"},"modified":"2023-09-07T12:00:42","modified_gmt":"2023-09-07T16:00:42","slug":"brechos-e-moda-circular-movimentam-negocios-e-sustentabilidade-no-soumanaus-passo-a-paco-2023","status":"publish","type":"post","link":"https:\/\/www.manaus.am.gov.br\/semtepi\/sou-manaus\/brechos-e-moda-circular-movimentam-negocios-e-sustentabilidade-no-soumanaus-passo-a-paco-2023\/","title":{"rendered":"<strong>Brech\u00f3s e moda circular movimentam neg\u00f3cios e sustentabilidade no &#8220;#SouManaus Passo a Pa\u00e7o 2023&#8221;<\/strong>"},"content":{"rendered":"\n<p>Em um calor t\u00e3o extenuante quanto o de Manaus em setembro, no imenso deserto do Atacama, no Chile, uma montanha chama aten\u00e7\u00e3o e sua imagem viralizou no mundo. S\u00e3o sapatos, camisetas, vestidos, cal\u00e7as e at\u00e9 luvas abandonadas no deserto, resultado da roupa descartada nos Estados Unidos, Europa e \u00c1sia, enviada ao Chile para ser revendida.<\/p>\n\n\n\n<p>N\u00e3o vendidas, as mais de 40 toneladas importadas acabam no lixo. Na contram\u00e3o deste cen\u00e1rio, o &#8220;#SouManaus Passo a Pa\u00e7o 2023&#8221;, realizado pela Prefeitura de Manaus, conta com um espa\u00e7o destinado \u00e0 capacita\u00e7\u00e3o e \u00e0 qualifica\u00e7\u00e3o profissional de artistas, agentes e produtores culturais da capital amazonense ligados \u00e0 moda. E mais do que ligados \u00e0s tend\u00eancias fashionistas, a preocupa\u00e7\u00e3o deles, compartilhada com todos que circulam pelo espa\u00e7o no festival, \u00e9 de falar e praticar a sustentabilidade. Praticar o \u201clavou t\u00e1 novo\u201d!<\/p>\n\n\n\n<p>Para a brechoeira Nadir Rocha, 34, uma das pioneiras com brech\u00f3s na capital (o PJ Brech\u00f3, de Petr\u00f3polis), o SouManaus \u00e9 um evento muito aguardado, principalmente, por jovens de classe mais baixa, para ter produtos de qualidade com pre\u00e7os mais acess\u00edveis. &#8220;Tem muita gente que n\u00e3o tem condi\u00e7\u00e3o de comprar uma roupa nova. Tem gente que segura um sal\u00e1rio para comprar algo bom. E o melhor de tudo \u00e9 a sustentabilidade que gira em torno. Roupa n\u00e3o \u00e9 descart\u00e1vel, voc\u00ea usa uma vez, lavou e est\u00e1 novo. O dia da feira \u00e9 quando fazemos o nosso marketing e aqui n\u00e3o \u00e9 s\u00f3 um dia. Vamos gerar clientes por um ano, dois anos. S\u00e3o fam\u00edlias e jovens que nos procuram querendo algo bom, com pre\u00e7o bom&#8221;, comentou.<\/p>\n\n\n\n<figure class=\"wp-block-image size-large\"><img loading=\"lazy\" decoding=\"async\" width=\"1024\" height=\"683\" src=\"https:\/\/www.manaus.am.gov.br\/semtepi\/wp-content\/uploads\/sites\/20\/2023\/09\/174d33b2-06e9-4ab9-b1ed-100850071cd5-1-1024x683.jpg\" alt=\"\" class=\"wp-image-2575\" srcset=\"https:\/\/www.manaus.am.gov.br\/semtepi\/wp-content\/uploads\/sites\/20\/2023\/09\/174d33b2-06e9-4ab9-b1ed-100850071cd5-1-1024x683.jpg 1024w, https:\/\/www.manaus.am.gov.br\/semtepi\/wp-content\/uploads\/sites\/20\/2023\/09\/174d33b2-06e9-4ab9-b1ed-100850071cd5-1-300x200.jpg 300w, https:\/\/www.manaus.am.gov.br\/semtepi\/wp-content\/uploads\/sites\/20\/2023\/09\/174d33b2-06e9-4ab9-b1ed-100850071cd5-1-768x512.jpg 768w, https:\/\/www.manaus.am.gov.br\/semtepi\/wp-content\/uploads\/sites\/20\/2023\/09\/174d33b2-06e9-4ab9-b1ed-100850071cd5-1-1536x1024.jpg 1536w, https:\/\/www.manaus.am.gov.br\/semtepi\/wp-content\/uploads\/sites\/20\/2023\/09\/174d33b2-06e9-4ab9-b1ed-100850071cd5-1-2048x1366.jpg 2048w\" sizes=\"(max-width: 1024px) 100vw, 1024px\" \/><\/figure>\n\n\n\n<p><strong>\u2018Vestindo o Amanh\u00e3\u2019<\/strong><\/p>\n\n\n\n<p>A diretora do Programa Municipal de Forma\u00e7\u00e3o Art\u00edstico Cultural (Promfac), Karoliny de Oliveira, da Funda\u00e7\u00e3o Municipal de Cultura, Turismo e Eventos (Manauscult), contou que o espa\u00e7o de moda circular e sustent\u00e1vel foi ampliado nesta edi\u00e7\u00e3o, abrindo o leque de a\u00e7\u00f5es e neg\u00f3cios em torno deste mercado.<\/p>\n\n\n\n<p>&#8220;\u00c9 de extrema import\u00e2ncia o espa\u00e7o, porque estamos na Amaz\u00f4nia. Todos os olhos est\u00e3o aqui, e nada melhor do que n\u00f3s mesmos cuidarmos de onde vivemos. O desfile &#8216;Vestindo o Amanh\u00e3&#8217; apresentou essa proposta da moda \u00e9tica, em primeiro lugar. \u00c9 se perguntar de onde vem a minha roupa, quem fez a minha roupa. Essa pessoa est\u00e1 em algum tipo de trabalho escravo? \u00c9 a moda consciente, o consumo consciente, o consumo sustent\u00e1vel&#8221;, destacou Karoliny.<\/p>\n\n\n\n<p>O espa\u00e7o pode ser conferido ao lado do estacionamento lateral, atr\u00e1s do Museu da Cidade, o Pa\u00e7o Municipal, contando ainda com interven\u00e7\u00f5es art\u00edsticas como uma m\u00e1quina de lavar &#8220;cuspindo&#8221; roupas, com um manequim engolido pelo excesso de produ\u00e7\u00e3o de vestu\u00e1rio global. Redes de pesca fazem a composi\u00e7\u00e3o do cen\u00e1rio, com mais pe\u00e7as penduradas, simbolizando o descarte que ainda prejudica o meio ambiente.<\/p>\n\n\n\n<p>&#8220;Todo o conceito do espa\u00e7o foi pensado nisso, de&nbsp;passar essa mensagem para a grande massa entender o que eu estou fazendo com o meu consumo desenfreado, o que eu estou causando com o mundo. O mercado da moda \u00e9 o segundo mais poluente no mundo e \u00e9 isso que estamos remetendo aqui, com pe\u00e7as que seriam descartadas, mas que se transformaram em arte pelos alunos do programa&#8221;, finalizou a diretora do Promfac.<\/p>\n\n\n\n<p>&#8212;&#8211;<\/p>\n\n\n\n<p><strong>Texto &#8211;<\/strong> Cl\u00e1udia do Valle<\/p>\n\n\n\n<p><strong>Fotos &#8211;<\/strong>&nbsp;Aguilar&nbsp;Abecassis<\/p>\n","protected":false},"excerpt":{"rendered":"","protected":false},"author":52,"featured_media":2572,"comment_status":"closed","ping_status":"closed","sticky":false,"template":"","format":"standard","meta":{"footnotes":""},"categories":[554],"tags":[121,8,559,560],"acf":[],"yoast_head":"<!-- This site is optimized with the Yoast SEO plugin v23.0 - https:\/\/yoast.com\/wordpress\/plugins\/seo\/ -->\n<title>Brech\u00f3s e moda circular movimentam neg\u00f3cios e sustentabilidade no &quot;#SouManaus Passo a Pa\u00e7o 2023&quot; - SEMTEPI<\/title>\n<meta name=\"robots\" content=\"noindex, follow\" \/>\n<meta property=\"og:locale\" content=\"pt_BR\" \/>\n<meta property=\"og:type\" content=\"article\" \/>\n<meta property=\"og:title\" content=\"Brech\u00f3s e moda circular movimentam neg\u00f3cios e sustentabilidade no &quot;#SouManaus Passo a Pa\u00e7o 2023&quot; - SEMTEPI\" \/>\n<meta property=\"og:url\" content=\"https:\/\/www.manaus.am.gov.br\/semtepi\/sou-manaus\/brechos-e-moda-circular-movimentam-negocios-e-sustentabilidade-no-soumanaus-passo-a-paco-2023\/\" \/>\n<meta property=\"og:site_name\" content=\"SEMTEPI\" \/>\n<meta property=\"article:published_time\" content=\"2023-09-07T15:58:56+00:00\" \/>\n<meta property=\"article:modified_time\" content=\"2023-09-07T16:00:42+00:00\" \/>\n<meta property=\"og:image\" content=\"https:\/\/www.manaus.am.gov.br\/semtepi\/wp-content\/uploads\/sites\/20\/2023\/09\/8c09d9e2-607e-45c0-9318-42aa214b787d.jpg\" \/>\n\t<meta property=\"og:image:width\" content=\"1600\" \/>\n\t<meta property=\"og:image:height\" content=\"1066\" \/>\n\t<meta property=\"og:image:type\" content=\"image\/jpeg\" \/>\n<meta name=\"author\" content=\"csilveira\" \/>\n<meta name=\"twitter:card\" content=\"summary_large_image\" \/>\n<meta name=\"twitter:label1\" content=\"Written by\" \/>\n\t<meta name=\"twitter:data1\" content=\"csilveira\" \/>\n\t<meta name=\"twitter:label2\" content=\"Est. reading time\" \/>\n\t<meta name=\"twitter:data2\" content=\"4 minutos\" \/>\n<script type=\"application\/ld+json\" class=\"yoast-schema-graph\">{\"@context\":\"https:\/\/schema.org\",\"@graph\":[{\"@type\":\"Article\",\"@id\":\"https:\/\/www.manaus.am.gov.br\/semtepi\/sou-manaus\/brechos-e-moda-circular-movimentam-negocios-e-sustentabilidade-no-soumanaus-passo-a-paco-2023\/#article\",\"isPartOf\":{\"@id\":\"https:\/\/www.manaus.am.gov.br\/semtepi\/sou-manaus\/brechos-e-moda-circular-movimentam-negocios-e-sustentabilidade-no-soumanaus-passo-a-paco-2023\/\"},\"author\":{\"name\":\"csilveira\",\"@id\":\"https:\/\/www.manaus.am.gov.br\/semtepi\/#\/schema\/person\/bfafc779be2e19b3d3ef4a59d418b606\"},\"headline\":\"Brech\u00f3s e moda circular movimentam neg\u00f3cios e sustentabilidade no &#8220;#SouManaus Passo a Pa\u00e7o 2023&#8221;\",\"datePublished\":\"2023-09-07T15:58:56+00:00\",\"dateModified\":\"2023-09-07T16:00:42+00:00\",\"mainEntityOfPage\":{\"@id\":\"https:\/\/www.manaus.am.gov.br\/semtepi\/sou-manaus\/brechos-e-moda-circular-movimentam-negocios-e-sustentabilidade-no-soumanaus-passo-a-paco-2023\/\"},\"wordCount\":589,\"publisher\":{\"@id\":\"https:\/\/www.manaus.am.gov.br\/semtepi\/#organization\"},\"image\":{\"@id\":\"https:\/\/www.manaus.am.gov.br\/semtepi\/sou-manaus\/brechos-e-moda-circular-movimentam-negocios-e-sustentabilidade-no-soumanaus-passo-a-paco-2023\/#primaryimage\"},\"thumbnailUrl\":\"https:\/\/www.manaus.am.gov.br\/semtepi\/wp-content\/uploads\/sites\/20\/2023\/09\/8c09d9e2-607e-45c0-9318-42aa214b787d.jpg\",\"keywords\":[\"empreendedorismo\",\"prefeitura de manaus\",\"SouManaus Passo a Pa\u00e7o 2023\",\"sustentabilidade\"],\"articleSection\":[\"#SouManaus\"],\"inLanguage\":\"pt-BR\"},{\"@type\":\"WebPage\",\"@id\":\"https:\/\/www.manaus.am.gov.br\/semtepi\/sou-manaus\/brechos-e-moda-circular-movimentam-negocios-e-sustentabilidade-no-soumanaus-passo-a-paco-2023\/\",\"url\":\"https:\/\/www.manaus.am.gov.br\/semtepi\/sou-manaus\/brechos-e-moda-circular-movimentam-negocios-e-sustentabilidade-no-soumanaus-passo-a-paco-2023\/\",\"name\":\"Brech\u00f3s e moda circular movimentam neg\u00f3cios e sustentabilidade no \\\"#SouManaus Passo a Pa\u00e7o 2023\\\" - SEMTEPI\",\"isPartOf\":{\"@id\":\"https:\/\/www.manaus.am.gov.br\/semtepi\/#website\"},\"primaryImageOfPage\":{\"@id\":\"https:\/\/www.manaus.am.gov.br\/semtepi\/sou-manaus\/brechos-e-moda-circular-movimentam-negocios-e-sustentabilidade-no-soumanaus-passo-a-paco-2023\/#primaryimage\"},\"image\":{\"@id\":\"https:\/\/www.manaus.am.gov.br\/semtepi\/sou-manaus\/brechos-e-moda-circular-movimentam-negocios-e-sustentabilidade-no-soumanaus-passo-a-paco-2023\/#primaryimage\"},\"thumbnailUrl\":\"https:\/\/www.manaus.am.gov.br\/semtepi\/wp-content\/uploads\/sites\/20\/2023\/09\/8c09d9e2-607e-45c0-9318-42aa214b787d.jpg\",\"datePublished\":\"2023-09-07T15:58:56+00:00\",\"dateModified\":\"2023-09-07T16:00:42+00:00\",\"breadcrumb\":{\"@id\":\"https:\/\/www.manaus.am.gov.br\/semtepi\/sou-manaus\/brechos-e-moda-circular-movimentam-negocios-e-sustentabilidade-no-soumanaus-passo-a-paco-2023\/#breadcrumb\"},\"inLanguage\":\"pt-BR\",\"potentialAction\":[{\"@type\":\"ReadAction\",\"target\":[\"https:\/\/www.manaus.am.gov.br\/semtepi\/sou-manaus\/brechos-e-moda-circular-movimentam-negocios-e-sustentabilidade-no-soumanaus-passo-a-paco-2023\/\"]}]},{\"@type\":\"ImageObject\",\"inLanguage\":\"pt-BR\",\"@id\":\"https:\/\/www.manaus.am.gov.br\/semtepi\/sou-manaus\/brechos-e-moda-circular-movimentam-negocios-e-sustentabilidade-no-soumanaus-passo-a-paco-2023\/#primaryimage\",\"url\":\"https:\/\/www.manaus.am.gov.br\/semtepi\/wp-content\/uploads\/sites\/20\/2023\/09\/8c09d9e2-607e-45c0-9318-42aa214b787d.jpg\",\"contentUrl\":\"https:\/\/www.manaus.am.gov.br\/semtepi\/wp-content\/uploads\/sites\/20\/2023\/09\/8c09d9e2-607e-45c0-9318-42aa214b787d.jpg\",\"width\":1600,\"height\":1066},{\"@type\":\"BreadcrumbList\",\"@id\":\"https:\/\/www.manaus.am.gov.br\/semtepi\/sou-manaus\/brechos-e-moda-circular-movimentam-negocios-e-sustentabilidade-no-soumanaus-passo-a-paco-2023\/#breadcrumb\",\"itemListElement\":[{\"@type\":\"ListItem\",\"position\":1,\"name\":\"Home\",\"item\":\"https:\/\/www.manaus.am.gov.br\/semtepi\/\"},{\"@type\":\"ListItem\",\"position\":2,\"name\":\"Brech\u00f3s e moda circular movimentam neg\u00f3cios e sustentabilidade no &#8220;#SouManaus Passo a Pa\u00e7o 2023&#8221;\"}]},{\"@type\":\"WebSite\",\"@id\":\"https:\/\/www.manaus.am.gov.br\/semtepi\/#website\",\"url\":\"https:\/\/www.manaus.am.gov.br\/semtepi\/\",\"name\":\"SEMTEPI\",\"description\":\"Prefeitura de Manaus\",\"publisher\":{\"@id\":\"https:\/\/www.manaus.am.gov.br\/semtepi\/#organization\"},\"alternateName\":\"Secretaria Municipal do Trabalho, Empreendedorismo e Inova\u00e7\u00e3o\",\"potentialAction\":[{\"@type\":\"SearchAction\",\"target\":{\"@type\":\"EntryPoint\",\"urlTemplate\":\"https:\/\/www.manaus.am.gov.br\/semtepi\/?s={search_term_string}\"},\"query-input\":\"required name=search_term_string\"}],\"inLanguage\":\"pt-BR\"},{\"@type\":\"Organization\",\"@id\":\"https:\/\/www.manaus.am.gov.br\/semtepi\/#organization\",\"name\":\"Prefeitura Municipal de Manaus\",\"alternateName\":\"Prefeitura de Manaus\",\"url\":\"https:\/\/www.manaus.am.gov.br\/semtepi\/\",\"logo\":{\"@type\":\"ImageObject\",\"inLanguage\":\"pt-BR\",\"@id\":\"https:\/\/www.manaus.am.gov.br\/semtepi\/#\/schema\/logo\/image\/\",\"url\":\"https:\/\/www.manaus.am.gov.br\/semtepi\/wp-content\/uploads\/sites\/20\/2024\/07\/favicon.png\",\"contentUrl\":\"https:\/\/www.manaus.am.gov.br\/semtepi\/wp-content\/uploads\/sites\/20\/2024\/07\/favicon.png\",\"width\":300,\"height\":300,\"caption\":\"Prefeitura Municipal de Manaus\"},\"image\":{\"@id\":\"https:\/\/www.manaus.am.gov.br\/semtepi\/#\/schema\/logo\/image\/\"}},{\"@type\":\"Person\",\"@id\":\"https:\/\/www.manaus.am.gov.br\/semtepi\/#\/schema\/person\/bfafc779be2e19b3d3ef4a59d418b606\",\"name\":\"csilveira\",\"image\":{\"@type\":\"ImageObject\",\"inLanguage\":\"pt-BR\",\"@id\":\"https:\/\/www.manaus.am.gov.br\/semtepi\/#\/schema\/person\/image\/\",\"url\":\"https:\/\/secure.gravatar.com\/avatar\/9c2e2f00138fcd35401c748bd030d3b5?s=96&d=mm&r=g\",\"contentUrl\":\"https:\/\/secure.gravatar.com\/avatar\/9c2e2f00138fcd35401c748bd030d3b5?s=96&d=mm&r=g\",\"caption\":\"csilveira\"}}]}<\/script>\n<!-- \/ Yoast SEO plugin. -->","yoast_head_json":{"title":"Brech\u00f3s e moda circular movimentam neg\u00f3cios e sustentabilidade no \"#SouManaus Passo a Pa\u00e7o 2023\" - SEMTEPI","robots":{"index":"noindex","follow":"follow"},"og_locale":"pt_BR","og_type":"article","og_title":"Brech\u00f3s e moda circular movimentam neg\u00f3cios e sustentabilidade no \"#SouManaus Passo a Pa\u00e7o 2023\" - SEMTEPI","og_url":"https:\/\/www.manaus.am.gov.br\/semtepi\/sou-manaus\/brechos-e-moda-circular-movimentam-negocios-e-sustentabilidade-no-soumanaus-passo-a-paco-2023\/","og_site_name":"SEMTEPI","article_published_time":"2023-09-07T15:58:56+00:00","article_modified_time":"2023-09-07T16:00:42+00:00","og_image":[{"width":1600,"height":1066,"url":"https:\/\/www.manaus.am.gov.br\/semtepi\/wp-content\/uploads\/sites\/20\/2023\/09\/8c09d9e2-607e-45c0-9318-42aa214b787d.jpg","type":"image\/jpeg"}],"author":"csilveira","twitter_card":"summary_large_image","twitter_misc":{"Written by":"csilveira","Est. reading time":"4 minutos"},"schema":{"@context":"https:\/\/schema.org","@graph":[{"@type":"Article","@id":"https:\/\/www.manaus.am.gov.br\/semtepi\/sou-manaus\/brechos-e-moda-circular-movimentam-negocios-e-sustentabilidade-no-soumanaus-passo-a-paco-2023\/#article","isPartOf":{"@id":"https:\/\/www.manaus.am.gov.br\/semtepi\/sou-manaus\/brechos-e-moda-circular-movimentam-negocios-e-sustentabilidade-no-soumanaus-passo-a-paco-2023\/"},"author":{"name":"csilveira","@id":"https:\/\/www.manaus.am.gov.br\/semtepi\/#\/schema\/person\/bfafc779be2e19b3d3ef4a59d418b606"},"headline":"Brech\u00f3s e moda circular movimentam neg\u00f3cios e sustentabilidade no &#8220;#SouManaus Passo a Pa\u00e7o 2023&#8221;","datePublished":"2023-09-07T15:58:56+00:00","dateModified":"2023-09-07T16:00:42+00:00","mainEntityOfPage":{"@id":"https:\/\/www.manaus.am.gov.br\/semtepi\/sou-manaus\/brechos-e-moda-circular-movimentam-negocios-e-sustentabilidade-no-soumanaus-passo-a-paco-2023\/"},"wordCount":589,"publisher":{"@id":"https:\/\/www.manaus.am.gov.br\/semtepi\/#organization"},"image":{"@id":"https:\/\/www.manaus.am.gov.br\/semtepi\/sou-manaus\/brechos-e-moda-circular-movimentam-negocios-e-sustentabilidade-no-soumanaus-passo-a-paco-2023\/#primaryimage"},"thumbnailUrl":"https:\/\/www.manaus.am.gov.br\/semtepi\/wp-content\/uploads\/sites\/20\/2023\/09\/8c09d9e2-607e-45c0-9318-42aa214b787d.jpg","keywords":["empreendedorismo","prefeitura de manaus","SouManaus Passo a Pa\u00e7o 2023","sustentabilidade"],"articleSection":["#SouManaus"],"inLanguage":"pt-BR"},{"@type":"WebPage","@id":"https:\/\/www.manaus.am.gov.br\/semtepi\/sou-manaus\/brechos-e-moda-circular-movimentam-negocios-e-sustentabilidade-no-soumanaus-passo-a-paco-2023\/","url":"https:\/\/www.manaus.am.gov.br\/semtepi\/sou-manaus\/brechos-e-moda-circular-movimentam-negocios-e-sustentabilidade-no-soumanaus-passo-a-paco-2023\/","name":"Brech\u00f3s e moda circular movimentam neg\u00f3cios e sustentabilidade no \"#SouManaus Passo a Pa\u00e7o 2023\" - SEMTEPI","isPartOf":{"@id":"https:\/\/www.manaus.am.gov.br\/semtepi\/#website"},"primaryImageOfPage":{"@id":"https:\/\/www.manaus.am.gov.br\/semtepi\/sou-manaus\/brechos-e-moda-circular-movimentam-negocios-e-sustentabilidade-no-soumanaus-passo-a-paco-2023\/#primaryimage"},"image":{"@id":"https:\/\/www.manaus.am.gov.br\/semtepi\/sou-manaus\/brechos-e-moda-circular-movimentam-negocios-e-sustentabilidade-no-soumanaus-passo-a-paco-2023\/#primaryimage"},"thumbnailUrl":"https:\/\/www.manaus.am.gov.br\/semtepi\/wp-content\/uploads\/sites\/20\/2023\/09\/8c09d9e2-607e-45c0-9318-42aa214b787d.jpg","datePublished":"2023-09-07T15:58:56+00:00","dateModified":"2023-09-07T16:00:42+00:00","breadcrumb":{"@id":"https:\/\/www.manaus.am.gov.br\/semtepi\/sou-manaus\/brechos-e-moda-circular-movimentam-negocios-e-sustentabilidade-no-soumanaus-passo-a-paco-2023\/#breadcrumb"},"inLanguage":"pt-BR","potentialAction":[{"@type":"ReadAction","target":["https:\/\/www.manaus.am.gov.br\/semtepi\/sou-manaus\/brechos-e-moda-circular-movimentam-negocios-e-sustentabilidade-no-soumanaus-passo-a-paco-2023\/"]}]},{"@type":"ImageObject","inLanguage":"pt-BR","@id":"https:\/\/www.manaus.am.gov.br\/semtepi\/sou-manaus\/brechos-e-moda-circular-movimentam-negocios-e-sustentabilidade-no-soumanaus-passo-a-paco-2023\/#primaryimage","url":"https:\/\/www.manaus.am.gov.br\/semtepi\/wp-content\/uploads\/sites\/20\/2023\/09\/8c09d9e2-607e-45c0-9318-42aa214b787d.jpg","contentUrl":"https:\/\/www.manaus.am.gov.br\/semtepi\/wp-content\/uploads\/sites\/20\/2023\/09\/8c09d9e2-607e-45c0-9318-42aa214b787d.jpg","width":1600,"height":1066},{"@type":"BreadcrumbList","@id":"https:\/\/www.manaus.am.gov.br\/semtepi\/sou-manaus\/brechos-e-moda-circular-movimentam-negocios-e-sustentabilidade-no-soumanaus-passo-a-paco-2023\/#breadcrumb","itemListElement":[{"@type":"ListItem","position":1,"name":"Home","item":"https:\/\/www.manaus.am.gov.br\/semtepi\/"},{"@type":"ListItem","position":2,"name":"Brech\u00f3s e moda circular movimentam neg\u00f3cios e sustentabilidade no &#8220;#SouManaus Passo a Pa\u00e7o 2023&#8221;"}]},{"@type":"WebSite","@id":"https:\/\/www.manaus.am.gov.br\/semtepi\/#website","url":"https:\/\/www.manaus.am.gov.br\/semtepi\/","name":"SEMTEPI","description":"Prefeitura de Manaus","publisher":{"@id":"https:\/\/www.manaus.am.gov.br\/semtepi\/#organization"},"alternateName":"Secretaria Municipal do Trabalho, Empreendedorismo e Inova\u00e7\u00e3o","potentialAction":[{"@type":"SearchAction","target":{"@type":"EntryPoint","urlTemplate":"https:\/\/www.manaus.am.gov.br\/semtepi\/?s={search_term_string}"},"query-input":"required name=search_term_string"}],"inLanguage":"pt-BR"},{"@type":"Organization","@id":"https:\/\/www.manaus.am.gov.br\/semtepi\/#organization","name":"Prefeitura Municipal de Manaus","alternateName":"Prefeitura de Manaus","url":"https:\/\/www.manaus.am.gov.br\/semtepi\/","logo":{"@type":"ImageObject","inLanguage":"pt-BR","@id":"https:\/\/www.manaus.am.gov.br\/semtepi\/#\/schema\/logo\/image\/","url":"https:\/\/www.manaus.am.gov.br\/semtepi\/wp-content\/uploads\/sites\/20\/2024\/07\/favicon.png","contentUrl":"https:\/\/www.manaus.am.gov.br\/semtepi\/wp-content\/uploads\/sites\/20\/2024\/07\/favicon.png","width":300,"height":300,"caption":"Prefeitura Municipal de Manaus"},"image":{"@id":"https:\/\/www.manaus.am.gov.br\/semtepi\/#\/schema\/logo\/image\/"}},{"@type":"Person","@id":"https:\/\/www.manaus.am.gov.br\/semtepi\/#\/schema\/person\/bfafc779be2e19b3d3ef4a59d418b606","name":"csilveira","image":{"@type":"ImageObject","inLanguage":"pt-BR","@id":"https:\/\/www.manaus.am.gov.br\/semtepi\/#\/schema\/person\/image\/","url":"https:\/\/secure.gravatar.com\/avatar\/9c2e2f00138fcd35401c748bd030d3b5?s=96&d=mm&r=g","contentUrl":"https:\/\/secure.gravatar.com\/avatar\/9c2e2f00138fcd35401c748bd030d3b5?s=96&d=mm&r=g","caption":"csilveira"}}]}},"_links":{"self":[{"href":"https:\/\/www.manaus.am.gov.br\/semtepi\/wp-json\/wp\/v2\/posts\/2570"}],"collection":[{"href":"https:\/\/www.manaus.am.gov.br\/semtepi\/wp-json\/wp\/v2\/posts"}],"about":[{"href":"https:\/\/www.manaus.am.gov.br\/semtepi\/wp-json\/wp\/v2\/types\/post"}],"author":[{"embeddable":true,"href":"https:\/\/www.manaus.am.gov.br\/semtepi\/wp-json\/wp\/v2\/users\/52"}],"replies":[{"embeddable":true,"href":"https:\/\/www.manaus.am.gov.br\/semtepi\/wp-json\/wp\/v2\/comments?post=2570"}],"version-history":[{"count":2,"href":"https:\/\/www.manaus.am.gov.br\/semtepi\/wp-json\/wp\/v2\/posts\/2570\/revisions"}],"predecessor-version":[{"id":2576,"href":"https:\/\/www.manaus.am.gov.br\/semtepi\/wp-json\/wp\/v2\/posts\/2570\/revisions\/2576"}],"wp:featuredmedia":[{"embeddable":true,"href":"https:\/\/www.manaus.am.gov.br\/semtepi\/wp-json\/wp\/v2\/media\/2572"}],"wp:attachment":[{"href":"https:\/\/www.manaus.am.gov.br\/semtepi\/wp-json\/wp\/v2\/media?parent=2570"}],"wp:term":[{"taxonomy":"category","embeddable":true,"href":"https:\/\/www.manaus.am.gov.br\/semtepi\/wp-json\/wp\/v2\/categories?post=2570"},{"taxonomy":"post_tag","embeddable":true,"href":"https:\/\/www.manaus.am.gov.br\/semtepi\/wp-json\/wp\/v2\/tags?post=2570"}],"curies":[{"name":"wp","href":"https:\/\/api.w.org\/{rel}","templated":true}]}}