{"id":2565,"date":"2023-09-04T11:14:52","date_gmt":"2023-09-04T15:14:52","guid":{"rendered":"https:\/\/www.manaus.am.gov.br\/semtepi\/sem-categoria\/prefeitura-promove-feira-de-economia-solidaria-e-criativa-no-soumanaus-passo-a-paco-2023\/"},"modified":"2023-09-04T14:46:11","modified_gmt":"2023-09-04T18:46:11","slug":"prefeitura-promove-feira-de-economia-solidaria-e-criativa-no-soumanaus-passo-a-paco-2023","status":"publish","type":"post","link":"https:\/\/www.manaus.am.gov.br\/semtepi\/sou-manaus\/prefeitura-promove-feira-de-economia-solidaria-e-criativa-no-soumanaus-passo-a-paco-2023\/","title":{"rendered":"<strong>Prefeitura promove feira de economia solid\u00e1ria e criativa no \u2018#SouManaus Passo a Pa\u00e7o 2023\u2019<\/strong>"},"content":{"rendered":"\n<p>A Prefeitura de Manaus, por meio da Secretaria Municipal do Trabalho, Empreendedorismo e Inova\u00e7\u00e3o (Semtepi), promove, nos dias 5, 6 e 7\/9, a partir das 17h, a feira de economia solid\u00e1ria e criativa, durante o &#8220;#Sou Manaus Passo a Pa\u00e7o 2023&#8221;, na rua Bernardo Ramos, no estacionamento ao lado do Museu da Cidade de Manaus (Muma), no centro hist\u00f3rico.<\/p>\n\n\n\n<p>A expectativa \u00e9 criar um ambiente prop\u00edcio para impulsionar a economia, proporcionando aos empreendedores a oportunidade de apresentar seus produtos e, ao mesmo tempo, contribuir para o aumento da renda familiar. De acordo com os dados fornecidos pelo Departamento de Economia Solid\u00e1ria e Criativa (Desc) da Semtepi, essa iniciativa vai disponibilizar um total de 126 oportunidades, abrangendo diversos setores, envolvendo 42 empreendedores e 14 barracas por dia.<\/p>\n\n\n\n<p>&#8220;Nosso principal compromisso \u00e9 proporcionar oportunidades valiosas para os empreendedores da nossa regi\u00e3o. Com o evento #SouManaus 2023 atraindo um grande n\u00famero de pessoas, estamos confiantes de que as vendas ser\u00e3o impulsionadas ainda mais. No ano passado, alcan\u00e7amos um desempenho excepcional em termos de faturamento, e este ano estamos otimistas em rela\u00e7\u00e3o a resultados ainda mais expressivos&#8221;, afirma o secret\u00e1rio da Semtepi, Radyr J\u00fanior.<\/p>\n\n\n\n<p>A exposi\u00e7\u00e3o tem como objetivo central dar visibilidade aos empreendedores locais, permitindo que eles apresentem e divulguem seus produtos exclusivos, que v\u00e3o desde artigos feitos \u00e0 m\u00e3o com materiais reciclados, madeira, casca de \u00e1rvore, sementes e fibras da floresta, at\u00e9 objetos feitos com resina. No total, s\u00e3o mais de 1.300 empreendedores cadastrados na secretaria.<\/p>\n\n\n\n<p><strong>&#8212; &#8212; &#8212;<\/strong><\/p>\n\n\n\n<p><strong>Texto &#8211; <\/strong>Fabiane Monteiro \/ Semtepi<\/p>\n\n\n\n<p><strong>Fotos \u2013&nbsp;<\/strong>Arquivo \/ Semcom<\/p>\n\n\n\n<p><strong>Dispon\u00edveis em &#8211; <\/strong><a href=\"https:\/\/flic.kr\/s\/aHBqjA65hm\">https:\/\/flic.kr\/s\/aHBqjA65hm<\/a><\/p>\n","protected":false},"excerpt":{"rendered":"","protected":false},"author":39,"featured_media":2566,"comment_status":"closed","ping_status":"closed","sticky":false,"template":"","format":"standard","meta":{"footnotes":""},"categories":[554],"tags":[555,556,121,557,8,9,558],"acf":[],"yoast_head":"<!-- This site is optimized with the Yoast SEO plugin v23.0 - https:\/\/yoast.com\/wordpress\/plugins\/seo\/ -->\n<title>Prefeitura promove feira de economia solid\u00e1ria e criativa no \u2018#SouManaus Passo a Pa\u00e7o 2023\u2019<\/title>\n<meta name=\"description\" content=\"A Prefeitura de Manaus, por meio da Secretaria Municipal do Trabalho, Empreendedorismo e Inova\u00e7\u00e3o (Semtepi), promove, nos dias 5, 6 e 7\/9, a partir das 18h, a feira de economia solid\u00e1ria e criativa, durante o &quot;#Sou Manaus Passo a Pa\u00e7o 2023&quot;, na rua Bernardo Ramos, no estacionamento ao lado do Museu da Cidade de Manaus (Muma), no centro hist\u00f3rico.\" \/>\n<meta name=\"robots\" content=\"noindex, follow\" \/>\n<meta property=\"og:locale\" content=\"pt_BR\" \/>\n<meta property=\"og:type\" content=\"article\" \/>\n<meta property=\"og:title\" content=\"Prefeitura promove feira de economia solid\u00e1ria e criativa no \u2018#SouManaus Passo a Pa\u00e7o 2023\u2019\" \/>\n<meta property=\"og:description\" content=\"A Prefeitura de Manaus, por meio da Secretaria Municipal do Trabalho, Empreendedorismo e Inova\u00e7\u00e3o (Semtepi), promove, nos dias 5, 6 e 7\/9, a partir das 18h, a feira de economia solid\u00e1ria e criativa, durante o &quot;#Sou Manaus Passo a Pa\u00e7o 2023&quot;, na rua Bernardo Ramos, no estacionamento ao lado do Museu da Cidade de Manaus (Muma), no centro hist\u00f3rico.\" \/>\n<meta property=\"og:url\" content=\"https:\/\/www.manaus.am.gov.br\/semtepi\/sou-manaus\/prefeitura-promove-feira-de-economia-solidaria-e-criativa-no-soumanaus-passo-a-paco-2023\/\" \/>\n<meta property=\"og:site_name\" content=\"SEMTEPI\" \/>\n<meta property=\"article:published_time\" content=\"2023-09-04T15:14:52+00:00\" \/>\n<meta property=\"article:modified_time\" content=\"2023-09-04T18:46:11+00:00\" \/>\n<meta property=\"og:image\" content=\"https:\/\/www.manaus.am.gov.br\/semtepi\/wp-content\/uploads\/sites\/20\/2023\/09\/52340213710_fac955bcfa_k.jpg\" \/>\n\t<meta property=\"og:image:width\" content=\"2048\" \/>\n\t<meta property=\"og:image:height\" content=\"1150\" \/>\n\t<meta property=\"og:image:type\" content=\"image\/jpeg\" \/>\n<meta name=\"author\" content=\"Bruna Greco\" \/>\n<meta name=\"twitter:card\" content=\"summary_large_image\" \/>\n<meta name=\"twitter:label1\" content=\"Written by\" \/>\n\t<meta name=\"twitter:data1\" content=\"Bruna Greco\" \/>\n\t<meta name=\"twitter:label2\" content=\"Est. reading time\" \/>\n\t<meta name=\"twitter:data2\" content=\"2 minutos\" \/>\n<script type=\"application\/ld+json\" class=\"yoast-schema-graph\">{\"@context\":\"https:\/\/schema.org\",\"@graph\":[{\"@type\":\"Article\",\"@id\":\"https:\/\/www.manaus.am.gov.br\/semtepi\/sou-manaus\/prefeitura-promove-feira-de-economia-solidaria-e-criativa-no-soumanaus-passo-a-paco-2023\/#article\",\"isPartOf\":{\"@id\":\"https:\/\/www.manaus.am.gov.br\/semtepi\/sou-manaus\/prefeitura-promove-feira-de-economia-solidaria-e-criativa-no-soumanaus-passo-a-paco-2023\/\"},\"author\":{\"name\":\"Bruna Greco\",\"@id\":\"https:\/\/www.manaus.am.gov.br\/semtepi\/#\/schema\/person\/05d223aea2bf115f9883a6ff3683d81b\"},\"headline\":\"Prefeitura promove feira de economia solid\u00e1ria e criativa no \u2018#SouManaus Passo a Pa\u00e7o 2023\u2019\",\"datePublished\":\"2023-09-04T15:14:52+00:00\",\"dateModified\":\"2023-09-04T18:46:11+00:00\",\"mainEntityOfPage\":{\"@id\":\"https:\/\/www.manaus.am.gov.br\/semtepi\/sou-manaus\/prefeitura-promove-feira-de-economia-solidaria-e-criativa-no-soumanaus-passo-a-paco-2023\/\"},\"wordCount\":286,\"publisher\":{\"@id\":\"https:\/\/www.manaus.am.gov.br\/semtepi\/#organization\"},\"image\":{\"@id\":\"https:\/\/www.manaus.am.gov.br\/semtepi\/sou-manaus\/prefeitura-promove-feira-de-economia-solidaria-e-criativa-no-soumanaus-passo-a-paco-2023\/#primaryimage\"},\"thumbnailUrl\":\"https:\/\/www.manaus.am.gov.br\/semtepi\/wp-content\/uploads\/sites\/20\/2023\/09\/52340213710_fac955bcfa_k.jpg\",\"keywords\":[\"#SouManaus Passo a Pa\u00e7o 2023\",\"42 empreendedores e 14 barracas por dia\",\"empreendedorismo\",\"feira de economia solid\u00e1ria e criativa\",\"prefeitura de manaus\",\"Semtepi\",\"um total de 126 oportunidades\"],\"articleSection\":[\"#SouManaus\"],\"inLanguage\":\"pt-BR\"},{\"@type\":\"WebPage\",\"@id\":\"https:\/\/www.manaus.am.gov.br\/semtepi\/sou-manaus\/prefeitura-promove-feira-de-economia-solidaria-e-criativa-no-soumanaus-passo-a-paco-2023\/\",\"url\":\"https:\/\/www.manaus.am.gov.br\/semtepi\/sou-manaus\/prefeitura-promove-feira-de-economia-solidaria-e-criativa-no-soumanaus-passo-a-paco-2023\/\",\"name\":\"Prefeitura promove feira de economia solid\u00e1ria e criativa no \u2018#SouManaus Passo a Pa\u00e7o 2023\u2019\",\"isPartOf\":{\"@id\":\"https:\/\/www.manaus.am.gov.br\/semtepi\/#website\"},\"primaryImageOfPage\":{\"@id\":\"https:\/\/www.manaus.am.gov.br\/semtepi\/sou-manaus\/prefeitura-promove-feira-de-economia-solidaria-e-criativa-no-soumanaus-passo-a-paco-2023\/#primaryimage\"},\"image\":{\"@id\":\"https:\/\/www.manaus.am.gov.br\/semtepi\/sou-manaus\/prefeitura-promove-feira-de-economia-solidaria-e-criativa-no-soumanaus-passo-a-paco-2023\/#primaryimage\"},\"thumbnailUrl\":\"https:\/\/www.manaus.am.gov.br\/semtepi\/wp-content\/uploads\/sites\/20\/2023\/09\/52340213710_fac955bcfa_k.jpg\",\"datePublished\":\"2023-09-04T15:14:52+00:00\",\"dateModified\":\"2023-09-04T18:46:11+00:00\",\"description\":\"A Prefeitura de Manaus, por meio da Secretaria Municipal do Trabalho, Empreendedorismo e Inova\u00e7\u00e3o (Semtepi), promove, nos dias 5, 6 e 7\/9, a partir das 18h, a feira de economia solid\u00e1ria e criativa, durante o \\\"#Sou Manaus Passo a Pa\u00e7o 2023\\\", na rua Bernardo Ramos, no estacionamento ao lado do Museu da Cidade de Manaus (Muma), no centro hist\u00f3rico.\",\"breadcrumb\":{\"@id\":\"https:\/\/www.manaus.am.gov.br\/semtepi\/sou-manaus\/prefeitura-promove-feira-de-economia-solidaria-e-criativa-no-soumanaus-passo-a-paco-2023\/#breadcrumb\"},\"inLanguage\":\"pt-BR\",\"potentialAction\":[{\"@type\":\"ReadAction\",\"target\":[\"https:\/\/www.manaus.am.gov.br\/semtepi\/sou-manaus\/prefeitura-promove-feira-de-economia-solidaria-e-criativa-no-soumanaus-passo-a-paco-2023\/\"]}]},{\"@type\":\"ImageObject\",\"inLanguage\":\"pt-BR\",\"@id\":\"https:\/\/www.manaus.am.gov.br\/semtepi\/sou-manaus\/prefeitura-promove-feira-de-economia-solidaria-e-criativa-no-soumanaus-passo-a-paco-2023\/#primaryimage\",\"url\":\"https:\/\/www.manaus.am.gov.br\/semtepi\/wp-content\/uploads\/sites\/20\/2023\/09\/52340213710_fac955bcfa_k.jpg\",\"contentUrl\":\"https:\/\/www.manaus.am.gov.br\/semtepi\/wp-content\/uploads\/sites\/20\/2023\/09\/52340213710_fac955bcfa_k.jpg\",\"width\":2048,\"height\":1150},{\"@type\":\"BreadcrumbList\",\"@id\":\"https:\/\/www.manaus.am.gov.br\/semtepi\/sou-manaus\/prefeitura-promove-feira-de-economia-solidaria-e-criativa-no-soumanaus-passo-a-paco-2023\/#breadcrumb\",\"itemListElement\":[{\"@type\":\"ListItem\",\"position\":1,\"name\":\"Home\",\"item\":\"https:\/\/www.manaus.am.gov.br\/semtepi\/\"},{\"@type\":\"ListItem\",\"position\":2,\"name\":\"Prefeitura promove feira de economia solid\u00e1ria e criativa no \u2018#SouManaus Passo a Pa\u00e7o 2023\u2019\"}]},{\"@type\":\"WebSite\",\"@id\":\"https:\/\/www.manaus.am.gov.br\/semtepi\/#website\",\"url\":\"https:\/\/www.manaus.am.gov.br\/semtepi\/\",\"name\":\"SEMTEPI\",\"description\":\"Prefeitura de Manaus\",\"publisher\":{\"@id\":\"https:\/\/www.manaus.am.gov.br\/semtepi\/#organization\"},\"alternateName\":\"Secretaria Municipal do Trabalho, Empreendedorismo e Inova\u00e7\u00e3o\",\"potentialAction\":[{\"@type\":\"SearchAction\",\"target\":{\"@type\":\"EntryPoint\",\"urlTemplate\":\"https:\/\/www.manaus.am.gov.br\/semtepi\/?s={search_term_string}\"},\"query-input\":\"required name=search_term_string\"}],\"inLanguage\":\"pt-BR\"},{\"@type\":\"Organization\",\"@id\":\"https:\/\/www.manaus.am.gov.br\/semtepi\/#organization\",\"name\":\"Prefeitura Municipal de Manaus\",\"alternateName\":\"Prefeitura de Manaus\",\"url\":\"https:\/\/www.manaus.am.gov.br\/semtepi\/\",\"logo\":{\"@type\":\"ImageObject\",\"inLanguage\":\"pt-BR\",\"@id\":\"https:\/\/www.manaus.am.gov.br\/semtepi\/#\/schema\/logo\/image\/\",\"url\":\"https:\/\/www.manaus.am.gov.br\/semtepi\/wp-content\/uploads\/sites\/20\/2024\/07\/favicon.png\",\"contentUrl\":\"https:\/\/www.manaus.am.gov.br\/semtepi\/wp-content\/uploads\/sites\/20\/2024\/07\/favicon.png\",\"width\":300,\"height\":300,\"caption\":\"Prefeitura Municipal de Manaus\"},\"image\":{\"@id\":\"https:\/\/www.manaus.am.gov.br\/semtepi\/#\/schema\/logo\/image\/\"}},{\"@type\":\"Person\",\"@id\":\"https:\/\/www.manaus.am.gov.br\/semtepi\/#\/schema\/person\/05d223aea2bf115f9883a6ff3683d81b\",\"name\":\"Bruna Greco\",\"image\":{\"@type\":\"ImageObject\",\"inLanguage\":\"pt-BR\",\"@id\":\"https:\/\/www.manaus.am.gov.br\/semtepi\/#\/schema\/person\/image\/\",\"url\":\"https:\/\/secure.gravatar.com\/avatar\/9c877d1a6adc2a055330e5c09a8653ce?s=96&d=mm&r=g\",\"contentUrl\":\"https:\/\/secure.gravatar.com\/avatar\/9c877d1a6adc2a055330e5c09a8653ce?s=96&d=mm&r=g\",\"caption\":\"Bruna Greco\"}}]}<\/script>\n<!-- \/ Yoast SEO plugin. -->","yoast_head_json":{"title":"Prefeitura promove feira de economia solid\u00e1ria e criativa no \u2018#SouManaus Passo a Pa\u00e7o 2023\u2019","description":"A Prefeitura de Manaus, por meio da Secretaria Municipal do Trabalho, Empreendedorismo e Inova\u00e7\u00e3o (Semtepi), promove, nos dias 5, 6 e 7\/9, a partir das 18h, a feira de economia solid\u00e1ria e criativa, durante o \"#Sou Manaus Passo a Pa\u00e7o 2023\", na rua Bernardo Ramos, no estacionamento ao lado do Museu da Cidade de Manaus (Muma), no centro hist\u00f3rico.","robots":{"index":"noindex","follow":"follow"},"og_locale":"pt_BR","og_type":"article","og_title":"Prefeitura promove feira de economia solid\u00e1ria e criativa no \u2018#SouManaus Passo a Pa\u00e7o 2023\u2019","og_description":"A Prefeitura de Manaus, por meio da Secretaria Municipal do Trabalho, Empreendedorismo e Inova\u00e7\u00e3o (Semtepi), promove, nos dias 5, 6 e 7\/9, a partir das 18h, a feira de economia solid\u00e1ria e criativa, durante o \"#Sou Manaus Passo a Pa\u00e7o 2023\", na rua Bernardo Ramos, no estacionamento ao lado do Museu da Cidade de Manaus (Muma), no centro hist\u00f3rico.","og_url":"https:\/\/www.manaus.am.gov.br\/semtepi\/sou-manaus\/prefeitura-promove-feira-de-economia-solidaria-e-criativa-no-soumanaus-passo-a-paco-2023\/","og_site_name":"SEMTEPI","article_published_time":"2023-09-04T15:14:52+00:00","article_modified_time":"2023-09-04T18:46:11+00:00","og_image":[{"width":2048,"height":1150,"url":"https:\/\/www.manaus.am.gov.br\/semtepi\/wp-content\/uploads\/sites\/20\/2023\/09\/52340213710_fac955bcfa_k.jpg","type":"image\/jpeg"}],"author":"Bruna Greco","twitter_card":"summary_large_image","twitter_misc":{"Written by":"Bruna Greco","Est. reading time":"2 minutos"},"schema":{"@context":"https:\/\/schema.org","@graph":[{"@type":"Article","@id":"https:\/\/www.manaus.am.gov.br\/semtepi\/sou-manaus\/prefeitura-promove-feira-de-economia-solidaria-e-criativa-no-soumanaus-passo-a-paco-2023\/#article","isPartOf":{"@id":"https:\/\/www.manaus.am.gov.br\/semtepi\/sou-manaus\/prefeitura-promove-feira-de-economia-solidaria-e-criativa-no-soumanaus-passo-a-paco-2023\/"},"author":{"name":"Bruna Greco","@id":"https:\/\/www.manaus.am.gov.br\/semtepi\/#\/schema\/person\/05d223aea2bf115f9883a6ff3683d81b"},"headline":"Prefeitura promove feira de economia solid\u00e1ria e criativa no \u2018#SouManaus Passo a Pa\u00e7o 2023\u2019","datePublished":"2023-09-04T15:14:52+00:00","dateModified":"2023-09-04T18:46:11+00:00","mainEntityOfPage":{"@id":"https:\/\/www.manaus.am.gov.br\/semtepi\/sou-manaus\/prefeitura-promove-feira-de-economia-solidaria-e-criativa-no-soumanaus-passo-a-paco-2023\/"},"wordCount":286,"publisher":{"@id":"https:\/\/www.manaus.am.gov.br\/semtepi\/#organization"},"image":{"@id":"https:\/\/www.manaus.am.gov.br\/semtepi\/sou-manaus\/prefeitura-promove-feira-de-economia-solidaria-e-criativa-no-soumanaus-passo-a-paco-2023\/#primaryimage"},"thumbnailUrl":"https:\/\/www.manaus.am.gov.br\/semtepi\/wp-content\/uploads\/sites\/20\/2023\/09\/52340213710_fac955bcfa_k.jpg","keywords":["#SouManaus Passo a Pa\u00e7o 2023","42 empreendedores e 14 barracas por dia","empreendedorismo","feira de economia solid\u00e1ria e criativa","prefeitura de manaus","Semtepi","um total de 126 oportunidades"],"articleSection":["#SouManaus"],"inLanguage":"pt-BR"},{"@type":"WebPage","@id":"https:\/\/www.manaus.am.gov.br\/semtepi\/sou-manaus\/prefeitura-promove-feira-de-economia-solidaria-e-criativa-no-soumanaus-passo-a-paco-2023\/","url":"https:\/\/www.manaus.am.gov.br\/semtepi\/sou-manaus\/prefeitura-promove-feira-de-economia-solidaria-e-criativa-no-soumanaus-passo-a-paco-2023\/","name":"Prefeitura promove feira de economia solid\u00e1ria e criativa no \u2018#SouManaus Passo a Pa\u00e7o 2023\u2019","isPartOf":{"@id":"https:\/\/www.manaus.am.gov.br\/semtepi\/#website"},"primaryImageOfPage":{"@id":"https:\/\/www.manaus.am.gov.br\/semtepi\/sou-manaus\/prefeitura-promove-feira-de-economia-solidaria-e-criativa-no-soumanaus-passo-a-paco-2023\/#primaryimage"},"image":{"@id":"https:\/\/www.manaus.am.gov.br\/semtepi\/sou-manaus\/prefeitura-promove-feira-de-economia-solidaria-e-criativa-no-soumanaus-passo-a-paco-2023\/#primaryimage"},"thumbnailUrl":"https:\/\/www.manaus.am.gov.br\/semtepi\/wp-content\/uploads\/sites\/20\/2023\/09\/52340213710_fac955bcfa_k.jpg","datePublished":"2023-09-04T15:14:52+00:00","dateModified":"2023-09-04T18:46:11+00:00","description":"A Prefeitura de Manaus, por meio da Secretaria Municipal do Trabalho, Empreendedorismo e Inova\u00e7\u00e3o (Semtepi), promove, nos dias 5, 6 e 7\/9, a partir das 18h, a feira de economia solid\u00e1ria e criativa, durante o \"#Sou Manaus Passo a Pa\u00e7o 2023\", na rua Bernardo Ramos, no estacionamento ao lado do Museu da Cidade de Manaus (Muma), no centro hist\u00f3rico.","breadcrumb":{"@id":"https:\/\/www.manaus.am.gov.br\/semtepi\/sou-manaus\/prefeitura-promove-feira-de-economia-solidaria-e-criativa-no-soumanaus-passo-a-paco-2023\/#breadcrumb"},"inLanguage":"pt-BR","potentialAction":[{"@type":"ReadAction","target":["https:\/\/www.manaus.am.gov.br\/semtepi\/sou-manaus\/prefeitura-promove-feira-de-economia-solidaria-e-criativa-no-soumanaus-passo-a-paco-2023\/"]}]},{"@type":"ImageObject","inLanguage":"pt-BR","@id":"https:\/\/www.manaus.am.gov.br\/semtepi\/sou-manaus\/prefeitura-promove-feira-de-economia-solidaria-e-criativa-no-soumanaus-passo-a-paco-2023\/#primaryimage","url":"https:\/\/www.manaus.am.gov.br\/semtepi\/wp-content\/uploads\/sites\/20\/2023\/09\/52340213710_fac955bcfa_k.jpg","contentUrl":"https:\/\/www.manaus.am.gov.br\/semtepi\/wp-content\/uploads\/sites\/20\/2023\/09\/52340213710_fac955bcfa_k.jpg","width":2048,"height":1150},{"@type":"BreadcrumbList","@id":"https:\/\/www.manaus.am.gov.br\/semtepi\/sou-manaus\/prefeitura-promove-feira-de-economia-solidaria-e-criativa-no-soumanaus-passo-a-paco-2023\/#breadcrumb","itemListElement":[{"@type":"ListItem","position":1,"name":"Home","item":"https:\/\/www.manaus.am.gov.br\/semtepi\/"},{"@type":"ListItem","position":2,"name":"Prefeitura promove feira de economia solid\u00e1ria e criativa no \u2018#SouManaus Passo a Pa\u00e7o 2023\u2019"}]},{"@type":"WebSite","@id":"https:\/\/www.manaus.am.gov.br\/semtepi\/#website","url":"https:\/\/www.manaus.am.gov.br\/semtepi\/","name":"SEMTEPI","description":"Prefeitura de Manaus","publisher":{"@id":"https:\/\/www.manaus.am.gov.br\/semtepi\/#organization"},"alternateName":"Secretaria Municipal do Trabalho, Empreendedorismo e Inova\u00e7\u00e3o","potentialAction":[{"@type":"SearchAction","target":{"@type":"EntryPoint","urlTemplate":"https:\/\/www.manaus.am.gov.br\/semtepi\/?s={search_term_string}"},"query-input":"required name=search_term_string"}],"inLanguage":"pt-BR"},{"@type":"Organization","@id":"https:\/\/www.manaus.am.gov.br\/semtepi\/#organization","name":"Prefeitura Municipal de Manaus","alternateName":"Prefeitura de Manaus","url":"https:\/\/www.manaus.am.gov.br\/semtepi\/","logo":{"@type":"ImageObject","inLanguage":"pt-BR","@id":"https:\/\/www.manaus.am.gov.br\/semtepi\/#\/schema\/logo\/image\/","url":"https:\/\/www.manaus.am.gov.br\/semtepi\/wp-content\/uploads\/sites\/20\/2024\/07\/favicon.png","contentUrl":"https:\/\/www.manaus.am.gov.br\/semtepi\/wp-content\/uploads\/sites\/20\/2024\/07\/favicon.png","width":300,"height":300,"caption":"Prefeitura Municipal de Manaus"},"image":{"@id":"https:\/\/www.manaus.am.gov.br\/semtepi\/#\/schema\/logo\/image\/"}},{"@type":"Person","@id":"https:\/\/www.manaus.am.gov.br\/semtepi\/#\/schema\/person\/05d223aea2bf115f9883a6ff3683d81b","name":"Bruna Greco","image":{"@type":"ImageObject","inLanguage":"pt-BR","@id":"https:\/\/www.manaus.am.gov.br\/semtepi\/#\/schema\/person\/image\/","url":"https:\/\/secure.gravatar.com\/avatar\/9c877d1a6adc2a055330e5c09a8653ce?s=96&d=mm&r=g","contentUrl":"https:\/\/secure.gravatar.com\/avatar\/9c877d1a6adc2a055330e5c09a8653ce?s=96&d=mm&r=g","caption":"Bruna Greco"}}]}},"_links":{"self":[{"href":"https:\/\/www.manaus.am.gov.br\/semtepi\/wp-json\/wp\/v2\/posts\/2565"}],"collection":[{"href":"https:\/\/www.manaus.am.gov.br\/semtepi\/wp-json\/wp\/v2\/posts"}],"about":[{"href":"https:\/\/www.manaus.am.gov.br\/semtepi\/wp-json\/wp\/v2\/types\/post"}],"author":[{"embeddable":true,"href":"https:\/\/www.manaus.am.gov.br\/semtepi\/wp-json\/wp\/v2\/users\/39"}],"replies":[{"embeddable":true,"href":"https:\/\/www.manaus.am.gov.br\/semtepi\/wp-json\/wp\/v2\/comments?post=2565"}],"version-history":[{"count":1,"href":"https:\/\/www.manaus.am.gov.br\/semtepi\/wp-json\/wp\/v2\/posts\/2565\/revisions"}],"predecessor-version":[{"id":2567,"href":"https:\/\/www.manaus.am.gov.br\/semtepi\/wp-json\/wp\/v2\/posts\/2565\/revisions\/2567"}],"wp:featuredmedia":[{"embeddable":true,"href":"https:\/\/www.manaus.am.gov.br\/semtepi\/wp-json\/wp\/v2\/media\/2566"}],"wp:attachment":[{"href":"https:\/\/www.manaus.am.gov.br\/semtepi\/wp-json\/wp\/v2\/media?parent=2565"}],"wp:term":[{"taxonomy":"category","embeddable":true,"href":"https:\/\/www.manaus.am.gov.br\/semtepi\/wp-json\/wp\/v2\/categories?post=2565"},{"taxonomy":"post_tag","embeddable":true,"href":"https:\/\/www.manaus.am.gov.br\/semtepi\/wp-json\/wp\/v2\/tags?post=2565"}],"curies":[{"name":"wp","href":"https:\/\/api.w.org\/{rel}","templated":true}]}}