{"id":2560,"date":"2023-09-01T15:32:25","date_gmt":"2023-09-01T19:32:25","guid":{"rendered":"https:\/\/www.manaus.am.gov.br\/semtepi\/sem-categoria\/prefeitura-de-manaus-assegura-servicos-essenciais-na-semana-da-patria-2\/"},"modified":"2023-09-01T15:32:26","modified_gmt":"2023-09-01T19:32:26","slug":"prefeitura-de-manaus-assegura-servicos-essenciais-na-semana-da-patria-2","status":"publish","type":"post","link":"https:\/\/www.manaus.am.gov.br\/semtepi\/funcionamento\/prefeitura-de-manaus-assegura-servicos-essenciais-na-semana-da-patria-2\/","title":{"rendered":"<strong>Prefeitura de Manaus assegura servi\u00e7os essenciais na Semana da P\u00e1tria<\/strong>"},"content":{"rendered":"\n<p>A Prefeitura de Manaus assegura o funcionamento dos servi\u00e7os essenciais nos feriados e ponto facultativo da Semana da P\u00e1tria, na ter\u00e7a, quinta e sexta-feira, 5, 7 e 8\/9, respectivamente. Nos dias 4 e 6 de setembro, o expediente \u00e9 normal no munic\u00edpio.<\/p>\n\n\n\n<p>A Secretaria Municipal de Sa\u00fade (Semsa) comunica aos usu\u00e1rios da rede de aten\u00e7\u00e3o b\u00e1sica de sa\u00fade que os servi\u00e7os essenciais ser\u00e3o mantidos.<\/p>\n\n\n\n<p>A cl\u00ednica da fam\u00edlia Carmen Nicolau, na rua Santa Tereza D\u2019\u00c1vila, s\/n\u00ba, bairro Lago Azul, zona Norte, permanecer\u00e1 aberta todos os dias das 8h \u00e0s 18h, oferecendo servi\u00e7os b\u00e1sicos, como vacina\u00e7\u00e3o do calend\u00e1rio b\u00e1sico e testes r\u00e1pidos para detec\u00e7\u00e3o de Infec\u00e7\u00f5es Sexualmente Transmiss\u00edveis (ISTs). A unidade tamb\u00e9m \u00e9 refer\u00eancia para a profilaxia da raiva humana.<\/p>\n\n\n\n<p>A maternidade Dr. Moura Tapaj\u00f3z, no bairro Compensa, zona Oeste da capital, segue com o atendimento regular, em regime de plant\u00e3o, 24 horas, todos os dias, assim como o Servi\u00e7o de Atendimento M\u00f3vel de Urg\u00eancia (Samu), que atende os casos de urg\u00eancia pelo n\u00famero 192.<\/p>\n\n\n\n<p>Outro servi\u00e7o que funcionar\u00e1, das 8h \u00e0s 18h, nos feriados, \u00e9 o Centro de Emiss\u00e3o de Declara\u00e7\u00e3o de \u00d3bito por Causa Natural em Domic\u00edlio (Cedo), que pode ser acionado pelo n\u00famero (92) 98842-8437.<\/p>\n\n\n\n<p>Os demais estabelecimentos da rede municipal de sa\u00fade, inclusive os que s\u00e3o pontos de vacina\u00e7\u00e3o contra a Covid-19, estar\u00e3o abertos na segunda e na quarta-feira, dias 4 e 6\/9, nos hor\u00e1rios tradicionais de funcionamento.<\/p>\n\n\n\n<p><strong>Sine<\/strong><\/p>\n\n\n\n<p>A Secretaria Municipal do Trabalho, Empreendedorismo e Inova\u00e7\u00e3o (Semtepi) informa os hor\u00e1rios de funcionamento dos servi\u00e7os dos postos do Sine Manaus, shoppings e galerias populares da capital, durante os feriados da Semana da P\u00e1tria, nos dias 5 e 7 de setembro.<\/p>\n\n\n\n<p>O atendimento nos postos do Sine Manaus, localizados na avenida Constantino Nery, zona Sul, e no shopping Phelippe Daou, zona Leste de Manaus, estar\u00e1 suspenso na ter\u00e7a-feira, 5\/9, por conta do Dia da Eleva\u00e7\u00e3o do Amazonas \u00e0 Categoria de Prov\u00edncia. Na quarta-feira, 6\/9, o atendimento \u00e9 normal, das 8h \u00e0s 16h. J\u00e1 na quinta-feira, 7\/9, e sexta-feira, 8\/9, o servi\u00e7o estar\u00e1 suspenso, em virtude do feriado da Independ\u00eancia do Brasil e ponto facultativo, respectivamente.<\/p>\n\n\n\n<p>As atividades retornam normalmente na segunda-feira, 11\/9. N\u00e3o \u00e9 necess\u00e1rio fazer agendamento pr\u00e9vio para acessar os servi\u00e7os. A popula\u00e7\u00e3o pode se dirigir a um dos postos, portando os documentos originais e o cart\u00e3o de vacina\u00e7\u00e3o, com o esquema vacinal completo contra a Covid-19, de segunda a sexta-feira, das 8h \u00e0s 16h.<\/p>\n\n\n\n<p>A Semtepi tamb\u00e9m informa que na ter\u00e7a, quinta e sexta-feira, as galerias populares Esp\u00edrito Santo e Rem\u00e9dios, ambas no Centro, zona Sul, e o shopping Phelippe Daou n\u00e3o funcionar\u00e3o. O espa\u00e7o abre na quarta-feira, das 8h \u00e0s 14h. J\u00e1 no s\u00e1bado, 9\/9, os espa\u00e7os estar\u00e3o abertos ao p\u00fablico das 8h \u00e0s 17h.<\/p>\n\n\n\n<p><strong>Feiras<\/strong><\/p>\n\n\n\n<p>A Secretaria Municipal de Agricultura, Abastecimento, Centro e Com\u00e9rcio informal (Semacc) informa o funcionamento normal, durante o feriado da Semana da P\u00e1tria, no mercado municipal Adolpho Lisboa e nas quatro feiras abastecedoras de Manaus.<\/p>\n\n\n\n<p>O mercado municipal Adolpho Lisboa, na avenida Louren\u00e7o Braga, Centro, estar\u00e1 aberto das 7h \u00e0s 17h.<\/p>\n\n\n\n<p>As feiras municipais Coronel Jorge Teixeira (Manaus Moderna) e da Banana, ambas no Centro, funcionam das 4h \u00e0s 17h, todos os dias. A feira municipal do Produtor, da zona Leste, abre as portas das 4h \u00e0s 17h. A feira da Panair, bairro Educandos, zona Sul, recebe o p\u00fablico das 4h \u00e0s 17h. J\u00e1 o tablado do peixe, na mesma feira, funciona das 18h \u00e0s 6h. Todas as feiras e o mercado funcionar\u00e3o com expediente normal.&nbsp;<\/p>\n\n\n\n<p>&#8212; &#8212; &#8212;<\/p>\n\n\n\n<p><strong>Texto<\/strong>&nbsp;\u2013 Divulga\u00e7\u00e3o\/Semsa\/Semtepi\/Semacc\/Semulsp<\/p>\n\n\n\n<p><strong>Fotos<\/strong>&nbsp;\u2013 Arquivo\/Semcom<\/p>\n","protected":false},"excerpt":{"rendered":"","protected":false},"author":23,"featured_media":2561,"comment_status":"closed","ping_status":"closed","sticky":false,"template":"","format":"standard","meta":{"footnotes":""},"categories":[240],"tags":[552,244,8,550,551],"acf":[],"yoast_head":"<!-- This site is optimized with the Yoast SEO plugin v23.0 - https:\/\/yoast.com\/wordpress\/plugins\/seo\/ -->\n<title>Prefeitura de Manaus assegura servi\u00e7os essenciais na Semana da P\u00e1tria<\/title>\n<meta name=\"description\" content=\"A Prefeitura de Manaus assegura o funcionamento dos servi\u00e7os essenciais nos feriados e ponto facultativo da Semana da P\u00e1tria, na ter\u00e7a, quinta e sexta-feira, 5, 7 e 8\/9, respectivamente. Nos dias 4 e 6 de setembro, o expediente \u00e9 normal no munic\u00edpio.\" \/>\n<meta name=\"robots\" content=\"noindex, follow\" \/>\n<meta property=\"og:locale\" content=\"pt_BR\" \/>\n<meta property=\"og:type\" content=\"article\" \/>\n<meta property=\"og:title\" content=\"Prefeitura de Manaus assegura servi\u00e7os essenciais na Semana da P\u00e1tria\" \/>\n<meta property=\"og:description\" content=\"A Prefeitura de Manaus assegura o funcionamento dos servi\u00e7os essenciais nos feriados e ponto facultativo da Semana da P\u00e1tria, na ter\u00e7a, quinta e sexta-feira, 5, 7 e 8\/9, respectivamente. Nos dias 4 e 6 de setembro, o expediente \u00e9 normal no munic\u00edpio.\" \/>\n<meta property=\"og:url\" content=\"https:\/\/www.manaus.am.gov.br\/semtepi\/funcionamento\/prefeitura-de-manaus-assegura-servicos-essenciais-na-semana-da-patria-2\/\" \/>\n<meta property=\"og:site_name\" content=\"SEMTEPI\" \/>\n<meta property=\"article:published_time\" content=\"2023-09-01T19:32:25+00:00\" \/>\n<meta property=\"article:modified_time\" content=\"2023-09-01T19:32:26+00:00\" \/>\n<meta property=\"og:image\" content=\"https:\/\/www.manaus.am.gov.br\/semtepi\/wp-content\/uploads\/sites\/20\/2023\/09\/50839191703_be74e99d44_c.jpg\" \/>\n\t<meta property=\"og:image:width\" content=\"800\" \/>\n\t<meta property=\"og:image:height\" content=\"534\" \/>\n\t<meta property=\"og:image:type\" content=\"image\/jpeg\" \/>\n<meta name=\"author\" content=\"Adriana Costa\" \/>\n<meta name=\"twitter:card\" content=\"summary_large_image\" \/>\n<meta name=\"twitter:label1\" content=\"Written by\" \/>\n\t<meta name=\"twitter:data1\" content=\"Adriana Costa\" \/>\n\t<meta name=\"twitter:label2\" content=\"Est. reading time\" \/>\n\t<meta name=\"twitter:data2\" content=\"4 minutos\" \/>\n<script type=\"application\/ld+json\" class=\"yoast-schema-graph\">{\"@context\":\"https:\/\/schema.org\",\"@graph\":[{\"@type\":\"Article\",\"@id\":\"https:\/\/www.manaus.am.gov.br\/semtepi\/funcionamento\/prefeitura-de-manaus-assegura-servicos-essenciais-na-semana-da-patria-2\/#article\",\"isPartOf\":{\"@id\":\"https:\/\/www.manaus.am.gov.br\/semtepi\/funcionamento\/prefeitura-de-manaus-assegura-servicos-essenciais-na-semana-da-patria-2\/\"},\"author\":{\"name\":\"Adriana Costa\",\"@id\":\"https:\/\/www.manaus.am.gov.br\/semtepi\/#\/schema\/person\/4e49f4e267757a06ca072ec61b2b9968\"},\"headline\":\"Prefeitura de Manaus assegura servi\u00e7os essenciais na Semana da P\u00e1tria\",\"datePublished\":\"2023-09-01T19:32:25+00:00\",\"dateModified\":\"2023-09-01T19:32:26+00:00\",\"mainEntityOfPage\":{\"@id\":\"https:\/\/www.manaus.am.gov.br\/semtepi\/funcionamento\/prefeitura-de-manaus-assegura-servicos-essenciais-na-semana-da-patria-2\/\"},\"wordCount\":655,\"publisher\":{\"@id\":\"https:\/\/www.manaus.am.gov.br\/semtepi\/#organization\"},\"image\":{\"@id\":\"https:\/\/www.manaus.am.gov.br\/semtepi\/funcionamento\/prefeitura-de-manaus-assegura-servicos-essenciais-na-semana-da-patria-2\/#primaryimage\"},\"thumbnailUrl\":\"https:\/\/www.manaus.am.gov.br\/semtepi\/wp-content\/uploads\/sites\/20\/2023\/09\/50839191703_be74e99d44_c.jpg\",\"keywords\":[\"feriados\",\"ponto facultativo\",\"prefeitura de manaus\",\"Semana da P\u00e1tria\",\"servi\u00e7os essenciais\"],\"articleSection\":[\"Funcionamento\"],\"inLanguage\":\"pt-BR\"},{\"@type\":\"WebPage\",\"@id\":\"https:\/\/www.manaus.am.gov.br\/semtepi\/funcionamento\/prefeitura-de-manaus-assegura-servicos-essenciais-na-semana-da-patria-2\/\",\"url\":\"https:\/\/www.manaus.am.gov.br\/semtepi\/funcionamento\/prefeitura-de-manaus-assegura-servicos-essenciais-na-semana-da-patria-2\/\",\"name\":\"Prefeitura de Manaus assegura servi\u00e7os essenciais na Semana da P\u00e1tria\",\"isPartOf\":{\"@id\":\"https:\/\/www.manaus.am.gov.br\/semtepi\/#website\"},\"primaryImageOfPage\":{\"@id\":\"https:\/\/www.manaus.am.gov.br\/semtepi\/funcionamento\/prefeitura-de-manaus-assegura-servicos-essenciais-na-semana-da-patria-2\/#primaryimage\"},\"image\":{\"@id\":\"https:\/\/www.manaus.am.gov.br\/semtepi\/funcionamento\/prefeitura-de-manaus-assegura-servicos-essenciais-na-semana-da-patria-2\/#primaryimage\"},\"thumbnailUrl\":\"https:\/\/www.manaus.am.gov.br\/semtepi\/wp-content\/uploads\/sites\/20\/2023\/09\/50839191703_be74e99d44_c.jpg\",\"datePublished\":\"2023-09-01T19:32:25+00:00\",\"dateModified\":\"2023-09-01T19:32:26+00:00\",\"description\":\"A Prefeitura de Manaus assegura o funcionamento dos servi\u00e7os essenciais nos feriados e ponto facultativo da Semana da P\u00e1tria, na ter\u00e7a, quinta e sexta-feira, 5, 7 e 8\/9, respectivamente. Nos dias 4 e 6 de setembro, o expediente \u00e9 normal no munic\u00edpio.\",\"breadcrumb\":{\"@id\":\"https:\/\/www.manaus.am.gov.br\/semtepi\/funcionamento\/prefeitura-de-manaus-assegura-servicos-essenciais-na-semana-da-patria-2\/#breadcrumb\"},\"inLanguage\":\"pt-BR\",\"potentialAction\":[{\"@type\":\"ReadAction\",\"target\":[\"https:\/\/www.manaus.am.gov.br\/semtepi\/funcionamento\/prefeitura-de-manaus-assegura-servicos-essenciais-na-semana-da-patria-2\/\"]}]},{\"@type\":\"ImageObject\",\"inLanguage\":\"pt-BR\",\"@id\":\"https:\/\/www.manaus.am.gov.br\/semtepi\/funcionamento\/prefeitura-de-manaus-assegura-servicos-essenciais-na-semana-da-patria-2\/#primaryimage\",\"url\":\"https:\/\/www.manaus.am.gov.br\/semtepi\/wp-content\/uploads\/sites\/20\/2023\/09\/50839191703_be74e99d44_c.jpg\",\"contentUrl\":\"https:\/\/www.manaus.am.gov.br\/semtepi\/wp-content\/uploads\/sites\/20\/2023\/09\/50839191703_be74e99d44_c.jpg\",\"width\":800,\"height\":534},{\"@type\":\"BreadcrumbList\",\"@id\":\"https:\/\/www.manaus.am.gov.br\/semtepi\/funcionamento\/prefeitura-de-manaus-assegura-servicos-essenciais-na-semana-da-patria-2\/#breadcrumb\",\"itemListElement\":[{\"@type\":\"ListItem\",\"position\":1,\"name\":\"Home\",\"item\":\"https:\/\/www.manaus.am.gov.br\/semtepi\/\"},{\"@type\":\"ListItem\",\"position\":2,\"name\":\"Prefeitura de Manaus assegura servi\u00e7os essenciais na Semana da P\u00e1tria\"}]},{\"@type\":\"WebSite\",\"@id\":\"https:\/\/www.manaus.am.gov.br\/semtepi\/#website\",\"url\":\"https:\/\/www.manaus.am.gov.br\/semtepi\/\",\"name\":\"SEMTEPI\",\"description\":\"Prefeitura de Manaus\",\"publisher\":{\"@id\":\"https:\/\/www.manaus.am.gov.br\/semtepi\/#organization\"},\"alternateName\":\"Secretaria Municipal do Trabalho, Empreendedorismo e Inova\u00e7\u00e3o\",\"potentialAction\":[{\"@type\":\"SearchAction\",\"target\":{\"@type\":\"EntryPoint\",\"urlTemplate\":\"https:\/\/www.manaus.am.gov.br\/semtepi\/?s={search_term_string}\"},\"query-input\":\"required name=search_term_string\"}],\"inLanguage\":\"pt-BR\"},{\"@type\":\"Organization\",\"@id\":\"https:\/\/www.manaus.am.gov.br\/semtepi\/#organization\",\"name\":\"Prefeitura Municipal de Manaus\",\"alternateName\":\"Prefeitura de Manaus\",\"url\":\"https:\/\/www.manaus.am.gov.br\/semtepi\/\",\"logo\":{\"@type\":\"ImageObject\",\"inLanguage\":\"pt-BR\",\"@id\":\"https:\/\/www.manaus.am.gov.br\/semtepi\/#\/schema\/logo\/image\/\",\"url\":\"https:\/\/www.manaus.am.gov.br\/semtepi\/wp-content\/uploads\/sites\/20\/2024\/07\/favicon.png\",\"contentUrl\":\"https:\/\/www.manaus.am.gov.br\/semtepi\/wp-content\/uploads\/sites\/20\/2024\/07\/favicon.png\",\"width\":300,\"height\":300,\"caption\":\"Prefeitura Municipal de Manaus\"},\"image\":{\"@id\":\"https:\/\/www.manaus.am.gov.br\/semtepi\/#\/schema\/logo\/image\/\"}},{\"@type\":\"Person\",\"@id\":\"https:\/\/www.manaus.am.gov.br\/semtepi\/#\/schema\/person\/4e49f4e267757a06ca072ec61b2b9968\",\"name\":\"Adriana Costa\",\"image\":{\"@type\":\"ImageObject\",\"inLanguage\":\"pt-BR\",\"@id\":\"https:\/\/www.manaus.am.gov.br\/semtepi\/#\/schema\/person\/image\/\",\"url\":\"https:\/\/secure.gravatar.com\/avatar\/576258617ef7194f718179e766d57bd4?s=96&d=mm&r=g\",\"contentUrl\":\"https:\/\/secure.gravatar.com\/avatar\/576258617ef7194f718179e766d57bd4?s=96&d=mm&r=g\",\"caption\":\"Adriana Costa\"}}]}<\/script>\n<!-- \/ Yoast SEO plugin. -->","yoast_head_json":{"title":"Prefeitura de Manaus assegura servi\u00e7os essenciais na Semana da P\u00e1tria","description":"A Prefeitura de Manaus assegura o funcionamento dos servi\u00e7os essenciais nos feriados e ponto facultativo da Semana da P\u00e1tria, na ter\u00e7a, quinta e sexta-feira, 5, 7 e 8\/9, respectivamente. Nos dias 4 e 6 de setembro, o expediente \u00e9 normal no munic\u00edpio.","robots":{"index":"noindex","follow":"follow"},"og_locale":"pt_BR","og_type":"article","og_title":"Prefeitura de Manaus assegura servi\u00e7os essenciais na Semana da P\u00e1tria","og_description":"A Prefeitura de Manaus assegura o funcionamento dos servi\u00e7os essenciais nos feriados e ponto facultativo da Semana da P\u00e1tria, na ter\u00e7a, quinta e sexta-feira, 5, 7 e 8\/9, respectivamente. Nos dias 4 e 6 de setembro, o expediente \u00e9 normal no munic\u00edpio.","og_url":"https:\/\/www.manaus.am.gov.br\/semtepi\/funcionamento\/prefeitura-de-manaus-assegura-servicos-essenciais-na-semana-da-patria-2\/","og_site_name":"SEMTEPI","article_published_time":"2023-09-01T19:32:25+00:00","article_modified_time":"2023-09-01T19:32:26+00:00","og_image":[{"width":800,"height":534,"url":"https:\/\/www.manaus.am.gov.br\/semtepi\/wp-content\/uploads\/sites\/20\/2023\/09\/50839191703_be74e99d44_c.jpg","type":"image\/jpeg"}],"author":"Adriana Costa","twitter_card":"summary_large_image","twitter_misc":{"Written by":"Adriana Costa","Est. reading time":"4 minutos"},"schema":{"@context":"https:\/\/schema.org","@graph":[{"@type":"Article","@id":"https:\/\/www.manaus.am.gov.br\/semtepi\/funcionamento\/prefeitura-de-manaus-assegura-servicos-essenciais-na-semana-da-patria-2\/#article","isPartOf":{"@id":"https:\/\/www.manaus.am.gov.br\/semtepi\/funcionamento\/prefeitura-de-manaus-assegura-servicos-essenciais-na-semana-da-patria-2\/"},"author":{"name":"Adriana Costa","@id":"https:\/\/www.manaus.am.gov.br\/semtepi\/#\/schema\/person\/4e49f4e267757a06ca072ec61b2b9968"},"headline":"Prefeitura de Manaus assegura servi\u00e7os essenciais na Semana da P\u00e1tria","datePublished":"2023-09-01T19:32:25+00:00","dateModified":"2023-09-01T19:32:26+00:00","mainEntityOfPage":{"@id":"https:\/\/www.manaus.am.gov.br\/semtepi\/funcionamento\/prefeitura-de-manaus-assegura-servicos-essenciais-na-semana-da-patria-2\/"},"wordCount":655,"publisher":{"@id":"https:\/\/www.manaus.am.gov.br\/semtepi\/#organization"},"image":{"@id":"https:\/\/www.manaus.am.gov.br\/semtepi\/funcionamento\/prefeitura-de-manaus-assegura-servicos-essenciais-na-semana-da-patria-2\/#primaryimage"},"thumbnailUrl":"https:\/\/www.manaus.am.gov.br\/semtepi\/wp-content\/uploads\/sites\/20\/2023\/09\/50839191703_be74e99d44_c.jpg","keywords":["feriados","ponto facultativo","prefeitura de manaus","Semana da P\u00e1tria","servi\u00e7os essenciais"],"articleSection":["Funcionamento"],"inLanguage":"pt-BR"},{"@type":"WebPage","@id":"https:\/\/www.manaus.am.gov.br\/semtepi\/funcionamento\/prefeitura-de-manaus-assegura-servicos-essenciais-na-semana-da-patria-2\/","url":"https:\/\/www.manaus.am.gov.br\/semtepi\/funcionamento\/prefeitura-de-manaus-assegura-servicos-essenciais-na-semana-da-patria-2\/","name":"Prefeitura de Manaus assegura servi\u00e7os essenciais na Semana da P\u00e1tria","isPartOf":{"@id":"https:\/\/www.manaus.am.gov.br\/semtepi\/#website"},"primaryImageOfPage":{"@id":"https:\/\/www.manaus.am.gov.br\/semtepi\/funcionamento\/prefeitura-de-manaus-assegura-servicos-essenciais-na-semana-da-patria-2\/#primaryimage"},"image":{"@id":"https:\/\/www.manaus.am.gov.br\/semtepi\/funcionamento\/prefeitura-de-manaus-assegura-servicos-essenciais-na-semana-da-patria-2\/#primaryimage"},"thumbnailUrl":"https:\/\/www.manaus.am.gov.br\/semtepi\/wp-content\/uploads\/sites\/20\/2023\/09\/50839191703_be74e99d44_c.jpg","datePublished":"2023-09-01T19:32:25+00:00","dateModified":"2023-09-01T19:32:26+00:00","description":"A Prefeitura de Manaus assegura o funcionamento dos servi\u00e7os essenciais nos feriados e ponto facultativo da Semana da P\u00e1tria, na ter\u00e7a, quinta e sexta-feira, 5, 7 e 8\/9, respectivamente. Nos dias 4 e 6 de setembro, o expediente \u00e9 normal no munic\u00edpio.","breadcrumb":{"@id":"https:\/\/www.manaus.am.gov.br\/semtepi\/funcionamento\/prefeitura-de-manaus-assegura-servicos-essenciais-na-semana-da-patria-2\/#breadcrumb"},"inLanguage":"pt-BR","potentialAction":[{"@type":"ReadAction","target":["https:\/\/www.manaus.am.gov.br\/semtepi\/funcionamento\/prefeitura-de-manaus-assegura-servicos-essenciais-na-semana-da-patria-2\/"]}]},{"@type":"ImageObject","inLanguage":"pt-BR","@id":"https:\/\/www.manaus.am.gov.br\/semtepi\/funcionamento\/prefeitura-de-manaus-assegura-servicos-essenciais-na-semana-da-patria-2\/#primaryimage","url":"https:\/\/www.manaus.am.gov.br\/semtepi\/wp-content\/uploads\/sites\/20\/2023\/09\/50839191703_be74e99d44_c.jpg","contentUrl":"https:\/\/www.manaus.am.gov.br\/semtepi\/wp-content\/uploads\/sites\/20\/2023\/09\/50839191703_be74e99d44_c.jpg","width":800,"height":534},{"@type":"BreadcrumbList","@id":"https:\/\/www.manaus.am.gov.br\/semtepi\/funcionamento\/prefeitura-de-manaus-assegura-servicos-essenciais-na-semana-da-patria-2\/#breadcrumb","itemListElement":[{"@type":"ListItem","position":1,"name":"Home","item":"https:\/\/www.manaus.am.gov.br\/semtepi\/"},{"@type":"ListItem","position":2,"name":"Prefeitura de Manaus assegura servi\u00e7os essenciais na Semana da P\u00e1tria"}]},{"@type":"WebSite","@id":"https:\/\/www.manaus.am.gov.br\/semtepi\/#website","url":"https:\/\/www.manaus.am.gov.br\/semtepi\/","name":"SEMTEPI","description":"Prefeitura de Manaus","publisher":{"@id":"https:\/\/www.manaus.am.gov.br\/semtepi\/#organization"},"alternateName":"Secretaria Municipal do Trabalho, Empreendedorismo e Inova\u00e7\u00e3o","potentialAction":[{"@type":"SearchAction","target":{"@type":"EntryPoint","urlTemplate":"https:\/\/www.manaus.am.gov.br\/semtepi\/?s={search_term_string}"},"query-input":"required name=search_term_string"}],"inLanguage":"pt-BR"},{"@type":"Organization","@id":"https:\/\/www.manaus.am.gov.br\/semtepi\/#organization","name":"Prefeitura Municipal de Manaus","alternateName":"Prefeitura de Manaus","url":"https:\/\/www.manaus.am.gov.br\/semtepi\/","logo":{"@type":"ImageObject","inLanguage":"pt-BR","@id":"https:\/\/www.manaus.am.gov.br\/semtepi\/#\/schema\/logo\/image\/","url":"https:\/\/www.manaus.am.gov.br\/semtepi\/wp-content\/uploads\/sites\/20\/2024\/07\/favicon.png","contentUrl":"https:\/\/www.manaus.am.gov.br\/semtepi\/wp-content\/uploads\/sites\/20\/2024\/07\/favicon.png","width":300,"height":300,"caption":"Prefeitura Municipal de Manaus"},"image":{"@id":"https:\/\/www.manaus.am.gov.br\/semtepi\/#\/schema\/logo\/image\/"}},{"@type":"Person","@id":"https:\/\/www.manaus.am.gov.br\/semtepi\/#\/schema\/person\/4e49f4e267757a06ca072ec61b2b9968","name":"Adriana Costa","image":{"@type":"ImageObject","inLanguage":"pt-BR","@id":"https:\/\/www.manaus.am.gov.br\/semtepi\/#\/schema\/person\/image\/","url":"https:\/\/secure.gravatar.com\/avatar\/576258617ef7194f718179e766d57bd4?s=96&d=mm&r=g","contentUrl":"https:\/\/secure.gravatar.com\/avatar\/576258617ef7194f718179e766d57bd4?s=96&d=mm&r=g","caption":"Adriana Costa"}}]}},"_links":{"self":[{"href":"https:\/\/www.manaus.am.gov.br\/semtepi\/wp-json\/wp\/v2\/posts\/2560"}],"collection":[{"href":"https:\/\/www.manaus.am.gov.br\/semtepi\/wp-json\/wp\/v2\/posts"}],"about":[{"href":"https:\/\/www.manaus.am.gov.br\/semtepi\/wp-json\/wp\/v2\/types\/post"}],"author":[{"embeddable":true,"href":"https:\/\/www.manaus.am.gov.br\/semtepi\/wp-json\/wp\/v2\/users\/23"}],"replies":[{"embeddable":true,"href":"https:\/\/www.manaus.am.gov.br\/semtepi\/wp-json\/wp\/v2\/comments?post=2560"}],"version-history":[{"count":0,"href":"https:\/\/www.manaus.am.gov.br\/semtepi\/wp-json\/wp\/v2\/posts\/2560\/revisions"}],"wp:featuredmedia":[{"embeddable":true,"href":"https:\/\/www.manaus.am.gov.br\/semtepi\/wp-json\/wp\/v2\/media\/2561"}],"wp:attachment":[{"href":"https:\/\/www.manaus.am.gov.br\/semtepi\/wp-json\/wp\/v2\/media?parent=2560"}],"wp:term":[{"taxonomy":"category","embeddable":true,"href":"https:\/\/www.manaus.am.gov.br\/semtepi\/wp-json\/wp\/v2\/categories?post=2560"},{"taxonomy":"post_tag","embeddable":true,"href":"https:\/\/www.manaus.am.gov.br\/semtepi\/wp-json\/wp\/v2\/tags?post=2560"}],"curies":[{"name":"wp","href":"https:\/\/api.w.org\/{rel}","templated":true}]}}