{"id":2553,"date":"2023-09-01T10:45:59","date_gmt":"2023-09-01T14:45:59","guid":{"rendered":"https:\/\/www.manaus.am.gov.br\/semtepi\/sem-categoria\/prefeitura-de-manaus-divulga-lista-de-selecionados-para-o-programa-pre-aceleracao-para-startups\/"},"modified":"2023-09-01T10:45:59","modified_gmt":"2023-09-01T14:45:59","slug":"prefeitura-de-manaus-divulga-lista-de-selecionados-para-o-programa-pre-aceleracao-para-startups","status":"publish","type":"post","link":"https:\/\/www.manaus.am.gov.br\/semtepi\/capacitacao\/prefeitura-de-manaus-divulga-lista-de-selecionados-para-o-programa-pre-aceleracao-para-startups\/","title":{"rendered":"<strong>Prefeitura de Manaus divulga lista de selecionados para o programa \u2018Pr\u00e9-acelera\u00e7\u00e3o para startups\u2019<\/strong>"},"content":{"rendered":"\n<p>A Prefeitura de Manaus, por meio da Secretaria Municipal do Trabalho, Empreendedorismo e Inova\u00e7\u00e3o (Semtepi), divulga, nesta sexta-feira, 1\u00b0\/9, a lista de participantes selecionados no programa &#8220;Pr\u00e9-acelera\u00e7\u00e3o de startups&#8221;, que faz parte do edital \u201cMais Inova\u00e7\u00e3o\u201d e vai beneficiar 50 empresas. As aulas ser\u00e3o realizadas no Casar\u00e3o da Inova\u00e7\u00e3o Cassina, localizado no centro hist\u00f3rico da cidade.<\/p>\n\n\n\n<p>Executado pela organiza\u00e7\u00e3o Inova Mais, o programa \u00e9 dividido em cinco turmas e ser\u00e1 ministrado em cinco encontros semanais para cada turma, contando com uma metodologia aplicada e desenvolvida para avan\u00e7ar no crescimento de startups, com foco nas ferramentas necess\u00e1rias para aprimorar o processo dos empreendedores.&nbsp;Al\u00e9m disso, toda a pr\u00e9-acelera\u00e7\u00e3o \u00e9 formada por treinamentos presenciais e orienta\u00e7\u00f5es individuais pela internet.<\/p>\n\n\n\n<p>\u201cEsta \u00e9 uma oportunidade cuidadosamente elaborada, destinada a atender, tanto os empreendedores mais novos no mercado quanto aqueles que j\u00e1 t\u00eam experi\u00eancia, mas enfrentam desafios para avan\u00e7ar em seus neg\u00f3cios. Estamos beneficiando 50 startups com este programa, mas antes disso, j\u00e1 t\u00ednhamos beneficiado muitas outras por meio das a\u00e7\u00f5es da secretaria voltadas para o empreendedorismo\u201d, frisa o titular da Semtepi, Radyr J\u00fanior.<\/p>\n\n\n\n<p>Ao todo, cada turma receber\u00e1 tr\u00eas m\u00f3dulos, sendo o primeiro deles sobre: Lean Startup; Design Thinking; Customer Development e Proposta de Valor. No segundo, os participantes aprender\u00e3o sobre Modelo de Neg\u00f3cios; Mercado e Marketing; Experi\u00eancia do Usu\u00e1rio e Pitch. J\u00e1 o terceiro m\u00f3dulo \u00e9 experimental, com Prototipa\u00e7\u00e3o e Valida\u00e7\u00e3o; Desenvolvimento e Apresenta\u00e7\u00e3o do M\u00ednimo Produto Vi\u00e1vel (MVP) e mentorias t\u00e9cnicas.<\/p>\n\n\n\n<p><strong><a href=\"https:\/\/www.manaus.am.gov.br\/semtepi\/wp-content\/uploads\/sites\/20\/2023\/09\/Resultado-Projetos-Selecionados-Inova-Manaus.pdf\">Confira abaixo a lista de selecionados<\/a><\/strong><\/p>\n\n\n\n<p><strong>&#8212; &#8212; &#8212;<\/strong>&nbsp;<\/p>\n\n\n\n<p><strong>Texto \u2013 <\/strong>Fabiane Monteiro \/ Semtepi<\/p>\n\n\n\n<p><strong>Foto \u2013 <\/strong>Arquivo \/ Semcom<\/p>\n","protected":false},"excerpt":{"rendered":"","protected":false},"author":39,"featured_media":2554,"comment_status":"closed","ping_status":"closed","sticky":false,"template":"","format":"standard","meta":{"footnotes":""},"categories":[51],"tags":[547,548,253,8,549,9],"acf":[],"yoast_head":"<!-- This site is optimized with the Yoast SEO plugin v23.0 - https:\/\/yoast.com\/wordpress\/plugins\/seo\/ -->\n<title>Prefeitura de Manaus divulga lista de selecionados para o programa \u2018Pr\u00e9-acelera\u00e7\u00e3o para startups\u2019<\/title>\n<meta name=\"description\" content=\"A Prefeitura de Manaus, por meio da Secretaria Municipal do Trabalho, Empreendedorismo e Inova\u00e7\u00e3o (Semtepi), divulga, nesta sexta-feira, 1\u00b0\/9, a lista de participantes selecionados no programa &quot;Pr\u00e9-acelera\u00e7\u00e3o de startups&quot;, que faz parte do edital \u201cMais Inova\u00e7\u00e3o\u201d e vai beneficiar 50 empresas.\" \/>\n<meta name=\"robots\" content=\"noindex, follow\" \/>\n<meta property=\"og:locale\" content=\"pt_BR\" \/>\n<meta property=\"og:type\" content=\"article\" \/>\n<meta property=\"og:title\" content=\"Prefeitura de Manaus divulga lista de selecionados para o programa \u2018Pr\u00e9-acelera\u00e7\u00e3o para startups\u2019\" \/>\n<meta property=\"og:description\" content=\"A Prefeitura de Manaus, por meio da Secretaria Municipal do Trabalho, Empreendedorismo e Inova\u00e7\u00e3o (Semtepi), divulga, nesta sexta-feira, 1\u00b0\/9, a lista de participantes selecionados no programa &quot;Pr\u00e9-acelera\u00e7\u00e3o de startups&quot;, que faz parte do edital \u201cMais Inova\u00e7\u00e3o\u201d e vai beneficiar 50 empresas.\" \/>\n<meta property=\"og:url\" content=\"https:\/\/www.manaus.am.gov.br\/semtepi\/capacitacao\/prefeitura-de-manaus-divulga-lista-de-selecionados-para-o-programa-pre-aceleracao-para-startups\/\" \/>\n<meta property=\"og:site_name\" content=\"SEMTEPI\" \/>\n<meta property=\"article:published_time\" content=\"2023-09-01T14:45:59+00:00\" \/>\n<meta property=\"og:image\" content=\"https:\/\/www.manaus.am.gov.br\/semtepi\/wp-content\/uploads\/sites\/20\/2023\/09\/Casarao-da-Inovacao-Cassina.jpg\" \/>\n\t<meta property=\"og:image:width\" content=\"2048\" \/>\n\t<meta property=\"og:image:height\" content=\"1365\" \/>\n\t<meta property=\"og:image:type\" content=\"image\/jpeg\" \/>\n<meta name=\"author\" content=\"Bruna Greco\" \/>\n<meta name=\"twitter:card\" content=\"summary_large_image\" \/>\n<meta name=\"twitter:label1\" content=\"Written by\" \/>\n\t<meta name=\"twitter:data1\" content=\"Bruna Greco\" \/>\n\t<meta name=\"twitter:label2\" content=\"Est. reading time\" \/>\n\t<meta name=\"twitter:data2\" content=\"2 minutos\" \/>\n<script type=\"application\/ld+json\" class=\"yoast-schema-graph\">{\"@context\":\"https:\/\/schema.org\",\"@graph\":[{\"@type\":\"Article\",\"@id\":\"https:\/\/www.manaus.am.gov.br\/semtepi\/capacitacao\/prefeitura-de-manaus-divulga-lista-de-selecionados-para-o-programa-pre-aceleracao-para-startups\/#article\",\"isPartOf\":{\"@id\":\"https:\/\/www.manaus.am.gov.br\/semtepi\/capacitacao\/prefeitura-de-manaus-divulga-lista-de-selecionados-para-o-programa-pre-aceleracao-para-startups\/\"},\"author\":{\"name\":\"Bruna Greco\",\"@id\":\"https:\/\/www.manaus.am.gov.br\/semtepi\/#\/schema\/person\/05d223aea2bf115f9883a6ff3683d81b\"},\"headline\":\"Prefeitura de Manaus divulga lista de selecionados para o programa \u2018Pr\u00e9-acelera\u00e7\u00e3o para startups\u2019\",\"datePublished\":\"2023-09-01T14:45:59+00:00\",\"dateModified\":\"2023-09-01T14:45:59+00:00\",\"mainEntityOfPage\":{\"@id\":\"https:\/\/www.manaus.am.gov.br\/semtepi\/capacitacao\/prefeitura-de-manaus-divulga-lista-de-selecionados-para-o-programa-pre-aceleracao-para-startups\/\"},\"wordCount\":300,\"publisher\":{\"@id\":\"https:\/\/www.manaus.am.gov.br\/semtepi\/#organization\"},\"image\":{\"@id\":\"https:\/\/www.manaus.am.gov.br\/semtepi\/capacitacao\/prefeitura-de-manaus-divulga-lista-de-selecionados-para-o-programa-pre-aceleracao-para-startups\/#primaryimage\"},\"thumbnailUrl\":\"https:\/\/www.manaus.am.gov.br\/semtepi\/wp-content\/uploads\/sites\/20\/2023\/09\/Casarao-da-Inovacao-Cassina.jpg\",\"keywords\":[\"beneficiar 50 empresas\",\"divulga\u00e7\u00e3o de lista de selecionados\",\"edital Mais Inova\u00e7\u00e3o\",\"prefeitura de manaus\",\"programa \u2018Pr\u00e9-acelera\u00e7\u00e3o para startups\u2019\",\"Semtepi\"],\"articleSection\":[\"Capacita\u00e7\u00e3o\"],\"inLanguage\":\"pt-BR\"},{\"@type\":\"WebPage\",\"@id\":\"https:\/\/www.manaus.am.gov.br\/semtepi\/capacitacao\/prefeitura-de-manaus-divulga-lista-de-selecionados-para-o-programa-pre-aceleracao-para-startups\/\",\"url\":\"https:\/\/www.manaus.am.gov.br\/semtepi\/capacitacao\/prefeitura-de-manaus-divulga-lista-de-selecionados-para-o-programa-pre-aceleracao-para-startups\/\",\"name\":\"Prefeitura de Manaus divulga lista de selecionados para o programa \u2018Pr\u00e9-acelera\u00e7\u00e3o para startups\u2019\",\"isPartOf\":{\"@id\":\"https:\/\/www.manaus.am.gov.br\/semtepi\/#website\"},\"primaryImageOfPage\":{\"@id\":\"https:\/\/www.manaus.am.gov.br\/semtepi\/capacitacao\/prefeitura-de-manaus-divulga-lista-de-selecionados-para-o-programa-pre-aceleracao-para-startups\/#primaryimage\"},\"image\":{\"@id\":\"https:\/\/www.manaus.am.gov.br\/semtepi\/capacitacao\/prefeitura-de-manaus-divulga-lista-de-selecionados-para-o-programa-pre-aceleracao-para-startups\/#primaryimage\"},\"thumbnailUrl\":\"https:\/\/www.manaus.am.gov.br\/semtepi\/wp-content\/uploads\/sites\/20\/2023\/09\/Casarao-da-Inovacao-Cassina.jpg\",\"datePublished\":\"2023-09-01T14:45:59+00:00\",\"dateModified\":\"2023-09-01T14:45:59+00:00\",\"description\":\"A Prefeitura de Manaus, por meio da Secretaria Municipal do Trabalho, Empreendedorismo e Inova\u00e7\u00e3o (Semtepi), divulga, nesta sexta-feira, 1\u00b0\/9, a lista de participantes selecionados no programa \\\"Pr\u00e9-acelera\u00e7\u00e3o de startups\\\", que faz parte do edital \u201cMais Inova\u00e7\u00e3o\u201d e vai beneficiar 50 empresas.\",\"breadcrumb\":{\"@id\":\"https:\/\/www.manaus.am.gov.br\/semtepi\/capacitacao\/prefeitura-de-manaus-divulga-lista-de-selecionados-para-o-programa-pre-aceleracao-para-startups\/#breadcrumb\"},\"inLanguage\":\"pt-BR\",\"potentialAction\":[{\"@type\":\"ReadAction\",\"target\":[\"https:\/\/www.manaus.am.gov.br\/semtepi\/capacitacao\/prefeitura-de-manaus-divulga-lista-de-selecionados-para-o-programa-pre-aceleracao-para-startups\/\"]}]},{\"@type\":\"ImageObject\",\"inLanguage\":\"pt-BR\",\"@id\":\"https:\/\/www.manaus.am.gov.br\/semtepi\/capacitacao\/prefeitura-de-manaus-divulga-lista-de-selecionados-para-o-programa-pre-aceleracao-para-startups\/#primaryimage\",\"url\":\"https:\/\/www.manaus.am.gov.br\/semtepi\/wp-content\/uploads\/sites\/20\/2023\/09\/Casarao-da-Inovacao-Cassina.jpg\",\"contentUrl\":\"https:\/\/www.manaus.am.gov.br\/semtepi\/wp-content\/uploads\/sites\/20\/2023\/09\/Casarao-da-Inovacao-Cassina.jpg\",\"width\":2048,\"height\":1365},{\"@type\":\"BreadcrumbList\",\"@id\":\"https:\/\/www.manaus.am.gov.br\/semtepi\/capacitacao\/prefeitura-de-manaus-divulga-lista-de-selecionados-para-o-programa-pre-aceleracao-para-startups\/#breadcrumb\",\"itemListElement\":[{\"@type\":\"ListItem\",\"position\":1,\"name\":\"Home\",\"item\":\"https:\/\/www.manaus.am.gov.br\/semtepi\/\"},{\"@type\":\"ListItem\",\"position\":2,\"name\":\"Prefeitura de Manaus divulga lista de selecionados para o programa \u2018Pr\u00e9-acelera\u00e7\u00e3o para startups\u2019\"}]},{\"@type\":\"WebSite\",\"@id\":\"https:\/\/www.manaus.am.gov.br\/semtepi\/#website\",\"url\":\"https:\/\/www.manaus.am.gov.br\/semtepi\/\",\"name\":\"SEMTEPI\",\"description\":\"Prefeitura de Manaus\",\"publisher\":{\"@id\":\"https:\/\/www.manaus.am.gov.br\/semtepi\/#organization\"},\"alternateName\":\"Secretaria Municipal do Trabalho, Empreendedorismo e Inova\u00e7\u00e3o\",\"potentialAction\":[{\"@type\":\"SearchAction\",\"target\":{\"@type\":\"EntryPoint\",\"urlTemplate\":\"https:\/\/www.manaus.am.gov.br\/semtepi\/?s={search_term_string}\"},\"query-input\":\"required name=search_term_string\"}],\"inLanguage\":\"pt-BR\"},{\"@type\":\"Organization\",\"@id\":\"https:\/\/www.manaus.am.gov.br\/semtepi\/#organization\",\"name\":\"Prefeitura Municipal de Manaus\",\"alternateName\":\"Prefeitura de Manaus\",\"url\":\"https:\/\/www.manaus.am.gov.br\/semtepi\/\",\"logo\":{\"@type\":\"ImageObject\",\"inLanguage\":\"pt-BR\",\"@id\":\"https:\/\/www.manaus.am.gov.br\/semtepi\/#\/schema\/logo\/image\/\",\"url\":\"https:\/\/www.manaus.am.gov.br\/semtepi\/wp-content\/uploads\/sites\/20\/2024\/07\/favicon.png\",\"contentUrl\":\"https:\/\/www.manaus.am.gov.br\/semtepi\/wp-content\/uploads\/sites\/20\/2024\/07\/favicon.png\",\"width\":300,\"height\":300,\"caption\":\"Prefeitura Municipal de Manaus\"},\"image\":{\"@id\":\"https:\/\/www.manaus.am.gov.br\/semtepi\/#\/schema\/logo\/image\/\"}},{\"@type\":\"Person\",\"@id\":\"https:\/\/www.manaus.am.gov.br\/semtepi\/#\/schema\/person\/05d223aea2bf115f9883a6ff3683d81b\",\"name\":\"Bruna Greco\",\"image\":{\"@type\":\"ImageObject\",\"inLanguage\":\"pt-BR\",\"@id\":\"https:\/\/www.manaus.am.gov.br\/semtepi\/#\/schema\/person\/image\/\",\"url\":\"https:\/\/secure.gravatar.com\/avatar\/9c877d1a6adc2a055330e5c09a8653ce?s=96&d=mm&r=g\",\"contentUrl\":\"https:\/\/secure.gravatar.com\/avatar\/9c877d1a6adc2a055330e5c09a8653ce?s=96&d=mm&r=g\",\"caption\":\"Bruna Greco\"}}]}<\/script>\n<!-- \/ Yoast SEO plugin. -->","yoast_head_json":{"title":"Prefeitura de Manaus divulga lista de selecionados para o programa \u2018Pr\u00e9-acelera\u00e7\u00e3o para startups\u2019","description":"A Prefeitura de Manaus, por meio da Secretaria Municipal do Trabalho, Empreendedorismo e Inova\u00e7\u00e3o (Semtepi), divulga, nesta sexta-feira, 1\u00b0\/9, a lista de participantes selecionados no programa \"Pr\u00e9-acelera\u00e7\u00e3o de startups\", que faz parte do edital \u201cMais Inova\u00e7\u00e3o\u201d e vai beneficiar 50 empresas.","robots":{"index":"noindex","follow":"follow"},"og_locale":"pt_BR","og_type":"article","og_title":"Prefeitura de Manaus divulga lista de selecionados para o programa \u2018Pr\u00e9-acelera\u00e7\u00e3o para startups\u2019","og_description":"A Prefeitura de Manaus, por meio da Secretaria Municipal do Trabalho, Empreendedorismo e Inova\u00e7\u00e3o (Semtepi), divulga, nesta sexta-feira, 1\u00b0\/9, a lista de participantes selecionados no programa \"Pr\u00e9-acelera\u00e7\u00e3o de startups\", que faz parte do edital \u201cMais Inova\u00e7\u00e3o\u201d e vai beneficiar 50 empresas.","og_url":"https:\/\/www.manaus.am.gov.br\/semtepi\/capacitacao\/prefeitura-de-manaus-divulga-lista-de-selecionados-para-o-programa-pre-aceleracao-para-startups\/","og_site_name":"SEMTEPI","article_published_time":"2023-09-01T14:45:59+00:00","og_image":[{"width":2048,"height":1365,"url":"https:\/\/www.manaus.am.gov.br\/semtepi\/wp-content\/uploads\/sites\/20\/2023\/09\/Casarao-da-Inovacao-Cassina.jpg","type":"image\/jpeg"}],"author":"Bruna Greco","twitter_card":"summary_large_image","twitter_misc":{"Written by":"Bruna Greco","Est. reading time":"2 minutos"},"schema":{"@context":"https:\/\/schema.org","@graph":[{"@type":"Article","@id":"https:\/\/www.manaus.am.gov.br\/semtepi\/capacitacao\/prefeitura-de-manaus-divulga-lista-de-selecionados-para-o-programa-pre-aceleracao-para-startups\/#article","isPartOf":{"@id":"https:\/\/www.manaus.am.gov.br\/semtepi\/capacitacao\/prefeitura-de-manaus-divulga-lista-de-selecionados-para-o-programa-pre-aceleracao-para-startups\/"},"author":{"name":"Bruna Greco","@id":"https:\/\/www.manaus.am.gov.br\/semtepi\/#\/schema\/person\/05d223aea2bf115f9883a6ff3683d81b"},"headline":"Prefeitura de Manaus divulga lista de selecionados para o programa \u2018Pr\u00e9-acelera\u00e7\u00e3o para startups\u2019","datePublished":"2023-09-01T14:45:59+00:00","dateModified":"2023-09-01T14:45:59+00:00","mainEntityOfPage":{"@id":"https:\/\/www.manaus.am.gov.br\/semtepi\/capacitacao\/prefeitura-de-manaus-divulga-lista-de-selecionados-para-o-programa-pre-aceleracao-para-startups\/"},"wordCount":300,"publisher":{"@id":"https:\/\/www.manaus.am.gov.br\/semtepi\/#organization"},"image":{"@id":"https:\/\/www.manaus.am.gov.br\/semtepi\/capacitacao\/prefeitura-de-manaus-divulga-lista-de-selecionados-para-o-programa-pre-aceleracao-para-startups\/#primaryimage"},"thumbnailUrl":"https:\/\/www.manaus.am.gov.br\/semtepi\/wp-content\/uploads\/sites\/20\/2023\/09\/Casarao-da-Inovacao-Cassina.jpg","keywords":["beneficiar 50 empresas","divulga\u00e7\u00e3o de lista de selecionados","edital Mais Inova\u00e7\u00e3o","prefeitura de manaus","programa \u2018Pr\u00e9-acelera\u00e7\u00e3o para startups\u2019","Semtepi"],"articleSection":["Capacita\u00e7\u00e3o"],"inLanguage":"pt-BR"},{"@type":"WebPage","@id":"https:\/\/www.manaus.am.gov.br\/semtepi\/capacitacao\/prefeitura-de-manaus-divulga-lista-de-selecionados-para-o-programa-pre-aceleracao-para-startups\/","url":"https:\/\/www.manaus.am.gov.br\/semtepi\/capacitacao\/prefeitura-de-manaus-divulga-lista-de-selecionados-para-o-programa-pre-aceleracao-para-startups\/","name":"Prefeitura de Manaus divulga lista de selecionados para o programa \u2018Pr\u00e9-acelera\u00e7\u00e3o para startups\u2019","isPartOf":{"@id":"https:\/\/www.manaus.am.gov.br\/semtepi\/#website"},"primaryImageOfPage":{"@id":"https:\/\/www.manaus.am.gov.br\/semtepi\/capacitacao\/prefeitura-de-manaus-divulga-lista-de-selecionados-para-o-programa-pre-aceleracao-para-startups\/#primaryimage"},"image":{"@id":"https:\/\/www.manaus.am.gov.br\/semtepi\/capacitacao\/prefeitura-de-manaus-divulga-lista-de-selecionados-para-o-programa-pre-aceleracao-para-startups\/#primaryimage"},"thumbnailUrl":"https:\/\/www.manaus.am.gov.br\/semtepi\/wp-content\/uploads\/sites\/20\/2023\/09\/Casarao-da-Inovacao-Cassina.jpg","datePublished":"2023-09-01T14:45:59+00:00","dateModified":"2023-09-01T14:45:59+00:00","description":"A Prefeitura de Manaus, por meio da Secretaria Municipal do Trabalho, Empreendedorismo e Inova\u00e7\u00e3o (Semtepi), divulga, nesta sexta-feira, 1\u00b0\/9, a lista de participantes selecionados no programa \"Pr\u00e9-acelera\u00e7\u00e3o de startups\", que faz parte do edital \u201cMais Inova\u00e7\u00e3o\u201d e vai beneficiar 50 empresas.","breadcrumb":{"@id":"https:\/\/www.manaus.am.gov.br\/semtepi\/capacitacao\/prefeitura-de-manaus-divulga-lista-de-selecionados-para-o-programa-pre-aceleracao-para-startups\/#breadcrumb"},"inLanguage":"pt-BR","potentialAction":[{"@type":"ReadAction","target":["https:\/\/www.manaus.am.gov.br\/semtepi\/capacitacao\/prefeitura-de-manaus-divulga-lista-de-selecionados-para-o-programa-pre-aceleracao-para-startups\/"]}]},{"@type":"ImageObject","inLanguage":"pt-BR","@id":"https:\/\/www.manaus.am.gov.br\/semtepi\/capacitacao\/prefeitura-de-manaus-divulga-lista-de-selecionados-para-o-programa-pre-aceleracao-para-startups\/#primaryimage","url":"https:\/\/www.manaus.am.gov.br\/semtepi\/wp-content\/uploads\/sites\/20\/2023\/09\/Casarao-da-Inovacao-Cassina.jpg","contentUrl":"https:\/\/www.manaus.am.gov.br\/semtepi\/wp-content\/uploads\/sites\/20\/2023\/09\/Casarao-da-Inovacao-Cassina.jpg","width":2048,"height":1365},{"@type":"BreadcrumbList","@id":"https:\/\/www.manaus.am.gov.br\/semtepi\/capacitacao\/prefeitura-de-manaus-divulga-lista-de-selecionados-para-o-programa-pre-aceleracao-para-startups\/#breadcrumb","itemListElement":[{"@type":"ListItem","position":1,"name":"Home","item":"https:\/\/www.manaus.am.gov.br\/semtepi\/"},{"@type":"ListItem","position":2,"name":"Prefeitura de Manaus divulga lista de selecionados para o programa \u2018Pr\u00e9-acelera\u00e7\u00e3o para startups\u2019"}]},{"@type":"WebSite","@id":"https:\/\/www.manaus.am.gov.br\/semtepi\/#website","url":"https:\/\/www.manaus.am.gov.br\/semtepi\/","name":"SEMTEPI","description":"Prefeitura de Manaus","publisher":{"@id":"https:\/\/www.manaus.am.gov.br\/semtepi\/#organization"},"alternateName":"Secretaria Municipal do Trabalho, Empreendedorismo e Inova\u00e7\u00e3o","potentialAction":[{"@type":"SearchAction","target":{"@type":"EntryPoint","urlTemplate":"https:\/\/www.manaus.am.gov.br\/semtepi\/?s={search_term_string}"},"query-input":"required name=search_term_string"}],"inLanguage":"pt-BR"},{"@type":"Organization","@id":"https:\/\/www.manaus.am.gov.br\/semtepi\/#organization","name":"Prefeitura Municipal de Manaus","alternateName":"Prefeitura de Manaus","url":"https:\/\/www.manaus.am.gov.br\/semtepi\/","logo":{"@type":"ImageObject","inLanguage":"pt-BR","@id":"https:\/\/www.manaus.am.gov.br\/semtepi\/#\/schema\/logo\/image\/","url":"https:\/\/www.manaus.am.gov.br\/semtepi\/wp-content\/uploads\/sites\/20\/2024\/07\/favicon.png","contentUrl":"https:\/\/www.manaus.am.gov.br\/semtepi\/wp-content\/uploads\/sites\/20\/2024\/07\/favicon.png","width":300,"height":300,"caption":"Prefeitura Municipal de Manaus"},"image":{"@id":"https:\/\/www.manaus.am.gov.br\/semtepi\/#\/schema\/logo\/image\/"}},{"@type":"Person","@id":"https:\/\/www.manaus.am.gov.br\/semtepi\/#\/schema\/person\/05d223aea2bf115f9883a6ff3683d81b","name":"Bruna Greco","image":{"@type":"ImageObject","inLanguage":"pt-BR","@id":"https:\/\/www.manaus.am.gov.br\/semtepi\/#\/schema\/person\/image\/","url":"https:\/\/secure.gravatar.com\/avatar\/9c877d1a6adc2a055330e5c09a8653ce?s=96&d=mm&r=g","contentUrl":"https:\/\/secure.gravatar.com\/avatar\/9c877d1a6adc2a055330e5c09a8653ce?s=96&d=mm&r=g","caption":"Bruna Greco"}}]}},"_links":{"self":[{"href":"https:\/\/www.manaus.am.gov.br\/semtepi\/wp-json\/wp\/v2\/posts\/2553"}],"collection":[{"href":"https:\/\/www.manaus.am.gov.br\/semtepi\/wp-json\/wp\/v2\/posts"}],"about":[{"href":"https:\/\/www.manaus.am.gov.br\/semtepi\/wp-json\/wp\/v2\/types\/post"}],"author":[{"embeddable":true,"href":"https:\/\/www.manaus.am.gov.br\/semtepi\/wp-json\/wp\/v2\/users\/39"}],"replies":[{"embeddable":true,"href":"https:\/\/www.manaus.am.gov.br\/semtepi\/wp-json\/wp\/v2\/comments?post=2553"}],"version-history":[{"count":1,"href":"https:\/\/www.manaus.am.gov.br\/semtepi\/wp-json\/wp\/v2\/posts\/2553\/revisions"}],"predecessor-version":[{"id":2556,"href":"https:\/\/www.manaus.am.gov.br\/semtepi\/wp-json\/wp\/v2\/posts\/2553\/revisions\/2556"}],"wp:featuredmedia":[{"embeddable":true,"href":"https:\/\/www.manaus.am.gov.br\/semtepi\/wp-json\/wp\/v2\/media\/2554"}],"wp:attachment":[{"href":"https:\/\/www.manaus.am.gov.br\/semtepi\/wp-json\/wp\/v2\/media?parent=2553"}],"wp:term":[{"taxonomy":"category","embeddable":true,"href":"https:\/\/www.manaus.am.gov.br\/semtepi\/wp-json\/wp\/v2\/categories?post=2553"},{"taxonomy":"post_tag","embeddable":true,"href":"https:\/\/www.manaus.am.gov.br\/semtepi\/wp-json\/wp\/v2\/tags?post=2553"}],"curies":[{"name":"wp","href":"https:\/\/api.w.org\/{rel}","templated":true}]}}