{"id":2549,"date":"2023-08-31T13:34:22","date_gmt":"2023-08-31T17:34:22","guid":{"rendered":"https:\/\/www.manaus.am.gov.br\/semtepi\/sem-categoria\/casa-de-praia-recebe-atracoes-musicais-do-samba-ao-pagode-neste-fim-de-semana\/"},"modified":"2023-08-31T13:34:23","modified_gmt":"2023-08-31T17:34:23","slug":"casa-de-praia-recebe-atracoes-musicais-do-samba-ao-pagode-neste-fim-de-semana","status":"publish","type":"post","link":"https:\/\/www.manaus.am.gov.br\/semtepi\/programacao\/casa-de-praia-recebe-atracoes-musicais-do-samba-ao-pagode-neste-fim-de-semana\/","title":{"rendered":"<strong>Casa de Praia recebe atra\u00e7\u00f5es musicais do samba ao pagode neste fim de semana<\/strong>"},"content":{"rendered":"\n<p>A Casa de Praia Zezinho Corr\u00eaa vai receber neste s\u00e1bado e domingo, 2 e 3\/9, a partir das 17h, atra\u00e7\u00f5es musicais de cantores regionais, com shows dos estilos samba, hip-hop\/black e pagode. O espa\u00e7o, localizado no complexo tur\u00edstico Ponta Negra, zona Oeste da capital, \u00e9 administrado pela Prefeitura de Manaus, por meio da Secretaria Municipal do Trabalho, Empreendedorismo e Inova\u00e7\u00e3o (Semtepi).<\/p>\n\n\n\n<p>Os shows gratuitos de s\u00e1bado, 2\/9, iniciam a partir das 17h, com o artista Mikael, conhecido pelos grandes sucessos \u201cDeixa tudo como T\u00e1\u201d, \u201cBaby me atende\u201d, \u201cTeu segredo\u201d e \u201cLibera ela\u201d. E, em seguida, o DJ Camilo Cruz encerrar\u00e1 a noite no palco com uma sele\u00e7\u00e3o de hip hop\/black.<\/p>\n\n\n\n<p>\u201cNosso objetivo \u00e9 proporcionar uma experi\u00eancia \u00fanica e diversificada, com uma variedade de estilos musicais. Preparamos uma programa\u00e7\u00e3o que reflete a riqueza e a diversidade da cena musical da nossa cidade. Esperamos que todos desfrutem desses momentos memor\u00e1veis\u201d, destaca o titular da Semtepi, Radyr J\u00fanior.<\/p>\n\n\n\n<p>E, para agitar o domingo, 3\/9, na Tardezinha da Casa de Praia, a partir das 18h, a melodia do grupo \u201cA Toada\u201d tomar\u00e1 conta do palco Murilo Rayol. Em seguida, o grupo Faveladin dar\u00e1 in\u00edcio ao show com a voz marcante do cantor Michael Queiroz \u00e0 frente.<\/p>\n\n\n\n<p>&#8212; &#8212; &#8212;<\/p>\n\n\n\n<p><strong>Texto \u2013&nbsp;<\/strong>Fabiane Monteiro \/ Semtepi<\/p>\n\n\n\n<p><strong>Fotos \u2013&nbsp;<\/strong>Arquivo\/Semcom<\/p>\n","protected":false},"excerpt":{"rendered":"","protected":false},"author":23,"featured_media":2550,"comment_status":"closed","ping_status":"closed","sticky":false,"template":"","format":"standard","meta":{"footnotes":""},"categories":[209],"tags":[544,485,8,216,9],"acf":[],"yoast_head":"<!-- This site is optimized with the Yoast SEO plugin v23.0 - https:\/\/yoast.com\/wordpress\/plugins\/seo\/ -->\n<title>Casa de Praia recebe atra\u00e7\u00f5es musicais do samba ao pagode neste fim de semana<\/title>\n<meta name=\"description\" content=\"A Casa de Praia Zezinho Corr\u00eaa vai receber neste s\u00e1bado e domingo, 2 e 3\/9, a partir das 17h, atra\u00e7\u00f5es musicais de cantores regionais, com shows dos estilos samba, hip-hop\/black e pagode. O espa\u00e7o, localizado no complexo tur\u00edstico Ponta Negra, zona Oeste da capital, \u00e9 administrado pela Prefeitura de Manaus, por meio da Secretaria Municipal do Trabalho, Empreendedorismo e Inova\u00e7\u00e3o (Semtepi).\" \/>\n<meta name=\"robots\" content=\"noindex, follow\" \/>\n<meta property=\"og:locale\" content=\"pt_BR\" \/>\n<meta property=\"og:type\" content=\"article\" \/>\n<meta property=\"og:title\" content=\"Casa de Praia recebe atra\u00e7\u00f5es musicais do samba ao pagode neste fim de semana\" \/>\n<meta property=\"og:description\" content=\"A Casa de Praia Zezinho Corr\u00eaa vai receber neste s\u00e1bado e domingo, 2 e 3\/9, a partir das 17h, atra\u00e7\u00f5es musicais de cantores regionais, com shows dos estilos samba, hip-hop\/black e pagode. O espa\u00e7o, localizado no complexo tur\u00edstico Ponta Negra, zona Oeste da capital, \u00e9 administrado pela Prefeitura de Manaus, por meio da Secretaria Municipal do Trabalho, Empreendedorismo e Inova\u00e7\u00e3o (Semtepi).\" \/>\n<meta property=\"og:url\" content=\"https:\/\/www.manaus.am.gov.br\/semtepi\/programacao\/casa-de-praia-recebe-atracoes-musicais-do-samba-ao-pagode-neste-fim-de-semana\/\" \/>\n<meta property=\"og:site_name\" content=\"SEMTEPI\" \/>\n<meta property=\"article:published_time\" content=\"2023-08-31T17:34:22+00:00\" \/>\n<meta property=\"article:modified_time\" content=\"2023-08-31T17:34:23+00:00\" \/>\n<meta property=\"og:image\" content=\"https:\/\/www.manaus.am.gov.br\/semtepi\/wp-content\/uploads\/sites\/20\/2023\/08\/53049397121_4031ae7eb2_c-1.jpg\" \/>\n\t<meta property=\"og:image:width\" content=\"799\" \/>\n\t<meta property=\"og:image:height\" content=\"533\" \/>\n\t<meta property=\"og:image:type\" content=\"image\/jpeg\" \/>\n<meta name=\"author\" content=\"Adriana Costa\" \/>\n<meta name=\"twitter:card\" content=\"summary_large_image\" \/>\n<meta name=\"twitter:label1\" content=\"Written by\" \/>\n\t<meta name=\"twitter:data1\" content=\"Adriana Costa\" \/>\n\t<meta name=\"twitter:label2\" content=\"Est. reading time\" \/>\n\t<meta name=\"twitter:data2\" content=\"2 minutos\" \/>\n<script type=\"application\/ld+json\" class=\"yoast-schema-graph\">{\"@context\":\"https:\/\/schema.org\",\"@graph\":[{\"@type\":\"Article\",\"@id\":\"https:\/\/www.manaus.am.gov.br\/semtepi\/programacao\/casa-de-praia-recebe-atracoes-musicais-do-samba-ao-pagode-neste-fim-de-semana\/#article\",\"isPartOf\":{\"@id\":\"https:\/\/www.manaus.am.gov.br\/semtepi\/programacao\/casa-de-praia-recebe-atracoes-musicais-do-samba-ao-pagode-neste-fim-de-semana\/\"},\"author\":{\"name\":\"Adriana Costa\",\"@id\":\"https:\/\/www.manaus.am.gov.br\/semtepi\/#\/schema\/person\/4e49f4e267757a06ca072ec61b2b9968\"},\"headline\":\"Casa de Praia recebe atra\u00e7\u00f5es musicais do samba ao pagode neste fim de semana\",\"datePublished\":\"2023-08-31T17:34:22+00:00\",\"dateModified\":\"2023-08-31T17:34:23+00:00\",\"mainEntityOfPage\":{\"@id\":\"https:\/\/www.manaus.am.gov.br\/semtepi\/programacao\/casa-de-praia-recebe-atracoes-musicais-do-samba-ao-pagode-neste-fim-de-semana\/\"},\"wordCount\":237,\"publisher\":{\"@id\":\"https:\/\/www.manaus.am.gov.br\/semtepi\/#organization\"},\"image\":{\"@id\":\"https:\/\/www.manaus.am.gov.br\/semtepi\/programacao\/casa-de-praia-recebe-atracoes-musicais-do-samba-ao-pagode-neste-fim-de-semana\/#primaryimage\"},\"thumbnailUrl\":\"https:\/\/www.manaus.am.gov.br\/semtepi\/wp-content\/uploads\/sites\/20\/2023\/08\/53049397121_4031ae7eb2_c-1.jpg\",\"keywords\":[\"Casa de Praia\",\"fim de semana\",\"prefeitura de manaus\",\"programa\u00e7\u00e3o\",\"Semtepi\"],\"articleSection\":[\"Programa\u00e7\u00e3o\"],\"inLanguage\":\"pt-BR\"},{\"@type\":\"WebPage\",\"@id\":\"https:\/\/www.manaus.am.gov.br\/semtepi\/programacao\/casa-de-praia-recebe-atracoes-musicais-do-samba-ao-pagode-neste-fim-de-semana\/\",\"url\":\"https:\/\/www.manaus.am.gov.br\/semtepi\/programacao\/casa-de-praia-recebe-atracoes-musicais-do-samba-ao-pagode-neste-fim-de-semana\/\",\"name\":\"Casa de Praia recebe atra\u00e7\u00f5es musicais do samba ao pagode neste fim de semana\",\"isPartOf\":{\"@id\":\"https:\/\/www.manaus.am.gov.br\/semtepi\/#website\"},\"primaryImageOfPage\":{\"@id\":\"https:\/\/www.manaus.am.gov.br\/semtepi\/programacao\/casa-de-praia-recebe-atracoes-musicais-do-samba-ao-pagode-neste-fim-de-semana\/#primaryimage\"},\"image\":{\"@id\":\"https:\/\/www.manaus.am.gov.br\/semtepi\/programacao\/casa-de-praia-recebe-atracoes-musicais-do-samba-ao-pagode-neste-fim-de-semana\/#primaryimage\"},\"thumbnailUrl\":\"https:\/\/www.manaus.am.gov.br\/semtepi\/wp-content\/uploads\/sites\/20\/2023\/08\/53049397121_4031ae7eb2_c-1.jpg\",\"datePublished\":\"2023-08-31T17:34:22+00:00\",\"dateModified\":\"2023-08-31T17:34:23+00:00\",\"description\":\"A Casa de Praia Zezinho Corr\u00eaa vai receber neste s\u00e1bado e domingo, 2 e 3\/9, a partir das 17h, atra\u00e7\u00f5es musicais de cantores regionais, com shows dos estilos samba, hip-hop\/black e pagode. O espa\u00e7o, localizado no complexo tur\u00edstico Ponta Negra, zona Oeste da capital, \u00e9 administrado pela Prefeitura de Manaus, por meio da Secretaria Municipal do Trabalho, Empreendedorismo e Inova\u00e7\u00e3o (Semtepi).\",\"breadcrumb\":{\"@id\":\"https:\/\/www.manaus.am.gov.br\/semtepi\/programacao\/casa-de-praia-recebe-atracoes-musicais-do-samba-ao-pagode-neste-fim-de-semana\/#breadcrumb\"},\"inLanguage\":\"pt-BR\",\"potentialAction\":[{\"@type\":\"ReadAction\",\"target\":[\"https:\/\/www.manaus.am.gov.br\/semtepi\/programacao\/casa-de-praia-recebe-atracoes-musicais-do-samba-ao-pagode-neste-fim-de-semana\/\"]}]},{\"@type\":\"ImageObject\",\"inLanguage\":\"pt-BR\",\"@id\":\"https:\/\/www.manaus.am.gov.br\/semtepi\/programacao\/casa-de-praia-recebe-atracoes-musicais-do-samba-ao-pagode-neste-fim-de-semana\/#primaryimage\",\"url\":\"https:\/\/www.manaus.am.gov.br\/semtepi\/wp-content\/uploads\/sites\/20\/2023\/08\/53049397121_4031ae7eb2_c-1.jpg\",\"contentUrl\":\"https:\/\/www.manaus.am.gov.br\/semtepi\/wp-content\/uploads\/sites\/20\/2023\/08\/53049397121_4031ae7eb2_c-1.jpg\",\"width\":799,\"height\":533},{\"@type\":\"BreadcrumbList\",\"@id\":\"https:\/\/www.manaus.am.gov.br\/semtepi\/programacao\/casa-de-praia-recebe-atracoes-musicais-do-samba-ao-pagode-neste-fim-de-semana\/#breadcrumb\",\"itemListElement\":[{\"@type\":\"ListItem\",\"position\":1,\"name\":\"Home\",\"item\":\"https:\/\/www.manaus.am.gov.br\/semtepi\/\"},{\"@type\":\"ListItem\",\"position\":2,\"name\":\"Casa de Praia recebe atra\u00e7\u00f5es musicais do samba ao pagode neste fim de semana\"}]},{\"@type\":\"WebSite\",\"@id\":\"https:\/\/www.manaus.am.gov.br\/semtepi\/#website\",\"url\":\"https:\/\/www.manaus.am.gov.br\/semtepi\/\",\"name\":\"SEMTEPI\",\"description\":\"Prefeitura de Manaus\",\"publisher\":{\"@id\":\"https:\/\/www.manaus.am.gov.br\/semtepi\/#organization\"},\"alternateName\":\"Secretaria Municipal do Trabalho, Empreendedorismo e Inova\u00e7\u00e3o\",\"potentialAction\":[{\"@type\":\"SearchAction\",\"target\":{\"@type\":\"EntryPoint\",\"urlTemplate\":\"https:\/\/www.manaus.am.gov.br\/semtepi\/?s={search_term_string}\"},\"query-input\":\"required name=search_term_string\"}],\"inLanguage\":\"pt-BR\"},{\"@type\":\"Organization\",\"@id\":\"https:\/\/www.manaus.am.gov.br\/semtepi\/#organization\",\"name\":\"Prefeitura Municipal de Manaus\",\"alternateName\":\"Prefeitura de Manaus\",\"url\":\"https:\/\/www.manaus.am.gov.br\/semtepi\/\",\"logo\":{\"@type\":\"ImageObject\",\"inLanguage\":\"pt-BR\",\"@id\":\"https:\/\/www.manaus.am.gov.br\/semtepi\/#\/schema\/logo\/image\/\",\"url\":\"https:\/\/www.manaus.am.gov.br\/semtepi\/wp-content\/uploads\/sites\/20\/2024\/07\/favicon.png\",\"contentUrl\":\"https:\/\/www.manaus.am.gov.br\/semtepi\/wp-content\/uploads\/sites\/20\/2024\/07\/favicon.png\",\"width\":300,\"height\":300,\"caption\":\"Prefeitura Municipal de Manaus\"},\"image\":{\"@id\":\"https:\/\/www.manaus.am.gov.br\/semtepi\/#\/schema\/logo\/image\/\"}},{\"@type\":\"Person\",\"@id\":\"https:\/\/www.manaus.am.gov.br\/semtepi\/#\/schema\/person\/4e49f4e267757a06ca072ec61b2b9968\",\"name\":\"Adriana Costa\",\"image\":{\"@type\":\"ImageObject\",\"inLanguage\":\"pt-BR\",\"@id\":\"https:\/\/www.manaus.am.gov.br\/semtepi\/#\/schema\/person\/image\/\",\"url\":\"https:\/\/secure.gravatar.com\/avatar\/576258617ef7194f718179e766d57bd4?s=96&d=mm&r=g\",\"contentUrl\":\"https:\/\/secure.gravatar.com\/avatar\/576258617ef7194f718179e766d57bd4?s=96&d=mm&r=g\",\"caption\":\"Adriana Costa\"}}]}<\/script>\n<!-- \/ Yoast SEO plugin. -->","yoast_head_json":{"title":"Casa de Praia recebe atra\u00e7\u00f5es musicais do samba ao pagode neste fim de semana","description":"A Casa de Praia Zezinho Corr\u00eaa vai receber neste s\u00e1bado e domingo, 2 e 3\/9, a partir das 17h, atra\u00e7\u00f5es musicais de cantores regionais, com shows dos estilos samba, hip-hop\/black e pagode. O espa\u00e7o, localizado no complexo tur\u00edstico Ponta Negra, zona Oeste da capital, \u00e9 administrado pela Prefeitura de Manaus, por meio da Secretaria Municipal do Trabalho, Empreendedorismo e Inova\u00e7\u00e3o (Semtepi).","robots":{"index":"noindex","follow":"follow"},"og_locale":"pt_BR","og_type":"article","og_title":"Casa de Praia recebe atra\u00e7\u00f5es musicais do samba ao pagode neste fim de semana","og_description":"A Casa de Praia Zezinho Corr\u00eaa vai receber neste s\u00e1bado e domingo, 2 e 3\/9, a partir das 17h, atra\u00e7\u00f5es musicais de cantores regionais, com shows dos estilos samba, hip-hop\/black e pagode. O espa\u00e7o, localizado no complexo tur\u00edstico Ponta Negra, zona Oeste da capital, \u00e9 administrado pela Prefeitura de Manaus, por meio da Secretaria Municipal do Trabalho, Empreendedorismo e Inova\u00e7\u00e3o (Semtepi).","og_url":"https:\/\/www.manaus.am.gov.br\/semtepi\/programacao\/casa-de-praia-recebe-atracoes-musicais-do-samba-ao-pagode-neste-fim-de-semana\/","og_site_name":"SEMTEPI","article_published_time":"2023-08-31T17:34:22+00:00","article_modified_time":"2023-08-31T17:34:23+00:00","og_image":[{"width":799,"height":533,"url":"https:\/\/www.manaus.am.gov.br\/semtepi\/wp-content\/uploads\/sites\/20\/2023\/08\/53049397121_4031ae7eb2_c-1.jpg","type":"image\/jpeg"}],"author":"Adriana Costa","twitter_card":"summary_large_image","twitter_misc":{"Written by":"Adriana Costa","Est. reading time":"2 minutos"},"schema":{"@context":"https:\/\/schema.org","@graph":[{"@type":"Article","@id":"https:\/\/www.manaus.am.gov.br\/semtepi\/programacao\/casa-de-praia-recebe-atracoes-musicais-do-samba-ao-pagode-neste-fim-de-semana\/#article","isPartOf":{"@id":"https:\/\/www.manaus.am.gov.br\/semtepi\/programacao\/casa-de-praia-recebe-atracoes-musicais-do-samba-ao-pagode-neste-fim-de-semana\/"},"author":{"name":"Adriana Costa","@id":"https:\/\/www.manaus.am.gov.br\/semtepi\/#\/schema\/person\/4e49f4e267757a06ca072ec61b2b9968"},"headline":"Casa de Praia recebe atra\u00e7\u00f5es musicais do samba ao pagode neste fim de semana","datePublished":"2023-08-31T17:34:22+00:00","dateModified":"2023-08-31T17:34:23+00:00","mainEntityOfPage":{"@id":"https:\/\/www.manaus.am.gov.br\/semtepi\/programacao\/casa-de-praia-recebe-atracoes-musicais-do-samba-ao-pagode-neste-fim-de-semana\/"},"wordCount":237,"publisher":{"@id":"https:\/\/www.manaus.am.gov.br\/semtepi\/#organization"},"image":{"@id":"https:\/\/www.manaus.am.gov.br\/semtepi\/programacao\/casa-de-praia-recebe-atracoes-musicais-do-samba-ao-pagode-neste-fim-de-semana\/#primaryimage"},"thumbnailUrl":"https:\/\/www.manaus.am.gov.br\/semtepi\/wp-content\/uploads\/sites\/20\/2023\/08\/53049397121_4031ae7eb2_c-1.jpg","keywords":["Casa de Praia","fim de semana","prefeitura de manaus","programa\u00e7\u00e3o","Semtepi"],"articleSection":["Programa\u00e7\u00e3o"],"inLanguage":"pt-BR"},{"@type":"WebPage","@id":"https:\/\/www.manaus.am.gov.br\/semtepi\/programacao\/casa-de-praia-recebe-atracoes-musicais-do-samba-ao-pagode-neste-fim-de-semana\/","url":"https:\/\/www.manaus.am.gov.br\/semtepi\/programacao\/casa-de-praia-recebe-atracoes-musicais-do-samba-ao-pagode-neste-fim-de-semana\/","name":"Casa de Praia recebe atra\u00e7\u00f5es musicais do samba ao pagode neste fim de semana","isPartOf":{"@id":"https:\/\/www.manaus.am.gov.br\/semtepi\/#website"},"primaryImageOfPage":{"@id":"https:\/\/www.manaus.am.gov.br\/semtepi\/programacao\/casa-de-praia-recebe-atracoes-musicais-do-samba-ao-pagode-neste-fim-de-semana\/#primaryimage"},"image":{"@id":"https:\/\/www.manaus.am.gov.br\/semtepi\/programacao\/casa-de-praia-recebe-atracoes-musicais-do-samba-ao-pagode-neste-fim-de-semana\/#primaryimage"},"thumbnailUrl":"https:\/\/www.manaus.am.gov.br\/semtepi\/wp-content\/uploads\/sites\/20\/2023\/08\/53049397121_4031ae7eb2_c-1.jpg","datePublished":"2023-08-31T17:34:22+00:00","dateModified":"2023-08-31T17:34:23+00:00","description":"A Casa de Praia Zezinho Corr\u00eaa vai receber neste s\u00e1bado e domingo, 2 e 3\/9, a partir das 17h, atra\u00e7\u00f5es musicais de cantores regionais, com shows dos estilos samba, hip-hop\/black e pagode. O espa\u00e7o, localizado no complexo tur\u00edstico Ponta Negra, zona Oeste da capital, \u00e9 administrado pela Prefeitura de Manaus, por meio da Secretaria Municipal do Trabalho, Empreendedorismo e Inova\u00e7\u00e3o (Semtepi).","breadcrumb":{"@id":"https:\/\/www.manaus.am.gov.br\/semtepi\/programacao\/casa-de-praia-recebe-atracoes-musicais-do-samba-ao-pagode-neste-fim-de-semana\/#breadcrumb"},"inLanguage":"pt-BR","potentialAction":[{"@type":"ReadAction","target":["https:\/\/www.manaus.am.gov.br\/semtepi\/programacao\/casa-de-praia-recebe-atracoes-musicais-do-samba-ao-pagode-neste-fim-de-semana\/"]}]},{"@type":"ImageObject","inLanguage":"pt-BR","@id":"https:\/\/www.manaus.am.gov.br\/semtepi\/programacao\/casa-de-praia-recebe-atracoes-musicais-do-samba-ao-pagode-neste-fim-de-semana\/#primaryimage","url":"https:\/\/www.manaus.am.gov.br\/semtepi\/wp-content\/uploads\/sites\/20\/2023\/08\/53049397121_4031ae7eb2_c-1.jpg","contentUrl":"https:\/\/www.manaus.am.gov.br\/semtepi\/wp-content\/uploads\/sites\/20\/2023\/08\/53049397121_4031ae7eb2_c-1.jpg","width":799,"height":533},{"@type":"BreadcrumbList","@id":"https:\/\/www.manaus.am.gov.br\/semtepi\/programacao\/casa-de-praia-recebe-atracoes-musicais-do-samba-ao-pagode-neste-fim-de-semana\/#breadcrumb","itemListElement":[{"@type":"ListItem","position":1,"name":"Home","item":"https:\/\/www.manaus.am.gov.br\/semtepi\/"},{"@type":"ListItem","position":2,"name":"Casa de Praia recebe atra\u00e7\u00f5es musicais do samba ao pagode neste fim de semana"}]},{"@type":"WebSite","@id":"https:\/\/www.manaus.am.gov.br\/semtepi\/#website","url":"https:\/\/www.manaus.am.gov.br\/semtepi\/","name":"SEMTEPI","description":"Prefeitura de Manaus","publisher":{"@id":"https:\/\/www.manaus.am.gov.br\/semtepi\/#organization"},"alternateName":"Secretaria Municipal do Trabalho, Empreendedorismo e Inova\u00e7\u00e3o","potentialAction":[{"@type":"SearchAction","target":{"@type":"EntryPoint","urlTemplate":"https:\/\/www.manaus.am.gov.br\/semtepi\/?s={search_term_string}"},"query-input":"required name=search_term_string"}],"inLanguage":"pt-BR"},{"@type":"Organization","@id":"https:\/\/www.manaus.am.gov.br\/semtepi\/#organization","name":"Prefeitura Municipal de Manaus","alternateName":"Prefeitura de Manaus","url":"https:\/\/www.manaus.am.gov.br\/semtepi\/","logo":{"@type":"ImageObject","inLanguage":"pt-BR","@id":"https:\/\/www.manaus.am.gov.br\/semtepi\/#\/schema\/logo\/image\/","url":"https:\/\/www.manaus.am.gov.br\/semtepi\/wp-content\/uploads\/sites\/20\/2024\/07\/favicon.png","contentUrl":"https:\/\/www.manaus.am.gov.br\/semtepi\/wp-content\/uploads\/sites\/20\/2024\/07\/favicon.png","width":300,"height":300,"caption":"Prefeitura Municipal de Manaus"},"image":{"@id":"https:\/\/www.manaus.am.gov.br\/semtepi\/#\/schema\/logo\/image\/"}},{"@type":"Person","@id":"https:\/\/www.manaus.am.gov.br\/semtepi\/#\/schema\/person\/4e49f4e267757a06ca072ec61b2b9968","name":"Adriana Costa","image":{"@type":"ImageObject","inLanguage":"pt-BR","@id":"https:\/\/www.manaus.am.gov.br\/semtepi\/#\/schema\/person\/image\/","url":"https:\/\/secure.gravatar.com\/avatar\/576258617ef7194f718179e766d57bd4?s=96&d=mm&r=g","contentUrl":"https:\/\/secure.gravatar.com\/avatar\/576258617ef7194f718179e766d57bd4?s=96&d=mm&r=g","caption":"Adriana Costa"}}]}},"_links":{"self":[{"href":"https:\/\/www.manaus.am.gov.br\/semtepi\/wp-json\/wp\/v2\/posts\/2549"}],"collection":[{"href":"https:\/\/www.manaus.am.gov.br\/semtepi\/wp-json\/wp\/v2\/posts"}],"about":[{"href":"https:\/\/www.manaus.am.gov.br\/semtepi\/wp-json\/wp\/v2\/types\/post"}],"author":[{"embeddable":true,"href":"https:\/\/www.manaus.am.gov.br\/semtepi\/wp-json\/wp\/v2\/users\/23"}],"replies":[{"embeddable":true,"href":"https:\/\/www.manaus.am.gov.br\/semtepi\/wp-json\/wp\/v2\/comments?post=2549"}],"version-history":[{"count":0,"href":"https:\/\/www.manaus.am.gov.br\/semtepi\/wp-json\/wp\/v2\/posts\/2549\/revisions"}],"wp:featuredmedia":[{"embeddable":true,"href":"https:\/\/www.manaus.am.gov.br\/semtepi\/wp-json\/wp\/v2\/media\/2550"}],"wp:attachment":[{"href":"https:\/\/www.manaus.am.gov.br\/semtepi\/wp-json\/wp\/v2\/media?parent=2549"}],"wp:term":[{"taxonomy":"category","embeddable":true,"href":"https:\/\/www.manaus.am.gov.br\/semtepi\/wp-json\/wp\/v2\/categories?post=2549"},{"taxonomy":"post_tag","embeddable":true,"href":"https:\/\/www.manaus.am.gov.br\/semtepi\/wp-json\/wp\/v2\/tags?post=2549"}],"curies":[{"name":"wp","href":"https:\/\/api.w.org\/{rel}","templated":true}]}}