{"id":2538,"date":"2023-08-30T12:38:16","date_gmt":"2023-08-30T16:38:16","guid":{"rendered":"https:\/\/www.manaus.am.gov.br\/semtepi\/sem-categoria\/prefeitura-de-manaus-promove-festa-de-aniversario-da-galeria-popular-espirito-santo\/"},"modified":"2023-08-30T12:38:17","modified_gmt":"2023-08-30T16:38:17","slug":"prefeitura-de-manaus-promove-festa-de-aniversario-da-galeria-popular-espirito-santo","status":"publish","type":"post","link":"https:\/\/www.manaus.am.gov.br\/semtepi\/comemoracao\/prefeitura-de-manaus-promove-festa-de-aniversario-da-galeria-popular-espirito-santo\/","title":{"rendered":"<strong>Prefeitura de Manaus promove festa de anivers\u00e1rio da galeria Popular Esp\u00edrito Santo<\/strong>"},"content":{"rendered":"\n<p>A Prefeitura de Manaus, por meio da Secretaria Municipal do Trabalho, Empreendedorismo e Inova\u00e7\u00e3o (Semtepi), realiza, nesta quinta-feira, 31\/8, a partir das 9h, a festa de anivers\u00e1rio dos 9 anos da galeria popular Esp\u00edrito Santo, localizada na rua 24 de Maio, no Centro, zona Sul. Entre as principais atra\u00e7\u00f5es est\u00e1 o show do cantor Uendel Pinheiro.<\/p>\n\n\n\n<p>A programa\u00e7\u00e3o inicia a partir das 9h, com um caf\u00e9 da manh\u00e3 para os empreendedores, seguido do show do cantor local Uendel Pinheiro, para os permission\u00e1rios e o p\u00fablico geral. O evento \u00e9 promovido em parceria com a Associa\u00e7\u00e3o dos Vendedores Ambulantes do Com\u00e9rcio Informal do Estado do Amazonas (Avacin).<\/p>\n\n\n\n<p>&#8220;N\u00f3s estamos promovendo uma programa\u00e7\u00e3o especial, tanto para os permission\u00e1rios quanto para os clientes, em um espa\u00e7o p\u00fablico de grande import\u00e2ncia para o empreendedorismo em nossa cidade. Este ano, a Semtepi assumiu a administra\u00e7\u00e3o das galerias populares de Manaus e tem realizado mudan\u00e7as significativas nesses ambientes. A gest\u00e3o do prefeito David Almeida est\u00e1 disponibilizando o aux\u00edlio aos permission\u00e1rios, reformando as bancas e reestruturando toda a galeria, com o objetivo de beneficiar esses trabalhadores e atrair mais clientes&#8221;, afirmou o titular da Semtepi, Radyr J\u00fanior.<\/p>\n\n\n\n<p><strong>Espa\u00e7o<\/strong><\/p>\n\n\n\n<p>O centro de compras abriga 235 microempreendedores, que oferecem uma ampla variedade de produtos, incluindo vestu\u00e1rio, brinquedos, roupas \u00edntimas, moda praia, bijuterias, acess\u00f3rios e inova\u00e7\u00f5es na \u00e1rea de tecnologia. O edif\u00edcio, que abriga a galeria Esp\u00edrito Santo, foi originalmente constru\u00eddo durante o per\u00edodo \u00e1ureo da ind\u00fastria da borracha, no in\u00edcio do s\u00e9culo 20.<\/p>\n\n\n\n<p>Em junho deste ano, a Semtepi iniciou a reforma no espa\u00e7o, incluindo a pintura das edifica\u00e7\u00f5es, polimento do piso, reforma das bancas e reestrutura\u00e7\u00e3o da pra\u00e7a de alimenta\u00e7\u00e3o e dos banheiros.<\/p>\n\n\n\n<p>&#8212; &#8212; &#8212;<\/p>\n\n\n\n<p><strong>Texto \u2013&nbsp;<\/strong>Luiza Maria \/ Semtepi<\/p>\n\n\n\n<p><strong>Fotos &#8211;&nbsp;<\/strong>Ant\u00f4nio Pereira \/ Arquivo Semcom<\/p>\n\n\n\n<p><strong>Dispon\u00edveis em &#8211;<\/strong>&nbsp;<a href=\"https:\/\/flic.kr\/s\/aHBqjA1nsV\" target=\"_blank\" rel=\"noreferrer noopener\">https:\/\/flic.kr\/s\/aHBqjA1nsV<\/a><\/p>\n","protected":false},"excerpt":{"rendered":"","protected":false},"author":24,"featured_media":2539,"comment_status":"closed","ping_status":"closed","sticky":false,"template":"","format":"standard","meta":{"footnotes":""},"categories":[532],"tags":[533,534,32,535,8,34,9,536],"acf":[],"yoast_head":"<!-- This site is optimized with the Yoast SEO plugin v23.0 - https:\/\/yoast.com\/wordpress\/plugins\/seo\/ -->\n<title>Prefeitura de Manaus promove festa de anivers\u00e1rio da galeria Popular Esp\u00edrito Santo - SEMTEPI<\/title>\n<meta name=\"description\" content=\"A Prefeitura de Manaus, por meio da Secretaria Municipal do Trabalho, Empreendedorismo e Inova\u00e7\u00e3o (Semtepi), realiza, nesta quinta-feira, 31\/8, a partir das 9h, a festa de anivers\u00e1rio dos 9 anos da galeria popular Esp\u00edrito Santo, localizada na rua 24 de Maio, no Centro, zona Sul. Entre as principais atra\u00e7\u00f5es est\u00e1 o show do cantor Uendel Pinheiro.\" \/>\n<meta name=\"robots\" content=\"noindex, follow\" \/>\n<meta property=\"og:locale\" content=\"pt_BR\" \/>\n<meta property=\"og:type\" content=\"article\" \/>\n<meta property=\"og:title\" content=\"Prefeitura de Manaus promove festa de anivers\u00e1rio da galeria Popular Esp\u00edrito Santo - SEMTEPI\" \/>\n<meta property=\"og:description\" content=\"A Prefeitura de Manaus, por meio da Secretaria Municipal do Trabalho, Empreendedorismo e Inova\u00e7\u00e3o (Semtepi), realiza, nesta quinta-feira, 31\/8, a partir das 9h, a festa de anivers\u00e1rio dos 9 anos da galeria popular Esp\u00edrito Santo, localizada na rua 24 de Maio, no Centro, zona Sul. Entre as principais atra\u00e7\u00f5es est\u00e1 o show do cantor Uendel Pinheiro.\" \/>\n<meta property=\"og:url\" content=\"https:\/\/www.manaus.am.gov.br\/semtepi\/comemoracao\/prefeitura-de-manaus-promove-festa-de-aniversario-da-galeria-popular-espirito-santo\/\" \/>\n<meta property=\"og:site_name\" content=\"SEMTEPI\" \/>\n<meta property=\"article:published_time\" content=\"2023-08-30T16:38:16+00:00\" \/>\n<meta property=\"article:modified_time\" content=\"2023-08-30T16:38:17+00:00\" \/>\n<meta property=\"og:image\" content=\"https:\/\/www.manaus.am.gov.br\/semtepi\/wp-content\/uploads\/sites\/20\/2023\/08\/52256839794_a040f3be48_o-1024x683.jpg\" \/>\n\t<meta property=\"og:image:width\" content=\"1024\" \/>\n\t<meta property=\"og:image:height\" content=\"683\" \/>\n\t<meta property=\"og:image:type\" content=\"image\/jpeg\" \/>\n<meta name=\"author\" content=\"Cl\u00e1udia Barbosa\" \/>\n<meta name=\"twitter:card\" content=\"summary_large_image\" \/>\n<meta name=\"twitter:label1\" content=\"Written by\" \/>\n\t<meta name=\"twitter:data1\" content=\"Cl\u00e1udia Barbosa\" \/>\n\t<meta name=\"twitter:label2\" content=\"Est. reading time\" \/>\n\t<meta name=\"twitter:data2\" content=\"2 minutos\" \/>\n<script type=\"application\/ld+json\" class=\"yoast-schema-graph\">{\"@context\":\"https:\/\/schema.org\",\"@graph\":[{\"@type\":\"Article\",\"@id\":\"https:\/\/www.manaus.am.gov.br\/semtepi\/comemoracao\/prefeitura-de-manaus-promove-festa-de-aniversario-da-galeria-popular-espirito-santo\/#article\",\"isPartOf\":{\"@id\":\"https:\/\/www.manaus.am.gov.br\/semtepi\/comemoracao\/prefeitura-de-manaus-promove-festa-de-aniversario-da-galeria-popular-espirito-santo\/\"},\"author\":{\"name\":\"Cl\u00e1udia Barbosa\",\"@id\":\"https:\/\/www.manaus.am.gov.br\/semtepi\/#\/schema\/person\/d0a166b5031154c33c77794ddc9a827e\"},\"headline\":\"Prefeitura de Manaus promove festa de anivers\u00e1rio da galeria Popular Esp\u00edrito Santo\",\"datePublished\":\"2023-08-30T16:38:16+00:00\",\"dateModified\":\"2023-08-30T16:38:17+00:00\",\"mainEntityOfPage\":{\"@id\":\"https:\/\/www.manaus.am.gov.br\/semtepi\/comemoracao\/prefeitura-de-manaus-promove-festa-de-aniversario-da-galeria-popular-espirito-santo\/\"},\"wordCount\":347,\"publisher\":{\"@id\":\"https:\/\/www.manaus.am.gov.br\/semtepi\/#organization\"},\"image\":{\"@id\":\"https:\/\/www.manaus.am.gov.br\/semtepi\/comemoracao\/prefeitura-de-manaus-promove-festa-de-aniversario-da-galeria-popular-espirito-santo\/#primaryimage\"},\"thumbnailUrl\":\"https:\/\/www.manaus.am.gov.br\/semtepi\/wp-content\/uploads\/sites\/20\/2023\/08\/52256839794_a040f3be48_o.jpg\",\"keywords\":[\"Associa\u00e7\u00e3o dos Vendedores Ambulantes do Com\u00e9rcio Informal do Estado do Amazonas\",\"avacin\",\"David Almeida\",\"galeria popular Esp\u00edrito Santo\",\"prefeitura de manaus\",\"Radyr J\u00fanior\",\"Semtepi\",\"Uendel Pinheiro\"],\"articleSection\":[\"Comemora\u00e7\u00e3o\"],\"inLanguage\":\"pt-BR\"},{\"@type\":\"WebPage\",\"@id\":\"https:\/\/www.manaus.am.gov.br\/semtepi\/comemoracao\/prefeitura-de-manaus-promove-festa-de-aniversario-da-galeria-popular-espirito-santo\/\",\"url\":\"https:\/\/www.manaus.am.gov.br\/semtepi\/comemoracao\/prefeitura-de-manaus-promove-festa-de-aniversario-da-galeria-popular-espirito-santo\/\",\"name\":\"Prefeitura de Manaus promove festa de anivers\u00e1rio da galeria Popular Esp\u00edrito Santo - SEMTEPI\",\"isPartOf\":{\"@id\":\"https:\/\/www.manaus.am.gov.br\/semtepi\/#website\"},\"primaryImageOfPage\":{\"@id\":\"https:\/\/www.manaus.am.gov.br\/semtepi\/comemoracao\/prefeitura-de-manaus-promove-festa-de-aniversario-da-galeria-popular-espirito-santo\/#primaryimage\"},\"image\":{\"@id\":\"https:\/\/www.manaus.am.gov.br\/semtepi\/comemoracao\/prefeitura-de-manaus-promove-festa-de-aniversario-da-galeria-popular-espirito-santo\/#primaryimage\"},\"thumbnailUrl\":\"https:\/\/www.manaus.am.gov.br\/semtepi\/wp-content\/uploads\/sites\/20\/2023\/08\/52256839794_a040f3be48_o.jpg\",\"datePublished\":\"2023-08-30T16:38:16+00:00\",\"dateModified\":\"2023-08-30T16:38:17+00:00\",\"description\":\"A Prefeitura de Manaus, por meio da Secretaria Municipal do Trabalho, Empreendedorismo e Inova\u00e7\u00e3o (Semtepi), realiza, nesta quinta-feira, 31\/8, a partir das 9h, a festa de anivers\u00e1rio dos 9 anos da galeria popular Esp\u00edrito Santo, localizada na rua 24 de Maio, no Centro, zona Sul. Entre as principais atra\u00e7\u00f5es est\u00e1 o show do cantor Uendel Pinheiro.\",\"breadcrumb\":{\"@id\":\"https:\/\/www.manaus.am.gov.br\/semtepi\/comemoracao\/prefeitura-de-manaus-promove-festa-de-aniversario-da-galeria-popular-espirito-santo\/#breadcrumb\"},\"inLanguage\":\"pt-BR\",\"potentialAction\":[{\"@type\":\"ReadAction\",\"target\":[\"https:\/\/www.manaus.am.gov.br\/semtepi\/comemoracao\/prefeitura-de-manaus-promove-festa-de-aniversario-da-galeria-popular-espirito-santo\/\"]}]},{\"@type\":\"ImageObject\",\"inLanguage\":\"pt-BR\",\"@id\":\"https:\/\/www.manaus.am.gov.br\/semtepi\/comemoracao\/prefeitura-de-manaus-promove-festa-de-aniversario-da-galeria-popular-espirito-santo\/#primaryimage\",\"url\":\"https:\/\/www.manaus.am.gov.br\/semtepi\/wp-content\/uploads\/sites\/20\/2023\/08\/52256839794_a040f3be48_o.jpg\",\"contentUrl\":\"https:\/\/www.manaus.am.gov.br\/semtepi\/wp-content\/uploads\/sites\/20\/2023\/08\/52256839794_a040f3be48_o.jpg\",\"width\":3000,\"height\":2000},{\"@type\":\"BreadcrumbList\",\"@id\":\"https:\/\/www.manaus.am.gov.br\/semtepi\/comemoracao\/prefeitura-de-manaus-promove-festa-de-aniversario-da-galeria-popular-espirito-santo\/#breadcrumb\",\"itemListElement\":[{\"@type\":\"ListItem\",\"position\":1,\"name\":\"Home\",\"item\":\"https:\/\/www.manaus.am.gov.br\/semtepi\/\"},{\"@type\":\"ListItem\",\"position\":2,\"name\":\"Prefeitura de Manaus promove festa de anivers\u00e1rio da galeria Popular Esp\u00edrito Santo\"}]},{\"@type\":\"WebSite\",\"@id\":\"https:\/\/www.manaus.am.gov.br\/semtepi\/#website\",\"url\":\"https:\/\/www.manaus.am.gov.br\/semtepi\/\",\"name\":\"SEMTEPI\",\"description\":\"Prefeitura de Manaus\",\"publisher\":{\"@id\":\"https:\/\/www.manaus.am.gov.br\/semtepi\/#organization\"},\"alternateName\":\"Secretaria Municipal do Trabalho, Empreendedorismo e Inova\u00e7\u00e3o\",\"potentialAction\":[{\"@type\":\"SearchAction\",\"target\":{\"@type\":\"EntryPoint\",\"urlTemplate\":\"https:\/\/www.manaus.am.gov.br\/semtepi\/?s={search_term_string}\"},\"query-input\":\"required name=search_term_string\"}],\"inLanguage\":\"pt-BR\"},{\"@type\":\"Organization\",\"@id\":\"https:\/\/www.manaus.am.gov.br\/semtepi\/#organization\",\"name\":\"Prefeitura Municipal de Manaus\",\"alternateName\":\"Prefeitura de Manaus\",\"url\":\"https:\/\/www.manaus.am.gov.br\/semtepi\/\",\"logo\":{\"@type\":\"ImageObject\",\"inLanguage\":\"pt-BR\",\"@id\":\"https:\/\/www.manaus.am.gov.br\/semtepi\/#\/schema\/logo\/image\/\",\"url\":\"https:\/\/www.manaus.am.gov.br\/semtepi\/wp-content\/uploads\/sites\/20\/2024\/07\/favicon.png\",\"contentUrl\":\"https:\/\/www.manaus.am.gov.br\/semtepi\/wp-content\/uploads\/sites\/20\/2024\/07\/favicon.png\",\"width\":300,\"height\":300,\"caption\":\"Prefeitura Municipal de Manaus\"},\"image\":{\"@id\":\"https:\/\/www.manaus.am.gov.br\/semtepi\/#\/schema\/logo\/image\/\"}},{\"@type\":\"Person\",\"@id\":\"https:\/\/www.manaus.am.gov.br\/semtepi\/#\/schema\/person\/d0a166b5031154c33c77794ddc9a827e\",\"name\":\"Cl\u00e1udia Barbosa\",\"image\":{\"@type\":\"ImageObject\",\"inLanguage\":\"pt-BR\",\"@id\":\"https:\/\/www.manaus.am.gov.br\/semtepi\/#\/schema\/person\/image\/\",\"url\":\"https:\/\/secure.gravatar.com\/avatar\/42958a1cf007f1a00534009218c72590?s=96&d=mm&r=g\",\"contentUrl\":\"https:\/\/secure.gravatar.com\/avatar\/42958a1cf007f1a00534009218c72590?s=96&d=mm&r=g\",\"caption\":\"Cl\u00e1udia Barbosa\"}}]}<\/script>\n<!-- \/ Yoast SEO plugin. -->","yoast_head_json":{"title":"Prefeitura de Manaus promove festa de anivers\u00e1rio da galeria Popular Esp\u00edrito Santo - SEMTEPI","description":"A Prefeitura de Manaus, por meio da Secretaria Municipal do Trabalho, Empreendedorismo e Inova\u00e7\u00e3o (Semtepi), realiza, nesta quinta-feira, 31\/8, a partir das 9h, a festa de anivers\u00e1rio dos 9 anos da galeria popular Esp\u00edrito Santo, localizada na rua 24 de Maio, no Centro, zona Sul. Entre as principais atra\u00e7\u00f5es est\u00e1 o show do cantor Uendel Pinheiro.","robots":{"index":"noindex","follow":"follow"},"og_locale":"pt_BR","og_type":"article","og_title":"Prefeitura de Manaus promove festa de anivers\u00e1rio da galeria Popular Esp\u00edrito Santo - SEMTEPI","og_description":"A Prefeitura de Manaus, por meio da Secretaria Municipal do Trabalho, Empreendedorismo e Inova\u00e7\u00e3o (Semtepi), realiza, nesta quinta-feira, 31\/8, a partir das 9h, a festa de anivers\u00e1rio dos 9 anos da galeria popular Esp\u00edrito Santo, localizada na rua 24 de Maio, no Centro, zona Sul. Entre as principais atra\u00e7\u00f5es est\u00e1 o show do cantor Uendel Pinheiro.","og_url":"https:\/\/www.manaus.am.gov.br\/semtepi\/comemoracao\/prefeitura-de-manaus-promove-festa-de-aniversario-da-galeria-popular-espirito-santo\/","og_site_name":"SEMTEPI","article_published_time":"2023-08-30T16:38:16+00:00","article_modified_time":"2023-08-30T16:38:17+00:00","og_image":[{"width":1024,"height":683,"url":"https:\/\/www.manaus.am.gov.br\/semtepi\/wp-content\/uploads\/sites\/20\/2023\/08\/52256839794_a040f3be48_o-1024x683.jpg","type":"image\/jpeg"}],"author":"Cl\u00e1udia Barbosa","twitter_card":"summary_large_image","twitter_misc":{"Written by":"Cl\u00e1udia Barbosa","Est. reading time":"2 minutos"},"schema":{"@context":"https:\/\/schema.org","@graph":[{"@type":"Article","@id":"https:\/\/www.manaus.am.gov.br\/semtepi\/comemoracao\/prefeitura-de-manaus-promove-festa-de-aniversario-da-galeria-popular-espirito-santo\/#article","isPartOf":{"@id":"https:\/\/www.manaus.am.gov.br\/semtepi\/comemoracao\/prefeitura-de-manaus-promove-festa-de-aniversario-da-galeria-popular-espirito-santo\/"},"author":{"name":"Cl\u00e1udia Barbosa","@id":"https:\/\/www.manaus.am.gov.br\/semtepi\/#\/schema\/person\/d0a166b5031154c33c77794ddc9a827e"},"headline":"Prefeitura de Manaus promove festa de anivers\u00e1rio da galeria Popular Esp\u00edrito Santo","datePublished":"2023-08-30T16:38:16+00:00","dateModified":"2023-08-30T16:38:17+00:00","mainEntityOfPage":{"@id":"https:\/\/www.manaus.am.gov.br\/semtepi\/comemoracao\/prefeitura-de-manaus-promove-festa-de-aniversario-da-galeria-popular-espirito-santo\/"},"wordCount":347,"publisher":{"@id":"https:\/\/www.manaus.am.gov.br\/semtepi\/#organization"},"image":{"@id":"https:\/\/www.manaus.am.gov.br\/semtepi\/comemoracao\/prefeitura-de-manaus-promove-festa-de-aniversario-da-galeria-popular-espirito-santo\/#primaryimage"},"thumbnailUrl":"https:\/\/www.manaus.am.gov.br\/semtepi\/wp-content\/uploads\/sites\/20\/2023\/08\/52256839794_a040f3be48_o.jpg","keywords":["Associa\u00e7\u00e3o dos Vendedores Ambulantes do Com\u00e9rcio Informal do Estado do Amazonas","avacin","David Almeida","galeria popular Esp\u00edrito Santo","prefeitura de manaus","Radyr J\u00fanior","Semtepi","Uendel Pinheiro"],"articleSection":["Comemora\u00e7\u00e3o"],"inLanguage":"pt-BR"},{"@type":"WebPage","@id":"https:\/\/www.manaus.am.gov.br\/semtepi\/comemoracao\/prefeitura-de-manaus-promove-festa-de-aniversario-da-galeria-popular-espirito-santo\/","url":"https:\/\/www.manaus.am.gov.br\/semtepi\/comemoracao\/prefeitura-de-manaus-promove-festa-de-aniversario-da-galeria-popular-espirito-santo\/","name":"Prefeitura de Manaus promove festa de anivers\u00e1rio da galeria Popular Esp\u00edrito Santo - SEMTEPI","isPartOf":{"@id":"https:\/\/www.manaus.am.gov.br\/semtepi\/#website"},"primaryImageOfPage":{"@id":"https:\/\/www.manaus.am.gov.br\/semtepi\/comemoracao\/prefeitura-de-manaus-promove-festa-de-aniversario-da-galeria-popular-espirito-santo\/#primaryimage"},"image":{"@id":"https:\/\/www.manaus.am.gov.br\/semtepi\/comemoracao\/prefeitura-de-manaus-promove-festa-de-aniversario-da-galeria-popular-espirito-santo\/#primaryimage"},"thumbnailUrl":"https:\/\/www.manaus.am.gov.br\/semtepi\/wp-content\/uploads\/sites\/20\/2023\/08\/52256839794_a040f3be48_o.jpg","datePublished":"2023-08-30T16:38:16+00:00","dateModified":"2023-08-30T16:38:17+00:00","description":"A Prefeitura de Manaus, por meio da Secretaria Municipal do Trabalho, Empreendedorismo e Inova\u00e7\u00e3o (Semtepi), realiza, nesta quinta-feira, 31\/8, a partir das 9h, a festa de anivers\u00e1rio dos 9 anos da galeria popular Esp\u00edrito Santo, localizada na rua 24 de Maio, no Centro, zona Sul. Entre as principais atra\u00e7\u00f5es est\u00e1 o show do cantor Uendel Pinheiro.","breadcrumb":{"@id":"https:\/\/www.manaus.am.gov.br\/semtepi\/comemoracao\/prefeitura-de-manaus-promove-festa-de-aniversario-da-galeria-popular-espirito-santo\/#breadcrumb"},"inLanguage":"pt-BR","potentialAction":[{"@type":"ReadAction","target":["https:\/\/www.manaus.am.gov.br\/semtepi\/comemoracao\/prefeitura-de-manaus-promove-festa-de-aniversario-da-galeria-popular-espirito-santo\/"]}]},{"@type":"ImageObject","inLanguage":"pt-BR","@id":"https:\/\/www.manaus.am.gov.br\/semtepi\/comemoracao\/prefeitura-de-manaus-promove-festa-de-aniversario-da-galeria-popular-espirito-santo\/#primaryimage","url":"https:\/\/www.manaus.am.gov.br\/semtepi\/wp-content\/uploads\/sites\/20\/2023\/08\/52256839794_a040f3be48_o.jpg","contentUrl":"https:\/\/www.manaus.am.gov.br\/semtepi\/wp-content\/uploads\/sites\/20\/2023\/08\/52256839794_a040f3be48_o.jpg","width":3000,"height":2000},{"@type":"BreadcrumbList","@id":"https:\/\/www.manaus.am.gov.br\/semtepi\/comemoracao\/prefeitura-de-manaus-promove-festa-de-aniversario-da-galeria-popular-espirito-santo\/#breadcrumb","itemListElement":[{"@type":"ListItem","position":1,"name":"Home","item":"https:\/\/www.manaus.am.gov.br\/semtepi\/"},{"@type":"ListItem","position":2,"name":"Prefeitura de Manaus promove festa de anivers\u00e1rio da galeria Popular Esp\u00edrito Santo"}]},{"@type":"WebSite","@id":"https:\/\/www.manaus.am.gov.br\/semtepi\/#website","url":"https:\/\/www.manaus.am.gov.br\/semtepi\/","name":"SEMTEPI","description":"Prefeitura de Manaus","publisher":{"@id":"https:\/\/www.manaus.am.gov.br\/semtepi\/#organization"},"alternateName":"Secretaria Municipal do Trabalho, Empreendedorismo e Inova\u00e7\u00e3o","potentialAction":[{"@type":"SearchAction","target":{"@type":"EntryPoint","urlTemplate":"https:\/\/www.manaus.am.gov.br\/semtepi\/?s={search_term_string}"},"query-input":"required name=search_term_string"}],"inLanguage":"pt-BR"},{"@type":"Organization","@id":"https:\/\/www.manaus.am.gov.br\/semtepi\/#organization","name":"Prefeitura Municipal de Manaus","alternateName":"Prefeitura de Manaus","url":"https:\/\/www.manaus.am.gov.br\/semtepi\/","logo":{"@type":"ImageObject","inLanguage":"pt-BR","@id":"https:\/\/www.manaus.am.gov.br\/semtepi\/#\/schema\/logo\/image\/","url":"https:\/\/www.manaus.am.gov.br\/semtepi\/wp-content\/uploads\/sites\/20\/2024\/07\/favicon.png","contentUrl":"https:\/\/www.manaus.am.gov.br\/semtepi\/wp-content\/uploads\/sites\/20\/2024\/07\/favicon.png","width":300,"height":300,"caption":"Prefeitura Municipal de Manaus"},"image":{"@id":"https:\/\/www.manaus.am.gov.br\/semtepi\/#\/schema\/logo\/image\/"}},{"@type":"Person","@id":"https:\/\/www.manaus.am.gov.br\/semtepi\/#\/schema\/person\/d0a166b5031154c33c77794ddc9a827e","name":"Cl\u00e1udia Barbosa","image":{"@type":"ImageObject","inLanguage":"pt-BR","@id":"https:\/\/www.manaus.am.gov.br\/semtepi\/#\/schema\/person\/image\/","url":"https:\/\/secure.gravatar.com\/avatar\/42958a1cf007f1a00534009218c72590?s=96&d=mm&r=g","contentUrl":"https:\/\/secure.gravatar.com\/avatar\/42958a1cf007f1a00534009218c72590?s=96&d=mm&r=g","caption":"Cl\u00e1udia Barbosa"}}]}},"_links":{"self":[{"href":"https:\/\/www.manaus.am.gov.br\/semtepi\/wp-json\/wp\/v2\/posts\/2538"}],"collection":[{"href":"https:\/\/www.manaus.am.gov.br\/semtepi\/wp-json\/wp\/v2\/posts"}],"about":[{"href":"https:\/\/www.manaus.am.gov.br\/semtepi\/wp-json\/wp\/v2\/types\/post"}],"author":[{"embeddable":true,"href":"https:\/\/www.manaus.am.gov.br\/semtepi\/wp-json\/wp\/v2\/users\/24"}],"replies":[{"embeddable":true,"href":"https:\/\/www.manaus.am.gov.br\/semtepi\/wp-json\/wp\/v2\/comments?post=2538"}],"version-history":[{"count":0,"href":"https:\/\/www.manaus.am.gov.br\/semtepi\/wp-json\/wp\/v2\/posts\/2538\/revisions"}],"wp:featuredmedia":[{"embeddable":true,"href":"https:\/\/www.manaus.am.gov.br\/semtepi\/wp-json\/wp\/v2\/media\/2539"}],"wp:attachment":[{"href":"https:\/\/www.manaus.am.gov.br\/semtepi\/wp-json\/wp\/v2\/media?parent=2538"}],"wp:term":[{"taxonomy":"category","embeddable":true,"href":"https:\/\/www.manaus.am.gov.br\/semtepi\/wp-json\/wp\/v2\/categories?post=2538"},{"taxonomy":"post_tag","embeddable":true,"href":"https:\/\/www.manaus.am.gov.br\/semtepi\/wp-json\/wp\/v2\/tags?post=2538"}],"curies":[{"name":"wp","href":"https:\/\/api.w.org\/{rel}","templated":true}]}}