{"id":2536,"date":"2023-08-29T15:54:48","date_gmt":"2023-08-29T19:54:48","guid":{"rendered":"https:\/\/www.manaus.am.gov.br\/semtepi\/sem-categoria\/prefeitura-de-manaus-promove-feiras-de-economia-criativa-em-dois-pontos-da-cidade\/"},"modified":"2023-08-29T15:54:49","modified_gmt":"2023-08-29T19:54:49","slug":"prefeitura-de-manaus-promove-feiras-de-economia-criativa-em-dois-pontos-da-cidade","status":"publish","type":"post","link":"https:\/\/www.manaus.am.gov.br\/semtepi\/empreendedorismo\/prefeitura-de-manaus-promove-feiras-de-economia-criativa-em-dois-pontos-da-cidade\/","title":{"rendered":"<strong>Prefeitura de Manaus promove feiras de economia criativa em dois pontos da cidade<\/strong>"},"content":{"rendered":"\n<p>A Prefeitura de Manaus, por meio da Secretaria Municipal do Trabalho, Empreendedorismo e Inova\u00e7\u00e3o (Semtepi), promover\u00e1 nos dias 30 e 31\/8 e 1\u00ba\/9, duas feiras de economia criativa em dois pontos da cidade: na empresa Led Star, na zona Leste; e na sede da&nbsp;Prefeitura Municipal de Manaus, zona Oeste. Conforme os dados do departamento de Economia Solid\u00e1ria e Criativa (Desc), s\u00e3o mais de 1.300 empreendedores cadastrados na secretaria.<\/p>\n\n\n\n<p>Na quarta e quinta, 30 e 31\/8, a feira vai acontecer, das 9h \u00e0s 16h, durante a Semana Interna de Preven\u00e7\u00e3o de Acidentes de Trabalho (Sipat), para o p\u00fablico interno da empresa Led Star, localizada na avenida dos Oitis, no Distrito Industrial 2, ofertando 12 oportunidades, com seis artes\u00e3os em cada dia.<\/p>\n\n\n\n<p>\u201cN\u00f3s estamos fortalecendo as oportunidades para empreendedores da economia solid\u00e1ria e criativa. Temos mais de mil artes\u00e3os no nosso banco de dados e \u00e9 fundamental fazer uma vitrine para exposi\u00e7\u00e3o que alcance todos na sociedade. Esse \u00e9 o trabalho que a secretaria vem desenvolvendo com feiras dentro das empresas e do Distrito Industrial para melhorar a economia local\u201d, destaca a diretora do Desc, Silvia Jane.<\/p>\n\n\n\n<p>E para encerrar a programa\u00e7\u00e3o de feiras, na sexta-feira, 1\u00ba\/9, das 9h \u00e0s 16h, dez artes\u00e3os poder\u00e3o expor seus produtos no hall principal da Prefeitura Municipal de Manaus (PMM), localizada na avenida Brasil, bairro Compensa.<\/p>\n\n\n\n<p>Selecionados para participar, por meio de um sorteio, os artes\u00e3os ter\u00e3o espa\u00e7o para expor e divulgar os produtos confeccionados \u00e0 m\u00e3o, como sabonetes, artigos dom\u00e9sticos, bijuterias e acess\u00f3rios, roupas, bonecas de pano, biscoitos e p\u00e3es, entre outros artigos.<\/p>\n\n\n\n<p>Entre os artes\u00e3os selecionados, est\u00e1 o expositor Jonas Barros, que atua no ramo de produ\u00e7\u00e3o artesanal de pimentas e cacha\u00e7as. Desde que foi sorteado para participar da feira, Jonas tem se dedicado a organizar o estoque, para garantir que seus produtos estejam bem conservados e prontos para serem vendidos em grande quantidade no dia da feira.<\/p>\n\n\n\n<p>\u201cNas feiras, minha expectativa \u00e9&nbsp;fazer novas parcerias no ramo do artesanato, aprofundar meu conhecimento sobre neg\u00f3cios de vendas nos produtos, e ser reconhecido pelo meu trabalho.&nbsp;&nbsp;Participo dos eventos da Semtepi h\u00e1 quase dois anos e essas oportunidades&nbsp;t\u00eam contribu\u00eddo bastante para o fortalecimento da renda familiar\u201d, descreve o expositor.<\/p>\n\n\n\n<p>&#8212; &#8212; &#8212;<\/p>\n\n\n\n<p><strong>Texto \u2013 <\/strong>Fabiane Monteiro \/ Semtepi<\/p>\n\n\n\n<p><strong>Fotos \u2013 <\/strong>Arquivo \/ Semcom<\/p>\n\n\n\n<p><strong>Dispon\u00edveis em \u2013&nbsp;<a href=\"https:\/\/www.flickr.com\/photos\/prefeiturademanaus\/52390510832\/in\/album-72177720302494838\/\" target=\"_blank\" rel=\"noreferrer noopener\">https:\/\/www.flickr.com\/photos\/prefeiturademanaus\/52390510832\/in\/album-72177720302494838\/<\/a><\/strong><\/p>\n","protected":false},"excerpt":{"rendered":"","protected":false},"author":31,"featured_media":2537,"comment_status":"closed","ping_status":"closed","sticky":false,"template":"","format":"standard","meta":{"footnotes":""},"categories":[47],"tags":[531,121,410],"acf":[],"yoast_head":"<!-- This site is optimized with the Yoast SEO plugin v23.0 - https:\/\/yoast.com\/wordpress\/plugins\/seo\/ -->\n<title>Prefeitura de Manaus promove feiras de economia criativa em dois pontos da cidade - SEMTEPI<\/title>\n<meta name=\"robots\" content=\"noindex, follow\" \/>\n<meta property=\"og:locale\" content=\"pt_BR\" \/>\n<meta property=\"og:type\" content=\"article\" \/>\n<meta property=\"og:title\" content=\"Prefeitura de Manaus promove feiras de economia criativa em dois pontos da cidade - SEMTEPI\" \/>\n<meta property=\"og:url\" content=\"https:\/\/www.manaus.am.gov.br\/semtepi\/empreendedorismo\/prefeitura-de-manaus-promove-feiras-de-economia-criativa-em-dois-pontos-da-cidade\/\" \/>\n<meta property=\"og:site_name\" content=\"SEMTEPI\" \/>\n<meta property=\"article:published_time\" content=\"2023-08-29T19:54:48+00:00\" \/>\n<meta property=\"article:modified_time\" content=\"2023-08-29T19:54:49+00:00\" \/>\n<meta property=\"og:image\" content=\"https:\/\/www.manaus.am.gov.br\/semtepi\/wp-content\/uploads\/sites\/20\/2023\/08\/52391736364_148a52f610_c.jpg\" \/>\n\t<meta property=\"og:image:width\" content=\"799\" \/>\n\t<meta property=\"og:image:height\" content=\"533\" \/>\n\t<meta property=\"og:image:type\" content=\"image\/jpeg\" \/>\n<meta name=\"author\" content=\"Renata Felix\" \/>\n<meta name=\"twitter:card\" content=\"summary_large_image\" \/>\n<meta name=\"twitter:label1\" content=\"Written by\" \/>\n\t<meta name=\"twitter:data1\" content=\"Renata Felix\" \/>\n\t<meta name=\"twitter:label2\" content=\"Est. reading time\" \/>\n\t<meta name=\"twitter:data2\" content=\"3 minutos\" \/>\n<script type=\"application\/ld+json\" class=\"yoast-schema-graph\">{\"@context\":\"https:\/\/schema.org\",\"@graph\":[{\"@type\":\"Article\",\"@id\":\"https:\/\/www.manaus.am.gov.br\/semtepi\/empreendedorismo\/prefeitura-de-manaus-promove-feiras-de-economia-criativa-em-dois-pontos-da-cidade\/#article\",\"isPartOf\":{\"@id\":\"https:\/\/www.manaus.am.gov.br\/semtepi\/empreendedorismo\/prefeitura-de-manaus-promove-feiras-de-economia-criativa-em-dois-pontos-da-cidade\/\"},\"author\":{\"name\":\"Renata Felix\",\"@id\":\"https:\/\/www.manaus.am.gov.br\/semtepi\/#\/schema\/person\/4eea2a8f78dc853097abb026f728aa06\"},\"headline\":\"Prefeitura de Manaus promove feiras de economia criativa em dois pontos da cidade\",\"datePublished\":\"2023-08-29T19:54:48+00:00\",\"dateModified\":\"2023-08-29T19:54:49+00:00\",\"mainEntityOfPage\":{\"@id\":\"https:\/\/www.manaus.am.gov.br\/semtepi\/empreendedorismo\/prefeitura-de-manaus-promove-feiras-de-economia-criativa-em-dois-pontos-da-cidade\/\"},\"wordCount\":419,\"publisher\":{\"@id\":\"https:\/\/www.manaus.am.gov.br\/semtepi\/#organization\"},\"image\":{\"@id\":\"https:\/\/www.manaus.am.gov.br\/semtepi\/empreendedorismo\/prefeitura-de-manaus-promove-feiras-de-economia-criativa-em-dois-pontos-da-cidade\/#primaryimage\"},\"thumbnailUrl\":\"https:\/\/www.manaus.am.gov.br\/semtepi\/wp-content\/uploads\/sites\/20\/2023\/08\/52391736364_148a52f610_c.jpg\",\"keywords\":[\"Economia Criativa\",\"empreendedorismo\",\"feira de artesanato itinerante\"],\"articleSection\":[\"Empreendedorismo\"],\"inLanguage\":\"pt-BR\"},{\"@type\":\"WebPage\",\"@id\":\"https:\/\/www.manaus.am.gov.br\/semtepi\/empreendedorismo\/prefeitura-de-manaus-promove-feiras-de-economia-criativa-em-dois-pontos-da-cidade\/\",\"url\":\"https:\/\/www.manaus.am.gov.br\/semtepi\/empreendedorismo\/prefeitura-de-manaus-promove-feiras-de-economia-criativa-em-dois-pontos-da-cidade\/\",\"name\":\"Prefeitura de Manaus promove feiras de economia criativa em dois pontos da cidade - SEMTEPI\",\"isPartOf\":{\"@id\":\"https:\/\/www.manaus.am.gov.br\/semtepi\/#website\"},\"primaryImageOfPage\":{\"@id\":\"https:\/\/www.manaus.am.gov.br\/semtepi\/empreendedorismo\/prefeitura-de-manaus-promove-feiras-de-economia-criativa-em-dois-pontos-da-cidade\/#primaryimage\"},\"image\":{\"@id\":\"https:\/\/www.manaus.am.gov.br\/semtepi\/empreendedorismo\/prefeitura-de-manaus-promove-feiras-de-economia-criativa-em-dois-pontos-da-cidade\/#primaryimage\"},\"thumbnailUrl\":\"https:\/\/www.manaus.am.gov.br\/semtepi\/wp-content\/uploads\/sites\/20\/2023\/08\/52391736364_148a52f610_c.jpg\",\"datePublished\":\"2023-08-29T19:54:48+00:00\",\"dateModified\":\"2023-08-29T19:54:49+00:00\",\"breadcrumb\":{\"@id\":\"https:\/\/www.manaus.am.gov.br\/semtepi\/empreendedorismo\/prefeitura-de-manaus-promove-feiras-de-economia-criativa-em-dois-pontos-da-cidade\/#breadcrumb\"},\"inLanguage\":\"pt-BR\",\"potentialAction\":[{\"@type\":\"ReadAction\",\"target\":[\"https:\/\/www.manaus.am.gov.br\/semtepi\/empreendedorismo\/prefeitura-de-manaus-promove-feiras-de-economia-criativa-em-dois-pontos-da-cidade\/\"]}]},{\"@type\":\"ImageObject\",\"inLanguage\":\"pt-BR\",\"@id\":\"https:\/\/www.manaus.am.gov.br\/semtepi\/empreendedorismo\/prefeitura-de-manaus-promove-feiras-de-economia-criativa-em-dois-pontos-da-cidade\/#primaryimage\",\"url\":\"https:\/\/www.manaus.am.gov.br\/semtepi\/wp-content\/uploads\/sites\/20\/2023\/08\/52391736364_148a52f610_c.jpg\",\"contentUrl\":\"https:\/\/www.manaus.am.gov.br\/semtepi\/wp-content\/uploads\/sites\/20\/2023\/08\/52391736364_148a52f610_c.jpg\",\"width\":799,\"height\":533},{\"@type\":\"BreadcrumbList\",\"@id\":\"https:\/\/www.manaus.am.gov.br\/semtepi\/empreendedorismo\/prefeitura-de-manaus-promove-feiras-de-economia-criativa-em-dois-pontos-da-cidade\/#breadcrumb\",\"itemListElement\":[{\"@type\":\"ListItem\",\"position\":1,\"name\":\"Home\",\"item\":\"https:\/\/www.manaus.am.gov.br\/semtepi\/\"},{\"@type\":\"ListItem\",\"position\":2,\"name\":\"Prefeitura de Manaus promove feiras de economia criativa em dois pontos da cidade\"}]},{\"@type\":\"WebSite\",\"@id\":\"https:\/\/www.manaus.am.gov.br\/semtepi\/#website\",\"url\":\"https:\/\/www.manaus.am.gov.br\/semtepi\/\",\"name\":\"SEMTEPI\",\"description\":\"Prefeitura de Manaus\",\"publisher\":{\"@id\":\"https:\/\/www.manaus.am.gov.br\/semtepi\/#organization\"},\"alternateName\":\"Secretaria Municipal do Trabalho, Empreendedorismo e Inova\u00e7\u00e3o\",\"potentialAction\":[{\"@type\":\"SearchAction\",\"target\":{\"@type\":\"EntryPoint\",\"urlTemplate\":\"https:\/\/www.manaus.am.gov.br\/semtepi\/?s={search_term_string}\"},\"query-input\":\"required name=search_term_string\"}],\"inLanguage\":\"pt-BR\"},{\"@type\":\"Organization\",\"@id\":\"https:\/\/www.manaus.am.gov.br\/semtepi\/#organization\",\"name\":\"Prefeitura Municipal de Manaus\",\"alternateName\":\"Prefeitura de Manaus\",\"url\":\"https:\/\/www.manaus.am.gov.br\/semtepi\/\",\"logo\":{\"@type\":\"ImageObject\",\"inLanguage\":\"pt-BR\",\"@id\":\"https:\/\/www.manaus.am.gov.br\/semtepi\/#\/schema\/logo\/image\/\",\"url\":\"https:\/\/www.manaus.am.gov.br\/semtepi\/wp-content\/uploads\/sites\/20\/2024\/07\/favicon.png\",\"contentUrl\":\"https:\/\/www.manaus.am.gov.br\/semtepi\/wp-content\/uploads\/sites\/20\/2024\/07\/favicon.png\",\"width\":300,\"height\":300,\"caption\":\"Prefeitura Municipal de Manaus\"},\"image\":{\"@id\":\"https:\/\/www.manaus.am.gov.br\/semtepi\/#\/schema\/logo\/image\/\"}},{\"@type\":\"Person\",\"@id\":\"https:\/\/www.manaus.am.gov.br\/semtepi\/#\/schema\/person\/4eea2a8f78dc853097abb026f728aa06\",\"name\":\"Renata Felix\",\"image\":{\"@type\":\"ImageObject\",\"inLanguage\":\"pt-BR\",\"@id\":\"https:\/\/www.manaus.am.gov.br\/semtepi\/#\/schema\/person\/image\/\",\"url\":\"https:\/\/secure.gravatar.com\/avatar\/3c196cf9d3b837b24c8edb2c50fd8f29?s=96&d=mm&r=g\",\"contentUrl\":\"https:\/\/secure.gravatar.com\/avatar\/3c196cf9d3b837b24c8edb2c50fd8f29?s=96&d=mm&r=g\",\"caption\":\"Renata Felix\"}}]}<\/script>\n<!-- \/ Yoast SEO plugin. -->","yoast_head_json":{"title":"Prefeitura de Manaus promove feiras de economia criativa em dois pontos da cidade - SEMTEPI","robots":{"index":"noindex","follow":"follow"},"og_locale":"pt_BR","og_type":"article","og_title":"Prefeitura de Manaus promove feiras de economia criativa em dois pontos da cidade - SEMTEPI","og_url":"https:\/\/www.manaus.am.gov.br\/semtepi\/empreendedorismo\/prefeitura-de-manaus-promove-feiras-de-economia-criativa-em-dois-pontos-da-cidade\/","og_site_name":"SEMTEPI","article_published_time":"2023-08-29T19:54:48+00:00","article_modified_time":"2023-08-29T19:54:49+00:00","og_image":[{"width":799,"height":533,"url":"https:\/\/www.manaus.am.gov.br\/semtepi\/wp-content\/uploads\/sites\/20\/2023\/08\/52391736364_148a52f610_c.jpg","type":"image\/jpeg"}],"author":"Renata Felix","twitter_card":"summary_large_image","twitter_misc":{"Written by":"Renata Felix","Est. reading time":"3 minutos"},"schema":{"@context":"https:\/\/schema.org","@graph":[{"@type":"Article","@id":"https:\/\/www.manaus.am.gov.br\/semtepi\/empreendedorismo\/prefeitura-de-manaus-promove-feiras-de-economia-criativa-em-dois-pontos-da-cidade\/#article","isPartOf":{"@id":"https:\/\/www.manaus.am.gov.br\/semtepi\/empreendedorismo\/prefeitura-de-manaus-promove-feiras-de-economia-criativa-em-dois-pontos-da-cidade\/"},"author":{"name":"Renata Felix","@id":"https:\/\/www.manaus.am.gov.br\/semtepi\/#\/schema\/person\/4eea2a8f78dc853097abb026f728aa06"},"headline":"Prefeitura de Manaus promove feiras de economia criativa em dois pontos da cidade","datePublished":"2023-08-29T19:54:48+00:00","dateModified":"2023-08-29T19:54:49+00:00","mainEntityOfPage":{"@id":"https:\/\/www.manaus.am.gov.br\/semtepi\/empreendedorismo\/prefeitura-de-manaus-promove-feiras-de-economia-criativa-em-dois-pontos-da-cidade\/"},"wordCount":419,"publisher":{"@id":"https:\/\/www.manaus.am.gov.br\/semtepi\/#organization"},"image":{"@id":"https:\/\/www.manaus.am.gov.br\/semtepi\/empreendedorismo\/prefeitura-de-manaus-promove-feiras-de-economia-criativa-em-dois-pontos-da-cidade\/#primaryimage"},"thumbnailUrl":"https:\/\/www.manaus.am.gov.br\/semtepi\/wp-content\/uploads\/sites\/20\/2023\/08\/52391736364_148a52f610_c.jpg","keywords":["Economia Criativa","empreendedorismo","feira de artesanato itinerante"],"articleSection":["Empreendedorismo"],"inLanguage":"pt-BR"},{"@type":"WebPage","@id":"https:\/\/www.manaus.am.gov.br\/semtepi\/empreendedorismo\/prefeitura-de-manaus-promove-feiras-de-economia-criativa-em-dois-pontos-da-cidade\/","url":"https:\/\/www.manaus.am.gov.br\/semtepi\/empreendedorismo\/prefeitura-de-manaus-promove-feiras-de-economia-criativa-em-dois-pontos-da-cidade\/","name":"Prefeitura de Manaus promove feiras de economia criativa em dois pontos da cidade - SEMTEPI","isPartOf":{"@id":"https:\/\/www.manaus.am.gov.br\/semtepi\/#website"},"primaryImageOfPage":{"@id":"https:\/\/www.manaus.am.gov.br\/semtepi\/empreendedorismo\/prefeitura-de-manaus-promove-feiras-de-economia-criativa-em-dois-pontos-da-cidade\/#primaryimage"},"image":{"@id":"https:\/\/www.manaus.am.gov.br\/semtepi\/empreendedorismo\/prefeitura-de-manaus-promove-feiras-de-economia-criativa-em-dois-pontos-da-cidade\/#primaryimage"},"thumbnailUrl":"https:\/\/www.manaus.am.gov.br\/semtepi\/wp-content\/uploads\/sites\/20\/2023\/08\/52391736364_148a52f610_c.jpg","datePublished":"2023-08-29T19:54:48+00:00","dateModified":"2023-08-29T19:54:49+00:00","breadcrumb":{"@id":"https:\/\/www.manaus.am.gov.br\/semtepi\/empreendedorismo\/prefeitura-de-manaus-promove-feiras-de-economia-criativa-em-dois-pontos-da-cidade\/#breadcrumb"},"inLanguage":"pt-BR","potentialAction":[{"@type":"ReadAction","target":["https:\/\/www.manaus.am.gov.br\/semtepi\/empreendedorismo\/prefeitura-de-manaus-promove-feiras-de-economia-criativa-em-dois-pontos-da-cidade\/"]}]},{"@type":"ImageObject","inLanguage":"pt-BR","@id":"https:\/\/www.manaus.am.gov.br\/semtepi\/empreendedorismo\/prefeitura-de-manaus-promove-feiras-de-economia-criativa-em-dois-pontos-da-cidade\/#primaryimage","url":"https:\/\/www.manaus.am.gov.br\/semtepi\/wp-content\/uploads\/sites\/20\/2023\/08\/52391736364_148a52f610_c.jpg","contentUrl":"https:\/\/www.manaus.am.gov.br\/semtepi\/wp-content\/uploads\/sites\/20\/2023\/08\/52391736364_148a52f610_c.jpg","width":799,"height":533},{"@type":"BreadcrumbList","@id":"https:\/\/www.manaus.am.gov.br\/semtepi\/empreendedorismo\/prefeitura-de-manaus-promove-feiras-de-economia-criativa-em-dois-pontos-da-cidade\/#breadcrumb","itemListElement":[{"@type":"ListItem","position":1,"name":"Home","item":"https:\/\/www.manaus.am.gov.br\/semtepi\/"},{"@type":"ListItem","position":2,"name":"Prefeitura de Manaus promove feiras de economia criativa em dois pontos da cidade"}]},{"@type":"WebSite","@id":"https:\/\/www.manaus.am.gov.br\/semtepi\/#website","url":"https:\/\/www.manaus.am.gov.br\/semtepi\/","name":"SEMTEPI","description":"Prefeitura de Manaus","publisher":{"@id":"https:\/\/www.manaus.am.gov.br\/semtepi\/#organization"},"alternateName":"Secretaria Municipal do Trabalho, Empreendedorismo e Inova\u00e7\u00e3o","potentialAction":[{"@type":"SearchAction","target":{"@type":"EntryPoint","urlTemplate":"https:\/\/www.manaus.am.gov.br\/semtepi\/?s={search_term_string}"},"query-input":"required name=search_term_string"}],"inLanguage":"pt-BR"},{"@type":"Organization","@id":"https:\/\/www.manaus.am.gov.br\/semtepi\/#organization","name":"Prefeitura Municipal de Manaus","alternateName":"Prefeitura de Manaus","url":"https:\/\/www.manaus.am.gov.br\/semtepi\/","logo":{"@type":"ImageObject","inLanguage":"pt-BR","@id":"https:\/\/www.manaus.am.gov.br\/semtepi\/#\/schema\/logo\/image\/","url":"https:\/\/www.manaus.am.gov.br\/semtepi\/wp-content\/uploads\/sites\/20\/2024\/07\/favicon.png","contentUrl":"https:\/\/www.manaus.am.gov.br\/semtepi\/wp-content\/uploads\/sites\/20\/2024\/07\/favicon.png","width":300,"height":300,"caption":"Prefeitura Municipal de Manaus"},"image":{"@id":"https:\/\/www.manaus.am.gov.br\/semtepi\/#\/schema\/logo\/image\/"}},{"@type":"Person","@id":"https:\/\/www.manaus.am.gov.br\/semtepi\/#\/schema\/person\/4eea2a8f78dc853097abb026f728aa06","name":"Renata Felix","image":{"@type":"ImageObject","inLanguage":"pt-BR","@id":"https:\/\/www.manaus.am.gov.br\/semtepi\/#\/schema\/person\/image\/","url":"https:\/\/secure.gravatar.com\/avatar\/3c196cf9d3b837b24c8edb2c50fd8f29?s=96&d=mm&r=g","contentUrl":"https:\/\/secure.gravatar.com\/avatar\/3c196cf9d3b837b24c8edb2c50fd8f29?s=96&d=mm&r=g","caption":"Renata Felix"}}]}},"_links":{"self":[{"href":"https:\/\/www.manaus.am.gov.br\/semtepi\/wp-json\/wp\/v2\/posts\/2536"}],"collection":[{"href":"https:\/\/www.manaus.am.gov.br\/semtepi\/wp-json\/wp\/v2\/posts"}],"about":[{"href":"https:\/\/www.manaus.am.gov.br\/semtepi\/wp-json\/wp\/v2\/types\/post"}],"author":[{"embeddable":true,"href":"https:\/\/www.manaus.am.gov.br\/semtepi\/wp-json\/wp\/v2\/users\/31"}],"replies":[{"embeddable":true,"href":"https:\/\/www.manaus.am.gov.br\/semtepi\/wp-json\/wp\/v2\/comments?post=2536"}],"version-history":[{"count":0,"href":"https:\/\/www.manaus.am.gov.br\/semtepi\/wp-json\/wp\/v2\/posts\/2536\/revisions"}],"wp:featuredmedia":[{"embeddable":true,"href":"https:\/\/www.manaus.am.gov.br\/semtepi\/wp-json\/wp\/v2\/media\/2537"}],"wp:attachment":[{"href":"https:\/\/www.manaus.am.gov.br\/semtepi\/wp-json\/wp\/v2\/media?parent=2536"}],"wp:term":[{"taxonomy":"category","embeddable":true,"href":"https:\/\/www.manaus.am.gov.br\/semtepi\/wp-json\/wp\/v2\/categories?post=2536"},{"taxonomy":"post_tag","embeddable":true,"href":"https:\/\/www.manaus.am.gov.br\/semtepi\/wp-json\/wp\/v2\/tags?post=2536"}],"curies":[{"name":"wp","href":"https:\/\/api.w.org\/{rel}","templated":true}]}}