{"id":2507,"date":"2023-08-25T16:04:42","date_gmt":"2023-08-25T20:04:42","guid":{"rendered":"https:\/\/www.manaus.am.gov.br\/semtepi\/sem-categoria\/casa-de-praia-zezinho-correa-recebe-o-artista-tom-cleber-neste-domingo-27-8\/"},"modified":"2023-08-25T16:04:43","modified_gmt":"2023-08-25T20:04:43","slug":"casa-de-praia-zezinho-correa-recebe-o-artista-tom-cleber-neste-domingo-27-8","status":"publish","type":"post","link":"https:\/\/www.manaus.am.gov.br\/semtepi\/programacao\/casa-de-praia-zezinho-correa-recebe-o-artista-tom-cleber-neste-domingo-27-8\/","title":{"rendered":"<strong>Casa de Praia Zezinho Corr\u00eaa recebe o artista Tom Cleber neste domingo, 27\/8<\/strong>"},"content":{"rendered":"\n<p>A Casa de Praia Zezinho Corr\u00eaa localizada no complexo tur\u00edstico Ponta Negra, zona Oeste da capital, vai receber neste domingo, 27\/8, a partir das 18h, o show do cantor Tom Cleber, que se destaca como atra\u00e7\u00e3o nacional do fim de semana. O espa\u00e7o \u00e9 administrado pela Prefeitura de Manaus, por meio da Secretaria Municipal do Trabalho, Empreendedorismo e Inova\u00e7\u00e3o (Semtepi).<\/p>\n\n\n\n<p>Al\u00e9m dos shows musicais gratuitos, o local tamb\u00e9m oferece uma sele\u00e7\u00e3o de quiosques que apresentam uma ampla gama de sabores, perfeitos para satisfazer os paladares mais exigentes. E para as crian\u00e7as, um espa\u00e7o de playground aguarda para encher de alegria as tardes de divers\u00e3o.<\/p>\n\n\n\n<p>\u201cNosso ponto forte sempre foi proporcionar oportunidades, e a promo\u00e7\u00e3o de eventos como esse n\u00e3o apenas dinamiza nossa economia local, mas tamb\u00e9m enaltece os artistas, que s\u00e3o verdadeiros empreendedores\u201d, frisou o titular da Semtepi, Radyr J\u00fanior.<\/p>\n\n\n\n<p>Ao entardecer do s\u00e1bado, dia 26\/8, a banda de Pagode 90, liderada pelo vocalista Al\u00edpio Coimbra, subir\u00e1 ao palco para animar a atmosfera. Em seguida, o cantor Cileno, com uma carreira de 42 anos e mais de 100 composi\u00e7\u00f5es originais, apresentar\u00e1 seu talento no local.<\/p>\n\n\n\n<p>E para culminar a celebra\u00e7\u00e3o no domingo, 27\/8, a Tardezinha ser\u00e1 brindada com a presen\u00e7a ilustre de Tom Cleber, o artista nacional que entoar\u00e1 os grandes sucessos da M\u00fasica Popular Brasileira (MPB). Cleber, renomado tanto como autor quanto int\u00e9rprete, reina como um dos artistas mais ouvidos nas plataformas digitais, com faixas como &#8220;Indecis\u00e3o&#8221;, &#8220;Diz Cora\u00e7\u00e3o&#8221;, &#8220;Comigo N\u00e3o Ficou&#8221;, &#8220;Ra\u00edzes&#8221;, e muitas outras.<\/p>\n\n\n\n<p>&#8212; &#8212; &#8212;<\/p>\n\n\n\n<p><strong>Texto \u2013 <\/strong>Fabiane Monteiro \/ Semtepi<\/p>\n\n\n\n<p><strong>Fotos \u2013 <\/strong>Dhyeizo Lemos e Phil Limma \/ Semcom<\/p>\n\n\n\n<p><strong>Dispon\u00edveis em &#8211; <\/strong><a href=\"https:\/\/flic.kr\/s\/aHBqjAMB1N\">https:\/\/flic.kr\/s\/aHBqjAMB1N<\/a>e <a href=\"https:\/\/flic.kr\/s\/aHBqjAHk2x\">https:\/\/flic.kr\/s\/aHBqjAHk2x<\/a><\/p>\n","protected":false},"excerpt":{"rendered":"","protected":false},"author":39,"featured_media":2508,"comment_status":"closed","ping_status":"closed","sticky":false,"template":"","format":"standard","meta":{"footnotes":""},"categories":[209],"tags":[524,525,212,526,8,216,9],"acf":[],"yoast_head":"<!-- This site is optimized with the Yoast SEO plugin v23.0 - https:\/\/yoast.com\/wordpress\/plugins\/seo\/ -->\n<title>Casa de Praia Zezinho Corr\u00eaa recebe o artista Tom Cleber neste domingo, 27\/8<\/title>\n<meta name=\"description\" content=\"A Casa de Praia Zezinho Corr\u00eaa localizada no complexo tur\u00edstico Ponta Negra, zona Oeste da capital, vai receber neste domingo, 27\/8, a partir das 18h, o show do cantor Tom Cleber, que se destaca como atra\u00e7\u00e3o nacional do fim de semana.\" \/>\n<meta name=\"robots\" content=\"noindex, follow\" \/>\n<meta property=\"og:locale\" content=\"pt_BR\" \/>\n<meta property=\"og:type\" content=\"article\" \/>\n<meta property=\"og:title\" content=\"Casa de Praia Zezinho Corr\u00eaa recebe o artista Tom Cleber neste domingo, 27\/8\" \/>\n<meta property=\"og:description\" content=\"A Casa de Praia Zezinho Corr\u00eaa localizada no complexo tur\u00edstico Ponta Negra, zona Oeste da capital, vai receber neste domingo, 27\/8, a partir das 18h, o show do cantor Tom Cleber, que se destaca como atra\u00e7\u00e3o nacional do fim de semana.\" \/>\n<meta property=\"og:url\" content=\"https:\/\/www.manaus.am.gov.br\/semtepi\/programacao\/casa-de-praia-zezinho-correa-recebe-o-artista-tom-cleber-neste-domingo-27-8\/\" \/>\n<meta property=\"og:site_name\" content=\"SEMTEPI\" \/>\n<meta property=\"article:published_time\" content=\"2023-08-25T20:04:42+00:00\" \/>\n<meta property=\"article:modified_time\" content=\"2023-08-25T20:04:43+00:00\" \/>\n<meta property=\"og:image\" content=\"https:\/\/www.manaus.am.gov.br\/semtepi\/wp-content\/uploads\/sites\/20\/2023\/08\/53049397121_634e066913_k.jpg\" \/>\n\t<meta property=\"og:image:width\" content=\"2047\" \/>\n\t<meta property=\"og:image:height\" content=\"1365\" \/>\n\t<meta property=\"og:image:type\" content=\"image\/jpeg\" \/>\n<meta name=\"author\" content=\"Bruna Greco\" \/>\n<meta name=\"twitter:card\" content=\"summary_large_image\" \/>\n<meta name=\"twitter:label1\" content=\"Written by\" \/>\n\t<meta name=\"twitter:data1\" content=\"Bruna Greco\" \/>\n\t<meta name=\"twitter:label2\" content=\"Est. reading time\" \/>\n\t<meta name=\"twitter:data2\" content=\"2 minutos\" \/>\n<script type=\"application\/ld+json\" class=\"yoast-schema-graph\">{\"@context\":\"https:\/\/schema.org\",\"@graph\":[{\"@type\":\"Article\",\"@id\":\"https:\/\/www.manaus.am.gov.br\/semtepi\/programacao\/casa-de-praia-zezinho-correa-recebe-o-artista-tom-cleber-neste-domingo-27-8\/#article\",\"isPartOf\":{\"@id\":\"https:\/\/www.manaus.am.gov.br\/semtepi\/programacao\/casa-de-praia-zezinho-correa-recebe-o-artista-tom-cleber-neste-domingo-27-8\/\"},\"author\":{\"name\":\"Bruna Greco\",\"@id\":\"https:\/\/www.manaus.am.gov.br\/semtepi\/#\/schema\/person\/05d223aea2bf115f9883a6ff3683d81b\"},\"headline\":\"Casa de Praia Zezinho Corr\u00eaa recebe o artista Tom Cleber neste domingo, 27\/8\",\"datePublished\":\"2023-08-25T20:04:42+00:00\",\"dateModified\":\"2023-08-25T20:04:43+00:00\",\"mainEntityOfPage\":{\"@id\":\"https:\/\/www.manaus.am.gov.br\/semtepi\/programacao\/casa-de-praia-zezinho-correa-recebe-o-artista-tom-cleber-neste-domingo-27-8\/\"},\"wordCount\":310,\"publisher\":{\"@id\":\"https:\/\/www.manaus.am.gov.br\/semtepi\/#organization\"},\"image\":{\"@id\":\"https:\/\/www.manaus.am.gov.br\/semtepi\/programacao\/casa-de-praia-zezinho-correa-recebe-o-artista-tom-cleber-neste-domingo-27-8\/#primaryimage\"},\"thumbnailUrl\":\"https:\/\/www.manaus.am.gov.br\/semtepi\/wp-content\/uploads\/sites\/20\/2023\/08\/53049397121_634e066913_k.jpg\",\"keywords\":[\"27\/8\",\"artista Tom Cleber\",\"Casa de Praia Zezinho Corr\u00eaa\",\"domingo\",\"prefeitura de manaus\",\"programa\u00e7\u00e3o\",\"Semtepi\"],\"articleSection\":[\"Programa\u00e7\u00e3o\"],\"inLanguage\":\"pt-BR\"},{\"@type\":\"WebPage\",\"@id\":\"https:\/\/www.manaus.am.gov.br\/semtepi\/programacao\/casa-de-praia-zezinho-correa-recebe-o-artista-tom-cleber-neste-domingo-27-8\/\",\"url\":\"https:\/\/www.manaus.am.gov.br\/semtepi\/programacao\/casa-de-praia-zezinho-correa-recebe-o-artista-tom-cleber-neste-domingo-27-8\/\",\"name\":\"Casa de Praia Zezinho Corr\u00eaa recebe o artista Tom Cleber neste domingo, 27\/8\",\"isPartOf\":{\"@id\":\"https:\/\/www.manaus.am.gov.br\/semtepi\/#website\"},\"primaryImageOfPage\":{\"@id\":\"https:\/\/www.manaus.am.gov.br\/semtepi\/programacao\/casa-de-praia-zezinho-correa-recebe-o-artista-tom-cleber-neste-domingo-27-8\/#primaryimage\"},\"image\":{\"@id\":\"https:\/\/www.manaus.am.gov.br\/semtepi\/programacao\/casa-de-praia-zezinho-correa-recebe-o-artista-tom-cleber-neste-domingo-27-8\/#primaryimage\"},\"thumbnailUrl\":\"https:\/\/www.manaus.am.gov.br\/semtepi\/wp-content\/uploads\/sites\/20\/2023\/08\/53049397121_634e066913_k.jpg\",\"datePublished\":\"2023-08-25T20:04:42+00:00\",\"dateModified\":\"2023-08-25T20:04:43+00:00\",\"description\":\"A Casa de Praia Zezinho Corr\u00eaa localizada no complexo tur\u00edstico Ponta Negra, zona Oeste da capital, vai receber neste domingo, 27\/8, a partir das 18h, o show do cantor Tom Cleber, que se destaca como atra\u00e7\u00e3o nacional do fim de semana.\",\"breadcrumb\":{\"@id\":\"https:\/\/www.manaus.am.gov.br\/semtepi\/programacao\/casa-de-praia-zezinho-correa-recebe-o-artista-tom-cleber-neste-domingo-27-8\/#breadcrumb\"},\"inLanguage\":\"pt-BR\",\"potentialAction\":[{\"@type\":\"ReadAction\",\"target\":[\"https:\/\/www.manaus.am.gov.br\/semtepi\/programacao\/casa-de-praia-zezinho-correa-recebe-o-artista-tom-cleber-neste-domingo-27-8\/\"]}]},{\"@type\":\"ImageObject\",\"inLanguage\":\"pt-BR\",\"@id\":\"https:\/\/www.manaus.am.gov.br\/semtepi\/programacao\/casa-de-praia-zezinho-correa-recebe-o-artista-tom-cleber-neste-domingo-27-8\/#primaryimage\",\"url\":\"https:\/\/www.manaus.am.gov.br\/semtepi\/wp-content\/uploads\/sites\/20\/2023\/08\/53049397121_634e066913_k.jpg\",\"contentUrl\":\"https:\/\/www.manaus.am.gov.br\/semtepi\/wp-content\/uploads\/sites\/20\/2023\/08\/53049397121_634e066913_k.jpg\",\"width\":2047,\"height\":1365},{\"@type\":\"BreadcrumbList\",\"@id\":\"https:\/\/www.manaus.am.gov.br\/semtepi\/programacao\/casa-de-praia-zezinho-correa-recebe-o-artista-tom-cleber-neste-domingo-27-8\/#breadcrumb\",\"itemListElement\":[{\"@type\":\"ListItem\",\"position\":1,\"name\":\"Home\",\"item\":\"https:\/\/www.manaus.am.gov.br\/semtepi\/\"},{\"@type\":\"ListItem\",\"position\":2,\"name\":\"Casa de Praia Zezinho Corr\u00eaa recebe o artista Tom Cleber neste domingo, 27\/8\"}]},{\"@type\":\"WebSite\",\"@id\":\"https:\/\/www.manaus.am.gov.br\/semtepi\/#website\",\"url\":\"https:\/\/www.manaus.am.gov.br\/semtepi\/\",\"name\":\"SEMTEPI\",\"description\":\"Prefeitura de Manaus\",\"publisher\":{\"@id\":\"https:\/\/www.manaus.am.gov.br\/semtepi\/#organization\"},\"alternateName\":\"Secretaria Municipal do Trabalho, Empreendedorismo e Inova\u00e7\u00e3o\",\"potentialAction\":[{\"@type\":\"SearchAction\",\"target\":{\"@type\":\"EntryPoint\",\"urlTemplate\":\"https:\/\/www.manaus.am.gov.br\/semtepi\/?s={search_term_string}\"},\"query-input\":\"required name=search_term_string\"}],\"inLanguage\":\"pt-BR\"},{\"@type\":\"Organization\",\"@id\":\"https:\/\/www.manaus.am.gov.br\/semtepi\/#organization\",\"name\":\"Prefeitura Municipal de Manaus\",\"alternateName\":\"Prefeitura de Manaus\",\"url\":\"https:\/\/www.manaus.am.gov.br\/semtepi\/\",\"logo\":{\"@type\":\"ImageObject\",\"inLanguage\":\"pt-BR\",\"@id\":\"https:\/\/www.manaus.am.gov.br\/semtepi\/#\/schema\/logo\/image\/\",\"url\":\"https:\/\/www.manaus.am.gov.br\/semtepi\/wp-content\/uploads\/sites\/20\/2024\/07\/favicon.png\",\"contentUrl\":\"https:\/\/www.manaus.am.gov.br\/semtepi\/wp-content\/uploads\/sites\/20\/2024\/07\/favicon.png\",\"width\":300,\"height\":300,\"caption\":\"Prefeitura Municipal de Manaus\"},\"image\":{\"@id\":\"https:\/\/www.manaus.am.gov.br\/semtepi\/#\/schema\/logo\/image\/\"}},{\"@type\":\"Person\",\"@id\":\"https:\/\/www.manaus.am.gov.br\/semtepi\/#\/schema\/person\/05d223aea2bf115f9883a6ff3683d81b\",\"name\":\"Bruna Greco\",\"image\":{\"@type\":\"ImageObject\",\"inLanguage\":\"pt-BR\",\"@id\":\"https:\/\/www.manaus.am.gov.br\/semtepi\/#\/schema\/person\/image\/\",\"url\":\"https:\/\/secure.gravatar.com\/avatar\/9c877d1a6adc2a055330e5c09a8653ce?s=96&d=mm&r=g\",\"contentUrl\":\"https:\/\/secure.gravatar.com\/avatar\/9c877d1a6adc2a055330e5c09a8653ce?s=96&d=mm&r=g\",\"caption\":\"Bruna Greco\"}}]}<\/script>\n<!-- \/ Yoast SEO plugin. -->","yoast_head_json":{"title":"Casa de Praia Zezinho Corr\u00eaa recebe o artista Tom Cleber neste domingo, 27\/8","description":"A Casa de Praia Zezinho Corr\u00eaa localizada no complexo tur\u00edstico Ponta Negra, zona Oeste da capital, vai receber neste domingo, 27\/8, a partir das 18h, o show do cantor Tom Cleber, que se destaca como atra\u00e7\u00e3o nacional do fim de semana.","robots":{"index":"noindex","follow":"follow"},"og_locale":"pt_BR","og_type":"article","og_title":"Casa de Praia Zezinho Corr\u00eaa recebe o artista Tom Cleber neste domingo, 27\/8","og_description":"A Casa de Praia Zezinho Corr\u00eaa localizada no complexo tur\u00edstico Ponta Negra, zona Oeste da capital, vai receber neste domingo, 27\/8, a partir das 18h, o show do cantor Tom Cleber, que se destaca como atra\u00e7\u00e3o nacional do fim de semana.","og_url":"https:\/\/www.manaus.am.gov.br\/semtepi\/programacao\/casa-de-praia-zezinho-correa-recebe-o-artista-tom-cleber-neste-domingo-27-8\/","og_site_name":"SEMTEPI","article_published_time":"2023-08-25T20:04:42+00:00","article_modified_time":"2023-08-25T20:04:43+00:00","og_image":[{"width":2047,"height":1365,"url":"https:\/\/www.manaus.am.gov.br\/semtepi\/wp-content\/uploads\/sites\/20\/2023\/08\/53049397121_634e066913_k.jpg","type":"image\/jpeg"}],"author":"Bruna Greco","twitter_card":"summary_large_image","twitter_misc":{"Written by":"Bruna Greco","Est. reading time":"2 minutos"},"schema":{"@context":"https:\/\/schema.org","@graph":[{"@type":"Article","@id":"https:\/\/www.manaus.am.gov.br\/semtepi\/programacao\/casa-de-praia-zezinho-correa-recebe-o-artista-tom-cleber-neste-domingo-27-8\/#article","isPartOf":{"@id":"https:\/\/www.manaus.am.gov.br\/semtepi\/programacao\/casa-de-praia-zezinho-correa-recebe-o-artista-tom-cleber-neste-domingo-27-8\/"},"author":{"name":"Bruna Greco","@id":"https:\/\/www.manaus.am.gov.br\/semtepi\/#\/schema\/person\/05d223aea2bf115f9883a6ff3683d81b"},"headline":"Casa de Praia Zezinho Corr\u00eaa recebe o artista Tom Cleber neste domingo, 27\/8","datePublished":"2023-08-25T20:04:42+00:00","dateModified":"2023-08-25T20:04:43+00:00","mainEntityOfPage":{"@id":"https:\/\/www.manaus.am.gov.br\/semtepi\/programacao\/casa-de-praia-zezinho-correa-recebe-o-artista-tom-cleber-neste-domingo-27-8\/"},"wordCount":310,"publisher":{"@id":"https:\/\/www.manaus.am.gov.br\/semtepi\/#organization"},"image":{"@id":"https:\/\/www.manaus.am.gov.br\/semtepi\/programacao\/casa-de-praia-zezinho-correa-recebe-o-artista-tom-cleber-neste-domingo-27-8\/#primaryimage"},"thumbnailUrl":"https:\/\/www.manaus.am.gov.br\/semtepi\/wp-content\/uploads\/sites\/20\/2023\/08\/53049397121_634e066913_k.jpg","keywords":["27\/8","artista Tom Cleber","Casa de Praia Zezinho Corr\u00eaa","domingo","prefeitura de manaus","programa\u00e7\u00e3o","Semtepi"],"articleSection":["Programa\u00e7\u00e3o"],"inLanguage":"pt-BR"},{"@type":"WebPage","@id":"https:\/\/www.manaus.am.gov.br\/semtepi\/programacao\/casa-de-praia-zezinho-correa-recebe-o-artista-tom-cleber-neste-domingo-27-8\/","url":"https:\/\/www.manaus.am.gov.br\/semtepi\/programacao\/casa-de-praia-zezinho-correa-recebe-o-artista-tom-cleber-neste-domingo-27-8\/","name":"Casa de Praia Zezinho Corr\u00eaa recebe o artista Tom Cleber neste domingo, 27\/8","isPartOf":{"@id":"https:\/\/www.manaus.am.gov.br\/semtepi\/#website"},"primaryImageOfPage":{"@id":"https:\/\/www.manaus.am.gov.br\/semtepi\/programacao\/casa-de-praia-zezinho-correa-recebe-o-artista-tom-cleber-neste-domingo-27-8\/#primaryimage"},"image":{"@id":"https:\/\/www.manaus.am.gov.br\/semtepi\/programacao\/casa-de-praia-zezinho-correa-recebe-o-artista-tom-cleber-neste-domingo-27-8\/#primaryimage"},"thumbnailUrl":"https:\/\/www.manaus.am.gov.br\/semtepi\/wp-content\/uploads\/sites\/20\/2023\/08\/53049397121_634e066913_k.jpg","datePublished":"2023-08-25T20:04:42+00:00","dateModified":"2023-08-25T20:04:43+00:00","description":"A Casa de Praia Zezinho Corr\u00eaa localizada no complexo tur\u00edstico Ponta Negra, zona Oeste da capital, vai receber neste domingo, 27\/8, a partir das 18h, o show do cantor Tom Cleber, que se destaca como atra\u00e7\u00e3o nacional do fim de semana.","breadcrumb":{"@id":"https:\/\/www.manaus.am.gov.br\/semtepi\/programacao\/casa-de-praia-zezinho-correa-recebe-o-artista-tom-cleber-neste-domingo-27-8\/#breadcrumb"},"inLanguage":"pt-BR","potentialAction":[{"@type":"ReadAction","target":["https:\/\/www.manaus.am.gov.br\/semtepi\/programacao\/casa-de-praia-zezinho-correa-recebe-o-artista-tom-cleber-neste-domingo-27-8\/"]}]},{"@type":"ImageObject","inLanguage":"pt-BR","@id":"https:\/\/www.manaus.am.gov.br\/semtepi\/programacao\/casa-de-praia-zezinho-correa-recebe-o-artista-tom-cleber-neste-domingo-27-8\/#primaryimage","url":"https:\/\/www.manaus.am.gov.br\/semtepi\/wp-content\/uploads\/sites\/20\/2023\/08\/53049397121_634e066913_k.jpg","contentUrl":"https:\/\/www.manaus.am.gov.br\/semtepi\/wp-content\/uploads\/sites\/20\/2023\/08\/53049397121_634e066913_k.jpg","width":2047,"height":1365},{"@type":"BreadcrumbList","@id":"https:\/\/www.manaus.am.gov.br\/semtepi\/programacao\/casa-de-praia-zezinho-correa-recebe-o-artista-tom-cleber-neste-domingo-27-8\/#breadcrumb","itemListElement":[{"@type":"ListItem","position":1,"name":"Home","item":"https:\/\/www.manaus.am.gov.br\/semtepi\/"},{"@type":"ListItem","position":2,"name":"Casa de Praia Zezinho Corr\u00eaa recebe o artista Tom Cleber neste domingo, 27\/8"}]},{"@type":"WebSite","@id":"https:\/\/www.manaus.am.gov.br\/semtepi\/#website","url":"https:\/\/www.manaus.am.gov.br\/semtepi\/","name":"SEMTEPI","description":"Prefeitura de Manaus","publisher":{"@id":"https:\/\/www.manaus.am.gov.br\/semtepi\/#organization"},"alternateName":"Secretaria Municipal do Trabalho, Empreendedorismo e Inova\u00e7\u00e3o","potentialAction":[{"@type":"SearchAction","target":{"@type":"EntryPoint","urlTemplate":"https:\/\/www.manaus.am.gov.br\/semtepi\/?s={search_term_string}"},"query-input":"required name=search_term_string"}],"inLanguage":"pt-BR"},{"@type":"Organization","@id":"https:\/\/www.manaus.am.gov.br\/semtepi\/#organization","name":"Prefeitura Municipal de Manaus","alternateName":"Prefeitura de Manaus","url":"https:\/\/www.manaus.am.gov.br\/semtepi\/","logo":{"@type":"ImageObject","inLanguage":"pt-BR","@id":"https:\/\/www.manaus.am.gov.br\/semtepi\/#\/schema\/logo\/image\/","url":"https:\/\/www.manaus.am.gov.br\/semtepi\/wp-content\/uploads\/sites\/20\/2024\/07\/favicon.png","contentUrl":"https:\/\/www.manaus.am.gov.br\/semtepi\/wp-content\/uploads\/sites\/20\/2024\/07\/favicon.png","width":300,"height":300,"caption":"Prefeitura Municipal de Manaus"},"image":{"@id":"https:\/\/www.manaus.am.gov.br\/semtepi\/#\/schema\/logo\/image\/"}},{"@type":"Person","@id":"https:\/\/www.manaus.am.gov.br\/semtepi\/#\/schema\/person\/05d223aea2bf115f9883a6ff3683d81b","name":"Bruna Greco","image":{"@type":"ImageObject","inLanguage":"pt-BR","@id":"https:\/\/www.manaus.am.gov.br\/semtepi\/#\/schema\/person\/image\/","url":"https:\/\/secure.gravatar.com\/avatar\/9c877d1a6adc2a055330e5c09a8653ce?s=96&d=mm&r=g","contentUrl":"https:\/\/secure.gravatar.com\/avatar\/9c877d1a6adc2a055330e5c09a8653ce?s=96&d=mm&r=g","caption":"Bruna Greco"}}]}},"_links":{"self":[{"href":"https:\/\/www.manaus.am.gov.br\/semtepi\/wp-json\/wp\/v2\/posts\/2507"}],"collection":[{"href":"https:\/\/www.manaus.am.gov.br\/semtepi\/wp-json\/wp\/v2\/posts"}],"about":[{"href":"https:\/\/www.manaus.am.gov.br\/semtepi\/wp-json\/wp\/v2\/types\/post"}],"author":[{"embeddable":true,"href":"https:\/\/www.manaus.am.gov.br\/semtepi\/wp-json\/wp\/v2\/users\/39"}],"replies":[{"embeddable":true,"href":"https:\/\/www.manaus.am.gov.br\/semtepi\/wp-json\/wp\/v2\/comments?post=2507"}],"version-history":[{"count":0,"href":"https:\/\/www.manaus.am.gov.br\/semtepi\/wp-json\/wp\/v2\/posts\/2507\/revisions"}],"wp:featuredmedia":[{"embeddable":true,"href":"https:\/\/www.manaus.am.gov.br\/semtepi\/wp-json\/wp\/v2\/media\/2508"}],"wp:attachment":[{"href":"https:\/\/www.manaus.am.gov.br\/semtepi\/wp-json\/wp\/v2\/media?parent=2507"}],"wp:term":[{"taxonomy":"category","embeddable":true,"href":"https:\/\/www.manaus.am.gov.br\/semtepi\/wp-json\/wp\/v2\/categories?post=2507"},{"taxonomy":"post_tag","embeddable":true,"href":"https:\/\/www.manaus.am.gov.br\/semtepi\/wp-json\/wp\/v2\/tags?post=2507"}],"curies":[{"name":"wp","href":"https:\/\/api.w.org\/{rel}","templated":true}]}}