{"id":2497,"date":"2023-08-24T12:03:54","date_gmt":"2023-08-24T16:03:54","guid":{"rendered":"https:\/\/www.manaus.am.gov.br\/semtepi\/sem-categoria\/sine-nos-bairros-da-prefeitura-de-manaus-acontece-no-lago-azul-neste-sabado\/"},"modified":"2023-08-24T12:03:55","modified_gmt":"2023-08-24T16:03:55","slug":"sine-nos-bairros-da-prefeitura-de-manaus-acontece-no-lago-azul-neste-sabado","status":"publish","type":"post","link":"https:\/\/www.manaus.am.gov.br\/semtepi\/atendimento\/sine-nos-bairros-da-prefeitura-de-manaus-acontece-no-lago-azul-neste-sabado\/","title":{"rendered":"<strong>\u2018Sine nos Bairros\u2019, da Prefeitura de Manaus, acontece no Lago Azul neste s\u00e1bado<\/strong>"},"content":{"rendered":"\n<p>A Prefeitura de Manaus, por meio da Secretaria Municipal do Trabalho, Empreendedorismo e Inova\u00e7\u00e3o (Semtepi), promove, neste s\u00e1bado, 26\/8, a a\u00e7\u00e3o do \u201cSine nos Bairros\u201d, das 8h \u00e0s 12h, na Igreja Evang\u00e9lica Assembleia de Deus do Amazonas (Ieadam), no conjunto Viver Melhor 2, localizada na rua Ararab\u00f3ia, no bairro Lago Azul, zona Norte da capital.<\/p>\n\n\n\n<p>Durante o s\u00e1bado, a van estar\u00e1 estacionada em frente \u00e0 Ieadam, disponibilizando vagas de emprego, cadastro no Sine Manaus e orienta\u00e7\u00e3o para Carteira de Trabalho e Previd\u00eancia Social (CTPS Digital) e seguro-desemprego. De acordo com a diretoria do Sine Manaus, os interessados devem estar atentos quanto \u00e0 documenta\u00e7\u00e3o.<\/p>\n\n\n\n<p>&#8220;Neste s\u00e1bado, vamos esperar a comunidade para comparecer e usufruir desses servi\u00e7os do Sine Manaus. Vamos atender cada um e fazer cadastro de novos trabalhadores em nosso sistema, orientando sobre a CTPS digital e tamb\u00e9m encaminhando pessoas para oportunidades de emprego. Para isso, \u00e9 preciso que os interessados compare\u00e7am ao local com sua documenta\u00e7\u00e3o completa&#8221;, orienta o diretor do Sine Manaus, F\u00e1bio Ara\u00fajo.<\/p>\n\n\n\n<p>O diretor tamb\u00e9m ressalta sobre o planejamento das a\u00e7\u00f5es que alcan\u00e7ar\u00e3o novos bairros da cidade, visando levar os servi\u00e7os para beneficiar mais comunidades.<\/p>\n\n\n\n<p>&#8220;No m\u00eas de setembro, estaremos em quase todas as zonas da cidade, no Jorge Teixeira, no L\u00edrio do Vale e no Monte das Oliveiras. Acompanhem a programa\u00e7\u00e3o do Sine nos Bairros&nbsp;nas redes sociais da Semtepi e n\u00e3o percam essa oportunidade&#8221;, completa.<\/p>\n\n\n\n<p><strong>Proposta<\/strong><\/p>\n\n\n\n<p>O &#8220;Sine nos Bairros&#8221; \u00e9 uma a\u00e7\u00e3o itinerante inovadora e estrat\u00e9gica desenvolvida durante a administra\u00e7\u00e3o do prefeito David Almeida. Seu prop\u00f3sito \u00e9 levar os servi\u00e7os do Sine Manaus diretamente aos bairros, atendendo os moradores que enfrentam dificuldades de acesso de locomo\u00e7\u00e3o aos servi\u00e7os municipais. Essa iniciativa busca oferecer \u00e0s comunidades uma variedade de a\u00e7\u00f5es e oportunidades que normalmente estariam dispon\u00edveis apenas no \u00f3rg\u00e3o central, tornando todo o processo mais acess\u00edvel e conveniente para todos.<\/p>\n\n\n\n<p>&#8212; &#8212; &#8212;<\/p>\n\n\n\n<p><strong>Texto \u2013&nbsp;<\/strong>Fabiane Monteiro \/ Semtepi<\/p>\n\n\n\n<p><strong>Fotos \u2013&nbsp;<\/strong>Divulga\u00e7\u00e3o \/ Semtepi<\/p>\n","protected":false},"excerpt":{"rendered":"","protected":false},"author":23,"featured_media":0,"comment_status":"closed","ping_status":"closed","sticky":false,"template":"","format":"standard","meta":{"footnotes":""},"categories":[46],"tags":[485,513,8,9,417,514],"acf":[],"yoast_head":"<!-- This site is optimized with the Yoast SEO plugin v23.0 - https:\/\/yoast.com\/wordpress\/plugins\/seo\/ -->\n<title>Prefeitura de Manaus divulga programa\u00e7\u00e3o do \u2018Sine nos Bairros\u2019 neste fim de semana<\/title>\n<meta name=\"description\" content=\"A Prefeitura de Manaus, por meio da Secretaria Municipal do Trabalho, Empreendedorismo e Inova\u00e7\u00e3o (Semtepi), divulga, nesta quinta-feira, 24\/8, a a\u00e7\u00e3o do \u201cSine nos Bairros\u201d, que ter\u00e1 in\u00edcio a partir das 8h, na Igreja Evang\u00e9lica Assembleia de Deus do Amazonas (Ieadam), no conjunto Viver Melhor 2, localizada na rua Ararab\u00f3ia, no bairro Lago Azul, zona Norte da capital.\" \/>\n<meta name=\"robots\" content=\"noindex, follow\" \/>\n<meta property=\"og:locale\" content=\"pt_BR\" \/>\n<meta property=\"og:type\" content=\"article\" \/>\n<meta property=\"og:title\" content=\"Prefeitura de Manaus divulga programa\u00e7\u00e3o do \u2018Sine nos Bairros\u2019 neste fim de semana\" \/>\n<meta property=\"og:description\" content=\"A Prefeitura de Manaus, por meio da Secretaria Municipal do Trabalho, Empreendedorismo e Inova\u00e7\u00e3o (Semtepi), divulga, nesta quinta-feira, 24\/8, a a\u00e7\u00e3o do \u201cSine nos Bairros\u201d, que ter\u00e1 in\u00edcio a partir das 8h, na Igreja Evang\u00e9lica Assembleia de Deus do Amazonas (Ieadam), no conjunto Viver Melhor 2, localizada na rua Ararab\u00f3ia, no bairro Lago Azul, zona Norte da capital.\" \/>\n<meta property=\"og:url\" content=\"https:\/\/www.manaus.am.gov.br\/semtepi\/atendimento\/sine-nos-bairros-da-prefeitura-de-manaus-acontece-no-lago-azul-neste-sabado\/\" \/>\n<meta property=\"og:site_name\" content=\"SEMTEPI\" \/>\n<meta property=\"article:published_time\" content=\"2023-08-24T16:03:54+00:00\" \/>\n<meta property=\"article:modified_time\" content=\"2023-08-24T16:03:55+00:00\" \/>\n<meta property=\"og:image\" content=\"https:\/\/www.manaus.am.gov.br\/semtepi\/wp-content\/uploads\/sites\/20\/2024\/07\/thumb-default-2.png\" \/>\n\t<meta property=\"og:image:width\" content=\"966\" \/>\n\t<meta property=\"og:image:height\" content=\"520\" \/>\n\t<meta property=\"og:image:type\" content=\"image\/png\" \/>\n<meta name=\"author\" content=\"Adriana Costa\" \/>\n<meta name=\"twitter:card\" content=\"summary_large_image\" \/>\n<meta name=\"twitter:label1\" content=\"Written by\" \/>\n\t<meta name=\"twitter:data1\" content=\"Adriana Costa\" \/>\n\t<meta name=\"twitter:label2\" content=\"Est. reading time\" \/>\n\t<meta name=\"twitter:data2\" content=\"2 minutos\" \/>\n<script type=\"application\/ld+json\" class=\"yoast-schema-graph\">{\"@context\":\"https:\/\/schema.org\",\"@graph\":[{\"@type\":\"Article\",\"@id\":\"https:\/\/www.manaus.am.gov.br\/semtepi\/atendimento\/sine-nos-bairros-da-prefeitura-de-manaus-acontece-no-lago-azul-neste-sabado\/#article\",\"isPartOf\":{\"@id\":\"https:\/\/www.manaus.am.gov.br\/semtepi\/atendimento\/sine-nos-bairros-da-prefeitura-de-manaus-acontece-no-lago-azul-neste-sabado\/\"},\"author\":{\"name\":\"Adriana Costa\",\"@id\":\"https:\/\/www.manaus.am.gov.br\/semtepi\/#\/schema\/person\/4e49f4e267757a06ca072ec61b2b9968\"},\"headline\":\"\u2018Sine nos Bairros\u2019, da Prefeitura de Manaus, acontece no Lago Azul neste s\u00e1bado\",\"datePublished\":\"2023-08-24T16:03:54+00:00\",\"dateModified\":\"2023-08-24T16:03:55+00:00\",\"mainEntityOfPage\":{\"@id\":\"https:\/\/www.manaus.am.gov.br\/semtepi\/atendimento\/sine-nos-bairros-da-prefeitura-de-manaus-acontece-no-lago-azul-neste-sabado\/\"},\"wordCount\":363,\"publisher\":{\"@id\":\"https:\/\/www.manaus.am.gov.br\/semtepi\/#organization\"},\"keywords\":[\"fim de semana\",\"lago azul\",\"prefeitura de manaus\",\"Semtepi\",\"Sine nos Bairros\",\"viver melhor 2\"],\"articleSection\":[\"Atendimento\"],\"inLanguage\":\"pt-BR\"},{\"@type\":\"WebPage\",\"@id\":\"https:\/\/www.manaus.am.gov.br\/semtepi\/atendimento\/sine-nos-bairros-da-prefeitura-de-manaus-acontece-no-lago-azul-neste-sabado\/\",\"url\":\"https:\/\/www.manaus.am.gov.br\/semtepi\/atendimento\/sine-nos-bairros-da-prefeitura-de-manaus-acontece-no-lago-azul-neste-sabado\/\",\"name\":\"Prefeitura de Manaus divulga programa\u00e7\u00e3o do \u2018Sine nos Bairros\u2019 neste fim de semana\",\"isPartOf\":{\"@id\":\"https:\/\/www.manaus.am.gov.br\/semtepi\/#website\"},\"datePublished\":\"2023-08-24T16:03:54+00:00\",\"dateModified\":\"2023-08-24T16:03:55+00:00\",\"description\":\"A Prefeitura de Manaus, por meio da Secretaria Municipal do Trabalho, Empreendedorismo e Inova\u00e7\u00e3o (Semtepi), divulga, nesta quinta-feira, 24\/8, a a\u00e7\u00e3o do \u201cSine nos Bairros\u201d, que ter\u00e1 in\u00edcio a partir das 8h, na Igreja Evang\u00e9lica Assembleia de Deus do Amazonas (Ieadam), no conjunto Viver Melhor 2, localizada na rua Ararab\u00f3ia, no bairro Lago Azul, zona Norte da capital.\",\"breadcrumb\":{\"@id\":\"https:\/\/www.manaus.am.gov.br\/semtepi\/atendimento\/sine-nos-bairros-da-prefeitura-de-manaus-acontece-no-lago-azul-neste-sabado\/#breadcrumb\"},\"inLanguage\":\"pt-BR\",\"potentialAction\":[{\"@type\":\"ReadAction\",\"target\":[\"https:\/\/www.manaus.am.gov.br\/semtepi\/atendimento\/sine-nos-bairros-da-prefeitura-de-manaus-acontece-no-lago-azul-neste-sabado\/\"]}]},{\"@type\":\"BreadcrumbList\",\"@id\":\"https:\/\/www.manaus.am.gov.br\/semtepi\/atendimento\/sine-nos-bairros-da-prefeitura-de-manaus-acontece-no-lago-azul-neste-sabado\/#breadcrumb\",\"itemListElement\":[{\"@type\":\"ListItem\",\"position\":1,\"name\":\"Home\",\"item\":\"https:\/\/www.manaus.am.gov.br\/semtepi\/\"},{\"@type\":\"ListItem\",\"position\":2,\"name\":\"\u2018Sine nos Bairros\u2019, da Prefeitura de Manaus, acontece no Lago Azul neste s\u00e1bado\"}]},{\"@type\":\"WebSite\",\"@id\":\"https:\/\/www.manaus.am.gov.br\/semtepi\/#website\",\"url\":\"https:\/\/www.manaus.am.gov.br\/semtepi\/\",\"name\":\"SEMTEPI\",\"description\":\"Prefeitura de Manaus\",\"publisher\":{\"@id\":\"https:\/\/www.manaus.am.gov.br\/semtepi\/#organization\"},\"alternateName\":\"Secretaria Municipal do Trabalho, Empreendedorismo e Inova\u00e7\u00e3o\",\"potentialAction\":[{\"@type\":\"SearchAction\",\"target\":{\"@type\":\"EntryPoint\",\"urlTemplate\":\"https:\/\/www.manaus.am.gov.br\/semtepi\/?s={search_term_string}\"},\"query-input\":\"required name=search_term_string\"}],\"inLanguage\":\"pt-BR\"},{\"@type\":\"Organization\",\"@id\":\"https:\/\/www.manaus.am.gov.br\/semtepi\/#organization\",\"name\":\"Prefeitura Municipal de Manaus\",\"alternateName\":\"Prefeitura de Manaus\",\"url\":\"https:\/\/www.manaus.am.gov.br\/semtepi\/\",\"logo\":{\"@type\":\"ImageObject\",\"inLanguage\":\"pt-BR\",\"@id\":\"https:\/\/www.manaus.am.gov.br\/semtepi\/#\/schema\/logo\/image\/\",\"url\":\"https:\/\/www.manaus.am.gov.br\/semtepi\/wp-content\/uploads\/sites\/20\/2024\/07\/favicon.png\",\"contentUrl\":\"https:\/\/www.manaus.am.gov.br\/semtepi\/wp-content\/uploads\/sites\/20\/2024\/07\/favicon.png\",\"width\":300,\"height\":300,\"caption\":\"Prefeitura Municipal de Manaus\"},\"image\":{\"@id\":\"https:\/\/www.manaus.am.gov.br\/semtepi\/#\/schema\/logo\/image\/\"}},{\"@type\":\"Person\",\"@id\":\"https:\/\/www.manaus.am.gov.br\/semtepi\/#\/schema\/person\/4e49f4e267757a06ca072ec61b2b9968\",\"name\":\"Adriana Costa\",\"image\":{\"@type\":\"ImageObject\",\"inLanguage\":\"pt-BR\",\"@id\":\"https:\/\/www.manaus.am.gov.br\/semtepi\/#\/schema\/person\/image\/\",\"url\":\"https:\/\/secure.gravatar.com\/avatar\/576258617ef7194f718179e766d57bd4?s=96&d=mm&r=g\",\"contentUrl\":\"https:\/\/secure.gravatar.com\/avatar\/576258617ef7194f718179e766d57bd4?s=96&d=mm&r=g\",\"caption\":\"Adriana Costa\"}}]}<\/script>\n<!-- \/ Yoast SEO plugin. -->","yoast_head_json":{"title":"Prefeitura de Manaus divulga programa\u00e7\u00e3o do \u2018Sine nos Bairros\u2019 neste fim de semana","description":"A Prefeitura de Manaus, por meio da Secretaria Municipal do Trabalho, Empreendedorismo e Inova\u00e7\u00e3o (Semtepi), divulga, nesta quinta-feira, 24\/8, a a\u00e7\u00e3o do \u201cSine nos Bairros\u201d, que ter\u00e1 in\u00edcio a partir das 8h, na Igreja Evang\u00e9lica Assembleia de Deus do Amazonas (Ieadam), no conjunto Viver Melhor 2, localizada na rua Ararab\u00f3ia, no bairro Lago Azul, zona Norte da capital.","robots":{"index":"noindex","follow":"follow"},"og_locale":"pt_BR","og_type":"article","og_title":"Prefeitura de Manaus divulga programa\u00e7\u00e3o do \u2018Sine nos Bairros\u2019 neste fim de semana","og_description":"A Prefeitura de Manaus, por meio da Secretaria Municipal do Trabalho, Empreendedorismo e Inova\u00e7\u00e3o (Semtepi), divulga, nesta quinta-feira, 24\/8, a a\u00e7\u00e3o do \u201cSine nos Bairros\u201d, que ter\u00e1 in\u00edcio a partir das 8h, na Igreja Evang\u00e9lica Assembleia de Deus do Amazonas (Ieadam), no conjunto Viver Melhor 2, localizada na rua Ararab\u00f3ia, no bairro Lago Azul, zona Norte da capital.","og_url":"https:\/\/www.manaus.am.gov.br\/semtepi\/atendimento\/sine-nos-bairros-da-prefeitura-de-manaus-acontece-no-lago-azul-neste-sabado\/","og_site_name":"SEMTEPI","article_published_time":"2023-08-24T16:03:54+00:00","article_modified_time":"2023-08-24T16:03:55+00:00","og_image":[{"width":966,"height":520,"url":"https:\/\/www.manaus.am.gov.br\/semtepi\/wp-content\/uploads\/sites\/20\/2024\/07\/thumb-default-2.png","type":"image\/png"}],"author":"Adriana Costa","twitter_card":"summary_large_image","twitter_misc":{"Written by":"Adriana Costa","Est. reading time":"2 minutos"},"schema":{"@context":"https:\/\/schema.org","@graph":[{"@type":"Article","@id":"https:\/\/www.manaus.am.gov.br\/semtepi\/atendimento\/sine-nos-bairros-da-prefeitura-de-manaus-acontece-no-lago-azul-neste-sabado\/#article","isPartOf":{"@id":"https:\/\/www.manaus.am.gov.br\/semtepi\/atendimento\/sine-nos-bairros-da-prefeitura-de-manaus-acontece-no-lago-azul-neste-sabado\/"},"author":{"name":"Adriana Costa","@id":"https:\/\/www.manaus.am.gov.br\/semtepi\/#\/schema\/person\/4e49f4e267757a06ca072ec61b2b9968"},"headline":"\u2018Sine nos Bairros\u2019, da Prefeitura de Manaus, acontece no Lago Azul neste s\u00e1bado","datePublished":"2023-08-24T16:03:54+00:00","dateModified":"2023-08-24T16:03:55+00:00","mainEntityOfPage":{"@id":"https:\/\/www.manaus.am.gov.br\/semtepi\/atendimento\/sine-nos-bairros-da-prefeitura-de-manaus-acontece-no-lago-azul-neste-sabado\/"},"wordCount":363,"publisher":{"@id":"https:\/\/www.manaus.am.gov.br\/semtepi\/#organization"},"keywords":["fim de semana","lago azul","prefeitura de manaus","Semtepi","Sine nos Bairros","viver melhor 2"],"articleSection":["Atendimento"],"inLanguage":"pt-BR"},{"@type":"WebPage","@id":"https:\/\/www.manaus.am.gov.br\/semtepi\/atendimento\/sine-nos-bairros-da-prefeitura-de-manaus-acontece-no-lago-azul-neste-sabado\/","url":"https:\/\/www.manaus.am.gov.br\/semtepi\/atendimento\/sine-nos-bairros-da-prefeitura-de-manaus-acontece-no-lago-azul-neste-sabado\/","name":"Prefeitura de Manaus divulga programa\u00e7\u00e3o do \u2018Sine nos Bairros\u2019 neste fim de semana","isPartOf":{"@id":"https:\/\/www.manaus.am.gov.br\/semtepi\/#website"},"datePublished":"2023-08-24T16:03:54+00:00","dateModified":"2023-08-24T16:03:55+00:00","description":"A Prefeitura de Manaus, por meio da Secretaria Municipal do Trabalho, Empreendedorismo e Inova\u00e7\u00e3o (Semtepi), divulga, nesta quinta-feira, 24\/8, a a\u00e7\u00e3o do \u201cSine nos Bairros\u201d, que ter\u00e1 in\u00edcio a partir das 8h, na Igreja Evang\u00e9lica Assembleia de Deus do Amazonas (Ieadam), no conjunto Viver Melhor 2, localizada na rua Ararab\u00f3ia, no bairro Lago Azul, zona Norte da capital.","breadcrumb":{"@id":"https:\/\/www.manaus.am.gov.br\/semtepi\/atendimento\/sine-nos-bairros-da-prefeitura-de-manaus-acontece-no-lago-azul-neste-sabado\/#breadcrumb"},"inLanguage":"pt-BR","potentialAction":[{"@type":"ReadAction","target":["https:\/\/www.manaus.am.gov.br\/semtepi\/atendimento\/sine-nos-bairros-da-prefeitura-de-manaus-acontece-no-lago-azul-neste-sabado\/"]}]},{"@type":"BreadcrumbList","@id":"https:\/\/www.manaus.am.gov.br\/semtepi\/atendimento\/sine-nos-bairros-da-prefeitura-de-manaus-acontece-no-lago-azul-neste-sabado\/#breadcrumb","itemListElement":[{"@type":"ListItem","position":1,"name":"Home","item":"https:\/\/www.manaus.am.gov.br\/semtepi\/"},{"@type":"ListItem","position":2,"name":"\u2018Sine nos Bairros\u2019, da Prefeitura de Manaus, acontece no Lago Azul neste s\u00e1bado"}]},{"@type":"WebSite","@id":"https:\/\/www.manaus.am.gov.br\/semtepi\/#website","url":"https:\/\/www.manaus.am.gov.br\/semtepi\/","name":"SEMTEPI","description":"Prefeitura de Manaus","publisher":{"@id":"https:\/\/www.manaus.am.gov.br\/semtepi\/#organization"},"alternateName":"Secretaria Municipal do Trabalho, Empreendedorismo e Inova\u00e7\u00e3o","potentialAction":[{"@type":"SearchAction","target":{"@type":"EntryPoint","urlTemplate":"https:\/\/www.manaus.am.gov.br\/semtepi\/?s={search_term_string}"},"query-input":"required name=search_term_string"}],"inLanguage":"pt-BR"},{"@type":"Organization","@id":"https:\/\/www.manaus.am.gov.br\/semtepi\/#organization","name":"Prefeitura Municipal de Manaus","alternateName":"Prefeitura de Manaus","url":"https:\/\/www.manaus.am.gov.br\/semtepi\/","logo":{"@type":"ImageObject","inLanguage":"pt-BR","@id":"https:\/\/www.manaus.am.gov.br\/semtepi\/#\/schema\/logo\/image\/","url":"https:\/\/www.manaus.am.gov.br\/semtepi\/wp-content\/uploads\/sites\/20\/2024\/07\/favicon.png","contentUrl":"https:\/\/www.manaus.am.gov.br\/semtepi\/wp-content\/uploads\/sites\/20\/2024\/07\/favicon.png","width":300,"height":300,"caption":"Prefeitura Municipal de Manaus"},"image":{"@id":"https:\/\/www.manaus.am.gov.br\/semtepi\/#\/schema\/logo\/image\/"}},{"@type":"Person","@id":"https:\/\/www.manaus.am.gov.br\/semtepi\/#\/schema\/person\/4e49f4e267757a06ca072ec61b2b9968","name":"Adriana Costa","image":{"@type":"ImageObject","inLanguage":"pt-BR","@id":"https:\/\/www.manaus.am.gov.br\/semtepi\/#\/schema\/person\/image\/","url":"https:\/\/secure.gravatar.com\/avatar\/576258617ef7194f718179e766d57bd4?s=96&d=mm&r=g","contentUrl":"https:\/\/secure.gravatar.com\/avatar\/576258617ef7194f718179e766d57bd4?s=96&d=mm&r=g","caption":"Adriana Costa"}}]}},"_links":{"self":[{"href":"https:\/\/www.manaus.am.gov.br\/semtepi\/wp-json\/wp\/v2\/posts\/2497"}],"collection":[{"href":"https:\/\/www.manaus.am.gov.br\/semtepi\/wp-json\/wp\/v2\/posts"}],"about":[{"href":"https:\/\/www.manaus.am.gov.br\/semtepi\/wp-json\/wp\/v2\/types\/post"}],"author":[{"embeddable":true,"href":"https:\/\/www.manaus.am.gov.br\/semtepi\/wp-json\/wp\/v2\/users\/23"}],"replies":[{"embeddable":true,"href":"https:\/\/www.manaus.am.gov.br\/semtepi\/wp-json\/wp\/v2\/comments?post=2497"}],"version-history":[{"count":0,"href":"https:\/\/www.manaus.am.gov.br\/semtepi\/wp-json\/wp\/v2\/posts\/2497\/revisions"}],"wp:attachment":[{"href":"https:\/\/www.manaus.am.gov.br\/semtepi\/wp-json\/wp\/v2\/media?parent=2497"}],"wp:term":[{"taxonomy":"category","embeddable":true,"href":"https:\/\/www.manaus.am.gov.br\/semtepi\/wp-json\/wp\/v2\/categories?post=2497"},{"taxonomy":"post_tag","embeddable":true,"href":"https:\/\/www.manaus.am.gov.br\/semtepi\/wp-json\/wp\/v2\/tags?post=2497"}],"curies":[{"name":"wp","href":"https:\/\/api.w.org\/{rel}","templated":true}]}}