{"id":2492,"date":"2023-08-23T15:16:26","date_gmt":"2023-08-23T19:16:26","guid":{"rendered":"https:\/\/www.manaus.am.gov.br\/semtepi\/sem-categoria\/prefeitura-de-manaus-divulga-programacao-na-20a-expo-abrh-amazonas\/"},"modified":"2023-08-23T15:41:47","modified_gmt":"2023-08-23T19:41:47","slug":"prefeitura-de-manaus-divulga-programacao-na-20a-expo-abrh-amazonas","status":"publish","type":"post","link":"https:\/\/www.manaus.am.gov.br\/semtepi\/eventos\/prefeitura-de-manaus-divulga-programacao-na-20a-expo-abrh-amazonas\/","title":{"rendered":"<strong>Prefeitura de Manaus divulga programa\u00e7\u00e3o na 20\u00aa Expo ABRH Amazonas\u00a0\u00a0<\/strong>"},"content":{"rendered":"\n<p>A Prefeitura de Manaus, por meio da Secretaria Municipal do Trabalho, Empreendedorismo e Inova\u00e7\u00e3o (Semtepi), divulga, nesta quarta-feira, 23\/8, a programa\u00e7\u00e3o de seu stand na 20\u00aa Expo ABRH Amazonas, que acontece nos dias 24 e 25\/8, das 14h \u00e0s 21h, no Centro de Conven\u00e7\u00f5es Vasco Vasques, no bairro Flores, zona Centro-Sul.<\/p>\n\n\n\n<p>Organizada pela Associa\u00e7\u00e3o Brasileira de Recursos Humanos do Amazonas (ABRH-AM), a 20\u00aa edi\u00e7\u00e3o traz como tema \u201cAmaz\u00f4nia: do Seringal \u00e0 Intelig\u00eancia Artificial\u201d, com o prop\u00f3sito de proporcionar aos participantes uma imers\u00e3o na trajet\u00f3ria econ\u00f4mica da regi\u00e3o. O evento \u00e9 destinado a empres\u00e1rios, lideran\u00e7as, profissionais de RH, estudantes e interessados em conhecer mais sobre a \u00e1rea de recursos humanos.<\/p>\n\n\n\n<p>A Semtepi ter\u00e1 participa\u00e7\u00e3o nos dois dias de evento, por meio de rodas de conversa, oficinas e um posto de atendimento do Sine Manaus, que fornecer\u00e1 servi\u00e7os de cadastro, esclarecimento sobre a CTPS Digital e encaminhamento para diversas oportunidades de emprego.<\/p>\n\n\n\n<p>\u201cEsta \u00e9 mais uma oportunidade incr\u00edvel que nos permite debater e forjar novas estrat\u00e9gias para impulsionar a gera\u00e7\u00e3o de renda e ampliar as oportunidades de emprego em nossa regi\u00e3o. Convidamos o p\u00fablico a conhecer e acessar gratuitamente os servi\u00e7os oferecidos pela Semtepi\u201d, convidou o titular da Semtepi, Radyr J\u00fanior.<\/p>\n\n\n\n<p>A feira, gratuita e aberta ao p\u00fablico em geral, contar\u00e1 ainda com 60 expositores, dos segmentos da ind\u00fastria, com\u00e9rcio e servi\u00e7os, institui\u00e7\u00f5es de ensino, organiza\u00e7\u00f5es sociais e empreendedores locais.\u00a0<\/p>\n\n\n\n<p><strong>Confira a programa\u00e7\u00e3o do stand da Semtepi:<\/strong><\/p>\n\n\n\n<p><strong>Quinta feira (24\/8)<\/strong><\/p>\n\n\n\n<p><strong>16h \u00e0s 17h \u2013&nbsp;<\/strong>Roda de Conversa \u2013 As Tend\u00eancias que v\u00e3o Revolucionar o Mundo Digital, com Gabriela Carvalho e Francisco Arce Jr.<\/p>\n\n\n\n<p><strong>17h \u00e0s 17h30 \u2013<\/strong>&nbsp;Oficina \u2013 O metaverso: a Pr\u00f3xima Grande Revolu\u00e7\u00e3o Digital, com Gabriela Carvalho<\/p>\n\n\n\n<p><strong>17h30 \u00e0s 18h30 \u2013&nbsp;<\/strong>Roda de Conversa \u2013 Qualifica\u00e7\u00e3o Profissional para o Mercado de Trabalho, com Marina Oliveira e Rayanne Souza<\/p>\n\n\n\n<p><strong>18h30 \u00e0s 19h30 \u2013<\/strong>&nbsp;Oficina de Drone (estacionamento), com Cristian Guerreiro<\/p>\n\n\n\n<p><strong>Sexta-feira (25\/8)<\/strong><\/p>\n\n\n\n<p><strong>16h \u00e0s 17h \u2013&nbsp;<\/strong>Roda de Conversa \u2013 O Papel da Gest\u00e3o de Pessoas na Transforma\u00e7\u00e3o Digital e no Desenvolvimento Sustent\u00e1vel da Amaz\u00f4nia, com Marly Mateus e V\u00e2nia Thaumaturgo<\/p>\n\n\n\n<p><strong>17h \u00e0s 18h \u2013&nbsp;<\/strong>Roda de Conversa \u2013 Intelig\u00eancia Artificial Tra\u00e7ando Perfil Comportamental, com Leandra Monttero e J\u00f4se Karla<\/p>\n\n\n\n<p><strong>18h \u00e0s 18h30 \u2013<\/strong>&nbsp;Oficina \u2013 Fotografia com celular: Aprenda a Fazer Fotos Espetaculares, com&nbsp;Adrio Hattori<\/p>\n\n\n\n<p><strong>18h30 \u00e0s 19h30 \u2013<\/strong>&nbsp;Roda de Conversa \u2013 O Mercado Digital em 2023: O Que Esperar, com Adrio Hattori e Mayara Fernandes<\/p>\n\n\n\n<p><strong>19h30 \u00e0s 20h30 \u2013&nbsp;<\/strong>Roda de Conversa \u2013 Estrat\u00e9gias de Enfrentamento ao Racismo no \u00c2mbito de Trabalho, com Carol Amaral e Laila Alencar<\/p>\n\n\n\n<p>&#8212; &#8212; &#8212;<\/p>\n\n\n\n<p><strong>Texto &#8211;&nbsp;<\/strong>Divulga\u00e7\u00e3o \/ Semtepi<\/p>\n\n\n\n<p><strong>Fotos \u2013&nbsp;<\/strong>Jo\u00e3o Viana \/ Semcom<\/p>\n\n\n\n<p><strong>Dispon\u00edveis &#8211;<\/strong>&nbsp;<a href=\"https:\/\/flic.kr\/s\/aHBqjA4qzc\" target=\"_blank\" rel=\"noreferrer noopener\">https:\/\/flic.kr\/s\/aHBqjA4qzc<\/a><\/p>\n","protected":false},"excerpt":{"rendered":"","protected":false},"author":24,"featured_media":2493,"comment_status":"closed","ping_status":"closed","sticky":false,"template":"","format":"standard","meta":{"footnotes":""},"categories":[123],"tags":[506,507,508,285,509,8,216,34,510,9,511,512],"acf":[],"yoast_head":"<!-- This site is optimized with the Yoast SEO plugin v23.0 - https:\/\/yoast.com\/wordpress\/plugins\/seo\/ -->\n<title>Prefeitura de Manaus divulga programa\u00e7\u00e3o na 20\u00aa Expo ABRH Amazonas\u00a0\u00a0 - SEMTEPI<\/title>\n<meta name=\"description\" content=\"A Prefeitura de Manaus, por meio da Secretaria Municipal do Trabalho, Empreendedorismo e Inova\u00e7\u00e3o (Semtepi), divulga, nesta quarta-feira, 23\/8, a programa\u00e7\u00e3o de seu stand na 20\u00aa Expo ABRH Amazonas, que acontece nos dias 24 e 25\/8, das 14h \u00e0s 21h, no Centro de Conven\u00e7\u00f5es Vasco Vasques, no bairro Flores, zona Centro-Sul.\" \/>\n<meta name=\"robots\" content=\"noindex, follow\" \/>\n<meta property=\"og:locale\" content=\"pt_BR\" \/>\n<meta property=\"og:type\" content=\"article\" \/>\n<meta property=\"og:title\" content=\"Prefeitura de Manaus divulga programa\u00e7\u00e3o na 20\u00aa Expo ABRH Amazonas\u00a0\u00a0 - SEMTEPI\" \/>\n<meta property=\"og:description\" content=\"A Prefeitura de Manaus, por meio da Secretaria Municipal do Trabalho, Empreendedorismo e Inova\u00e7\u00e3o (Semtepi), divulga, nesta quarta-feira, 23\/8, a programa\u00e7\u00e3o de seu stand na 20\u00aa Expo ABRH Amazonas, que acontece nos dias 24 e 25\/8, das 14h \u00e0s 21h, no Centro de Conven\u00e7\u00f5es Vasco Vasques, no bairro Flores, zona Centro-Sul.\" \/>\n<meta property=\"og:url\" content=\"https:\/\/www.manaus.am.gov.br\/semtepi\/eventos\/prefeitura-de-manaus-divulga-programacao-na-20a-expo-abrh-amazonas\/\" \/>\n<meta property=\"og:site_name\" content=\"SEMTEPI\" \/>\n<meta property=\"article:published_time\" content=\"2023-08-23T19:16:26+00:00\" \/>\n<meta property=\"article:modified_time\" content=\"2023-08-23T19:41:47+00:00\" \/>\n<meta property=\"og:image\" content=\"https:\/\/www.manaus.am.gov.br\/semtepi\/wp-content\/uploads\/sites\/20\/2023\/08\/Prefeitura-de-Manaus-divulga-programacao-na-20a-Expo-ABRH-Amazonas-3-1024x683.jpg\" \/>\n\t<meta property=\"og:image:width\" content=\"1024\" \/>\n\t<meta property=\"og:image:height\" content=\"683\" \/>\n\t<meta property=\"og:image:type\" content=\"image\/jpeg\" \/>\n<meta name=\"author\" content=\"Cl\u00e1udia Barbosa\" \/>\n<meta name=\"twitter:card\" content=\"summary_large_image\" \/>\n<meta name=\"twitter:label1\" content=\"Written by\" \/>\n\t<meta name=\"twitter:data1\" content=\"Cl\u00e1udia Barbosa\" \/>\n\t<meta name=\"twitter:label2\" content=\"Est. reading time\" \/>\n\t<meta name=\"twitter:data2\" content=\"3 minutos\" \/>\n<script type=\"application\/ld+json\" class=\"yoast-schema-graph\">{\"@context\":\"https:\/\/schema.org\",\"@graph\":[{\"@type\":\"Article\",\"@id\":\"https:\/\/www.manaus.am.gov.br\/semtepi\/eventos\/prefeitura-de-manaus-divulga-programacao-na-20a-expo-abrh-amazonas\/#article\",\"isPartOf\":{\"@id\":\"https:\/\/www.manaus.am.gov.br\/semtepi\/eventos\/prefeitura-de-manaus-divulga-programacao-na-20a-expo-abrh-amazonas\/\"},\"author\":{\"name\":\"Cl\u00e1udia Barbosa\",\"@id\":\"https:\/\/www.manaus.am.gov.br\/semtepi\/#\/schema\/person\/d0a166b5031154c33c77794ddc9a827e\"},\"headline\":\"Prefeitura de Manaus divulga programa\u00e7\u00e3o na 20\u00aa Expo ABRH Amazonas\u00a0\u00a0\",\"datePublished\":\"2023-08-23T19:16:26+00:00\",\"dateModified\":\"2023-08-23T19:41:47+00:00\",\"mainEntityOfPage\":{\"@id\":\"https:\/\/www.manaus.am.gov.br\/semtepi\/eventos\/prefeitura-de-manaus-divulga-programacao-na-20a-expo-abrh-amazonas\/\"},\"wordCount\":481,\"publisher\":{\"@id\":\"https:\/\/www.manaus.am.gov.br\/semtepi\/#organization\"},\"image\":{\"@id\":\"https:\/\/www.manaus.am.gov.br\/semtepi\/eventos\/prefeitura-de-manaus-divulga-programacao-na-20a-expo-abrh-amazonas\/#primaryimage\"},\"thumbnailUrl\":\"https:\/\/www.manaus.am.gov.br\/semtepi\/wp-content\/uploads\/sites\/20\/2023\/08\/Prefeitura-de-Manaus-divulga-programacao-na-20a-Expo-ABRH-Amazonas-3.jpg\",\"keywords\":[\"20\u00aa Expo ABRH Amazonas\",\"ABR-AM\",\"Associa\u00e7\u00e3o Brasileira de Recursos Humanos do Amazonas\",\"Centro de Conven\u00e7\u00f5es Vasco Vasques\",\"oficinas\",\"prefeitura de manaus\",\"programa\u00e7\u00e3o\",\"Radyr J\u00fanior\",\"rodas de conversa\",\"Semtepi\",\"stand\",\"tema \u201cAmaz\u00f4nia: do Seringal \u00e0 Intelig\u00eancia Artificial\u201d\"],\"articleSection\":[\"Eventos\"],\"inLanguage\":\"pt-BR\"},{\"@type\":\"WebPage\",\"@id\":\"https:\/\/www.manaus.am.gov.br\/semtepi\/eventos\/prefeitura-de-manaus-divulga-programacao-na-20a-expo-abrh-amazonas\/\",\"url\":\"https:\/\/www.manaus.am.gov.br\/semtepi\/eventos\/prefeitura-de-manaus-divulga-programacao-na-20a-expo-abrh-amazonas\/\",\"name\":\"Prefeitura de Manaus divulga programa\u00e7\u00e3o na 20\u00aa Expo ABRH Amazonas\u00a0\u00a0 - SEMTEPI\",\"isPartOf\":{\"@id\":\"https:\/\/www.manaus.am.gov.br\/semtepi\/#website\"},\"primaryImageOfPage\":{\"@id\":\"https:\/\/www.manaus.am.gov.br\/semtepi\/eventos\/prefeitura-de-manaus-divulga-programacao-na-20a-expo-abrh-amazonas\/#primaryimage\"},\"image\":{\"@id\":\"https:\/\/www.manaus.am.gov.br\/semtepi\/eventos\/prefeitura-de-manaus-divulga-programacao-na-20a-expo-abrh-amazonas\/#primaryimage\"},\"thumbnailUrl\":\"https:\/\/www.manaus.am.gov.br\/semtepi\/wp-content\/uploads\/sites\/20\/2023\/08\/Prefeitura-de-Manaus-divulga-programacao-na-20a-Expo-ABRH-Amazonas-3.jpg\",\"datePublished\":\"2023-08-23T19:16:26+00:00\",\"dateModified\":\"2023-08-23T19:41:47+00:00\",\"description\":\"A Prefeitura de Manaus, por meio da Secretaria Municipal do Trabalho, Empreendedorismo e Inova\u00e7\u00e3o (Semtepi), divulga, nesta quarta-feira, 23\/8, a programa\u00e7\u00e3o de seu stand na 20\u00aa Expo ABRH Amazonas, que acontece nos dias 24 e 25\/8, das 14h \u00e0s 21h, no Centro de Conven\u00e7\u00f5es Vasco Vasques, no bairro Flores, zona Centro-Sul.\",\"breadcrumb\":{\"@id\":\"https:\/\/www.manaus.am.gov.br\/semtepi\/eventos\/prefeitura-de-manaus-divulga-programacao-na-20a-expo-abrh-amazonas\/#breadcrumb\"},\"inLanguage\":\"pt-BR\",\"potentialAction\":[{\"@type\":\"ReadAction\",\"target\":[\"https:\/\/www.manaus.am.gov.br\/semtepi\/eventos\/prefeitura-de-manaus-divulga-programacao-na-20a-expo-abrh-amazonas\/\"]}]},{\"@type\":\"ImageObject\",\"inLanguage\":\"pt-BR\",\"@id\":\"https:\/\/www.manaus.am.gov.br\/semtepi\/eventos\/prefeitura-de-manaus-divulga-programacao-na-20a-expo-abrh-amazonas\/#primaryimage\",\"url\":\"https:\/\/www.manaus.am.gov.br\/semtepi\/wp-content\/uploads\/sites\/20\/2023\/08\/Prefeitura-de-Manaus-divulga-programacao-na-20a-Expo-ABRH-Amazonas-3.jpg\",\"contentUrl\":\"https:\/\/www.manaus.am.gov.br\/semtepi\/wp-content\/uploads\/sites\/20\/2023\/08\/Prefeitura-de-Manaus-divulga-programacao-na-20a-Expo-ABRH-Amazonas-3.jpg\",\"width\":5000,\"height\":3333},{\"@type\":\"BreadcrumbList\",\"@id\":\"https:\/\/www.manaus.am.gov.br\/semtepi\/eventos\/prefeitura-de-manaus-divulga-programacao-na-20a-expo-abrh-amazonas\/#breadcrumb\",\"itemListElement\":[{\"@type\":\"ListItem\",\"position\":1,\"name\":\"Home\",\"item\":\"https:\/\/www.manaus.am.gov.br\/semtepi\/\"},{\"@type\":\"ListItem\",\"position\":2,\"name\":\"Prefeitura de Manaus divulga programa\u00e7\u00e3o na 20\u00aa Expo ABRH Amazonas\u00a0\u00a0\"}]},{\"@type\":\"WebSite\",\"@id\":\"https:\/\/www.manaus.am.gov.br\/semtepi\/#website\",\"url\":\"https:\/\/www.manaus.am.gov.br\/semtepi\/\",\"name\":\"SEMTEPI\",\"description\":\"Prefeitura de Manaus\",\"publisher\":{\"@id\":\"https:\/\/www.manaus.am.gov.br\/semtepi\/#organization\"},\"alternateName\":\"Secretaria Municipal do Trabalho, Empreendedorismo e Inova\u00e7\u00e3o\",\"potentialAction\":[{\"@type\":\"SearchAction\",\"target\":{\"@type\":\"EntryPoint\",\"urlTemplate\":\"https:\/\/www.manaus.am.gov.br\/semtepi\/?s={search_term_string}\"},\"query-input\":\"required name=search_term_string\"}],\"inLanguage\":\"pt-BR\"},{\"@type\":\"Organization\",\"@id\":\"https:\/\/www.manaus.am.gov.br\/semtepi\/#organization\",\"name\":\"Prefeitura Municipal de Manaus\",\"alternateName\":\"Prefeitura de Manaus\",\"url\":\"https:\/\/www.manaus.am.gov.br\/semtepi\/\",\"logo\":{\"@type\":\"ImageObject\",\"inLanguage\":\"pt-BR\",\"@id\":\"https:\/\/www.manaus.am.gov.br\/semtepi\/#\/schema\/logo\/image\/\",\"url\":\"https:\/\/www.manaus.am.gov.br\/semtepi\/wp-content\/uploads\/sites\/20\/2024\/07\/favicon.png\",\"contentUrl\":\"https:\/\/www.manaus.am.gov.br\/semtepi\/wp-content\/uploads\/sites\/20\/2024\/07\/favicon.png\",\"width\":300,\"height\":300,\"caption\":\"Prefeitura Municipal de Manaus\"},\"image\":{\"@id\":\"https:\/\/www.manaus.am.gov.br\/semtepi\/#\/schema\/logo\/image\/\"}},{\"@type\":\"Person\",\"@id\":\"https:\/\/www.manaus.am.gov.br\/semtepi\/#\/schema\/person\/d0a166b5031154c33c77794ddc9a827e\",\"name\":\"Cl\u00e1udia Barbosa\",\"image\":{\"@type\":\"ImageObject\",\"inLanguage\":\"pt-BR\",\"@id\":\"https:\/\/www.manaus.am.gov.br\/semtepi\/#\/schema\/person\/image\/\",\"url\":\"https:\/\/secure.gravatar.com\/avatar\/42958a1cf007f1a00534009218c72590?s=96&d=mm&r=g\",\"contentUrl\":\"https:\/\/secure.gravatar.com\/avatar\/42958a1cf007f1a00534009218c72590?s=96&d=mm&r=g\",\"caption\":\"Cl\u00e1udia Barbosa\"}}]}<\/script>\n<!-- \/ Yoast SEO plugin. -->","yoast_head_json":{"title":"Prefeitura de Manaus divulga programa\u00e7\u00e3o na 20\u00aa Expo ABRH Amazonas\u00a0\u00a0 - SEMTEPI","description":"A Prefeitura de Manaus, por meio da Secretaria Municipal do Trabalho, Empreendedorismo e Inova\u00e7\u00e3o (Semtepi), divulga, nesta quarta-feira, 23\/8, a programa\u00e7\u00e3o de seu stand na 20\u00aa Expo ABRH Amazonas, que acontece nos dias 24 e 25\/8, das 14h \u00e0s 21h, no Centro de Conven\u00e7\u00f5es Vasco Vasques, no bairro Flores, zona Centro-Sul.","robots":{"index":"noindex","follow":"follow"},"og_locale":"pt_BR","og_type":"article","og_title":"Prefeitura de Manaus divulga programa\u00e7\u00e3o na 20\u00aa Expo ABRH Amazonas\u00a0\u00a0 - SEMTEPI","og_description":"A Prefeitura de Manaus, por meio da Secretaria Municipal do Trabalho, Empreendedorismo e Inova\u00e7\u00e3o (Semtepi), divulga, nesta quarta-feira, 23\/8, a programa\u00e7\u00e3o de seu stand na 20\u00aa Expo ABRH Amazonas, que acontece nos dias 24 e 25\/8, das 14h \u00e0s 21h, no Centro de Conven\u00e7\u00f5es Vasco Vasques, no bairro Flores, zona Centro-Sul.","og_url":"https:\/\/www.manaus.am.gov.br\/semtepi\/eventos\/prefeitura-de-manaus-divulga-programacao-na-20a-expo-abrh-amazonas\/","og_site_name":"SEMTEPI","article_published_time":"2023-08-23T19:16:26+00:00","article_modified_time":"2023-08-23T19:41:47+00:00","og_image":[{"width":1024,"height":683,"url":"https:\/\/www.manaus.am.gov.br\/semtepi\/wp-content\/uploads\/sites\/20\/2023\/08\/Prefeitura-de-Manaus-divulga-programacao-na-20a-Expo-ABRH-Amazonas-3-1024x683.jpg","type":"image\/jpeg"}],"author":"Cl\u00e1udia Barbosa","twitter_card":"summary_large_image","twitter_misc":{"Written by":"Cl\u00e1udia Barbosa","Est. reading time":"3 minutos"},"schema":{"@context":"https:\/\/schema.org","@graph":[{"@type":"Article","@id":"https:\/\/www.manaus.am.gov.br\/semtepi\/eventos\/prefeitura-de-manaus-divulga-programacao-na-20a-expo-abrh-amazonas\/#article","isPartOf":{"@id":"https:\/\/www.manaus.am.gov.br\/semtepi\/eventos\/prefeitura-de-manaus-divulga-programacao-na-20a-expo-abrh-amazonas\/"},"author":{"name":"Cl\u00e1udia Barbosa","@id":"https:\/\/www.manaus.am.gov.br\/semtepi\/#\/schema\/person\/d0a166b5031154c33c77794ddc9a827e"},"headline":"Prefeitura de Manaus divulga programa\u00e7\u00e3o na 20\u00aa Expo ABRH Amazonas\u00a0\u00a0","datePublished":"2023-08-23T19:16:26+00:00","dateModified":"2023-08-23T19:41:47+00:00","mainEntityOfPage":{"@id":"https:\/\/www.manaus.am.gov.br\/semtepi\/eventos\/prefeitura-de-manaus-divulga-programacao-na-20a-expo-abrh-amazonas\/"},"wordCount":481,"publisher":{"@id":"https:\/\/www.manaus.am.gov.br\/semtepi\/#organization"},"image":{"@id":"https:\/\/www.manaus.am.gov.br\/semtepi\/eventos\/prefeitura-de-manaus-divulga-programacao-na-20a-expo-abrh-amazonas\/#primaryimage"},"thumbnailUrl":"https:\/\/www.manaus.am.gov.br\/semtepi\/wp-content\/uploads\/sites\/20\/2023\/08\/Prefeitura-de-Manaus-divulga-programacao-na-20a-Expo-ABRH-Amazonas-3.jpg","keywords":["20\u00aa Expo ABRH Amazonas","ABR-AM","Associa\u00e7\u00e3o Brasileira de Recursos Humanos do Amazonas","Centro de Conven\u00e7\u00f5es Vasco Vasques","oficinas","prefeitura de manaus","programa\u00e7\u00e3o","Radyr J\u00fanior","rodas de conversa","Semtepi","stand","tema \u201cAmaz\u00f4nia: do Seringal \u00e0 Intelig\u00eancia Artificial\u201d"],"articleSection":["Eventos"],"inLanguage":"pt-BR"},{"@type":"WebPage","@id":"https:\/\/www.manaus.am.gov.br\/semtepi\/eventos\/prefeitura-de-manaus-divulga-programacao-na-20a-expo-abrh-amazonas\/","url":"https:\/\/www.manaus.am.gov.br\/semtepi\/eventos\/prefeitura-de-manaus-divulga-programacao-na-20a-expo-abrh-amazonas\/","name":"Prefeitura de Manaus divulga programa\u00e7\u00e3o na 20\u00aa Expo ABRH Amazonas\u00a0\u00a0 - SEMTEPI","isPartOf":{"@id":"https:\/\/www.manaus.am.gov.br\/semtepi\/#website"},"primaryImageOfPage":{"@id":"https:\/\/www.manaus.am.gov.br\/semtepi\/eventos\/prefeitura-de-manaus-divulga-programacao-na-20a-expo-abrh-amazonas\/#primaryimage"},"image":{"@id":"https:\/\/www.manaus.am.gov.br\/semtepi\/eventos\/prefeitura-de-manaus-divulga-programacao-na-20a-expo-abrh-amazonas\/#primaryimage"},"thumbnailUrl":"https:\/\/www.manaus.am.gov.br\/semtepi\/wp-content\/uploads\/sites\/20\/2023\/08\/Prefeitura-de-Manaus-divulga-programacao-na-20a-Expo-ABRH-Amazonas-3.jpg","datePublished":"2023-08-23T19:16:26+00:00","dateModified":"2023-08-23T19:41:47+00:00","description":"A Prefeitura de Manaus, por meio da Secretaria Municipal do Trabalho, Empreendedorismo e Inova\u00e7\u00e3o (Semtepi), divulga, nesta quarta-feira, 23\/8, a programa\u00e7\u00e3o de seu stand na 20\u00aa Expo ABRH Amazonas, que acontece nos dias 24 e 25\/8, das 14h \u00e0s 21h, no Centro de Conven\u00e7\u00f5es Vasco Vasques, no bairro Flores, zona Centro-Sul.","breadcrumb":{"@id":"https:\/\/www.manaus.am.gov.br\/semtepi\/eventos\/prefeitura-de-manaus-divulga-programacao-na-20a-expo-abrh-amazonas\/#breadcrumb"},"inLanguage":"pt-BR","potentialAction":[{"@type":"ReadAction","target":["https:\/\/www.manaus.am.gov.br\/semtepi\/eventos\/prefeitura-de-manaus-divulga-programacao-na-20a-expo-abrh-amazonas\/"]}]},{"@type":"ImageObject","inLanguage":"pt-BR","@id":"https:\/\/www.manaus.am.gov.br\/semtepi\/eventos\/prefeitura-de-manaus-divulga-programacao-na-20a-expo-abrh-amazonas\/#primaryimage","url":"https:\/\/www.manaus.am.gov.br\/semtepi\/wp-content\/uploads\/sites\/20\/2023\/08\/Prefeitura-de-Manaus-divulga-programacao-na-20a-Expo-ABRH-Amazonas-3.jpg","contentUrl":"https:\/\/www.manaus.am.gov.br\/semtepi\/wp-content\/uploads\/sites\/20\/2023\/08\/Prefeitura-de-Manaus-divulga-programacao-na-20a-Expo-ABRH-Amazonas-3.jpg","width":5000,"height":3333},{"@type":"BreadcrumbList","@id":"https:\/\/www.manaus.am.gov.br\/semtepi\/eventos\/prefeitura-de-manaus-divulga-programacao-na-20a-expo-abrh-amazonas\/#breadcrumb","itemListElement":[{"@type":"ListItem","position":1,"name":"Home","item":"https:\/\/www.manaus.am.gov.br\/semtepi\/"},{"@type":"ListItem","position":2,"name":"Prefeitura de Manaus divulga programa\u00e7\u00e3o na 20\u00aa Expo ABRH Amazonas\u00a0\u00a0"}]},{"@type":"WebSite","@id":"https:\/\/www.manaus.am.gov.br\/semtepi\/#website","url":"https:\/\/www.manaus.am.gov.br\/semtepi\/","name":"SEMTEPI","description":"Prefeitura de Manaus","publisher":{"@id":"https:\/\/www.manaus.am.gov.br\/semtepi\/#organization"},"alternateName":"Secretaria Municipal do Trabalho, Empreendedorismo e Inova\u00e7\u00e3o","potentialAction":[{"@type":"SearchAction","target":{"@type":"EntryPoint","urlTemplate":"https:\/\/www.manaus.am.gov.br\/semtepi\/?s={search_term_string}"},"query-input":"required name=search_term_string"}],"inLanguage":"pt-BR"},{"@type":"Organization","@id":"https:\/\/www.manaus.am.gov.br\/semtepi\/#organization","name":"Prefeitura Municipal de Manaus","alternateName":"Prefeitura de Manaus","url":"https:\/\/www.manaus.am.gov.br\/semtepi\/","logo":{"@type":"ImageObject","inLanguage":"pt-BR","@id":"https:\/\/www.manaus.am.gov.br\/semtepi\/#\/schema\/logo\/image\/","url":"https:\/\/www.manaus.am.gov.br\/semtepi\/wp-content\/uploads\/sites\/20\/2024\/07\/favicon.png","contentUrl":"https:\/\/www.manaus.am.gov.br\/semtepi\/wp-content\/uploads\/sites\/20\/2024\/07\/favicon.png","width":300,"height":300,"caption":"Prefeitura Municipal de Manaus"},"image":{"@id":"https:\/\/www.manaus.am.gov.br\/semtepi\/#\/schema\/logo\/image\/"}},{"@type":"Person","@id":"https:\/\/www.manaus.am.gov.br\/semtepi\/#\/schema\/person\/d0a166b5031154c33c77794ddc9a827e","name":"Cl\u00e1udia Barbosa","image":{"@type":"ImageObject","inLanguage":"pt-BR","@id":"https:\/\/www.manaus.am.gov.br\/semtepi\/#\/schema\/person\/image\/","url":"https:\/\/secure.gravatar.com\/avatar\/42958a1cf007f1a00534009218c72590?s=96&d=mm&r=g","contentUrl":"https:\/\/secure.gravatar.com\/avatar\/42958a1cf007f1a00534009218c72590?s=96&d=mm&r=g","caption":"Cl\u00e1udia Barbosa"}}]}},"_links":{"self":[{"href":"https:\/\/www.manaus.am.gov.br\/semtepi\/wp-json\/wp\/v2\/posts\/2492"}],"collection":[{"href":"https:\/\/www.manaus.am.gov.br\/semtepi\/wp-json\/wp\/v2\/posts"}],"about":[{"href":"https:\/\/www.manaus.am.gov.br\/semtepi\/wp-json\/wp\/v2\/types\/post"}],"author":[{"embeddable":true,"href":"https:\/\/www.manaus.am.gov.br\/semtepi\/wp-json\/wp\/v2\/users\/24"}],"replies":[{"embeddable":true,"href":"https:\/\/www.manaus.am.gov.br\/semtepi\/wp-json\/wp\/v2\/comments?post=2492"}],"version-history":[{"count":1,"href":"https:\/\/www.manaus.am.gov.br\/semtepi\/wp-json\/wp\/v2\/posts\/2492\/revisions"}],"predecessor-version":[{"id":2494,"href":"https:\/\/www.manaus.am.gov.br\/semtepi\/wp-json\/wp\/v2\/posts\/2492\/revisions\/2494"}],"wp:featuredmedia":[{"embeddable":true,"href":"https:\/\/www.manaus.am.gov.br\/semtepi\/wp-json\/wp\/v2\/media\/2493"}],"wp:attachment":[{"href":"https:\/\/www.manaus.am.gov.br\/semtepi\/wp-json\/wp\/v2\/media?parent=2492"}],"wp:term":[{"taxonomy":"category","embeddable":true,"href":"https:\/\/www.manaus.am.gov.br\/semtepi\/wp-json\/wp\/v2\/categories?post=2492"},{"taxonomy":"post_tag","embeddable":true,"href":"https:\/\/www.manaus.am.gov.br\/semtepi\/wp-json\/wp\/v2\/tags?post=2492"}],"curies":[{"name":"wp","href":"https:\/\/api.w.org\/{rel}","templated":true}]}}