{"id":2476,"date":"2023-08-20T08:49:00","date_gmt":"2023-08-20T12:49:00","guid":{"rendered":"https:\/\/www.manaus.am.gov.br\/semtepi\/sem-categoria\/sine-manaus-oferta-246-vagas-de-emprego-nesta-segunda-feira-21-8\/"},"modified":"2023-08-20T08:49:03","modified_gmt":"2023-08-20T12:49:03","slug":"sine-manaus-oferta-246-vagas-de-emprego-nesta-segunda-feira-21-8","status":"publish","type":"post","link":"https:\/\/www.manaus.am.gov.br\/semtepi\/oportunidade\/sine-manaus-oferta-246-vagas-de-emprego-nesta-segunda-feira-21-8\/","title":{"rendered":"<strong>Sine Manaus oferta 246 vagas de emprego nesta segunda-feira, 21\/8<\/strong>"},"content":{"rendered":"\n<p>A Prefeitura de Manaus, por meio do Sine Manaus, oferta 246 vagas de emprego em v\u00e1rias \u00e1reas de atua\u00e7\u00e3o, nesta segunda-feira, 21\/8,&nbsp;de 8h \u00e0s 16h. O candidato precisa validar a Carteira Digital e Previd\u00eancia Social (CTPS) no aplicativo \u201cCarteira de Trabalho Digital\u201d ou acessar o site&nbsp;<a href=\"http:\/\/gov.br\/trabalho\" target=\"_blank\" rel=\"noreferrer noopener\">http:\/\/gov.br\/trabalho<\/a>&nbsp;e para concorrer \u00e0s vagas, deve acessar o site&nbsp;<a href=\"http:\/\/empregabrasil.mte.gov.br\/\" target=\"_blank\" rel=\"noreferrer noopener\">http:\/\/empregabrasil.mte.gov.br<\/a>&nbsp;para fazer a solicita\u00e7\u00e3o de cadastro.<\/p>\n\n\n\n<p>Para participar da pr\u00e9-sele\u00e7\u00e3o e concorrer a uma das vagas dispon\u00edveis, ou receber orienta\u00e7\u00e3o de cadastro, Carteira de Trabalho Digital e seguro-desemprego, os candidatos devem comparecer a um dos postos do Sine Manaus: na avenida Constantino Nery, n\u00ba 1.272, bairro S\u00e3o Geraldo, zona Centro-Sul; ou no shopping Phelippe Daou, na avenida Camapu\u00e3, n\u00ba 2.939, bairro Cidade de Deus, zona Leste.<\/p>\n\n\n\n<p>A Semtepi informa que o atendimento no posto do shopping Phelippe Daou foi reduzido em virtude de reforma no espa\u00e7o, e orienta os cidad\u00e3os a comparecerem, preferencialmente, ao posto da avenida Constantino Nery.<\/p>\n\n\n\n<p>Os interessados devem estar munidos do comprovante de vacina\u00e7\u00e3o (Covid-19), curr\u00edculo e documentos pessoais (RG, CPF, PIS, CTPS, comprovante de escolaridade e resid\u00eancia). N\u00e3o \u00e9 necess\u00e1rio apresentar c\u00f3pias, somente os documentos originais.<\/p>\n\n\n\n<p><strong>Vagas Novas \u2013<\/strong><strong>&nbsp;&nbsp;<\/strong><strong>77<\/strong><\/p>\n\n\n\n<p><strong>1 vaga \u2013 Assistente Administrativo \u2013 vaga exclusiva para Pessoa com Defici\u00eancia (PcD)<\/strong><\/p>\n\n\n\n<p>Escolaridade \u2013 ensino m\u00e9dio completo;<\/p>\n\n\n\n<p>Experi\u00eancia \u2013 seis na Carteira de Trabalho;<\/p>\n\n\n\n<p>Requisitos obrigat\u00f3rios \u2013 ter curso de Inform\u00e1tica avan\u00e7ada;<\/p>\n\n\n\n<p>Atividades \u2013 tratar com fornecedores aspectos documentais, lan\u00e7ar notas, conferir, formular relat\u00f3rios, elaborar e atualizar planilhas.<\/p>\n\n\n\n<p>Dispon\u00edvel at\u00e9 21\/08\/2023 ou encerramento da vaga.<\/p>\n\n\n\n<p><strong>1 vaga \u2013 Depilador<\/strong><\/p>\n\n\n\n<p>Escolaridade \u2013 ensino fundamental completo;<\/p>\n\n\n\n<p>Experi\u00eancia \u2013 tr\u00eas meses na Carteira de Trabalho ou avulso;<\/p>\n\n\n\n<p>Atividades \u2013 realizar procedimentos de higieniza\u00e7\u00e3o e prepara\u00e7\u00e3o da pele; aplicar t\u00e9cnicas de depila\u00e7\u00e3o e depila\u00e7\u00e3o art\u00edstica; relacionar-se com fornecedores e demais profissionais de beleza.<\/p>\n\n\n\n<p>Dispon\u00edvel at\u00e9 21\/08\/2023 ou encerramento da vaga.<\/p>\n\n\n\n<p><strong>3 vagas \u2013 Agente de Portaria<\/strong><\/p>\n\n\n\n<p>Escolaridade \u2013 ensino m\u00e9dio completo;<\/p>\n\n\n\n<p>Experi\u00eancia \u2013 seis meses na Carteira de Trabalho;<\/p>\n\n\n\n<p>Requisitos obrigat\u00f3rios \u2013 ter curso de Agente de Portaria atualizado;<\/p>\n\n\n\n<p>Atividades \u2013 zelar pela guarda do patrim\u00f4nio e exercer a vigil\u00e2ncia de f\u00e1bricas, armaz\u00e9ns, resid\u00eancias, estacionamentos, edif\u00edcios p\u00fablicos, privados e outros estabelecimentos, percorrendo-os sistematicamente e inspecionando suas depend\u00eancias, para evitar inc\u00eandios, roubos, entrada de pessoas estranhas e outras anormalidades; controlar fluxo de pessoas, identificando, orientando e encaminhando para os lugares desejados; escoltar pessoas e mercadorias; fazer manuten\u00e7\u00f5es simples nos locais de trabalho.<\/p>\n\n\n\n<p>Dispon\u00edvel at\u00e9 21\/08\/2023 ou encerramento da vaga.<\/p>\n\n\n\n<p><strong>1 vaga \u2013 T\u00e9cnico de Manuten\u00e7\u00e3o de Produtos Eletr\u00f4nicos<\/strong><\/p>\n\n\n\n<p>Escolaridade \u2013 ensino m\u00e9dio completo;<\/p>\n\n\n\n<p>Experi\u00eancia \u2013 seis meses na Carteira de Trabalho;<\/p>\n\n\n\n<p>Requisitos obrigat\u00f3rios \u2013 ter curso de Inform\u00e1tica avan\u00e7ada, conhecimento em produtos Intelbras, atendimento a clientes, c\u00f3digo do consumidor e pacote Office;<\/p>\n\n\n\n<p>Atividades \u2013 realizar conserto e reparo de produtos, troca expressa e garantia.<\/p>\n\n\n\n<p>Dispon\u00edvel at\u00e9 21\/08\/2023 ou encerramento da vaga.<\/p>\n\n\n\n<p><strong>2 vagas \u2013 Vendedor Externo<\/strong><strong>&nbsp;<\/strong><\/p>\n\n\n\n<p>Escolaridade &#8211; ensino m\u00e9dio completo;<\/p>\n\n\n\n<p>Experi\u00eancia \u2013 seis meses na Carteira de Trabalho;<\/p>\n\n\n\n<p>Requisitos obrigat\u00f3rios \u2013 ter curso de Inform\u00e1tica avan\u00e7ada;<\/p>\n\n\n\n<p>Atividades \u2013 mapear oportunidades de neg\u00f3cio; elaborar e apresentar propostas comerciais; organizar pedidos; acompanhar entrega de produtos; negociar pre\u00e7os e prazos; redatar contratos; realizar visitas de p\u00f3s-venda.<\/p>\n\n\n\n<p>Dispon\u00edvel at\u00e9 21\/08\/2023 ou encerramento da vaga.<\/p>\n\n\n\n<p><strong>1 vaga \u2013 Padeiro<\/strong><\/p>\n\n\n\n<p>Escolaridade \u2013 ensino fundamental completo;<\/p>\n\n\n\n<p>Experi\u00eancia \u2013 registrada na Carteira de Trabalho;<\/p>\n\n\n\n<p>Atividades \u2013 planejar produ\u00e7\u00e3o e preparar massas de p\u00e3o, macarr\u00e3o e similares; fazer p\u00e3es, bolachas e biscoitos; fabricar macarr\u00e3o; confeitar doces, preparar recheios e confeccionar salgados; trabalhar em conformidade com normas e procedimentos t\u00e9cnicos e de qualidade, seguran\u00e7a, higiene, sa\u00fade e preserva\u00e7\u00e3o ambiental.<\/p>\n\n\n\n<p>Dispon\u00edvel at\u00e9 21\/08\/2023 ou encerramento da vaga.<\/p>\n\n\n\n<p><strong>20 vagas \u2013 Alpinista Predial (Limpador de Fachada)<\/strong><\/p>\n\n\n\n<p>Escolaridade &#8211; ensino m\u00e9dio completo;<\/p>\n\n\n\n<p>Experi\u00eancia \u2013 n\u00e3o \u00e9 necess\u00e1rio;<\/p>\n\n\n\n<p>Requisitos obrigat\u00f3rios \u2013 ter curso de NR-35 e&nbsp;conhecimento em trabalho em cadeirinha ou balancim (Trabalho em Altura) com t\u00e9cnicas de alpinismo;<\/p>\n\n\n\n<p>Atividades \u2013 realizar limpeza e manuten\u00e7\u00e3o&nbsp;de fachada predial.<\/p>\n\n\n\n<p>Dispon\u00edvel at\u00e9 21\/08\/2023 ou encerramento da vaga.<\/p>\n\n\n\n<p><strong>5 vagas \u2013 Auxiliar de Limpeza (Limpador de Fachada)<\/strong><\/p>\n\n\n\n<p>Escolaridade \u2013 ensino m\u00e9dio completo;<\/p>\n\n\n\n<p>Experi\u00eancia \u2013 seis meses na Carteira de Trabalho;<\/p>\n\n\n\n<p>Requisitos obrigat\u00f3rios \u2013 ter experi\u00eancia com limpeza de fachada, curso de NR-35 e&nbsp;conhecimento em trabalho em cadeirinha ou balancim (Trabalho em Altura) com t\u00e9cnicas de alpinismo;<\/p>\n\n\n\n<p>Atividades \u2013&nbsp;realizar limpeza e manuten\u00e7\u00e3o de fachada predial.<\/p>\n\n\n\n<p>Dispon\u00edvel at\u00e9 21\/08\/2023 ou encerramento da vaga.<\/p>\n\n\n\n<p><strong>1 vaga \u2013 Lubrificador de Autom\u00f3veis<\/strong><\/p>\n\n\n\n<p>Escolaridade \u2013 ensino m\u00e9dio completo;<\/p>\n\n\n\n<p>Experi\u00eancia \u2013 tr\u00eas meses na Carteira de Trabalho;<\/p>\n\n\n\n<p>Requisitos obrigat\u00f3rios \u2013 ter disponibilidade para trabalhar em hor\u00e1rio comercial;<\/p>\n\n\n\n<p>Atividades \u2013 realizar lavagem dos ve\u00edculos de cargas (cabine, carroceria e chassi); lubrificar motores nos ve\u00edculos de transporte; sinalizar pontos de lubrifica\u00e7\u00e3o; selecionar material de limpeza e ferramentas para lubrifica\u00e7\u00e3o; retirar excessos de lubrificantes.<\/p>\n\n\n\n<p>Dispon\u00edvel at\u00e9 21\/08\/2023 ou encerramento da vaga.<\/p>\n\n\n\n<p><strong>1 vaga \u2013 Operador de Caixa<\/strong><\/p>\n\n\n\n<p>Escolaridade \u2013 ensino m\u00e9dio completo;<\/p>\n\n\n\n<p>Experi\u00eancia \u2013&nbsp;&nbsp;seis meses na Carteira de Trabalho;<\/p>\n\n\n\n<p>Requisitos obrigat\u00f3rios \u2013 residir nas proximidades dos bairros Centro, Educandos, Japiim, Crespo ou S\u00e3o L\u00e1zaro (zona Sul de Manaus);<\/p>\n\n\n\n<p>Atividades \u2013 prestar atendimento ao cliente; fazer abertura e fechamento de caixa, processar e receber o pagamento e emitir notas fiscais.&nbsp;Ter conhecimento no Sistema Operacional WinThor ser\u00e1 um diferencial.<\/p>\n\n\n\n<p>Dispon\u00edvel at\u00e9 21\/08\/2023 ou encerramento da vaga.<\/p>\n\n\n\n<p><strong>10 vagas \u2013 Atendente de Lanchonete \u2013 vagas exclusivas para Pessoas com Defici\u00eancia (PcD)<\/strong><\/p>\n\n\n\n<p>Escolaridade \u2013 ensino m\u00e9dio completo;<\/p>\n\n\n\n<p>Experi\u00eancia \u2013 n\u00e3o \u00e9 necess\u00e1rio;<\/p>\n\n\n\n<p><a><\/a>Atividades \u2013 realizar atendimento ao p\u00fablico no balc\u00e3o e nas mesas, anotando pedidos, solicitando o preparo dos alimentos junto \u00e0 cozinha, acertando comandas, efetuando o recebimento de valores, organizando o estoque, repondo produtos em prateleiras e higienizando utens\u00edlios.<\/p>\n\n\n\n<p>Dispon\u00edvel at\u00e9 21\/08\/2023 ou encerramento da vaga.<\/p>\n\n\n\n<p><strong>1 vaga \u2013 Motorista de Carro Passeio<\/strong><\/p>\n\n\n\n<p>Escolaridade \u2013 ensino m\u00e9dio completo;<\/p>\n\n\n\n<p>Experi\u00eancia \u2013 registrada na Carteira de Trabalho;<\/p>\n\n\n\n<p>Requisitos obrigat\u00f3rios \u2013 ter Carteira Nacional de Habilita\u00e7\u00e3o categoria \u201cD\u201d dentro do prazo de validade;<\/p>\n\n\n\n<p>Atividades \u2013&nbsp;atuar na condu\u00e7\u00e3o de ve\u00edculos de passeio, transportando passageiros de forma segura entre localidades distintas; cuidar da ordem e limpeza do ve\u00edculo, podendo efetuar pequenos reparos; solicitar servi\u00e7os de manuten\u00e7\u00e3o externa quando necess\u00e1rio.<\/p>\n\n\n\n<p>Dispon\u00edvel at\u00e9 21\/08\/2023 ou encerramento da vaga.<\/p>\n\n\n\n<p><strong>2 vagas \u2013 Encarregado de Obras<\/strong><\/p>\n\n\n\n<p>Escolaridade \u2013 ensino m\u00e9dio completo;<\/p>\n\n\n\n<p>Experi\u00eancia \u2013 registrada na Carteira de Trabalho;<\/p>\n\n\n\n<p>Requisitos obrigat\u00f3rios &#8211; ter experi\u00eancia em constru\u00e7\u00e3o civil;<\/p>\n\n\n\n<p>Atividades \u2013 supervisionar colaboradores, leitura e execu\u00e7\u00e3o de projetos; acompanhar cronograma e medi\u00e7\u00f5es de obras; controlar equipamentos, contrata\u00e7\u00e3o de servi\u00e7os e mat\u00e9ria-prima; participar das compras de suprimentos e prospec\u00e7\u00e3o de fornecedores.<\/p>\n\n\n\n<p>Dispon\u00edvel at\u00e9 21\/08\/2023 ou encerramento da vaga.<\/p>\n\n\n\n<p><strong>4 vagas \u2013 Bombeiro Hidr\u00e1ulico<\/strong><\/p>\n\n\n\n<p>Escolaridade \u2013 ensino fundamental completo;<\/p>\n\n\n\n<p>Experi\u00eancia \u2013 seis meses na Carteira de Trabalho;<\/p>\n\n\n\n<p>Requisitos obrigat\u00f3rios \u2013 ter experi\u00eancia em constru\u00e7\u00e3o civil;<\/p>\n\n\n\n<p>Atividades \u2013 operacionalizar projetos de instala\u00e7\u00f5es de tubula\u00e7\u00f5es, definir tra\u00e7ados e dimensionar tubula\u00e7\u00f5es; especificar, quantificar e inspecionar materiais; preparar locais para instala\u00e7\u00f5es, realizar pr\u00e9-montagem e instalar tubula\u00e7\u00f5es; realizar testes operacionais de press\u00e3o de fluidos e testes de estanqueidade.<\/p>\n\n\n\n<p>Dispon\u00edvel at\u00e9 21\/08\/2023 ou encerramento da vaga.<\/p>\n\n\n\n<p><strong>5 vagas \u2013 Pedreiro<\/strong><\/p>\n\n\n\n<p>Escolaridade \u2013 ensino fundamental completo;<\/p>\n\n\n\n<p>Experi\u00eancia \u2013 seis meses na Carteira de Trabalho;<\/p>\n\n\n\n<p>Requisitos obrigat\u00f3rios \u2013 ter experi\u00eancia em constru\u00e7\u00e3o civil&nbsp;e conhecimento sobre emprego de materiais, ferramentas, equipamentos e t\u00e9cnicas utilizadas na constru\u00e7\u00e3o;<\/p>\n\n\n\n<p>Atividades \u2013 atuar na constru\u00e7\u00e3o das etapas de funda\u00e7\u00e3o, paredes e acabamento.<\/p>\n\n\n\n<p>Dispon\u00edvel at\u00e9 21\/08\/2023 ou encerramento da vaga.<\/p>\n\n\n\n<p><strong>10 vagas \u2013 Servente de Constru\u00e7\u00e3o Civil<\/strong><\/p>\n\n\n\n<p>Escolaridade \u2013 ensino fundamental completo;<\/p>\n\n\n\n<p>Experi\u00eancia \u2013 seis meses na Carteira de Trabalho;<\/p>\n\n\n\n<p>Requisitos obrigat\u00f3rios \u2013 ter experi\u00eancia em constru\u00e7\u00e3o civil;<\/p>\n\n\n\n<p>Atividades \u2013 preparar e transportar materiais, ferramentas, aparelhos e demais pe\u00e7as, limpando e arrumando de acordo com instru\u00e7\u00f5es; auxiliar o oficial ou encarregado, em conjunto ou sozinho para levar a bom termo a execu\u00e7\u00e3o de suas tarefas; zelar pela conserva\u00e7\u00e3o dos locais onde est\u00e3o sendo realizados os servi\u00e7os.<\/p>\n\n\n\n<p>Dispon\u00edvel at\u00e9 21\/08\/2023 ou encerramento da vaga.<\/p>\n\n\n\n<p><strong>2 vagas \u2013 Eletricista de Rede<\/strong><\/p>\n\n\n\n<p>Escolaridade \u2013 ensino fundamental completo;<\/p>\n\n\n\n<p>Experi\u00eancia \u2013 registrada na Carteira de Trabalho;<\/p>\n\n\n\n<p>Requisitos obrigat\u00f3rios \u2013 ter experi\u00eancia em instala\u00e7\u00f5es subterr\u00e2neas;<\/p>\n\n\n\n<p>Atividades \u2013 planejar servi\u00e7os el\u00e9tricos, instala\u00e7\u00e3o e distribui\u00e7\u00e3o de alta e baixa tens\u00e3o; montar e reparar instala\u00e7\u00f5es el\u00e9tricas e equipamentos auxiliares em resid\u00eancias, ind\u00fastrias e comerciais.<\/p>\n\n\n\n<p>Dispon\u00edvel at\u00e9 21\/08\/2023 ou encerramento da vaga.<\/p>\n\n\n\n<p><strong>2 vagas \u2013 Auxiliar de Eletricista<\/strong><\/p>\n\n\n\n<p>Escolaridade \u2013 ensino fundamental completo;<\/p>\n\n\n\n<p>Experi\u00eancia \u2013 registrada na Carteira de Trabalho;<\/p>\n\n\n\n<p>Requisitos obrigat\u00f3rios \u2013 ter experi\u00eancia em instala\u00e7\u00f5es subterr\u00e2neas;<\/p>\n\n\n\n<p>Atividades \u2013 auxiliar na instala\u00e7\u00e3o e manuten\u00e7\u00e3o de redes el\u00e9tricas; transportar equipamentos e ferramentas necess\u00e1rios \u00e0 execu\u00e7\u00e3o dos trabalhos.<\/p>\n\n\n\n<p>Dispon\u00edvel at\u00e9 21\/08\/2023 ou encerramento da vaga.<\/p>\n\n\n\n<p><strong>4 vagas \u2013 Servente de Obras<\/strong><\/p>\n\n\n\n<p>Escolaridade \u2013 ensino fundamental completo;<\/p>\n\n\n\n<p>Experi\u00eancia \u2013 registrada na Carteira de Trabalho;<\/p>\n\n\n\n<p>Requisitos obrigat\u00f3rios \u2013 ter experi\u00eancia em instala\u00e7\u00f5es subterr\u00e2neas;<\/p>\n\n\n\n<p>Atividades \u2013 preparar e transportar materiais e ferramentas, limpando e arrumando de acordo com instru\u00e7\u00f5es; zelar pela conserva\u00e7\u00e3o dos locais onde est\u00e3o sendo realizados os servi\u00e7os, entre outras atividades correlatas.<\/p>\n\n\n\n<p>Dispon\u00edvel at\u00e9 21\/08\/2023 ou encerramento da vaga.<\/p>\n\n\n\n<p><strong>1 vaga \u2013 Bombeiro Hidr\u00e1ulico<\/strong><\/p>\n\n\n\n<p>Escolaridade \u2013 ensino m\u00e9dio completo;<\/p>\n\n\n\n<p>Experi\u00eancia \u2013 registrada na Carteira de Trabalho;<\/p>\n\n\n\n<p>Atividades \u2013 operacionalizar projetos de instala\u00e7\u00f5es de tubula\u00e7\u00f5es; definir tra\u00e7ados e dimensionar tubula\u00e7\u00f5es; especificar, quantificar e inspecionar materiais; preparar locais para instala\u00e7\u00f5es, realizar pr\u00e9-montagem e instalar tubula\u00e7\u00f5es; realizar testes operacionais de press\u00e3o de fluidos e testes de estanqueidade.<\/p>\n\n\n\n<p>Dispon\u00edvel at\u00e9 21\/08\/2023 ou encerramento da vaga.<\/p>\n\n\n\n<p><strong>Vagas no Com\u00e9rcio \u2013 42<\/strong><\/p>\n\n\n\n<p><strong>1 vaga \u2013 Confeiteiro<\/strong><\/p>\n\n\n\n<p>Escolaridade \u2013 ensino m\u00e9dio completo;<\/p>\n\n\n\n<p>Experi\u00eancia \u2013 quatro meses na Carteira de Trabalho ou declara\u00e7\u00e3o;<\/p>\n\n\n\n<p>Atividades \u2013 trabalhar na prepara\u00e7\u00e3o e desenforme de bolos e tortas, caldas, recheios e coberturas, lavagem de lou\u00e7a, limpeza de cozinha, recebimento de mercadorias e controle de estoque; auxiliar no preparo de refei\u00e7\u00f5es, sobremesas e lanches; manter a ordem e a limpeza da cozinha, realizando a coleta e a lavagem das bandejas e talheres.<\/p>\n\n\n\n<p>Dispon\u00edvel at\u00e9 21\/08\/2023 ou encerramento da vaga.<\/p>\n\n\n\n<p><strong>1 vaga \u2013 Auxiliar de Confeiteiro<\/strong><\/p>\n\n\n\n<p>Escolaridade \u2013 ensino m\u00e9dio completo;<\/p>\n\n\n\n<p>Experi\u00eancia \u2013 seis meses na Carteira de Trabalho;<\/p>\n\n\n\n<p>Atividades \u2013 auxiliar no preparo de massas para a produ\u00e7\u00e3o de p\u00e3es e sobremesas e na montagem de pratos; auxiliar na produ\u00e7\u00e3o de bolos e doces; preparar decora\u00e7\u00e3o, recheios e coberturas.<\/p>\n\n\n\n<p>Dispon\u00edvel at\u00e9 21\/08\/2023 ou encerramento da vaga.<\/p>\n\n\n\n<p><strong>2 vagas \u2013 Vendedor Interno<\/strong><\/p>\n\n\n\n<p>Escolaridade \u2013 ensino m\u00e9dio completo;<\/p>\n\n\n\n<p>Experi\u00eancia \u2013 seis meses na Carteira de Trabalho;<\/p>\n\n\n\n<p>Atividades \u2013 atendimento ao cliente online e presencial; prospectar novos clientes e rotinas administrativas em geral.<\/p>\n\n\n\n<p>Dispon\u00edvel at\u00e9 21\/08\/2023 ou encerramento da vaga.<\/p>\n\n\n\n<p><strong>1 vaga \u2013 Encarregado de Padaria<\/strong><strong>&nbsp;<\/strong><\/p>\n\n\n\n<p>Escolaridade \u2013 ensino m\u00e9dio completo;<\/p>\n\n\n\n<p>Experi\u00eancia \u2013 registrada na Carteira de Trabalho;<\/p>\n\n\n\n<p>Atividades \u2013 coordenar equipes; participar do processo de produ\u00e7\u00e3o de p\u00e3es e salgados; passar relat\u00f3rios de uso e consumo; realizar treinamento de conserva\u00e7\u00e3o e preparo dos produtos.<\/p>\n\n\n\n<p>Dispon\u00edvel at\u00e9 21\/08\/2023 ou encerramento da vaga.<\/p>\n\n\n\n<p><strong>1 vaga \u2013 A\u00e7ougueiro<\/strong><\/p>\n\n\n\n<p>Escolaridade \u2013 ensino m\u00e9dio completo;<\/p>\n\n\n\n<p>Experi\u00eancia \u2013 seis meses na Carteira de Trabalho;<\/p>\n\n\n\n<p>Atividades \u2013 realizar atendimento ao cliente; desossar e executar corte especial de carnes.<\/p>\n\n\n\n<p>Dispon\u00edvel at\u00e9 21\/08\/2023 ou encerramento da vaga.<\/p>\n\n\n\n<p><strong>1 vaga \u2013 Vendedor Externo<\/strong><\/p>\n\n\n\n<p>Escolaridade \u2013 ensino m\u00e9dio completo;<\/p>\n\n\n\n<p>Experi\u00eancia \u2013 registrada na Carteira de Trabalho;<\/p>\n\n\n\n<p>Atividades \u2013 mapear oportunidades de neg\u00f3cio; elaborar e apresentar propostas comerciais; organizar pedidos; acompanhar entrega de produtos; negociar pre\u00e7os e prazos; redatar contratos; realizar visitas de p\u00f3s-venda.<\/p>\n\n\n\n<p>Dispon\u00edvel at\u00e9 21\/08\/2023 ou encerramento da vaga.<\/p>\n\n\n\n<p><strong>1 vaga \u2013 Auxiliar de Marketing<\/strong><\/p>\n\n\n\n<p>Escolaridade \u2013 ensino m\u00e9dio completo;<\/p>\n\n\n\n<p>Experi\u00eancia \u2013 seis meses na Carteira de Trabalho ou declara\u00e7\u00e3o;<\/p>\n\n\n\n<p>Requisitos obrigat\u00f3rios \u2013 residir nas proximidades do bairro Flores; ter dom\u00ednio de redes sociais e fotografia b\u00e1sica;<\/p>\n\n\n\n<p>Atividades \u2013 realizar divulga\u00e7\u00e3o e atendimento via plataforma Ifood; produ\u00e7\u00e3o de conte\u00fado.<\/p>\n\n\n\n<p>Dispon\u00edvel at\u00e9 21\/08\/2023 ou encerramento da vaga.<\/p>\n\n\n\n<p><strong>2 vagas \u2013 Atendente de Padaria<\/strong><\/p>\n\n\n\n<p>Escolaridade \u2013 ensino m\u00e9dio completo;<\/p>\n\n\n\n<p>Experi\u00eancia \u2013 seis meses na Carteira de Trabalho ou declara\u00e7\u00e3o;<\/p>\n\n\n\n<p>Requisitos obrigat\u00f3rios \u2013 residir nas proximidades do bairro Flores;<\/p>\n\n\n\n<p>Atividades \u2013 atender clientes; receber pedidos; prestar informa\u00e7\u00f5es sobre produtos; separar, pesar, embalar, precificar e organizar os produtos nas prateleiras, agindo com cordialidade e presteza visando a satisfa\u00e7\u00e3o do cliente.<\/p>\n\n\n\n<p>Dispon\u00edvel at\u00e9 21\/08\/2023 ou encerramento da vaga.<\/p>\n\n\n\n<p><strong>2 vagas \u2013 Chapeiro<\/strong><\/p>\n\n\n\n<p>Escolaridade \u2013 ensino m\u00e9dio completo;<\/p>\n\n\n\n<p>Experi\u00eancia \u2013 seis meses na Carteira de Trabalho ou declara\u00e7\u00e3o;<\/p>\n\n\n\n<p>Requisitos obrigat\u00f3rios \u2013 residir nas proximidades do bairro Flores;<\/p>\n\n\n\n<p>Atividades \u2013 higienizar e organizar o ambiente de trabalho; preparar lanches e pratos r\u00e1pidos na lanchonete da loja (tapiocas e sandu\u00edches diversos).<\/p>\n\n\n\n<p>Dispon\u00edvel at\u00e9 21\/08\/2023 ou encerramento da vaga.<\/p>\n\n\n\n<p><strong>1 vaga \u2013 Auxiliar de Estoque<\/strong><\/p>\n\n\n\n<p>Escolaridade \u2013 ensino m\u00e9dio completo;<\/p>\n\n\n\n<p>Experi\u00eancia \u2013 seis meses na Carteira de Trabalho;<\/p>\n\n\n\n<p>Requisitos obrigat\u00f3rios \u2013 ter Inform\u00e1tica b\u00e1sica e conhecimento em planilha Excel;<\/p>\n\n\n\n<p>Atividades \u2013 armazenar e organizar produtos; separar e receber entregas; realizar a confer\u00eancia dos produtos, auxiliando os estoquistas.<\/p>\n\n\n\n<p>Dispon\u00edvel at\u00e9 21\/08\/2023 ou encerramento da vaga.<\/p>\n\n\n\n<p><strong>1 vaga \u2013 Supervisor de Vendas<\/strong><\/p>\n\n\n\n<p>Escolaridade \u2013 ensino superior completo em administra\u00e7\u00e3o, log\u00edstica ou gest\u00e3o comercial;<\/p>\n\n\n\n<p>Experi\u00eancia \u2013 tr\u00eas meses na Carteira de Trabalho;<\/p>\n\n\n\n<p>Requisitos obrigat\u00f3rios \u2013 ter Carteira Nacional de Habilita\u00e7\u00e3o categoria \u201cA\u201d dentro do prazo de validade e ve\u00edculo pr\u00f3prio;<\/p>\n\n\n\n<p>Atividades \u2013 definir objetivos de desempenho e prazos, sempre observando os planos e a vis\u00e3o da empresa; organizar o fluxo de trabalho; elaborar planos de desenvolvimento de novos clientes e distribuidores; coletar indicadores de mercado.<\/p>\n\n\n\n<p>Dispon\u00edvel at\u00e9 21\/08\/2023 ou encerramento da vaga.<\/p>\n\n\n\n<p><strong>1 vaga \u2013 Motorista Carreteiro<\/strong><\/p>\n\n\n\n<p>Escolaridade \u2013 ensino m\u00e9dio completo;<\/p>\n\n\n\n<p>Experi\u00eancia \u2013 seis meses na Carteira de Trabalho;<\/p>\n\n\n\n<p>Requisitos obrigat\u00f3rios \u2013 ter Carteira Nacional de Habilita\u00e7\u00e3o categoria \u201cE\u201d dentro do prazo de validade; ter curso de Dire\u00e7\u00e3o defensiva e no\u00e7\u00f5es b\u00e1sicas em mec\u00e2nica;<\/p>\n\n\n\n<p>Atividades \u2013 transportar materiais e produtos para diversos itiner\u00e1rios; elaborar relat\u00f3rios de viagens e rotas; efetuar a presta\u00e7\u00e3o de contas das despesas do ve\u00edculo; zelar pela conserva\u00e7\u00e3o e seguran\u00e7a dos ve\u00edculos, providenciando limpeza, ajustes e pequenos reparos;<\/p>\n\n\n\n<p>Dispon\u00edvel at\u00e9 21\/08\/2023 ou encerramento da vaga.<\/p>\n\n\n\n<p><strong>1 vaga \u2013 Gar\u00e7om<\/strong><\/p>\n\n\n\n<p>Escolaridade \u2013 ensino fundamental completo;<\/p>\n\n\n\n<p>Experi\u00eancia \u2013 registrada na Carteira de Trabalho;<\/p>\n\n\n\n<p>Atividades \u2013 servir alimentos e bebidas; recolher travessas, talheres e outros recipientes desocupados, encaminhando para lavagem e secagem; preparar a mesa de refei\u00e7\u00f5es, dispondo em ordem pratos, copos, talheres e guardanapos.<\/p>\n\n\n\n<p>Dispon\u00edvel at\u00e9 21\/08\/2023 ou encerramento da vaga.<\/p>\n\n\n\n<p><strong>1 vaga \u2013 Auxiliar de TI<\/strong><strong>&nbsp;<\/strong><\/p>\n\n\n\n<p>Escolaridade \u2013 ensino superior completo ou cursando sistema de informa\u00e7\u00e3o ou \u00e1reas afins;<\/p>\n\n\n\n<p>Experi\u00eancia \u2013 registrada na Carteira de Trabalho;<\/p>\n\n\n\n<p>Requisitos obrigat\u00f3rios \u2013 ter disponibilidade de hor\u00e1rio;<\/p>\n\n\n\n<p>Atividades \u2013 prestar suporte aos usu\u00e1rios da rede de computadores; fazer montagem, reparos e configura\u00e7\u00f5es de equipamentos hardware e software; participar de processo de an\u00e1lise de novos softwares e de processo de compra de softwares aplicativos; elaborar programas que facilitam a interface do usu\u00e1rio.<\/p>\n\n\n\n<p>Dispon\u00edvel at\u00e9 21\/08\/2023 ou encerramento da vaga.<\/p>\n\n\n\n<p><strong>1 vaga \u2013 Auxiliar de Estoque<\/strong><\/p>\n\n\n\n<p>Escolaridade \u2013 ensino m\u00e9dio completo;<\/p>\n\n\n\n<p>Experi\u00eancia \u2013 seis meses na Carteira de Trabalho;<\/p>\n\n\n\n<p>Requisitos obrigat\u00f3rios \u2013 residir na zona Leste de Manaus, ter experi\u00eancia em materiais de constru\u00e7\u00e3o e disponibilidade para trabalho de domingo a sexta-feira;<\/p>\n\n\n\n<p>Atividades \u2013 armazenar e organizar produtos; separar e receber entregas; realizar a confer\u00eancia dos produtos e armazenar no local correto, auxiliando os estoquistas.<\/p>\n\n\n\n<p>Dispon\u00edvel at\u00e9 21\/08\/2023 ou encerramento da vaga.<\/p>\n\n\n\n<p><strong>1 vaga \u2013 Fiscal de Loja<\/strong><\/p>\n\n\n\n<p>Escolaridade \u2013 ensino m\u00e9dio completo;<\/p>\n\n\n\n<p>Experi\u00eancia \u2013 registrada na Carteira de Trabalho;<\/p>\n\n\n\n<p>Atividades \u2013 fiscalizar a entrada e sa\u00edda de clientes, funcion\u00e1rios e mercadorias em lojas; cumprir as normas de seguran\u00e7a e procedimentos administrativos, a fim de zelar pelo patrim\u00f4nio f\u00edsico e pessoal.<\/p>\n\n\n\n<p>Dispon\u00edvel at\u00e9 21\/08\/2023 ou encerramento da vaga.<\/p>\n\n\n\n<p><strong>1 vaga \u2013 Atendente de Delivery<\/strong><\/p>\n\n\n\n<p>Escolaridade \u2013 ensino m\u00e9dio completo;<\/p>\n\n\n\n<p>Experi\u00eancia \u2013 seis meses na Carteira de Trabalho;<\/p>\n\n\n\n<p>Atividades \u2013 realizar atendimento ao p\u00fablico, reposi\u00e7\u00e3o de produtos, armazenamento, verifica\u00e7\u00e3o de validade, limpeza e organiza\u00e7\u00e3o do local.<\/p>\n\n\n\n<p>Dispon\u00edvel at\u00e9 21\/08\/2023 ou encerramento da vaga.<\/p>\n\n\n\n<p><strong>1 vaga \u2013 Motoboy<\/strong><\/p>\n\n\n\n<p>Escolaridade &#8211; ensino m\u00e9dio completo;<\/p>\n\n\n\n<p>Experi\u00eancia \u2013 seis meses na Carteira de Trabalho;<\/p>\n\n\n\n<p>Atividades \u2013 conduzir motocicleta, manipulando seus comandos e dire\u00e7\u00e3o no trajeto indicado, transportando cargas de pequeno volume e expediente em geral.<\/p>\n\n\n\n<p>Dispon\u00edvel at\u00e9 21\/08\/2023 ou encerramento da vaga.<\/p>\n\n\n\n<p><strong>1 vaga \u2013 Analista Administrativo<\/strong><\/p>\n\n\n\n<p>Escolaridade \u2013 ensino m\u00e9dio completo;<\/p>\n\n\n\n<p>Experi\u00eancia \u2013 registrada na Carteira de Trabalho;<\/p>\n\n\n\n<p>Requisitos obrigat\u00f3rios \u2013 ter curso de Inform\u00e1tica avan\u00e7ada com experi\u00eancia e pr\u00e1tica com planilha (Excel);<\/p>\n\n\n\n<p>Atividades \u2013 executar tarefas administrativas relacionadas a diferentes \u00e1reas. Suas fun\u00e7\u00f5es s\u00e3o direcionadas para tornar os processos mais eficientes e lucrativos, por meio da an\u00e1lise e da gest\u00e3o de recursos variados, como finan\u00e7as, recursos humanos, entre outros.&nbsp;Desej\u00e1vel ter habilidade em atendimento\/negocia\u00e7\u00e3o com fornecedor.<\/p>\n\n\n\n<p>Dispon\u00edvel at\u00e9 21\/08\/2023 ou encerramento da vaga.<\/p>\n\n\n\n<p><strong>1 vaga \u2013 Consultor de Vendas<\/strong><\/p>\n\n\n\n<p>Escolaridade \u2013 ensino m\u00e9dio completo;<\/p>\n\n\n\n<p>Experi\u00eancia \u2013 seis meses na Carteira de Trabalho;<\/p>\n\n\n\n<p>Requisitos obrigat\u00f3rios \u2013 ter Carteira Nacional Habilita\u00e7\u00e3o categoria \u201dB\u201d dentro do prazo de validade;<\/p>\n\n\n\n<p>Atividades \u2013 respons\u00e1vel pelas estrat\u00e9gias de vendas; entender as necessidades dos clientes e oferecer as melhores solu\u00e7\u00f5es, para aumentar os resultados da equipe de vendas; ter&nbsp;tido experi\u00eancia com vendas de pneus ser\u00e1 um diferencial.<\/p>\n\n\n\n<p>Dispon\u00edvel at\u00e9 21\/08\/2023 ou encerramento da vaga.<\/p>\n\n\n\n<p><strong>2 vagas &#8211; Auxiliar de Cozinha<\/strong><\/p>\n\n\n\n<p>Escolaridade \u2013 ensino fundamental completo;<\/p>\n\n\n\n<p>Experi\u00eancia \u2013 seis meses na Carteira de Trabalho;<\/p>\n\n\n\n<p>Atividades \u2013 auxiliar no preparo de refei\u00e7\u00f5es, sobremesas e lanches; manter a ordem e a limpeza da cozinha, realizando a coleta e a lavagem das bandejas e talheres; auxiliar no servi\u00e7o de copeiragem.<\/p>\n\n\n\n<p>Dispon\u00edvel at\u00e9 21\/08\/2023 ou encerramento da vaga.<\/p>\n\n\n\n<p><strong>1 vaga \u2013 Motorista de Caminh\u00e3o<\/strong><\/p>\n\n\n\n<p>Escolaridade \u2013 ensino fundamental completo;<\/p>\n\n\n\n<p>Experi\u00eancia \u2013 seis meses na Carteira de Trabalho;<\/p>\n\n\n\n<p>Atividades \u2013 dirigir e manobrar ve\u00edculos e transportar pessoas, cargas ou valores; realizar verifica\u00e7\u00f5es e manuten\u00e7\u00f5es b\u00e1sicas do ve\u00edculo.<\/p>\n\n\n\n<p>Dispon\u00edvel at\u00e9 21\/08\/2023 ou encerramento da vaga.<\/p>\n\n\n\n<p><strong>10 vagas \u2013 Vendedor Porta a Porta<\/strong><\/p>\n\n\n\n<p>Escolaridade \u2013 ensino m\u00e9dio completo;<\/p>\n\n\n\n<p>Experi\u00eancia \u2013 n\u00e3o \u00e9 necess\u00e1rio;<\/p>\n\n\n\n<p>Atividades \u2013 respons\u00e1vel por executar atividades relacionadas \u00e0 venda de produtos ou servi\u00e7os externos; comercializar produtos de Internet, TV, Telefone Fixo e M\u00f3vel; realizar elabora\u00e7\u00e3o de propostas e prospec\u00e7\u00e3o de novos clientes.<\/p>\n\n\n\n<p>Dispon\u00edvel at\u00e9 21\/08\/2023 ou encerramento da vaga.<\/p>\n\n\n\n<p><strong>4 vagas \u2013 Churrasqueiro<\/strong><\/p>\n\n\n\n<p>Escolaridade \u2013 ensino m\u00e9dio completo;<\/p>\n\n\n\n<p>Experi\u00eancia \u2013 seis meses na Carteira de Trabalho;<\/p>\n\n\n\n<p>Atividades \u2013 atuar nos servi\u00e7os de alimenta\u00e7\u00e3o; auxiliar outros profissionais da \u00e1rea no pr\u00e9-preparo, preparo e processamento das carnes, frangos e peixes e na montagem de pratos; verificar a qualidade dos g\u00eaneros aliment\u00edcios, minimizando riscos de contamina\u00e7\u00e3o; trabalhar em conformidade com normas e procedimentos t\u00e9cnicos e de qualidade, seguran\u00e7a, higiene e sa\u00fade.<\/p>\n\n\n\n<p>Dispon\u00edvel at\u00e9 21\/08\/2023 ou encerramento da vaga.<\/p>\n\n\n\n<p><strong>1 vaga \u2013 Peixeiro<\/strong><\/p>\n\n\n\n<p>Escolaridade &#8211; ensino m\u00e9dio completo;<\/p>\n\n\n\n<p>Experi\u00eancia \u2013 seis meses na Carteira de Trabalho;<\/p>\n\n\n\n<p>Atividades \u2013 escolher, preparar, conservar e vender peixes.<\/p>\n\n\n\n<p>Dispon\u00edvel at\u00e9 21\/08\/2023 ou encerramento da vaga.<\/p>\n\n\n\n<p><strong>1 vaga \u2013 Operador de Caixa<\/strong><\/p>\n\n\n\n<p>Escolaridade \u2013 ensino m\u00e9dio completo;<\/p>\n\n\n\n<p>Experi\u00eancia \u2013 seis meses na Carteira de Trabalho;<\/p>\n\n\n\n<p>Requisitos obrigat\u00f3rios \u2013 residir na zona Leste de Manaus e ter disponibilidade para trabalho de domingo \u00e0 sexta-feira;<\/p>\n\n\n\n<p>Atividades \u2013 fazer abertura e fechamento de caixa, processar e receber pagamentos e emitir notas fiscais.<\/p>\n\n\n\n<p>Dispon\u00edvel at\u00e9 21\/08\/2023 ou encerramento da vaga.<\/p>\n\n\n\n<p><strong>Vagas na Ind\u00fastria \u2013 51<\/strong><\/p>\n\n\n\n<p><strong>5 vagas \u2013 L\u00edder de Produ\u00e7\u00e3o (Gerente)<\/strong><\/p>\n\n\n\n<p>Escolaridade \u2013 ensino m\u00e9dio completo;<\/p>\n\n\n\n<p>Experi\u00eancia \u2013 seis meses na Carteira de Trabalho;<\/p>\n\n\n\n<p>Requisitos obrigat\u00f3rios \u2013 ter curso de Lideran\u00e7a; residir nos bairros: Armando Mendes, S\u00e3o Jos\u00e9, Zumbi, Grande Vit\u00f3ria, Novo Aleixo, Cidade Nova, Nova Cidade, Japiim, Petr\u00f3polis, Coroado, Aleixo, Crespo, Santa Luzia, Educandos, Bet\u00e2nia, Morro da Liberdade, Compensa, Santo Ant\u00f4nio ou Comunidade Mundo Novo;<\/p>\n\n\n\n<p>Atividades \u2013 liderar equipe nos processos de produ\u00e7\u00e3o; interpretar ordens; programar m\u00e1quinas e analisar relat\u00f3rios di\u00e1rios para identificar desvios dos padr\u00f5es e providenciar corre\u00e7\u00f5es, garantindo o cumprimento das metas, efici\u00eancia e volume de fabrica\u00e7\u00e3o.<\/p>\n\n\n\n<p>Dispon\u00edvel at\u00e9 21\/08\/2023 ou encerramento da vaga.<\/p>\n\n\n\n<p><strong>5 vagas \u2013 L\u00edder SMT (Supervisor de Seguran\u00e7a do Trabalho)<\/strong><\/p>\n\n\n\n<p>Escolaridade \u2013 ensino m\u00e9dio completo;<\/p>\n\n\n\n<p>Experi\u00eancia \u2013 seis meses na Carteira de Trabalho;<\/p>\n\n\n\n<p>Requisitos obrigat\u00f3rios \u2013 ter experi\u00eancia como L\u00edder SMT (Seguran\u00e7a e Medicina do Trabalho); ter cursos de Lideran\u00e7a, no\u00e7\u00f5es de Componentes e Solda; residir nos bairros: Armando Mendes, S\u00e3o Jos\u00e9, Zumbi, Grande Vit\u00f3ria, Novo Aleixo, Cidade Nova, Nova Cidade, Japiim, Petr\u00f3polis, Coroado, Aleixo, Crespo, Santa Luzia, Educandos, Bet\u00e2nia, Morro da Liberdade, Compensa, Santo Ant\u00f4nio ou Comunidade Mundo Novo;<\/p>\n\n\n\n<p>Atividades \u2013 orientar, analisar, distribuir e liderar os servi\u00e7os da \u00e1rea de Inser\u00e7\u00e3o Autom\u00e1tica, de modo a executar em tempo h\u00e1bil o planejamento do setor. Reformulando as estrat\u00e9gias quando julgar necess\u00e1rio para cumprimento do plano de produ\u00e7\u00e3o, para evitar atrasos.<\/p>\n\n\n\n<p>Dispon\u00edvel at\u00e9 21\/08\/2023 ou encerramento da vaga.<\/p>\n\n\n\n<p><strong>5 vagas \u2013 Eletricista de Manuten\u00e7\u00e3o<\/strong><\/p>\n\n\n\n<p>Escolaridade \u2013 ensino t\u00e9cnico em el\u00e9trica ou eletr\u00f4nica completo;<\/p>\n\n\n\n<p>Experi\u00eancia \u2013 seis meses na Carteira de Trabalho;<\/p>\n\n\n\n<p>Requisitos obrigat\u00f3rios \u2013 ter cursos de NR-10 e SEP (Sistema El\u00e9trico de Pot\u00eancia); residir nos bairros: Armando Mendes, S\u00e3o Jos\u00e9, Zumbi, Grande Vit\u00f3ria, Novo Aleixo, Cidade Nova, Nova Cidade, Japiim, Petr\u00f3polis, Coroado, Aleixo, Crespo, Santa Luzia, Educandos, Bet\u00e2nia, Morro da Liberdade, Compensa, Santo Ant\u00f4nio ou Comunidade Mundo Novo;<\/p>\n\n\n\n<p>Atividades \u2013 planejar servi\u00e7os de manuten\u00e7\u00e3o e instala\u00e7\u00e3o eletroeletr\u00f4nica e realizar manuten\u00e7\u00f5es preventiva, preditiva e corretiva; instalar sistemas e componentes eletroeletr\u00f4nicos; realizar medi\u00e7\u00f5es e testes.<\/p>\n\n\n\n<p>Dispon\u00edvel at\u00e9 21\/08\/2023 ou encerramento da vaga.<\/p>\n\n\n\n<p><strong>5 vagas \u2013 Mec\u00e2nico de Manuten\u00e7\u00e3o Jr<\/strong><\/p>\n\n\n\n<p>Escolaridade \u2013 ensino t\u00e9cnico em mec\u00e2nica incompleto;<\/p>\n\n\n\n<p>Experi\u00eancia \u2013&nbsp;n\u00e3o \u00e9 necess\u00e1rio;<\/p>\n\n\n\n<p>Requisitos obrigat\u00f3rios \u2013 residir nos bairros: Armando Mendes, S\u00e3o Jos\u00e9, Zumbi, Grande Vit\u00f3ria, Novo Aleixo, Cidade Nova, Nova Cidade, Japiim; Petr\u00f3polis, Coroado, Aleixo, Crespo, Santa Luzia, Educandos, Bet\u00e2nia, Morro da Liberdade, Compensa, Santo Ant\u00f4nio ou Comunidade Mundo Novo;<\/p>\n\n\n\n<p>Atividades \u2013 fazer manuten\u00e7\u00e3o de m\u00e1quinas, motores e equipamentos industriais; reparar e substituir pe\u00e7as; fazer ajustes e regulagem, utilizando ferramentas e instrumentos de medi\u00e7\u00e3o e controle.<\/p>\n\n\n\n<p>Dispon\u00edvel at\u00e9 21\/08\/2023 ou encerramento da vaga.<\/p>\n\n\n\n<p><strong>4 vagas \u2013 Vendedor Interno<\/strong><\/p>\n\n\n\n<p>Escolaridade \u2013 ensino m\u00e9dio completo;<\/p>\n\n\n\n<p>Experi\u00eancia \u2013 seis meses na Carteira de Trabalho;<\/p>\n\n\n\n<p>Atividades \u2013 vender mercadorias em estabelecimentos do com\u00e9rcio varejista ou atacadista, auxiliando os clientes na escolha; registrar entrada e sa\u00edda de mercadorias; promover a venda de mercadorias e demonstrar seu funcionamento; informar sobre as qualidades e vantagens da aquisi\u00e7\u00e3o; expor mercadorias de forma atrativa, em pontos estrat\u00e9gicos de vendas; prestar servi\u00e7os aos clientes, como troca de mercadorias, abastecimento de ve\u00edculos e outros servi\u00e7os correlatos; fazer invent\u00e1rio de mercadorias para reposi\u00e7\u00e3o; elaborar relat\u00f3rios de vendas, promo\u00e7\u00f5es, demonstra\u00e7\u00f5es e pesquisa de pre\u00e7os.<\/p>\n\n\n\n<p>Dispon\u00edvel at\u00e9 21\/08\/2023 ou encerramento da vaga.<\/p>\n\n\n\n<p><strong>27 vagas \u2013 Auxiliar de Produ\u00e7\u00e3o<\/strong><\/p>\n\n\n\n<p>Escolaridade \u2013 ensino m\u00e9dio completo;<\/p>\n\n\n\n<p>Experi\u00eancia \u2013 primeiro emprego;<\/p>\n\n\n\n<p>Requisitos obrigat\u00f3rios \u2013 ter curso de TBO, residir na zona Leste de Manaus e ter no m\u00ednimo 3 doses da vacina da Covid-19;<\/p>\n\n\n\n<p>Atividades \u2013 atuar no setor de produ\u00e7\u00e3o da empresa do segmento eletroeletr\u00f4nico: montagem de placas, embalagem em processos de linha de produ\u00e7\u00e3o e controle de qualidade.<\/p>\n\n\n\n<p>Dispon\u00edvel at\u00e9 21\/08\/2023 ou encerramento da vaga.<\/p>\n\n\n\n<p><strong>Vagas em Servi\u00e7os \u2013 39<\/strong><\/p>\n\n\n\n<p><strong>1 vaga \u2013 Supervisor de Telemarketing<\/strong><\/p>\n\n\n\n<p>Escolaridade \u2013 ensino m\u00e9dio completo;<\/p>\n\n\n\n<p>Experi\u00eancia \u2013 registrada na Carteira de Trabalho;<\/p>\n\n\n\n<p>Atividades \u2013 gerenciar as atividades de teleatendimento, como distribui\u00e7\u00e3o de tarefas \u00e0 equipe, acompanhamento de procedimentos e regras para um melhor atendimento ao cliente e elabora\u00e7\u00e3o de relat\u00f3rios estat\u00edsticos; propor medidas para a corre\u00e7\u00e3o e preven\u00e7\u00e3o de problemas, entre outras atividades relativas \u00e0 fun\u00e7\u00e3o.<\/p>\n\n\n\n<p>Dispon\u00edvel at\u00e9 21\/08\/2023 ou encerramento da vaga.<\/p>\n\n\n\n<p><strong>1 vaga \u2013 Encarregado de Manuten\u00e7\u00e3o<\/strong><\/p>\n\n\n\n<p>Escolaridade \u2013 ensino m\u00e9dio completo;<\/p>\n\n\n\n<p>Experi\u00eancia \u2013 registrada na carteira de trabalho;<\/p>\n\n\n\n<p>Atividades \u2013 programar e supervisionar os servi\u00e7os de instala\u00e7\u00e3o e paradas de m\u00e1quinas para manuten\u00e7\u00e3o preventiva e corretiva, visando minimizar o tempo n\u00e3o produtivo dos equipamentos; elaborar os projetos de desenvolvimento de dispositivos para m\u00e1quinas e equipamentos.<\/p>\n\n\n\n<p>Dispon\u00edvel at\u00e9 21\/08\/2023 ou encerramento da vaga.<\/p>\n\n\n\n<p><strong>1 vaga \u2013 Auxiliar de Servi\u00e7os Gerais<\/strong><\/p>\n\n\n\n<p>Escolaridade \u2013 ensino m\u00e9dio completo;<\/p>\n\n\n\n<p>Experi\u00eancia \u2013 registrada na carteira de trabalho;<\/p>\n\n\n\n<p>Requisitos obrigat\u00f3rios \u2013 ter disponibilidade para trabalhar aos finais de semana e feriados; residir pr\u00f3ximo ao bairro S\u00e3o Jorge;<\/p>\n\n\n\n<p>Atividades \u2013 executar trabalhos de limpeza em geral em edif\u00edcios e outros locais, para manuten\u00e7\u00e3o das condi\u00e7\u00f5es de higiene e conserva\u00e7\u00e3o do ambiente, coletando o lixo, entre outras atividades correlatas.<\/p>\n\n\n\n<p>Dispon\u00edvel at\u00e9 21\/08\/2023 ou encerramento da vaga.<\/p>\n\n\n\n<p><strong>1 vaga \u2013 Motorista de Caminh\u00e3o<\/strong><\/p>\n\n\n\n<p>Escolaridade \u2013 ensino m\u00e9dio completo;<\/p>\n\n\n\n<p>Experi\u00eancia \u2013 registrada na Carteira de Trabalho;<\/p>\n\n\n\n<p>Requisitos obrigat\u00f3rios \u2013 ter Carteira Nacional de Habilita\u00e7\u00e3o categoria \u201cD\u201d dentro do prazo de validade;<\/p>\n\n\n\n<p>Atividades \u2013 transportar produtos acabados e mat\u00e9rias-primas para f\u00e1bricas ou centros de varejo e distribui\u00e7\u00e3o; inspecionar ve\u00edculos quanto a itens mec\u00e2nicos e problemas de seguran\u00e7a e realizar manuten\u00e7\u00e3o preventiva; planejar rotas e cumprir os hor\u00e1rios de entrega.<\/p>\n\n\n\n<p>Dispon\u00edvel at\u00e9 21\/08\/2023 ou encerramento da vaga.<\/p>\n\n\n\n<p><strong>1 vaga \u2013 Eletricista de Autom\u00f3veis<\/strong><\/p>\n\n\n\n<p>Escolaridade \u2013 ensino fundamental completo;<\/p>\n\n\n\n<p>Experi\u00eancia \u2013 registrada na Carteira de Trabalho;<\/p>\n\n\n\n<p>Requisitos obrigat\u00f3rios \u2013 ter disponibilidade para viagens em caso de necessidade da empresa (escala 12\u00d78) e experi\u00eancia com frota pesada (caminh\u00f5es e \u00f4nibus);<\/p>\n\n\n\n<p>Atividades \u2013 realizar instala\u00e7\u00e3o e manuten\u00e7\u00e3o el\u00e9trica preventiva e corretiva em ve\u00edculos pesados; analisar as necessidades de troca e regulagem, montar sistemas e aplicar testes de funcionamento.<\/p>\n\n\n\n<p>Dispon\u00edvel at\u00e9 21\/08\/2023 ou encerramento da vaga.<\/p>\n\n\n\n<p><strong>2 vagas \u2013 T\u00e9cnico em Eletromec\u00e2nica<\/strong><strong>&nbsp;<\/strong><\/p>\n\n\n\n<p>Escolaridade \u2013 ensino t\u00e9cnico completo em Eletromec\u00e2nica;<\/p>\n\n\n\n<p>Experi\u00eancia \u2013 tr\u00eas meses na Carteira de Trabalho ou declara\u00e7\u00e3o;<\/p>\n\n\n\n<p>Requisitos obrigat\u00f3rios \u2013 ter Carteira Nacional de Habilita\u00e7\u00e3o categoria \u201cB\u201d dentro do prazo de validade;<\/p>\n\n\n\n<p>Atividades \u2013 planejar, executar e participar da elabora\u00e7\u00e3o de projetos eletromec\u00e2nicos de m\u00e1quinas, equipamentos e instala\u00e7\u00f5es; usinar pe\u00e7as e interpretar esquemas de montagem e desenhos t\u00e9cnicos; montar m\u00e1quinas e realizar manuten\u00e7\u00e3o eletromec\u00e2nica de m\u00e1quinas, equipamentos e instala\u00e7\u00f5es.<\/p>\n\n\n\n<p>Dispon\u00edvel at\u00e9 21\/08\/2023 ou encerramento da vaga.<\/p>\n\n\n\n<p><strong>1 vaga \u2013 Assistente Financeiro<\/strong><\/p>\n\n\n\n<p>Escolaridade \u2013 ensino superior completo ou cursando ci\u00eancias cont\u00e1beis ou \u00e1reas afins;<\/p>\n\n\n\n<p>Experi\u00eancia \u2013 seis meses na Carteira de Trabalho;<\/p>\n\n\n\n<p>Atividades \u2013 executar atividades financeiras, contas a pagar e a receber; fazer lan\u00e7amentos financeiros e cont\u00e1beis no ERP da empresa e de Notas Fiscais, entre outras atividades.<\/p>\n\n\n\n<p>Dispon\u00edvel at\u00e9 21\/08\/2023 ou encerramento da vaga.<\/p>\n\n\n\n<p><strong>15 vagas \u2013 Pedreiro de Fachada<\/strong><\/p>\n\n\n\n<p>Escolaridade \u2013 ensino fundamental completo;<\/p>\n\n\n\n<p>Experi\u00eancia \u2013 seis meses na Carteira de Trabalho;<\/p>\n\n\n\n<p>Requisitos obrigat\u00f3rios \u2013 ter disponibilidade para trabalhar em Iranduba;<\/p>\n\n\n\n<p>Atividades \u2013 executar trabalhos em alvenaria, concreto e outros materiais, guiando-se por desenhos, esquemas e especifica\u00e7\u00f5es, utilizando processos e instrumentos pertinentes ao of\u00edcio para construir, reformar ou reparar pr\u00e9dios e obras similares; verificar as caracter\u00edsticas das obras, examinando plantas e especifica\u00e7\u00f5es t\u00e9cnicas.<\/p>\n\n\n\n<p>Dispon\u00edvel at\u00e9 21\/08\/2023 ou encerramento da vaga.<\/p>\n\n\n\n<p><strong>2<\/strong><strong>&nbsp;<\/strong><strong>vagas <\/strong><strong>\u2013<\/strong><strong> Manicure<\/strong><\/p>\n\n\n\n<p>Escolaridade \u2013 ensino fundamental completo;<\/p>\n\n\n\n<p>Experi\u00eancia \u2013 tr\u00eas meses na Carteira de Trabalho ou avulso;<\/p>\n\n\n\n<p>Atividades \u2013 realizar esmalta\u00e7\u00e3o simples, em gel e alongamento; cuidar da est\u00e9tica e sa\u00fade e aplicar produtos qu\u00edmicos; realizar massagens est\u00e9ticas utilizando produtos e aparelhagem; selecionar, preparar e cuidar do local e materiais de trabalho.<\/p>\n\n\n\n<p>Dispon\u00edvel at\u00e9 21\/08\/2023 ou encerramento da vaga.<\/p>\n\n\n\n<p><strong>2 vagas \u2013 Pintor de Obras<\/strong><strong>&nbsp;<\/strong><\/p>\n\n\n\n<p>Escolaridade \u2013 ensino m\u00e9dio completo;<\/p>\n\n\n\n<p>Experi\u00eancia \u2013 seis meses na Carteira de Trabalho;<\/p>\n\n\n\n<p>Atividades \u2013 realizar pintura em paredes internas e externas; preparar as superf\u00edcies antes de pint\u00e1-las, com limpeza, aplica\u00e7\u00e3o de massa fina ou corrida e lixamento.<\/p>\n\n\n\n<p>Dispon\u00edvel at\u00e9 21\/08\/2023 ou encerramento da vaga.<\/p>\n\n\n\n<p><strong>1 vaga \u2013 Auxiliar de Marceneiro<\/strong><\/p>\n\n\n\n<p>Escolaridade \u2013 ensino m\u00e9dio completo;<\/p>\n\n\n\n<p>Experi\u00eancia \u2013 seis meses na Carteira de Trabalho;<\/p>\n\n\n\n<p>Atividades \u2013 preparar o ambiente para a confec\u00e7\u00e3o de projetos em madeira; seguir planos de corte e cortar pe\u00e7as; ajudar nas corre\u00e7\u00f5es de projetos quando necess\u00e1rio; dar suporte no processo de montagem.<\/p>\n\n\n\n<p>Dispon\u00edvel at\u00e9 21\/08\/2023 ou encerramento da vaga.<\/p>\n\n\n\n<p><strong>2 vagas \u2013 T\u00e9cnico em Seguran\u00e7a do Trabalho<\/strong><\/p>\n\n\n\n<p>Escolaridade \u2013 ensino m\u00e9dio completo;<\/p>\n\n\n\n<p>Experi\u00eancia \u2013 seis meses na Carteira de Trabalho;<\/p>\n\n\n\n<p>Requisitos obrigat\u00f3rios \u2013 ter curso T\u00e9cnico em Seguran\u00e7a do Trabalho;<\/p>\n\n\n\n<p>Atividades \u2013 participar de per\u00edcias e fiscaliza\u00e7\u00f5es e integrar processos de negocia\u00e7\u00e3o; participar da ado\u00e7\u00e3o de tecnologias e processos de trabalho; gerenciar documenta\u00e7\u00e3o de SST; investigar e analisar acidentes; recomendar medidas de preven\u00e7\u00e3o e controle.<\/p>\n\n\n\n<p>Dispon\u00edvel at\u00e9 21\/08\/2023 ou encerramento da vaga.<\/p>\n\n\n\n<p><strong>3 vagas \u2013 Atendente<\/strong><\/p>\n\n\n\n<p>Escolaridade \u2013 ensino m\u00e9dio completo;<\/p>\n\n\n\n<p>Experi\u00eancia \u2013 tr\u00eas meses na Carteira de Trabalho<\/p>\n\n\n\n<p>Atividades \u2013 acolher bem os clientes; orientar sobre os produtos e servi\u00e7os oferecidos; resolver problemas, esclarecer d\u00favidas e prestar informa\u00e7\u00f5es; realizar vendas e emitir notas fiscais; organizar o ambiente de trabalho e efetuar o fechamento do caixa.<\/p>\n\n\n\n<p>Dispon\u00edvel at\u00e9 21\/08\/2023 ou encerramento da vaga.<\/p>\n\n\n\n<p><strong>1 vaga \u2013 Auxiliar de Recursos Humanos<\/strong><\/p>\n\n\n\n<p>Escolaridade \u2013 ensino m\u00e9dio completo;<\/p>\n\n\n\n<p>Experi\u00eancia \u2013 seis meses na Carteira de Trabalho;<\/p>\n\n\n\n<p>Atividades \u2013 responder d\u00favidas e solicita\u00e7\u00f5es dos colaboradores acerca dos processos do RH; auxiliar no c\u00e1lculo de benef\u00edcios e adicionais que incidem na folha de pagamento; contribuir para o planejamento de carreiras dos funcion\u00e1rios; ajudar a organizar e gerenciar escalas de trabalho.<\/p>\n\n\n\n<p>Dispon\u00edvel at\u00e9 21\/08\/2023 ou encerramento da vaga.<\/p>\n\n\n\n<p><strong>1 vaga \u2013 Auxiliar de Faturamento<\/strong><\/p>\n\n\n\n<p>Escolaridade \u2013 ensino m\u00e9dio completo;<\/p>\n\n\n\n<p>Experi\u00eancia \u2013 seis meses na Carteira de Trabalho;<\/p>\n\n\n\n<p>Requisitos obrigat\u00f3rios \u2013 ter experi\u00eancia com planilha Excel;<\/p>\n\n\n\n<p>Atividades \u2013 atuar em diversos processos relacionados \u00e0 emiss\u00e3o de notas fiscais e controle de recebimentos da empresa, como confer\u00eancia de pedidos, elabora\u00e7\u00e3o de documentos fiscais e controle de contas a receber.<\/p>\n\n\n\n<p>Dispon\u00edvel at\u00e9 21\/08\/2023 ou encerramento da vaga.<\/p>\n\n\n\n<p><strong>1 vaga \u2013 Pintor de Ve\u00edculos<\/strong><\/p>\n\n\n\n<p>Escolaridade \u2013 ensino fundamental completo;<\/p>\n\n\n\n<p>Experi\u00eancia \u2013 seis meses na Carteira de Trabalho;<\/p>\n\n\n\n<p>Atividades \u2013 analisar o ve\u00edculo a ser reparado; realizar o desmonte e providenciar materiais, equipamentos, ferramentas e condi\u00e7\u00f5es necess\u00e1rias para o servi\u00e7o; preparar a lataria do ve\u00edculo e as pe\u00e7as para os servi\u00e7os de lanternagem e pintura.<\/p>\n\n\n\n<p>Dispon\u00edvel at\u00e9 21\/08\/2023 ou encerramento da vaga.<\/p>\n\n\n\n<p><strong>1 vaga \u2013 T\u00e9cnico em Refrigera\u00e7\u00e3o<\/strong><\/p>\n\n\n\n<p>Escolaridade \u2013 ensino m\u00e9dio completo;<\/p>\n\n\n\n<p>Experi\u00eancia \u2013 seis meses na Carteira de Trabalho;<\/p>\n\n\n\n<p>Requisitos obrigat\u00f3rios \u2013 ter curso T\u00e9cnico em Refrigera\u00e7\u00e3o;<\/p>\n\n\n\n<p>Atividades \u2013 avaliar e dimensionar locais para instala\u00e7\u00e3o de equipamentos de refrigera\u00e7\u00e3o, calefa\u00e7\u00e3o e ar condicionado; especificar materiais e acess\u00f3rios e instalar equipamentos de refrigera\u00e7\u00e3o e ventila\u00e7\u00e3o; instalar ramais de dutos e montar tubula\u00e7\u00f5es de refrigera\u00e7\u00e3o; aplicar v\u00e1cuo em sistemas de refrigera\u00e7\u00e3o.<\/p>\n\n\n\n<p>Dispon\u00edvel at\u00e9 21\/08\/2023 ou encerramento da vaga.<\/p>\n\n\n\n<p><strong>2 vagas \u2013 Assistente Comercial<\/strong><strong>&nbsp;<\/strong><\/p>\n\n\n\n<p>Escolaridade \u2013 ensino m\u00e9dio completo;<\/p>\n\n\n\n<p>Experi\u00eancia \u2013 seis meses na Carteira de Trabalho;<\/p>\n\n\n\n<p>Requisitos obrigat\u00f3rios \u2013 ter Conhecimento em licita\u00e7\u00e3o, inform\u00e1tica b\u00e1sica e avan\u00e7ada, planilha Excel, Comprasnet e E-compras;<\/p>\n\n\n\n<p>Atividades \u2013 realizar apoio ao setor comercial, realizando assist\u00eancia em todos os processos de vendas; acompanhar pedidos, entrar em contato com clientes, desenvolver propostas comerciais e analisar o mercado, elaborando relat\u00f3rios.<\/p>\n\n\n\n<p>Dispon\u00edvel at\u00e9 21\/08\/2023 ou encerramento da vaga.<\/p>\n\n\n\n<p><strong>Vagas Exclusivas para Pessoas com Defici\u00eancia (PcD) \u2013 37<\/strong><\/p>\n\n\n\n<p><strong>3 vagas \u2013 Auxiliar de Servi\u00e7os Gerais \u2013 vagas exclusivas para Pessoas com Defici\u00eancia (PcD)<\/strong><\/p>\n\n\n\n<p>Escolaridade \u2013 ensino m\u00e9dio completo;<\/p>\n\n\n\n<p>Experi\u00eancia \u2013 n\u00e3o \u00e9 necess\u00e1rio;<\/p>\n\n\n\n<p>Atividades \u2013 realizar atividades de limpeza nas \u00e1reas externa e interna da empresa.<\/p>\n\n\n\n<p>Dispon\u00edvel at\u00e9 21\/08\/2023 ou encerramento da vaga.<\/p>\n\n\n\n<p><strong>1 vaga \u2013 Oficial de Manuten\u00e7\u00e3o \u2013 vaga exclusiva para Pessoa com Defici\u00eancia (PcD)<\/strong><\/p>\n\n\n\n<p>Escolaridade \u2013 ensino m\u00e9dio completo;<\/p>\n\n\n\n<p>Experi\u00eancia \u2013 n\u00e3o \u00e9 necess\u00e1rio;<\/p>\n\n\n\n<p>Atividades \u2013 limpar e manter limpo ambientes internos e externos, executando limpezas \u00famida e seca; limpar e conservar limpo banheiros e outros ambientes de higiene pessoal; executar a coleta de lixo comum e recicl\u00e1vel; limpar portas e janelas de vidro, paredes e teto; cuidar dos vasos de plantas internas; varrer ambientes externos, coletando folhas secas, buscando contribuir para manter o ambiente agrad\u00e1vel; realizar a limpeza de cozinhas, \u00e1rea de servi\u00e7o, garagens e p\u00e1tios, assoalhos e m\u00f3veis, carpetes e tapetes; abastecer os ambientes com materiais.<\/p>\n\n\n\n<p>Dispon\u00edvel at\u00e9 21\/08\/2023 ou encerramento da vaga.&nbsp;&nbsp;&nbsp;&nbsp;&nbsp;&nbsp;&nbsp;&nbsp;&nbsp;&nbsp;&nbsp;<\/p>\n\n\n\n<p><strong>1 vaga \u2013 Motorista de \u00d4nibus \u2013 vaga exclusiva para Pessoa com Defici\u00eancia (PcD)<\/strong><\/p>\n\n\n\n<p>Escolaridade \u2013 ensino fundamental completo;<\/p>\n\n\n\n<p>Experi\u00eancia \u2013 n\u00e3o \u00e9 necess\u00e1rio;<\/p>\n\n\n\n<p>Requisitos obrigat\u00f3rios \u2013 ter Carteira Nacional de Habilita\u00e7\u00e3o categoria \u201cD\u201d dentro do prazo de validade, curso de Transporte Coletivo de Passageiros (TCP) e Dire\u00e7\u00e3o Preventiva atualizado;<\/p>\n\n\n\n<p>Atividades \u2013 transportar ve\u00edculos com cargas ou pessoas, para itiner\u00e1rios definidos; elaborar rotas de transporte.<\/p>\n\n\n\n<p>Dispon\u00edvel at\u00e9 21\/08\/2023 ou encerramento da vaga.<\/p>\n\n\n\n<p><strong>3 vagas \u2013 Cobrador \u2013 vagas exclusivas para Pessoas com Defici\u00eancia (PcD)<\/strong><\/p>\n\n\n\n<p>Escolaridade \u2013 ensino m\u00e9dio completo;<\/p>\n\n\n\n<p>Experi\u00eancia \u2013 registrada na Carteira de Trabalho;<\/p>\n\n\n\n<p>Atividades \u2013 realizar cobran\u00e7a de tarifas em transportes coletivos e repassar o troco, se necess\u00e1rio; prestar informa\u00e7\u00f5es aos usu\u00e1rios e manter a ordem e limpeza do ve\u00edculo.<\/p>\n\n\n\n<p>Dispon\u00edvel at\u00e9 21\/08\/2023 ou encerramento da vaga.<\/p>\n\n\n\n<p><strong>10 vagas \u2013 Auxiliar de Produ\u00e7\u00e3o de Alimentos \u2013 vagas exclusivas para Pessoas com Defici\u00eancia (PcD)<\/strong><\/p>\n\n\n\n<p>Escolaridade \u2013 ensino m\u00e9dio completo;<\/p>\n\n\n\n<p>Experi\u00eancia \u2013 seis meses na Carteira de Trabalho;<\/p>\n\n\n\n<p>Atividades \u2013 preparar materiais para alimenta\u00e7\u00e3o de linhas de produ\u00e7\u00e3o; organizar a \u00e1rea de servi\u00e7o; abastecer linhas de produ\u00e7\u00e3o; alimentar m\u00e1quinas e separar materiais para reaproveitamento.<\/p>\n\n\n\n<p>Dispon\u00edvel at\u00e9 21\/08\/2023 ou encerramento da vaga.<\/p>\n\n\n\n<p><strong>2 vagas \u2013 Auxiliar de Limpeza \u2013 vagas exclusivas para Pessoas com Defici\u00eancia (PcD)<\/strong><\/p>\n\n\n\n<p>Escolaridade \u2013 ensino m\u00e9dio completo;<\/p>\n\n\n\n<p>Experi\u00eancia \u2013 seis meses na Carteira de Trabalho;<\/p>\n\n\n\n<p>Atividades \u2013 executar servi\u00e7os de limpeza, conserva\u00e7\u00e3o e higieniza\u00e7\u00e3o dos ambientes.<\/p>\n\n\n\n<p>Dispon\u00edvel at\u00e9 21\/08\/2023 ou encerramento da vaga.<\/p>\n\n\n\n<p><strong>3 vagas \u2013 Auxiliar de Servi\u00e7os Gerais \u2013 vagas exclusivas para Pessoa com Defici\u00eancia (PcD)<\/strong><\/p>\n\n\n\n<p>Escolaridade \u2013 ensino fundamental completo;<\/p>\n\n\n\n<p>Experi\u00eancia \u2013 seis meses na Carteira de Trabalho;<\/p>\n\n\n\n<p>Atividades \u2013&nbsp;realizar limpeza di\u00e1ria das depend\u00eancias da empresa; remover o p\u00f3 dos m\u00f3veis, fazer a varredura do piso, aspirar detritos, limpar ou lavar vidros e janelas, remover o lixo das lixeiras, higienizar os banheiros e repor materiais de limpeza.<\/p>\n\n\n\n<p>Dispon\u00edvel at\u00e9 21\/08\/2023 ou encerramento da vaga.<\/p>\n\n\n\n<p><strong>10 vagas \u2013 Auxiliar de Servi\u00e7os Gerais \u2013 vagas exclusivas para Pessoa com Defici\u00eancia (PcD)<\/strong><\/p>\n\n\n\n<p>Escolaridade \u2013 ensino fundamental completo;<\/p>\n\n\n\n<p>Experi\u00eancia \u2013 n\u00e3o \u00e9 necess\u00e1rio;<\/p>\n\n\n\n<p>Atividades \u2013&nbsp;realizar limpeza di\u00e1ria das depend\u00eancias da empresa; remover o p\u00f3 dos m\u00f3veis, fazer a varredura do piso, aspirar detritos, limpar ou lavar vidros e janelas, remover o lixo das lixeiras, higienizar os banheiros e repor materiais de limpeza.<\/p>\n\n\n\n<p>Dispon\u00edvel at\u00e9 21\/08\/2023 ou encerramento da vaga.<\/p>\n\n\n\n<p><strong>2 vagas \u2013 Frentista \u2013 vagas exclusivas para Pessoas com Defici\u00eancia (PcD)<\/strong><\/p>\n\n\n\n<p>Escolaridade \u2013 ensino m\u00e9dio completo;<\/p>\n\n\n\n<p>Experi\u00eancia \u2013 n\u00e3o \u00e9 necess\u00e1rio;<\/p>\n\n\n\n<p>Atividades \u2013 respons\u00e1vel por abastecer ve\u00edculos; prestar atendimento a clientes; auxiliar com o pagamento dos servi\u00e7os prestados; ajudar na limpeza e manuten\u00e7\u00e3o de ve\u00edculos.<\/p>\n\n\n\n<p>Dispon\u00edvel at\u00e9 21\/08\/2023 ou encerramento da vaga.<\/p>\n\n\n\n<p><strong>2 vagas \u2013 Assistente de Telemarketing \u2013 vagas exclusivas para Pessoas com Defici\u00eancia (PcD)<\/strong><\/p>\n\n\n\n<p>Escolaridade \u2013 ensino m\u00e9dio completo;<\/p>\n\n\n\n<p>Experi\u00eancia \u2013 seis na Carteira de Trabalho;<\/p>\n\n\n\n<p>Atividades \u2013 atender usu\u00e1rios; oferecer servi\u00e7os e produtos; prestar servi\u00e7os t\u00e9cnicos especializados; realizar pesquisas, fazer servi\u00e7os de cobran\u00e7a e cadastramento de clientes, sempre via teleatendimento, seguindo roteiros e scripts planejados e controlados, para captar, reter ou recuperar clientes.<\/p>\n\n\n\n<p>Dispon\u00edvel at\u00e9 21\/08\/2023 ou encerramento da vaga.<\/p>\n\n\n\n<p>&#8212; &#8212; &#8212;<\/p>\n\n\n\n<p><strong>Texto \u2013<\/strong><strong>&nbsp;<\/strong>Divulga\u00e7\u00e3o \/ Semtepi<\/p>\n\n\n\n<p><strong>Fotos \u2013\u00a0<\/strong>Arquivo \/ Semcom<\/p>\n\n\n\n<p><strong>Dispon\u00edveis em \u2013\u00a0<\/strong><a href=\"https:\/\/flic.kr\/s\/aHBqjzGRm9\" target=\"_blank\" rel=\"noreferrer noopener\">https:\/\/flic.kr\/s\/aHBqjzGRm9<\/a><\/p>\n","protected":false},"excerpt":{"rendered":"","protected":false},"author":39,"featured_media":2477,"comment_status":"closed","ping_status":"closed","sticky":false,"template":"","format":"standard","meta":{"footnotes":""},"categories":[5],"tags":[501,7,8,9,10],"acf":[],"yoast_head":"<!-- This site is optimized with the Yoast SEO plugin v23.0 - https:\/\/yoast.com\/wordpress\/plugins\/seo\/ -->\n<title>Sine Manaus oferta 246 vagas de emprego nesta segunda-feira, 21\/8<\/title>\n<meta name=\"description\" content=\"A Prefeitura de Manaus, por meio do Sine Manaus, oferta 246 vagas de emprego em v\u00e1rias \u00e1reas de atua\u00e7\u00e3o, nesta segunda-feira, 21\/8,\u00a0de 8h \u00e0s 16h.\" \/>\n<meta name=\"robots\" content=\"noindex, follow\" \/>\n<meta property=\"og:locale\" content=\"pt_BR\" \/>\n<meta property=\"og:type\" content=\"article\" \/>\n<meta property=\"og:title\" content=\"Sine Manaus oferta 246 vagas de emprego nesta segunda-feira, 21\/8\" \/>\n<meta property=\"og:description\" content=\"A Prefeitura de Manaus, por meio do Sine Manaus, oferta 246 vagas de emprego em v\u00e1rias \u00e1reas de atua\u00e7\u00e3o, nesta segunda-feira, 21\/8,\u00a0de 8h \u00e0s 16h.\" \/>\n<meta property=\"og:url\" content=\"https:\/\/www.manaus.am.gov.br\/semtepi\/oportunidade\/sine-manaus-oferta-246-vagas-de-emprego-nesta-segunda-feira-21-8\/\" \/>\n<meta property=\"og:site_name\" content=\"SEMTEPI\" \/>\n<meta property=\"article:published_time\" content=\"2023-08-20T12:49:00+00:00\" \/>\n<meta property=\"article:modified_time\" content=\"2023-08-20T12:49:03+00:00\" \/>\n<meta property=\"og:image\" content=\"https:\/\/www.manaus.am.gov.br\/semtepi\/wp-content\/uploads\/sites\/20\/2023\/08\/Oportunidade-5.jpg\" \/>\n\t<meta property=\"og:image:width\" content=\"2048\" \/>\n\t<meta property=\"og:image:height\" content=\"1365\" \/>\n\t<meta property=\"og:image:type\" content=\"image\/jpeg\" \/>\n<meta name=\"author\" content=\"Bruna Greco\" \/>\n<meta name=\"twitter:card\" content=\"summary_large_image\" \/>\n<meta name=\"twitter:label1\" content=\"Written by\" \/>\n\t<meta name=\"twitter:data1\" content=\"Bruna Greco\" \/>\n\t<meta name=\"twitter:label2\" content=\"Est. reading time\" \/>\n\t<meta name=\"twitter:data2\" content=\"29 minutos\" \/>\n<script type=\"application\/ld+json\" class=\"yoast-schema-graph\">{\"@context\":\"https:\/\/schema.org\",\"@graph\":[{\"@type\":\"Article\",\"@id\":\"https:\/\/www.manaus.am.gov.br\/semtepi\/oportunidade\/sine-manaus-oferta-246-vagas-de-emprego-nesta-segunda-feira-21-8\/#article\",\"isPartOf\":{\"@id\":\"https:\/\/www.manaus.am.gov.br\/semtepi\/oportunidade\/sine-manaus-oferta-246-vagas-de-emprego-nesta-segunda-feira-21-8\/\"},\"author\":{\"name\":\"Bruna Greco\",\"@id\":\"https:\/\/www.manaus.am.gov.br\/semtepi\/#\/schema\/person\/05d223aea2bf115f9883a6ff3683d81b\"},\"headline\":\"Sine Manaus oferta 246 vagas de emprego nesta segunda-feira, 21\/8\",\"datePublished\":\"2023-08-20T12:49:00+00:00\",\"dateModified\":\"2023-08-20T12:49:03+00:00\",\"mainEntityOfPage\":{\"@id\":\"https:\/\/www.manaus.am.gov.br\/semtepi\/oportunidade\/sine-manaus-oferta-246-vagas-de-emprego-nesta-segunda-feira-21-8\/\"},\"wordCount\":5917,\"publisher\":{\"@id\":\"https:\/\/www.manaus.am.gov.br\/semtepi\/#organization\"},\"image\":{\"@id\":\"https:\/\/www.manaus.am.gov.br\/semtepi\/oportunidade\/sine-manaus-oferta-246-vagas-de-emprego-nesta-segunda-feira-21-8\/#primaryimage\"},\"thumbnailUrl\":\"https:\/\/www.manaus.am.gov.br\/semtepi\/wp-content\/uploads\/sites\/20\/2023\/08\/Oportunidade-5.jpg\",\"keywords\":[\"246 vagas de emprego\",\"oportunidade\",\"prefeitura de manaus\",\"Semtepi\",\"sine manaus\"],\"articleSection\":[\"Oportunidade\"],\"inLanguage\":\"pt-BR\"},{\"@type\":\"WebPage\",\"@id\":\"https:\/\/www.manaus.am.gov.br\/semtepi\/oportunidade\/sine-manaus-oferta-246-vagas-de-emprego-nesta-segunda-feira-21-8\/\",\"url\":\"https:\/\/www.manaus.am.gov.br\/semtepi\/oportunidade\/sine-manaus-oferta-246-vagas-de-emprego-nesta-segunda-feira-21-8\/\",\"name\":\"Sine Manaus oferta 246 vagas de emprego nesta segunda-feira, 21\/8\",\"isPartOf\":{\"@id\":\"https:\/\/www.manaus.am.gov.br\/semtepi\/#website\"},\"primaryImageOfPage\":{\"@id\":\"https:\/\/www.manaus.am.gov.br\/semtepi\/oportunidade\/sine-manaus-oferta-246-vagas-de-emprego-nesta-segunda-feira-21-8\/#primaryimage\"},\"image\":{\"@id\":\"https:\/\/www.manaus.am.gov.br\/semtepi\/oportunidade\/sine-manaus-oferta-246-vagas-de-emprego-nesta-segunda-feira-21-8\/#primaryimage\"},\"thumbnailUrl\":\"https:\/\/www.manaus.am.gov.br\/semtepi\/wp-content\/uploads\/sites\/20\/2023\/08\/Oportunidade-5.jpg\",\"datePublished\":\"2023-08-20T12:49:00+00:00\",\"dateModified\":\"2023-08-20T12:49:03+00:00\",\"description\":\"A Prefeitura de Manaus, por meio do Sine Manaus, oferta 246 vagas de emprego em v\u00e1rias \u00e1reas de atua\u00e7\u00e3o, nesta segunda-feira, 21\/8,\u00a0de 8h \u00e0s 16h.\",\"breadcrumb\":{\"@id\":\"https:\/\/www.manaus.am.gov.br\/semtepi\/oportunidade\/sine-manaus-oferta-246-vagas-de-emprego-nesta-segunda-feira-21-8\/#breadcrumb\"},\"inLanguage\":\"pt-BR\",\"potentialAction\":[{\"@type\":\"ReadAction\",\"target\":[\"https:\/\/www.manaus.am.gov.br\/semtepi\/oportunidade\/sine-manaus-oferta-246-vagas-de-emprego-nesta-segunda-feira-21-8\/\"]}]},{\"@type\":\"ImageObject\",\"inLanguage\":\"pt-BR\",\"@id\":\"https:\/\/www.manaus.am.gov.br\/semtepi\/oportunidade\/sine-manaus-oferta-246-vagas-de-emprego-nesta-segunda-feira-21-8\/#primaryimage\",\"url\":\"https:\/\/www.manaus.am.gov.br\/semtepi\/wp-content\/uploads\/sites\/20\/2023\/08\/Oportunidade-5.jpg\",\"contentUrl\":\"https:\/\/www.manaus.am.gov.br\/semtepi\/wp-content\/uploads\/sites\/20\/2023\/08\/Oportunidade-5.jpg\",\"width\":2048,\"height\":1365},{\"@type\":\"BreadcrumbList\",\"@id\":\"https:\/\/www.manaus.am.gov.br\/semtepi\/oportunidade\/sine-manaus-oferta-246-vagas-de-emprego-nesta-segunda-feira-21-8\/#breadcrumb\",\"itemListElement\":[{\"@type\":\"ListItem\",\"position\":1,\"name\":\"Home\",\"item\":\"https:\/\/www.manaus.am.gov.br\/semtepi\/\"},{\"@type\":\"ListItem\",\"position\":2,\"name\":\"Sine Manaus oferta 246 vagas de emprego nesta segunda-feira, 21\/8\"}]},{\"@type\":\"WebSite\",\"@id\":\"https:\/\/www.manaus.am.gov.br\/semtepi\/#website\",\"url\":\"https:\/\/www.manaus.am.gov.br\/semtepi\/\",\"name\":\"SEMTEPI\",\"description\":\"Prefeitura de Manaus\",\"publisher\":{\"@id\":\"https:\/\/www.manaus.am.gov.br\/semtepi\/#organization\"},\"alternateName\":\"Secretaria Municipal do Trabalho, Empreendedorismo e Inova\u00e7\u00e3o\",\"potentialAction\":[{\"@type\":\"SearchAction\",\"target\":{\"@type\":\"EntryPoint\",\"urlTemplate\":\"https:\/\/www.manaus.am.gov.br\/semtepi\/?s={search_term_string}\"},\"query-input\":\"required name=search_term_string\"}],\"inLanguage\":\"pt-BR\"},{\"@type\":\"Organization\",\"@id\":\"https:\/\/www.manaus.am.gov.br\/semtepi\/#organization\",\"name\":\"Prefeitura Municipal de Manaus\",\"alternateName\":\"Prefeitura de Manaus\",\"url\":\"https:\/\/www.manaus.am.gov.br\/semtepi\/\",\"logo\":{\"@type\":\"ImageObject\",\"inLanguage\":\"pt-BR\",\"@id\":\"https:\/\/www.manaus.am.gov.br\/semtepi\/#\/schema\/logo\/image\/\",\"url\":\"https:\/\/www.manaus.am.gov.br\/semtepi\/wp-content\/uploads\/sites\/20\/2024\/07\/favicon.png\",\"contentUrl\":\"https:\/\/www.manaus.am.gov.br\/semtepi\/wp-content\/uploads\/sites\/20\/2024\/07\/favicon.png\",\"width\":300,\"height\":300,\"caption\":\"Prefeitura Municipal de Manaus\"},\"image\":{\"@id\":\"https:\/\/www.manaus.am.gov.br\/semtepi\/#\/schema\/logo\/image\/\"}},{\"@type\":\"Person\",\"@id\":\"https:\/\/www.manaus.am.gov.br\/semtepi\/#\/schema\/person\/05d223aea2bf115f9883a6ff3683d81b\",\"name\":\"Bruna Greco\",\"image\":{\"@type\":\"ImageObject\",\"inLanguage\":\"pt-BR\",\"@id\":\"https:\/\/www.manaus.am.gov.br\/semtepi\/#\/schema\/person\/image\/\",\"url\":\"https:\/\/secure.gravatar.com\/avatar\/9c877d1a6adc2a055330e5c09a8653ce?s=96&d=mm&r=g\",\"contentUrl\":\"https:\/\/secure.gravatar.com\/avatar\/9c877d1a6adc2a055330e5c09a8653ce?s=96&d=mm&r=g\",\"caption\":\"Bruna Greco\"}}]}<\/script>\n<!-- \/ Yoast SEO plugin. -->","yoast_head_json":{"title":"Sine Manaus oferta 246 vagas de emprego nesta segunda-feira, 21\/8","description":"A Prefeitura de Manaus, por meio do Sine Manaus, oferta 246 vagas de emprego em v\u00e1rias \u00e1reas de atua\u00e7\u00e3o, nesta segunda-feira, 21\/8,\u00a0de 8h \u00e0s 16h.","robots":{"index":"noindex","follow":"follow"},"og_locale":"pt_BR","og_type":"article","og_title":"Sine Manaus oferta 246 vagas de emprego nesta segunda-feira, 21\/8","og_description":"A Prefeitura de Manaus, por meio do Sine Manaus, oferta 246 vagas de emprego em v\u00e1rias \u00e1reas de atua\u00e7\u00e3o, nesta segunda-feira, 21\/8,\u00a0de 8h \u00e0s 16h.","og_url":"https:\/\/www.manaus.am.gov.br\/semtepi\/oportunidade\/sine-manaus-oferta-246-vagas-de-emprego-nesta-segunda-feira-21-8\/","og_site_name":"SEMTEPI","article_published_time":"2023-08-20T12:49:00+00:00","article_modified_time":"2023-08-20T12:49:03+00:00","og_image":[{"width":2048,"height":1365,"url":"https:\/\/www.manaus.am.gov.br\/semtepi\/wp-content\/uploads\/sites\/20\/2023\/08\/Oportunidade-5.jpg","type":"image\/jpeg"}],"author":"Bruna Greco","twitter_card":"summary_large_image","twitter_misc":{"Written by":"Bruna Greco","Est. reading time":"29 minutos"},"schema":{"@context":"https:\/\/schema.org","@graph":[{"@type":"Article","@id":"https:\/\/www.manaus.am.gov.br\/semtepi\/oportunidade\/sine-manaus-oferta-246-vagas-de-emprego-nesta-segunda-feira-21-8\/#article","isPartOf":{"@id":"https:\/\/www.manaus.am.gov.br\/semtepi\/oportunidade\/sine-manaus-oferta-246-vagas-de-emprego-nesta-segunda-feira-21-8\/"},"author":{"name":"Bruna Greco","@id":"https:\/\/www.manaus.am.gov.br\/semtepi\/#\/schema\/person\/05d223aea2bf115f9883a6ff3683d81b"},"headline":"Sine Manaus oferta 246 vagas de emprego nesta segunda-feira, 21\/8","datePublished":"2023-08-20T12:49:00+00:00","dateModified":"2023-08-20T12:49:03+00:00","mainEntityOfPage":{"@id":"https:\/\/www.manaus.am.gov.br\/semtepi\/oportunidade\/sine-manaus-oferta-246-vagas-de-emprego-nesta-segunda-feira-21-8\/"},"wordCount":5917,"publisher":{"@id":"https:\/\/www.manaus.am.gov.br\/semtepi\/#organization"},"image":{"@id":"https:\/\/www.manaus.am.gov.br\/semtepi\/oportunidade\/sine-manaus-oferta-246-vagas-de-emprego-nesta-segunda-feira-21-8\/#primaryimage"},"thumbnailUrl":"https:\/\/www.manaus.am.gov.br\/semtepi\/wp-content\/uploads\/sites\/20\/2023\/08\/Oportunidade-5.jpg","keywords":["246 vagas de emprego","oportunidade","prefeitura de manaus","Semtepi","sine manaus"],"articleSection":["Oportunidade"],"inLanguage":"pt-BR"},{"@type":"WebPage","@id":"https:\/\/www.manaus.am.gov.br\/semtepi\/oportunidade\/sine-manaus-oferta-246-vagas-de-emprego-nesta-segunda-feira-21-8\/","url":"https:\/\/www.manaus.am.gov.br\/semtepi\/oportunidade\/sine-manaus-oferta-246-vagas-de-emprego-nesta-segunda-feira-21-8\/","name":"Sine Manaus oferta 246 vagas de emprego nesta segunda-feira, 21\/8","isPartOf":{"@id":"https:\/\/www.manaus.am.gov.br\/semtepi\/#website"},"primaryImageOfPage":{"@id":"https:\/\/www.manaus.am.gov.br\/semtepi\/oportunidade\/sine-manaus-oferta-246-vagas-de-emprego-nesta-segunda-feira-21-8\/#primaryimage"},"image":{"@id":"https:\/\/www.manaus.am.gov.br\/semtepi\/oportunidade\/sine-manaus-oferta-246-vagas-de-emprego-nesta-segunda-feira-21-8\/#primaryimage"},"thumbnailUrl":"https:\/\/www.manaus.am.gov.br\/semtepi\/wp-content\/uploads\/sites\/20\/2023\/08\/Oportunidade-5.jpg","datePublished":"2023-08-20T12:49:00+00:00","dateModified":"2023-08-20T12:49:03+00:00","description":"A Prefeitura de Manaus, por meio do Sine Manaus, oferta 246 vagas de emprego em v\u00e1rias \u00e1reas de atua\u00e7\u00e3o, nesta segunda-feira, 21\/8,\u00a0de 8h \u00e0s 16h.","breadcrumb":{"@id":"https:\/\/www.manaus.am.gov.br\/semtepi\/oportunidade\/sine-manaus-oferta-246-vagas-de-emprego-nesta-segunda-feira-21-8\/#breadcrumb"},"inLanguage":"pt-BR","potentialAction":[{"@type":"ReadAction","target":["https:\/\/www.manaus.am.gov.br\/semtepi\/oportunidade\/sine-manaus-oferta-246-vagas-de-emprego-nesta-segunda-feira-21-8\/"]}]},{"@type":"ImageObject","inLanguage":"pt-BR","@id":"https:\/\/www.manaus.am.gov.br\/semtepi\/oportunidade\/sine-manaus-oferta-246-vagas-de-emprego-nesta-segunda-feira-21-8\/#primaryimage","url":"https:\/\/www.manaus.am.gov.br\/semtepi\/wp-content\/uploads\/sites\/20\/2023\/08\/Oportunidade-5.jpg","contentUrl":"https:\/\/www.manaus.am.gov.br\/semtepi\/wp-content\/uploads\/sites\/20\/2023\/08\/Oportunidade-5.jpg","width":2048,"height":1365},{"@type":"BreadcrumbList","@id":"https:\/\/www.manaus.am.gov.br\/semtepi\/oportunidade\/sine-manaus-oferta-246-vagas-de-emprego-nesta-segunda-feira-21-8\/#breadcrumb","itemListElement":[{"@type":"ListItem","position":1,"name":"Home","item":"https:\/\/www.manaus.am.gov.br\/semtepi\/"},{"@type":"ListItem","position":2,"name":"Sine Manaus oferta 246 vagas de emprego nesta segunda-feira, 21\/8"}]},{"@type":"WebSite","@id":"https:\/\/www.manaus.am.gov.br\/semtepi\/#website","url":"https:\/\/www.manaus.am.gov.br\/semtepi\/","name":"SEMTEPI","description":"Prefeitura de Manaus","publisher":{"@id":"https:\/\/www.manaus.am.gov.br\/semtepi\/#organization"},"alternateName":"Secretaria Municipal do Trabalho, Empreendedorismo e Inova\u00e7\u00e3o","potentialAction":[{"@type":"SearchAction","target":{"@type":"EntryPoint","urlTemplate":"https:\/\/www.manaus.am.gov.br\/semtepi\/?s={search_term_string}"},"query-input":"required name=search_term_string"}],"inLanguage":"pt-BR"},{"@type":"Organization","@id":"https:\/\/www.manaus.am.gov.br\/semtepi\/#organization","name":"Prefeitura Municipal de Manaus","alternateName":"Prefeitura de Manaus","url":"https:\/\/www.manaus.am.gov.br\/semtepi\/","logo":{"@type":"ImageObject","inLanguage":"pt-BR","@id":"https:\/\/www.manaus.am.gov.br\/semtepi\/#\/schema\/logo\/image\/","url":"https:\/\/www.manaus.am.gov.br\/semtepi\/wp-content\/uploads\/sites\/20\/2024\/07\/favicon.png","contentUrl":"https:\/\/www.manaus.am.gov.br\/semtepi\/wp-content\/uploads\/sites\/20\/2024\/07\/favicon.png","width":300,"height":300,"caption":"Prefeitura Municipal de Manaus"},"image":{"@id":"https:\/\/www.manaus.am.gov.br\/semtepi\/#\/schema\/logo\/image\/"}},{"@type":"Person","@id":"https:\/\/www.manaus.am.gov.br\/semtepi\/#\/schema\/person\/05d223aea2bf115f9883a6ff3683d81b","name":"Bruna Greco","image":{"@type":"ImageObject","inLanguage":"pt-BR","@id":"https:\/\/www.manaus.am.gov.br\/semtepi\/#\/schema\/person\/image\/","url":"https:\/\/secure.gravatar.com\/avatar\/9c877d1a6adc2a055330e5c09a8653ce?s=96&d=mm&r=g","contentUrl":"https:\/\/secure.gravatar.com\/avatar\/9c877d1a6adc2a055330e5c09a8653ce?s=96&d=mm&r=g","caption":"Bruna Greco"}}]}},"_links":{"self":[{"href":"https:\/\/www.manaus.am.gov.br\/semtepi\/wp-json\/wp\/v2\/posts\/2476"}],"collection":[{"href":"https:\/\/www.manaus.am.gov.br\/semtepi\/wp-json\/wp\/v2\/posts"}],"about":[{"href":"https:\/\/www.manaus.am.gov.br\/semtepi\/wp-json\/wp\/v2\/types\/post"}],"author":[{"embeddable":true,"href":"https:\/\/www.manaus.am.gov.br\/semtepi\/wp-json\/wp\/v2\/users\/39"}],"replies":[{"embeddable":true,"href":"https:\/\/www.manaus.am.gov.br\/semtepi\/wp-json\/wp\/v2\/comments?post=2476"}],"version-history":[{"count":0,"href":"https:\/\/www.manaus.am.gov.br\/semtepi\/wp-json\/wp\/v2\/posts\/2476\/revisions"}],"wp:featuredmedia":[{"embeddable":true,"href":"https:\/\/www.manaus.am.gov.br\/semtepi\/wp-json\/wp\/v2\/media\/2477"}],"wp:attachment":[{"href":"https:\/\/www.manaus.am.gov.br\/semtepi\/wp-json\/wp\/v2\/media?parent=2476"}],"wp:term":[{"taxonomy":"category","embeddable":true,"href":"https:\/\/www.manaus.am.gov.br\/semtepi\/wp-json\/wp\/v2\/categories?post=2476"},{"taxonomy":"post_tag","embeddable":true,"href":"https:\/\/www.manaus.am.gov.br\/semtepi\/wp-json\/wp\/v2\/tags?post=2476"}],"curies":[{"name":"wp","href":"https:\/\/api.w.org\/{rel}","templated":true}]}}