{"id":2466,"date":"2023-08-17T12:28:56","date_gmt":"2023-08-17T16:28:56","guid":{"rendered":"https:\/\/www.manaus.am.gov.br\/semtepi\/sem-categoria\/leoni-e-atracao-confirmada-na-casa-de-praia-no-fim-de-semana\/"},"modified":"2023-08-17T12:28:57","modified_gmt":"2023-08-17T16:28:57","slug":"leoni-e-atracao-confirmada-na-casa-de-praia-no-fim-de-semana","status":"publish","type":"post","link":"https:\/\/www.manaus.am.gov.br\/semtepi\/programacao\/leoni-e-atracao-confirmada-na-casa-de-praia-no-fim-de-semana\/","title":{"rendered":"<strong>Leoni \u00e9 atra\u00e7\u00e3o confirmada na Casa de Praia no fim de semana<\/strong>"},"content":{"rendered":"\n<p>A Casa de Praia Zezinho Corr\u00eaa recebe, neste s\u00e1bado, 19\/8, o show do cantor nacional Leoni. O espa\u00e7o, que \u00e9 administrado pela Prefeitura de Manaus, por meio da Secretaria Municipal do Trabalho, Empreendedorismo e Inova\u00e7\u00e3o (Semtepi), tamb\u00e9m ser\u00e1 palco de outras atra\u00e7\u00f5es regionais ao longo deste fim de semana.<\/p>\n\n\n\n<p>No s\u00e1bado, o cantor Bruno Rodriguez, ex-participante do &#8220;The Voice Brasil 2021&#8221;, se apresenta a partir das 18h. Na sequ\u00eancia, Leoni sobe ao palco para cantar os grandes sucessos da carreira, entre eles \u201cGarotos II\u201d, \u201cComo Eu Quero\u201d, \u201cS\u00f3 Pro Meu Prazer\u201d, e muito mais.<\/p>\n\n\n\n<p>\u201cO palco Murilo Rayol j\u00e1 recebeu artistas nacionais, como Toni Garrido, Neguinho da Beija-Flor, L\u00e9o Jaime, Frejat, entre outros. Essa \u00e9 mais uma grande atra\u00e7\u00e3o que estamos trazendo para movimentar esse centro de turismo e cultura da nossa cidade. A Casa de Praia \u00e9 um espa\u00e7o para toda a fam\u00edlia, seguro e com entrada franca\u201d, destacou o secret\u00e1rio da Semtepi, Radyr J\u00fanior.<\/p>\n\n\n\n<p>No domingo, em alus\u00e3o ao \u201cAgosto Dourado\u201d, referente \u00e0 luta pelo incentivo \u00e0 amamenta\u00e7\u00e3o, a partir das 8h30, o espa\u00e7o recebe a especialista Rosa Maria, do grupo \u201cMandala\u201d, e dois shows dos artistas Mestre Caio e banda; e Drika.<\/p>\n\n\n\n<p>Para finalizar a programa\u00e7\u00e3o do final de semana, a Tardezinha da Casa de Praia, promove, a partir das 18h, a apresenta\u00e7\u00e3o especial do #Cirandas2023, com a participa\u00e7\u00e3o de grupos de dan\u00e7a de Manaus e Manacapuru, entre eles, a campe\u00e3 do 65\u00ba Festival Folcl\u00f3rico do Amazonas, Ciranda Princesinha da Vila.<\/p>\n\n\n\n<p>&#8212; &#8212; &#8212;<\/p>\n\n\n\n<p><strong>Texto \u2013&nbsp;<\/strong>Fabiane Monteiro \/ Semtepi<\/p>\n\n\n\n<p><strong>Fotos \u2013&nbsp;<\/strong>Dhyeizo Lemos\/Semcom e Phil Lima\/Semcom<\/p>\n\n\n\n<p><strong>Dispon\u00edveis em<\/strong>&nbsp;&#8211;&nbsp;<a href=\"https:\/\/flic.kr\/s\/aHBqjAMB1N\" target=\"_blank\" rel=\"noreferrer noopener\">https:\/\/flic.kr\/s\/aHBqjAMB1N<\/a>&nbsp;e&nbsp;<a href=\"https:\/\/flic.kr\/s\/aHBqjAHk2x\" target=\"_blank\" rel=\"noreferrer noopener\">https:\/\/flic.kr\/s\/aHBqjAHk2x<\/a><\/p>\n","protected":false},"excerpt":{"rendered":"","protected":false},"author":23,"featured_media":2467,"comment_status":"closed","ping_status":"closed","sticky":false,"template":"","format":"standard","meta":{"footnotes":""},"categories":[209],"tags":[212,499,8,500,9],"acf":[],"yoast_head":"<!-- This site is optimized with the Yoast SEO plugin v23.0 - https:\/\/yoast.com\/wordpress\/plugins\/seo\/ -->\n<title>Leoni \u00e9 atra\u00e7\u00e3o confirmada na Casa de Praia no fim de semana<\/title>\n<meta name=\"description\" content=\"A Casa de Praia Zezinho Corr\u00eaa recebe, neste s\u00e1bado, 19\/8, o show do cantor nacional Leoni. O espa\u00e7o, que \u00e9 administrado pela Prefeitura de Manaus, por meio da Secretaria Municipal do Trabalho, Empreendedorismo e Inova\u00e7\u00e3o (Semtepi), tamb\u00e9m ser\u00e1 palco de outras atra\u00e7\u00f5es regionais ao longo deste fim de semana.\" \/>\n<meta name=\"robots\" content=\"noindex, follow\" \/>\n<meta property=\"og:locale\" content=\"pt_BR\" \/>\n<meta property=\"og:type\" content=\"article\" \/>\n<meta property=\"og:title\" content=\"Leoni \u00e9 atra\u00e7\u00e3o confirmada na Casa de Praia no fim de semana\" \/>\n<meta property=\"og:description\" content=\"A Casa de Praia Zezinho Corr\u00eaa recebe, neste s\u00e1bado, 19\/8, o show do cantor nacional Leoni. O espa\u00e7o, que \u00e9 administrado pela Prefeitura de Manaus, por meio da Secretaria Municipal do Trabalho, Empreendedorismo e Inova\u00e7\u00e3o (Semtepi), tamb\u00e9m ser\u00e1 palco de outras atra\u00e7\u00f5es regionais ao longo deste fim de semana.\" \/>\n<meta property=\"og:url\" content=\"https:\/\/www.manaus.am.gov.br\/semtepi\/programacao\/leoni-e-atracao-confirmada-na-casa-de-praia-no-fim-de-semana\/\" \/>\n<meta property=\"og:site_name\" content=\"SEMTEPI\" \/>\n<meta property=\"article:published_time\" content=\"2023-08-17T16:28:56+00:00\" \/>\n<meta property=\"article:modified_time\" content=\"2023-08-17T16:28:57+00:00\" \/>\n<meta property=\"og:image\" content=\"https:\/\/www.manaus.am.gov.br\/semtepi\/wp-content\/uploads\/sites\/20\/2023\/08\/53049397121_4031ae7eb2_c.jpg\" \/>\n\t<meta property=\"og:image:width\" content=\"799\" \/>\n\t<meta property=\"og:image:height\" content=\"533\" \/>\n\t<meta property=\"og:image:type\" content=\"image\/jpeg\" \/>\n<meta name=\"author\" content=\"Adriana Costa\" \/>\n<meta name=\"twitter:card\" content=\"summary_large_image\" \/>\n<meta name=\"twitter:label1\" content=\"Written by\" \/>\n\t<meta name=\"twitter:data1\" content=\"Adriana Costa\" \/>\n\t<meta name=\"twitter:label2\" content=\"Est. reading time\" \/>\n\t<meta name=\"twitter:data2\" content=\"2 minutos\" \/>\n<script type=\"application\/ld+json\" class=\"yoast-schema-graph\">{\"@context\":\"https:\/\/schema.org\",\"@graph\":[{\"@type\":\"Article\",\"@id\":\"https:\/\/www.manaus.am.gov.br\/semtepi\/programacao\/leoni-e-atracao-confirmada-na-casa-de-praia-no-fim-de-semana\/#article\",\"isPartOf\":{\"@id\":\"https:\/\/www.manaus.am.gov.br\/semtepi\/programacao\/leoni-e-atracao-confirmada-na-casa-de-praia-no-fim-de-semana\/\"},\"author\":{\"name\":\"Adriana Costa\",\"@id\":\"https:\/\/www.manaus.am.gov.br\/semtepi\/#\/schema\/person\/4e49f4e267757a06ca072ec61b2b9968\"},\"headline\":\"Leoni \u00e9 atra\u00e7\u00e3o confirmada na Casa de Praia no fim de semana\",\"datePublished\":\"2023-08-17T16:28:56+00:00\",\"dateModified\":\"2023-08-17T16:28:57+00:00\",\"mainEntityOfPage\":{\"@id\":\"https:\/\/www.manaus.am.gov.br\/semtepi\/programacao\/leoni-e-atracao-confirmada-na-casa-de-praia-no-fim-de-semana\/\"},\"wordCount\":308,\"publisher\":{\"@id\":\"https:\/\/www.manaus.am.gov.br\/semtepi\/#organization\"},\"image\":{\"@id\":\"https:\/\/www.manaus.am.gov.br\/semtepi\/programacao\/leoni-e-atracao-confirmada-na-casa-de-praia-no-fim-de-semana\/#primaryimage\"},\"thumbnailUrl\":\"https:\/\/www.manaus.am.gov.br\/semtepi\/wp-content\/uploads\/sites\/20\/2023\/08\/53049397121_4031ae7eb2_c.jpg\",\"keywords\":[\"Casa de Praia Zezinho Corr\u00eaa\",\"Leoni\",\"prefeitura de manaus\",\"programa\u00e7\u00e3o do fim de semana\",\"Semtepi\"],\"articleSection\":[\"Programa\u00e7\u00e3o\"],\"inLanguage\":\"pt-BR\"},{\"@type\":\"WebPage\",\"@id\":\"https:\/\/www.manaus.am.gov.br\/semtepi\/programacao\/leoni-e-atracao-confirmada-na-casa-de-praia-no-fim-de-semana\/\",\"url\":\"https:\/\/www.manaus.am.gov.br\/semtepi\/programacao\/leoni-e-atracao-confirmada-na-casa-de-praia-no-fim-de-semana\/\",\"name\":\"Leoni \u00e9 atra\u00e7\u00e3o confirmada na Casa de Praia no fim de semana\",\"isPartOf\":{\"@id\":\"https:\/\/www.manaus.am.gov.br\/semtepi\/#website\"},\"primaryImageOfPage\":{\"@id\":\"https:\/\/www.manaus.am.gov.br\/semtepi\/programacao\/leoni-e-atracao-confirmada-na-casa-de-praia-no-fim-de-semana\/#primaryimage\"},\"image\":{\"@id\":\"https:\/\/www.manaus.am.gov.br\/semtepi\/programacao\/leoni-e-atracao-confirmada-na-casa-de-praia-no-fim-de-semana\/#primaryimage\"},\"thumbnailUrl\":\"https:\/\/www.manaus.am.gov.br\/semtepi\/wp-content\/uploads\/sites\/20\/2023\/08\/53049397121_4031ae7eb2_c.jpg\",\"datePublished\":\"2023-08-17T16:28:56+00:00\",\"dateModified\":\"2023-08-17T16:28:57+00:00\",\"description\":\"A Casa de Praia Zezinho Corr\u00eaa recebe, neste s\u00e1bado, 19\/8, o show do cantor nacional Leoni. O espa\u00e7o, que \u00e9 administrado pela Prefeitura de Manaus, por meio da Secretaria Municipal do Trabalho, Empreendedorismo e Inova\u00e7\u00e3o (Semtepi), tamb\u00e9m ser\u00e1 palco de outras atra\u00e7\u00f5es regionais ao longo deste fim de semana.\",\"breadcrumb\":{\"@id\":\"https:\/\/www.manaus.am.gov.br\/semtepi\/programacao\/leoni-e-atracao-confirmada-na-casa-de-praia-no-fim-de-semana\/#breadcrumb\"},\"inLanguage\":\"pt-BR\",\"potentialAction\":[{\"@type\":\"ReadAction\",\"target\":[\"https:\/\/www.manaus.am.gov.br\/semtepi\/programacao\/leoni-e-atracao-confirmada-na-casa-de-praia-no-fim-de-semana\/\"]}]},{\"@type\":\"ImageObject\",\"inLanguage\":\"pt-BR\",\"@id\":\"https:\/\/www.manaus.am.gov.br\/semtepi\/programacao\/leoni-e-atracao-confirmada-na-casa-de-praia-no-fim-de-semana\/#primaryimage\",\"url\":\"https:\/\/www.manaus.am.gov.br\/semtepi\/wp-content\/uploads\/sites\/20\/2023\/08\/53049397121_4031ae7eb2_c.jpg\",\"contentUrl\":\"https:\/\/www.manaus.am.gov.br\/semtepi\/wp-content\/uploads\/sites\/20\/2023\/08\/53049397121_4031ae7eb2_c.jpg\",\"width\":799,\"height\":533},{\"@type\":\"BreadcrumbList\",\"@id\":\"https:\/\/www.manaus.am.gov.br\/semtepi\/programacao\/leoni-e-atracao-confirmada-na-casa-de-praia-no-fim-de-semana\/#breadcrumb\",\"itemListElement\":[{\"@type\":\"ListItem\",\"position\":1,\"name\":\"Home\",\"item\":\"https:\/\/www.manaus.am.gov.br\/semtepi\/\"},{\"@type\":\"ListItem\",\"position\":2,\"name\":\"Leoni \u00e9 atra\u00e7\u00e3o confirmada na Casa de Praia no fim de semana\"}]},{\"@type\":\"WebSite\",\"@id\":\"https:\/\/www.manaus.am.gov.br\/semtepi\/#website\",\"url\":\"https:\/\/www.manaus.am.gov.br\/semtepi\/\",\"name\":\"SEMTEPI\",\"description\":\"Prefeitura de Manaus\",\"publisher\":{\"@id\":\"https:\/\/www.manaus.am.gov.br\/semtepi\/#organization\"},\"alternateName\":\"Secretaria Municipal do Trabalho, Empreendedorismo e Inova\u00e7\u00e3o\",\"potentialAction\":[{\"@type\":\"SearchAction\",\"target\":{\"@type\":\"EntryPoint\",\"urlTemplate\":\"https:\/\/www.manaus.am.gov.br\/semtepi\/?s={search_term_string}\"},\"query-input\":\"required name=search_term_string\"}],\"inLanguage\":\"pt-BR\"},{\"@type\":\"Organization\",\"@id\":\"https:\/\/www.manaus.am.gov.br\/semtepi\/#organization\",\"name\":\"Prefeitura Municipal de Manaus\",\"alternateName\":\"Prefeitura de Manaus\",\"url\":\"https:\/\/www.manaus.am.gov.br\/semtepi\/\",\"logo\":{\"@type\":\"ImageObject\",\"inLanguage\":\"pt-BR\",\"@id\":\"https:\/\/www.manaus.am.gov.br\/semtepi\/#\/schema\/logo\/image\/\",\"url\":\"https:\/\/www.manaus.am.gov.br\/semtepi\/wp-content\/uploads\/sites\/20\/2024\/07\/favicon.png\",\"contentUrl\":\"https:\/\/www.manaus.am.gov.br\/semtepi\/wp-content\/uploads\/sites\/20\/2024\/07\/favicon.png\",\"width\":300,\"height\":300,\"caption\":\"Prefeitura Municipal de Manaus\"},\"image\":{\"@id\":\"https:\/\/www.manaus.am.gov.br\/semtepi\/#\/schema\/logo\/image\/\"}},{\"@type\":\"Person\",\"@id\":\"https:\/\/www.manaus.am.gov.br\/semtepi\/#\/schema\/person\/4e49f4e267757a06ca072ec61b2b9968\",\"name\":\"Adriana Costa\",\"image\":{\"@type\":\"ImageObject\",\"inLanguage\":\"pt-BR\",\"@id\":\"https:\/\/www.manaus.am.gov.br\/semtepi\/#\/schema\/person\/image\/\",\"url\":\"https:\/\/secure.gravatar.com\/avatar\/576258617ef7194f718179e766d57bd4?s=96&d=mm&r=g\",\"contentUrl\":\"https:\/\/secure.gravatar.com\/avatar\/576258617ef7194f718179e766d57bd4?s=96&d=mm&r=g\",\"caption\":\"Adriana Costa\"}}]}<\/script>\n<!-- \/ Yoast SEO plugin. -->","yoast_head_json":{"title":"Leoni \u00e9 atra\u00e7\u00e3o confirmada na Casa de Praia no fim de semana","description":"A Casa de Praia Zezinho Corr\u00eaa recebe, neste s\u00e1bado, 19\/8, o show do cantor nacional Leoni. O espa\u00e7o, que \u00e9 administrado pela Prefeitura de Manaus, por meio da Secretaria Municipal do Trabalho, Empreendedorismo e Inova\u00e7\u00e3o (Semtepi), tamb\u00e9m ser\u00e1 palco de outras atra\u00e7\u00f5es regionais ao longo deste fim de semana.","robots":{"index":"noindex","follow":"follow"},"og_locale":"pt_BR","og_type":"article","og_title":"Leoni \u00e9 atra\u00e7\u00e3o confirmada na Casa de Praia no fim de semana","og_description":"A Casa de Praia Zezinho Corr\u00eaa recebe, neste s\u00e1bado, 19\/8, o show do cantor nacional Leoni. O espa\u00e7o, que \u00e9 administrado pela Prefeitura de Manaus, por meio da Secretaria Municipal do Trabalho, Empreendedorismo e Inova\u00e7\u00e3o (Semtepi), tamb\u00e9m ser\u00e1 palco de outras atra\u00e7\u00f5es regionais ao longo deste fim de semana.","og_url":"https:\/\/www.manaus.am.gov.br\/semtepi\/programacao\/leoni-e-atracao-confirmada-na-casa-de-praia-no-fim-de-semana\/","og_site_name":"SEMTEPI","article_published_time":"2023-08-17T16:28:56+00:00","article_modified_time":"2023-08-17T16:28:57+00:00","og_image":[{"width":799,"height":533,"url":"https:\/\/www.manaus.am.gov.br\/semtepi\/wp-content\/uploads\/sites\/20\/2023\/08\/53049397121_4031ae7eb2_c.jpg","type":"image\/jpeg"}],"author":"Adriana Costa","twitter_card":"summary_large_image","twitter_misc":{"Written by":"Adriana Costa","Est. reading time":"2 minutos"},"schema":{"@context":"https:\/\/schema.org","@graph":[{"@type":"Article","@id":"https:\/\/www.manaus.am.gov.br\/semtepi\/programacao\/leoni-e-atracao-confirmada-na-casa-de-praia-no-fim-de-semana\/#article","isPartOf":{"@id":"https:\/\/www.manaus.am.gov.br\/semtepi\/programacao\/leoni-e-atracao-confirmada-na-casa-de-praia-no-fim-de-semana\/"},"author":{"name":"Adriana Costa","@id":"https:\/\/www.manaus.am.gov.br\/semtepi\/#\/schema\/person\/4e49f4e267757a06ca072ec61b2b9968"},"headline":"Leoni \u00e9 atra\u00e7\u00e3o confirmada na Casa de Praia no fim de semana","datePublished":"2023-08-17T16:28:56+00:00","dateModified":"2023-08-17T16:28:57+00:00","mainEntityOfPage":{"@id":"https:\/\/www.manaus.am.gov.br\/semtepi\/programacao\/leoni-e-atracao-confirmada-na-casa-de-praia-no-fim-de-semana\/"},"wordCount":308,"publisher":{"@id":"https:\/\/www.manaus.am.gov.br\/semtepi\/#organization"},"image":{"@id":"https:\/\/www.manaus.am.gov.br\/semtepi\/programacao\/leoni-e-atracao-confirmada-na-casa-de-praia-no-fim-de-semana\/#primaryimage"},"thumbnailUrl":"https:\/\/www.manaus.am.gov.br\/semtepi\/wp-content\/uploads\/sites\/20\/2023\/08\/53049397121_4031ae7eb2_c.jpg","keywords":["Casa de Praia Zezinho Corr\u00eaa","Leoni","prefeitura de manaus","programa\u00e7\u00e3o do fim de semana","Semtepi"],"articleSection":["Programa\u00e7\u00e3o"],"inLanguage":"pt-BR"},{"@type":"WebPage","@id":"https:\/\/www.manaus.am.gov.br\/semtepi\/programacao\/leoni-e-atracao-confirmada-na-casa-de-praia-no-fim-de-semana\/","url":"https:\/\/www.manaus.am.gov.br\/semtepi\/programacao\/leoni-e-atracao-confirmada-na-casa-de-praia-no-fim-de-semana\/","name":"Leoni \u00e9 atra\u00e7\u00e3o confirmada na Casa de Praia no fim de semana","isPartOf":{"@id":"https:\/\/www.manaus.am.gov.br\/semtepi\/#website"},"primaryImageOfPage":{"@id":"https:\/\/www.manaus.am.gov.br\/semtepi\/programacao\/leoni-e-atracao-confirmada-na-casa-de-praia-no-fim-de-semana\/#primaryimage"},"image":{"@id":"https:\/\/www.manaus.am.gov.br\/semtepi\/programacao\/leoni-e-atracao-confirmada-na-casa-de-praia-no-fim-de-semana\/#primaryimage"},"thumbnailUrl":"https:\/\/www.manaus.am.gov.br\/semtepi\/wp-content\/uploads\/sites\/20\/2023\/08\/53049397121_4031ae7eb2_c.jpg","datePublished":"2023-08-17T16:28:56+00:00","dateModified":"2023-08-17T16:28:57+00:00","description":"A Casa de Praia Zezinho Corr\u00eaa recebe, neste s\u00e1bado, 19\/8, o show do cantor nacional Leoni. O espa\u00e7o, que \u00e9 administrado pela Prefeitura de Manaus, por meio da Secretaria Municipal do Trabalho, Empreendedorismo e Inova\u00e7\u00e3o (Semtepi), tamb\u00e9m ser\u00e1 palco de outras atra\u00e7\u00f5es regionais ao longo deste fim de semana.","breadcrumb":{"@id":"https:\/\/www.manaus.am.gov.br\/semtepi\/programacao\/leoni-e-atracao-confirmada-na-casa-de-praia-no-fim-de-semana\/#breadcrumb"},"inLanguage":"pt-BR","potentialAction":[{"@type":"ReadAction","target":["https:\/\/www.manaus.am.gov.br\/semtepi\/programacao\/leoni-e-atracao-confirmada-na-casa-de-praia-no-fim-de-semana\/"]}]},{"@type":"ImageObject","inLanguage":"pt-BR","@id":"https:\/\/www.manaus.am.gov.br\/semtepi\/programacao\/leoni-e-atracao-confirmada-na-casa-de-praia-no-fim-de-semana\/#primaryimage","url":"https:\/\/www.manaus.am.gov.br\/semtepi\/wp-content\/uploads\/sites\/20\/2023\/08\/53049397121_4031ae7eb2_c.jpg","contentUrl":"https:\/\/www.manaus.am.gov.br\/semtepi\/wp-content\/uploads\/sites\/20\/2023\/08\/53049397121_4031ae7eb2_c.jpg","width":799,"height":533},{"@type":"BreadcrumbList","@id":"https:\/\/www.manaus.am.gov.br\/semtepi\/programacao\/leoni-e-atracao-confirmada-na-casa-de-praia-no-fim-de-semana\/#breadcrumb","itemListElement":[{"@type":"ListItem","position":1,"name":"Home","item":"https:\/\/www.manaus.am.gov.br\/semtepi\/"},{"@type":"ListItem","position":2,"name":"Leoni \u00e9 atra\u00e7\u00e3o confirmada na Casa de Praia no fim de semana"}]},{"@type":"WebSite","@id":"https:\/\/www.manaus.am.gov.br\/semtepi\/#website","url":"https:\/\/www.manaus.am.gov.br\/semtepi\/","name":"SEMTEPI","description":"Prefeitura de Manaus","publisher":{"@id":"https:\/\/www.manaus.am.gov.br\/semtepi\/#organization"},"alternateName":"Secretaria Municipal do Trabalho, Empreendedorismo e Inova\u00e7\u00e3o","potentialAction":[{"@type":"SearchAction","target":{"@type":"EntryPoint","urlTemplate":"https:\/\/www.manaus.am.gov.br\/semtepi\/?s={search_term_string}"},"query-input":"required name=search_term_string"}],"inLanguage":"pt-BR"},{"@type":"Organization","@id":"https:\/\/www.manaus.am.gov.br\/semtepi\/#organization","name":"Prefeitura Municipal de Manaus","alternateName":"Prefeitura de Manaus","url":"https:\/\/www.manaus.am.gov.br\/semtepi\/","logo":{"@type":"ImageObject","inLanguage":"pt-BR","@id":"https:\/\/www.manaus.am.gov.br\/semtepi\/#\/schema\/logo\/image\/","url":"https:\/\/www.manaus.am.gov.br\/semtepi\/wp-content\/uploads\/sites\/20\/2024\/07\/favicon.png","contentUrl":"https:\/\/www.manaus.am.gov.br\/semtepi\/wp-content\/uploads\/sites\/20\/2024\/07\/favicon.png","width":300,"height":300,"caption":"Prefeitura Municipal de Manaus"},"image":{"@id":"https:\/\/www.manaus.am.gov.br\/semtepi\/#\/schema\/logo\/image\/"}},{"@type":"Person","@id":"https:\/\/www.manaus.am.gov.br\/semtepi\/#\/schema\/person\/4e49f4e267757a06ca072ec61b2b9968","name":"Adriana Costa","image":{"@type":"ImageObject","inLanguage":"pt-BR","@id":"https:\/\/www.manaus.am.gov.br\/semtepi\/#\/schema\/person\/image\/","url":"https:\/\/secure.gravatar.com\/avatar\/576258617ef7194f718179e766d57bd4?s=96&d=mm&r=g","contentUrl":"https:\/\/secure.gravatar.com\/avatar\/576258617ef7194f718179e766d57bd4?s=96&d=mm&r=g","caption":"Adriana Costa"}}]}},"_links":{"self":[{"href":"https:\/\/www.manaus.am.gov.br\/semtepi\/wp-json\/wp\/v2\/posts\/2466"}],"collection":[{"href":"https:\/\/www.manaus.am.gov.br\/semtepi\/wp-json\/wp\/v2\/posts"}],"about":[{"href":"https:\/\/www.manaus.am.gov.br\/semtepi\/wp-json\/wp\/v2\/types\/post"}],"author":[{"embeddable":true,"href":"https:\/\/www.manaus.am.gov.br\/semtepi\/wp-json\/wp\/v2\/users\/23"}],"replies":[{"embeddable":true,"href":"https:\/\/www.manaus.am.gov.br\/semtepi\/wp-json\/wp\/v2\/comments?post=2466"}],"version-history":[{"count":0,"href":"https:\/\/www.manaus.am.gov.br\/semtepi\/wp-json\/wp\/v2\/posts\/2466\/revisions"}],"wp:featuredmedia":[{"embeddable":true,"href":"https:\/\/www.manaus.am.gov.br\/semtepi\/wp-json\/wp\/v2\/media\/2467"}],"wp:attachment":[{"href":"https:\/\/www.manaus.am.gov.br\/semtepi\/wp-json\/wp\/v2\/media?parent=2466"}],"wp:term":[{"taxonomy":"category","embeddable":true,"href":"https:\/\/www.manaus.am.gov.br\/semtepi\/wp-json\/wp\/v2\/categories?post=2466"},{"taxonomy":"post_tag","embeddable":true,"href":"https:\/\/www.manaus.am.gov.br\/semtepi\/wp-json\/wp\/v2\/tags?post=2466"}],"curies":[{"name":"wp","href":"https:\/\/api.w.org\/{rel}","templated":true}]}}