{"id":2464,"date":"2023-08-17T11:24:31","date_gmt":"2023-08-17T15:24:31","guid":{"rendered":"https:\/\/www.manaus.am.gov.br\/semtepi\/sem-categoria\/prefeitura-de-manaus-promove-acao-itinerante-do-sine-em-tres-bairros-da-cidade\/"},"modified":"2023-08-17T11:24:33","modified_gmt":"2023-08-17T15:24:33","slug":"prefeitura-de-manaus-promove-acao-itinerante-do-sine-em-tres-bairros-da-cidade","status":"publish","type":"post","link":"https:\/\/www.manaus.am.gov.br\/semtepi\/atividades\/prefeitura-de-manaus-promove-acao-itinerante-do-sine-em-tres-bairros-da-cidade\/","title":{"rendered":"<strong>Prefeitura de Manaus promove a\u00e7\u00e3o itinerante do Sine em tr\u00eas bairros da cidade<\/strong>"},"content":{"rendered":"\n<p>A Prefeitura de Manaus, por meio da Secretaria Municipal do Trabalho, Empreendedorismo e Inova\u00e7\u00e3o (Semtepi), promove, neste s\u00e1bado, 19\/8, tr\u00eas a\u00e7\u00f5es itinerantes do projeto \u201cSine nos Bairros\u201d, das 8h \u00e0s 12h, nos bairros Aleixo, zona Centro-Sul, e Monte das Oliveiras, zona Norte; e das 13h \u00e0s 17h, no bairro Parque 10 de Novembro, zona Centro-Sul.<\/p>\n\n\n\n<p>A a\u00e7\u00e3o contar\u00e1 com a oferta de servi\u00e7os como vagas de emprego, cadastro no Sine Manaus, orienta\u00e7\u00e3o para Carteira de Trabalho e Previd\u00eancia Social (CTPS Digital) e seguro-desemprego. Os interessados nos servi\u00e7os devem estar munidos do comprovante de vacina\u00e7\u00e3o (Covid-19), curr\u00edculo e documentos pessoais (RG, CPF, PIS, CTPS, comprovante de escolaridade e resid\u00eancia). N\u00e3o \u00e9 necess\u00e1rio apresentar c\u00f3pias, somente os documentos originais.<\/p>\n\n\n\n<p>\u201cAs a\u00e7\u00f5es itinerantes s\u00e3o muito importantes porque n\u00f3s conseguimos atender aquelas pessoas que n\u00e3o t\u00eam condi\u00e7\u00f5es de se deslocar at\u00e9 os nossos postos de atendimento. Sabemos que a cidade est\u00e1 em constante crescimento, com o surgimento de novos bairros e moradores, e infelizmente, ainda n\u00e3o temos um posto em cada zona. Para sanar essa necessidade, estamos promovendo a iniciativa, que busca dar oportunidade e esperan\u00e7a \u00e0 popula\u00e7\u00e3o\u201d, destacou o diretor do Sine Manaus, F\u00e1bio Ara\u00fajo.<\/p>\n\n\n\n<p><strong>Confira o cronograma deste s\u00e1bado:<\/strong><\/p>\n\n\n\n<p><strong>8h \u00e0s 12h<\/strong><\/p>\n\n\n\n<p>Clube do Trabalhador (Sesi)<\/p>\n\n\n\n<p>Avenida Cosme Ferreira, bairro S\u00e3o Jos\u00e9 1<\/p>\n\n\n\n<p><strong>8h \u00e0s 12h<\/strong><\/p>\n\n\n\n<p>Instituto \u00c1gape &#8211; Rua Pinheiro Brasileiro, n\u00ba 64, bairro Monte das Oliveiras<\/p>\n\n\n\n<p><strong>13h \u00e0s 17h<\/strong><\/p>\n\n\n\n<p>Uninorte Djalma Batista<\/p>\n\n\n\n<p>Avenida Djalma Batista, n\u00b0 122, Parque 10 de Novembro<\/p>\n\n\n\n<p>&#8212; &#8212; &#8212;<\/p>\n\n\n\n<p><strong>Texto \u2013&nbsp;<\/strong>Fabiane Monteiro \/ Semtepi<\/p>\n\n\n\n<p><strong>Fotos \u2013&nbsp;<\/strong>Ant\u00f4nio Pereira\/ Arquivo Semcom<\/p>\n\n\n\n<p><strong>Dispon\u00edveis em &#8211;<\/strong>&nbsp;<a href=\"https:\/\/flic.kr\/p\/2ogM4JD\" target=\"_blank\" rel=\"noreferrer noopener\">https:\/\/flic.kr\/p\/2ogM4JD<\/a>,&nbsp;<a href=\"https:\/\/flic.kr\/p\/2ogLkVs\" target=\"_blank\" rel=\"noreferrer noopener\">https:\/\/flic.kr\/p\/2ogLkVs<\/a><\/p>\n\n\n\n<p>e&nbsp;<a href=\"https:\/\/flic.kr\/p\/2ogM4gK\" target=\"_blank\" rel=\"noreferrer noopener\">https:\/\/flic.kr\/p\/2ogM4gK<\/a><\/p>\n","protected":false},"excerpt":{"rendered":"","protected":false},"author":24,"featured_media":2465,"comment_status":"closed","ping_status":"closed","sticky":false,"template":"","format":"standard","meta":{"footnotes":""},"categories":[497],"tags":[498,52,449,33,8,451,9,45,417,65],"acf":[],"yoast_head":"<!-- This site is optimized with the Yoast SEO plugin v23.0 - https:\/\/yoast.com\/wordpress\/plugins\/seo\/ -->\n<title>Prefeitura de Manaus promove a\u00e7\u00e3o itinerante do Sine em tr\u00eas bairros da cidade - SEMTEPI<\/title>\n<meta name=\"robots\" content=\"noindex, follow\" \/>\n<meta property=\"og:locale\" content=\"pt_BR\" \/>\n<meta property=\"og:type\" content=\"article\" \/>\n<meta property=\"og:title\" content=\"Prefeitura de Manaus promove a\u00e7\u00e3o itinerante do Sine em tr\u00eas bairros da cidade - SEMTEPI\" \/>\n<meta property=\"og:url\" content=\"https:\/\/www.manaus.am.gov.br\/semtepi\/atividades\/prefeitura-de-manaus-promove-acao-itinerante-do-sine-em-tres-bairros-da-cidade\/\" \/>\n<meta property=\"og:site_name\" content=\"SEMTEPI\" \/>\n<meta property=\"article:published_time\" content=\"2023-08-17T15:24:31+00:00\" \/>\n<meta property=\"article:modified_time\" content=\"2023-08-17T15:24:33+00:00\" \/>\n<meta property=\"og:image\" content=\"https:\/\/www.manaus.am.gov.br\/semtepi\/wp-content\/uploads\/sites\/20\/2023\/08\/Prefeitura-de-Manaus-promove-acao-itinerante-do-Sine-em-tres-bairros-da-cidade-1.jpeg\" \/>\n\t<meta property=\"og:image:width\" content=\"886\" \/>\n\t<meta property=\"og:image:height\" content=\"591\" \/>\n\t<meta property=\"og:image:type\" content=\"image\/jpeg\" \/>\n<meta name=\"author\" content=\"Cl\u00e1udia Barbosa\" \/>\n<meta name=\"twitter:card\" content=\"summary_large_image\" \/>\n<meta name=\"twitter:label1\" content=\"Written by\" \/>\n\t<meta name=\"twitter:data1\" content=\"Cl\u00e1udia Barbosa\" \/>\n\t<meta name=\"twitter:label2\" content=\"Est. reading time\" \/>\n\t<meta name=\"twitter:data2\" content=\"2 minutos\" \/>\n<script type=\"application\/ld+json\" class=\"yoast-schema-graph\">{\"@context\":\"https:\/\/schema.org\",\"@graph\":[{\"@type\":\"Article\",\"@id\":\"https:\/\/www.manaus.am.gov.br\/semtepi\/atividades\/prefeitura-de-manaus-promove-acao-itinerante-do-sine-em-tres-bairros-da-cidade\/#article\",\"isPartOf\":{\"@id\":\"https:\/\/www.manaus.am.gov.br\/semtepi\/atividades\/prefeitura-de-manaus-promove-acao-itinerante-do-sine-em-tres-bairros-da-cidade\/\"},\"author\":{\"name\":\"Cl\u00e1udia Barbosa\",\"@id\":\"https:\/\/www.manaus.am.gov.br\/semtepi\/#\/schema\/person\/d0a166b5031154c33c77794ddc9a827e\"},\"headline\":\"Prefeitura de Manaus promove a\u00e7\u00e3o itinerante do Sine em tr\u00eas bairros da cidade\",\"datePublished\":\"2023-08-17T15:24:31+00:00\",\"dateModified\":\"2023-08-17T15:24:33+00:00\",\"mainEntityOfPage\":{\"@id\":\"https:\/\/www.manaus.am.gov.br\/semtepi\/atividades\/prefeitura-de-manaus-promove-acao-itinerante-do-sine-em-tres-bairros-da-cidade\/\"},\"wordCount\":316,\"publisher\":{\"@id\":\"https:\/\/www.manaus.am.gov.br\/semtepi\/#organization\"},\"image\":{\"@id\":\"https:\/\/www.manaus.am.gov.br\/semtepi\/atividades\/prefeitura-de-manaus-promove-acao-itinerante-do-sine-em-tres-bairros-da-cidade\/#primaryimage\"},\"thumbnailUrl\":\"https:\/\/www.manaus.am.gov.br\/semtepi\/wp-content\/uploads\/sites\/20\/2023\/08\/Prefeitura-de-Manaus-promove-acao-itinerante-do-Sine-em-tres-bairros-da-cidade-1.jpeg\",\"keywords\":[\"a\u00e7\u00f5es itinerantes\",\"atendimento\",\"Carteira de Trabalho e Previd\u00eancia Social\",\"F\u00e1bio Ara\u00fajo\",\"prefeitura de manaus\",\"Seguro-desemprego\",\"Semtepi\",\"servi\u00e7os\",\"Sine nos Bairros\",\"vagas de emprego\"],\"articleSection\":[\"Atividades\"],\"inLanguage\":\"pt-BR\"},{\"@type\":\"WebPage\",\"@id\":\"https:\/\/www.manaus.am.gov.br\/semtepi\/atividades\/prefeitura-de-manaus-promove-acao-itinerante-do-sine-em-tres-bairros-da-cidade\/\",\"url\":\"https:\/\/www.manaus.am.gov.br\/semtepi\/atividades\/prefeitura-de-manaus-promove-acao-itinerante-do-sine-em-tres-bairros-da-cidade\/\",\"name\":\"Prefeitura de Manaus promove a\u00e7\u00e3o itinerante do Sine em tr\u00eas bairros da cidade - SEMTEPI\",\"isPartOf\":{\"@id\":\"https:\/\/www.manaus.am.gov.br\/semtepi\/#website\"},\"primaryImageOfPage\":{\"@id\":\"https:\/\/www.manaus.am.gov.br\/semtepi\/atividades\/prefeitura-de-manaus-promove-acao-itinerante-do-sine-em-tres-bairros-da-cidade\/#primaryimage\"},\"image\":{\"@id\":\"https:\/\/www.manaus.am.gov.br\/semtepi\/atividades\/prefeitura-de-manaus-promove-acao-itinerante-do-sine-em-tres-bairros-da-cidade\/#primaryimage\"},\"thumbnailUrl\":\"https:\/\/www.manaus.am.gov.br\/semtepi\/wp-content\/uploads\/sites\/20\/2023\/08\/Prefeitura-de-Manaus-promove-acao-itinerante-do-Sine-em-tres-bairros-da-cidade-1.jpeg\",\"datePublished\":\"2023-08-17T15:24:31+00:00\",\"dateModified\":\"2023-08-17T15:24:33+00:00\",\"breadcrumb\":{\"@id\":\"https:\/\/www.manaus.am.gov.br\/semtepi\/atividades\/prefeitura-de-manaus-promove-acao-itinerante-do-sine-em-tres-bairros-da-cidade\/#breadcrumb\"},\"inLanguage\":\"pt-BR\",\"potentialAction\":[{\"@type\":\"ReadAction\",\"target\":[\"https:\/\/www.manaus.am.gov.br\/semtepi\/atividades\/prefeitura-de-manaus-promove-acao-itinerante-do-sine-em-tres-bairros-da-cidade\/\"]}]},{\"@type\":\"ImageObject\",\"inLanguage\":\"pt-BR\",\"@id\":\"https:\/\/www.manaus.am.gov.br\/semtepi\/atividades\/prefeitura-de-manaus-promove-acao-itinerante-do-sine-em-tres-bairros-da-cidade\/#primaryimage\",\"url\":\"https:\/\/www.manaus.am.gov.br\/semtepi\/wp-content\/uploads\/sites\/20\/2023\/08\/Prefeitura-de-Manaus-promove-acao-itinerante-do-Sine-em-tres-bairros-da-cidade-1.jpeg\",\"contentUrl\":\"https:\/\/www.manaus.am.gov.br\/semtepi\/wp-content\/uploads\/sites\/20\/2023\/08\/Prefeitura-de-Manaus-promove-acao-itinerante-do-Sine-em-tres-bairros-da-cidade-1.jpeg\",\"width\":886,\"height\":591},{\"@type\":\"BreadcrumbList\",\"@id\":\"https:\/\/www.manaus.am.gov.br\/semtepi\/atividades\/prefeitura-de-manaus-promove-acao-itinerante-do-sine-em-tres-bairros-da-cidade\/#breadcrumb\",\"itemListElement\":[{\"@type\":\"ListItem\",\"position\":1,\"name\":\"Home\",\"item\":\"https:\/\/www.manaus.am.gov.br\/semtepi\/\"},{\"@type\":\"ListItem\",\"position\":2,\"name\":\"Prefeitura de Manaus promove a\u00e7\u00e3o itinerante do Sine em tr\u00eas bairros da cidade\"}]},{\"@type\":\"WebSite\",\"@id\":\"https:\/\/www.manaus.am.gov.br\/semtepi\/#website\",\"url\":\"https:\/\/www.manaus.am.gov.br\/semtepi\/\",\"name\":\"SEMTEPI\",\"description\":\"Prefeitura de Manaus\",\"publisher\":{\"@id\":\"https:\/\/www.manaus.am.gov.br\/semtepi\/#organization\"},\"alternateName\":\"Secretaria Municipal do Trabalho, Empreendedorismo e Inova\u00e7\u00e3o\",\"potentialAction\":[{\"@type\":\"SearchAction\",\"target\":{\"@type\":\"EntryPoint\",\"urlTemplate\":\"https:\/\/www.manaus.am.gov.br\/semtepi\/?s={search_term_string}\"},\"query-input\":\"required name=search_term_string\"}],\"inLanguage\":\"pt-BR\"},{\"@type\":\"Organization\",\"@id\":\"https:\/\/www.manaus.am.gov.br\/semtepi\/#organization\",\"name\":\"Prefeitura Municipal de Manaus\",\"alternateName\":\"Prefeitura de Manaus\",\"url\":\"https:\/\/www.manaus.am.gov.br\/semtepi\/\",\"logo\":{\"@type\":\"ImageObject\",\"inLanguage\":\"pt-BR\",\"@id\":\"https:\/\/www.manaus.am.gov.br\/semtepi\/#\/schema\/logo\/image\/\",\"url\":\"https:\/\/www.manaus.am.gov.br\/semtepi\/wp-content\/uploads\/sites\/20\/2024\/07\/favicon.png\",\"contentUrl\":\"https:\/\/www.manaus.am.gov.br\/semtepi\/wp-content\/uploads\/sites\/20\/2024\/07\/favicon.png\",\"width\":300,\"height\":300,\"caption\":\"Prefeitura Municipal de Manaus\"},\"image\":{\"@id\":\"https:\/\/www.manaus.am.gov.br\/semtepi\/#\/schema\/logo\/image\/\"}},{\"@type\":\"Person\",\"@id\":\"https:\/\/www.manaus.am.gov.br\/semtepi\/#\/schema\/person\/d0a166b5031154c33c77794ddc9a827e\",\"name\":\"Cl\u00e1udia Barbosa\",\"image\":{\"@type\":\"ImageObject\",\"inLanguage\":\"pt-BR\",\"@id\":\"https:\/\/www.manaus.am.gov.br\/semtepi\/#\/schema\/person\/image\/\",\"url\":\"https:\/\/secure.gravatar.com\/avatar\/42958a1cf007f1a00534009218c72590?s=96&d=mm&r=g\",\"contentUrl\":\"https:\/\/secure.gravatar.com\/avatar\/42958a1cf007f1a00534009218c72590?s=96&d=mm&r=g\",\"caption\":\"Cl\u00e1udia Barbosa\"}}]}<\/script>\n<!-- \/ Yoast SEO plugin. -->","yoast_head_json":{"title":"Prefeitura de Manaus promove a\u00e7\u00e3o itinerante do Sine em tr\u00eas bairros da cidade - SEMTEPI","robots":{"index":"noindex","follow":"follow"},"og_locale":"pt_BR","og_type":"article","og_title":"Prefeitura de Manaus promove a\u00e7\u00e3o itinerante do Sine em tr\u00eas bairros da cidade - SEMTEPI","og_url":"https:\/\/www.manaus.am.gov.br\/semtepi\/atividades\/prefeitura-de-manaus-promove-acao-itinerante-do-sine-em-tres-bairros-da-cidade\/","og_site_name":"SEMTEPI","article_published_time":"2023-08-17T15:24:31+00:00","article_modified_time":"2023-08-17T15:24:33+00:00","og_image":[{"width":886,"height":591,"url":"https:\/\/www.manaus.am.gov.br\/semtepi\/wp-content\/uploads\/sites\/20\/2023\/08\/Prefeitura-de-Manaus-promove-acao-itinerante-do-Sine-em-tres-bairros-da-cidade-1.jpeg","type":"image\/jpeg"}],"author":"Cl\u00e1udia Barbosa","twitter_card":"summary_large_image","twitter_misc":{"Written by":"Cl\u00e1udia Barbosa","Est. reading time":"2 minutos"},"schema":{"@context":"https:\/\/schema.org","@graph":[{"@type":"Article","@id":"https:\/\/www.manaus.am.gov.br\/semtepi\/atividades\/prefeitura-de-manaus-promove-acao-itinerante-do-sine-em-tres-bairros-da-cidade\/#article","isPartOf":{"@id":"https:\/\/www.manaus.am.gov.br\/semtepi\/atividades\/prefeitura-de-manaus-promove-acao-itinerante-do-sine-em-tres-bairros-da-cidade\/"},"author":{"name":"Cl\u00e1udia Barbosa","@id":"https:\/\/www.manaus.am.gov.br\/semtepi\/#\/schema\/person\/d0a166b5031154c33c77794ddc9a827e"},"headline":"Prefeitura de Manaus promove a\u00e7\u00e3o itinerante do Sine em tr\u00eas bairros da cidade","datePublished":"2023-08-17T15:24:31+00:00","dateModified":"2023-08-17T15:24:33+00:00","mainEntityOfPage":{"@id":"https:\/\/www.manaus.am.gov.br\/semtepi\/atividades\/prefeitura-de-manaus-promove-acao-itinerante-do-sine-em-tres-bairros-da-cidade\/"},"wordCount":316,"publisher":{"@id":"https:\/\/www.manaus.am.gov.br\/semtepi\/#organization"},"image":{"@id":"https:\/\/www.manaus.am.gov.br\/semtepi\/atividades\/prefeitura-de-manaus-promove-acao-itinerante-do-sine-em-tres-bairros-da-cidade\/#primaryimage"},"thumbnailUrl":"https:\/\/www.manaus.am.gov.br\/semtepi\/wp-content\/uploads\/sites\/20\/2023\/08\/Prefeitura-de-Manaus-promove-acao-itinerante-do-Sine-em-tres-bairros-da-cidade-1.jpeg","keywords":["a\u00e7\u00f5es itinerantes","atendimento","Carteira de Trabalho e Previd\u00eancia Social","F\u00e1bio Ara\u00fajo","prefeitura de manaus","Seguro-desemprego","Semtepi","servi\u00e7os","Sine nos Bairros","vagas de emprego"],"articleSection":["Atividades"],"inLanguage":"pt-BR"},{"@type":"WebPage","@id":"https:\/\/www.manaus.am.gov.br\/semtepi\/atividades\/prefeitura-de-manaus-promove-acao-itinerante-do-sine-em-tres-bairros-da-cidade\/","url":"https:\/\/www.manaus.am.gov.br\/semtepi\/atividades\/prefeitura-de-manaus-promove-acao-itinerante-do-sine-em-tres-bairros-da-cidade\/","name":"Prefeitura de Manaus promove a\u00e7\u00e3o itinerante do Sine em tr\u00eas bairros da cidade - SEMTEPI","isPartOf":{"@id":"https:\/\/www.manaus.am.gov.br\/semtepi\/#website"},"primaryImageOfPage":{"@id":"https:\/\/www.manaus.am.gov.br\/semtepi\/atividades\/prefeitura-de-manaus-promove-acao-itinerante-do-sine-em-tres-bairros-da-cidade\/#primaryimage"},"image":{"@id":"https:\/\/www.manaus.am.gov.br\/semtepi\/atividades\/prefeitura-de-manaus-promove-acao-itinerante-do-sine-em-tres-bairros-da-cidade\/#primaryimage"},"thumbnailUrl":"https:\/\/www.manaus.am.gov.br\/semtepi\/wp-content\/uploads\/sites\/20\/2023\/08\/Prefeitura-de-Manaus-promove-acao-itinerante-do-Sine-em-tres-bairros-da-cidade-1.jpeg","datePublished":"2023-08-17T15:24:31+00:00","dateModified":"2023-08-17T15:24:33+00:00","breadcrumb":{"@id":"https:\/\/www.manaus.am.gov.br\/semtepi\/atividades\/prefeitura-de-manaus-promove-acao-itinerante-do-sine-em-tres-bairros-da-cidade\/#breadcrumb"},"inLanguage":"pt-BR","potentialAction":[{"@type":"ReadAction","target":["https:\/\/www.manaus.am.gov.br\/semtepi\/atividades\/prefeitura-de-manaus-promove-acao-itinerante-do-sine-em-tres-bairros-da-cidade\/"]}]},{"@type":"ImageObject","inLanguage":"pt-BR","@id":"https:\/\/www.manaus.am.gov.br\/semtepi\/atividades\/prefeitura-de-manaus-promove-acao-itinerante-do-sine-em-tres-bairros-da-cidade\/#primaryimage","url":"https:\/\/www.manaus.am.gov.br\/semtepi\/wp-content\/uploads\/sites\/20\/2023\/08\/Prefeitura-de-Manaus-promove-acao-itinerante-do-Sine-em-tres-bairros-da-cidade-1.jpeg","contentUrl":"https:\/\/www.manaus.am.gov.br\/semtepi\/wp-content\/uploads\/sites\/20\/2023\/08\/Prefeitura-de-Manaus-promove-acao-itinerante-do-Sine-em-tres-bairros-da-cidade-1.jpeg","width":886,"height":591},{"@type":"BreadcrumbList","@id":"https:\/\/www.manaus.am.gov.br\/semtepi\/atividades\/prefeitura-de-manaus-promove-acao-itinerante-do-sine-em-tres-bairros-da-cidade\/#breadcrumb","itemListElement":[{"@type":"ListItem","position":1,"name":"Home","item":"https:\/\/www.manaus.am.gov.br\/semtepi\/"},{"@type":"ListItem","position":2,"name":"Prefeitura de Manaus promove a\u00e7\u00e3o itinerante do Sine em tr\u00eas bairros da cidade"}]},{"@type":"WebSite","@id":"https:\/\/www.manaus.am.gov.br\/semtepi\/#website","url":"https:\/\/www.manaus.am.gov.br\/semtepi\/","name":"SEMTEPI","description":"Prefeitura de Manaus","publisher":{"@id":"https:\/\/www.manaus.am.gov.br\/semtepi\/#organization"},"alternateName":"Secretaria Municipal do Trabalho, Empreendedorismo e Inova\u00e7\u00e3o","potentialAction":[{"@type":"SearchAction","target":{"@type":"EntryPoint","urlTemplate":"https:\/\/www.manaus.am.gov.br\/semtepi\/?s={search_term_string}"},"query-input":"required name=search_term_string"}],"inLanguage":"pt-BR"},{"@type":"Organization","@id":"https:\/\/www.manaus.am.gov.br\/semtepi\/#organization","name":"Prefeitura Municipal de Manaus","alternateName":"Prefeitura de Manaus","url":"https:\/\/www.manaus.am.gov.br\/semtepi\/","logo":{"@type":"ImageObject","inLanguage":"pt-BR","@id":"https:\/\/www.manaus.am.gov.br\/semtepi\/#\/schema\/logo\/image\/","url":"https:\/\/www.manaus.am.gov.br\/semtepi\/wp-content\/uploads\/sites\/20\/2024\/07\/favicon.png","contentUrl":"https:\/\/www.manaus.am.gov.br\/semtepi\/wp-content\/uploads\/sites\/20\/2024\/07\/favicon.png","width":300,"height":300,"caption":"Prefeitura Municipal de Manaus"},"image":{"@id":"https:\/\/www.manaus.am.gov.br\/semtepi\/#\/schema\/logo\/image\/"}},{"@type":"Person","@id":"https:\/\/www.manaus.am.gov.br\/semtepi\/#\/schema\/person\/d0a166b5031154c33c77794ddc9a827e","name":"Cl\u00e1udia Barbosa","image":{"@type":"ImageObject","inLanguage":"pt-BR","@id":"https:\/\/www.manaus.am.gov.br\/semtepi\/#\/schema\/person\/image\/","url":"https:\/\/secure.gravatar.com\/avatar\/42958a1cf007f1a00534009218c72590?s=96&d=mm&r=g","contentUrl":"https:\/\/secure.gravatar.com\/avatar\/42958a1cf007f1a00534009218c72590?s=96&d=mm&r=g","caption":"Cl\u00e1udia Barbosa"}}]}},"_links":{"self":[{"href":"https:\/\/www.manaus.am.gov.br\/semtepi\/wp-json\/wp\/v2\/posts\/2464"}],"collection":[{"href":"https:\/\/www.manaus.am.gov.br\/semtepi\/wp-json\/wp\/v2\/posts"}],"about":[{"href":"https:\/\/www.manaus.am.gov.br\/semtepi\/wp-json\/wp\/v2\/types\/post"}],"author":[{"embeddable":true,"href":"https:\/\/www.manaus.am.gov.br\/semtepi\/wp-json\/wp\/v2\/users\/24"}],"replies":[{"embeddable":true,"href":"https:\/\/www.manaus.am.gov.br\/semtepi\/wp-json\/wp\/v2\/comments?post=2464"}],"version-history":[{"count":0,"href":"https:\/\/www.manaus.am.gov.br\/semtepi\/wp-json\/wp\/v2\/posts\/2464\/revisions"}],"wp:featuredmedia":[{"embeddable":true,"href":"https:\/\/www.manaus.am.gov.br\/semtepi\/wp-json\/wp\/v2\/media\/2465"}],"wp:attachment":[{"href":"https:\/\/www.manaus.am.gov.br\/semtepi\/wp-json\/wp\/v2\/media?parent=2464"}],"wp:term":[{"taxonomy":"category","embeddable":true,"href":"https:\/\/www.manaus.am.gov.br\/semtepi\/wp-json\/wp\/v2\/categories?post=2464"},{"taxonomy":"post_tag","embeddable":true,"href":"https:\/\/www.manaus.am.gov.br\/semtepi\/wp-json\/wp\/v2\/tags?post=2464"}],"curies":[{"name":"wp","href":"https:\/\/api.w.org\/{rel}","templated":true}]}}