{"id":2457,"date":"2023-08-15T16:24:38","date_gmt":"2023-08-15T20:24:38","guid":{"rendered":"https:\/\/www.manaus.am.gov.br\/semtepi\/sem-categoria\/sine-manaus-oferta-225-vagas-de-emprego-nesta-quarta-feira-16-8\/"},"modified":"2023-08-15T16:30:52","modified_gmt":"2023-08-15T20:30:52","slug":"sine-manaus-oferta-225-vagas-de-emprego-nesta-quarta-feira-16-8","status":"publish","type":"post","link":"https:\/\/www.manaus.am.gov.br\/semtepi\/oportunidade\/sine-manaus-oferta-225-vagas-de-emprego-nesta-quarta-feira-16-8\/","title":{"rendered":"<strong>Sine Manaus oferta 225 vagas de emprego nesta quarta-feira, 16\/8<\/strong>"},"content":{"rendered":"\n<p>A Prefeitura de Manaus, por meio do Sine Manaus, oferta 225&nbsp;vagas de emprego em v\u00e1rias \u00e1reas de atua\u00e7\u00e3o, nesta quarta-feira, 16\/8,&nbsp;de 8h \u00e0s 16h. O candidato precisa validar a Carteira Digital e Previd\u00eancia Social (CTPS) no aplicativo \u201cCarteira de Trabalho Digital\u201d ou acessar o site&nbsp;<a href=\"http:\/\/gov.br\/trabalho\" target=\"_blank\" rel=\"noreferrer noopener\">http:\/\/gov.br\/trabalho<\/a>&nbsp;e para concorrer \u00e0s vagas, deve acessar o site&nbsp;<a href=\"http:\/\/empregabrasil.mte.gov.br\/\" target=\"_blank\" rel=\"noreferrer noopener\">http:\/\/empregabrasil.mte.gov.br<\/a>&nbsp;para fazer a solicita\u00e7\u00e3o de cadastro.<\/p>\n\n\n\n<p>Para participar da pr\u00e9-sele\u00e7\u00e3o e concorrer a uma das vagas dispon\u00edveis, ou receber orienta\u00e7\u00e3o de cadastro, Carteira de Trabalho Digital e seguro-desemprego, os candidatos devem comparecer a um dos postos do Sine Manaus: na avenida Constantino Nery, n\u00ba 1.272, bairro S\u00e3o Geraldo, zona Centro-Sul; ou no shopping Phelippe Daou, na&nbsp;<a href=\"https:\/\/www.google.com\/maps\/search\/avenida+Camapu%C3%A3,+n%C2%BA+2.939?entry=gmail&amp;source=g\">avenida Camapu\u00e3, n\u00ba 2.939<\/a>, bairro Cidade de Deus, zona Leste.<\/p>\n\n\n\n<p>A Semtepi informa que o atendimento no posto do shopping Phelippe Daou foi reduzido em virtude de reforma no espa\u00e7o, e orienta os cidad\u00e3os a comparecerem, preferencialmente, ao posto da avenida Constantino Nery.<\/p>\n\n\n\n<p>Os interessados devem estar munidos do comprovante de vacina\u00e7\u00e3o (Covid-19), curr\u00edculo e documentos pessoais (RG, CPF, PIS, CTPS, comprovante de escolaridade e resid\u00eancia). N\u00e3o \u00e9 necess\u00e1rio apresentar c\u00f3pias, somente os documentos originais.<\/p>\n\n\n\n<p><strong>Vagas Novas \u2013 57<\/strong><\/p>\n\n\n\n<p><strong>1 vaga \u2013 Auxiliar de Loja \u2013 vaga exclusiva para Pessoas com Defici\u00eancia (PcD)<\/strong><\/p>\n\n\n\n<p>Escolaridade \u2013 ensino m\u00e9dio completo;<\/p>\n\n\n\n<p>Experi\u00eancia \u2013 n\u00e3o \u00e9 necess\u00e1rio;<\/p>\n\n\n\n<p>Atividades \u2013 respons\u00e1vel pela organiza\u00e7\u00e3o das mercadorias de forma que fique atrativa nas vitrines, em pontos estrat\u00e9gicos de vendas e auxiliar os clientes na procura de um produto;<\/p>\n\n\n\n<p>Dispon\u00edvel at\u00e9 16\/08\/2023 ou encerramento da vaga.<\/p>\n\n\n\n<p><strong>1 vaga \u2013 Auxiliar de Produ\u00e7\u00e3o<\/strong><\/p>\n\n\n\n<p>Escolaridade \u2013 ensino m\u00e9dio completo;<\/p>\n\n\n\n<p>Experi\u00eancia \u2013 seis meses na Carteira de Trabalho;<\/p>\n\n\n\n<p>Atividades \u2013 auxiliar na produ\u00e7\u00e3o e assar p\u00e3es;<\/p>\n\n\n\n<p>Dispon\u00edvel at\u00e9 16\/08\/2023 ou encerramento da vaga.<\/p>\n\n\n\n<p><strong>1 vaga \u2013 Operador de Caixa<\/strong><\/p>\n\n\n\n<p>Escolaridade \u2013 ensino m\u00e9dio completo;<\/p>\n\n\n\n<p>Experi\u00eancia \u2013 seis meses na Carteira de Trabalho;<\/p>\n\n\n\n<p>Requisitos Obrigat\u00f3rios \u2013 residir na Zona Leste e ter disponibilidade de trabalho de domingo a sexta-feira;<\/p>\n\n\n\n<p>Atividades \u2013 fazer a abertura e o fechamento de caixa, processar e receber o pagamento e emitir notas fiscais;<\/p>\n\n\n\n<p>Dispon\u00edvel at\u00e9 16\/08\/2023 ou encerramento da vaga.<\/p>\n\n\n\n<p><strong>1 vaga \u2013 Auxiliar de Estoque<\/strong><\/p>\n\n\n\n<p>Escolaridade \u2013 ensino m\u00e9dio completo;<\/p>\n\n\n\n<p>Experi\u00eancia \u2013 seis meses na Carteira de Trabalho;<\/p>\n\n\n\n<p>Requisitos Obrigat\u00f3rios \u2013 residir na Zona Leste, ter experi\u00eancia em materiais de constru\u00e7\u00e3o e disponibilidade de trabalho de domingo a sexta-feira;<\/p>\n\n\n\n<p>Atividades \u2013 armazenar e organizar produtos, separar e receber entregas; realizar a confer\u00eancia dos produtos e os armazenar no local correto, auxiliando os estoquistas;<\/p>\n\n\n\n<p>Dispon\u00edvel at\u00e9 16\/08\/2023 ou encerramento da vaga.<\/p>\n\n\n\n<p><strong>1 vaga \u2013 Assistente de Vendas \u2013 vaga exclusiva para Pessoas com Defici\u00eancia (PcD)<\/strong><\/p>\n\n\n\n<p>Escolaridade \u2013 ensino m\u00e9dio completo;<\/p>\n\n\n\n<p>Experi\u00eancia \u2013 n\u00e3o \u00e9 necess\u00e1rio;<\/p>\n\n\n\n<p>Atividades \u2013 empacotar compras dos clientes no caixa, levar as compras dos clientes at\u00e9 o carro (se necess\u00e1rio), realizar reposi\u00e7\u00e3o de algumas mercadorias, trocar pre\u00e7o dos produtos, entre outras atividades correlatas;<\/p>\n\n\n\n<p>Dispon\u00edvel at\u00e9 16\/08\/2023 ou encerramento da vaga.<\/p>\n\n\n\n<p><strong>10 vagas \u2013 Auxiliar de Produ\u00e7\u00e3o de Alimentos \u2013 vagas exclusivas para Pessoas com Defici\u00eancia (PcD)<\/strong><\/p>\n\n\n\n<p>Escolaridade \u2013 ensino m\u00e9dio completo;<\/p>\n\n\n\n<p>Experi\u00eancia \u2013 seis meses na Carteira de Trabalho;<\/p>\n\n\n\n<p>Atividades \u2013 preparar materiais para alimenta\u00e7\u00e3o de linhas de produ\u00e7\u00e3o; organizar a \u00e1rea de servi\u00e7o; abastecer linhas de produ\u00e7\u00e3o; alimentar m\u00e1quinas e separar materiais para reaproveitamento;<\/p>\n\n\n\n<p>Dispon\u00edvel at\u00e9 16\/08\/2023 ou encerramento da vaga.<\/p>\n\n\n\n<p><strong>2 vagas \u2013 Auxiliar de Limpeza \u2013 vagas exclusivas para Pessoas com Defici\u00eancia (PcD)<\/strong><\/p>\n\n\n\n<p>Escolaridade \u2013 ensino m\u00e9dio completo;<\/p>\n\n\n\n<p>Experi\u00eancia \u2013 seis meses na Carteira de Trabalho;<\/p>\n\n\n\n<p>Atividades \u2013 executar os servi\u00e7os de limpeza, conserva\u00e7\u00e3o e higieniza\u00e7\u00e3o dos ambientes;<\/p>\n\n\n\n<p>Dispon\u00edvel at\u00e9 16\/08\/2023 ou encerramento da vaga.<\/p>\n\n\n\n<p><strong>1 vaga \u2013 Assistente Financeiro<\/strong><\/p>\n\n\n\n<p>Escolaridade \u2013 ensino superior completo ou cursando em Ci\u00eancias Cont\u00e1beis ou \u00e1reas afins;<\/p>\n\n\n\n<p>Experi\u00eancia \u2013 registrada na Carteira de Trabalho;<\/p>\n\n\n\n<p>Atividades \u2013 executar atividades financeiras, contas a pagar e a receber; fazer lan\u00e7amentos financeiros e cont\u00e1beis no ERP da empresa e de Notas Fiscais, entre outras atividades;<\/p>\n\n\n\n<p>Dispon\u00edvel at\u00e9 16\/08\/2023 ou encerramento da vaga.<\/p>\n\n\n\n<p><strong>1 vaga \u2013 Conferente de Carga e Descarga<\/strong><\/p>\n\n\n\n<p>Escolaridade \u2013 ensino m\u00e9dio completo;<\/p>\n\n\n\n<p>Experi\u00eancia \u2013 seis meses na Carteira de Trabalho;<\/p>\n\n\n\n<p>Requisitos Obrigat\u00f3rios \u2013 residir na Zona Oeste;<\/p>\n\n\n\n<p>Atividades \u2013 recepcionar, conferir e armazenar produtos e materiais em almoxarifados, armaz\u00e9ns, silos e dep\u00f3sitos; fazer os lan\u00e7amentos da movimenta\u00e7\u00e3o de entradas e sa\u00eddas e controlar os estoques; distribuir produtos e materiais a serem expedidos; organizar o almoxarifado para facilitar a movimenta\u00e7\u00e3o dos itens armazenados, preservar o estoque limpo e organizado; empacotar e desempacotar os produtos, realizar expedi\u00e7\u00e3o materiais e produtos, examinando-os, providenciando os despachos dos mesmos e auxiliar no processo de log\u00edstica;<\/p>\n\n\n\n<p>Dispon\u00edvel at\u00e9 16\/08\/2023 ou encerramento da vaga.<\/p>\n\n\n\n<p><strong>1 vaga \u2013 Cozinheiro<\/strong><\/p>\n\n\n\n<p>Escolaridade \u2013 ensino fundamental completo;<\/p>\n\n\n\n<p>Experi\u00eancia \u2013 seis meses na Carteira de Trabalho;<\/p>\n\n\n\n<p>Atividades \u2013 preparar os mais diversos tipos de pratos culin\u00e1rios, tais como: refei\u00e7\u00e3o, lanche, sobremesa, entrada, salada, acompanhamento e outros; manipular e temperar alimentos, verificar o estado de conserva\u00e7\u00e3o dos ingredientes, gerenciar estoque de produtos, manipular utens\u00edlios de cozinha, manter a organiza\u00e7\u00e3o e limpeza do ambiente de trabalho; realizar outras tarefas a pedido do superior imediato;<\/p>\n\n\n\n<p>Dispon\u00edvel at\u00e9 16\/08\/2023 ou encerramento da vaga.<\/p>\n\n\n\n<p><strong>1 vaga \u2013 Encarregado de Cozinha<\/strong><\/p>\n\n\n\n<p>Escolaridade \u2013 ensino fundamental completo;<\/p>\n\n\n\n<p>Experi\u00eancia \u2013 registrada na Carteira de Trabalho;<\/p>\n\n\n\n<p>Requisitos Obrigat\u00f3rios \u2013 ter experi\u00eancia com cozinha industrial;<\/p>\n\n\n\n<p>Atividades \u2013 criar e elaborar pratos e card\u00e1pios, atuar direta e indiretamente na prepara\u00e7\u00e3o dos alimentos; gerenciar brigada de cozinha e planejar as rotinas de trabalho e os estoques, al\u00e9m de atuar na capacita\u00e7\u00e3o de funcion\u00e1rios;<\/p>\n\n\n\n<p>Dispon\u00edvel at\u00e9 16\/08\/2023 ou encerramento da vaga.<\/p>\n\n\n\n<p><strong>17 vagas \u2013 Auxiliar de Produ\u00e7\u00e3o<\/strong><\/p>\n\n\n\n<p>Escolaridade \u2013 ensino m\u00e9dio completo;<\/p>\n\n\n\n<p>Experi\u00eancia \u2013 primeiro emprego;<\/p>\n\n\n\n<p>Requisitos Obrigat\u00f3rios \u2013 ter o curso de TBO, residir na Zona Leste e ter no m\u00ednimo 3 doses da vacina da covid-19;<\/p>\n\n\n\n<p>Atividades \u2013 atuar no setor de produ\u00e7\u00e3o da empresa do segmento eletroeletr\u00f4nico: montagem de placas, embalagem em processos de linha de produ\u00e7\u00e3o, controle de qualidade;<\/p>\n\n\n\n<p>Dispon\u00edvel at\u00e9 16\/08\/2023 ou encerramento da vaga.<\/p>\n\n\n\n<p><strong>2 vagas \u2013 Vendedor Interno<\/strong><\/p>\n\n\n\n<p>Escolaridade \u2013 ensino m\u00e9dio completo;<\/p>\n\n\n\n<p>Experi\u00eancia \u2013 primeiro emprego;<\/p>\n\n\n\n<p>Atividades \u2013 vender mercadorias em estabelecimentos do com\u00e9rcio varejista ou atacadista, auxiliar os clientes na escolha. Registrar entrada e sa\u00edda de mercadorias; promover a venda de mercadorias, demonstrar seu funcionamento. Informar sobre suas qualidades e vantagens de aquisi\u00e7\u00e3o; expor mercadorias de forma atrativa, em pontos estrat\u00e9gicos de vendas, com etiquetas de pre\u00e7o; prestar servi\u00e7os aos clientes, tais como: troca de mercadorias; abastecimento de ve\u00edculos; e outros servi\u00e7os correlatos; fazer invent\u00e1rio de mercadorias para reposi\u00e7\u00e3o; elaborar relat\u00f3rios de vendas, de promo\u00e7\u00f5es, de demonstra\u00e7\u00f5es e de pesquisa de pre\u00e7os;<\/p>\n\n\n\n<p>Dispon\u00edvel at\u00e9 16\/08\/2023 ou encerramento da vaga.<\/p>\n\n\n\n<p><strong>1 vaga \u2013 Eletricista de Autos<\/strong><\/p>\n\n\n\n<p>Escolaridade \u2013 ensino fundamental completo;<\/p>\n\n\n\n<p>Experi\u00eancia \u2013 seis meses na Carteira de Trabalho;<\/p>\n\n\n\n<p>Requisitos Obrigat\u00f3rios \u2013 ter experi\u00eancia com el\u00e9trica geral em caminh\u00f5es e m\u00e1quinas pesadas;<\/p>\n\n\n\n<p>Atividades \u2013 planejar servi\u00e7os de instala\u00e7\u00e3o e manuten\u00e7\u00e3o el\u00e9trica em ve\u00edculos, estabelecendo cronogramas e estimando prazos; instalar sistemas e componentes, elaborar leituras e esquemas, interpretar e corrigir esquemas, conectar cabos aos equipamentos e acess\u00f3rios e testar o funcionamento de m\u00e1quinas, equipamentos e sistemas para opera\u00e7\u00e3o; realizar manuten\u00e7\u00f5es preventiva, preditiva e corretiva, inspecionando visualmente m\u00e1quinas e equipamentos, diagnosticar defeitos eletroeletr\u00f4nicos, desmontar, reparar, lubrificar, substituir e montar componentes, ajustar componentes e pe\u00e7as e simular o funcionamento de componentes e equipamentos; elaborar documenta\u00e7\u00e3o t\u00e9cnica, cumprir normas de seguran\u00e7a, meio ambiente e sa\u00fade e realizar com qualidade as instala\u00e7\u00f5es eletroeletr\u00f4nicas;<\/p>\n\n\n\n<p>Dispon\u00edvel at\u00e9 16\/08\/2023 ou encerramento da vaga.<\/p>\n\n\n\n<p><strong>1 vaga \u2013 Auxiliar Administrativo<\/strong><\/p>\n\n\n\n<p>Escolaridade \u2013 ensino m\u00e9dio completo;<\/p>\n\n\n\n<p>Experi\u00eancia \u2013 seis meses na Carteira de Trabalho;<\/p>\n\n\n\n<p>Requisitos Obrigat\u00f3rios \u2013 ter curso de Inform\u00e1tica Avan\u00e7ada;<\/p>\n\n\n\n<p>Atividades \u2013 executar servi\u00e7os de apoio nas \u00e1reas de recursos humanos, administra\u00e7\u00e3o, finan\u00e7as e log\u00edstica; atender fornecedores e clientes, fornecer e receber informa\u00e7\u00f5es sobre produtos e servi\u00e7os; tratar de documentos variados, cumprir todo o procedimento necess\u00e1rios; preparar relat\u00f3rios e planilhas; executar servi\u00e7os gerais de escrit\u00f3rios;<\/p>\n\n\n\n<p>Dispon\u00edvel at\u00e9 16\/08\/2023 ou encerramento da vaga.<\/p>\n\n\n\n<p><strong>15 vagas \u2013 Pedreiro de Fachada<\/strong><\/p>\n\n\n\n<p>Escolaridade \u2013 ensino fundamental completo;<\/p>\n\n\n\n<p>Experi\u00eancia \u2013 seis meses na Carteira de Trabalho;<\/p>\n\n\n\n<p>Requisitos Obrigat\u00f3rios \u2013 ter disponibilidade para trabalhar em Iranduba;<\/p>\n\n\n\n<p>Atividades \u2013 executar trabalhos em alvenaria, concreto e outros materiais, guiando-se por desenhos, esquemas e especifica\u00e7\u00f5es, utilizando processos e instrumentos pertinentes ao of\u00edcio para construir, reformar ou reparar pr\u00e9dios e obras similares; verificar as caracter\u00edsticas das obras, examinando plantas e especifica\u00e7\u00f5es t\u00e9cnicas;<\/p>\n\n\n\n<p>Dispon\u00edvel at\u00e9 16\/08\/2023 ou encerramento da vaga.<\/p>\n\n\n\n<p><strong>Vagas no Com\u00e9rcio \u2013 56<\/strong><\/p>\n\n\n\n<p><strong>1 vaga \u2013 Confeiteiro<\/strong><\/p>\n\n\n\n<p>Escolaridade \u2013 ensino m\u00e9dio completo;<\/p>\n\n\n\n<p>Experi\u00eancia \u2013 quatro meses na Carteira de Trabalho ou declara\u00e7\u00e3o;<\/p>\n\n\n\n<p>Atividades \u2013 trabalhar na prepara\u00e7\u00e3o e desenforme de bolos e tortas, caldas, recheios e coberturas, lavagem de lou\u00e7a, limpeza de cozinha, recebimento de mercadorias e controle de estoque; auxiliar no preparo de refei\u00e7\u00f5es, sobremesas e lanches; manter a ordem e a limpeza da cozinha, realizando a coleta e a lavagem das bandejas e talheres.<\/p>\n\n\n\n<p>Dispon\u00edvel at\u00e9 16\/08\/2023 ou encerramento da vaga.<\/p>\n\n\n\n<p><strong>1 vaga \u2013 Auxiliar de Confeiteiro<\/strong><\/p>\n\n\n\n<p>Escolaridade \u2013 ensino m\u00e9dio completo;<\/p>\n\n\n\n<p>Experi\u00eancia \u2013 seis meses na Carteira de Trabalho;<\/p>\n\n\n\n<p>Atividades \u2013 auxiliar no preparo de massas para a produ\u00e7\u00e3o de p\u00e3es e sobremesas e na montagem de pratos; auxiliar na produ\u00e7\u00e3o de bolos e doces; preparar decora\u00e7\u00e3o, recheios e coberturas.<\/p>\n\n\n\n<p>Dispon\u00edvel at\u00e9 16\/08\/2023 ou encerramento da vaga.<\/p>\n\n\n\n<p><strong>2 vagas \u2013 Vendedor Interno<\/strong><\/p>\n\n\n\n<p>Escolaridade \u2013 ensino m\u00e9dio completo;<\/p>\n\n\n\n<p>Experi\u00eancia \u2013 seis meses na Carteira de Trabalho;<\/p>\n\n\n\n<p>Atividades \u2013 atendimento ao cliente online e presencial; prospectar novos clientes e rotinas administrativas em geral;<\/p>\n\n\n\n<p>Dispon\u00edvel at\u00e9 16\/08\/2023 ou encerramento da vaga.<\/p>\n\n\n\n<p><strong>6 vagas \u2013 Operador de Telemarketing Receptivo<\/strong><\/p>\n\n\n\n<p>Escolaridade \u2013 ensino m\u00e9dio completo;<\/p>\n\n\n\n<p>Experi\u00eancia \u2013 seis meses na Carteira de Trabalho;<\/p>\n\n\n\n<p>Requisitos Obrigat\u00f3rios \u2013 ter experi\u00eancia em vendas no atacado;<\/p>\n\n\n\n<p>Atividades \u2013 atender usu\u00e1rios, oferecer servi\u00e7os e produtos, prestar servi\u00e7os t\u00e9cnicos especializados; realizar pesquisas; fazer servi\u00e7os de cobran\u00e7a e cadastramento de clientes, sempre via teleatendimento, seguindo roteiros e scripts planejados e controlados para captar, reter ou recuperar clientes;<\/p>\n\n\n\n<p>Dispon\u00edvel at\u00e9 16\/08\/2023 ou encerramento da vaga.<\/p>\n\n\n\n<p><strong>1 vaga \u2013 A\u00e7ougueiro<\/strong><\/p>\n\n\n\n<p>Escolaridade \u2013 ensino m\u00e9dio completo;<\/p>\n\n\n\n<p>Experi\u00eancia \u2013 seis meses na Carteira de Trabalho;<\/p>\n\n\n\n<p>Requisitos Obrigat\u00f3rios \u2013 ter experi\u00eancia com desossa;<\/p>\n\n\n\n<p>Atividades \u2013 abater bovinos e aves, controlar a temperatura e velocidade de m\u00e1quinas; preparar carca\u00e7as de animais (aves, bovinos, caprinos, ovinos e su\u00ednos), limpar, retirar v\u00edsceras, depilar, riscar pequenos cortes e separar cabe\u00e7as e carca\u00e7as; tratar v\u00edsceras limpando e escaldando; preparar carnes para comercializa\u00e7\u00e3o desossando, identificar tipos, marcar, fatiar, pesar e cortar; realizar tratamentos especiais em carnes, salgando, secando, prensando e adicionando conservantes; acondicionar carnes em embalagens individuais, manualmente ou com o aux\u00edlio de m\u00e1quinas de embalagem a v\u00e1cuo; trabalhar em conformidade a normas e procedimentos t\u00e9cnicos e de qualidade, seguran\u00e7a, higiene, sa\u00fade e preserva\u00e7\u00e3o ambiental;<\/p>\n\n\n\n<p>Dispon\u00edvel at\u00e9 16\/08\/2023 ou encerramento da vaga.<\/p>\n\n\n\n<p><strong>1 vaga \u2013 Auxiliar Financeiro<\/strong><\/p>\n\n\n\n<p>Escolaridade \u2013 ensino superior completo em Contabilidade ou \u00e1reas afins;<\/p>\n\n\n\n<p>Experi\u00eancia \u2013 seis meses na Carteira de Trabalho;<\/p>\n\n\n\n<p>Requisitos Obrigat\u00f3rios \u2013 ter experi\u00eancia em concilia\u00e7\u00e3o banc\u00e1ria e curso de Inform\u00e1tica Avan\u00e7ada ou Excel Avan\u00e7ado;<\/p>\n\n\n\n<p>Atividades \u2013 organizar documentos e efetuar sua classifica\u00e7\u00e3o cont\u00e1bil; gerar lan\u00e7amentos cont\u00e1beis; auxiliar na apura\u00e7\u00e3o dos impostos; conciliar contas e preenchimento de guias de recolhimento e de solicita\u00e7\u00f5es, junto a \u00f3rg\u00e3os do governo; emitir notas de venda e transfer\u00eancia, entre outras; realizar o arquivo de documentos;<\/p>\n\n\n\n<p>Dispon\u00edvel at\u00e9 16\/08\/2023 ou encerramento da vaga.<\/p>\n\n\n\n<p><strong>3 vagas \u2013 Vendedor Interno<\/strong><\/p>\n\n\n\n<p>Escolaridade \u2013 ensino m\u00e9dio completo;<\/p>\n\n\n\n<p>Experi\u00eancia \u2013 seis meses na Carteira de Trabalho;<\/p>\n\n\n\n<p>Atividades \u2013 atender aos clientes que chegam nas depend\u00eancias da loja; cumprir com metas de vendas determinadas pelo supervisor e<\/p>\n\n\n\n<p>auxiliar na organiza\u00e7\u00e3o da loja;<\/p>\n\n\n\n<p>Dispon\u00edvel at\u00e9 16\/08\/2023 ou encerramento da vaga.<\/p>\n\n\n\n<p><strong>1 vaga \u2013 Encarregado de Padaria&nbsp;<\/strong><\/p>\n\n\n\n<p>Escolaridade \u2013 ensino m\u00e9dio completo;<\/p>\n\n\n\n<p>Experi\u00eancia \u2013 registrada na Carteira de Trabalho;<\/p>\n\n\n\n<p>Atividades \u2013 coordenar equipe, participar do processo de produ\u00e7\u00e3o de p\u00e3es e salgados, passar relat\u00f3rios de uso e consumo e realizar treinamento de conserva\u00e7\u00e3o e preparo dos produtos;<\/p>\n\n\n\n<p>Dispon\u00edvel at\u00e9 16\/08\/2023 ou encerramento da vaga.<\/p>\n\n\n\n<p><strong>1 vaga \u2013 Auxiliar de Compras<\/strong><\/p>\n\n\n\n<p>Escolaridade \u2013 ensino m\u00e9dio completo ou cursando t\u00e9cnico, tecn\u00f3logo ou superior em Log\u00edstica;<\/p>\n\n\n\n<p>Experi\u00eancia \u2013 seis meses na Carteira de Trabalho;<\/p>\n\n\n\n<p>Requisitos Obrigat\u00f3rios \u2013 ter experi\u00eancias na \u00e1rea de compras, setor fiscal, Sefaz, Suframa, ICMS, Pins e Confins;<\/p>\n\n\n\n<p>Atividades \u2013 auxiliar nos processos de compras de materiais para empresa; emitir pedidos e notas fiscais; realizar cota\u00e7\u00e3o e acompanhar os prazos de entrega, qualidade dos produtos;<\/p>\n\n\n\n<p>Dispon\u00edvel at\u00e9 16\/08\/2023 ou encerramento da vaga.<\/p>\n\n\n\n<p><strong>1 vaga \u2013 A\u00e7ougueiro<\/strong><\/p>\n\n\n\n<p>Escolaridade \u2013 ensino m\u00e9dio completo;<\/p>\n\n\n\n<p>Experi\u00eancia \u2013 seis meses na Carteira de Trabalho;<\/p>\n\n\n\n<p>Atividades \u2013 realizar atendimento ao cliente; desossar e executar corte especial das carnes;<\/p>\n\n\n\n<p>Dispon\u00edvel at\u00e9 16\/08\/2023 ou encerramento da vaga.<\/p>\n\n\n\n<p><strong>1 vaga \u2013 Assistente de Contabilidade<\/strong><\/p>\n\n\n\n<p>Escolaridade \u2013 cursando ensino superior em Ci\u00eancias Cont\u00e1beis;<\/p>\n\n\n\n<p>Experi\u00eancia \u2013 seis meses na Carteira de Trabalho;<\/p>\n\n\n\n<p>Requisitos Obrigat\u00f3rios \u2013 ter experi\u00eancias na \u00e1rea de compras, setor fiscal, Sefaz, Suframa, ICMS, Pis e Cofins;<\/p>\n\n\n\n<p>Atividades \u2013 auxiliar nos processos de compras de materiais para empresa; emitir pedidos e notas fiscais; realizar cota\u00e7\u00e3o e acompanhar os prazos de entrega, qualidade dos produtos;<\/p>\n\n\n\n<p>Dispon\u00edvel at\u00e9 16\/08\/2023 ou encerramento da vaga.<\/p>\n\n\n\n<p><strong>1 vaga \u2013 Auxiliar de Expedi\u00e7\u00e3o<\/strong><\/p>\n\n\n\n<p>Escolaridade \u2013 ensino m\u00e9dio completo;<\/p>\n\n\n\n<p>Experi\u00eancia \u2013 seis meses na Carteira de Trabalho;<\/p>\n\n\n\n<p>Atividades \u2013 realizar separa\u00e7\u00e3o de materiais; entregar, conferir, organizar e contar mercadorias;<\/p>\n\n\n\n<p>Dispon\u00edvel at\u00e9 16\/08\/2023 ou encerramento da vaga.<\/p>\n\n\n\n<p><strong>1 vaga \u2013 T\u00e9cnico de Manuten\u00e7\u00e3o de Produtos Eletr\u00f4nicos<\/strong><\/p>\n\n\n\n<p>Escolaridade \u2013 ensino m\u00e9dio completo;<\/p>\n\n\n\n<p>Experi\u00eancia \u2013 registrada na Carteira de Trabalho;<\/p>\n\n\n\n<p>Requisitos Obrigat\u00f3rios \u2013 ter o curso de inform\u00e1tica b\u00e1sica;<\/p>\n\n\n\n<p>Atividades \u2013 fazer conserto, reparo de produtos, troca expressa, e garantia; conhecimento dos produtos Intelbras; atender clientes e conhecer o c\u00f3digo do consumidor, pacote&nbsp;<em>office<\/em>;<\/p>\n\n\n\n<p>Dispon\u00edvel at\u00e9 16\/08\/2023 ou encerramento da vaga.<\/p>\n\n\n\n<p><strong>1 vaga \u2013 Vendedor Externo<\/strong><\/p>\n\n\n\n<p>Escolaridade \u2013 ensino m\u00e9dio completo;<\/p>\n\n\n\n<p>Experi\u00eancia \u2013 registrada na Carteira de Trabalho;<\/p>\n\n\n\n<p>Atividades \u2013 mapear oportunidades de neg\u00f3cio; elaborar e apresentar propostas comerciais; organizar pedidos; acompanhar entrega de produtos; negociar pre\u00e7os e prazos; redatar contratos; visitas de p\u00f3s-venda;<\/p>\n\n\n\n<p>Dispon\u00edvel at\u00e9 16\/08\/2023 ou encerramento da vaga.<\/p>\n\n\n\n<p><strong>1 vaga \u2013 Auxiliar de Marketing<\/strong><\/p>\n\n\n\n<p>Escolaridade \u2013 ensino m\u00e9dio completo;<\/p>\n\n\n\n<p>Experi\u00eancia \u2013 seis meses na Carteira de Trabalho ou declara\u00e7\u00e3o;<\/p>\n\n\n\n<p>Requisitos Obrigat\u00f3rios \u2013 residir nas proximidades do bairro de flores;<\/p>\n\n\n\n<p>Atividades \u2013 dominar de redes sociais; fotografia b\u00e1sica, divulga\u00e7\u00e3o e atendimento via ifood, produ\u00e7\u00e3o de conte\u00fado;<\/p>\n\n\n\n<p>Dispon\u00edvel at\u00e9 16\/08\/2023 ou encerramento da vaga.<\/p>\n\n\n\n<p><strong>2 vagas \u2013 Atendente de Padaria<\/strong><\/p>\n\n\n\n<p>Escolaridade \u2013 ensino m\u00e9dio completo;<\/p>\n\n\n\n<p>Experi\u00eancia \u2013 seis meses na Carteira de Trabalho ou declara\u00e7\u00e3o;<\/p>\n\n\n\n<p>Requisitos Obrigat\u00f3rios \u2013 residir nas proximidades do bairro de flores;<\/p>\n\n\n\n<p>Atividades \u2013 atender aos pedidos dos clientes para a venda de p\u00e3es e buffet: acolhe o pedido, presta informa\u00e7\u00f5es sobre o produto, separa, pesa, embala e precifica, organizar os produtos nas prateleiras, agindo com cordialidade e presteza visando a satisfa\u00e7\u00e3o do cliente;<\/p>\n\n\n\n<p>Dispon\u00edvel at\u00e9 16\/08\/2023 ou encerramento da vaga.<\/p>\n\n\n\n<p><strong>2 vagas \u2013 Chapeiro<\/strong><\/p>\n\n\n\n<p>Escolaridade \u2013 ensino m\u00e9dio completo;<\/p>\n\n\n\n<p>Experi\u00eancia \u2013 seis meses na Carteira de Trabalho ou declara\u00e7\u00e3o;<\/p>\n\n\n\n<p>Requisitos Obrigat\u00f3rios \u2013 residir nas proximidades do bairro de flores;<\/p>\n\n\n\n<p>Atividades \u2013 higienizar e organizar o ambiente de trabalho; preparar lanches e pratos r\u00e1pidos na lanchonete da loja (x-salada, tapiocas, sandu\u00edches diversos);<\/p>\n\n\n\n<p>Dispon\u00edvel at\u00e9 16\/08\/2023 ou encerramento da vaga.<\/p>\n\n\n\n<p><strong>1 vaga \u2013 Auxiliar de Estoque<\/strong><\/p>\n\n\n\n<p>Escolaridade \u2013 ensino m\u00e9dio completo;<\/p>\n\n\n\n<p>Experi\u00eancia \u2013 seis meses na Carteira de Trabalho;<\/p>\n\n\n\n<p>Requisitos Obrigat\u00f3rios \u2013 ter Inform\u00e1tica B\u00e1sica (conhecimento em Excel);<\/p>\n\n\n\n<p>Atividades \u2013 armazenar e organizar produtos, separar e receber entregas; realizar a confer\u00eancia dos produtos, auxiliando os estoquistas;<\/p>\n\n\n\n<p>Dispon\u00edvel at\u00e9 16\/08\/2023 ou encerramento da vaga.<\/p>\n\n\n\n<p><strong>1 vaga \u2013 Supervisor de Vendas<\/strong><\/p>\n\n\n\n<p>Escolaridade \u2013 ensino superior completo em Administra\u00e7\u00e3o, Log\u00edstica ou Gest\u00e3o Comercial;<\/p>\n\n\n\n<p>Experi\u00eancia \u2013 tr\u00eas meses na Carteira de Trabalho;<\/p>\n\n\n\n<p>Requisitos Obrigat\u00f3rios \u2013 ter Carteira Nacional de Habilita\u00e7\u00e3o categoria \u201cA\u201d dentro do prazo de validade e ve\u00edculo pr\u00f3prio;<\/p>\n\n\n\n<p>Atividades \u2013 definir objetivos de desempenho e prazos, sempre observando os planos e a vis\u00e3o da empresa; organizar o fluxo de trabalho; elaborar planos de desenvolvimento de novos clientes e distribuidores; coletar indicadores de mercado;<\/p>\n\n\n\n<p>Dispon\u00edvel at\u00e9 16\/08\/2023 ou encerramento da vaga.<\/p>\n\n\n\n<p><strong>8 vagas \u2013 Coordenador de Loja (Restaurante)<\/strong><\/p>\n\n\n\n<p>Escolaridade \u2013 ensino m\u00e9dio completo;<\/p>\n\n\n\n<p>Experi\u00eancia \u2013 seis meses na Carteira de Trabalho;<\/p>\n\n\n\n<p>Requisitos Obrigat\u00f3rios \u2013 ter disponibilidade de hor\u00e1rio e de atua\u00e7\u00e3o em supervis\u00e3o\/ gerenciamento de equipe;<\/p>\n\n\n\n<p>Atividades \u2013 coordenar os funcion\u00e1rios na elabora\u00e7\u00e3o de refei\u00e7\u00f5es, administrar e controlar a reposi\u00e7\u00e3o e abastecimento de alimentos e acompanhar os recursos financeiros do restaurante;<\/p>\n\n\n\n<p>Dispon\u00edvel at\u00e9 16\/08\/2023 ou encerramento da vaga.<\/p>\n\n\n\n<p><strong>10 vagas \u2013 Vendedor Porta a Porta<\/strong><\/p>\n\n\n\n<p>Escolaridade \u2013 ensino m\u00e9dio completo;<\/p>\n\n\n\n<p>Experi\u00eancia \u2013 n\u00e3o \u00e9 necess\u00e1rio;<\/p>\n\n\n\n<p>Atividades \u2013 respons\u00e1vel por executar atividades relacionadas \u00e0 venda de produtos ou servi\u00e7os externos; comercializar produtos da maior empresa do Brasil em Internet, TV, Telefone Fixo e M\u00f3vel; elaborar propostas e prospec\u00e7\u00e3o de novos clientes;<\/p>\n\n\n\n<p>Dispon\u00edvel at\u00e9 16\/08\/2023 ou encerramento da vaga.<\/p>\n\n\n\n<p><strong>1 vaga \u2013 Vendedor Interno<\/strong><\/p>\n\n\n\n<p>Escolaridade \u2013 ensino m\u00e9dio completo;<\/p>\n\n\n\n<p>Experi\u00eancia \u2013 seis meses na Carteira de Trabalho;<\/p>\n\n\n\n<p>Atividades \u2013 realizar atendimento dos clientes, negociar pre\u00e7os, prazo, condi\u00e7\u00f5es de pagamento e descontos na venda; orientar quanto \u00e0s especifica\u00e7\u00f5es dos produtos e\/ou servi\u00e7os; controlar os pedidos dos clientes, qualidade dos produtos e prazo de entrega estabelecido;<\/p>\n\n\n\n<p>Dispon\u00edvel at\u00e9 16\/08\/2023 ou encerramento da vaga.<\/p>\n\n\n\n<p><strong>1 vaga \u2013 Motorista Carreteiro<\/strong><\/p>\n\n\n\n<p>Escolaridade \u2013 ensino m\u00e9dio completo;<\/p>\n\n\n\n<p>Experi\u00eancia \u2013 seis meses na Carteira de Trabalho;<\/p>\n\n\n\n<p>Requisitos Obrigat\u00f3rios \u2013 ter Carteira Nacional de Habilita\u00e7\u00e3o categoria \u201cE\u201d dentro do prazo de validade; ter o curso de Dire\u00e7\u00e3o defensiva e no\u00e7\u00f5es b\u00e1sicas em mec\u00e2nica;<\/p>\n\n\n\n<p>Atividades \u2013 transportar materiais e produtos para diversos itiner\u00e1rios; elaborar relat\u00f3rios de viagem e rota; efetuar a presta\u00e7\u00e3o de contas das despesas do ve\u00edculo; zelar pela conserva\u00e7\u00e3o e seguran\u00e7a dos ve\u00edculos, providenciando limpeza, ajustes e pequenos reparos;<\/p>\n\n\n\n<p>Dispon\u00edvel at\u00e9 16\/08\/2023 ou encerramento da vaga.<\/p>\n\n\n\n<p><strong>1 vaga \u2013 Gar\u00e7om<\/strong><\/p>\n\n\n\n<p>Escolaridade \u2013 ensino fundamental completo;<\/p>\n\n\n\n<p>Experi\u00eancia \u2013 registrada na Carteira de Trabalho;<\/p>\n\n\n\n<p>Atividades \u2013 servir alimentos e bebidas, apresentando-os ao usu\u00e1rio e dispondo-os nos pratos e copos; recolher travessas, talheres e outros recipientes desocupados, encaminhar os mesmos para lavagem e secagem; preparar a mesa de refei\u00e7\u00f5es, dispondo em ordem pratos, copos, talheres e guardanapos;<\/p>\n\n\n\n<p>Dispon\u00edvel at\u00e9 16\/08\/2023 ou encerramento da vaga.<\/p>\n\n\n\n<p><strong>1 vaga \u2013 Operador de Caixa<\/strong><\/p>\n\n\n\n<p>Escolaridade \u2013 ensino m\u00e9dio completo;<\/p>\n\n\n\n<p>Experi\u00eancia \u2013 registrada na Carteira de Trabalho;<\/p>\n\n\n\n<p>Requisitos Obrigat\u00f3rios \u2013 diferencial ter conhecimento no Sistema Operacional Wintor; residir nas proximidades Centro, Educandos, Japiim, Crespo, S\u00e3o L\u00e1zaro (zona Sul);<\/p>\n\n\n\n<p>Atividades \u2013 respons\u00e1vel por fazer a abertura e o fechamento de caixa, processar e receber o pagamento e emitir notas fiscais. Al\u00e9m das tarefas administrativas, o operador de caixa atua diretamente no atendimento ao cliente, uma vez que \u00e9 a pessoa que concretiza e finaliza a compra;<\/p>\n\n\n\n<p>Dispon\u00edvel at\u00e9 16\/08\/2023 ou encerramento da vaga.<\/p>\n\n\n\n<p><strong>2 vagas \u2013 Peneirador de Minerais&nbsp;<\/strong><\/p>\n\n\n\n<p>Escolaridade \u2013 ensino fundamental completo;<\/p>\n\n\n\n<p>Experi\u00eancia \u2013 n\u00e3o \u00e9 necess\u00e1rio;<\/p>\n\n\n\n<p>Requisitos Obrigat\u00f3rios \u2013 ter disponibilidade para servi\u00e7os bra\u00e7ais intenso;<\/p>\n\n\n\n<p>Atividades \u2013 realizar o peneiramento de minerais, areia e outros, verificando poss\u00edveis anomalias e fazendo o ensacamento dos materiais para entregas;<\/p>\n\n\n\n<p>Dispon\u00edvel at\u00e9 16\/08\/2023 ou encerramento da vaga.<\/p>\n\n\n\n<p><strong>1 vaga \u2013 Ajudante de Caminh\u00e3o&nbsp;<\/strong><\/p>\n\n\n\n<p>Escolaridade \u2013 ensino fundamental completo;<\/p>\n\n\n\n<p>Experi\u00eancia \u2013 seis meses na Carteira de Trabalho;<\/p>\n\n\n\n<p>Atividades \u2013 respons\u00e1vel por prestar aux\u00edlio ao motorista durante o trajeto da entrega; auxiliar nas entregas de produto, fazer carga e descarga realizando a leitura de mapas e de ruas;<\/p>\n\n\n\n<p>Dispon\u00edvel at\u00e9 16\/08\/2023 ou encerramento da vaga.<\/p>\n\n\n\n<p><strong>1 vaga \u2013 Auxiliar de TI&nbsp;<\/strong><\/p>\n\n\n\n<p>Escolaridade \u2013 ensino superior completo ou cursando Sistema de Informa\u00e7\u00e3o ou \u00e1reas afins;<\/p>\n\n\n\n<p>Experi\u00eancia \u2013 registrada na Carteira de Trabalho;<\/p>\n\n\n\n<p>Requisitos Obrigat\u00f3rios \u2013 ter disponibilidade de hor\u00e1rio;<\/p>\n\n\n\n<p>Atividades \u2013 prestar suporte aos usu\u00e1rios da rede de computadores, fazer montagem, reparos e configura\u00e7\u00f5es de equipamentos hardware e software. Participa de processo de an\u00e1lise de novos softwares e de processo de compra de softwares aplicativos. Elabora programas que facilitam a interface do usu\u00e1rio.<\/p>\n\n\n\n<p>Dispon\u00edvel at\u00e9 16\/08\/2023 ou encerramento da vaga.<\/p>\n\n\n\n<p><strong>1 vaga \u2013 Auxiliar de Almoxarifado&nbsp;<\/strong><\/p>\n\n\n\n<p>Escolaridade \u2013 ensino m\u00e9dio completo;<\/p>\n\n\n\n<p>Experi\u00eancia \u2013 seis meses na Carteira de Trabalho;<\/p>\n\n\n\n<p>Requisitos Obrigat\u00f3rios \u2013 ter curso de Almoxarifado e Inform\u00e1tica B\u00e1sica;<\/p>\n\n\n\n<p>Atividades \u2013 recepcionar, conferir, armazenar produtos, controlar as entradas e sa\u00eddas do estoque e auxiliar nos invent\u00e1rios; receber materiais, separar e organizar mercadorias, auxiliar na verifica\u00e7\u00e3o e na embalagem de produtos prontos, confer\u00eancia de produtos recebidos e anotar os dados em planilhas, al\u00e9m de verificar o estoque e anotar os produtos que est\u00e3o em falta ou sem sa\u00edda.<\/p>\n\n\n\n<p>Dispon\u00edvel at\u00e9 16\/08\/2023 ou encerramento da vaga.<\/p>\n\n\n\n<p><strong>Vagas na Ind\u00fastria \u2013 40<\/strong><\/p>\n\n\n\n<p><strong>30 vagas \u2013 Montador a M\u00e3o<\/strong><\/p>\n\n\n\n<p>Escolaridade \u2013 ensino m\u00e9dio completo;<\/p>\n\n\n\n<p>Experi\u00eancia \u2013 n\u00e3o \u00e9 necess\u00e1rio;<\/p>\n\n\n\n<p>Requisitos Obrigat\u00f3rios \u2013 ter os cursos de NR-12 e NR-20; residir nos bairros Armando Mendes, S\u00e3o Jos\u00e9, Zumbi, Grande Vit\u00f3ria, Novo Aleixo, Cidade Nova, Nova Cidade, Japiim. Petr\u00f3polis, Coroado, Aleixo, Crespo, Santa Luzia, Educandos, Bet\u00e2nia, Morro da Liberdade, Compensa, Santo Ant\u00f4nio e Comunidade Mundo Novo;<\/p>\n\n\n\n<p>Atividades \u2013 realizar Montagem de bateria de Notebook;<\/p>\n\n\n\n<p>Dispon\u00edvel at\u00e9 16\/08\/2023 ou encerramento da vaga.<\/p>\n\n\n\n<p><strong>5 vagas \u2013 Operador de M\u00e1quina SMT<\/strong><\/p>\n\n\n\n<p>Escolaridade \u2013 ensino m\u00e9dio completo;<\/p>\n\n\n\n<p>Experi\u00eancia \u2013 seis meses na Carteira de Trabalho;<\/p>\n\n\n\n<p>Requisitos Obrigat\u00f3rios \u2013 ter os cursos de Leitura de Componentes e Solda; residir nos bairros Armando Mendes, S\u00e3o Jos\u00e9, Zumbi, Grande Vit\u00f3ria, Novo Aleixo, Cidade Nova, Nova Cidade, Japiim. Petr\u00f3polis, Coroado, Aleixo, Crespo, Santa Luzia, Educandos, Bet\u00e2nia, Morro da Liberdade, Compensa, Santo Ant\u00f4nio e Comunidade Mundo Novo;<\/p>\n\n\n\n<p>Atividades \u2013 preparar as m\u00e1quinas de SMD para produ\u00e7\u00e3o; receber e conferir materiais, aparelhos, instrumentos, produtos e mat\u00e9ria-prima a serem utilizados no processo de produ\u00e7\u00e3o conforme sua sequ\u00eancia; ajustam e controlam seu funcionamento, efetuando retoques e aplica\u00e7\u00e3o de produtos necess\u00e1rios para garantir a qualidade e efici\u00eancia no processo produtivo;<\/p>\n\n\n\n<p>Dispon\u00edvel at\u00e9 16\/08\/2023 ou encerramento da vaga.<\/p>\n\n\n\n<p><strong>5 vagas \u2013 T\u00e9cnico de Reparo (T\u00e9cnico de Produ\u00e7\u00e3o)<\/strong><\/p>\n\n\n\n<p>Escolaridade \u2013 ensino m\u00e9dio completo;<\/p>\n\n\n\n<p>Experi\u00eancia \u2013 seis meses na Carteira de Trabalho;<\/p>\n\n\n\n<p>Requisitos Obrigat\u00f3rios \u2013 ter os cursos de Leitura de Componentes; residir nos bairros Armando Mendes, S\u00e3o Jos\u00e9, Zumbi, Grande Vit\u00f3ria, Novo Aleixo, Cidade Nova, Nova Cidade, Japiim. Petr\u00f3polis, Coroado, Aleixo, Crespo, Santa Luzia, Educandos, Bet\u00e2nia, Morro da Liberdade, Compensa, Santo Ant\u00f4nio e Comunidade Mundo Novo;<\/p>\n\n\n\n<p>Atividades \u2013 realizar diagn\u00f3stico, instala\u00e7\u00e3o e manuten\u00e7\u00e3o preventiva e corretiva de sistemas, m\u00e1quinas e equipamentos, conforme os procedimentos definidos e normas t\u00e9cnicas;<\/p>\n\n\n\n<p>Dispon\u00edvel at\u00e9 16\/08\/2023 ou encerramento da vaga.<\/p>\n\n\n\n<p><strong>Vagas em Servi\u00e7os \u2013 63<\/strong><\/p>\n\n\n\n<p><strong>1 vaga \u2013 Supervisor de Telemarketing<\/strong><\/p>\n\n\n\n<p>Escolaridade \u2013 ensino m\u00e9dio completo;<\/p>\n\n\n\n<p>Experi\u00eancia \u2013 registrada na Carteira de Trabalho;<\/p>\n\n\n\n<p>Atividades \u2013 gerenciar as atividades de teleatendimento, como distribui\u00e7\u00e3o de tarefas \u00e0 equipe, acompanhamento de procedimentos e regras para um melhor atendimento ao cliente e elabora\u00e7\u00e3o de relat\u00f3rios estat\u00edsticos; propor medidas para a corre\u00e7\u00e3o e preven\u00e7\u00e3o de problemas, entre outras atividades relativas \u00e0 fun\u00e7\u00e3o.<\/p>\n\n\n\n<p>Dispon\u00edvel at\u00e9 16\/08\/2023 ou encerramento da vaga.<\/p>\n\n\n\n<p><strong>1 vaga \u2013 Encarregado de Manuten\u00e7\u00e3o<\/strong><\/p>\n\n\n\n<p>Escolaridade \u2013 ensino superior completo em engenharia el\u00e9trica;<\/p>\n\n\n\n<p>Experi\u00eancia \u2013 registrada na carteira de trabalho;<\/p>\n\n\n\n<p>Atividades \u2013 programar e supervisionar os servi\u00e7os de instala\u00e7\u00e3o, paradas de m\u00e1quinas para manuten\u00e7\u00e3o preventiva e corretiva, visando minimizar o tempo n\u00e3o produtivo dos equipamentos; elaborar os projetos de desenvolvimento de dispositivos para m\u00e1quinas e equipamentos;<\/p>\n\n\n\n<p>Dispon\u00edvel at\u00e9 16\/08\/2023 ou encerramento da vaga.<\/p>\n\n\n\n<p><strong>1 vaga \u2013 Auxiliar de Servi\u00e7os Gerais<\/strong><\/p>\n\n\n\n<p>Escolaridade \u2013 ensino m\u00e9dio completo;<\/p>\n\n\n\n<p>Experi\u00eancia \u2013 registrada na carteira de trabalho;<\/p>\n\n\n\n<p>Requisitos Obrigat\u00f3rios \u2013 ter disponibilidade para trabalhar no final de semana e feriado; morar pr\u00f3ximo ao bairro S\u00e3o Jorge;<\/p>\n\n\n\n<p>Atividades \u2013 executar trabalhos de limpeza em geral em edif\u00edcios e outros locais, para manuten\u00e7\u00e3o das condi\u00e7\u00f5es de higiene e conserva\u00e7\u00e3o do ambiente, coletando o lixo, entre outras atividades correlatas;<\/p>\n\n\n\n<p>Dispon\u00edvel at\u00e9 16\/08\/2023 ou encerramento da vaga.<\/p>\n\n\n\n<p><strong>2 vagas \u2013 Auxiliar de Limpeza<\/strong><\/p>\n\n\n\n<p>Escolaridade \u2013 ensino m\u00e9dio completo;<\/p>\n\n\n\n<p>Experi\u00eancia \u2013 registrada na Carteira de Trabalho;<\/p>\n\n\n\n<p>Atividades \u2013 realizar a limpeza das depend\u00eancias da empresa utilizando-se de material (desinfetante, cera, removedores, etc.) e equipamento espec\u00edfico (vassoura, p\u00e1, aspirador de p\u00f3, etc.): remover o p\u00f3 dos m\u00f3veis, fazer a varredura do piso, aspira detritos, limpar ou lava vidros e janelas, remover o lixo das lixeiras, higienizar os banheiros e repor materiais (sabonete, papel higi\u00eanico, papel toalha, etc);<\/p>\n\n\n\n<p>Dispon\u00edvel at\u00e9 16\/08\/2023 ou encerramento da vaga.<\/p>\n\n\n\n<p><strong>1 vaga \u2013 Auxiliar T\u00e9cnico de Refrigera\u00e7\u00e3o<\/strong><\/p>\n\n\n\n<p>Escolaridade \u2013 ensino m\u00e9dio completo;<\/p>\n\n\n\n<p>Experi\u00eancia \u2013 seis na Carteira de Trabalho;<\/p>\n\n\n\n<p>Requisitos Obrigat\u00f3rios \u2013 residir na zona Centro- Sul;<\/p>\n\n\n\n<p>Atividades \u2013 auxiliar na instala\u00e7\u00e3o, manuten\u00e7\u00e3o preventiva e corretiva de sistemas de refrigera\u00e7\u00e3o e ventila\u00e7\u00e3o; montar tubula\u00e7\u00f5es, avaliar o dimensionamento de locais para instala\u00e7\u00e3o de equipamento e realizar testes finais nos equipamentos;<\/p>\n\n\n\n<p>Dispon\u00edvel at\u00e9 16\/08\/2023 ou encerramento da vaga.<\/p>\n\n\n\n<p><strong>20 vagas \u2013 Alpinista Predial (Limpador de Fachadas)<\/strong><\/p>\n\n\n\n<p>Escolaridade \u2013 ensino m\u00e9dio completo;<\/p>\n\n\n\n<p>Experi\u00eancia \u2013 seis meses na Carteira de Trabalho;<\/p>\n\n\n\n<p>Requisitos Obrigat\u00f3rios \u2013 ter curso de NR-35; No\u00e7\u00e3o de trabalho em cadeirinha ou balancim (Trabalho em altura);<\/p>\n\n\n\n<p>Atividades \u2013 limpeza de fachada predial, manuten\u00e7\u00e3o em geral na fachada, necess\u00e1rio ter conhecimento de trabalho em cadeirinha com t\u00e9cnicas de alpinismo;<\/p>\n\n\n\n<p>Dispon\u00edvel at\u00e9 16\/08\/2023 ou encerramento da vaga.<\/p>\n\n\n\n<p><strong>32 vagas \u2013 T\u00e9cnico de Enfermagem<\/strong><\/p>\n\n\n\n<p>Escolaridade \u2013 ensino t\u00e9cnico ou superior completo em Enfermagem;<\/p>\n\n\n\n<p>Experi\u00eancia \u2013 tr\u00eas meses na Carteira de Trabalho;<\/p>\n\n\n\n<p>Requisitos Obrigat\u00f3rios \u2013 ter Coren Ativo e experi\u00eancia na \u00e1rea de enfermagem neonatal;<\/p>\n\n\n\n<p>Atividades \u2013 auxiliar equipe em procedimentos invasivos; auxiliar em reanima\u00e7\u00e3o de paciente; aprontar paciente para exame e cirurgia; efetuar tricotomia; coletar material para exames; efetuar testes e exames (cut\u00e2neo, ergom\u00e9trico, eletrocardiograma); controlar administra\u00e7\u00e3o de vacinas;<\/p>\n\n\n\n<p>Dispon\u00edvel at\u00e9 16\/08\/2023 ou encerramento da vaga.<\/p>\n\n\n\n<p><strong>1 vaga \u2013 Motorista de Caminh\u00e3o<\/strong><\/p>\n\n\n\n<p>Escolaridade \u2013 ensino m\u00e9dio completo;<\/p>\n\n\n\n<p>Experi\u00eancia \u2013 registrada na Carteira de Trabalho;<\/p>\n\n\n\n<p>Requisitos Obrigat\u00f3rios \u2013 ter Carteira Nacional de Habilita\u00e7\u00e3o categoria \u201cD\u201d dentro do prazo de validade;<\/p>\n\n\n\n<p>Atividades \u2013 transportar produtos acabados e mat\u00e9rias-primas de e para f\u00e1bricas ou centros de varejo e distribui\u00e7\u00e3o; inspecionar ve\u00edculos quanto a itens mec\u00e2nicos e problemas de seguran\u00e7a e realizar a manuten\u00e7\u00e3o preventiva; planejar rotas e cumprir os hor\u00e1rios de entrega.<\/p>\n\n\n\n<p>Dispon\u00edvel at\u00e9 16\/08\/2023 ou encerramento da vaga.<\/p>\n\n\n\n<p><strong>1 vaga \u2013 Eletricista de Autom\u00f3veis<\/strong><\/p>\n\n\n\n<p>Escolaridade \u2013 ensino fundamental completo;<\/p>\n\n\n\n<p>Experi\u00eancia \u2013 registrada na Carteira de Trabalho;<\/p>\n\n\n\n<p>Requisitos Obrigat\u00f3rios \u2013 ter disponibilidade de viagem em caso de necessidade da empresa (escala 12\u00d78) e experi\u00eancia com frota pesada (caminh\u00f5es e \u00f4nibus);<\/p>\n\n\n\n<p>Atividades \u2013 realizar instala\u00e7\u00e3o e manuten\u00e7\u00e3o el\u00e9trica preventiva e corretiva em ve\u00edculos pesados; analisar as necessidades de troca e regulagem, montar sistemas e aplicar testes de funcionamento;<\/p>\n\n\n\n<p>Dispon\u00edvel at\u00e9 16\/08\/2023 ou encerramento da vaga.<\/p>\n\n\n\n<p><strong>2 vagas \u2013 T\u00e9cnico em Eletromec\u00e2nica&nbsp;<\/strong><\/p>\n\n\n\n<p>Escolaridade \u2013 ensino t\u00e9cnico completo em Eletromec\u00e2nica;<\/p>\n\n\n\n<p>Experi\u00eancia \u2013 tr\u00eas meses na Carteira de Trabalho ou declara\u00e7\u00e3o;<\/p>\n\n\n\n<p>Requisitos Obrigat\u00f3rios \u2013 ter Carteira Nacional de Habilita\u00e7\u00e3o categoria \u201cB\u201d;<\/p>\n\n\n\n<p>Atividades \u2013 planejar, executar e participar da elabora\u00e7\u00e3o de projetos eletromec\u00e2nicos de m\u00e1quinas, equipamentos e instala\u00e7\u00f5es; usinar pe\u00e7as e interpretar esquemas de montagem e desenhos t\u00e9cnicos; montar m\u00e1quinas e realizar manuten\u00e7\u00e3o eletromec\u00e2nica de m\u00e1quinas, equipamentos e instala\u00e7\u00f5es;<\/p>\n\n\n\n<p>Dispon\u00edvel at\u00e9 16\/08\/2023 ou encerramento da vaga.<\/p>\n\n\n\n<p><strong>1 vaga \u2013 Analista de Recursos Humanos&nbsp;&nbsp;<\/strong><\/p>\n\n\n\n<p>Escolaridade \u2013 ensino m\u00e9dio completo;<\/p>\n\n\n\n<p>Experi\u00eancia \u2013 seis meses na Carteira de Trabalho;<\/p>\n\n\n\n<p>Atividades \u2013 administrar pessoal e plano de cargos e sal\u00e1rios; promover a\u00e7\u00f5es de treinamento e de desenvolvimento de pessoal; efetuar processo de recrutamento e de sele\u00e7\u00e3o, gerar plano de benef\u00edcios e promover a\u00e7\u00f5es de qualidade de vida e assist\u00eancia aos empregados; administrar rela\u00e7\u00f5es de trabalho e coordenar sistemas de avalia\u00e7\u00e3o de desempenho; mobilizar um conjunto de capacidades comunicativas;<\/p>\n\n\n\n<p>Dispon\u00edvel at\u00e9 16\/08\/2023 ou encerramento da vaga.<\/p>\n\n\n\n<p><strong>Vagas Exclusivas para Pessoas com Defici\u00eancia (PcD) \u2013 9<\/strong><\/p>\n\n\n\n<p><strong>3 vagas \u2013 Auxiliar de Servi\u00e7os Gerais \u2013 vagas exclusivas para Pessoas com Defici\u00eancia (PcD)<\/strong><\/p>\n\n\n\n<p>Escolaridade \u2013 ensino m\u00e9dio completo;<\/p>\n\n\n\n<p>Experi\u00eancia \u2013 n\u00e3o \u00e9 necess\u00e1rio;<\/p>\n\n\n\n<p>Atividades \u2013 realizar atividades de limpeza na \u00e1rea externa e interna da empresa;<\/p>\n\n\n\n<p>Dispon\u00edvel at\u00e9 16\/08\/2023 ou encerramento da vaga.<\/p>\n\n\n\n<p><strong>1 vaga \u2013 Oficial de Manuten\u00e7\u00e3o \u2013 vaga exclusiva para Pessoas com Defici\u00eancia (PcD)<\/strong><\/p>\n\n\n\n<p>Escolaridade \u2013 ensino m\u00e9dio completo;<\/p>\n\n\n\n<p>Experi\u00eancia \u2013 n\u00e3o \u00e9 necess\u00e1rio;<\/p>\n\n\n\n<p>Atividades \u2013 limpar e manter limpo ambientes internos e externos, executando limpeza unida e limpeza seca; limpar e conservar limpo banheiros e outros ambientes de higiene pessoal; executar a coleta de lixo comum e recicl\u00e1vel; limpar portas e janelas de vidro, paredes e teto; cuidar dos vasos de plantas internas; varrer ambientes externos, coletando folhas secas, buscando contribuir para manter o ambiente agrad\u00e1vel, al\u00e9m de fazer a limpeza de cozinhas, \u00e1rea de servi\u00e7o, garagens e p\u00e1tios, assoalhos e m\u00f3veis, carpetes e tapetes, abastecer os ambientes com materiais;<\/p>\n\n\n\n<p>Dispon\u00edvel at\u00e9 16\/08\/2023 ou encerramento da vaga.&nbsp;&nbsp;&nbsp;&nbsp;&nbsp;&nbsp;&nbsp;&nbsp;&nbsp;&nbsp;&nbsp;<\/p>\n\n\n\n<p><strong>1 vaga \u2013 Motorista de \u00d4nibus \u2013 vaga exclusiva para Pessoas com Defici\u00eancia (PcD)<\/strong><\/p>\n\n\n\n<p>Escolaridade \u2013 ensino fundamental completo;<\/p>\n\n\n\n<p>Experi\u00eancia \u2013 n\u00e3o \u00e9 necess\u00e1rio;<\/p>\n\n\n\n<p>Requisitos Obrigat\u00f3rios \u2013 ter Carteira Nacional de Habilita\u00e7\u00e3o categoria \u201cD\u201d dentro do prazo de validade, curso de Transporte Coletivo de Passageiros (TCP) e Dire\u00e7\u00e3o Preventiva atualizado;<\/p>\n\n\n\n<p>Atividades \u2013 transportar ve\u00edculos com cargas ou pessoas, para itiner\u00e1rios definidos, podendo ser tamb\u00e9m o respons\u00e1vel por elaborar as rotas de transporte;<\/p>\n\n\n\n<p>Dispon\u00edvel at\u00e9 16\/08\/2023 ou encerramento da vaga.<\/p>\n\n\n\n<p><strong>3 vagas \u2013 Cobrador \u2013 vagas exclusivas para Pessoas com Defici\u00eancia (PcD)<\/strong><\/p>\n\n\n\n<p>Escolaridade \u2013 ensino m\u00e9dio completo;<\/p>\n\n\n\n<p>Experi\u00eancia \u2013 registrada na Carteira de Trabalho;<\/p>\n\n\n\n<p>Atividades \u2013 realizar cobran\u00e7a de tarifas em transportes coletivos e repassar o troco, se necess\u00e1rio; prestar informa\u00e7\u00f5es aos usu\u00e1rios e manter a ordem e limpeza do ve\u00edculo;<\/p>\n\n\n\n<p>Dispon\u00edvel at\u00e9 16\/08\/2023 ou encerramento da vaga.<\/p>\n\n\n\n<p><strong>1 vaga \u2013 Vigia \u2013 vaga exclusiva para Pessoas com Defici\u00eancia (PcD)<\/strong><\/p>\n\n\n\n<p>Escolaridade \u2013 ensino m\u00e9dio completo;<\/p>\n\n\n\n<p>Experi\u00eancia \u2013 seis na Carteira de Trabalho;<\/p>\n\n\n\n<p>Requisitos Obrigat\u00f3rios \u2013 ter o curso de Agente de Portaria ou Vigilante atualizado;<\/p>\n\n\n\n<p>Atividades \u2013 controlar portaria e fluxo de pessoas, ronda, orientar visitantes, clientes e prestadores de servi\u00e7o a respeito de regimento interno, normas e procedimentos nas depend\u00eancias da empresa; inspecionar ve\u00edculos no estacionamento, ligar e desligar luzes do campus;<\/p>\n\n\n\n<p>Dispon\u00edvel at\u00e9 16\/08\/2023 ou encerramento da vaga.<\/p>\n\n\n\n<p>&#8212; &#8212; &#8212;&nbsp;<\/p>\n\n\n\n<p><strong>Texto \u2013&nbsp;<\/strong>Divulga\u00e7\u00e3o \/ Semtepi<\/p>\n\n\n\n<p><strong>Fotos \u2013&nbsp;<\/strong>Arquivo \/ Semcom<\/p>\n\n\n\n<p><strong>Dispon\u00edveis em \u2013&nbsp;<\/strong><a href=\"https:\/\/flic.kr\/s\/aHBqjzGRm9\" target=\"_blank\" rel=\"noreferrer noopener\">https:\/\/flic.kr\/s\/aHBqjzGRm9<\/a><\/p>\n","protected":false},"excerpt":{"rendered":"","protected":false},"author":39,"featured_media":2458,"comment_status":"closed","ping_status":"closed","sticky":false,"template":"","format":"standard","meta":{"footnotes":""},"categories":[5],"tags":[493,7,8,9,10],"acf":[],"yoast_head":"<!-- This site is optimized with the Yoast SEO plugin v23.0 - https:\/\/yoast.com\/wordpress\/plugins\/seo\/ -->\n<title>Sine Manaus oferta 225 vagas de emprego nesta quarta-feira, 16\/8<\/title>\n<meta name=\"description\" content=\"A Prefeitura de Manaus, por meio do Sine Manaus, oferta 225\u00a0vagas de emprego em v\u00e1rias \u00e1reas de atua\u00e7\u00e3o, nesta quarta-feira, 16\/8,\u00a0de 8h \u00e0s 16h.\" \/>\n<meta name=\"robots\" content=\"noindex, follow\" \/>\n<meta property=\"og:locale\" content=\"pt_BR\" \/>\n<meta property=\"og:type\" content=\"article\" \/>\n<meta property=\"og:title\" content=\"Sine Manaus oferta 225 vagas de emprego nesta quarta-feira, 16\/8\" \/>\n<meta property=\"og:description\" content=\"A Prefeitura de Manaus, por meio do Sine Manaus, oferta 225\u00a0vagas de emprego em v\u00e1rias \u00e1reas de atua\u00e7\u00e3o, nesta quarta-feira, 16\/8,\u00a0de 8h \u00e0s 16h.\" \/>\n<meta property=\"og:url\" content=\"https:\/\/www.manaus.am.gov.br\/semtepi\/oportunidade\/sine-manaus-oferta-225-vagas-de-emprego-nesta-quarta-feira-16-8\/\" \/>\n<meta property=\"og:site_name\" content=\"SEMTEPI\" \/>\n<meta property=\"article:published_time\" content=\"2023-08-15T20:24:38+00:00\" \/>\n<meta property=\"article:modified_time\" content=\"2023-08-15T20:30:52+00:00\" \/>\n<meta property=\"og:image\" content=\"https:\/\/www.manaus.am.gov.br\/semtepi\/wp-content\/uploads\/sites\/20\/2023\/08\/Oportunidade-3.jpg\" \/>\n\t<meta property=\"og:image:width\" content=\"2048\" \/>\n\t<meta property=\"og:image:height\" content=\"1365\" \/>\n\t<meta property=\"og:image:type\" content=\"image\/jpeg\" \/>\n<meta name=\"author\" content=\"Bruna Greco\" \/>\n<meta name=\"twitter:card\" content=\"summary_large_image\" \/>\n<meta name=\"twitter:label1\" content=\"Written by\" \/>\n\t<meta name=\"twitter:data1\" content=\"Bruna Greco\" \/>\n\t<meta name=\"twitter:label2\" content=\"Est. reading time\" \/>\n\t<meta name=\"twitter:data2\" content=\"26 minutos\" \/>\n<script type=\"application\/ld+json\" class=\"yoast-schema-graph\">{\"@context\":\"https:\/\/schema.org\",\"@graph\":[{\"@type\":\"Article\",\"@id\":\"https:\/\/www.manaus.am.gov.br\/semtepi\/oportunidade\/sine-manaus-oferta-225-vagas-de-emprego-nesta-quarta-feira-16-8\/#article\",\"isPartOf\":{\"@id\":\"https:\/\/www.manaus.am.gov.br\/semtepi\/oportunidade\/sine-manaus-oferta-225-vagas-de-emprego-nesta-quarta-feira-16-8\/\"},\"author\":{\"name\":\"Bruna Greco\",\"@id\":\"https:\/\/www.manaus.am.gov.br\/semtepi\/#\/schema\/person\/05d223aea2bf115f9883a6ff3683d81b\"},\"headline\":\"Sine Manaus oferta 225 vagas de emprego nesta quarta-feira, 16\/8\",\"datePublished\":\"2023-08-15T20:24:38+00:00\",\"dateModified\":\"2023-08-15T20:30:52+00:00\",\"mainEntityOfPage\":{\"@id\":\"https:\/\/www.manaus.am.gov.br\/semtepi\/oportunidade\/sine-manaus-oferta-225-vagas-de-emprego-nesta-quarta-feira-16-8\/\"},\"wordCount\":5118,\"publisher\":{\"@id\":\"https:\/\/www.manaus.am.gov.br\/semtepi\/#organization\"},\"image\":{\"@id\":\"https:\/\/www.manaus.am.gov.br\/semtepi\/oportunidade\/sine-manaus-oferta-225-vagas-de-emprego-nesta-quarta-feira-16-8\/#primaryimage\"},\"thumbnailUrl\":\"https:\/\/www.manaus.am.gov.br\/semtepi\/wp-content\/uploads\/sites\/20\/2023\/08\/Oportunidade-3.jpg\",\"keywords\":[\"225 vagas de emprego\",\"oportunidade\",\"prefeitura de manaus\",\"Semtepi\",\"sine manaus\"],\"articleSection\":[\"Oportunidade\"],\"inLanguage\":\"pt-BR\"},{\"@type\":\"WebPage\",\"@id\":\"https:\/\/www.manaus.am.gov.br\/semtepi\/oportunidade\/sine-manaus-oferta-225-vagas-de-emprego-nesta-quarta-feira-16-8\/\",\"url\":\"https:\/\/www.manaus.am.gov.br\/semtepi\/oportunidade\/sine-manaus-oferta-225-vagas-de-emprego-nesta-quarta-feira-16-8\/\",\"name\":\"Sine Manaus oferta 225 vagas de emprego nesta quarta-feira, 16\/8\",\"isPartOf\":{\"@id\":\"https:\/\/www.manaus.am.gov.br\/semtepi\/#website\"},\"primaryImageOfPage\":{\"@id\":\"https:\/\/www.manaus.am.gov.br\/semtepi\/oportunidade\/sine-manaus-oferta-225-vagas-de-emprego-nesta-quarta-feira-16-8\/#primaryimage\"},\"image\":{\"@id\":\"https:\/\/www.manaus.am.gov.br\/semtepi\/oportunidade\/sine-manaus-oferta-225-vagas-de-emprego-nesta-quarta-feira-16-8\/#primaryimage\"},\"thumbnailUrl\":\"https:\/\/www.manaus.am.gov.br\/semtepi\/wp-content\/uploads\/sites\/20\/2023\/08\/Oportunidade-3.jpg\",\"datePublished\":\"2023-08-15T20:24:38+00:00\",\"dateModified\":\"2023-08-15T20:30:52+00:00\",\"description\":\"A Prefeitura de Manaus, por meio do Sine Manaus, oferta 225\u00a0vagas de emprego em v\u00e1rias \u00e1reas de atua\u00e7\u00e3o, nesta quarta-feira, 16\/8,\u00a0de 8h \u00e0s 16h.\",\"breadcrumb\":{\"@id\":\"https:\/\/www.manaus.am.gov.br\/semtepi\/oportunidade\/sine-manaus-oferta-225-vagas-de-emprego-nesta-quarta-feira-16-8\/#breadcrumb\"},\"inLanguage\":\"pt-BR\",\"potentialAction\":[{\"@type\":\"ReadAction\",\"target\":[\"https:\/\/www.manaus.am.gov.br\/semtepi\/oportunidade\/sine-manaus-oferta-225-vagas-de-emprego-nesta-quarta-feira-16-8\/\"]}]},{\"@type\":\"ImageObject\",\"inLanguage\":\"pt-BR\",\"@id\":\"https:\/\/www.manaus.am.gov.br\/semtepi\/oportunidade\/sine-manaus-oferta-225-vagas-de-emprego-nesta-quarta-feira-16-8\/#primaryimage\",\"url\":\"https:\/\/www.manaus.am.gov.br\/semtepi\/wp-content\/uploads\/sites\/20\/2023\/08\/Oportunidade-3.jpg\",\"contentUrl\":\"https:\/\/www.manaus.am.gov.br\/semtepi\/wp-content\/uploads\/sites\/20\/2023\/08\/Oportunidade-3.jpg\",\"width\":2048,\"height\":1365},{\"@type\":\"BreadcrumbList\",\"@id\":\"https:\/\/www.manaus.am.gov.br\/semtepi\/oportunidade\/sine-manaus-oferta-225-vagas-de-emprego-nesta-quarta-feira-16-8\/#breadcrumb\",\"itemListElement\":[{\"@type\":\"ListItem\",\"position\":1,\"name\":\"Home\",\"item\":\"https:\/\/www.manaus.am.gov.br\/semtepi\/\"},{\"@type\":\"ListItem\",\"position\":2,\"name\":\"Sine Manaus oferta 225 vagas de emprego nesta quarta-feira, 16\/8\"}]},{\"@type\":\"WebSite\",\"@id\":\"https:\/\/www.manaus.am.gov.br\/semtepi\/#website\",\"url\":\"https:\/\/www.manaus.am.gov.br\/semtepi\/\",\"name\":\"SEMTEPI\",\"description\":\"Prefeitura de Manaus\",\"publisher\":{\"@id\":\"https:\/\/www.manaus.am.gov.br\/semtepi\/#organization\"},\"alternateName\":\"Secretaria Municipal do Trabalho, Empreendedorismo e Inova\u00e7\u00e3o\",\"potentialAction\":[{\"@type\":\"SearchAction\",\"target\":{\"@type\":\"EntryPoint\",\"urlTemplate\":\"https:\/\/www.manaus.am.gov.br\/semtepi\/?s={search_term_string}\"},\"query-input\":\"required name=search_term_string\"}],\"inLanguage\":\"pt-BR\"},{\"@type\":\"Organization\",\"@id\":\"https:\/\/www.manaus.am.gov.br\/semtepi\/#organization\",\"name\":\"Prefeitura Municipal de Manaus\",\"alternateName\":\"Prefeitura de Manaus\",\"url\":\"https:\/\/www.manaus.am.gov.br\/semtepi\/\",\"logo\":{\"@type\":\"ImageObject\",\"inLanguage\":\"pt-BR\",\"@id\":\"https:\/\/www.manaus.am.gov.br\/semtepi\/#\/schema\/logo\/image\/\",\"url\":\"https:\/\/www.manaus.am.gov.br\/semtepi\/wp-content\/uploads\/sites\/20\/2024\/07\/favicon.png\",\"contentUrl\":\"https:\/\/www.manaus.am.gov.br\/semtepi\/wp-content\/uploads\/sites\/20\/2024\/07\/favicon.png\",\"width\":300,\"height\":300,\"caption\":\"Prefeitura Municipal de Manaus\"},\"image\":{\"@id\":\"https:\/\/www.manaus.am.gov.br\/semtepi\/#\/schema\/logo\/image\/\"}},{\"@type\":\"Person\",\"@id\":\"https:\/\/www.manaus.am.gov.br\/semtepi\/#\/schema\/person\/05d223aea2bf115f9883a6ff3683d81b\",\"name\":\"Bruna Greco\",\"image\":{\"@type\":\"ImageObject\",\"inLanguage\":\"pt-BR\",\"@id\":\"https:\/\/www.manaus.am.gov.br\/semtepi\/#\/schema\/person\/image\/\",\"url\":\"https:\/\/secure.gravatar.com\/avatar\/9c877d1a6adc2a055330e5c09a8653ce?s=96&d=mm&r=g\",\"contentUrl\":\"https:\/\/secure.gravatar.com\/avatar\/9c877d1a6adc2a055330e5c09a8653ce?s=96&d=mm&r=g\",\"caption\":\"Bruna Greco\"}}]}<\/script>\n<!-- \/ Yoast SEO plugin. -->","yoast_head_json":{"title":"Sine Manaus oferta 225 vagas de emprego nesta quarta-feira, 16\/8","description":"A Prefeitura de Manaus, por meio do Sine Manaus, oferta 225\u00a0vagas de emprego em v\u00e1rias \u00e1reas de atua\u00e7\u00e3o, nesta quarta-feira, 16\/8,\u00a0de 8h \u00e0s 16h.","robots":{"index":"noindex","follow":"follow"},"og_locale":"pt_BR","og_type":"article","og_title":"Sine Manaus oferta 225 vagas de emprego nesta quarta-feira, 16\/8","og_description":"A Prefeitura de Manaus, por meio do Sine Manaus, oferta 225\u00a0vagas de emprego em v\u00e1rias \u00e1reas de atua\u00e7\u00e3o, nesta quarta-feira, 16\/8,\u00a0de 8h \u00e0s 16h.","og_url":"https:\/\/www.manaus.am.gov.br\/semtepi\/oportunidade\/sine-manaus-oferta-225-vagas-de-emprego-nesta-quarta-feira-16-8\/","og_site_name":"SEMTEPI","article_published_time":"2023-08-15T20:24:38+00:00","article_modified_time":"2023-08-15T20:30:52+00:00","og_image":[{"width":2048,"height":1365,"url":"https:\/\/www.manaus.am.gov.br\/semtepi\/wp-content\/uploads\/sites\/20\/2023\/08\/Oportunidade-3.jpg","type":"image\/jpeg"}],"author":"Bruna Greco","twitter_card":"summary_large_image","twitter_misc":{"Written by":"Bruna Greco","Est. reading time":"26 minutos"},"schema":{"@context":"https:\/\/schema.org","@graph":[{"@type":"Article","@id":"https:\/\/www.manaus.am.gov.br\/semtepi\/oportunidade\/sine-manaus-oferta-225-vagas-de-emprego-nesta-quarta-feira-16-8\/#article","isPartOf":{"@id":"https:\/\/www.manaus.am.gov.br\/semtepi\/oportunidade\/sine-manaus-oferta-225-vagas-de-emprego-nesta-quarta-feira-16-8\/"},"author":{"name":"Bruna Greco","@id":"https:\/\/www.manaus.am.gov.br\/semtepi\/#\/schema\/person\/05d223aea2bf115f9883a6ff3683d81b"},"headline":"Sine Manaus oferta 225 vagas de emprego nesta quarta-feira, 16\/8","datePublished":"2023-08-15T20:24:38+00:00","dateModified":"2023-08-15T20:30:52+00:00","mainEntityOfPage":{"@id":"https:\/\/www.manaus.am.gov.br\/semtepi\/oportunidade\/sine-manaus-oferta-225-vagas-de-emprego-nesta-quarta-feira-16-8\/"},"wordCount":5118,"publisher":{"@id":"https:\/\/www.manaus.am.gov.br\/semtepi\/#organization"},"image":{"@id":"https:\/\/www.manaus.am.gov.br\/semtepi\/oportunidade\/sine-manaus-oferta-225-vagas-de-emprego-nesta-quarta-feira-16-8\/#primaryimage"},"thumbnailUrl":"https:\/\/www.manaus.am.gov.br\/semtepi\/wp-content\/uploads\/sites\/20\/2023\/08\/Oportunidade-3.jpg","keywords":["225 vagas de emprego","oportunidade","prefeitura de manaus","Semtepi","sine manaus"],"articleSection":["Oportunidade"],"inLanguage":"pt-BR"},{"@type":"WebPage","@id":"https:\/\/www.manaus.am.gov.br\/semtepi\/oportunidade\/sine-manaus-oferta-225-vagas-de-emprego-nesta-quarta-feira-16-8\/","url":"https:\/\/www.manaus.am.gov.br\/semtepi\/oportunidade\/sine-manaus-oferta-225-vagas-de-emprego-nesta-quarta-feira-16-8\/","name":"Sine Manaus oferta 225 vagas de emprego nesta quarta-feira, 16\/8","isPartOf":{"@id":"https:\/\/www.manaus.am.gov.br\/semtepi\/#website"},"primaryImageOfPage":{"@id":"https:\/\/www.manaus.am.gov.br\/semtepi\/oportunidade\/sine-manaus-oferta-225-vagas-de-emprego-nesta-quarta-feira-16-8\/#primaryimage"},"image":{"@id":"https:\/\/www.manaus.am.gov.br\/semtepi\/oportunidade\/sine-manaus-oferta-225-vagas-de-emprego-nesta-quarta-feira-16-8\/#primaryimage"},"thumbnailUrl":"https:\/\/www.manaus.am.gov.br\/semtepi\/wp-content\/uploads\/sites\/20\/2023\/08\/Oportunidade-3.jpg","datePublished":"2023-08-15T20:24:38+00:00","dateModified":"2023-08-15T20:30:52+00:00","description":"A Prefeitura de Manaus, por meio do Sine Manaus, oferta 225\u00a0vagas de emprego em v\u00e1rias \u00e1reas de atua\u00e7\u00e3o, nesta quarta-feira, 16\/8,\u00a0de 8h \u00e0s 16h.","breadcrumb":{"@id":"https:\/\/www.manaus.am.gov.br\/semtepi\/oportunidade\/sine-manaus-oferta-225-vagas-de-emprego-nesta-quarta-feira-16-8\/#breadcrumb"},"inLanguage":"pt-BR","potentialAction":[{"@type":"ReadAction","target":["https:\/\/www.manaus.am.gov.br\/semtepi\/oportunidade\/sine-manaus-oferta-225-vagas-de-emprego-nesta-quarta-feira-16-8\/"]}]},{"@type":"ImageObject","inLanguage":"pt-BR","@id":"https:\/\/www.manaus.am.gov.br\/semtepi\/oportunidade\/sine-manaus-oferta-225-vagas-de-emprego-nesta-quarta-feira-16-8\/#primaryimage","url":"https:\/\/www.manaus.am.gov.br\/semtepi\/wp-content\/uploads\/sites\/20\/2023\/08\/Oportunidade-3.jpg","contentUrl":"https:\/\/www.manaus.am.gov.br\/semtepi\/wp-content\/uploads\/sites\/20\/2023\/08\/Oportunidade-3.jpg","width":2048,"height":1365},{"@type":"BreadcrumbList","@id":"https:\/\/www.manaus.am.gov.br\/semtepi\/oportunidade\/sine-manaus-oferta-225-vagas-de-emprego-nesta-quarta-feira-16-8\/#breadcrumb","itemListElement":[{"@type":"ListItem","position":1,"name":"Home","item":"https:\/\/www.manaus.am.gov.br\/semtepi\/"},{"@type":"ListItem","position":2,"name":"Sine Manaus oferta 225 vagas de emprego nesta quarta-feira, 16\/8"}]},{"@type":"WebSite","@id":"https:\/\/www.manaus.am.gov.br\/semtepi\/#website","url":"https:\/\/www.manaus.am.gov.br\/semtepi\/","name":"SEMTEPI","description":"Prefeitura de Manaus","publisher":{"@id":"https:\/\/www.manaus.am.gov.br\/semtepi\/#organization"},"alternateName":"Secretaria Municipal do Trabalho, Empreendedorismo e Inova\u00e7\u00e3o","potentialAction":[{"@type":"SearchAction","target":{"@type":"EntryPoint","urlTemplate":"https:\/\/www.manaus.am.gov.br\/semtepi\/?s={search_term_string}"},"query-input":"required name=search_term_string"}],"inLanguage":"pt-BR"},{"@type":"Organization","@id":"https:\/\/www.manaus.am.gov.br\/semtepi\/#organization","name":"Prefeitura Municipal de Manaus","alternateName":"Prefeitura de Manaus","url":"https:\/\/www.manaus.am.gov.br\/semtepi\/","logo":{"@type":"ImageObject","inLanguage":"pt-BR","@id":"https:\/\/www.manaus.am.gov.br\/semtepi\/#\/schema\/logo\/image\/","url":"https:\/\/www.manaus.am.gov.br\/semtepi\/wp-content\/uploads\/sites\/20\/2024\/07\/favicon.png","contentUrl":"https:\/\/www.manaus.am.gov.br\/semtepi\/wp-content\/uploads\/sites\/20\/2024\/07\/favicon.png","width":300,"height":300,"caption":"Prefeitura Municipal de Manaus"},"image":{"@id":"https:\/\/www.manaus.am.gov.br\/semtepi\/#\/schema\/logo\/image\/"}},{"@type":"Person","@id":"https:\/\/www.manaus.am.gov.br\/semtepi\/#\/schema\/person\/05d223aea2bf115f9883a6ff3683d81b","name":"Bruna Greco","image":{"@type":"ImageObject","inLanguage":"pt-BR","@id":"https:\/\/www.manaus.am.gov.br\/semtepi\/#\/schema\/person\/image\/","url":"https:\/\/secure.gravatar.com\/avatar\/9c877d1a6adc2a055330e5c09a8653ce?s=96&d=mm&r=g","contentUrl":"https:\/\/secure.gravatar.com\/avatar\/9c877d1a6adc2a055330e5c09a8653ce?s=96&d=mm&r=g","caption":"Bruna Greco"}}]}},"_links":{"self":[{"href":"https:\/\/www.manaus.am.gov.br\/semtepi\/wp-json\/wp\/v2\/posts\/2457"}],"collection":[{"href":"https:\/\/www.manaus.am.gov.br\/semtepi\/wp-json\/wp\/v2\/posts"}],"about":[{"href":"https:\/\/www.manaus.am.gov.br\/semtepi\/wp-json\/wp\/v2\/types\/post"}],"author":[{"embeddable":true,"href":"https:\/\/www.manaus.am.gov.br\/semtepi\/wp-json\/wp\/v2\/users\/39"}],"replies":[{"embeddable":true,"href":"https:\/\/www.manaus.am.gov.br\/semtepi\/wp-json\/wp\/v2\/comments?post=2457"}],"version-history":[{"count":1,"href":"https:\/\/www.manaus.am.gov.br\/semtepi\/wp-json\/wp\/v2\/posts\/2457\/revisions"}],"predecessor-version":[{"id":2459,"href":"https:\/\/www.manaus.am.gov.br\/semtepi\/wp-json\/wp\/v2\/posts\/2457\/revisions\/2459"}],"wp:featuredmedia":[{"embeddable":true,"href":"https:\/\/www.manaus.am.gov.br\/semtepi\/wp-json\/wp\/v2\/media\/2458"}],"wp:attachment":[{"href":"https:\/\/www.manaus.am.gov.br\/semtepi\/wp-json\/wp\/v2\/media?parent=2457"}],"wp:term":[{"taxonomy":"category","embeddable":true,"href":"https:\/\/www.manaus.am.gov.br\/semtepi\/wp-json\/wp\/v2\/categories?post=2457"},{"taxonomy":"post_tag","embeddable":true,"href":"https:\/\/www.manaus.am.gov.br\/semtepi\/wp-json\/wp\/v2\/tags?post=2457"}],"curies":[{"name":"wp","href":"https:\/\/api.w.org\/{rel}","templated":true}]}}