{"id":2443,"date":"2023-08-11T11:38:46","date_gmt":"2023-08-11T15:38:46","guid":{"rendered":"https:\/\/www.manaus.am.gov.br\/semtepi\/sem-categoria\/casa-de-praia-zezinho-correa-recebe-show-especial-de-dia-dos-pais-neste-fim-de-semana\/"},"modified":"2023-08-11T11:38:48","modified_gmt":"2023-08-11T15:38:48","slug":"casa-de-praia-zezinho-correa-recebe-show-especial-de-dia-dos-pais-neste-fim-de-semana","status":"publish","type":"post","link":"https:\/\/www.manaus.am.gov.br\/semtepi\/programacao\/casa-de-praia-zezinho-correa-recebe-show-especial-de-dia-dos-pais-neste-fim-de-semana\/","title":{"rendered":"<strong>Casa de Praia Zezinho Corr\u00eaa recebe show especial de Dia dos Pais neste fim de semana<\/strong>"},"content":{"rendered":"\n<p>Com o intuito de oferecer um espa\u00e7o de lazer e cultura para a popula\u00e7\u00e3o, a Casa de Praia Zezinho Corr\u00eaa vai receber, neste fim de semana, 14 grandes atra\u00e7\u00f5es locais, com uma programa\u00e7\u00e3o especial no domingo, por conta do Dia dos Pais. O local \u00e9 administrado pela Prefeitura de Manaus, por meio da Secretaria Municipal do Trabalho, Empreendedorismo e Inova\u00e7\u00e3o (Semtepi), e est\u00e1 localizado no complexo tur\u00edstico Ponta Negra, zona Oeste.<\/p>\n\n\n\n<p>O \u201cLouvor Ver\u00e3o\u201d vai iniciar nesta sexta-feira, 11\/8, a partir das 17h,&nbsp;com m\u00fasicas gospel em nove apresenta\u00e7\u00f5es, entre elas: &nbsp;Vanessa Alfaia; Raiff e banda Persevera; Nelson Vity; DJ David Miguiles; J\u00f4 Souza e banda; J\u00f4ci Carvalho; e o grupo Louvadeira Fogo e Gl\u00f3ria.<\/p>\n\n\n\n<p>\u201cMais um final de semana repleto de atra\u00e7\u00f5es locais, que se apresentam no palco Murilo Rayol. Para quem ainda n\u00e3o visitou o espa\u00e7o, recomendo para toda a fam\u00edlia. Esse \u00e9 um verdadeiro presente para a cultura e a gastronomia da nossa cidade\u201d, ressalta o titular da Semtepi, Radyr J\u00fanior.<\/p>\n\n\n\n<p>No s\u00e1bado, 12\/8, \u00e0s 18h, duas artistas entrar\u00e3o no palco para agitar a tarde na Ponta Negra: Luc\u00e9lia Souza &#8211; a \u201crainha do p\u00e9 de serra\u201d e, em seguida, a cantora Duda Motta encerra a noite de shows.<\/p>\n\n\n\n<p>A programa\u00e7\u00e3o de domingo ser\u00e1 em alus\u00e3o ao Dia dos Pais, com participa\u00e7\u00e3o confirmada de Dudu Brasil e J\u00fanior Rodrigues, em parceria com Chico da Silva, al\u00e9m da ilustre apresenta\u00e7\u00e3o de David Assayag.<\/p>\n\n\n\n<p><strong>&#8212; &#8212; &#8212;<\/strong><\/p>\n\n\n\n<p><strong>Texto<\/strong>&nbsp;\u2013 Fabiane Monteiro \/ Semtepi<\/p>\n","protected":false},"excerpt":{"rendered":"","protected":false},"author":23,"featured_media":2444,"comment_status":"closed","ping_status":"closed","sticky":false,"template":"","format":"standard","meta":{"footnotes":""},"categories":[209],"tags":[484,485,8,486,9],"acf":[],"yoast_head":"<!-- This site is optimized with the Yoast SEO plugin v23.0 - https:\/\/yoast.com\/wordpress\/plugins\/seo\/ -->\n<title>Casa de Praia Zezinho Corr\u00eaa recebe show especial de Dia dos Pais neste fim de semana - SEMTEPI<\/title>\n<meta name=\"robots\" content=\"noindex, follow\" \/>\n<meta property=\"og:locale\" content=\"pt_BR\" \/>\n<meta property=\"og:type\" content=\"article\" \/>\n<meta property=\"og:title\" content=\"Casa de Praia Zezinho Corr\u00eaa recebe show especial de Dia dos Pais neste fim de semana - SEMTEPI\" \/>\n<meta property=\"og:url\" content=\"https:\/\/www.manaus.am.gov.br\/semtepi\/programacao\/casa-de-praia-zezinho-correa-recebe-show-especial-de-dia-dos-pais-neste-fim-de-semana\/\" \/>\n<meta property=\"og:site_name\" content=\"SEMTEPI\" \/>\n<meta property=\"article:published_time\" content=\"2023-08-11T15:38:46+00:00\" \/>\n<meta property=\"article:modified_time\" content=\"2023-08-11T15:38:48+00:00\" \/>\n<meta property=\"og:image\" content=\"https:\/\/www.manaus.am.gov.br\/semtepi\/wp-content\/uploads\/sites\/20\/2023\/08\/52879597254_b5fe6cabc9_o-1024x768.jpg\" \/>\n\t<meta property=\"og:image:width\" content=\"1024\" \/>\n\t<meta property=\"og:image:height\" content=\"768\" \/>\n\t<meta property=\"og:image:type\" content=\"image\/jpeg\" \/>\n<meta name=\"author\" content=\"Adriana Costa\" \/>\n<meta name=\"twitter:card\" content=\"summary_large_image\" \/>\n<meta name=\"twitter:label1\" content=\"Written by\" \/>\n\t<meta name=\"twitter:data1\" content=\"Adriana Costa\" \/>\n\t<meta name=\"twitter:label2\" content=\"Est. reading time\" \/>\n\t<meta name=\"twitter:data2\" content=\"2 minutos\" \/>\n<script type=\"application\/ld+json\" class=\"yoast-schema-graph\">{\"@context\":\"https:\/\/schema.org\",\"@graph\":[{\"@type\":\"Article\",\"@id\":\"https:\/\/www.manaus.am.gov.br\/semtepi\/programacao\/casa-de-praia-zezinho-correa-recebe-show-especial-de-dia-dos-pais-neste-fim-de-semana\/#article\",\"isPartOf\":{\"@id\":\"https:\/\/www.manaus.am.gov.br\/semtepi\/programacao\/casa-de-praia-zezinho-correa-recebe-show-especial-de-dia-dos-pais-neste-fim-de-semana\/\"},\"author\":{\"name\":\"Adriana Costa\",\"@id\":\"https:\/\/www.manaus.am.gov.br\/semtepi\/#\/schema\/person\/4e49f4e267757a06ca072ec61b2b9968\"},\"headline\":\"Casa de Praia Zezinho Corr\u00eaa recebe show especial de Dia dos Pais neste fim de semana\",\"datePublished\":\"2023-08-11T15:38:46+00:00\",\"dateModified\":\"2023-08-11T15:38:48+00:00\",\"mainEntityOfPage\":{\"@id\":\"https:\/\/www.manaus.am.gov.br\/semtepi\/programacao\/casa-de-praia-zezinho-correa-recebe-show-especial-de-dia-dos-pais-neste-fim-de-semana\/\"},\"wordCount\":283,\"publisher\":{\"@id\":\"https:\/\/www.manaus.am.gov.br\/semtepi\/#organization\"},\"image\":{\"@id\":\"https:\/\/www.manaus.am.gov.br\/semtepi\/programacao\/casa-de-praia-zezinho-correa-recebe-show-especial-de-dia-dos-pais-neste-fim-de-semana\/#primaryimage\"},\"thumbnailUrl\":\"https:\/\/www.manaus.am.gov.br\/semtepi\/wp-content\/uploads\/sites\/20\/2023\/08\/52879597254_b5fe6cabc9_o.jpg\",\"keywords\":[\"dia dos pais\",\"fim de semana\",\"prefeitura de manaus\",\"programa\u00e7\u00e3o Casa de Praia\",\"Semtepi\"],\"articleSection\":[\"Programa\u00e7\u00e3o\"],\"inLanguage\":\"pt-BR\"},{\"@type\":\"WebPage\",\"@id\":\"https:\/\/www.manaus.am.gov.br\/semtepi\/programacao\/casa-de-praia-zezinho-correa-recebe-show-especial-de-dia-dos-pais-neste-fim-de-semana\/\",\"url\":\"https:\/\/www.manaus.am.gov.br\/semtepi\/programacao\/casa-de-praia-zezinho-correa-recebe-show-especial-de-dia-dos-pais-neste-fim-de-semana\/\",\"name\":\"Casa de Praia Zezinho Corr\u00eaa recebe show especial de Dia dos Pais neste fim de semana - SEMTEPI\",\"isPartOf\":{\"@id\":\"https:\/\/www.manaus.am.gov.br\/semtepi\/#website\"},\"primaryImageOfPage\":{\"@id\":\"https:\/\/www.manaus.am.gov.br\/semtepi\/programacao\/casa-de-praia-zezinho-correa-recebe-show-especial-de-dia-dos-pais-neste-fim-de-semana\/#primaryimage\"},\"image\":{\"@id\":\"https:\/\/www.manaus.am.gov.br\/semtepi\/programacao\/casa-de-praia-zezinho-correa-recebe-show-especial-de-dia-dos-pais-neste-fim-de-semana\/#primaryimage\"},\"thumbnailUrl\":\"https:\/\/www.manaus.am.gov.br\/semtepi\/wp-content\/uploads\/sites\/20\/2023\/08\/52879597254_b5fe6cabc9_o.jpg\",\"datePublished\":\"2023-08-11T15:38:46+00:00\",\"dateModified\":\"2023-08-11T15:38:48+00:00\",\"breadcrumb\":{\"@id\":\"https:\/\/www.manaus.am.gov.br\/semtepi\/programacao\/casa-de-praia-zezinho-correa-recebe-show-especial-de-dia-dos-pais-neste-fim-de-semana\/#breadcrumb\"},\"inLanguage\":\"pt-BR\",\"potentialAction\":[{\"@type\":\"ReadAction\",\"target\":[\"https:\/\/www.manaus.am.gov.br\/semtepi\/programacao\/casa-de-praia-zezinho-correa-recebe-show-especial-de-dia-dos-pais-neste-fim-de-semana\/\"]}]},{\"@type\":\"ImageObject\",\"inLanguage\":\"pt-BR\",\"@id\":\"https:\/\/www.manaus.am.gov.br\/semtepi\/programacao\/casa-de-praia-zezinho-correa-recebe-show-especial-de-dia-dos-pais-neste-fim-de-semana\/#primaryimage\",\"url\":\"https:\/\/www.manaus.am.gov.br\/semtepi\/wp-content\/uploads\/sites\/20\/2023\/08\/52879597254_b5fe6cabc9_o.jpg\",\"contentUrl\":\"https:\/\/www.manaus.am.gov.br\/semtepi\/wp-content\/uploads\/sites\/20\/2023\/08\/52879597254_b5fe6cabc9_o.jpg\",\"width\":4032,\"height\":3024,\"caption\":\"default\"},{\"@type\":\"BreadcrumbList\",\"@id\":\"https:\/\/www.manaus.am.gov.br\/semtepi\/programacao\/casa-de-praia-zezinho-correa-recebe-show-especial-de-dia-dos-pais-neste-fim-de-semana\/#breadcrumb\",\"itemListElement\":[{\"@type\":\"ListItem\",\"position\":1,\"name\":\"Home\",\"item\":\"https:\/\/www.manaus.am.gov.br\/semtepi\/\"},{\"@type\":\"ListItem\",\"position\":2,\"name\":\"Casa de Praia Zezinho Corr\u00eaa recebe show especial de Dia dos Pais neste fim de semana\"}]},{\"@type\":\"WebSite\",\"@id\":\"https:\/\/www.manaus.am.gov.br\/semtepi\/#website\",\"url\":\"https:\/\/www.manaus.am.gov.br\/semtepi\/\",\"name\":\"SEMTEPI\",\"description\":\"Prefeitura de Manaus\",\"publisher\":{\"@id\":\"https:\/\/www.manaus.am.gov.br\/semtepi\/#organization\"},\"alternateName\":\"Secretaria Municipal do Trabalho, Empreendedorismo e Inova\u00e7\u00e3o\",\"potentialAction\":[{\"@type\":\"SearchAction\",\"target\":{\"@type\":\"EntryPoint\",\"urlTemplate\":\"https:\/\/www.manaus.am.gov.br\/semtepi\/?s={search_term_string}\"},\"query-input\":\"required name=search_term_string\"}],\"inLanguage\":\"pt-BR\"},{\"@type\":\"Organization\",\"@id\":\"https:\/\/www.manaus.am.gov.br\/semtepi\/#organization\",\"name\":\"Prefeitura Municipal de Manaus\",\"alternateName\":\"Prefeitura de Manaus\",\"url\":\"https:\/\/www.manaus.am.gov.br\/semtepi\/\",\"logo\":{\"@type\":\"ImageObject\",\"inLanguage\":\"pt-BR\",\"@id\":\"https:\/\/www.manaus.am.gov.br\/semtepi\/#\/schema\/logo\/image\/\",\"url\":\"https:\/\/www.manaus.am.gov.br\/semtepi\/wp-content\/uploads\/sites\/20\/2024\/07\/favicon.png\",\"contentUrl\":\"https:\/\/www.manaus.am.gov.br\/semtepi\/wp-content\/uploads\/sites\/20\/2024\/07\/favicon.png\",\"width\":300,\"height\":300,\"caption\":\"Prefeitura Municipal de Manaus\"},\"image\":{\"@id\":\"https:\/\/www.manaus.am.gov.br\/semtepi\/#\/schema\/logo\/image\/\"}},{\"@type\":\"Person\",\"@id\":\"https:\/\/www.manaus.am.gov.br\/semtepi\/#\/schema\/person\/4e49f4e267757a06ca072ec61b2b9968\",\"name\":\"Adriana Costa\",\"image\":{\"@type\":\"ImageObject\",\"inLanguage\":\"pt-BR\",\"@id\":\"https:\/\/www.manaus.am.gov.br\/semtepi\/#\/schema\/person\/image\/\",\"url\":\"https:\/\/secure.gravatar.com\/avatar\/576258617ef7194f718179e766d57bd4?s=96&d=mm&r=g\",\"contentUrl\":\"https:\/\/secure.gravatar.com\/avatar\/576258617ef7194f718179e766d57bd4?s=96&d=mm&r=g\",\"caption\":\"Adriana Costa\"}}]}<\/script>\n<!-- \/ Yoast SEO plugin. -->","yoast_head_json":{"title":"Casa de Praia Zezinho Corr\u00eaa recebe show especial de Dia dos Pais neste fim de semana - SEMTEPI","robots":{"index":"noindex","follow":"follow"},"og_locale":"pt_BR","og_type":"article","og_title":"Casa de Praia Zezinho Corr\u00eaa recebe show especial de Dia dos Pais neste fim de semana - SEMTEPI","og_url":"https:\/\/www.manaus.am.gov.br\/semtepi\/programacao\/casa-de-praia-zezinho-correa-recebe-show-especial-de-dia-dos-pais-neste-fim-de-semana\/","og_site_name":"SEMTEPI","article_published_time":"2023-08-11T15:38:46+00:00","article_modified_time":"2023-08-11T15:38:48+00:00","og_image":[{"width":1024,"height":768,"url":"https:\/\/www.manaus.am.gov.br\/semtepi\/wp-content\/uploads\/sites\/20\/2023\/08\/52879597254_b5fe6cabc9_o-1024x768.jpg","type":"image\/jpeg"}],"author":"Adriana Costa","twitter_card":"summary_large_image","twitter_misc":{"Written by":"Adriana Costa","Est. reading time":"2 minutos"},"schema":{"@context":"https:\/\/schema.org","@graph":[{"@type":"Article","@id":"https:\/\/www.manaus.am.gov.br\/semtepi\/programacao\/casa-de-praia-zezinho-correa-recebe-show-especial-de-dia-dos-pais-neste-fim-de-semana\/#article","isPartOf":{"@id":"https:\/\/www.manaus.am.gov.br\/semtepi\/programacao\/casa-de-praia-zezinho-correa-recebe-show-especial-de-dia-dos-pais-neste-fim-de-semana\/"},"author":{"name":"Adriana Costa","@id":"https:\/\/www.manaus.am.gov.br\/semtepi\/#\/schema\/person\/4e49f4e267757a06ca072ec61b2b9968"},"headline":"Casa de Praia Zezinho Corr\u00eaa recebe show especial de Dia dos Pais neste fim de semana","datePublished":"2023-08-11T15:38:46+00:00","dateModified":"2023-08-11T15:38:48+00:00","mainEntityOfPage":{"@id":"https:\/\/www.manaus.am.gov.br\/semtepi\/programacao\/casa-de-praia-zezinho-correa-recebe-show-especial-de-dia-dos-pais-neste-fim-de-semana\/"},"wordCount":283,"publisher":{"@id":"https:\/\/www.manaus.am.gov.br\/semtepi\/#organization"},"image":{"@id":"https:\/\/www.manaus.am.gov.br\/semtepi\/programacao\/casa-de-praia-zezinho-correa-recebe-show-especial-de-dia-dos-pais-neste-fim-de-semana\/#primaryimage"},"thumbnailUrl":"https:\/\/www.manaus.am.gov.br\/semtepi\/wp-content\/uploads\/sites\/20\/2023\/08\/52879597254_b5fe6cabc9_o.jpg","keywords":["dia dos pais","fim de semana","prefeitura de manaus","programa\u00e7\u00e3o Casa de Praia","Semtepi"],"articleSection":["Programa\u00e7\u00e3o"],"inLanguage":"pt-BR"},{"@type":"WebPage","@id":"https:\/\/www.manaus.am.gov.br\/semtepi\/programacao\/casa-de-praia-zezinho-correa-recebe-show-especial-de-dia-dos-pais-neste-fim-de-semana\/","url":"https:\/\/www.manaus.am.gov.br\/semtepi\/programacao\/casa-de-praia-zezinho-correa-recebe-show-especial-de-dia-dos-pais-neste-fim-de-semana\/","name":"Casa de Praia Zezinho Corr\u00eaa recebe show especial de Dia dos Pais neste fim de semana - SEMTEPI","isPartOf":{"@id":"https:\/\/www.manaus.am.gov.br\/semtepi\/#website"},"primaryImageOfPage":{"@id":"https:\/\/www.manaus.am.gov.br\/semtepi\/programacao\/casa-de-praia-zezinho-correa-recebe-show-especial-de-dia-dos-pais-neste-fim-de-semana\/#primaryimage"},"image":{"@id":"https:\/\/www.manaus.am.gov.br\/semtepi\/programacao\/casa-de-praia-zezinho-correa-recebe-show-especial-de-dia-dos-pais-neste-fim-de-semana\/#primaryimage"},"thumbnailUrl":"https:\/\/www.manaus.am.gov.br\/semtepi\/wp-content\/uploads\/sites\/20\/2023\/08\/52879597254_b5fe6cabc9_o.jpg","datePublished":"2023-08-11T15:38:46+00:00","dateModified":"2023-08-11T15:38:48+00:00","breadcrumb":{"@id":"https:\/\/www.manaus.am.gov.br\/semtepi\/programacao\/casa-de-praia-zezinho-correa-recebe-show-especial-de-dia-dos-pais-neste-fim-de-semana\/#breadcrumb"},"inLanguage":"pt-BR","potentialAction":[{"@type":"ReadAction","target":["https:\/\/www.manaus.am.gov.br\/semtepi\/programacao\/casa-de-praia-zezinho-correa-recebe-show-especial-de-dia-dos-pais-neste-fim-de-semana\/"]}]},{"@type":"ImageObject","inLanguage":"pt-BR","@id":"https:\/\/www.manaus.am.gov.br\/semtepi\/programacao\/casa-de-praia-zezinho-correa-recebe-show-especial-de-dia-dos-pais-neste-fim-de-semana\/#primaryimage","url":"https:\/\/www.manaus.am.gov.br\/semtepi\/wp-content\/uploads\/sites\/20\/2023\/08\/52879597254_b5fe6cabc9_o.jpg","contentUrl":"https:\/\/www.manaus.am.gov.br\/semtepi\/wp-content\/uploads\/sites\/20\/2023\/08\/52879597254_b5fe6cabc9_o.jpg","width":4032,"height":3024,"caption":"default"},{"@type":"BreadcrumbList","@id":"https:\/\/www.manaus.am.gov.br\/semtepi\/programacao\/casa-de-praia-zezinho-correa-recebe-show-especial-de-dia-dos-pais-neste-fim-de-semana\/#breadcrumb","itemListElement":[{"@type":"ListItem","position":1,"name":"Home","item":"https:\/\/www.manaus.am.gov.br\/semtepi\/"},{"@type":"ListItem","position":2,"name":"Casa de Praia Zezinho Corr\u00eaa recebe show especial de Dia dos Pais neste fim de semana"}]},{"@type":"WebSite","@id":"https:\/\/www.manaus.am.gov.br\/semtepi\/#website","url":"https:\/\/www.manaus.am.gov.br\/semtepi\/","name":"SEMTEPI","description":"Prefeitura de Manaus","publisher":{"@id":"https:\/\/www.manaus.am.gov.br\/semtepi\/#organization"},"alternateName":"Secretaria Municipal do Trabalho, Empreendedorismo e Inova\u00e7\u00e3o","potentialAction":[{"@type":"SearchAction","target":{"@type":"EntryPoint","urlTemplate":"https:\/\/www.manaus.am.gov.br\/semtepi\/?s={search_term_string}"},"query-input":"required name=search_term_string"}],"inLanguage":"pt-BR"},{"@type":"Organization","@id":"https:\/\/www.manaus.am.gov.br\/semtepi\/#organization","name":"Prefeitura Municipal de Manaus","alternateName":"Prefeitura de Manaus","url":"https:\/\/www.manaus.am.gov.br\/semtepi\/","logo":{"@type":"ImageObject","inLanguage":"pt-BR","@id":"https:\/\/www.manaus.am.gov.br\/semtepi\/#\/schema\/logo\/image\/","url":"https:\/\/www.manaus.am.gov.br\/semtepi\/wp-content\/uploads\/sites\/20\/2024\/07\/favicon.png","contentUrl":"https:\/\/www.manaus.am.gov.br\/semtepi\/wp-content\/uploads\/sites\/20\/2024\/07\/favicon.png","width":300,"height":300,"caption":"Prefeitura Municipal de Manaus"},"image":{"@id":"https:\/\/www.manaus.am.gov.br\/semtepi\/#\/schema\/logo\/image\/"}},{"@type":"Person","@id":"https:\/\/www.manaus.am.gov.br\/semtepi\/#\/schema\/person\/4e49f4e267757a06ca072ec61b2b9968","name":"Adriana Costa","image":{"@type":"ImageObject","inLanguage":"pt-BR","@id":"https:\/\/www.manaus.am.gov.br\/semtepi\/#\/schema\/person\/image\/","url":"https:\/\/secure.gravatar.com\/avatar\/576258617ef7194f718179e766d57bd4?s=96&d=mm&r=g","contentUrl":"https:\/\/secure.gravatar.com\/avatar\/576258617ef7194f718179e766d57bd4?s=96&d=mm&r=g","caption":"Adriana Costa"}}]}},"_links":{"self":[{"href":"https:\/\/www.manaus.am.gov.br\/semtepi\/wp-json\/wp\/v2\/posts\/2443"}],"collection":[{"href":"https:\/\/www.manaus.am.gov.br\/semtepi\/wp-json\/wp\/v2\/posts"}],"about":[{"href":"https:\/\/www.manaus.am.gov.br\/semtepi\/wp-json\/wp\/v2\/types\/post"}],"author":[{"embeddable":true,"href":"https:\/\/www.manaus.am.gov.br\/semtepi\/wp-json\/wp\/v2\/users\/23"}],"replies":[{"embeddable":true,"href":"https:\/\/www.manaus.am.gov.br\/semtepi\/wp-json\/wp\/v2\/comments?post=2443"}],"version-history":[{"count":0,"href":"https:\/\/www.manaus.am.gov.br\/semtepi\/wp-json\/wp\/v2\/posts\/2443\/revisions"}],"wp:featuredmedia":[{"embeddable":true,"href":"https:\/\/www.manaus.am.gov.br\/semtepi\/wp-json\/wp\/v2\/media\/2444"}],"wp:attachment":[{"href":"https:\/\/www.manaus.am.gov.br\/semtepi\/wp-json\/wp\/v2\/media?parent=2443"}],"wp:term":[{"taxonomy":"category","embeddable":true,"href":"https:\/\/www.manaus.am.gov.br\/semtepi\/wp-json\/wp\/v2\/categories?post=2443"},{"taxonomy":"post_tag","embeddable":true,"href":"https:\/\/www.manaus.am.gov.br\/semtepi\/wp-json\/wp\/v2\/tags?post=2443"}],"curies":[{"name":"wp","href":"https:\/\/api.w.org\/{rel}","templated":true}]}}