{"id":2437,"date":"2023-08-09T16:50:32","date_gmt":"2023-08-09T20:50:32","guid":{"rendered":"https:\/\/www.manaus.am.gov.br\/semtepi\/sem-categoria\/prefeitura-de-manaus-inicia-pagamento-do-auxilio-permissionario\/"},"modified":"2023-08-09T16:50:33","modified_gmt":"2023-08-09T20:50:33","slug":"prefeitura-de-manaus-inicia-pagamento-do-auxilio-permissionario","status":"publish","type":"post","link":"https:\/\/www.manaus.am.gov.br\/semtepi\/beneficio\/prefeitura-de-manaus-inicia-pagamento-do-auxilio-permissionario\/","title":{"rendered":"<strong>Prefeitura de Manaus inicia pagamento do \u2018Aux\u00edlio Permission\u00e1rio\u2019<\/strong>"},"content":{"rendered":"\n<p>A Prefeitura de Manaus, por meio da Secretaria Municipal do Trabalho, Empreendedorismo e Inova\u00e7\u00e3o (Semtepi) e o Fundo Municipal de Empreendedorismo e Inova\u00e7\u00e3o (Fumipeq), iniciou, nesta quarta-feira, 9\/8, o pagamento do \u201cAux\u00edlio Permission\u00e1rio\u201d, para mais de 190 empreendedores que atuam na galeria popular Esp\u00edrito Santo, localizada no bairro Centro, zona Sul da capital.<\/p>\n\n\n\n<p>Cada permission\u00e1rio vai receber R$ 1 mil, divididos em duas parcelas no valor de R$ 500. O pagamento foi realizado via PIX, garantindo mais seguran\u00e7a e agilidade para os empreendedores.<\/p>\n\n\n\n<p>\u201cA gest\u00e3o do prefeito David Almeida est\u00e1 realizando o pagamento de forma gradual, dividido por galerias. Outros empreendedores da galeria Esp\u00edrito Santo ainda v\u00e3o receber o benef\u00edcio nas pr\u00f3ximas semanas, ap\u00f3s a valida\u00e7\u00e3o cadastral que estamos realizando\u201d, afirmou o titular da Semtepi, Radyr J\u00fanior.<\/p>\n\n\n\n<p>Nos pr\u00f3ximos dias, os empreendedores da galeria dos Rem\u00e9dios, no bairro Centro e do shopping Phelippe Daou, no bairro Cidade de Deus, na zona Norte, tamb\u00e9m ir\u00e3o receber o benef\u00edcio. A ideia \u00e9 que o aux\u00edlio ajude a minimizar os impactos financeiros dos empreendedores, durante as reformas dos espa\u00e7os p\u00fablicos.<\/p>\n\n\n\n<p>&#8212; &#8212; &#8212;<\/p>\n\n\n\n<p><strong>Texto e fotos &#8211;<\/strong>&nbsp;Divulga\u00e7\u00e3o \/ Arquivo Semtepi<\/p>\n","protected":false},"excerpt":{"rendered":"","protected":false},"author":24,"featured_media":2438,"comment_status":"closed","ping_status":"closed","sticky":false,"template":"","format":"standard","meta":{"footnotes":""},"categories":[317],"tags":[477,478,32,479,230,140,93,235,480,8,481,482,34,9],"acf":[],"yoast_head":"<!-- This site is optimized with the Yoast SEO plugin v23.0 - https:\/\/yoast.com\/wordpress\/plugins\/seo\/ -->\n<title>Prefeitura de Manaus inicia pagamento do \u2018Aux\u00edlio Permission\u00e1rio\u2019 - SEMTEPI<\/title>\n<meta name=\"description\" content=\"A Prefeitura de Manaus, por meio da Secretaria Municipal do Trabalho, Empreendedorismo e Inova\u00e7\u00e3o (Semtepi) e o Fundo Municipal de Empreendedorismo e Inova\u00e7\u00e3o (Fumipeq), iniciou, nesta quarta-feira, 9\/8, o pagamento do \u201cAux\u00edlio Permission\u00e1rio\u201d, para mais de 190 empreendedores que atuam na galeria popular Esp\u00edrito Santo, localizada no bairro Centro, zona Sul da capital.\" \/>\n<meta name=\"robots\" content=\"noindex, follow\" \/>\n<meta property=\"og:locale\" content=\"pt_BR\" \/>\n<meta property=\"og:type\" content=\"article\" \/>\n<meta property=\"og:title\" content=\"Prefeitura de Manaus inicia pagamento do \u2018Aux\u00edlio Permission\u00e1rio\u2019 - SEMTEPI\" \/>\n<meta property=\"og:description\" content=\"A Prefeitura de Manaus, por meio da Secretaria Municipal do Trabalho, Empreendedorismo e Inova\u00e7\u00e3o (Semtepi) e o Fundo Municipal de Empreendedorismo e Inova\u00e7\u00e3o (Fumipeq), iniciou, nesta quarta-feira, 9\/8, o pagamento do \u201cAux\u00edlio Permission\u00e1rio\u201d, para mais de 190 empreendedores que atuam na galeria popular Esp\u00edrito Santo, localizada no bairro Centro, zona Sul da capital.\" \/>\n<meta property=\"og:url\" content=\"https:\/\/www.manaus.am.gov.br\/semtepi\/beneficio\/prefeitura-de-manaus-inicia-pagamento-do-auxilio-permissionario\/\" \/>\n<meta property=\"og:site_name\" content=\"SEMTEPI\" \/>\n<meta property=\"article:published_time\" content=\"2023-08-09T20:50:32+00:00\" \/>\n<meta property=\"article:modified_time\" content=\"2023-08-09T20:50:33+00:00\" \/>\n<meta property=\"og:image\" content=\"https:\/\/www.manaus.am.gov.br\/semtepi\/wp-content\/uploads\/sites\/20\/2023\/08\/Prefeitura-de-Manaus-inicia-pagamento-do-\u2018Auxilio-Permissionario-2.jpeg\" \/>\n\t<meta property=\"og:image:width\" content=\"1600\" \/>\n\t<meta property=\"og:image:height\" content=\"1066\" \/>\n\t<meta property=\"og:image:type\" content=\"image\/jpeg\" \/>\n<meta name=\"author\" content=\"Cl\u00e1udia Barbosa\" \/>\n<meta name=\"twitter:card\" content=\"summary_large_image\" \/>\n<meta name=\"twitter:label1\" content=\"Written by\" \/>\n\t<meta name=\"twitter:data1\" content=\"Cl\u00e1udia Barbosa\" \/>\n\t<meta name=\"twitter:label2\" content=\"Est. reading time\" \/>\n\t<meta name=\"twitter:data2\" content=\"2 minutos\" \/>\n<script type=\"application\/ld+json\" class=\"yoast-schema-graph\">{\"@context\":\"https:\/\/schema.org\",\"@graph\":[{\"@type\":\"Article\",\"@id\":\"https:\/\/www.manaus.am.gov.br\/semtepi\/beneficio\/prefeitura-de-manaus-inicia-pagamento-do-auxilio-permissionario\/#article\",\"isPartOf\":{\"@id\":\"https:\/\/www.manaus.am.gov.br\/semtepi\/beneficio\/prefeitura-de-manaus-inicia-pagamento-do-auxilio-permissionario\/\"},\"author\":{\"name\":\"Cl\u00e1udia Barbosa\",\"@id\":\"https:\/\/www.manaus.am.gov.br\/semtepi\/#\/schema\/person\/d0a166b5031154c33c77794ddc9a827e\"},\"headline\":\"Prefeitura de Manaus inicia pagamento do \u2018Aux\u00edlio Permission\u00e1rio\u2019\",\"datePublished\":\"2023-08-09T20:50:32+00:00\",\"dateModified\":\"2023-08-09T20:50:33+00:00\",\"mainEntityOfPage\":{\"@id\":\"https:\/\/www.manaus.am.gov.br\/semtepi\/beneficio\/prefeitura-de-manaus-inicia-pagamento-do-auxilio-permissionario\/\"},\"wordCount\":217,\"publisher\":{\"@id\":\"https:\/\/www.manaus.am.gov.br\/semtepi\/#organization\"},\"image\":{\"@id\":\"https:\/\/www.manaus.am.gov.br\/semtepi\/beneficio\/prefeitura-de-manaus-inicia-pagamento-do-auxilio-permissionario\/#primaryimage\"},\"thumbnailUrl\":\"https:\/\/www.manaus.am.gov.br\/semtepi\/wp-content\/uploads\/sites\/20\/2023\/08\/Prefeitura-de-Manaus-inicia-pagamento-do-\u2018Auxilio-Permissionario-2.jpeg\",\"keywords\":[\"190\",\"Aux\u00edlio Permission\u00e1rio\",\"David Almeida\",\"empreendedores\",\"Fumipeq\",\"Fundo Municipal de Empreendedorismo e Inova\u00e7\u00e3o\",\"galeria dos R\u00e9medios\",\"Galeria Esp\u00edrito Santo\",\"pagamento\",\"prefeitura de manaus\",\"R$ 1 mil\",\"R$ 500\",\"Radyr J\u00fanior\",\"Semtepi\"],\"articleSection\":[\"Benef\u00edcio\"],\"inLanguage\":\"pt-BR\"},{\"@type\":\"WebPage\",\"@id\":\"https:\/\/www.manaus.am.gov.br\/semtepi\/beneficio\/prefeitura-de-manaus-inicia-pagamento-do-auxilio-permissionario\/\",\"url\":\"https:\/\/www.manaus.am.gov.br\/semtepi\/beneficio\/prefeitura-de-manaus-inicia-pagamento-do-auxilio-permissionario\/\",\"name\":\"Prefeitura de Manaus inicia pagamento do \u2018Aux\u00edlio Permission\u00e1rio\u2019 - SEMTEPI\",\"isPartOf\":{\"@id\":\"https:\/\/www.manaus.am.gov.br\/semtepi\/#website\"},\"primaryImageOfPage\":{\"@id\":\"https:\/\/www.manaus.am.gov.br\/semtepi\/beneficio\/prefeitura-de-manaus-inicia-pagamento-do-auxilio-permissionario\/#primaryimage\"},\"image\":{\"@id\":\"https:\/\/www.manaus.am.gov.br\/semtepi\/beneficio\/prefeitura-de-manaus-inicia-pagamento-do-auxilio-permissionario\/#primaryimage\"},\"thumbnailUrl\":\"https:\/\/www.manaus.am.gov.br\/semtepi\/wp-content\/uploads\/sites\/20\/2023\/08\/Prefeitura-de-Manaus-inicia-pagamento-do-\u2018Auxilio-Permissionario-2.jpeg\",\"datePublished\":\"2023-08-09T20:50:32+00:00\",\"dateModified\":\"2023-08-09T20:50:33+00:00\",\"description\":\"A Prefeitura de Manaus, por meio da Secretaria Municipal do Trabalho, Empreendedorismo e Inova\u00e7\u00e3o (Semtepi) e o Fundo Municipal de Empreendedorismo e Inova\u00e7\u00e3o (Fumipeq), iniciou, nesta quarta-feira, 9\/8, o pagamento do \u201cAux\u00edlio Permission\u00e1rio\u201d, para mais de 190 empreendedores que atuam na galeria popular Esp\u00edrito Santo, localizada no bairro Centro, zona Sul da capital.\",\"breadcrumb\":{\"@id\":\"https:\/\/www.manaus.am.gov.br\/semtepi\/beneficio\/prefeitura-de-manaus-inicia-pagamento-do-auxilio-permissionario\/#breadcrumb\"},\"inLanguage\":\"pt-BR\",\"potentialAction\":[{\"@type\":\"ReadAction\",\"target\":[\"https:\/\/www.manaus.am.gov.br\/semtepi\/beneficio\/prefeitura-de-manaus-inicia-pagamento-do-auxilio-permissionario\/\"]}]},{\"@type\":\"ImageObject\",\"inLanguage\":\"pt-BR\",\"@id\":\"https:\/\/www.manaus.am.gov.br\/semtepi\/beneficio\/prefeitura-de-manaus-inicia-pagamento-do-auxilio-permissionario\/#primaryimage\",\"url\":\"https:\/\/www.manaus.am.gov.br\/semtepi\/wp-content\/uploads\/sites\/20\/2023\/08\/Prefeitura-de-Manaus-inicia-pagamento-do-\u2018Auxilio-Permissionario-2.jpeg\",\"contentUrl\":\"https:\/\/www.manaus.am.gov.br\/semtepi\/wp-content\/uploads\/sites\/20\/2023\/08\/Prefeitura-de-Manaus-inicia-pagamento-do-\u2018Auxilio-Permissionario-2.jpeg\",\"width\":1600,\"height\":1066},{\"@type\":\"BreadcrumbList\",\"@id\":\"https:\/\/www.manaus.am.gov.br\/semtepi\/beneficio\/prefeitura-de-manaus-inicia-pagamento-do-auxilio-permissionario\/#breadcrumb\",\"itemListElement\":[{\"@type\":\"ListItem\",\"position\":1,\"name\":\"Home\",\"item\":\"https:\/\/www.manaus.am.gov.br\/semtepi\/\"},{\"@type\":\"ListItem\",\"position\":2,\"name\":\"Prefeitura de Manaus inicia pagamento do \u2018Aux\u00edlio Permission\u00e1rio\u2019\"}]},{\"@type\":\"WebSite\",\"@id\":\"https:\/\/www.manaus.am.gov.br\/semtepi\/#website\",\"url\":\"https:\/\/www.manaus.am.gov.br\/semtepi\/\",\"name\":\"SEMTEPI\",\"description\":\"Prefeitura de Manaus\",\"publisher\":{\"@id\":\"https:\/\/www.manaus.am.gov.br\/semtepi\/#organization\"},\"alternateName\":\"Secretaria Municipal do Trabalho, Empreendedorismo e Inova\u00e7\u00e3o\",\"potentialAction\":[{\"@type\":\"SearchAction\",\"target\":{\"@type\":\"EntryPoint\",\"urlTemplate\":\"https:\/\/www.manaus.am.gov.br\/semtepi\/?s={search_term_string}\"},\"query-input\":\"required name=search_term_string\"}],\"inLanguage\":\"pt-BR\"},{\"@type\":\"Organization\",\"@id\":\"https:\/\/www.manaus.am.gov.br\/semtepi\/#organization\",\"name\":\"Prefeitura Municipal de Manaus\",\"alternateName\":\"Prefeitura de Manaus\",\"url\":\"https:\/\/www.manaus.am.gov.br\/semtepi\/\",\"logo\":{\"@type\":\"ImageObject\",\"inLanguage\":\"pt-BR\",\"@id\":\"https:\/\/www.manaus.am.gov.br\/semtepi\/#\/schema\/logo\/image\/\",\"url\":\"https:\/\/www.manaus.am.gov.br\/semtepi\/wp-content\/uploads\/sites\/20\/2024\/07\/favicon.png\",\"contentUrl\":\"https:\/\/www.manaus.am.gov.br\/semtepi\/wp-content\/uploads\/sites\/20\/2024\/07\/favicon.png\",\"width\":300,\"height\":300,\"caption\":\"Prefeitura Municipal de Manaus\"},\"image\":{\"@id\":\"https:\/\/www.manaus.am.gov.br\/semtepi\/#\/schema\/logo\/image\/\"}},{\"@type\":\"Person\",\"@id\":\"https:\/\/www.manaus.am.gov.br\/semtepi\/#\/schema\/person\/d0a166b5031154c33c77794ddc9a827e\",\"name\":\"Cl\u00e1udia Barbosa\",\"image\":{\"@type\":\"ImageObject\",\"inLanguage\":\"pt-BR\",\"@id\":\"https:\/\/www.manaus.am.gov.br\/semtepi\/#\/schema\/person\/image\/\",\"url\":\"https:\/\/secure.gravatar.com\/avatar\/42958a1cf007f1a00534009218c72590?s=96&d=mm&r=g\",\"contentUrl\":\"https:\/\/secure.gravatar.com\/avatar\/42958a1cf007f1a00534009218c72590?s=96&d=mm&r=g\",\"caption\":\"Cl\u00e1udia Barbosa\"}}]}<\/script>\n<!-- \/ Yoast SEO plugin. -->","yoast_head_json":{"title":"Prefeitura de Manaus inicia pagamento do \u2018Aux\u00edlio Permission\u00e1rio\u2019 - SEMTEPI","description":"A Prefeitura de Manaus, por meio da Secretaria Municipal do Trabalho, Empreendedorismo e Inova\u00e7\u00e3o (Semtepi) e o Fundo Municipal de Empreendedorismo e Inova\u00e7\u00e3o (Fumipeq), iniciou, nesta quarta-feira, 9\/8, o pagamento do \u201cAux\u00edlio Permission\u00e1rio\u201d, para mais de 190 empreendedores que atuam na galeria popular Esp\u00edrito Santo, localizada no bairro Centro, zona Sul da capital.","robots":{"index":"noindex","follow":"follow"},"og_locale":"pt_BR","og_type":"article","og_title":"Prefeitura de Manaus inicia pagamento do \u2018Aux\u00edlio Permission\u00e1rio\u2019 - SEMTEPI","og_description":"A Prefeitura de Manaus, por meio da Secretaria Municipal do Trabalho, Empreendedorismo e Inova\u00e7\u00e3o (Semtepi) e o Fundo Municipal de Empreendedorismo e Inova\u00e7\u00e3o (Fumipeq), iniciou, nesta quarta-feira, 9\/8, o pagamento do \u201cAux\u00edlio Permission\u00e1rio\u201d, para mais de 190 empreendedores que atuam na galeria popular Esp\u00edrito Santo, localizada no bairro Centro, zona Sul da capital.","og_url":"https:\/\/www.manaus.am.gov.br\/semtepi\/beneficio\/prefeitura-de-manaus-inicia-pagamento-do-auxilio-permissionario\/","og_site_name":"SEMTEPI","article_published_time":"2023-08-09T20:50:32+00:00","article_modified_time":"2023-08-09T20:50:33+00:00","og_image":[{"width":1600,"height":1066,"url":"https:\/\/www.manaus.am.gov.br\/semtepi\/wp-content\/uploads\/sites\/20\/2023\/08\/Prefeitura-de-Manaus-inicia-pagamento-do-\u2018Auxilio-Permissionario-2.jpeg","type":"image\/jpeg"}],"author":"Cl\u00e1udia Barbosa","twitter_card":"summary_large_image","twitter_misc":{"Written by":"Cl\u00e1udia Barbosa","Est. reading time":"2 minutos"},"schema":{"@context":"https:\/\/schema.org","@graph":[{"@type":"Article","@id":"https:\/\/www.manaus.am.gov.br\/semtepi\/beneficio\/prefeitura-de-manaus-inicia-pagamento-do-auxilio-permissionario\/#article","isPartOf":{"@id":"https:\/\/www.manaus.am.gov.br\/semtepi\/beneficio\/prefeitura-de-manaus-inicia-pagamento-do-auxilio-permissionario\/"},"author":{"name":"Cl\u00e1udia Barbosa","@id":"https:\/\/www.manaus.am.gov.br\/semtepi\/#\/schema\/person\/d0a166b5031154c33c77794ddc9a827e"},"headline":"Prefeitura de Manaus inicia pagamento do \u2018Aux\u00edlio Permission\u00e1rio\u2019","datePublished":"2023-08-09T20:50:32+00:00","dateModified":"2023-08-09T20:50:33+00:00","mainEntityOfPage":{"@id":"https:\/\/www.manaus.am.gov.br\/semtepi\/beneficio\/prefeitura-de-manaus-inicia-pagamento-do-auxilio-permissionario\/"},"wordCount":217,"publisher":{"@id":"https:\/\/www.manaus.am.gov.br\/semtepi\/#organization"},"image":{"@id":"https:\/\/www.manaus.am.gov.br\/semtepi\/beneficio\/prefeitura-de-manaus-inicia-pagamento-do-auxilio-permissionario\/#primaryimage"},"thumbnailUrl":"https:\/\/www.manaus.am.gov.br\/semtepi\/wp-content\/uploads\/sites\/20\/2023\/08\/Prefeitura-de-Manaus-inicia-pagamento-do-\u2018Auxilio-Permissionario-2.jpeg","keywords":["190","Aux\u00edlio Permission\u00e1rio","David Almeida","empreendedores","Fumipeq","Fundo Municipal de Empreendedorismo e Inova\u00e7\u00e3o","galeria dos R\u00e9medios","Galeria Esp\u00edrito Santo","pagamento","prefeitura de manaus","R$ 1 mil","R$ 500","Radyr J\u00fanior","Semtepi"],"articleSection":["Benef\u00edcio"],"inLanguage":"pt-BR"},{"@type":"WebPage","@id":"https:\/\/www.manaus.am.gov.br\/semtepi\/beneficio\/prefeitura-de-manaus-inicia-pagamento-do-auxilio-permissionario\/","url":"https:\/\/www.manaus.am.gov.br\/semtepi\/beneficio\/prefeitura-de-manaus-inicia-pagamento-do-auxilio-permissionario\/","name":"Prefeitura de Manaus inicia pagamento do \u2018Aux\u00edlio Permission\u00e1rio\u2019 - SEMTEPI","isPartOf":{"@id":"https:\/\/www.manaus.am.gov.br\/semtepi\/#website"},"primaryImageOfPage":{"@id":"https:\/\/www.manaus.am.gov.br\/semtepi\/beneficio\/prefeitura-de-manaus-inicia-pagamento-do-auxilio-permissionario\/#primaryimage"},"image":{"@id":"https:\/\/www.manaus.am.gov.br\/semtepi\/beneficio\/prefeitura-de-manaus-inicia-pagamento-do-auxilio-permissionario\/#primaryimage"},"thumbnailUrl":"https:\/\/www.manaus.am.gov.br\/semtepi\/wp-content\/uploads\/sites\/20\/2023\/08\/Prefeitura-de-Manaus-inicia-pagamento-do-\u2018Auxilio-Permissionario-2.jpeg","datePublished":"2023-08-09T20:50:32+00:00","dateModified":"2023-08-09T20:50:33+00:00","description":"A Prefeitura de Manaus, por meio da Secretaria Municipal do Trabalho, Empreendedorismo e Inova\u00e7\u00e3o (Semtepi) e o Fundo Municipal de Empreendedorismo e Inova\u00e7\u00e3o (Fumipeq), iniciou, nesta quarta-feira, 9\/8, o pagamento do \u201cAux\u00edlio Permission\u00e1rio\u201d, para mais de 190 empreendedores que atuam na galeria popular Esp\u00edrito Santo, localizada no bairro Centro, zona Sul da capital.","breadcrumb":{"@id":"https:\/\/www.manaus.am.gov.br\/semtepi\/beneficio\/prefeitura-de-manaus-inicia-pagamento-do-auxilio-permissionario\/#breadcrumb"},"inLanguage":"pt-BR","potentialAction":[{"@type":"ReadAction","target":["https:\/\/www.manaus.am.gov.br\/semtepi\/beneficio\/prefeitura-de-manaus-inicia-pagamento-do-auxilio-permissionario\/"]}]},{"@type":"ImageObject","inLanguage":"pt-BR","@id":"https:\/\/www.manaus.am.gov.br\/semtepi\/beneficio\/prefeitura-de-manaus-inicia-pagamento-do-auxilio-permissionario\/#primaryimage","url":"https:\/\/www.manaus.am.gov.br\/semtepi\/wp-content\/uploads\/sites\/20\/2023\/08\/Prefeitura-de-Manaus-inicia-pagamento-do-\u2018Auxilio-Permissionario-2.jpeg","contentUrl":"https:\/\/www.manaus.am.gov.br\/semtepi\/wp-content\/uploads\/sites\/20\/2023\/08\/Prefeitura-de-Manaus-inicia-pagamento-do-\u2018Auxilio-Permissionario-2.jpeg","width":1600,"height":1066},{"@type":"BreadcrumbList","@id":"https:\/\/www.manaus.am.gov.br\/semtepi\/beneficio\/prefeitura-de-manaus-inicia-pagamento-do-auxilio-permissionario\/#breadcrumb","itemListElement":[{"@type":"ListItem","position":1,"name":"Home","item":"https:\/\/www.manaus.am.gov.br\/semtepi\/"},{"@type":"ListItem","position":2,"name":"Prefeitura de Manaus inicia pagamento do \u2018Aux\u00edlio Permission\u00e1rio\u2019"}]},{"@type":"WebSite","@id":"https:\/\/www.manaus.am.gov.br\/semtepi\/#website","url":"https:\/\/www.manaus.am.gov.br\/semtepi\/","name":"SEMTEPI","description":"Prefeitura de Manaus","publisher":{"@id":"https:\/\/www.manaus.am.gov.br\/semtepi\/#organization"},"alternateName":"Secretaria Municipal do Trabalho, Empreendedorismo e Inova\u00e7\u00e3o","potentialAction":[{"@type":"SearchAction","target":{"@type":"EntryPoint","urlTemplate":"https:\/\/www.manaus.am.gov.br\/semtepi\/?s={search_term_string}"},"query-input":"required name=search_term_string"}],"inLanguage":"pt-BR"},{"@type":"Organization","@id":"https:\/\/www.manaus.am.gov.br\/semtepi\/#organization","name":"Prefeitura Municipal de Manaus","alternateName":"Prefeitura de Manaus","url":"https:\/\/www.manaus.am.gov.br\/semtepi\/","logo":{"@type":"ImageObject","inLanguage":"pt-BR","@id":"https:\/\/www.manaus.am.gov.br\/semtepi\/#\/schema\/logo\/image\/","url":"https:\/\/www.manaus.am.gov.br\/semtepi\/wp-content\/uploads\/sites\/20\/2024\/07\/favicon.png","contentUrl":"https:\/\/www.manaus.am.gov.br\/semtepi\/wp-content\/uploads\/sites\/20\/2024\/07\/favicon.png","width":300,"height":300,"caption":"Prefeitura Municipal de Manaus"},"image":{"@id":"https:\/\/www.manaus.am.gov.br\/semtepi\/#\/schema\/logo\/image\/"}},{"@type":"Person","@id":"https:\/\/www.manaus.am.gov.br\/semtepi\/#\/schema\/person\/d0a166b5031154c33c77794ddc9a827e","name":"Cl\u00e1udia Barbosa","image":{"@type":"ImageObject","inLanguage":"pt-BR","@id":"https:\/\/www.manaus.am.gov.br\/semtepi\/#\/schema\/person\/image\/","url":"https:\/\/secure.gravatar.com\/avatar\/42958a1cf007f1a00534009218c72590?s=96&d=mm&r=g","contentUrl":"https:\/\/secure.gravatar.com\/avatar\/42958a1cf007f1a00534009218c72590?s=96&d=mm&r=g","caption":"Cl\u00e1udia Barbosa"}}]}},"_links":{"self":[{"href":"https:\/\/www.manaus.am.gov.br\/semtepi\/wp-json\/wp\/v2\/posts\/2437"}],"collection":[{"href":"https:\/\/www.manaus.am.gov.br\/semtepi\/wp-json\/wp\/v2\/posts"}],"about":[{"href":"https:\/\/www.manaus.am.gov.br\/semtepi\/wp-json\/wp\/v2\/types\/post"}],"author":[{"embeddable":true,"href":"https:\/\/www.manaus.am.gov.br\/semtepi\/wp-json\/wp\/v2\/users\/24"}],"replies":[{"embeddable":true,"href":"https:\/\/www.manaus.am.gov.br\/semtepi\/wp-json\/wp\/v2\/comments?post=2437"}],"version-history":[{"count":0,"href":"https:\/\/www.manaus.am.gov.br\/semtepi\/wp-json\/wp\/v2\/posts\/2437\/revisions"}],"wp:featuredmedia":[{"embeddable":true,"href":"https:\/\/www.manaus.am.gov.br\/semtepi\/wp-json\/wp\/v2\/media\/2438"}],"wp:attachment":[{"href":"https:\/\/www.manaus.am.gov.br\/semtepi\/wp-json\/wp\/v2\/media?parent=2437"}],"wp:term":[{"taxonomy":"category","embeddable":true,"href":"https:\/\/www.manaus.am.gov.br\/semtepi\/wp-json\/wp\/v2\/categories?post=2437"},{"taxonomy":"post_tag","embeddable":true,"href":"https:\/\/www.manaus.am.gov.br\/semtepi\/wp-json\/wp\/v2\/tags?post=2437"}],"curies":[{"name":"wp","href":"https:\/\/api.w.org\/{rel}","templated":true}]}}