{"id":2423,"date":"2023-08-08T11:40:14","date_gmt":"2023-08-08T15:40:14","guid":{"rendered":"https:\/\/www.manaus.am.gov.br\/semtepi\/sem-categoria\/prefeitura-realiza-curso-de-alimentacao-no-centro-de-convivencia-da-familia-e-do-idoso-da-zona-leste\/"},"modified":"2023-08-08T11:40:15","modified_gmt":"2023-08-08T15:40:15","slug":"prefeitura-realiza-curso-de-alimentacao-no-centro-de-convivencia-da-familia-e-do-idoso-da-zona-leste","status":"publish","type":"post","link":"https:\/\/www.manaus.am.gov.br\/semtepi\/qualificacao\/prefeitura-realiza-curso-de-alimentacao-no-centro-de-convivencia-da-familia-e-do-idoso-da-zona-leste\/","title":{"rendered":"<strong>Prefeitura\u00a0realiza curso de alimenta\u00e7\u00e3o no\u00a0Centro de Conviv\u00eancia da Fam\u00edlia e do Idoso\u00a0da zona Leste<\/strong>"},"content":{"rendered":"\n<p>A Prefeitura de Manaus, por meio da Secretaria Municipal do Trabalho, Empreendedorismo e Inova\u00e7\u00e3o (Semtepi), deu in\u00edcio, nesta ter\u00e7a-feira, 8\/8, \u00e0 primeira turma do curso de &#8220;Boas pr\u00e1ticas para servi\u00e7os de alimenta\u00e7\u00e3o&#8221;, destinado a 15 alunos do Centro de Conviv\u00eancia da Fam\u00edlia e do Idoso Prefeito Jos\u00e9 Fernandes, situado no bairro S\u00e3o Jos\u00e9 Oper\u00e1rio, na zona Leste da capital.<\/p>\n\n\n\n<p>As atividades ocorrem em parceria com o Servi\u00e7o Nacional de Aprendizagem Comercial (Senac) e ter\u00e3o dura\u00e7\u00e3o de tr\u00eas dias. O objetivo \u00e9 que, durante esse per\u00edodo, os estudantes aprendam sobre a preven\u00e7\u00e3o de danos causados por pr\u00e1ticas n\u00e3o higi\u00eanicas, avalia\u00e7\u00e3o das instala\u00e7\u00f5es de estabelecimentos e execu\u00e7\u00e3o das etapas operacionais, visando \u00e0 comercializa\u00e7\u00e3o de alimentos seguros para a sa\u00fade dos consumidores.<\/p>\n\n\n\n<p>&#8220;Na nossa regi\u00e3o, temos diversos restaurantes, lanchonetes e estabelecimentos que lidam diretamente com alimentos. Estamos trabalhando para profissionalizar esses empreendedores, oferecendo qualifica\u00e7\u00f5es relevantes que agreguem valor aos seus neg\u00f3cios&#8221;, afirmou o subsecret\u00e1rio Operacional da Semtepi, Joel Silva.<\/p>\n\n\n\n<p>Desde a inaugura\u00e7\u00e3o do Centro de Conviv\u00eancia municipal em maio deste ano, a Semtepi, em colabora\u00e7\u00e3o com a Secretaria Municipal da Mulher, Assist\u00eancia Social e Cidadania (Semasc), j\u00e1 promoveu sete cursos, beneficiando mais de 200 moradores da regi\u00e3o.&nbsp;<\/p>\n\n\n\n<p>&#8212; &#8212; &#8212;<\/p>\n\n\n\n<p><strong>Texto \u2013<\/strong>&nbsp;Divulga\u00e7\u00e3o \/ Semtepi<\/p>\n\n\n\n<p><strong>Fotos \u2013&nbsp;<\/strong>Divulga\u00e7\u00e3o \/ Semtepi<\/p>\n","protected":false},"excerpt":{"rendered":"","protected":false},"author":24,"featured_media":2424,"comment_status":"closed","ping_status":"closed","sticky":false,"template":"","format":"standard","meta":{"footnotes":""},"categories":[82],"tags":[469,470,471,8,196,9,472,473],"acf":[],"yoast_head":"<!-- This site is optimized with the Yoast SEO plugin v23.0 - https:\/\/yoast.com\/wordpress\/plugins\/seo\/ -->\n<title>Prefeitura\u00a0realiza curso de alimenta\u00e7\u00e3o no\u00a0Centro de Conviv\u00eancia da Fam\u00edlia e do Idoso\u00a0da zona Leste - SEMTEPI<\/title>\n<meta name=\"description\" content=\"A Prefeitura de Manaus, por meio da Secretaria Municipal do Trabalho, Empreendedorismo e Inova\u00e7\u00e3o (Semtepi), deu in\u00edcio, nesta ter\u00e7a-feira, 8\/8, \u00e0 primeira turma do curso de &quot;Boas pr\u00e1ticas para servi\u00e7os de alimenta\u00e7\u00e3o&quot;, destinado a 15 alunos do Centro de Conviv\u00eancia da Fam\u00edlia e do Idoso Prefeito Jos\u00e9 Fernandes, situado no bairro S\u00e3o Jos\u00e9 Oper\u00e1rio, na zona Leste da capital.\" \/>\n<meta name=\"robots\" content=\"noindex, follow\" \/>\n<meta property=\"og:locale\" content=\"pt_BR\" \/>\n<meta property=\"og:type\" content=\"article\" \/>\n<meta property=\"og:title\" content=\"Prefeitura\u00a0realiza curso de alimenta\u00e7\u00e3o no\u00a0Centro de Conviv\u00eancia da Fam\u00edlia e do Idoso\u00a0da zona Leste - SEMTEPI\" \/>\n<meta property=\"og:description\" content=\"A Prefeitura de Manaus, por meio da Secretaria Municipal do Trabalho, Empreendedorismo e Inova\u00e7\u00e3o (Semtepi), deu in\u00edcio, nesta ter\u00e7a-feira, 8\/8, \u00e0 primeira turma do curso de &quot;Boas pr\u00e1ticas para servi\u00e7os de alimenta\u00e7\u00e3o&quot;, destinado a 15 alunos do Centro de Conviv\u00eancia da Fam\u00edlia e do Idoso Prefeito Jos\u00e9 Fernandes, situado no bairro S\u00e3o Jos\u00e9 Oper\u00e1rio, na zona Leste da capital.\" \/>\n<meta property=\"og:url\" content=\"https:\/\/www.manaus.am.gov.br\/semtepi\/qualificacao\/prefeitura-realiza-curso-de-alimentacao-no-centro-de-convivencia-da-familia-e-do-idoso-da-zona-leste\/\" \/>\n<meta property=\"og:site_name\" content=\"SEMTEPI\" \/>\n<meta property=\"article:published_time\" content=\"2023-08-08T15:40:14+00:00\" \/>\n<meta property=\"article:modified_time\" content=\"2023-08-08T15:40:15+00:00\" \/>\n<meta property=\"og:image\" content=\"https:\/\/www.manaus.am.gov.br\/semtepi\/wp-content\/uploads\/sites\/20\/2023\/08\/curso-4.jpeg\" \/>\n\t<meta property=\"og:image:width\" content=\"1600\" \/>\n\t<meta property=\"og:image:height\" content=\"1200\" \/>\n\t<meta property=\"og:image:type\" content=\"image\/jpeg\" \/>\n<meta name=\"author\" content=\"Cl\u00e1udia Barbosa\" \/>\n<meta name=\"twitter:card\" content=\"summary_large_image\" \/>\n<meta name=\"twitter:label1\" content=\"Written by\" \/>\n\t<meta name=\"twitter:data1\" content=\"Cl\u00e1udia Barbosa\" \/>\n\t<meta name=\"twitter:label2\" content=\"Est. reading time\" \/>\n\t<meta name=\"twitter:data2\" content=\"2 minutos\" \/>\n<script type=\"application\/ld+json\" class=\"yoast-schema-graph\">{\"@context\":\"https:\/\/schema.org\",\"@graph\":[{\"@type\":\"Article\",\"@id\":\"https:\/\/www.manaus.am.gov.br\/semtepi\/qualificacao\/prefeitura-realiza-curso-de-alimentacao-no-centro-de-convivencia-da-familia-e-do-idoso-da-zona-leste\/#article\",\"isPartOf\":{\"@id\":\"https:\/\/www.manaus.am.gov.br\/semtepi\/qualificacao\/prefeitura-realiza-curso-de-alimentacao-no-centro-de-convivencia-da-familia-e-do-idoso-da-zona-leste\/\"},\"author\":{\"name\":\"Cl\u00e1udia Barbosa\",\"@id\":\"https:\/\/www.manaus.am.gov.br\/semtepi\/#\/schema\/person\/d0a166b5031154c33c77794ddc9a827e\"},\"headline\":\"Prefeitura\u00a0realiza curso de alimenta\u00e7\u00e3o no\u00a0Centro de Conviv\u00eancia da Fam\u00edlia e do Idoso\u00a0da zona Leste\",\"datePublished\":\"2023-08-08T15:40:14+00:00\",\"dateModified\":\"2023-08-08T15:40:15+00:00\",\"mainEntityOfPage\":{\"@id\":\"https:\/\/www.manaus.am.gov.br\/semtepi\/qualificacao\/prefeitura-realiza-curso-de-alimentacao-no-centro-de-convivencia-da-familia-e-do-idoso-da-zona-leste\/\"},\"wordCount\":255,\"publisher\":{\"@id\":\"https:\/\/www.manaus.am.gov.br\/semtepi\/#organization\"},\"image\":{\"@id\":\"https:\/\/www.manaus.am.gov.br\/semtepi\/qualificacao\/prefeitura-realiza-curso-de-alimentacao-no-centro-de-convivencia-da-familia-e-do-idoso-da-zona-leste\/#primaryimage\"},\"thumbnailUrl\":\"https:\/\/www.manaus.am.gov.br\/semtepi\/wp-content\/uploads\/sites\/20\/2023\/08\/curso-4.jpeg\",\"keywords\":[\"bairro S\u00e3o Jos\u00e9 Oper\u00e1rio\",\"Centro de Conviv\u00eancia da Fam\u00edlia e do Idoso Prefeito Jos\u00e9 Fernandes\",\"Joel Silva\",\"prefeitura de manaus\",\"Semasc\",\"Semtepi\",\"senac\",\"Servi\u00e7o Nacional de Aprendizagem Comercial\"],\"articleSection\":[\"Qualifica\u00e7\u00e3o\"],\"inLanguage\":\"pt-BR\"},{\"@type\":\"WebPage\",\"@id\":\"https:\/\/www.manaus.am.gov.br\/semtepi\/qualificacao\/prefeitura-realiza-curso-de-alimentacao-no-centro-de-convivencia-da-familia-e-do-idoso-da-zona-leste\/\",\"url\":\"https:\/\/www.manaus.am.gov.br\/semtepi\/qualificacao\/prefeitura-realiza-curso-de-alimentacao-no-centro-de-convivencia-da-familia-e-do-idoso-da-zona-leste\/\",\"name\":\"Prefeitura\u00a0realiza curso de alimenta\u00e7\u00e3o no\u00a0Centro de Conviv\u00eancia da Fam\u00edlia e do Idoso\u00a0da zona Leste - SEMTEPI\",\"isPartOf\":{\"@id\":\"https:\/\/www.manaus.am.gov.br\/semtepi\/#website\"},\"primaryImageOfPage\":{\"@id\":\"https:\/\/www.manaus.am.gov.br\/semtepi\/qualificacao\/prefeitura-realiza-curso-de-alimentacao-no-centro-de-convivencia-da-familia-e-do-idoso-da-zona-leste\/#primaryimage\"},\"image\":{\"@id\":\"https:\/\/www.manaus.am.gov.br\/semtepi\/qualificacao\/prefeitura-realiza-curso-de-alimentacao-no-centro-de-convivencia-da-familia-e-do-idoso-da-zona-leste\/#primaryimage\"},\"thumbnailUrl\":\"https:\/\/www.manaus.am.gov.br\/semtepi\/wp-content\/uploads\/sites\/20\/2023\/08\/curso-4.jpeg\",\"datePublished\":\"2023-08-08T15:40:14+00:00\",\"dateModified\":\"2023-08-08T15:40:15+00:00\",\"description\":\"A Prefeitura de Manaus, por meio da Secretaria Municipal do Trabalho, Empreendedorismo e Inova\u00e7\u00e3o (Semtepi), deu in\u00edcio, nesta ter\u00e7a-feira, 8\/8, \u00e0 primeira turma do curso de \\\"Boas pr\u00e1ticas para servi\u00e7os de alimenta\u00e7\u00e3o\\\", destinado a 15 alunos do Centro de Conviv\u00eancia da Fam\u00edlia e do Idoso Prefeito Jos\u00e9 Fernandes, situado no bairro S\u00e3o Jos\u00e9 Oper\u00e1rio, na zona Leste da capital.\",\"breadcrumb\":{\"@id\":\"https:\/\/www.manaus.am.gov.br\/semtepi\/qualificacao\/prefeitura-realiza-curso-de-alimentacao-no-centro-de-convivencia-da-familia-e-do-idoso-da-zona-leste\/#breadcrumb\"},\"inLanguage\":\"pt-BR\",\"potentialAction\":[{\"@type\":\"ReadAction\",\"target\":[\"https:\/\/www.manaus.am.gov.br\/semtepi\/qualificacao\/prefeitura-realiza-curso-de-alimentacao-no-centro-de-convivencia-da-familia-e-do-idoso-da-zona-leste\/\"]}]},{\"@type\":\"ImageObject\",\"inLanguage\":\"pt-BR\",\"@id\":\"https:\/\/www.manaus.am.gov.br\/semtepi\/qualificacao\/prefeitura-realiza-curso-de-alimentacao-no-centro-de-convivencia-da-familia-e-do-idoso-da-zona-leste\/#primaryimage\",\"url\":\"https:\/\/www.manaus.am.gov.br\/semtepi\/wp-content\/uploads\/sites\/20\/2023\/08\/curso-4.jpeg\",\"contentUrl\":\"https:\/\/www.manaus.am.gov.br\/semtepi\/wp-content\/uploads\/sites\/20\/2023\/08\/curso-4.jpeg\",\"width\":1600,\"height\":1200},{\"@type\":\"BreadcrumbList\",\"@id\":\"https:\/\/www.manaus.am.gov.br\/semtepi\/qualificacao\/prefeitura-realiza-curso-de-alimentacao-no-centro-de-convivencia-da-familia-e-do-idoso-da-zona-leste\/#breadcrumb\",\"itemListElement\":[{\"@type\":\"ListItem\",\"position\":1,\"name\":\"Home\",\"item\":\"https:\/\/www.manaus.am.gov.br\/semtepi\/\"},{\"@type\":\"ListItem\",\"position\":2,\"name\":\"Prefeitura\u00a0realiza curso de alimenta\u00e7\u00e3o no\u00a0Centro de Conviv\u00eancia da Fam\u00edlia e do Idoso\u00a0da zona Leste\"}]},{\"@type\":\"WebSite\",\"@id\":\"https:\/\/www.manaus.am.gov.br\/semtepi\/#website\",\"url\":\"https:\/\/www.manaus.am.gov.br\/semtepi\/\",\"name\":\"SEMTEPI\",\"description\":\"Prefeitura de Manaus\",\"publisher\":{\"@id\":\"https:\/\/www.manaus.am.gov.br\/semtepi\/#organization\"},\"alternateName\":\"Secretaria Municipal do Trabalho, Empreendedorismo e Inova\u00e7\u00e3o\",\"potentialAction\":[{\"@type\":\"SearchAction\",\"target\":{\"@type\":\"EntryPoint\",\"urlTemplate\":\"https:\/\/www.manaus.am.gov.br\/semtepi\/?s={search_term_string}\"},\"query-input\":\"required name=search_term_string\"}],\"inLanguage\":\"pt-BR\"},{\"@type\":\"Organization\",\"@id\":\"https:\/\/www.manaus.am.gov.br\/semtepi\/#organization\",\"name\":\"Prefeitura Municipal de Manaus\",\"alternateName\":\"Prefeitura de Manaus\",\"url\":\"https:\/\/www.manaus.am.gov.br\/semtepi\/\",\"logo\":{\"@type\":\"ImageObject\",\"inLanguage\":\"pt-BR\",\"@id\":\"https:\/\/www.manaus.am.gov.br\/semtepi\/#\/schema\/logo\/image\/\",\"url\":\"https:\/\/www.manaus.am.gov.br\/semtepi\/wp-content\/uploads\/sites\/20\/2024\/07\/favicon.png\",\"contentUrl\":\"https:\/\/www.manaus.am.gov.br\/semtepi\/wp-content\/uploads\/sites\/20\/2024\/07\/favicon.png\",\"width\":300,\"height\":300,\"caption\":\"Prefeitura Municipal de Manaus\"},\"image\":{\"@id\":\"https:\/\/www.manaus.am.gov.br\/semtepi\/#\/schema\/logo\/image\/\"}},{\"@type\":\"Person\",\"@id\":\"https:\/\/www.manaus.am.gov.br\/semtepi\/#\/schema\/person\/d0a166b5031154c33c77794ddc9a827e\",\"name\":\"Cl\u00e1udia Barbosa\",\"image\":{\"@type\":\"ImageObject\",\"inLanguage\":\"pt-BR\",\"@id\":\"https:\/\/www.manaus.am.gov.br\/semtepi\/#\/schema\/person\/image\/\",\"url\":\"https:\/\/secure.gravatar.com\/avatar\/42958a1cf007f1a00534009218c72590?s=96&d=mm&r=g\",\"contentUrl\":\"https:\/\/secure.gravatar.com\/avatar\/42958a1cf007f1a00534009218c72590?s=96&d=mm&r=g\",\"caption\":\"Cl\u00e1udia Barbosa\"}}]}<\/script>\n<!-- \/ Yoast SEO plugin. -->","yoast_head_json":{"title":"Prefeitura\u00a0realiza curso de alimenta\u00e7\u00e3o no\u00a0Centro de Conviv\u00eancia da Fam\u00edlia e do Idoso\u00a0da zona Leste - SEMTEPI","description":"A Prefeitura de Manaus, por meio da Secretaria Municipal do Trabalho, Empreendedorismo e Inova\u00e7\u00e3o (Semtepi), deu in\u00edcio, nesta ter\u00e7a-feira, 8\/8, \u00e0 primeira turma do curso de \"Boas pr\u00e1ticas para servi\u00e7os de alimenta\u00e7\u00e3o\", destinado a 15 alunos do Centro de Conviv\u00eancia da Fam\u00edlia e do Idoso Prefeito Jos\u00e9 Fernandes, situado no bairro S\u00e3o Jos\u00e9 Oper\u00e1rio, na zona Leste da capital.","robots":{"index":"noindex","follow":"follow"},"og_locale":"pt_BR","og_type":"article","og_title":"Prefeitura\u00a0realiza curso de alimenta\u00e7\u00e3o no\u00a0Centro de Conviv\u00eancia da Fam\u00edlia e do Idoso\u00a0da zona Leste - SEMTEPI","og_description":"A Prefeitura de Manaus, por meio da Secretaria Municipal do Trabalho, Empreendedorismo e Inova\u00e7\u00e3o (Semtepi), deu in\u00edcio, nesta ter\u00e7a-feira, 8\/8, \u00e0 primeira turma do curso de \"Boas pr\u00e1ticas para servi\u00e7os de alimenta\u00e7\u00e3o\", destinado a 15 alunos do Centro de Conviv\u00eancia da Fam\u00edlia e do Idoso Prefeito Jos\u00e9 Fernandes, situado no bairro S\u00e3o Jos\u00e9 Oper\u00e1rio, na zona Leste da capital.","og_url":"https:\/\/www.manaus.am.gov.br\/semtepi\/qualificacao\/prefeitura-realiza-curso-de-alimentacao-no-centro-de-convivencia-da-familia-e-do-idoso-da-zona-leste\/","og_site_name":"SEMTEPI","article_published_time":"2023-08-08T15:40:14+00:00","article_modified_time":"2023-08-08T15:40:15+00:00","og_image":[{"width":1600,"height":1200,"url":"https:\/\/www.manaus.am.gov.br\/semtepi\/wp-content\/uploads\/sites\/20\/2023\/08\/curso-4.jpeg","type":"image\/jpeg"}],"author":"Cl\u00e1udia Barbosa","twitter_card":"summary_large_image","twitter_misc":{"Written by":"Cl\u00e1udia Barbosa","Est. reading time":"2 minutos"},"schema":{"@context":"https:\/\/schema.org","@graph":[{"@type":"Article","@id":"https:\/\/www.manaus.am.gov.br\/semtepi\/qualificacao\/prefeitura-realiza-curso-de-alimentacao-no-centro-de-convivencia-da-familia-e-do-idoso-da-zona-leste\/#article","isPartOf":{"@id":"https:\/\/www.manaus.am.gov.br\/semtepi\/qualificacao\/prefeitura-realiza-curso-de-alimentacao-no-centro-de-convivencia-da-familia-e-do-idoso-da-zona-leste\/"},"author":{"name":"Cl\u00e1udia Barbosa","@id":"https:\/\/www.manaus.am.gov.br\/semtepi\/#\/schema\/person\/d0a166b5031154c33c77794ddc9a827e"},"headline":"Prefeitura\u00a0realiza curso de alimenta\u00e7\u00e3o no\u00a0Centro de Conviv\u00eancia da Fam\u00edlia e do Idoso\u00a0da zona Leste","datePublished":"2023-08-08T15:40:14+00:00","dateModified":"2023-08-08T15:40:15+00:00","mainEntityOfPage":{"@id":"https:\/\/www.manaus.am.gov.br\/semtepi\/qualificacao\/prefeitura-realiza-curso-de-alimentacao-no-centro-de-convivencia-da-familia-e-do-idoso-da-zona-leste\/"},"wordCount":255,"publisher":{"@id":"https:\/\/www.manaus.am.gov.br\/semtepi\/#organization"},"image":{"@id":"https:\/\/www.manaus.am.gov.br\/semtepi\/qualificacao\/prefeitura-realiza-curso-de-alimentacao-no-centro-de-convivencia-da-familia-e-do-idoso-da-zona-leste\/#primaryimage"},"thumbnailUrl":"https:\/\/www.manaus.am.gov.br\/semtepi\/wp-content\/uploads\/sites\/20\/2023\/08\/curso-4.jpeg","keywords":["bairro S\u00e3o Jos\u00e9 Oper\u00e1rio","Centro de Conviv\u00eancia da Fam\u00edlia e do Idoso Prefeito Jos\u00e9 Fernandes","Joel Silva","prefeitura de manaus","Semasc","Semtepi","senac","Servi\u00e7o Nacional de Aprendizagem Comercial"],"articleSection":["Qualifica\u00e7\u00e3o"],"inLanguage":"pt-BR"},{"@type":"WebPage","@id":"https:\/\/www.manaus.am.gov.br\/semtepi\/qualificacao\/prefeitura-realiza-curso-de-alimentacao-no-centro-de-convivencia-da-familia-e-do-idoso-da-zona-leste\/","url":"https:\/\/www.manaus.am.gov.br\/semtepi\/qualificacao\/prefeitura-realiza-curso-de-alimentacao-no-centro-de-convivencia-da-familia-e-do-idoso-da-zona-leste\/","name":"Prefeitura\u00a0realiza curso de alimenta\u00e7\u00e3o no\u00a0Centro de Conviv\u00eancia da Fam\u00edlia e do Idoso\u00a0da zona Leste - SEMTEPI","isPartOf":{"@id":"https:\/\/www.manaus.am.gov.br\/semtepi\/#website"},"primaryImageOfPage":{"@id":"https:\/\/www.manaus.am.gov.br\/semtepi\/qualificacao\/prefeitura-realiza-curso-de-alimentacao-no-centro-de-convivencia-da-familia-e-do-idoso-da-zona-leste\/#primaryimage"},"image":{"@id":"https:\/\/www.manaus.am.gov.br\/semtepi\/qualificacao\/prefeitura-realiza-curso-de-alimentacao-no-centro-de-convivencia-da-familia-e-do-idoso-da-zona-leste\/#primaryimage"},"thumbnailUrl":"https:\/\/www.manaus.am.gov.br\/semtepi\/wp-content\/uploads\/sites\/20\/2023\/08\/curso-4.jpeg","datePublished":"2023-08-08T15:40:14+00:00","dateModified":"2023-08-08T15:40:15+00:00","description":"A Prefeitura de Manaus, por meio da Secretaria Municipal do Trabalho, Empreendedorismo e Inova\u00e7\u00e3o (Semtepi), deu in\u00edcio, nesta ter\u00e7a-feira, 8\/8, \u00e0 primeira turma do curso de \"Boas pr\u00e1ticas para servi\u00e7os de alimenta\u00e7\u00e3o\", destinado a 15 alunos do Centro de Conviv\u00eancia da Fam\u00edlia e do Idoso Prefeito Jos\u00e9 Fernandes, situado no bairro S\u00e3o Jos\u00e9 Oper\u00e1rio, na zona Leste da capital.","breadcrumb":{"@id":"https:\/\/www.manaus.am.gov.br\/semtepi\/qualificacao\/prefeitura-realiza-curso-de-alimentacao-no-centro-de-convivencia-da-familia-e-do-idoso-da-zona-leste\/#breadcrumb"},"inLanguage":"pt-BR","potentialAction":[{"@type":"ReadAction","target":["https:\/\/www.manaus.am.gov.br\/semtepi\/qualificacao\/prefeitura-realiza-curso-de-alimentacao-no-centro-de-convivencia-da-familia-e-do-idoso-da-zona-leste\/"]}]},{"@type":"ImageObject","inLanguage":"pt-BR","@id":"https:\/\/www.manaus.am.gov.br\/semtepi\/qualificacao\/prefeitura-realiza-curso-de-alimentacao-no-centro-de-convivencia-da-familia-e-do-idoso-da-zona-leste\/#primaryimage","url":"https:\/\/www.manaus.am.gov.br\/semtepi\/wp-content\/uploads\/sites\/20\/2023\/08\/curso-4.jpeg","contentUrl":"https:\/\/www.manaus.am.gov.br\/semtepi\/wp-content\/uploads\/sites\/20\/2023\/08\/curso-4.jpeg","width":1600,"height":1200},{"@type":"BreadcrumbList","@id":"https:\/\/www.manaus.am.gov.br\/semtepi\/qualificacao\/prefeitura-realiza-curso-de-alimentacao-no-centro-de-convivencia-da-familia-e-do-idoso-da-zona-leste\/#breadcrumb","itemListElement":[{"@type":"ListItem","position":1,"name":"Home","item":"https:\/\/www.manaus.am.gov.br\/semtepi\/"},{"@type":"ListItem","position":2,"name":"Prefeitura\u00a0realiza curso de alimenta\u00e7\u00e3o no\u00a0Centro de Conviv\u00eancia da Fam\u00edlia e do Idoso\u00a0da zona Leste"}]},{"@type":"WebSite","@id":"https:\/\/www.manaus.am.gov.br\/semtepi\/#website","url":"https:\/\/www.manaus.am.gov.br\/semtepi\/","name":"SEMTEPI","description":"Prefeitura de Manaus","publisher":{"@id":"https:\/\/www.manaus.am.gov.br\/semtepi\/#organization"},"alternateName":"Secretaria Municipal do Trabalho, Empreendedorismo e Inova\u00e7\u00e3o","potentialAction":[{"@type":"SearchAction","target":{"@type":"EntryPoint","urlTemplate":"https:\/\/www.manaus.am.gov.br\/semtepi\/?s={search_term_string}"},"query-input":"required name=search_term_string"}],"inLanguage":"pt-BR"},{"@type":"Organization","@id":"https:\/\/www.manaus.am.gov.br\/semtepi\/#organization","name":"Prefeitura Municipal de Manaus","alternateName":"Prefeitura de Manaus","url":"https:\/\/www.manaus.am.gov.br\/semtepi\/","logo":{"@type":"ImageObject","inLanguage":"pt-BR","@id":"https:\/\/www.manaus.am.gov.br\/semtepi\/#\/schema\/logo\/image\/","url":"https:\/\/www.manaus.am.gov.br\/semtepi\/wp-content\/uploads\/sites\/20\/2024\/07\/favicon.png","contentUrl":"https:\/\/www.manaus.am.gov.br\/semtepi\/wp-content\/uploads\/sites\/20\/2024\/07\/favicon.png","width":300,"height":300,"caption":"Prefeitura Municipal de Manaus"},"image":{"@id":"https:\/\/www.manaus.am.gov.br\/semtepi\/#\/schema\/logo\/image\/"}},{"@type":"Person","@id":"https:\/\/www.manaus.am.gov.br\/semtepi\/#\/schema\/person\/d0a166b5031154c33c77794ddc9a827e","name":"Cl\u00e1udia Barbosa","image":{"@type":"ImageObject","inLanguage":"pt-BR","@id":"https:\/\/www.manaus.am.gov.br\/semtepi\/#\/schema\/person\/image\/","url":"https:\/\/secure.gravatar.com\/avatar\/42958a1cf007f1a00534009218c72590?s=96&d=mm&r=g","contentUrl":"https:\/\/secure.gravatar.com\/avatar\/42958a1cf007f1a00534009218c72590?s=96&d=mm&r=g","caption":"Cl\u00e1udia Barbosa"}}]}},"_links":{"self":[{"href":"https:\/\/www.manaus.am.gov.br\/semtepi\/wp-json\/wp\/v2\/posts\/2423"}],"collection":[{"href":"https:\/\/www.manaus.am.gov.br\/semtepi\/wp-json\/wp\/v2\/posts"}],"about":[{"href":"https:\/\/www.manaus.am.gov.br\/semtepi\/wp-json\/wp\/v2\/types\/post"}],"author":[{"embeddable":true,"href":"https:\/\/www.manaus.am.gov.br\/semtepi\/wp-json\/wp\/v2\/users\/24"}],"replies":[{"embeddable":true,"href":"https:\/\/www.manaus.am.gov.br\/semtepi\/wp-json\/wp\/v2\/comments?post=2423"}],"version-history":[{"count":0,"href":"https:\/\/www.manaus.am.gov.br\/semtepi\/wp-json\/wp\/v2\/posts\/2423\/revisions"}],"wp:featuredmedia":[{"embeddable":true,"href":"https:\/\/www.manaus.am.gov.br\/semtepi\/wp-json\/wp\/v2\/media\/2424"}],"wp:attachment":[{"href":"https:\/\/www.manaus.am.gov.br\/semtepi\/wp-json\/wp\/v2\/media?parent=2423"}],"wp:term":[{"taxonomy":"category","embeddable":true,"href":"https:\/\/www.manaus.am.gov.br\/semtepi\/wp-json\/wp\/v2\/categories?post=2423"},{"taxonomy":"post_tag","embeddable":true,"href":"https:\/\/www.manaus.am.gov.br\/semtepi\/wp-json\/wp\/v2\/tags?post=2423"}],"curies":[{"name":"wp","href":"https:\/\/api.w.org\/{rel}","templated":true}]}}