{"id":2414,"date":"2023-08-04T16:44:25","date_gmt":"2023-08-04T20:44:25","guid":{"rendered":"https:\/\/www.manaus.am.gov.br\/semtepi\/sem-categoria\/prefeitura-de-manaus-encerra-ultima-turma-da-oficina-de-pizza-para-criancas\/"},"modified":"2023-08-04T16:44:27","modified_gmt":"2023-08-04T20:44:27","slug":"prefeitura-de-manaus-encerra-ultima-turma-da-oficina-de-pizza-para-criancas","status":"publish","type":"post","link":"https:\/\/www.manaus.am.gov.br\/semtepi\/estimulo\/prefeitura-de-manaus-encerra-ultima-turma-da-oficina-de-pizza-para-criancas\/","title":{"rendered":"<strong>Prefeitura de Manaus encerra \u00faltima turma da \u2018Oficina de Pizza\u2019 para crian\u00e7as<\/strong>"},"content":{"rendered":"\n<p>A Prefeitura de Manaus, por meio da Secretaria Municipal do Trabalho, Empreendedorismo e Inova\u00e7\u00e3o (Semtepi), em parceria com o instituto Mix, encerrou, nesta sexta-feira, 4\/8, a segunda e \u00faltima turma de \u201cOficina de Pizza\u201d, com 23 participantes, realizada no Centro de Conviv\u00eancia da Fam\u00edlia e do Idoso Prefeito Jos\u00e9 Fernandes, localizado na rua Barreirinha, no bairro S\u00e3o Jos\u00e9 3, zona Leste.<\/p>\n\n\n\n<p>A oficina \u00e9 voltada para crian\u00e7as, com o objetivo de promover conhecimento e estimular o aprendizado de forma l\u00fadica e envolvente. Atrav\u00e9s de atividades interativas e pr\u00e1ticas, os alunos tiveram a oportunidade de explorar conte\u00fados como o manuseio de massa, tipos de temperos e tempo de preparo para assar as pizzas.<\/p>\n\n\n\n<p>\u201cNosso objetivo \u00e9 proporcionar uma experi\u00eancia divertida e educativa, em que elas possam aprender a arte de fazer suas pr\u00f3prias pizzas de forma criativa\u201d, destaca o secret\u00e1rio da Semtepi, Radyr J\u00fanior.<\/p>\n\n\n\n<p>A primeira oficina foi realizada com os alunos do segundo per\u00edodo da escola municipal Francisca Mendes, e a segunda com crian\u00e7as que residem na comunidade onde est\u00e1 localizado o Cras Col\u00f4nia Ant\u00f4nio Aleixo, ambas na zona Leste.&nbsp;<\/p>\n\n\n\n<p>As aulas das turmas aconteceram de 8h \u00e0s 12h toda sexta-feira. A a\u00e7\u00e3o faz parte da coopera\u00e7\u00e3o integrada entre a Semtepi e a Secretaria Municipal da Mulher, Assist\u00eancia Social e Cidadania (Semasc), durante a inaugura\u00e7\u00e3o do Centro de Conviv\u00eancia da Fam\u00edlia e do Idoso Prefeito Jos\u00e9 Fernandes, realizada pelo prefeito David Almeida no dia 19 de maio deste ano.<\/p>\n\n\n\n<p>\u201cPara as crian\u00e7as foi uma experi\u00eancia \u00edmpar, elas amaram, gostaram muito mesmo.&nbsp;Foram desenvolvidas atividades pr\u00e1ticas e interativas, em que as crian\u00e7as tiveram a oportunidade de explorar os ingredientes, aprender t\u00e9cnicas de preparo e at\u00e9 mesmo criar suas pr\u00f3prias combina\u00e7\u00f5es de sabores. Al\u00e9m de estimular a criatividade culin\u00e1ria, a oficina tamb\u00e9m promove habilidades motoras, trabalho em equipe e respeito \u00e0 diversidade gastron\u00f4mica\u201d, afirmou Analia Sampaio,&nbsp;coordenadora do centro.<\/p>\n\n\n\n<p>&#8212; &#8212; &#8212;<\/p>\n\n\n\n<p><strong>Texto \u2013 <\/strong>Fabiane Monteiro \/ Semtepi<\/p>\n\n\n\n<p><strong>Fotos \u2013 <\/strong>Divulga\u00e7\u00e3o \/ Semtepi<\/p>\n","protected":false},"excerpt":{"rendered":"","protected":false},"author":31,"featured_media":2415,"comment_status":"closed","ping_status":"closed","sticky":false,"template":"","format":"standard","meta":{"footnotes":""},"categories":[455],"tags":[456,457,458,459],"acf":[],"yoast_head":"<!-- This site is optimized with the Yoast SEO plugin v23.0 - https:\/\/yoast.com\/wordpress\/plugins\/seo\/ -->\n<title>Prefeitura de Manaus encerra \u00faltima turma da \u2018Oficina de Pizza\u2019 para crian\u00e7as - SEMTEPI<\/title>\n<meta name=\"robots\" content=\"noindex, follow\" \/>\n<meta property=\"og:locale\" content=\"pt_BR\" \/>\n<meta property=\"og:type\" content=\"article\" \/>\n<meta property=\"og:title\" content=\"Prefeitura de Manaus encerra \u00faltima turma da \u2018Oficina de Pizza\u2019 para crian\u00e7as - SEMTEPI\" \/>\n<meta property=\"og:url\" content=\"https:\/\/www.manaus.am.gov.br\/semtepi\/estimulo\/prefeitura-de-manaus-encerra-ultima-turma-da-oficina-de-pizza-para-criancas\/\" \/>\n<meta property=\"og:site_name\" content=\"SEMTEPI\" \/>\n<meta property=\"article:published_time\" content=\"2023-08-04T20:44:25+00:00\" \/>\n<meta property=\"article:modified_time\" content=\"2023-08-04T20:44:27+00:00\" \/>\n<meta property=\"og:image\" content=\"https:\/\/www.manaus.am.gov.br\/semtepi\/wp-content\/uploads\/sites\/20\/2023\/08\/WhatsApp-Image-2023-08-04-at-16.16.27.jpeg\" \/>\n\t<meta property=\"og:image:width\" content=\"1024\" \/>\n\t<meta property=\"og:image:height\" content=\"768\" \/>\n\t<meta property=\"og:image:type\" content=\"image\/jpeg\" \/>\n<meta name=\"author\" content=\"Renata Felix\" \/>\n<meta name=\"twitter:card\" content=\"summary_large_image\" \/>\n<meta name=\"twitter:label1\" content=\"Written by\" \/>\n\t<meta name=\"twitter:data1\" content=\"Renata Felix\" \/>\n\t<meta name=\"twitter:label2\" content=\"Est. reading time\" \/>\n\t<meta name=\"twitter:data2\" content=\"2 minutos\" \/>\n<script type=\"application\/ld+json\" class=\"yoast-schema-graph\">{\"@context\":\"https:\/\/schema.org\",\"@graph\":[{\"@type\":\"Article\",\"@id\":\"https:\/\/www.manaus.am.gov.br\/semtepi\/estimulo\/prefeitura-de-manaus-encerra-ultima-turma-da-oficina-de-pizza-para-criancas\/#article\",\"isPartOf\":{\"@id\":\"https:\/\/www.manaus.am.gov.br\/semtepi\/estimulo\/prefeitura-de-manaus-encerra-ultima-turma-da-oficina-de-pizza-para-criancas\/\"},\"author\":{\"name\":\"Renata Felix\",\"@id\":\"https:\/\/www.manaus.am.gov.br\/semtepi\/#\/schema\/person\/4eea2a8f78dc853097abb026f728aa06\"},\"headline\":\"Prefeitura de Manaus encerra \u00faltima turma da \u2018Oficina de Pizza\u2019 para crian\u00e7as\",\"datePublished\":\"2023-08-04T20:44:25+00:00\",\"dateModified\":\"2023-08-04T20:44:27+00:00\",\"mainEntityOfPage\":{\"@id\":\"https:\/\/www.manaus.am.gov.br\/semtepi\/estimulo\/prefeitura-de-manaus-encerra-ultima-turma-da-oficina-de-pizza-para-criancas\/\"},\"wordCount\":361,\"publisher\":{\"@id\":\"https:\/\/www.manaus.am.gov.br\/semtepi\/#organization\"},\"image\":{\"@id\":\"https:\/\/www.manaus.am.gov.br\/semtepi\/estimulo\/prefeitura-de-manaus-encerra-ultima-turma-da-oficina-de-pizza-para-criancas\/#primaryimage\"},\"thumbnailUrl\":\"https:\/\/www.manaus.am.gov.br\/semtepi\/wp-content\/uploads\/sites\/20\/2023\/08\/WhatsApp-Image-2023-08-04-at-16.16.27.jpeg\",\"keywords\":[\"aprendizado\",\"crian\u00e7as\",\"est\u00edmulo\",\"oficina de pizza\"],\"articleSection\":[\"Est\u00edmulo\"],\"inLanguage\":\"pt-BR\"},{\"@type\":\"WebPage\",\"@id\":\"https:\/\/www.manaus.am.gov.br\/semtepi\/estimulo\/prefeitura-de-manaus-encerra-ultima-turma-da-oficina-de-pizza-para-criancas\/\",\"url\":\"https:\/\/www.manaus.am.gov.br\/semtepi\/estimulo\/prefeitura-de-manaus-encerra-ultima-turma-da-oficina-de-pizza-para-criancas\/\",\"name\":\"Prefeitura de Manaus encerra \u00faltima turma da \u2018Oficina de Pizza\u2019 para crian\u00e7as - SEMTEPI\",\"isPartOf\":{\"@id\":\"https:\/\/www.manaus.am.gov.br\/semtepi\/#website\"},\"primaryImageOfPage\":{\"@id\":\"https:\/\/www.manaus.am.gov.br\/semtepi\/estimulo\/prefeitura-de-manaus-encerra-ultima-turma-da-oficina-de-pizza-para-criancas\/#primaryimage\"},\"image\":{\"@id\":\"https:\/\/www.manaus.am.gov.br\/semtepi\/estimulo\/prefeitura-de-manaus-encerra-ultima-turma-da-oficina-de-pizza-para-criancas\/#primaryimage\"},\"thumbnailUrl\":\"https:\/\/www.manaus.am.gov.br\/semtepi\/wp-content\/uploads\/sites\/20\/2023\/08\/WhatsApp-Image-2023-08-04-at-16.16.27.jpeg\",\"datePublished\":\"2023-08-04T20:44:25+00:00\",\"dateModified\":\"2023-08-04T20:44:27+00:00\",\"breadcrumb\":{\"@id\":\"https:\/\/www.manaus.am.gov.br\/semtepi\/estimulo\/prefeitura-de-manaus-encerra-ultima-turma-da-oficina-de-pizza-para-criancas\/#breadcrumb\"},\"inLanguage\":\"pt-BR\",\"potentialAction\":[{\"@type\":\"ReadAction\",\"target\":[\"https:\/\/www.manaus.am.gov.br\/semtepi\/estimulo\/prefeitura-de-manaus-encerra-ultima-turma-da-oficina-de-pizza-para-criancas\/\"]}]},{\"@type\":\"ImageObject\",\"inLanguage\":\"pt-BR\",\"@id\":\"https:\/\/www.manaus.am.gov.br\/semtepi\/estimulo\/prefeitura-de-manaus-encerra-ultima-turma-da-oficina-de-pizza-para-criancas\/#primaryimage\",\"url\":\"https:\/\/www.manaus.am.gov.br\/semtepi\/wp-content\/uploads\/sites\/20\/2023\/08\/WhatsApp-Image-2023-08-04-at-16.16.27.jpeg\",\"contentUrl\":\"https:\/\/www.manaus.am.gov.br\/semtepi\/wp-content\/uploads\/sites\/20\/2023\/08\/WhatsApp-Image-2023-08-04-at-16.16.27.jpeg\",\"width\":1024,\"height\":768},{\"@type\":\"BreadcrumbList\",\"@id\":\"https:\/\/www.manaus.am.gov.br\/semtepi\/estimulo\/prefeitura-de-manaus-encerra-ultima-turma-da-oficina-de-pizza-para-criancas\/#breadcrumb\",\"itemListElement\":[{\"@type\":\"ListItem\",\"position\":1,\"name\":\"Home\",\"item\":\"https:\/\/www.manaus.am.gov.br\/semtepi\/\"},{\"@type\":\"ListItem\",\"position\":2,\"name\":\"Prefeitura de Manaus encerra \u00faltima turma da \u2018Oficina de Pizza\u2019 para crian\u00e7as\"}]},{\"@type\":\"WebSite\",\"@id\":\"https:\/\/www.manaus.am.gov.br\/semtepi\/#website\",\"url\":\"https:\/\/www.manaus.am.gov.br\/semtepi\/\",\"name\":\"SEMTEPI\",\"description\":\"Prefeitura de Manaus\",\"publisher\":{\"@id\":\"https:\/\/www.manaus.am.gov.br\/semtepi\/#organization\"},\"alternateName\":\"Secretaria Municipal do Trabalho, Empreendedorismo e Inova\u00e7\u00e3o\",\"potentialAction\":[{\"@type\":\"SearchAction\",\"target\":{\"@type\":\"EntryPoint\",\"urlTemplate\":\"https:\/\/www.manaus.am.gov.br\/semtepi\/?s={search_term_string}\"},\"query-input\":\"required name=search_term_string\"}],\"inLanguage\":\"pt-BR\"},{\"@type\":\"Organization\",\"@id\":\"https:\/\/www.manaus.am.gov.br\/semtepi\/#organization\",\"name\":\"Prefeitura Municipal de Manaus\",\"alternateName\":\"Prefeitura de Manaus\",\"url\":\"https:\/\/www.manaus.am.gov.br\/semtepi\/\",\"logo\":{\"@type\":\"ImageObject\",\"inLanguage\":\"pt-BR\",\"@id\":\"https:\/\/www.manaus.am.gov.br\/semtepi\/#\/schema\/logo\/image\/\",\"url\":\"https:\/\/www.manaus.am.gov.br\/semtepi\/wp-content\/uploads\/sites\/20\/2024\/07\/favicon.png\",\"contentUrl\":\"https:\/\/www.manaus.am.gov.br\/semtepi\/wp-content\/uploads\/sites\/20\/2024\/07\/favicon.png\",\"width\":300,\"height\":300,\"caption\":\"Prefeitura Municipal de Manaus\"},\"image\":{\"@id\":\"https:\/\/www.manaus.am.gov.br\/semtepi\/#\/schema\/logo\/image\/\"}},{\"@type\":\"Person\",\"@id\":\"https:\/\/www.manaus.am.gov.br\/semtepi\/#\/schema\/person\/4eea2a8f78dc853097abb026f728aa06\",\"name\":\"Renata Felix\",\"image\":{\"@type\":\"ImageObject\",\"inLanguage\":\"pt-BR\",\"@id\":\"https:\/\/www.manaus.am.gov.br\/semtepi\/#\/schema\/person\/image\/\",\"url\":\"https:\/\/secure.gravatar.com\/avatar\/3c196cf9d3b837b24c8edb2c50fd8f29?s=96&d=mm&r=g\",\"contentUrl\":\"https:\/\/secure.gravatar.com\/avatar\/3c196cf9d3b837b24c8edb2c50fd8f29?s=96&d=mm&r=g\",\"caption\":\"Renata Felix\"}}]}<\/script>\n<!-- \/ Yoast SEO plugin. -->","yoast_head_json":{"title":"Prefeitura de Manaus encerra \u00faltima turma da \u2018Oficina de Pizza\u2019 para crian\u00e7as - SEMTEPI","robots":{"index":"noindex","follow":"follow"},"og_locale":"pt_BR","og_type":"article","og_title":"Prefeitura de Manaus encerra \u00faltima turma da \u2018Oficina de Pizza\u2019 para crian\u00e7as - SEMTEPI","og_url":"https:\/\/www.manaus.am.gov.br\/semtepi\/estimulo\/prefeitura-de-manaus-encerra-ultima-turma-da-oficina-de-pizza-para-criancas\/","og_site_name":"SEMTEPI","article_published_time":"2023-08-04T20:44:25+00:00","article_modified_time":"2023-08-04T20:44:27+00:00","og_image":[{"width":1024,"height":768,"url":"https:\/\/www.manaus.am.gov.br\/semtepi\/wp-content\/uploads\/sites\/20\/2023\/08\/WhatsApp-Image-2023-08-04-at-16.16.27.jpeg","type":"image\/jpeg"}],"author":"Renata Felix","twitter_card":"summary_large_image","twitter_misc":{"Written by":"Renata Felix","Est. reading time":"2 minutos"},"schema":{"@context":"https:\/\/schema.org","@graph":[{"@type":"Article","@id":"https:\/\/www.manaus.am.gov.br\/semtepi\/estimulo\/prefeitura-de-manaus-encerra-ultima-turma-da-oficina-de-pizza-para-criancas\/#article","isPartOf":{"@id":"https:\/\/www.manaus.am.gov.br\/semtepi\/estimulo\/prefeitura-de-manaus-encerra-ultima-turma-da-oficina-de-pizza-para-criancas\/"},"author":{"name":"Renata Felix","@id":"https:\/\/www.manaus.am.gov.br\/semtepi\/#\/schema\/person\/4eea2a8f78dc853097abb026f728aa06"},"headline":"Prefeitura de Manaus encerra \u00faltima turma da \u2018Oficina de Pizza\u2019 para crian\u00e7as","datePublished":"2023-08-04T20:44:25+00:00","dateModified":"2023-08-04T20:44:27+00:00","mainEntityOfPage":{"@id":"https:\/\/www.manaus.am.gov.br\/semtepi\/estimulo\/prefeitura-de-manaus-encerra-ultima-turma-da-oficina-de-pizza-para-criancas\/"},"wordCount":361,"publisher":{"@id":"https:\/\/www.manaus.am.gov.br\/semtepi\/#organization"},"image":{"@id":"https:\/\/www.manaus.am.gov.br\/semtepi\/estimulo\/prefeitura-de-manaus-encerra-ultima-turma-da-oficina-de-pizza-para-criancas\/#primaryimage"},"thumbnailUrl":"https:\/\/www.manaus.am.gov.br\/semtepi\/wp-content\/uploads\/sites\/20\/2023\/08\/WhatsApp-Image-2023-08-04-at-16.16.27.jpeg","keywords":["aprendizado","crian\u00e7as","est\u00edmulo","oficina de pizza"],"articleSection":["Est\u00edmulo"],"inLanguage":"pt-BR"},{"@type":"WebPage","@id":"https:\/\/www.manaus.am.gov.br\/semtepi\/estimulo\/prefeitura-de-manaus-encerra-ultima-turma-da-oficina-de-pizza-para-criancas\/","url":"https:\/\/www.manaus.am.gov.br\/semtepi\/estimulo\/prefeitura-de-manaus-encerra-ultima-turma-da-oficina-de-pizza-para-criancas\/","name":"Prefeitura de Manaus encerra \u00faltima turma da \u2018Oficina de Pizza\u2019 para crian\u00e7as - SEMTEPI","isPartOf":{"@id":"https:\/\/www.manaus.am.gov.br\/semtepi\/#website"},"primaryImageOfPage":{"@id":"https:\/\/www.manaus.am.gov.br\/semtepi\/estimulo\/prefeitura-de-manaus-encerra-ultima-turma-da-oficina-de-pizza-para-criancas\/#primaryimage"},"image":{"@id":"https:\/\/www.manaus.am.gov.br\/semtepi\/estimulo\/prefeitura-de-manaus-encerra-ultima-turma-da-oficina-de-pizza-para-criancas\/#primaryimage"},"thumbnailUrl":"https:\/\/www.manaus.am.gov.br\/semtepi\/wp-content\/uploads\/sites\/20\/2023\/08\/WhatsApp-Image-2023-08-04-at-16.16.27.jpeg","datePublished":"2023-08-04T20:44:25+00:00","dateModified":"2023-08-04T20:44:27+00:00","breadcrumb":{"@id":"https:\/\/www.manaus.am.gov.br\/semtepi\/estimulo\/prefeitura-de-manaus-encerra-ultima-turma-da-oficina-de-pizza-para-criancas\/#breadcrumb"},"inLanguage":"pt-BR","potentialAction":[{"@type":"ReadAction","target":["https:\/\/www.manaus.am.gov.br\/semtepi\/estimulo\/prefeitura-de-manaus-encerra-ultima-turma-da-oficina-de-pizza-para-criancas\/"]}]},{"@type":"ImageObject","inLanguage":"pt-BR","@id":"https:\/\/www.manaus.am.gov.br\/semtepi\/estimulo\/prefeitura-de-manaus-encerra-ultima-turma-da-oficina-de-pizza-para-criancas\/#primaryimage","url":"https:\/\/www.manaus.am.gov.br\/semtepi\/wp-content\/uploads\/sites\/20\/2023\/08\/WhatsApp-Image-2023-08-04-at-16.16.27.jpeg","contentUrl":"https:\/\/www.manaus.am.gov.br\/semtepi\/wp-content\/uploads\/sites\/20\/2023\/08\/WhatsApp-Image-2023-08-04-at-16.16.27.jpeg","width":1024,"height":768},{"@type":"BreadcrumbList","@id":"https:\/\/www.manaus.am.gov.br\/semtepi\/estimulo\/prefeitura-de-manaus-encerra-ultima-turma-da-oficina-de-pizza-para-criancas\/#breadcrumb","itemListElement":[{"@type":"ListItem","position":1,"name":"Home","item":"https:\/\/www.manaus.am.gov.br\/semtepi\/"},{"@type":"ListItem","position":2,"name":"Prefeitura de Manaus encerra \u00faltima turma da \u2018Oficina de Pizza\u2019 para crian\u00e7as"}]},{"@type":"WebSite","@id":"https:\/\/www.manaus.am.gov.br\/semtepi\/#website","url":"https:\/\/www.manaus.am.gov.br\/semtepi\/","name":"SEMTEPI","description":"Prefeitura de Manaus","publisher":{"@id":"https:\/\/www.manaus.am.gov.br\/semtepi\/#organization"},"alternateName":"Secretaria Municipal do Trabalho, Empreendedorismo e Inova\u00e7\u00e3o","potentialAction":[{"@type":"SearchAction","target":{"@type":"EntryPoint","urlTemplate":"https:\/\/www.manaus.am.gov.br\/semtepi\/?s={search_term_string}"},"query-input":"required name=search_term_string"}],"inLanguage":"pt-BR"},{"@type":"Organization","@id":"https:\/\/www.manaus.am.gov.br\/semtepi\/#organization","name":"Prefeitura Municipal de Manaus","alternateName":"Prefeitura de Manaus","url":"https:\/\/www.manaus.am.gov.br\/semtepi\/","logo":{"@type":"ImageObject","inLanguage":"pt-BR","@id":"https:\/\/www.manaus.am.gov.br\/semtepi\/#\/schema\/logo\/image\/","url":"https:\/\/www.manaus.am.gov.br\/semtepi\/wp-content\/uploads\/sites\/20\/2024\/07\/favicon.png","contentUrl":"https:\/\/www.manaus.am.gov.br\/semtepi\/wp-content\/uploads\/sites\/20\/2024\/07\/favicon.png","width":300,"height":300,"caption":"Prefeitura Municipal de Manaus"},"image":{"@id":"https:\/\/www.manaus.am.gov.br\/semtepi\/#\/schema\/logo\/image\/"}},{"@type":"Person","@id":"https:\/\/www.manaus.am.gov.br\/semtepi\/#\/schema\/person\/4eea2a8f78dc853097abb026f728aa06","name":"Renata Felix","image":{"@type":"ImageObject","inLanguage":"pt-BR","@id":"https:\/\/www.manaus.am.gov.br\/semtepi\/#\/schema\/person\/image\/","url":"https:\/\/secure.gravatar.com\/avatar\/3c196cf9d3b837b24c8edb2c50fd8f29?s=96&d=mm&r=g","contentUrl":"https:\/\/secure.gravatar.com\/avatar\/3c196cf9d3b837b24c8edb2c50fd8f29?s=96&d=mm&r=g","caption":"Renata Felix"}}]}},"_links":{"self":[{"href":"https:\/\/www.manaus.am.gov.br\/semtepi\/wp-json\/wp\/v2\/posts\/2414"}],"collection":[{"href":"https:\/\/www.manaus.am.gov.br\/semtepi\/wp-json\/wp\/v2\/posts"}],"about":[{"href":"https:\/\/www.manaus.am.gov.br\/semtepi\/wp-json\/wp\/v2\/types\/post"}],"author":[{"embeddable":true,"href":"https:\/\/www.manaus.am.gov.br\/semtepi\/wp-json\/wp\/v2\/users\/31"}],"replies":[{"embeddable":true,"href":"https:\/\/www.manaus.am.gov.br\/semtepi\/wp-json\/wp\/v2\/comments?post=2414"}],"version-history":[{"count":0,"href":"https:\/\/www.manaus.am.gov.br\/semtepi\/wp-json\/wp\/v2\/posts\/2414\/revisions"}],"wp:featuredmedia":[{"embeddable":true,"href":"https:\/\/www.manaus.am.gov.br\/semtepi\/wp-json\/wp\/v2\/media\/2415"}],"wp:attachment":[{"href":"https:\/\/www.manaus.am.gov.br\/semtepi\/wp-json\/wp\/v2\/media?parent=2414"}],"wp:term":[{"taxonomy":"category","embeddable":true,"href":"https:\/\/www.manaus.am.gov.br\/semtepi\/wp-json\/wp\/v2\/categories?post=2414"},{"taxonomy":"post_tag","embeddable":true,"href":"https:\/\/www.manaus.am.gov.br\/semtepi\/wp-json\/wp\/v2\/tags?post=2414"}],"curies":[{"name":"wp","href":"https:\/\/api.w.org\/{rel}","templated":true}]}}