{"id":2412,"date":"2023-08-04T13:05:35","date_gmt":"2023-08-04T17:05:35","guid":{"rendered":"https:\/\/www.manaus.am.gov.br\/semtepi\/sem-categoria\/shows-de-musica-movimentam-o-fim-de-semana-na-casa-de-praia-zezinho-correa\/"},"modified":"2023-08-04T13:05:37","modified_gmt":"2023-08-04T17:05:37","slug":"shows-de-musica-movimentam-o-fim-de-semana-na-casa-de-praia-zezinho-correa","status":"publish","type":"post","link":"https:\/\/www.manaus.am.gov.br\/semtepi\/eventos\/shows-de-musica-movimentam-o-fim-de-semana-na-casa-de-praia-zezinho-correa\/","title":{"rendered":"<strong>Shows de m\u00fasica movimentam o fim de semana na Casa de Praia Zezinho Corr\u00eaa<\/strong>"},"content":{"rendered":"\n<p>A Casa de Praia Zezinho Corr\u00eaa, administrada pela Prefeitura de Manaus, por meio da Secretaria Municipal do Trabalho, Empreendedorismo e Inova\u00e7\u00e3o (Semtepi), ser\u00e1 palco de seis atra\u00e7\u00f5es musicais que v\u00e3o movimentar a tardezinha deste fim de semana. O espa\u00e7o disp\u00f5e de entrada franca e est\u00e1 localizado no complexo tur\u00edstico Ponta Negra, zona Oeste.<\/p>\n\n\n\n<p>\u201cOs shows apresentar\u00e3o talentosos artistas locais, trazendo performances incr\u00edveis para o p\u00fablico. Temos certeza de que a Casa de Praia continuar\u00e1 sendo palco de momentos memor\u00e1veis. Refor\u00e7amos nosso compromisso com a seguran\u00e7a e o bem-estar de todos, seguindo rigorosamente as orienta\u00e7\u00f5es sanit\u00e1rias\u201d, afirma o titular da Semtepi, Radyr J\u00fanior.<\/p>\n\n\n\n<p>Entre os shows recorrentes no s\u00e1bado, 5\/8, a partir das 18h, est\u00e1 o do cantor Jamilson Rosseti, al\u00e9m&nbsp; do artista Carlinhos Paiva com participa\u00e7\u00e3o especial doe Sidioney Eduardo.<\/p>\n\n\n\n<p>J\u00e1 no domingo, 6\/8, \u00e0s 18h, a tardezinha ser\u00e1 marcada, com entrada franca, para os tr\u00eas shows das DJs Elow, May Seven e Izzy, que v\u00e3o agitar a noite envolvendo o p\u00fablico com m\u00fasicas eletr\u00f4nicas.<\/p>\n\n\n\n<p><strong>Finalidade<\/strong><\/p>\n\n\n\n<p>A Casa de Praia Zezinho Corr\u00eaa \u00e9 um espa\u00e7o p\u00fablico diversificado, que combina a bela paisagem \u00e0 beira do rio com uma ampla variedade de sabores e atividades. Al\u00e9m das op\u00e7\u00f5es gastron\u00f4micas, o local valoriza a cultura local, apresentando artistas regionais no palco e exibindo artesanato da regi\u00e3o. Tornou-se um ponto tur\u00edstico importante, que impulsiona a economia local e promove o empreendedorismo cultural e tur\u00edstico, proporcionando uma experi\u00eancia \u00fanica aos visitantes.<\/p>\n\n\n\n<p>&#8212; &#8212; &#8212;<\/p>\n\n\n\n<p><strong>Texto \u2013&nbsp;<\/strong>Fabiane Monteiro \/ Semtepi<\/p>\n\n\n\n<p><strong>Fotos \u2013<\/strong>&nbsp;Divulga\u00e7\u00e3o \/ Semtepi&nbsp;&nbsp;<\/p>\n","protected":false},"excerpt":{"rendered":"","protected":false},"author":24,"featured_media":2413,"comment_status":"closed","ping_status":"closed","sticky":false,"template":"","format":"standard","meta":{"footnotes":""},"categories":[123],"tags":[212,452,453,8,34,9,454],"acf":[],"yoast_head":"<!-- This site is optimized with the Yoast SEO plugin v23.0 - https:\/\/yoast.com\/wordpress\/plugins\/seo\/ -->\n<title>Shows de m\u00fasica movimentam o fim de semana na Casa de Praia Zezinho Corr\u00eaa - SEMTEPI<\/title>\n<meta name=\"description\" content=\"A Casa de Praia Zezinho Corr\u00eaa, administrada pela Prefeitura de Manaus, por meio da Secretaria Municipal do Trabalho, Empreendedorismo e Inova\u00e7\u00e3o (Semtepi), ser\u00e1 palco de seis atra\u00e7\u00f5es musicais que v\u00e3o movimentar a tardezinha deste fim de semana.\" \/>\n<meta name=\"robots\" content=\"noindex, follow\" \/>\n<meta property=\"og:locale\" content=\"pt_BR\" \/>\n<meta property=\"og:type\" content=\"article\" \/>\n<meta property=\"og:title\" content=\"Shows de m\u00fasica movimentam o fim de semana na Casa de Praia Zezinho Corr\u00eaa - SEMTEPI\" \/>\n<meta property=\"og:description\" content=\"A Casa de Praia Zezinho Corr\u00eaa, administrada pela Prefeitura de Manaus, por meio da Secretaria Municipal do Trabalho, Empreendedorismo e Inova\u00e7\u00e3o (Semtepi), ser\u00e1 palco de seis atra\u00e7\u00f5es musicais que v\u00e3o movimentar a tardezinha deste fim de semana.\" \/>\n<meta property=\"og:url\" content=\"https:\/\/www.manaus.am.gov.br\/semtepi\/eventos\/shows-de-musica-movimentam-o-fim-de-semana-na-casa-de-praia-zezinho-correa\/\" \/>\n<meta property=\"og:site_name\" content=\"SEMTEPI\" \/>\n<meta property=\"article:published_time\" content=\"2023-08-04T17:05:35+00:00\" \/>\n<meta property=\"article:modified_time\" content=\"2023-08-04T17:05:37+00:00\" \/>\n<meta property=\"og:image\" content=\"https:\/\/www.manaus.am.gov.br\/semtepi\/wp-content\/uploads\/sites\/20\/2023\/08\/Shows-de-musica-movimentam-o-fim-de-semana-na-Casa-de-Praia-Zezinho-Correa-3-1024x683.jpg\" \/>\n\t<meta property=\"og:image:width\" content=\"1024\" \/>\n\t<meta property=\"og:image:height\" content=\"683\" \/>\n\t<meta property=\"og:image:type\" content=\"image\/jpeg\" \/>\n<meta name=\"author\" content=\"Cl\u00e1udia Barbosa\" \/>\n<meta name=\"twitter:card\" content=\"summary_large_image\" \/>\n<meta name=\"twitter:label1\" content=\"Written by\" \/>\n\t<meta name=\"twitter:data1\" content=\"Cl\u00e1udia Barbosa\" \/>\n\t<meta name=\"twitter:label2\" content=\"Est. reading time\" \/>\n\t<meta name=\"twitter:data2\" content=\"2 minutos\" \/>\n<script type=\"application\/ld+json\" class=\"yoast-schema-graph\">{\"@context\":\"https:\/\/schema.org\",\"@graph\":[{\"@type\":\"Article\",\"@id\":\"https:\/\/www.manaus.am.gov.br\/semtepi\/eventos\/shows-de-musica-movimentam-o-fim-de-semana-na-casa-de-praia-zezinho-correa\/#article\",\"isPartOf\":{\"@id\":\"https:\/\/www.manaus.am.gov.br\/semtepi\/eventos\/shows-de-musica-movimentam-o-fim-de-semana-na-casa-de-praia-zezinho-correa\/\"},\"author\":{\"name\":\"Cl\u00e1udia Barbosa\",\"@id\":\"https:\/\/www.manaus.am.gov.br\/semtepi\/#\/schema\/person\/d0a166b5031154c33c77794ddc9a827e\"},\"headline\":\"Shows de m\u00fasica movimentam o fim de semana na Casa de Praia Zezinho Corr\u00eaa\",\"datePublished\":\"2023-08-04T17:05:35+00:00\",\"dateModified\":\"2023-08-04T17:05:37+00:00\",\"mainEntityOfPage\":{\"@id\":\"https:\/\/www.manaus.am.gov.br\/semtepi\/eventos\/shows-de-musica-movimentam-o-fim-de-semana-na-casa-de-praia-zezinho-correa\/\"},\"wordCount\":299,\"publisher\":{\"@id\":\"https:\/\/www.manaus.am.gov.br\/semtepi\/#organization\"},\"image\":{\"@id\":\"https:\/\/www.manaus.am.gov.br\/semtepi\/eventos\/shows-de-musica-movimentam-o-fim-de-semana-na-casa-de-praia-zezinho-correa\/#primaryimage\"},\"thumbnailUrl\":\"https:\/\/www.manaus.am.gov.br\/semtepi\/wp-content\/uploads\/sites\/20\/2023\/08\/Shows-de-musica-movimentam-o-fim-de-semana-na-Casa-de-Praia-Zezinho-Correa-3.jpg\",\"keywords\":[\"Casa de Praia Zezinho Corr\u00eaa\",\"complexo turistico Ponta Negra\",\"DJs\",\"prefeitura de manaus\",\"Radyr J\u00fanior\",\"Semtepi\",\"shows musicais\"],\"articleSection\":[\"Eventos\"],\"inLanguage\":\"pt-BR\"},{\"@type\":\"WebPage\",\"@id\":\"https:\/\/www.manaus.am.gov.br\/semtepi\/eventos\/shows-de-musica-movimentam-o-fim-de-semana-na-casa-de-praia-zezinho-correa\/\",\"url\":\"https:\/\/www.manaus.am.gov.br\/semtepi\/eventos\/shows-de-musica-movimentam-o-fim-de-semana-na-casa-de-praia-zezinho-correa\/\",\"name\":\"Shows de m\u00fasica movimentam o fim de semana na Casa de Praia Zezinho Corr\u00eaa - SEMTEPI\",\"isPartOf\":{\"@id\":\"https:\/\/www.manaus.am.gov.br\/semtepi\/#website\"},\"primaryImageOfPage\":{\"@id\":\"https:\/\/www.manaus.am.gov.br\/semtepi\/eventos\/shows-de-musica-movimentam-o-fim-de-semana-na-casa-de-praia-zezinho-correa\/#primaryimage\"},\"image\":{\"@id\":\"https:\/\/www.manaus.am.gov.br\/semtepi\/eventos\/shows-de-musica-movimentam-o-fim-de-semana-na-casa-de-praia-zezinho-correa\/#primaryimage\"},\"thumbnailUrl\":\"https:\/\/www.manaus.am.gov.br\/semtepi\/wp-content\/uploads\/sites\/20\/2023\/08\/Shows-de-musica-movimentam-o-fim-de-semana-na-Casa-de-Praia-Zezinho-Correa-3.jpg\",\"datePublished\":\"2023-08-04T17:05:35+00:00\",\"dateModified\":\"2023-08-04T17:05:37+00:00\",\"description\":\"A Casa de Praia Zezinho Corr\u00eaa, administrada pela Prefeitura de Manaus, por meio da Secretaria Municipal do Trabalho, Empreendedorismo e Inova\u00e7\u00e3o (Semtepi), ser\u00e1 palco de seis atra\u00e7\u00f5es musicais que v\u00e3o movimentar a tardezinha deste fim de semana.\",\"breadcrumb\":{\"@id\":\"https:\/\/www.manaus.am.gov.br\/semtepi\/eventos\/shows-de-musica-movimentam-o-fim-de-semana-na-casa-de-praia-zezinho-correa\/#breadcrumb\"},\"inLanguage\":\"pt-BR\",\"potentialAction\":[{\"@type\":\"ReadAction\",\"target\":[\"https:\/\/www.manaus.am.gov.br\/semtepi\/eventos\/shows-de-musica-movimentam-o-fim-de-semana-na-casa-de-praia-zezinho-correa\/\"]}]},{\"@type\":\"ImageObject\",\"inLanguage\":\"pt-BR\",\"@id\":\"https:\/\/www.manaus.am.gov.br\/semtepi\/eventos\/shows-de-musica-movimentam-o-fim-de-semana-na-casa-de-praia-zezinho-correa\/#primaryimage\",\"url\":\"https:\/\/www.manaus.am.gov.br\/semtepi\/wp-content\/uploads\/sites\/20\/2023\/08\/Shows-de-musica-movimentam-o-fim-de-semana-na-Casa-de-Praia-Zezinho-Correa-3.jpg\",\"contentUrl\":\"https:\/\/www.manaus.am.gov.br\/semtepi\/wp-content\/uploads\/sites\/20\/2023\/08\/Shows-de-musica-movimentam-o-fim-de-semana-na-Casa-de-Praia-Zezinho-Correa-3.jpg\",\"width\":6240,\"height\":4160},{\"@type\":\"BreadcrumbList\",\"@id\":\"https:\/\/www.manaus.am.gov.br\/semtepi\/eventos\/shows-de-musica-movimentam-o-fim-de-semana-na-casa-de-praia-zezinho-correa\/#breadcrumb\",\"itemListElement\":[{\"@type\":\"ListItem\",\"position\":1,\"name\":\"Home\",\"item\":\"https:\/\/www.manaus.am.gov.br\/semtepi\/\"},{\"@type\":\"ListItem\",\"position\":2,\"name\":\"Shows de m\u00fasica movimentam o fim de semana na Casa de Praia Zezinho Corr\u00eaa\"}]},{\"@type\":\"WebSite\",\"@id\":\"https:\/\/www.manaus.am.gov.br\/semtepi\/#website\",\"url\":\"https:\/\/www.manaus.am.gov.br\/semtepi\/\",\"name\":\"SEMTEPI\",\"description\":\"Prefeitura de Manaus\",\"publisher\":{\"@id\":\"https:\/\/www.manaus.am.gov.br\/semtepi\/#organization\"},\"alternateName\":\"Secretaria Municipal do Trabalho, Empreendedorismo e Inova\u00e7\u00e3o\",\"potentialAction\":[{\"@type\":\"SearchAction\",\"target\":{\"@type\":\"EntryPoint\",\"urlTemplate\":\"https:\/\/www.manaus.am.gov.br\/semtepi\/?s={search_term_string}\"},\"query-input\":\"required name=search_term_string\"}],\"inLanguage\":\"pt-BR\"},{\"@type\":\"Organization\",\"@id\":\"https:\/\/www.manaus.am.gov.br\/semtepi\/#organization\",\"name\":\"Prefeitura Municipal de Manaus\",\"alternateName\":\"Prefeitura de Manaus\",\"url\":\"https:\/\/www.manaus.am.gov.br\/semtepi\/\",\"logo\":{\"@type\":\"ImageObject\",\"inLanguage\":\"pt-BR\",\"@id\":\"https:\/\/www.manaus.am.gov.br\/semtepi\/#\/schema\/logo\/image\/\",\"url\":\"https:\/\/www.manaus.am.gov.br\/semtepi\/wp-content\/uploads\/sites\/20\/2024\/07\/favicon.png\",\"contentUrl\":\"https:\/\/www.manaus.am.gov.br\/semtepi\/wp-content\/uploads\/sites\/20\/2024\/07\/favicon.png\",\"width\":300,\"height\":300,\"caption\":\"Prefeitura Municipal de Manaus\"},\"image\":{\"@id\":\"https:\/\/www.manaus.am.gov.br\/semtepi\/#\/schema\/logo\/image\/\"}},{\"@type\":\"Person\",\"@id\":\"https:\/\/www.manaus.am.gov.br\/semtepi\/#\/schema\/person\/d0a166b5031154c33c77794ddc9a827e\",\"name\":\"Cl\u00e1udia Barbosa\",\"image\":{\"@type\":\"ImageObject\",\"inLanguage\":\"pt-BR\",\"@id\":\"https:\/\/www.manaus.am.gov.br\/semtepi\/#\/schema\/person\/image\/\",\"url\":\"https:\/\/secure.gravatar.com\/avatar\/42958a1cf007f1a00534009218c72590?s=96&d=mm&r=g\",\"contentUrl\":\"https:\/\/secure.gravatar.com\/avatar\/42958a1cf007f1a00534009218c72590?s=96&d=mm&r=g\",\"caption\":\"Cl\u00e1udia Barbosa\"}}]}<\/script>\n<!-- \/ Yoast SEO plugin. -->","yoast_head_json":{"title":"Shows de m\u00fasica movimentam o fim de semana na Casa de Praia Zezinho Corr\u00eaa - SEMTEPI","description":"A Casa de Praia Zezinho Corr\u00eaa, administrada pela Prefeitura de Manaus, por meio da Secretaria Municipal do Trabalho, Empreendedorismo e Inova\u00e7\u00e3o (Semtepi), ser\u00e1 palco de seis atra\u00e7\u00f5es musicais que v\u00e3o movimentar a tardezinha deste fim de semana.","robots":{"index":"noindex","follow":"follow"},"og_locale":"pt_BR","og_type":"article","og_title":"Shows de m\u00fasica movimentam o fim de semana na Casa de Praia Zezinho Corr\u00eaa - SEMTEPI","og_description":"A Casa de Praia Zezinho Corr\u00eaa, administrada pela Prefeitura de Manaus, por meio da Secretaria Municipal do Trabalho, Empreendedorismo e Inova\u00e7\u00e3o (Semtepi), ser\u00e1 palco de seis atra\u00e7\u00f5es musicais que v\u00e3o movimentar a tardezinha deste fim de semana.","og_url":"https:\/\/www.manaus.am.gov.br\/semtepi\/eventos\/shows-de-musica-movimentam-o-fim-de-semana-na-casa-de-praia-zezinho-correa\/","og_site_name":"SEMTEPI","article_published_time":"2023-08-04T17:05:35+00:00","article_modified_time":"2023-08-04T17:05:37+00:00","og_image":[{"width":1024,"height":683,"url":"https:\/\/www.manaus.am.gov.br\/semtepi\/wp-content\/uploads\/sites\/20\/2023\/08\/Shows-de-musica-movimentam-o-fim-de-semana-na-Casa-de-Praia-Zezinho-Correa-3-1024x683.jpg","type":"image\/jpeg"}],"author":"Cl\u00e1udia Barbosa","twitter_card":"summary_large_image","twitter_misc":{"Written by":"Cl\u00e1udia Barbosa","Est. reading time":"2 minutos"},"schema":{"@context":"https:\/\/schema.org","@graph":[{"@type":"Article","@id":"https:\/\/www.manaus.am.gov.br\/semtepi\/eventos\/shows-de-musica-movimentam-o-fim-de-semana-na-casa-de-praia-zezinho-correa\/#article","isPartOf":{"@id":"https:\/\/www.manaus.am.gov.br\/semtepi\/eventos\/shows-de-musica-movimentam-o-fim-de-semana-na-casa-de-praia-zezinho-correa\/"},"author":{"name":"Cl\u00e1udia Barbosa","@id":"https:\/\/www.manaus.am.gov.br\/semtepi\/#\/schema\/person\/d0a166b5031154c33c77794ddc9a827e"},"headline":"Shows de m\u00fasica movimentam o fim de semana na Casa de Praia Zezinho Corr\u00eaa","datePublished":"2023-08-04T17:05:35+00:00","dateModified":"2023-08-04T17:05:37+00:00","mainEntityOfPage":{"@id":"https:\/\/www.manaus.am.gov.br\/semtepi\/eventos\/shows-de-musica-movimentam-o-fim-de-semana-na-casa-de-praia-zezinho-correa\/"},"wordCount":299,"publisher":{"@id":"https:\/\/www.manaus.am.gov.br\/semtepi\/#organization"},"image":{"@id":"https:\/\/www.manaus.am.gov.br\/semtepi\/eventos\/shows-de-musica-movimentam-o-fim-de-semana-na-casa-de-praia-zezinho-correa\/#primaryimage"},"thumbnailUrl":"https:\/\/www.manaus.am.gov.br\/semtepi\/wp-content\/uploads\/sites\/20\/2023\/08\/Shows-de-musica-movimentam-o-fim-de-semana-na-Casa-de-Praia-Zezinho-Correa-3.jpg","keywords":["Casa de Praia Zezinho Corr\u00eaa","complexo turistico Ponta Negra","DJs","prefeitura de manaus","Radyr J\u00fanior","Semtepi","shows musicais"],"articleSection":["Eventos"],"inLanguage":"pt-BR"},{"@type":"WebPage","@id":"https:\/\/www.manaus.am.gov.br\/semtepi\/eventos\/shows-de-musica-movimentam-o-fim-de-semana-na-casa-de-praia-zezinho-correa\/","url":"https:\/\/www.manaus.am.gov.br\/semtepi\/eventos\/shows-de-musica-movimentam-o-fim-de-semana-na-casa-de-praia-zezinho-correa\/","name":"Shows de m\u00fasica movimentam o fim de semana na Casa de Praia Zezinho Corr\u00eaa - SEMTEPI","isPartOf":{"@id":"https:\/\/www.manaus.am.gov.br\/semtepi\/#website"},"primaryImageOfPage":{"@id":"https:\/\/www.manaus.am.gov.br\/semtepi\/eventos\/shows-de-musica-movimentam-o-fim-de-semana-na-casa-de-praia-zezinho-correa\/#primaryimage"},"image":{"@id":"https:\/\/www.manaus.am.gov.br\/semtepi\/eventos\/shows-de-musica-movimentam-o-fim-de-semana-na-casa-de-praia-zezinho-correa\/#primaryimage"},"thumbnailUrl":"https:\/\/www.manaus.am.gov.br\/semtepi\/wp-content\/uploads\/sites\/20\/2023\/08\/Shows-de-musica-movimentam-o-fim-de-semana-na-Casa-de-Praia-Zezinho-Correa-3.jpg","datePublished":"2023-08-04T17:05:35+00:00","dateModified":"2023-08-04T17:05:37+00:00","description":"A Casa de Praia Zezinho Corr\u00eaa, administrada pela Prefeitura de Manaus, por meio da Secretaria Municipal do Trabalho, Empreendedorismo e Inova\u00e7\u00e3o (Semtepi), ser\u00e1 palco de seis atra\u00e7\u00f5es musicais que v\u00e3o movimentar a tardezinha deste fim de semana.","breadcrumb":{"@id":"https:\/\/www.manaus.am.gov.br\/semtepi\/eventos\/shows-de-musica-movimentam-o-fim-de-semana-na-casa-de-praia-zezinho-correa\/#breadcrumb"},"inLanguage":"pt-BR","potentialAction":[{"@type":"ReadAction","target":["https:\/\/www.manaus.am.gov.br\/semtepi\/eventos\/shows-de-musica-movimentam-o-fim-de-semana-na-casa-de-praia-zezinho-correa\/"]}]},{"@type":"ImageObject","inLanguage":"pt-BR","@id":"https:\/\/www.manaus.am.gov.br\/semtepi\/eventos\/shows-de-musica-movimentam-o-fim-de-semana-na-casa-de-praia-zezinho-correa\/#primaryimage","url":"https:\/\/www.manaus.am.gov.br\/semtepi\/wp-content\/uploads\/sites\/20\/2023\/08\/Shows-de-musica-movimentam-o-fim-de-semana-na-Casa-de-Praia-Zezinho-Correa-3.jpg","contentUrl":"https:\/\/www.manaus.am.gov.br\/semtepi\/wp-content\/uploads\/sites\/20\/2023\/08\/Shows-de-musica-movimentam-o-fim-de-semana-na-Casa-de-Praia-Zezinho-Correa-3.jpg","width":6240,"height":4160},{"@type":"BreadcrumbList","@id":"https:\/\/www.manaus.am.gov.br\/semtepi\/eventos\/shows-de-musica-movimentam-o-fim-de-semana-na-casa-de-praia-zezinho-correa\/#breadcrumb","itemListElement":[{"@type":"ListItem","position":1,"name":"Home","item":"https:\/\/www.manaus.am.gov.br\/semtepi\/"},{"@type":"ListItem","position":2,"name":"Shows de m\u00fasica movimentam o fim de semana na Casa de Praia Zezinho Corr\u00eaa"}]},{"@type":"WebSite","@id":"https:\/\/www.manaus.am.gov.br\/semtepi\/#website","url":"https:\/\/www.manaus.am.gov.br\/semtepi\/","name":"SEMTEPI","description":"Prefeitura de Manaus","publisher":{"@id":"https:\/\/www.manaus.am.gov.br\/semtepi\/#organization"},"alternateName":"Secretaria Municipal do Trabalho, Empreendedorismo e Inova\u00e7\u00e3o","potentialAction":[{"@type":"SearchAction","target":{"@type":"EntryPoint","urlTemplate":"https:\/\/www.manaus.am.gov.br\/semtepi\/?s={search_term_string}"},"query-input":"required name=search_term_string"}],"inLanguage":"pt-BR"},{"@type":"Organization","@id":"https:\/\/www.manaus.am.gov.br\/semtepi\/#organization","name":"Prefeitura Municipal de Manaus","alternateName":"Prefeitura de Manaus","url":"https:\/\/www.manaus.am.gov.br\/semtepi\/","logo":{"@type":"ImageObject","inLanguage":"pt-BR","@id":"https:\/\/www.manaus.am.gov.br\/semtepi\/#\/schema\/logo\/image\/","url":"https:\/\/www.manaus.am.gov.br\/semtepi\/wp-content\/uploads\/sites\/20\/2024\/07\/favicon.png","contentUrl":"https:\/\/www.manaus.am.gov.br\/semtepi\/wp-content\/uploads\/sites\/20\/2024\/07\/favicon.png","width":300,"height":300,"caption":"Prefeitura Municipal de Manaus"},"image":{"@id":"https:\/\/www.manaus.am.gov.br\/semtepi\/#\/schema\/logo\/image\/"}},{"@type":"Person","@id":"https:\/\/www.manaus.am.gov.br\/semtepi\/#\/schema\/person\/d0a166b5031154c33c77794ddc9a827e","name":"Cl\u00e1udia Barbosa","image":{"@type":"ImageObject","inLanguage":"pt-BR","@id":"https:\/\/www.manaus.am.gov.br\/semtepi\/#\/schema\/person\/image\/","url":"https:\/\/secure.gravatar.com\/avatar\/42958a1cf007f1a00534009218c72590?s=96&d=mm&r=g","contentUrl":"https:\/\/secure.gravatar.com\/avatar\/42958a1cf007f1a00534009218c72590?s=96&d=mm&r=g","caption":"Cl\u00e1udia Barbosa"}}]}},"_links":{"self":[{"href":"https:\/\/www.manaus.am.gov.br\/semtepi\/wp-json\/wp\/v2\/posts\/2412"}],"collection":[{"href":"https:\/\/www.manaus.am.gov.br\/semtepi\/wp-json\/wp\/v2\/posts"}],"about":[{"href":"https:\/\/www.manaus.am.gov.br\/semtepi\/wp-json\/wp\/v2\/types\/post"}],"author":[{"embeddable":true,"href":"https:\/\/www.manaus.am.gov.br\/semtepi\/wp-json\/wp\/v2\/users\/24"}],"replies":[{"embeddable":true,"href":"https:\/\/www.manaus.am.gov.br\/semtepi\/wp-json\/wp\/v2\/comments?post=2412"}],"version-history":[{"count":0,"href":"https:\/\/www.manaus.am.gov.br\/semtepi\/wp-json\/wp\/v2\/posts\/2412\/revisions"}],"wp:featuredmedia":[{"embeddable":true,"href":"https:\/\/www.manaus.am.gov.br\/semtepi\/wp-json\/wp\/v2\/media\/2413"}],"wp:attachment":[{"href":"https:\/\/www.manaus.am.gov.br\/semtepi\/wp-json\/wp\/v2\/media?parent=2412"}],"wp:term":[{"taxonomy":"category","embeddable":true,"href":"https:\/\/www.manaus.am.gov.br\/semtepi\/wp-json\/wp\/v2\/categories?post=2412"},{"taxonomy":"post_tag","embeddable":true,"href":"https:\/\/www.manaus.am.gov.br\/semtepi\/wp-json\/wp\/v2\/tags?post=2412"}],"curies":[{"name":"wp","href":"https:\/\/api.w.org\/{rel}","templated":true}]}}