{"id":2410,"date":"2023-08-04T12:27:17","date_gmt":"2023-08-04T16:27:17","guid":{"rendered":"https:\/\/www.manaus.am.gov.br\/semtepi\/sem-categoria\/sine-manaus-realiza-atendimento-itinerante-nas-zonas-oeste-norte-e-leste\/"},"modified":"2023-08-04T12:27:18","modified_gmt":"2023-08-04T16:27:18","slug":"sine-manaus-realiza-atendimento-itinerante-nas-zonas-oeste-norte-e-leste","status":"publish","type":"post","link":"https:\/\/www.manaus.am.gov.br\/semtepi\/acao\/sine-manaus-realiza-atendimento-itinerante-nas-zonas-oeste-norte-e-leste\/","title":{"rendered":"<strong>Sine Manaus realiza atendimento itinerante nas zonas Oeste, Norte e Leste<\/strong>"},"content":{"rendered":"\n<p>A Prefeitura de Manaus, por meio da Secretaria Municipal do Trabalho, Empreendedorismo e Inova\u00e7\u00e3o (Semtepi), realiza, neste s\u00e1bado, 5\/8, a partir das 8h, o atendimento itinerante do Sine Manaus nas zonas Oeste, Norte e Leste da cidade.<\/p>\n\n\n\n<p>Durante a a\u00e7\u00e3o, a popula\u00e7\u00e3o vai ter acesso a vagas de emprego para pessoas com experi\u00eancia, primeiro emprego e para Pessoas com Defici\u00eancia (PcDs). Al\u00e9m disso, ser\u00e1 realizado o&nbsp;cadastro no sistema, orienta\u00e7\u00e3o para Carteira de Trabalho e Previd\u00eancia Social (CTPS Digital) e seguro-desemprego.<\/p>\n\n\n\n<p>\u201cDesde o in\u00edcio deste ano, n\u00f3s j\u00e1 realizamos 28 a\u00e7\u00f5es itinerantes nos bairros de Manaus. S\u00e3o mais de 2 mil pessoas atendidas, que antes n\u00e3o conseguiam acessar os servi\u00e7os do Sine Manaus, e agora podem contar com esse apoio da Prefeitura de Manaus\u201d, afirmou o diretor do Sine Manaus, F\u00e1bio Ara\u00fajo.<\/p>\n\n\n\n<p>Ao todo ser\u00e3o tr\u00eas a\u00e7\u00f5es: na Igreja Assembleia de Deus, localizada na rua Anavilhanas, n\u00ba 963, conjunto Cidad\u00e3o 10, bairro Tarum\u00e3, zona Oeste; Igreja Assembleia de Deus, na rua San Miguel de Tucuman, bairro Novo Israel, zona Norte; e na escola municipal Arist\u00f3teles Comte, situada na rua Rio Envira, n\u00ba 17, bairro Armando Mendes, zona Leste.<\/p>\n\n\n\n<p>&#8212; &#8212; &#8212;&nbsp;<\/p>\n\n\n\n<p><strong>Texto \u2013<\/strong>&nbsp;Divulga\u00e7\u00e3o \/ Semtepi<\/p>\n\n\n\n<p><strong>Fotos \u2013<\/strong>&nbsp;Divulga\u00e7\u00e3o \/ Semtepi<\/p>\n","protected":false},"excerpt":{"rendered":"","protected":false},"author":24,"featured_media":2411,"comment_status":"closed","ping_status":"closed","sticky":false,"template":"","format":"standard","meta":{"footnotes":""},"categories":[447],"tags":[378,448,449,450,33,8,451,9,10,65],"acf":[],"yoast_head":"<!-- This site is optimized with the Yoast SEO plugin v23.0 - https:\/\/yoast.com\/wordpress\/plugins\/seo\/ -->\n<title>Sine Manaus realiza atendimento itinerante nas zonas Oeste, Norte e Leste - SEMTEPI<\/title>\n<meta name=\"description\" content=\"A Prefeitura de Manaus, por meio da Secretaria Municipal do Trabalho, Empreendedorismo e Inova\u00e7\u00e3o (Semtepi), realiza, neste s\u00e1bado, 5\/8, a partir das 8h, o atendimento itinerante do Sine Manaus nas zonas Oeste, Norte e Leste da cidade.\" \/>\n<meta name=\"robots\" content=\"noindex, follow\" \/>\n<meta property=\"og:locale\" content=\"pt_BR\" \/>\n<meta property=\"og:type\" content=\"article\" \/>\n<meta property=\"og:title\" content=\"Sine Manaus realiza atendimento itinerante nas zonas Oeste, Norte e Leste - SEMTEPI\" \/>\n<meta property=\"og:description\" content=\"A Prefeitura de Manaus, por meio da Secretaria Municipal do Trabalho, Empreendedorismo e Inova\u00e7\u00e3o (Semtepi), realiza, neste s\u00e1bado, 5\/8, a partir das 8h, o atendimento itinerante do Sine Manaus nas zonas Oeste, Norte e Leste da cidade.\" \/>\n<meta property=\"og:url\" content=\"https:\/\/www.manaus.am.gov.br\/semtepi\/acao\/sine-manaus-realiza-atendimento-itinerante-nas-zonas-oeste-norte-e-leste\/\" \/>\n<meta property=\"og:site_name\" content=\"SEMTEPI\" \/>\n<meta property=\"article:published_time\" content=\"2023-08-04T16:27:17+00:00\" \/>\n<meta property=\"article:modified_time\" content=\"2023-08-04T16:27:18+00:00\" \/>\n<meta property=\"og:image\" content=\"https:\/\/www.manaus.am.gov.br\/semtepi\/wp-content\/uploads\/sites\/20\/2023\/08\/Sine-Manaus-realiza-atendimento-itinerante-nas-zonas-Oeste-Norte-e-Leste-2.jpeg\" \/>\n\t<meta property=\"og:image:width\" content=\"1600\" \/>\n\t<meta property=\"og:image:height\" content=\"1066\" \/>\n\t<meta property=\"og:image:type\" content=\"image\/jpeg\" \/>\n<meta name=\"author\" content=\"Cl\u00e1udia Barbosa\" \/>\n<meta name=\"twitter:card\" content=\"summary_large_image\" \/>\n<meta name=\"twitter:label1\" content=\"Written by\" \/>\n\t<meta name=\"twitter:data1\" content=\"Cl\u00e1udia Barbosa\" \/>\n\t<meta name=\"twitter:label2\" content=\"Est. reading time\" \/>\n\t<meta name=\"twitter:data2\" content=\"2 minutos\" \/>\n<script type=\"application\/ld+json\" class=\"yoast-schema-graph\">{\"@context\":\"https:\/\/schema.org\",\"@graph\":[{\"@type\":\"Article\",\"@id\":\"https:\/\/www.manaus.am.gov.br\/semtepi\/acao\/sine-manaus-realiza-atendimento-itinerante-nas-zonas-oeste-norte-e-leste\/#article\",\"isPartOf\":{\"@id\":\"https:\/\/www.manaus.am.gov.br\/semtepi\/acao\/sine-manaus-realiza-atendimento-itinerante-nas-zonas-oeste-norte-e-leste\/\"},\"author\":{\"name\":\"Cl\u00e1udia Barbosa\",\"@id\":\"https:\/\/www.manaus.am.gov.br\/semtepi\/#\/schema\/person\/d0a166b5031154c33c77794ddc9a827e\"},\"headline\":\"Sine Manaus realiza atendimento itinerante nas zonas Oeste, Norte e Leste\",\"datePublished\":\"2023-08-04T16:27:17+00:00\",\"dateModified\":\"2023-08-04T16:27:18+00:00\",\"mainEntityOfPage\":{\"@id\":\"https:\/\/www.manaus.am.gov.br\/semtepi\/acao\/sine-manaus-realiza-atendimento-itinerante-nas-zonas-oeste-norte-e-leste\/\"},\"wordCount\":230,\"publisher\":{\"@id\":\"https:\/\/www.manaus.am.gov.br\/semtepi\/#organization\"},\"image\":{\"@id\":\"https:\/\/www.manaus.am.gov.br\/semtepi\/acao\/sine-manaus-realiza-atendimento-itinerante-nas-zonas-oeste-norte-e-leste\/#primaryimage\"},\"thumbnailUrl\":\"https:\/\/www.manaus.am.gov.br\/semtepi\/wp-content\/uploads\/sites\/20\/2023\/08\/Sine-Manaus-realiza-atendimento-itinerante-nas-zonas-Oeste-Norte-e-Leste-2.jpeg\",\"keywords\":[\"atendimento itinerante\",\"cadastro\",\"Carteira de Trabalho e Previd\u00eancia Social\",\"CTPS Digital\",\"F\u00e1bio Ara\u00fajo\",\"prefeitura de manaus\",\"Seguro-desemprego\",\"Semtepi\",\"sine manaus\",\"vagas de emprego\"],\"articleSection\":[\"A\u00e7\u00e3o\"],\"inLanguage\":\"pt-BR\"},{\"@type\":\"WebPage\",\"@id\":\"https:\/\/www.manaus.am.gov.br\/semtepi\/acao\/sine-manaus-realiza-atendimento-itinerante-nas-zonas-oeste-norte-e-leste\/\",\"url\":\"https:\/\/www.manaus.am.gov.br\/semtepi\/acao\/sine-manaus-realiza-atendimento-itinerante-nas-zonas-oeste-norte-e-leste\/\",\"name\":\"Sine Manaus realiza atendimento itinerante nas zonas Oeste, Norte e Leste - SEMTEPI\",\"isPartOf\":{\"@id\":\"https:\/\/www.manaus.am.gov.br\/semtepi\/#website\"},\"primaryImageOfPage\":{\"@id\":\"https:\/\/www.manaus.am.gov.br\/semtepi\/acao\/sine-manaus-realiza-atendimento-itinerante-nas-zonas-oeste-norte-e-leste\/#primaryimage\"},\"image\":{\"@id\":\"https:\/\/www.manaus.am.gov.br\/semtepi\/acao\/sine-manaus-realiza-atendimento-itinerante-nas-zonas-oeste-norte-e-leste\/#primaryimage\"},\"thumbnailUrl\":\"https:\/\/www.manaus.am.gov.br\/semtepi\/wp-content\/uploads\/sites\/20\/2023\/08\/Sine-Manaus-realiza-atendimento-itinerante-nas-zonas-Oeste-Norte-e-Leste-2.jpeg\",\"datePublished\":\"2023-08-04T16:27:17+00:00\",\"dateModified\":\"2023-08-04T16:27:18+00:00\",\"description\":\"A Prefeitura de Manaus, por meio da Secretaria Municipal do Trabalho, Empreendedorismo e Inova\u00e7\u00e3o (Semtepi), realiza, neste s\u00e1bado, 5\/8, a partir das 8h, o atendimento itinerante do Sine Manaus nas zonas Oeste, Norte e Leste da cidade.\",\"breadcrumb\":{\"@id\":\"https:\/\/www.manaus.am.gov.br\/semtepi\/acao\/sine-manaus-realiza-atendimento-itinerante-nas-zonas-oeste-norte-e-leste\/#breadcrumb\"},\"inLanguage\":\"pt-BR\",\"potentialAction\":[{\"@type\":\"ReadAction\",\"target\":[\"https:\/\/www.manaus.am.gov.br\/semtepi\/acao\/sine-manaus-realiza-atendimento-itinerante-nas-zonas-oeste-norte-e-leste\/\"]}]},{\"@type\":\"ImageObject\",\"inLanguage\":\"pt-BR\",\"@id\":\"https:\/\/www.manaus.am.gov.br\/semtepi\/acao\/sine-manaus-realiza-atendimento-itinerante-nas-zonas-oeste-norte-e-leste\/#primaryimage\",\"url\":\"https:\/\/www.manaus.am.gov.br\/semtepi\/wp-content\/uploads\/sites\/20\/2023\/08\/Sine-Manaus-realiza-atendimento-itinerante-nas-zonas-Oeste-Norte-e-Leste-2.jpeg\",\"contentUrl\":\"https:\/\/www.manaus.am.gov.br\/semtepi\/wp-content\/uploads\/sites\/20\/2023\/08\/Sine-Manaus-realiza-atendimento-itinerante-nas-zonas-Oeste-Norte-e-Leste-2.jpeg\",\"width\":1600,\"height\":1066},{\"@type\":\"BreadcrumbList\",\"@id\":\"https:\/\/www.manaus.am.gov.br\/semtepi\/acao\/sine-manaus-realiza-atendimento-itinerante-nas-zonas-oeste-norte-e-leste\/#breadcrumb\",\"itemListElement\":[{\"@type\":\"ListItem\",\"position\":1,\"name\":\"Home\",\"item\":\"https:\/\/www.manaus.am.gov.br\/semtepi\/\"},{\"@type\":\"ListItem\",\"position\":2,\"name\":\"Sine Manaus realiza atendimento itinerante nas zonas Oeste, Norte e Leste\"}]},{\"@type\":\"WebSite\",\"@id\":\"https:\/\/www.manaus.am.gov.br\/semtepi\/#website\",\"url\":\"https:\/\/www.manaus.am.gov.br\/semtepi\/\",\"name\":\"SEMTEPI\",\"description\":\"Prefeitura de Manaus\",\"publisher\":{\"@id\":\"https:\/\/www.manaus.am.gov.br\/semtepi\/#organization\"},\"alternateName\":\"Secretaria Municipal do Trabalho, Empreendedorismo e Inova\u00e7\u00e3o\",\"potentialAction\":[{\"@type\":\"SearchAction\",\"target\":{\"@type\":\"EntryPoint\",\"urlTemplate\":\"https:\/\/www.manaus.am.gov.br\/semtepi\/?s={search_term_string}\"},\"query-input\":\"required name=search_term_string\"}],\"inLanguage\":\"pt-BR\"},{\"@type\":\"Organization\",\"@id\":\"https:\/\/www.manaus.am.gov.br\/semtepi\/#organization\",\"name\":\"Prefeitura Municipal de Manaus\",\"alternateName\":\"Prefeitura de Manaus\",\"url\":\"https:\/\/www.manaus.am.gov.br\/semtepi\/\",\"logo\":{\"@type\":\"ImageObject\",\"inLanguage\":\"pt-BR\",\"@id\":\"https:\/\/www.manaus.am.gov.br\/semtepi\/#\/schema\/logo\/image\/\",\"url\":\"https:\/\/www.manaus.am.gov.br\/semtepi\/wp-content\/uploads\/sites\/20\/2024\/07\/favicon.png\",\"contentUrl\":\"https:\/\/www.manaus.am.gov.br\/semtepi\/wp-content\/uploads\/sites\/20\/2024\/07\/favicon.png\",\"width\":300,\"height\":300,\"caption\":\"Prefeitura Municipal de Manaus\"},\"image\":{\"@id\":\"https:\/\/www.manaus.am.gov.br\/semtepi\/#\/schema\/logo\/image\/\"}},{\"@type\":\"Person\",\"@id\":\"https:\/\/www.manaus.am.gov.br\/semtepi\/#\/schema\/person\/d0a166b5031154c33c77794ddc9a827e\",\"name\":\"Cl\u00e1udia Barbosa\",\"image\":{\"@type\":\"ImageObject\",\"inLanguage\":\"pt-BR\",\"@id\":\"https:\/\/www.manaus.am.gov.br\/semtepi\/#\/schema\/person\/image\/\",\"url\":\"https:\/\/secure.gravatar.com\/avatar\/42958a1cf007f1a00534009218c72590?s=96&d=mm&r=g\",\"contentUrl\":\"https:\/\/secure.gravatar.com\/avatar\/42958a1cf007f1a00534009218c72590?s=96&d=mm&r=g\",\"caption\":\"Cl\u00e1udia Barbosa\"}}]}<\/script>\n<!-- \/ Yoast SEO plugin. -->","yoast_head_json":{"title":"Sine Manaus realiza atendimento itinerante nas zonas Oeste, Norte e Leste - SEMTEPI","description":"A Prefeitura de Manaus, por meio da Secretaria Municipal do Trabalho, Empreendedorismo e Inova\u00e7\u00e3o (Semtepi), realiza, neste s\u00e1bado, 5\/8, a partir das 8h, o atendimento itinerante do Sine Manaus nas zonas Oeste, Norte e Leste da cidade.","robots":{"index":"noindex","follow":"follow"},"og_locale":"pt_BR","og_type":"article","og_title":"Sine Manaus realiza atendimento itinerante nas zonas Oeste, Norte e Leste - SEMTEPI","og_description":"A Prefeitura de Manaus, por meio da Secretaria Municipal do Trabalho, Empreendedorismo e Inova\u00e7\u00e3o (Semtepi), realiza, neste s\u00e1bado, 5\/8, a partir das 8h, o atendimento itinerante do Sine Manaus nas zonas Oeste, Norte e Leste da cidade.","og_url":"https:\/\/www.manaus.am.gov.br\/semtepi\/acao\/sine-manaus-realiza-atendimento-itinerante-nas-zonas-oeste-norte-e-leste\/","og_site_name":"SEMTEPI","article_published_time":"2023-08-04T16:27:17+00:00","article_modified_time":"2023-08-04T16:27:18+00:00","og_image":[{"width":1600,"height":1066,"url":"https:\/\/www.manaus.am.gov.br\/semtepi\/wp-content\/uploads\/sites\/20\/2023\/08\/Sine-Manaus-realiza-atendimento-itinerante-nas-zonas-Oeste-Norte-e-Leste-2.jpeg","type":"image\/jpeg"}],"author":"Cl\u00e1udia Barbosa","twitter_card":"summary_large_image","twitter_misc":{"Written by":"Cl\u00e1udia Barbosa","Est. reading time":"2 minutos"},"schema":{"@context":"https:\/\/schema.org","@graph":[{"@type":"Article","@id":"https:\/\/www.manaus.am.gov.br\/semtepi\/acao\/sine-manaus-realiza-atendimento-itinerante-nas-zonas-oeste-norte-e-leste\/#article","isPartOf":{"@id":"https:\/\/www.manaus.am.gov.br\/semtepi\/acao\/sine-manaus-realiza-atendimento-itinerante-nas-zonas-oeste-norte-e-leste\/"},"author":{"name":"Cl\u00e1udia Barbosa","@id":"https:\/\/www.manaus.am.gov.br\/semtepi\/#\/schema\/person\/d0a166b5031154c33c77794ddc9a827e"},"headline":"Sine Manaus realiza atendimento itinerante nas zonas Oeste, Norte e Leste","datePublished":"2023-08-04T16:27:17+00:00","dateModified":"2023-08-04T16:27:18+00:00","mainEntityOfPage":{"@id":"https:\/\/www.manaus.am.gov.br\/semtepi\/acao\/sine-manaus-realiza-atendimento-itinerante-nas-zonas-oeste-norte-e-leste\/"},"wordCount":230,"publisher":{"@id":"https:\/\/www.manaus.am.gov.br\/semtepi\/#organization"},"image":{"@id":"https:\/\/www.manaus.am.gov.br\/semtepi\/acao\/sine-manaus-realiza-atendimento-itinerante-nas-zonas-oeste-norte-e-leste\/#primaryimage"},"thumbnailUrl":"https:\/\/www.manaus.am.gov.br\/semtepi\/wp-content\/uploads\/sites\/20\/2023\/08\/Sine-Manaus-realiza-atendimento-itinerante-nas-zonas-Oeste-Norte-e-Leste-2.jpeg","keywords":["atendimento itinerante","cadastro","Carteira de Trabalho e Previd\u00eancia Social","CTPS Digital","F\u00e1bio Ara\u00fajo","prefeitura de manaus","Seguro-desemprego","Semtepi","sine manaus","vagas de emprego"],"articleSection":["A\u00e7\u00e3o"],"inLanguage":"pt-BR"},{"@type":"WebPage","@id":"https:\/\/www.manaus.am.gov.br\/semtepi\/acao\/sine-manaus-realiza-atendimento-itinerante-nas-zonas-oeste-norte-e-leste\/","url":"https:\/\/www.manaus.am.gov.br\/semtepi\/acao\/sine-manaus-realiza-atendimento-itinerante-nas-zonas-oeste-norte-e-leste\/","name":"Sine Manaus realiza atendimento itinerante nas zonas Oeste, Norte e Leste - SEMTEPI","isPartOf":{"@id":"https:\/\/www.manaus.am.gov.br\/semtepi\/#website"},"primaryImageOfPage":{"@id":"https:\/\/www.manaus.am.gov.br\/semtepi\/acao\/sine-manaus-realiza-atendimento-itinerante-nas-zonas-oeste-norte-e-leste\/#primaryimage"},"image":{"@id":"https:\/\/www.manaus.am.gov.br\/semtepi\/acao\/sine-manaus-realiza-atendimento-itinerante-nas-zonas-oeste-norte-e-leste\/#primaryimage"},"thumbnailUrl":"https:\/\/www.manaus.am.gov.br\/semtepi\/wp-content\/uploads\/sites\/20\/2023\/08\/Sine-Manaus-realiza-atendimento-itinerante-nas-zonas-Oeste-Norte-e-Leste-2.jpeg","datePublished":"2023-08-04T16:27:17+00:00","dateModified":"2023-08-04T16:27:18+00:00","description":"A Prefeitura de Manaus, por meio da Secretaria Municipal do Trabalho, Empreendedorismo e Inova\u00e7\u00e3o (Semtepi), realiza, neste s\u00e1bado, 5\/8, a partir das 8h, o atendimento itinerante do Sine Manaus nas zonas Oeste, Norte e Leste da cidade.","breadcrumb":{"@id":"https:\/\/www.manaus.am.gov.br\/semtepi\/acao\/sine-manaus-realiza-atendimento-itinerante-nas-zonas-oeste-norte-e-leste\/#breadcrumb"},"inLanguage":"pt-BR","potentialAction":[{"@type":"ReadAction","target":["https:\/\/www.manaus.am.gov.br\/semtepi\/acao\/sine-manaus-realiza-atendimento-itinerante-nas-zonas-oeste-norte-e-leste\/"]}]},{"@type":"ImageObject","inLanguage":"pt-BR","@id":"https:\/\/www.manaus.am.gov.br\/semtepi\/acao\/sine-manaus-realiza-atendimento-itinerante-nas-zonas-oeste-norte-e-leste\/#primaryimage","url":"https:\/\/www.manaus.am.gov.br\/semtepi\/wp-content\/uploads\/sites\/20\/2023\/08\/Sine-Manaus-realiza-atendimento-itinerante-nas-zonas-Oeste-Norte-e-Leste-2.jpeg","contentUrl":"https:\/\/www.manaus.am.gov.br\/semtepi\/wp-content\/uploads\/sites\/20\/2023\/08\/Sine-Manaus-realiza-atendimento-itinerante-nas-zonas-Oeste-Norte-e-Leste-2.jpeg","width":1600,"height":1066},{"@type":"BreadcrumbList","@id":"https:\/\/www.manaus.am.gov.br\/semtepi\/acao\/sine-manaus-realiza-atendimento-itinerante-nas-zonas-oeste-norte-e-leste\/#breadcrumb","itemListElement":[{"@type":"ListItem","position":1,"name":"Home","item":"https:\/\/www.manaus.am.gov.br\/semtepi\/"},{"@type":"ListItem","position":2,"name":"Sine Manaus realiza atendimento itinerante nas zonas Oeste, Norte e Leste"}]},{"@type":"WebSite","@id":"https:\/\/www.manaus.am.gov.br\/semtepi\/#website","url":"https:\/\/www.manaus.am.gov.br\/semtepi\/","name":"SEMTEPI","description":"Prefeitura de Manaus","publisher":{"@id":"https:\/\/www.manaus.am.gov.br\/semtepi\/#organization"},"alternateName":"Secretaria Municipal do Trabalho, Empreendedorismo e Inova\u00e7\u00e3o","potentialAction":[{"@type":"SearchAction","target":{"@type":"EntryPoint","urlTemplate":"https:\/\/www.manaus.am.gov.br\/semtepi\/?s={search_term_string}"},"query-input":"required name=search_term_string"}],"inLanguage":"pt-BR"},{"@type":"Organization","@id":"https:\/\/www.manaus.am.gov.br\/semtepi\/#organization","name":"Prefeitura Municipal de Manaus","alternateName":"Prefeitura de Manaus","url":"https:\/\/www.manaus.am.gov.br\/semtepi\/","logo":{"@type":"ImageObject","inLanguage":"pt-BR","@id":"https:\/\/www.manaus.am.gov.br\/semtepi\/#\/schema\/logo\/image\/","url":"https:\/\/www.manaus.am.gov.br\/semtepi\/wp-content\/uploads\/sites\/20\/2024\/07\/favicon.png","contentUrl":"https:\/\/www.manaus.am.gov.br\/semtepi\/wp-content\/uploads\/sites\/20\/2024\/07\/favicon.png","width":300,"height":300,"caption":"Prefeitura Municipal de Manaus"},"image":{"@id":"https:\/\/www.manaus.am.gov.br\/semtepi\/#\/schema\/logo\/image\/"}},{"@type":"Person","@id":"https:\/\/www.manaus.am.gov.br\/semtepi\/#\/schema\/person\/d0a166b5031154c33c77794ddc9a827e","name":"Cl\u00e1udia Barbosa","image":{"@type":"ImageObject","inLanguage":"pt-BR","@id":"https:\/\/www.manaus.am.gov.br\/semtepi\/#\/schema\/person\/image\/","url":"https:\/\/secure.gravatar.com\/avatar\/42958a1cf007f1a00534009218c72590?s=96&d=mm&r=g","contentUrl":"https:\/\/secure.gravatar.com\/avatar\/42958a1cf007f1a00534009218c72590?s=96&d=mm&r=g","caption":"Cl\u00e1udia Barbosa"}}]}},"_links":{"self":[{"href":"https:\/\/www.manaus.am.gov.br\/semtepi\/wp-json\/wp\/v2\/posts\/2410"}],"collection":[{"href":"https:\/\/www.manaus.am.gov.br\/semtepi\/wp-json\/wp\/v2\/posts"}],"about":[{"href":"https:\/\/www.manaus.am.gov.br\/semtepi\/wp-json\/wp\/v2\/types\/post"}],"author":[{"embeddable":true,"href":"https:\/\/www.manaus.am.gov.br\/semtepi\/wp-json\/wp\/v2\/users\/24"}],"replies":[{"embeddable":true,"href":"https:\/\/www.manaus.am.gov.br\/semtepi\/wp-json\/wp\/v2\/comments?post=2410"}],"version-history":[{"count":0,"href":"https:\/\/www.manaus.am.gov.br\/semtepi\/wp-json\/wp\/v2\/posts\/2410\/revisions"}],"wp:featuredmedia":[{"embeddable":true,"href":"https:\/\/www.manaus.am.gov.br\/semtepi\/wp-json\/wp\/v2\/media\/2411"}],"wp:attachment":[{"href":"https:\/\/www.manaus.am.gov.br\/semtepi\/wp-json\/wp\/v2\/media?parent=2410"}],"wp:term":[{"taxonomy":"category","embeddable":true,"href":"https:\/\/www.manaus.am.gov.br\/semtepi\/wp-json\/wp\/v2\/categories?post=2410"},{"taxonomy":"post_tag","embeddable":true,"href":"https:\/\/www.manaus.am.gov.br\/semtepi\/wp-json\/wp\/v2\/tags?post=2410"}],"curies":[{"name":"wp","href":"https:\/\/api.w.org\/{rel}","templated":true}]}}