{"id":2407,"date":"2023-08-03T15:37:32","date_gmt":"2023-08-03T19:37:32","guid":{"rendered":"https:\/\/www.manaus.am.gov.br\/semtepi\/sem-categoria\/sine-manaus-oferta-459-vagas-de-emprego-nesta-sexta-feira-4-8\/"},"modified":"2023-08-03T16:03:41","modified_gmt":"2023-08-03T20:03:41","slug":"sine-manaus-oferta-453-vagas-de-emprego-nesta-sexta-feira-4-8","status":"publish","type":"post","link":"https:\/\/www.manaus.am.gov.br\/semtepi\/oportunidade\/sine-manaus-oferta-453-vagas-de-emprego-nesta-sexta-feira-4-8\/","title":{"rendered":"<strong>Sine Manaus oferta 453 vagas de emprego nesta sexta-feira, 4\/8<\/strong>"},"content":{"rendered":"\n<p>A Prefeitura de Manaus, por meio do Sine Manaus, oferta 453&nbsp;vagas de emprego em v\u00e1rias \u00e1reas de atua\u00e7\u00e3o, nesta sexta-feira, 4\/8,&nbsp;de 8h \u00e0s 16h. O candidato precisa validar a Carteira Digital e Previd\u00eancia Social (CTPS) no aplicativo \u201cCarteira de Trabalho Digital\u201d ou acessar o site&nbsp;<a href=\"http:\/\/gov.br\/trabalho\" target=\"_blank\" rel=\"noreferrer noopener\">http:\/\/gov.br\/trabalho<\/a>&nbsp;e para concorrer \u00e0s vagas, deve acessar o site&nbsp;<a href=\"http:\/\/empregabrasil.mte.gov.br\/\" target=\"_blank\" rel=\"noreferrer noopener\">http:\/\/empregabrasil.mte.gov.br<\/a>&nbsp;para fazer a solicita\u00e7\u00e3o de cadastro.<\/p>\n\n\n\n<p>Para participar da pr\u00e9-sele\u00e7\u00e3o e concorrer a uma das vagas dispon\u00edveis, ou receber orienta\u00e7\u00e3o de cadastro, Carteira de Trabalho Digital e seguro-desemprego, os candidatos devem comparecer a um dos postos do Sine Manaus: na&nbsp;<a href=\"https:\/\/www.google.com\/maps\/search\/avenida+Constantino+Nery,+n%C2%BA+1.272,+bairro+S%C3%A3o+Geraldo?entry=gmail&amp;source=g\">avenida Constantino Nery, n\u00ba 1.272, bairro S\u00e3o Geraldo<\/a>, zona Centro-Sul; ou no shopping Phelippe Daou, na&nbsp;<a href=\"https:\/\/www.google.com\/maps\/search\/avenida+Camapu%C3%A3,+n%C2%BA+2.939?entry=gmail&amp;source=g\">avenida Camapu\u00e3, n\u00ba 2.939<\/a>, bairro Cidade de Deus, zona Norte.<\/p>\n\n\n\n<p>A Semtepi informa que o atendimento no posto do shopping Phelippe Daou foi reduzido em virtude de reforma no espa\u00e7o, e orienta os cidad\u00e3os a comparecerem, preferencialmente, ao posto da avenida Constantino Nery.<\/p>\n\n\n\n<p>Os interessados devem estar munidos do comprovante de vacina\u00e7\u00e3o (Covid-19), curr\u00edculo e documentos pessoais (RG, CPF, PIS, CTPS, comprovante de escolaridade e resid\u00eancia). N\u00e3o \u00e9 necess\u00e1rio apresentar c\u00f3pias, somente os documentos originais.<\/p>\n\n\n\n<p><strong>Vagas Novas \u2013 45<\/strong><\/p>\n\n\n\n<p><strong>1 vaga \u2013 Encarregado de Manuten\u00e7\u00e3o<\/strong><\/p>\n\n\n\n<p>Escolaridade \u2013 ensino superior completo em engenharia el\u00e9trica;<\/p>\n\n\n\n<p>Experi\u00eancia \u2013 registrada na carteira de trabalho;<\/p>\n\n\n\n<p>Atividades \u2013 programar e supervisionar os servi\u00e7os de instala\u00e7\u00e3o, paradas de m\u00e1quinas para manuten\u00e7\u00e3o preventiva e corretiva, visando minimizar o tempo n\u00e3o produtivo dos equipamentos; elaborar os projetos de desenvolvimento de dispositivos para m\u00e1quinas e equipamentos;<\/p>\n\n\n\n<p>Dispon\u00edvel at\u00e9 4\/8\/2023 ou encerramento da vaga.<\/p>\n\n\n\n<p><strong>1 vaga \u2013 Serralheiro Industrial<\/strong><\/p>\n\n\n\n<p>Escolaridade \u2013 ensino m\u00e9dio completo;<\/p>\n\n\n\n<p>Experi\u00eancia \u2013 seis meses na Carteira de Trabalho;<\/p>\n\n\n\n<p>Atividades \u2013 confeccionar, reparar e instalar pe\u00e7as e elementos diversos em chapas de metal como a\u00e7o, ferro galvanizado, cobre, estanho, lat\u00e3o, alum\u00ednio e zinco, entre outras atividades;<\/p>\n\n\n\n<p>Dispon\u00edvel at\u00e9 4\/8\/2023 ou encerramento da vaga.<\/p>\n\n\n\n<p><strong>5 vagas \u2013 Auxiliar de Dep\u00f3sito<\/strong><\/p>\n\n\n\n<p>Escolaridade \u2013 ensino m\u00e9dio completo;<\/p>\n\n\n\n<p>Experi\u00eancia \u2013 primeiro emprego;<\/p>\n\n\n\n<p>Atividades \u2013 respons\u00e1vel por realizar a confer\u00eancia, o empacotamento e a entrega das mercadorias, organizando o estoque;<\/p>\n\n\n\n<p>Dispon\u00edvel at\u00e9 4\/8\/2023 ou encerramento da vaga.<\/p>\n\n\n\n<p><strong>1 vaga \u2013 T\u00e9cnico de Seguran\u00e7a do Trabalho<\/strong><\/p>\n\n\n\n<p>Escolaridade \u2013 ensino t\u00e9cnico em seguran\u00e7a do trabalho completo;<\/p>\n\n\n\n<p>Experi\u00eancia \u2013 registrada na carteira de trabalho;<\/p>\n\n\n\n<p>Requisitos obrigat\u00f3rios \u2013 ter experi\u00eancia como Bombeiro Civil;<\/p>\n\n\n\n<p>Atividades \u2013 participar da elabora\u00e7\u00e3o e implementar pol\u00edtica de sa\u00fade e seguran\u00e7a do trabalho; realizar diagn\u00f3stico da situa\u00e7\u00e3o de SST da institui\u00e7\u00e3o; identificar vari\u00e1veis de controle de doen\u00e7as, acidentes, qualidade de vida e meio ambiente;<\/p>\n\n\n\n<p>Dispon\u00edvel at\u00e9 4\/8\/2023 ou encerramento da vaga.<\/p>\n\n\n\n<p><strong>1 vaga \u2013 Auxiliar de Servi\u00e7os Gerais<\/strong><\/p>\n\n\n\n<p>Escolaridade \u2013 ensino m\u00e9dio completo;<\/p>\n\n\n\n<p>Experi\u00eancia \u2013 registrada na carteira de trabalho;<\/p>\n\n\n\n<p>Requisitos obrigat\u00f3rios \u2013 ter disponibilidade para trabalhar no final de semana e feriado; morar pr\u00f3ximo ao bairro S\u00e3o Jorge;<\/p>\n\n\n\n<p>Atividades \u2013 executar trabalhos de limpeza em geral em edif\u00edcios e outros locais, para manuten\u00e7\u00e3o das condi\u00e7\u00f5es de higiene e conserva\u00e7\u00e3o do ambiente, coletando o lixo, entre outras atividades correlatas;<\/p>\n\n\n\n<p>Dispon\u00edvel at\u00e9 4\/8\/2023 ou encerramento da vaga.<\/p>\n\n\n\n<p><strong>2 vagas \u2013 Vendedor Interno<\/strong><\/p>\n\n\n\n<p>Escolaridade \u2013 ensino m\u00e9dio completo;<\/p>\n\n\n\n<p>Experi\u00eancia \u2013 seis meses na Carteira de Trabalho;<\/p>\n\n\n\n<p>Atividades \u2013 atendimento ao cliente online e presencial; prospectar novos clientes e rotinas administrativas em geral;<\/p>\n\n\n\n<p>Dispon\u00edvel at\u00e9 4\/8\/2023 ou encerramento da vaga.<\/p>\n\n\n\n<p><strong>2 vagas \u2013 Vendedor Porta a Porta<\/strong><\/p>\n\n\n\n<p>Escolaridade \u2013 ensino m\u00e9dio completo;<\/p>\n\n\n\n<p>Experi\u00eancia \u2013 seis meses na Carteira de Trabalho;<\/p>\n\n\n\n<p>Requisitos obrigat\u00f3rios \u2013 ter experi\u00eancia em telemarketing;<\/p>\n\n\n\n<p>Atividades \u2013 realizar atendimento a clientes; negociar pre\u00e7o, prazo, condi\u00e7\u00f5es de pagamento e descontos da venda; orientar quanto \u00e0s especifica\u00e7\u00f5es dos produtos e\/ou servi\u00e7os; controlar os pedidos dos clientes, qualidade dos produtos e prazo de entrega estabelecido;<\/p>\n\n\n\n<p>Dispon\u00edvel at\u00e9 4\/8\/2023 ou encerramento da vaga.<\/p>\n\n\n\n<p><strong>1 vaga \u2013 Vendedor Interno<\/strong><\/p>\n\n\n\n<p>Escolaridade \u2013 ensino m\u00e9dio completo;<\/p>\n\n\n\n<p>Experi\u00eancia \u2013 seis meses na Carteira de Trabalho;<\/p>\n\n\n\n<p>Requisitos obrigat\u00f3rios \u2013 ter experi\u00eancia em telemarketing;<\/p>\n\n\n\n<p>Atividades \u2013 respons\u00e1vel pelas vendas, pela negocia\u00e7\u00e3o do pre\u00e7o do produto ou servi\u00e7o vendido, negocia\u00e7\u00e3o do prazo, das condi\u00e7\u00f5es de pagamento e dos descontos da venda;<\/p>\n\n\n\n<p>Dispon\u00edvel at\u00e9 4\/8\/2023 ou encerramento da vaga.<\/p>\n\n\n\n<p><strong>17 vagas \u2013 Auxiliar de Produ\u00e7\u00e3o<\/strong><\/p>\n\n\n\n<p>Escolaridade \u2013 ensino m\u00e9dio completo;<\/p>\n\n\n\n<p>Experi\u00eancia \u2013 seis meses na Carteira de Trabalho;<\/p>\n\n\n\n<p>Requisitos obrigat\u00f3rios \u2013 ter experi\u00eancia recente no ramo de segmentos eletr\u00f4nicos, curso de TBO e residir nos bairros: Dom Pedro, Planalto, Alvorada I e II, Reden\u00e7\u00e3o, Cidade Nova, Monte das Oliveiras, Nova Cidade, Coroado, Distrito Industrial, Armando Mendes, Zumbi dos Palmares, S\u00e3o Jos\u00e9 Oper\u00e1rio, Tancredo Neves, Jorge Teixeira, Cidade de Deus, Centro, Aparecida, Pra\u00e7a 14 de Janeiro, Cachoeirinha, Raiz, S\u00e3o Francisco, Petr\u00f3polis, Japiim, Educandos, Morro da Liberdade, Bet\u00e2nia, S\u00e3o L\u00e1zaro, Crespo;<\/p>\n\n\n\n<p>Atividades \u2013 atuar no setor de produ\u00e7\u00e3o da empresa do segmento eletroeletr\u00f4nico: montagem de placas, embalagem em processos de linha de produ\u00e7\u00e3o, controle de qualidade;<\/p>\n\n\n\n<p>Dispon\u00edvel at\u00e9 4\/8\/2023 ou encerramento da vaga.<\/p>\n\n\n\n<p><strong>6 vagas \u2013 Operador de Telemarketing Receptivo<\/strong><\/p>\n\n\n\n<p>Escolaridade \u2013 ensino m\u00e9dio completo;<\/p>\n\n\n\n<p>Experi\u00eancia \u2013 seis meses na Carteira de Trabalho;<\/p>\n\n\n\n<p>Requisitos obrigat\u00f3rios \u2013 ter experi\u00eancia em vendas no atacado;<\/p>\n\n\n\n<p>Atividades \u2013 atender usu\u00e1rios, oferecer servi\u00e7os e produtos, prestar servi\u00e7os t\u00e9cnicos especializados; realizar pesquisas; fazer servi\u00e7os de cobran\u00e7a e cadastramento de clientes, sempre via teleatendimento, seguindo roteiros e scripts planejados e controlados para captar, reter ou recuperar clientes;<\/p>\n\n\n\n<p>Dispon\u00edvel at\u00e9 4\/8\/2023 ou encerramento da vaga.<\/p>\n\n\n\n<p><strong>1 vaga \u2013 Auxiliar de Limpeza \u2013 vaga exclusiva para Pessoas com Defici\u00eancia (PcD)<\/strong><\/p>\n\n\n\n<p>Escolaridade \u2013 ensino fundamental completo;<\/p>\n\n\n\n<p>Experi\u00eancia \u2013 n\u00e3o \u00e9 necess\u00e1rio;<\/p>\n\n\n\n<p>Atividades \u2013 realizar a limpeza e manuten\u00e7\u00e3o das \u00e1reas internas e externas;<\/p>\n\n\n\n<p>Dispon\u00edvel at\u00e9 4\/8\/2023 ou encerramento da vaga.<\/p>\n\n\n\n<p><strong>3 vagas \u2013 Cobrador \u2013 vagas exclusivas para Pessoas com Defici\u00eancia (PcD)<\/strong><\/p>\n\n\n\n<p>Escolaridade \u2013 ensino m\u00e9dio completo;<\/p>\n\n\n\n<p>Experi\u00eancia \u2013 registrada na carteira de trabalho;<\/p>\n\n\n\n<p>Atividades \u2013 realizar cobran\u00e7a de tarifas em transportes coletivos e repassar o troco, se necess\u00e1rio; prestar informa\u00e7\u00f5es aos usu\u00e1rios e manter a ordem e limpeza do ve\u00edculo;<\/p>\n\n\n\n<p>Dispon\u00edvel at\u00e9 4\/8\/2023 ou encerramento da vaga.<\/p>\n\n\n\n<p><strong>3 vagas \u2013 Auxiliar de Servi\u00e7os Gerais \u2013 vagas exclusivas para Pessoas com Defici\u00eancia (PcD)<\/strong><\/p>\n\n\n\n<p>Escolaridade \u2013 ensino m\u00e9dio completo;<\/p>\n\n\n\n<p>Experi\u00eancia \u2013 n\u00e3o \u00e9 necess\u00e1rio;<\/p>\n\n\n\n<p>Atividades \u2013 realizar atividades de limpeza na \u00e1rea externa e interna da empresa;<\/p>\n\n\n\n<p>Dispon\u00edvel at\u00e9 4\/8\/2023 ou encerramento da vaga.<\/p>\n\n\n\n<p><strong>1 vaga \u2013 Auxiliar de Servi\u00e7os Gerais<\/strong><\/p>\n\n\n\n<p>Escolaridade \u2013 ensino m\u00e9dio completo;<\/p>\n\n\n\n<p>Experi\u00eancia \u2013 seis meses na Carteira de Trabalho;<\/p>\n\n\n\n<p>Atividades \u2013 lavar refeit\u00f3rio, banheiros, limpeza das salas de escrit\u00f3rios, e toda limpeza de janelas e ch\u00e3o;<\/p>\n\n\n\n<p>Dispon\u00edvel at\u00e9 4\/8\/2023 ou encerramento da vaga.<\/p>\n\n\n\n<p><strong>Vagas no Com\u00e9rcio \u2013 62<\/strong><\/p>\n\n\n\n<p><strong>10 vagas \u2013 A\u00e7ougueiro<\/strong><\/p>\n\n\n\n<p>Escolaridade \u2013 ensino fundamental completo;<\/p>\n\n\n\n<p>Experi\u00eancia \u2013 seis meses na Carteira de Trabalho;<\/p>\n\n\n\n<p>Atividades \u2013 receber e desossar pe\u00e7as, retalhando por tipo ou corte; avaliar a qualidade do produto e encaminhar para as c\u00e2maras frigor\u00edficas; utilizar utens\u00edlios e equipamentos apropriados na execu\u00e7\u00e3o das tarefas, entre outras atividades pertinentes \u00e0 fun\u00e7\u00e3o.<\/p>\n\n\n\n<p>Dispon\u00edvel at\u00e9 4\/8\/2023 ou encerramento da vaga.<\/p>\n\n\n\n<p><strong>10 vagas \u2013 Operador de Loja<\/strong><\/p>\n\n\n\n<p>Escolaridade \u2013 ensino m\u00e9dio completo;<\/p>\n\n\n\n<p>Experi\u00eancia \u2013 seis meses na Carteira de Trabalho;<\/p>\n\n\n\n<p>Requisitos obrigat\u00f3rios \u2013 ter experi\u00eancia em supermercado;<\/p>\n\n\n\n<p>Atividades \u2013 respons\u00e1vel por auxiliar nas atividades do estabelecimento; realizar atendimento ao cliente;&nbsp;operar caixa,&nbsp;controlar e conferir produtos; organizar e limpar a loja.<\/p>\n\n\n\n<p>Dispon\u00edvel at\u00e9 4\/8\/2023 ou encerramento da vaga.<\/p>\n\n\n\n<p><strong>2 vagas \u2013 Vendedor Externo<\/strong><\/p>\n\n\n\n<p>Escolaridade \u2013 ensino m\u00e9dio completo;<\/p>\n\n\n\n<p>Experi\u00eancia \u2013 seis meses na Carteira de Trabalho;<\/p>\n\n\n\n<p>Requisitos obrigat\u00f3rios \u2013 ter Carteira Nacional de Habilita\u00e7\u00e3o categoria \u201cA\u201d dentro do prazo de validade e ve\u00edculo pr\u00f3prio;<\/p>\n\n\n\n<p>Atividades \u2013 realizar atendimentos e negocia\u00e7\u00f5es com clientes externos.<\/p>\n\n\n\n<p>Dispon\u00edvel at\u00e9 4\/8\/2023 ou encerramento da vaga.<\/p>\n\n\n\n<p><strong>1 vaga \u2013 Confeiteiro<\/strong><\/p>\n\n\n\n<p>Escolaridade \u2013 ensino m\u00e9dio completo;<\/p>\n\n\n\n<p>Experi\u00eancia \u2013 quatro meses na Carteira de Trabalho ou declara\u00e7\u00e3o;<\/p>\n\n\n\n<p>Atividades \u2013 trabalhar na prepara\u00e7\u00e3o e desenforme de bolos e tortas, caldas, recheios e coberturas, lavagem de lou\u00e7a, limpeza de cozinha, recebimento de mercadorias e controle de estoque; auxiliar no preparo de refei\u00e7\u00f5es, sobremesas e lanches; manter a ordem e a limpeza da cozinha, realizando a coleta e a lavagem das bandejas e talheres.<\/p>\n\n\n\n<p>Dispon\u00edvel at\u00e9 4\/8\/2023 ou encerramento da vaga.<\/p>\n\n\n\n<p><strong>1 vaga \u2013 Auxiliar de Confeiteiro<\/strong><\/p>\n\n\n\n<p>Escolaridade \u2013 ensino m\u00e9dio completo;<\/p>\n\n\n\n<p>Experi\u00eancia \u2013 quatro meses na Carteira de Trabalho ou declara\u00e7\u00e3o;<\/p>\n\n\n\n<p>Requisitos obrigat\u00f3rios \u2013 ter aptid\u00e3o para preparo de bolos e doces e facilidade em seguir padr\u00f5es;<\/p>\n\n\n\n<p>Atividades \u2013 auxiliar na produ\u00e7\u00e3o de bolos e doces; preparar decora\u00e7\u00e3o, recheios e coberturas.<\/p>\n\n\n\n<p>Dispon\u00edvel at\u00e9 4\/8\/2023 ou encerramento da vaga.<\/p>\n\n\n\n<p><strong>1 vaga \u2013 Confeiteiro<\/strong><\/p>\n\n\n\n<p>Escolaridade \u2013 ensino m\u00e9dio completo;<\/p>\n\n\n\n<p>Experi\u00eancia \u2013 seis meses na Carteira de Trabalho;<\/p>\n\n\n\n<p>Atividades \u2013 preparar e criar receitas de bolos, doces, biscoitos, salgados, canap\u00e9s, sorvetes, caldas, tortas, cupcakes, recheios e coberturas.<\/p>\n\n\n\n<p>Dispon\u00edvel at\u00e9 4\/8\/2023 ou encerramento da vaga.<\/p>\n\n\n\n<p><strong>2 vagas \u2013 Atendente de Padaria<\/strong><\/p>\n\n\n\n<p>Escolaridade \u2013 ensino m\u00e9dio completo;<\/p>\n\n\n\n<p>Experi\u00eancia \u2013 seis meses na Carteira de Trabalho ou declara\u00e7\u00e3o;<\/p>\n\n\n\n<p>Requisitos obrigat\u00f3rios \u2013 residir nas proximidades do bairro Flores;<\/p>\n\n\n\n<p>Atividades \u2013 atender clientes; prestar informa\u00e7\u00f5es sobre produtos; separar, pesar, embalar, precificar e organizar os produtos nas prateleiras, agindo com cordialidade e presteza visando a satisfa\u00e7\u00e3o do cliente.<\/p>\n\n\n\n<p>Dispon\u00edvel at\u00e9 4\/8\/2023 ou encerramento da vaga.<\/p>\n\n\n\n<p><strong>2 vagas \u2013 Chapeiro<\/strong><\/p>\n\n\n\n<p>Escolaridade \u2013 ensino m\u00e9dio completo;<\/p>\n\n\n\n<p>Experi\u00eancia \u2013 seis meses na Carteira de Trabalho ou declara\u00e7\u00e3o;<\/p>\n\n\n\n<p>Requisitos obrigat\u00f3rios \u2013 residir nas proximidades do bairro Flores;<\/p>\n\n\n\n<p>Atividades \u2013 higienizar e organizar o ambiente de trabalho; preparar lanches e pratos r\u00e1pidos na lanchonete da loja (tapiocas e sandu\u00edches diversos).<\/p>\n\n\n\n<p>Dispon\u00edvel at\u00e9 4\/8\/2023 ou encerramento da vaga.<\/p>\n\n\n\n<p><strong>1 vaga \u2013 Mec\u00e2nico Industrial<\/strong><\/p>\n\n\n\n<p>Escolaridade \u2013 ensino t\u00e9cnico em mec\u00e2nica completo;<\/p>\n\n\n\n<p>Experi\u00eancia \u2013 seis meses na Carteira de Trabalho;<\/p>\n\n\n\n<p>Requisitos obrigat\u00f3rios \u2013 ter amplo conhecimento em manuten\u00e7\u00e3o preventiva, preditiva e corretiva de m\u00e1quinas industriais;<\/p>\n\n\n\n<p>Atividades \u2013 diagnosticar e solucionar problemas t\u00e9cnicos em equipamentos industriais; realizar testes e ajustes de m\u00e1quinas e equipamentos; instalar equipamentos mec\u00e2nicos; realizar manuten\u00e7\u00e3o preventiva, corretiva, leitura e interpreta\u00e7\u00e3o de desenhos mec\u00e2nicos;&nbsp;ter conhecimento em NR-33, NR-35 e el\u00e9trica ser\u00e1 um diferencial.<\/p>\n\n\n\n<p>Dispon\u00edvel at\u00e9 4\/8\/2023 ou encerramento da vaga.<\/p>\n\n\n\n<p><strong>1 vaga \u2013 Auxiliar de Confeiteiro<\/strong><\/p>\n\n\n\n<p>Escolaridade \u2013 ensino m\u00e9dio completo;<\/p>\n\n\n\n<p>Experi\u00eancia \u2013 seis meses na Carteira de Trabalho;<\/p>\n\n\n\n<p>Atividades \u2013 auxiliar no preparo de massas para a produ\u00e7\u00e3o de p\u00e3es e sobremesas e na montagem de pratos; auxiliar na produ\u00e7\u00e3o de bolos e doces; preparar decora\u00e7\u00e3o, recheios e coberturas.<\/p>\n\n\n\n<p>Dispon\u00edvel at\u00e9 4\/8\/2023 ou encerramento da vaga.<\/p>\n\n\n\n<p><strong>5 vagas \u2013 Promotor de Vendas<\/strong><\/p>\n\n\n\n<p>Escolaridade \u2013 ensino m\u00e9dio completo;<\/p>\n\n\n\n<p>Experi\u00eancia \u2013 seis meses na Carteira de Trabalho;<\/p>\n\n\n\n<p>Requisitos obrigat\u00f3rios \u2013 ter Carteira Nacional de Habilita\u00e7\u00e3o categoria \u201cA\u201d dentro do prazo de validade e ve\u00edculo pr\u00f3prio;<\/p>\n\n\n\n<p>Atividades \u2013 projetar e desenvolver estrat\u00e9gias de vendas, com o intuito de expandir a visibilidade da marca, bem como trabalhar a sua popularidade e publicidade. Ele tamb\u00e9m pode definir metas de vendas e administrar contratos com clientes, fechando neg\u00f3cios.<\/p>\n\n\n\n<p>Dispon\u00edvel at\u00e9 4\/8\/2023 ou encerramento da vaga.<\/p>\n\n\n\n<p><strong>5 vagas \u2013 Vendedor Externo<\/strong><\/p>\n\n\n\n<p>Escolaridade \u2013 ensino m\u00e9dio completo;<\/p>\n\n\n\n<p>Experi\u00eancia \u2013 seis meses na Carteira de Trabalho;<\/p>\n\n\n\n<p>Requisitos obrigat\u00f3rios \u2013 ter Carteira Nacional de Habilita\u00e7\u00e3o categoria \u201cA\u201d dentro do prazo de validade e ve\u00edculo pr\u00f3prio;<\/p>\n\n\n\n<p>Atividades \u2013 atuar fora da empresa, visitando os clientes pessoalmente em busca de novos neg\u00f3cios e contratos para a organiza\u00e7\u00e3o que representa.<\/p>\n\n\n\n<p>Dispon\u00edvel at\u00e9 4\/8\/2023 ou encerramento da vaga<\/p>\n\n\n\n<p><strong>3 vagas \u2013 Motorista de Autom\u00f3veis<\/strong><\/p>\n\n\n\n<p>Escolaridade \u2013 ensino m\u00e9dio completo;<\/p>\n\n\n\n<p>Experi\u00eancia \u2013 registrada na Carteira de Trabalho;<\/p>\n\n\n\n<p>Atividades \u2013 dirigir e manobrar ve\u00edculos e transportar pessoas, cargas ou valores; realizar verifica\u00e7\u00f5es e manuten\u00e7\u00f5es b\u00e1sicas do ve\u00edculo.<\/p>\n\n\n\n<p>Dispon\u00edvel at\u00e9 4\/8\/2023 ou encerramento da vaga.<\/p>\n\n\n\n<p><strong>2 vagas \u2013 Motorista de Caminh\u00e3o<\/strong><\/p>\n\n\n\n<p>Escolaridade \u2013 ensino m\u00e9dio completo;<\/p>\n\n\n\n<p>Experi\u00eancia \u2013 registrada na Carteira de Trabalho;<\/p>\n\n\n\n<p>Requisitos obrigat\u00f3rios \u2013 ter o curso de dire\u00e7\u00e3o defensiva e no\u00e7\u00f5es b\u00e1sicas em mec\u00e2nica;<\/p>\n\n\n\n<p>Atividades \u2013 transportar, coletar e entregar cargas realizar verifica\u00e7\u00f5es e manuten\u00e7\u00f5es b\u00e1sicas do ve\u00edculo.<\/p>\n\n\n\n<p>Dispon\u00edvel at\u00e9 4\/8\/2023 ou encerramento da vaga.<\/p>\n\n\n\n<p><strong>4 vagas \u2013 Demonstrador de Mercadorias<\/strong><\/p>\n\n\n\n<p>Escolaridade \u2013 ensino m\u00e9dio completo;<\/p>\n\n\n\n<p>Experi\u00eancia \u2013 seis meses na Carteira de Trabalho;<\/p>\n\n\n\n<p>Atividades \u2013 promover produtos e servi\u00e7os e organizar exposi\u00e7\u00e3o e rotatividade em pontos de venda de acordo com layout estabelecido pela empresa. Abordar clientes, esclarecer d\u00favidas e distribui panfletos ou amostra gr\u00e1tis;<\/p>\n\n\n\n<p>Dispon\u00edvel at\u00e9 4\/8\/2023 ou encerramento da vaga.<\/p>\n\n\n\n<p><strong>1 vaga \u2013 Operador de Caixa<\/strong><\/p>\n\n\n\n<p>Escolaridade \u2013 ensino m\u00e9dio completo;<\/p>\n\n\n\n<p>Experi\u00eancia \u2013 registrada na Carteira de Trabalho;<\/p>\n\n\n\n<p>Requisitos obrigat\u00f3rios \u2013 residir nas proximidades do Centro, Educandos, Japiim, Crespo, S\u00e3o L\u00e1zaro (zona sul);<\/p>\n\n\n\n<p>Atividades \u2013 respons\u00e1vel por fazer a abertura e o fechamento de caixa, processar e receber o pagamento e emitir notas fiscais. Al\u00e9m das tarefas administrativas, deve atuar no atendimento ao cliente;<\/p>\n\n\n\n<p>Dispon\u00edvel at\u00e9 4\/8\/2023 ou encerramento da vaga.<\/p>\n\n\n\n<p><strong>3 vagas \u2013 Auxiliar de Cozinha<\/strong><\/p>\n\n\n\n<p>Escolaridade \u2013 ensino fundamental completo;<\/p>\n\n\n\n<p>Experi\u00eancia \u2013 seis meses na Carteira de Trabalho;<\/p>\n\n\n\n<p>Atividades \u2013 exercer atividades diversas na \u00e1rea da cozinha, fazendo pr\u00e9-preparo e preparo de carnes, de guarni\u00e7\u00f5es, molhos para prato principal, saladas, cozimento de legumes, verduras e preparar carnes, aves e peixes;<\/p>\n\n\n\n<p>Dispon\u00edvel at\u00e9 4\/8\/2023 ou encerramento da vaga.<\/p>\n\n\n\n<p><strong>2 vagas \u2013 Cozinheiro<\/strong><\/p>\n\n\n\n<p>Escolaridade \u2013 ensino fundamental completo;<\/p>\n\n\n\n<p>Experi\u00eancia \u2013 seis meses na Carteira de Trabalho;<\/p>\n\n\n\n<p>Atividades \u2013 preparar o desjejum, executar servi\u00e7os diversos na area de cozinha, preparo de carnes, pr\u00e9-preparo guarni\u00e7\u00f5es, base de molhos para o prato principal e etc; executar as atividades relacionadas ao preparo das refei\u00e7\u00f5es, fazer o cozimento, cortando-os, limpando-os, separando de acordo com as por\u00e7\u00f5es solicitadas. Acompanhar a atividade do oficial de cozinha;<\/p>\n\n\n\n<p>Dispon\u00edvel at\u00e9 4\/8\/2023 ou encerramento da vaga.<\/p>\n\n\n\n<p><strong>1 vaga \u2013 A\u00e7ougueiro<\/strong><\/p>\n\n\n\n<p>Escolaridade \u2013 ensino m\u00e9dio completo;<\/p>\n\n\n\n<p>Experi\u00eancia \u2013 tr\u00eas meses na Carteira de Trabalho ou avulso;<\/p>\n\n\n\n<p>Atividades \u2013 abater bovinos e aves; controlar a temperatura e velocidade de m\u00e1quinas; preparar carca\u00e7as de animais (aves, bovinos, caprinos, ovinos e su\u00ednos), limpar, retirar v\u00edsceras, depilar, riscar pequenos cortes e separar cabe\u00e7as e carca\u00e7as; tratar v\u00edsceras limpando e escaldando; preparar carnes para comercializa\u00e7\u00e3o desossando, identificar tipos, marcar, fatiar, pesar e cortar; realizar tratamentos especiais em carnes, salgando, secando, prensando e adicionando conservantes; acondicionar carnes em embalagens individuais, manualmente ou com o aux\u00edlio de m\u00e1quinas de embalagem a v\u00e1cuo; trabalhar em conformidade a normas e procedimentos t\u00e9cnicos e de qualidade, seguran\u00e7a, higiene, sa\u00fade e preserva\u00e7\u00e3o ambiental;<\/p>\n\n\n\n<p>Dispon\u00edvel at\u00e9 7\/8\/2023 ou encerramento da vaga.<\/p>\n\n\n\n<p><strong>1 vaga \u2013 Peixeiro<\/strong><\/p>\n\n\n\n<p>Escolaridade \u2013 ensino m\u00e9dio completo;<\/p>\n\n\n\n<p>Experi\u00eancia \u2013 seis meses na Carteira de Trabalho ou avulso;<\/p>\n\n\n\n<p>Atividades \u2013 cuidar do armazenamento, limpeza de pescados e frutos do mar de modo geral e demais atividades inerentes a fun\u00e7\u00e3o;<\/p>\n\n\n\n<p>Dispon\u00edvel at\u00e9 7\/8\/2023 ou encerramento da vaga.<\/p>\n\n\n\n<p><strong>4 vagas \u2013 Repositor de Mercadorias<\/strong><\/p>\n\n\n\n<p>Escolaridade \u2013 ensino m\u00e9dio completo;<\/p>\n\n\n\n<p>Experi\u00eancia \u2013 seis meses na Carteira de Trabalho ou avulso;<\/p>\n\n\n\n<p>Atividades \u2013 repor e arrumar as mercadorias em prateleiras; organizar e abastecer as g\u00f4ndolas de produtos; prestar atendimento aos clientes; indicar a posi\u00e7\u00e3o de mercadorias; decidir os locais mais adequados para expor os produtos;<\/p>\n\n\n\n<p>Dispon\u00edvel at\u00e9 7\/8\/2023 ou encerramento da vaga.<\/p>\n\n\n\n<p><strong>Vagas na Ind\u00fastria \u2013 55<\/strong><\/p>\n\n\n\n<p><strong>50 vagas \u2013 Auxiliar Operacional<\/strong><\/p>\n\n\n\n<p>Escolaridade \u2013 ensino m\u00e9dio completo;<\/p>\n\n\n\n<p>Experi\u00eancia \u2013 n\u00e3o \u00e9 necess\u00e1rio;<\/p>\n\n\n\n<p>Requisitos obrigat\u00f3rios \u2013 vaga destinada para candidatos que est\u00e3o em busca de novos desafios; o candidato vai precisar morar em Chupinguaia-RO ou V\u00e1rzea Grande-MT;<\/p>\n\n\n\n<p>Atividades \u2013 respons\u00e1vel por executar atividades operacionais em setores de apoio ou produ\u00e7\u00e3o de frios, visando garantir a manuten\u00e7\u00e3o, organiza\u00e7\u00e3o, limpeza ou opera\u00e7\u00e3o de atividades na unidade;<\/p>\n\n\n\n<p>Dispon\u00edvel at\u00e9 4\/8\/2023 ou encerramento da vaga.<\/p>\n\n\n\n<p><strong>1 vaga \u2013 Auxiliar Administrativo<\/strong><\/p>\n\n\n\n<p>Escolaridade \u2013 ensino m\u00e9dio completo;<\/p>\n\n\n\n<p>Experi\u00eancia \u2013 registrada na Carteira de Trabalho;<\/p>\n\n\n\n<p>Requisitos obrigat\u00f3rios \u2013 ter experi\u00eancia com faturamento e residir nos seguintes Bairros: Japiim, Armando Mendes, Novo Aleixo, Jorge Teixeira, S\u00e3o Jos\u00e9 ou proximidades do Studio 5;<\/p>\n\n\n\n<p>Atividades \u2013 executar servi\u00e7os de apoio nas \u00e1reas de recursos humanos, administra\u00e7\u00e3o, finan\u00e7as e log\u00edstica; atender fornecedores e clientes, fornece e receber informa\u00e7\u00f5es sobre produtos e servi\u00e7os; tratar de documentos variados, cumprir todo o procedimento necess\u00e1rios; preparar relat\u00f3rios e planilhas; executar servi\u00e7os gerais de escrit\u00f3rios;<\/p>\n\n\n\n<p>Dispon\u00edvel at\u00e9 4\/8\/2023 ou encerramento da vaga.<\/p>\n\n\n\n<p><strong>1 vaga \u2013 Operador de Extrusora<\/strong><\/p>\n\n\n\n<p>Escolaridade \u2013 ensino m\u00e9dio completo;<\/p>\n\n\n\n<p>Experi\u00eancia \u2013 registrada na Carteira de Trabalho;<\/p>\n\n\n\n<p>Atividades \u2013 manusear m\u00e1quina extrusora, controlar a temperatura e registrar as n\u00e3o-conformidades; conhecer montagem e desmontagem da m\u00e1quina, al\u00e9m de realizar a manuten\u00e7\u00e3o preventiva e corretiva da mesma;<\/p>\n\n\n\n<p>Dispon\u00edvel at\u00e9 4\/8\/2023 ou encerramento da vaga.<\/p>\n\n\n\n<p><strong>1 vaga \u2013 T\u00e9cnico em Eletromec\u00e2nica<\/strong><\/p>\n\n\n\n<p>Escolaridade \u2013 ensino t\u00e9cnico em El\u00e9trica, eletr\u00f4nica, eletromec\u00e2nica ou Eletrot\u00e9cnica completo;<\/p>\n\n\n\n<p>Experi\u00eancia \u2013 registrada na Carteira de Trabalho;<\/p>\n\n\n\n<p>Atividades \u2013 planejar, executar e participar da elabora\u00e7\u00e3o de projetos eletromec\u00e2nicos de m\u00e1quinas, equipamentos e instala\u00e7\u00f5es; usinar pe\u00e7as e interpretar esquemas de montagem e desenhos t\u00e9cnicos, montar m\u00e1quinas; fazer entrega t\u00e9cnica e realizar manuten\u00e7\u00e3o eletromec\u00e2nica de m\u00e1quinas, equipamentos e instala\u00e7\u00f5es;<\/p>\n\n\n\n<p>Dispon\u00edvel at\u00e9 4\/8\/2023 ou encerramento da vaga.<\/p>\n\n\n\n<p><strong>2 vagas \u2013 Mec\u00e2nico de Ve\u00edculos Pesados<\/strong><\/p>\n\n\n\n<p>Escolaridade \u2013 ensino fundamental completo;<\/p>\n\n\n\n<p>Experi\u00eancia \u2013 seis meses na Carteira de Trabalho;<\/p>\n\n\n\n<p>Requisitos obrigat\u00f3rios \u2013 ter experi\u00eancia com el\u00e9trica de caminh\u00f5es e m\u00e1quinas pesadas;<\/p>\n\n\n\n<p>Atividades \u2013 realizar manuten\u00e7\u00e3o em componentes, equipamentos e m\u00e1quinas pesadas e caminh\u00f5es; planejar atividades de manuten\u00e7\u00e3o; avaliar condi\u00e7\u00f5es de funcionamento e desempenho de componentes de m\u00e1quinas e equipamentos; lubrificar m\u00e1quinas, componentes e ferramentas; documentar informa\u00e7\u00f5es t\u00e9cnicas; realizar a\u00e7\u00f5es de qualidade e preserva\u00e7\u00e3o ambiental e trabalhar segundo normas de seguran\u00e7a;<\/p>\n\n\n\n<p>Dispon\u00edvel at\u00e9 4\/8\/2023 ou encerramento da vaga.<\/p>\n\n\n\n<p><strong>Vagas em Servi\u00e7os \u2013 247<\/strong><\/p>\n\n\n\n<p><strong>2 vagas \u2013 Motorista de Caminh\u00e3o<\/strong><\/p>\n\n\n\n<p>Escolaridade \u2013 ensino m\u00e9dio completo;<\/p>\n\n\n\n<p>Experi\u00eancia \u2013 seis meses na Carteira de Trabalho;<\/p>\n\n\n\n<p>Requisitos obrigat\u00f3rios \u2013 ter curso de MOPP e Carteira Nacional de Habilita\u00e7\u00e3o categoria \u201cD\u201d dentro do prazo de validade; residir nas proximidades ou na zona Leste de Manaus;<\/p>\n\n\n\n<p>Atividades \u2013 transportar, coletar e entregar cargas no Polo Industrial de Manaus.<\/p>\n\n\n\n<p>Dispon\u00edvel at\u00e9 4\/8\/2023 ou encerramento da vaga.<\/p>\n\n\n\n<p><strong>1 vaga \u2013 Capit\u00e3o Fluvial<\/strong><\/p>\n\n\n\n<p>Escolaridade \u2013 ensino m\u00e9dio completo;<\/p>\n\n\n\n<p>Experi\u00eancia \u2013 seis meses na Carteira de Trabalho;<\/p>\n\n\n\n<p>Requisitos obrigat\u00f3rios \u2013 ter CIR e conhecimento no Baixo Amazonas ou Rio Madeira;&nbsp;residir em Manaus;<\/p>\n\n\n\n<p>Atividades \u2013 navegar, atracar e desatracar embarca\u00e7\u00f5es; gerenciar tripula\u00e7\u00e3o; operar equipamentos de embarca\u00e7\u00e3o; monitorar carga e descarga da embarca\u00e7\u00e3o; controlar embarque e desembarque de passageiros.<\/p>\n\n\n\n<p>Dispon\u00edvel at\u00e9 4\/8\/2023 ou encerramento da vaga.<\/p>\n\n\n\n<p><strong>4 vagas \u2013 Contramestre Fluvial<\/strong><\/p>\n\n\n\n<p>Escolaridade \u2013 ensino m\u00e9dio completo;<\/p>\n\n\n\n<p>Experi\u00eancia \u2013 seis meses na Carteira de Trabalho;<\/p>\n\n\n\n<p>Requisitos obrigat\u00f3rios \u2013&nbsp;ter CIR e conhecimento no Baixo Amazonas ou Rio Madeira; residir em Manaus;<\/p>\n\n\n\n<p>Atividades \u2013 coordenar e auxiliar na arruma\u00e7\u00e3o de carga no conv\u00e9s, orientando quanto aos setores que afetam a seguran\u00e7a da embarca\u00e7\u00e3o; determinar as provid\u00eancias necess\u00e1rias para que as embarca\u00e7\u00f5es de salvatagem e os equipamentos de combate a inc\u00eandio estejam em condi\u00e7\u00f5es de uso.<\/p>\n\n\n\n<p>Dispon\u00edvel at\u00e9 4\/8\/2023 ou encerramento da vaga.<\/p>\n\n\n\n<p><strong>3 vagas \u2013 Piloto Fluvial<\/strong><\/p>\n\n\n\n<p>Escolaridade \u2013 ensino m\u00e9dio completo;<\/p>\n\n\n\n<p>Experi\u00eancia \u2013 seis meses na Carteira de Trabalho;<\/p>\n\n\n\n<p>Requisitos obrigat\u00f3rios \u2013&nbsp;ter CIR e conhecimento no Baixo Amazonas ou Rio Madeira; residir em Manaus;<\/p>\n\n\n\n<p>Atividades \u2013 conduzir motores de embarca\u00e7\u00f5es; operar equipamentos da se\u00e7\u00e3o de m\u00e1quinas; realizar manuten\u00e7\u00e3o em equipamentos, carregar e descarregar embarca\u00e7\u00f5es; registrar dados e coordenar servi\u00e7os da se\u00e7\u00e3o de m\u00e1quinas; controlar materiais de consumo e sobressalentes; executar servi\u00e7os de conserva\u00e7\u00e3o da se\u00e7\u00e3o de m\u00e1quinas.<\/p>\n\n\n\n<p>Dispon\u00edvel at\u00e9 4\/8\/2023 ou encerramento da vaga.<\/p>\n\n\n\n<p><strong>2 vagas \u2013 Condutor Maquinista Motorista Fluvial<\/strong><\/p>\n\n\n\n<p>Escolaridade \u2013 ensino m\u00e9dio completo;<\/p>\n\n\n\n<p>Experi\u00eancia \u2013 seis meses na Carteira de Trabalho;<\/p>\n\n\n\n<p>Requisitos obrigat\u00f3rios \u2013&nbsp;ter CIR e conhecimento no Baixo Amazonas ou Rio Madeira; residir em Manaus;<\/p>\n\n\n\n<p>Atividades \u2013 conduzir motores de embarca\u00e7\u00f5es; operar equipamentos da se\u00e7\u00e3o de m\u00e1quinas; realizar manuten\u00e7\u00e3o em equipamentos; carregar e descarregar embarca\u00e7\u00f5es; registrar dados e coordenar servi\u00e7os da se\u00e7\u00e3o de m\u00e1quinas; controlar materiais de consumo e sobressalentes; executar servi\u00e7os de conserva\u00e7\u00e3o da se\u00e7\u00e3o de m\u00e1quinas.<\/p>\n\n\n\n<p>Dispon\u00edvel at\u00e9 4\/8\/2023 ou encerramento da vaga.<\/p>\n\n\n\n<p><strong>2 vagas \u2013 Cozinheiro Fluvial<\/strong><\/p>\n\n\n\n<p>Escolaridade \u2013 ensino m\u00e9dio completo;<\/p>\n\n\n\n<p>Experi\u00eancia \u2013 seis meses na Carteira de Trabalho;<\/p>\n\n\n\n<p>Requisitos obrigat\u00f3rios \u2013&nbsp;ter CIR e conhecimento no Baixo Amazonas ou Rio Madeira; residir em Manaus;<\/p>\n\n\n\n<p>Atividades \u2013 organizar e supervisionar servi\u00e7os de cozinha em embarca\u00e7\u00f5es, planejando card\u00e1pios e elaborando a estocagem e conserva\u00e7\u00e3o, o pr\u00e9-preparo, o preparo e a finaliza\u00e7\u00e3o de alimentos, observando m\u00e9todos de coc\u00e7\u00e3o e padr\u00f5es de qualidade dos alimentos.<\/p>\n\n\n\n<p>Dispon\u00edvel at\u00e9 4\/8\/2023 ou encerramento da vaga.<\/p>\n\n\n\n<p><strong>1 vaga \u2013 T\u00e9cnico de Suporte de TI<\/strong><\/p>\n\n\n\n<p>Escolaridade \u2013 ensino m\u00e9dio completo;<\/p>\n\n\n\n<p>Experi\u00eancia \u2013 seis meses na Carteira de Trabalho;<\/p>\n\n\n\n<p>Requisitos obrigat\u00f3rios \u2013 ter Carteira Nacional de Habilita\u00e7\u00e3o categoria \u201cA\u201d dentro do prazo de validade e conhecimentos na \u00e1rea de TI;<\/p>\n\n\n\n<p>Atividades \u2013&nbsp;auxiliar os usu\u00e1rios em problemas ou danos espec\u00edficos, que podem ir desde problemas em impressoras e e-mails at\u00e9 invas\u00f5es de sistema ou m\u00e1quinas corrompidas.<\/p>\n\n\n\n<p>Dispon\u00edvel at\u00e9 4\/8\/2023 ou encerramento da vaga.<\/p>\n\n\n\n<p><strong>1 vaga \u2013 Mec\u00e2nico de Motores a Diesel<\/strong><\/p>\n\n\n\n<p>Escolaridade \u2013 ensino m\u00e9dio completo;<\/p>\n\n\n\n<p>Experi\u00eancia \u2013 registrada na Carteira de Trabalho;<\/p>\n\n\n\n<p>Requisitos obrigat\u00f3rios \u2013 ter CIR&nbsp;e conhecimento&nbsp;no Baixo Amazonas ou Rio Madeira; residir em Manaus;<\/p>\n\n\n\n<p>Atividades \u2013 atuar na desmontagem, montagem, ajuste, testes e regulagens em motores a diesel; realizar manuten\u00e7\u00e3o e diagn\u00f3sticos de falhas em motores a diesel e sistemas complementares.<\/p>\n\n\n\n<p>Dispon\u00edvel at\u00e9 4\/8\/2023 ou encerramento da vaga.<\/p>\n\n\n\n<p><strong>1 vaga \u2013 Supervisor de Telemarketing<\/strong><\/p>\n\n\n\n<p>Escolaridade \u2013 ensino m\u00e9dio completo;<\/p>\n\n\n\n<p>Experi\u00eancia \u2013 registrada na Carteira de Trabalho;<\/p>\n\n\n\n<p>Atividades \u2013 gerenciar as atividades de teleatendimento, como distribui\u00e7\u00e3o de tarefas \u00e0 equipe, acompanhamento de procedimentos e regras para um melhor atendimento ao cliente e elabora\u00e7\u00e3o de relat\u00f3rios estat\u00edsticos; propor medidas para a corre\u00e7\u00e3o e preven\u00e7\u00e3o de problemas, entre outras atividades relativas \u00e0 fun\u00e7\u00e3o.<\/p>\n\n\n\n<p>Dispon\u00edvel at\u00e9 4\/8\/2023 ou encerramento da vaga.<\/p>\n\n\n\n<p><strong>80 vagas \u2013 Servente de Obras<\/strong><\/p>\n\n\n\n<p>Escolaridade \u2013 ensino fundamental completo;<\/p>\n\n\n\n<p>Experi\u00eancia \u2013 seis meses na Carteira de Trabalho;<\/p>\n\n\n\n<p>Atividades \u2013 preparar e transportar materiais, ferramentas, aparelhos e demais pe\u00e7as, limpando e arrumando de acordo com instru\u00e7\u00f5es; zelar pela conserva\u00e7\u00e3o dos locais onde est\u00e3o sendo realizados os servi\u00e7os.<\/p>\n\n\n\n<p>Dispon\u00edvel at\u00e9 05\/8\/2023 ou encerramento da vaga.<\/p>\n\n\n\n<p><strong>40 vagas \u2013 Pedreiro<\/strong><\/p>\n\n\n\n<p>Escolaridade \u2013 ensino fundamental completo;<\/p>\n\n\n\n<p>Experi\u00eancia \u2013 seis meses na Carteira de Trabalho;<\/p>\n\n\n\n<p>Atividades \u2013 construir alicerces, levantar paredes, muros e constru\u00e7\u00f5es similares; rebocar estruturas constru\u00eddas; realizar trabalhos de manuten\u00e7\u00e3o corretiva de pr\u00e9dios, cal\u00e7adas e estruturas semelhantes; armar e desmontar andaimes para execu\u00e7\u00e3o das obras desejadas.<\/p>\n\n\n\n<p>Dispon\u00edvel at\u00e9 05\/8\/2023 ou encerramento da vaga.<\/p>\n\n\n\n<p><strong>10 vagas \u2013 Bombeiro Hidr\u00e1ulico<\/strong><\/p>\n\n\n\n<p>Escolaridade \u2013 ensino fundamental completo;<\/p>\n\n\n\n<p>Experi\u00eancia \u2013 seis meses na Carteira de Trabalho;<\/p>\n\n\n\n<p>Atividades \u2013 operacionalizar projetos de instala\u00e7\u00f5es de tubula\u00e7\u00f5es, definir tra\u00e7ados e dimensionar tubula\u00e7\u00f5es; especificar, quantificar e inspecionar materiais; preparar locais para instala\u00e7\u00f5es, realizar pr\u00e9-montagem e instalar tubula\u00e7\u00f5es.<\/p>\n\n\n\n<p>Dispon\u00edvel at\u00e9 05\/8\/2023 ou encerramento da vaga.<\/p>\n\n\n\n<p><strong>30 vagas \u2013 Pedreiro de Fachada<\/strong><\/p>\n\n\n\n<p>Escolaridade \u2013 ensino fundamental completo;<\/p>\n\n\n\n<p>Experi\u00eancia \u2013 seis meses na Carteira de Trabalho;<\/p>\n\n\n\n<p>Atividades \u2013 executar trabalhos em alvenaria, concreto e outros materiais, guiando-se por desenhos, esquemas e especifica\u00e7\u00f5es, utilizando processos e instrumentos pertinentes ao of\u00edcio, para construir, reformar ou reparar pr\u00e9dios e obras similares; verificar as caracter\u00edsticas das obras, examinando plantas e especifica\u00e7\u00f5es t\u00e9cnicas.<\/p>\n\n\n\n<p>Dispon\u00edvel at\u00e9 05\/8\/2023 ou encerramento da vaga.<\/p>\n\n\n\n<p><strong>30 vagas \u2013 Montador de Andaimes<\/strong><\/p>\n\n\n\n<p>Escolaridade \u2013 ensino fundamental completo;<\/p>\n\n\n\n<p>Experi\u00eancia \u2013 seis meses na Carteira de Trabalho;<\/p>\n\n\n\n<p>Atividades \u2013 realizar montagem e desmontagem de andaimes e suportes de acordo com o projeto espec\u00edfico na constru\u00e7\u00e3o civil; verificar e conferir a qualidade dos equipamentos necess\u00e1rios a cada modelo de andaime.<\/p>\n\n\n\n<p>Dispon\u00edvel at\u00e9 05\/8\/2023 ou encerramento da vaga.<\/p>\n\n\n\n<p><strong>15 vagas \u2013 Rejuntador<\/strong><\/p>\n\n\n\n<p>Escolaridade \u2013 ensino fundamental completo;<\/p>\n\n\n\n<p>Experi\u00eancia \u2013 seis meses na Carteira de Trabalho;<\/p>\n\n\n\n<p>Atividades \u2013 preparar argamassas e ep\u00f3xi; aplicar rejunte em paredes, pisos e fachadas; aplicar juntas especiais movimenta\u00e7\u00e3o e dessolidariza\u00e7\u00e3o, realizar o acabamento (frisar juntas), limpar o rejuntamento e operar equipamento de acesso por corda; especificar materiais, medir a \u00e1rea de servi\u00e7o e calcular quantidade de materiais.<\/p>\n\n\n\n<p>Dispon\u00edvel at\u00e9 05\/8\/2023 ou encerramento da vaga.<\/p>\n\n\n\n<p><strong>15 vagas \u2013 Azulejista<\/strong><\/p>\n\n\n\n<p>Escolaridade \u2013 ensino fundamental completo;<\/p>\n\n\n\n<p>Experi\u00eancia \u2013 seis meses na Carteira de Trabalho;<\/p>\n\n\n\n<p>Atividades \u2013 respons\u00e1vel pelos acabamentos da constru\u00e7\u00e3o; fazer aplica\u00e7\u00e3o de azulejos, revestimentos cer\u00e2micos e porcelanatos em paredes e pisos.<\/p>\n\n\n\n<p>Dispon\u00edvel at\u00e9 05\/8\/2023 ou encerramento da vaga.<\/p>\n\n\n\n<p><strong>1 vaga \u2013 Eletricista de Autom\u00f3veis<\/strong><\/p>\n\n\n\n<p>Escolaridade \u2013 ensino fundamental completo;<\/p>\n\n\n\n<p>Experi\u00eancia \u2013 seis meses na Carteira de Trabalho;<\/p>\n\n\n\n<p>Requisitos obrigat\u00f3rios \u2013 ter disponibilidade para viagens e escala 12&#215;8;<\/p>\n\n\n\n<p>Atividades \u2013 realizar instala\u00e7\u00e3o e manuten\u00e7\u00e3o el\u00e9trica preventiva e corretiva em ve\u00edculos leves e pesados; analisar necessidades de troca e regulagem; montar sistemas e aplicar testes de funcionamento.<\/p>\n\n\n\n<p>Dispon\u00edvel at\u00e9 4\/8\/2023 ou encerramento da vaga.<\/p>\n\n\n\n<p><strong>3 vagas \u2013 Auxiliar de Refrigera\u00e7\u00e3o<\/strong><\/p>\n\n\n\n<p>Escolaridade \u2013 ensino m\u00e9dio completo;<\/p>\n\n\n\n<p>Experi\u00eancia \u2013 registrada na Carteira de Trabalho;<\/p>\n\n\n\n<p>Atividades \u2013 auxiliar na instala\u00e7\u00e3o, manuten\u00e7\u00e3o preventiva e corretiva de sistemas de refrigera\u00e7\u00e3o e ventila\u00e7\u00e3o; montar tubula\u00e7\u00f5es, avaliar o dimensionamento de locais para instala\u00e7\u00e3o de equipamento e realizar testes finais nos equipamentos;<\/p>\n\n\n\n<p>Dispon\u00edvel at\u00e9 4\/8\/2023 ou encerramento da vaga.<\/p>\n\n\n\n<p><strong>2 vagas \u2013 Pintor de Obras<\/strong><\/p>\n\n\n\n<p>Escolaridade \u2013 ensino m\u00e9dio completo;<\/p>\n\n\n\n<p>Experi\u00eancia \u2013 registrada na Carteira de Trabalho;<\/p>\n\n\n\n<p>Atividades \u2013 realizar pintura em paredes internas e externas; preparar as superf\u00edcies antes de pint\u00e1-las, como limpeza, aplica\u00e7\u00e3o de massa fina ou corrida e lixamento;<\/p>\n\n\n\n<p>Dispon\u00edvel at\u00e9 4\/8\/2023 ou encerramento da vaga.<\/p>\n\n\n\n<p><strong>1 vaga \u2013 Padeiro<\/strong><\/p>\n\n\n\n<p>Escolaridade \u2013 ensino m\u00e9dio completo;<\/p>\n\n\n\n<p>Experi\u00eancia \u2013 seis meses na Carteira de Trabalho;<\/p>\n\n\n\n<p>Requisitos obrigat\u00f3rios \u2013 ter experi\u00eancia com confeitaria;<\/p>\n\n\n\n<p>Atividades \u2013 planejar a produ\u00e7\u00e3o e preparar massas de p\u00e3o, macarr\u00e3o e similares; fazer p\u00e3es, bolachas e biscoitos, fabricar macarr\u00e3o; confeitar doces, preparar recheios e confeccionar salgados; trabalhar em conformidade a normas e procedimentos t\u00e9cnicos e de qualidade, seguran\u00e7a, higiene, sa\u00fade e preserva\u00e7\u00e3o ambiental;<\/p>\n\n\n\n<p>Dispon\u00edvel at\u00e9 4\/8\/2023 ou encerramento da vaga.<\/p>\n\n\n\n<p><strong>1 vaga \u2013 Cozinheiro<\/strong><\/p>\n\n\n\n<p>Escolaridade \u2013 ensino m\u00e9dio completo;<\/p>\n\n\n\n<p>Experi\u00eancia \u2013 seis meses na Carteira de Trabalho;<\/p>\n\n\n\n<p>Atividades \u2013 criar e elaborar pratos e card\u00e1pios, atuar direta e indiretamente na prepara\u00e7\u00e3o dos alimentos; gerenciar brigada de cozinha e planejar as rotinas de trabalho; pode gerenciar, ainda, os estoques e atuar na capacita\u00e7\u00e3o de funcion\u00e1rios;<\/p>\n\n\n\n<p>Dispon\u00edvel at\u00e9 4\/8\/2023 ou encerramento da vaga.<\/p>\n\n\n\n<p><strong>1 vaga \u2013 Nutricionista<\/strong><\/p>\n\n\n\n<p>Escolaridade \u2013 ensino superior completo ou cursando em Nutri\u00e7\u00e3o;<\/p>\n\n\n\n<p>Experi\u00eancia \u2013 seis meses na Carteira de Trabalho;<\/p>\n\n\n\n<p>Atividades \u2013 prestar assist\u00eancia nutricional a indiv\u00edduos e coletividades; planejar, organizar, administrar e avaliar unidades de alimenta\u00e7\u00e3o e nutri\u00e7\u00e3o; efetuar controle higi\u00eanico-sanit\u00e1rio; participar de programas de educa\u00e7\u00e3o nutricional; atuar em conformidade ao manual de boas pr\u00e1ticas;<\/p>\n\n\n\n<p>Dispon\u00edvel at\u00e9 4\/8\/2023 ou encerramento da vaga.<\/p>\n\n\n\n<p><strong>1 vaga \u2013 Analista de Recursos Humanos<\/strong><\/p>\n\n\n\n<p>Escolaridade \u2013 ensino m\u00e9dio completo;<\/p>\n\n\n\n<p>Experi\u00eancia \u2013 seis meses na Carteira de Trabalho;<\/p>\n\n\n\n<p>Atividades \u2013 administrar pessoal e plano de cargos e sal\u00e1rios; promover a\u00e7\u00f5es de treinamento e de desenvolvimento de pessoal; efetuar processo de recrutamento e de sele\u00e7\u00e3o; gerar plano de benef\u00edcios e promover a\u00e7\u00f5es de qualidade de vida e assist\u00eancia aos empregados; administrar rela\u00e7\u00f5es de trabalho e coordenar sistemas de avalia\u00e7\u00e3o de desempenho; no desenvolvimento das atividades, mobilizar um conjunto de capacidades comunicativas;<\/p>\n\n\n\n<p>Dispon\u00edvel at\u00e9 4\/8\/2023 ou encerramento da vaga.<\/p>\n\n\n\n<p><strong>Vagas Exclusivas para Pessoas com Defici\u00eancia (PcD) \u2013 44<\/strong><\/p>\n\n\n\n<p><strong>3 vagas \u2013 Auxiliar de Limpeza \u2013 vagas exclusivas para Pessoas com Defici\u00eancia (PcD)<\/strong><\/p>\n\n\n\n<p>Escolaridade \u2013 ensino fundamental completo;<\/p>\n\n\n\n<p>Experi\u00eancia \u2013 n\u00e3o \u00e9 necess\u00e1rio;<\/p>\n\n\n\n<p>Atividades \u2013 executar servi\u00e7os de limpeza, conserva\u00e7\u00e3o e higieniza\u00e7\u00e3o de bens m\u00f3veis e im\u00f3veis; realizar arruma\u00e7\u00e3o e remo\u00e7\u00e3o de m\u00f3veis e utens\u00edlios nas depend\u00eancias do contrato;&nbsp;entre outras atividades correlatas.<\/p>\n\n\n\n<p>Dispon\u00edvel at\u00e9 7\/8\/2023 ou encerramento da vaga.<\/p>\n\n\n\n<p><strong>3 vagas \u2013 Auxiliar de Servi\u00e7os Gerais \u2013 vagas exclusivas para Pessoa com Defici\u00eancia (PcD)<\/strong><\/p>\n\n\n\n<p>Escolaridade \u2013 ensino fundamental incompleto;<\/p>\n\n\n\n<p>Experi\u00eancia \u2013 seis meses na Carteira de Trabalho;<\/p>\n\n\n\n<p>Atividades \u2013&nbsp;realizar limpeza di\u00e1ria das depend\u00eancias da empresa; remover o p\u00f3 dos m\u00f3veis, fazer a varredura do piso, aspirar detritos, limpar ou lavar vidros e janelas, remover o lixo das lixeiras, higienizar os banheiros e repor materiais de limpeza.<\/p>\n\n\n\n<p>Dispon\u00edvel at\u00e9 7\/8\/2023 ou encerramento da vaga.<\/p>\n\n\n\n<p><strong>2 vagas \u2013 Auxiliar de Dep\u00f3sito \u2013 vagas exclusivas para Pessoas com Defici\u00eancia (PcD)<\/strong><\/p>\n\n\n\n<p>Escolaridade \u2013 ensino fundamental completo;<\/p>\n\n\n\n<p>Experi\u00eancia \u2013 n\u00e3o \u00e9 necess\u00e1rio;<\/p>\n\n\n\n<p>Atividades \u2013 controlar o estoque dos produtos ou materiais; localizar os lotes a expedir; emitir notas fiscais, conferir encomendas e material a expedir.<\/p>\n\n\n\n<p>Dispon\u00edvel at\u00e9 7\/8\/2023 ou encerramento da vaga.<\/p>\n\n\n\n<p><strong>10 vagas \u2013 Atendente de Lanchonete \u2013 vagas exclusivas para Pessoas com Defici\u00eancia (PCD)<\/strong><\/p>\n\n\n\n<p>Escolaridade \u2013 ensino m\u00e9dio completo;<\/p>\n\n\n\n<p>Experi\u00eancia \u2013 n\u00e3o \u00e9 necess\u00e1rio;<\/p>\n\n\n\n<p>Atividades \u2013 realizar atendimento ao p\u00fablico no balc\u00e3o e nas mesas, anotando pedidos, solicitando o preparo dos alimentos junto \u00e0 cozinha, acertando comandas, efetuando o recebimento de valores, organizando o estoque e repondo produtos em prateleiras; realizar higieniza\u00e7\u00e3o de utens\u00edlios.<\/p>\n\n\n\n<p>Dispon\u00edvel at\u00e9 7\/8\/2023 ou encerramento da vaga.<\/p>\n\n\n\n<p><strong>1 vaga \u2013 Motorista de \u00d4nibus Especial \u2013 vaga exclusiva para Pessoa com Defici\u00eancia (PcD)<\/strong><\/p>\n\n\n\n<p>Escolaridade \u2013 ensino fundamental completo;<\/p>\n\n\n\n<p>Experi\u00eancia \u2013 n\u00e3o \u00e9 necess\u00e1rio;<\/p>\n\n\n\n<p>Requisitos obrigat\u00f3rios \u2013 ter Carteira Nacional de Habilita\u00e7\u00e3o categoria \u201cD\u201d dentro do prazo de validade; cursos de TCP (Transporte Coletivo de Passageiros) e Dire\u00e7\u00e3o Preventiva atualizados;<\/p>\n\n\n\n<p>Atividades \u2013 transportar ve\u00edculos com cargas ou pessoas, para itiner\u00e1rios definidos; elaborar rotas de transporte.<\/p>\n\n\n\n<p>Dispon\u00edvel at\u00e9 7\/8\/2023 ou encerramento da vaga.<\/p>\n\n\n\n<p><strong>2 vagas \u2013 Pintor de Obras \u2013 vagas exclusivas para Pessoas com Defici\u00eancia (PcD)<\/strong><\/p>\n\n\n\n<p>Escolaridade \u2013 ensino fundamental completo;<\/p>\n\n\n\n<p>Experi\u00eancia \u2013 n\u00e3o \u00e9 necess\u00e1rio;<\/p>\n\n\n\n<p>Requisitos obrigat\u00f3rios \u2013 disponibilidade para in\u00edcio imediato;<\/p>\n\n\n\n<p>Atividades \u2013 fazer revestimentos em paredes, pisos, muros e outras partes de constru\u00e7\u00f5es com ladrilhos, pastilhas, cer\u00e2micas ou material similar; transportar ve\u00edculos com cargas ou pessoas, para itiner\u00e1rios definidos, podendo ser tamb\u00e9m o respons\u00e1vel por elaborar as rotas de transporte;<\/p>\n\n\n\n<p>Dispon\u00edvel at\u00e9 7\/8\/2023 ou encerramento da vaga.<\/p>\n\n\n\n<p><strong>2 vagas \u2013 Servente de Obras \u2013 vagas exclusivas para Pessoas&nbsp;<\/strong>com Defici\u00eancia (PCD)<\/p>\n\n\n\n<p>Escolaridade \u2013 ensino fundamental completo;<\/p>\n\n\n\n<p>Experi\u00eancia \u2013 n\u00e3o \u00e9 necess\u00e1rio;<\/p>\n\n\n\n<p>Requisitos obrigat\u00f3rios \u2013 disponibilidade para in\u00edcio imediato;<\/p>\n\n\n\n<p>Atividades \u2013 preparar e transportar materiais, ferramentas, aparelhos ou qualquer pe\u00e7a, limpando-as e arrumando-as de acordo com instru\u00e7\u00f5es; auxiliar o oficial ou encarregado, em conjunto ou sozinho para levar a bom termo a execu\u00e7\u00e3o de suas tarefas; zelar pela conserva\u00e7\u00e3o dos locais onde est\u00e3o sendo realizados os servi\u00e7os; fazer revestimentos em paredes, pisos, muros e outras partes de constru\u00e7\u00f5es com ladrilhos, pastilhas, cer\u00e2micas ou material similar; transportar ve\u00edculos com cargas ou pessoas, para itiner\u00e1rios definidos, podendo ser tamb\u00e9m o respons\u00e1vel por elaborar as rotas de transporte;<\/p>\n\n\n\n<p>Dispon\u00edvel at\u00e9 7\/8\/2023 ou encerramento da vaga.<\/p>\n\n\n\n<p><strong>20 vagas \u2013 Ajudante Geral \u2013 vagas exclusivas para Pessoas com Defici\u00eancia (PcD)<\/strong><\/p>\n\n\n\n<p>Escolaridade \u2013 ensino fundamental completo;<\/p>\n\n\n\n<p>Experi\u00eancia \u2013 n\u00e3o \u00e9 necess\u00e1rio;<\/p>\n\n\n\n<p>Atividades \u2013 respons\u00e1vel pelo aux\u00edlio imediato em diversas fun\u00e7\u00f5es de uma empresa e tamb\u00e9m garante o suporte necess\u00e1rio ao cliente. Al\u00e9m disso, esse profissional esclarece as d\u00favidas, realiza carga e descarga de mercadorias, servi\u00e7os de manuten\u00e7\u00e3o e de limpeza;<\/p>\n\n\n\n<p>Dispon\u00edvel at\u00e9 7\/8\/2023 ou encerramento da vaga.<\/p>\n\n\n\n<p><strong>1 vaga \u2013 Auxiliar de Almoxarifado \u2013 vaga exclusiva para Pessoa com Defici\u00eancia (PcD)<\/strong><\/p>\n\n\n\n<p>Escolaridade \u2013 ensino fundamental completo;<\/p>\n\n\n\n<p>Experi\u00eancia \u2013 n\u00e3o \u00e9 necess\u00e1rio;<\/p>\n\n\n\n<p>Atividades \u2013 recebe materiais, separa e organiza mercadorias, auxilia na verifica\u00e7\u00e3o e na embalagem de produtos prontos, confer\u00eancia de produtos recebidos e anota os dados em planilhas, verifica o estoque e anota os produtos que est\u00e3o em falta ou sem sa\u00edda;<\/p>\n\n\n\n<p>Dispon\u00edvel at\u00e9 7\/8\/2023 ou encerramento da vaga.<\/p>\n\n\n\n<p>&#8212; &#8212; &#8212;<\/p>\n\n\n\n<p><strong>Texto \u2013 <\/strong>Divulga\u00e7\u00e3o \/ Semtepi<\/p>\n\n\n\n<p><strong>Fotos \u2013 <\/strong>Divulga\u00e7\u00e3o \/ Arquivo Semcom<\/p>\n\n\n\n<p><strong>Dispon\u00edveis em &#8211; <\/strong><a href=\"https:\/\/flic.kr\/s\/aHBqjzGRm9\">https:\/\/flic.kr\/s\/aHBqjzGRm9<\/a><\/p>\n","protected":false},"excerpt":{"rendered":"","protected":false},"author":24,"featured_media":2408,"comment_status":"closed","ping_status":"closed","sticky":false,"template":"","format":"standard","meta":{"footnotes":""},"categories":[5],"tags":[15,16,446,17,8,18,19,10,12],"acf":[],"yoast_head":"<!-- This site is optimized with the Yoast SEO plugin v23.0 - https:\/\/yoast.com\/wordpress\/plugins\/seo\/ -->\n<title>Sine Manaus oferta 453 vagas de emprego nesta sexta-feira, 4\/8 - SEMTEPI<\/title>\n<meta name=\"description\" content=\"A Prefeitura de Manaus, por meio do Sine Manaus, oferta 459\u00a0vagas de emprego em v\u00e1rias \u00e1reas de atua\u00e7\u00e3o, nesta sexta-feira, 4\/8,\u00a0de 8h \u00e0s 16h.\" \/>\n<meta name=\"robots\" content=\"noindex, follow\" \/>\n<meta property=\"og:locale\" content=\"pt_BR\" \/>\n<meta property=\"og:type\" content=\"article\" \/>\n<meta property=\"og:title\" content=\"Sine Manaus oferta 453 vagas de emprego nesta sexta-feira, 4\/8 - SEMTEPI\" \/>\n<meta property=\"og:description\" content=\"A Prefeitura de Manaus, por meio do Sine Manaus, oferta 459\u00a0vagas de emprego em v\u00e1rias \u00e1reas de atua\u00e7\u00e3o, nesta sexta-feira, 4\/8,\u00a0de 8h \u00e0s 16h.\" \/>\n<meta property=\"og:url\" content=\"https:\/\/www.manaus.am.gov.br\/semtepi\/oportunidade\/sine-manaus-oferta-459-vagas-de-emprego-nesta-sexta-feira-4-8\/\" \/>\n<meta property=\"og:site_name\" content=\"SEMTEPI\" \/>\n<meta property=\"article:published_time\" content=\"2023-08-03T19:37:32+00:00\" \/>\n<meta property=\"article:modified_time\" content=\"2023-08-03T20:03:41+00:00\" \/>\n<meta property=\"og:image\" content=\"https:\/\/www.manaus.am.gov.br\/semtepi\/wp-content\/uploads\/sites\/20\/2023\/08\/51956762468_48fc8736e7_o-1024x683.jpg\" \/>\n\t<meta property=\"og:image:width\" content=\"1024\" \/>\n\t<meta property=\"og:image:height\" content=\"683\" \/>\n\t<meta property=\"og:image:type\" content=\"image\/jpeg\" \/>\n<meta name=\"author\" content=\"Cl\u00e1udia Barbosa\" \/>\n<meta name=\"twitter:card\" content=\"summary_large_image\" \/>\n<meta name=\"twitter:label1\" content=\"Written by\" \/>\n\t<meta name=\"twitter:data1\" content=\"Cl\u00e1udia Barbosa\" \/>\n\t<meta name=\"twitter:label2\" content=\"Est. reading time\" \/>\n\t<meta name=\"twitter:data2\" content=\"26 minutos\" \/>\n<script type=\"application\/ld+json\" class=\"yoast-schema-graph\">{\"@context\":\"https:\/\/schema.org\",\"@graph\":[{\"@type\":\"Article\",\"@id\":\"https:\/\/www.manaus.am.gov.br\/semtepi\/oportunidade\/sine-manaus-oferta-459-vagas-de-emprego-nesta-sexta-feira-4-8\/#article\",\"isPartOf\":{\"@id\":\"https:\/\/www.manaus.am.gov.br\/semtepi\/oportunidade\/sine-manaus-oferta-459-vagas-de-emprego-nesta-sexta-feira-4-8\/\"},\"author\":{\"name\":\"Cl\u00e1udia Barbosa\",\"@id\":\"https:\/\/www.manaus.am.gov.br\/semtepi\/#\/schema\/person\/d0a166b5031154c33c77794ddc9a827e\"},\"headline\":\"Sine Manaus oferta 453 vagas de emprego nesta sexta-feira, 4\/8\",\"datePublished\":\"2023-08-03T19:37:32+00:00\",\"dateModified\":\"2023-08-03T20:03:41+00:00\",\"mainEntityOfPage\":{\"@id\":\"https:\/\/www.manaus.am.gov.br\/semtepi\/oportunidade\/sine-manaus-oferta-459-vagas-de-emprego-nesta-sexta-feira-4-8\/\"},\"wordCount\":5307,\"publisher\":{\"@id\":\"https:\/\/www.manaus.am.gov.br\/semtepi\/#organization\"},\"image\":{\"@id\":\"https:\/\/www.manaus.am.gov.br\/semtepi\/oportunidade\/sine-manaus-oferta-459-vagas-de-emprego-nesta-sexta-feira-4-8\/#primaryimage\"},\"thumbnailUrl\":\"https:\/\/www.manaus.am.gov.br\/semtepi\/wp-content\/uploads\/sites\/20\/2023\/08\/51956762468_48fc8736e7_o.jpg\",\"keywords\":[\"avenida Constantino Nery\",\"Carteira de Trabalho Digital\",\"\u00e9mprego\",\"escolaridade\",\"prefeitura de manaus\",\"requisitos obrigat\u00f3rios\",\"shopping phelippe daou\",\"sine manaus\",\"vagas\"],\"articleSection\":[\"Oportunidade\"],\"inLanguage\":\"pt-BR\"},{\"@type\":\"WebPage\",\"@id\":\"https:\/\/www.manaus.am.gov.br\/semtepi\/oportunidade\/sine-manaus-oferta-459-vagas-de-emprego-nesta-sexta-feira-4-8\/\",\"url\":\"https:\/\/www.manaus.am.gov.br\/semtepi\/oportunidade\/sine-manaus-oferta-459-vagas-de-emprego-nesta-sexta-feira-4-8\/\",\"name\":\"Sine Manaus oferta 453 vagas de emprego nesta sexta-feira, 4\/8 - SEMTEPI\",\"isPartOf\":{\"@id\":\"https:\/\/www.manaus.am.gov.br\/semtepi\/#website\"},\"primaryImageOfPage\":{\"@id\":\"https:\/\/www.manaus.am.gov.br\/semtepi\/oportunidade\/sine-manaus-oferta-459-vagas-de-emprego-nesta-sexta-feira-4-8\/#primaryimage\"},\"image\":{\"@id\":\"https:\/\/www.manaus.am.gov.br\/semtepi\/oportunidade\/sine-manaus-oferta-459-vagas-de-emprego-nesta-sexta-feira-4-8\/#primaryimage\"},\"thumbnailUrl\":\"https:\/\/www.manaus.am.gov.br\/semtepi\/wp-content\/uploads\/sites\/20\/2023\/08\/51956762468_48fc8736e7_o.jpg\",\"datePublished\":\"2023-08-03T19:37:32+00:00\",\"dateModified\":\"2023-08-03T20:03:41+00:00\",\"description\":\"A Prefeitura de Manaus, por meio do Sine Manaus, oferta 459\u00a0vagas de emprego em v\u00e1rias \u00e1reas de atua\u00e7\u00e3o, nesta sexta-feira, 4\/8,\u00a0de 8h \u00e0s 16h.\",\"breadcrumb\":{\"@id\":\"https:\/\/www.manaus.am.gov.br\/semtepi\/oportunidade\/sine-manaus-oferta-459-vagas-de-emprego-nesta-sexta-feira-4-8\/#breadcrumb\"},\"inLanguage\":\"pt-BR\",\"potentialAction\":[{\"@type\":\"ReadAction\",\"target\":[\"https:\/\/www.manaus.am.gov.br\/semtepi\/oportunidade\/sine-manaus-oferta-459-vagas-de-emprego-nesta-sexta-feira-4-8\/\"]}]},{\"@type\":\"ImageObject\",\"inLanguage\":\"pt-BR\",\"@id\":\"https:\/\/www.manaus.am.gov.br\/semtepi\/oportunidade\/sine-manaus-oferta-459-vagas-de-emprego-nesta-sexta-feira-4-8\/#primaryimage\",\"url\":\"https:\/\/www.manaus.am.gov.br\/semtepi\/wp-content\/uploads\/sites\/20\/2023\/08\/51956762468_48fc8736e7_o.jpg\",\"contentUrl\":\"https:\/\/www.manaus.am.gov.br\/semtepi\/wp-content\/uploads\/sites\/20\/2023\/08\/51956762468_48fc8736e7_o.jpg\",\"width\":5760,\"height\":3840},{\"@type\":\"BreadcrumbList\",\"@id\":\"https:\/\/www.manaus.am.gov.br\/semtepi\/oportunidade\/sine-manaus-oferta-459-vagas-de-emprego-nesta-sexta-feira-4-8\/#breadcrumb\",\"itemListElement\":[{\"@type\":\"ListItem\",\"position\":1,\"name\":\"Home\",\"item\":\"https:\/\/www.manaus.am.gov.br\/semtepi\/\"},{\"@type\":\"ListItem\",\"position\":2,\"name\":\"Sine Manaus oferta 459 vagas de emprego nesta sexta-feira, 4\/8\"}]},{\"@type\":\"WebSite\",\"@id\":\"https:\/\/www.manaus.am.gov.br\/semtepi\/#website\",\"url\":\"https:\/\/www.manaus.am.gov.br\/semtepi\/\",\"name\":\"SEMTEPI\",\"description\":\"Prefeitura de Manaus\",\"publisher\":{\"@id\":\"https:\/\/www.manaus.am.gov.br\/semtepi\/#organization\"},\"alternateName\":\"Secretaria Municipal do Trabalho, Empreendedorismo e Inova\u00e7\u00e3o\",\"potentialAction\":[{\"@type\":\"SearchAction\",\"target\":{\"@type\":\"EntryPoint\",\"urlTemplate\":\"https:\/\/www.manaus.am.gov.br\/semtepi\/?s={search_term_string}\"},\"query-input\":\"required name=search_term_string\"}],\"inLanguage\":\"pt-BR\"},{\"@type\":\"Organization\",\"@id\":\"https:\/\/www.manaus.am.gov.br\/semtepi\/#organization\",\"name\":\"Prefeitura Municipal de Manaus\",\"alternateName\":\"Prefeitura de Manaus\",\"url\":\"https:\/\/www.manaus.am.gov.br\/semtepi\/\",\"logo\":{\"@type\":\"ImageObject\",\"inLanguage\":\"pt-BR\",\"@id\":\"https:\/\/www.manaus.am.gov.br\/semtepi\/#\/schema\/logo\/image\/\",\"url\":\"https:\/\/www.manaus.am.gov.br\/semtepi\/wp-content\/uploads\/sites\/20\/2024\/07\/favicon.png\",\"contentUrl\":\"https:\/\/www.manaus.am.gov.br\/semtepi\/wp-content\/uploads\/sites\/20\/2024\/07\/favicon.png\",\"width\":300,\"height\":300,\"caption\":\"Prefeitura Municipal de Manaus\"},\"image\":{\"@id\":\"https:\/\/www.manaus.am.gov.br\/semtepi\/#\/schema\/logo\/image\/\"}},{\"@type\":\"Person\",\"@id\":\"https:\/\/www.manaus.am.gov.br\/semtepi\/#\/schema\/person\/d0a166b5031154c33c77794ddc9a827e\",\"name\":\"Cl\u00e1udia Barbosa\",\"image\":{\"@type\":\"ImageObject\",\"inLanguage\":\"pt-BR\",\"@id\":\"https:\/\/www.manaus.am.gov.br\/semtepi\/#\/schema\/person\/image\/\",\"url\":\"https:\/\/secure.gravatar.com\/avatar\/42958a1cf007f1a00534009218c72590?s=96&d=mm&r=g\",\"contentUrl\":\"https:\/\/secure.gravatar.com\/avatar\/42958a1cf007f1a00534009218c72590?s=96&d=mm&r=g\",\"caption\":\"Cl\u00e1udia Barbosa\"}}]}<\/script>\n<!-- \/ Yoast SEO plugin. -->","yoast_head_json":{"title":"Sine Manaus oferta 453 vagas de emprego nesta sexta-feira, 4\/8 - SEMTEPI","description":"A Prefeitura de Manaus, por meio do Sine Manaus, oferta 459\u00a0vagas de emprego em v\u00e1rias \u00e1reas de atua\u00e7\u00e3o, nesta sexta-feira, 4\/8,\u00a0de 8h \u00e0s 16h.","robots":{"index":"noindex","follow":"follow"},"og_locale":"pt_BR","og_type":"article","og_title":"Sine Manaus oferta 453 vagas de emprego nesta sexta-feira, 4\/8 - SEMTEPI","og_description":"A Prefeitura de Manaus, por meio do Sine Manaus, oferta 459\u00a0vagas de emprego em v\u00e1rias \u00e1reas de atua\u00e7\u00e3o, nesta sexta-feira, 4\/8,\u00a0de 8h \u00e0s 16h.","og_url":"https:\/\/www.manaus.am.gov.br\/semtepi\/oportunidade\/sine-manaus-oferta-459-vagas-de-emprego-nesta-sexta-feira-4-8\/","og_site_name":"SEMTEPI","article_published_time":"2023-08-03T19:37:32+00:00","article_modified_time":"2023-08-03T20:03:41+00:00","og_image":[{"width":1024,"height":683,"url":"https:\/\/www.manaus.am.gov.br\/semtepi\/wp-content\/uploads\/sites\/20\/2023\/08\/51956762468_48fc8736e7_o-1024x683.jpg","type":"image\/jpeg"}],"author":"Cl\u00e1udia Barbosa","twitter_card":"summary_large_image","twitter_misc":{"Written by":"Cl\u00e1udia Barbosa","Est. reading time":"26 minutos"},"schema":{"@context":"https:\/\/schema.org","@graph":[{"@type":"Article","@id":"https:\/\/www.manaus.am.gov.br\/semtepi\/oportunidade\/sine-manaus-oferta-459-vagas-de-emprego-nesta-sexta-feira-4-8\/#article","isPartOf":{"@id":"https:\/\/www.manaus.am.gov.br\/semtepi\/oportunidade\/sine-manaus-oferta-459-vagas-de-emprego-nesta-sexta-feira-4-8\/"},"author":{"name":"Cl\u00e1udia Barbosa","@id":"https:\/\/www.manaus.am.gov.br\/semtepi\/#\/schema\/person\/d0a166b5031154c33c77794ddc9a827e"},"headline":"Sine Manaus oferta 453 vagas de emprego nesta sexta-feira, 4\/8","datePublished":"2023-08-03T19:37:32+00:00","dateModified":"2023-08-03T20:03:41+00:00","mainEntityOfPage":{"@id":"https:\/\/www.manaus.am.gov.br\/semtepi\/oportunidade\/sine-manaus-oferta-459-vagas-de-emprego-nesta-sexta-feira-4-8\/"},"wordCount":5307,"publisher":{"@id":"https:\/\/www.manaus.am.gov.br\/semtepi\/#organization"},"image":{"@id":"https:\/\/www.manaus.am.gov.br\/semtepi\/oportunidade\/sine-manaus-oferta-459-vagas-de-emprego-nesta-sexta-feira-4-8\/#primaryimage"},"thumbnailUrl":"https:\/\/www.manaus.am.gov.br\/semtepi\/wp-content\/uploads\/sites\/20\/2023\/08\/51956762468_48fc8736e7_o.jpg","keywords":["avenida Constantino Nery","Carteira de Trabalho Digital","\u00e9mprego","escolaridade","prefeitura de manaus","requisitos obrigat\u00f3rios","shopping phelippe daou","sine manaus","vagas"],"articleSection":["Oportunidade"],"inLanguage":"pt-BR"},{"@type":"WebPage","@id":"https:\/\/www.manaus.am.gov.br\/semtepi\/oportunidade\/sine-manaus-oferta-459-vagas-de-emprego-nesta-sexta-feira-4-8\/","url":"https:\/\/www.manaus.am.gov.br\/semtepi\/oportunidade\/sine-manaus-oferta-459-vagas-de-emprego-nesta-sexta-feira-4-8\/","name":"Sine Manaus oferta 453 vagas de emprego nesta sexta-feira, 4\/8 - SEMTEPI","isPartOf":{"@id":"https:\/\/www.manaus.am.gov.br\/semtepi\/#website"},"primaryImageOfPage":{"@id":"https:\/\/www.manaus.am.gov.br\/semtepi\/oportunidade\/sine-manaus-oferta-459-vagas-de-emprego-nesta-sexta-feira-4-8\/#primaryimage"},"image":{"@id":"https:\/\/www.manaus.am.gov.br\/semtepi\/oportunidade\/sine-manaus-oferta-459-vagas-de-emprego-nesta-sexta-feira-4-8\/#primaryimage"},"thumbnailUrl":"https:\/\/www.manaus.am.gov.br\/semtepi\/wp-content\/uploads\/sites\/20\/2023\/08\/51956762468_48fc8736e7_o.jpg","datePublished":"2023-08-03T19:37:32+00:00","dateModified":"2023-08-03T20:03:41+00:00","description":"A Prefeitura de Manaus, por meio do Sine Manaus, oferta 459\u00a0vagas de emprego em v\u00e1rias \u00e1reas de atua\u00e7\u00e3o, nesta sexta-feira, 4\/8,\u00a0de 8h \u00e0s 16h.","breadcrumb":{"@id":"https:\/\/www.manaus.am.gov.br\/semtepi\/oportunidade\/sine-manaus-oferta-459-vagas-de-emprego-nesta-sexta-feira-4-8\/#breadcrumb"},"inLanguage":"pt-BR","potentialAction":[{"@type":"ReadAction","target":["https:\/\/www.manaus.am.gov.br\/semtepi\/oportunidade\/sine-manaus-oferta-459-vagas-de-emprego-nesta-sexta-feira-4-8\/"]}]},{"@type":"ImageObject","inLanguage":"pt-BR","@id":"https:\/\/www.manaus.am.gov.br\/semtepi\/oportunidade\/sine-manaus-oferta-459-vagas-de-emprego-nesta-sexta-feira-4-8\/#primaryimage","url":"https:\/\/www.manaus.am.gov.br\/semtepi\/wp-content\/uploads\/sites\/20\/2023\/08\/51956762468_48fc8736e7_o.jpg","contentUrl":"https:\/\/www.manaus.am.gov.br\/semtepi\/wp-content\/uploads\/sites\/20\/2023\/08\/51956762468_48fc8736e7_o.jpg","width":5760,"height":3840},{"@type":"BreadcrumbList","@id":"https:\/\/www.manaus.am.gov.br\/semtepi\/oportunidade\/sine-manaus-oferta-459-vagas-de-emprego-nesta-sexta-feira-4-8\/#breadcrumb","itemListElement":[{"@type":"ListItem","position":1,"name":"Home","item":"https:\/\/www.manaus.am.gov.br\/semtepi\/"},{"@type":"ListItem","position":2,"name":"Sine Manaus oferta 459 vagas de emprego nesta sexta-feira, 4\/8"}]},{"@type":"WebSite","@id":"https:\/\/www.manaus.am.gov.br\/semtepi\/#website","url":"https:\/\/www.manaus.am.gov.br\/semtepi\/","name":"SEMTEPI","description":"Prefeitura de Manaus","publisher":{"@id":"https:\/\/www.manaus.am.gov.br\/semtepi\/#organization"},"alternateName":"Secretaria Municipal do Trabalho, Empreendedorismo e Inova\u00e7\u00e3o","potentialAction":[{"@type":"SearchAction","target":{"@type":"EntryPoint","urlTemplate":"https:\/\/www.manaus.am.gov.br\/semtepi\/?s={search_term_string}"},"query-input":"required name=search_term_string"}],"inLanguage":"pt-BR"},{"@type":"Organization","@id":"https:\/\/www.manaus.am.gov.br\/semtepi\/#organization","name":"Prefeitura Municipal de Manaus","alternateName":"Prefeitura de Manaus","url":"https:\/\/www.manaus.am.gov.br\/semtepi\/","logo":{"@type":"ImageObject","inLanguage":"pt-BR","@id":"https:\/\/www.manaus.am.gov.br\/semtepi\/#\/schema\/logo\/image\/","url":"https:\/\/www.manaus.am.gov.br\/semtepi\/wp-content\/uploads\/sites\/20\/2024\/07\/favicon.png","contentUrl":"https:\/\/www.manaus.am.gov.br\/semtepi\/wp-content\/uploads\/sites\/20\/2024\/07\/favicon.png","width":300,"height":300,"caption":"Prefeitura Municipal de Manaus"},"image":{"@id":"https:\/\/www.manaus.am.gov.br\/semtepi\/#\/schema\/logo\/image\/"}},{"@type":"Person","@id":"https:\/\/www.manaus.am.gov.br\/semtepi\/#\/schema\/person\/d0a166b5031154c33c77794ddc9a827e","name":"Cl\u00e1udia Barbosa","image":{"@type":"ImageObject","inLanguage":"pt-BR","@id":"https:\/\/www.manaus.am.gov.br\/semtepi\/#\/schema\/person\/image\/","url":"https:\/\/secure.gravatar.com\/avatar\/42958a1cf007f1a00534009218c72590?s=96&d=mm&r=g","contentUrl":"https:\/\/secure.gravatar.com\/avatar\/42958a1cf007f1a00534009218c72590?s=96&d=mm&r=g","caption":"Cl\u00e1udia Barbosa"}}]}},"_links":{"self":[{"href":"https:\/\/www.manaus.am.gov.br\/semtepi\/wp-json\/wp\/v2\/posts\/2407"}],"collection":[{"href":"https:\/\/www.manaus.am.gov.br\/semtepi\/wp-json\/wp\/v2\/posts"}],"about":[{"href":"https:\/\/www.manaus.am.gov.br\/semtepi\/wp-json\/wp\/v2\/types\/post"}],"author":[{"embeddable":true,"href":"https:\/\/www.manaus.am.gov.br\/semtepi\/wp-json\/wp\/v2\/users\/24"}],"replies":[{"embeddable":true,"href":"https:\/\/www.manaus.am.gov.br\/semtepi\/wp-json\/wp\/v2\/comments?post=2407"}],"version-history":[{"count":1,"href":"https:\/\/www.manaus.am.gov.br\/semtepi\/wp-json\/wp\/v2\/posts\/2407\/revisions"}],"predecessor-version":[{"id":2409,"href":"https:\/\/www.manaus.am.gov.br\/semtepi\/wp-json\/wp\/v2\/posts\/2407\/revisions\/2409"}],"wp:featuredmedia":[{"embeddable":true,"href":"https:\/\/www.manaus.am.gov.br\/semtepi\/wp-json\/wp\/v2\/media\/2408"}],"wp:attachment":[{"href":"https:\/\/www.manaus.am.gov.br\/semtepi\/wp-json\/wp\/v2\/media?parent=2407"}],"wp:term":[{"taxonomy":"category","embeddable":true,"href":"https:\/\/www.manaus.am.gov.br\/semtepi\/wp-json\/wp\/v2\/categories?post=2407"},{"taxonomy":"post_tag","embeddable":true,"href":"https:\/\/www.manaus.am.gov.br\/semtepi\/wp-json\/wp\/v2\/tags?post=2407"}],"curies":[{"name":"wp","href":"https:\/\/api.w.org\/{rel}","templated":true}]}}