{"id":2398,"date":"2023-08-02T15:51:23","date_gmt":"2023-08-02T19:51:23","guid":{"rendered":"https:\/\/www.manaus.am.gov.br\/semtepi\/sem-categoria\/prefeitura-de-manaus-promove-reuniao-estrategica-com-mais-de-100-artesaos\/"},"modified":"2023-08-02T15:51:25","modified_gmt":"2023-08-02T19:51:25","slug":"prefeitura-de-manaus-promove-reuniao-estrategica-com-mais-de-100-artesaos","status":"publish","type":"post","link":"https:\/\/www.manaus.am.gov.br\/semtepi\/reuniao\/prefeitura-de-manaus-promove-reuniao-estrategica-com-mais-de-100-artesaos\/","title":{"rendered":"<strong>Prefeitura de Manaus promove reuni\u00e3o estrat\u00e9gica com mais de 100 artes\u00e3os<\/strong>"},"content":{"rendered":"\n<p>A Prefeitura de Manaus, por meio da Secretaria Municipal do Trabalho, Empreendedorismo e Inova\u00e7\u00e3o (Semtepi), promoveu, na manh\u00e3 desta quarta-feira, 2\/8, uma reuni\u00e3o com os artes\u00e3os cadastrados para alinhar os pr\u00f3ximos eventos e as feiras de artesanato itinerantes. O encontro reuniu 164 artes\u00e3os no coworking do Casar\u00e3o da Inova\u00e7\u00e3o Cassina, localizado no centro hist\u00f3rico da capital.<\/p>\n\n\n\n<p>O principal objetivo da reuni\u00e3o foi identificar os diferentes nichos de atua\u00e7\u00e3o de cada artes\u00e3o e classific\u00e1-los em tr\u00eas grupos fundamentais: artesanato, economia criativa e gastronomia. Dessa forma, ser\u00e1 poss\u00edvel ofertar oportunidades de vendas assertivas para cada segmento. Al\u00e9m disso, os empreendedores puderam esclarecer d\u00favidas e fazer sugest\u00f5es diretamente ao Departamento de Economia Solid\u00e1ria e Criativa (Desc).<\/p>\n\n\n\n<p>\u201cA Semtepi est\u00e1 aqui para gerar fomento. Precisamos implementar o formato da qualifica\u00e7\u00e3o e gostar de aprender. O nosso artesanato amazonense \u00e9 o melhor e temos que andar em sincronia. Por isso, vamos criar mecanismo e planejamento para trazer a popula\u00e7\u00e3o at\u00e9 ele\u201d, frisa o subsecret\u00e1rio Operacional da Semtepi, Joel Silva.<\/p>\n\n\n\n<p>Estavam presentes os artes\u00e3os de todos os segmentos como bordados, bijuterias, roupas para pet, chaveiros, esculturas e at\u00e9 mesmo de gastronomia. No total, s\u00e3o mais de 1,2 mil empreendedores cadastrados, entre eles est\u00e3o ind\u00edgenas, manauaras e estrangeiros.<\/p>\n\n\n\n<p>\u201cEst\u00e1vamos selecionando os artes\u00e3os para as feiras, sem antes saber qual o produto deles. Ent\u00e3o, essa reuni\u00e3o foi um momento de nos conhecermos para saber com o que cada um trabalha, visando segmentar os neg\u00f3cios e principalmente para trabalhar com os artigos da melhor forma poss\u00edvel. Al\u00e9m de trabalhar com a economia criativa, nosso intuito \u00e9 qualific\u00e1-los\u201d, descreve a diretora do Desc, Silvia Jane.<\/p>\n\n\n\n<p>Para a artes\u00e3 Deborah Costa, que trabalha h\u00e1 quatro anos com artesanato criativo e sublima\u00e7\u00e3o, a profiss\u00e3o trouxe muito mais uma renda. \u201cO artesanato me salvou. Eu sofria de depress\u00e3o quando decidi empreender no ramo. A Prefeitura de Manaus me abriu uma oportunidade de ir para feiras. Tenho me dedicado bastante para aperfei\u00e7oar meu trabalho, porque as pessoas me procuram muito\u201d, explica.<\/p>\n\n\n\n<p><strong>Qualifica\u00e7\u00e3o Empreendedora<\/strong><\/p>\n\n\n\n<p>Al\u00e9m das feiras de artesanato itinerante, realizadas semanalmente em diversos pontos de Manaus, os artes\u00e3os tamb\u00e9m participam de atividades para aperfei\u00e7oar o trabalho desenvolvido.<\/p>\n\n\n\n<p>Em parceria com o Servi\u00e7o Nacional de Aprendizagem Comercial (Senac), mais de 90 empreendedores j\u00e1 realizaram cursos de \u201cVenda por WhatsApp&#8221;, &#8220;Venda pelo Instagram&#8221;, &#8220;Atendimento ao P\u00fablico&#8221;, &#8220;Inform\u00e1tica B\u00e1sica\u201d e \u201cCria\u00e7\u00e3o de cart\u00e3o de visita\u201d. Essas iniciativas visam capacitar ainda mais os artes\u00e3os e impulsionar seus neg\u00f3cios de forma inovadora.<\/p>\n\n\n\n<p>&#8212; &#8212; &#8212;<\/p>\n\n\n\n<p><strong>Texto <\/strong>\u2013 Fabiane Monteiro \/ Semtepi<\/p>\n\n\n\n<p><strong>Foto &#8211;\u00a0 <\/strong>Divulga\u00e7\u00e3o \/ Semtepi<\/p>\n","protected":false},"excerpt":{"rendered":"","protected":false},"author":39,"featured_media":2399,"comment_status":"closed","ping_status":"closed","sticky":false,"template":"","format":"standard","meta":{"footnotes":""},"categories":[418],"tags":[427,428,429,8,430,9,431],"acf":[],"yoast_head":"<!-- This site is optimized with the Yoast SEO plugin v23.0 - https:\/\/yoast.com\/wordpress\/plugins\/seo\/ -->\n<title>Prefeitura de Manaus promove reuni\u00e3o estrat\u00e9gica com mais de 100 artes\u00e3os<\/title>\n<meta name=\"description\" content=\"A Prefeitura de Manaus, por meio da Secretaria Municipal do Trabalho, Empreendedorismo e Inova\u00e7\u00e3o (Semtepi), promoveu, na manh\u00e3 desta quarta-feira, 2\/8, uma reuni\u00e3o com os artes\u00e3os cadastrados para alinhar os pr\u00f3ximos eventos e as feiras de artesanato itinerantes. O encontro reuniu 164 artes\u00e3os no coworking do Casar\u00e3o da Inova\u00e7\u00e3o Cassina, localizado no centro hist\u00f3rico da capital.\" \/>\n<meta name=\"robots\" content=\"noindex, follow\" \/>\n<meta property=\"og:locale\" content=\"pt_BR\" \/>\n<meta property=\"og:type\" content=\"article\" \/>\n<meta property=\"og:title\" content=\"Prefeitura de Manaus promove reuni\u00e3o estrat\u00e9gica com mais de 100 artes\u00e3os\" \/>\n<meta property=\"og:description\" content=\"A Prefeitura de Manaus, por meio da Secretaria Municipal do Trabalho, Empreendedorismo e Inova\u00e7\u00e3o (Semtepi), promoveu, na manh\u00e3 desta quarta-feira, 2\/8, uma reuni\u00e3o com os artes\u00e3os cadastrados para alinhar os pr\u00f3ximos eventos e as feiras de artesanato itinerantes. O encontro reuniu 164 artes\u00e3os no coworking do Casar\u00e3o da Inova\u00e7\u00e3o Cassina, localizado no centro hist\u00f3rico da capital.\" \/>\n<meta property=\"og:url\" content=\"https:\/\/www.manaus.am.gov.br\/semtepi\/reuniao\/prefeitura-de-manaus-promove-reuniao-estrategica-com-mais-de-100-artesaos\/\" \/>\n<meta property=\"og:site_name\" content=\"SEMTEPI\" \/>\n<meta property=\"article:published_time\" content=\"2023-08-02T19:51:23+00:00\" \/>\n<meta property=\"article:modified_time\" content=\"2023-08-02T19:51:25+00:00\" \/>\n<meta property=\"og:image\" content=\"https:\/\/www.manaus.am.gov.br\/semtepi\/wp-content\/uploads\/sites\/20\/2023\/08\/Reuniao-estrategica-com-os-artesaos-1.jpeg\" \/>\n\t<meta property=\"og:image:width\" content=\"1600\" \/>\n\t<meta property=\"og:image:height\" content=\"720\" \/>\n\t<meta property=\"og:image:type\" content=\"image\/jpeg\" \/>\n<meta name=\"author\" content=\"Bruna Greco\" \/>\n<meta name=\"twitter:card\" content=\"summary_large_image\" \/>\n<meta name=\"twitter:label1\" content=\"Written by\" \/>\n\t<meta name=\"twitter:data1\" content=\"Bruna Greco\" \/>\n\t<meta name=\"twitter:label2\" content=\"Est. reading time\" \/>\n\t<meta name=\"twitter:data2\" content=\"3 minutos\" \/>\n<script type=\"application\/ld+json\" class=\"yoast-schema-graph\">{\"@context\":\"https:\/\/schema.org\",\"@graph\":[{\"@type\":\"Article\",\"@id\":\"https:\/\/www.manaus.am.gov.br\/semtepi\/reuniao\/prefeitura-de-manaus-promove-reuniao-estrategica-com-mais-de-100-artesaos\/#article\",\"isPartOf\":{\"@id\":\"https:\/\/www.manaus.am.gov.br\/semtepi\/reuniao\/prefeitura-de-manaus-promove-reuniao-estrategica-com-mais-de-100-artesaos\/\"},\"author\":{\"name\":\"Bruna Greco\",\"@id\":\"https:\/\/www.manaus.am.gov.br\/semtepi\/#\/schema\/person\/05d223aea2bf115f9883a6ff3683d81b\"},\"headline\":\"Prefeitura de Manaus promove reuni\u00e3o estrat\u00e9gica com mais de 100 artes\u00e3os\",\"datePublished\":\"2023-08-02T19:51:23+00:00\",\"dateModified\":\"2023-08-02T19:51:25+00:00\",\"mainEntityOfPage\":{\"@id\":\"https:\/\/www.manaus.am.gov.br\/semtepi\/reuniao\/prefeitura-de-manaus-promove-reuniao-estrategica-com-mais-de-100-artesaos\/\"},\"wordCount\":472,\"publisher\":{\"@id\":\"https:\/\/www.manaus.am.gov.br\/semtepi\/#organization\"},\"image\":{\"@id\":\"https:\/\/www.manaus.am.gov.br\/semtepi\/reuniao\/prefeitura-de-manaus-promove-reuniao-estrategica-com-mais-de-100-artesaos\/#primaryimage\"},\"thumbnailUrl\":\"https:\/\/www.manaus.am.gov.br\/semtepi\/wp-content\/uploads\/sites\/20\/2023\/08\/Reuniao-estrategica-com-os-artesaos-1.jpeg\",\"keywords\":[\"164 artes\u00e3os\",\"departamento de Economia Solid\u00e1ria e Criativa (Desc)\",\"nichos de atua\u00e7\u00e3o de cada artes\u00e3o\",\"prefeitura de manaus\",\"reuni\u00e3o estrat\u00e9gica\",\"Semtepi\",\"Servi\u00e7o Nacional de Aprendizagem Comercial (Senac)\"],\"articleSection\":[\"Reuni\u00e3o\"],\"inLanguage\":\"pt-BR\"},{\"@type\":\"WebPage\",\"@id\":\"https:\/\/www.manaus.am.gov.br\/semtepi\/reuniao\/prefeitura-de-manaus-promove-reuniao-estrategica-com-mais-de-100-artesaos\/\",\"url\":\"https:\/\/www.manaus.am.gov.br\/semtepi\/reuniao\/prefeitura-de-manaus-promove-reuniao-estrategica-com-mais-de-100-artesaos\/\",\"name\":\"Prefeitura de Manaus promove reuni\u00e3o estrat\u00e9gica com mais de 100 artes\u00e3os\",\"isPartOf\":{\"@id\":\"https:\/\/www.manaus.am.gov.br\/semtepi\/#website\"},\"primaryImageOfPage\":{\"@id\":\"https:\/\/www.manaus.am.gov.br\/semtepi\/reuniao\/prefeitura-de-manaus-promove-reuniao-estrategica-com-mais-de-100-artesaos\/#primaryimage\"},\"image\":{\"@id\":\"https:\/\/www.manaus.am.gov.br\/semtepi\/reuniao\/prefeitura-de-manaus-promove-reuniao-estrategica-com-mais-de-100-artesaos\/#primaryimage\"},\"thumbnailUrl\":\"https:\/\/www.manaus.am.gov.br\/semtepi\/wp-content\/uploads\/sites\/20\/2023\/08\/Reuniao-estrategica-com-os-artesaos-1.jpeg\",\"datePublished\":\"2023-08-02T19:51:23+00:00\",\"dateModified\":\"2023-08-02T19:51:25+00:00\",\"description\":\"A Prefeitura de Manaus, por meio da Secretaria Municipal do Trabalho, Empreendedorismo e Inova\u00e7\u00e3o (Semtepi), promoveu, na manh\u00e3 desta quarta-feira, 2\/8, uma reuni\u00e3o com os artes\u00e3os cadastrados para alinhar os pr\u00f3ximos eventos e as feiras de artesanato itinerantes. O encontro reuniu 164 artes\u00e3os no coworking do Casar\u00e3o da Inova\u00e7\u00e3o Cassina, localizado no centro hist\u00f3rico da capital.\",\"breadcrumb\":{\"@id\":\"https:\/\/www.manaus.am.gov.br\/semtepi\/reuniao\/prefeitura-de-manaus-promove-reuniao-estrategica-com-mais-de-100-artesaos\/#breadcrumb\"},\"inLanguage\":\"pt-BR\",\"potentialAction\":[{\"@type\":\"ReadAction\",\"target\":[\"https:\/\/www.manaus.am.gov.br\/semtepi\/reuniao\/prefeitura-de-manaus-promove-reuniao-estrategica-com-mais-de-100-artesaos\/\"]}]},{\"@type\":\"ImageObject\",\"inLanguage\":\"pt-BR\",\"@id\":\"https:\/\/www.manaus.am.gov.br\/semtepi\/reuniao\/prefeitura-de-manaus-promove-reuniao-estrategica-com-mais-de-100-artesaos\/#primaryimage\",\"url\":\"https:\/\/www.manaus.am.gov.br\/semtepi\/wp-content\/uploads\/sites\/20\/2023\/08\/Reuniao-estrategica-com-os-artesaos-1.jpeg\",\"contentUrl\":\"https:\/\/www.manaus.am.gov.br\/semtepi\/wp-content\/uploads\/sites\/20\/2023\/08\/Reuniao-estrategica-com-os-artesaos-1.jpeg\",\"width\":1600,\"height\":720},{\"@type\":\"BreadcrumbList\",\"@id\":\"https:\/\/www.manaus.am.gov.br\/semtepi\/reuniao\/prefeitura-de-manaus-promove-reuniao-estrategica-com-mais-de-100-artesaos\/#breadcrumb\",\"itemListElement\":[{\"@type\":\"ListItem\",\"position\":1,\"name\":\"Home\",\"item\":\"https:\/\/www.manaus.am.gov.br\/semtepi\/\"},{\"@type\":\"ListItem\",\"position\":2,\"name\":\"Prefeitura de Manaus promove reuni\u00e3o estrat\u00e9gica com mais de 100 artes\u00e3os\"}]},{\"@type\":\"WebSite\",\"@id\":\"https:\/\/www.manaus.am.gov.br\/semtepi\/#website\",\"url\":\"https:\/\/www.manaus.am.gov.br\/semtepi\/\",\"name\":\"SEMTEPI\",\"description\":\"Prefeitura de Manaus\",\"publisher\":{\"@id\":\"https:\/\/www.manaus.am.gov.br\/semtepi\/#organization\"},\"alternateName\":\"Secretaria Municipal do Trabalho, Empreendedorismo e Inova\u00e7\u00e3o\",\"potentialAction\":[{\"@type\":\"SearchAction\",\"target\":{\"@type\":\"EntryPoint\",\"urlTemplate\":\"https:\/\/www.manaus.am.gov.br\/semtepi\/?s={search_term_string}\"},\"query-input\":\"required name=search_term_string\"}],\"inLanguage\":\"pt-BR\"},{\"@type\":\"Organization\",\"@id\":\"https:\/\/www.manaus.am.gov.br\/semtepi\/#organization\",\"name\":\"Prefeitura Municipal de Manaus\",\"alternateName\":\"Prefeitura de Manaus\",\"url\":\"https:\/\/www.manaus.am.gov.br\/semtepi\/\",\"logo\":{\"@type\":\"ImageObject\",\"inLanguage\":\"pt-BR\",\"@id\":\"https:\/\/www.manaus.am.gov.br\/semtepi\/#\/schema\/logo\/image\/\",\"url\":\"https:\/\/www.manaus.am.gov.br\/semtepi\/wp-content\/uploads\/sites\/20\/2024\/07\/favicon.png\",\"contentUrl\":\"https:\/\/www.manaus.am.gov.br\/semtepi\/wp-content\/uploads\/sites\/20\/2024\/07\/favicon.png\",\"width\":300,\"height\":300,\"caption\":\"Prefeitura Municipal de Manaus\"},\"image\":{\"@id\":\"https:\/\/www.manaus.am.gov.br\/semtepi\/#\/schema\/logo\/image\/\"}},{\"@type\":\"Person\",\"@id\":\"https:\/\/www.manaus.am.gov.br\/semtepi\/#\/schema\/person\/05d223aea2bf115f9883a6ff3683d81b\",\"name\":\"Bruna Greco\",\"image\":{\"@type\":\"ImageObject\",\"inLanguage\":\"pt-BR\",\"@id\":\"https:\/\/www.manaus.am.gov.br\/semtepi\/#\/schema\/person\/image\/\",\"url\":\"https:\/\/secure.gravatar.com\/avatar\/9c877d1a6adc2a055330e5c09a8653ce?s=96&d=mm&r=g\",\"contentUrl\":\"https:\/\/secure.gravatar.com\/avatar\/9c877d1a6adc2a055330e5c09a8653ce?s=96&d=mm&r=g\",\"caption\":\"Bruna Greco\"}}]}<\/script>\n<!-- \/ Yoast SEO plugin. -->","yoast_head_json":{"title":"Prefeitura de Manaus promove reuni\u00e3o estrat\u00e9gica com mais de 100 artes\u00e3os","description":"A Prefeitura de Manaus, por meio da Secretaria Municipal do Trabalho, Empreendedorismo e Inova\u00e7\u00e3o (Semtepi), promoveu, na manh\u00e3 desta quarta-feira, 2\/8, uma reuni\u00e3o com os artes\u00e3os cadastrados para alinhar os pr\u00f3ximos eventos e as feiras de artesanato itinerantes. O encontro reuniu 164 artes\u00e3os no coworking do Casar\u00e3o da Inova\u00e7\u00e3o Cassina, localizado no centro hist\u00f3rico da capital.","robots":{"index":"noindex","follow":"follow"},"og_locale":"pt_BR","og_type":"article","og_title":"Prefeitura de Manaus promove reuni\u00e3o estrat\u00e9gica com mais de 100 artes\u00e3os","og_description":"A Prefeitura de Manaus, por meio da Secretaria Municipal do Trabalho, Empreendedorismo e Inova\u00e7\u00e3o (Semtepi), promoveu, na manh\u00e3 desta quarta-feira, 2\/8, uma reuni\u00e3o com os artes\u00e3os cadastrados para alinhar os pr\u00f3ximos eventos e as feiras de artesanato itinerantes. O encontro reuniu 164 artes\u00e3os no coworking do Casar\u00e3o da Inova\u00e7\u00e3o Cassina, localizado no centro hist\u00f3rico da capital.","og_url":"https:\/\/www.manaus.am.gov.br\/semtepi\/reuniao\/prefeitura-de-manaus-promove-reuniao-estrategica-com-mais-de-100-artesaos\/","og_site_name":"SEMTEPI","article_published_time":"2023-08-02T19:51:23+00:00","article_modified_time":"2023-08-02T19:51:25+00:00","og_image":[{"width":1600,"height":720,"url":"https:\/\/www.manaus.am.gov.br\/semtepi\/wp-content\/uploads\/sites\/20\/2023\/08\/Reuniao-estrategica-com-os-artesaos-1.jpeg","type":"image\/jpeg"}],"author":"Bruna Greco","twitter_card":"summary_large_image","twitter_misc":{"Written by":"Bruna Greco","Est. reading time":"3 minutos"},"schema":{"@context":"https:\/\/schema.org","@graph":[{"@type":"Article","@id":"https:\/\/www.manaus.am.gov.br\/semtepi\/reuniao\/prefeitura-de-manaus-promove-reuniao-estrategica-com-mais-de-100-artesaos\/#article","isPartOf":{"@id":"https:\/\/www.manaus.am.gov.br\/semtepi\/reuniao\/prefeitura-de-manaus-promove-reuniao-estrategica-com-mais-de-100-artesaos\/"},"author":{"name":"Bruna Greco","@id":"https:\/\/www.manaus.am.gov.br\/semtepi\/#\/schema\/person\/05d223aea2bf115f9883a6ff3683d81b"},"headline":"Prefeitura de Manaus promove reuni\u00e3o estrat\u00e9gica com mais de 100 artes\u00e3os","datePublished":"2023-08-02T19:51:23+00:00","dateModified":"2023-08-02T19:51:25+00:00","mainEntityOfPage":{"@id":"https:\/\/www.manaus.am.gov.br\/semtepi\/reuniao\/prefeitura-de-manaus-promove-reuniao-estrategica-com-mais-de-100-artesaos\/"},"wordCount":472,"publisher":{"@id":"https:\/\/www.manaus.am.gov.br\/semtepi\/#organization"},"image":{"@id":"https:\/\/www.manaus.am.gov.br\/semtepi\/reuniao\/prefeitura-de-manaus-promove-reuniao-estrategica-com-mais-de-100-artesaos\/#primaryimage"},"thumbnailUrl":"https:\/\/www.manaus.am.gov.br\/semtepi\/wp-content\/uploads\/sites\/20\/2023\/08\/Reuniao-estrategica-com-os-artesaos-1.jpeg","keywords":["164 artes\u00e3os","departamento de Economia Solid\u00e1ria e Criativa (Desc)","nichos de atua\u00e7\u00e3o de cada artes\u00e3o","prefeitura de manaus","reuni\u00e3o estrat\u00e9gica","Semtepi","Servi\u00e7o Nacional de Aprendizagem Comercial (Senac)"],"articleSection":["Reuni\u00e3o"],"inLanguage":"pt-BR"},{"@type":"WebPage","@id":"https:\/\/www.manaus.am.gov.br\/semtepi\/reuniao\/prefeitura-de-manaus-promove-reuniao-estrategica-com-mais-de-100-artesaos\/","url":"https:\/\/www.manaus.am.gov.br\/semtepi\/reuniao\/prefeitura-de-manaus-promove-reuniao-estrategica-com-mais-de-100-artesaos\/","name":"Prefeitura de Manaus promove reuni\u00e3o estrat\u00e9gica com mais de 100 artes\u00e3os","isPartOf":{"@id":"https:\/\/www.manaus.am.gov.br\/semtepi\/#website"},"primaryImageOfPage":{"@id":"https:\/\/www.manaus.am.gov.br\/semtepi\/reuniao\/prefeitura-de-manaus-promove-reuniao-estrategica-com-mais-de-100-artesaos\/#primaryimage"},"image":{"@id":"https:\/\/www.manaus.am.gov.br\/semtepi\/reuniao\/prefeitura-de-manaus-promove-reuniao-estrategica-com-mais-de-100-artesaos\/#primaryimage"},"thumbnailUrl":"https:\/\/www.manaus.am.gov.br\/semtepi\/wp-content\/uploads\/sites\/20\/2023\/08\/Reuniao-estrategica-com-os-artesaos-1.jpeg","datePublished":"2023-08-02T19:51:23+00:00","dateModified":"2023-08-02T19:51:25+00:00","description":"A Prefeitura de Manaus, por meio da Secretaria Municipal do Trabalho, Empreendedorismo e Inova\u00e7\u00e3o (Semtepi), promoveu, na manh\u00e3 desta quarta-feira, 2\/8, uma reuni\u00e3o com os artes\u00e3os cadastrados para alinhar os pr\u00f3ximos eventos e as feiras de artesanato itinerantes. O encontro reuniu 164 artes\u00e3os no coworking do Casar\u00e3o da Inova\u00e7\u00e3o Cassina, localizado no centro hist\u00f3rico da capital.","breadcrumb":{"@id":"https:\/\/www.manaus.am.gov.br\/semtepi\/reuniao\/prefeitura-de-manaus-promove-reuniao-estrategica-com-mais-de-100-artesaos\/#breadcrumb"},"inLanguage":"pt-BR","potentialAction":[{"@type":"ReadAction","target":["https:\/\/www.manaus.am.gov.br\/semtepi\/reuniao\/prefeitura-de-manaus-promove-reuniao-estrategica-com-mais-de-100-artesaos\/"]}]},{"@type":"ImageObject","inLanguage":"pt-BR","@id":"https:\/\/www.manaus.am.gov.br\/semtepi\/reuniao\/prefeitura-de-manaus-promove-reuniao-estrategica-com-mais-de-100-artesaos\/#primaryimage","url":"https:\/\/www.manaus.am.gov.br\/semtepi\/wp-content\/uploads\/sites\/20\/2023\/08\/Reuniao-estrategica-com-os-artesaos-1.jpeg","contentUrl":"https:\/\/www.manaus.am.gov.br\/semtepi\/wp-content\/uploads\/sites\/20\/2023\/08\/Reuniao-estrategica-com-os-artesaos-1.jpeg","width":1600,"height":720},{"@type":"BreadcrumbList","@id":"https:\/\/www.manaus.am.gov.br\/semtepi\/reuniao\/prefeitura-de-manaus-promove-reuniao-estrategica-com-mais-de-100-artesaos\/#breadcrumb","itemListElement":[{"@type":"ListItem","position":1,"name":"Home","item":"https:\/\/www.manaus.am.gov.br\/semtepi\/"},{"@type":"ListItem","position":2,"name":"Prefeitura de Manaus promove reuni\u00e3o estrat\u00e9gica com mais de 100 artes\u00e3os"}]},{"@type":"WebSite","@id":"https:\/\/www.manaus.am.gov.br\/semtepi\/#website","url":"https:\/\/www.manaus.am.gov.br\/semtepi\/","name":"SEMTEPI","description":"Prefeitura de Manaus","publisher":{"@id":"https:\/\/www.manaus.am.gov.br\/semtepi\/#organization"},"alternateName":"Secretaria Municipal do Trabalho, Empreendedorismo e Inova\u00e7\u00e3o","potentialAction":[{"@type":"SearchAction","target":{"@type":"EntryPoint","urlTemplate":"https:\/\/www.manaus.am.gov.br\/semtepi\/?s={search_term_string}"},"query-input":"required name=search_term_string"}],"inLanguage":"pt-BR"},{"@type":"Organization","@id":"https:\/\/www.manaus.am.gov.br\/semtepi\/#organization","name":"Prefeitura Municipal de Manaus","alternateName":"Prefeitura de Manaus","url":"https:\/\/www.manaus.am.gov.br\/semtepi\/","logo":{"@type":"ImageObject","inLanguage":"pt-BR","@id":"https:\/\/www.manaus.am.gov.br\/semtepi\/#\/schema\/logo\/image\/","url":"https:\/\/www.manaus.am.gov.br\/semtepi\/wp-content\/uploads\/sites\/20\/2024\/07\/favicon.png","contentUrl":"https:\/\/www.manaus.am.gov.br\/semtepi\/wp-content\/uploads\/sites\/20\/2024\/07\/favicon.png","width":300,"height":300,"caption":"Prefeitura Municipal de Manaus"},"image":{"@id":"https:\/\/www.manaus.am.gov.br\/semtepi\/#\/schema\/logo\/image\/"}},{"@type":"Person","@id":"https:\/\/www.manaus.am.gov.br\/semtepi\/#\/schema\/person\/05d223aea2bf115f9883a6ff3683d81b","name":"Bruna Greco","image":{"@type":"ImageObject","inLanguage":"pt-BR","@id":"https:\/\/www.manaus.am.gov.br\/semtepi\/#\/schema\/person\/image\/","url":"https:\/\/secure.gravatar.com\/avatar\/9c877d1a6adc2a055330e5c09a8653ce?s=96&d=mm&r=g","contentUrl":"https:\/\/secure.gravatar.com\/avatar\/9c877d1a6adc2a055330e5c09a8653ce?s=96&d=mm&r=g","caption":"Bruna Greco"}}]}},"_links":{"self":[{"href":"https:\/\/www.manaus.am.gov.br\/semtepi\/wp-json\/wp\/v2\/posts\/2398"}],"collection":[{"href":"https:\/\/www.manaus.am.gov.br\/semtepi\/wp-json\/wp\/v2\/posts"}],"about":[{"href":"https:\/\/www.manaus.am.gov.br\/semtepi\/wp-json\/wp\/v2\/types\/post"}],"author":[{"embeddable":true,"href":"https:\/\/www.manaus.am.gov.br\/semtepi\/wp-json\/wp\/v2\/users\/39"}],"replies":[{"embeddable":true,"href":"https:\/\/www.manaus.am.gov.br\/semtepi\/wp-json\/wp\/v2\/comments?post=2398"}],"version-history":[{"count":0,"href":"https:\/\/www.manaus.am.gov.br\/semtepi\/wp-json\/wp\/v2\/posts\/2398\/revisions"}],"wp:featuredmedia":[{"embeddable":true,"href":"https:\/\/www.manaus.am.gov.br\/semtepi\/wp-json\/wp\/v2\/media\/2399"}],"wp:attachment":[{"href":"https:\/\/www.manaus.am.gov.br\/semtepi\/wp-json\/wp\/v2\/media?parent=2398"}],"wp:term":[{"taxonomy":"category","embeddable":true,"href":"https:\/\/www.manaus.am.gov.br\/semtepi\/wp-json\/wp\/v2\/categories?post=2398"},{"taxonomy":"post_tag","embeddable":true,"href":"https:\/\/www.manaus.am.gov.br\/semtepi\/wp-json\/wp\/v2\/tags?post=2398"}],"curies":[{"name":"wp","href":"https:\/\/api.w.org\/{rel}","templated":true}]}}