{"id":2382,"date":"2023-07-28T11:27:15","date_gmt":"2023-07-28T15:27:15","guid":{"rendered":"https:\/\/www.manaus.am.gov.br\/semtepi\/sem-categoria\/tardezinha-na-casa-de-praia-zezinho-correa-recebe-banda-de-pagode-manauara\/"},"modified":"2023-07-28T11:27:16","modified_gmt":"2023-07-28T15:27:16","slug":"tardezinha-na-casa-de-praia-zezinho-correa-recebe-banda-de-pagode-manauara","status":"publish","type":"post","link":"https:\/\/www.manaus.am.gov.br\/semtepi\/programacao\/tardezinha-na-casa-de-praia-zezinho-correa-recebe-banda-de-pagode-manauara\/","title":{"rendered":"<strong>Tardezinha na Casa de Praia Zezinho Corr\u00eaa recebe banda de pagode manauara<\/strong>"},"content":{"rendered":"\n<p>A Casa de Praia Zezinho Corr\u00eaa recebe, neste domingo, 30\/7, uma programa\u00e7\u00e3o especial para o p\u00fablico, a partir das 18h. O espa\u00e7o \u00e9 administrado pela Prefeitura de Manaus, por meio da Secretaria Municipal do Trabalho, Empreendedorismo e Inova\u00e7\u00e3o (Semtepi), e est\u00e1 localizado no complexo tur\u00edstico da Ponta Negra, zona Oeste da capital.<\/p>\n\n\n\n<p>Com entrada gratuita, a Casa de Praia ser\u00e1 palco da banda de pagode manauara &#8220;Loka Tenta\u00e7\u00e3o&#8221; e do cantor Randerson Couto. Desde a inaugura\u00e7\u00e3o, mais de 30 artistas, entre nacionais e regionais, tiveram a oportunidade de apresentar seus trabalhos ao p\u00fablico, fortalecendo a cena musical local.<\/p>\n\n\n\n<p>\u201cEssa valoriza\u00e7\u00e3o da cultura local na gest\u00e3o do prefeito David Almeida tem sido um dos pontos fortes da Casa de Praia Zezinho Corr\u00eaa, conquistando o cora\u00e7\u00e3o do p\u00fablico e fortalecendo a identidade cultural da cidade\u201d,&nbsp;afirmou o titular da Semtepi, Radyr J\u00fanior.<\/p>\n\n\n\n<p>&#8212; &#8212; &#8212;<\/p>\n\n\n\n<p><strong>Texto \u2013&nbsp;<\/strong>Divulga\u00e7\u00e3o \/ Semtepi<\/p>\n\n\n\n<p><strong>Fotos \u2013&nbsp;<\/strong>Phil Limma, Dhyeizo Lemos e Jo\u00e3o Viana \/ Arquivo Semcom<\/p>\n\n\n\n<p><strong>Dispon\u00edveis &#8211;<\/strong>&nbsp;<a href=\"https:\/\/flic.kr\/s\/aHBqjAMB1N\" target=\"_blank\" rel=\"noreferrer noopener\">https:\/\/flic.kr\/s\/aHBqjAMB1N<\/a>&nbsp;e&nbsp;<a href=\"https:\/\/flic.kr\/s\/aHBqjAGzex\" target=\"_blank\" rel=\"noreferrer noopener\">https:\/\/flic.kr\/s\/aHBqjAGzex<\/a><\/p>\n","protected":false},"excerpt":{"rendered":"","protected":false},"author":24,"featured_media":2383,"comment_status":"closed","ping_status":"closed","sticky":false,"template":"","format":"standard","meta":{"footnotes":""},"categories":[209],"tags":[421,212,32,422,423,178,8,216,34,9,358],"acf":[],"yoast_head":"<!-- This site is optimized with the Yoast SEO plugin v23.0 - https:\/\/yoast.com\/wordpress\/plugins\/seo\/ -->\n<title>Tardezinha na Casa de Praia Zezinho Corr\u00eaa recebe banda de pagode manauara - SEMTEPI<\/title>\n<meta name=\"description\" content=\"A Casa de Praia Zezinho Corr\u00eaa recebe, neste domingo, 30\/7, uma programa\u00e7\u00e3o especial para o p\u00fablico, a partir das 18h.\" \/>\n<meta name=\"robots\" content=\"noindex, follow\" \/>\n<meta property=\"og:locale\" content=\"pt_BR\" \/>\n<meta property=\"og:type\" content=\"article\" \/>\n<meta property=\"og:title\" content=\"Tardezinha na Casa de Praia Zezinho Corr\u00eaa recebe banda de pagode manauara - SEMTEPI\" \/>\n<meta property=\"og:description\" content=\"A Casa de Praia Zezinho Corr\u00eaa recebe, neste domingo, 30\/7, uma programa\u00e7\u00e3o especial para o p\u00fablico, a partir das 18h.\" \/>\n<meta property=\"og:url\" content=\"https:\/\/www.manaus.am.gov.br\/semtepi\/programacao\/tardezinha-na-casa-de-praia-zezinho-correa-recebe-banda-de-pagode-manauara\/\" \/>\n<meta property=\"og:site_name\" content=\"SEMTEPI\" \/>\n<meta property=\"article:published_time\" content=\"2023-07-28T15:27:15+00:00\" \/>\n<meta property=\"article:modified_time\" content=\"2023-07-28T15:27:16+00:00\" \/>\n<meta property=\"og:image\" content=\"https:\/\/www.manaus.am.gov.br\/semtepi\/wp-content\/uploads\/sites\/20\/2023\/07\/Tardezinha-na-Casa-de-Praia-Zezinho-Correa-recebe-banda-de-pagode-manauara-2-1024x683.jpg\" \/>\n\t<meta property=\"og:image:width\" content=\"1024\" \/>\n\t<meta property=\"og:image:height\" content=\"683\" \/>\n\t<meta property=\"og:image:type\" content=\"image\/jpeg\" \/>\n<meta name=\"author\" content=\"Cl\u00e1udia Barbosa\" \/>\n<meta name=\"twitter:card\" content=\"summary_large_image\" \/>\n<meta name=\"twitter:label1\" content=\"Written by\" \/>\n\t<meta name=\"twitter:data1\" content=\"Cl\u00e1udia Barbosa\" \/>\n\t<meta name=\"twitter:label2\" content=\"Est. reading time\" \/>\n\t<meta name=\"twitter:data2\" content=\"1 minuto\" \/>\n<script type=\"application\/ld+json\" class=\"yoast-schema-graph\">{\"@context\":\"https:\/\/schema.org\",\"@graph\":[{\"@type\":\"Article\",\"@id\":\"https:\/\/www.manaus.am.gov.br\/semtepi\/programacao\/tardezinha-na-casa-de-praia-zezinho-correa-recebe-banda-de-pagode-manauara\/#article\",\"isPartOf\":{\"@id\":\"https:\/\/www.manaus.am.gov.br\/semtepi\/programacao\/tardezinha-na-casa-de-praia-zezinho-correa-recebe-banda-de-pagode-manauara\/\"},\"author\":{\"name\":\"Cl\u00e1udia Barbosa\",\"@id\":\"https:\/\/www.manaus.am.gov.br\/semtepi\/#\/schema\/person\/d0a166b5031154c33c77794ddc9a827e\"},\"headline\":\"Tardezinha na Casa de Praia Zezinho Corr\u00eaa recebe banda de pagode manauara\",\"datePublished\":\"2023-07-28T15:27:15+00:00\",\"dateModified\":\"2023-07-28T15:27:16+00:00\",\"mainEntityOfPage\":{\"@id\":\"https:\/\/www.manaus.am.gov.br\/semtepi\/programacao\/tardezinha-na-casa-de-praia-zezinho-correa-recebe-banda-de-pagode-manauara\/\"},\"wordCount\":204,\"publisher\":{\"@id\":\"https:\/\/www.manaus.am.gov.br\/semtepi\/#organization\"},\"image\":{\"@id\":\"https:\/\/www.manaus.am.gov.br\/semtepi\/programacao\/tardezinha-na-casa-de-praia-zezinho-correa-recebe-banda-de-pagode-manauara\/#primaryimage\"},\"thumbnailUrl\":\"https:\/\/www.manaus.am.gov.br\/semtepi\/wp-content\/uploads\/sites\/20\/2023\/07\/Tardezinha-na-Casa-de-Praia-Zezinho-Correa-recebe-banda-de-pagode-manauara-2.jpg\",\"keywords\":[\"cantor Randerson Costa\",\"Casa de Praia Zezinho Corr\u00eaa\",\"David Almeida\",\"Loka Tenta\u00e7\u00e3o\",\"pagode manauara\",\"ponta negra\",\"prefeitura de manaus\",\"programa\u00e7\u00e3o\",\"Radyr J\u00fanior\",\"Semtepi\",\"show\"],\"articleSection\":[\"Programa\u00e7\u00e3o\"],\"inLanguage\":\"pt-BR\"},{\"@type\":\"WebPage\",\"@id\":\"https:\/\/www.manaus.am.gov.br\/semtepi\/programacao\/tardezinha-na-casa-de-praia-zezinho-correa-recebe-banda-de-pagode-manauara\/\",\"url\":\"https:\/\/www.manaus.am.gov.br\/semtepi\/programacao\/tardezinha-na-casa-de-praia-zezinho-correa-recebe-banda-de-pagode-manauara\/\",\"name\":\"Tardezinha na Casa de Praia Zezinho Corr\u00eaa recebe banda de pagode manauara - SEMTEPI\",\"isPartOf\":{\"@id\":\"https:\/\/www.manaus.am.gov.br\/semtepi\/#website\"},\"primaryImageOfPage\":{\"@id\":\"https:\/\/www.manaus.am.gov.br\/semtepi\/programacao\/tardezinha-na-casa-de-praia-zezinho-correa-recebe-banda-de-pagode-manauara\/#primaryimage\"},\"image\":{\"@id\":\"https:\/\/www.manaus.am.gov.br\/semtepi\/programacao\/tardezinha-na-casa-de-praia-zezinho-correa-recebe-banda-de-pagode-manauara\/#primaryimage\"},\"thumbnailUrl\":\"https:\/\/www.manaus.am.gov.br\/semtepi\/wp-content\/uploads\/sites\/20\/2023\/07\/Tardezinha-na-Casa-de-Praia-Zezinho-Correa-recebe-banda-de-pagode-manauara-2.jpg\",\"datePublished\":\"2023-07-28T15:27:15+00:00\",\"dateModified\":\"2023-07-28T15:27:16+00:00\",\"description\":\"A Casa de Praia Zezinho Corr\u00eaa recebe, neste domingo, 30\/7, uma programa\u00e7\u00e3o especial para o p\u00fablico, a partir das 18h.\",\"breadcrumb\":{\"@id\":\"https:\/\/www.manaus.am.gov.br\/semtepi\/programacao\/tardezinha-na-casa-de-praia-zezinho-correa-recebe-banda-de-pagode-manauara\/#breadcrumb\"},\"inLanguage\":\"pt-BR\",\"potentialAction\":[{\"@type\":\"ReadAction\",\"target\":[\"https:\/\/www.manaus.am.gov.br\/semtepi\/programacao\/tardezinha-na-casa-de-praia-zezinho-correa-recebe-banda-de-pagode-manauara\/\"]}]},{\"@type\":\"ImageObject\",\"inLanguage\":\"pt-BR\",\"@id\":\"https:\/\/www.manaus.am.gov.br\/semtepi\/programacao\/tardezinha-na-casa-de-praia-zezinho-correa-recebe-banda-de-pagode-manauara\/#primaryimage\",\"url\":\"https:\/\/www.manaus.am.gov.br\/semtepi\/wp-content\/uploads\/sites\/20\/2023\/07\/Tardezinha-na-Casa-de-Praia-Zezinho-Correa-recebe-banda-de-pagode-manauara-2.jpg\",\"contentUrl\":\"https:\/\/www.manaus.am.gov.br\/semtepi\/wp-content\/uploads\/sites\/20\/2023\/07\/Tardezinha-na-Casa-de-Praia-Zezinho-Correa-recebe-banda-de-pagode-manauara-2.jpg\",\"width\":7680,\"height\":5120},{\"@type\":\"BreadcrumbList\",\"@id\":\"https:\/\/www.manaus.am.gov.br\/semtepi\/programacao\/tardezinha-na-casa-de-praia-zezinho-correa-recebe-banda-de-pagode-manauara\/#breadcrumb\",\"itemListElement\":[{\"@type\":\"ListItem\",\"position\":1,\"name\":\"Home\",\"item\":\"https:\/\/www.manaus.am.gov.br\/semtepi\/\"},{\"@type\":\"ListItem\",\"position\":2,\"name\":\"Tardezinha na Casa de Praia Zezinho Corr\u00eaa recebe banda de pagode manauara\"}]},{\"@type\":\"WebSite\",\"@id\":\"https:\/\/www.manaus.am.gov.br\/semtepi\/#website\",\"url\":\"https:\/\/www.manaus.am.gov.br\/semtepi\/\",\"name\":\"SEMTEPI\",\"description\":\"Prefeitura de Manaus\",\"publisher\":{\"@id\":\"https:\/\/www.manaus.am.gov.br\/semtepi\/#organization\"},\"alternateName\":\"Secretaria Municipal do Trabalho, Empreendedorismo e Inova\u00e7\u00e3o\",\"potentialAction\":[{\"@type\":\"SearchAction\",\"target\":{\"@type\":\"EntryPoint\",\"urlTemplate\":\"https:\/\/www.manaus.am.gov.br\/semtepi\/?s={search_term_string}\"},\"query-input\":\"required name=search_term_string\"}],\"inLanguage\":\"pt-BR\"},{\"@type\":\"Organization\",\"@id\":\"https:\/\/www.manaus.am.gov.br\/semtepi\/#organization\",\"name\":\"Prefeitura Municipal de Manaus\",\"alternateName\":\"Prefeitura de Manaus\",\"url\":\"https:\/\/www.manaus.am.gov.br\/semtepi\/\",\"logo\":{\"@type\":\"ImageObject\",\"inLanguage\":\"pt-BR\",\"@id\":\"https:\/\/www.manaus.am.gov.br\/semtepi\/#\/schema\/logo\/image\/\",\"url\":\"https:\/\/www.manaus.am.gov.br\/semtepi\/wp-content\/uploads\/sites\/20\/2024\/07\/favicon.png\",\"contentUrl\":\"https:\/\/www.manaus.am.gov.br\/semtepi\/wp-content\/uploads\/sites\/20\/2024\/07\/favicon.png\",\"width\":300,\"height\":300,\"caption\":\"Prefeitura Municipal de Manaus\"},\"image\":{\"@id\":\"https:\/\/www.manaus.am.gov.br\/semtepi\/#\/schema\/logo\/image\/\"}},{\"@type\":\"Person\",\"@id\":\"https:\/\/www.manaus.am.gov.br\/semtepi\/#\/schema\/person\/d0a166b5031154c33c77794ddc9a827e\",\"name\":\"Cl\u00e1udia Barbosa\",\"image\":{\"@type\":\"ImageObject\",\"inLanguage\":\"pt-BR\",\"@id\":\"https:\/\/www.manaus.am.gov.br\/semtepi\/#\/schema\/person\/image\/\",\"url\":\"https:\/\/secure.gravatar.com\/avatar\/42958a1cf007f1a00534009218c72590?s=96&d=mm&r=g\",\"contentUrl\":\"https:\/\/secure.gravatar.com\/avatar\/42958a1cf007f1a00534009218c72590?s=96&d=mm&r=g\",\"caption\":\"Cl\u00e1udia Barbosa\"}}]}<\/script>\n<!-- \/ Yoast SEO plugin. -->","yoast_head_json":{"title":"Tardezinha na Casa de Praia Zezinho Corr\u00eaa recebe banda de pagode manauara - SEMTEPI","description":"A Casa de Praia Zezinho Corr\u00eaa recebe, neste domingo, 30\/7, uma programa\u00e7\u00e3o especial para o p\u00fablico, a partir das 18h.","robots":{"index":"noindex","follow":"follow"},"og_locale":"pt_BR","og_type":"article","og_title":"Tardezinha na Casa de Praia Zezinho Corr\u00eaa recebe banda de pagode manauara - SEMTEPI","og_description":"A Casa de Praia Zezinho Corr\u00eaa recebe, neste domingo, 30\/7, uma programa\u00e7\u00e3o especial para o p\u00fablico, a partir das 18h.","og_url":"https:\/\/www.manaus.am.gov.br\/semtepi\/programacao\/tardezinha-na-casa-de-praia-zezinho-correa-recebe-banda-de-pagode-manauara\/","og_site_name":"SEMTEPI","article_published_time":"2023-07-28T15:27:15+00:00","article_modified_time":"2023-07-28T15:27:16+00:00","og_image":[{"width":1024,"height":683,"url":"https:\/\/www.manaus.am.gov.br\/semtepi\/wp-content\/uploads\/sites\/20\/2023\/07\/Tardezinha-na-Casa-de-Praia-Zezinho-Correa-recebe-banda-de-pagode-manauara-2-1024x683.jpg","type":"image\/jpeg"}],"author":"Cl\u00e1udia Barbosa","twitter_card":"summary_large_image","twitter_misc":{"Written by":"Cl\u00e1udia Barbosa","Est. reading time":"1 minuto"},"schema":{"@context":"https:\/\/schema.org","@graph":[{"@type":"Article","@id":"https:\/\/www.manaus.am.gov.br\/semtepi\/programacao\/tardezinha-na-casa-de-praia-zezinho-correa-recebe-banda-de-pagode-manauara\/#article","isPartOf":{"@id":"https:\/\/www.manaus.am.gov.br\/semtepi\/programacao\/tardezinha-na-casa-de-praia-zezinho-correa-recebe-banda-de-pagode-manauara\/"},"author":{"name":"Cl\u00e1udia Barbosa","@id":"https:\/\/www.manaus.am.gov.br\/semtepi\/#\/schema\/person\/d0a166b5031154c33c77794ddc9a827e"},"headline":"Tardezinha na Casa de Praia Zezinho Corr\u00eaa recebe banda de pagode manauara","datePublished":"2023-07-28T15:27:15+00:00","dateModified":"2023-07-28T15:27:16+00:00","mainEntityOfPage":{"@id":"https:\/\/www.manaus.am.gov.br\/semtepi\/programacao\/tardezinha-na-casa-de-praia-zezinho-correa-recebe-banda-de-pagode-manauara\/"},"wordCount":204,"publisher":{"@id":"https:\/\/www.manaus.am.gov.br\/semtepi\/#organization"},"image":{"@id":"https:\/\/www.manaus.am.gov.br\/semtepi\/programacao\/tardezinha-na-casa-de-praia-zezinho-correa-recebe-banda-de-pagode-manauara\/#primaryimage"},"thumbnailUrl":"https:\/\/www.manaus.am.gov.br\/semtepi\/wp-content\/uploads\/sites\/20\/2023\/07\/Tardezinha-na-Casa-de-Praia-Zezinho-Correa-recebe-banda-de-pagode-manauara-2.jpg","keywords":["cantor Randerson Costa","Casa de Praia Zezinho Corr\u00eaa","David Almeida","Loka Tenta\u00e7\u00e3o","pagode manauara","ponta negra","prefeitura de manaus","programa\u00e7\u00e3o","Radyr J\u00fanior","Semtepi","show"],"articleSection":["Programa\u00e7\u00e3o"],"inLanguage":"pt-BR"},{"@type":"WebPage","@id":"https:\/\/www.manaus.am.gov.br\/semtepi\/programacao\/tardezinha-na-casa-de-praia-zezinho-correa-recebe-banda-de-pagode-manauara\/","url":"https:\/\/www.manaus.am.gov.br\/semtepi\/programacao\/tardezinha-na-casa-de-praia-zezinho-correa-recebe-banda-de-pagode-manauara\/","name":"Tardezinha na Casa de Praia Zezinho Corr\u00eaa recebe banda de pagode manauara - SEMTEPI","isPartOf":{"@id":"https:\/\/www.manaus.am.gov.br\/semtepi\/#website"},"primaryImageOfPage":{"@id":"https:\/\/www.manaus.am.gov.br\/semtepi\/programacao\/tardezinha-na-casa-de-praia-zezinho-correa-recebe-banda-de-pagode-manauara\/#primaryimage"},"image":{"@id":"https:\/\/www.manaus.am.gov.br\/semtepi\/programacao\/tardezinha-na-casa-de-praia-zezinho-correa-recebe-banda-de-pagode-manauara\/#primaryimage"},"thumbnailUrl":"https:\/\/www.manaus.am.gov.br\/semtepi\/wp-content\/uploads\/sites\/20\/2023\/07\/Tardezinha-na-Casa-de-Praia-Zezinho-Correa-recebe-banda-de-pagode-manauara-2.jpg","datePublished":"2023-07-28T15:27:15+00:00","dateModified":"2023-07-28T15:27:16+00:00","description":"A Casa de Praia Zezinho Corr\u00eaa recebe, neste domingo, 30\/7, uma programa\u00e7\u00e3o especial para o p\u00fablico, a partir das 18h.","breadcrumb":{"@id":"https:\/\/www.manaus.am.gov.br\/semtepi\/programacao\/tardezinha-na-casa-de-praia-zezinho-correa-recebe-banda-de-pagode-manauara\/#breadcrumb"},"inLanguage":"pt-BR","potentialAction":[{"@type":"ReadAction","target":["https:\/\/www.manaus.am.gov.br\/semtepi\/programacao\/tardezinha-na-casa-de-praia-zezinho-correa-recebe-banda-de-pagode-manauara\/"]}]},{"@type":"ImageObject","inLanguage":"pt-BR","@id":"https:\/\/www.manaus.am.gov.br\/semtepi\/programacao\/tardezinha-na-casa-de-praia-zezinho-correa-recebe-banda-de-pagode-manauara\/#primaryimage","url":"https:\/\/www.manaus.am.gov.br\/semtepi\/wp-content\/uploads\/sites\/20\/2023\/07\/Tardezinha-na-Casa-de-Praia-Zezinho-Correa-recebe-banda-de-pagode-manauara-2.jpg","contentUrl":"https:\/\/www.manaus.am.gov.br\/semtepi\/wp-content\/uploads\/sites\/20\/2023\/07\/Tardezinha-na-Casa-de-Praia-Zezinho-Correa-recebe-banda-de-pagode-manauara-2.jpg","width":7680,"height":5120},{"@type":"BreadcrumbList","@id":"https:\/\/www.manaus.am.gov.br\/semtepi\/programacao\/tardezinha-na-casa-de-praia-zezinho-correa-recebe-banda-de-pagode-manauara\/#breadcrumb","itemListElement":[{"@type":"ListItem","position":1,"name":"Home","item":"https:\/\/www.manaus.am.gov.br\/semtepi\/"},{"@type":"ListItem","position":2,"name":"Tardezinha na Casa de Praia Zezinho Corr\u00eaa recebe banda de pagode manauara"}]},{"@type":"WebSite","@id":"https:\/\/www.manaus.am.gov.br\/semtepi\/#website","url":"https:\/\/www.manaus.am.gov.br\/semtepi\/","name":"SEMTEPI","description":"Prefeitura de Manaus","publisher":{"@id":"https:\/\/www.manaus.am.gov.br\/semtepi\/#organization"},"alternateName":"Secretaria Municipal do Trabalho, Empreendedorismo e Inova\u00e7\u00e3o","potentialAction":[{"@type":"SearchAction","target":{"@type":"EntryPoint","urlTemplate":"https:\/\/www.manaus.am.gov.br\/semtepi\/?s={search_term_string}"},"query-input":"required name=search_term_string"}],"inLanguage":"pt-BR"},{"@type":"Organization","@id":"https:\/\/www.manaus.am.gov.br\/semtepi\/#organization","name":"Prefeitura Municipal de Manaus","alternateName":"Prefeitura de Manaus","url":"https:\/\/www.manaus.am.gov.br\/semtepi\/","logo":{"@type":"ImageObject","inLanguage":"pt-BR","@id":"https:\/\/www.manaus.am.gov.br\/semtepi\/#\/schema\/logo\/image\/","url":"https:\/\/www.manaus.am.gov.br\/semtepi\/wp-content\/uploads\/sites\/20\/2024\/07\/favicon.png","contentUrl":"https:\/\/www.manaus.am.gov.br\/semtepi\/wp-content\/uploads\/sites\/20\/2024\/07\/favicon.png","width":300,"height":300,"caption":"Prefeitura Municipal de Manaus"},"image":{"@id":"https:\/\/www.manaus.am.gov.br\/semtepi\/#\/schema\/logo\/image\/"}},{"@type":"Person","@id":"https:\/\/www.manaus.am.gov.br\/semtepi\/#\/schema\/person\/d0a166b5031154c33c77794ddc9a827e","name":"Cl\u00e1udia Barbosa","image":{"@type":"ImageObject","inLanguage":"pt-BR","@id":"https:\/\/www.manaus.am.gov.br\/semtepi\/#\/schema\/person\/image\/","url":"https:\/\/secure.gravatar.com\/avatar\/42958a1cf007f1a00534009218c72590?s=96&d=mm&r=g","contentUrl":"https:\/\/secure.gravatar.com\/avatar\/42958a1cf007f1a00534009218c72590?s=96&d=mm&r=g","caption":"Cl\u00e1udia Barbosa"}}]}},"_links":{"self":[{"href":"https:\/\/www.manaus.am.gov.br\/semtepi\/wp-json\/wp\/v2\/posts\/2382"}],"collection":[{"href":"https:\/\/www.manaus.am.gov.br\/semtepi\/wp-json\/wp\/v2\/posts"}],"about":[{"href":"https:\/\/www.manaus.am.gov.br\/semtepi\/wp-json\/wp\/v2\/types\/post"}],"author":[{"embeddable":true,"href":"https:\/\/www.manaus.am.gov.br\/semtepi\/wp-json\/wp\/v2\/users\/24"}],"replies":[{"embeddable":true,"href":"https:\/\/www.manaus.am.gov.br\/semtepi\/wp-json\/wp\/v2\/comments?post=2382"}],"version-history":[{"count":0,"href":"https:\/\/www.manaus.am.gov.br\/semtepi\/wp-json\/wp\/v2\/posts\/2382\/revisions"}],"wp:featuredmedia":[{"embeddable":true,"href":"https:\/\/www.manaus.am.gov.br\/semtepi\/wp-json\/wp\/v2\/media\/2383"}],"wp:attachment":[{"href":"https:\/\/www.manaus.am.gov.br\/semtepi\/wp-json\/wp\/v2\/media?parent=2382"}],"wp:term":[{"taxonomy":"category","embeddable":true,"href":"https:\/\/www.manaus.am.gov.br\/semtepi\/wp-json\/wp\/v2\/categories?post=2382"},{"taxonomy":"post_tag","embeddable":true,"href":"https:\/\/www.manaus.am.gov.br\/semtepi\/wp-json\/wp\/v2\/tags?post=2382"}],"curies":[{"name":"wp","href":"https:\/\/api.w.org\/{rel}","templated":true}]}}