{"id":2372,"date":"2023-07-27T17:22:31","date_gmt":"2023-07-27T21:22:31","guid":{"rendered":"https:\/\/www.manaus.am.gov.br\/semtepi\/sem-categoria\/servicos-do-sine-manaus-sao-tema-principal-da-14a-reuniao-ordinaria-do-conselho-municipal-do-trabalho\/"},"modified":"2023-07-27T17:22:33","modified_gmt":"2023-07-27T21:22:33","slug":"servicos-do-sine-manaus-sao-tema-principal-da-14a-reuniao-ordinaria-do-conselho-municipal-do-trabalho","status":"publish","type":"post","link":"https:\/\/www.manaus.am.gov.br\/semtepi\/reuniao\/servicos-do-sine-manaus-sao-tema-principal-da-14a-reuniao-ordinaria-do-conselho-municipal-do-trabalho\/","title":{"rendered":"<strong>Servi\u00e7os\u00a0do Sine Manaus s\u00e3o\u00a0tema principal da 14\u00aa Reuni\u00e3o Ordin\u00e1ria do Conselho Municipal do Trabalho<\/strong>"},"content":{"rendered":"\n<p>A Prefeitura de Manaus, por meio da Secretaria Municipal do Trabalho, Empreendedorismo e Inova\u00e7\u00e3o (Semtepi), participou, na tarde desta quinta-feira, 27\/7, da 14\u00aa Reuni\u00e3o Ordin\u00e1ria do Conselho Municipal do Trabalho (CMT), para aprovar os planos de a\u00e7\u00e3o dos servi\u00e7os do Sine Manaus. O encontro aconteceu no Casar\u00e3o da Inova\u00e7\u00e3o Cassina, localizado na rua Bernardo Ramos, n\u00ba 290, no centro hist\u00f3rico.<\/p>\n\n\n\n<p>A reuni\u00e3o foi realizada em formato h\u00edbrido com a participa\u00e7\u00e3o de mais quatro conselheiros em v\u00eddeo chamada, via plataforma Google Meet. A reuni\u00e3o teve como objetivo alinhar processos que podem melhorar a entrega dos servi\u00e7os do Sine para a popula\u00e7\u00e3o.<\/p>\n\n\n\n<p>\u201cA expectativa dessa reuni\u00e3o \u00e9 que n\u00f3s tenhamos mais uma vez um presidente parceiro do nosso sistema. Esperamos que com o Conselho apoiando nosso trabalho, n\u00f3s consigamos atingir melhores resultados e, assim, ajudar mais pessoas com nossos servi\u00e7os. Prospectamos tamb\u00e9m trazer mais recursos para potencializar as entregas nos postos do Sine Manaus\u201d, destacou o diretor do Sine Manaus e secret\u00e1rio-executivo do CMT, F\u00e1bio Ara\u00fajo.<\/p>\n\n\n\n<p>Realizada desde 2022, a 14\u00aa Reuni\u00e3o Ordin\u00e1ria do Conselho Municipal do Trabalho abordou pautas que foram definidas, entre elas: a elei\u00e7\u00e3o do novo presidente do CMT, que passou do ex-presidente Ted Holanda para o novo presidente Marcos Pinheiro; e a aprova\u00e7\u00e3o do Planejamento Anual do Sine (PAS), para o bloco de a\u00e7\u00f5es e servi\u00e7os do Sine Manaus.<\/p>\n\n\n\n<p>\u201cEsta foi uma reuni\u00e3o muito importante. Com certeza, hoje, o conselho \u00e9 muito importante para alguns trabalhos que o Sine leva para o munic\u00edpio. Vamos apoiar ao m\u00e1ximo para melhorar a vida dos trabalhadores. O CMT anda junto com o sistema, trazendo recursos para sustentar na pr\u00e1tica, os projetos voltados para a categoria\u201d, destacou o novo presidente.<\/p>\n\n\n\n<p>&#8212; &#8212; &#8212;<\/p>\n\n\n\n<p><strong>Texto e foto \u2013 <\/strong>Fabiane Monteiro \/ Semtepi<\/p>\n","protected":false},"excerpt":{"rendered":"","protected":false},"author":39,"featured_media":2373,"comment_status":"closed","ping_status":"closed","sticky":false,"template":"","format":"standard","meta":{"footnotes":""},"categories":[418],"tags":[419,420,8,9,10],"acf":[],"yoast_head":"<!-- This site is optimized with the Yoast SEO plugin v23.0 - https:\/\/yoast.com\/wordpress\/plugins\/seo\/ -->\n<title>Servi\u00e7os do Sine Manaus s\u00e3o tema principal da 14\u00aa Reuni\u00e3o Ordin\u00e1ria do Conselho Municipal do Trabalho<\/title>\n<meta name=\"description\" content=\"A Prefeitura de Manaus, por meio da Secretaria Municipal do Trabalho, Empreendedorismo e Inova\u00e7\u00e3o (Semtepi), participou, na tarde desta quinta-feira, 27\/7, da 14\u00aa Reuni\u00e3o Ordin\u00e1ria do Conselho Municipal do Trabalho (CMT), para aprovar os planos de a\u00e7\u00e3o dos servi\u00e7os do Sine Manaus.\" \/>\n<meta name=\"robots\" content=\"noindex, follow\" \/>\n<meta property=\"og:locale\" content=\"pt_BR\" \/>\n<meta property=\"og:type\" content=\"article\" \/>\n<meta property=\"og:title\" content=\"Servi\u00e7os do Sine Manaus s\u00e3o tema principal da 14\u00aa Reuni\u00e3o Ordin\u00e1ria do Conselho Municipal do Trabalho\" \/>\n<meta property=\"og:description\" content=\"A Prefeitura de Manaus, por meio da Secretaria Municipal do Trabalho, Empreendedorismo e Inova\u00e7\u00e3o (Semtepi), participou, na tarde desta quinta-feira, 27\/7, da 14\u00aa Reuni\u00e3o Ordin\u00e1ria do Conselho Municipal do Trabalho (CMT), para aprovar os planos de a\u00e7\u00e3o dos servi\u00e7os do Sine Manaus.\" \/>\n<meta property=\"og:url\" content=\"https:\/\/www.manaus.am.gov.br\/semtepi\/reuniao\/servicos-do-sine-manaus-sao-tema-principal-da-14a-reuniao-ordinaria-do-conselho-municipal-do-trabalho\/\" \/>\n<meta property=\"og:site_name\" content=\"SEMTEPI\" \/>\n<meta property=\"article:published_time\" content=\"2023-07-27T21:22:31+00:00\" \/>\n<meta property=\"article:modified_time\" content=\"2023-07-27T21:22:33+00:00\" \/>\n<meta property=\"og:image\" content=\"https:\/\/www.manaus.am.gov.br\/semtepi\/wp-content\/uploads\/sites\/20\/2023\/07\/14a-Reuniao-Ordinaria-do-Conselho-Municipal-do-Trabalho-2.jpeg\" \/>\n\t<meta property=\"og:image:width\" content=\"1280\" \/>\n\t<meta property=\"og:image:height\" content=\"720\" \/>\n\t<meta property=\"og:image:type\" content=\"image\/jpeg\" \/>\n<meta name=\"author\" content=\"Bruna Greco\" \/>\n<meta name=\"twitter:card\" content=\"summary_large_image\" \/>\n<meta name=\"twitter:label1\" content=\"Written by\" \/>\n\t<meta name=\"twitter:data1\" content=\"Bruna Greco\" \/>\n\t<meta name=\"twitter:label2\" content=\"Est. reading time\" \/>\n\t<meta name=\"twitter:data2\" content=\"2 minutos\" \/>\n<script type=\"application\/ld+json\" class=\"yoast-schema-graph\">{\"@context\":\"https:\/\/schema.org\",\"@graph\":[{\"@type\":\"Article\",\"@id\":\"https:\/\/www.manaus.am.gov.br\/semtepi\/reuniao\/servicos-do-sine-manaus-sao-tema-principal-da-14a-reuniao-ordinaria-do-conselho-municipal-do-trabalho\/#article\",\"isPartOf\":{\"@id\":\"https:\/\/www.manaus.am.gov.br\/semtepi\/reuniao\/servicos-do-sine-manaus-sao-tema-principal-da-14a-reuniao-ordinaria-do-conselho-municipal-do-trabalho\/\"},\"author\":{\"name\":\"Bruna Greco\",\"@id\":\"https:\/\/www.manaus.am.gov.br\/semtepi\/#\/schema\/person\/05d223aea2bf115f9883a6ff3683d81b\"},\"headline\":\"Servi\u00e7os\u00a0do Sine Manaus s\u00e3o\u00a0tema principal da 14\u00aa Reuni\u00e3o Ordin\u00e1ria do Conselho Municipal do Trabalho\",\"datePublished\":\"2023-07-27T21:22:31+00:00\",\"dateModified\":\"2023-07-27T21:22:33+00:00\",\"mainEntityOfPage\":{\"@id\":\"https:\/\/www.manaus.am.gov.br\/semtepi\/reuniao\/servicos-do-sine-manaus-sao-tema-principal-da-14a-reuniao-ordinaria-do-conselho-municipal-do-trabalho\/\"},\"wordCount\":332,\"publisher\":{\"@id\":\"https:\/\/www.manaus.am.gov.br\/semtepi\/#organization\"},\"image\":{\"@id\":\"https:\/\/www.manaus.am.gov.br\/semtepi\/reuniao\/servicos-do-sine-manaus-sao-tema-principal-da-14a-reuniao-ordinaria-do-conselho-municipal-do-trabalho\/#primaryimage\"},\"thumbnailUrl\":\"https:\/\/www.manaus.am.gov.br\/semtepi\/wp-content\/uploads\/sites\/20\/2023\/07\/14a-Reuniao-Ordinaria-do-Conselho-Municipal-do-Trabalho-2.jpeg\",\"keywords\":[\"14\u00aa Reuni\u00e3o Ordin\u00e1ria do Conselho Municipal do Trabalho\",\"formato h\u00edbrido\",\"prefeitura de manaus\",\"Semtepi\",\"sine manaus\"],\"articleSection\":[\"Reuni\u00e3o\"],\"inLanguage\":\"pt-BR\"},{\"@type\":\"WebPage\",\"@id\":\"https:\/\/www.manaus.am.gov.br\/semtepi\/reuniao\/servicos-do-sine-manaus-sao-tema-principal-da-14a-reuniao-ordinaria-do-conselho-municipal-do-trabalho\/\",\"url\":\"https:\/\/www.manaus.am.gov.br\/semtepi\/reuniao\/servicos-do-sine-manaus-sao-tema-principal-da-14a-reuniao-ordinaria-do-conselho-municipal-do-trabalho\/\",\"name\":\"Servi\u00e7os do Sine Manaus s\u00e3o tema principal da 14\u00aa Reuni\u00e3o Ordin\u00e1ria do Conselho Municipal do Trabalho\",\"isPartOf\":{\"@id\":\"https:\/\/www.manaus.am.gov.br\/semtepi\/#website\"},\"primaryImageOfPage\":{\"@id\":\"https:\/\/www.manaus.am.gov.br\/semtepi\/reuniao\/servicos-do-sine-manaus-sao-tema-principal-da-14a-reuniao-ordinaria-do-conselho-municipal-do-trabalho\/#primaryimage\"},\"image\":{\"@id\":\"https:\/\/www.manaus.am.gov.br\/semtepi\/reuniao\/servicos-do-sine-manaus-sao-tema-principal-da-14a-reuniao-ordinaria-do-conselho-municipal-do-trabalho\/#primaryimage\"},\"thumbnailUrl\":\"https:\/\/www.manaus.am.gov.br\/semtepi\/wp-content\/uploads\/sites\/20\/2023\/07\/14a-Reuniao-Ordinaria-do-Conselho-Municipal-do-Trabalho-2.jpeg\",\"datePublished\":\"2023-07-27T21:22:31+00:00\",\"dateModified\":\"2023-07-27T21:22:33+00:00\",\"description\":\"A Prefeitura de Manaus, por meio da Secretaria Municipal do Trabalho, Empreendedorismo e Inova\u00e7\u00e3o (Semtepi), participou, na tarde desta quinta-feira, 27\/7, da 14\u00aa Reuni\u00e3o Ordin\u00e1ria do Conselho Municipal do Trabalho (CMT), para aprovar os planos de a\u00e7\u00e3o dos servi\u00e7os do Sine Manaus.\",\"breadcrumb\":{\"@id\":\"https:\/\/www.manaus.am.gov.br\/semtepi\/reuniao\/servicos-do-sine-manaus-sao-tema-principal-da-14a-reuniao-ordinaria-do-conselho-municipal-do-trabalho\/#breadcrumb\"},\"inLanguage\":\"pt-BR\",\"potentialAction\":[{\"@type\":\"ReadAction\",\"target\":[\"https:\/\/www.manaus.am.gov.br\/semtepi\/reuniao\/servicos-do-sine-manaus-sao-tema-principal-da-14a-reuniao-ordinaria-do-conselho-municipal-do-trabalho\/\"]}]},{\"@type\":\"ImageObject\",\"inLanguage\":\"pt-BR\",\"@id\":\"https:\/\/www.manaus.am.gov.br\/semtepi\/reuniao\/servicos-do-sine-manaus-sao-tema-principal-da-14a-reuniao-ordinaria-do-conselho-municipal-do-trabalho\/#primaryimage\",\"url\":\"https:\/\/www.manaus.am.gov.br\/semtepi\/wp-content\/uploads\/sites\/20\/2023\/07\/14a-Reuniao-Ordinaria-do-Conselho-Municipal-do-Trabalho-2.jpeg\",\"contentUrl\":\"https:\/\/www.manaus.am.gov.br\/semtepi\/wp-content\/uploads\/sites\/20\/2023\/07\/14a-Reuniao-Ordinaria-do-Conselho-Municipal-do-Trabalho-2.jpeg\",\"width\":1280,\"height\":720},{\"@type\":\"BreadcrumbList\",\"@id\":\"https:\/\/www.manaus.am.gov.br\/semtepi\/reuniao\/servicos-do-sine-manaus-sao-tema-principal-da-14a-reuniao-ordinaria-do-conselho-municipal-do-trabalho\/#breadcrumb\",\"itemListElement\":[{\"@type\":\"ListItem\",\"position\":1,\"name\":\"Home\",\"item\":\"https:\/\/www.manaus.am.gov.br\/semtepi\/\"},{\"@type\":\"ListItem\",\"position\":2,\"name\":\"Servi\u00e7os\u00a0do Sine Manaus s\u00e3o\u00a0tema principal da 14\u00aa Reuni\u00e3o Ordin\u00e1ria do Conselho Municipal do Trabalho\"}]},{\"@type\":\"WebSite\",\"@id\":\"https:\/\/www.manaus.am.gov.br\/semtepi\/#website\",\"url\":\"https:\/\/www.manaus.am.gov.br\/semtepi\/\",\"name\":\"SEMTEPI\",\"description\":\"Prefeitura de Manaus\",\"publisher\":{\"@id\":\"https:\/\/www.manaus.am.gov.br\/semtepi\/#organization\"},\"alternateName\":\"Secretaria Municipal do Trabalho, Empreendedorismo e Inova\u00e7\u00e3o\",\"potentialAction\":[{\"@type\":\"SearchAction\",\"target\":{\"@type\":\"EntryPoint\",\"urlTemplate\":\"https:\/\/www.manaus.am.gov.br\/semtepi\/?s={search_term_string}\"},\"query-input\":\"required name=search_term_string\"}],\"inLanguage\":\"pt-BR\"},{\"@type\":\"Organization\",\"@id\":\"https:\/\/www.manaus.am.gov.br\/semtepi\/#organization\",\"name\":\"Prefeitura Municipal de Manaus\",\"alternateName\":\"Prefeitura de Manaus\",\"url\":\"https:\/\/www.manaus.am.gov.br\/semtepi\/\",\"logo\":{\"@type\":\"ImageObject\",\"inLanguage\":\"pt-BR\",\"@id\":\"https:\/\/www.manaus.am.gov.br\/semtepi\/#\/schema\/logo\/image\/\",\"url\":\"https:\/\/www.manaus.am.gov.br\/semtepi\/wp-content\/uploads\/sites\/20\/2024\/07\/favicon.png\",\"contentUrl\":\"https:\/\/www.manaus.am.gov.br\/semtepi\/wp-content\/uploads\/sites\/20\/2024\/07\/favicon.png\",\"width\":300,\"height\":300,\"caption\":\"Prefeitura Municipal de Manaus\"},\"image\":{\"@id\":\"https:\/\/www.manaus.am.gov.br\/semtepi\/#\/schema\/logo\/image\/\"}},{\"@type\":\"Person\",\"@id\":\"https:\/\/www.manaus.am.gov.br\/semtepi\/#\/schema\/person\/05d223aea2bf115f9883a6ff3683d81b\",\"name\":\"Bruna Greco\",\"image\":{\"@type\":\"ImageObject\",\"inLanguage\":\"pt-BR\",\"@id\":\"https:\/\/www.manaus.am.gov.br\/semtepi\/#\/schema\/person\/image\/\",\"url\":\"https:\/\/secure.gravatar.com\/avatar\/9c877d1a6adc2a055330e5c09a8653ce?s=96&d=mm&r=g\",\"contentUrl\":\"https:\/\/secure.gravatar.com\/avatar\/9c877d1a6adc2a055330e5c09a8653ce?s=96&d=mm&r=g\",\"caption\":\"Bruna Greco\"}}]}<\/script>\n<!-- \/ Yoast SEO plugin. -->","yoast_head_json":{"title":"Servi\u00e7os do Sine Manaus s\u00e3o tema principal da 14\u00aa Reuni\u00e3o Ordin\u00e1ria do Conselho Municipal do Trabalho","description":"A Prefeitura de Manaus, por meio da Secretaria Municipal do Trabalho, Empreendedorismo e Inova\u00e7\u00e3o (Semtepi), participou, na tarde desta quinta-feira, 27\/7, da 14\u00aa Reuni\u00e3o Ordin\u00e1ria do Conselho Municipal do Trabalho (CMT), para aprovar os planos de a\u00e7\u00e3o dos servi\u00e7os do Sine Manaus.","robots":{"index":"noindex","follow":"follow"},"og_locale":"pt_BR","og_type":"article","og_title":"Servi\u00e7os do Sine Manaus s\u00e3o tema principal da 14\u00aa Reuni\u00e3o Ordin\u00e1ria do Conselho Municipal do Trabalho","og_description":"A Prefeitura de Manaus, por meio da Secretaria Municipal do Trabalho, Empreendedorismo e Inova\u00e7\u00e3o (Semtepi), participou, na tarde desta quinta-feira, 27\/7, da 14\u00aa Reuni\u00e3o Ordin\u00e1ria do Conselho Municipal do Trabalho (CMT), para aprovar os planos de a\u00e7\u00e3o dos servi\u00e7os do Sine Manaus.","og_url":"https:\/\/www.manaus.am.gov.br\/semtepi\/reuniao\/servicos-do-sine-manaus-sao-tema-principal-da-14a-reuniao-ordinaria-do-conselho-municipal-do-trabalho\/","og_site_name":"SEMTEPI","article_published_time":"2023-07-27T21:22:31+00:00","article_modified_time":"2023-07-27T21:22:33+00:00","og_image":[{"width":1280,"height":720,"url":"https:\/\/www.manaus.am.gov.br\/semtepi\/wp-content\/uploads\/sites\/20\/2023\/07\/14a-Reuniao-Ordinaria-do-Conselho-Municipal-do-Trabalho-2.jpeg","type":"image\/jpeg"}],"author":"Bruna Greco","twitter_card":"summary_large_image","twitter_misc":{"Written by":"Bruna Greco","Est. reading time":"2 minutos"},"schema":{"@context":"https:\/\/schema.org","@graph":[{"@type":"Article","@id":"https:\/\/www.manaus.am.gov.br\/semtepi\/reuniao\/servicos-do-sine-manaus-sao-tema-principal-da-14a-reuniao-ordinaria-do-conselho-municipal-do-trabalho\/#article","isPartOf":{"@id":"https:\/\/www.manaus.am.gov.br\/semtepi\/reuniao\/servicos-do-sine-manaus-sao-tema-principal-da-14a-reuniao-ordinaria-do-conselho-municipal-do-trabalho\/"},"author":{"name":"Bruna Greco","@id":"https:\/\/www.manaus.am.gov.br\/semtepi\/#\/schema\/person\/05d223aea2bf115f9883a6ff3683d81b"},"headline":"Servi\u00e7os\u00a0do Sine Manaus s\u00e3o\u00a0tema principal da 14\u00aa Reuni\u00e3o Ordin\u00e1ria do Conselho Municipal do Trabalho","datePublished":"2023-07-27T21:22:31+00:00","dateModified":"2023-07-27T21:22:33+00:00","mainEntityOfPage":{"@id":"https:\/\/www.manaus.am.gov.br\/semtepi\/reuniao\/servicos-do-sine-manaus-sao-tema-principal-da-14a-reuniao-ordinaria-do-conselho-municipal-do-trabalho\/"},"wordCount":332,"publisher":{"@id":"https:\/\/www.manaus.am.gov.br\/semtepi\/#organization"},"image":{"@id":"https:\/\/www.manaus.am.gov.br\/semtepi\/reuniao\/servicos-do-sine-manaus-sao-tema-principal-da-14a-reuniao-ordinaria-do-conselho-municipal-do-trabalho\/#primaryimage"},"thumbnailUrl":"https:\/\/www.manaus.am.gov.br\/semtepi\/wp-content\/uploads\/sites\/20\/2023\/07\/14a-Reuniao-Ordinaria-do-Conselho-Municipal-do-Trabalho-2.jpeg","keywords":["14\u00aa Reuni\u00e3o Ordin\u00e1ria do Conselho Municipal do Trabalho","formato h\u00edbrido","prefeitura de manaus","Semtepi","sine manaus"],"articleSection":["Reuni\u00e3o"],"inLanguage":"pt-BR"},{"@type":"WebPage","@id":"https:\/\/www.manaus.am.gov.br\/semtepi\/reuniao\/servicos-do-sine-manaus-sao-tema-principal-da-14a-reuniao-ordinaria-do-conselho-municipal-do-trabalho\/","url":"https:\/\/www.manaus.am.gov.br\/semtepi\/reuniao\/servicos-do-sine-manaus-sao-tema-principal-da-14a-reuniao-ordinaria-do-conselho-municipal-do-trabalho\/","name":"Servi\u00e7os do Sine Manaus s\u00e3o tema principal da 14\u00aa Reuni\u00e3o Ordin\u00e1ria do Conselho Municipal do Trabalho","isPartOf":{"@id":"https:\/\/www.manaus.am.gov.br\/semtepi\/#website"},"primaryImageOfPage":{"@id":"https:\/\/www.manaus.am.gov.br\/semtepi\/reuniao\/servicos-do-sine-manaus-sao-tema-principal-da-14a-reuniao-ordinaria-do-conselho-municipal-do-trabalho\/#primaryimage"},"image":{"@id":"https:\/\/www.manaus.am.gov.br\/semtepi\/reuniao\/servicos-do-sine-manaus-sao-tema-principal-da-14a-reuniao-ordinaria-do-conselho-municipal-do-trabalho\/#primaryimage"},"thumbnailUrl":"https:\/\/www.manaus.am.gov.br\/semtepi\/wp-content\/uploads\/sites\/20\/2023\/07\/14a-Reuniao-Ordinaria-do-Conselho-Municipal-do-Trabalho-2.jpeg","datePublished":"2023-07-27T21:22:31+00:00","dateModified":"2023-07-27T21:22:33+00:00","description":"A Prefeitura de Manaus, por meio da Secretaria Municipal do Trabalho, Empreendedorismo e Inova\u00e7\u00e3o (Semtepi), participou, na tarde desta quinta-feira, 27\/7, da 14\u00aa Reuni\u00e3o Ordin\u00e1ria do Conselho Municipal do Trabalho (CMT), para aprovar os planos de a\u00e7\u00e3o dos servi\u00e7os do Sine Manaus.","breadcrumb":{"@id":"https:\/\/www.manaus.am.gov.br\/semtepi\/reuniao\/servicos-do-sine-manaus-sao-tema-principal-da-14a-reuniao-ordinaria-do-conselho-municipal-do-trabalho\/#breadcrumb"},"inLanguage":"pt-BR","potentialAction":[{"@type":"ReadAction","target":["https:\/\/www.manaus.am.gov.br\/semtepi\/reuniao\/servicos-do-sine-manaus-sao-tema-principal-da-14a-reuniao-ordinaria-do-conselho-municipal-do-trabalho\/"]}]},{"@type":"ImageObject","inLanguage":"pt-BR","@id":"https:\/\/www.manaus.am.gov.br\/semtepi\/reuniao\/servicos-do-sine-manaus-sao-tema-principal-da-14a-reuniao-ordinaria-do-conselho-municipal-do-trabalho\/#primaryimage","url":"https:\/\/www.manaus.am.gov.br\/semtepi\/wp-content\/uploads\/sites\/20\/2023\/07\/14a-Reuniao-Ordinaria-do-Conselho-Municipal-do-Trabalho-2.jpeg","contentUrl":"https:\/\/www.manaus.am.gov.br\/semtepi\/wp-content\/uploads\/sites\/20\/2023\/07\/14a-Reuniao-Ordinaria-do-Conselho-Municipal-do-Trabalho-2.jpeg","width":1280,"height":720},{"@type":"BreadcrumbList","@id":"https:\/\/www.manaus.am.gov.br\/semtepi\/reuniao\/servicos-do-sine-manaus-sao-tema-principal-da-14a-reuniao-ordinaria-do-conselho-municipal-do-trabalho\/#breadcrumb","itemListElement":[{"@type":"ListItem","position":1,"name":"Home","item":"https:\/\/www.manaus.am.gov.br\/semtepi\/"},{"@type":"ListItem","position":2,"name":"Servi\u00e7os\u00a0do Sine Manaus s\u00e3o\u00a0tema principal da 14\u00aa Reuni\u00e3o Ordin\u00e1ria do Conselho Municipal do Trabalho"}]},{"@type":"WebSite","@id":"https:\/\/www.manaus.am.gov.br\/semtepi\/#website","url":"https:\/\/www.manaus.am.gov.br\/semtepi\/","name":"SEMTEPI","description":"Prefeitura de Manaus","publisher":{"@id":"https:\/\/www.manaus.am.gov.br\/semtepi\/#organization"},"alternateName":"Secretaria Municipal do Trabalho, Empreendedorismo e Inova\u00e7\u00e3o","potentialAction":[{"@type":"SearchAction","target":{"@type":"EntryPoint","urlTemplate":"https:\/\/www.manaus.am.gov.br\/semtepi\/?s={search_term_string}"},"query-input":"required name=search_term_string"}],"inLanguage":"pt-BR"},{"@type":"Organization","@id":"https:\/\/www.manaus.am.gov.br\/semtepi\/#organization","name":"Prefeitura Municipal de Manaus","alternateName":"Prefeitura de Manaus","url":"https:\/\/www.manaus.am.gov.br\/semtepi\/","logo":{"@type":"ImageObject","inLanguage":"pt-BR","@id":"https:\/\/www.manaus.am.gov.br\/semtepi\/#\/schema\/logo\/image\/","url":"https:\/\/www.manaus.am.gov.br\/semtepi\/wp-content\/uploads\/sites\/20\/2024\/07\/favicon.png","contentUrl":"https:\/\/www.manaus.am.gov.br\/semtepi\/wp-content\/uploads\/sites\/20\/2024\/07\/favicon.png","width":300,"height":300,"caption":"Prefeitura Municipal de Manaus"},"image":{"@id":"https:\/\/www.manaus.am.gov.br\/semtepi\/#\/schema\/logo\/image\/"}},{"@type":"Person","@id":"https:\/\/www.manaus.am.gov.br\/semtepi\/#\/schema\/person\/05d223aea2bf115f9883a6ff3683d81b","name":"Bruna Greco","image":{"@type":"ImageObject","inLanguage":"pt-BR","@id":"https:\/\/www.manaus.am.gov.br\/semtepi\/#\/schema\/person\/image\/","url":"https:\/\/secure.gravatar.com\/avatar\/9c877d1a6adc2a055330e5c09a8653ce?s=96&d=mm&r=g","contentUrl":"https:\/\/secure.gravatar.com\/avatar\/9c877d1a6adc2a055330e5c09a8653ce?s=96&d=mm&r=g","caption":"Bruna Greco"}}]}},"_links":{"self":[{"href":"https:\/\/www.manaus.am.gov.br\/semtepi\/wp-json\/wp\/v2\/posts\/2372"}],"collection":[{"href":"https:\/\/www.manaus.am.gov.br\/semtepi\/wp-json\/wp\/v2\/posts"}],"about":[{"href":"https:\/\/www.manaus.am.gov.br\/semtepi\/wp-json\/wp\/v2\/types\/post"}],"author":[{"embeddable":true,"href":"https:\/\/www.manaus.am.gov.br\/semtepi\/wp-json\/wp\/v2\/users\/39"}],"replies":[{"embeddable":true,"href":"https:\/\/www.manaus.am.gov.br\/semtepi\/wp-json\/wp\/v2\/comments?post=2372"}],"version-history":[{"count":0,"href":"https:\/\/www.manaus.am.gov.br\/semtepi\/wp-json\/wp\/v2\/posts\/2372\/revisions"}],"wp:featuredmedia":[{"embeddable":true,"href":"https:\/\/www.manaus.am.gov.br\/semtepi\/wp-json\/wp\/v2\/media\/2373"}],"wp:attachment":[{"href":"https:\/\/www.manaus.am.gov.br\/semtepi\/wp-json\/wp\/v2\/media?parent=2372"}],"wp:term":[{"taxonomy":"category","embeddable":true,"href":"https:\/\/www.manaus.am.gov.br\/semtepi\/wp-json\/wp\/v2\/categories?post=2372"},{"taxonomy":"post_tag","embeddable":true,"href":"https:\/\/www.manaus.am.gov.br\/semtepi\/wp-json\/wp\/v2\/tags?post=2372"}],"curies":[{"name":"wp","href":"https:\/\/api.w.org\/{rel}","templated":true}]}}