{"id":2368,"date":"2023-07-27T12:11:50","date_gmt":"2023-07-27T16:11:50","guid":{"rendered":"https:\/\/www.manaus.am.gov.br\/semtepi\/sem-categoria\/prefeitura-de-manaus-divulga-programacao-do-sine-nos-bairros-para-este-fim-de-semana\/"},"modified":"2023-07-27T12:11:51","modified_gmt":"2023-07-27T16:11:51","slug":"prefeitura-de-manaus-divulga-programacao-do-sine-nos-bairros-para-este-fim-de-semana","status":"publish","type":"post","link":"https:\/\/www.manaus.am.gov.br\/semtepi\/servicos\/prefeitura-de-manaus-divulga-programacao-do-sine-nos-bairros-para-este-fim-de-semana\/","title":{"rendered":"<strong>Prefeitura de Manaus divulga programa\u00e7\u00e3o do \u2018Sine nos Bairros\u2019 para este fim de semana<\/strong>"},"content":{"rendered":"\n<p>Focada na mobilidade dos servi\u00e7os ofertados \u00e0 popula\u00e7\u00e3o, a Prefeitura de Manaus, por meio da Secretaria Municipal do Trabalho, Empreendedorismo e Inova\u00e7\u00e3o (Semtepi), divulga a programa\u00e7\u00e3o do Sine Manaus, que acontece neste s\u00e1bado, 29\/7, de 8h \u00e0s 12h, nos bairros Petr\u00f3polis, zona Sul, e Amazonino Mendes, na zona Norte da capital.<\/p>\n\n\n\n<p>Intitulada \u201cSine nos Bairros\u201d, a a\u00e7\u00e3o disponibilizar\u00e1 para a popula\u00e7\u00e3o a oferta de vagas de emprego, cadastro no Sine Manaus e orienta\u00e7\u00e3o para Carteira de Trabalho e Previd\u00eancia Social (CTPS Digital) e seguro-desemprego.<\/p>\n\n\n\n<p>\u201cAcreditamos que essa proximidade com as comunidades nos permitir\u00e1 identificar necessidades espec\u00edficas e personalizar ainda mais nossos servi\u00e7os, tornando-os cada vez mais eficazes e relevantes para a popula\u00e7\u00e3o local. Al\u00e9m disso, o &#8216;Sine nos Bairros&#8217; tamb\u00e9m possibilitar\u00e1 uma maior intera\u00e7\u00e3o e di\u00e1logo com os moradores, fortalecendo os la\u00e7os entre nossa institui\u00e7\u00e3o e a comunidade\u201d, ressaltou o diretor do Sine Manaus, F\u00e1bio Ara\u00fajo.<\/p>\n\n\n\n<p>A todo ser\u00e3o duas a\u00e7\u00f5es: na escola municipal Professora Maria Lira Pereira, situada na rua da Amizade, n\u00ba 12-A, bairro Petr\u00f3polis; e no Centro de Conviv\u00eancia da Fam\u00edlia Teonizia Lobo, localizado na rua da Penetra\u00e7\u00e3o 3, s\/n\u00ba, bairro Amazonino Mendes.<\/p>\n\n\n\n<p>Os interessados nos servi\u00e7os devem estar munidos do comprovante de vacina\u00e7\u00e3o (Covid-19), curr\u00edculo e documentos pessoais (RG, CPF, PIS, CTPS, comprovante de escolaridade e resid\u00eancia). N\u00e3o \u00e9 necess\u00e1rio apresentar c\u00f3pias, somente os documentos originais.<\/p>\n\n\n\n<p><strong>Contribui\u00e7\u00e3o<\/strong><\/p>\n\n\n\n<p>O programa \u201cSine nos Bairros\u201d \u00e9 uma inovadora a\u00e7\u00e3o itinerante criada na gest\u00e3o do prefeito David Almeida, que busca levar os servi\u00e7os do Sine Manaus diretamente aos bairros, visando alcan\u00e7ar os moradores que enfrentam dificuldades de acesso aos servi\u00e7os da prefeitura.<\/p>\n\n\n\n<p>Essa iniciativa tem como objetivo principal ofertar para as comunidades, diversas a\u00e7\u00f5es e oportunidades que normalmente seriam disponibilizadas apenas nas depend\u00eancias do \u00f3rg\u00e3o central, tornando o processo mais conveniente e acess\u00edvel para todos.<\/p>\n\n\n\n<p>&#8212; &#8212; &#8212;<\/p>\n\n\n\n<p><strong>Texto \u2013&nbsp;<\/strong>Fabiane Monteiro \/ Semtepi<\/p>\n\n\n\n<p><strong>Fotos \u2013&nbsp;<\/strong>Divulga\u00e7\u00e3o \/ Semtepi<\/p>\n","protected":false},"excerpt":{"rendered":"","protected":false},"author":24,"featured_media":2369,"comment_status":"closed","ping_status":"closed","sticky":false,"template":"","format":"standard","meta":{"footnotes":""},"categories":[29],"tags":[52,33,416,8,41,45,10,417],"acf":[],"yoast_head":"<!-- This site is optimized with the Yoast SEO plugin v23.0 - https:\/\/yoast.com\/wordpress\/plugins\/seo\/ -->\n<title>Prefeitura de Manaus divulga programa\u00e7\u00e3o do \u2018Sine nos Bairros\u2019 para este fim de semana - SEMTEPI<\/title>\n<meta name=\"description\" content=\"Focada na mobilidade dos servi\u00e7os ofertados \u00e0 popula\u00e7\u00e3o, a Prefeitura de Manaus, por meio da Secretaria Municipal do Trabalho, Empreendedorismo e Inova\u00e7\u00e3o (Semtepi), divulga a programa\u00e7\u00e3o do Sine Manaus, que acontece neste s\u00e1bado, 29\/7, de 8h \u00e0s 12h, nos bairros Petr\u00f3polis, zona Sul, e Amazonino Mendes, na zona Norte da capital.\" \/>\n<meta name=\"robots\" content=\"noindex, follow\" \/>\n<meta property=\"og:locale\" content=\"pt_BR\" \/>\n<meta property=\"og:type\" content=\"article\" \/>\n<meta property=\"og:title\" content=\"Prefeitura de Manaus divulga programa\u00e7\u00e3o do \u2018Sine nos Bairros\u2019 para este fim de semana - SEMTEPI\" \/>\n<meta property=\"og:description\" content=\"Focada na mobilidade dos servi\u00e7os ofertados \u00e0 popula\u00e7\u00e3o, a Prefeitura de Manaus, por meio da Secretaria Municipal do Trabalho, Empreendedorismo e Inova\u00e7\u00e3o (Semtepi), divulga a programa\u00e7\u00e3o do Sine Manaus, que acontece neste s\u00e1bado, 29\/7, de 8h \u00e0s 12h, nos bairros Petr\u00f3polis, zona Sul, e Amazonino Mendes, na zona Norte da capital.\" \/>\n<meta property=\"og:url\" content=\"https:\/\/www.manaus.am.gov.br\/semtepi\/servicos\/prefeitura-de-manaus-divulga-programacao-do-sine-nos-bairros-para-este-fim-de-semana\/\" \/>\n<meta property=\"og:site_name\" content=\"SEMTEPI\" \/>\n<meta property=\"article:published_time\" content=\"2023-07-27T16:11:50+00:00\" \/>\n<meta property=\"article:modified_time\" content=\"2023-07-27T16:11:51+00:00\" \/>\n<meta property=\"og:image\" content=\"https:\/\/www.manaus.am.gov.br\/semtepi\/wp-content\/uploads\/sites\/20\/2023\/07\/Prefeitura-de-Manaus-divulga-programacao-do-\u2018Sine-nos-Bairros-para-este-fim-de-semana-2.jpeg\" \/>\n\t<meta property=\"og:image:width\" content=\"1600\" \/>\n\t<meta property=\"og:image:height\" content=\"1200\" \/>\n\t<meta property=\"og:image:type\" content=\"image\/jpeg\" \/>\n<meta name=\"author\" content=\"Cl\u00e1udia Barbosa\" \/>\n<meta name=\"twitter:card\" content=\"summary_large_image\" \/>\n<meta name=\"twitter:label1\" content=\"Written by\" \/>\n\t<meta name=\"twitter:data1\" content=\"Cl\u00e1udia Barbosa\" \/>\n\t<meta name=\"twitter:label2\" content=\"Est. reading time\" \/>\n\t<meta name=\"twitter:data2\" content=\"2 minutos\" \/>\n<script type=\"application\/ld+json\" class=\"yoast-schema-graph\">{\"@context\":\"https:\/\/schema.org\",\"@graph\":[{\"@type\":\"Article\",\"@id\":\"https:\/\/www.manaus.am.gov.br\/semtepi\/servicos\/prefeitura-de-manaus-divulga-programacao-do-sine-nos-bairros-para-este-fim-de-semana\/#article\",\"isPartOf\":{\"@id\":\"https:\/\/www.manaus.am.gov.br\/semtepi\/servicos\/prefeitura-de-manaus-divulga-programacao-do-sine-nos-bairros-para-este-fim-de-semana\/\"},\"author\":{\"name\":\"Cl\u00e1udia Barbosa\",\"@id\":\"https:\/\/www.manaus.am.gov.br\/semtepi\/#\/schema\/person\/d0a166b5031154c33c77794ddc9a827e\"},\"headline\":\"Prefeitura de Manaus divulga programa\u00e7\u00e3o do \u2018Sine nos Bairros\u2019 para este fim de semana\",\"datePublished\":\"2023-07-27T16:11:50+00:00\",\"dateModified\":\"2023-07-27T16:11:51+00:00\",\"mainEntityOfPage\":{\"@id\":\"https:\/\/www.manaus.am.gov.br\/semtepi\/servicos\/prefeitura-de-manaus-divulga-programacao-do-sine-nos-bairros-para-este-fim-de-semana\/\"},\"wordCount\":363,\"publisher\":{\"@id\":\"https:\/\/www.manaus.am.gov.br\/semtepi\/#organization\"},\"image\":{\"@id\":\"https:\/\/www.manaus.am.gov.br\/semtepi\/servicos\/prefeitura-de-manaus-divulga-programacao-do-sine-nos-bairros-para-este-fim-de-semana\/#primaryimage\"},\"thumbnailUrl\":\"https:\/\/www.manaus.am.gov.br\/semtepi\/wp-content\/uploads\/sites\/20\/2023\/07\/Prefeitura-de-Manaus-divulga-programacao-do-\u2018Sine-nos-Bairros-para-este-fim-de-semana-2.jpeg\",\"keywords\":[\"atendimento\",\"F\u00e1bio Ara\u00fajo\",\"itinerante\",\"prefeitura de manaus\",\"semtepi itinerante\",\"servi\u00e7os\",\"sine manaus\",\"Sine nos Bairros\"],\"articleSection\":[\"Servi\u00e7os\"],\"inLanguage\":\"pt-BR\"},{\"@type\":\"WebPage\",\"@id\":\"https:\/\/www.manaus.am.gov.br\/semtepi\/servicos\/prefeitura-de-manaus-divulga-programacao-do-sine-nos-bairros-para-este-fim-de-semana\/\",\"url\":\"https:\/\/www.manaus.am.gov.br\/semtepi\/servicos\/prefeitura-de-manaus-divulga-programacao-do-sine-nos-bairros-para-este-fim-de-semana\/\",\"name\":\"Prefeitura de Manaus divulga programa\u00e7\u00e3o do \u2018Sine nos Bairros\u2019 para este fim de semana - SEMTEPI\",\"isPartOf\":{\"@id\":\"https:\/\/www.manaus.am.gov.br\/semtepi\/#website\"},\"primaryImageOfPage\":{\"@id\":\"https:\/\/www.manaus.am.gov.br\/semtepi\/servicos\/prefeitura-de-manaus-divulga-programacao-do-sine-nos-bairros-para-este-fim-de-semana\/#primaryimage\"},\"image\":{\"@id\":\"https:\/\/www.manaus.am.gov.br\/semtepi\/servicos\/prefeitura-de-manaus-divulga-programacao-do-sine-nos-bairros-para-este-fim-de-semana\/#primaryimage\"},\"thumbnailUrl\":\"https:\/\/www.manaus.am.gov.br\/semtepi\/wp-content\/uploads\/sites\/20\/2023\/07\/Prefeitura-de-Manaus-divulga-programacao-do-\u2018Sine-nos-Bairros-para-este-fim-de-semana-2.jpeg\",\"datePublished\":\"2023-07-27T16:11:50+00:00\",\"dateModified\":\"2023-07-27T16:11:51+00:00\",\"description\":\"Focada na mobilidade dos servi\u00e7os ofertados \u00e0 popula\u00e7\u00e3o, a Prefeitura de Manaus, por meio da Secretaria Municipal do Trabalho, Empreendedorismo e Inova\u00e7\u00e3o (Semtepi), divulga a programa\u00e7\u00e3o do Sine Manaus, que acontece neste s\u00e1bado, 29\/7, de 8h \u00e0s 12h, nos bairros Petr\u00f3polis, zona Sul, e Amazonino Mendes, na zona Norte da capital.\",\"breadcrumb\":{\"@id\":\"https:\/\/www.manaus.am.gov.br\/semtepi\/servicos\/prefeitura-de-manaus-divulga-programacao-do-sine-nos-bairros-para-este-fim-de-semana\/#breadcrumb\"},\"inLanguage\":\"pt-BR\",\"potentialAction\":[{\"@type\":\"ReadAction\",\"target\":[\"https:\/\/www.manaus.am.gov.br\/semtepi\/servicos\/prefeitura-de-manaus-divulga-programacao-do-sine-nos-bairros-para-este-fim-de-semana\/\"]}]},{\"@type\":\"ImageObject\",\"inLanguage\":\"pt-BR\",\"@id\":\"https:\/\/www.manaus.am.gov.br\/semtepi\/servicos\/prefeitura-de-manaus-divulga-programacao-do-sine-nos-bairros-para-este-fim-de-semana\/#primaryimage\",\"url\":\"https:\/\/www.manaus.am.gov.br\/semtepi\/wp-content\/uploads\/sites\/20\/2023\/07\/Prefeitura-de-Manaus-divulga-programacao-do-\u2018Sine-nos-Bairros-para-este-fim-de-semana-2.jpeg\",\"contentUrl\":\"https:\/\/www.manaus.am.gov.br\/semtepi\/wp-content\/uploads\/sites\/20\/2023\/07\/Prefeitura-de-Manaus-divulga-programacao-do-\u2018Sine-nos-Bairros-para-este-fim-de-semana-2.jpeg\",\"width\":1600,\"height\":1200},{\"@type\":\"BreadcrumbList\",\"@id\":\"https:\/\/www.manaus.am.gov.br\/semtepi\/servicos\/prefeitura-de-manaus-divulga-programacao-do-sine-nos-bairros-para-este-fim-de-semana\/#breadcrumb\",\"itemListElement\":[{\"@type\":\"ListItem\",\"position\":1,\"name\":\"Home\",\"item\":\"https:\/\/www.manaus.am.gov.br\/semtepi\/\"},{\"@type\":\"ListItem\",\"position\":2,\"name\":\"Prefeitura de Manaus divulga programa\u00e7\u00e3o do \u2018Sine nos Bairros\u2019 para este fim de semana\"}]},{\"@type\":\"WebSite\",\"@id\":\"https:\/\/www.manaus.am.gov.br\/semtepi\/#website\",\"url\":\"https:\/\/www.manaus.am.gov.br\/semtepi\/\",\"name\":\"SEMTEPI\",\"description\":\"Prefeitura de Manaus\",\"publisher\":{\"@id\":\"https:\/\/www.manaus.am.gov.br\/semtepi\/#organization\"},\"alternateName\":\"Secretaria Municipal do Trabalho, Empreendedorismo e Inova\u00e7\u00e3o\",\"potentialAction\":[{\"@type\":\"SearchAction\",\"target\":{\"@type\":\"EntryPoint\",\"urlTemplate\":\"https:\/\/www.manaus.am.gov.br\/semtepi\/?s={search_term_string}\"},\"query-input\":\"required name=search_term_string\"}],\"inLanguage\":\"pt-BR\"},{\"@type\":\"Organization\",\"@id\":\"https:\/\/www.manaus.am.gov.br\/semtepi\/#organization\",\"name\":\"Prefeitura Municipal de Manaus\",\"alternateName\":\"Prefeitura de Manaus\",\"url\":\"https:\/\/www.manaus.am.gov.br\/semtepi\/\",\"logo\":{\"@type\":\"ImageObject\",\"inLanguage\":\"pt-BR\",\"@id\":\"https:\/\/www.manaus.am.gov.br\/semtepi\/#\/schema\/logo\/image\/\",\"url\":\"https:\/\/www.manaus.am.gov.br\/semtepi\/wp-content\/uploads\/sites\/20\/2024\/07\/favicon.png\",\"contentUrl\":\"https:\/\/www.manaus.am.gov.br\/semtepi\/wp-content\/uploads\/sites\/20\/2024\/07\/favicon.png\",\"width\":300,\"height\":300,\"caption\":\"Prefeitura Municipal de Manaus\"},\"image\":{\"@id\":\"https:\/\/www.manaus.am.gov.br\/semtepi\/#\/schema\/logo\/image\/\"}},{\"@type\":\"Person\",\"@id\":\"https:\/\/www.manaus.am.gov.br\/semtepi\/#\/schema\/person\/d0a166b5031154c33c77794ddc9a827e\",\"name\":\"Cl\u00e1udia Barbosa\",\"image\":{\"@type\":\"ImageObject\",\"inLanguage\":\"pt-BR\",\"@id\":\"https:\/\/www.manaus.am.gov.br\/semtepi\/#\/schema\/person\/image\/\",\"url\":\"https:\/\/secure.gravatar.com\/avatar\/42958a1cf007f1a00534009218c72590?s=96&d=mm&r=g\",\"contentUrl\":\"https:\/\/secure.gravatar.com\/avatar\/42958a1cf007f1a00534009218c72590?s=96&d=mm&r=g\",\"caption\":\"Cl\u00e1udia Barbosa\"}}]}<\/script>\n<!-- \/ Yoast SEO plugin. -->","yoast_head_json":{"title":"Prefeitura de Manaus divulga programa\u00e7\u00e3o do \u2018Sine nos Bairros\u2019 para este fim de semana - SEMTEPI","description":"Focada na mobilidade dos servi\u00e7os ofertados \u00e0 popula\u00e7\u00e3o, a Prefeitura de Manaus, por meio da Secretaria Municipal do Trabalho, Empreendedorismo e Inova\u00e7\u00e3o (Semtepi), divulga a programa\u00e7\u00e3o do Sine Manaus, que acontece neste s\u00e1bado, 29\/7, de 8h \u00e0s 12h, nos bairros Petr\u00f3polis, zona Sul, e Amazonino Mendes, na zona Norte da capital.","robots":{"index":"noindex","follow":"follow"},"og_locale":"pt_BR","og_type":"article","og_title":"Prefeitura de Manaus divulga programa\u00e7\u00e3o do \u2018Sine nos Bairros\u2019 para este fim de semana - SEMTEPI","og_description":"Focada na mobilidade dos servi\u00e7os ofertados \u00e0 popula\u00e7\u00e3o, a Prefeitura de Manaus, por meio da Secretaria Municipal do Trabalho, Empreendedorismo e Inova\u00e7\u00e3o (Semtepi), divulga a programa\u00e7\u00e3o do Sine Manaus, que acontece neste s\u00e1bado, 29\/7, de 8h \u00e0s 12h, nos bairros Petr\u00f3polis, zona Sul, e Amazonino Mendes, na zona Norte da capital.","og_url":"https:\/\/www.manaus.am.gov.br\/semtepi\/servicos\/prefeitura-de-manaus-divulga-programacao-do-sine-nos-bairros-para-este-fim-de-semana\/","og_site_name":"SEMTEPI","article_published_time":"2023-07-27T16:11:50+00:00","article_modified_time":"2023-07-27T16:11:51+00:00","og_image":[{"width":1600,"height":1200,"url":"https:\/\/www.manaus.am.gov.br\/semtepi\/wp-content\/uploads\/sites\/20\/2023\/07\/Prefeitura-de-Manaus-divulga-programacao-do-\u2018Sine-nos-Bairros-para-este-fim-de-semana-2.jpeg","type":"image\/jpeg"}],"author":"Cl\u00e1udia Barbosa","twitter_card":"summary_large_image","twitter_misc":{"Written by":"Cl\u00e1udia Barbosa","Est. reading time":"2 minutos"},"schema":{"@context":"https:\/\/schema.org","@graph":[{"@type":"Article","@id":"https:\/\/www.manaus.am.gov.br\/semtepi\/servicos\/prefeitura-de-manaus-divulga-programacao-do-sine-nos-bairros-para-este-fim-de-semana\/#article","isPartOf":{"@id":"https:\/\/www.manaus.am.gov.br\/semtepi\/servicos\/prefeitura-de-manaus-divulga-programacao-do-sine-nos-bairros-para-este-fim-de-semana\/"},"author":{"name":"Cl\u00e1udia Barbosa","@id":"https:\/\/www.manaus.am.gov.br\/semtepi\/#\/schema\/person\/d0a166b5031154c33c77794ddc9a827e"},"headline":"Prefeitura de Manaus divulga programa\u00e7\u00e3o do \u2018Sine nos Bairros\u2019 para este fim de semana","datePublished":"2023-07-27T16:11:50+00:00","dateModified":"2023-07-27T16:11:51+00:00","mainEntityOfPage":{"@id":"https:\/\/www.manaus.am.gov.br\/semtepi\/servicos\/prefeitura-de-manaus-divulga-programacao-do-sine-nos-bairros-para-este-fim-de-semana\/"},"wordCount":363,"publisher":{"@id":"https:\/\/www.manaus.am.gov.br\/semtepi\/#organization"},"image":{"@id":"https:\/\/www.manaus.am.gov.br\/semtepi\/servicos\/prefeitura-de-manaus-divulga-programacao-do-sine-nos-bairros-para-este-fim-de-semana\/#primaryimage"},"thumbnailUrl":"https:\/\/www.manaus.am.gov.br\/semtepi\/wp-content\/uploads\/sites\/20\/2023\/07\/Prefeitura-de-Manaus-divulga-programacao-do-\u2018Sine-nos-Bairros-para-este-fim-de-semana-2.jpeg","keywords":["atendimento","F\u00e1bio Ara\u00fajo","itinerante","prefeitura de manaus","semtepi itinerante","servi\u00e7os","sine manaus","Sine nos Bairros"],"articleSection":["Servi\u00e7os"],"inLanguage":"pt-BR"},{"@type":"WebPage","@id":"https:\/\/www.manaus.am.gov.br\/semtepi\/servicos\/prefeitura-de-manaus-divulga-programacao-do-sine-nos-bairros-para-este-fim-de-semana\/","url":"https:\/\/www.manaus.am.gov.br\/semtepi\/servicos\/prefeitura-de-manaus-divulga-programacao-do-sine-nos-bairros-para-este-fim-de-semana\/","name":"Prefeitura de Manaus divulga programa\u00e7\u00e3o do \u2018Sine nos Bairros\u2019 para este fim de semana - SEMTEPI","isPartOf":{"@id":"https:\/\/www.manaus.am.gov.br\/semtepi\/#website"},"primaryImageOfPage":{"@id":"https:\/\/www.manaus.am.gov.br\/semtepi\/servicos\/prefeitura-de-manaus-divulga-programacao-do-sine-nos-bairros-para-este-fim-de-semana\/#primaryimage"},"image":{"@id":"https:\/\/www.manaus.am.gov.br\/semtepi\/servicos\/prefeitura-de-manaus-divulga-programacao-do-sine-nos-bairros-para-este-fim-de-semana\/#primaryimage"},"thumbnailUrl":"https:\/\/www.manaus.am.gov.br\/semtepi\/wp-content\/uploads\/sites\/20\/2023\/07\/Prefeitura-de-Manaus-divulga-programacao-do-\u2018Sine-nos-Bairros-para-este-fim-de-semana-2.jpeg","datePublished":"2023-07-27T16:11:50+00:00","dateModified":"2023-07-27T16:11:51+00:00","description":"Focada na mobilidade dos servi\u00e7os ofertados \u00e0 popula\u00e7\u00e3o, a Prefeitura de Manaus, por meio da Secretaria Municipal do Trabalho, Empreendedorismo e Inova\u00e7\u00e3o (Semtepi), divulga a programa\u00e7\u00e3o do Sine Manaus, que acontece neste s\u00e1bado, 29\/7, de 8h \u00e0s 12h, nos bairros Petr\u00f3polis, zona Sul, e Amazonino Mendes, na zona Norte da capital.","breadcrumb":{"@id":"https:\/\/www.manaus.am.gov.br\/semtepi\/servicos\/prefeitura-de-manaus-divulga-programacao-do-sine-nos-bairros-para-este-fim-de-semana\/#breadcrumb"},"inLanguage":"pt-BR","potentialAction":[{"@type":"ReadAction","target":["https:\/\/www.manaus.am.gov.br\/semtepi\/servicos\/prefeitura-de-manaus-divulga-programacao-do-sine-nos-bairros-para-este-fim-de-semana\/"]}]},{"@type":"ImageObject","inLanguage":"pt-BR","@id":"https:\/\/www.manaus.am.gov.br\/semtepi\/servicos\/prefeitura-de-manaus-divulga-programacao-do-sine-nos-bairros-para-este-fim-de-semana\/#primaryimage","url":"https:\/\/www.manaus.am.gov.br\/semtepi\/wp-content\/uploads\/sites\/20\/2023\/07\/Prefeitura-de-Manaus-divulga-programacao-do-\u2018Sine-nos-Bairros-para-este-fim-de-semana-2.jpeg","contentUrl":"https:\/\/www.manaus.am.gov.br\/semtepi\/wp-content\/uploads\/sites\/20\/2023\/07\/Prefeitura-de-Manaus-divulga-programacao-do-\u2018Sine-nos-Bairros-para-este-fim-de-semana-2.jpeg","width":1600,"height":1200},{"@type":"BreadcrumbList","@id":"https:\/\/www.manaus.am.gov.br\/semtepi\/servicos\/prefeitura-de-manaus-divulga-programacao-do-sine-nos-bairros-para-este-fim-de-semana\/#breadcrumb","itemListElement":[{"@type":"ListItem","position":1,"name":"Home","item":"https:\/\/www.manaus.am.gov.br\/semtepi\/"},{"@type":"ListItem","position":2,"name":"Prefeitura de Manaus divulga programa\u00e7\u00e3o do \u2018Sine nos Bairros\u2019 para este fim de semana"}]},{"@type":"WebSite","@id":"https:\/\/www.manaus.am.gov.br\/semtepi\/#website","url":"https:\/\/www.manaus.am.gov.br\/semtepi\/","name":"SEMTEPI","description":"Prefeitura de Manaus","publisher":{"@id":"https:\/\/www.manaus.am.gov.br\/semtepi\/#organization"},"alternateName":"Secretaria Municipal do Trabalho, Empreendedorismo e Inova\u00e7\u00e3o","potentialAction":[{"@type":"SearchAction","target":{"@type":"EntryPoint","urlTemplate":"https:\/\/www.manaus.am.gov.br\/semtepi\/?s={search_term_string}"},"query-input":"required name=search_term_string"}],"inLanguage":"pt-BR"},{"@type":"Organization","@id":"https:\/\/www.manaus.am.gov.br\/semtepi\/#organization","name":"Prefeitura Municipal de Manaus","alternateName":"Prefeitura de Manaus","url":"https:\/\/www.manaus.am.gov.br\/semtepi\/","logo":{"@type":"ImageObject","inLanguage":"pt-BR","@id":"https:\/\/www.manaus.am.gov.br\/semtepi\/#\/schema\/logo\/image\/","url":"https:\/\/www.manaus.am.gov.br\/semtepi\/wp-content\/uploads\/sites\/20\/2024\/07\/favicon.png","contentUrl":"https:\/\/www.manaus.am.gov.br\/semtepi\/wp-content\/uploads\/sites\/20\/2024\/07\/favicon.png","width":300,"height":300,"caption":"Prefeitura Municipal de Manaus"},"image":{"@id":"https:\/\/www.manaus.am.gov.br\/semtepi\/#\/schema\/logo\/image\/"}},{"@type":"Person","@id":"https:\/\/www.manaus.am.gov.br\/semtepi\/#\/schema\/person\/d0a166b5031154c33c77794ddc9a827e","name":"Cl\u00e1udia Barbosa","image":{"@type":"ImageObject","inLanguage":"pt-BR","@id":"https:\/\/www.manaus.am.gov.br\/semtepi\/#\/schema\/person\/image\/","url":"https:\/\/secure.gravatar.com\/avatar\/42958a1cf007f1a00534009218c72590?s=96&d=mm&r=g","contentUrl":"https:\/\/secure.gravatar.com\/avatar\/42958a1cf007f1a00534009218c72590?s=96&d=mm&r=g","caption":"Cl\u00e1udia Barbosa"}}]}},"_links":{"self":[{"href":"https:\/\/www.manaus.am.gov.br\/semtepi\/wp-json\/wp\/v2\/posts\/2368"}],"collection":[{"href":"https:\/\/www.manaus.am.gov.br\/semtepi\/wp-json\/wp\/v2\/posts"}],"about":[{"href":"https:\/\/www.manaus.am.gov.br\/semtepi\/wp-json\/wp\/v2\/types\/post"}],"author":[{"embeddable":true,"href":"https:\/\/www.manaus.am.gov.br\/semtepi\/wp-json\/wp\/v2\/users\/24"}],"replies":[{"embeddable":true,"href":"https:\/\/www.manaus.am.gov.br\/semtepi\/wp-json\/wp\/v2\/comments?post=2368"}],"version-history":[{"count":0,"href":"https:\/\/www.manaus.am.gov.br\/semtepi\/wp-json\/wp\/v2\/posts\/2368\/revisions"}],"wp:featuredmedia":[{"embeddable":true,"href":"https:\/\/www.manaus.am.gov.br\/semtepi\/wp-json\/wp\/v2\/media\/2369"}],"wp:attachment":[{"href":"https:\/\/www.manaus.am.gov.br\/semtepi\/wp-json\/wp\/v2\/media?parent=2368"}],"wp:term":[{"taxonomy":"category","embeddable":true,"href":"https:\/\/www.manaus.am.gov.br\/semtepi\/wp-json\/wp\/v2\/categories?post=2368"},{"taxonomy":"post_tag","embeddable":true,"href":"https:\/\/www.manaus.am.gov.br\/semtepi\/wp-json\/wp\/v2\/tags?post=2368"}],"curies":[{"name":"wp","href":"https:\/\/api.w.org\/{rel}","templated":true}]}}