{"id":2366,"date":"2023-07-27T11:27:29","date_gmt":"2023-07-27T15:27:29","guid":{"rendered":"https:\/\/www.manaus.am.gov.br\/semtepi\/sem-categoria\/prefeitura-de-manaus-e-instituto-four-ofertam-50-vagas-gratuitas-para-evento-experiencia-prolider\/"},"modified":"2023-07-27T11:27:30","modified_gmt":"2023-07-27T15:27:30","slug":"prefeitura-de-manaus-e-instituto-four-ofertam-50-vagas-gratuitas-para-evento-experiencia-prolider","status":"publish","type":"post","link":"https:\/\/www.manaus.am.gov.br\/semtepi\/empreendedorismo\/prefeitura-de-manaus-e-instituto-four-ofertam-50-vagas-gratuitas-para-evento-experiencia-prolider\/","title":{"rendered":"<strong>Prefeitura de Manaus e instituto Four ofertam 50 vagas gratuitas para evento \u2018Experi\u00eancia ProL\u00edder\u2019<\/strong>"},"content":{"rendered":"\n<p>A Prefeitura de Manaus, por meio da Secretaria Municipal do Trabalho, Empreendedorismo e Inova\u00e7\u00e3o (Semtepi), em parceria com o ProL\u00edder e o instituto Four, oferta nesta quinta-feira, 27\/7, 50 vagas gratuitas para a \u201cExperi\u00eancia ProL\u00edder\u201d, iniciativa que tem como objetivo formar l\u00edderes na regi\u00e3o Norte e impulsionar a cria\u00e7\u00e3o de neg\u00f3cios transformadores que impactem positivamente o desenvolvimento do pa\u00eds.<\/p>\n\n\n\n<p>A atividade \u00e9 destinada a empreendedores e demais profissionais interessados na \u00e1rea. As inscri\u00e7\u00f5es devem ser realizadas por meio do link&nbsp;<a href=\"https:\/\/bit.ly\/3OupxAO\" target=\"_blank\" rel=\"noreferrer noopener\">https:\/\/bit.ly\/3OupxAO<\/a>.<\/p>\n\n\n\n<p>\u201cEstamos apoiando este evento, que busca fomentar neg\u00f3cios de transforma\u00e7\u00e3o para impulsionar o desenvolvimento do pa\u00eds. \u00c9 uma oportunidade imperd\u00edvel para aqueles que desejam aprimorar suas habilidades de lideran\u00e7a e contribuir para o progresso da nossa regi\u00e3o\u201d, destacou o titular da Semtepi, Radyr J\u00fanior.<\/p>\n\n\n\n<p>O evento ser\u00e1 realizado presencialmente na pr\u00f3xima sexta-feira, 4\/8, das 18h \u00e0s 21h, no Casar\u00e3o da Inova\u00e7\u00e3o Cassina, localizado na rua Bernardo Ramos, n\u00ba 290, Centro, zona Sul. \u00c9 importante lembrar que o local possui regras de vestimenta, sendo proibida a entrada de pessoas trajando bermudas, shorts, minissaias, camisetas regatas ou chinelos.<\/p>\n\n\n\n<p>&#8212; &#8212; &#8212;<\/p>\n\n\n\n<p><strong>Texto \u2013&nbsp;<\/strong>Divulga\u00e7\u00e3o \/ Semtepi<\/p>\n\n\n\n<p><strong>Fotos \u2013&nbsp;<\/strong>Marcely Gomes \/ Arquivo Semcom<\/p>\n\n\n\n<p><strong>Dispon\u00edveis em &#8211;&nbsp;<\/strong><a href=\"https:\/\/flic.kr\/s\/aHsmVMDLvk\" target=\"_blank\" rel=\"noreferrer noopener\">https:\/\/flic.kr\/s\/aHsmVMDLvk<\/a><\/p>\n","protected":false},"excerpt":{"rendered":"","protected":false},"author":24,"featured_media":2367,"comment_status":"closed","ping_status":"closed","sticky":false,"template":"","format":"standard","meta":{"footnotes":""},"categories":[47],"tags":[412,121,116,413,414,8,415,34,9,12],"acf":[],"yoast_head":"<!-- This site is optimized with the Yoast SEO plugin v23.0 - https:\/\/yoast.com\/wordpress\/plugins\/seo\/ -->\n<title>Prefeitura de Manaus e instituto Four ofertam 50 vagas gratuitas para evento \u2018Experi\u00eancia ProL\u00edder\u2019 - SEMTEPI<\/title>\n<meta name=\"description\" content=\"A Prefeitura de Manaus, por meio da Secretaria Municipal do Trabalho, Empreendedorismo e Inova\u00e7\u00e3o (Semtepi), em parceria com o ProL\u00edder e o instituto Four, oferta nesta quinta-feira, 27\/7, 50 vagas gratuitas para a \u201cExperi\u00eancia ProL\u00edder\u201d, iniciativa que tem como objetivo formar l\u00edderes na regi\u00e3o Norte e impulsionar a cria\u00e7\u00e3o de neg\u00f3cios transformadores que impactem positivamente o desenvolvimento do pa\u00eds.\" \/>\n<meta name=\"robots\" content=\"noindex, follow\" \/>\n<meta property=\"og:locale\" content=\"pt_BR\" \/>\n<meta property=\"og:type\" content=\"article\" \/>\n<meta property=\"og:title\" content=\"Prefeitura de Manaus e instituto Four ofertam 50 vagas gratuitas para evento \u2018Experi\u00eancia ProL\u00edder\u2019 - SEMTEPI\" \/>\n<meta property=\"og:description\" content=\"A Prefeitura de Manaus, por meio da Secretaria Municipal do Trabalho, Empreendedorismo e Inova\u00e7\u00e3o (Semtepi), em parceria com o ProL\u00edder e o instituto Four, oferta nesta quinta-feira, 27\/7, 50 vagas gratuitas para a \u201cExperi\u00eancia ProL\u00edder\u201d, iniciativa que tem como objetivo formar l\u00edderes na regi\u00e3o Norte e impulsionar a cria\u00e7\u00e3o de neg\u00f3cios transformadores que impactem positivamente o desenvolvimento do pa\u00eds.\" \/>\n<meta property=\"og:url\" content=\"https:\/\/www.manaus.am.gov.br\/semtepi\/empreendedorismo\/prefeitura-de-manaus-e-instituto-four-ofertam-50-vagas-gratuitas-para-evento-experiencia-prolider\/\" \/>\n<meta property=\"og:site_name\" content=\"SEMTEPI\" \/>\n<meta property=\"article:published_time\" content=\"2023-07-27T15:27:29+00:00\" \/>\n<meta property=\"article:modified_time\" content=\"2023-07-27T15:27:30+00:00\" \/>\n<meta property=\"og:image\" content=\"https:\/\/www.manaus.am.gov.br\/semtepi\/wp-content\/uploads\/sites\/20\/2023\/07\/Prefeitura-de-Manaus-e-instituto-Four-ofertam-50-vagas-gratuitas-para-evento-\u2018Experiencia-ProLider-3-1024x683.jpg\" \/>\n\t<meta property=\"og:image:width\" content=\"1024\" \/>\n\t<meta property=\"og:image:height\" content=\"683\" \/>\n\t<meta property=\"og:image:type\" content=\"image\/jpeg\" \/>\n<meta name=\"author\" content=\"Cl\u00e1udia Barbosa\" \/>\n<meta name=\"twitter:card\" content=\"summary_large_image\" \/>\n<meta name=\"twitter:label1\" content=\"Written by\" \/>\n\t<meta name=\"twitter:data1\" content=\"Cl\u00e1udia Barbosa\" \/>\n\t<meta name=\"twitter:label2\" content=\"Est. reading time\" \/>\n\t<meta name=\"twitter:data2\" content=\"2 minutos\" \/>\n<script type=\"application\/ld+json\" class=\"yoast-schema-graph\">{\"@context\":\"https:\/\/schema.org\",\"@graph\":[{\"@type\":\"Article\",\"@id\":\"https:\/\/www.manaus.am.gov.br\/semtepi\/empreendedorismo\/prefeitura-de-manaus-e-instituto-four-ofertam-50-vagas-gratuitas-para-evento-experiencia-prolider\/#article\",\"isPartOf\":{\"@id\":\"https:\/\/www.manaus.am.gov.br\/semtepi\/empreendedorismo\/prefeitura-de-manaus-e-instituto-four-ofertam-50-vagas-gratuitas-para-evento-experiencia-prolider\/\"},\"author\":{\"name\":\"Cl\u00e1udia Barbosa\",\"@id\":\"https:\/\/www.manaus.am.gov.br\/semtepi\/#\/schema\/person\/d0a166b5031154c33c77794ddc9a827e\"},\"headline\":\"Prefeitura de Manaus e instituto Four ofertam 50 vagas gratuitas para evento \u2018Experi\u00eancia ProL\u00edder\u2019\",\"datePublished\":\"2023-07-27T15:27:29+00:00\",\"dateModified\":\"2023-07-27T15:27:30+00:00\",\"mainEntityOfPage\":{\"@id\":\"https:\/\/www.manaus.am.gov.br\/semtepi\/empreendedorismo\/prefeitura-de-manaus-e-instituto-four-ofertam-50-vagas-gratuitas-para-evento-experiencia-prolider\/\"},\"wordCount\":233,\"publisher\":{\"@id\":\"https:\/\/www.manaus.am.gov.br\/semtepi\/#organization\"},\"image\":{\"@id\":\"https:\/\/www.manaus.am.gov.br\/semtepi\/empreendedorismo\/prefeitura-de-manaus-e-instituto-four-ofertam-50-vagas-gratuitas-para-evento-experiencia-prolider\/#primaryimage\"},\"thumbnailUrl\":\"https:\/\/www.manaus.am.gov.br\/semtepi\/wp-content\/uploads\/sites\/20\/2023\/07\/Prefeitura-de-Manaus-e-instituto-Four-ofertam-50-vagas-gratuitas-para-evento-\u2018Experiencia-ProLider-3.jpg\",\"keywords\":[\"\u201cExperi\u00eancia ProL\u00edder\u201d\",\"empreendedorismo\",\"inscri\u00e7\u00f5es\",\"instituto Four\",\"neg\u00f3cios\",\"prefeitura de manaus\",\"ProL\u00edder\",\"Radyr J\u00fanior\",\"Semtepi\",\"vagas\"],\"articleSection\":[\"Empreendedorismo\"],\"inLanguage\":\"pt-BR\"},{\"@type\":\"WebPage\",\"@id\":\"https:\/\/www.manaus.am.gov.br\/semtepi\/empreendedorismo\/prefeitura-de-manaus-e-instituto-four-ofertam-50-vagas-gratuitas-para-evento-experiencia-prolider\/\",\"url\":\"https:\/\/www.manaus.am.gov.br\/semtepi\/empreendedorismo\/prefeitura-de-manaus-e-instituto-four-ofertam-50-vagas-gratuitas-para-evento-experiencia-prolider\/\",\"name\":\"Prefeitura de Manaus e instituto Four ofertam 50 vagas gratuitas para evento \u2018Experi\u00eancia ProL\u00edder\u2019 - SEMTEPI\",\"isPartOf\":{\"@id\":\"https:\/\/www.manaus.am.gov.br\/semtepi\/#website\"},\"primaryImageOfPage\":{\"@id\":\"https:\/\/www.manaus.am.gov.br\/semtepi\/empreendedorismo\/prefeitura-de-manaus-e-instituto-four-ofertam-50-vagas-gratuitas-para-evento-experiencia-prolider\/#primaryimage\"},\"image\":{\"@id\":\"https:\/\/www.manaus.am.gov.br\/semtepi\/empreendedorismo\/prefeitura-de-manaus-e-instituto-four-ofertam-50-vagas-gratuitas-para-evento-experiencia-prolider\/#primaryimage\"},\"thumbnailUrl\":\"https:\/\/www.manaus.am.gov.br\/semtepi\/wp-content\/uploads\/sites\/20\/2023\/07\/Prefeitura-de-Manaus-e-instituto-Four-ofertam-50-vagas-gratuitas-para-evento-\u2018Experiencia-ProLider-3.jpg\",\"datePublished\":\"2023-07-27T15:27:29+00:00\",\"dateModified\":\"2023-07-27T15:27:30+00:00\",\"description\":\"A Prefeitura de Manaus, por meio da Secretaria Municipal do Trabalho, Empreendedorismo e Inova\u00e7\u00e3o (Semtepi), em parceria com o ProL\u00edder e o instituto Four, oferta nesta quinta-feira, 27\/7, 50 vagas gratuitas para a \u201cExperi\u00eancia ProL\u00edder\u201d, iniciativa que tem como objetivo formar l\u00edderes na regi\u00e3o Norte e impulsionar a cria\u00e7\u00e3o de neg\u00f3cios transformadores que impactem positivamente o desenvolvimento do pa\u00eds.\",\"breadcrumb\":{\"@id\":\"https:\/\/www.manaus.am.gov.br\/semtepi\/empreendedorismo\/prefeitura-de-manaus-e-instituto-four-ofertam-50-vagas-gratuitas-para-evento-experiencia-prolider\/#breadcrumb\"},\"inLanguage\":\"pt-BR\",\"potentialAction\":[{\"@type\":\"ReadAction\",\"target\":[\"https:\/\/www.manaus.am.gov.br\/semtepi\/empreendedorismo\/prefeitura-de-manaus-e-instituto-four-ofertam-50-vagas-gratuitas-para-evento-experiencia-prolider\/\"]}]},{\"@type\":\"ImageObject\",\"inLanguage\":\"pt-BR\",\"@id\":\"https:\/\/www.manaus.am.gov.br\/semtepi\/empreendedorismo\/prefeitura-de-manaus-e-instituto-four-ofertam-50-vagas-gratuitas-para-evento-experiencia-prolider\/#primaryimage\",\"url\":\"https:\/\/www.manaus.am.gov.br\/semtepi\/wp-content\/uploads\/sites\/20\/2023\/07\/Prefeitura-de-Manaus-e-instituto-Four-ofertam-50-vagas-gratuitas-para-evento-\u2018Experiencia-ProLider-3.jpg\",\"contentUrl\":\"https:\/\/www.manaus.am.gov.br\/semtepi\/wp-content\/uploads\/sites\/20\/2023\/07\/Prefeitura-de-Manaus-e-instituto-Four-ofertam-50-vagas-gratuitas-para-evento-\u2018Experiencia-ProLider-3.jpg\",\"width\":3456,\"height\":2304},{\"@type\":\"BreadcrumbList\",\"@id\":\"https:\/\/www.manaus.am.gov.br\/semtepi\/empreendedorismo\/prefeitura-de-manaus-e-instituto-four-ofertam-50-vagas-gratuitas-para-evento-experiencia-prolider\/#breadcrumb\",\"itemListElement\":[{\"@type\":\"ListItem\",\"position\":1,\"name\":\"Home\",\"item\":\"https:\/\/www.manaus.am.gov.br\/semtepi\/\"},{\"@type\":\"ListItem\",\"position\":2,\"name\":\"Prefeitura de Manaus e instituto Four ofertam 50 vagas gratuitas para evento \u2018Experi\u00eancia ProL\u00edder\u2019\"}]},{\"@type\":\"WebSite\",\"@id\":\"https:\/\/www.manaus.am.gov.br\/semtepi\/#website\",\"url\":\"https:\/\/www.manaus.am.gov.br\/semtepi\/\",\"name\":\"SEMTEPI\",\"description\":\"Prefeitura de Manaus\",\"publisher\":{\"@id\":\"https:\/\/www.manaus.am.gov.br\/semtepi\/#organization\"},\"alternateName\":\"Secretaria Municipal do Trabalho, Empreendedorismo e Inova\u00e7\u00e3o\",\"potentialAction\":[{\"@type\":\"SearchAction\",\"target\":{\"@type\":\"EntryPoint\",\"urlTemplate\":\"https:\/\/www.manaus.am.gov.br\/semtepi\/?s={search_term_string}\"},\"query-input\":\"required name=search_term_string\"}],\"inLanguage\":\"pt-BR\"},{\"@type\":\"Organization\",\"@id\":\"https:\/\/www.manaus.am.gov.br\/semtepi\/#organization\",\"name\":\"Prefeitura Municipal de Manaus\",\"alternateName\":\"Prefeitura de Manaus\",\"url\":\"https:\/\/www.manaus.am.gov.br\/semtepi\/\",\"logo\":{\"@type\":\"ImageObject\",\"inLanguage\":\"pt-BR\",\"@id\":\"https:\/\/www.manaus.am.gov.br\/semtepi\/#\/schema\/logo\/image\/\",\"url\":\"https:\/\/www.manaus.am.gov.br\/semtepi\/wp-content\/uploads\/sites\/20\/2024\/07\/favicon.png\",\"contentUrl\":\"https:\/\/www.manaus.am.gov.br\/semtepi\/wp-content\/uploads\/sites\/20\/2024\/07\/favicon.png\",\"width\":300,\"height\":300,\"caption\":\"Prefeitura Municipal de Manaus\"},\"image\":{\"@id\":\"https:\/\/www.manaus.am.gov.br\/semtepi\/#\/schema\/logo\/image\/\"}},{\"@type\":\"Person\",\"@id\":\"https:\/\/www.manaus.am.gov.br\/semtepi\/#\/schema\/person\/d0a166b5031154c33c77794ddc9a827e\",\"name\":\"Cl\u00e1udia Barbosa\",\"image\":{\"@type\":\"ImageObject\",\"inLanguage\":\"pt-BR\",\"@id\":\"https:\/\/www.manaus.am.gov.br\/semtepi\/#\/schema\/person\/image\/\",\"url\":\"https:\/\/secure.gravatar.com\/avatar\/42958a1cf007f1a00534009218c72590?s=96&d=mm&r=g\",\"contentUrl\":\"https:\/\/secure.gravatar.com\/avatar\/42958a1cf007f1a00534009218c72590?s=96&d=mm&r=g\",\"caption\":\"Cl\u00e1udia Barbosa\"}}]}<\/script>\n<!-- \/ Yoast SEO plugin. -->","yoast_head_json":{"title":"Prefeitura de Manaus e instituto Four ofertam 50 vagas gratuitas para evento \u2018Experi\u00eancia ProL\u00edder\u2019 - SEMTEPI","description":"A Prefeitura de Manaus, por meio da Secretaria Municipal do Trabalho, Empreendedorismo e Inova\u00e7\u00e3o (Semtepi), em parceria com o ProL\u00edder e o instituto Four, oferta nesta quinta-feira, 27\/7, 50 vagas gratuitas para a \u201cExperi\u00eancia ProL\u00edder\u201d, iniciativa que tem como objetivo formar l\u00edderes na regi\u00e3o Norte e impulsionar a cria\u00e7\u00e3o de neg\u00f3cios transformadores que impactem positivamente o desenvolvimento do pa\u00eds.","robots":{"index":"noindex","follow":"follow"},"og_locale":"pt_BR","og_type":"article","og_title":"Prefeitura de Manaus e instituto Four ofertam 50 vagas gratuitas para evento \u2018Experi\u00eancia ProL\u00edder\u2019 - SEMTEPI","og_description":"A Prefeitura de Manaus, por meio da Secretaria Municipal do Trabalho, Empreendedorismo e Inova\u00e7\u00e3o (Semtepi), em parceria com o ProL\u00edder e o instituto Four, oferta nesta quinta-feira, 27\/7, 50 vagas gratuitas para a \u201cExperi\u00eancia ProL\u00edder\u201d, iniciativa que tem como objetivo formar l\u00edderes na regi\u00e3o Norte e impulsionar a cria\u00e7\u00e3o de neg\u00f3cios transformadores que impactem positivamente o desenvolvimento do pa\u00eds.","og_url":"https:\/\/www.manaus.am.gov.br\/semtepi\/empreendedorismo\/prefeitura-de-manaus-e-instituto-four-ofertam-50-vagas-gratuitas-para-evento-experiencia-prolider\/","og_site_name":"SEMTEPI","article_published_time":"2023-07-27T15:27:29+00:00","article_modified_time":"2023-07-27T15:27:30+00:00","og_image":[{"width":1024,"height":683,"url":"https:\/\/www.manaus.am.gov.br\/semtepi\/wp-content\/uploads\/sites\/20\/2023\/07\/Prefeitura-de-Manaus-e-instituto-Four-ofertam-50-vagas-gratuitas-para-evento-\u2018Experiencia-ProLider-3-1024x683.jpg","type":"image\/jpeg"}],"author":"Cl\u00e1udia Barbosa","twitter_card":"summary_large_image","twitter_misc":{"Written by":"Cl\u00e1udia Barbosa","Est. reading time":"2 minutos"},"schema":{"@context":"https:\/\/schema.org","@graph":[{"@type":"Article","@id":"https:\/\/www.manaus.am.gov.br\/semtepi\/empreendedorismo\/prefeitura-de-manaus-e-instituto-four-ofertam-50-vagas-gratuitas-para-evento-experiencia-prolider\/#article","isPartOf":{"@id":"https:\/\/www.manaus.am.gov.br\/semtepi\/empreendedorismo\/prefeitura-de-manaus-e-instituto-four-ofertam-50-vagas-gratuitas-para-evento-experiencia-prolider\/"},"author":{"name":"Cl\u00e1udia Barbosa","@id":"https:\/\/www.manaus.am.gov.br\/semtepi\/#\/schema\/person\/d0a166b5031154c33c77794ddc9a827e"},"headline":"Prefeitura de Manaus e instituto Four ofertam 50 vagas gratuitas para evento \u2018Experi\u00eancia ProL\u00edder\u2019","datePublished":"2023-07-27T15:27:29+00:00","dateModified":"2023-07-27T15:27:30+00:00","mainEntityOfPage":{"@id":"https:\/\/www.manaus.am.gov.br\/semtepi\/empreendedorismo\/prefeitura-de-manaus-e-instituto-four-ofertam-50-vagas-gratuitas-para-evento-experiencia-prolider\/"},"wordCount":233,"publisher":{"@id":"https:\/\/www.manaus.am.gov.br\/semtepi\/#organization"},"image":{"@id":"https:\/\/www.manaus.am.gov.br\/semtepi\/empreendedorismo\/prefeitura-de-manaus-e-instituto-four-ofertam-50-vagas-gratuitas-para-evento-experiencia-prolider\/#primaryimage"},"thumbnailUrl":"https:\/\/www.manaus.am.gov.br\/semtepi\/wp-content\/uploads\/sites\/20\/2023\/07\/Prefeitura-de-Manaus-e-instituto-Four-ofertam-50-vagas-gratuitas-para-evento-\u2018Experiencia-ProLider-3.jpg","keywords":["\u201cExperi\u00eancia ProL\u00edder\u201d","empreendedorismo","inscri\u00e7\u00f5es","instituto Four","neg\u00f3cios","prefeitura de manaus","ProL\u00edder","Radyr J\u00fanior","Semtepi","vagas"],"articleSection":["Empreendedorismo"],"inLanguage":"pt-BR"},{"@type":"WebPage","@id":"https:\/\/www.manaus.am.gov.br\/semtepi\/empreendedorismo\/prefeitura-de-manaus-e-instituto-four-ofertam-50-vagas-gratuitas-para-evento-experiencia-prolider\/","url":"https:\/\/www.manaus.am.gov.br\/semtepi\/empreendedorismo\/prefeitura-de-manaus-e-instituto-four-ofertam-50-vagas-gratuitas-para-evento-experiencia-prolider\/","name":"Prefeitura de Manaus e instituto Four ofertam 50 vagas gratuitas para evento \u2018Experi\u00eancia ProL\u00edder\u2019 - SEMTEPI","isPartOf":{"@id":"https:\/\/www.manaus.am.gov.br\/semtepi\/#website"},"primaryImageOfPage":{"@id":"https:\/\/www.manaus.am.gov.br\/semtepi\/empreendedorismo\/prefeitura-de-manaus-e-instituto-four-ofertam-50-vagas-gratuitas-para-evento-experiencia-prolider\/#primaryimage"},"image":{"@id":"https:\/\/www.manaus.am.gov.br\/semtepi\/empreendedorismo\/prefeitura-de-manaus-e-instituto-four-ofertam-50-vagas-gratuitas-para-evento-experiencia-prolider\/#primaryimage"},"thumbnailUrl":"https:\/\/www.manaus.am.gov.br\/semtepi\/wp-content\/uploads\/sites\/20\/2023\/07\/Prefeitura-de-Manaus-e-instituto-Four-ofertam-50-vagas-gratuitas-para-evento-\u2018Experiencia-ProLider-3.jpg","datePublished":"2023-07-27T15:27:29+00:00","dateModified":"2023-07-27T15:27:30+00:00","description":"A Prefeitura de Manaus, por meio da Secretaria Municipal do Trabalho, Empreendedorismo e Inova\u00e7\u00e3o (Semtepi), em parceria com o ProL\u00edder e o instituto Four, oferta nesta quinta-feira, 27\/7, 50 vagas gratuitas para a \u201cExperi\u00eancia ProL\u00edder\u201d, iniciativa que tem como objetivo formar l\u00edderes na regi\u00e3o Norte e impulsionar a cria\u00e7\u00e3o de neg\u00f3cios transformadores que impactem positivamente o desenvolvimento do pa\u00eds.","breadcrumb":{"@id":"https:\/\/www.manaus.am.gov.br\/semtepi\/empreendedorismo\/prefeitura-de-manaus-e-instituto-four-ofertam-50-vagas-gratuitas-para-evento-experiencia-prolider\/#breadcrumb"},"inLanguage":"pt-BR","potentialAction":[{"@type":"ReadAction","target":["https:\/\/www.manaus.am.gov.br\/semtepi\/empreendedorismo\/prefeitura-de-manaus-e-instituto-four-ofertam-50-vagas-gratuitas-para-evento-experiencia-prolider\/"]}]},{"@type":"ImageObject","inLanguage":"pt-BR","@id":"https:\/\/www.manaus.am.gov.br\/semtepi\/empreendedorismo\/prefeitura-de-manaus-e-instituto-four-ofertam-50-vagas-gratuitas-para-evento-experiencia-prolider\/#primaryimage","url":"https:\/\/www.manaus.am.gov.br\/semtepi\/wp-content\/uploads\/sites\/20\/2023\/07\/Prefeitura-de-Manaus-e-instituto-Four-ofertam-50-vagas-gratuitas-para-evento-\u2018Experiencia-ProLider-3.jpg","contentUrl":"https:\/\/www.manaus.am.gov.br\/semtepi\/wp-content\/uploads\/sites\/20\/2023\/07\/Prefeitura-de-Manaus-e-instituto-Four-ofertam-50-vagas-gratuitas-para-evento-\u2018Experiencia-ProLider-3.jpg","width":3456,"height":2304},{"@type":"BreadcrumbList","@id":"https:\/\/www.manaus.am.gov.br\/semtepi\/empreendedorismo\/prefeitura-de-manaus-e-instituto-four-ofertam-50-vagas-gratuitas-para-evento-experiencia-prolider\/#breadcrumb","itemListElement":[{"@type":"ListItem","position":1,"name":"Home","item":"https:\/\/www.manaus.am.gov.br\/semtepi\/"},{"@type":"ListItem","position":2,"name":"Prefeitura de Manaus e instituto Four ofertam 50 vagas gratuitas para evento \u2018Experi\u00eancia ProL\u00edder\u2019"}]},{"@type":"WebSite","@id":"https:\/\/www.manaus.am.gov.br\/semtepi\/#website","url":"https:\/\/www.manaus.am.gov.br\/semtepi\/","name":"SEMTEPI","description":"Prefeitura de Manaus","publisher":{"@id":"https:\/\/www.manaus.am.gov.br\/semtepi\/#organization"},"alternateName":"Secretaria Municipal do Trabalho, Empreendedorismo e Inova\u00e7\u00e3o","potentialAction":[{"@type":"SearchAction","target":{"@type":"EntryPoint","urlTemplate":"https:\/\/www.manaus.am.gov.br\/semtepi\/?s={search_term_string}"},"query-input":"required name=search_term_string"}],"inLanguage":"pt-BR"},{"@type":"Organization","@id":"https:\/\/www.manaus.am.gov.br\/semtepi\/#organization","name":"Prefeitura Municipal de Manaus","alternateName":"Prefeitura de Manaus","url":"https:\/\/www.manaus.am.gov.br\/semtepi\/","logo":{"@type":"ImageObject","inLanguage":"pt-BR","@id":"https:\/\/www.manaus.am.gov.br\/semtepi\/#\/schema\/logo\/image\/","url":"https:\/\/www.manaus.am.gov.br\/semtepi\/wp-content\/uploads\/sites\/20\/2024\/07\/favicon.png","contentUrl":"https:\/\/www.manaus.am.gov.br\/semtepi\/wp-content\/uploads\/sites\/20\/2024\/07\/favicon.png","width":300,"height":300,"caption":"Prefeitura Municipal de Manaus"},"image":{"@id":"https:\/\/www.manaus.am.gov.br\/semtepi\/#\/schema\/logo\/image\/"}},{"@type":"Person","@id":"https:\/\/www.manaus.am.gov.br\/semtepi\/#\/schema\/person\/d0a166b5031154c33c77794ddc9a827e","name":"Cl\u00e1udia Barbosa","image":{"@type":"ImageObject","inLanguage":"pt-BR","@id":"https:\/\/www.manaus.am.gov.br\/semtepi\/#\/schema\/person\/image\/","url":"https:\/\/secure.gravatar.com\/avatar\/42958a1cf007f1a00534009218c72590?s=96&d=mm&r=g","contentUrl":"https:\/\/secure.gravatar.com\/avatar\/42958a1cf007f1a00534009218c72590?s=96&d=mm&r=g","caption":"Cl\u00e1udia Barbosa"}}]}},"_links":{"self":[{"href":"https:\/\/www.manaus.am.gov.br\/semtepi\/wp-json\/wp\/v2\/posts\/2366"}],"collection":[{"href":"https:\/\/www.manaus.am.gov.br\/semtepi\/wp-json\/wp\/v2\/posts"}],"about":[{"href":"https:\/\/www.manaus.am.gov.br\/semtepi\/wp-json\/wp\/v2\/types\/post"}],"author":[{"embeddable":true,"href":"https:\/\/www.manaus.am.gov.br\/semtepi\/wp-json\/wp\/v2\/users\/24"}],"replies":[{"embeddable":true,"href":"https:\/\/www.manaus.am.gov.br\/semtepi\/wp-json\/wp\/v2\/comments?post=2366"}],"version-history":[{"count":0,"href":"https:\/\/www.manaus.am.gov.br\/semtepi\/wp-json\/wp\/v2\/posts\/2366\/revisions"}],"wp:featuredmedia":[{"embeddable":true,"href":"https:\/\/www.manaus.am.gov.br\/semtepi\/wp-json\/wp\/v2\/media\/2367"}],"wp:attachment":[{"href":"https:\/\/www.manaus.am.gov.br\/semtepi\/wp-json\/wp\/v2\/media?parent=2366"}],"wp:term":[{"taxonomy":"category","embeddable":true,"href":"https:\/\/www.manaus.am.gov.br\/semtepi\/wp-json\/wp\/v2\/categories?post=2366"},{"taxonomy":"post_tag","embeddable":true,"href":"https:\/\/www.manaus.am.gov.br\/semtepi\/wp-json\/wp\/v2\/tags?post=2366"}],"curies":[{"name":"wp","href":"https:\/\/api.w.org\/{rel}","templated":true}]}}