{"id":2364,"date":"2023-07-26T16:03:21","date_gmt":"2023-07-26T20:03:21","guid":{"rendered":"https:\/\/www.manaus.am.gov.br\/semtepi\/sem-categoria\/sine-manaus-oferta-117-vagas-de-emprego-nesta-quinta-feira-27-7\/"},"modified":"2023-07-26T16:03:22","modified_gmt":"2023-07-26T20:03:22","slug":"sine-manaus-oferta-117-vagas-de-emprego-nesta-quinta-feira-27-7","status":"publish","type":"post","link":"https:\/\/www.manaus.am.gov.br\/semtepi\/oportunidade\/sine-manaus-oferta-117-vagas-de-emprego-nesta-quinta-feira-27-7\/","title":{"rendered":"<strong>Sine Manaus oferta 117 vagas de emprego nesta quinta-feira, 27\/7<\/strong>"},"content":{"rendered":"\n<p>A Prefeitura de Manaus, por meio do Sine Manaus, oferta 117&nbsp;vagas de emprego em v\u00e1rias \u00e1reas de atua\u00e7\u00e3o, nesta quinta-feira, 27\/7,&nbsp;de 8h \u00e0s 16h. O candidato precisa validar a Carteira Digital e Previd\u00eancia Social (CTPS) no aplicativo \u201cCarteira de Trabalho Digital\u201d ou acessar o site&nbsp;<a href=\"http:\/\/gov.br\/trabalho\" target=\"_blank\" rel=\"noreferrer noopener\">http:\/\/gov.br\/trabalho<\/a>&nbsp;e para concorrer \u00e0s vagas, deve acessar o site&nbsp;<a href=\"http:\/\/empregabrasil.mte.gov.br\/\" target=\"_blank\" rel=\"noreferrer noopener\">http:\/\/empregabrasil.mte.gov.br<\/a>&nbsp;para fazer a solicita\u00e7\u00e3o de cadastro.<\/p>\n\n\n\n<p>Para participar da pr\u00e9-sele\u00e7\u00e3o e concorrer a uma das vagas dispon\u00edveis, ou receber orienta\u00e7\u00e3o de cadastro, Carteira de Trabalho Digital e seguro-desemprego, os candidatos devem comparecer a um dos postos do Sine Manaus: na avenida Constantino Nery, n\u00ba 1.272, bairro S\u00e3o Geraldo, zona Centro-Sul; ou no shopping Phelippe Daou, na&nbsp;avenida Camapu\u00e3, n\u00ba 2.939, bairro Cidade de Deus, zona Leste.<\/p>\n\n\n\n<p>A Semtepi informa que o atendimento no posto do shopping Phelippe Daou foi reduzido em virtude de reforma no espa\u00e7o, e orienta os cidad\u00e3os a comparecerem, preferencialmente, ao posto da avenida Constantino Nery.<\/p>\n\n\n\n<p>Os interessados devem estar munidos do comprovante de vacina\u00e7\u00e3o (Covid-19), curr\u00edculo e documentos pessoais (RG, CPF, PIS, CTPS, comprovante de escolaridade e resid\u00eancia). N\u00e3o \u00e9 necess\u00e1rio apresentar c\u00f3pias, somente os documentos originais.<\/p>\n\n\n\n<p><strong>Vagas Novas \u2013 36<\/strong><\/p>\n\n\n\n<p><strong>1 vaga \u2013 Motorista de \u00d4nibus Especial \u2013 vaga exclusiva para Pessoa com Defici\u00eancia (PcD)<\/strong><\/p>\n\n\n\n<p>Escolaridade \u2013 ensino fundamental completo;<\/p>\n\n\n\n<p>Experi\u00eancia \u2013 seis meses na Carteira de Trabalho;<\/p>\n\n\n\n<p>Requisitos obrigat\u00f3rios \u2013 ter Carteira Nacional de Habilita\u00e7\u00e3o categoria \u201cD\u201d dentro do prazo de validade; curso de TCP e Dire\u00e7\u00e3o Preventiva atualizados;<\/p>\n\n\n\n<p>Atividades \u2013 transportar ve\u00edculos com cargas ou pessoas, para itiner\u00e1rios definidos; elaborar rotas de transporte.<\/p>\n\n\n\n<p>Dispon\u00edvel at\u00e9 27\/7\/2023 ou encerramento da vaga.<\/p>\n\n\n\n<p><strong>1 vaga \u2013 Operador de Extrusora<\/strong><\/p>\n\n\n\n<p>Escolaridade \u2013 ensino m\u00e9dio completo;<\/p>\n\n\n\n<p>Experi\u00eancia \u2013 seis meses na Carteira de Trabalho;<\/p>\n\n\n\n<p>Requisitos obrigat\u00f3rios \u2013 ter experi\u00eancia em m\u00e1quina de extrusora bal\u00e3o e disponibilidade de hor\u00e1rio;<\/p>\n\n\n\n<p>Atividades \u2013 programar atividades de produ\u00e7\u00e3o e monitorar funcionamento de equipamentos e sistemas; controlar par\u00e2metros do processo produtivo.<\/p>\n\n\n\n<p>Dispon\u00edvel at\u00e9 27\/7\/2023 ou encerramento da vaga.<\/p>\n\n\n\n<p><strong>1 vaga \u2013 Empregada Dom\u00e9stica<\/strong><\/p>\n\n\n\n<p>Escolaridade \u2013 ensino fundamental incompleto;<\/p>\n\n\n\n<p>Experi\u00eancia \u2013 seis meses na Carteira de Trabalho;<\/p>\n\n\n\n<p>Atividades \u2013 cozinhar com qualidade e realizar tarefas dom\u00e9sticas em geral.<\/p>\n\n\n\n<p>Dispon\u00edvel at\u00e9 27\/7\/2023 ou encerramento da vaga.<\/p>\n\n\n\n<p><strong>1 vaga \u2013 Eletricista de Autom\u00f3veis<\/strong><\/p>\n\n\n\n<p>Escolaridade \u2013 ensino fundamental completo;<\/p>\n\n\n\n<p>Experi\u00eancia \u2013 seis meses na Carteira de Trabalho;<\/p>\n\n\n\n<p>Atividades \u2013 realizar instala\u00e7\u00e3o e manuten\u00e7\u00e3o el\u00e9trica preventiva e corretiva em ve\u00edculos leves e pesados; analisar as necessidades de troca e regulagem; montar sistemas e aplicar testes de funcionamento.<\/p>\n\n\n\n<p>Dispon\u00edvel at\u00e9 27\/7\/2023 ou encerramento da vaga.<\/p>\n\n\n\n<p><strong>1 vaga \u2013 Vendedor Interno<\/strong><\/p>\n\n\n\n<p>Escolaridade \u2013 ensino m\u00e9dio completo;<\/p>\n\n\n\n<p>Experi\u00eancia \u2013 seis meses na Carteira de Trabalho;<\/p>\n\n\n\n<p>Requisitos obrigat\u00f3rios \u2013 ter conhecimento em venda de medicamentos no atacado;<\/p>\n\n\n\n<p>Atividades \u2013 prospectar clientes; realizar apresenta\u00e7\u00f5es; enviar propostas comerciais; negociar e fechar vendas.<\/p>\n\n\n\n<p>Dispon\u00edvel at\u00e9 27\/7\/2023 ou encerramento da vaga.<\/p>\n\n\n\n<p><strong>1 vaga \u2013 Pedreiro<\/strong><\/p>\n\n\n\n<p>Escolaridade \u2013 ensino m\u00e9dio completo;<\/p>\n\n\n\n<p>Experi\u00eancia \u2013 registrada na Carteira de Trabalho;<\/p>\n\n\n\n<p>Atividades \u2013 construir alicerces, levantar paredes, muros e constru\u00e7\u00f5es similares; rebocar estruturas constru\u00eddas; realizar trabalhos de manuten\u00e7\u00e3o corretiva de pr\u00e9dios, cal\u00e7adas e estruturas semelhantes; armar e desmontar andaimes para execu\u00e7\u00e3o das obras desejadas.<\/p>\n\n\n\n<p>Dispon\u00edvel at\u00e9 27\/7\/2023 ou encerramento da vaga.<\/p>\n\n\n\n<p><strong>1 vaga \u2013 Art\u00edfice de Manuten\u00e7\u00e3o<\/strong><\/p>\n\n\n\n<p>Escolaridade \u2013 ensino m\u00e9dio completo;<\/p>\n\n\n\n<p>Experi\u00eancia \u2013 registrada na Carteira de Trabalho;<\/p>\n\n\n\n<p>Atividades \u2013 executar servi\u00e7os de manuten\u00e7\u00e3o preventiva e corretiva de rede el\u00e9trica, hidr\u00e1ulica, hidro sanit\u00e1ria, de pintura, carpintaria, marcenaria, serralheria, alvenaria e refrigera\u00e7\u00e3o; preparar infraestrutura para m\u00e1quinas e equipamentos, quando necess\u00e1rio.<\/p>\n\n\n\n<p>Dispon\u00edvel at\u00e9 27\/7\/2023 ou encerramento da vaga.<\/p>\n\n\n\n<p><strong>2 vagas \u2013 Atendente de Padaria<\/strong><\/p>\n\n\n\n<p>Escolaridade \u2013 ensino m\u00e9dio completo;<\/p>\n\n\n\n<p>Experi\u00eancia \u2013 seis meses na Carteira de Trabalho ou declara\u00e7\u00e3o;<\/p>\n\n\n\n<p>Requisitos obrigat\u00f3rios \u2013 residir nas proximidades do bairro Flores;<\/p>\n\n\n\n<p>Atividades \u2013 atender clientes; prestar informa\u00e7\u00f5es sobre produtos; separar, pesar, embalar, precificar e organizar os produtos nas prateleiras, agindo com cordialidade e presteza visando a satisfa\u00e7\u00e3o do cliente.<\/p>\n\n\n\n<p>Dispon\u00edvel at\u00e9 27\/7\/2023 ou encerramento da vaga.<\/p>\n\n\n\n<p><strong>1 vaga \u2013 Auxiliar de Marketing<\/strong><\/p>\n\n\n\n<p>Escolaridade \u2013 ensino m\u00e9dio completo;<\/p>\n\n\n\n<p>Experi\u00eancia \u2013 seis meses na Carteira de Trabalho ou declara\u00e7\u00e3o;<\/p>\n\n\n\n<p>Requisitos obrigat\u00f3rios \u2013 residir nas proximidades do bairro Flores; ter dom\u00ednio de redes sociais e fotografia b\u00e1sica;<\/p>\n\n\n\n<p>Atividades \u2013&nbsp;realizar divulga\u00e7\u00e3o e atendimento via plataforma Ifood; produ\u00e7\u00e3o de conte\u00fado.<\/p>\n\n\n\n<p>Dispon\u00edvel at\u00e9 27\/7\/2023 ou encerramento da vaga.<\/p>\n\n\n\n<p><strong>2 vagas \u2013 Chapeiro<\/strong><\/p>\n\n\n\n<p>Escolaridade \u2013 ensino m\u00e9dio completo;<\/p>\n\n\n\n<p>Experi\u00eancia \u2013 seis meses na Carteira de Trabalho ou declara\u00e7\u00e3o;<\/p>\n\n\n\n<p>Requisitos obrigat\u00f3rios \u2013 residir nas proximidades do bairro Flores;<\/p>\n\n\n\n<p>Atividades \u2013 higienizar e organizar o ambiente de trabalho; preparar lanches e pratos r\u00e1pidos na lanchonete da loja (tapiocas e sandu\u00edches diversos).<\/p>\n\n\n\n<p>Dispon\u00edvel at\u00e9 27\/7\/2023 ou encerramento da vaga.<\/p>\n\n\n\n<p><strong>2 vagas \u2013 Auxiliar de Cozinha<\/strong><\/p>\n\n\n\n<p>Escolaridade \u2013 ensino fundamental completo;<\/p>\n\n\n\n<p>Experi\u00eancia \u2013 seis meses na Carteira de Trabalho;<\/p>\n\n\n\n<p>Requisitos obrigat\u00f3rios \u2013 residir nas proximidades do bairro Flores;<\/p>\n\n\n\n<p>Atividades \u2013 preparar alimentos; realizar limpeza e conserva\u00e7\u00e3o das depend\u00eancias do restaurante, lanchonete e equipamentos; auxiliar no preparo das refei\u00e7\u00f5es, sobremesas e lanches.<\/p>\n\n\n\n<p>Dispon\u00edvel at\u00e9 27\/7\/2023 ou encerramento da vaga.<\/p>\n\n\n\n<p><strong>1 vaga \u2013 Auxiliar Financeiro<\/strong><\/p>\n\n\n\n<p>Escolaridade \u2013 ensino m\u00e9dio completo;<\/p>\n\n\n\n<p>Experi\u00eancia \u2013 seis meses na Carteira de Trabalho;<\/p>\n\n\n\n<p>Atividades \u2013 realizar escritura\u00e7\u00e3o fiscal; acompanhamento de entrada e sa\u00edda de mercadorias; confer\u00eancia dos lan\u00e7amentos fiscais; classifica\u00e7\u00e3o de notas fiscais; an\u00e1lise e confer\u00eancia de notas fiscais; emiss\u00e3o de guias de recolhimento.<\/p>\n\n\n\n<p>Dispon\u00edvel at\u00e9 27\/7\/2023 ou encerramento da vaga.<\/p>\n\n\n\n<p><strong>1 vaga \u2013 Mec\u00e2nico Industrial<\/strong><\/p>\n\n\n\n<p>Escolaridade \u2013 ensino t\u00e9cnico em mec\u00e2nica completo;<\/p>\n\n\n\n<p>Experi\u00eancia \u2013 seis meses na Carteira de Trabalho;<\/p>\n\n\n\n<p>Requisitos obrigat\u00f3rios \u2013 ter amplo conhecimento em manuten\u00e7\u00e3o preventiva, preditiva e corretiva de m\u00e1quinas industriais;<\/p>\n\n\n\n<p>Atividades \u2013 diagnosticar e solucionar problemas t\u00e9cnicos em equipamentos industriais; realizar testes e ajustes de m\u00e1quinas e equipamentos; instalar equipamentos mec\u00e2nicos; realizar manuten\u00e7\u00e3o preventiva, corretiva, leitura e interpreta\u00e7\u00e3o de desenhos mec\u00e2nicos;&nbsp;ter conhecimento em NR-33, NR-35 e el\u00e9trica ser\u00e1 um diferencial.<\/p>\n\n\n\n<p>Dispon\u00edvel at\u00e9 27\/7\/2023 ou encerramento da vaga.<\/p>\n\n\n\n<p><strong>1 vaga \u2013 Auxiliar de Limpeza<\/strong><\/p>\n\n\n\n<p>Escolaridade \u2013 ensino fundamental completo;<\/p>\n\n\n\n<p>Experi\u00eancia \u2013 registrada na Carteira de Trabalho;<\/p>\n\n\n\n<p>Atividades \u2013 executar trabalhos de limpeza em geral em edif\u00edcios e outros locais, para manuten\u00e7\u00e3o das condi\u00e7\u00f5es de higiene e conserva\u00e7\u00e3o do ambiente, coletando o lixo.<\/p>\n\n\n\n<p>Dispon\u00edvel at\u00e9 27\/7\/2023 ou encerramento da vaga.<\/p>\n\n\n\n<p><strong>3 vagas \u2013 Vendedor Interno<\/strong><\/p>\n\n\n\n<p>Escolaridade \u2013 ensino m\u00e9dio completo;<\/p>\n\n\n\n<p>Experi\u00eancia \u2013 seis meses na Carteira de Trabalho;<\/p>\n\n\n\n<p>Atividades \u2013 vender mercadorias em estabelecimentos do com\u00e9rcio varejista ou atacadista, auxiliando os clientes na escolha; registrar entrada e sa\u00edda de mercadorias; promover venda de mercadorias e demonstrar seu funcionamento; informar sobre as qualidades e vantagens da compra; expor mercadorias de forma atrativa, em pontos estrat\u00e9gicos de vendas; prestar servi\u00e7os aos clientes, tais como: troca de mercadorias, abastecimento de ve\u00edculos e outros servi\u00e7os correlatos; fazer invent\u00e1rio de mercadorias para reposi\u00e7\u00e3o; elaborar relat\u00f3rios de vendas, promo\u00e7\u00f5es, demonstra\u00e7\u00f5es e pesquisa de pre\u00e7os; desej\u00e1vel ter experi\u00eancia no ramo de materiais de constru\u00e7\u00e3o.<\/p>\n\n\n\n<p>Dispon\u00edvel at\u00e9 27\/7\/2023 ou encerramento da vaga.<\/p>\n\n\n\n<p><strong>3 vagas \u2013 Repositor de Mercadorias<\/strong><\/p>\n\n\n\n<p>Escolaridade \u2013 ensino m\u00e9dio completo;<\/p>\n\n\n\n<p>Experi\u00eancia \u2013 seis meses na Carteira de Trabalho;<\/p>\n\n\n\n<p>Atividades \u2013 repor e arrumar mercadorias em prateleiras; organizar e abastecer as g\u00f4ndolas de produtos; prestar atendimento aos clientes, indicando a posi\u00e7\u00e3o de mercadorias; definir os locais mais adequados para expor os produtos.<\/p>\n\n\n\n<p>Dispon\u00edvel at\u00e9 27\/7\/2023 ou encerramento da vaga.<\/p>\n\n\n\n<p><strong>1 vaga \u2013 A\u00e7ougueiro<\/strong><\/p>\n\n\n\n<p>Escolaridade \u2013 ensino m\u00e9dio completo;<\/p>\n\n\n\n<p>Experi\u00eancia \u2013 seis meses na Carteira de Trabalho;<\/p>\n\n\n\n<p>Requisitos obrigat\u00f3rios \u2013 ter experi\u00eancia em desossa;<\/p>\n\n\n\n<p>Atividades \u2013 abater bovinos e aves; controlar a temperatura e velocidade de m\u00e1quinas; preparar carca\u00e7as de animais (aves, bovinos, caprinos, ovinos e su\u00ednos); tratar v\u00edsceras limpando e escaldando; preparar carnes para comercializa\u00e7\u00e3o; realizar tratamentos especiais em carnes, salgando, secando, prensando e adicionando conservantes; acondicionar carnes em embalagens individuais, manualmente ou com o aux\u00edlio de m\u00e1quinas de embalagem a v\u00e1cuo; trabalhar em conformidade com normas e procedimentos t\u00e9cnicos e de qualidade, seguran\u00e7a, higiene, sa\u00fade e preserva\u00e7\u00e3o ambiental.<\/p>\n\n\n\n<p>Dispon\u00edvel at\u00e9 27\/7\/2023 ou encerramento da vaga.<\/p>\n\n\n\n<p><strong>3 vagas \u2013 Conferente de Carga e Descarga<\/strong><\/p>\n\n\n\n<p>Escolaridade \u2013 ensino m\u00e9dio completo;<\/p>\n\n\n\n<p>Experi\u00eancia \u2013 seis meses na Carteira de Trabalho;<\/p>\n\n\n\n<p>Requisitos obrigat\u00f3rios \u2013 residir preferencialmente no bairro Tarum\u00e3-A\u00e7\u00fa;<\/p>\n\n\n\n<p>Atividades \u2013 apontar a produ\u00e7\u00e3o e controlar a frequ\u00eancia de m\u00e3o-de-obra; acompanhar atividades de produ\u00e7\u00e3o, conferir cargas e verificar documenta\u00e7\u00e3o; preencher relat\u00f3rios, guias, boletins, plano de carga e recibos; controlar a movimenta\u00e7\u00e3o de carga e descarga; liderar equipes de trabalho.<\/p>\n\n\n\n<p>Dispon\u00edvel at\u00e9 27\/7\/2023 ou encerramento da vaga.<\/p>\n\n\n\n<p><strong>1 vaga \u2013 Gerente de Log\u00edstica<\/strong><\/p>\n\n\n\n<p>Escolaridade \u2013 ensino t\u00e9cnico em log\u00edstica completo;<\/p>\n\n\n\n<p>Experi\u00eancia \u2013 seis meses na Carteira de Trabalho;<\/p>\n\n\n\n<p>Requisitos obrigat\u00f3rios \u2013 residir preferencialmente no bairro Tarum\u00e3-A\u00e7\u00fa;<\/p>\n\n\n\n<p>Atividades \u2013 planejar as atividades operacionais de empresas de armazenamento, distribui\u00e7\u00e3o, transportes, comunica\u00e7\u00f5es e log\u00edstica; administrar equipes, gerenciar recursos materiais e financeiros da \u00e1rea; controlar o processo operacional e avaliar seus resultados; providenciar meios para que as atividades sejam desenvolvidas em conformidade com as normas e procedimentos t\u00e9cnicos, de qualidade, seguran\u00e7a, meio ambiente e sa\u00fade; buscar novas tecnologias e assessorar a diretoria e setores da empresa.<\/p>\n\n\n\n<p>Dispon\u00edvel at\u00e9 27\/7\/2023 ou encerramento da vaga.<\/p>\n\n\n\n<p><strong>1 vaga \u2013 Motorista Entregador<\/strong><\/p>\n\n\n\n<p>Escolaridade \u2013 ensino fundamental completo;<\/p>\n\n\n\n<p>Experi\u00eancia \u2013 n\u00e3o \u00e9 necess\u00e1rio;<\/p>\n\n\n\n<p>Requisitos obrigat\u00f3rios \u2013 ter Carteira Nacional de Habilita\u00e7\u00e3o categoria \u201cAB\u201d dentro do prazo de validade;<\/p>\n\n\n\n<p>Atividades \u2013 dirigir e manobrar motocicletas e transportar cargas; efetuar pagamentos e recebimentos no desempenho das atividades; trabalhar seguindo normas de seguran\u00e7a, higiene, qualidade e prote\u00e7\u00e3o ao meio ambiente.<\/p>\n\n\n\n<p>Dispon\u00edvel at\u00e9 27\/7\/2023 ou encerramento da vaga.<\/p>\n\n\n\n<p><strong>1 vaga \u2013 Auxiliar de Compras<\/strong><\/p>\n\n\n\n<p>Escolaridade \u2013 ensino m\u00e9dio completo;<\/p>\n\n\n\n<p>Experi\u00eancia \u2013 registrada na Carteira de Trabalho;<\/p>\n\n\n\n<p>Atividades \u2013 auxiliar nos processos de compras de materiais para empresa; emitir pedidos e notas fiscais; realizar cota\u00e7\u00e3o e acompanhar os prazos de entrega, a qualidade dos produtos e opera\u00e7\u00f5es de follow-up junto aos fornecedores.<\/p>\n\n\n\n<p>Dispon\u00edvel at\u00e9 27\/7\/2023 ou encerramento da vaga.<\/p>\n\n\n\n<p><strong>1 vaga \u2013 Auxiliar de Limpeza<\/strong><\/p>\n\n\n\n<p>Escolaridade \u2013 ensino m\u00e9dio completo;<\/p>\n\n\n\n<p>Experi\u00eancia \u2013 registrada na Carteira de Trabalho;<\/p>\n\n\n\n<p>Atividades \u2013 executar servi\u00e7os de limpeza; substituir, trocar, limpar, reparar e instalar pe\u00e7as, componentes e equipamentos; conservar vidros e fachadas, limpar recintos e acess\u00f3rios; trabalhar seguindo normas de seguran\u00e7a, higiene, qualidade e prote\u00e7\u00e3o ao meio ambiente.<\/p>\n\n\n\n<p>Dispon\u00edvel at\u00e9 27\/7\/2023 ou encerramento da vaga.<\/p>\n\n\n\n<p><strong>3 vagas \u2013 Frentista<\/strong><\/p>\n\n\n\n<p>Escolaridade \u2013 ensino m\u00e9dio completo;<\/p>\n\n\n\n<p>Experi\u00eancia \u2013 registrada na Carteira de Trabalho;<\/p>\n\n\n\n<p>Atividades \u2013 abastecer ve\u00edculos; realizar atendimento a clientes; auxiliar com o pagamento dos servi\u00e7os prestados; ajudar na limpeza e manuten\u00e7\u00e3o de ve\u00edculos.<\/p>\n\n\n\n<p>Dispon\u00edvel at\u00e9 27\/7\/2023 ou encerramento da vaga.<\/p>\n\n\n\n<p><strong>2 vagas \u2013 Motorista Carreteiro<\/strong><\/p>\n\n\n\n<p>Escolaridade \u2013 ensino m\u00e9dio completo;<\/p>\n\n\n\n<p>Experi\u00eancia \u2013 registrada na Carteira de Trabalho;<\/p>\n\n\n\n<p>Requisitos obrigat\u00f3rios \u2013 ter cursos de NR-11, NR-12 e Dire\u00e7\u00e3o Defensiva, exame toxicol\u00f3gico e Carteira Nacional de Habilita\u00e7\u00e3o categoria \u201cE\u201d dentro do prazo de validade;<\/p>\n\n\n\n<p>Atividades \u2013 transportar materiais e produtos para diversos itiner\u00e1rios; elaborar relat\u00f3rios de viagem e rotas; efetuar a presta\u00e7\u00e3o de contas das despesas efetuadas com o ve\u00edculo.<\/p>\n\n\n\n<p>Dispon\u00edvel at\u00e9 27\/7\/2023 ou encerramento da vaga.<\/p>\n\n\n\n<p><strong>Vagas no Com\u00e9rcio \u2013 31<\/strong><\/p>\n\n\n\n<p><strong>1 vaga \u2013 Confeiteiro<\/strong><\/p>\n\n\n\n<p>Escolaridade \u2013 ensino m\u00e9dio completo;<\/p>\n\n\n\n<p>Experi\u00eancia \u2013 seis meses na Carteira de Trabalho;<\/p>\n\n\n\n<p>Requisitos obrigat\u00f3rios \u2013 vaga exclusiva para o munic\u00edpio de Itacoatiara (AM);<\/p>\n\n\n\n<p>Atividades \u2013 auxiliar no preparo de refei\u00e7\u00f5es, sobremesas e lanches; manter a ordem e a limpeza da cozinha, realizando a coleta e a lavagem das bandejas e talheres.<\/p>\n\n\n\n<p>Dispon\u00edvel at\u00e9 27\/7\/2023 ou encerramento da vaga.<\/p>\n\n\n\n<p><strong>10 vagas \u2013 A\u00e7ougueiro<\/strong><\/p>\n\n\n\n<p>Escolaridade \u2013 ensino fundamental completo;<\/p>\n\n\n\n<p>Experi\u00eancia \u2013 seis meses na Carteira de Trabalho;<\/p>\n\n\n\n<p>Atividades \u2013 receber e desossar pe\u00e7as, retalhando por tipo ou corte; avaliar a qualidade do produto e encaminhar para as c\u00e2maras frigor\u00edficas; utilizar utens\u00edlios e equipamentos apropriados na execu\u00e7\u00e3o das tarefas, entre outras atividades pertinentes \u00e0 fun\u00e7\u00e3o.<\/p>\n\n\n\n<p>Dispon\u00edvel at\u00e9 27\/7\/2023 ou encerramento da vaga.<\/p>\n\n\n\n<p><strong>10 vagas \u2013 Operador de Loja<\/strong><\/p>\n\n\n\n<p>Escolaridade \u2013 ensino m\u00e9dio completo;<\/p>\n\n\n\n<p>Experi\u00eancia \u2013 seis meses na Carteira de Trabalho;<\/p>\n\n\n\n<p>Requisitos obrigat\u00f3rios \u2013 ter experi\u00eancia em supermercado;<\/p>\n\n\n\n<p>Atividades \u2013 respons\u00e1vel por auxiliar nas atividades do estabelecimento; realizar atendimento ao cliente;&nbsp;operar caixa,&nbsp;controlar e conferir produtos; organizar e limpar a loja.<\/p>\n\n\n\n<p>Dispon\u00edvel at\u00e9 27\/7\/2023 ou encerramento da vaga.<\/p>\n\n\n\n<p><strong>2 vagas \u2013 Vendedor Externo<\/strong><\/p>\n\n\n\n<p>Escolaridade &#8211; ensino m\u00e9dio completo;<\/p>\n\n\n\n<p>Experi\u00eancia \u2013 seis meses na Carteira de Trabalho;<\/p>\n\n\n\n<p>Requisitos obrigat\u00f3rios \u2013 ter Carteira Nacional de Habilita\u00e7\u00e3o categoria \u201cA\u201d dentro do prazo de validade e ve\u00edculo pr\u00f3prio;<\/p>\n\n\n\n<p>Atividades \u2013 realizar atendimentos e negocia\u00e7\u00f5es com clientes externos.<\/p>\n\n\n\n<p>Dispon\u00edvel at\u00e9 27\/7\/2023 ou encerramento da vaga.<\/p>\n\n\n\n<p><strong>1 vaga \u2013 Farmac\u00eautico<\/strong><\/p>\n\n\n\n<p>Escolaridade \u2013 ensino superior completo em farm\u00e1cia;<\/p>\n\n\n\n<p>Experi\u00eancia \u2013 seis meses na Carteira de Trabalho;<\/p>\n\n\n\n<p>Requisitos obrigat\u00f3rios \u2013 ter experi\u00eancia em SNGPC, rotina de drogaria, conhecimento em venda de medicamentos e CRF ativo;<\/p>\n\n\n\n<p>Atividades \u2013 respons\u00e1vel por atividades como monitoramento do estoque e atendimento ao cliente (verifica\u00e7\u00e3o de sinais e sintomas cl\u00ednicos).<\/p>\n\n\n\n<p>Dispon\u00edvel at\u00e9 27\/7\/2023 ou encerramento da vaga.<\/p>\n\n\n\n<p><strong>2 vagas \u2013 Atendente de Balc\u00e3o<\/strong><\/p>\n\n\n\n<p>Escolaridade \u2013 ensino m\u00e9dio completo;<\/p>\n\n\n\n<p>Experi\u00eancia \u2013 quatro meses na Carteira de Trabalho;<\/p>\n\n\n\n<p>Requisitos obrigat\u00f3rios \u2013 desenvolver um atendimento gentil e respeitoso aos clientes, gostar de trabalhar em equipe, ser simp\u00e1tica e proativo;<\/p>\n\n\n\n<p>Atividades \u2013 realizar atendimento no balc\u00e3o e por aplicativos de entrega; auxiliar na finaliza\u00e7\u00e3o de bolos, na reposi\u00e7\u00e3o de estoque, na etiquetagem de alimentos e na limpeza da cozinha e sal\u00e3o da loja.<\/p>\n\n\n\n<p>Dispon\u00edvel at\u00e9 27\/7\/2023 ou encerramento da vaga.<\/p>\n\n\n\n<p><strong>1 vaga \u2013 Confeiteiro<\/strong><\/p>\n\n\n\n<p>Escolaridade \u2013 ensino m\u00e9dio completo;<\/p>\n\n\n\n<p>Experi\u00eancia \u2013 quatro meses na Carteira de Trabalho;<\/p>\n\n\n\n<p>Atividades \u2013 trabalhar na prepara\u00e7\u00e3o e desenforme de bolos e tortas, caldas, recheios e coberturas, lavagem de lou\u00e7a, limpeza de cozinha, recebimento de mercadorias e controle de estoque; auxiliar no preparo de refei\u00e7\u00f5es, sobremesas e lanches; manter a ordem e a limpeza da cozinha, realizando a coleta e a lavagem das bandejas e talheres.<\/p>\n\n\n\n<p>Dispon\u00edvel at\u00e9 27\/7\/2023 ou encerramento da vaga.<\/p>\n\n\n\n<p><strong>1 vaga \u2013 Auxiliar de Confeiteiro<\/strong><\/p>\n\n\n\n<p>Escolaridade \u2013 ensino m\u00e9dio completo;<\/p>\n\n\n\n<p>Experi\u00eancia \u2013 quatro meses na Carteira de Trabalho;<\/p>\n\n\n\n<p>Requisitos obrigat\u00f3rios \u2013 ter aptid\u00e3o para preparo de bolos e doces e facilidade em seguir padr\u00f5es;<\/p>\n\n\n\n<p>Atividades \u2013 auxiliar na produ\u00e7\u00e3o de bolos e doces; preparar decora\u00e7\u00e3o, recheios e coberturas.<\/p>\n\n\n\n<p>Dispon\u00edvel at\u00e9 27\/7\/2023 ou encerramento da vaga.<\/p>\n\n\n\n<p><strong>1 vaga \u2013 Repositor de Mercadorias<\/strong><\/p>\n\n\n\n<p>Escolaridade \u2013 ensino m\u00e9dio completo;<\/p>\n\n\n\n<p>Experi\u00eancia \u2013 seis meses na Carteira de Trabalho;<\/p>\n\n\n\n<p>Atividades \u2013 organizar e expor produtos nas redes de supermercados e com\u00e9rcios; realizar ponto de venda; verificar a rotatividade e validade de produtos e demais atividades pertinentes ao cargo.<\/p>\n\n\n\n<p>Dispon\u00edvel at\u00e9 27\/7\/2023 ou encerramento da vaga.<\/p>\n\n\n\n<p><strong>1 vaga \u2013 Confeiteiro<\/strong><\/p>\n\n\n\n<p>Escolaridade \u2013 ensino m\u00e9dio completo;<\/p>\n\n\n\n<p>Experi\u00eancia \u2013 seis meses na Carteira de Trabalho;<\/p>\n\n\n\n<p>Atividades \u2013 preparar e criar receitas de bolos, doces, biscoitos, salgados, canap\u00e9s, sorvetes, caldas, tortas, cupcakes, recheios e coberturas.<\/p>\n\n\n\n<p>Dispon\u00edvel at\u00e9 27\/7\/2023 ou encerramento da vaga.<\/p>\n\n\n\n<p><strong>1 vaga \u2013 Auxiliar de Padaria<\/strong><\/p>\n\n\n\n<p>Escolaridade \u2013 ensino fundamental completo;<\/p>\n\n\n\n<p>Experi\u00eancia \u2013 seis meses na Carteira de Trabalho;<\/p>\n\n\n\n<p>Requisitos obrigat\u00f3rios \u2013 ter disponibilidade para trabalhar durante a semana, finais de semana e feriados;<\/p>\n\n\n\n<p>Atividades \u2013 auxiliar o padeiro no preparo de p\u00e3es, salgados, massas, fabrica\u00e7\u00e3o de p\u00e3es e bolos; controlar a qualidade dos alimentos.<\/p>\n\n\n\n<p>Dispon\u00edvel at\u00e9 27\/7\/2023 ou encerramento da vaga.<\/p>\n\n\n\n<p><strong>Vagas na Ind\u00fastria \u2013 1<\/strong><\/p>\n\n\n\n<p><strong>1 vaga \u2013 Eletromec\u00e2nico<\/strong><\/p>\n\n\n\n<p>Escolaridade \u2013 ensino t\u00e9cnico em eletromec\u00e2nica ou el\u00e9trica completo;<\/p>\n\n\n\n<p>Experi\u00eancia \u2013 registrada na Carteira de Trabalho;<\/p>\n\n\n\n<p>Requisitos obrigat\u00f3rios \u2013 ter disponibilidade para trabalhar em linhas de alta tens\u00e3o, transformadores 220v, 110v e 380v;<\/p>\n\n\n\n<p>Atividades \u2013 realizar manuten\u00e7\u00e3o corretiva e preventiva em m\u00e1quinas de inje\u00e7\u00e3o pl\u00e1stica.<\/p>\n\n\n\n<p>Dispon\u00edvel at\u00e9 27\/7\/2023 ou encerramento da vaga.<\/p>\n\n\n\n<p><strong>Vagas em Servi\u00e7os \u2013 37<\/strong><\/p>\n\n\n\n<p><strong>6 vagas \u2013 Bombeiro Civil<\/strong><\/p>\n\n\n\n<p>Escolaridade \u2013 ensino m\u00e9dio completo;<\/p>\n\n\n\n<p>Experi\u00eancia \u2013 registrada na Carteira de Trabalho;<\/p>\n\n\n\n<p>Requisitos obrigat\u00f3rios \u2013 ter registro (CBMMA) ativo e atualizado; conhecimento e dom\u00ednio das NRs e NBRs relacionadas a combate a inc\u00eandio e emerg\u00eancia; cursos de NR-33, NR-35, NR-20&nbsp;e Condutor de Ambul\u00e2ncia&nbsp;atualizados; Carteira Nacional de Habilita\u00e7\u00e3o categoria \u201cD\u201d dentro do prazo de validade e disponibilidade para atuar em regime de escala 12&#215;8;<\/p>\n\n\n\n<p>Atividades \u2013 atuar na brigada e simulados de emerg\u00eancia; inspecionar equipamentos de emerg\u00eancia e combate a inc\u00eandio; identificar e levantar os mapas de cen\u00e1rios de riscos da unidade; transporte de pessoas em emerg\u00eancia e urg\u00eancia (incluindo hospitais em Manaus e arredores).<\/p>\n\n\n\n<p>Dispon\u00edvel at\u00e9 27\/7\/2023 ou encerramento da vaga.<\/p>\n\n\n\n<p><strong>1 vaga \u2013 T\u00e9cnico de Eletr\u00f4nico<\/strong><\/p>\n\n\n\n<p>Escolaridade \u2013 ensino m\u00e9dio completo;<\/p>\n\n\n\n<p>Experi\u00eancia \u2013 seis meses na Carteira de Trabalho;<\/p>\n\n\n\n<p>Requisitos obrigat\u00f3rios \u2013 ter Carteira Nacional de Habilita\u00e7\u00e3o categoria \u201cA\u201d;<\/p>\n\n\n\n<p>Atividades \u2013 executar e supervisionar a instala\u00e7\u00e3o e manuten\u00e7\u00e3o de equipamentos, sistemas eletr\u00f4nicos, de transmiss\u00e3o e recep\u00e7\u00e3o de sinais.<\/p>\n\n\n\n<p>Dispon\u00edvel at\u00e9 27\/7\/2023 ou encerramento da vaga.<\/p>\n\n\n\n<p><strong>1 vaga \u2013 Bab\u00e1<\/strong><\/p>\n\n\n\n<p>Escolaridade \u2013 ensino m\u00e9dio completo;<\/p>\n\n\n\n<p>Experi\u00eancia \u2013 seis meses na Carteira de Trabalho;<\/p>\n\n\n\n<p>Atividades \u2013 preparar as refei\u00e7\u00f5es das crian\u00e7as, aliment\u00e1-las e trocar fraldas; manter o quarto limpo e arrumado, incluindo camas e len\u00e7\u00f3is; lavar e passar roupas; levar as crian\u00e7as para passear e brincar.<\/p>\n\n\n\n<p>Dispon\u00edvel at\u00e9 27\/7\/2023 ou encerramento da vaga.<\/p>\n\n\n\n<p><strong>2 vagas \u2013 Motorista de Caminh\u00e3o<\/strong><\/p>\n\n\n\n<p>Escolaridade \u2013 ensino m\u00e9dio completo;<\/p>\n\n\n\n<p>Experi\u00eancia \u2013 seis meses na Carteira de Trabalho;<\/p>\n\n\n\n<p>Requisitos obrigat\u00f3rios \u2013 ter curso de MOPP e Carteira Nacional de Habilita\u00e7\u00e3o categoria \u201cD\u201d dentro do prazo de validade; residir nas proximidades ou na zona Leste de Manaus;<\/p>\n\n\n\n<p>Atividades \u2013 transportar, coletar e entregar cargas no Polo Industrial de Manaus.<\/p>\n\n\n\n<p>Dispon\u00edvel at\u00e9 27\/7\/2023 ou encerramento da vaga.<\/p>\n\n\n\n<p><strong>2 vagas \u2013 Vendedor Interno (Carros)<\/strong><\/p>\n\n\n\n<p>Escolaridade \u2013 ensino m\u00e9dio completo;<\/p>\n\n\n\n<p>Experi\u00eancia \u2013 registrada na Carteira de Trabalho;<\/p>\n\n\n\n<p>Atividades \u2013 atender clientes, identificar necessidades e orientar com informa\u00e7\u00f5es referentes ao ve\u00edculo; realizar o fechamento da venda e acompanha as pr\u00e1ticas comerciais da concorr\u00eancia, a fim de identificar oportunidades de novos neg\u00f3cios.<\/p>\n\n\n\n<p>Dispon\u00edvel at\u00e9 27\/7\/2023 ou encerramento da vaga.<\/p>\n\n\n\n<p><strong>3 vagas \u2013 Or\u00e7amentista<\/strong><\/p>\n\n\n\n<p>Escolaridade \u2013 ensino t\u00e9cnico completo ou cursando em or\u00e7amento ou engenharia (em geral);<\/p>\n\n\n\n<p>Experi\u00eancia \u2013 registrada na Carteira de Trabalho;<\/p>\n\n\n\n<p>Requisitos obrigat\u00f3rios \u2013 ter Carteira Nacional de Habilita\u00e7\u00e3o categoria \u201cB\u201d dentro do prazo de validade; curso de Pacote Office avan\u00e7ado e aptid\u00e3o nos softwares: Revit, Autocad, Sketchup e MS Project;<\/p>\n\n\n\n<p>Atividades \u2013 realizar levantamento t\u00e9cnico de campo em \u00e1rea el\u00e9trica, de montagens e refrigera\u00e7\u00e3o; elaborar or\u00e7amentos; fazer emiss\u00e3o de relat\u00f3rios e laudos t\u00e9cnicos e leitura de projetos, entre outras atividades pertinentes \u00e0 fun\u00e7\u00e3o.<\/p>\n\n\n\n<p>Dispon\u00edvel at\u00e9 27\/7\/2023 ou encerramento da vaga.<\/p>\n\n\n\n<p><strong>2 vagas \u2013 Lavador de Carros<\/strong><\/p>\n\n\n\n<p>Escolaridade \u2013 ensino m\u00e9dio completo;<\/p>\n\n\n\n<p>Experi\u00eancia \u2013 registrada na Carteira de Trabalho;<\/p>\n\n\n\n<p>Atividades \u2013 limpar e secar autom\u00f3veis; realizar polimento e cristaliza\u00e7\u00e3o de pintura, entre outras fun\u00e7\u00f5es.<\/p>\n\n\n\n<p>Dispon\u00edvel at\u00e9 27\/7\/2023 ou encerramento da vaga.<\/p>\n\n\n\n<p><strong>1 vaga \u2013 Capit\u00e3o Fluvial<\/strong><\/p>\n\n\n\n<p>Escolaridade \u2013 ensino m\u00e9dio completo;<\/p>\n\n\n\n<p>Experi\u00eancia \u2013 seis meses na Carteira de Trabalho;<\/p>\n\n\n\n<p>Requisitos obrigat\u00f3rios \u2013 ter CIR e conhecimento no Baixo Amazonas ou Rio Madeira;&nbsp;residir em Manaus;<\/p>\n\n\n\n<p>Atividades \u2013 navegar, atracar e desatracar embarca\u00e7\u00f5es; gerenciar tripula\u00e7\u00e3o; operar equipamentos de embarca\u00e7\u00e3o; monitorar carga e descarga da embarca\u00e7\u00e3o; controlar embarque e desembarque de passageiros.<\/p>\n\n\n\n<p>Dispon\u00edvel at\u00e9 27\/7\/2023 ou encerramento da vaga.<\/p>\n\n\n\n<p><strong>4 vagas \u2013 Contramestre Fluvial<\/strong><\/p>\n\n\n\n<p>Escolaridade \u2013 ensino m\u00e9dio completo;<\/p>\n\n\n\n<p>Experi\u00eancia \u2013 seis meses na Carteira de Trabalho;<\/p>\n\n\n\n<p>Requisitos obrigat\u00f3rios \u2013&nbsp;ter CIR e conhecimento no Baixo Amazonas ou Rio Madeira; residir em Manaus;<\/p>\n\n\n\n<p>Atividades \u2013 coordenar e auxiliar na arruma\u00e7\u00e3o de carga no conv\u00e9s, orientando quanto aos setores que afetam a seguran\u00e7a da embarca\u00e7\u00e3o; determinar as provid\u00eancias necess\u00e1rias para que as embarca\u00e7\u00f5es de salvatagem e os equipamentos de combate a inc\u00eandio estejam em condi\u00e7\u00f5es de uso.<\/p>\n\n\n\n<p>Dispon\u00edvel at\u00e9 27\/7\/2023 ou encerramento da vaga.<\/p>\n\n\n\n<p><strong>3 vagas \u2013 Piloto Fluvial<\/strong><\/p>\n\n\n\n<p>Escolaridade \u2013 ensino m\u00e9dio completo;<\/p>\n\n\n\n<p>Experi\u00eancia \u2013 seis meses na Carteira de Trabalho;<\/p>\n\n\n\n<p>Requisitos obrigat\u00f3rios \u2013&nbsp;ter CIR e conhecimento no Baixo Amazonas ou Rio Madeira; residir em Manaus;<\/p>\n\n\n\n<p>Atividades \u2013 conduzir motores de embarca\u00e7\u00f5es; operar equipamentos da se\u00e7\u00e3o de m\u00e1quinas; realizar manuten\u00e7\u00e3o em equipamentos, carregar e descarregar embarca\u00e7\u00f5es; registrar dados e coordenar servi\u00e7os da se\u00e7\u00e3o de m\u00e1quinas; controlar materiais de consumo e sobressalentes; executar servi\u00e7os de conserva\u00e7\u00e3o da se\u00e7\u00e3o de m\u00e1quinas.<\/p>\n\n\n\n<p>Dispon\u00edvel at\u00e9 27\/7\/2023 ou encerramento da vaga.<\/p>\n\n\n\n<p><strong>2 vagas \u2013 Condutor Maquinista Motorista Fluvial<\/strong><\/p>\n\n\n\n<p>Escolaridade \u2013 ensino m\u00e9dio completo;<\/p>\n\n\n\n<p>Experi\u00eancia \u2013 seis meses na Carteira de Trabalho;<\/p>\n\n\n\n<p>Requisitos obrigat\u00f3rios \u2013&nbsp;ter CIR e conhecimento no Baixo Amazonas ou Rio Madeira; residir em Manaus;<\/p>\n\n\n\n<p>Atividades \u2013 conduzir motores de embarca\u00e7\u00f5es; operar equipamentos da se\u00e7\u00e3o de m\u00e1quinas; realizar manuten\u00e7\u00e3o em equipamentos; carregar e descarregar embarca\u00e7\u00f5es; registrar dados e coordenar servi\u00e7os da se\u00e7\u00e3o de m\u00e1quinas; controlar materiais de consumo e sobressalentes; executar servi\u00e7os de conserva\u00e7\u00e3o da se\u00e7\u00e3o de m\u00e1quinas.<\/p>\n\n\n\n<p>Dispon\u00edvel at\u00e9 27\/7\/2023 ou encerramento da vaga.<\/p>\n\n\n\n<p><strong>2 vagas \u2013 Cozinheiro Fluvial<\/strong><\/p>\n\n\n\n<p>Escolaridade \u2013 ensino m\u00e9dio completo;<\/p>\n\n\n\n<p>Experi\u00eancia \u2013 seis meses na Carteira de Trabalho;<\/p>\n\n\n\n<p>Requisitos obrigat\u00f3rios \u2013&nbsp;ter CIR e conhecimento no Baixo Amazonas ou Rio Madeira; residir em Manaus;<\/p>\n\n\n\n<p>Atividades \u2013 organizar e supervisionar servi\u00e7os de cozinha em embarca\u00e7\u00f5es, planejando card\u00e1pios e elaborando a estocagem e conserva\u00e7\u00e3o, o pr\u00e9-preparo, o preparo e a finaliza\u00e7\u00e3o de alimentos, observando m\u00e9todos de coc\u00e7\u00e3o e padr\u00f5es de qualidade dos alimentos.<\/p>\n\n\n\n<p>Dispon\u00edvel at\u00e9 27\/7\/2023 ou encerramento da vaga.<\/p>\n\n\n\n<p><strong>1 vaga \u2013 T\u00e9cnico de Suporte de TI<\/strong><\/p>\n\n\n\n<p>Escolaridade \u2013 ensino m\u00e9dio completo;<\/p>\n\n\n\n<p>Experi\u00eancia \u2013 seis meses na Carteira de Trabalho;<\/p>\n\n\n\n<p>Requisitos obrigat\u00f3rios \u2013 ter Carteira Nacional de Habilita\u00e7\u00e3o categoria \u201cA\u201d dentro do prazo de validade e conhecimentos na \u00e1rea de TI;<\/p>\n\n\n\n<p>Atividades \u2013&nbsp;auxiliar os usu\u00e1rios em problemas ou danos espec\u00edficos, que podem ir desde problemas em impressoras e e-mails at\u00e9 invas\u00f5es de sistema ou m\u00e1quinas corrompidas.<\/p>\n\n\n\n<p>Dispon\u00edvel at\u00e9 27\/7\/2023 ou encerramento da vaga.<\/p>\n\n\n\n<p><strong>1 vaga \u2013 Mec\u00e2nico de Motores a Diesel<\/strong><\/p>\n\n\n\n<p>Escolaridade \u2013 ensino m\u00e9dio completo;<\/p>\n\n\n\n<p>Experi\u00eancia \u2013 registrada na Carteira de Trabalho;<\/p>\n\n\n\n<p>Requisitos obrigat\u00f3rios \u2013 ter CIR&nbsp;e conhecimento&nbsp;no Baixo Amazonas ou Rio Madeira; residir em Manaus;<\/p>\n\n\n\n<p>Atividades \u2013 atuar na desmontagem, montagem, ajuste, testes e regulagens em motores a diesel; realizar manuten\u00e7\u00e3o e diagn\u00f3sticos de falhas em motores a diesel e sistemas complementares.<\/p>\n\n\n\n<p>Dispon\u00edvel at\u00e9 27\/7\/2023 ou encerramento da vaga.<\/p>\n\n\n\n<p><strong>1 vaga \u2013 Motorista de \u00d4nibus Especial<\/strong><\/p>\n\n\n\n<p>Escolaridade \u2013 ensino fundamental completo;<\/p>\n\n\n\n<p>Experi\u00eancia \u2013 seis meses na Carteira de Trabalho;<\/p>\n\n\n\n<p>Requisitos obrigat\u00f3rios \u2013 ter Carteira Nacional de Habilita\u00e7\u00e3o categoria \u201cD\u201d dentro do prazo de validade; cursos de TCP e Dire\u00e7\u00e3o Preventiva atualizado;<\/p>\n\n\n\n<p>Atividades \u2013 transportar ve\u00edculos com cargas ou pessoas, para itiner\u00e1rios definidos; elaborar as rotas de transporte.<\/p>\n\n\n\n<p>Dispon\u00edvel at\u00e9 27\/7\/2023 ou encerramento da vaga.<\/p>\n\n\n\n<p><strong>2 vagas \u2013 Mec\u00e2nico de M\u00e1quina de Concreto (M\u00e1quinas Pesadas)<\/strong><\/p>\n\n\n\n<p>Escolaridade \u2013 ensino m\u00e9dio completo;<\/p>\n\n\n\n<p>Experi\u00eancia \u2013 seis meses na Carteira de Trabalho;<\/p>\n\n\n\n<p>Atividades \u2013 conhecer sistemas eletromec\u00e2nico e pneum\u00e1tico, de centrais de concreto com misturador, sistema de transilagem de cimento, s\u00edlica e central de \u00e1gua gelada e gelo (carga de Am\u00f4nia); realizar manuten\u00e7\u00e3o em m\u00e1quinas pesadas e implementos agr\u00edcolas; preparar pe\u00e7as para montagem de equipamento; realizar manuten\u00e7\u00f5es; inspecionar e testar o funcionamento de m\u00e1quinas e equipamentos; planejar atividades de manuten\u00e7\u00e3o e registrar informa\u00e7\u00f5es t\u00e9cnicas; as atividades devem ser desenvolvidas em conformidade com normas e procedimentos t\u00e9cnicos, de seguran\u00e7a, qualidade e de preserva\u00e7\u00e3o do meio ambiente.<\/p>\n\n\n\n<p>Dispon\u00edvel at\u00e9 27\/7\/2023 ou encerramento da vaga.<\/p>\n\n\n\n<p><strong>1 vaga \u2013 Auxiliar de Servi\u00e7os Gerais<\/strong><\/p>\n\n\n\n<p>Escolaridade \u2013 ensino m\u00e9dio completo;<\/p>\n\n\n\n<p>Experi\u00eancia \u2013 registrada na Carteira de Trabalho;<\/p>\n\n\n\n<p>Requisitos obrigat\u00f3rios \u2013 ter Carteira Nacional de Habilita\u00e7\u00e3o categoria &#8220;A&#8221; dentro do prazo de validade;<\/p>\n\n\n\n<p>Atividades \u2013 realizar limpeza di\u00e1ria das depend\u00eancias da empresa; remover o p\u00f3 dos m\u00f3veis, fazer a varredura do piso, aspirar detritos, limpar ou lavar vidros e janelas, remover o lixo das lixeiras, higienizar os banheiros e repor materiais de limpeza e higiene.<\/p>\n\n\n\n<p>Dispon\u00edvel at\u00e9 27\/7\/2023 ou encerramento da vaga.<\/p>\n\n\n\n<p><strong>1 vaga \u2013 Pedreiro<\/strong><\/p>\n\n\n\n<p>Escolaridade \u2013 ensino m\u00e9dio completo;<\/p>\n\n\n\n<p>Experi\u00eancia \u2013 registrada na Carteira de Trabalho;<\/p>\n\n\n\n<p>Atividades \u2013 construir alicerces, levantar paredes, muros e constru\u00e7\u00f5es similares; rebocar estruturas constru\u00eddas; realizar trabalhos de manuten\u00e7\u00e3o corretiva de pr\u00e9dios, cal\u00e7adas e estruturas semelhantes; armar e desmontar andaimes para execu\u00e7\u00e3o das obras desejadas.<\/p>\n\n\n\n<p>Dispon\u00edvel at\u00e9 27\/7\/2023 ou encerramento da vaga.<\/p>\n\n\n\n<p><strong>1 vaga \u2013 Supervisor de Telemarketing<\/strong><\/p>\n\n\n\n<p>Escolaridade \u2013 ensino m\u00e9dio completo;<\/p>\n\n\n\n<p>Experi\u00eancia \u2013 registrada na Carteira de Trabalho;<\/p>\n\n\n\n<p>Atividades \u2013 gerenciar as atividades de tele atendimento, como distribui\u00e7\u00e3o de tarefas \u00e0 equipe, acompanhamento de procedimentos e regras para um melhor atendimento ao cliente e elabora\u00e7\u00e3o de relat\u00f3rios estat\u00edsticos; propor medidas para a corre\u00e7\u00e3o e preven\u00e7\u00e3o de problemas, entre outras atividades relativas \u00e0 fun\u00e7\u00e3o.<\/p>\n\n\n\n<p>Dispon\u00edvel at\u00e9 27\/7\/2023 ou encerramento da vaga.<\/p>\n\n\n\n<p><strong>Vagas Exclusivas para Pessoas com Defici\u00eancia (PcD) \u2013 12<\/strong><\/p>\n\n\n\n<p><strong>1 vaga \u2013 Oficial de Manuten\u00e7\u00e3o \u2013 vaga exclusiva para Pessoa com Defici\u00eancia (PcD)<\/strong><\/p>\n\n\n\n<p>Escolaridade \u2013 ensino m\u00e9dio completo;<\/p>\n\n\n\n<p>Experi\u00eancia \u2013 n\u00e3o \u00e9 necess\u00e1rio;<\/p>\n\n\n\n<p>Atividades \u2013&nbsp;limpar internos e externos, executando limpeza \u00famida e seca; limpar banheiros e demais ambientes de higiene pessoal; realizar coleta de lixo comum e recicl\u00e1vel; limpar portas e janelas de vidro, paredes e teto; cuidar dos vasos de plantas internas; varrer ambientes externos, coletando folhas secas; limpar cozinhas, \u00e1rea de servi\u00e7o, garagens e p\u00e1tios, assoalhos e m\u00f3veis, carpetes e tapetes; abastecer os ambientes com materiais; executar outras tarefas relacionadas \u00e0 \u00e1rea.<\/p>\n\n\n\n<p>Dispon\u00edvel at\u00e9 27\/7\/2023 ou encerramento da vaga.<\/p>\n\n\n\n<p><strong>2 vagas \u2013 Auxiliar de Limpeza \u2013 vagas exclusivas para Pessoas com Defici\u00eancia (PcD)<\/strong><\/p>\n\n\n\n<p>Escolaridade \u2013 ensino fundamental completo;<\/p>\n\n\n\n<p>Experi\u00eancia \u2013 seis meses na Carteira de Trabalho;<\/p>\n\n\n\n<p>Atividades \u2013 executar servi\u00e7os de limpeza, conserva\u00e7\u00e3o e higieniza\u00e7\u00e3o de bens m\u00f3veis e im\u00f3veis; realizar a arruma\u00e7\u00e3o e remo\u00e7\u00e3o de m\u00f3veis e utens\u00edlios nas depend\u00eancias do contrato; executar demais tarefas relacionadas \u00e0 fun\u00e7\u00e3o.<\/p>\n\n\n\n<p>Dispon\u00edvel at\u00e9 27\/7\/2023 ou encerramento da vaga.<\/p>\n\n\n\n<p><strong>2 vagas \u2013 Operador Multifuncional \u2013 vagas exclusivas para Pessoas com Defici\u00eancia (PcD)<\/strong><\/p>\n\n\n\n<p>Escolaridade \u2013 ensino m\u00e9dio completo;<\/p>\n\n\n\n<p>Experi\u00eancia \u2013 seis meses na Carteira de Trabalho;<\/p>\n\n\n\n<p>Atividades \u2013 preparar, ajustar e operar m\u00e1quinas de produ\u00e7\u00e3o; garantir a qualidade das m\u00e1quinas por meio da realiza\u00e7\u00e3o de testes, frequ\u00eancia e padr\u00f5es estipulados; manter a limpeza das m\u00e1quinas e a organiza\u00e7\u00e3o do setor.<\/p>\n\n\n\n<p>Dispon\u00edvel at\u00e9 27\/7\/2023 ou encerramento da vaga.<\/p>\n\n\n\n<p><strong>1 vaga \u2013 Assistente de Vendas \u2013 vaga exclusiva para Pessoa com Defici\u00eancia (PcD)<\/strong><\/p>\n\n\n\n<p>Escolaridade \u2013 ensino m\u00e9dio completo;<\/p>\n\n\n\n<p>Experi\u00eancia \u2013 tr\u00eas meses na Carteira de Trabalho;<\/p>\n\n\n\n<p>Atividades \u2013 empacotar as compras dos clientes no caixa;&nbsp;se necess\u00e1rio&nbsp;levar as compras dos clientes at\u00e9 o carro; realizar reposi\u00e7\u00e3o de mercadorias; trocar pre\u00e7o dos produtos, entre outras atividades correlatas.<\/p>\n\n\n\n<p>Dispon\u00edvel at\u00e9 27\/7\/2023 ou encerramento da vaga.<\/p>\n\n\n\n<p><strong>3 vagas \u2013 Auxiliar de Limpeza \u2013 vagas exclusivas para Pessoas com Defici\u00eancia (PcD)<\/strong><\/p>\n\n\n\n<p>Escolaridade \u2013 ensino fundamental completo;<\/p>\n\n\n\n<p>Experi\u00eancia \u2013 n\u00e3o \u00e9 necess\u00e1rio;<\/p>\n\n\n\n<p>Atividades \u2013 executar servi\u00e7os de limpeza, conserva\u00e7\u00e3o e higieniza\u00e7\u00e3o de bens m\u00f3veis e im\u00f3veis; realizar arruma\u00e7\u00e3o e remo\u00e7\u00e3o de m\u00f3veis e utens\u00edlios nas depend\u00eancias do contrato;&nbsp;entre outras atividades correlatas.<\/p>\n\n\n\n<p>Dispon\u00edvel at\u00e9 27\/7\/2023 ou encerramento da vaga.<\/p>\n\n\n\n<p><strong>3 vagas &#8211; Auxiliar de Servi\u00e7os Gerais \u2013 vagas exclusivas para Pessoa com Defici\u00eancia (PcD)<\/strong><\/p>\n\n\n\n<p>Escolaridade \u2013 ensino fundamental incompleto;<\/p>\n\n\n\n<p>Experi\u00eancia \u2013 seis meses na Carteira de Trabalho;<\/p>\n\n\n\n<p>Atividades \u2013&nbsp;realizar limpeza di\u00e1ria das depend\u00eancias da empresa; remover o p\u00f3 dos m\u00f3veis, fazer a varredura do piso, aspirar detritos, limpar ou lavar vidros e janelas, remover o lixo das lixeiras, higienizar os banheiros e repor materiais de limpeza.<\/p>\n\n\n\n<p>Dispon\u00edvel at\u00e9 27\/7\/2023 ou encerramento da vaga.<\/p>\n\n\n\n<p>&#8212; &#8212; &#8212;<\/p>\n\n\n\n<p><strong>Texto \u2013 <\/strong>Divulga\u00e7\u00e3o \/ Semtepi<\/p>\n\n\n\n<p><strong>Fotos \u2013 <\/strong>Divulga\u00e7\u00e3o \/ Arquivo Semcom<\/p>\n\n\n\n<p><strong>Dispon\u00edveis em &#8211;<\/strong> <a href=\"https:\/\/flic.kr\/s\/aHBqjzGRm9\">https:\/\/flic.kr\/s\/aHBqjzGRm9<\/a><\/p>\n","protected":false},"excerpt":{"rendered":"","protected":false},"author":24,"featured_media":2365,"comment_status":"closed","ping_status":"closed","sticky":false,"template":"","format":"standard","meta":{"footnotes":""},"categories":[5],"tags":[15,16,11,17,18,19,10,12],"acf":[],"yoast_head":"<!-- This site is optimized with the Yoast SEO plugin v23.0 - https:\/\/yoast.com\/wordpress\/plugins\/seo\/ -->\n<title>Sine Manaus oferta 117 vagas de emprego nesta quinta-feira, 27\/7 - SEMTEPI<\/title>\n<meta name=\"description\" content=\"A Prefeitura de Manaus, por meio do Sine Manaus, oferta 117\u00a0vagas de emprego em v\u00e1rias \u00e1reas de atua\u00e7\u00e3o, nesta quinta-feira, 27\/7,\u00a0de 8h \u00e0s 16h.\" \/>\n<meta name=\"robots\" content=\"noindex, follow\" \/>\n<meta property=\"og:locale\" content=\"pt_BR\" \/>\n<meta property=\"og:type\" content=\"article\" \/>\n<meta property=\"og:title\" content=\"Sine Manaus oferta 117 vagas de emprego nesta quinta-feira, 27\/7 - SEMTEPI\" \/>\n<meta property=\"og:description\" content=\"A Prefeitura de Manaus, por meio do Sine Manaus, oferta 117\u00a0vagas de emprego em v\u00e1rias \u00e1reas de atua\u00e7\u00e3o, nesta quinta-feira, 27\/7,\u00a0de 8h \u00e0s 16h.\" \/>\n<meta property=\"og:url\" content=\"https:\/\/www.manaus.am.gov.br\/semtepi\/oportunidade\/sine-manaus-oferta-117-vagas-de-emprego-nesta-quinta-feira-27-7\/\" \/>\n<meta property=\"og:site_name\" content=\"SEMTEPI\" \/>\n<meta property=\"article:published_time\" content=\"2023-07-26T20:03:21+00:00\" \/>\n<meta property=\"article:modified_time\" content=\"2023-07-26T20:03:22+00:00\" \/>\n<meta property=\"og:image\" content=\"https:\/\/www.manaus.am.gov.br\/semtepi\/wp-content\/uploads\/sites\/20\/2023\/07\/51956702801_0c874aed26_o-2-1024x683.jpg\" \/>\n\t<meta property=\"og:image:width\" content=\"1024\" \/>\n\t<meta property=\"og:image:height\" content=\"683\" \/>\n\t<meta property=\"og:image:type\" content=\"image\/jpeg\" \/>\n<meta name=\"author\" content=\"Cl\u00e1udia Barbosa\" \/>\n<meta name=\"twitter:card\" content=\"summary_large_image\" \/>\n<meta name=\"twitter:label1\" content=\"Written by\" \/>\n\t<meta name=\"twitter:data1\" content=\"Cl\u00e1udia Barbosa\" \/>\n\t<meta name=\"twitter:label2\" content=\"Est. reading time\" \/>\n\t<meta name=\"twitter:data2\" content=\"23 minutos\" \/>\n<script type=\"application\/ld+json\" class=\"yoast-schema-graph\">{\"@context\":\"https:\/\/schema.org\",\"@graph\":[{\"@type\":\"Article\",\"@id\":\"https:\/\/www.manaus.am.gov.br\/semtepi\/oportunidade\/sine-manaus-oferta-117-vagas-de-emprego-nesta-quinta-feira-27-7\/#article\",\"isPartOf\":{\"@id\":\"https:\/\/www.manaus.am.gov.br\/semtepi\/oportunidade\/sine-manaus-oferta-117-vagas-de-emprego-nesta-quinta-feira-27-7\/\"},\"author\":{\"name\":\"Cl\u00e1udia Barbosa\",\"@id\":\"https:\/\/www.manaus.am.gov.br\/semtepi\/#\/schema\/person\/d0a166b5031154c33c77794ddc9a827e\"},\"headline\":\"Sine Manaus oferta 117 vagas de emprego nesta quinta-feira, 27\/7\",\"datePublished\":\"2023-07-26T20:03:21+00:00\",\"dateModified\":\"2023-07-26T20:03:22+00:00\",\"mainEntityOfPage\":{\"@id\":\"https:\/\/www.manaus.am.gov.br\/semtepi\/oportunidade\/sine-manaus-oferta-117-vagas-de-emprego-nesta-quinta-feira-27-7\/\"},\"wordCount\":4616,\"publisher\":{\"@id\":\"https:\/\/www.manaus.am.gov.br\/semtepi\/#organization\"},\"image\":{\"@id\":\"https:\/\/www.manaus.am.gov.br\/semtepi\/oportunidade\/sine-manaus-oferta-117-vagas-de-emprego-nesta-quinta-feira-27-7\/#primaryimage\"},\"thumbnailUrl\":\"https:\/\/www.manaus.am.gov.br\/semtepi\/wp-content\/uploads\/sites\/20\/2023\/07\/51956702801_0c874aed26_o-2.jpg\",\"keywords\":[\"avenida Constantino Nery\",\"Carteira de Trabalho Digital\",\"emprego\",\"escolaridade\",\"requisitos obrigat\u00f3rios\",\"shopping phelippe daou\",\"sine manaus\",\"vagas\"],\"articleSection\":[\"Oportunidade\"],\"inLanguage\":\"pt-BR\"},{\"@type\":\"WebPage\",\"@id\":\"https:\/\/www.manaus.am.gov.br\/semtepi\/oportunidade\/sine-manaus-oferta-117-vagas-de-emprego-nesta-quinta-feira-27-7\/\",\"url\":\"https:\/\/www.manaus.am.gov.br\/semtepi\/oportunidade\/sine-manaus-oferta-117-vagas-de-emprego-nesta-quinta-feira-27-7\/\",\"name\":\"Sine Manaus oferta 117 vagas de emprego nesta quinta-feira, 27\/7 - SEMTEPI\",\"isPartOf\":{\"@id\":\"https:\/\/www.manaus.am.gov.br\/semtepi\/#website\"},\"primaryImageOfPage\":{\"@id\":\"https:\/\/www.manaus.am.gov.br\/semtepi\/oportunidade\/sine-manaus-oferta-117-vagas-de-emprego-nesta-quinta-feira-27-7\/#primaryimage\"},\"image\":{\"@id\":\"https:\/\/www.manaus.am.gov.br\/semtepi\/oportunidade\/sine-manaus-oferta-117-vagas-de-emprego-nesta-quinta-feira-27-7\/#primaryimage\"},\"thumbnailUrl\":\"https:\/\/www.manaus.am.gov.br\/semtepi\/wp-content\/uploads\/sites\/20\/2023\/07\/51956702801_0c874aed26_o-2.jpg\",\"datePublished\":\"2023-07-26T20:03:21+00:00\",\"dateModified\":\"2023-07-26T20:03:22+00:00\",\"description\":\"A Prefeitura de Manaus, por meio do Sine Manaus, oferta 117\u00a0vagas de emprego em v\u00e1rias \u00e1reas de atua\u00e7\u00e3o, nesta quinta-feira, 27\/7,\u00a0de 8h \u00e0s 16h.\",\"breadcrumb\":{\"@id\":\"https:\/\/www.manaus.am.gov.br\/semtepi\/oportunidade\/sine-manaus-oferta-117-vagas-de-emprego-nesta-quinta-feira-27-7\/#breadcrumb\"},\"inLanguage\":\"pt-BR\",\"potentialAction\":[{\"@type\":\"ReadAction\",\"target\":[\"https:\/\/www.manaus.am.gov.br\/semtepi\/oportunidade\/sine-manaus-oferta-117-vagas-de-emprego-nesta-quinta-feira-27-7\/\"]}]},{\"@type\":\"ImageObject\",\"inLanguage\":\"pt-BR\",\"@id\":\"https:\/\/www.manaus.am.gov.br\/semtepi\/oportunidade\/sine-manaus-oferta-117-vagas-de-emprego-nesta-quinta-feira-27-7\/#primaryimage\",\"url\":\"https:\/\/www.manaus.am.gov.br\/semtepi\/wp-content\/uploads\/sites\/20\/2023\/07\/51956702801_0c874aed26_o-2.jpg\",\"contentUrl\":\"https:\/\/www.manaus.am.gov.br\/semtepi\/wp-content\/uploads\/sites\/20\/2023\/07\/51956702801_0c874aed26_o-2.jpg\",\"width\":5760,\"height\":3840},{\"@type\":\"BreadcrumbList\",\"@id\":\"https:\/\/www.manaus.am.gov.br\/semtepi\/oportunidade\/sine-manaus-oferta-117-vagas-de-emprego-nesta-quinta-feira-27-7\/#breadcrumb\",\"itemListElement\":[{\"@type\":\"ListItem\",\"position\":1,\"name\":\"Home\",\"item\":\"https:\/\/www.manaus.am.gov.br\/semtepi\/\"},{\"@type\":\"ListItem\",\"position\":2,\"name\":\"Sine Manaus oferta 117 vagas de emprego nesta quinta-feira, 27\/7\"}]},{\"@type\":\"WebSite\",\"@id\":\"https:\/\/www.manaus.am.gov.br\/semtepi\/#website\",\"url\":\"https:\/\/www.manaus.am.gov.br\/semtepi\/\",\"name\":\"SEMTEPI\",\"description\":\"Prefeitura de Manaus\",\"publisher\":{\"@id\":\"https:\/\/www.manaus.am.gov.br\/semtepi\/#organization\"},\"alternateName\":\"Secretaria Municipal do Trabalho, Empreendedorismo e Inova\u00e7\u00e3o\",\"potentialAction\":[{\"@type\":\"SearchAction\",\"target\":{\"@type\":\"EntryPoint\",\"urlTemplate\":\"https:\/\/www.manaus.am.gov.br\/semtepi\/?s={search_term_string}\"},\"query-input\":\"required name=search_term_string\"}],\"inLanguage\":\"pt-BR\"},{\"@type\":\"Organization\",\"@id\":\"https:\/\/www.manaus.am.gov.br\/semtepi\/#organization\",\"name\":\"Prefeitura Municipal de Manaus\",\"alternateName\":\"Prefeitura de Manaus\",\"url\":\"https:\/\/www.manaus.am.gov.br\/semtepi\/\",\"logo\":{\"@type\":\"ImageObject\",\"inLanguage\":\"pt-BR\",\"@id\":\"https:\/\/www.manaus.am.gov.br\/semtepi\/#\/schema\/logo\/image\/\",\"url\":\"https:\/\/www.manaus.am.gov.br\/semtepi\/wp-content\/uploads\/sites\/20\/2024\/07\/favicon.png\",\"contentUrl\":\"https:\/\/www.manaus.am.gov.br\/semtepi\/wp-content\/uploads\/sites\/20\/2024\/07\/favicon.png\",\"width\":300,\"height\":300,\"caption\":\"Prefeitura Municipal de Manaus\"},\"image\":{\"@id\":\"https:\/\/www.manaus.am.gov.br\/semtepi\/#\/schema\/logo\/image\/\"}},{\"@type\":\"Person\",\"@id\":\"https:\/\/www.manaus.am.gov.br\/semtepi\/#\/schema\/person\/d0a166b5031154c33c77794ddc9a827e\",\"name\":\"Cl\u00e1udia Barbosa\",\"image\":{\"@type\":\"ImageObject\",\"inLanguage\":\"pt-BR\",\"@id\":\"https:\/\/www.manaus.am.gov.br\/semtepi\/#\/schema\/person\/image\/\",\"url\":\"https:\/\/secure.gravatar.com\/avatar\/42958a1cf007f1a00534009218c72590?s=96&d=mm&r=g\",\"contentUrl\":\"https:\/\/secure.gravatar.com\/avatar\/42958a1cf007f1a00534009218c72590?s=96&d=mm&r=g\",\"caption\":\"Cl\u00e1udia Barbosa\"}}]}<\/script>\n<!-- \/ Yoast SEO plugin. -->","yoast_head_json":{"title":"Sine Manaus oferta 117 vagas de emprego nesta quinta-feira, 27\/7 - SEMTEPI","description":"A Prefeitura de Manaus, por meio do Sine Manaus, oferta 117\u00a0vagas de emprego em v\u00e1rias \u00e1reas de atua\u00e7\u00e3o, nesta quinta-feira, 27\/7,\u00a0de 8h \u00e0s 16h.","robots":{"index":"noindex","follow":"follow"},"og_locale":"pt_BR","og_type":"article","og_title":"Sine Manaus oferta 117 vagas de emprego nesta quinta-feira, 27\/7 - SEMTEPI","og_description":"A Prefeitura de Manaus, por meio do Sine Manaus, oferta 117\u00a0vagas de emprego em v\u00e1rias \u00e1reas de atua\u00e7\u00e3o, nesta quinta-feira, 27\/7,\u00a0de 8h \u00e0s 16h.","og_url":"https:\/\/www.manaus.am.gov.br\/semtepi\/oportunidade\/sine-manaus-oferta-117-vagas-de-emprego-nesta-quinta-feira-27-7\/","og_site_name":"SEMTEPI","article_published_time":"2023-07-26T20:03:21+00:00","article_modified_time":"2023-07-26T20:03:22+00:00","og_image":[{"width":1024,"height":683,"url":"https:\/\/www.manaus.am.gov.br\/semtepi\/wp-content\/uploads\/sites\/20\/2023\/07\/51956702801_0c874aed26_o-2-1024x683.jpg","type":"image\/jpeg"}],"author":"Cl\u00e1udia Barbosa","twitter_card":"summary_large_image","twitter_misc":{"Written by":"Cl\u00e1udia Barbosa","Est. reading time":"23 minutos"},"schema":{"@context":"https:\/\/schema.org","@graph":[{"@type":"Article","@id":"https:\/\/www.manaus.am.gov.br\/semtepi\/oportunidade\/sine-manaus-oferta-117-vagas-de-emprego-nesta-quinta-feira-27-7\/#article","isPartOf":{"@id":"https:\/\/www.manaus.am.gov.br\/semtepi\/oportunidade\/sine-manaus-oferta-117-vagas-de-emprego-nesta-quinta-feira-27-7\/"},"author":{"name":"Cl\u00e1udia Barbosa","@id":"https:\/\/www.manaus.am.gov.br\/semtepi\/#\/schema\/person\/d0a166b5031154c33c77794ddc9a827e"},"headline":"Sine Manaus oferta 117 vagas de emprego nesta quinta-feira, 27\/7","datePublished":"2023-07-26T20:03:21+00:00","dateModified":"2023-07-26T20:03:22+00:00","mainEntityOfPage":{"@id":"https:\/\/www.manaus.am.gov.br\/semtepi\/oportunidade\/sine-manaus-oferta-117-vagas-de-emprego-nesta-quinta-feira-27-7\/"},"wordCount":4616,"publisher":{"@id":"https:\/\/www.manaus.am.gov.br\/semtepi\/#organization"},"image":{"@id":"https:\/\/www.manaus.am.gov.br\/semtepi\/oportunidade\/sine-manaus-oferta-117-vagas-de-emprego-nesta-quinta-feira-27-7\/#primaryimage"},"thumbnailUrl":"https:\/\/www.manaus.am.gov.br\/semtepi\/wp-content\/uploads\/sites\/20\/2023\/07\/51956702801_0c874aed26_o-2.jpg","keywords":["avenida Constantino Nery","Carteira de Trabalho Digital","emprego","escolaridade","requisitos obrigat\u00f3rios","shopping phelippe daou","sine manaus","vagas"],"articleSection":["Oportunidade"],"inLanguage":"pt-BR"},{"@type":"WebPage","@id":"https:\/\/www.manaus.am.gov.br\/semtepi\/oportunidade\/sine-manaus-oferta-117-vagas-de-emprego-nesta-quinta-feira-27-7\/","url":"https:\/\/www.manaus.am.gov.br\/semtepi\/oportunidade\/sine-manaus-oferta-117-vagas-de-emprego-nesta-quinta-feira-27-7\/","name":"Sine Manaus oferta 117 vagas de emprego nesta quinta-feira, 27\/7 - SEMTEPI","isPartOf":{"@id":"https:\/\/www.manaus.am.gov.br\/semtepi\/#website"},"primaryImageOfPage":{"@id":"https:\/\/www.manaus.am.gov.br\/semtepi\/oportunidade\/sine-manaus-oferta-117-vagas-de-emprego-nesta-quinta-feira-27-7\/#primaryimage"},"image":{"@id":"https:\/\/www.manaus.am.gov.br\/semtepi\/oportunidade\/sine-manaus-oferta-117-vagas-de-emprego-nesta-quinta-feira-27-7\/#primaryimage"},"thumbnailUrl":"https:\/\/www.manaus.am.gov.br\/semtepi\/wp-content\/uploads\/sites\/20\/2023\/07\/51956702801_0c874aed26_o-2.jpg","datePublished":"2023-07-26T20:03:21+00:00","dateModified":"2023-07-26T20:03:22+00:00","description":"A Prefeitura de Manaus, por meio do Sine Manaus, oferta 117\u00a0vagas de emprego em v\u00e1rias \u00e1reas de atua\u00e7\u00e3o, nesta quinta-feira, 27\/7,\u00a0de 8h \u00e0s 16h.","breadcrumb":{"@id":"https:\/\/www.manaus.am.gov.br\/semtepi\/oportunidade\/sine-manaus-oferta-117-vagas-de-emprego-nesta-quinta-feira-27-7\/#breadcrumb"},"inLanguage":"pt-BR","potentialAction":[{"@type":"ReadAction","target":["https:\/\/www.manaus.am.gov.br\/semtepi\/oportunidade\/sine-manaus-oferta-117-vagas-de-emprego-nesta-quinta-feira-27-7\/"]}]},{"@type":"ImageObject","inLanguage":"pt-BR","@id":"https:\/\/www.manaus.am.gov.br\/semtepi\/oportunidade\/sine-manaus-oferta-117-vagas-de-emprego-nesta-quinta-feira-27-7\/#primaryimage","url":"https:\/\/www.manaus.am.gov.br\/semtepi\/wp-content\/uploads\/sites\/20\/2023\/07\/51956702801_0c874aed26_o-2.jpg","contentUrl":"https:\/\/www.manaus.am.gov.br\/semtepi\/wp-content\/uploads\/sites\/20\/2023\/07\/51956702801_0c874aed26_o-2.jpg","width":5760,"height":3840},{"@type":"BreadcrumbList","@id":"https:\/\/www.manaus.am.gov.br\/semtepi\/oportunidade\/sine-manaus-oferta-117-vagas-de-emprego-nesta-quinta-feira-27-7\/#breadcrumb","itemListElement":[{"@type":"ListItem","position":1,"name":"Home","item":"https:\/\/www.manaus.am.gov.br\/semtepi\/"},{"@type":"ListItem","position":2,"name":"Sine Manaus oferta 117 vagas de emprego nesta quinta-feira, 27\/7"}]},{"@type":"WebSite","@id":"https:\/\/www.manaus.am.gov.br\/semtepi\/#website","url":"https:\/\/www.manaus.am.gov.br\/semtepi\/","name":"SEMTEPI","description":"Prefeitura de Manaus","publisher":{"@id":"https:\/\/www.manaus.am.gov.br\/semtepi\/#organization"},"alternateName":"Secretaria Municipal do Trabalho, Empreendedorismo e Inova\u00e7\u00e3o","potentialAction":[{"@type":"SearchAction","target":{"@type":"EntryPoint","urlTemplate":"https:\/\/www.manaus.am.gov.br\/semtepi\/?s={search_term_string}"},"query-input":"required name=search_term_string"}],"inLanguage":"pt-BR"},{"@type":"Organization","@id":"https:\/\/www.manaus.am.gov.br\/semtepi\/#organization","name":"Prefeitura Municipal de Manaus","alternateName":"Prefeitura de Manaus","url":"https:\/\/www.manaus.am.gov.br\/semtepi\/","logo":{"@type":"ImageObject","inLanguage":"pt-BR","@id":"https:\/\/www.manaus.am.gov.br\/semtepi\/#\/schema\/logo\/image\/","url":"https:\/\/www.manaus.am.gov.br\/semtepi\/wp-content\/uploads\/sites\/20\/2024\/07\/favicon.png","contentUrl":"https:\/\/www.manaus.am.gov.br\/semtepi\/wp-content\/uploads\/sites\/20\/2024\/07\/favicon.png","width":300,"height":300,"caption":"Prefeitura Municipal de Manaus"},"image":{"@id":"https:\/\/www.manaus.am.gov.br\/semtepi\/#\/schema\/logo\/image\/"}},{"@type":"Person","@id":"https:\/\/www.manaus.am.gov.br\/semtepi\/#\/schema\/person\/d0a166b5031154c33c77794ddc9a827e","name":"Cl\u00e1udia Barbosa","image":{"@type":"ImageObject","inLanguage":"pt-BR","@id":"https:\/\/www.manaus.am.gov.br\/semtepi\/#\/schema\/person\/image\/","url":"https:\/\/secure.gravatar.com\/avatar\/42958a1cf007f1a00534009218c72590?s=96&d=mm&r=g","contentUrl":"https:\/\/secure.gravatar.com\/avatar\/42958a1cf007f1a00534009218c72590?s=96&d=mm&r=g","caption":"Cl\u00e1udia Barbosa"}}]}},"_links":{"self":[{"href":"https:\/\/www.manaus.am.gov.br\/semtepi\/wp-json\/wp\/v2\/posts\/2364"}],"collection":[{"href":"https:\/\/www.manaus.am.gov.br\/semtepi\/wp-json\/wp\/v2\/posts"}],"about":[{"href":"https:\/\/www.manaus.am.gov.br\/semtepi\/wp-json\/wp\/v2\/types\/post"}],"author":[{"embeddable":true,"href":"https:\/\/www.manaus.am.gov.br\/semtepi\/wp-json\/wp\/v2\/users\/24"}],"replies":[{"embeddable":true,"href":"https:\/\/www.manaus.am.gov.br\/semtepi\/wp-json\/wp\/v2\/comments?post=2364"}],"version-history":[{"count":0,"href":"https:\/\/www.manaus.am.gov.br\/semtepi\/wp-json\/wp\/v2\/posts\/2364\/revisions"}],"wp:featuredmedia":[{"embeddable":true,"href":"https:\/\/www.manaus.am.gov.br\/semtepi\/wp-json\/wp\/v2\/media\/2365"}],"wp:attachment":[{"href":"https:\/\/www.manaus.am.gov.br\/semtepi\/wp-json\/wp\/v2\/media?parent=2364"}],"wp:term":[{"taxonomy":"category","embeddable":true,"href":"https:\/\/www.manaus.am.gov.br\/semtepi\/wp-json\/wp\/v2\/categories?post=2364"},{"taxonomy":"post_tag","embeddable":true,"href":"https:\/\/www.manaus.am.gov.br\/semtepi\/wp-json\/wp\/v2\/tags?post=2364"}],"curies":[{"name":"wp","href":"https:\/\/api.w.org\/{rel}","templated":true}]}}