{"id":2328,"date":"2023-07-21T11:46:35","date_gmt":"2023-07-21T15:46:35","guid":{"rendered":"https:\/\/www.manaus.am.gov.br\/semtepi\/sem-categoria\/prefeitura-divulga-selecionados-para-treinamento-sobre-edicao-de-videos-para-redes-sociais\/"},"modified":"2023-07-21T11:46:35","modified_gmt":"2023-07-21T15:46:35","slug":"prefeitura-divulga-selecionados-para-treinamento-sobre-edicao-de-videos-para-redes-sociais","status":"publish","type":"post","link":"https:\/\/www.manaus.am.gov.br\/semtepi\/inovacao\/prefeitura-divulga-selecionados-para-treinamento-sobre-edicao-de-videos-para-redes-sociais\/","title":{"rendered":"<strong>Prefeitura divulga selecionados para treinamento sobre edi\u00e7\u00e3o de v\u00eddeos para redes sociais<\/strong>"},"content":{"rendered":"\n<p>A Prefeitura de Manaus, por meio da Secretaria Municipal do Trabalho, Empreendedorismo e Inova\u00e7\u00e3o (Semtepi), em parceria com a Hattori Tech, divulga, nesta sexta-feira, 21\/7, a lista completa de selecionados para a segunda edi\u00e7\u00e3o do treinamento \u201cCrie V\u00eddeos Incr\u00edveis para suas Redes Sociais: Edi\u00e7\u00e3o com qualidade com CapCut\u201d.<\/p>\n\n\n\n<p>O objetivo principal da atividade \u00e9 capacitar os participantes no uso do CapCut, uma poderosa ferramenta gratuita de edi\u00e7\u00e3o de v\u00eddeos. Essa plataforma oferece recursos avan\u00e7ados, incluindo filtros, efeitos de transi\u00e7\u00e3o, legendas e trilhas sonoras.<\/p>\n\n\n\n<p>\u201cCom a orienta\u00e7\u00e3o de especialistas experientes, os alunos ter\u00e3o a chance de aprender t\u00e9cnicas simples, por\u00e9m eficazes, para elevar o n\u00edvel de suas habilidades e aprimorar a qualidade dos v\u00eddeos produzidos\u201d, destacou o secret\u00e1rio da Semtepi, Radyr J\u00fanior.<\/p>\n\n\n\n<p>O treinamento ser\u00e1 realizado, presencialmente, na segunda-feira, 24\/7, das 19h \u00e0s 22h, no Casar\u00e3o da Inova\u00e7\u00e3o Cassina, na rua Bernardo Ramos, n\u00ba 290, Centro, zona Sul.&nbsp;Os participantes devem se atentar \u00e0s regras de vestimenta do local: \u00e9 proibida a entrada de pessoas trajando bermuda, short, minissaia, camiseta regata ou chinelo.<\/p>\n\n\n\n<p><strong>Lista de Participantes Treinamento Hattori<\/strong><\/p>\n\n\n\n<div data-wp-interactive=\"\" class=\"wp-block-file\"><object data-wp-bind--hidden=\"!selectors.core.file.hasPdfPreview\" hidden class=\"wp-block-file__embed\" data=\"https:\/\/www.manaus.am.gov.br\/semtepi\/wp-content\/uploads\/sites\/20\/2023\/07\/Lista-Hattori-1.pdf\" type=\"application\/pdf\" style=\"width:100%;height:600px\" aria-label=\"Incorporado de Lista Hattori (1).\"><\/object><a id=\"wp-block-file--media-7cb6935e-292d-4694-ac00-f78ff33a4fcd\" href=\"https:\/\/www.manaus.am.gov.br\/semtepi\/wp-content\/uploads\/sites\/20\/2023\/07\/Lista-Hattori-1.pdf\">Lista Hattori (1)<\/a><a href=\"https:\/\/www.manaus.am.gov.br\/semtepi\/wp-content\/uploads\/sites\/20\/2023\/07\/Lista-Hattori-1.pdf\" class=\"wp-block-file__button wp-element-button\" download aria-describedby=\"wp-block-file--media-7cb6935e-292d-4694-ac00-f78ff33a4fcd\">Baixar<\/a><\/div>\n\n\n\n<p>&#8212; &#8212; &#8212;<\/p>\n\n\n\n<p><strong>Texto \u2013&nbsp;<\/strong>Divulga\u00e7\u00e3o \/ Semtepi<\/p>\n\n\n\n<p><strong>Fotos &#8211;<\/strong>Arquivo Semcom<\/p>\n\n\n\n<p><strong>Dispon\u00edveis em &#8211;&nbsp;<\/strong><a href=\"https:\/\/flic.kr\/s\/aHsmVMDLvk\" target=\"_blank\" rel=\"noreferrer noopener\">https:\/\/flic.kr\/s\/aHsmVMDLvk<\/a><\/p>\n","protected":false},"excerpt":{"rendered":"","protected":false},"author":23,"featured_media":2329,"comment_status":"closed","ping_status":"closed","sticky":false,"template":"","format":"standard","meta":{"footnotes":""},"categories":[149],"tags":[327,153,8,368,225,9],"acf":[],"yoast_head":"<!-- This site is optimized with the Yoast SEO plugin v23.0 - https:\/\/yoast.com\/wordpress\/plugins\/seo\/ -->\n<title>Prefeitura divulga selecionados para treinamento sobre edi\u00e7\u00e3o de v\u00eddeos para redes sociais<\/title>\n<meta name=\"description\" content=\"A Prefeitura de Manaus, por meio da Secretaria Municipal do Trabalho, Empreendedorismo e Inova\u00e7\u00e3o (Semtepi), em parceria com a Hattori Tech, divulga, nesta sexta-feira, 21\/7, a lista completa de selecionados para a segunda edi\u00e7\u00e3o do treinamento \u201cCrie V\u00eddeos Incr\u00edveis para suas Redes Sociais: Edi\u00e7\u00e3o com qualidade com CapCut\u201d.\" \/>\n<meta name=\"robots\" content=\"noindex, follow\" \/>\n<meta property=\"og:locale\" content=\"pt_BR\" \/>\n<meta property=\"og:type\" content=\"article\" \/>\n<meta property=\"og:title\" content=\"Prefeitura divulga selecionados para treinamento sobre edi\u00e7\u00e3o de v\u00eddeos para redes sociais\" \/>\n<meta property=\"og:description\" content=\"A Prefeitura de Manaus, por meio da Secretaria Municipal do Trabalho, Empreendedorismo e Inova\u00e7\u00e3o (Semtepi), em parceria com a Hattori Tech, divulga, nesta sexta-feira, 21\/7, a lista completa de selecionados para a segunda edi\u00e7\u00e3o do treinamento \u201cCrie V\u00eddeos Incr\u00edveis para suas Redes Sociais: Edi\u00e7\u00e3o com qualidade com CapCut\u201d.\" \/>\n<meta property=\"og:url\" content=\"https:\/\/www.manaus.am.gov.br\/semtepi\/inovacao\/prefeitura-divulga-selecionados-para-treinamento-sobre-edicao-de-videos-para-redes-sociais\/\" \/>\n<meta property=\"og:site_name\" content=\"SEMTEPI\" \/>\n<meta property=\"article:published_time\" content=\"2023-07-21T15:46:35+00:00\" \/>\n<meta property=\"og:image\" content=\"https:\/\/www.manaus.am.gov.br\/semtepi\/wp-content\/uploads\/sites\/20\/2023\/07\/51188947272_2f5697540f_c.jpg\" \/>\n\t<meta property=\"og:image:width\" content=\"799\" \/>\n\t<meta property=\"og:image:height\" content=\"533\" \/>\n\t<meta property=\"og:image:type\" content=\"image\/jpeg\" \/>\n<meta name=\"author\" content=\"Adriana Costa\" \/>\n<meta name=\"twitter:card\" content=\"summary_large_image\" \/>\n<meta name=\"twitter:label1\" content=\"Written by\" \/>\n\t<meta name=\"twitter:data1\" content=\"Adriana Costa\" \/>\n\t<meta name=\"twitter:label2\" content=\"Est. reading time\" \/>\n\t<meta name=\"twitter:data2\" content=\"2 minutos\" \/>\n<script type=\"application\/ld+json\" class=\"yoast-schema-graph\">{\"@context\":\"https:\/\/schema.org\",\"@graph\":[{\"@type\":\"Article\",\"@id\":\"https:\/\/www.manaus.am.gov.br\/semtepi\/inovacao\/prefeitura-divulga-selecionados-para-treinamento-sobre-edicao-de-videos-para-redes-sociais\/#article\",\"isPartOf\":{\"@id\":\"https:\/\/www.manaus.am.gov.br\/semtepi\/inovacao\/prefeitura-divulga-selecionados-para-treinamento-sobre-edicao-de-videos-para-redes-sociais\/\"},\"author\":{\"name\":\"Adriana Costa\",\"@id\":\"https:\/\/www.manaus.am.gov.br\/semtepi\/#\/schema\/person\/4e49f4e267757a06ca072ec61b2b9968\"},\"headline\":\"Prefeitura divulga selecionados para treinamento sobre edi\u00e7\u00e3o de v\u00eddeos para redes sociais\",\"datePublished\":\"2023-07-21T15:46:35+00:00\",\"dateModified\":\"2023-07-21T15:46:35+00:00\",\"mainEntityOfPage\":{\"@id\":\"https:\/\/www.manaus.am.gov.br\/semtepi\/inovacao\/prefeitura-divulga-selecionados-para-treinamento-sobre-edicao-de-videos-para-redes-sociais\/\"},\"wordCount\":230,\"publisher\":{\"@id\":\"https:\/\/www.manaus.am.gov.br\/semtepi\/#organization\"},\"image\":{\"@id\":\"https:\/\/www.manaus.am.gov.br\/semtepi\/inovacao\/prefeitura-divulga-selecionados-para-treinamento-sobre-edicao-de-videos-para-redes-sociais\/#primaryimage\"},\"thumbnailUrl\":\"https:\/\/www.manaus.am.gov.br\/semtepi\/wp-content\/uploads\/sites\/20\/2023\/07\/51188947272_2f5697540f_c.jpg\",\"keywords\":[\"edi\u00e7\u00e3o de v\u00eddeos\",\"lista\",\"prefeitura de manaus\",\"redes sociais\",\"selecionados\",\"Semtepi\"],\"articleSection\":[\"Inova\u00e7\u00e3o\"],\"inLanguage\":\"pt-BR\"},{\"@type\":\"WebPage\",\"@id\":\"https:\/\/www.manaus.am.gov.br\/semtepi\/inovacao\/prefeitura-divulga-selecionados-para-treinamento-sobre-edicao-de-videos-para-redes-sociais\/\",\"url\":\"https:\/\/www.manaus.am.gov.br\/semtepi\/inovacao\/prefeitura-divulga-selecionados-para-treinamento-sobre-edicao-de-videos-para-redes-sociais\/\",\"name\":\"Prefeitura divulga selecionados para treinamento sobre edi\u00e7\u00e3o de v\u00eddeos para redes sociais\",\"isPartOf\":{\"@id\":\"https:\/\/www.manaus.am.gov.br\/semtepi\/#website\"},\"primaryImageOfPage\":{\"@id\":\"https:\/\/www.manaus.am.gov.br\/semtepi\/inovacao\/prefeitura-divulga-selecionados-para-treinamento-sobre-edicao-de-videos-para-redes-sociais\/#primaryimage\"},\"image\":{\"@id\":\"https:\/\/www.manaus.am.gov.br\/semtepi\/inovacao\/prefeitura-divulga-selecionados-para-treinamento-sobre-edicao-de-videos-para-redes-sociais\/#primaryimage\"},\"thumbnailUrl\":\"https:\/\/www.manaus.am.gov.br\/semtepi\/wp-content\/uploads\/sites\/20\/2023\/07\/51188947272_2f5697540f_c.jpg\",\"datePublished\":\"2023-07-21T15:46:35+00:00\",\"dateModified\":\"2023-07-21T15:46:35+00:00\",\"description\":\"A Prefeitura de Manaus, por meio da Secretaria Municipal do Trabalho, Empreendedorismo e Inova\u00e7\u00e3o (Semtepi), em parceria com a Hattori Tech, divulga, nesta sexta-feira, 21\/7, a lista completa de selecionados para a segunda edi\u00e7\u00e3o do treinamento \u201cCrie V\u00eddeos Incr\u00edveis para suas Redes Sociais: Edi\u00e7\u00e3o com qualidade com CapCut\u201d.\",\"breadcrumb\":{\"@id\":\"https:\/\/www.manaus.am.gov.br\/semtepi\/inovacao\/prefeitura-divulga-selecionados-para-treinamento-sobre-edicao-de-videos-para-redes-sociais\/#breadcrumb\"},\"inLanguage\":\"pt-BR\",\"potentialAction\":[{\"@type\":\"ReadAction\",\"target\":[\"https:\/\/www.manaus.am.gov.br\/semtepi\/inovacao\/prefeitura-divulga-selecionados-para-treinamento-sobre-edicao-de-videos-para-redes-sociais\/\"]}]},{\"@type\":\"ImageObject\",\"inLanguage\":\"pt-BR\",\"@id\":\"https:\/\/www.manaus.am.gov.br\/semtepi\/inovacao\/prefeitura-divulga-selecionados-para-treinamento-sobre-edicao-de-videos-para-redes-sociais\/#primaryimage\",\"url\":\"https:\/\/www.manaus.am.gov.br\/semtepi\/wp-content\/uploads\/sites\/20\/2023\/07\/51188947272_2f5697540f_c.jpg\",\"contentUrl\":\"https:\/\/www.manaus.am.gov.br\/semtepi\/wp-content\/uploads\/sites\/20\/2023\/07\/51188947272_2f5697540f_c.jpg\",\"width\":799,\"height\":533},{\"@type\":\"BreadcrumbList\",\"@id\":\"https:\/\/www.manaus.am.gov.br\/semtepi\/inovacao\/prefeitura-divulga-selecionados-para-treinamento-sobre-edicao-de-videos-para-redes-sociais\/#breadcrumb\",\"itemListElement\":[{\"@type\":\"ListItem\",\"position\":1,\"name\":\"Home\",\"item\":\"https:\/\/www.manaus.am.gov.br\/semtepi\/\"},{\"@type\":\"ListItem\",\"position\":2,\"name\":\"Prefeitura divulga selecionados para treinamento sobre edi\u00e7\u00e3o de v\u00eddeos para redes sociais\"}]},{\"@type\":\"WebSite\",\"@id\":\"https:\/\/www.manaus.am.gov.br\/semtepi\/#website\",\"url\":\"https:\/\/www.manaus.am.gov.br\/semtepi\/\",\"name\":\"SEMTEPI\",\"description\":\"Prefeitura de Manaus\",\"publisher\":{\"@id\":\"https:\/\/www.manaus.am.gov.br\/semtepi\/#organization\"},\"alternateName\":\"Secretaria Municipal do Trabalho, Empreendedorismo e Inova\u00e7\u00e3o\",\"potentialAction\":[{\"@type\":\"SearchAction\",\"target\":{\"@type\":\"EntryPoint\",\"urlTemplate\":\"https:\/\/www.manaus.am.gov.br\/semtepi\/?s={search_term_string}\"},\"query-input\":\"required name=search_term_string\"}],\"inLanguage\":\"pt-BR\"},{\"@type\":\"Organization\",\"@id\":\"https:\/\/www.manaus.am.gov.br\/semtepi\/#organization\",\"name\":\"Prefeitura Municipal de Manaus\",\"alternateName\":\"Prefeitura de Manaus\",\"url\":\"https:\/\/www.manaus.am.gov.br\/semtepi\/\",\"logo\":{\"@type\":\"ImageObject\",\"inLanguage\":\"pt-BR\",\"@id\":\"https:\/\/www.manaus.am.gov.br\/semtepi\/#\/schema\/logo\/image\/\",\"url\":\"https:\/\/www.manaus.am.gov.br\/semtepi\/wp-content\/uploads\/sites\/20\/2024\/07\/favicon.png\",\"contentUrl\":\"https:\/\/www.manaus.am.gov.br\/semtepi\/wp-content\/uploads\/sites\/20\/2024\/07\/favicon.png\",\"width\":300,\"height\":300,\"caption\":\"Prefeitura Municipal de Manaus\"},\"image\":{\"@id\":\"https:\/\/www.manaus.am.gov.br\/semtepi\/#\/schema\/logo\/image\/\"}},{\"@type\":\"Person\",\"@id\":\"https:\/\/www.manaus.am.gov.br\/semtepi\/#\/schema\/person\/4e49f4e267757a06ca072ec61b2b9968\",\"name\":\"Adriana Costa\",\"image\":{\"@type\":\"ImageObject\",\"inLanguage\":\"pt-BR\",\"@id\":\"https:\/\/www.manaus.am.gov.br\/semtepi\/#\/schema\/person\/image\/\",\"url\":\"https:\/\/secure.gravatar.com\/avatar\/576258617ef7194f718179e766d57bd4?s=96&d=mm&r=g\",\"contentUrl\":\"https:\/\/secure.gravatar.com\/avatar\/576258617ef7194f718179e766d57bd4?s=96&d=mm&r=g\",\"caption\":\"Adriana Costa\"}}]}<\/script>\n<!-- \/ Yoast SEO plugin. -->","yoast_head_json":{"title":"Prefeitura divulga selecionados para treinamento sobre edi\u00e7\u00e3o de v\u00eddeos para redes sociais","description":"A Prefeitura de Manaus, por meio da Secretaria Municipal do Trabalho, Empreendedorismo e Inova\u00e7\u00e3o (Semtepi), em parceria com a Hattori Tech, divulga, nesta sexta-feira, 21\/7, a lista completa de selecionados para a segunda edi\u00e7\u00e3o do treinamento \u201cCrie V\u00eddeos Incr\u00edveis para suas Redes Sociais: Edi\u00e7\u00e3o com qualidade com CapCut\u201d.","robots":{"index":"noindex","follow":"follow"},"og_locale":"pt_BR","og_type":"article","og_title":"Prefeitura divulga selecionados para treinamento sobre edi\u00e7\u00e3o de v\u00eddeos para redes sociais","og_description":"A Prefeitura de Manaus, por meio da Secretaria Municipal do Trabalho, Empreendedorismo e Inova\u00e7\u00e3o (Semtepi), em parceria com a Hattori Tech, divulga, nesta sexta-feira, 21\/7, a lista completa de selecionados para a segunda edi\u00e7\u00e3o do treinamento \u201cCrie V\u00eddeos Incr\u00edveis para suas Redes Sociais: Edi\u00e7\u00e3o com qualidade com CapCut\u201d.","og_url":"https:\/\/www.manaus.am.gov.br\/semtepi\/inovacao\/prefeitura-divulga-selecionados-para-treinamento-sobre-edicao-de-videos-para-redes-sociais\/","og_site_name":"SEMTEPI","article_published_time":"2023-07-21T15:46:35+00:00","og_image":[{"width":799,"height":533,"url":"https:\/\/www.manaus.am.gov.br\/semtepi\/wp-content\/uploads\/sites\/20\/2023\/07\/51188947272_2f5697540f_c.jpg","type":"image\/jpeg"}],"author":"Adriana Costa","twitter_card":"summary_large_image","twitter_misc":{"Written by":"Adriana Costa","Est. reading time":"2 minutos"},"schema":{"@context":"https:\/\/schema.org","@graph":[{"@type":"Article","@id":"https:\/\/www.manaus.am.gov.br\/semtepi\/inovacao\/prefeitura-divulga-selecionados-para-treinamento-sobre-edicao-de-videos-para-redes-sociais\/#article","isPartOf":{"@id":"https:\/\/www.manaus.am.gov.br\/semtepi\/inovacao\/prefeitura-divulga-selecionados-para-treinamento-sobre-edicao-de-videos-para-redes-sociais\/"},"author":{"name":"Adriana Costa","@id":"https:\/\/www.manaus.am.gov.br\/semtepi\/#\/schema\/person\/4e49f4e267757a06ca072ec61b2b9968"},"headline":"Prefeitura divulga selecionados para treinamento sobre edi\u00e7\u00e3o de v\u00eddeos para redes sociais","datePublished":"2023-07-21T15:46:35+00:00","dateModified":"2023-07-21T15:46:35+00:00","mainEntityOfPage":{"@id":"https:\/\/www.manaus.am.gov.br\/semtepi\/inovacao\/prefeitura-divulga-selecionados-para-treinamento-sobre-edicao-de-videos-para-redes-sociais\/"},"wordCount":230,"publisher":{"@id":"https:\/\/www.manaus.am.gov.br\/semtepi\/#organization"},"image":{"@id":"https:\/\/www.manaus.am.gov.br\/semtepi\/inovacao\/prefeitura-divulga-selecionados-para-treinamento-sobre-edicao-de-videos-para-redes-sociais\/#primaryimage"},"thumbnailUrl":"https:\/\/www.manaus.am.gov.br\/semtepi\/wp-content\/uploads\/sites\/20\/2023\/07\/51188947272_2f5697540f_c.jpg","keywords":["edi\u00e7\u00e3o de v\u00eddeos","lista","prefeitura de manaus","redes sociais","selecionados","Semtepi"],"articleSection":["Inova\u00e7\u00e3o"],"inLanguage":"pt-BR"},{"@type":"WebPage","@id":"https:\/\/www.manaus.am.gov.br\/semtepi\/inovacao\/prefeitura-divulga-selecionados-para-treinamento-sobre-edicao-de-videos-para-redes-sociais\/","url":"https:\/\/www.manaus.am.gov.br\/semtepi\/inovacao\/prefeitura-divulga-selecionados-para-treinamento-sobre-edicao-de-videos-para-redes-sociais\/","name":"Prefeitura divulga selecionados para treinamento sobre edi\u00e7\u00e3o de v\u00eddeos para redes sociais","isPartOf":{"@id":"https:\/\/www.manaus.am.gov.br\/semtepi\/#website"},"primaryImageOfPage":{"@id":"https:\/\/www.manaus.am.gov.br\/semtepi\/inovacao\/prefeitura-divulga-selecionados-para-treinamento-sobre-edicao-de-videos-para-redes-sociais\/#primaryimage"},"image":{"@id":"https:\/\/www.manaus.am.gov.br\/semtepi\/inovacao\/prefeitura-divulga-selecionados-para-treinamento-sobre-edicao-de-videos-para-redes-sociais\/#primaryimage"},"thumbnailUrl":"https:\/\/www.manaus.am.gov.br\/semtepi\/wp-content\/uploads\/sites\/20\/2023\/07\/51188947272_2f5697540f_c.jpg","datePublished":"2023-07-21T15:46:35+00:00","dateModified":"2023-07-21T15:46:35+00:00","description":"A Prefeitura de Manaus, por meio da Secretaria Municipal do Trabalho, Empreendedorismo e Inova\u00e7\u00e3o (Semtepi), em parceria com a Hattori Tech, divulga, nesta sexta-feira, 21\/7, a lista completa de selecionados para a segunda edi\u00e7\u00e3o do treinamento \u201cCrie V\u00eddeos Incr\u00edveis para suas Redes Sociais: Edi\u00e7\u00e3o com qualidade com CapCut\u201d.","breadcrumb":{"@id":"https:\/\/www.manaus.am.gov.br\/semtepi\/inovacao\/prefeitura-divulga-selecionados-para-treinamento-sobre-edicao-de-videos-para-redes-sociais\/#breadcrumb"},"inLanguage":"pt-BR","potentialAction":[{"@type":"ReadAction","target":["https:\/\/www.manaus.am.gov.br\/semtepi\/inovacao\/prefeitura-divulga-selecionados-para-treinamento-sobre-edicao-de-videos-para-redes-sociais\/"]}]},{"@type":"ImageObject","inLanguage":"pt-BR","@id":"https:\/\/www.manaus.am.gov.br\/semtepi\/inovacao\/prefeitura-divulga-selecionados-para-treinamento-sobre-edicao-de-videos-para-redes-sociais\/#primaryimage","url":"https:\/\/www.manaus.am.gov.br\/semtepi\/wp-content\/uploads\/sites\/20\/2023\/07\/51188947272_2f5697540f_c.jpg","contentUrl":"https:\/\/www.manaus.am.gov.br\/semtepi\/wp-content\/uploads\/sites\/20\/2023\/07\/51188947272_2f5697540f_c.jpg","width":799,"height":533},{"@type":"BreadcrumbList","@id":"https:\/\/www.manaus.am.gov.br\/semtepi\/inovacao\/prefeitura-divulga-selecionados-para-treinamento-sobre-edicao-de-videos-para-redes-sociais\/#breadcrumb","itemListElement":[{"@type":"ListItem","position":1,"name":"Home","item":"https:\/\/www.manaus.am.gov.br\/semtepi\/"},{"@type":"ListItem","position":2,"name":"Prefeitura divulga selecionados para treinamento sobre edi\u00e7\u00e3o de v\u00eddeos para redes sociais"}]},{"@type":"WebSite","@id":"https:\/\/www.manaus.am.gov.br\/semtepi\/#website","url":"https:\/\/www.manaus.am.gov.br\/semtepi\/","name":"SEMTEPI","description":"Prefeitura de Manaus","publisher":{"@id":"https:\/\/www.manaus.am.gov.br\/semtepi\/#organization"},"alternateName":"Secretaria Municipal do Trabalho, Empreendedorismo e Inova\u00e7\u00e3o","potentialAction":[{"@type":"SearchAction","target":{"@type":"EntryPoint","urlTemplate":"https:\/\/www.manaus.am.gov.br\/semtepi\/?s={search_term_string}"},"query-input":"required name=search_term_string"}],"inLanguage":"pt-BR"},{"@type":"Organization","@id":"https:\/\/www.manaus.am.gov.br\/semtepi\/#organization","name":"Prefeitura Municipal de Manaus","alternateName":"Prefeitura de Manaus","url":"https:\/\/www.manaus.am.gov.br\/semtepi\/","logo":{"@type":"ImageObject","inLanguage":"pt-BR","@id":"https:\/\/www.manaus.am.gov.br\/semtepi\/#\/schema\/logo\/image\/","url":"https:\/\/www.manaus.am.gov.br\/semtepi\/wp-content\/uploads\/sites\/20\/2024\/07\/favicon.png","contentUrl":"https:\/\/www.manaus.am.gov.br\/semtepi\/wp-content\/uploads\/sites\/20\/2024\/07\/favicon.png","width":300,"height":300,"caption":"Prefeitura Municipal de Manaus"},"image":{"@id":"https:\/\/www.manaus.am.gov.br\/semtepi\/#\/schema\/logo\/image\/"}},{"@type":"Person","@id":"https:\/\/www.manaus.am.gov.br\/semtepi\/#\/schema\/person\/4e49f4e267757a06ca072ec61b2b9968","name":"Adriana Costa","image":{"@type":"ImageObject","inLanguage":"pt-BR","@id":"https:\/\/www.manaus.am.gov.br\/semtepi\/#\/schema\/person\/image\/","url":"https:\/\/secure.gravatar.com\/avatar\/576258617ef7194f718179e766d57bd4?s=96&d=mm&r=g","contentUrl":"https:\/\/secure.gravatar.com\/avatar\/576258617ef7194f718179e766d57bd4?s=96&d=mm&r=g","caption":"Adriana Costa"}}]}},"_links":{"self":[{"href":"https:\/\/www.manaus.am.gov.br\/semtepi\/wp-json\/wp\/v2\/posts\/2328"}],"collection":[{"href":"https:\/\/www.manaus.am.gov.br\/semtepi\/wp-json\/wp\/v2\/posts"}],"about":[{"href":"https:\/\/www.manaus.am.gov.br\/semtepi\/wp-json\/wp\/v2\/types\/post"}],"author":[{"embeddable":true,"href":"https:\/\/www.manaus.am.gov.br\/semtepi\/wp-json\/wp\/v2\/users\/23"}],"replies":[{"embeddable":true,"href":"https:\/\/www.manaus.am.gov.br\/semtepi\/wp-json\/wp\/v2\/comments?post=2328"}],"version-history":[{"count":1,"href":"https:\/\/www.manaus.am.gov.br\/semtepi\/wp-json\/wp\/v2\/posts\/2328\/revisions"}],"predecessor-version":[{"id":2331,"href":"https:\/\/www.manaus.am.gov.br\/semtepi\/wp-json\/wp\/v2\/posts\/2328\/revisions\/2331"}],"wp:featuredmedia":[{"embeddable":true,"href":"https:\/\/www.manaus.am.gov.br\/semtepi\/wp-json\/wp\/v2\/media\/2329"}],"wp:attachment":[{"href":"https:\/\/www.manaus.am.gov.br\/semtepi\/wp-json\/wp\/v2\/media?parent=2328"}],"wp:term":[{"taxonomy":"category","embeddable":true,"href":"https:\/\/www.manaus.am.gov.br\/semtepi\/wp-json\/wp\/v2\/categories?post=2328"},{"taxonomy":"post_tag","embeddable":true,"href":"https:\/\/www.manaus.am.gov.br\/semtepi\/wp-json\/wp\/v2\/tags?post=2328"}],"curies":[{"name":"wp","href":"https:\/\/api.w.org\/{rel}","templated":true}]}}