{"id":2323,"date":"2023-07-21T11:19:25","date_gmt":"2023-07-21T15:19:25","guid":{"rendered":"https:\/\/www.manaus.am.gov.br\/semtepi\/sem-categoria\/prefeitura-de-manaus-divulga-empresas-selecionadas-para-ocupacao-do-dimicro\/"},"modified":"2023-07-21T11:21:45","modified_gmt":"2023-07-21T15:21:45","slug":"prefeitura-de-manaus-divulga-empresas-selecionadas-para-ocupacao-do-dimicro","status":"publish","type":"post","link":"https:\/\/www.manaus.am.gov.br\/semtepi\/empreendedorismo\/prefeitura-de-manaus-divulga-empresas-selecionadas-para-ocupacao-do-dimicro\/","title":{"rendered":"<strong>Prefeitura de Manaus divulga empresas selecionadas para ocupa\u00e7\u00e3o do Dimicro<\/strong>"},"content":{"rendered":"\n<p>A Prefeitura de Manaus, por meio da Secretaria Municipal do Trabalho, Empreendedorismo e Inova\u00e7\u00e3o (Semtepi), divulgou o resultado definitivo de sele\u00e7\u00e3o de micro e pequenas empresas, para ocupa\u00e7\u00e3o dos galp\u00f5es do Distrito de Micro e Pequenas Empresas de Manaus (Dimicro), localizado na rua Pr\u00edmula, no Distrito Industrial 2, zona Leste da capital. A publica\u00e7\u00e3o consta no\u00a0<a href=\"http:\/\/dom.manaus.am.gov.br\/pdf\/2023\/julho\/DOM%205632%2020.07.2023%20CAD%201.pdf\" target=\"_blank\" rel=\"noreferrer noopener\">Di\u00e1rio Oficial do Munic\u00edpio (DOM) de n\u00ba 5.632, de 20 de julho de 2023<\/a>.<\/p>\n\n\n\n<p>Os galp\u00f5es do Dimicro ser\u00e3o exclusivamente destinados \u00e0 instala\u00e7\u00e3o de microempresas e empresas de pequeno porte, fornecedoras de equipamentos para o Polo Industrial de Manaus (PIM). A concess\u00e3o ser\u00e1 pelo per\u00edodo de 36 meses, com possibilidade de prorroga\u00e7\u00e3o \u00fanica.<\/p>\n\n\n\n<p>Ao total, a incubadora de empresas abriga 28 galp\u00f5es, sendo dez com \u00e1rea de 235,73 metros quadrados, nove com \u00e1rea de 212,13 metros quadrados e nove com \u00e1rea de 94,78 metros quadrados. O espa\u00e7o ainda conta com diversas \u00e1reas comuns, como refeit\u00f3rio, sala de qualifica\u00e7\u00e3o e descompress\u00e3o, audit\u00f3rio, vesti\u00e1rios e estacionamento.<\/p>\n\n\n\n<p>A Comiss\u00e3o T\u00e9cnica de Sele\u00e7\u00e3o do Dimicro homologou o resultado definitivo do certame ap\u00f3s o t\u00e9rmino do prazo para interposi\u00e7\u00e3o de recursos, uma vez que n\u00e3o foram apresentadas quaisquer contesta\u00e7\u00f5es.<\/p>\n\n\n\n<p>\u201cDurante todo o processo, mantivemos nosso compromisso com a transpar\u00eancia e a imparcialidade, garantindo que todos os participantes fossem tratados de forma justa. Estamos entusiasmados em oferecer o suporte necess\u00e1rio para o sucesso desses empreendimentos, confiantes no potencial empreendedor e no impacto positivo que eles trar\u00e3o para nossa comunidade\u201d, destacou o titular da Semtepi, Radyr J\u00fanior.<\/p>\n\n\n\n<p>Dentre os segmentos selecionados, encontram-se ind\u00fastrias dos ramos de ferramentaria, estrutura met\u00e1lica, estamparia met\u00e1lica, biocosm\u00e9ticos, aliment\u00edcio, inje\u00e7\u00e3o pl\u00e1stica, equipamentos industriais, artigos naturais, tecnologia ambiental, transporte, equipamentos hospitalares, entre outros.<\/p>\n\n\n\n<p>Os classificados t\u00eam at\u00e9 o dia 30 de julho para entregar o Plano de Trabalho Definitivo, para a celebra\u00e7\u00e3o do contrato de concess\u00e3o de direito real de uso, na sede da Semtepi, localizada na rua Rio Jamary, n\u00ba 77, conjunto Vieiralves, bairro Nossa Senhora das Gra\u00e7as, zona Centro-Sul, das 8h \u00e0s 14h.<\/p>\n\n\n\n<div data-wp-interactive=\"\" class=\"wp-block-file\"><object data-wp-bind--hidden=\"!selectors.core.file.hasPdfPreview\" hidden class=\"wp-block-file__embed\" data=\"https:\/\/www.manaus.am.gov.br\/semtepi\/wp-content\/uploads\/sites\/20\/2023\/07\/DOM-5632.pdf\" type=\"application\/pdf\" style=\"width:100%;height:600px\" aria-label=\"Incorporado de DOM 5632.\"><\/object><a id=\"wp-block-file--media-17f08fa8-d185-4310-8eca-5b24cd1322ad\" href=\"https:\/\/www.manaus.am.gov.br\/semtepi\/wp-content\/uploads\/sites\/20\/2023\/07\/DOM-5632.pdf\">DOM 5632<\/a><a href=\"https:\/\/www.manaus.am.gov.br\/semtepi\/wp-content\/uploads\/sites\/20\/2023\/07\/DOM-5632.pdf\" class=\"wp-block-file__button wp-element-button\" download aria-describedby=\"wp-block-file--media-17f08fa8-d185-4310-8eca-5b24cd1322ad\">Baixar<\/a><\/div>\n\n\n\n<p>&#8212; &#8212; &#8212;<\/p>\n\n\n\n<p><strong>Texto \u2013&nbsp;<\/strong>Divulga\u00e7\u00e3o \/ Semtepi<\/p>\n\n\n\n<p><strong>Fotos \u2013&nbsp;<\/strong>Jo\u00e3o Viana\/Semcom<\/p>\n\n\n\n<p><strong>Dispon\u00edveis em &#8211;&nbsp;<\/strong><a href=\"https:\/\/flic.kr\/s\/aHBqjAHWdK\" target=\"_blank\" rel=\"noreferrer noopener\">https:\/\/flic.kr\/s\/aHBqjAHWdK<\/a><\/p>\n","protected":false},"excerpt":{"rendered":"","protected":false},"author":23,"featured_media":2324,"comment_status":"closed","ping_status":"closed","sticky":false,"template":"","format":"standard","meta":{"footnotes":""},"categories":[47],"tags":[161,349,387,8,9],"acf":[],"yoast_head":"<!-- This site is optimized with the Yoast SEO plugin v23.0 - https:\/\/yoast.com\/wordpress\/plugins\/seo\/ -->\n<title>Prefeitura de Manaus divulga empresas selecionadas para ocupa\u00e7\u00e3o do Dimicro<\/title>\n<meta name=\"description\" content=\"A Prefeitura de Manaus, por meio da Secretaria Municipal do Trabalho, Empreendedorismo e Inova\u00e7\u00e3o (Semtepi), divulgou o resultado definitivo de sele\u00e7\u00e3o de micro e pequenas empresas, para ocupa\u00e7\u00e3o dos galp\u00f5es do Distrito de Micro e Pequenas Empresas de Manaus (Dimicro), localizado na rua Pr\u00edmula, no Distrito Industrial 2, zona Leste da capital. A publica\u00e7\u00e3o consta no Di\u00e1rio Oficial do Munic\u00edpio (DOM) de n\u00ba 5.632, de 20 de julho de 2023.\" \/>\n<meta name=\"robots\" content=\"noindex, follow\" \/>\n<meta property=\"og:locale\" content=\"pt_BR\" \/>\n<meta property=\"og:type\" content=\"article\" \/>\n<meta property=\"og:title\" content=\"Prefeitura de Manaus divulga empresas selecionadas para ocupa\u00e7\u00e3o do Dimicro\" \/>\n<meta property=\"og:description\" content=\"A Prefeitura de Manaus, por meio da Secretaria Municipal do Trabalho, Empreendedorismo e Inova\u00e7\u00e3o (Semtepi), divulgou o resultado definitivo de sele\u00e7\u00e3o de micro e pequenas empresas, para ocupa\u00e7\u00e3o dos galp\u00f5es do Distrito de Micro e Pequenas Empresas de Manaus (Dimicro), localizado na rua Pr\u00edmula, no Distrito Industrial 2, zona Leste da capital. A publica\u00e7\u00e3o consta no Di\u00e1rio Oficial do Munic\u00edpio (DOM) de n\u00ba 5.632, de 20 de julho de 2023.\" \/>\n<meta property=\"og:url\" content=\"https:\/\/www.manaus.am.gov.br\/semtepi\/empreendedorismo\/prefeitura-de-manaus-divulga-empresas-selecionadas-para-ocupacao-do-dimicro\/\" \/>\n<meta property=\"og:site_name\" content=\"SEMTEPI\" \/>\n<meta property=\"article:published_time\" content=\"2023-07-21T15:19:25+00:00\" \/>\n<meta property=\"article:modified_time\" content=\"2023-07-21T15:21:45+00:00\" \/>\n<meta property=\"og:image\" content=\"https:\/\/www.manaus.am.gov.br\/semtepi\/wp-content\/uploads\/sites\/20\/2023\/07\/52977668783_77b30dab2d_c.jpg\" \/>\n\t<meta property=\"og:image:width\" content=\"799\" \/>\n\t<meta property=\"og:image:height\" content=\"533\" \/>\n\t<meta property=\"og:image:type\" content=\"image\/jpeg\" \/>\n<meta name=\"author\" content=\"Adriana Costa\" \/>\n<meta name=\"twitter:card\" content=\"summary_large_image\" \/>\n<meta name=\"twitter:label1\" content=\"Written by\" \/>\n\t<meta name=\"twitter:data1\" content=\"Adriana Costa\" \/>\n\t<meta name=\"twitter:label2\" content=\"Est. reading time\" \/>\n\t<meta name=\"twitter:data2\" content=\"2 minutos\" \/>\n<script type=\"application\/ld+json\" class=\"yoast-schema-graph\">{\"@context\":\"https:\/\/schema.org\",\"@graph\":[{\"@type\":\"Article\",\"@id\":\"https:\/\/www.manaus.am.gov.br\/semtepi\/empreendedorismo\/prefeitura-de-manaus-divulga-empresas-selecionadas-para-ocupacao-do-dimicro\/#article\",\"isPartOf\":{\"@id\":\"https:\/\/www.manaus.am.gov.br\/semtepi\/empreendedorismo\/prefeitura-de-manaus-divulga-empresas-selecionadas-para-ocupacao-do-dimicro\/\"},\"author\":{\"name\":\"Adriana Costa\",\"@id\":\"https:\/\/www.manaus.am.gov.br\/semtepi\/#\/schema\/person\/4e49f4e267757a06ca072ec61b2b9968\"},\"headline\":\"Prefeitura de Manaus divulga empresas selecionadas para ocupa\u00e7\u00e3o do Dimicro\",\"datePublished\":\"2023-07-21T15:19:25+00:00\",\"dateModified\":\"2023-07-21T15:21:45+00:00\",\"mainEntityOfPage\":{\"@id\":\"https:\/\/www.manaus.am.gov.br\/semtepi\/empreendedorismo\/prefeitura-de-manaus-divulga-empresas-selecionadas-para-ocupacao-do-dimicro\/\"},\"wordCount\":396,\"publisher\":{\"@id\":\"https:\/\/www.manaus.am.gov.br\/semtepi\/#organization\"},\"image\":{\"@id\":\"https:\/\/www.manaus.am.gov.br\/semtepi\/empreendedorismo\/prefeitura-de-manaus-divulga-empresas-selecionadas-para-ocupacao-do-dimicro\/#primaryimage\"},\"thumbnailUrl\":\"https:\/\/www.manaus.am.gov.br\/semtepi\/wp-content\/uploads\/sites\/20\/2023\/07\/52977668783_77b30dab2d_c.jpg\",\"keywords\":[\"Dimicro\",\"DOM\",\"empresas selecionadas\",\"prefeitura de manaus\",\"Semtepi\"],\"articleSection\":[\"Empreendedorismo\"],\"inLanguage\":\"pt-BR\"},{\"@type\":\"WebPage\",\"@id\":\"https:\/\/www.manaus.am.gov.br\/semtepi\/empreendedorismo\/prefeitura-de-manaus-divulga-empresas-selecionadas-para-ocupacao-do-dimicro\/\",\"url\":\"https:\/\/www.manaus.am.gov.br\/semtepi\/empreendedorismo\/prefeitura-de-manaus-divulga-empresas-selecionadas-para-ocupacao-do-dimicro\/\",\"name\":\"Prefeitura de Manaus divulga empresas selecionadas para ocupa\u00e7\u00e3o do Dimicro\",\"isPartOf\":{\"@id\":\"https:\/\/www.manaus.am.gov.br\/semtepi\/#website\"},\"primaryImageOfPage\":{\"@id\":\"https:\/\/www.manaus.am.gov.br\/semtepi\/empreendedorismo\/prefeitura-de-manaus-divulga-empresas-selecionadas-para-ocupacao-do-dimicro\/#primaryimage\"},\"image\":{\"@id\":\"https:\/\/www.manaus.am.gov.br\/semtepi\/empreendedorismo\/prefeitura-de-manaus-divulga-empresas-selecionadas-para-ocupacao-do-dimicro\/#primaryimage\"},\"thumbnailUrl\":\"https:\/\/www.manaus.am.gov.br\/semtepi\/wp-content\/uploads\/sites\/20\/2023\/07\/52977668783_77b30dab2d_c.jpg\",\"datePublished\":\"2023-07-21T15:19:25+00:00\",\"dateModified\":\"2023-07-21T15:21:45+00:00\",\"description\":\"A Prefeitura de Manaus, por meio da Secretaria Municipal do Trabalho, Empreendedorismo e Inova\u00e7\u00e3o (Semtepi), divulgou o resultado definitivo de sele\u00e7\u00e3o de micro e pequenas empresas, para ocupa\u00e7\u00e3o dos galp\u00f5es do Distrito de Micro e Pequenas Empresas de Manaus (Dimicro), localizado na rua Pr\u00edmula, no Distrito Industrial 2, zona Leste da capital. A publica\u00e7\u00e3o consta no Di\u00e1rio Oficial do Munic\u00edpio (DOM) de n\u00ba 5.632, de 20 de julho de 2023.\",\"breadcrumb\":{\"@id\":\"https:\/\/www.manaus.am.gov.br\/semtepi\/empreendedorismo\/prefeitura-de-manaus-divulga-empresas-selecionadas-para-ocupacao-do-dimicro\/#breadcrumb\"},\"inLanguage\":\"pt-BR\",\"potentialAction\":[{\"@type\":\"ReadAction\",\"target\":[\"https:\/\/www.manaus.am.gov.br\/semtepi\/empreendedorismo\/prefeitura-de-manaus-divulga-empresas-selecionadas-para-ocupacao-do-dimicro\/\"]}]},{\"@type\":\"ImageObject\",\"inLanguage\":\"pt-BR\",\"@id\":\"https:\/\/www.manaus.am.gov.br\/semtepi\/empreendedorismo\/prefeitura-de-manaus-divulga-empresas-selecionadas-para-ocupacao-do-dimicro\/#primaryimage\",\"url\":\"https:\/\/www.manaus.am.gov.br\/semtepi\/wp-content\/uploads\/sites\/20\/2023\/07\/52977668783_77b30dab2d_c.jpg\",\"contentUrl\":\"https:\/\/www.manaus.am.gov.br\/semtepi\/wp-content\/uploads\/sites\/20\/2023\/07\/52977668783_77b30dab2d_c.jpg\",\"width\":799,\"height\":533},{\"@type\":\"BreadcrumbList\",\"@id\":\"https:\/\/www.manaus.am.gov.br\/semtepi\/empreendedorismo\/prefeitura-de-manaus-divulga-empresas-selecionadas-para-ocupacao-do-dimicro\/#breadcrumb\",\"itemListElement\":[{\"@type\":\"ListItem\",\"position\":1,\"name\":\"Home\",\"item\":\"https:\/\/www.manaus.am.gov.br\/semtepi\/\"},{\"@type\":\"ListItem\",\"position\":2,\"name\":\"Prefeitura de Manaus divulga empresas selecionadas para ocupa\u00e7\u00e3o do Dimicro\"}]},{\"@type\":\"WebSite\",\"@id\":\"https:\/\/www.manaus.am.gov.br\/semtepi\/#website\",\"url\":\"https:\/\/www.manaus.am.gov.br\/semtepi\/\",\"name\":\"SEMTEPI\",\"description\":\"Prefeitura de Manaus\",\"publisher\":{\"@id\":\"https:\/\/www.manaus.am.gov.br\/semtepi\/#organization\"},\"alternateName\":\"Secretaria Municipal do Trabalho, Empreendedorismo e Inova\u00e7\u00e3o\",\"potentialAction\":[{\"@type\":\"SearchAction\",\"target\":{\"@type\":\"EntryPoint\",\"urlTemplate\":\"https:\/\/www.manaus.am.gov.br\/semtepi\/?s={search_term_string}\"},\"query-input\":\"required name=search_term_string\"}],\"inLanguage\":\"pt-BR\"},{\"@type\":\"Organization\",\"@id\":\"https:\/\/www.manaus.am.gov.br\/semtepi\/#organization\",\"name\":\"Prefeitura Municipal de Manaus\",\"alternateName\":\"Prefeitura de Manaus\",\"url\":\"https:\/\/www.manaus.am.gov.br\/semtepi\/\",\"logo\":{\"@type\":\"ImageObject\",\"inLanguage\":\"pt-BR\",\"@id\":\"https:\/\/www.manaus.am.gov.br\/semtepi\/#\/schema\/logo\/image\/\",\"url\":\"https:\/\/www.manaus.am.gov.br\/semtepi\/wp-content\/uploads\/sites\/20\/2024\/07\/favicon.png\",\"contentUrl\":\"https:\/\/www.manaus.am.gov.br\/semtepi\/wp-content\/uploads\/sites\/20\/2024\/07\/favicon.png\",\"width\":300,\"height\":300,\"caption\":\"Prefeitura Municipal de Manaus\"},\"image\":{\"@id\":\"https:\/\/www.manaus.am.gov.br\/semtepi\/#\/schema\/logo\/image\/\"}},{\"@type\":\"Person\",\"@id\":\"https:\/\/www.manaus.am.gov.br\/semtepi\/#\/schema\/person\/4e49f4e267757a06ca072ec61b2b9968\",\"name\":\"Adriana Costa\",\"image\":{\"@type\":\"ImageObject\",\"inLanguage\":\"pt-BR\",\"@id\":\"https:\/\/www.manaus.am.gov.br\/semtepi\/#\/schema\/person\/image\/\",\"url\":\"https:\/\/secure.gravatar.com\/avatar\/576258617ef7194f718179e766d57bd4?s=96&d=mm&r=g\",\"contentUrl\":\"https:\/\/secure.gravatar.com\/avatar\/576258617ef7194f718179e766d57bd4?s=96&d=mm&r=g\",\"caption\":\"Adriana Costa\"}}]}<\/script>\n<!-- \/ Yoast SEO plugin. -->","yoast_head_json":{"title":"Prefeitura de Manaus divulga empresas selecionadas para ocupa\u00e7\u00e3o do Dimicro","description":"A Prefeitura de Manaus, por meio da Secretaria Municipal do Trabalho, Empreendedorismo e Inova\u00e7\u00e3o (Semtepi), divulgou o resultado definitivo de sele\u00e7\u00e3o de micro e pequenas empresas, para ocupa\u00e7\u00e3o dos galp\u00f5es do Distrito de Micro e Pequenas Empresas de Manaus (Dimicro), localizado na rua Pr\u00edmula, no Distrito Industrial 2, zona Leste da capital. A publica\u00e7\u00e3o consta no Di\u00e1rio Oficial do Munic\u00edpio (DOM) de n\u00ba 5.632, de 20 de julho de 2023.","robots":{"index":"noindex","follow":"follow"},"og_locale":"pt_BR","og_type":"article","og_title":"Prefeitura de Manaus divulga empresas selecionadas para ocupa\u00e7\u00e3o do Dimicro","og_description":"A Prefeitura de Manaus, por meio da Secretaria Municipal do Trabalho, Empreendedorismo e Inova\u00e7\u00e3o (Semtepi), divulgou o resultado definitivo de sele\u00e7\u00e3o de micro e pequenas empresas, para ocupa\u00e7\u00e3o dos galp\u00f5es do Distrito de Micro e Pequenas Empresas de Manaus (Dimicro), localizado na rua Pr\u00edmula, no Distrito Industrial 2, zona Leste da capital. A publica\u00e7\u00e3o consta no Di\u00e1rio Oficial do Munic\u00edpio (DOM) de n\u00ba 5.632, de 20 de julho de 2023.","og_url":"https:\/\/www.manaus.am.gov.br\/semtepi\/empreendedorismo\/prefeitura-de-manaus-divulga-empresas-selecionadas-para-ocupacao-do-dimicro\/","og_site_name":"SEMTEPI","article_published_time":"2023-07-21T15:19:25+00:00","article_modified_time":"2023-07-21T15:21:45+00:00","og_image":[{"width":799,"height":533,"url":"https:\/\/www.manaus.am.gov.br\/semtepi\/wp-content\/uploads\/sites\/20\/2023\/07\/52977668783_77b30dab2d_c.jpg","type":"image\/jpeg"}],"author":"Adriana Costa","twitter_card":"summary_large_image","twitter_misc":{"Written by":"Adriana Costa","Est. reading time":"2 minutos"},"schema":{"@context":"https:\/\/schema.org","@graph":[{"@type":"Article","@id":"https:\/\/www.manaus.am.gov.br\/semtepi\/empreendedorismo\/prefeitura-de-manaus-divulga-empresas-selecionadas-para-ocupacao-do-dimicro\/#article","isPartOf":{"@id":"https:\/\/www.manaus.am.gov.br\/semtepi\/empreendedorismo\/prefeitura-de-manaus-divulga-empresas-selecionadas-para-ocupacao-do-dimicro\/"},"author":{"name":"Adriana Costa","@id":"https:\/\/www.manaus.am.gov.br\/semtepi\/#\/schema\/person\/4e49f4e267757a06ca072ec61b2b9968"},"headline":"Prefeitura de Manaus divulga empresas selecionadas para ocupa\u00e7\u00e3o do Dimicro","datePublished":"2023-07-21T15:19:25+00:00","dateModified":"2023-07-21T15:21:45+00:00","mainEntityOfPage":{"@id":"https:\/\/www.manaus.am.gov.br\/semtepi\/empreendedorismo\/prefeitura-de-manaus-divulga-empresas-selecionadas-para-ocupacao-do-dimicro\/"},"wordCount":396,"publisher":{"@id":"https:\/\/www.manaus.am.gov.br\/semtepi\/#organization"},"image":{"@id":"https:\/\/www.manaus.am.gov.br\/semtepi\/empreendedorismo\/prefeitura-de-manaus-divulga-empresas-selecionadas-para-ocupacao-do-dimicro\/#primaryimage"},"thumbnailUrl":"https:\/\/www.manaus.am.gov.br\/semtepi\/wp-content\/uploads\/sites\/20\/2023\/07\/52977668783_77b30dab2d_c.jpg","keywords":["Dimicro","DOM","empresas selecionadas","prefeitura de manaus","Semtepi"],"articleSection":["Empreendedorismo"],"inLanguage":"pt-BR"},{"@type":"WebPage","@id":"https:\/\/www.manaus.am.gov.br\/semtepi\/empreendedorismo\/prefeitura-de-manaus-divulga-empresas-selecionadas-para-ocupacao-do-dimicro\/","url":"https:\/\/www.manaus.am.gov.br\/semtepi\/empreendedorismo\/prefeitura-de-manaus-divulga-empresas-selecionadas-para-ocupacao-do-dimicro\/","name":"Prefeitura de Manaus divulga empresas selecionadas para ocupa\u00e7\u00e3o do Dimicro","isPartOf":{"@id":"https:\/\/www.manaus.am.gov.br\/semtepi\/#website"},"primaryImageOfPage":{"@id":"https:\/\/www.manaus.am.gov.br\/semtepi\/empreendedorismo\/prefeitura-de-manaus-divulga-empresas-selecionadas-para-ocupacao-do-dimicro\/#primaryimage"},"image":{"@id":"https:\/\/www.manaus.am.gov.br\/semtepi\/empreendedorismo\/prefeitura-de-manaus-divulga-empresas-selecionadas-para-ocupacao-do-dimicro\/#primaryimage"},"thumbnailUrl":"https:\/\/www.manaus.am.gov.br\/semtepi\/wp-content\/uploads\/sites\/20\/2023\/07\/52977668783_77b30dab2d_c.jpg","datePublished":"2023-07-21T15:19:25+00:00","dateModified":"2023-07-21T15:21:45+00:00","description":"A Prefeitura de Manaus, por meio da Secretaria Municipal do Trabalho, Empreendedorismo e Inova\u00e7\u00e3o (Semtepi), divulgou o resultado definitivo de sele\u00e7\u00e3o de micro e pequenas empresas, para ocupa\u00e7\u00e3o dos galp\u00f5es do Distrito de Micro e Pequenas Empresas de Manaus (Dimicro), localizado na rua Pr\u00edmula, no Distrito Industrial 2, zona Leste da capital. A publica\u00e7\u00e3o consta no Di\u00e1rio Oficial do Munic\u00edpio (DOM) de n\u00ba 5.632, de 20 de julho de 2023.","breadcrumb":{"@id":"https:\/\/www.manaus.am.gov.br\/semtepi\/empreendedorismo\/prefeitura-de-manaus-divulga-empresas-selecionadas-para-ocupacao-do-dimicro\/#breadcrumb"},"inLanguage":"pt-BR","potentialAction":[{"@type":"ReadAction","target":["https:\/\/www.manaus.am.gov.br\/semtepi\/empreendedorismo\/prefeitura-de-manaus-divulga-empresas-selecionadas-para-ocupacao-do-dimicro\/"]}]},{"@type":"ImageObject","inLanguage":"pt-BR","@id":"https:\/\/www.manaus.am.gov.br\/semtepi\/empreendedorismo\/prefeitura-de-manaus-divulga-empresas-selecionadas-para-ocupacao-do-dimicro\/#primaryimage","url":"https:\/\/www.manaus.am.gov.br\/semtepi\/wp-content\/uploads\/sites\/20\/2023\/07\/52977668783_77b30dab2d_c.jpg","contentUrl":"https:\/\/www.manaus.am.gov.br\/semtepi\/wp-content\/uploads\/sites\/20\/2023\/07\/52977668783_77b30dab2d_c.jpg","width":799,"height":533},{"@type":"BreadcrumbList","@id":"https:\/\/www.manaus.am.gov.br\/semtepi\/empreendedorismo\/prefeitura-de-manaus-divulga-empresas-selecionadas-para-ocupacao-do-dimicro\/#breadcrumb","itemListElement":[{"@type":"ListItem","position":1,"name":"Home","item":"https:\/\/www.manaus.am.gov.br\/semtepi\/"},{"@type":"ListItem","position":2,"name":"Prefeitura de Manaus divulga empresas selecionadas para ocupa\u00e7\u00e3o do Dimicro"}]},{"@type":"WebSite","@id":"https:\/\/www.manaus.am.gov.br\/semtepi\/#website","url":"https:\/\/www.manaus.am.gov.br\/semtepi\/","name":"SEMTEPI","description":"Prefeitura de Manaus","publisher":{"@id":"https:\/\/www.manaus.am.gov.br\/semtepi\/#organization"},"alternateName":"Secretaria Municipal do Trabalho, Empreendedorismo e Inova\u00e7\u00e3o","potentialAction":[{"@type":"SearchAction","target":{"@type":"EntryPoint","urlTemplate":"https:\/\/www.manaus.am.gov.br\/semtepi\/?s={search_term_string}"},"query-input":"required name=search_term_string"}],"inLanguage":"pt-BR"},{"@type":"Organization","@id":"https:\/\/www.manaus.am.gov.br\/semtepi\/#organization","name":"Prefeitura Municipal de Manaus","alternateName":"Prefeitura de Manaus","url":"https:\/\/www.manaus.am.gov.br\/semtepi\/","logo":{"@type":"ImageObject","inLanguage":"pt-BR","@id":"https:\/\/www.manaus.am.gov.br\/semtepi\/#\/schema\/logo\/image\/","url":"https:\/\/www.manaus.am.gov.br\/semtepi\/wp-content\/uploads\/sites\/20\/2024\/07\/favicon.png","contentUrl":"https:\/\/www.manaus.am.gov.br\/semtepi\/wp-content\/uploads\/sites\/20\/2024\/07\/favicon.png","width":300,"height":300,"caption":"Prefeitura Municipal de Manaus"},"image":{"@id":"https:\/\/www.manaus.am.gov.br\/semtepi\/#\/schema\/logo\/image\/"}},{"@type":"Person","@id":"https:\/\/www.manaus.am.gov.br\/semtepi\/#\/schema\/person\/4e49f4e267757a06ca072ec61b2b9968","name":"Adriana Costa","image":{"@type":"ImageObject","inLanguage":"pt-BR","@id":"https:\/\/www.manaus.am.gov.br\/semtepi\/#\/schema\/person\/image\/","url":"https:\/\/secure.gravatar.com\/avatar\/576258617ef7194f718179e766d57bd4?s=96&d=mm&r=g","contentUrl":"https:\/\/secure.gravatar.com\/avatar\/576258617ef7194f718179e766d57bd4?s=96&d=mm&r=g","caption":"Adriana Costa"}}]}},"_links":{"self":[{"href":"https:\/\/www.manaus.am.gov.br\/semtepi\/wp-json\/wp\/v2\/posts\/2323"}],"collection":[{"href":"https:\/\/www.manaus.am.gov.br\/semtepi\/wp-json\/wp\/v2\/posts"}],"about":[{"href":"https:\/\/www.manaus.am.gov.br\/semtepi\/wp-json\/wp\/v2\/types\/post"}],"author":[{"embeddable":true,"href":"https:\/\/www.manaus.am.gov.br\/semtepi\/wp-json\/wp\/v2\/users\/23"}],"replies":[{"embeddable":true,"href":"https:\/\/www.manaus.am.gov.br\/semtepi\/wp-json\/wp\/v2\/comments?post=2323"}],"version-history":[{"count":2,"href":"https:\/\/www.manaus.am.gov.br\/semtepi\/wp-json\/wp\/v2\/posts\/2323\/revisions"}],"predecessor-version":[{"id":2327,"href":"https:\/\/www.manaus.am.gov.br\/semtepi\/wp-json\/wp\/v2\/posts\/2323\/revisions\/2327"}],"wp:featuredmedia":[{"embeddable":true,"href":"https:\/\/www.manaus.am.gov.br\/semtepi\/wp-json\/wp\/v2\/media\/2324"}],"wp:attachment":[{"href":"https:\/\/www.manaus.am.gov.br\/semtepi\/wp-json\/wp\/v2\/media?parent=2323"}],"wp:term":[{"taxonomy":"category","embeddable":true,"href":"https:\/\/www.manaus.am.gov.br\/semtepi\/wp-json\/wp\/v2\/categories?post=2323"},{"taxonomy":"post_tag","embeddable":true,"href":"https:\/\/www.manaus.am.gov.br\/semtepi\/wp-json\/wp\/v2\/tags?post=2323"}],"curies":[{"name":"wp","href":"https:\/\/api.w.org\/{rel}","templated":true}]}}